{"id":3308,"date":"2024-01-05T09:54:05","date_gmt":"2024-01-05T14:54:05","guid":{"rendered":"https:\/\/tuguia.combarranquilla.co\/Revista\/?p=3308"},"modified":"2024-01-18T14:35:32","modified_gmt":"2024-01-18T19:35:32","slug":"descubre-la-programacion-del-planetario-durante-el-mes-de-enero","status":"publish","type":"post","link":"https:\/\/tuguia.combarranquilla.co\/Revista\/descubre-la-programacion-del-planetario-durante-el-mes-de-enero\/","title":{"rendered":"Descubre la programaci\u00f3n del Planetario durante el mes de enero"},"content":{"rendered":"\n<p class=\"has-medium-font-size\">Descubre los emocionantes cursos que tenemos disponibles para ti. An\u00edmate a explorar el cosmos con nosotros y deja que la magia del espacio te envuelva.<\/p>\n\n\n\n<p class=\"has-medium-font-size\"><strong>Astronom\u00eda Recreativa para ni\u00f1os<\/strong><\/p>\n\n\n\n<figure class=\"wp-block-image size-large is-resized\"><img decoding=\"async\" width=\"819\" height=\"1024\" data-src=\"https:\/\/tuguia.combarranquilla.co\/Revista\/wp-content\/uploads\/2024\/01\/arpn-1-819x1024.jpg\" alt=\"\" class=\"wp-image-3313 lazyload\" style=\"--smush-placeholder-width: 819px; --smush-placeholder-aspect-ratio: 819\/1024;width:470px;height:auto\" data-srcset=\"https:\/\/tuguia.combarranquilla.co\/Revista\/wp-content\/uploads\/2024\/01\/arpn-1-819x1024.jpg 819w, https:\/\/tuguia.combarranquilla.co\/Revista\/wp-content\/uploads\/2024\/01\/arpn-1-240x300.jpg 240w, https:\/\/tuguia.combarranquilla.co\/Revista\/wp-content\/uploads\/2024\/01\/arpn-1-768x960.jpg 768w, https:\/\/tuguia.combarranquilla.co\/Revista\/wp-content\/uploads\/2024\/01\/arpn-1-1229x1536.jpg 1229w, https:\/\/tuguia.combarranquilla.co\/Revista\/wp-content\/uploads\/2024\/01\/arpn-1-1638x2048.jpg 1638w, https:\/\/tuguia.combarranquilla.co\/Revista\/wp-content\/uploads\/2024\/01\/arpn-1-scaled.jpg 2048w\" data-sizes=\"(max-width: 819px) 100vw, 819px\" src=\"data:image\/svg+xml;base64,PHN2ZyB3aWR0aD0iMSIgaGVpZ2h0PSIxIiB4bWxucz0iaHR0cDovL3d3dy53My5vcmcvMjAwMC9zdmciPjwvc3ZnPg==\" \/><\/figure>\n\n\n\n<p class=\"has-medium-font-size\">V\u00e1lido para ni\u00f1os de<strong> 7 a 12<\/strong> a\u00f1os<strong> &nbsp;<\/strong><\/p>\n\n\n\n<p class=\"has-medium-font-size\">S\u00e1bado, <strong>20<\/strong> de Enero<\/p>\n\n\n\n<p class=\"has-medium-font-size\">De 3:00 p.m. a 4:30 p.m.<\/p>\n\n\n\n<p class=\"has-medium-font-size\">Sala de cine, Unidad Boston<\/p>\n\n\n\n<p class=\"has-medium-font-size\"><strong>Incluye:<\/strong><\/p>\n\n\n\n<ul class=\"wp-block-list\">\n<li class=\"has-medium-font-size\">Show de planetario<\/li>\n\n\n\n<li class=\"has-medium-font-size\">Actividad dirigida<\/li>\n\n\n\n<li class=\"has-medium-font-size\">Taller did\u00e1ctico<\/li>\n<\/ul>\n\n\n\n<figure class=\"wp-block-table\"><table><tbody><tr><td><strong>CAT. A<\/strong><\/td><td><strong>CAT. B<\/strong><\/td><td><strong>CAT. C<\/strong><\/td><td><strong>No Afiliado<\/strong><\/td><\/tr><tr><td><strong>$19.000<\/strong><\/td><td><strong>$21.800<\/strong><\/td><td><strong>$30.900<\/strong><\/td><td><strong>$36.700<\/strong><\/td><\/tr><\/tbody><\/table><\/figure>\n\n\n\n<p class=\"has-medium-font-size\"><strong>Curso de Astronom\u00eda<\/strong><\/p>\n\n\n\n<figure class=\"wp-block-image size-large is-resized\"><img decoding=\"async\" width=\"819\" height=\"1024\" data-src=\"https:\/\/tuguia.combarranquilla.co\/Revista\/wp-content\/uploads\/2024\/01\/astro-1-819x1024.jpg\" alt=\"\" class=\"wp-image-3314 lazyload\" style=\"--smush-placeholder-width: 819px; --smush-placeholder-aspect-ratio: 819\/1024;width:474px;height:auto\" data-srcset=\"https:\/\/tuguia.combarranquilla.co\/Revista\/wp-content\/uploads\/2024\/01\/astro-1-819x1024.jpg 819w, https:\/\/tuguia.combarranquilla.co\/Revista\/wp-content\/uploads\/2024\/01\/astro-1-240x300.jpg 240w, https:\/\/tuguia.combarranquilla.co\/Revista\/wp-content\/uploads\/2024\/01\/astro-1-768x960.jpg 768w, https:\/\/tuguia.combarranquilla.co\/Revista\/wp-content\/uploads\/2024\/01\/astro-1-1229x1536.jpg 1229w, https:\/\/tuguia.combarranquilla.co\/Revista\/wp-content\/uploads\/2024\/01\/astro-1-1638x2048.jpg 1638w, https:\/\/tuguia.combarranquilla.co\/Revista\/wp-content\/uploads\/2024\/01\/astro-1-scaled.jpg 2048w\" data-sizes=\"(max-width: 819px) 100vw, 819px\" src=\"data:image\/svg+xml;base64,PHN2ZyB3aWR0aD0iMSIgaGVpZ2h0PSIxIiB4bWxucz0iaHR0cDovL3d3dy53My5vcmcvMjAwMC9zdmciPjwvc3ZnPg==\" \/><\/figure>\n\n\n\n<p class=\"has-medium-font-size\">Desde los <strong>15 <\/strong>a\u00f1os<\/p>\n\n\n\n<p class=\"has-medium-font-size\"><strong>16, 18, 23 <\/strong>y <strong>25<\/strong> de Enero<\/p>\n\n\n\n<p class=\"has-medium-font-size\">De 6:30 p.m. a 8:30 p.m.<\/p>\n\n\n\n<p class=\"has-medium-font-size\">Combarranquilla, Unidad Boston<\/p>\n\n\n\n<p class=\"has-medium-font-size\"><strong>Temas:<\/strong><\/p>\n\n\n\n<ul class=\"wp-block-list\">\n<li class=\"has-medium-font-size\">Estrellas y constelaciones<\/li>\n\n\n\n<li class=\"has-medium-font-size\">Movimiento aparente de los cuerpos celestes<\/li>\n\n\n\n<li class=\"has-medium-font-size\">Vida y muerte de las estrellas<\/li>\n\n\n\n<li class=\"has-medium-font-size\">Sistema Sol \u2013 Tierra \u2013 Luna<\/li>\n\n\n\n<li class=\"has-medium-font-size\">Observaci\u00f3n astron\u00f3mica con telescopios<\/li>\n<\/ul>\n\n\n\n<figure class=\"wp-block-table\"><table><tbody><tr><td><strong>CAT. A<\/strong><\/td><td><strong>CAT. B<\/strong><\/td><td><strong>CAT. C<\/strong><\/td><td><strong>No Afiliado<\/strong><\/td><\/tr><tr><td><strong>$39.400<\/strong><\/td><td><strong>$44.100<\/strong><\/td><td><strong>$50.500<\/strong><\/td><td><strong>$72.400<\/strong><\/td><\/tr><\/tbody><\/table><\/figure>\n\n\n\n<p class=\"has-medium-font-size\"><strong>Escuela de Rob\u00f3tica<\/strong><\/p>\n\n\n\n<figure class=\"wp-block-image size-large is-resized\"><img decoding=\"async\" width=\"819\" height=\"1024\" data-src=\"https:\/\/tuguia.combarranquilla.co\/Revista\/wp-content\/uploads\/2024\/01\/ESCUELA-ROBOTICA-Mesa-de-trabajo-1-819x1024.png\" alt=\"\" class=\"wp-image-3426 lazyload\" style=\"--smush-placeholder-width: 819px; --smush-placeholder-aspect-ratio: 819\/1024;width:476px;height:auto\" data-srcset=\"https:\/\/tuguia.combarranquilla.co\/Revista\/wp-content\/uploads\/2024\/01\/ESCUELA-ROBOTICA-Mesa-de-trabajo-1-819x1024.png 819w, https:\/\/tuguia.combarranquilla.co\/Revista\/wp-content\/uploads\/2024\/01\/ESCUELA-ROBOTICA-Mesa-de-trabajo-1-240x300.png 240w, https:\/\/tuguia.combarranquilla.co\/Revista\/wp-content\/uploads\/2024\/01\/ESCUELA-ROBOTICA-Mesa-de-trabajo-1-768x960.png 768w, https:\/\/tuguia.combarranquilla.co\/Revista\/wp-content\/uploads\/2024\/01\/ESCUELA-ROBOTICA-Mesa-de-trabajo-1.png 1080w\" data-sizes=\"(max-width: 819px) 100vw, 819px\" src=\"data:image\/svg+xml;base64,PHN2ZyB3aWR0aD0iMSIgaGVpZ2h0PSIxIiB4bWxucz0iaHR0cDovL3d3dy53My5vcmcvMjAwMC9zdmciPjwvc3ZnPg==\" \/><\/figure>\n\n\n\n<p class=\"has-medium-font-size\">V\u00e1lido para ni\u00f1os de<strong> 7 a 12 <\/strong>a\u00f1os<\/p>\n\n\n\n<p class=\"has-medium-font-size\">S\u00e1bado, <strong>20<\/strong> de Enero<\/p>\n\n\n\n<p class=\"has-medium-font-size\">De 10:00 a.m. a 12:00 p.m.<\/p>\n\n\n\n<p class=\"has-medium-font-size\">Combarranquilla, Unidad Boston<\/p>\n\n\n\n<figure class=\"wp-block-table\"><table><tbody><tr><td><strong>CAT. A<\/strong><\/td><td><strong>CAT. B<\/strong><\/td><td><strong>CAT. C<\/strong><\/td><td><strong>No Afiliado<\/strong><\/td><\/tr><tr><td><strong>$76.700<\/strong><\/td><td><strong>$94.000<\/strong><\/td><td><strong>$166.000<\/strong><\/td><td><strong>$185.500<\/strong><\/td><\/tr><\/tbody><\/table><\/figure>\n\n\n\n<p class=\"has-medium-font-size\"><strong>Actividad Especial:<\/strong><\/p>\n\n\n\n<p class=\"has-medium-font-size\"><strong>El Sol<\/strong><\/p>\n\n\n\n<p class=\"has-medium-font-size\"><strong>Nuestra estrella viviente<\/strong><\/p>\n\n\n\n<p class=\"has-medium-font-size\">\u00a1El Sol es la \u00fanica estrella viviente de nuestro sistema solar! En est\u00e1 incre\u00edble proyecci\u00f3n en la c\u00fapula del planetario te contamos todos sus secretos.<\/p>\n\n\n\n<p class=\"has-medium-font-size\"><strong>Viernes<\/strong> 3:00 p.m. y 4:00 p.m.<\/p>\n\n\n\n<p class=\"has-medium-font-size\"><strong>S\u00e1bados<\/strong> 10:00 a.m. 11:00 a.m. 2:00 p.m. 3:00 p.m.<\/p>\n\n\n\n<p class=\"has-medium-font-size\"><strong>Conoce las tarifas para ingresar a la actividad especial<\/strong><\/p>\n\n\n\n<figure class=\"wp-block-table\"><table><tbody><tr><td><strong>Tarifas Planetario<\/strong><\/td><td><strong>CAT. A<\/strong><\/td><td><strong>CAT. B<\/strong><\/td><td><strong>CAT. C<\/strong><\/td><td><strong>No Afiliado<\/strong><\/td><\/tr><tr><td>Funci\u00f3n Planetario P\u00fablico Familiar<\/td><td><strong>$2.200<\/strong><\/td><td><strong>$3.000<\/strong><\/td><td><strong>$13.500<\/strong><\/td><td><strong>$16.000<\/strong><\/td><\/tr><tr><td>Funci\u00f3n Imagenia&nbsp; P\u00fablico Familiar<\/td><td><strong>$2.800<\/strong><\/td><td><strong>$4.200<\/strong><\/td><td><strong>$16.700<\/strong><\/td><td><strong>$19.800<\/strong><\/td><\/tr><tr><td>Funci\u00f3n Planetario + Imagenia&nbsp; P\u00fablico Familiar<\/td><td><strong>$4.300<\/strong><\/td><td><strong>$6.200<\/strong><\/td><td><strong>$20.100<\/strong><\/td><td><strong>$26.700<\/strong><\/td><\/tr><\/tbody><\/table><\/figure>\n","protected":false},"excerpt":{"rendered":"<p>Descubre los emocionantes cursos que tenemos disponibles para ti. An\u00edmate a explorar el cosmos con nosotros y deja que la magia del espacio te envuelva. Astronom\u00eda Recreativa para ni\u00f1os V\u00e1lido para ni\u00f1os de 7 a 12 a\u00f1os &nbsp; S\u00e1bado, 20 de Enero De 3:00 p.m. a 4:30 p.m. Sala de cine, Unidad Boston Incluye: CAT. [&hellip;]<\/p>\n","protected":false},"author":2,"featured_media":3310,"comment_status":"open","ping_status":"open","sticky":false,"template":"","format":"standard","meta":{"inline_featured_image":false,"footnotes":""},"categories":[4],"tags":[],"class_list":["post-3308","post","type-post","status-publish","format-standard","has-post-thumbnail","hentry","category-ciencia-y-cultura"],"yoast_head":"<!-- This site is optimized with the Yoast SEO plugin v27.4 - https:\/\/yoast.com\/product\/yoast-seo-wordpress\/ -->\n<title>Descubre la programaci\u00f3n del Planetario durante el mes de enero - Tu Gu\u00eda<\/title>\n<meta name=\"robots\" content=\"index, follow, max-snippet:-1, max-image-preview:large, max-video-preview:-1\" \/>\n<link rel=\"canonical\" href=\"https:\/\/tuguia.combarranquilla.co\/Revista\/descubre-la-programacion-del-planetario-durante-el-mes-de-enero\/\" \/>\n<meta property=\"og:locale\" content=\"es_ES\" \/>\n<meta property=\"og:type\" content=\"article\" \/>\n<meta property=\"og:title\" content=\"Descubre la programaci\u00f3n del Planetario durante el mes de enero - Tu Gu\u00eda\" \/>\n<meta property=\"og:description\" content=\"Descubre los emocionantes cursos que tenemos disponibles para ti. An\u00edmate a explorar el cosmos con nosotros y deja que la magia del espacio te envuelva. Astronom\u00eda Recreativa para ni\u00f1os V\u00e1lido para ni\u00f1os de 7 a 12 a\u00f1os &nbsp; S\u00e1bado, 20 de Enero De 3:00 p.m. a 4:30 p.m. Sala de cine, Unidad Boston Incluye: CAT. [&hellip;]\" \/>\n<meta property=\"og:url\" content=\"https:\/\/tuguia.combarranquilla.co\/Revista\/descubre-la-programacion-del-planetario-durante-el-mes-de-enero\/\" \/>\n<meta property=\"og:site_name\" content=\"Tu Gu\u00eda\" \/>\n<meta property=\"article:published_time\" content=\"2024-01-05T14:54:05+00:00\" \/>\n<meta property=\"article:modified_time\" content=\"2024-01-18T19:35:32+00:00\" \/>\n<meta property=\"og:image\" content=\"https:\/\/tuguia.combarranquilla.co\/Revista\/wp-content\/uploads\/2024\/01\/pexels-tima-miroshnichenko-5428302-scaled.jpg\" \/>\n\t<meta property=\"og:image:width\" content=\"2560\" \/>\n\t<meta property=\"og:image:height\" content=\"1707\" \/>\n\t<meta property=\"og:image:type\" content=\"image\/jpeg\" \/>\n<meta name=\"author\" content=\"Comunicaciones Combarranquilla\" \/>\n<meta name=\"twitter:card\" content=\"summary_large_image\" \/>\n<meta name=\"twitter:label1\" content=\"Escrito por\" \/>\n\t<meta name=\"twitter:data1\" content=\"Comunicaciones Combarranquilla\" \/>\n\t<meta name=\"twitter:label2\" content=\"Tiempo de lectura\" \/>\n\t<meta name=\"twitter:data2\" content=\"1 minuto\" \/>\n<script type=\"application\/ld+json\" class=\"yoast-schema-graph\">{\"@context\":\"https:\\\/\\\/schema.org\",\"@graph\":[{\"@type\":\"Article\",\"@id\":\"https:\\\/\\\/tuguia.combarranquilla.co\\\/Revista\\\/descubre-la-programacion-del-planetario-durante-el-mes-de-enero\\\/#article\",\"isPartOf\":{\"@id\":\"https:\\\/\\\/tuguia.combarranquilla.co\\\/Revista\\\/descubre-la-programacion-del-planetario-durante-el-mes-de-enero\\\/\"},\"author\":{\"name\":\"Comunicaciones Combarranquilla\",\"@id\":\"https:\\\/\\\/tuguia.combarranquilla.co\\\/Revista\\\/#\\\/schema\\\/person\\\/c2c396a77170bd1d5f8ba73294eb0d10\"},\"headline\":\"Descubre la programaci\u00f3n del Planetario durante el mes de enero\",\"datePublished\":\"2024-01-05T14:54:05+00:00\",\"dateModified\":\"2024-01-18T19:35:32+00:00\",\"mainEntityOfPage\":{\"@id\":\"https:\\\/\\\/tuguia.combarranquilla.co\\\/Revista\\\/descubre-la-programacion-del-planetario-durante-el-mes-de-enero\\\/\"},\"wordCount\":264,\"commentCount\":0,\"publisher\":{\"@id\":\"https:\\\/\\\/tuguia.combarranquilla.co\\\/Revista\\\/#organization\"},\"image\":{\"@id\":\"https:\\\/\\\/tuguia.combarranquilla.co\\\/Revista\\\/descubre-la-programacion-del-planetario-durante-el-mes-de-enero\\\/#primaryimage\"},\"thumbnailUrl\":\"https:\\\/\\\/tuguia.combarranquilla.co\\\/Revista\\\/wp-content\\\/uploads\\\/2024\\\/01\\\/pexels-tima-miroshnichenko-5428302-scaled.jpg\",\"articleSection\":[\"CIENCIA Y CULTURA\"],\"inLanguage\":\"es-CO\",\"potentialAction\":[{\"@type\":\"CommentAction\",\"name\":\"Comment\",\"target\":[\"https:\\\/\\\/tuguia.combarranquilla.co\\\/Revista\\\/descubre-la-programacion-del-planetario-durante-el-mes-de-enero\\\/#respond\"]}]},{\"@type\":\"WebPage\",\"@id\":\"https:\\\/\\\/tuguia.combarranquilla.co\\\/Revista\\\/descubre-la-programacion-del-planetario-durante-el-mes-de-enero\\\/\",\"url\":\"https:\\\/\\\/tuguia.combarranquilla.co\\\/Revista\\\/descubre-la-programacion-del-planetario-durante-el-mes-de-enero\\\/\",\"name\":\"Descubre la programaci\u00f3n del Planetario durante el mes de enero - Tu Gu\u00eda\",\"isPartOf\":{\"@id\":\"https:\\\/\\\/tuguia.combarranquilla.co\\\/Revista\\\/#website\"},\"primaryImageOfPage\":{\"@id\":\"https:\\\/\\\/tuguia.combarranquilla.co\\\/Revista\\\/descubre-la-programacion-del-planetario-durante-el-mes-de-enero\\\/#primaryimage\"},\"image\":{\"@id\":\"https:\\\/\\\/tuguia.combarranquilla.co\\\/Revista\\\/descubre-la-programacion-del-planetario-durante-el-mes-de-enero\\\/#primaryimage\"},\"thumbnailUrl\":\"https:\\\/\\\/tuguia.combarranquilla.co\\\/Revista\\\/wp-content\\\/uploads\\\/2024\\\/01\\\/pexels-tima-miroshnichenko-5428302-scaled.jpg\",\"datePublished\":\"2024-01-05T14:54:05+00:00\",\"dateModified\":\"2024-01-18T19:35:32+00:00\",\"breadcrumb\":{\"@id\":\"https:\\\/\\\/tuguia.combarranquilla.co\\\/Revista\\\/descubre-la-programacion-del-planetario-durante-el-mes-de-enero\\\/#breadcrumb\"},\"inLanguage\":\"es-CO\",\"potentialAction\":[{\"@type\":\"ReadAction\",\"target\":[\"https:\\\/\\\/tuguia.combarranquilla.co\\\/Revista\\\/descubre-la-programacion-del-planetario-durante-el-mes-de-enero\\\/\"]}]},{\"@type\":\"ImageObject\",\"inLanguage\":\"es-CO\",\"@id\":\"https:\\\/\\\/tuguia.combarranquilla.co\\\/Revista\\\/descubre-la-programacion-del-planetario-durante-el-mes-de-enero\\\/#primaryimage\",\"url\":\"https:\\\/\\\/tuguia.combarranquilla.co\\\/Revista\\\/wp-content\\\/uploads\\\/2024\\\/01\\\/pexels-tima-miroshnichenko-5428302-scaled.jpg\",\"contentUrl\":\"https:\\\/\\\/tuguia.combarranquilla.co\\\/Revista\\\/wp-content\\\/uploads\\\/2024\\\/01\\\/pexels-tima-miroshnichenko-5428302-scaled.jpg\",\"width\":2560,\"height\":1707,\"caption\":\"Imagen de referencia\"},{\"@type\":\"BreadcrumbList\",\"@id\":\"https:\\\/\\\/tuguia.combarranquilla.co\\\/Revista\\\/descubre-la-programacion-del-planetario-durante-el-mes-de-enero\\\/#breadcrumb\",\"itemListElement\":[{\"@type\":\"ListItem\",\"position\":1,\"name\":\"Inicio\",\"item\":\"https:\\\/\\\/tuguia.combarranquilla.co\\\/Revista\\\/\"},{\"@type\":\"ListItem\",\"position\":2,\"name\":\"Descubre la programaci\u00f3n del Planetario durante el mes de enero\"}]},{\"@type\":\"WebSite\",\"@id\":\"https:\\\/\\\/tuguia.combarranquilla.co\\\/Revista\\\/#website\",\"url\":\"https:\\\/\\\/tuguia.combarranquilla.co\\\/Revista\\\/\",\"name\":\"Tu Gu\u00eda\",\"description\":\"La revista donde lo tienes todo.\",\"publisher\":{\"@id\":\"https:\\\/\\\/tuguia.combarranquilla.co\\\/Revista\\\/#organization\"},\"alternateName\":\"Tu Gu\u00eda Combarranquilla\",\"potentialAction\":[{\"@type\":\"SearchAction\",\"target\":{\"@type\":\"EntryPoint\",\"urlTemplate\":\"https:\\\/\\\/tuguia.combarranquilla.co\\\/Revista\\\/?s={search_term_string}\"},\"query-input\":{\"@type\":\"PropertyValueSpecification\",\"valueRequired\":true,\"valueName\":\"search_term_string\"}}],\"inLanguage\":\"es-CO\"},{\"@type\":\"Organization\",\"@id\":\"https:\\\/\\\/tuguia.combarranquilla.co\\\/Revista\\\/#organization\",\"name\":\"Tu Gu\u00eda Combarranquilla\",\"url\":\"https:\\\/\\\/tuguia.combarranquilla.co\\\/Revista\\\/\",\"logo\":{\"@type\":\"ImageObject\",\"inLanguage\":\"es-CO\",\"@id\":\"https:\\\/\\\/tuguia.combarranquilla.co\\\/Revista\\\/#\\\/schema\\\/logo\\\/image\\\/\",\"url\":\"https:\\\/\\\/tuguia.combarranquilla.co\\\/Revista\\\/wp-content\\\/uploads\\\/2022\\\/02\\\/logo-guia-combarranquilla.svg\",\"contentUrl\":\"https:\\\/\\\/tuguia.combarranquilla.co\\\/Revista\\\/wp-content\\\/uploads\\\/2022\\\/02\\\/logo-guia-combarranquilla.svg\",\"caption\":\"Tu Gu\u00eda Combarranquilla\"},\"image\":{\"@id\":\"https:\\\/\\\/tuguia.combarranquilla.co\\\/Revista\\\/#\\\/schema\\\/logo\\\/image\\\/\"}},{\"@type\":\"Person\",\"@id\":\"https:\\\/\\\/tuguia.combarranquilla.co\\\/Revista\\\/#\\\/schema\\\/person\\\/c2c396a77170bd1d5f8ba73294eb0d10\",\"name\":\"Comunicaciones Combarranquilla\",\"image\":{\"@type\":\"ImageObject\",\"inLanguage\":\"es-CO\",\"@id\":\"https:\\\/\\\/tuguia.combarranquilla.co\\\/Revista\\\/wp-content\\\/uploads\\\/2025\\\/05\\\/ABC-Al-Rojo-Logo-96x96.jpg\",\"url\":\"https:\\\/\\\/tuguia.combarranquilla.co\\\/Revista\\\/wp-content\\\/uploads\\\/2025\\\/05\\\/ABC-Al-Rojo-Logo-96x96.jpg\",\"contentUrl\":\"https:\\\/\\\/tuguia.combarranquilla.co\\\/Revista\\\/wp-content\\\/uploads\\\/2025\\\/05\\\/ABC-Al-Rojo-Logo-96x96.jpg\",\"caption\":\"Comunicaciones Combarranquilla\"},\"sameAs\":[\"https:\\\/\\\/www.combarranquilla.co\"],\"url\":\"https:\\\/\\\/tuguia.combarranquilla.co\\\/Revista\\\/author\\\/comunicaciones\\\/\"}]}<\/script>\n<!-- \/ Yoast SEO plugin. -->","yoast_head_json":{"title":"Descubre la programaci\u00f3n del Planetario durante el mes de enero - Tu Gu\u00eda","robots":{"index":"index","follow":"follow","max-snippet":"max-snippet:-1","max-image-preview":"max-image-preview:large","max-video-preview":"max-video-preview:-1"},"canonical":"https:\/\/tuguia.combarranquilla.co\/Revista\/descubre-la-programacion-del-planetario-durante-el-mes-de-enero\/","og_locale":"es_ES","og_type":"article","og_title":"Descubre la programaci\u00f3n del Planetario durante el mes de enero - Tu Gu\u00eda","og_description":"Descubre los emocionantes cursos que tenemos disponibles para ti. An\u00edmate a explorar el cosmos con nosotros y deja que la magia del espacio te envuelva. Astronom\u00eda Recreativa para ni\u00f1os V\u00e1lido para ni\u00f1os de 7 a 12 a\u00f1os &nbsp; S\u00e1bado, 20 de Enero De 3:00 p.m. a 4:30 p.m. Sala de cine, Unidad Boston Incluye: CAT. [&hellip;]","og_url":"https:\/\/tuguia.combarranquilla.co\/Revista\/descubre-la-programacion-del-planetario-durante-el-mes-de-enero\/","og_site_name":"Tu Gu\u00eda","article_published_time":"2024-01-05T14:54:05+00:00","article_modified_time":"2024-01-18T19:35:32+00:00","og_image":[{"width":2560,"height":1707,"url":"https:\/\/tuguia.combarranquilla.co\/Revista\/wp-content\/uploads\/2024\/01\/pexels-tima-miroshnichenko-5428302-scaled.jpg","type":"image\/jpeg"}],"author":"Comunicaciones Combarranquilla","twitter_card":"summary_large_image","twitter_misc":{"Escrito por":"Comunicaciones Combarranquilla","Tiempo de lectura":"1 minuto"},"schema":{"@context":"https:\/\/schema.org","@graph":[{"@type":"Article","@id":"https:\/\/tuguia.combarranquilla.co\/Revista\/descubre-la-programacion-del-planetario-durante-el-mes-de-enero\/#article","isPartOf":{"@id":"https:\/\/tuguia.combarranquilla.co\/Revista\/descubre-la-programacion-del-planetario-durante-el-mes-de-enero\/"},"author":{"name":"Comunicaciones Combarranquilla","@id":"https:\/\/tuguia.combarranquilla.co\/Revista\/#\/schema\/person\/c2c396a77170bd1d5f8ba73294eb0d10"},"headline":"Descubre la programaci\u00f3n del Planetario durante el mes de enero","datePublished":"2024-01-05T14:54:05+00:00","dateModified":"2024-01-18T19:35:32+00:00","mainEntityOfPage":{"@id":"https:\/\/tuguia.combarranquilla.co\/Revista\/descubre-la-programacion-del-planetario-durante-el-mes-de-enero\/"},"wordCount":264,"commentCount":0,"publisher":{"@id":"https:\/\/tuguia.combarranquilla.co\/Revista\/#organization"},"image":{"@id":"https:\/\/tuguia.combarranquilla.co\/Revista\/descubre-la-programacion-del-planetario-durante-el-mes-de-enero\/#primaryimage"},"thumbnailUrl":"https:\/\/tuguia.combarranquilla.co\/Revista\/wp-content\/uploads\/2024\/01\/pexels-tima-miroshnichenko-5428302-scaled.jpg","articleSection":["CIENCIA Y CULTURA"],"inLanguage":"es-CO","potentialAction":[{"@type":"CommentAction","name":"Comment","target":["https:\/\/tuguia.combarranquilla.co\/Revista\/descubre-la-programacion-del-planetario-durante-el-mes-de-enero\/#respond"]}]},{"@type":"WebPage","@id":"https:\/\/tuguia.combarranquilla.co\/Revista\/descubre-la-programacion-del-planetario-durante-el-mes-de-enero\/","url":"https:\/\/tuguia.combarranquilla.co\/Revista\/descubre-la-programacion-del-planetario-durante-el-mes-de-enero\/","name":"Descubre la programaci\u00f3n del Planetario durante el mes de enero - Tu Gu\u00eda","isPartOf":{"@id":"https:\/\/tuguia.combarranquilla.co\/Revista\/#website"},"primaryImageOfPage":{"@id":"https:\/\/tuguia.combarranquilla.co\/Revista\/descubre-la-programacion-del-planetario-durante-el-mes-de-enero\/#primaryimage"},"image":{"@id":"https:\/\/tuguia.combarranquilla.co\/Revista\/descubre-la-programacion-del-planetario-durante-el-mes-de-enero\/#primaryimage"},"thumbnailUrl":"https:\/\/tuguia.combarranquilla.co\/Revista\/wp-content\/uploads\/2024\/01\/pexels-tima-miroshnichenko-5428302-scaled.jpg","datePublished":"2024-01-05T14:54:05+00:00","dateModified":"2024-01-18T19:35:32+00:00","breadcrumb":{"@id":"https:\/\/tuguia.combarranquilla.co\/Revista\/descubre-la-programacion-del-planetario-durante-el-mes-de-enero\/#breadcrumb"},"inLanguage":"es-CO","potentialAction":[{"@type":"ReadAction","target":["https:\/\/tuguia.combarranquilla.co\/Revista\/descubre-la-programacion-del-planetario-durante-el-mes-de-enero\/"]}]},{"@type":"ImageObject","inLanguage":"es-CO","@id":"https:\/\/tuguia.combarranquilla.co\/Revista\/descubre-la-programacion-del-planetario-durante-el-mes-de-enero\/#primaryimage","url":"https:\/\/tuguia.combarranquilla.co\/Revista\/wp-content\/uploads\/2024\/01\/pexels-tima-miroshnichenko-5428302-scaled.jpg","contentUrl":"https:\/\/tuguia.combarranquilla.co\/Revista\/wp-content\/uploads\/2024\/01\/pexels-tima-miroshnichenko-5428302-scaled.jpg","width":2560,"height":1707,"caption":"Imagen de referencia"},{"@type":"BreadcrumbList","@id":"https:\/\/tuguia.combarranquilla.co\/Revista\/descubre-la-programacion-del-planetario-durante-el-mes-de-enero\/#breadcrumb","itemListElement":[{"@type":"ListItem","position":1,"name":"Inicio","item":"https:\/\/tuguia.combarranquilla.co\/Revista\/"},{"@type":"ListItem","position":2,"name":"Descubre la programaci\u00f3n del Planetario durante el mes de enero"}]},{"@type":"WebSite","@id":"https:\/\/tuguia.combarranquilla.co\/Revista\/#website","url":"https:\/\/tuguia.combarranquilla.co\/Revista\/","name":"Tu Gu\u00eda","description":"La revista donde lo tienes todo.","publisher":{"@id":"https:\/\/tuguia.combarranquilla.co\/Revista\/#organization"},"alternateName":"Tu Gu\u00eda Combarranquilla","potentialAction":[{"@type":"SearchAction","target":{"@type":"EntryPoint","urlTemplate":"https:\/\/tuguia.combarranquilla.co\/Revista\/?s={search_term_string}"},"query-input":{"@type":"PropertyValueSpecification","valueRequired":true,"valueName":"search_term_string"}}],"inLanguage":"es-CO"},{"@type":"Organization","@id":"https:\/\/tuguia.combarranquilla.co\/Revista\/#organization","name":"Tu Gu\u00eda Combarranquilla","url":"https:\/\/tuguia.combarranquilla.co\/Revista\/","logo":{"@type":"ImageObject","inLanguage":"es-CO","@id":"https:\/\/tuguia.combarranquilla.co\/Revista\/#\/schema\/logo\/image\/","url":"https:\/\/tuguia.combarranquilla.co\/Revista\/wp-content\/uploads\/2022\/02\/logo-guia-combarranquilla.svg","contentUrl":"https:\/\/tuguia.combarranquilla.co\/Revista\/wp-content\/uploads\/2022\/02\/logo-guia-combarranquilla.svg","caption":"Tu Gu\u00eda Combarranquilla"},"image":{"@id":"https:\/\/tuguia.combarranquilla.co\/Revista\/#\/schema\/logo\/image\/"}},{"@type":"Person","@id":"https:\/\/tuguia.combarranquilla.co\/Revista\/#\/schema\/person\/c2c396a77170bd1d5f8ba73294eb0d10","name":"Comunicaciones Combarranquilla","image":{"@type":"ImageObject","inLanguage":"es-CO","@id":"https:\/\/tuguia.combarranquilla.co\/Revista\/wp-content\/uploads\/2025\/05\/ABC-Al-Rojo-Logo-96x96.jpg","url":"https:\/\/tuguia.combarranquilla.co\/Revista\/wp-content\/uploads\/2025\/05\/ABC-Al-Rojo-Logo-96x96.jpg","contentUrl":"https:\/\/tuguia.combarranquilla.co\/Revista\/wp-content\/uploads\/2025\/05\/ABC-Al-Rojo-Logo-96x96.jpg","caption":"Comunicaciones Combarranquilla"},"sameAs":["https:\/\/www.combarranquilla.co"],"url":"https:\/\/tuguia.combarranquilla.co\/Revista\/author\/comunicaciones\/"}]}},"_links":{"self":[{"href":"https:\/\/tuguia.combarranquilla.co\/Revista\/wp-json\/wp\/v2\/posts\/3308","targetHints":{"allow":["GET"]}}],"collection":[{"href":"https:\/\/tuguia.combarranquilla.co\/Revista\/wp-json\/wp\/v2\/posts"}],"about":[{"href":"https:\/\/tuguia.combarranquilla.co\/Revista\/wp-json\/wp\/v2\/types\/post"}],"author":[{"embeddable":true,"href":"https:\/\/tuguia.combarranquilla.co\/Revista\/wp-json\/wp\/v2\/users\/2"}],"replies":[{"embeddable":true,"href":"https:\/\/tuguia.combarranquilla.co\/Revista\/wp-json\/wp\/v2\/comments?post=3308"}],"version-history":[{"count":11,"href":"https:\/\/tuguia.combarranquilla.co\/Revista\/wp-json\/wp\/v2\/posts\/3308\/revisions"}],"predecessor-version":[{"id":3569,"href":"https:\/\/tuguia.combarranquilla.co\/Revista\/wp-json\/wp\/v2\/posts\/3308\/revisions\/3569"}],"wp:featuredmedia":[{"embeddable":true,"href":"https:\/\/tuguia.combarranquilla.co\/Revista\/wp-json\/wp\/v2\/media\/3310"}],"wp:attachment":[{"href":"https:\/\/tuguia.combarranquilla.co\/Revista\/wp-json\/wp\/v2\/media?parent=3308"}],"wp:term":[{"taxonomy":"category","embeddable":true,"href":"https:\/\/tuguia.combarranquilla.co\/Revista\/wp-json\/wp\/v2\/categories?post=3308"},{"taxonomy":"post_tag","embeddable":true,"href":"https:\/\/tuguia.combarranquilla.co\/Revista\/wp-json\/wp\/v2\/tags?post=3308"}],"curies":[{"name":"wp","href":"https:\/\/api.w.org\/{rel}","templated":true}]}}