{"id":3353,"date":"2024-01-04T14:22:24","date_gmt":"2024-01-04T19:22:24","guid":{"rendered":"https:\/\/tuguia.combarranquilla.co\/Revista\/?p=3353"},"modified":"2024-01-04T14:22:25","modified_gmt":"2024-01-04T19:22:25","slug":"inicia-el-2024-con-empleo","status":"publish","type":"post","link":"https:\/\/tuguia.combarranquilla.co\/Revista\/inicia-el-2024-con-empleo\/","title":{"rendered":"\u00a1Inicia el 2024 con empleo!"},"content":{"rendered":"\n<p>En la actualidad, el empleo desempe\u00f1a un papel esencial en la din\u00e1mica socioecon\u00f3mica de cualquier regi\u00f3n. A medida que el mundo evoluciona, surgen nuevas funciones y campos que generan diversas oportunidades para los bachilleres, t\u00e9cnicos y profesionales. <\/p>\n\n\n\n<p>En Combarranquilla, consideramos que crear oportunidades laborales transforma la vida de muchas personas que sue\u00f1an con trabajar por primera vez o conseguir un empleo despu\u00e9s de un largo tiempo. Es por eso, que a trav\u00e9s de nuestra Agencia de Empleo brindamos posibilidades de encontrar un trabajo digno, acorde a las habilidades y competencias de los candidatos. <\/p>\n\n\n<div class=\"wp-block-image\">\n<figure class=\"aligncenter size-large is-resized\"><img decoding=\"async\" width=\"1024\" height=\"683\" data-src=\"https:\/\/tuguia.combarranquilla.co\/Revista\/wp-content\/uploads\/2024\/01\/mujer-joven-ropa-estilo-oficina-gafas-sostiene-tableta-documentos-guina-ojo-muestra-pulgar-arriba-1024x683.jpg\" alt=\"\" class=\"wp-image-3381 lazyload\" style=\"--smush-placeholder-width: 1024px; --smush-placeholder-aspect-ratio: 1024\/683;width:532px;height:auto\" data-srcset=\"https:\/\/tuguia.combarranquilla.co\/Revista\/wp-content\/uploads\/2024\/01\/mujer-joven-ropa-estilo-oficina-gafas-sostiene-tableta-documentos-guina-ojo-muestra-pulgar-arriba-1024x683.jpg 1024w, https:\/\/tuguia.combarranquilla.co\/Revista\/wp-content\/uploads\/2024\/01\/mujer-joven-ropa-estilo-oficina-gafas-sostiene-tableta-documentos-guina-ojo-muestra-pulgar-arriba-300x200.jpg 300w, https:\/\/tuguia.combarranquilla.co\/Revista\/wp-content\/uploads\/2024\/01\/mujer-joven-ropa-estilo-oficina-gafas-sostiene-tableta-documentos-guina-ojo-muestra-pulgar-arriba-768x512.jpg 768w, https:\/\/tuguia.combarranquilla.co\/Revista\/wp-content\/uploads\/2024\/01\/mujer-joven-ropa-estilo-oficina-gafas-sostiene-tableta-documentos-guina-ojo-muestra-pulgar-arriba-1536x1024.jpg 1536w, https:\/\/tuguia.combarranquilla.co\/Revista\/wp-content\/uploads\/2024\/01\/mujer-joven-ropa-estilo-oficina-gafas-sostiene-tableta-documentos-guina-ojo-muestra-pulgar-arriba-2048x1365.jpg 2048w\" data-sizes=\"(max-width: 1024px) 100vw, 1024px\" src=\"data:image\/svg+xml;base64,PHN2ZyB3aWR0aD0iMSIgaGVpZ2h0PSIxIiB4bWxucz0iaHR0cDovL3d3dy53My5vcmcvMjAwMC9zdmciPjwvc3ZnPg==\" \/><\/figure><\/div>\n\n\n<p><\/p>\n\n\n\n<h2 class=\"wp-block-heading\">\u00bfC\u00f3mo puedo registrar mi hoja de vida? \u00a1Muy f\u00e1cil!<\/h2>\n\n\n\n<ul class=\"wp-block-list\">\n<li>Ingresa a nuestra p\u00e1gina: <a href=\"https:\/\/personas.serviciodeempleo.gov.co\/login.aspx\" target=\"_blank\" rel=\"noreferrer noopener\">https:\/\/personas.serviciodeempleo.gov.co\/login.aspx<\/a> (para inscribirte es esencial contar con un correo electr\u00f3nico).<\/li>\n\n\n\n<li>Posteriormente, elegir una contrase\u00f1a para el ingreso en la plataforma.<\/li>\n\n\n\n<li>Seleccionar a <em>Combarranquilla <\/em>como prestador de preferencia, as\u00ed podr\u00e1s consultar directamente con nosotros el proceso de postulaci\u00f3n.<\/li>\n\n\n\n<li>Una vez realizado el registro, debes diligenciar todos los campos en asteriscos (datos personales, experiencia laboral, idiomas, habilidades y formaci\u00f3n acad\u00e9mica).<\/li>\n\n\n\n<li>Finalmente, ingresar a <em>&#8216;Mis oportunidades laborales<\/em>&#8216; para consultar las vacantes disponibles, acordes a tu perfil laboral profesional.<\/li>\n<\/ul>\n\n\n\n<p>Recuerda que una vez realizada la postulaci\u00f3n, la plataforma te informar\u00e1 c\u00f3mo va el proceso de selecci\u00f3n. En caso de presentar dudas o inquietudes, puedes contactarnos a nuestra <strong>l\u00ednea verde (605) 3225049<\/strong> o a trav\u00e9s de nuestro correo electr\u00f3nico <strong>centro.empleo@combarranquilla.co <\/strong><\/p>\n\n\n\n<figure class=\"wp-block-embed is-type-video is-provider-youtube wp-block-embed-youtube wp-embed-aspect-16-9 wp-has-aspect-ratio\"><div class=\"wp-block-embed__wrapper\">\n<iframe title=\"Instructivo Oferentes - Centro de Empleo Combarranquilla\" width=\"640\" height=\"360\" data-src=\"https:\/\/www.youtube.com\/embed\/s5bHeDnjWK0?feature=oembed\" frameborder=\"0\" allow=\"accelerometer; autoplay; clipboard-write; encrypted-media; gyroscope; picture-in-picture; web-share\" referrerpolicy=\"strict-origin-when-cross-origin\" allowfullscreen src=\"data:image\/svg+xml;base64,PHN2ZyB3aWR0aD0iMSIgaGVpZ2h0PSIxIiB4bWxucz0iaHR0cDovL3d3dy53My5vcmcvMjAwMC9zdmciPjwvc3ZnPg==\" class=\"lazyload\" data-load-mode=\"1\"><\/iframe>\n<\/div><figcaption class=\"wp-element-caption\"><em>Instructivo oferentes &#8211; registro hoja de vida<\/em>.<\/figcaption><\/figure>\n\n\n\n<p><\/p>\n\n\n\n<h2 class=\"wp-block-heading\">\u00a1Tips que te servir\u00e1n para encontrar empleo!<\/h2>\n\n\n\n<p>Convertirse en un candidato oportuno para un empleo implica destacar y presentarse de manera positiva ante el empleador. Aqu\u00ed, te compartimos algunos consejos para ser un candidato m\u00e1s atractivo:<\/p>\n\n\n\n<ul class=\"wp-block-list\">\n<li><strong>Crea un curr\u00edculum digital llamativo: <\/strong>aseg\u00farate de que tu hoja de vida destaque tus habilidades y logros relevantes para el trabajo al que est\u00e1s aplicando. Algunas plataformas como Canva son \u00fatiles para dise\u00f1ar plantillas, presentaciones, portafolios y flyers profesionales. <\/li>\n<\/ul>\n\n\n\n<p>Ingresa aqu\u00ed: <a href=\"https:\/\/www.canva.com\/es_419\/\" target=\"_blank\" rel=\"noreferrer noopener\">https:\/\/www.canva.com\/es_419\/<\/a><\/p>\n\n\n\n<ul class=\"wp-block-list\">\n<li><strong>Proyecta buena imagen personal profesional:<\/strong> fortalece tu presencia en redes sociales y plataformas digitales para proyectar una buena imagen. Un ejemplo de ello, es LinkedIn <a href=\"https:\/\/co.linkedin.com\/\" target=\"_blank\" rel=\"noreferrer noopener\">https:\/\/co.linkedin.com\/<\/a>, la cual actualmente se utiliza para reclutar candidatos competentes y capaces para ser parte del mundo laboral.<\/li>\n<\/ul>\n\n\n\n<p>Es clave contar con un perfil, donde describas tus habilidades y demuestres porque deben elegirte. Adem\u00e1s de que tienes la oportunidad de conectar con profesionales de tu campo.<\/p>\n\n\n\n<ul class=\"wp-block-list\">\n<li><strong>Destaca tu experiencia laboral:<\/strong> una estrategia conveniente que evidencia las habilidades y competencias que has desarrollado a lo largo de tu carrera. As\u00ed mismo, demuestra a los empleadores que cuentas con conocimientos previos y experiencia relacionada con las responsabilidades del puesto.<\/li>\n<\/ul>\n\n\n\n<p>Si es posible, cuenta con un portafolio de muestra, donde se compruebe el gran trabajo que has realizado y lo eficaz que puedes llegar a ser si te contratan. <\/p>\n\n\n\n<h2 class=\"wp-block-heading has-text-align-center\">\u00a1S\u00edguenos para m\u00e1s tips e informaci\u00f3n sobre empleo! <a href=\"https:\/\/bit.ly\/3RPmeVu\" target=\"_blank\" rel=\"noreferrer noopener\">https:\/\/bit.ly\/3RPmeVu<\/a><\/h2>\n\n\n<div class=\"wp-block-image\">\n<figure class=\"aligncenter size-large is-resized\"><img decoding=\"async\" width=\"1024\" height=\"683\" data-src=\"https:\/\/tuguia.combarranquilla.co\/Revista\/wp-content\/uploads\/2024\/01\/pexels-fauxels-3184338-1024x683.jpg\" alt=\"\" class=\"wp-image-3409 lazyload\" style=\"--smush-placeholder-width: 1024px; --smush-placeholder-aspect-ratio: 1024\/683;width:555px;height:auto\" data-srcset=\"https:\/\/tuguia.combarranquilla.co\/Revista\/wp-content\/uploads\/2024\/01\/pexels-fauxels-3184338-1024x683.jpg 1024w, https:\/\/tuguia.combarranquilla.co\/Revista\/wp-content\/uploads\/2024\/01\/pexels-fauxels-3184338-300x200.jpg 300w, https:\/\/tuguia.combarranquilla.co\/Revista\/wp-content\/uploads\/2024\/01\/pexels-fauxels-3184338-768x512.jpg 768w, https:\/\/tuguia.combarranquilla.co\/Revista\/wp-content\/uploads\/2024\/01\/pexels-fauxels-3184338-1536x1024.jpg 1536w, https:\/\/tuguia.combarranquilla.co\/Revista\/wp-content\/uploads\/2024\/01\/pexels-fauxels-3184338-2048x1365.jpg 2048w\" data-sizes=\"(max-width: 1024px) 100vw, 1024px\" src=\"data:image\/svg+xml;base64,PHN2ZyB3aWR0aD0iMSIgaGVpZ2h0PSIxIiB4bWxucz0iaHR0cDovL3d3dy53My5vcmcvMjAwMC9zdmciPjwvc3ZnPg==\" \/><\/figure><\/div>\n\n\n<p><\/p>\n\n\n\n<p class=\"has-text-align-center\">#TransformandoVidas<\/p>\n","protected":false},"excerpt":{"rendered":"<p>En la actualidad, el empleo desempe\u00f1a un papel esencial en la din\u00e1mica socioecon\u00f3mica de cualquier regi\u00f3n. A medida que el mundo evoluciona, surgen nuevas funciones y campos que generan diversas oportunidades para los bachilleres, t\u00e9cnicos y profesionales. En Combarranquilla, consideramos que crear oportunidades laborales transforma la vida de muchas personas que sue\u00f1an con trabajar por [&hellip;]<\/p>\n","protected":false},"author":2,"featured_media":3372,"comment_status":"open","ping_status":"open","sticky":false,"template":"","format":"standard","meta":{"inline_featured_image":false,"footnotes":""},"categories":[6],"tags":[],"class_list":["post-3353","post","type-post","status-publish","format-standard","has-post-thumbnail","hentry","category-empleabilidad"],"yoast_head":"<!-- This site is optimized with the Yoast SEO plugin v27.4 - https:\/\/yoast.com\/product\/yoast-seo-wordpress\/ -->\n<title>\u00a1Inicia el 2024 con empleo! - Tu Gu\u00eda<\/title>\n<meta name=\"robots\" content=\"index, follow, max-snippet:-1, max-image-preview:large, max-video-preview:-1\" \/>\n<link rel=\"canonical\" href=\"https:\/\/tuguia.combarranquilla.co\/Revista\/inicia-el-2024-con-empleo\/\" \/>\n<meta property=\"og:locale\" content=\"es_ES\" \/>\n<meta property=\"og:type\" content=\"article\" \/>\n<meta property=\"og:title\" content=\"\u00a1Inicia el 2024 con empleo! - Tu Gu\u00eda\" \/>\n<meta property=\"og:description\" content=\"En la actualidad, el empleo desempe\u00f1a un papel esencial en la din\u00e1mica socioecon\u00f3mica de cualquier regi\u00f3n. A medida que el mundo evoluciona, surgen nuevas funciones y campos que generan diversas oportunidades para los bachilleres, t\u00e9cnicos y profesionales. En Combarranquilla, consideramos que crear oportunidades laborales transforma la vida de muchas personas que sue\u00f1an con trabajar por [&hellip;]\" \/>\n<meta property=\"og:url\" content=\"https:\/\/tuguia.combarranquilla.co\/Revista\/inicia-el-2024-con-empleo\/\" \/>\n<meta property=\"og:site_name\" content=\"Tu Gu\u00eda\" \/>\n<meta property=\"article:published_time\" content=\"2024-01-04T19:22:24+00:00\" \/>\n<meta property=\"article:modified_time\" content=\"2024-01-04T19:22:25+00:00\" \/>\n<meta property=\"og:image\" content=\"https:\/\/tuguia.combarranquilla.co\/Revista\/wp-content\/uploads\/2024\/01\/diseno-collage-personas-scaled.jpg\" \/>\n\t<meta property=\"og:image:width\" content=\"2560\" \/>\n\t<meta property=\"og:image:height\" content=\"1463\" \/>\n\t<meta property=\"og:image:type\" content=\"image\/jpeg\" \/>\n<meta name=\"author\" content=\"Comunicaciones Combarranquilla\" \/>\n<meta name=\"twitter:card\" content=\"summary_large_image\" \/>\n<meta name=\"twitter:label1\" content=\"Escrito por\" \/>\n\t<meta name=\"twitter:data1\" content=\"Comunicaciones Combarranquilla\" \/>\n\t<meta name=\"twitter:label2\" content=\"Tiempo de lectura\" \/>\n\t<meta name=\"twitter:data2\" content=\"3 minutos\" \/>\n<script type=\"application\/ld+json\" class=\"yoast-schema-graph\">{\"@context\":\"https:\\\/\\\/schema.org\",\"@graph\":[{\"@type\":\"Article\",\"@id\":\"https:\\\/\\\/tuguia.combarranquilla.co\\\/Revista\\\/inicia-el-2024-con-empleo\\\/#article\",\"isPartOf\":{\"@id\":\"https:\\\/\\\/tuguia.combarranquilla.co\\\/Revista\\\/inicia-el-2024-con-empleo\\\/\"},\"author\":{\"name\":\"Comunicaciones Combarranquilla\",\"@id\":\"https:\\\/\\\/tuguia.combarranquilla.co\\\/Revista\\\/#\\\/schema\\\/person\\\/c2c396a77170bd1d5f8ba73294eb0d10\"},\"headline\":\"\u00a1Inicia el 2024 con empleo!\",\"datePublished\":\"2024-01-04T19:22:24+00:00\",\"dateModified\":\"2024-01-04T19:22:25+00:00\",\"mainEntityOfPage\":{\"@id\":\"https:\\\/\\\/tuguia.combarranquilla.co\\\/Revista\\\/inicia-el-2024-con-empleo\\\/\"},\"wordCount\":519,\"commentCount\":0,\"publisher\":{\"@id\":\"https:\\\/\\\/tuguia.combarranquilla.co\\\/Revista\\\/#organization\"},\"image\":{\"@id\":\"https:\\\/\\\/tuguia.combarranquilla.co\\\/Revista\\\/inicia-el-2024-con-empleo\\\/#primaryimage\"},\"thumbnailUrl\":\"https:\\\/\\\/tuguia.combarranquilla.co\\\/Revista\\\/wp-content\\\/uploads\\\/2024\\\/01\\\/diseno-collage-personas-scaled.jpg\",\"articleSection\":[\"EMPLEABILIDAD\"],\"inLanguage\":\"es-CO\",\"potentialAction\":[{\"@type\":\"CommentAction\",\"name\":\"Comment\",\"target\":[\"https:\\\/\\\/tuguia.combarranquilla.co\\\/Revista\\\/inicia-el-2024-con-empleo\\\/#respond\"]}]},{\"@type\":\"WebPage\",\"@id\":\"https:\\\/\\\/tuguia.combarranquilla.co\\\/Revista\\\/inicia-el-2024-con-empleo\\\/\",\"url\":\"https:\\\/\\\/tuguia.combarranquilla.co\\\/Revista\\\/inicia-el-2024-con-empleo\\\/\",\"name\":\"\u00a1Inicia el 2024 con empleo! - Tu Gu\u00eda\",\"isPartOf\":{\"@id\":\"https:\\\/\\\/tuguia.combarranquilla.co\\\/Revista\\\/#website\"},\"primaryImageOfPage\":{\"@id\":\"https:\\\/\\\/tuguia.combarranquilla.co\\\/Revista\\\/inicia-el-2024-con-empleo\\\/#primaryimage\"},\"image\":{\"@id\":\"https:\\\/\\\/tuguia.combarranquilla.co\\\/Revista\\\/inicia-el-2024-con-empleo\\\/#primaryimage\"},\"thumbnailUrl\":\"https:\\\/\\\/tuguia.combarranquilla.co\\\/Revista\\\/wp-content\\\/uploads\\\/2024\\\/01\\\/diseno-collage-personas-scaled.jpg\",\"datePublished\":\"2024-01-04T19:22:24+00:00\",\"dateModified\":\"2024-01-04T19:22:25+00:00\",\"breadcrumb\":{\"@id\":\"https:\\\/\\\/tuguia.combarranquilla.co\\\/Revista\\\/inicia-el-2024-con-empleo\\\/#breadcrumb\"},\"inLanguage\":\"es-CO\",\"potentialAction\":[{\"@type\":\"ReadAction\",\"target\":[\"https:\\\/\\\/tuguia.combarranquilla.co\\\/Revista\\\/inicia-el-2024-con-empleo\\\/\"]}]},{\"@type\":\"ImageObject\",\"inLanguage\":\"es-CO\",\"@id\":\"https:\\\/\\\/tuguia.combarranquilla.co\\\/Revista\\\/inicia-el-2024-con-empleo\\\/#primaryimage\",\"url\":\"https:\\\/\\\/tuguia.combarranquilla.co\\\/Revista\\\/wp-content\\\/uploads\\\/2024\\\/01\\\/diseno-collage-personas-scaled.jpg\",\"contentUrl\":\"https:\\\/\\\/tuguia.combarranquilla.co\\\/Revista\\\/wp-content\\\/uploads\\\/2024\\\/01\\\/diseno-collage-personas-scaled.jpg\",\"width\":2560,\"height\":1463,\"caption\":\"Imagen de referencia\"},{\"@type\":\"BreadcrumbList\",\"@id\":\"https:\\\/\\\/tuguia.combarranquilla.co\\\/Revista\\\/inicia-el-2024-con-empleo\\\/#breadcrumb\",\"itemListElement\":[{\"@type\":\"ListItem\",\"position\":1,\"name\":\"Inicio\",\"item\":\"https:\\\/\\\/tuguia.combarranquilla.co\\\/Revista\\\/\"},{\"@type\":\"ListItem\",\"position\":2,\"name\":\"\u00a1Inicia el 2024 con empleo!\"}]},{\"@type\":\"WebSite\",\"@id\":\"https:\\\/\\\/tuguia.combarranquilla.co\\\/Revista\\\/#website\",\"url\":\"https:\\\/\\\/tuguia.combarranquilla.co\\\/Revista\\\/\",\"name\":\"Tu Gu\u00eda\",\"description\":\"La revista donde lo tienes todo.\",\"publisher\":{\"@id\":\"https:\\\/\\\/tuguia.combarranquilla.co\\\/Revista\\\/#organization\"},\"alternateName\":\"Tu Gu\u00eda Combarranquilla\",\"potentialAction\":[{\"@type\":\"SearchAction\",\"target\":{\"@type\":\"EntryPoint\",\"urlTemplate\":\"https:\\\/\\\/tuguia.combarranquilla.co\\\/Revista\\\/?s={search_term_string}\"},\"query-input\":{\"@type\":\"PropertyValueSpecification\",\"valueRequired\":true,\"valueName\":\"search_term_string\"}}],\"inLanguage\":\"es-CO\"},{\"@type\":\"Organization\",\"@id\":\"https:\\\/\\\/tuguia.combarranquilla.co\\\/Revista\\\/#organization\",\"name\":\"Tu Gu\u00eda Combarranquilla\",\"url\":\"https:\\\/\\\/tuguia.combarranquilla.co\\\/Revista\\\/\",\"logo\":{\"@type\":\"ImageObject\",\"inLanguage\":\"es-CO\",\"@id\":\"https:\\\/\\\/tuguia.combarranquilla.co\\\/Revista\\\/#\\\/schema\\\/logo\\\/image\\\/\",\"url\":\"https:\\\/\\\/tuguia.combarranquilla.co\\\/Revista\\\/wp-content\\\/uploads\\\/2022\\\/02\\\/logo-guia-combarranquilla.svg\",\"contentUrl\":\"https:\\\/\\\/tuguia.combarranquilla.co\\\/Revista\\\/wp-content\\\/uploads\\\/2022\\\/02\\\/logo-guia-combarranquilla.svg\",\"caption\":\"Tu Gu\u00eda Combarranquilla\"},\"image\":{\"@id\":\"https:\\\/\\\/tuguia.combarranquilla.co\\\/Revista\\\/#\\\/schema\\\/logo\\\/image\\\/\"}},{\"@type\":\"Person\",\"@id\":\"https:\\\/\\\/tuguia.combarranquilla.co\\\/Revista\\\/#\\\/schema\\\/person\\\/c2c396a77170bd1d5f8ba73294eb0d10\",\"name\":\"Comunicaciones Combarranquilla\",\"image\":{\"@type\":\"ImageObject\",\"inLanguage\":\"es-CO\",\"@id\":\"https:\\\/\\\/tuguia.combarranquilla.co\\\/Revista\\\/wp-content\\\/uploads\\\/2025\\\/05\\\/ABC-Al-Rojo-Logo-96x96.jpg\",\"url\":\"https:\\\/\\\/tuguia.combarranquilla.co\\\/Revista\\\/wp-content\\\/uploads\\\/2025\\\/05\\\/ABC-Al-Rojo-Logo-96x96.jpg\",\"contentUrl\":\"https:\\\/\\\/tuguia.combarranquilla.co\\\/Revista\\\/wp-content\\\/uploads\\\/2025\\\/05\\\/ABC-Al-Rojo-Logo-96x96.jpg\",\"caption\":\"Comunicaciones Combarranquilla\"},\"sameAs\":[\"https:\\\/\\\/www.combarranquilla.co\"],\"url\":\"https:\\\/\\\/tuguia.combarranquilla.co\\\/Revista\\\/author\\\/comunicaciones\\\/\"}]}<\/script>\n<!-- \/ Yoast SEO plugin. -->","yoast_head_json":{"title":"\u00a1Inicia el 2024 con empleo! - Tu Gu\u00eda","robots":{"index":"index","follow":"follow","max-snippet":"max-snippet:-1","max-image-preview":"max-image-preview:large","max-video-preview":"max-video-preview:-1"},"canonical":"https:\/\/tuguia.combarranquilla.co\/Revista\/inicia-el-2024-con-empleo\/","og_locale":"es_ES","og_type":"article","og_title":"\u00a1Inicia el 2024 con empleo! - Tu Gu\u00eda","og_description":"En la actualidad, el empleo desempe\u00f1a un papel esencial en la din\u00e1mica socioecon\u00f3mica de cualquier regi\u00f3n. A medida que el mundo evoluciona, surgen nuevas funciones y campos que generan diversas oportunidades para los bachilleres, t\u00e9cnicos y profesionales. En Combarranquilla, consideramos que crear oportunidades laborales transforma la vida de muchas personas que sue\u00f1an con trabajar por [&hellip;]","og_url":"https:\/\/tuguia.combarranquilla.co\/Revista\/inicia-el-2024-con-empleo\/","og_site_name":"Tu Gu\u00eda","article_published_time":"2024-01-04T19:22:24+00:00","article_modified_time":"2024-01-04T19:22:25+00:00","og_image":[{"width":2560,"height":1463,"url":"https:\/\/tuguia.combarranquilla.co\/Revista\/wp-content\/uploads\/2024\/01\/diseno-collage-personas-scaled.jpg","type":"image\/jpeg"}],"author":"Comunicaciones Combarranquilla","twitter_card":"summary_large_image","twitter_misc":{"Escrito por":"Comunicaciones Combarranquilla","Tiempo de lectura":"3 minutos"},"schema":{"@context":"https:\/\/schema.org","@graph":[{"@type":"Article","@id":"https:\/\/tuguia.combarranquilla.co\/Revista\/inicia-el-2024-con-empleo\/#article","isPartOf":{"@id":"https:\/\/tuguia.combarranquilla.co\/Revista\/inicia-el-2024-con-empleo\/"},"author":{"name":"Comunicaciones Combarranquilla","@id":"https:\/\/tuguia.combarranquilla.co\/Revista\/#\/schema\/person\/c2c396a77170bd1d5f8ba73294eb0d10"},"headline":"\u00a1Inicia el 2024 con empleo!","datePublished":"2024-01-04T19:22:24+00:00","dateModified":"2024-01-04T19:22:25+00:00","mainEntityOfPage":{"@id":"https:\/\/tuguia.combarranquilla.co\/Revista\/inicia-el-2024-con-empleo\/"},"wordCount":519,"commentCount":0,"publisher":{"@id":"https:\/\/tuguia.combarranquilla.co\/Revista\/#organization"},"image":{"@id":"https:\/\/tuguia.combarranquilla.co\/Revista\/inicia-el-2024-con-empleo\/#primaryimage"},"thumbnailUrl":"https:\/\/tuguia.combarranquilla.co\/Revista\/wp-content\/uploads\/2024\/01\/diseno-collage-personas-scaled.jpg","articleSection":["EMPLEABILIDAD"],"inLanguage":"es-CO","potentialAction":[{"@type":"CommentAction","name":"Comment","target":["https:\/\/tuguia.combarranquilla.co\/Revista\/inicia-el-2024-con-empleo\/#respond"]}]},{"@type":"WebPage","@id":"https:\/\/tuguia.combarranquilla.co\/Revista\/inicia-el-2024-con-empleo\/","url":"https:\/\/tuguia.combarranquilla.co\/Revista\/inicia-el-2024-con-empleo\/","name":"\u00a1Inicia el 2024 con empleo! - Tu Gu\u00eda","isPartOf":{"@id":"https:\/\/tuguia.combarranquilla.co\/Revista\/#website"},"primaryImageOfPage":{"@id":"https:\/\/tuguia.combarranquilla.co\/Revista\/inicia-el-2024-con-empleo\/#primaryimage"},"image":{"@id":"https:\/\/tuguia.combarranquilla.co\/Revista\/inicia-el-2024-con-empleo\/#primaryimage"},"thumbnailUrl":"https:\/\/tuguia.combarranquilla.co\/Revista\/wp-content\/uploads\/2024\/01\/diseno-collage-personas-scaled.jpg","datePublished":"2024-01-04T19:22:24+00:00","dateModified":"2024-01-04T19:22:25+00:00","breadcrumb":{"@id":"https:\/\/tuguia.combarranquilla.co\/Revista\/inicia-el-2024-con-empleo\/#breadcrumb"},"inLanguage":"es-CO","potentialAction":[{"@type":"ReadAction","target":["https:\/\/tuguia.combarranquilla.co\/Revista\/inicia-el-2024-con-empleo\/"]}]},{"@type":"ImageObject","inLanguage":"es-CO","@id":"https:\/\/tuguia.combarranquilla.co\/Revista\/inicia-el-2024-con-empleo\/#primaryimage","url":"https:\/\/tuguia.combarranquilla.co\/Revista\/wp-content\/uploads\/2024\/01\/diseno-collage-personas-scaled.jpg","contentUrl":"https:\/\/tuguia.combarranquilla.co\/Revista\/wp-content\/uploads\/2024\/01\/diseno-collage-personas-scaled.jpg","width":2560,"height":1463,"caption":"Imagen de referencia"},{"@type":"BreadcrumbList","@id":"https:\/\/tuguia.combarranquilla.co\/Revista\/inicia-el-2024-con-empleo\/#breadcrumb","itemListElement":[{"@type":"ListItem","position":1,"name":"Inicio","item":"https:\/\/tuguia.combarranquilla.co\/Revista\/"},{"@type":"ListItem","position":2,"name":"\u00a1Inicia el 2024 con empleo!"}]},{"@type":"WebSite","@id":"https:\/\/tuguia.combarranquilla.co\/Revista\/#website","url":"https:\/\/tuguia.combarranquilla.co\/Revista\/","name":"Tu Gu\u00eda","description":"La revista donde lo tienes todo.","publisher":{"@id":"https:\/\/tuguia.combarranquilla.co\/Revista\/#organization"},"alternateName":"Tu Gu\u00eda Combarranquilla","potentialAction":[{"@type":"SearchAction","target":{"@type":"EntryPoint","urlTemplate":"https:\/\/tuguia.combarranquilla.co\/Revista\/?s={search_term_string}"},"query-input":{"@type":"PropertyValueSpecification","valueRequired":true,"valueName":"search_term_string"}}],"inLanguage":"es-CO"},{"@type":"Organization","@id":"https:\/\/tuguia.combarranquilla.co\/Revista\/#organization","name":"Tu Gu\u00eda Combarranquilla","url":"https:\/\/tuguia.combarranquilla.co\/Revista\/","logo":{"@type":"ImageObject","inLanguage":"es-CO","@id":"https:\/\/tuguia.combarranquilla.co\/Revista\/#\/schema\/logo\/image\/","url":"https:\/\/tuguia.combarranquilla.co\/Revista\/wp-content\/uploads\/2022\/02\/logo-guia-combarranquilla.svg","contentUrl":"https:\/\/tuguia.combarranquilla.co\/Revista\/wp-content\/uploads\/2022\/02\/logo-guia-combarranquilla.svg","caption":"Tu Gu\u00eda Combarranquilla"},"image":{"@id":"https:\/\/tuguia.combarranquilla.co\/Revista\/#\/schema\/logo\/image\/"}},{"@type":"Person","@id":"https:\/\/tuguia.combarranquilla.co\/Revista\/#\/schema\/person\/c2c396a77170bd1d5f8ba73294eb0d10","name":"Comunicaciones Combarranquilla","image":{"@type":"ImageObject","inLanguage":"es-CO","@id":"https:\/\/tuguia.combarranquilla.co\/Revista\/wp-content\/uploads\/2025\/05\/ABC-Al-Rojo-Logo-96x96.jpg","url":"https:\/\/tuguia.combarranquilla.co\/Revista\/wp-content\/uploads\/2025\/05\/ABC-Al-Rojo-Logo-96x96.jpg","contentUrl":"https:\/\/tuguia.combarranquilla.co\/Revista\/wp-content\/uploads\/2025\/05\/ABC-Al-Rojo-Logo-96x96.jpg","caption":"Comunicaciones Combarranquilla"},"sameAs":["https:\/\/www.combarranquilla.co"],"url":"https:\/\/tuguia.combarranquilla.co\/Revista\/author\/comunicaciones\/"}]}},"_links":{"self":[{"href":"https:\/\/tuguia.combarranquilla.co\/Revista\/wp-json\/wp\/v2\/posts\/3353","targetHints":{"allow":["GET"]}}],"collection":[{"href":"https:\/\/tuguia.combarranquilla.co\/Revista\/wp-json\/wp\/v2\/posts"}],"about":[{"href":"https:\/\/tuguia.combarranquilla.co\/Revista\/wp-json\/wp\/v2\/types\/post"}],"author":[{"embeddable":true,"href":"https:\/\/tuguia.combarranquilla.co\/Revista\/wp-json\/wp\/v2\/users\/2"}],"replies":[{"embeddable":true,"href":"https:\/\/tuguia.combarranquilla.co\/Revista\/wp-json\/wp\/v2\/comments?post=3353"}],"version-history":[{"count":27,"href":"https:\/\/tuguia.combarranquilla.co\/Revista\/wp-json\/wp\/v2\/posts\/3353\/revisions"}],"predecessor-version":[{"id":3411,"href":"https:\/\/tuguia.combarranquilla.co\/Revista\/wp-json\/wp\/v2\/posts\/3353\/revisions\/3411"}],"wp:featuredmedia":[{"embeddable":true,"href":"https:\/\/tuguia.combarranquilla.co\/Revista\/wp-json\/wp\/v2\/media\/3372"}],"wp:attachment":[{"href":"https:\/\/tuguia.combarranquilla.co\/Revista\/wp-json\/wp\/v2\/media?parent=3353"}],"wp:term":[{"taxonomy":"category","embeddable":true,"href":"https:\/\/tuguia.combarranquilla.co\/Revista\/wp-json\/wp\/v2\/categories?post=3353"},{"taxonomy":"post_tag","embeddable":true,"href":"https:\/\/tuguia.combarranquilla.co\/Revista\/wp-json\/wp\/v2\/tags?post=3353"}],"curies":[{"name":"wp","href":"https:\/\/api.w.org\/{rel}","templated":true}]}}