{"id":340,"date":"2022-08-02T11:23:00","date_gmt":"2022-08-02T16:23:00","guid":{"rendered":"https:\/\/tuguia.combarranquilla.co\/Revista\/?p=340"},"modified":"2022-12-02T11:31:44","modified_gmt":"2022-12-02T16:31:44","slug":"subsidios-girados-no-cobrados","status":"publish","type":"post","link":"https:\/\/tuguia.combarranquilla.co\/Revista\/subsidios-girados-no-cobrados\/","title":{"rendered":"<strong>Haz uso de tu subsidio monetario<\/strong>"},"content":{"rendered":"\n<p>\u00a1No dejes que prescriba tu subsidio!<\/p>\n\n\n\n<p>El subsidio monetario que reciben los beneficiarios de trabajadores afiliados en categor\u00edas A y B como apoyo econ\u00f3mico a las familias, tiene una vigencia de redenci\u00f3n de tres a\u00f1os seg\u00fan la <strong>resoluci\u00f3n 017 de 2020<\/strong> de la Superintendencia del Subsidio Familiar.<\/p>\n\n\n\n<p>Este subsidio es girado a trav\u00e9s de la tarjeta multipago o a Mi Billetera Combarranquilla de la app Cobre, con el prop\u00f3sito de ayudar a aliviar cargas econ\u00f3micas de las familias. En el 2022 la cuota monetaria mensual entregada a cada beneficiario que cumple con los requisitos para recibirla es de $36.200.<\/p>\n\n\n\n<p>\u00bfC\u00f3mo hacer para que el subsidio no prescriba?<\/p>\n\n\n\n<ul class=\"wp-block-list\">\n<li>Redime de manera mensual la cuota monetaria o no dejes pasar m\u00e1s de tres a\u00f1os a partir de la fecha de consignaci\u00f3n para hacer el retiro.<\/li>\n\n\n\n<li>Mant\u00e9n actualizados tus datos en nuestra p\u00e1gina web <a href=\"https:\/\/enlinea.combarranquilla.co\/cbq\/\">https:\/\/enlinea.combarranquilla.co\/cbq\/<\/a> y as\u00ed podr\u00e1s recibir notificaciones e informaci\u00f3n para que no tu cuota no venza.<\/li>\n\n\n\n<li>En el perfil web del trabajador encontrar\u00e1s las notificaciones de consignaci\u00f3n y vencimiento de las cuotas.<\/li>\n<\/ul>\n\n\n\n<p>\u00a1Utiliza tu subsidio!<\/p>\n\n\n\n<p><a href=\"http:\/\/www.combarranquilla.co\/\">www.combarranquilla.co<\/a><\/p>\n\n\n\n<p><\/p>\n\n\n\n<p><br><\/p>\n","protected":false},"excerpt":{"rendered":"<p>\u00a1No dejes que prescriba tu subsidio! El subsidio monetario que reciben los beneficiarios de trabajadores afiliados en categor\u00edas A y B como apoyo econ\u00f3mico a las familias, tiene una vigencia de redenci\u00f3n de tres a\u00f1os seg\u00fan la resoluci\u00f3n 017 de 2020 de la Superintendencia del Subsidio Familiar. Este subsidio es girado a trav\u00e9s de la [&hellip;]<\/p>\n","protected":false},"author":2,"featured_media":425,"comment_status":"open","ping_status":"open","sticky":false,"template":"","format":"standard","meta":{"inline_featured_image":false,"footnotes":""},"categories":[2],"tags":[],"class_list":["post-340","post","type-post","status-publish","format-standard","has-post-thumbnail","hentry","category-subsidios"],"yoast_head":"<!-- This site is optimized with the Yoast SEO plugin v27.4 - https:\/\/yoast.com\/product\/yoast-seo-wordpress\/ -->\n<title>Haz uso de tu subsidio monetario - Tu Gu\u00eda<\/title>\n<meta name=\"robots\" content=\"index, follow, max-snippet:-1, max-image-preview:large, max-video-preview:-1\" \/>\n<link rel=\"canonical\" href=\"https:\/\/tuguia.combarranquilla.co\/Revista\/subsidios-girados-no-cobrados\/\" \/>\n<meta property=\"og:locale\" content=\"es_ES\" \/>\n<meta property=\"og:type\" content=\"article\" \/>\n<meta property=\"og:title\" content=\"Haz uso de tu subsidio monetario - Tu Gu\u00eda\" \/>\n<meta property=\"og:description\" content=\"\u00a1No dejes que prescriba tu subsidio! El subsidio monetario que reciben los beneficiarios de trabajadores afiliados en categor\u00edas A y B como apoyo econ\u00f3mico a las familias, tiene una vigencia de redenci\u00f3n de tres a\u00f1os seg\u00fan la resoluci\u00f3n 017 de 2020 de la Superintendencia del Subsidio Familiar. Este subsidio es girado a trav\u00e9s de la [&hellip;]\" \/>\n<meta property=\"og:url\" content=\"https:\/\/tuguia.combarranquilla.co\/Revista\/subsidios-girados-no-cobrados\/\" \/>\n<meta property=\"og:site_name\" content=\"Tu Gu\u00eda\" \/>\n<meta property=\"article:published_time\" content=\"2022-08-02T16:23:00+00:00\" \/>\n<meta property=\"article:modified_time\" content=\"2022-12-02T16:31:44+00:00\" \/>\n<meta property=\"og:image\" content=\"https:\/\/tuguia.combarranquilla.co\/Revista\/wp-content\/uploads\/2022\/06\/young-family-with-their-small-daughter-in-autumn-park-scaled.jpg\" \/>\n\t<meta property=\"og:image:width\" content=\"2560\" \/>\n\t<meta property=\"og:image:height\" content=\"1706\" \/>\n\t<meta property=\"og:image:type\" content=\"image\/jpeg\" \/>\n<meta name=\"author\" content=\"Comunicaciones Combarranquilla\" \/>\n<meta name=\"twitter:card\" content=\"summary_large_image\" \/>\n<meta name=\"twitter:label1\" content=\"Escrito por\" \/>\n\t<meta name=\"twitter:data1\" content=\"Comunicaciones Combarranquilla\" \/>\n\t<meta name=\"twitter:label2\" content=\"Tiempo de lectura\" \/>\n\t<meta name=\"twitter:data2\" content=\"1 minuto\" \/>\n<script type=\"application\/ld+json\" class=\"yoast-schema-graph\">{\"@context\":\"https:\\\/\\\/schema.org\",\"@graph\":[{\"@type\":\"Article\",\"@id\":\"https:\\\/\\\/tuguia.combarranquilla.co\\\/Revista\\\/subsidios-girados-no-cobrados\\\/#article\",\"isPartOf\":{\"@id\":\"https:\\\/\\\/tuguia.combarranquilla.co\\\/Revista\\\/subsidios-girados-no-cobrados\\\/\"},\"author\":{\"name\":\"Comunicaciones Combarranquilla\",\"@id\":\"https:\\\/\\\/tuguia.combarranquilla.co\\\/Revista\\\/#\\\/schema\\\/person\\\/c2c396a77170bd1d5f8ba73294eb0d10\"},\"headline\":\"Haz uso de tu subsidio monetario\",\"datePublished\":\"2022-08-02T16:23:00+00:00\",\"dateModified\":\"2022-12-02T16:31:44+00:00\",\"mainEntityOfPage\":{\"@id\":\"https:\\\/\\\/tuguia.combarranquilla.co\\\/Revista\\\/subsidios-girados-no-cobrados\\\/\"},\"wordCount\":203,\"commentCount\":0,\"publisher\":{\"@id\":\"https:\\\/\\\/tuguia.combarranquilla.co\\\/Revista\\\/#organization\"},\"image\":{\"@id\":\"https:\\\/\\\/tuguia.combarranquilla.co\\\/Revista\\\/subsidios-girados-no-cobrados\\\/#primaryimage\"},\"thumbnailUrl\":\"https:\\\/\\\/tuguia.combarranquilla.co\\\/Revista\\\/wp-content\\\/uploads\\\/2022\\\/06\\\/young-family-with-their-small-daughter-in-autumn-park-scaled.jpg\",\"articleSection\":[\"SUBSIDIOS\"],\"inLanguage\":\"es-CO\",\"potentialAction\":[{\"@type\":\"CommentAction\",\"name\":\"Comment\",\"target\":[\"https:\\\/\\\/tuguia.combarranquilla.co\\\/Revista\\\/subsidios-girados-no-cobrados\\\/#respond\"]}]},{\"@type\":\"WebPage\",\"@id\":\"https:\\\/\\\/tuguia.combarranquilla.co\\\/Revista\\\/subsidios-girados-no-cobrados\\\/\",\"url\":\"https:\\\/\\\/tuguia.combarranquilla.co\\\/Revista\\\/subsidios-girados-no-cobrados\\\/\",\"name\":\"Haz uso de tu subsidio monetario - Tu Gu\u00eda\",\"isPartOf\":{\"@id\":\"https:\\\/\\\/tuguia.combarranquilla.co\\\/Revista\\\/#website\"},\"primaryImageOfPage\":{\"@id\":\"https:\\\/\\\/tuguia.combarranquilla.co\\\/Revista\\\/subsidios-girados-no-cobrados\\\/#primaryimage\"},\"image\":{\"@id\":\"https:\\\/\\\/tuguia.combarranquilla.co\\\/Revista\\\/subsidios-girados-no-cobrados\\\/#primaryimage\"},\"thumbnailUrl\":\"https:\\\/\\\/tuguia.combarranquilla.co\\\/Revista\\\/wp-content\\\/uploads\\\/2022\\\/06\\\/young-family-with-their-small-daughter-in-autumn-park-scaled.jpg\",\"datePublished\":\"2022-08-02T16:23:00+00:00\",\"dateModified\":\"2022-12-02T16:31:44+00:00\",\"breadcrumb\":{\"@id\":\"https:\\\/\\\/tuguia.combarranquilla.co\\\/Revista\\\/subsidios-girados-no-cobrados\\\/#breadcrumb\"},\"inLanguage\":\"es-CO\",\"potentialAction\":[{\"@type\":\"ReadAction\",\"target\":[\"https:\\\/\\\/tuguia.combarranquilla.co\\\/Revista\\\/subsidios-girados-no-cobrados\\\/\"]}]},{\"@type\":\"ImageObject\",\"inLanguage\":\"es-CO\",\"@id\":\"https:\\\/\\\/tuguia.combarranquilla.co\\\/Revista\\\/subsidios-girados-no-cobrados\\\/#primaryimage\",\"url\":\"https:\\\/\\\/tuguia.combarranquilla.co\\\/Revista\\\/wp-content\\\/uploads\\\/2022\\\/06\\\/young-family-with-their-small-daughter-in-autumn-park-scaled.jpg\",\"contentUrl\":\"https:\\\/\\\/tuguia.combarranquilla.co\\\/Revista\\\/wp-content\\\/uploads\\\/2022\\\/06\\\/young-family-with-their-small-daughter-in-autumn-park-scaled.jpg\",\"width\":2560,\"height\":1706,\"caption\":\"Young family with their small daughter in autumn park\"},{\"@type\":\"BreadcrumbList\",\"@id\":\"https:\\\/\\\/tuguia.combarranquilla.co\\\/Revista\\\/subsidios-girados-no-cobrados\\\/#breadcrumb\",\"itemListElement\":[{\"@type\":\"ListItem\",\"position\":1,\"name\":\"Inicio\",\"item\":\"https:\\\/\\\/tuguia.combarranquilla.co\\\/Revista\\\/\"},{\"@type\":\"ListItem\",\"position\":2,\"name\":\"Haz uso de tu subsidio monetario\"}]},{\"@type\":\"WebSite\",\"@id\":\"https:\\\/\\\/tuguia.combarranquilla.co\\\/Revista\\\/#website\",\"url\":\"https:\\\/\\\/tuguia.combarranquilla.co\\\/Revista\\\/\",\"name\":\"Tu Gu\u00eda\",\"description\":\"La revista donde lo tienes todo.\",\"publisher\":{\"@id\":\"https:\\\/\\\/tuguia.combarranquilla.co\\\/Revista\\\/#organization\"},\"alternateName\":\"Tu Gu\u00eda Combarranquilla\",\"potentialAction\":[{\"@type\":\"SearchAction\",\"target\":{\"@type\":\"EntryPoint\",\"urlTemplate\":\"https:\\\/\\\/tuguia.combarranquilla.co\\\/Revista\\\/?s={search_term_string}\"},\"query-input\":{\"@type\":\"PropertyValueSpecification\",\"valueRequired\":true,\"valueName\":\"search_term_string\"}}],\"inLanguage\":\"es-CO\"},{\"@type\":\"Organization\",\"@id\":\"https:\\\/\\\/tuguia.combarranquilla.co\\\/Revista\\\/#organization\",\"name\":\"Tu Gu\u00eda Combarranquilla\",\"url\":\"https:\\\/\\\/tuguia.combarranquilla.co\\\/Revista\\\/\",\"logo\":{\"@type\":\"ImageObject\",\"inLanguage\":\"es-CO\",\"@id\":\"https:\\\/\\\/tuguia.combarranquilla.co\\\/Revista\\\/#\\\/schema\\\/logo\\\/image\\\/\",\"url\":\"https:\\\/\\\/tuguia.combarranquilla.co\\\/Revista\\\/wp-content\\\/uploads\\\/2022\\\/02\\\/logo-guia-combarranquilla.svg\",\"contentUrl\":\"https:\\\/\\\/tuguia.combarranquilla.co\\\/Revista\\\/wp-content\\\/uploads\\\/2022\\\/02\\\/logo-guia-combarranquilla.svg\",\"caption\":\"Tu Gu\u00eda Combarranquilla\"},\"image\":{\"@id\":\"https:\\\/\\\/tuguia.combarranquilla.co\\\/Revista\\\/#\\\/schema\\\/logo\\\/image\\\/\"}},{\"@type\":\"Person\",\"@id\":\"https:\\\/\\\/tuguia.combarranquilla.co\\\/Revista\\\/#\\\/schema\\\/person\\\/c2c396a77170bd1d5f8ba73294eb0d10\",\"name\":\"Comunicaciones Combarranquilla\",\"image\":{\"@type\":\"ImageObject\",\"inLanguage\":\"es-CO\",\"@id\":\"https:\\\/\\\/tuguia.combarranquilla.co\\\/Revista\\\/wp-content\\\/uploads\\\/2025\\\/05\\\/ABC-Al-Rojo-Logo-96x96.jpg\",\"url\":\"https:\\\/\\\/tuguia.combarranquilla.co\\\/Revista\\\/wp-content\\\/uploads\\\/2025\\\/05\\\/ABC-Al-Rojo-Logo-96x96.jpg\",\"contentUrl\":\"https:\\\/\\\/tuguia.combarranquilla.co\\\/Revista\\\/wp-content\\\/uploads\\\/2025\\\/05\\\/ABC-Al-Rojo-Logo-96x96.jpg\",\"caption\":\"Comunicaciones Combarranquilla\"},\"sameAs\":[\"https:\\\/\\\/www.combarranquilla.co\"],\"url\":\"https:\\\/\\\/tuguia.combarranquilla.co\\\/Revista\\\/author\\\/comunicaciones\\\/\"}]}<\/script>\n<!-- \/ Yoast SEO plugin. -->","yoast_head_json":{"title":"Haz uso de tu subsidio monetario - Tu Gu\u00eda","robots":{"index":"index","follow":"follow","max-snippet":"max-snippet:-1","max-image-preview":"max-image-preview:large","max-video-preview":"max-video-preview:-1"},"canonical":"https:\/\/tuguia.combarranquilla.co\/Revista\/subsidios-girados-no-cobrados\/","og_locale":"es_ES","og_type":"article","og_title":"Haz uso de tu subsidio monetario - Tu Gu\u00eda","og_description":"\u00a1No dejes que prescriba tu subsidio! El subsidio monetario que reciben los beneficiarios de trabajadores afiliados en categor\u00edas A y B como apoyo econ\u00f3mico a las familias, tiene una vigencia de redenci\u00f3n de tres a\u00f1os seg\u00fan la resoluci\u00f3n 017 de 2020 de la Superintendencia del Subsidio Familiar. Este subsidio es girado a trav\u00e9s de la [&hellip;]","og_url":"https:\/\/tuguia.combarranquilla.co\/Revista\/subsidios-girados-no-cobrados\/","og_site_name":"Tu Gu\u00eda","article_published_time":"2022-08-02T16:23:00+00:00","article_modified_time":"2022-12-02T16:31:44+00:00","og_image":[{"width":2560,"height":1706,"url":"https:\/\/tuguia.combarranquilla.co\/Revista\/wp-content\/uploads\/2022\/06\/young-family-with-their-small-daughter-in-autumn-park-scaled.jpg","type":"image\/jpeg"}],"author":"Comunicaciones Combarranquilla","twitter_card":"summary_large_image","twitter_misc":{"Escrito por":"Comunicaciones Combarranquilla","Tiempo de lectura":"1 minuto"},"schema":{"@context":"https:\/\/schema.org","@graph":[{"@type":"Article","@id":"https:\/\/tuguia.combarranquilla.co\/Revista\/subsidios-girados-no-cobrados\/#article","isPartOf":{"@id":"https:\/\/tuguia.combarranquilla.co\/Revista\/subsidios-girados-no-cobrados\/"},"author":{"name":"Comunicaciones Combarranquilla","@id":"https:\/\/tuguia.combarranquilla.co\/Revista\/#\/schema\/person\/c2c396a77170bd1d5f8ba73294eb0d10"},"headline":"Haz uso de tu subsidio monetario","datePublished":"2022-08-02T16:23:00+00:00","dateModified":"2022-12-02T16:31:44+00:00","mainEntityOfPage":{"@id":"https:\/\/tuguia.combarranquilla.co\/Revista\/subsidios-girados-no-cobrados\/"},"wordCount":203,"commentCount":0,"publisher":{"@id":"https:\/\/tuguia.combarranquilla.co\/Revista\/#organization"},"image":{"@id":"https:\/\/tuguia.combarranquilla.co\/Revista\/subsidios-girados-no-cobrados\/#primaryimage"},"thumbnailUrl":"https:\/\/tuguia.combarranquilla.co\/Revista\/wp-content\/uploads\/2022\/06\/young-family-with-their-small-daughter-in-autumn-park-scaled.jpg","articleSection":["SUBSIDIOS"],"inLanguage":"es-CO","potentialAction":[{"@type":"CommentAction","name":"Comment","target":["https:\/\/tuguia.combarranquilla.co\/Revista\/subsidios-girados-no-cobrados\/#respond"]}]},{"@type":"WebPage","@id":"https:\/\/tuguia.combarranquilla.co\/Revista\/subsidios-girados-no-cobrados\/","url":"https:\/\/tuguia.combarranquilla.co\/Revista\/subsidios-girados-no-cobrados\/","name":"Haz uso de tu subsidio monetario - Tu Gu\u00eda","isPartOf":{"@id":"https:\/\/tuguia.combarranquilla.co\/Revista\/#website"},"primaryImageOfPage":{"@id":"https:\/\/tuguia.combarranquilla.co\/Revista\/subsidios-girados-no-cobrados\/#primaryimage"},"image":{"@id":"https:\/\/tuguia.combarranquilla.co\/Revista\/subsidios-girados-no-cobrados\/#primaryimage"},"thumbnailUrl":"https:\/\/tuguia.combarranquilla.co\/Revista\/wp-content\/uploads\/2022\/06\/young-family-with-their-small-daughter-in-autumn-park-scaled.jpg","datePublished":"2022-08-02T16:23:00+00:00","dateModified":"2022-12-02T16:31:44+00:00","breadcrumb":{"@id":"https:\/\/tuguia.combarranquilla.co\/Revista\/subsidios-girados-no-cobrados\/#breadcrumb"},"inLanguage":"es-CO","potentialAction":[{"@type":"ReadAction","target":["https:\/\/tuguia.combarranquilla.co\/Revista\/subsidios-girados-no-cobrados\/"]}]},{"@type":"ImageObject","inLanguage":"es-CO","@id":"https:\/\/tuguia.combarranquilla.co\/Revista\/subsidios-girados-no-cobrados\/#primaryimage","url":"https:\/\/tuguia.combarranquilla.co\/Revista\/wp-content\/uploads\/2022\/06\/young-family-with-their-small-daughter-in-autumn-park-scaled.jpg","contentUrl":"https:\/\/tuguia.combarranquilla.co\/Revista\/wp-content\/uploads\/2022\/06\/young-family-with-their-small-daughter-in-autumn-park-scaled.jpg","width":2560,"height":1706,"caption":"Young family with their small daughter in autumn park"},{"@type":"BreadcrumbList","@id":"https:\/\/tuguia.combarranquilla.co\/Revista\/subsidios-girados-no-cobrados\/#breadcrumb","itemListElement":[{"@type":"ListItem","position":1,"name":"Inicio","item":"https:\/\/tuguia.combarranquilla.co\/Revista\/"},{"@type":"ListItem","position":2,"name":"Haz uso de tu subsidio monetario"}]},{"@type":"WebSite","@id":"https:\/\/tuguia.combarranquilla.co\/Revista\/#website","url":"https:\/\/tuguia.combarranquilla.co\/Revista\/","name":"Tu Gu\u00eda","description":"La revista donde lo tienes todo.","publisher":{"@id":"https:\/\/tuguia.combarranquilla.co\/Revista\/#organization"},"alternateName":"Tu Gu\u00eda Combarranquilla","potentialAction":[{"@type":"SearchAction","target":{"@type":"EntryPoint","urlTemplate":"https:\/\/tuguia.combarranquilla.co\/Revista\/?s={search_term_string}"},"query-input":{"@type":"PropertyValueSpecification","valueRequired":true,"valueName":"search_term_string"}}],"inLanguage":"es-CO"},{"@type":"Organization","@id":"https:\/\/tuguia.combarranquilla.co\/Revista\/#organization","name":"Tu Gu\u00eda Combarranquilla","url":"https:\/\/tuguia.combarranquilla.co\/Revista\/","logo":{"@type":"ImageObject","inLanguage":"es-CO","@id":"https:\/\/tuguia.combarranquilla.co\/Revista\/#\/schema\/logo\/image\/","url":"https:\/\/tuguia.combarranquilla.co\/Revista\/wp-content\/uploads\/2022\/02\/logo-guia-combarranquilla.svg","contentUrl":"https:\/\/tuguia.combarranquilla.co\/Revista\/wp-content\/uploads\/2022\/02\/logo-guia-combarranquilla.svg","caption":"Tu Gu\u00eda Combarranquilla"},"image":{"@id":"https:\/\/tuguia.combarranquilla.co\/Revista\/#\/schema\/logo\/image\/"}},{"@type":"Person","@id":"https:\/\/tuguia.combarranquilla.co\/Revista\/#\/schema\/person\/c2c396a77170bd1d5f8ba73294eb0d10","name":"Comunicaciones Combarranquilla","image":{"@type":"ImageObject","inLanguage":"es-CO","@id":"https:\/\/tuguia.combarranquilla.co\/Revista\/wp-content\/uploads\/2025\/05\/ABC-Al-Rojo-Logo-96x96.jpg","url":"https:\/\/tuguia.combarranquilla.co\/Revista\/wp-content\/uploads\/2025\/05\/ABC-Al-Rojo-Logo-96x96.jpg","contentUrl":"https:\/\/tuguia.combarranquilla.co\/Revista\/wp-content\/uploads\/2025\/05\/ABC-Al-Rojo-Logo-96x96.jpg","caption":"Comunicaciones Combarranquilla"},"sameAs":["https:\/\/www.combarranquilla.co"],"url":"https:\/\/tuguia.combarranquilla.co\/Revista\/author\/comunicaciones\/"}]}},"_links":{"self":[{"href":"https:\/\/tuguia.combarranquilla.co\/Revista\/wp-json\/wp\/v2\/posts\/340","targetHints":{"allow":["GET"]}}],"collection":[{"href":"https:\/\/tuguia.combarranquilla.co\/Revista\/wp-json\/wp\/v2\/posts"}],"about":[{"href":"https:\/\/tuguia.combarranquilla.co\/Revista\/wp-json\/wp\/v2\/types\/post"}],"author":[{"embeddable":true,"href":"https:\/\/tuguia.combarranquilla.co\/Revista\/wp-json\/wp\/v2\/users\/2"}],"replies":[{"embeddable":true,"href":"https:\/\/tuguia.combarranquilla.co\/Revista\/wp-json\/wp\/v2\/comments?post=340"}],"version-history":[{"count":5,"href":"https:\/\/tuguia.combarranquilla.co\/Revista\/wp-json\/wp\/v2\/posts\/340\/revisions"}],"predecessor-version":[{"id":1148,"href":"https:\/\/tuguia.combarranquilla.co\/Revista\/wp-json\/wp\/v2\/posts\/340\/revisions\/1148"}],"wp:featuredmedia":[{"embeddable":true,"href":"https:\/\/tuguia.combarranquilla.co\/Revista\/wp-json\/wp\/v2\/media\/425"}],"wp:attachment":[{"href":"https:\/\/tuguia.combarranquilla.co\/Revista\/wp-json\/wp\/v2\/media?parent=340"}],"wp:term":[{"taxonomy":"category","embeddable":true,"href":"https:\/\/tuguia.combarranquilla.co\/Revista\/wp-json\/wp\/v2\/categories?post=340"},{"taxonomy":"post_tag","embeddable":true,"href":"https:\/\/tuguia.combarranquilla.co\/Revista\/wp-json\/wp\/v2\/tags?post=340"}],"curies":[{"name":"wp","href":"https:\/\/api.w.org\/{rel}","templated":true}]}}