{"id":350,"date":"2022-08-09T11:39:00","date_gmt":"2022-08-09T16:39:00","guid":{"rendered":"https:\/\/tuguia.combarranquilla.co\/Revista\/?p=350"},"modified":"2022-12-02T11:33:21","modified_gmt":"2022-12-02T16:33:21","slug":"cursos-tecnicos-y-diplomados-sin-costo-alguno","status":"publish","type":"post","link":"https:\/\/tuguia.combarranquilla.co\/Revista\/cursos-tecnicos-y-diplomados-sin-costo-alguno\/","title":{"rendered":"<strong>\u00a1Es t\u00fa momento! Fortalece competencias y mejora la productividad<\/strong>"},"content":{"rendered":"\n<p>La Agencia de Empleo Combarranquilla brinda un amplio portafolio gratuito de cursos para cesantes y trabajadores activos.<\/p>\n\n\n\n<p><\/p>\n\n\n\n<p>El trabajo en equipo, la motivaci\u00f3n, la proactividad, el liderazgo y la productividad son las principales competencias laborales para crecer personal y profesionalmente. Actualmente, este tipo de destrezas marcan la diferencia en cada proceso interno de una compa\u00f1\u00eda, siendo un valor agregado para el cumplimiento de objetivos.<\/p>\n\n\n\n<p>Nuestro Centro de Empleo, se caracteriza por ofrecer soluciones efectivas a oferentes y potenciales empleadores en busca de aprender nuevos conocimientos y mejorar procesos organizacionales. Por esto, brinda una variedad de formaciones en log\u00edstica, tics, recursos humanos, desarrollo de habilidades blandas, marketing y transformaci\u00f3n digital, servicio al cliente, programas de formaci\u00f3n t\u00e9cnico laboral, calidad y normatividad, financiera, formaciones de entrenamiento (BPM, altura y montacarga).<\/p>\n\n\n\n<p>De esta manera Combarranquilla, a trav\u00e9s de su Agencia de Empleo, contin\u00faa apost\u00e1ndole a la generaci\u00f3n de estrategias de formaci\u00f3n alineadas con las cambiantes necesidades del entorno laboral, lo que redunda en la productividad y el progreso de las empresas en el departamento del Atl\u00e1ntico.<\/p>\n\n\n\n<figure class=\"wp-block-video aligncenter\"><video controls src=\"https:\/\/tuguia.combarranquilla.co\/Revista\/wp-content\/uploads\/2022\/06\/Capacitacion-SPE-CURSOS.mp4\"><\/video><figcaption class=\"wp-element-caption\"><em>Aprende con nosotros<\/em><\/figcaption><\/figure>\n\n\n\n<p><strong>Beneficios de la capacitaci\u00f3n para las empresas:<\/strong><\/p>\n\n\n\n<ul class=\"wp-block-list\">\n<li>Aumenta la rentabilidad.<\/li>\n\n\n\n<li>Crea una mejor imagen.<\/li>\n\n\n\n<li>Incrementa la productividad y calidad del trabajo.<\/li>\n\n\n\n<li>Promueve la comunicaci\u00f3n asertiva.<\/li>\n<\/ul>\n\n\n\n<p><strong>Beneficios de la capacitaci\u00f3n para los trabajadores activos:<\/strong><\/p>\n\n\n\n<ul class=\"wp-block-list\">\n<li>Capacidad de soluci\u00f3n de problemas y toma de decisiones.<\/li>\n\n\n\n<li>Mejora la motivaci\u00f3n, para el cumplimiento de objetivos.<\/li>\n\n\n\n<li>Favorece un sentido de progreso en el trabajo y como persona.<\/li>\n\n\n\n<li>Promueve el trabajo en equipo.<\/li>\n<\/ul>\n\n\n\n<p><strong>Beneficios de la capacitaci\u00f3n para oferentes:<\/strong><\/p>\n\n\n\n<ul class=\"wp-block-list\">\n<li>Fortalece habilidades profesionales.<\/li>\n\n\n\n<li>Alimenta la hoja de vida.<\/li>\n\n\n\n<li>Promueve el acceso a m\u00e1s oportunidades laborales.<\/li>\n\n\n\n<li>Adquisici\u00f3n de nuevos conocimientos.<\/li>\n<\/ul>\n\n\n\n<p><strong>\u00bfC\u00f3mo puedo inscribirme?<\/strong><\/p>\n\n\n\n<ol class=\"wp-block-list\" type=\"1\">\n<li>Ingresa a <a href=\"http:\/\/www.combarranquilla.co\/\">www.combarranquilla.co<\/a><\/li>\n\n\n\n<li>Dir\u00edgete a la secci\u00f3n Agencia de Empleo y haz clic en capacitaci\u00f3n.<\/li>\n\n\n\n<li>Lee la programaci\u00f3n de cursos y diplomados disponibles para ti.<\/li>\n\n\n\n<li>Si cumples con las condiciones, diligencia el formulario de preinscripci\u00f3n.<\/li>\n\n\n\n<li>Una vez culminado el proceso, nuestra Agencia de Empleo proceder\u00e1 a validar si cumples con los requisitos indispensables para acceder a este beneficio.<\/li>\n<\/ol>\n\n\n\n<p><strong>\u00bfCu\u00e1les son los requisitos?<\/strong><\/p>\n\n\n\n<p>Si eres cesante, trabajador activo y has cotizado en alguna caja de compensaci\u00f3n m\u00ednimo 12 meses continuos o discontinuos durante los \u00faltimos 3 a\u00f1os, \u00a1Inscr\u00edbete y aprende con nosotros!<\/p>\n\n\n\n<p>Si eres empleador, es necesario estar afiliado y cotizar activo en nuestra caja de compensaci\u00f3n Combarranquilla.<\/p>\n\n\n\n<p><strong>M\u00e1s informaci\u00f3n<\/strong><\/p>\n\n\n\n<p>318 487 3696<\/p>\n\n\n\n<p><a href=\"mailto:lemis.lambrano@combarranquilla.co\">lemis.lambrano@combarranquilla.co<\/a><\/p>\n\n\n\n<p><a href=\"mailto:marilois.daza@combarranquilla.co\">marilois.daza@combarranquilla.co<\/a><\/p>\n","protected":false},"excerpt":{"rendered":"<p>La Agencia de Empleo Combarranquilla brinda un amplio portafolio gratuito de cursos para cesantes y trabajadores activos. El trabajo en equipo, la motivaci\u00f3n, la proactividad, el liderazgo y la productividad son las principales competencias laborales para crecer personal y profesionalmente. Actualmente, este tipo de destrezas marcan la diferencia en cada proceso interno de una compa\u00f1\u00eda, [&hellip;]<\/p>\n","protected":false},"author":2,"featured_media":598,"comment_status":"open","ping_status":"open","sticky":false,"template":"","format":"standard","meta":{"inline_featured_image":false,"footnotes":""},"categories":[6],"tags":[],"class_list":["post-350","post","type-post","status-publish","format-standard","has-post-thumbnail","hentry","category-empleabilidad"],"yoast_head":"<!-- This site is optimized with the Yoast SEO plugin v27.4 - https:\/\/yoast.com\/product\/yoast-seo-wordpress\/ -->\n<title>\u00a1Es t\u00fa momento! Fortalece competencias y mejora la productividad - Tu Gu\u00eda<\/title>\n<meta name=\"robots\" content=\"index, follow, max-snippet:-1, max-image-preview:large, max-video-preview:-1\" \/>\n<link rel=\"canonical\" href=\"https:\/\/tuguia.combarranquilla.co\/Revista\/cursos-tecnicos-y-diplomados-sin-costo-alguno\/\" \/>\n<meta property=\"og:locale\" content=\"es_ES\" \/>\n<meta property=\"og:type\" content=\"article\" \/>\n<meta property=\"og:title\" content=\"\u00a1Es t\u00fa momento! Fortalece competencias y mejora la productividad - Tu Gu\u00eda\" \/>\n<meta property=\"og:description\" content=\"La Agencia de Empleo Combarranquilla brinda un amplio portafolio gratuito de cursos para cesantes y trabajadores activos. El trabajo en equipo, la motivaci\u00f3n, la proactividad, el liderazgo y la productividad son las principales competencias laborales para crecer personal y profesionalmente. Actualmente, este tipo de destrezas marcan la diferencia en cada proceso interno de una compa\u00f1\u00eda, [&hellip;]\" \/>\n<meta property=\"og:url\" content=\"https:\/\/tuguia.combarranquilla.co\/Revista\/cursos-tecnicos-y-diplomados-sin-costo-alguno\/\" \/>\n<meta property=\"og:site_name\" content=\"Tu Gu\u00eda\" \/>\n<meta property=\"article:published_time\" content=\"2022-08-09T16:39:00+00:00\" \/>\n<meta property=\"article:modified_time\" content=\"2022-12-02T16:33:21+00:00\" \/>\n<meta property=\"og:image\" content=\"https:\/\/tuguia.combarranquilla.co\/Revista\/wp-content\/uploads\/2022\/07\/how-is-your-deals-group-of-people-at-business-conference-in-modern-classroom-at-daytime-scaled.jpg\" \/>\n\t<meta property=\"og:image:width\" content=\"2560\" \/>\n\t<meta property=\"og:image:height\" content=\"1707\" \/>\n\t<meta property=\"og:image:type\" content=\"image\/jpeg\" \/>\n<meta name=\"author\" content=\"Comunicaciones Combarranquilla\" \/>\n<meta name=\"twitter:card\" content=\"summary_large_image\" \/>\n<meta name=\"twitter:label1\" content=\"Escrito por\" \/>\n\t<meta name=\"twitter:data1\" content=\"Comunicaciones Combarranquilla\" \/>\n\t<meta name=\"twitter:label2\" content=\"Tiempo de lectura\" \/>\n\t<meta name=\"twitter:data2\" content=\"2 minutos\" \/>\n<script type=\"application\/ld+json\" class=\"yoast-schema-graph\">{\"@context\":\"https:\\\/\\\/schema.org\",\"@graph\":[{\"@type\":\"Article\",\"@id\":\"https:\\\/\\\/tuguia.combarranquilla.co\\\/Revista\\\/cursos-tecnicos-y-diplomados-sin-costo-alguno\\\/#article\",\"isPartOf\":{\"@id\":\"https:\\\/\\\/tuguia.combarranquilla.co\\\/Revista\\\/cursos-tecnicos-y-diplomados-sin-costo-alguno\\\/\"},\"author\":{\"name\":\"Comunicaciones Combarranquilla\",\"@id\":\"https:\\\/\\\/tuguia.combarranquilla.co\\\/Revista\\\/#\\\/schema\\\/person\\\/c2c396a77170bd1d5f8ba73294eb0d10\"},\"headline\":\"\u00a1Es t\u00fa momento! Fortalece competencias y mejora la productividad\",\"datePublished\":\"2022-08-09T16:39:00+00:00\",\"dateModified\":\"2022-12-02T16:33:21+00:00\",\"mainEntityOfPage\":{\"@id\":\"https:\\\/\\\/tuguia.combarranquilla.co\\\/Revista\\\/cursos-tecnicos-y-diplomados-sin-costo-alguno\\\/\"},\"wordCount\":430,\"commentCount\":0,\"publisher\":{\"@id\":\"https:\\\/\\\/tuguia.combarranquilla.co\\\/Revista\\\/#organization\"},\"image\":{\"@id\":\"https:\\\/\\\/tuguia.combarranquilla.co\\\/Revista\\\/cursos-tecnicos-y-diplomados-sin-costo-alguno\\\/#primaryimage\"},\"thumbnailUrl\":\"https:\\\/\\\/tuguia.combarranquilla.co\\\/Revista\\\/wp-content\\\/uploads\\\/2022\\\/07\\\/how-is-your-deals-group-of-people-at-business-conference-in-modern-classroom-at-daytime-scaled.jpg\",\"articleSection\":[\"EMPLEABILIDAD\"],\"inLanguage\":\"es-CO\",\"potentialAction\":[{\"@type\":\"CommentAction\",\"name\":\"Comment\",\"target\":[\"https:\\\/\\\/tuguia.combarranquilla.co\\\/Revista\\\/cursos-tecnicos-y-diplomados-sin-costo-alguno\\\/#respond\"]}]},{\"@type\":\"WebPage\",\"@id\":\"https:\\\/\\\/tuguia.combarranquilla.co\\\/Revista\\\/cursos-tecnicos-y-diplomados-sin-costo-alguno\\\/\",\"url\":\"https:\\\/\\\/tuguia.combarranquilla.co\\\/Revista\\\/cursos-tecnicos-y-diplomados-sin-costo-alguno\\\/\",\"name\":\"\u00a1Es t\u00fa momento! Fortalece competencias y mejora la productividad - Tu Gu\u00eda\",\"isPartOf\":{\"@id\":\"https:\\\/\\\/tuguia.combarranquilla.co\\\/Revista\\\/#website\"},\"primaryImageOfPage\":{\"@id\":\"https:\\\/\\\/tuguia.combarranquilla.co\\\/Revista\\\/cursos-tecnicos-y-diplomados-sin-costo-alguno\\\/#primaryimage\"},\"image\":{\"@id\":\"https:\\\/\\\/tuguia.combarranquilla.co\\\/Revista\\\/cursos-tecnicos-y-diplomados-sin-costo-alguno\\\/#primaryimage\"},\"thumbnailUrl\":\"https:\\\/\\\/tuguia.combarranquilla.co\\\/Revista\\\/wp-content\\\/uploads\\\/2022\\\/07\\\/how-is-your-deals-group-of-people-at-business-conference-in-modern-classroom-at-daytime-scaled.jpg\",\"datePublished\":\"2022-08-09T16:39:00+00:00\",\"dateModified\":\"2022-12-02T16:33:21+00:00\",\"breadcrumb\":{\"@id\":\"https:\\\/\\\/tuguia.combarranquilla.co\\\/Revista\\\/cursos-tecnicos-y-diplomados-sin-costo-alguno\\\/#breadcrumb\"},\"inLanguage\":\"es-CO\",\"potentialAction\":[{\"@type\":\"ReadAction\",\"target\":[\"https:\\\/\\\/tuguia.combarranquilla.co\\\/Revista\\\/cursos-tecnicos-y-diplomados-sin-costo-alguno\\\/\"]}]},{\"@type\":\"ImageObject\",\"inLanguage\":\"es-CO\",\"@id\":\"https:\\\/\\\/tuguia.combarranquilla.co\\\/Revista\\\/cursos-tecnicos-y-diplomados-sin-costo-alguno\\\/#primaryimage\",\"url\":\"https:\\\/\\\/tuguia.combarranquilla.co\\\/Revista\\\/wp-content\\\/uploads\\\/2022\\\/07\\\/how-is-your-deals-group-of-people-at-business-conference-in-modern-classroom-at-daytime-scaled.jpg\",\"contentUrl\":\"https:\\\/\\\/tuguia.combarranquilla.co\\\/Revista\\\/wp-content\\\/uploads\\\/2022\\\/07\\\/how-is-your-deals-group-of-people-at-business-conference-in-modern-classroom-at-daytime-scaled.jpg\",\"width\":2560,\"height\":1707,\"caption\":\"How is your deals. Group of people at business conference in modern classroom at daytime.\"},{\"@type\":\"BreadcrumbList\",\"@id\":\"https:\\\/\\\/tuguia.combarranquilla.co\\\/Revista\\\/cursos-tecnicos-y-diplomados-sin-costo-alguno\\\/#breadcrumb\",\"itemListElement\":[{\"@type\":\"ListItem\",\"position\":1,\"name\":\"Inicio\",\"item\":\"https:\\\/\\\/tuguia.combarranquilla.co\\\/Revista\\\/\"},{\"@type\":\"ListItem\",\"position\":2,\"name\":\"\u00a1Es t\u00fa momento! Fortalece competencias y mejora la productividad\"}]},{\"@type\":\"WebSite\",\"@id\":\"https:\\\/\\\/tuguia.combarranquilla.co\\\/Revista\\\/#website\",\"url\":\"https:\\\/\\\/tuguia.combarranquilla.co\\\/Revista\\\/\",\"name\":\"Tu Gu\u00eda\",\"description\":\"La revista donde lo tienes todo.\",\"publisher\":{\"@id\":\"https:\\\/\\\/tuguia.combarranquilla.co\\\/Revista\\\/#organization\"},\"alternateName\":\"Tu Gu\u00eda Combarranquilla\",\"potentialAction\":[{\"@type\":\"SearchAction\",\"target\":{\"@type\":\"EntryPoint\",\"urlTemplate\":\"https:\\\/\\\/tuguia.combarranquilla.co\\\/Revista\\\/?s={search_term_string}\"},\"query-input\":{\"@type\":\"PropertyValueSpecification\",\"valueRequired\":true,\"valueName\":\"search_term_string\"}}],\"inLanguage\":\"es-CO\"},{\"@type\":\"Organization\",\"@id\":\"https:\\\/\\\/tuguia.combarranquilla.co\\\/Revista\\\/#organization\",\"name\":\"Tu Gu\u00eda Combarranquilla\",\"url\":\"https:\\\/\\\/tuguia.combarranquilla.co\\\/Revista\\\/\",\"logo\":{\"@type\":\"ImageObject\",\"inLanguage\":\"es-CO\",\"@id\":\"https:\\\/\\\/tuguia.combarranquilla.co\\\/Revista\\\/#\\\/schema\\\/logo\\\/image\\\/\",\"url\":\"https:\\\/\\\/tuguia.combarranquilla.co\\\/Revista\\\/wp-content\\\/uploads\\\/2022\\\/02\\\/logo-guia-combarranquilla.svg\",\"contentUrl\":\"https:\\\/\\\/tuguia.combarranquilla.co\\\/Revista\\\/wp-content\\\/uploads\\\/2022\\\/02\\\/logo-guia-combarranquilla.svg\",\"caption\":\"Tu Gu\u00eda Combarranquilla\"},\"image\":{\"@id\":\"https:\\\/\\\/tuguia.combarranquilla.co\\\/Revista\\\/#\\\/schema\\\/logo\\\/image\\\/\"}},{\"@type\":\"Person\",\"@id\":\"https:\\\/\\\/tuguia.combarranquilla.co\\\/Revista\\\/#\\\/schema\\\/person\\\/c2c396a77170bd1d5f8ba73294eb0d10\",\"name\":\"Comunicaciones Combarranquilla\",\"image\":{\"@type\":\"ImageObject\",\"inLanguage\":\"es-CO\",\"@id\":\"https:\\\/\\\/tuguia.combarranquilla.co\\\/Revista\\\/wp-content\\\/uploads\\\/2025\\\/05\\\/ABC-Al-Rojo-Logo-96x96.jpg\",\"url\":\"https:\\\/\\\/tuguia.combarranquilla.co\\\/Revista\\\/wp-content\\\/uploads\\\/2025\\\/05\\\/ABC-Al-Rojo-Logo-96x96.jpg\",\"contentUrl\":\"https:\\\/\\\/tuguia.combarranquilla.co\\\/Revista\\\/wp-content\\\/uploads\\\/2025\\\/05\\\/ABC-Al-Rojo-Logo-96x96.jpg\",\"caption\":\"Comunicaciones Combarranquilla\"},\"sameAs\":[\"https:\\\/\\\/www.combarranquilla.co\"],\"url\":\"https:\\\/\\\/tuguia.combarranquilla.co\\\/Revista\\\/author\\\/comunicaciones\\\/\"}]}<\/script>\n<!-- \/ Yoast SEO plugin. -->","yoast_head_json":{"title":"\u00a1Es t\u00fa momento! Fortalece competencias y mejora la productividad - Tu Gu\u00eda","robots":{"index":"index","follow":"follow","max-snippet":"max-snippet:-1","max-image-preview":"max-image-preview:large","max-video-preview":"max-video-preview:-1"},"canonical":"https:\/\/tuguia.combarranquilla.co\/Revista\/cursos-tecnicos-y-diplomados-sin-costo-alguno\/","og_locale":"es_ES","og_type":"article","og_title":"\u00a1Es t\u00fa momento! Fortalece competencias y mejora la productividad - Tu Gu\u00eda","og_description":"La Agencia de Empleo Combarranquilla brinda un amplio portafolio gratuito de cursos para cesantes y trabajadores activos. El trabajo en equipo, la motivaci\u00f3n, la proactividad, el liderazgo y la productividad son las principales competencias laborales para crecer personal y profesionalmente. Actualmente, este tipo de destrezas marcan la diferencia en cada proceso interno de una compa\u00f1\u00eda, [&hellip;]","og_url":"https:\/\/tuguia.combarranquilla.co\/Revista\/cursos-tecnicos-y-diplomados-sin-costo-alguno\/","og_site_name":"Tu Gu\u00eda","article_published_time":"2022-08-09T16:39:00+00:00","article_modified_time":"2022-12-02T16:33:21+00:00","og_image":[{"width":2560,"height":1707,"url":"https:\/\/tuguia.combarranquilla.co\/Revista\/wp-content\/uploads\/2022\/07\/how-is-your-deals-group-of-people-at-business-conference-in-modern-classroom-at-daytime-scaled.jpg","type":"image\/jpeg"}],"author":"Comunicaciones Combarranquilla","twitter_card":"summary_large_image","twitter_misc":{"Escrito por":"Comunicaciones Combarranquilla","Tiempo de lectura":"2 minutos"},"schema":{"@context":"https:\/\/schema.org","@graph":[{"@type":"Article","@id":"https:\/\/tuguia.combarranquilla.co\/Revista\/cursos-tecnicos-y-diplomados-sin-costo-alguno\/#article","isPartOf":{"@id":"https:\/\/tuguia.combarranquilla.co\/Revista\/cursos-tecnicos-y-diplomados-sin-costo-alguno\/"},"author":{"name":"Comunicaciones Combarranquilla","@id":"https:\/\/tuguia.combarranquilla.co\/Revista\/#\/schema\/person\/c2c396a77170bd1d5f8ba73294eb0d10"},"headline":"\u00a1Es t\u00fa momento! Fortalece competencias y mejora la productividad","datePublished":"2022-08-09T16:39:00+00:00","dateModified":"2022-12-02T16:33:21+00:00","mainEntityOfPage":{"@id":"https:\/\/tuguia.combarranquilla.co\/Revista\/cursos-tecnicos-y-diplomados-sin-costo-alguno\/"},"wordCount":430,"commentCount":0,"publisher":{"@id":"https:\/\/tuguia.combarranquilla.co\/Revista\/#organization"},"image":{"@id":"https:\/\/tuguia.combarranquilla.co\/Revista\/cursos-tecnicos-y-diplomados-sin-costo-alguno\/#primaryimage"},"thumbnailUrl":"https:\/\/tuguia.combarranquilla.co\/Revista\/wp-content\/uploads\/2022\/07\/how-is-your-deals-group-of-people-at-business-conference-in-modern-classroom-at-daytime-scaled.jpg","articleSection":["EMPLEABILIDAD"],"inLanguage":"es-CO","potentialAction":[{"@type":"CommentAction","name":"Comment","target":["https:\/\/tuguia.combarranquilla.co\/Revista\/cursos-tecnicos-y-diplomados-sin-costo-alguno\/#respond"]}]},{"@type":"WebPage","@id":"https:\/\/tuguia.combarranquilla.co\/Revista\/cursos-tecnicos-y-diplomados-sin-costo-alguno\/","url":"https:\/\/tuguia.combarranquilla.co\/Revista\/cursos-tecnicos-y-diplomados-sin-costo-alguno\/","name":"\u00a1Es t\u00fa momento! Fortalece competencias y mejora la productividad - Tu Gu\u00eda","isPartOf":{"@id":"https:\/\/tuguia.combarranquilla.co\/Revista\/#website"},"primaryImageOfPage":{"@id":"https:\/\/tuguia.combarranquilla.co\/Revista\/cursos-tecnicos-y-diplomados-sin-costo-alguno\/#primaryimage"},"image":{"@id":"https:\/\/tuguia.combarranquilla.co\/Revista\/cursos-tecnicos-y-diplomados-sin-costo-alguno\/#primaryimage"},"thumbnailUrl":"https:\/\/tuguia.combarranquilla.co\/Revista\/wp-content\/uploads\/2022\/07\/how-is-your-deals-group-of-people-at-business-conference-in-modern-classroom-at-daytime-scaled.jpg","datePublished":"2022-08-09T16:39:00+00:00","dateModified":"2022-12-02T16:33:21+00:00","breadcrumb":{"@id":"https:\/\/tuguia.combarranquilla.co\/Revista\/cursos-tecnicos-y-diplomados-sin-costo-alguno\/#breadcrumb"},"inLanguage":"es-CO","potentialAction":[{"@type":"ReadAction","target":["https:\/\/tuguia.combarranquilla.co\/Revista\/cursos-tecnicos-y-diplomados-sin-costo-alguno\/"]}]},{"@type":"ImageObject","inLanguage":"es-CO","@id":"https:\/\/tuguia.combarranquilla.co\/Revista\/cursos-tecnicos-y-diplomados-sin-costo-alguno\/#primaryimage","url":"https:\/\/tuguia.combarranquilla.co\/Revista\/wp-content\/uploads\/2022\/07\/how-is-your-deals-group-of-people-at-business-conference-in-modern-classroom-at-daytime-scaled.jpg","contentUrl":"https:\/\/tuguia.combarranquilla.co\/Revista\/wp-content\/uploads\/2022\/07\/how-is-your-deals-group-of-people-at-business-conference-in-modern-classroom-at-daytime-scaled.jpg","width":2560,"height":1707,"caption":"How is your deals. Group of people at business conference in modern classroom at daytime."},{"@type":"BreadcrumbList","@id":"https:\/\/tuguia.combarranquilla.co\/Revista\/cursos-tecnicos-y-diplomados-sin-costo-alguno\/#breadcrumb","itemListElement":[{"@type":"ListItem","position":1,"name":"Inicio","item":"https:\/\/tuguia.combarranquilla.co\/Revista\/"},{"@type":"ListItem","position":2,"name":"\u00a1Es t\u00fa momento! Fortalece competencias y mejora la productividad"}]},{"@type":"WebSite","@id":"https:\/\/tuguia.combarranquilla.co\/Revista\/#website","url":"https:\/\/tuguia.combarranquilla.co\/Revista\/","name":"Tu Gu\u00eda","description":"La revista donde lo tienes todo.","publisher":{"@id":"https:\/\/tuguia.combarranquilla.co\/Revista\/#organization"},"alternateName":"Tu Gu\u00eda Combarranquilla","potentialAction":[{"@type":"SearchAction","target":{"@type":"EntryPoint","urlTemplate":"https:\/\/tuguia.combarranquilla.co\/Revista\/?s={search_term_string}"},"query-input":{"@type":"PropertyValueSpecification","valueRequired":true,"valueName":"search_term_string"}}],"inLanguage":"es-CO"},{"@type":"Organization","@id":"https:\/\/tuguia.combarranquilla.co\/Revista\/#organization","name":"Tu Gu\u00eda Combarranquilla","url":"https:\/\/tuguia.combarranquilla.co\/Revista\/","logo":{"@type":"ImageObject","inLanguage":"es-CO","@id":"https:\/\/tuguia.combarranquilla.co\/Revista\/#\/schema\/logo\/image\/","url":"https:\/\/tuguia.combarranquilla.co\/Revista\/wp-content\/uploads\/2022\/02\/logo-guia-combarranquilla.svg","contentUrl":"https:\/\/tuguia.combarranquilla.co\/Revista\/wp-content\/uploads\/2022\/02\/logo-guia-combarranquilla.svg","caption":"Tu Gu\u00eda Combarranquilla"},"image":{"@id":"https:\/\/tuguia.combarranquilla.co\/Revista\/#\/schema\/logo\/image\/"}},{"@type":"Person","@id":"https:\/\/tuguia.combarranquilla.co\/Revista\/#\/schema\/person\/c2c396a77170bd1d5f8ba73294eb0d10","name":"Comunicaciones Combarranquilla","image":{"@type":"ImageObject","inLanguage":"es-CO","@id":"https:\/\/tuguia.combarranquilla.co\/Revista\/wp-content\/uploads\/2025\/05\/ABC-Al-Rojo-Logo-96x96.jpg","url":"https:\/\/tuguia.combarranquilla.co\/Revista\/wp-content\/uploads\/2025\/05\/ABC-Al-Rojo-Logo-96x96.jpg","contentUrl":"https:\/\/tuguia.combarranquilla.co\/Revista\/wp-content\/uploads\/2025\/05\/ABC-Al-Rojo-Logo-96x96.jpg","caption":"Comunicaciones Combarranquilla"},"sameAs":["https:\/\/www.combarranquilla.co"],"url":"https:\/\/tuguia.combarranquilla.co\/Revista\/author\/comunicaciones\/"}]}},"_links":{"self":[{"href":"https:\/\/tuguia.combarranquilla.co\/Revista\/wp-json\/wp\/v2\/posts\/350","targetHints":{"allow":["GET"]}}],"collection":[{"href":"https:\/\/tuguia.combarranquilla.co\/Revista\/wp-json\/wp\/v2\/posts"}],"about":[{"href":"https:\/\/tuguia.combarranquilla.co\/Revista\/wp-json\/wp\/v2\/types\/post"}],"author":[{"embeddable":true,"href":"https:\/\/tuguia.combarranquilla.co\/Revista\/wp-json\/wp\/v2\/users\/2"}],"replies":[{"embeddable":true,"href":"https:\/\/tuguia.combarranquilla.co\/Revista\/wp-json\/wp\/v2\/comments?post=350"}],"version-history":[{"count":5,"href":"https:\/\/tuguia.combarranquilla.co\/Revista\/wp-json\/wp\/v2\/posts\/350\/revisions"}],"predecessor-version":[{"id":1149,"href":"https:\/\/tuguia.combarranquilla.co\/Revista\/wp-json\/wp\/v2\/posts\/350\/revisions\/1149"}],"wp:featuredmedia":[{"embeddable":true,"href":"https:\/\/tuguia.combarranquilla.co\/Revista\/wp-json\/wp\/v2\/media\/598"}],"wp:attachment":[{"href":"https:\/\/tuguia.combarranquilla.co\/Revista\/wp-json\/wp\/v2\/media?parent=350"}],"wp:term":[{"taxonomy":"category","embeddable":true,"href":"https:\/\/tuguia.combarranquilla.co\/Revista\/wp-json\/wp\/v2\/categories?post=350"},{"taxonomy":"post_tag","embeddable":true,"href":"https:\/\/tuguia.combarranquilla.co\/Revista\/wp-json\/wp\/v2\/tags?post=350"}],"curies":[{"name":"wp","href":"https:\/\/api.w.org\/{rel}","templated":true}]}}