{"id":3534,"date":"2024-01-19T13:45:28","date_gmt":"2024-01-19T18:45:28","guid":{"rendered":"https:\/\/tuguia.combarranquilla.co\/Revista\/?p=3534"},"modified":"2024-01-19T13:46:44","modified_gmt":"2024-01-19T18:46:44","slug":"ganadores-del-subsidio-de-vivienda-iv-trimestre-2023","status":"publish","type":"post","link":"https:\/\/tuguia.combarranquilla.co\/Revista\/ganadores-del-subsidio-de-vivienda-iv-trimestre-2023\/","title":{"rendered":"Ganadores del Subsidio de Vivienda IV Trimestre 2023"},"content":{"rendered":"\n<h2 class=\"wp-block-heading\">Por un 2024 donde los sue\u00f1os de obtener vivienda propia est\u00e9n m\u00e1s cerca de ser realidad, en este a\u00f1o 44 afiliados y sus familias construir\u00e1n el hogar que siempre han anhelado. <\/h2>\n\n\n\n<p class=\"has-medium-font-size\"><strong>LA CAJA DE COMPENSACI\u00d3N FAMILIAR DE BARRANQUILLA \u201cCOMBARRANQUILLA\u201d <\/strong>se permite informar que, en cumplimiento de las pol\u00edticas de bienestar social para sus afiliados, mediante <strong>Acta N\u00ba 108 <\/strong>de<strong> diciembre 28 de 2023<\/strong> asign\u00f3 los siguientes subsidios de vivienda a los postulantes debidamente inscritos y calificados en el m\u00f3dulo de demanda del sistema de informaci\u00f3n de subsidios.<\/p>\n\n\n\n<figure class=\"wp-block-table\"><table><tbody><tr><td><a><strong>Puesto<\/strong><\/a><strong><\/strong><\/td><td><a><strong>Solic.<\/strong><\/a><\/td><td><strong>Nombre<\/strong> <strong>del ganador<\/strong><\/td><td><strong>Valor Subsidio<\/strong><\/td><td><strong>Puntaje<\/strong><\/td><\/tr><tr><td>1<\/td><td>124<\/td><td>QUINTERO FRANCO VICTOR HUGO<\/td><td>&nbsp;$ 34.800.000,00<\/td><td>1015,916<\/td><\/tr><tr><td>2<\/td><td>308<\/td><td>HENRIQUEZ GIRALDO ANGEL<\/td><td>&nbsp;$ 34.800.000,00<\/td><td>736,406<\/td><\/tr><tr><td>3<\/td><td>71<\/td><td>GIRALDO GOMEZ ANDRES JULIAN<\/td><td>&nbsp;$ 34.800.000,00<\/td><td>609,840<\/td><\/tr><tr><td>4<\/td><td>122<\/td><td>GERDTS RODRIGUEZ MARIA DEL PILAR<\/td><td>&nbsp;$ 34.800.000,00<\/td><td>560,517<\/td><\/tr><tr><td>5<\/td><td>104<\/td><td>MORAN MORA ALEXANDRA ISABEL<\/td><td>&nbsp;$ 34.800.000,00<\/td><td>538,516<\/td><\/tr><tr><td>6<\/td><td>218<\/td><td>ANGULO SINNING SARAI KAROLINA<\/td><td>&nbsp;$ 34.800.000,00<\/td><td>490,416<\/td><\/tr><tr><td>7<\/td><td>192<\/td><td>PALLARES MIRANDA DARLING INES<\/td><td>&nbsp;$ 34.800.000,00<\/td><td>480,150<\/td><\/tr><tr><td>8<\/td><td>286<\/td><td>JIMENEZ MANOTAS YISSETH PAOLA<\/td><td>&nbsp;$ 34.800.000,00<\/td><td>476,903<\/td><\/tr><tr><td>9<\/td><td>92<\/td><td>CASTILLO RIVERA MARIA ISABEL<\/td><td>&nbsp;$ 34.800.000,00<\/td><td>458,076<\/td><\/tr><tr><td>10<\/td><td>236<\/td><td>PEREIRA ROCHA NATALIA SOFIA<\/td><td>&nbsp;$ 23.200.000,00<\/td><td>451,792<\/td><\/tr><tr><td>11<\/td><td>261<\/td><td>ROSE RODRIGUEZ CAMILO ANDRES<\/td><td>&nbsp;$ 23.200.000,00<\/td><td>440,438<\/td><\/tr><tr><td>12<\/td><td>149<\/td><td>LEGUIA VERGARA LISETH PAOLA<\/td><td>&nbsp;$ 34.800.000,00<\/td><td>433,651<\/td><\/tr><tr><td>13<\/td><td>260<\/td><td>FARRAYANS OROZCO JEISY KATHERINE<\/td><td>&nbsp;$ 34.800.000,00<\/td><td>418,634<\/td><\/tr><tr><td>14<\/td><td>301<\/td><td>SAMACA SANCHEZ DAVID MAURICIO<\/td><td>&nbsp;$ 34.800.000,00<\/td><td>416,570<\/td><\/tr><tr><td>15<\/td><td>99<\/td><td>MARTINEZ CASARES YOLEIDA ESTHER<\/td><td>&nbsp;$ 34.800.000,00<\/td><td>408,059<\/td><\/tr><tr><td>16<\/td><td>212<\/td><td>ARROYO DE LA ROSA ELEYDA DEL SOCORRO<\/td><td>&nbsp;$ 34.800.000,00<\/td><td>407,534<\/td><\/tr><tr><td>17<\/td><td>114<\/td><td>GUERRERO AFRICANO GUSTAVO JAVIER<\/td><td>&nbsp;$ 34.800.000,00<\/td><td>405,205<\/td><\/tr><tr><td>18<\/td><td>72<\/td><td>SANCHEZ ARGEL MONICA PATRICIA<\/td><td>&nbsp;$ 23.200.000,00<\/td><td>400,462<\/td><\/tr><tr><td>19<\/td><td>40<\/td><td>UCROS DE LA ROSA JESSICA<\/td><td>&nbsp;$ 34.800.000,00<\/td><td>400,442<\/td><\/tr><tr><td>20<\/td><td>254<\/td><td>GARCIA CAIAFA VALENTINA<\/td><td>&nbsp;$ 34.800.000,00<\/td><td>399,392<\/td><\/tr><tr><td>21<\/td><td>220<\/td><td>SALAS SABALLETH CARLOS ALBERTO<\/td><td>&nbsp;$ 34.800.000,00<\/td><td>390,600<\/td><\/tr><tr><td>22<\/td><td>48<\/td><td>SARMIENTO MIRANDA KELLY JOHANA<\/td><td>&nbsp;$ 23.200.000,00<\/td><td>389,197<\/td><\/tr><tr><td>23<\/td><td>214<\/td><td>REYES SIERRA JHORMAN DE JESUS<\/td><td>&nbsp;$ 34.800.000,00<\/td><td>383,505<\/td><\/tr><tr><td>24<\/td><td>25<\/td><td>RUA OSPINA VIVIANA ISABEL<\/td><td>&nbsp;$ 34.800.000,00<\/td><td>378,931<\/td><\/tr><tr><td>25<\/td><td>32<\/td><td>OSORIO BENITEZ JULIO ALBERTO<\/td><td>&nbsp;$ 34.800.000,00<\/td><td>376,972<\/td><\/tr><tr><td>26<\/td><td>197<\/td><td>CAMARGO PANTOJA JACQUELINE<\/td><td>&nbsp;$ 34.800.000,00<\/td><td>374,383<\/td><\/tr><tr><td>27<\/td><td>217<\/td><td>CASTRO MEDINA YENNIS PAOLA<\/td><td>&nbsp;$ 34.800.000,00<\/td><td>373,622<\/td><\/tr><tr><td>28<\/td><td>120<\/td><td>HERNANDEZ ALMANZA HERNANDO JESUS<\/td><td>&nbsp;$ 23.200.000,00<\/td><td>372,919<\/td><\/tr><tr><td>29<\/td><td>249<\/td><td>LASSO BARRIOS ANDREA DEL CARMEN<\/td><td>&nbsp;$ 34.800.000,00<\/td><td>367,787<\/td><\/tr><tr><td>30<\/td><td>147<\/td><td>ROJANO MARIO GREY<\/td><td>&nbsp;$ 34.800.000,00<\/td><td>366,234<\/td><\/tr><tr><td>31<\/td><td>126<\/td><td>O\u00d1ORO ABDALA ANDRES FELIPE<\/td><td>&nbsp;$ 23.200.000,00<\/td><td>363,070<\/td><\/tr><tr><td>32<\/td><td>228<\/td><td>ALARCON CABARCAS VIOSOTIS DEL CARMEN<\/td><td>&nbsp;$ 34.800.000,00<\/td><td>362,468<\/td><\/tr><tr><td>33<\/td><td>185<\/td><td>YARURO PERTUZ CAROLINA ANDREA<\/td><td>&nbsp;$ 23.200.000,00<\/td><td>362,458<\/td><\/tr><tr><td>34<\/td><td>133<\/td><td>ARRIETA VELASCO VALENTINA<\/td><td>&nbsp;$ 23.200.000,00<\/td><td>360,949<\/td><\/tr><tr><td>35<\/td><td>245<\/td><td>MARTES JIMENEZ MAYRA FERNANDA<\/td><td>&nbsp;$ 34.800.000,00<\/td><td>357,525<\/td><\/tr><tr><td>36<\/td><td>160<\/td><td>PACHECO CABALLERO JUAN SEBASTIAN<\/td><td>&nbsp;$ 34.800.000,00<\/td><td>357,141<\/td><\/tr><tr><td>37<\/td><td>100<\/td><td>ALVARADO RAMOS ANDRES ALBERTO<\/td><td>&nbsp;$ 34.800.000,00<\/td><td>351,200<\/td><\/tr><tr><td>38<\/td><td>227<\/td><td>HOSELVIS CERVANTES OLIVER<\/td><td>&nbsp;$ 34.800.000,00<\/td><td>344,616<\/td><\/tr><tr><td>39<\/td><td>168<\/td><td>ESCORCIA RIVERA LUISA FERNANDA<\/td><td>&nbsp;$ 34.800.000,00<\/td><td>344,549<\/td><\/tr><tr><td>40<\/td><td>242<\/td><td>PEREIRA PEREZ KEVIN ORLANDO<\/td><td>&nbsp;$ 34.800.000,00<\/td><td>343,716<\/td><\/tr><tr><td>41<\/td><td>141<\/td><td>MORENO GUERRERO JOHANNA<\/td><td>&nbsp;$ 34.800.000,00<\/td><td>342,278<\/td><\/tr><tr><td>42<\/td><td>175<\/td><td>MOLINA ROMERO KAREN MARGARITA<\/td><td>&nbsp;$ 34.800.000,00<\/td><td>342,162<\/td><\/tr><tr><td>43<\/td><td>169<\/td><td>ESCORCIA ESCORCIA JENIFER PAOLA<\/td><td>&nbsp;$ 34.800.000,00<\/td><td>337,494<\/td><\/tr><tr><td>44<\/td><td>7<\/td><td>PUELLO PINEDO MICHELL ALEJANDRA<\/td><td>&nbsp;$ 34.800.000,00<\/td><td>331,640<\/td><\/tr><\/tbody><\/table><figcaption class=\"wp-element-caption\"><strong><em>$1.438.400.000&nbsp;en subsidios de vivienda otorgados que representa el sue\u00f1o de 44 familias.<\/em><\/strong>  <\/figcaption><\/figure>\n\n\n\n<figure class=\"wp-block-gallery has-nested-images columns-default is-cropped wp-block-gallery-1 is-layout-flex wp-block-gallery-is-layout-flex\">\n<figure class=\"wp-block-image size-large\"><img decoding=\"async\" width=\"1024\" height=\"768\" data-id=\"3573\" data-src=\"https:\/\/tuguia.combarranquilla.co\/Revista\/wp-content\/uploads\/2024\/01\/WhatsApp-Image-2024-01-19-at-1.29.49-PM-1024x768.jpeg\" alt=\"\" class=\"wp-image-3573 lazyload\" data-srcset=\"https:\/\/tuguia.combarranquilla.co\/Revista\/wp-content\/uploads\/2024\/01\/WhatsApp-Image-2024-01-19-at-1.29.49-PM-1024x768.jpeg 1024w, https:\/\/tuguia.combarranquilla.co\/Revista\/wp-content\/uploads\/2024\/01\/WhatsApp-Image-2024-01-19-at-1.29.49-PM-300x225.jpeg 300w, https:\/\/tuguia.combarranquilla.co\/Revista\/wp-content\/uploads\/2024\/01\/WhatsApp-Image-2024-01-19-at-1.29.49-PM-768x576.jpeg 768w, https:\/\/tuguia.combarranquilla.co\/Revista\/wp-content\/uploads\/2024\/01\/WhatsApp-Image-2024-01-19-at-1.29.49-PM-1536x1152.jpeg 1536w, https:\/\/tuguia.combarranquilla.co\/Revista\/wp-content\/uploads\/2024\/01\/WhatsApp-Image-2024-01-19-at-1.29.49-PM-2048x1536.jpeg 2048w\" data-sizes=\"(max-width: 1024px) 100vw, 1024px\" src=\"data:image\/svg+xml;base64,PHN2ZyB3aWR0aD0iMSIgaGVpZ2h0PSIxIiB4bWxucz0iaHR0cDovL3d3dy53My5vcmcvMjAwMC9zdmciPjwvc3ZnPg==\" style=\"--smush-placeholder-width: 1024px; --smush-placeholder-aspect-ratio: 1024\/768;\" \/><figcaption class=\"wp-element-caption\">Ganadores del Subsidio Familiar de Vivienda, IV Trimestre 2023<\/figcaption><\/figure>\n<\/figure>\n\n\n\n<p class=\"has-medium-font-size\">\u00a1Felicidades! Que este logro sea el inicio de un nuevo cap\u00edtulo en sus vidas, lleno de prosperidad, abundancia y felicidad en cada uno de sus hogares. <\/p>\n\n\n\n<p class=\"has-medium-font-size\">Contribuimos al mejoramiento de la calidad de vida de los trabajadores afiliados, es por eso, que otorgamos el Subsidio Familiar para compra de vivienda de inter\u00e9s social, en este 2024 \u00a1Proy\u00e9ctate! Te invitamos a postularte a la primera convocatoria del a\u00f1o, desde el 01 de febrero hasta el 29 de febrero podr\u00e1s realizar el proceso de la postulaci\u00f3n.  Por medio de nuestra p\u00e1gina web: www.combarranquilla.co conoce los requisitos. <\/p>\n\n\n\n<figure class=\"wp-block-gallery has-nested-images columns-default is-cropped wp-block-gallery-2 is-layout-flex wp-block-gallery-is-layout-flex\">\n<figure class=\"wp-block-image size-large\"><img decoding=\"async\" width=\"1024\" height=\"768\" data-id=\"3578\" data-src=\"https:\/\/tuguia.combarranquilla.co\/Revista\/wp-content\/uploads\/2024\/01\/WhatsApp-Image-2024-01-19-at-1.31.18-PM-2-1024x768.jpeg\" alt=\"\" class=\"wp-image-3578 lazyload\" data-srcset=\"https:\/\/tuguia.combarranquilla.co\/Revista\/wp-content\/uploads\/2024\/01\/WhatsApp-Image-2024-01-19-at-1.31.18-PM-2-1024x768.jpeg 1024w, https:\/\/tuguia.combarranquilla.co\/Revista\/wp-content\/uploads\/2024\/01\/WhatsApp-Image-2024-01-19-at-1.31.18-PM-2-300x225.jpeg 300w, https:\/\/tuguia.combarranquilla.co\/Revista\/wp-content\/uploads\/2024\/01\/WhatsApp-Image-2024-01-19-at-1.31.18-PM-2-768x576.jpeg 768w, https:\/\/tuguia.combarranquilla.co\/Revista\/wp-content\/uploads\/2024\/01\/WhatsApp-Image-2024-01-19-at-1.31.18-PM-2-1536x1152.jpeg 1536w, https:\/\/tuguia.combarranquilla.co\/Revista\/wp-content\/uploads\/2024\/01\/WhatsApp-Image-2024-01-19-at-1.31.18-PM-2-2048x1536.jpeg 2048w\" data-sizes=\"(max-width: 1024px) 100vw, 1024px\" src=\"data:image\/svg+xml;base64,PHN2ZyB3aWR0aD0iMSIgaGVpZ2h0PSIxIiB4bWxucz0iaHR0cDovL3d3dy53My5vcmcvMjAwMC9zdmciPjwvc3ZnPg==\" style=\"--smush-placeholder-width: 1024px; --smush-placeholder-aspect-ratio: 1024\/768;\" \/><\/figure>\n<\/figure>\n\n\n\n<hr class=\"wp-block-separator has-css-opacity is-style-default\"\/>\n\n\n\n<figure class=\"wp-block-audio\"><audio controls src=\"https:\/\/tuguia.combarranquilla.co\/Revista\/wp-content\/uploads\/2024\/01\/WhatsApp-Audio-2024-01-19-at-1.32.29-PM.ogg\"><\/audio><\/figure>\n\n\n\n<blockquote class=\"wp-block-quote has-text-align-center is-style-large is-layout-flow wp-block-quote-is-layout-flow\">\n<p>\u00ab\u00a1Feliz porque este es un comienzo.\u00bb<\/p>\n<cite>\u2014 <em>Palabras de agradecimiento de, Alarc\u00f3n Viosotis<\/em>.<\/cite><\/blockquote>\n\n\n\n<hr class=\"wp-block-separator has-css-opacity is-style-default\"\/>\n\n\n\n<figure class=\"wp-block-gallery alignwide has-nested-images columns-default is-cropped wp-block-gallery-3 is-layout-flex wp-block-gallery-is-layout-flex\">\n<figure class=\"wp-block-image size-large\"><img decoding=\"async\" width=\"1024\" height=\"683\" data-id=\"3579\" data-src=\"https:\/\/tuguia.combarranquilla.co\/Revista\/wp-content\/uploads\/2024\/01\/DSC_0155-1024x683.jpg\" alt=\"\" class=\"wp-image-3579 lazyload\" data-srcset=\"https:\/\/tuguia.combarranquilla.co\/Revista\/wp-content\/uploads\/2024\/01\/DSC_0155-1024x683.jpg 1024w, https:\/\/tuguia.combarranquilla.co\/Revista\/wp-content\/uploads\/2024\/01\/DSC_0155-300x200.jpg 300w, https:\/\/tuguia.combarranquilla.co\/Revista\/wp-content\/uploads\/2024\/01\/DSC_0155-768x512.jpg 768w, https:\/\/tuguia.combarranquilla.co\/Revista\/wp-content\/uploads\/2024\/01\/DSC_0155-1536x1024.jpg 1536w, https:\/\/tuguia.combarranquilla.co\/Revista\/wp-content\/uploads\/2024\/01\/DSC_0155-2048x1365.jpg 2048w\" data-sizes=\"(max-width: 1024px) 100vw, 1024px\" src=\"data:image\/svg+xml;base64,PHN2ZyB3aWR0aD0iMSIgaGVpZ2h0PSIxIiB4bWxucz0iaHR0cDovL3d3dy53My5vcmcvMjAwMC9zdmciPjwvc3ZnPg==\" style=\"--smush-placeholder-width: 1024px; --smush-placeholder-aspect-ratio: 1024\/683;\" \/><\/figure>\n\n\n\n<figure class=\"wp-block-image size-large\"><img decoding=\"async\" width=\"1024\" height=\"683\" data-id=\"3581\" data-src=\"https:\/\/tuguia.combarranquilla.co\/Revista\/wp-content\/uploads\/2024\/01\/DSC_0170-1024x683.jpg\" alt=\"\" class=\"wp-image-3581 lazyload\" data-srcset=\"https:\/\/tuguia.combarranquilla.co\/Revista\/wp-content\/uploads\/2024\/01\/DSC_0170-1024x683.jpg 1024w, https:\/\/tuguia.combarranquilla.co\/Revista\/wp-content\/uploads\/2024\/01\/DSC_0170-300x200.jpg 300w, https:\/\/tuguia.combarranquilla.co\/Revista\/wp-content\/uploads\/2024\/01\/DSC_0170-768x512.jpg 768w, https:\/\/tuguia.combarranquilla.co\/Revista\/wp-content\/uploads\/2024\/01\/DSC_0170-1536x1024.jpg 1536w, https:\/\/tuguia.combarranquilla.co\/Revista\/wp-content\/uploads\/2024\/01\/DSC_0170-2048x1365.jpg 2048w\" data-sizes=\"(max-width: 1024px) 100vw, 1024px\" src=\"data:image\/svg+xml;base64,PHN2ZyB3aWR0aD0iMSIgaGVpZ2h0PSIxIiB4bWxucz0iaHR0cDovL3d3dy53My5vcmcvMjAwMC9zdmciPjwvc3ZnPg==\" style=\"--smush-placeholder-width: 1024px; --smush-placeholder-aspect-ratio: 1024\/683;\" \/><\/figure>\n<\/figure>\n","protected":false},"excerpt":{"rendered":"<p>Por un 2024 donde los sue\u00f1os de obtener vivienda propia est\u00e9n m\u00e1s cerca de ser realidad, en este a\u00f1o 44 afiliados y sus familias construir\u00e1n el hogar que siempre han anhelado. LA CAJA DE COMPENSACI\u00d3N FAMILIAR DE BARRANQUILLA \u201cCOMBARRANQUILLA\u201d se permite informar que, en cumplimiento de las pol\u00edticas de bienestar social para sus afiliados, mediante [&hellip;]<\/p>\n","protected":false},"author":2,"featured_media":3570,"comment_status":"open","ping_status":"open","sticky":false,"template":"","format":"standard","meta":{"inline_featured_image":false,"footnotes":""},"categories":[2],"tags":[],"class_list":["post-3534","post","type-post","status-publish","format-standard","has-post-thumbnail","hentry","category-subsidios"],"yoast_head":"<!-- This site is optimized with the Yoast SEO plugin v27.4 - https:\/\/yoast.com\/product\/yoast-seo-wordpress\/ -->\n<title>Ganadores del Subsidio de Vivienda IV Trimestre 2023 - Tu Gu\u00eda<\/title>\n<meta name=\"robots\" content=\"index, follow, max-snippet:-1, max-image-preview:large, max-video-preview:-1\" \/>\n<link rel=\"canonical\" href=\"https:\/\/tuguia.combarranquilla.co\/Revista\/ganadores-del-subsidio-de-vivienda-iv-trimestre-2023\/\" \/>\n<meta property=\"og:locale\" content=\"es_ES\" \/>\n<meta property=\"og:type\" content=\"article\" \/>\n<meta property=\"og:title\" content=\"Ganadores del Subsidio de Vivienda IV Trimestre 2023 - Tu Gu\u00eda\" \/>\n<meta property=\"og:description\" content=\"Por un 2024 donde los sue\u00f1os de obtener vivienda propia est\u00e9n m\u00e1s cerca de ser realidad, en este a\u00f1o 44 afiliados y sus familias construir\u00e1n el hogar que siempre han anhelado. LA CAJA DE COMPENSACI\u00d3N FAMILIAR DE BARRANQUILLA \u201cCOMBARRANQUILLA\u201d se permite informar que, en cumplimiento de las pol\u00edticas de bienestar social para sus afiliados, mediante [&hellip;]\" \/>\n<meta property=\"og:url\" content=\"https:\/\/tuguia.combarranquilla.co\/Revista\/ganadores-del-subsidio-de-vivienda-iv-trimestre-2023\/\" \/>\n<meta property=\"og:site_name\" content=\"Tu Gu\u00eda\" \/>\n<meta property=\"article:published_time\" content=\"2024-01-19T18:45:28+00:00\" \/>\n<meta property=\"article:modified_time\" content=\"2024-01-19T18:46:44+00:00\" \/>\n<meta property=\"og:image\" content=\"https:\/\/tuguia.combarranquilla.co\/Revista\/wp-content\/uploads\/2024\/01\/GANADORES-SUBSIDIO-Mesa-de-trabajo-1-copia.png\" \/>\n\t<meta property=\"og:image:width\" content=\"1081\" \/>\n\t<meta property=\"og:image:height\" content=\"1081\" \/>\n\t<meta property=\"og:image:type\" content=\"image\/png\" \/>\n<meta name=\"author\" content=\"Comunicaciones Combarranquilla\" \/>\n<meta name=\"twitter:card\" content=\"summary_large_image\" \/>\n<meta name=\"twitter:label1\" content=\"Escrito por\" \/>\n\t<meta name=\"twitter:data1\" content=\"Comunicaciones Combarranquilla\" \/>\n\t<meta name=\"twitter:label2\" content=\"Tiempo de lectura\" \/>\n\t<meta name=\"twitter:data2\" content=\"2 minutos\" \/>\n<script type=\"application\/ld+json\" class=\"yoast-schema-graph\">{\"@context\":\"https:\\\/\\\/schema.org\",\"@graph\":[{\"@type\":\"Article\",\"@id\":\"https:\\\/\\\/tuguia.combarranquilla.co\\\/Revista\\\/ganadores-del-subsidio-de-vivienda-iv-trimestre-2023\\\/#article\",\"isPartOf\":{\"@id\":\"https:\\\/\\\/tuguia.combarranquilla.co\\\/Revista\\\/ganadores-del-subsidio-de-vivienda-iv-trimestre-2023\\\/\"},\"author\":{\"name\":\"Comunicaciones Combarranquilla\",\"@id\":\"https:\\\/\\\/tuguia.combarranquilla.co\\\/Revista\\\/#\\\/schema\\\/person\\\/c2c396a77170bd1d5f8ba73294eb0d10\"},\"headline\":\"Ganadores del Subsidio de Vivienda IV Trimestre 2023\",\"datePublished\":\"2024-01-19T18:45:28+00:00\",\"dateModified\":\"2024-01-19T18:46:44+00:00\",\"mainEntityOfPage\":{\"@id\":\"https:\\\/\\\/tuguia.combarranquilla.co\\\/Revista\\\/ganadores-del-subsidio-de-vivienda-iv-trimestre-2023\\\/\"},\"wordCount\":462,\"commentCount\":0,\"publisher\":{\"@id\":\"https:\\\/\\\/tuguia.combarranquilla.co\\\/Revista\\\/#organization\"},\"image\":{\"@id\":\"https:\\\/\\\/tuguia.combarranquilla.co\\\/Revista\\\/ganadores-del-subsidio-de-vivienda-iv-trimestre-2023\\\/#primaryimage\"},\"thumbnailUrl\":\"https:\\\/\\\/tuguia.combarranquilla.co\\\/Revista\\\/wp-content\\\/uploads\\\/2024\\\/01\\\/GANADORES-SUBSIDIO-Mesa-de-trabajo-1-copia.png\",\"articleSection\":[\"SUBSIDIOS\"],\"inLanguage\":\"es-CO\",\"potentialAction\":[{\"@type\":\"CommentAction\",\"name\":\"Comment\",\"target\":[\"https:\\\/\\\/tuguia.combarranquilla.co\\\/Revista\\\/ganadores-del-subsidio-de-vivienda-iv-trimestre-2023\\\/#respond\"]}]},{\"@type\":\"WebPage\",\"@id\":\"https:\\\/\\\/tuguia.combarranquilla.co\\\/Revista\\\/ganadores-del-subsidio-de-vivienda-iv-trimestre-2023\\\/\",\"url\":\"https:\\\/\\\/tuguia.combarranquilla.co\\\/Revista\\\/ganadores-del-subsidio-de-vivienda-iv-trimestre-2023\\\/\",\"name\":\"Ganadores del Subsidio de Vivienda IV Trimestre 2023 - Tu Gu\u00eda\",\"isPartOf\":{\"@id\":\"https:\\\/\\\/tuguia.combarranquilla.co\\\/Revista\\\/#website\"},\"primaryImageOfPage\":{\"@id\":\"https:\\\/\\\/tuguia.combarranquilla.co\\\/Revista\\\/ganadores-del-subsidio-de-vivienda-iv-trimestre-2023\\\/#primaryimage\"},\"image\":{\"@id\":\"https:\\\/\\\/tuguia.combarranquilla.co\\\/Revista\\\/ganadores-del-subsidio-de-vivienda-iv-trimestre-2023\\\/#primaryimage\"},\"thumbnailUrl\":\"https:\\\/\\\/tuguia.combarranquilla.co\\\/Revista\\\/wp-content\\\/uploads\\\/2024\\\/01\\\/GANADORES-SUBSIDIO-Mesa-de-trabajo-1-copia.png\",\"datePublished\":\"2024-01-19T18:45:28+00:00\",\"dateModified\":\"2024-01-19T18:46:44+00:00\",\"breadcrumb\":{\"@id\":\"https:\\\/\\\/tuguia.combarranquilla.co\\\/Revista\\\/ganadores-del-subsidio-de-vivienda-iv-trimestre-2023\\\/#breadcrumb\"},\"inLanguage\":\"es-CO\",\"potentialAction\":[{\"@type\":\"ReadAction\",\"target\":[\"https:\\\/\\\/tuguia.combarranquilla.co\\\/Revista\\\/ganadores-del-subsidio-de-vivienda-iv-trimestre-2023\\\/\"]}]},{\"@type\":\"ImageObject\",\"inLanguage\":\"es-CO\",\"@id\":\"https:\\\/\\\/tuguia.combarranquilla.co\\\/Revista\\\/ganadores-del-subsidio-de-vivienda-iv-trimestre-2023\\\/#primaryimage\",\"url\":\"https:\\\/\\\/tuguia.combarranquilla.co\\\/Revista\\\/wp-content\\\/uploads\\\/2024\\\/01\\\/GANADORES-SUBSIDIO-Mesa-de-trabajo-1-copia.png\",\"contentUrl\":\"https:\\\/\\\/tuguia.combarranquilla.co\\\/Revista\\\/wp-content\\\/uploads\\\/2024\\\/01\\\/GANADORES-SUBSIDIO-Mesa-de-trabajo-1-copia.png\",\"width\":1081,\"height\":1081},{\"@type\":\"BreadcrumbList\",\"@id\":\"https:\\\/\\\/tuguia.combarranquilla.co\\\/Revista\\\/ganadores-del-subsidio-de-vivienda-iv-trimestre-2023\\\/#breadcrumb\",\"itemListElement\":[{\"@type\":\"ListItem\",\"position\":1,\"name\":\"Inicio\",\"item\":\"https:\\\/\\\/tuguia.combarranquilla.co\\\/Revista\\\/\"},{\"@type\":\"ListItem\",\"position\":2,\"name\":\"Ganadores del Subsidio de Vivienda IV Trimestre 2023\"}]},{\"@type\":\"WebSite\",\"@id\":\"https:\\\/\\\/tuguia.combarranquilla.co\\\/Revista\\\/#website\",\"url\":\"https:\\\/\\\/tuguia.combarranquilla.co\\\/Revista\\\/\",\"name\":\"Tu Gu\u00eda\",\"description\":\"La revista donde lo tienes todo.\",\"publisher\":{\"@id\":\"https:\\\/\\\/tuguia.combarranquilla.co\\\/Revista\\\/#organization\"},\"alternateName\":\"Tu Gu\u00eda Combarranquilla\",\"potentialAction\":[{\"@type\":\"SearchAction\",\"target\":{\"@type\":\"EntryPoint\",\"urlTemplate\":\"https:\\\/\\\/tuguia.combarranquilla.co\\\/Revista\\\/?s={search_term_string}\"},\"query-input\":{\"@type\":\"PropertyValueSpecification\",\"valueRequired\":true,\"valueName\":\"search_term_string\"}}],\"inLanguage\":\"es-CO\"},{\"@type\":\"Organization\",\"@id\":\"https:\\\/\\\/tuguia.combarranquilla.co\\\/Revista\\\/#organization\",\"name\":\"Tu Gu\u00eda Combarranquilla\",\"url\":\"https:\\\/\\\/tuguia.combarranquilla.co\\\/Revista\\\/\",\"logo\":{\"@type\":\"ImageObject\",\"inLanguage\":\"es-CO\",\"@id\":\"https:\\\/\\\/tuguia.combarranquilla.co\\\/Revista\\\/#\\\/schema\\\/logo\\\/image\\\/\",\"url\":\"https:\\\/\\\/tuguia.combarranquilla.co\\\/Revista\\\/wp-content\\\/uploads\\\/2022\\\/02\\\/logo-guia-combarranquilla.svg\",\"contentUrl\":\"https:\\\/\\\/tuguia.combarranquilla.co\\\/Revista\\\/wp-content\\\/uploads\\\/2022\\\/02\\\/logo-guia-combarranquilla.svg\",\"caption\":\"Tu Gu\u00eda Combarranquilla\"},\"image\":{\"@id\":\"https:\\\/\\\/tuguia.combarranquilla.co\\\/Revista\\\/#\\\/schema\\\/logo\\\/image\\\/\"}},{\"@type\":\"Person\",\"@id\":\"https:\\\/\\\/tuguia.combarranquilla.co\\\/Revista\\\/#\\\/schema\\\/person\\\/c2c396a77170bd1d5f8ba73294eb0d10\",\"name\":\"Comunicaciones Combarranquilla\",\"image\":{\"@type\":\"ImageObject\",\"inLanguage\":\"es-CO\",\"@id\":\"https:\\\/\\\/tuguia.combarranquilla.co\\\/Revista\\\/wp-content\\\/uploads\\\/2025\\\/05\\\/ABC-Al-Rojo-Logo-96x96.jpg\",\"url\":\"https:\\\/\\\/tuguia.combarranquilla.co\\\/Revista\\\/wp-content\\\/uploads\\\/2025\\\/05\\\/ABC-Al-Rojo-Logo-96x96.jpg\",\"contentUrl\":\"https:\\\/\\\/tuguia.combarranquilla.co\\\/Revista\\\/wp-content\\\/uploads\\\/2025\\\/05\\\/ABC-Al-Rojo-Logo-96x96.jpg\",\"caption\":\"Comunicaciones Combarranquilla\"},\"sameAs\":[\"https:\\\/\\\/www.combarranquilla.co\"],\"url\":\"https:\\\/\\\/tuguia.combarranquilla.co\\\/Revista\\\/author\\\/comunicaciones\\\/\"}]}<\/script>\n<!-- \/ Yoast SEO plugin. -->","yoast_head_json":{"title":"Ganadores del Subsidio de Vivienda IV Trimestre 2023 - Tu Gu\u00eda","robots":{"index":"index","follow":"follow","max-snippet":"max-snippet:-1","max-image-preview":"max-image-preview:large","max-video-preview":"max-video-preview:-1"},"canonical":"https:\/\/tuguia.combarranquilla.co\/Revista\/ganadores-del-subsidio-de-vivienda-iv-trimestre-2023\/","og_locale":"es_ES","og_type":"article","og_title":"Ganadores del Subsidio de Vivienda IV Trimestre 2023 - Tu Gu\u00eda","og_description":"Por un 2024 donde los sue\u00f1os de obtener vivienda propia est\u00e9n m\u00e1s cerca de ser realidad, en este a\u00f1o 44 afiliados y sus familias construir\u00e1n el hogar que siempre han anhelado. LA CAJA DE COMPENSACI\u00d3N FAMILIAR DE BARRANQUILLA \u201cCOMBARRANQUILLA\u201d se permite informar que, en cumplimiento de las pol\u00edticas de bienestar social para sus afiliados, mediante [&hellip;]","og_url":"https:\/\/tuguia.combarranquilla.co\/Revista\/ganadores-del-subsidio-de-vivienda-iv-trimestre-2023\/","og_site_name":"Tu Gu\u00eda","article_published_time":"2024-01-19T18:45:28+00:00","article_modified_time":"2024-01-19T18:46:44+00:00","og_image":[{"width":1081,"height":1081,"url":"https:\/\/tuguia.combarranquilla.co\/Revista\/wp-content\/uploads\/2024\/01\/GANADORES-SUBSIDIO-Mesa-de-trabajo-1-copia.png","type":"image\/png"}],"author":"Comunicaciones Combarranquilla","twitter_card":"summary_large_image","twitter_misc":{"Escrito por":"Comunicaciones Combarranquilla","Tiempo de lectura":"2 minutos"},"schema":{"@context":"https:\/\/schema.org","@graph":[{"@type":"Article","@id":"https:\/\/tuguia.combarranquilla.co\/Revista\/ganadores-del-subsidio-de-vivienda-iv-trimestre-2023\/#article","isPartOf":{"@id":"https:\/\/tuguia.combarranquilla.co\/Revista\/ganadores-del-subsidio-de-vivienda-iv-trimestre-2023\/"},"author":{"name":"Comunicaciones Combarranquilla","@id":"https:\/\/tuguia.combarranquilla.co\/Revista\/#\/schema\/person\/c2c396a77170bd1d5f8ba73294eb0d10"},"headline":"Ganadores del Subsidio de Vivienda IV Trimestre 2023","datePublished":"2024-01-19T18:45:28+00:00","dateModified":"2024-01-19T18:46:44+00:00","mainEntityOfPage":{"@id":"https:\/\/tuguia.combarranquilla.co\/Revista\/ganadores-del-subsidio-de-vivienda-iv-trimestre-2023\/"},"wordCount":462,"commentCount":0,"publisher":{"@id":"https:\/\/tuguia.combarranquilla.co\/Revista\/#organization"},"image":{"@id":"https:\/\/tuguia.combarranquilla.co\/Revista\/ganadores-del-subsidio-de-vivienda-iv-trimestre-2023\/#primaryimage"},"thumbnailUrl":"https:\/\/tuguia.combarranquilla.co\/Revista\/wp-content\/uploads\/2024\/01\/GANADORES-SUBSIDIO-Mesa-de-trabajo-1-copia.png","articleSection":["SUBSIDIOS"],"inLanguage":"es-CO","potentialAction":[{"@type":"CommentAction","name":"Comment","target":["https:\/\/tuguia.combarranquilla.co\/Revista\/ganadores-del-subsidio-de-vivienda-iv-trimestre-2023\/#respond"]}]},{"@type":"WebPage","@id":"https:\/\/tuguia.combarranquilla.co\/Revista\/ganadores-del-subsidio-de-vivienda-iv-trimestre-2023\/","url":"https:\/\/tuguia.combarranquilla.co\/Revista\/ganadores-del-subsidio-de-vivienda-iv-trimestre-2023\/","name":"Ganadores del Subsidio de Vivienda IV Trimestre 2023 - Tu Gu\u00eda","isPartOf":{"@id":"https:\/\/tuguia.combarranquilla.co\/Revista\/#website"},"primaryImageOfPage":{"@id":"https:\/\/tuguia.combarranquilla.co\/Revista\/ganadores-del-subsidio-de-vivienda-iv-trimestre-2023\/#primaryimage"},"image":{"@id":"https:\/\/tuguia.combarranquilla.co\/Revista\/ganadores-del-subsidio-de-vivienda-iv-trimestre-2023\/#primaryimage"},"thumbnailUrl":"https:\/\/tuguia.combarranquilla.co\/Revista\/wp-content\/uploads\/2024\/01\/GANADORES-SUBSIDIO-Mesa-de-trabajo-1-copia.png","datePublished":"2024-01-19T18:45:28+00:00","dateModified":"2024-01-19T18:46:44+00:00","breadcrumb":{"@id":"https:\/\/tuguia.combarranquilla.co\/Revista\/ganadores-del-subsidio-de-vivienda-iv-trimestre-2023\/#breadcrumb"},"inLanguage":"es-CO","potentialAction":[{"@type":"ReadAction","target":["https:\/\/tuguia.combarranquilla.co\/Revista\/ganadores-del-subsidio-de-vivienda-iv-trimestre-2023\/"]}]},{"@type":"ImageObject","inLanguage":"es-CO","@id":"https:\/\/tuguia.combarranquilla.co\/Revista\/ganadores-del-subsidio-de-vivienda-iv-trimestre-2023\/#primaryimage","url":"https:\/\/tuguia.combarranquilla.co\/Revista\/wp-content\/uploads\/2024\/01\/GANADORES-SUBSIDIO-Mesa-de-trabajo-1-copia.png","contentUrl":"https:\/\/tuguia.combarranquilla.co\/Revista\/wp-content\/uploads\/2024\/01\/GANADORES-SUBSIDIO-Mesa-de-trabajo-1-copia.png","width":1081,"height":1081},{"@type":"BreadcrumbList","@id":"https:\/\/tuguia.combarranquilla.co\/Revista\/ganadores-del-subsidio-de-vivienda-iv-trimestre-2023\/#breadcrumb","itemListElement":[{"@type":"ListItem","position":1,"name":"Inicio","item":"https:\/\/tuguia.combarranquilla.co\/Revista\/"},{"@type":"ListItem","position":2,"name":"Ganadores del Subsidio de Vivienda IV Trimestre 2023"}]},{"@type":"WebSite","@id":"https:\/\/tuguia.combarranquilla.co\/Revista\/#website","url":"https:\/\/tuguia.combarranquilla.co\/Revista\/","name":"Tu Gu\u00eda","description":"La revista donde lo tienes todo.","publisher":{"@id":"https:\/\/tuguia.combarranquilla.co\/Revista\/#organization"},"alternateName":"Tu Gu\u00eda Combarranquilla","potentialAction":[{"@type":"SearchAction","target":{"@type":"EntryPoint","urlTemplate":"https:\/\/tuguia.combarranquilla.co\/Revista\/?s={search_term_string}"},"query-input":{"@type":"PropertyValueSpecification","valueRequired":true,"valueName":"search_term_string"}}],"inLanguage":"es-CO"},{"@type":"Organization","@id":"https:\/\/tuguia.combarranquilla.co\/Revista\/#organization","name":"Tu Gu\u00eda Combarranquilla","url":"https:\/\/tuguia.combarranquilla.co\/Revista\/","logo":{"@type":"ImageObject","inLanguage":"es-CO","@id":"https:\/\/tuguia.combarranquilla.co\/Revista\/#\/schema\/logo\/image\/","url":"https:\/\/tuguia.combarranquilla.co\/Revista\/wp-content\/uploads\/2022\/02\/logo-guia-combarranquilla.svg","contentUrl":"https:\/\/tuguia.combarranquilla.co\/Revista\/wp-content\/uploads\/2022\/02\/logo-guia-combarranquilla.svg","caption":"Tu Gu\u00eda Combarranquilla"},"image":{"@id":"https:\/\/tuguia.combarranquilla.co\/Revista\/#\/schema\/logo\/image\/"}},{"@type":"Person","@id":"https:\/\/tuguia.combarranquilla.co\/Revista\/#\/schema\/person\/c2c396a77170bd1d5f8ba73294eb0d10","name":"Comunicaciones Combarranquilla","image":{"@type":"ImageObject","inLanguage":"es-CO","@id":"https:\/\/tuguia.combarranquilla.co\/Revista\/wp-content\/uploads\/2025\/05\/ABC-Al-Rojo-Logo-96x96.jpg","url":"https:\/\/tuguia.combarranquilla.co\/Revista\/wp-content\/uploads\/2025\/05\/ABC-Al-Rojo-Logo-96x96.jpg","contentUrl":"https:\/\/tuguia.combarranquilla.co\/Revista\/wp-content\/uploads\/2025\/05\/ABC-Al-Rojo-Logo-96x96.jpg","caption":"Comunicaciones Combarranquilla"},"sameAs":["https:\/\/www.combarranquilla.co"],"url":"https:\/\/tuguia.combarranquilla.co\/Revista\/author\/comunicaciones\/"}]}},"_links":{"self":[{"href":"https:\/\/tuguia.combarranquilla.co\/Revista\/wp-json\/wp\/v2\/posts\/3534","targetHints":{"allow":["GET"]}}],"collection":[{"href":"https:\/\/tuguia.combarranquilla.co\/Revista\/wp-json\/wp\/v2\/posts"}],"about":[{"href":"https:\/\/tuguia.combarranquilla.co\/Revista\/wp-json\/wp\/v2\/types\/post"}],"author":[{"embeddable":true,"href":"https:\/\/tuguia.combarranquilla.co\/Revista\/wp-json\/wp\/v2\/users\/2"}],"replies":[{"embeddable":true,"href":"https:\/\/tuguia.combarranquilla.co\/Revista\/wp-json\/wp\/v2\/comments?post=3534"}],"version-history":[{"count":6,"href":"https:\/\/tuguia.combarranquilla.co\/Revista\/wp-json\/wp\/v2\/posts\/3534\/revisions"}],"predecessor-version":[{"id":3583,"href":"https:\/\/tuguia.combarranquilla.co\/Revista\/wp-json\/wp\/v2\/posts\/3534\/revisions\/3583"}],"wp:featuredmedia":[{"embeddable":true,"href":"https:\/\/tuguia.combarranquilla.co\/Revista\/wp-json\/wp\/v2\/media\/3570"}],"wp:attachment":[{"href":"https:\/\/tuguia.combarranquilla.co\/Revista\/wp-json\/wp\/v2\/media?parent=3534"}],"wp:term":[{"taxonomy":"category","embeddable":true,"href":"https:\/\/tuguia.combarranquilla.co\/Revista\/wp-json\/wp\/v2\/categories?post=3534"},{"taxonomy":"post_tag","embeddable":true,"href":"https:\/\/tuguia.combarranquilla.co\/Revista\/wp-json\/wp\/v2\/tags?post=3534"}],"curies":[{"name":"wp","href":"https:\/\/api.w.org\/{rel}","templated":true}]}}