{"id":3585,"date":"2024-02-07T15:34:03","date_gmt":"2024-02-07T20:34:03","guid":{"rendered":"https:\/\/tuguia.combarranquilla.co\/Revista\/?p=3585"},"modified":"2024-02-29T08:40:24","modified_gmt":"2024-02-29T13:40:24","slug":"conoce-los-lugares-donde-puedes-celebrar-tus-quince-anos","status":"publish","type":"post","link":"https:\/\/tuguia.combarranquilla.co\/Revista\/conoce-los-lugares-donde-puedes-celebrar-tus-quince-anos\/","title":{"rendered":"Conoce los lugares donde puedes celebrar tus quince a\u00f1os"},"content":{"rendered":"\n<p class=\"has-medium-font-size\">Quince a\u00f1os no se cumplen todos los d\u00edas y que mejor manera de celebrarlos con un viaje a un nuevo destino, en donde podr\u00e1s tener experiencias \u00fanicas e inolvidables, compartir con diferentes personas y vivir nuevas aventuras.<\/p>\n\n\n\n<p class=\"has-medium-font-size\">Los tours incluyen alojamiento, comida, transporte exclusivo, visitas a sitios tur\u00edsticos y gu\u00edas especializados, para que vivas una maravillosa experiencia y disfrutes al m\u00e1ximo tu viaje de quince a\u00f1os.<\/p>\n\n\n\n<p class=\"has-text-align-center has-medium-font-size\"><strong>Tour Quincea\u00f1eras San Andr\u00e9s<\/strong><\/p>\n\n\n\n<p class=\"has-text-align-center has-medium-font-size\"><strong>Fecha 1: <\/strong>Del<strong> 7 <\/strong>al<strong> 11 <\/strong>de julio<\/p>\n\n\n\n<p class=\"has-text-align-center has-medium-font-size\"><strong>Fecha 2:<\/strong> Del <strong>26 <\/strong>al <strong>30 <\/strong>de noviembre<\/p>\n\n\n<div class=\"wp-block-image is-style-default\">\n<figure class=\"aligncenter size-large\"><img decoding=\"async\" width=\"1024\" height=\"683\" data-src=\"https:\/\/tuguia.combarranquilla.co\/Revista\/wp-content\/uploads\/2024\/02\/laguna-oceano-arena-blanca-verano-1-1024x683.jpg\" alt=\"\" class=\"wp-image-3589 lazyload\" data-srcset=\"https:\/\/tuguia.combarranquilla.co\/Revista\/wp-content\/uploads\/2024\/02\/laguna-oceano-arena-blanca-verano-1-1024x683.jpg 1024w, https:\/\/tuguia.combarranquilla.co\/Revista\/wp-content\/uploads\/2024\/02\/laguna-oceano-arena-blanca-verano-1-300x200.jpg 300w, https:\/\/tuguia.combarranquilla.co\/Revista\/wp-content\/uploads\/2024\/02\/laguna-oceano-arena-blanca-verano-1-768x512.jpg 768w, https:\/\/tuguia.combarranquilla.co\/Revista\/wp-content\/uploads\/2024\/02\/laguna-oceano-arena-blanca-verano-1-1536x1024.jpg 1536w, https:\/\/tuguia.combarranquilla.co\/Revista\/wp-content\/uploads\/2024\/02\/laguna-oceano-arena-blanca-verano-1-2048x1365.jpg 2048w\" data-sizes=\"(max-width: 1024px) 100vw, 1024px\" src=\"data:image\/svg+xml;base64,PHN2ZyB3aWR0aD0iMSIgaGVpZ2h0PSIxIiB4bWxucz0iaHR0cDovL3d3dy53My5vcmcvMjAwMC9zdmciPjwvc3ZnPg==\" style=\"--smush-placeholder-width: 1024px; --smush-placeholder-aspect-ratio: 1024\/683;\" \/><figcaption class=\"wp-element-caption\">*Imagen de referencia<\/figcaption><\/figure><\/div>\n\n\n<p class=\"has-medium-font-size\"><strong>Tarifa<\/strong>:<\/p>\n\n\n\n<p class=\"has-medium-font-size\">Desde $4.890.000 p\/p<\/p>\n\n\n\n<p class=\"has-medium-font-size\"><strong>Incluye<\/strong>:<\/p>\n\n\n\n<ul class=\"wp-block-list\">\n<li class=\"has-medium-font-size\">Tiquetes a\u00e9reos.<\/li>\n\n\n\n<li class=\"has-medium-font-size\">Impuestos del tiquete a\u00e9reo (Equipaje 10kg).<\/li>\n\n\n\n<li class=\"has-medium-font-size\">Traslado aeropuerto \u2013 hotel \u2013 aeropuerto.<\/li>\n\n\n\n<li class=\"has-medium-font-size\">Tarjeta de ingreso a la Isla e impuestos ecol\u00f3gicos.<\/li>\n\n\n\n<li class=\"has-medium-font-size\">4 noches en el Hotel Decameron Aquarium.<\/li>\n\n\n\n<li class=\"has-medium-font-size\">Seguro hotelero.<\/li>\n\n\n\n<li class=\"has-medium-font-size\">Alimentaci\u00f3n completa tipo buffet, snacks.<\/li>\n\n\n\n<li class=\"has-medium-font-size\">Crucero rumbero fiesta blanca, Dj.<\/li>\n\n\n\n<li class=\"has-medium-font-size\">Chiva rumbera.<\/li>\n\n\n\n<li class=\"has-medium-font-size\">Vuelta a la isla.<\/li>\n\n\n\n<li class=\"has-medium-font-size\">Visita a la piscina natural de West View.<\/li>\n\n\n\n<li class=\"has-medium-font-size\">Visita al hoyo soplador.<\/li>\n\n\n\n<li class=\"has-medium-font-size\">Black Party \u2013 Discoteca, Dj.<\/li>\n\n\n\n<li class=\"has-medium-font-size\">Carnaval Tropical \u2013 Ibiza, Dj.<\/li>\n\n\n\n<li class=\"has-medium-font-size\">Johnny Cay y Acuario.<\/li>\n\n\n\n<li class=\"has-medium-font-size\">Ma\u00f1ana de compras.<\/li>\n\n\n\n<li class=\"has-medium-font-size\">Cinta de identificaci\u00f3n para equipaje.<\/li>\n\n\n\n<li class=\"has-medium-font-size\">Escarapelas de identificaci\u00f3n de grupo.<\/li>\n\n\n\n<li class=\"has-medium-font-size\">Camiseta de identificaci\u00f3n grupal.<\/li>\n\n\n\n<li class=\"has-medium-font-size\">Chaperonas especializadas.<\/li>\n\n\n\n<li class=\"has-medium-font-size\">Asistencia m\u00e9dica y de viaje.<\/li>\n<\/ul>\n\n\n\n<p class=\"has-text-align-center has-medium-font-size\"><strong>Tour Quincea\u00f1eras Orlando<\/strong><\/p>\n\n\n\n<p class=\"has-text-align-center has-medium-font-size\"><strong>&nbsp;<\/strong>Del<strong> 5<\/strong> al<strong> 14 <\/strong>de octubre<\/p>\n\n\n<div class=\"wp-block-image\">\n<figure class=\"aligncenter size-large\"><img decoding=\"async\" width=\"1024\" height=\"681\" data-src=\"https:\/\/tuguia.combarranquilla.co\/Revista\/wp-content\/uploads\/2024\/02\/orlando-manana-1024x681.jpg\" alt=\"\" class=\"wp-image-3592 lazyload\" data-srcset=\"https:\/\/tuguia.combarranquilla.co\/Revista\/wp-content\/uploads\/2024\/02\/orlando-manana-1024x681.jpg 1024w, https:\/\/tuguia.combarranquilla.co\/Revista\/wp-content\/uploads\/2024\/02\/orlando-manana-300x200.jpg 300w, https:\/\/tuguia.combarranquilla.co\/Revista\/wp-content\/uploads\/2024\/02\/orlando-manana-768x511.jpg 768w, https:\/\/tuguia.combarranquilla.co\/Revista\/wp-content\/uploads\/2024\/02\/orlando-manana-1536x1022.jpg 1536w, https:\/\/tuguia.combarranquilla.co\/Revista\/wp-content\/uploads\/2024\/02\/orlando-manana-2048x1362.jpg 2048w\" data-sizes=\"(max-width: 1024px) 100vw, 1024px\" src=\"data:image\/svg+xml;base64,PHN2ZyB3aWR0aD0iMSIgaGVpZ2h0PSIxIiB4bWxucz0iaHR0cDovL3d3dy53My5vcmcvMjAwMC9zdmciPjwvc3ZnPg==\" style=\"--smush-placeholder-width: 1024px; --smush-placeholder-aspect-ratio: 1024\/681;\" \/><figcaption class=\"wp-element-caption\">*Imagen de referencia <\/figcaption><\/figure><\/div>\n\n\n<p class=\"has-medium-font-size\"><strong>Tarifa<\/strong>:<\/p>\n\n\n\n<p class=\"has-medium-font-size\">Desde $3.999 USD p\/p<\/p>\n\n\n\n<p class=\"has-medium-font-size\"><strong>Incluye:<\/strong><\/p>\n\n\n\n<ul class=\"wp-block-list\">\n<li class=\"has-medium-font-size\">Tiquete a\u00e9reo ida y regreso desde Bogot\u00e1.<\/li>\n\n\n\n<li class=\"has-medium-font-size\">Impuestos de tiquete a\u00e9reo, migratorios y hoteleros.<\/li>\n\n\n\n<li class=\"has-medium-font-size\">Equipaje de 23 kg en bodega y bolso en mano.<\/li>\n\n\n\n<li class=\"has-medium-font-size\">Traslado aeropuerto \u2013 hotel \u2013 aeropuerto.<\/li>\n\n\n\n<li class=\"has-medium-font-size\">9 noches en Florida: Hotel Conference Center<\/li>\n\n\n\n<li class=\"has-medium-font-size\">Acomodaci\u00f3n Cu\u00e1druple<\/li>\n\n\n\n<li class=\"has-medium-font-size\">R\u00e9gimen de alimentaci\u00f3n incluida (Desayunos y cenas).<\/li>\n\n\n\n<li class=\"has-medium-font-size\">Cena especial en: Planet Hollywood Disney Springs.<\/li>\n\n\n\n<li class=\"has-medium-font-size\">Cena especial en: Hard Rock Caf\u00e9.<\/li>\n\n\n\n<li class=\"has-medium-font-size\">Cena especial en: Show Medieval Times.<\/li>\n\n\n\n<li class=\"has-medium-font-size\">Entradas a: Magic kingdom, Sea Word, Bush Garden, Universal Studios, Island of Adventure, Aquatica, Museo Madame Tussauds, Orlando Eye, Acuario Sea Life Orlando.<\/li>\n\n\n\n<li class=\"has-medium-font-size\">Tour de compras.<\/li>\n\n\n\n<li class=\"has-medium-font-size\">Asistencia m\u00e9dica y de viaje.<\/li>\n\n\n\n<li class=\"has-medium-font-size\">Morral viajero (Kit de viaje).<\/li>\n\n\n\n<li class=\"has-medium-font-size\">Chaperones especializados desde Colombia.<\/li>\n\n\n\n<li class=\"has-medium-font-size\">Porta dinero y escarapela de identificaci\u00f3n grupal.<\/li>\n\n\n\n<li class=\"has-medium-font-size\">Fotos y videos del viaje durante el recorrido.<\/li>\n\n\n\n<li class=\"has-medium-font-size\">Transmisi\u00f3n en vivo por redes sociales.<\/li>\n\n\n\n<li class=\"has-medium-font-size\">3 camisetas de identificaci\u00f3n distintivas del viaje grupal.<\/li>\n\n\n\n<li class=\"has-medium-font-size\">Fee bancario.<\/li>\n<\/ul>\n\n\n\n<p class=\"has-text-align-center has-medium-font-size\"><strong>Tour Quincea\u00f1eras Europa<\/strong><\/p>\n\n\n\n<p class=\"has-text-align-center has-medium-font-size\">Del<strong> 18 <\/strong>de junio al<strong> 5 <\/strong>de julio<\/p>\n\n\n<div class=\"wp-block-image\">\n<figure class=\"aligncenter size-large\"><img decoding=\"async\" width=\"1024\" height=\"683\" data-src=\"https:\/\/tuguia.combarranquilla.co\/Revista\/wp-content\/uploads\/2024\/02\/torre-eiffel-paris-puente-1024x683.jpg\" alt=\"\" class=\"wp-image-3596 lazyload\" data-srcset=\"https:\/\/tuguia.combarranquilla.co\/Revista\/wp-content\/uploads\/2024\/02\/torre-eiffel-paris-puente-1024x683.jpg 1024w, https:\/\/tuguia.combarranquilla.co\/Revista\/wp-content\/uploads\/2024\/02\/torre-eiffel-paris-puente-300x200.jpg 300w, https:\/\/tuguia.combarranquilla.co\/Revista\/wp-content\/uploads\/2024\/02\/torre-eiffel-paris-puente-768x512.jpg 768w, https:\/\/tuguia.combarranquilla.co\/Revista\/wp-content\/uploads\/2024\/02\/torre-eiffel-paris-puente-1536x1024.jpg 1536w, https:\/\/tuguia.combarranquilla.co\/Revista\/wp-content\/uploads\/2024\/02\/torre-eiffel-paris-puente-2048x1365.jpg 2048w\" data-sizes=\"(max-width: 1024px) 100vw, 1024px\" src=\"data:image\/svg+xml;base64,PHN2ZyB3aWR0aD0iMSIgaGVpZ2h0PSIxIiB4bWxucz0iaHR0cDovL3d3dy53My5vcmcvMjAwMC9zdmciPjwvc3ZnPg==\" style=\"--smush-placeholder-width: 1024px; --smush-placeholder-aspect-ratio: 1024\/683;\" \/><figcaption class=\"wp-element-caption\">*Imagen de referencia <\/figcaption><\/figure><\/div>\n\n\n<p class=\"has-medium-font-size\"><strong>Tarifa<\/strong>:<\/p>\n\n\n\n<p class=\"has-medium-font-size\">Desde $5.980 euros p\/p<\/p>\n\n\n\n<p class=\"has-medium-font-size\"><strong>Incluye<\/strong>:<\/p>\n\n\n\n<ul class=\"has-medium-font-size wp-block-list\">\n<li>Tiquete a\u00e9reo: Bogot\u00e1\/ Madrid \/ Paris \/ Roma \/ Madrid \/ Bogot\u00e1.<\/li>\n\n\n\n<li>Impuestos tiquete a\u00e9reo y migratorios.<\/li>\n\n\n\n<li>Traslados aeropuertos \u2013 hoteles \u2013 aeropuertos.<\/li>\n\n\n\n<li>Autocar climatizado y panor\u00e1mico acuerdo al programa.<\/li>\n\n\n\n<li>Alojamiento en hoteles categor\u00eda primera superior.<\/li>\n\n\n\n<li>Acomodaci\u00f3n doble. Wifi en hoteler\u00eda.<\/li>\n\n\n\n<li>Desayunos y cenas o Almuerzos descritos en el programa.<\/li>\n\n\n\n<li>Impuestos hoteleros y propinas<\/li>\n\n\n\n<li>Asistencia M\u00e9dica y de Viaje.<\/li>\n\n\n\n<li>Gu\u00eda Espa\u00f1ola Biling\u00fce durante todo el recorrido.<\/li>\n\n\n\n<li>Chaperones especializados desde Colombia<\/li>\n\n\n\n<li>Porta dinero y escarapela de identificaci\u00f3n grupal<\/li>\n\n\n\n<li>3 camisetas de identificaci\u00f3n distintivas del viaje grupal.<\/li>\n\n\n\n<li>Fotos y Videos del viaje durante el recorrido<\/li>\n\n\n\n<li>Transmisi\u00f3n en vivo por redes sociales.<\/li>\n\n\n\n<li>Bolso de viaje.<\/li>\n\n\n\n<li>Fee bancario.<\/li>\n\n\n\n<li>Entradas a: Parque Eurodisney, Europark, Torre Eiffel, Barco en el rio Sena, Parque Warner Bross, Estadio Santiago Bernab\u00e9u, Coliseo Romano interior, Museos, Vaticanos, Capilla Sixtina, Excursi\u00f3n Isla Capri, Tren en Pisa, Vaporetto a Venecia, Paseo en G\u00f3ndola, Monte Titlis (Telef\u00e9rico giratorio).<\/li>\n<\/ul>\n\n\n\n<p class=\"has-text-align-center has-medium-font-size\"><strong>Tour Quincea\u00f1eras Dubai y Abu Dabi<\/strong><\/p>\n\n\n\n<p class=\"has-text-align-center has-medium-font-size\">Del <strong>5 al 16 <\/strong>de diciembre<\/p>\n\n\n<div class=\"wp-block-image\">\n<figure class=\"aligncenter size-large\"><img decoding=\"async\" width=\"1024\" height=\"683\" data-src=\"https:\/\/tuguia.combarranquilla.co\/Revista\/wp-content\/uploads\/2024\/02\/pexels-timo-volz-3769312-1024x683.jpg\" alt=\"\" class=\"wp-image-3598 lazyload\" data-srcset=\"https:\/\/tuguia.combarranquilla.co\/Revista\/wp-content\/uploads\/2024\/02\/pexels-timo-volz-3769312-1024x683.jpg 1024w, https:\/\/tuguia.combarranquilla.co\/Revista\/wp-content\/uploads\/2024\/02\/pexels-timo-volz-3769312-300x200.jpg 300w, https:\/\/tuguia.combarranquilla.co\/Revista\/wp-content\/uploads\/2024\/02\/pexels-timo-volz-3769312-768x512.jpg 768w, https:\/\/tuguia.combarranquilla.co\/Revista\/wp-content\/uploads\/2024\/02\/pexels-timo-volz-3769312-1536x1024.jpg 1536w, https:\/\/tuguia.combarranquilla.co\/Revista\/wp-content\/uploads\/2024\/02\/pexels-timo-volz-3769312-2048x1366.jpg 2048w\" data-sizes=\"(max-width: 1024px) 100vw, 1024px\" src=\"data:image\/svg+xml;base64,PHN2ZyB3aWR0aD0iMSIgaGVpZ2h0PSIxIiB4bWxucz0iaHR0cDovL3d3dy53My5vcmcvMjAwMC9zdmciPjwvc3ZnPg==\" style=\"--smush-placeholder-width: 1024px; --smush-placeholder-aspect-ratio: 1024\/683;\" \/><figcaption class=\"wp-element-caption\">*Imagen de referencia <\/figcaption><\/figure><\/div>\n\n\n<p class=\"has-medium-font-size\"><strong>Tarifa<\/strong>:<\/p>\n\n\n\n<p class=\"has-medium-font-size\">Desde $4.499 USD p\/p<\/p>\n\n\n\n<p class=\"has-medium-font-size\"><strong>Incluye:<\/strong><\/p>\n\n\n\n<ul class=\"has-medium-font-size wp-block-list\">\n<li>Tiquete a\u00e9reo: Bogot\u00e1 \/ Estambul \/ Dubai \/ Bogot\u00e1.<\/li>\n\n\n\n<li>Impuestos tiquete a\u00e9reo y migratorios.<\/li>\n\n\n\n<li>Traslados aeropuertos \u2013 hoteles \u2013 aeropuertos.<\/li>\n\n\n\n<li>Recorrido en autocar climatizado y panor\u00e1mico.<\/li>\n\n\n\n<li>Alojamiento en hoteles categor\u00eda 4 y 5 estrellas.<\/li>\n\n\n\n<li>Acomodaci\u00f3n doble y triple. Wifi en hoteler\u00eda.<\/li>\n\n\n\n<li>Desayunos, almuerzos y cenas.<\/li>\n\n\n\n<li>Impuestos hoteleros y propinas<\/li>\n\n\n\n<li>Asistencia M\u00e9dica y de Viaje.<\/li>\n\n\n\n<li>Fee bancario<\/li>\n\n\n\n<li>Gu\u00eda Espa\u00f1ola Biling\u00fce durante todo el recorrido.<\/li>\n\n\n\n<li>Chaperones especializados desde Colombia<\/li>\n\n\n\n<li>Bolso y Kit de viaje.<\/li>\n\n\n\n<li>Porta dinero y escarapela de identificaci\u00f3n grupal<\/li>\n\n\n\n<li>3 camisetas de identificaci\u00f3n distintivas del viaje.<\/li>\n\n\n\n<li>Comunicaci\u00f3n activa con padres de familia por medio de WhatsApp y redes sociales.<\/li>\n\n\n\n<li>Entrada a: Aventura en Ski Indoor Dubai, Tour Dubai Moderno, Tour Dubai Cl\u00e1sico, Entrada al Burj Khalifa (Piso 126), Safari 4&#215;4 por el Desierto, Sea World, Museo del Futuro Abu Dabi, Aventura en Yas Waterworld, Cena bordo del Dhow Cruise, Tour Joyas de Constantinopla, Paseo en Camello, Cena Show en Campamento del desierto, Aventura en Warner Bros Park Abu Dabi, Aventura en Ferrari World Park Abu Dabi, Tour Estambul y Crucero por el B\u00f3sforo.<\/li>\n<\/ul>\n\n\n\n<p class=\"has-text-align-center has-medium-font-size\"><strong>Tour Quincea\u00f1eras Canc\u00fan<\/strong><\/p>\n\n\n\n<p class=\"has-text-align-center has-medium-font-size\">Del <strong>11 <\/strong>al <strong>16<\/strong> de diciembre<\/p>\n\n\n<div class=\"wp-block-image\">\n<figure class=\"aligncenter size-large\"><img decoding=\"async\" width=\"1024\" height=\"767\" data-src=\"https:\/\/tuguia.combarranquilla.co\/Revista\/wp-content\/uploads\/2024\/02\/pexels-fernando-garcia-9424954-1024x767.jpg\" alt=\"\" class=\"wp-image-3778 lazyload\" data-srcset=\"https:\/\/tuguia.combarranquilla.co\/Revista\/wp-content\/uploads\/2024\/02\/pexels-fernando-garcia-9424954-1024x767.jpg 1024w, https:\/\/tuguia.combarranquilla.co\/Revista\/wp-content\/uploads\/2024\/02\/pexels-fernando-garcia-9424954-300x225.jpg 300w, https:\/\/tuguia.combarranquilla.co\/Revista\/wp-content\/uploads\/2024\/02\/pexels-fernando-garcia-9424954-768x576.jpg 768w, https:\/\/tuguia.combarranquilla.co\/Revista\/wp-content\/uploads\/2024\/02\/pexels-fernando-garcia-9424954-1536x1151.jpg 1536w, https:\/\/tuguia.combarranquilla.co\/Revista\/wp-content\/uploads\/2024\/02\/pexels-fernando-garcia-9424954-2048x1535.jpg 2048w\" data-sizes=\"(max-width: 1024px) 100vw, 1024px\" src=\"data:image\/svg+xml;base64,PHN2ZyB3aWR0aD0iMSIgaGVpZ2h0PSIxIiB4bWxucz0iaHR0cDovL3d3dy53My5vcmcvMjAwMC9zdmciPjwvc3ZnPg==\" style=\"--smush-placeholder-width: 1024px; --smush-placeholder-aspect-ratio: 1024\/767;\" \/><figcaption class=\"wp-element-caption\">*Imagen de referencia<\/figcaption><\/figure><\/div>\n\n\n<p class=\"has-medium-font-size\"><strong>Tarifa:<\/strong><\/p>\n\n\n\n<p class=\"has-medium-font-size\">Desde $2.395 USD p\/p<\/p>\n\n\n\n<p class=\"has-medium-font-size\"><strong>Incluye:<\/strong><\/p>\n\n\n\n<ul class=\"wp-block-list\">\n<li class=\"has-medium-font-size\">Tiquete A\u00e9reo a Canc\u00fan ida y regreso desde Bogot\u00e1<\/li>\n\n\n\n<li class=\"has-medium-font-size\">Impuestos Migratorios y del tiquete a\u00e9reo.<\/li>\n\n\n\n<li class=\"has-medium-font-size\">Impuestos hoteleros y ambientales<\/li>\n\n\n\n<li class=\"has-medium-font-size\">Cargo administrativo y 2 % fee bancario.<\/li>\n\n\n\n<li class=\"has-medium-font-size\">Traslados Aeropuerto &#8211; Hotel \u2013 Aeropuerto.<\/li>\n\n\n\n<li class=\"has-medium-font-size\">Traslados terrestres seg\u00fan itinerarios.<\/li>\n\n\n\n<li class=\"has-medium-font-size\">Alojamiento 6 d\u00edas y 5 noches en: Hotel Ocean Riviera Paradise<\/li>\n\n\n\n<li class=\"has-medium-font-size\">Acomodaci\u00f3n Doble o Triple por m\u00faltiplo.<\/li>\n\n\n\n<li class=\"has-medium-font-size\">Cena de Bienvenida.<\/li>\n\n\n\n<li class=\"has-medium-font-size\">Alimentaci\u00f3n Full Estilo. Todo Incluido.<\/li>\n\n\n\n<li class=\"has-medium-font-size\">Snacks y bebidas ilimitadas sin licor.<\/li>\n\n\n\n<li class=\"has-medium-font-size\">Shows en vivo todas las noches.<\/li>\n\n\n\n<li class=\"has-medium-font-size\">Acompa\u00f1amiento personalizado de chaperonas desde Bogot\u00e1.<\/li>\n\n\n\n<li class=\"has-medium-font-size\">Asistencia M\u00e9dica y de Viaje<\/li>\n\n\n\n<li class=\"has-medium-font-size\">Bolso y kit de viaje.<\/li>\n\n\n\n<li class=\"has-medium-font-size\">Cinta de identificaci\u00f3n para equipaje.<\/li>\n\n\n\n<li class=\"has-medium-font-size\">Escarapelas de identificaci\u00f3n de grupo.<\/li>\n\n\n\n<li class=\"has-medium-font-size\">2 camisetas de identificaci\u00f3n grupal.<\/li>\n\n\n\n<li class=\"has-medium-font-size\">Comunicaci\u00f3n activa con padres de familia por medio de WhatsApp y redes sociales.<\/li>\n\n\n\n<li class=\"has-medium-font-size\">Rumba noche blanca en Xoximilco.<\/li>\n\n\n\n<li class=\"has-medium-font-size\">Expedici\u00f3n a Xsense.<\/li>\n\n\n\n<li class=\"has-medium-font-size\">Expedici\u00f3n a Xplor Fuego.<\/li>\n\n\n\n<li class=\"has-medium-font-size\">Rumba en Se\u00f1or Frog\u00b4s.<\/li>\n\n\n\n<li class=\"has-medium-font-size\">Torneo de Bolos.<\/li>\n\n\n\n<li class=\"has-medium-font-size\">Pool party dirigida por el hotel.<\/li>\n\n\n\n<li class=\"has-medium-font-size\">Tarde de compras en playa del Carmen.<\/li>\n\n\n\n<li class=\"has-medium-font-size\">Lecci\u00f3n de buceo en la piscina.<\/li>\n<\/ul>\n\n\n\n<p>Para m\u00e1s informaci\u00f3n comun\u00edcate al 605-2335049  ext. 1231 &#8211; 1232 &#8211; 1233 -1236 y 1237<\/p>\n\n\n\n<p>Cr\u00e9ditos:  3162592281 &#8211; 3178187499<\/p>\n","protected":false},"excerpt":{"rendered":"<p>Quince a\u00f1os no se cumplen todos los d\u00edas y que mejor manera de celebrarlos con un viaje a un nuevo destino, en donde podr\u00e1s tener experiencias \u00fanicas e inolvidables, compartir con diferentes personas y vivir nuevas aventuras. Los tours incluyen alojamiento, comida, transporte exclusivo, visitas a sitios tur\u00edsticos y gu\u00edas especializados, para que vivas una [&hellip;]<\/p>\n","protected":false},"author":2,"featured_media":3586,"comment_status":"open","ping_status":"open","sticky":false,"template":"","format":"standard","meta":{"inline_featured_image":false,"footnotes":""},"categories":[1],"tags":[],"class_list":["post-3585","post","type-post","status-publish","format-standard","has-post-thumbnail","hentry","category-entretenimiento"],"yoast_head":"<!-- This site is optimized with the Yoast SEO plugin v27.4 - https:\/\/yoast.com\/product\/yoast-seo-wordpress\/ -->\n<title>Conoce los lugares donde puedes celebrar tus quince a\u00f1os - Tu Gu\u00eda<\/title>\n<meta name=\"robots\" content=\"index, follow, max-snippet:-1, max-image-preview:large, max-video-preview:-1\" \/>\n<link rel=\"canonical\" href=\"https:\/\/tuguia.combarranquilla.co\/Revista\/conoce-los-lugares-donde-puedes-celebrar-tus-quince-anos\/\" \/>\n<meta property=\"og:locale\" content=\"es_ES\" \/>\n<meta property=\"og:type\" content=\"article\" \/>\n<meta property=\"og:title\" content=\"Conoce los lugares donde puedes celebrar tus quince a\u00f1os - Tu Gu\u00eda\" \/>\n<meta property=\"og:description\" content=\"Quince a\u00f1os no se cumplen todos los d\u00edas y que mejor manera de celebrarlos con un viaje a un nuevo destino, en donde podr\u00e1s tener experiencias \u00fanicas e inolvidables, compartir con diferentes personas y vivir nuevas aventuras. Los tours incluyen alojamiento, comida, transporte exclusivo, visitas a sitios tur\u00edsticos y gu\u00edas especializados, para que vivas una [&hellip;]\" \/>\n<meta property=\"og:url\" content=\"https:\/\/tuguia.combarranquilla.co\/Revista\/conoce-los-lugares-donde-puedes-celebrar-tus-quince-anos\/\" \/>\n<meta property=\"og:site_name\" content=\"Tu Gu\u00eda\" \/>\n<meta property=\"article:published_time\" content=\"2024-02-07T20:34:03+00:00\" \/>\n<meta property=\"article:modified_time\" content=\"2024-02-29T13:40:24+00:00\" \/>\n<meta property=\"og:image\" content=\"https:\/\/tuguia.combarranquilla.co\/Revista\/wp-content\/uploads\/2024\/02\/pexels-marina-hinic-730778-scaled.jpg\" \/>\n\t<meta property=\"og:image:width\" content=\"2560\" \/>\n\t<meta property=\"og:image:height\" content=\"1440\" \/>\n\t<meta property=\"og:image:type\" content=\"image\/jpeg\" \/>\n<meta name=\"author\" content=\"Comunicaciones Combarranquilla\" \/>\n<meta name=\"twitter:card\" content=\"summary_large_image\" \/>\n<meta name=\"twitter:label1\" content=\"Escrito por\" \/>\n\t<meta name=\"twitter:data1\" content=\"Comunicaciones Combarranquilla\" \/>\n\t<meta name=\"twitter:label2\" content=\"Tiempo de lectura\" \/>\n\t<meta name=\"twitter:data2\" content=\"5 minutos\" \/>\n<script type=\"application\/ld+json\" class=\"yoast-schema-graph\">{\"@context\":\"https:\\\/\\\/schema.org\",\"@graph\":[{\"@type\":\"Article\",\"@id\":\"https:\\\/\\\/tuguia.combarranquilla.co\\\/Revista\\\/conoce-los-lugares-donde-puedes-celebrar-tus-quince-anos\\\/#article\",\"isPartOf\":{\"@id\":\"https:\\\/\\\/tuguia.combarranquilla.co\\\/Revista\\\/conoce-los-lugares-donde-puedes-celebrar-tus-quince-anos\\\/\"},\"author\":{\"name\":\"Comunicaciones Combarranquilla\",\"@id\":\"https:\\\/\\\/tuguia.combarranquilla.co\\\/Revista\\\/#\\\/schema\\\/person\\\/c2c396a77170bd1d5f8ba73294eb0d10\"},\"headline\":\"Conoce los lugares donde puedes celebrar tus quince a\u00f1os\",\"datePublished\":\"2024-02-07T20:34:03+00:00\",\"dateModified\":\"2024-02-29T13:40:24+00:00\",\"mainEntityOfPage\":{\"@id\":\"https:\\\/\\\/tuguia.combarranquilla.co\\\/Revista\\\/conoce-los-lugares-donde-puedes-celebrar-tus-quince-anos\\\/\"},\"wordCount\":944,\"commentCount\":0,\"publisher\":{\"@id\":\"https:\\\/\\\/tuguia.combarranquilla.co\\\/Revista\\\/#organization\"},\"image\":{\"@id\":\"https:\\\/\\\/tuguia.combarranquilla.co\\\/Revista\\\/conoce-los-lugares-donde-puedes-celebrar-tus-quince-anos\\\/#primaryimage\"},\"thumbnailUrl\":\"https:\\\/\\\/tuguia.combarranquilla.co\\\/Revista\\\/wp-content\\\/uploads\\\/2024\\\/02\\\/pexels-marina-hinic-730778-scaled.jpg\",\"articleSection\":[\"ENTRETENIMIENTO\"],\"inLanguage\":\"es-CO\",\"potentialAction\":[{\"@type\":\"CommentAction\",\"name\":\"Comment\",\"target\":[\"https:\\\/\\\/tuguia.combarranquilla.co\\\/Revista\\\/conoce-los-lugares-donde-puedes-celebrar-tus-quince-anos\\\/#respond\"]}]},{\"@type\":\"WebPage\",\"@id\":\"https:\\\/\\\/tuguia.combarranquilla.co\\\/Revista\\\/conoce-los-lugares-donde-puedes-celebrar-tus-quince-anos\\\/\",\"url\":\"https:\\\/\\\/tuguia.combarranquilla.co\\\/Revista\\\/conoce-los-lugares-donde-puedes-celebrar-tus-quince-anos\\\/\",\"name\":\"Conoce los lugares donde puedes celebrar tus quince a\u00f1os - Tu Gu\u00eda\",\"isPartOf\":{\"@id\":\"https:\\\/\\\/tuguia.combarranquilla.co\\\/Revista\\\/#website\"},\"primaryImageOfPage\":{\"@id\":\"https:\\\/\\\/tuguia.combarranquilla.co\\\/Revista\\\/conoce-los-lugares-donde-puedes-celebrar-tus-quince-anos\\\/#primaryimage\"},\"image\":{\"@id\":\"https:\\\/\\\/tuguia.combarranquilla.co\\\/Revista\\\/conoce-los-lugares-donde-puedes-celebrar-tus-quince-anos\\\/#primaryimage\"},\"thumbnailUrl\":\"https:\\\/\\\/tuguia.combarranquilla.co\\\/Revista\\\/wp-content\\\/uploads\\\/2024\\\/02\\\/pexels-marina-hinic-730778-scaled.jpg\",\"datePublished\":\"2024-02-07T20:34:03+00:00\",\"dateModified\":\"2024-02-29T13:40:24+00:00\",\"breadcrumb\":{\"@id\":\"https:\\\/\\\/tuguia.combarranquilla.co\\\/Revista\\\/conoce-los-lugares-donde-puedes-celebrar-tus-quince-anos\\\/#breadcrumb\"},\"inLanguage\":\"es-CO\",\"potentialAction\":[{\"@type\":\"ReadAction\",\"target\":[\"https:\\\/\\\/tuguia.combarranquilla.co\\\/Revista\\\/conoce-los-lugares-donde-puedes-celebrar-tus-quince-anos\\\/\"]}]},{\"@type\":\"ImageObject\",\"inLanguage\":\"es-CO\",\"@id\":\"https:\\\/\\\/tuguia.combarranquilla.co\\\/Revista\\\/conoce-los-lugares-donde-puedes-celebrar-tus-quince-anos\\\/#primaryimage\",\"url\":\"https:\\\/\\\/tuguia.combarranquilla.co\\\/Revista\\\/wp-content\\\/uploads\\\/2024\\\/02\\\/pexels-marina-hinic-730778-scaled.jpg\",\"contentUrl\":\"https:\\\/\\\/tuguia.combarranquilla.co\\\/Revista\\\/wp-content\\\/uploads\\\/2024\\\/02\\\/pexels-marina-hinic-730778-scaled.jpg\",\"width\":2560,\"height\":1440},{\"@type\":\"BreadcrumbList\",\"@id\":\"https:\\\/\\\/tuguia.combarranquilla.co\\\/Revista\\\/conoce-los-lugares-donde-puedes-celebrar-tus-quince-anos\\\/#breadcrumb\",\"itemListElement\":[{\"@type\":\"ListItem\",\"position\":1,\"name\":\"Inicio\",\"item\":\"https:\\\/\\\/tuguia.combarranquilla.co\\\/Revista\\\/\"},{\"@type\":\"ListItem\",\"position\":2,\"name\":\"Conoce los lugares donde puedes celebrar tus quince a\u00f1os\"}]},{\"@type\":\"WebSite\",\"@id\":\"https:\\\/\\\/tuguia.combarranquilla.co\\\/Revista\\\/#website\",\"url\":\"https:\\\/\\\/tuguia.combarranquilla.co\\\/Revista\\\/\",\"name\":\"Tu Gu\u00eda\",\"description\":\"La revista donde lo tienes todo.\",\"publisher\":{\"@id\":\"https:\\\/\\\/tuguia.combarranquilla.co\\\/Revista\\\/#organization\"},\"alternateName\":\"Tu Gu\u00eda Combarranquilla\",\"potentialAction\":[{\"@type\":\"SearchAction\",\"target\":{\"@type\":\"EntryPoint\",\"urlTemplate\":\"https:\\\/\\\/tuguia.combarranquilla.co\\\/Revista\\\/?s={search_term_string}\"},\"query-input\":{\"@type\":\"PropertyValueSpecification\",\"valueRequired\":true,\"valueName\":\"search_term_string\"}}],\"inLanguage\":\"es-CO\"},{\"@type\":\"Organization\",\"@id\":\"https:\\\/\\\/tuguia.combarranquilla.co\\\/Revista\\\/#organization\",\"name\":\"Tu Gu\u00eda Combarranquilla\",\"url\":\"https:\\\/\\\/tuguia.combarranquilla.co\\\/Revista\\\/\",\"logo\":{\"@type\":\"ImageObject\",\"inLanguage\":\"es-CO\",\"@id\":\"https:\\\/\\\/tuguia.combarranquilla.co\\\/Revista\\\/#\\\/schema\\\/logo\\\/image\\\/\",\"url\":\"https:\\\/\\\/tuguia.combarranquilla.co\\\/Revista\\\/wp-content\\\/uploads\\\/2022\\\/02\\\/logo-guia-combarranquilla.svg\",\"contentUrl\":\"https:\\\/\\\/tuguia.combarranquilla.co\\\/Revista\\\/wp-content\\\/uploads\\\/2022\\\/02\\\/logo-guia-combarranquilla.svg\",\"caption\":\"Tu Gu\u00eda Combarranquilla\"},\"image\":{\"@id\":\"https:\\\/\\\/tuguia.combarranquilla.co\\\/Revista\\\/#\\\/schema\\\/logo\\\/image\\\/\"}},{\"@type\":\"Person\",\"@id\":\"https:\\\/\\\/tuguia.combarranquilla.co\\\/Revista\\\/#\\\/schema\\\/person\\\/c2c396a77170bd1d5f8ba73294eb0d10\",\"name\":\"Comunicaciones Combarranquilla\",\"image\":{\"@type\":\"ImageObject\",\"inLanguage\":\"es-CO\",\"@id\":\"https:\\\/\\\/tuguia.combarranquilla.co\\\/Revista\\\/wp-content\\\/uploads\\\/2025\\\/05\\\/ABC-Al-Rojo-Logo-96x96.jpg\",\"url\":\"https:\\\/\\\/tuguia.combarranquilla.co\\\/Revista\\\/wp-content\\\/uploads\\\/2025\\\/05\\\/ABC-Al-Rojo-Logo-96x96.jpg\",\"contentUrl\":\"https:\\\/\\\/tuguia.combarranquilla.co\\\/Revista\\\/wp-content\\\/uploads\\\/2025\\\/05\\\/ABC-Al-Rojo-Logo-96x96.jpg\",\"caption\":\"Comunicaciones Combarranquilla\"},\"sameAs\":[\"https:\\\/\\\/www.combarranquilla.co\"],\"url\":\"https:\\\/\\\/tuguia.combarranquilla.co\\\/Revista\\\/author\\\/comunicaciones\\\/\"}]}<\/script>\n<!-- \/ Yoast SEO plugin. -->","yoast_head_json":{"title":"Conoce los lugares donde puedes celebrar tus quince a\u00f1os - Tu Gu\u00eda","robots":{"index":"index","follow":"follow","max-snippet":"max-snippet:-1","max-image-preview":"max-image-preview:large","max-video-preview":"max-video-preview:-1"},"canonical":"https:\/\/tuguia.combarranquilla.co\/Revista\/conoce-los-lugares-donde-puedes-celebrar-tus-quince-anos\/","og_locale":"es_ES","og_type":"article","og_title":"Conoce los lugares donde puedes celebrar tus quince a\u00f1os - Tu Gu\u00eda","og_description":"Quince a\u00f1os no se cumplen todos los d\u00edas y que mejor manera de celebrarlos con un viaje a un nuevo destino, en donde podr\u00e1s tener experiencias \u00fanicas e inolvidables, compartir con diferentes personas y vivir nuevas aventuras. Los tours incluyen alojamiento, comida, transporte exclusivo, visitas a sitios tur\u00edsticos y gu\u00edas especializados, para que vivas una [&hellip;]","og_url":"https:\/\/tuguia.combarranquilla.co\/Revista\/conoce-los-lugares-donde-puedes-celebrar-tus-quince-anos\/","og_site_name":"Tu Gu\u00eda","article_published_time":"2024-02-07T20:34:03+00:00","article_modified_time":"2024-02-29T13:40:24+00:00","og_image":[{"width":2560,"height":1440,"url":"https:\/\/tuguia.combarranquilla.co\/Revista\/wp-content\/uploads\/2024\/02\/pexels-marina-hinic-730778-scaled.jpg","type":"image\/jpeg"}],"author":"Comunicaciones Combarranquilla","twitter_card":"summary_large_image","twitter_misc":{"Escrito por":"Comunicaciones Combarranquilla","Tiempo de lectura":"5 minutos"},"schema":{"@context":"https:\/\/schema.org","@graph":[{"@type":"Article","@id":"https:\/\/tuguia.combarranquilla.co\/Revista\/conoce-los-lugares-donde-puedes-celebrar-tus-quince-anos\/#article","isPartOf":{"@id":"https:\/\/tuguia.combarranquilla.co\/Revista\/conoce-los-lugares-donde-puedes-celebrar-tus-quince-anos\/"},"author":{"name":"Comunicaciones Combarranquilla","@id":"https:\/\/tuguia.combarranquilla.co\/Revista\/#\/schema\/person\/c2c396a77170bd1d5f8ba73294eb0d10"},"headline":"Conoce los lugares donde puedes celebrar tus quince a\u00f1os","datePublished":"2024-02-07T20:34:03+00:00","dateModified":"2024-02-29T13:40:24+00:00","mainEntityOfPage":{"@id":"https:\/\/tuguia.combarranquilla.co\/Revista\/conoce-los-lugares-donde-puedes-celebrar-tus-quince-anos\/"},"wordCount":944,"commentCount":0,"publisher":{"@id":"https:\/\/tuguia.combarranquilla.co\/Revista\/#organization"},"image":{"@id":"https:\/\/tuguia.combarranquilla.co\/Revista\/conoce-los-lugares-donde-puedes-celebrar-tus-quince-anos\/#primaryimage"},"thumbnailUrl":"https:\/\/tuguia.combarranquilla.co\/Revista\/wp-content\/uploads\/2024\/02\/pexels-marina-hinic-730778-scaled.jpg","articleSection":["ENTRETENIMIENTO"],"inLanguage":"es-CO","potentialAction":[{"@type":"CommentAction","name":"Comment","target":["https:\/\/tuguia.combarranquilla.co\/Revista\/conoce-los-lugares-donde-puedes-celebrar-tus-quince-anos\/#respond"]}]},{"@type":"WebPage","@id":"https:\/\/tuguia.combarranquilla.co\/Revista\/conoce-los-lugares-donde-puedes-celebrar-tus-quince-anos\/","url":"https:\/\/tuguia.combarranquilla.co\/Revista\/conoce-los-lugares-donde-puedes-celebrar-tus-quince-anos\/","name":"Conoce los lugares donde puedes celebrar tus quince a\u00f1os - Tu Gu\u00eda","isPartOf":{"@id":"https:\/\/tuguia.combarranquilla.co\/Revista\/#website"},"primaryImageOfPage":{"@id":"https:\/\/tuguia.combarranquilla.co\/Revista\/conoce-los-lugares-donde-puedes-celebrar-tus-quince-anos\/#primaryimage"},"image":{"@id":"https:\/\/tuguia.combarranquilla.co\/Revista\/conoce-los-lugares-donde-puedes-celebrar-tus-quince-anos\/#primaryimage"},"thumbnailUrl":"https:\/\/tuguia.combarranquilla.co\/Revista\/wp-content\/uploads\/2024\/02\/pexels-marina-hinic-730778-scaled.jpg","datePublished":"2024-02-07T20:34:03+00:00","dateModified":"2024-02-29T13:40:24+00:00","breadcrumb":{"@id":"https:\/\/tuguia.combarranquilla.co\/Revista\/conoce-los-lugares-donde-puedes-celebrar-tus-quince-anos\/#breadcrumb"},"inLanguage":"es-CO","potentialAction":[{"@type":"ReadAction","target":["https:\/\/tuguia.combarranquilla.co\/Revista\/conoce-los-lugares-donde-puedes-celebrar-tus-quince-anos\/"]}]},{"@type":"ImageObject","inLanguage":"es-CO","@id":"https:\/\/tuguia.combarranquilla.co\/Revista\/conoce-los-lugares-donde-puedes-celebrar-tus-quince-anos\/#primaryimage","url":"https:\/\/tuguia.combarranquilla.co\/Revista\/wp-content\/uploads\/2024\/02\/pexels-marina-hinic-730778-scaled.jpg","contentUrl":"https:\/\/tuguia.combarranquilla.co\/Revista\/wp-content\/uploads\/2024\/02\/pexels-marina-hinic-730778-scaled.jpg","width":2560,"height":1440},{"@type":"BreadcrumbList","@id":"https:\/\/tuguia.combarranquilla.co\/Revista\/conoce-los-lugares-donde-puedes-celebrar-tus-quince-anos\/#breadcrumb","itemListElement":[{"@type":"ListItem","position":1,"name":"Inicio","item":"https:\/\/tuguia.combarranquilla.co\/Revista\/"},{"@type":"ListItem","position":2,"name":"Conoce los lugares donde puedes celebrar tus quince a\u00f1os"}]},{"@type":"WebSite","@id":"https:\/\/tuguia.combarranquilla.co\/Revista\/#website","url":"https:\/\/tuguia.combarranquilla.co\/Revista\/","name":"Tu Gu\u00eda","description":"La revista donde lo tienes todo.","publisher":{"@id":"https:\/\/tuguia.combarranquilla.co\/Revista\/#organization"},"alternateName":"Tu Gu\u00eda Combarranquilla","potentialAction":[{"@type":"SearchAction","target":{"@type":"EntryPoint","urlTemplate":"https:\/\/tuguia.combarranquilla.co\/Revista\/?s={search_term_string}"},"query-input":{"@type":"PropertyValueSpecification","valueRequired":true,"valueName":"search_term_string"}}],"inLanguage":"es-CO"},{"@type":"Organization","@id":"https:\/\/tuguia.combarranquilla.co\/Revista\/#organization","name":"Tu Gu\u00eda Combarranquilla","url":"https:\/\/tuguia.combarranquilla.co\/Revista\/","logo":{"@type":"ImageObject","inLanguage":"es-CO","@id":"https:\/\/tuguia.combarranquilla.co\/Revista\/#\/schema\/logo\/image\/","url":"https:\/\/tuguia.combarranquilla.co\/Revista\/wp-content\/uploads\/2022\/02\/logo-guia-combarranquilla.svg","contentUrl":"https:\/\/tuguia.combarranquilla.co\/Revista\/wp-content\/uploads\/2022\/02\/logo-guia-combarranquilla.svg","caption":"Tu Gu\u00eda Combarranquilla"},"image":{"@id":"https:\/\/tuguia.combarranquilla.co\/Revista\/#\/schema\/logo\/image\/"}},{"@type":"Person","@id":"https:\/\/tuguia.combarranquilla.co\/Revista\/#\/schema\/person\/c2c396a77170bd1d5f8ba73294eb0d10","name":"Comunicaciones Combarranquilla","image":{"@type":"ImageObject","inLanguage":"es-CO","@id":"https:\/\/tuguia.combarranquilla.co\/Revista\/wp-content\/uploads\/2025\/05\/ABC-Al-Rojo-Logo-96x96.jpg","url":"https:\/\/tuguia.combarranquilla.co\/Revista\/wp-content\/uploads\/2025\/05\/ABC-Al-Rojo-Logo-96x96.jpg","contentUrl":"https:\/\/tuguia.combarranquilla.co\/Revista\/wp-content\/uploads\/2025\/05\/ABC-Al-Rojo-Logo-96x96.jpg","caption":"Comunicaciones Combarranquilla"},"sameAs":["https:\/\/www.combarranquilla.co"],"url":"https:\/\/tuguia.combarranquilla.co\/Revista\/author\/comunicaciones\/"}]}},"_links":{"self":[{"href":"https:\/\/tuguia.combarranquilla.co\/Revista\/wp-json\/wp\/v2\/posts\/3585","targetHints":{"allow":["GET"]}}],"collection":[{"href":"https:\/\/tuguia.combarranquilla.co\/Revista\/wp-json\/wp\/v2\/posts"}],"about":[{"href":"https:\/\/tuguia.combarranquilla.co\/Revista\/wp-json\/wp\/v2\/types\/post"}],"author":[{"embeddable":true,"href":"https:\/\/tuguia.combarranquilla.co\/Revista\/wp-json\/wp\/v2\/users\/2"}],"replies":[{"embeddable":true,"href":"https:\/\/tuguia.combarranquilla.co\/Revista\/wp-json\/wp\/v2\/comments?post=3585"}],"version-history":[{"count":12,"href":"https:\/\/tuguia.combarranquilla.co\/Revista\/wp-json\/wp\/v2\/posts\/3585\/revisions"}],"predecessor-version":[{"id":3782,"href":"https:\/\/tuguia.combarranquilla.co\/Revista\/wp-json\/wp\/v2\/posts\/3585\/revisions\/3782"}],"wp:featuredmedia":[{"embeddable":true,"href":"https:\/\/tuguia.combarranquilla.co\/Revista\/wp-json\/wp\/v2\/media\/3586"}],"wp:attachment":[{"href":"https:\/\/tuguia.combarranquilla.co\/Revista\/wp-json\/wp\/v2\/media?parent=3585"}],"wp:term":[{"taxonomy":"category","embeddable":true,"href":"https:\/\/tuguia.combarranquilla.co\/Revista\/wp-json\/wp\/v2\/categories?post=3585"},{"taxonomy":"post_tag","embeddable":true,"href":"https:\/\/tuguia.combarranquilla.co\/Revista\/wp-json\/wp\/v2\/tags?post=3585"}],"curies":[{"name":"wp","href":"https:\/\/api.w.org\/{rel}","templated":true}]}}