{"id":3618,"date":"2024-02-05T10:00:00","date_gmt":"2024-02-05T15:00:00","guid":{"rendered":"https:\/\/tuguia.combarranquilla.co\/Revista\/?p=3618"},"modified":"2024-02-07T09:30:03","modified_gmt":"2024-02-07T14:30:03","slug":"que-viva-el-folclor-asi-celebro-combarranquilla-el-carnaval-de-los-ninos-2024","status":"publish","type":"post","link":"https:\/\/tuguia.combarranquilla.co\/Revista\/que-viva-el-folclor-asi-celebro-combarranquilla-el-carnaval-de-los-ninos-2024\/","title":{"rendered":"\u00a1Que viva el folclor! As\u00ed celebr\u00f3 Combarranquilla el Carnaval de los Ni\u00f1os 2024"},"content":{"rendered":"\n<p>Maizena, espuma, danza y alegr\u00eda. Eso fue lo que vivieron los ni\u00f1os, el pasado domingo 4 de febrero, en su gran desfile por la carrera 53. Sonrisas, comparsas y disfraces coloridos demostraron la esencia de la cultura barranquillera. El recorrido fue acompa\u00f1ado por la Reina y el Rey infantil de Combarranquilla, Victoria Tovar y Samuel Mej\u00eda.<\/p>\n\n\n\n<figure class=\"wp-block-gallery alignwide has-nested-images columns-default is-cropped wp-block-gallery-1 is-layout-flex wp-block-gallery-is-layout-flex\">\n<figure class=\"wp-block-image size-large\"><img decoding=\"async\" width=\"1024\" height=\"682\" data-id=\"3631\" data-src=\"https:\/\/tuguia.combarranquilla.co\/Revista\/wp-content\/uploads\/2024\/02\/WhatsApp-Image-2024-02-05-at-8.36.53-AM-1-1024x682.jpeg\" alt=\"\" class=\"wp-image-3631 lazyload\" data-srcset=\"https:\/\/tuguia.combarranquilla.co\/Revista\/wp-content\/uploads\/2024\/02\/WhatsApp-Image-2024-02-05-at-8.36.53-AM-1-1024x682.jpeg 1024w, https:\/\/tuguia.combarranquilla.co\/Revista\/wp-content\/uploads\/2024\/02\/WhatsApp-Image-2024-02-05-at-8.36.53-AM-1-300x200.jpeg 300w, https:\/\/tuguia.combarranquilla.co\/Revista\/wp-content\/uploads\/2024\/02\/WhatsApp-Image-2024-02-05-at-8.36.53-AM-1-768x512.jpeg 768w, https:\/\/tuguia.combarranquilla.co\/Revista\/wp-content\/uploads\/2024\/02\/WhatsApp-Image-2024-02-05-at-8.36.53-AM-1.jpeg 1280w\" data-sizes=\"(max-width: 1024px) 100vw, 1024px\" src=\"data:image\/svg+xml;base64,PHN2ZyB3aWR0aD0iMSIgaGVpZ2h0PSIxIiB4bWxucz0iaHR0cDovL3d3dy53My5vcmcvMjAwMC9zdmciPjwvc3ZnPg==\" style=\"--smush-placeholder-width: 1024px; --smush-placeholder-aspect-ratio: 1024\/682;\" \/><\/figure>\n\n\n\n<figure class=\"wp-block-image size-large\"><img decoding=\"async\" width=\"1024\" height=\"682\" data-id=\"3632\" data-src=\"https:\/\/tuguia.combarranquilla.co\/Revista\/wp-content\/uploads\/2024\/02\/WhatsApp-Image-2024-02-05-at-8.36.39-AM-1024x682.jpeg\" alt=\"\" class=\"wp-image-3632 lazyload\" data-srcset=\"https:\/\/tuguia.combarranquilla.co\/Revista\/wp-content\/uploads\/2024\/02\/WhatsApp-Image-2024-02-05-at-8.36.39-AM-1024x682.jpeg 1024w, https:\/\/tuguia.combarranquilla.co\/Revista\/wp-content\/uploads\/2024\/02\/WhatsApp-Image-2024-02-05-at-8.36.39-AM-300x200.jpeg 300w, https:\/\/tuguia.combarranquilla.co\/Revista\/wp-content\/uploads\/2024\/02\/WhatsApp-Image-2024-02-05-at-8.36.39-AM-768x512.jpeg 768w, https:\/\/tuguia.combarranquilla.co\/Revista\/wp-content\/uploads\/2024\/02\/WhatsApp-Image-2024-02-05-at-8.36.39-AM.jpeg 1280w\" data-sizes=\"(max-width: 1024px) 100vw, 1024px\" src=\"data:image\/svg+xml;base64,PHN2ZyB3aWR0aD0iMSIgaGVpZ2h0PSIxIiB4bWxucz0iaHR0cDovL3d3dy53My5vcmcvMjAwMC9zdmciPjwvc3ZnPg==\" style=\"--smush-placeholder-width: 1024px; --smush-placeholder-aspect-ratio: 1024\/682;\" \/><\/figure>\n<\/figure>\n\n\n\n<h2 class=\"wp-block-heading\"><strong>Combarranquilla no se perdi\u00f3 los detalles y dijo presente una vez m\u00e1s a esta celebraci\u00f3n<\/strong><\/h2>\n\n\n\n<p>Preservar y velar por las tradiciones folcl\u00f3ricas del Carnaval de Barranquilla es uno de los objetivos principales de la Caja de Compensaci\u00f3n en estas fiestas carnestolendas. Los estudiantes del programa de Jornada Escolar Complementaria (JEC) fueron los encargados de demostrar todo su talento art\u00edstico y el amor por nuestra cultura carnavalera.<\/p>\n\n\n\n<p>Este programa est\u00e1 dirigido a ni\u00f1os de 7 y 15 a\u00f1os o que independientemente de su edad, est\u00e9n matriculados en un grado de educaci\u00f3n b\u00e1sica, que pertenezcan a los niveles 1 y 2 del SISBEN. Ernesto Herrera Diaz-Granados, director de Combarranquilla, disfrut\u00f3 en compa\u00f1\u00eda de su esposa, con mucha alegr\u00eda el desfile. \u201cHa sido una experiencia maravillosa, estoy orgulloso porque Combarranquilla cuenta con un gran talento juvenil; tuvimos aproximadamente m\u00e1s de 80 ni\u00f1os en este Carnaval, con una muestra art\u00edstica extraordinaria\u201d; se\u00f1al\u00f3.<\/p>\n\n\n<div class=\"wp-block-image\">\n<figure class=\"aligncenter size-large\"><img decoding=\"async\" width=\"1024\" height=\"683\" data-src=\"https:\/\/tuguia.combarranquilla.co\/Revista\/wp-content\/uploads\/2024\/02\/WhatsApp-Image-2024-02-05-at-8.36.41-AM-1024x683.jpeg\" alt=\"\" class=\"wp-image-3628 lazyload\" data-srcset=\"https:\/\/tuguia.combarranquilla.co\/Revista\/wp-content\/uploads\/2024\/02\/WhatsApp-Image-2024-02-05-at-8.36.41-AM-1024x683.jpeg 1024w, https:\/\/tuguia.combarranquilla.co\/Revista\/wp-content\/uploads\/2024\/02\/WhatsApp-Image-2024-02-05-at-8.36.41-AM-300x200.jpeg 300w, https:\/\/tuguia.combarranquilla.co\/Revista\/wp-content\/uploads\/2024\/02\/WhatsApp-Image-2024-02-05-at-8.36.41-AM-768x512.jpeg 768w, https:\/\/tuguia.combarranquilla.co\/Revista\/wp-content\/uploads\/2024\/02\/WhatsApp-Image-2024-02-05-at-8.36.41-AM-1536x1024.jpeg 1536w, https:\/\/tuguia.combarranquilla.co\/Revista\/wp-content\/uploads\/2024\/02\/WhatsApp-Image-2024-02-05-at-8.36.41-AM.jpeg 1600w\" data-sizes=\"(max-width: 1024px) 100vw, 1024px\" src=\"data:image\/svg+xml;base64,PHN2ZyB3aWR0aD0iMSIgaGVpZ2h0PSIxIiB4bWxucz0iaHR0cDovL3d3dy53My5vcmcvMjAwMC9zdmciPjwvc3ZnPg==\" style=\"--smush-placeholder-width: 1024px; --smush-placeholder-aspect-ratio: 1024\/683;\" \/><\/figure><\/div>\n\n\n<p>En el carnaval de los ni\u00f1os podemos disfrutar, aprender\u00a0y ense\u00f1ar a otros ni\u00f1os sobre\u00a0nuestras tradiciones. En esta oportunidad, m\u00e1s de 200 grupos danc\u00edsticos lucieron sus hermosos vestuarios, el amor por el carnaval, la alegr\u00eda que representa al barranquillero y el talento que recorre por sus venas desde ni\u00f1os. Una experiencia cargada de fantas\u00eda, color, sonrisas y mucho baile.<\/p>\n\n\n\n<p>Compromiso con la cultura, la educaci\u00f3n y el desarrollo integral de los ni\u00f1os. En esto es en lo que d\u00eda a d\u00eda trabaja Combarranquilla para quienes son el futuro del pa\u00eds y a quienes deseamos continuar transformando vidas.<\/p>\n\n\n\n<h2 class=\"wp-block-heading has-text-align-center\">\u00a1Vivimos, gozamos y bailamos con todo el #Tumbao!<\/h2>\n\n\n\n<figure class=\"wp-block-embed alignwide is-type-video is-provider-youtube wp-block-embed-youtube wp-embed-aspect-16-9 wp-has-aspect-ratio\"><div class=\"wp-block-embed__wrapper\">\n<iframe title=\"Carnaval de los ni\u00f1os 2024\" width=\"640\" height=\"360\" data-src=\"https:\/\/www.youtube.com\/embed\/DJh1jGANWak?feature=oembed\" frameborder=\"0\" allow=\"accelerometer; autoplay; clipboard-write; encrypted-media; gyroscope; picture-in-picture; web-share\" referrerpolicy=\"strict-origin-when-cross-origin\" allowfullscreen src=\"data:image\/svg+xml;base64,PHN2ZyB3aWR0aD0iMSIgaGVpZ2h0PSIxIiB4bWxucz0iaHR0cDovL3d3dy53My5vcmcvMjAwMC9zdmciPjwvc3ZnPg==\" class=\"lazyload\" data-load-mode=\"1\"><\/iframe>\n<\/div><\/figure>\n\n\n\n<h2 class=\"wp-block-heading has-text-align-center\">\u00a1Combarranquilla es CARNAVAL!<\/h2>\n\n\n\n<p><\/p>\n\n\n\n<p><\/p>\n\n\n\n<p><\/p>\n","protected":false},"excerpt":{"rendered":"<p>Maizena, espuma, danza y alegr\u00eda. Eso fue lo que vivieron los ni\u00f1os, el pasado domingo 4 de febrero, en su gran desfile por la carrera 53. Sonrisas, comparsas y disfraces coloridos demostraron la esencia de la cultura barranquillera. El recorrido fue acompa\u00f1ado por la Reina y el Rey infantil de Combarranquilla, Victoria Tovar y Samuel [&hellip;]<\/p>\n","protected":false},"author":2,"featured_media":3644,"comment_status":"open","ping_status":"open","sticky":false,"template":"","format":"standard","meta":{"inline_featured_image":false,"footnotes":""},"categories":[7],"tags":[],"class_list":["post-3618","post","type-post","status-publish","format-standard","has-post-thumbnail","hentry","category-familia-combarranquilla"],"yoast_head":"<!-- This site is optimized with the Yoast SEO plugin v27.4 - https:\/\/yoast.com\/product\/yoast-seo-wordpress\/ -->\n<title>\u00a1Que viva el folclor! As\u00ed celebr\u00f3 Combarranquilla el Carnaval de los Ni\u00f1os 2024 - Tu Gu\u00eda<\/title>\n<meta name=\"robots\" content=\"index, follow, max-snippet:-1, max-image-preview:large, max-video-preview:-1\" \/>\n<link rel=\"canonical\" href=\"https:\/\/tuguia.combarranquilla.co\/Revista\/que-viva-el-folclor-asi-celebro-combarranquilla-el-carnaval-de-los-ninos-2024\/\" \/>\n<meta property=\"og:locale\" content=\"es_ES\" \/>\n<meta property=\"og:type\" content=\"article\" \/>\n<meta property=\"og:title\" content=\"\u00a1Que viva el folclor! As\u00ed celebr\u00f3 Combarranquilla el Carnaval de los Ni\u00f1os 2024 - Tu Gu\u00eda\" \/>\n<meta property=\"og:description\" content=\"Maizena, espuma, danza y alegr\u00eda. Eso fue lo que vivieron los ni\u00f1os, el pasado domingo 4 de febrero, en su gran desfile por la carrera 53. Sonrisas, comparsas y disfraces coloridos demostraron la esencia de la cultura barranquillera. El recorrido fue acompa\u00f1ado por la Reina y el Rey infantil de Combarranquilla, Victoria Tovar y Samuel [&hellip;]\" \/>\n<meta property=\"og:url\" content=\"https:\/\/tuguia.combarranquilla.co\/Revista\/que-viva-el-folclor-asi-celebro-combarranquilla-el-carnaval-de-los-ninos-2024\/\" \/>\n<meta property=\"og:site_name\" content=\"Tu Gu\u00eda\" \/>\n<meta property=\"article:published_time\" content=\"2024-02-05T15:00:00+00:00\" \/>\n<meta property=\"article:modified_time\" content=\"2024-02-07T14:30:03+00:00\" \/>\n<meta property=\"og:image\" content=\"https:\/\/tuguia.combarranquilla.co\/Revista\/wp-content\/uploads\/2024\/02\/image_123650291.jpg\" \/>\n\t<meta property=\"og:image:width\" content=\"1280\" \/>\n\t<meta property=\"og:image:height\" content=\"853\" \/>\n\t<meta property=\"og:image:type\" content=\"image\/jpeg\" \/>\n<meta name=\"author\" content=\"Comunicaciones Combarranquilla\" \/>\n<meta name=\"twitter:card\" content=\"summary_large_image\" \/>\n<meta name=\"twitter:label1\" content=\"Escrito por\" \/>\n\t<meta name=\"twitter:data1\" content=\"Comunicaciones Combarranquilla\" \/>\n\t<meta name=\"twitter:label2\" content=\"Tiempo de lectura\" \/>\n\t<meta name=\"twitter:data2\" content=\"2 minutos\" \/>\n<script type=\"application\/ld+json\" class=\"yoast-schema-graph\">{\"@context\":\"https:\\\/\\\/schema.org\",\"@graph\":[{\"@type\":\"Article\",\"@id\":\"https:\\\/\\\/tuguia.combarranquilla.co\\\/Revista\\\/que-viva-el-folclor-asi-celebro-combarranquilla-el-carnaval-de-los-ninos-2024\\\/#article\",\"isPartOf\":{\"@id\":\"https:\\\/\\\/tuguia.combarranquilla.co\\\/Revista\\\/que-viva-el-folclor-asi-celebro-combarranquilla-el-carnaval-de-los-ninos-2024\\\/\"},\"author\":{\"name\":\"Comunicaciones Combarranquilla\",\"@id\":\"https:\\\/\\\/tuguia.combarranquilla.co\\\/Revista\\\/#\\\/schema\\\/person\\\/c2c396a77170bd1d5f8ba73294eb0d10\"},\"headline\":\"\u00a1Que viva el folclor! As\u00ed celebr\u00f3 Combarranquilla el Carnaval de los Ni\u00f1os 2024\",\"datePublished\":\"2024-02-05T15:00:00+00:00\",\"dateModified\":\"2024-02-07T14:30:03+00:00\",\"mainEntityOfPage\":{\"@id\":\"https:\\\/\\\/tuguia.combarranquilla.co\\\/Revista\\\/que-viva-el-folclor-asi-celebro-combarranquilla-el-carnaval-de-los-ninos-2024\\\/\"},\"wordCount\":359,\"commentCount\":0,\"publisher\":{\"@id\":\"https:\\\/\\\/tuguia.combarranquilla.co\\\/Revista\\\/#organization\"},\"image\":{\"@id\":\"https:\\\/\\\/tuguia.combarranquilla.co\\\/Revista\\\/que-viva-el-folclor-asi-celebro-combarranquilla-el-carnaval-de-los-ninos-2024\\\/#primaryimage\"},\"thumbnailUrl\":\"https:\\\/\\\/tuguia.combarranquilla.co\\\/Revista\\\/wp-content\\\/uploads\\\/2024\\\/02\\\/image_123650291.jpg\",\"articleSection\":[\"FAMILIA COMBARRANQUILLA\"],\"inLanguage\":\"es-CO\",\"potentialAction\":[{\"@type\":\"CommentAction\",\"name\":\"Comment\",\"target\":[\"https:\\\/\\\/tuguia.combarranquilla.co\\\/Revista\\\/que-viva-el-folclor-asi-celebro-combarranquilla-el-carnaval-de-los-ninos-2024\\\/#respond\"]}]},{\"@type\":\"WebPage\",\"@id\":\"https:\\\/\\\/tuguia.combarranquilla.co\\\/Revista\\\/que-viva-el-folclor-asi-celebro-combarranquilla-el-carnaval-de-los-ninos-2024\\\/\",\"url\":\"https:\\\/\\\/tuguia.combarranquilla.co\\\/Revista\\\/que-viva-el-folclor-asi-celebro-combarranquilla-el-carnaval-de-los-ninos-2024\\\/\",\"name\":\"\u00a1Que viva el folclor! As\u00ed celebr\u00f3 Combarranquilla el Carnaval de los Ni\u00f1os 2024 - Tu Gu\u00eda\",\"isPartOf\":{\"@id\":\"https:\\\/\\\/tuguia.combarranquilla.co\\\/Revista\\\/#website\"},\"primaryImageOfPage\":{\"@id\":\"https:\\\/\\\/tuguia.combarranquilla.co\\\/Revista\\\/que-viva-el-folclor-asi-celebro-combarranquilla-el-carnaval-de-los-ninos-2024\\\/#primaryimage\"},\"image\":{\"@id\":\"https:\\\/\\\/tuguia.combarranquilla.co\\\/Revista\\\/que-viva-el-folclor-asi-celebro-combarranquilla-el-carnaval-de-los-ninos-2024\\\/#primaryimage\"},\"thumbnailUrl\":\"https:\\\/\\\/tuguia.combarranquilla.co\\\/Revista\\\/wp-content\\\/uploads\\\/2024\\\/02\\\/image_123650291.jpg\",\"datePublished\":\"2024-02-05T15:00:00+00:00\",\"dateModified\":\"2024-02-07T14:30:03+00:00\",\"breadcrumb\":{\"@id\":\"https:\\\/\\\/tuguia.combarranquilla.co\\\/Revista\\\/que-viva-el-folclor-asi-celebro-combarranquilla-el-carnaval-de-los-ninos-2024\\\/#breadcrumb\"},\"inLanguage\":\"es-CO\",\"potentialAction\":[{\"@type\":\"ReadAction\",\"target\":[\"https:\\\/\\\/tuguia.combarranquilla.co\\\/Revista\\\/que-viva-el-folclor-asi-celebro-combarranquilla-el-carnaval-de-los-ninos-2024\\\/\"]}]},{\"@type\":\"ImageObject\",\"inLanguage\":\"es-CO\",\"@id\":\"https:\\\/\\\/tuguia.combarranquilla.co\\\/Revista\\\/que-viva-el-folclor-asi-celebro-combarranquilla-el-carnaval-de-los-ninos-2024\\\/#primaryimage\",\"url\":\"https:\\\/\\\/tuguia.combarranquilla.co\\\/Revista\\\/wp-content\\\/uploads\\\/2024\\\/02\\\/image_123650291.jpg\",\"contentUrl\":\"https:\\\/\\\/tuguia.combarranquilla.co\\\/Revista\\\/wp-content\\\/uploads\\\/2024\\\/02\\\/image_123650291.jpg\",\"width\":1280,\"height\":853},{\"@type\":\"BreadcrumbList\",\"@id\":\"https:\\\/\\\/tuguia.combarranquilla.co\\\/Revista\\\/que-viva-el-folclor-asi-celebro-combarranquilla-el-carnaval-de-los-ninos-2024\\\/#breadcrumb\",\"itemListElement\":[{\"@type\":\"ListItem\",\"position\":1,\"name\":\"Inicio\",\"item\":\"https:\\\/\\\/tuguia.combarranquilla.co\\\/Revista\\\/\"},{\"@type\":\"ListItem\",\"position\":2,\"name\":\"\u00a1Que viva el folclor! As\u00ed celebr\u00f3 Combarranquilla el Carnaval de los Ni\u00f1os 2024\"}]},{\"@type\":\"WebSite\",\"@id\":\"https:\\\/\\\/tuguia.combarranquilla.co\\\/Revista\\\/#website\",\"url\":\"https:\\\/\\\/tuguia.combarranquilla.co\\\/Revista\\\/\",\"name\":\"Tu Gu\u00eda\",\"description\":\"La revista donde lo tienes todo.\",\"publisher\":{\"@id\":\"https:\\\/\\\/tuguia.combarranquilla.co\\\/Revista\\\/#organization\"},\"alternateName\":\"Tu Gu\u00eda Combarranquilla\",\"potentialAction\":[{\"@type\":\"SearchAction\",\"target\":{\"@type\":\"EntryPoint\",\"urlTemplate\":\"https:\\\/\\\/tuguia.combarranquilla.co\\\/Revista\\\/?s={search_term_string}\"},\"query-input\":{\"@type\":\"PropertyValueSpecification\",\"valueRequired\":true,\"valueName\":\"search_term_string\"}}],\"inLanguage\":\"es-CO\"},{\"@type\":\"Organization\",\"@id\":\"https:\\\/\\\/tuguia.combarranquilla.co\\\/Revista\\\/#organization\",\"name\":\"Tu Gu\u00eda Combarranquilla\",\"url\":\"https:\\\/\\\/tuguia.combarranquilla.co\\\/Revista\\\/\",\"logo\":{\"@type\":\"ImageObject\",\"inLanguage\":\"es-CO\",\"@id\":\"https:\\\/\\\/tuguia.combarranquilla.co\\\/Revista\\\/#\\\/schema\\\/logo\\\/image\\\/\",\"url\":\"https:\\\/\\\/tuguia.combarranquilla.co\\\/Revista\\\/wp-content\\\/uploads\\\/2022\\\/02\\\/logo-guia-combarranquilla.svg\",\"contentUrl\":\"https:\\\/\\\/tuguia.combarranquilla.co\\\/Revista\\\/wp-content\\\/uploads\\\/2022\\\/02\\\/logo-guia-combarranquilla.svg\",\"caption\":\"Tu Gu\u00eda Combarranquilla\"},\"image\":{\"@id\":\"https:\\\/\\\/tuguia.combarranquilla.co\\\/Revista\\\/#\\\/schema\\\/logo\\\/image\\\/\"}},{\"@type\":\"Person\",\"@id\":\"https:\\\/\\\/tuguia.combarranquilla.co\\\/Revista\\\/#\\\/schema\\\/person\\\/c2c396a77170bd1d5f8ba73294eb0d10\",\"name\":\"Comunicaciones Combarranquilla\",\"image\":{\"@type\":\"ImageObject\",\"inLanguage\":\"es-CO\",\"@id\":\"https:\\\/\\\/tuguia.combarranquilla.co\\\/Revista\\\/wp-content\\\/uploads\\\/2025\\\/05\\\/ABC-Al-Rojo-Logo-96x96.jpg\",\"url\":\"https:\\\/\\\/tuguia.combarranquilla.co\\\/Revista\\\/wp-content\\\/uploads\\\/2025\\\/05\\\/ABC-Al-Rojo-Logo-96x96.jpg\",\"contentUrl\":\"https:\\\/\\\/tuguia.combarranquilla.co\\\/Revista\\\/wp-content\\\/uploads\\\/2025\\\/05\\\/ABC-Al-Rojo-Logo-96x96.jpg\",\"caption\":\"Comunicaciones Combarranquilla\"},\"sameAs\":[\"https:\\\/\\\/www.combarranquilla.co\"],\"url\":\"https:\\\/\\\/tuguia.combarranquilla.co\\\/Revista\\\/author\\\/comunicaciones\\\/\"}]}<\/script>\n<!-- \/ Yoast SEO plugin. -->","yoast_head_json":{"title":"\u00a1Que viva el folclor! As\u00ed celebr\u00f3 Combarranquilla el Carnaval de los Ni\u00f1os 2024 - Tu Gu\u00eda","robots":{"index":"index","follow":"follow","max-snippet":"max-snippet:-1","max-image-preview":"max-image-preview:large","max-video-preview":"max-video-preview:-1"},"canonical":"https:\/\/tuguia.combarranquilla.co\/Revista\/que-viva-el-folclor-asi-celebro-combarranquilla-el-carnaval-de-los-ninos-2024\/","og_locale":"es_ES","og_type":"article","og_title":"\u00a1Que viva el folclor! As\u00ed celebr\u00f3 Combarranquilla el Carnaval de los Ni\u00f1os 2024 - Tu Gu\u00eda","og_description":"Maizena, espuma, danza y alegr\u00eda. Eso fue lo que vivieron los ni\u00f1os, el pasado domingo 4 de febrero, en su gran desfile por la carrera 53. Sonrisas, comparsas y disfraces coloridos demostraron la esencia de la cultura barranquillera. El recorrido fue acompa\u00f1ado por la Reina y el Rey infantil de Combarranquilla, Victoria Tovar y Samuel [&hellip;]","og_url":"https:\/\/tuguia.combarranquilla.co\/Revista\/que-viva-el-folclor-asi-celebro-combarranquilla-el-carnaval-de-los-ninos-2024\/","og_site_name":"Tu Gu\u00eda","article_published_time":"2024-02-05T15:00:00+00:00","article_modified_time":"2024-02-07T14:30:03+00:00","og_image":[{"width":1280,"height":853,"url":"https:\/\/tuguia.combarranquilla.co\/Revista\/wp-content\/uploads\/2024\/02\/image_123650291.jpg","type":"image\/jpeg"}],"author":"Comunicaciones Combarranquilla","twitter_card":"summary_large_image","twitter_misc":{"Escrito por":"Comunicaciones Combarranquilla","Tiempo de lectura":"2 minutos"},"schema":{"@context":"https:\/\/schema.org","@graph":[{"@type":"Article","@id":"https:\/\/tuguia.combarranquilla.co\/Revista\/que-viva-el-folclor-asi-celebro-combarranquilla-el-carnaval-de-los-ninos-2024\/#article","isPartOf":{"@id":"https:\/\/tuguia.combarranquilla.co\/Revista\/que-viva-el-folclor-asi-celebro-combarranquilla-el-carnaval-de-los-ninos-2024\/"},"author":{"name":"Comunicaciones Combarranquilla","@id":"https:\/\/tuguia.combarranquilla.co\/Revista\/#\/schema\/person\/c2c396a77170bd1d5f8ba73294eb0d10"},"headline":"\u00a1Que viva el folclor! As\u00ed celebr\u00f3 Combarranquilla el Carnaval de los Ni\u00f1os 2024","datePublished":"2024-02-05T15:00:00+00:00","dateModified":"2024-02-07T14:30:03+00:00","mainEntityOfPage":{"@id":"https:\/\/tuguia.combarranquilla.co\/Revista\/que-viva-el-folclor-asi-celebro-combarranquilla-el-carnaval-de-los-ninos-2024\/"},"wordCount":359,"commentCount":0,"publisher":{"@id":"https:\/\/tuguia.combarranquilla.co\/Revista\/#organization"},"image":{"@id":"https:\/\/tuguia.combarranquilla.co\/Revista\/que-viva-el-folclor-asi-celebro-combarranquilla-el-carnaval-de-los-ninos-2024\/#primaryimage"},"thumbnailUrl":"https:\/\/tuguia.combarranquilla.co\/Revista\/wp-content\/uploads\/2024\/02\/image_123650291.jpg","articleSection":["FAMILIA COMBARRANQUILLA"],"inLanguage":"es-CO","potentialAction":[{"@type":"CommentAction","name":"Comment","target":["https:\/\/tuguia.combarranquilla.co\/Revista\/que-viva-el-folclor-asi-celebro-combarranquilla-el-carnaval-de-los-ninos-2024\/#respond"]}]},{"@type":"WebPage","@id":"https:\/\/tuguia.combarranquilla.co\/Revista\/que-viva-el-folclor-asi-celebro-combarranquilla-el-carnaval-de-los-ninos-2024\/","url":"https:\/\/tuguia.combarranquilla.co\/Revista\/que-viva-el-folclor-asi-celebro-combarranquilla-el-carnaval-de-los-ninos-2024\/","name":"\u00a1Que viva el folclor! As\u00ed celebr\u00f3 Combarranquilla el Carnaval de los Ni\u00f1os 2024 - Tu Gu\u00eda","isPartOf":{"@id":"https:\/\/tuguia.combarranquilla.co\/Revista\/#website"},"primaryImageOfPage":{"@id":"https:\/\/tuguia.combarranquilla.co\/Revista\/que-viva-el-folclor-asi-celebro-combarranquilla-el-carnaval-de-los-ninos-2024\/#primaryimage"},"image":{"@id":"https:\/\/tuguia.combarranquilla.co\/Revista\/que-viva-el-folclor-asi-celebro-combarranquilla-el-carnaval-de-los-ninos-2024\/#primaryimage"},"thumbnailUrl":"https:\/\/tuguia.combarranquilla.co\/Revista\/wp-content\/uploads\/2024\/02\/image_123650291.jpg","datePublished":"2024-02-05T15:00:00+00:00","dateModified":"2024-02-07T14:30:03+00:00","breadcrumb":{"@id":"https:\/\/tuguia.combarranquilla.co\/Revista\/que-viva-el-folclor-asi-celebro-combarranquilla-el-carnaval-de-los-ninos-2024\/#breadcrumb"},"inLanguage":"es-CO","potentialAction":[{"@type":"ReadAction","target":["https:\/\/tuguia.combarranquilla.co\/Revista\/que-viva-el-folclor-asi-celebro-combarranquilla-el-carnaval-de-los-ninos-2024\/"]}]},{"@type":"ImageObject","inLanguage":"es-CO","@id":"https:\/\/tuguia.combarranquilla.co\/Revista\/que-viva-el-folclor-asi-celebro-combarranquilla-el-carnaval-de-los-ninos-2024\/#primaryimage","url":"https:\/\/tuguia.combarranquilla.co\/Revista\/wp-content\/uploads\/2024\/02\/image_123650291.jpg","contentUrl":"https:\/\/tuguia.combarranquilla.co\/Revista\/wp-content\/uploads\/2024\/02\/image_123650291.jpg","width":1280,"height":853},{"@type":"BreadcrumbList","@id":"https:\/\/tuguia.combarranquilla.co\/Revista\/que-viva-el-folclor-asi-celebro-combarranquilla-el-carnaval-de-los-ninos-2024\/#breadcrumb","itemListElement":[{"@type":"ListItem","position":1,"name":"Inicio","item":"https:\/\/tuguia.combarranquilla.co\/Revista\/"},{"@type":"ListItem","position":2,"name":"\u00a1Que viva el folclor! As\u00ed celebr\u00f3 Combarranquilla el Carnaval de los Ni\u00f1os 2024"}]},{"@type":"WebSite","@id":"https:\/\/tuguia.combarranquilla.co\/Revista\/#website","url":"https:\/\/tuguia.combarranquilla.co\/Revista\/","name":"Tu Gu\u00eda","description":"La revista donde lo tienes todo.","publisher":{"@id":"https:\/\/tuguia.combarranquilla.co\/Revista\/#organization"},"alternateName":"Tu Gu\u00eda Combarranquilla","potentialAction":[{"@type":"SearchAction","target":{"@type":"EntryPoint","urlTemplate":"https:\/\/tuguia.combarranquilla.co\/Revista\/?s={search_term_string}"},"query-input":{"@type":"PropertyValueSpecification","valueRequired":true,"valueName":"search_term_string"}}],"inLanguage":"es-CO"},{"@type":"Organization","@id":"https:\/\/tuguia.combarranquilla.co\/Revista\/#organization","name":"Tu Gu\u00eda Combarranquilla","url":"https:\/\/tuguia.combarranquilla.co\/Revista\/","logo":{"@type":"ImageObject","inLanguage":"es-CO","@id":"https:\/\/tuguia.combarranquilla.co\/Revista\/#\/schema\/logo\/image\/","url":"https:\/\/tuguia.combarranquilla.co\/Revista\/wp-content\/uploads\/2022\/02\/logo-guia-combarranquilla.svg","contentUrl":"https:\/\/tuguia.combarranquilla.co\/Revista\/wp-content\/uploads\/2022\/02\/logo-guia-combarranquilla.svg","caption":"Tu Gu\u00eda Combarranquilla"},"image":{"@id":"https:\/\/tuguia.combarranquilla.co\/Revista\/#\/schema\/logo\/image\/"}},{"@type":"Person","@id":"https:\/\/tuguia.combarranquilla.co\/Revista\/#\/schema\/person\/c2c396a77170bd1d5f8ba73294eb0d10","name":"Comunicaciones Combarranquilla","image":{"@type":"ImageObject","inLanguage":"es-CO","@id":"https:\/\/tuguia.combarranquilla.co\/Revista\/wp-content\/uploads\/2025\/05\/ABC-Al-Rojo-Logo-96x96.jpg","url":"https:\/\/tuguia.combarranquilla.co\/Revista\/wp-content\/uploads\/2025\/05\/ABC-Al-Rojo-Logo-96x96.jpg","contentUrl":"https:\/\/tuguia.combarranquilla.co\/Revista\/wp-content\/uploads\/2025\/05\/ABC-Al-Rojo-Logo-96x96.jpg","caption":"Comunicaciones Combarranquilla"},"sameAs":["https:\/\/www.combarranquilla.co"],"url":"https:\/\/tuguia.combarranquilla.co\/Revista\/author\/comunicaciones\/"}]}},"_links":{"self":[{"href":"https:\/\/tuguia.combarranquilla.co\/Revista\/wp-json\/wp\/v2\/posts\/3618","targetHints":{"allow":["GET"]}}],"collection":[{"href":"https:\/\/tuguia.combarranquilla.co\/Revista\/wp-json\/wp\/v2\/posts"}],"about":[{"href":"https:\/\/tuguia.combarranquilla.co\/Revista\/wp-json\/wp\/v2\/types\/post"}],"author":[{"embeddable":true,"href":"https:\/\/tuguia.combarranquilla.co\/Revista\/wp-json\/wp\/v2\/users\/2"}],"replies":[{"embeddable":true,"href":"https:\/\/tuguia.combarranquilla.co\/Revista\/wp-json\/wp\/v2\/comments?post=3618"}],"version-history":[{"count":8,"href":"https:\/\/tuguia.combarranquilla.co\/Revista\/wp-json\/wp\/v2\/posts\/3618\/revisions"}],"predecessor-version":[{"id":3635,"href":"https:\/\/tuguia.combarranquilla.co\/Revista\/wp-json\/wp\/v2\/posts\/3618\/revisions\/3635"}],"wp:featuredmedia":[{"embeddable":true,"href":"https:\/\/tuguia.combarranquilla.co\/Revista\/wp-json\/wp\/v2\/media\/3644"}],"wp:attachment":[{"href":"https:\/\/tuguia.combarranquilla.co\/Revista\/wp-json\/wp\/v2\/media?parent=3618"}],"wp:term":[{"taxonomy":"category","embeddable":true,"href":"https:\/\/tuguia.combarranquilla.co\/Revista\/wp-json\/wp\/v2\/categories?post=3618"},{"taxonomy":"post_tag","embeddable":true,"href":"https:\/\/tuguia.combarranquilla.co\/Revista\/wp-json\/wp\/v2\/tags?post=3618"}],"curies":[{"name":"wp","href":"https:\/\/api.w.org\/{rel}","templated":true}]}}