{"id":3637,"date":"2024-02-07T16:50:57","date_gmt":"2024-02-07T21:50:57","guid":{"rendered":"https:\/\/tuguia.combarranquilla.co\/Revista\/?p=3637"},"modified":"2024-02-07T16:55:08","modified_gmt":"2024-02-07T21:55:08","slug":"perdido-laboralmente-llego-job-talent","status":"publish","type":"post","link":"https:\/\/tuguia.combarranquilla.co\/Revista\/perdido-laboralmente-llego-job-talent\/","title":{"rendered":"\u00bfPerdido laboralmente? \u00a1Job Talent te ayudar\u00e1 a fortalecer tu perfil profesional!"},"content":{"rendered":"\n<p>El programa de orientaci\u00f3n laboral de la Agencia de Empleo de Combarranquilla, Job Talent, se crea con el objetivo de brindar oportunidades de crecimiento profesional a personas en b\u00fasqueda de empleo. Esta iniciativa, les servir\u00e1 de gu\u00eda para tomar decisiones efectivas durante su etapa ocupacional.<\/p>\n\n\n<div class=\"wp-block-image\">\n<figure class=\"aligncenter size-large is-resized\"><img decoding=\"async\" width=\"1024\" height=\"683\" data-src=\"https:\/\/tuguia.combarranquilla.co\/Revista\/wp-content\/uploads\/2024\/02\/apreton-manos-amistoso-socios-reunion-grupo-agradeciendo-trabajo-equipo-exitoso-1024x683.jpg\" alt=\"\" class=\"wp-image-3640 lazyload\" style=\"--smush-placeholder-width: 1024px; --smush-placeholder-aspect-ratio: 1024\/683;width:715px;height:auto\" data-srcset=\"https:\/\/tuguia.combarranquilla.co\/Revista\/wp-content\/uploads\/2024\/02\/apreton-manos-amistoso-socios-reunion-grupo-agradeciendo-trabajo-equipo-exitoso-1024x683.jpg 1024w, https:\/\/tuguia.combarranquilla.co\/Revista\/wp-content\/uploads\/2024\/02\/apreton-manos-amistoso-socios-reunion-grupo-agradeciendo-trabajo-equipo-exitoso-300x200.jpg 300w, https:\/\/tuguia.combarranquilla.co\/Revista\/wp-content\/uploads\/2024\/02\/apreton-manos-amistoso-socios-reunion-grupo-agradeciendo-trabajo-equipo-exitoso-768x512.jpg 768w, https:\/\/tuguia.combarranquilla.co\/Revista\/wp-content\/uploads\/2024\/02\/apreton-manos-amistoso-socios-reunion-grupo-agradeciendo-trabajo-equipo-exitoso-1536x1024.jpg 1536w, https:\/\/tuguia.combarranquilla.co\/Revista\/wp-content\/uploads\/2024\/02\/apreton-manos-amistoso-socios-reunion-grupo-agradeciendo-trabajo-equipo-exitoso-2048x1365.jpg 2048w\" data-sizes=\"(max-width: 1024px) 100vw, 1024px\" src=\"data:image\/svg+xml;base64,PHN2ZyB3aWR0aD0iMSIgaGVpZ2h0PSIxIiB4bWxucz0iaHR0cDovL3d3dy53My5vcmcvMjAwMC9zdmciPjwvc3ZnPg==\" \/><\/figure><\/div>\n\n\n<h2 class=\"wp-block-heading\">\u00bfCu\u00e1les son los servicios?<\/h2>\n\n\n\n<ul class=\"wp-block-list\">\n<li>Brindaremos tips innovadores para fortalecer tu hoja de vida: todo ser\u00e1 clave para impulsar perfil y atraer potenciales empleadores.<\/li>\n\n\n\n<li>Guiaremos tu sendero laboral para hallar oportunidades alineadas al perfil que buscas de una manera m\u00e1s sencilla.<\/li>\n\n\n\n<li>Realizaremos investigaciones rigurosas, con el fin de cumplir sus objetivos laborales profesionales.<\/li>\n\n\n\n<li>Nuestros psic\u00f3logos expertos aportar\u00e1n al desarrollo profesional de quienes hagan parte con entrevistas por competencias, as\u00ed su experiencia ser\u00e1 m\u00e1s enriquecedora.<\/li>\n<\/ul>\n\n\n<div class=\"wp-block-image\">\n<figure class=\"aligncenter size-large is-resized\"><img decoding=\"async\" width=\"1024\" height=\"683\" data-src=\"https:\/\/tuguia.combarranquilla.co\/Revista\/wp-content\/uploads\/2024\/02\/entrevista-trabajo-seleccion-candidatos-empleo-1024x683.jpg\" alt=\"\" class=\"wp-image-3641 lazyload\" style=\"--smush-placeholder-width: 1024px; --smush-placeholder-aspect-ratio: 1024\/683;width:714px;height:auto\" data-srcset=\"https:\/\/tuguia.combarranquilla.co\/Revista\/wp-content\/uploads\/2024\/02\/entrevista-trabajo-seleccion-candidatos-empleo-1024x683.jpg 1024w, https:\/\/tuguia.combarranquilla.co\/Revista\/wp-content\/uploads\/2024\/02\/entrevista-trabajo-seleccion-candidatos-empleo-300x200.jpg 300w, https:\/\/tuguia.combarranquilla.co\/Revista\/wp-content\/uploads\/2024\/02\/entrevista-trabajo-seleccion-candidatos-empleo-768x513.jpg 768w, https:\/\/tuguia.combarranquilla.co\/Revista\/wp-content\/uploads\/2024\/02\/entrevista-trabajo-seleccion-candidatos-empleo-1536x1025.jpg 1536w, https:\/\/tuguia.combarranquilla.co\/Revista\/wp-content\/uploads\/2024\/02\/entrevista-trabajo-seleccion-candidatos-empleo-2048x1367.jpg 2048w\" data-sizes=\"(max-width: 1024px) 100vw, 1024px\" src=\"data:image\/svg+xml;base64,PHN2ZyB3aWR0aD0iMSIgaGVpZ2h0PSIxIiB4bWxucz0iaHR0cDovL3d3dy53My5vcmcvMjAwMC9zdmciPjwvc3ZnPg==\" \/><\/figure><\/div>\n\n\n<p>Con el Programa Job Talent podr\u00e1s alcanzar el \u00e9xito que deseas. Por eso, nos enfocaremos en elevar tus habilidades con el firme objetivo de instruirte en la toma de decisiones acertadas en el mundo laboral.<\/p>\n\n\n\n<h2 class=\"wp-block-heading\">M\u00e1s informaci\u00f3n<\/h2>\n\n\n\n<p><strong>L\u00ednea verde<\/strong> (605) 3225049<\/p>\n\n\n\n<p><strong>Correo corporativo:<\/strong> <a href=\"mailto:centro.empleo@combarranquilla.co\">centro.empleo@combarranquilla.co<\/a><\/p>\n\n\n\n<figure class=\"wp-block-video\"><video controls src=\"https:\/\/tuguia.combarranquilla.co\/Revista\/wp-content\/uploads\/2024\/02\/Video-de-Job-Talent.mp4\"><\/video><\/figure>\n","protected":false},"excerpt":{"rendered":"<p>El programa de orientaci\u00f3n laboral de la Agencia de Empleo de Combarranquilla, Job Talent, se crea con el objetivo de brindar oportunidades de crecimiento profesional a personas en b\u00fasqueda de empleo. Esta iniciativa, les servir\u00e1 de gu\u00eda para tomar decisiones efectivas durante su etapa ocupacional. \u00bfCu\u00e1les son los servicios? Con el Programa Job Talent podr\u00e1s [&hellip;]<\/p>\n","protected":false},"author":2,"featured_media":3638,"comment_status":"open","ping_status":"open","sticky":false,"template":"","format":"standard","meta":{"inline_featured_image":false,"footnotes":""},"categories":[6],"tags":[],"class_list":["post-3637","post","type-post","status-publish","format-standard","has-post-thumbnail","hentry","category-empleabilidad"],"yoast_head":"<!-- This site is optimized with the Yoast SEO plugin v27.4 - https:\/\/yoast.com\/product\/yoast-seo-wordpress\/ -->\n<title>\u00bfPerdido laboralmente? \u00a1Job Talent te ayudar\u00e1 a fortalecer tu perfil profesional! - Tu Gu\u00eda<\/title>\n<meta name=\"robots\" content=\"index, follow, max-snippet:-1, max-image-preview:large, max-video-preview:-1\" \/>\n<link rel=\"canonical\" href=\"https:\/\/tuguia.combarranquilla.co\/Revista\/perdido-laboralmente-llego-job-talent\/\" \/>\n<meta property=\"og:locale\" content=\"es_ES\" \/>\n<meta property=\"og:type\" content=\"article\" \/>\n<meta property=\"og:title\" content=\"\u00bfPerdido laboralmente? \u00a1Job Talent te ayudar\u00e1 a fortalecer tu perfil profesional! - Tu Gu\u00eda\" \/>\n<meta property=\"og:description\" content=\"El programa de orientaci\u00f3n laboral de la Agencia de Empleo de Combarranquilla, Job Talent, se crea con el objetivo de brindar oportunidades de crecimiento profesional a personas en b\u00fasqueda de empleo. Esta iniciativa, les servir\u00e1 de gu\u00eda para tomar decisiones efectivas durante su etapa ocupacional. \u00bfCu\u00e1les son los servicios? Con el Programa Job Talent podr\u00e1s [&hellip;]\" \/>\n<meta property=\"og:url\" content=\"https:\/\/tuguia.combarranquilla.co\/Revista\/perdido-laboralmente-llego-job-talent\/\" \/>\n<meta property=\"og:site_name\" content=\"Tu Gu\u00eda\" \/>\n<meta property=\"article:published_time\" content=\"2024-02-07T21:50:57+00:00\" \/>\n<meta property=\"article:modified_time\" content=\"2024-02-07T21:55:08+00:00\" \/>\n<meta property=\"og:image\" content=\"https:\/\/tuguia.combarranquilla.co\/Revista\/wp-content\/uploads\/2024\/02\/retrato-ejecutivo-serio-explicando-tareas-empleado-scaled.jpg\" \/>\n\t<meta property=\"og:image:width\" content=\"2560\" \/>\n\t<meta property=\"og:image:height\" content=\"1707\" \/>\n\t<meta property=\"og:image:type\" content=\"image\/jpeg\" \/>\n<meta name=\"author\" content=\"Comunicaciones Combarranquilla\" \/>\n<meta name=\"twitter:card\" content=\"summary_large_image\" \/>\n<meta name=\"twitter:label1\" content=\"Escrito por\" \/>\n\t<meta name=\"twitter:data1\" content=\"Comunicaciones Combarranquilla\" \/>\n\t<meta name=\"twitter:label2\" content=\"Tiempo de lectura\" \/>\n\t<meta name=\"twitter:data2\" content=\"1 minuto\" \/>\n<script type=\"application\/ld+json\" class=\"yoast-schema-graph\">{\"@context\":\"https:\\\/\\\/schema.org\",\"@graph\":[{\"@type\":\"Article\",\"@id\":\"https:\\\/\\\/tuguia.combarranquilla.co\\\/Revista\\\/perdido-laboralmente-llego-job-talent\\\/#article\",\"isPartOf\":{\"@id\":\"https:\\\/\\\/tuguia.combarranquilla.co\\\/Revista\\\/perdido-laboralmente-llego-job-talent\\\/\"},\"author\":{\"name\":\"Comunicaciones Combarranquilla\",\"@id\":\"https:\\\/\\\/tuguia.combarranquilla.co\\\/Revista\\\/#\\\/schema\\\/person\\\/c2c396a77170bd1d5f8ba73294eb0d10\"},\"headline\":\"\u00bfPerdido laboralmente? \u00a1Job Talent te ayudar\u00e1 a fortalecer tu perfil profesional!\",\"datePublished\":\"2024-02-07T21:50:57+00:00\",\"dateModified\":\"2024-02-07T21:55:08+00:00\",\"mainEntityOfPage\":{\"@id\":\"https:\\\/\\\/tuguia.combarranquilla.co\\\/Revista\\\/perdido-laboralmente-llego-job-talent\\\/\"},\"wordCount\":186,\"commentCount\":0,\"publisher\":{\"@id\":\"https:\\\/\\\/tuguia.combarranquilla.co\\\/Revista\\\/#organization\"},\"image\":{\"@id\":\"https:\\\/\\\/tuguia.combarranquilla.co\\\/Revista\\\/perdido-laboralmente-llego-job-talent\\\/#primaryimage\"},\"thumbnailUrl\":\"https:\\\/\\\/tuguia.combarranquilla.co\\\/Revista\\\/wp-content\\\/uploads\\\/2024\\\/02\\\/retrato-ejecutivo-serio-explicando-tareas-empleado-scaled.jpg\",\"articleSection\":[\"EMPLEABILIDAD\"],\"inLanguage\":\"es-CO\",\"potentialAction\":[{\"@type\":\"CommentAction\",\"name\":\"Comment\",\"target\":[\"https:\\\/\\\/tuguia.combarranquilla.co\\\/Revista\\\/perdido-laboralmente-llego-job-talent\\\/#respond\"]}]},{\"@type\":\"WebPage\",\"@id\":\"https:\\\/\\\/tuguia.combarranquilla.co\\\/Revista\\\/perdido-laboralmente-llego-job-talent\\\/\",\"url\":\"https:\\\/\\\/tuguia.combarranquilla.co\\\/Revista\\\/perdido-laboralmente-llego-job-talent\\\/\",\"name\":\"\u00bfPerdido laboralmente? \u00a1Job Talent te ayudar\u00e1 a fortalecer tu perfil profesional! - Tu Gu\u00eda\",\"isPartOf\":{\"@id\":\"https:\\\/\\\/tuguia.combarranquilla.co\\\/Revista\\\/#website\"},\"primaryImageOfPage\":{\"@id\":\"https:\\\/\\\/tuguia.combarranquilla.co\\\/Revista\\\/perdido-laboralmente-llego-job-talent\\\/#primaryimage\"},\"image\":{\"@id\":\"https:\\\/\\\/tuguia.combarranquilla.co\\\/Revista\\\/perdido-laboralmente-llego-job-talent\\\/#primaryimage\"},\"thumbnailUrl\":\"https:\\\/\\\/tuguia.combarranquilla.co\\\/Revista\\\/wp-content\\\/uploads\\\/2024\\\/02\\\/retrato-ejecutivo-serio-explicando-tareas-empleado-scaled.jpg\",\"datePublished\":\"2024-02-07T21:50:57+00:00\",\"dateModified\":\"2024-02-07T21:55:08+00:00\",\"breadcrumb\":{\"@id\":\"https:\\\/\\\/tuguia.combarranquilla.co\\\/Revista\\\/perdido-laboralmente-llego-job-talent\\\/#breadcrumb\"},\"inLanguage\":\"es-CO\",\"potentialAction\":[{\"@type\":\"ReadAction\",\"target\":[\"https:\\\/\\\/tuguia.combarranquilla.co\\\/Revista\\\/perdido-laboralmente-llego-job-talent\\\/\"]}]},{\"@type\":\"ImageObject\",\"inLanguage\":\"es-CO\",\"@id\":\"https:\\\/\\\/tuguia.combarranquilla.co\\\/Revista\\\/perdido-laboralmente-llego-job-talent\\\/#primaryimage\",\"url\":\"https:\\\/\\\/tuguia.combarranquilla.co\\\/Revista\\\/wp-content\\\/uploads\\\/2024\\\/02\\\/retrato-ejecutivo-serio-explicando-tareas-empleado-scaled.jpg\",\"contentUrl\":\"https:\\\/\\\/tuguia.combarranquilla.co\\\/Revista\\\/wp-content\\\/uploads\\\/2024\\\/02\\\/retrato-ejecutivo-serio-explicando-tareas-empleado-scaled.jpg\",\"width\":2560,\"height\":1707,\"caption\":\"Job Talent, te llevar\u00e1 a potencializar tus habilidades.\"},{\"@type\":\"BreadcrumbList\",\"@id\":\"https:\\\/\\\/tuguia.combarranquilla.co\\\/Revista\\\/perdido-laboralmente-llego-job-talent\\\/#breadcrumb\",\"itemListElement\":[{\"@type\":\"ListItem\",\"position\":1,\"name\":\"Inicio\",\"item\":\"https:\\\/\\\/tuguia.combarranquilla.co\\\/Revista\\\/\"},{\"@type\":\"ListItem\",\"position\":2,\"name\":\"\u00bfPerdido laboralmente? \u00a1Job Talent te ayudar\u00e1 a fortalecer tu perfil profesional!\"}]},{\"@type\":\"WebSite\",\"@id\":\"https:\\\/\\\/tuguia.combarranquilla.co\\\/Revista\\\/#website\",\"url\":\"https:\\\/\\\/tuguia.combarranquilla.co\\\/Revista\\\/\",\"name\":\"Tu Gu\u00eda\",\"description\":\"La revista donde lo tienes todo.\",\"publisher\":{\"@id\":\"https:\\\/\\\/tuguia.combarranquilla.co\\\/Revista\\\/#organization\"},\"alternateName\":\"Tu Gu\u00eda Combarranquilla\",\"potentialAction\":[{\"@type\":\"SearchAction\",\"target\":{\"@type\":\"EntryPoint\",\"urlTemplate\":\"https:\\\/\\\/tuguia.combarranquilla.co\\\/Revista\\\/?s={search_term_string}\"},\"query-input\":{\"@type\":\"PropertyValueSpecification\",\"valueRequired\":true,\"valueName\":\"search_term_string\"}}],\"inLanguage\":\"es-CO\"},{\"@type\":\"Organization\",\"@id\":\"https:\\\/\\\/tuguia.combarranquilla.co\\\/Revista\\\/#organization\",\"name\":\"Tu Gu\u00eda Combarranquilla\",\"url\":\"https:\\\/\\\/tuguia.combarranquilla.co\\\/Revista\\\/\",\"logo\":{\"@type\":\"ImageObject\",\"inLanguage\":\"es-CO\",\"@id\":\"https:\\\/\\\/tuguia.combarranquilla.co\\\/Revista\\\/#\\\/schema\\\/logo\\\/image\\\/\",\"url\":\"https:\\\/\\\/tuguia.combarranquilla.co\\\/Revista\\\/wp-content\\\/uploads\\\/2022\\\/02\\\/logo-guia-combarranquilla.svg\",\"contentUrl\":\"https:\\\/\\\/tuguia.combarranquilla.co\\\/Revista\\\/wp-content\\\/uploads\\\/2022\\\/02\\\/logo-guia-combarranquilla.svg\",\"caption\":\"Tu Gu\u00eda Combarranquilla\"},\"image\":{\"@id\":\"https:\\\/\\\/tuguia.combarranquilla.co\\\/Revista\\\/#\\\/schema\\\/logo\\\/image\\\/\"}},{\"@type\":\"Person\",\"@id\":\"https:\\\/\\\/tuguia.combarranquilla.co\\\/Revista\\\/#\\\/schema\\\/person\\\/c2c396a77170bd1d5f8ba73294eb0d10\",\"name\":\"Comunicaciones Combarranquilla\",\"image\":{\"@type\":\"ImageObject\",\"inLanguage\":\"es-CO\",\"@id\":\"https:\\\/\\\/tuguia.combarranquilla.co\\\/Revista\\\/wp-content\\\/uploads\\\/2025\\\/05\\\/ABC-Al-Rojo-Logo-96x96.jpg\",\"url\":\"https:\\\/\\\/tuguia.combarranquilla.co\\\/Revista\\\/wp-content\\\/uploads\\\/2025\\\/05\\\/ABC-Al-Rojo-Logo-96x96.jpg\",\"contentUrl\":\"https:\\\/\\\/tuguia.combarranquilla.co\\\/Revista\\\/wp-content\\\/uploads\\\/2025\\\/05\\\/ABC-Al-Rojo-Logo-96x96.jpg\",\"caption\":\"Comunicaciones Combarranquilla\"},\"sameAs\":[\"https:\\\/\\\/www.combarranquilla.co\"],\"url\":\"https:\\\/\\\/tuguia.combarranquilla.co\\\/Revista\\\/author\\\/comunicaciones\\\/\"}]}<\/script>\n<!-- \/ Yoast SEO plugin. -->","yoast_head_json":{"title":"\u00bfPerdido laboralmente? \u00a1Job Talent te ayudar\u00e1 a fortalecer tu perfil profesional! - Tu Gu\u00eda","robots":{"index":"index","follow":"follow","max-snippet":"max-snippet:-1","max-image-preview":"max-image-preview:large","max-video-preview":"max-video-preview:-1"},"canonical":"https:\/\/tuguia.combarranquilla.co\/Revista\/perdido-laboralmente-llego-job-talent\/","og_locale":"es_ES","og_type":"article","og_title":"\u00bfPerdido laboralmente? \u00a1Job Talent te ayudar\u00e1 a fortalecer tu perfil profesional! - Tu Gu\u00eda","og_description":"El programa de orientaci\u00f3n laboral de la Agencia de Empleo de Combarranquilla, Job Talent, se crea con el objetivo de brindar oportunidades de crecimiento profesional a personas en b\u00fasqueda de empleo. Esta iniciativa, les servir\u00e1 de gu\u00eda para tomar decisiones efectivas durante su etapa ocupacional. \u00bfCu\u00e1les son los servicios? Con el Programa Job Talent podr\u00e1s [&hellip;]","og_url":"https:\/\/tuguia.combarranquilla.co\/Revista\/perdido-laboralmente-llego-job-talent\/","og_site_name":"Tu Gu\u00eda","article_published_time":"2024-02-07T21:50:57+00:00","article_modified_time":"2024-02-07T21:55:08+00:00","og_image":[{"width":2560,"height":1707,"url":"https:\/\/tuguia.combarranquilla.co\/Revista\/wp-content\/uploads\/2024\/02\/retrato-ejecutivo-serio-explicando-tareas-empleado-scaled.jpg","type":"image\/jpeg"}],"author":"Comunicaciones Combarranquilla","twitter_card":"summary_large_image","twitter_misc":{"Escrito por":"Comunicaciones Combarranquilla","Tiempo de lectura":"1 minuto"},"schema":{"@context":"https:\/\/schema.org","@graph":[{"@type":"Article","@id":"https:\/\/tuguia.combarranquilla.co\/Revista\/perdido-laboralmente-llego-job-talent\/#article","isPartOf":{"@id":"https:\/\/tuguia.combarranquilla.co\/Revista\/perdido-laboralmente-llego-job-talent\/"},"author":{"name":"Comunicaciones Combarranquilla","@id":"https:\/\/tuguia.combarranquilla.co\/Revista\/#\/schema\/person\/c2c396a77170bd1d5f8ba73294eb0d10"},"headline":"\u00bfPerdido laboralmente? \u00a1Job Talent te ayudar\u00e1 a fortalecer tu perfil profesional!","datePublished":"2024-02-07T21:50:57+00:00","dateModified":"2024-02-07T21:55:08+00:00","mainEntityOfPage":{"@id":"https:\/\/tuguia.combarranquilla.co\/Revista\/perdido-laboralmente-llego-job-talent\/"},"wordCount":186,"commentCount":0,"publisher":{"@id":"https:\/\/tuguia.combarranquilla.co\/Revista\/#organization"},"image":{"@id":"https:\/\/tuguia.combarranquilla.co\/Revista\/perdido-laboralmente-llego-job-talent\/#primaryimage"},"thumbnailUrl":"https:\/\/tuguia.combarranquilla.co\/Revista\/wp-content\/uploads\/2024\/02\/retrato-ejecutivo-serio-explicando-tareas-empleado-scaled.jpg","articleSection":["EMPLEABILIDAD"],"inLanguage":"es-CO","potentialAction":[{"@type":"CommentAction","name":"Comment","target":["https:\/\/tuguia.combarranquilla.co\/Revista\/perdido-laboralmente-llego-job-talent\/#respond"]}]},{"@type":"WebPage","@id":"https:\/\/tuguia.combarranquilla.co\/Revista\/perdido-laboralmente-llego-job-talent\/","url":"https:\/\/tuguia.combarranquilla.co\/Revista\/perdido-laboralmente-llego-job-talent\/","name":"\u00bfPerdido laboralmente? \u00a1Job Talent te ayudar\u00e1 a fortalecer tu perfil profesional! - Tu Gu\u00eda","isPartOf":{"@id":"https:\/\/tuguia.combarranquilla.co\/Revista\/#website"},"primaryImageOfPage":{"@id":"https:\/\/tuguia.combarranquilla.co\/Revista\/perdido-laboralmente-llego-job-talent\/#primaryimage"},"image":{"@id":"https:\/\/tuguia.combarranquilla.co\/Revista\/perdido-laboralmente-llego-job-talent\/#primaryimage"},"thumbnailUrl":"https:\/\/tuguia.combarranquilla.co\/Revista\/wp-content\/uploads\/2024\/02\/retrato-ejecutivo-serio-explicando-tareas-empleado-scaled.jpg","datePublished":"2024-02-07T21:50:57+00:00","dateModified":"2024-02-07T21:55:08+00:00","breadcrumb":{"@id":"https:\/\/tuguia.combarranquilla.co\/Revista\/perdido-laboralmente-llego-job-talent\/#breadcrumb"},"inLanguage":"es-CO","potentialAction":[{"@type":"ReadAction","target":["https:\/\/tuguia.combarranquilla.co\/Revista\/perdido-laboralmente-llego-job-talent\/"]}]},{"@type":"ImageObject","inLanguage":"es-CO","@id":"https:\/\/tuguia.combarranquilla.co\/Revista\/perdido-laboralmente-llego-job-talent\/#primaryimage","url":"https:\/\/tuguia.combarranquilla.co\/Revista\/wp-content\/uploads\/2024\/02\/retrato-ejecutivo-serio-explicando-tareas-empleado-scaled.jpg","contentUrl":"https:\/\/tuguia.combarranquilla.co\/Revista\/wp-content\/uploads\/2024\/02\/retrato-ejecutivo-serio-explicando-tareas-empleado-scaled.jpg","width":2560,"height":1707,"caption":"Job Talent, te llevar\u00e1 a potencializar tus habilidades."},{"@type":"BreadcrumbList","@id":"https:\/\/tuguia.combarranquilla.co\/Revista\/perdido-laboralmente-llego-job-talent\/#breadcrumb","itemListElement":[{"@type":"ListItem","position":1,"name":"Inicio","item":"https:\/\/tuguia.combarranquilla.co\/Revista\/"},{"@type":"ListItem","position":2,"name":"\u00bfPerdido laboralmente? \u00a1Job Talent te ayudar\u00e1 a fortalecer tu perfil profesional!"}]},{"@type":"WebSite","@id":"https:\/\/tuguia.combarranquilla.co\/Revista\/#website","url":"https:\/\/tuguia.combarranquilla.co\/Revista\/","name":"Tu Gu\u00eda","description":"La revista donde lo tienes todo.","publisher":{"@id":"https:\/\/tuguia.combarranquilla.co\/Revista\/#organization"},"alternateName":"Tu Gu\u00eda Combarranquilla","potentialAction":[{"@type":"SearchAction","target":{"@type":"EntryPoint","urlTemplate":"https:\/\/tuguia.combarranquilla.co\/Revista\/?s={search_term_string}"},"query-input":{"@type":"PropertyValueSpecification","valueRequired":true,"valueName":"search_term_string"}}],"inLanguage":"es-CO"},{"@type":"Organization","@id":"https:\/\/tuguia.combarranquilla.co\/Revista\/#organization","name":"Tu Gu\u00eda Combarranquilla","url":"https:\/\/tuguia.combarranquilla.co\/Revista\/","logo":{"@type":"ImageObject","inLanguage":"es-CO","@id":"https:\/\/tuguia.combarranquilla.co\/Revista\/#\/schema\/logo\/image\/","url":"https:\/\/tuguia.combarranquilla.co\/Revista\/wp-content\/uploads\/2022\/02\/logo-guia-combarranquilla.svg","contentUrl":"https:\/\/tuguia.combarranquilla.co\/Revista\/wp-content\/uploads\/2022\/02\/logo-guia-combarranquilla.svg","caption":"Tu Gu\u00eda Combarranquilla"},"image":{"@id":"https:\/\/tuguia.combarranquilla.co\/Revista\/#\/schema\/logo\/image\/"}},{"@type":"Person","@id":"https:\/\/tuguia.combarranquilla.co\/Revista\/#\/schema\/person\/c2c396a77170bd1d5f8ba73294eb0d10","name":"Comunicaciones Combarranquilla","image":{"@type":"ImageObject","inLanguage":"es-CO","@id":"https:\/\/tuguia.combarranquilla.co\/Revista\/wp-content\/uploads\/2025\/05\/ABC-Al-Rojo-Logo-96x96.jpg","url":"https:\/\/tuguia.combarranquilla.co\/Revista\/wp-content\/uploads\/2025\/05\/ABC-Al-Rojo-Logo-96x96.jpg","contentUrl":"https:\/\/tuguia.combarranquilla.co\/Revista\/wp-content\/uploads\/2025\/05\/ABC-Al-Rojo-Logo-96x96.jpg","caption":"Comunicaciones Combarranquilla"},"sameAs":["https:\/\/www.combarranquilla.co"],"url":"https:\/\/tuguia.combarranquilla.co\/Revista\/author\/comunicaciones\/"}]}},"_links":{"self":[{"href":"https:\/\/tuguia.combarranquilla.co\/Revista\/wp-json\/wp\/v2\/posts\/3637","targetHints":{"allow":["GET"]}}],"collection":[{"href":"https:\/\/tuguia.combarranquilla.co\/Revista\/wp-json\/wp\/v2\/posts"}],"about":[{"href":"https:\/\/tuguia.combarranquilla.co\/Revista\/wp-json\/wp\/v2\/types\/post"}],"author":[{"embeddable":true,"href":"https:\/\/tuguia.combarranquilla.co\/Revista\/wp-json\/wp\/v2\/users\/2"}],"replies":[{"embeddable":true,"href":"https:\/\/tuguia.combarranquilla.co\/Revista\/wp-json\/wp\/v2\/comments?post=3637"}],"version-history":[{"count":7,"href":"https:\/\/tuguia.combarranquilla.co\/Revista\/wp-json\/wp\/v2\/posts\/3637\/revisions"}],"predecessor-version":[{"id":3682,"href":"https:\/\/tuguia.combarranquilla.co\/Revista\/wp-json\/wp\/v2\/posts\/3637\/revisions\/3682"}],"wp:featuredmedia":[{"embeddable":true,"href":"https:\/\/tuguia.combarranquilla.co\/Revista\/wp-json\/wp\/v2\/media\/3638"}],"wp:attachment":[{"href":"https:\/\/tuguia.combarranquilla.co\/Revista\/wp-json\/wp\/v2\/media?parent=3637"}],"wp:term":[{"taxonomy":"category","embeddable":true,"href":"https:\/\/tuguia.combarranquilla.co\/Revista\/wp-json\/wp\/v2\/categories?post=3637"},{"taxonomy":"post_tag","embeddable":true,"href":"https:\/\/tuguia.combarranquilla.co\/Revista\/wp-json\/wp\/v2\/tags?post=3637"}],"curies":[{"name":"wp","href":"https:\/\/api.w.org\/{rel}","templated":true}]}}