{"id":3645,"date":"2024-02-01T16:23:50","date_gmt":"2024-02-01T21:23:50","guid":{"rendered":"https:\/\/tuguia.combarranquilla.co\/Revista\/?p=3645"},"modified":"2024-02-08T14:05:08","modified_gmt":"2024-02-08T19:05:08","slug":"induccion-programas-tecnicos-laborales-2024-01","status":"publish","type":"post","link":"https:\/\/tuguia.combarranquilla.co\/Revista\/induccion-programas-tecnicos-laborales-2024-01\/","title":{"rendered":"Inducci\u00f3n Programas T\u00e9cnicos Laborales 2024-01"},"content":{"rendered":"\n<p>Iniciamos una nueva etapa t\u00e9cnico laboral y Combarranquilla est\u00e1 lista para recibirlos como en casa. Con nuestro equipo de docentes lograremos que los estudiantes desarrollen habilidades y adquieran conocimientos enriquecedores para su futuro profesional. <\/p>\n\n\n\n<p>El lunes 29 de enero, se realiz\u00f3 la inducci\u00f3n a 230 estudiantes que actualmente ser\u00e1n parte de los Programas T\u00e9cnicos Laborales. La c\u00e1lida bienvenida fue liderada por Sandra P\u00e1ez, Jefe de Educaci\u00f3n, Norella Arenas, Coordinadora del Centro de Formaci\u00f3n Combarranquilla y Luisa Duque, Ejecutiva de pr\u00e1cticas empresariales. &#8220;En el Centro de Formaci\u00f3n tenemos como prop\u00f3sito acompa\u00f1arlos de manera integral en su etapa educativa, motivarlos a crecer personal y profesionalmente, transformar sus vidas e impulsarlos a so\u00f1ar en grande.&#8221;, afirm\u00f3 P\u00e1ez.<\/p>\n\n\n\n<figure class=\"wp-block-gallery alignwide has-nested-images columns-default is-cropped wp-block-gallery-1 is-layout-flex wp-block-gallery-is-layout-flex\">\n<figure class=\"wp-block-image size-large\"><img decoding=\"async\" width=\"1024\" height=\"683\" data-id=\"3656\" data-src=\"https:\/\/tuguia.combarranquilla.co\/Revista\/wp-content\/uploads\/2024\/02\/DSC_0215-1024x683.jpg\" alt=\"\" class=\"wp-image-3656 lazyload\" data-srcset=\"https:\/\/tuguia.combarranquilla.co\/Revista\/wp-content\/uploads\/2024\/02\/DSC_0215-1024x683.jpg 1024w, https:\/\/tuguia.combarranquilla.co\/Revista\/wp-content\/uploads\/2024\/02\/DSC_0215-300x200.jpg 300w, https:\/\/tuguia.combarranquilla.co\/Revista\/wp-content\/uploads\/2024\/02\/DSC_0215-768x512.jpg 768w, https:\/\/tuguia.combarranquilla.co\/Revista\/wp-content\/uploads\/2024\/02\/DSC_0215-1536x1024.jpg 1536w, https:\/\/tuguia.combarranquilla.co\/Revista\/wp-content\/uploads\/2024\/02\/DSC_0215-2048x1365.jpg 2048w\" data-sizes=\"(max-width: 1024px) 100vw, 1024px\" src=\"data:image\/svg+xml;base64,PHN2ZyB3aWR0aD0iMSIgaGVpZ2h0PSIxIiB4bWxucz0iaHR0cDovL3d3dy53My5vcmcvMjAwMC9zdmciPjwvc3ZnPg==\" style=\"--smush-placeholder-width: 1024px; --smush-placeholder-aspect-ratio: 1024\/683;\" \/><\/figure>\n\n\n\n<figure class=\"wp-block-image size-large\"><img decoding=\"async\" width=\"1024\" height=\"683\" data-id=\"3657\" data-src=\"https:\/\/tuguia.combarranquilla.co\/Revista\/wp-content\/uploads\/2024\/02\/DSC_0188-1-1024x683.jpg\" alt=\"\" class=\"wp-image-3657 lazyload\" data-srcset=\"https:\/\/tuguia.combarranquilla.co\/Revista\/wp-content\/uploads\/2024\/02\/DSC_0188-1-1024x683.jpg 1024w, https:\/\/tuguia.combarranquilla.co\/Revista\/wp-content\/uploads\/2024\/02\/DSC_0188-1-300x200.jpg 300w, https:\/\/tuguia.combarranquilla.co\/Revista\/wp-content\/uploads\/2024\/02\/DSC_0188-1-768x512.jpg 768w, https:\/\/tuguia.combarranquilla.co\/Revista\/wp-content\/uploads\/2024\/02\/DSC_0188-1-1536x1024.jpg 1536w, https:\/\/tuguia.combarranquilla.co\/Revista\/wp-content\/uploads\/2024\/02\/DSC_0188-1-2048x1365.jpg 2048w\" data-sizes=\"(max-width: 1024px) 100vw, 1024px\" src=\"data:image\/svg+xml;base64,PHN2ZyB3aWR0aD0iMSIgaGVpZ2h0PSIxIiB4bWxucz0iaHR0cDovL3d3dy53My5vcmcvMjAwMC9zdmciPjwvc3ZnPg==\" style=\"--smush-placeholder-width: 1024px; --smush-placeholder-aspect-ratio: 1024\/683;\" \/><\/figure>\n<\/figure>\n\n\n\n<p><\/p>\n\n\n\n<h2 class=\"wp-block-heading\">\u00bfSab\u00edas qu\u00e9? 3 datos que NO conoces de nuestro Centro de Formaci\u00f3n<\/h2>\n\n\n\n<ul class=\"wp-block-list\">\n<li>El 11 de abril de 1997, se crea el Centro de Formaci\u00f3n; un beneficio para todos los jovenes en busca de un mejor futuro profesional. <\/li>\n\n\n\n<li>Contamos con 38 docentes capacitados para los diferentes t\u00e9cnicos laborales, desde licenciados en \u00e1reas administrativas, profesionales en cocina, contabilidad, mercadeo, entre otros.<\/li>\n\n\n\n<li>1.585 estudiantes hasta la fecha de hoy, se han graduado en nuestro Centro de Formaci\u00f3n; una cifra que nos motiva a continuar trabajando por su educaci\u00f3n y calidad de vida.<\/li>\n<\/ul>\n\n\n\n<figure class=\"wp-block-gallery alignwide has-nested-images columns-default is-cropped wp-block-gallery-2 is-layout-flex wp-block-gallery-is-layout-flex\">\n<figure class=\"wp-block-image size-large\"><img decoding=\"async\" width=\"1024\" height=\"683\" data-id=\"3662\" data-src=\"https:\/\/tuguia.combarranquilla.co\/Revista\/wp-content\/uploads\/2024\/02\/DSC_0199-1-1024x683.jpg\" alt=\"\" class=\"wp-image-3662 lazyload\" data-srcset=\"https:\/\/tuguia.combarranquilla.co\/Revista\/wp-content\/uploads\/2024\/02\/DSC_0199-1-1024x683.jpg 1024w, https:\/\/tuguia.combarranquilla.co\/Revista\/wp-content\/uploads\/2024\/02\/DSC_0199-1-300x200.jpg 300w, https:\/\/tuguia.combarranquilla.co\/Revista\/wp-content\/uploads\/2024\/02\/DSC_0199-1-768x512.jpg 768w, https:\/\/tuguia.combarranquilla.co\/Revista\/wp-content\/uploads\/2024\/02\/DSC_0199-1-1536x1024.jpg 1536w, https:\/\/tuguia.combarranquilla.co\/Revista\/wp-content\/uploads\/2024\/02\/DSC_0199-1-2048x1365.jpg 2048w\" data-sizes=\"(max-width: 1024px) 100vw, 1024px\" src=\"data:image\/svg+xml;base64,PHN2ZyB3aWR0aD0iMSIgaGVpZ2h0PSIxIiB4bWxucz0iaHR0cDovL3d3dy53My5vcmcvMjAwMC9zdmciPjwvc3ZnPg==\" style=\"--smush-placeholder-width: 1024px; --smush-placeholder-aspect-ratio: 1024\/683;\" \/><\/figure>\n\n\n\n<figure class=\"wp-block-image size-large\"><img decoding=\"async\" width=\"1024\" height=\"683\" data-id=\"3663\" data-src=\"https:\/\/tuguia.combarranquilla.co\/Revista\/wp-content\/uploads\/2024\/02\/DSC_0191-1024x683.jpg\" alt=\"\" class=\"wp-image-3663 lazyload\" data-srcset=\"https:\/\/tuguia.combarranquilla.co\/Revista\/wp-content\/uploads\/2024\/02\/DSC_0191-1024x683.jpg 1024w, https:\/\/tuguia.combarranquilla.co\/Revista\/wp-content\/uploads\/2024\/02\/DSC_0191-300x200.jpg 300w, https:\/\/tuguia.combarranquilla.co\/Revista\/wp-content\/uploads\/2024\/02\/DSC_0191-768x512.jpg 768w, https:\/\/tuguia.combarranquilla.co\/Revista\/wp-content\/uploads\/2024\/02\/DSC_0191-1536x1024.jpg 1536w, https:\/\/tuguia.combarranquilla.co\/Revista\/wp-content\/uploads\/2024\/02\/DSC_0191-2048x1365.jpg 2048w\" data-sizes=\"(max-width: 1024px) 100vw, 1024px\" src=\"data:image\/svg+xml;base64,PHN2ZyB3aWR0aD0iMSIgaGVpZ2h0PSIxIiB4bWxucz0iaHR0cDovL3d3dy53My5vcmcvMjAwMC9zdmciPjwvc3ZnPg==\" style=\"--smush-placeholder-width: 1024px; --smush-placeholder-aspect-ratio: 1024\/683;\" \/><\/figure>\n<\/figure>\n\n\n\n<p><\/p>\n\n\n\n<h2 class=\"wp-block-heading\">\u00a1A\u00fan est\u00e1s a tiempo! Matriculas abiertas <\/h2>\n\n\n\n<p>Hasta el 29 de febrero puedes matricularte en nuestro Centro de Formaci\u00f3n. Para Combarranquilla, es importante fomentar la educaci\u00f3n de los hijos de nuestras familias afiliadas porque promueve la igualdad de oportunidades, proporciona conocimientos, habilidades y perspectivas que pueden contribuir al desarrollo personal y profesional de cada uno.<\/p>\n\n\n\n<p>Esperamos que aqu\u00ed puedan materializar sus sue\u00f1os y se conviertan en grandes agentes de cambio para la sociedad.<\/p>\n\n\n\n<h2 class=\"wp-block-heading\">\u00bfC\u00f3mo me matriculo? \u00a1Muy f\u00e1cil!<\/h2>\n\n\n\n<p>Ingresa a nuestra p\u00e1gina web: <a href=\"https:\/\/www.combarranquilla.co\/educacion\/#centro-de-formacion\">www.combarranquilla.co <\/a>y conoce los diferentes t\u00e9cnicos laborales que tenemos en nuestro Centro de Formaci\u00f3n. Una vez selecciones el de tu preferencia, contacta a nuestro asesor encargado (317) 371-6381 y realiza todo el proceso de inscripci\u00f3n en nuestras unidades de servicio.<\/p>\n\n\n\n<h2 class=\"wp-block-heading has-text-align-center\">\u00bfQu\u00e9 esperas? inicia el 2024 cumpliendo tus sue\u00f1os y metas profesionales.<\/h2>\n\n\n\n<figure class=\"wp-block-gallery has-nested-images columns-default is-cropped wp-block-gallery-3 is-layout-flex wp-block-gallery-is-layout-flex\">\n<figure class=\"wp-block-image size-large\"><img decoding=\"async\" width=\"1024\" height=\"683\" data-id=\"3652\" data-src=\"https:\/\/tuguia.combarranquilla.co\/Revista\/wp-content\/uploads\/2024\/02\/DSC_0200-1024x683.jpg\" alt=\"\" class=\"wp-image-3652 lazyload\" data-srcset=\"https:\/\/tuguia.combarranquilla.co\/Revista\/wp-content\/uploads\/2024\/02\/DSC_0200-1024x683.jpg 1024w, https:\/\/tuguia.combarranquilla.co\/Revista\/wp-content\/uploads\/2024\/02\/DSC_0200-300x200.jpg 300w, https:\/\/tuguia.combarranquilla.co\/Revista\/wp-content\/uploads\/2024\/02\/DSC_0200-768x512.jpg 768w, https:\/\/tuguia.combarranquilla.co\/Revista\/wp-content\/uploads\/2024\/02\/DSC_0200-1536x1024.jpg 1536w, https:\/\/tuguia.combarranquilla.co\/Revista\/wp-content\/uploads\/2024\/02\/DSC_0200-2048x1365.jpg 2048w\" data-sizes=\"(max-width: 1024px) 100vw, 1024px\" src=\"data:image\/svg+xml;base64,PHN2ZyB3aWR0aD0iMSIgaGVpZ2h0PSIxIiB4bWxucz0iaHR0cDovL3d3dy53My5vcmcvMjAwMC9zdmciPjwvc3ZnPg==\" style=\"--smush-placeholder-width: 1024px; --smush-placeholder-aspect-ratio: 1024\/683;\" \/><\/figure>\n<\/figure>\n","protected":false},"excerpt":{"rendered":"<p>Iniciamos una nueva etapa t\u00e9cnico laboral y Combarranquilla est\u00e1 lista para recibirlos como en casa. Con nuestro equipo de docentes lograremos que los estudiantes desarrollen habilidades y adquieran conocimientos enriquecedores para su futuro profesional. El lunes 29 de enero, se realiz\u00f3 la inducci\u00f3n a 230 estudiantes que actualmente ser\u00e1n parte de los Programas T\u00e9cnicos Laborales. [&hellip;]<\/p>\n","protected":false},"author":2,"featured_media":3650,"comment_status":"open","ping_status":"open","sticky":false,"template":"","format":"standard","meta":{"inline_featured_image":false,"footnotes":""},"categories":[8],"tags":[],"class_list":["post-3645","post","type-post","status-publish","format-standard","has-post-thumbnail","hentry","category-formacion"],"yoast_head":"<!-- This site is optimized with the Yoast SEO plugin v27.4 - https:\/\/yoast.com\/product\/yoast-seo-wordpress\/ -->\n<title>Inducci\u00f3n Programas T\u00e9cnicos Laborales 2024-01 - Tu Gu\u00eda<\/title>\n<meta name=\"robots\" content=\"index, follow, max-snippet:-1, max-image-preview:large, max-video-preview:-1\" \/>\n<link rel=\"canonical\" href=\"https:\/\/tuguia.combarranquilla.co\/Revista\/induccion-programas-tecnicos-laborales-2024-01\/\" \/>\n<meta property=\"og:locale\" content=\"es_ES\" \/>\n<meta property=\"og:type\" content=\"article\" \/>\n<meta property=\"og:title\" content=\"Inducci\u00f3n Programas T\u00e9cnicos Laborales 2024-01 - Tu Gu\u00eda\" \/>\n<meta property=\"og:description\" content=\"Iniciamos una nueva etapa t\u00e9cnico laboral y Combarranquilla est\u00e1 lista para recibirlos como en casa. Con nuestro equipo de docentes lograremos que los estudiantes desarrollen habilidades y adquieran conocimientos enriquecedores para su futuro profesional. El lunes 29 de enero, se realiz\u00f3 la inducci\u00f3n a 230 estudiantes que actualmente ser\u00e1n parte de los Programas T\u00e9cnicos Laborales. [&hellip;]\" \/>\n<meta property=\"og:url\" content=\"https:\/\/tuguia.combarranquilla.co\/Revista\/induccion-programas-tecnicos-laborales-2024-01\/\" \/>\n<meta property=\"og:site_name\" content=\"Tu Gu\u00eda\" \/>\n<meta property=\"article:published_time\" content=\"2024-02-01T21:23:50+00:00\" \/>\n<meta property=\"article:modified_time\" content=\"2024-02-08T19:05:08+00:00\" \/>\n<meta property=\"og:image\" content=\"https:\/\/tuguia.combarranquilla.co\/Revista\/wp-content\/uploads\/2024\/02\/DSC_0186-scaled.jpg\" \/>\n\t<meta property=\"og:image:width\" content=\"2560\" \/>\n\t<meta property=\"og:image:height\" content=\"1707\" \/>\n\t<meta property=\"og:image:type\" content=\"image\/jpeg\" \/>\n<meta name=\"author\" content=\"Comunicaciones Combarranquilla\" \/>\n<meta name=\"twitter:card\" content=\"summary_large_image\" \/>\n<meta name=\"twitter:label1\" content=\"Escrito por\" \/>\n\t<meta name=\"twitter:data1\" content=\"Comunicaciones Combarranquilla\" \/>\n\t<meta name=\"twitter:label2\" content=\"Tiempo de lectura\" \/>\n\t<meta name=\"twitter:data2\" content=\"2 minutos\" \/>\n<script type=\"application\/ld+json\" class=\"yoast-schema-graph\">{\"@context\":\"https:\\\/\\\/schema.org\",\"@graph\":[{\"@type\":\"Article\",\"@id\":\"https:\\\/\\\/tuguia.combarranquilla.co\\\/Revista\\\/induccion-programas-tecnicos-laborales-2024-01\\\/#article\",\"isPartOf\":{\"@id\":\"https:\\\/\\\/tuguia.combarranquilla.co\\\/Revista\\\/induccion-programas-tecnicos-laborales-2024-01\\\/\"},\"author\":{\"name\":\"Comunicaciones Combarranquilla\",\"@id\":\"https:\\\/\\\/tuguia.combarranquilla.co\\\/Revista\\\/#\\\/schema\\\/person\\\/c2c396a77170bd1d5f8ba73294eb0d10\"},\"headline\":\"Inducci\u00f3n Programas T\u00e9cnicos Laborales 2024-01\",\"datePublished\":\"2024-02-01T21:23:50+00:00\",\"dateModified\":\"2024-02-08T19:05:08+00:00\",\"mainEntityOfPage\":{\"@id\":\"https:\\\/\\\/tuguia.combarranquilla.co\\\/Revista\\\/induccion-programas-tecnicos-laborales-2024-01\\\/\"},\"wordCount\":367,\"commentCount\":0,\"publisher\":{\"@id\":\"https:\\\/\\\/tuguia.combarranquilla.co\\\/Revista\\\/#organization\"},\"image\":{\"@id\":\"https:\\\/\\\/tuguia.combarranquilla.co\\\/Revista\\\/induccion-programas-tecnicos-laborales-2024-01\\\/#primaryimage\"},\"thumbnailUrl\":\"https:\\\/\\\/tuguia.combarranquilla.co\\\/Revista\\\/wp-content\\\/uploads\\\/2024\\\/02\\\/DSC_0186-scaled.jpg\",\"articleSection\":[\"FORMACI\u00d3N\"],\"inLanguage\":\"es-CO\",\"potentialAction\":[{\"@type\":\"CommentAction\",\"name\":\"Comment\",\"target\":[\"https:\\\/\\\/tuguia.combarranquilla.co\\\/Revista\\\/induccion-programas-tecnicos-laborales-2024-01\\\/#respond\"]}]},{\"@type\":\"WebPage\",\"@id\":\"https:\\\/\\\/tuguia.combarranquilla.co\\\/Revista\\\/induccion-programas-tecnicos-laborales-2024-01\\\/\",\"url\":\"https:\\\/\\\/tuguia.combarranquilla.co\\\/Revista\\\/induccion-programas-tecnicos-laborales-2024-01\\\/\",\"name\":\"Inducci\u00f3n Programas T\u00e9cnicos Laborales 2024-01 - Tu Gu\u00eda\",\"isPartOf\":{\"@id\":\"https:\\\/\\\/tuguia.combarranquilla.co\\\/Revista\\\/#website\"},\"primaryImageOfPage\":{\"@id\":\"https:\\\/\\\/tuguia.combarranquilla.co\\\/Revista\\\/induccion-programas-tecnicos-laborales-2024-01\\\/#primaryimage\"},\"image\":{\"@id\":\"https:\\\/\\\/tuguia.combarranquilla.co\\\/Revista\\\/induccion-programas-tecnicos-laborales-2024-01\\\/#primaryimage\"},\"thumbnailUrl\":\"https:\\\/\\\/tuguia.combarranquilla.co\\\/Revista\\\/wp-content\\\/uploads\\\/2024\\\/02\\\/DSC_0186-scaled.jpg\",\"datePublished\":\"2024-02-01T21:23:50+00:00\",\"dateModified\":\"2024-02-08T19:05:08+00:00\",\"breadcrumb\":{\"@id\":\"https:\\\/\\\/tuguia.combarranquilla.co\\\/Revista\\\/induccion-programas-tecnicos-laborales-2024-01\\\/#breadcrumb\"},\"inLanguage\":\"es-CO\",\"potentialAction\":[{\"@type\":\"ReadAction\",\"target\":[\"https:\\\/\\\/tuguia.combarranquilla.co\\\/Revista\\\/induccion-programas-tecnicos-laborales-2024-01\\\/\"]}]},{\"@type\":\"ImageObject\",\"inLanguage\":\"es-CO\",\"@id\":\"https:\\\/\\\/tuguia.combarranquilla.co\\\/Revista\\\/induccion-programas-tecnicos-laborales-2024-01\\\/#primaryimage\",\"url\":\"https:\\\/\\\/tuguia.combarranquilla.co\\\/Revista\\\/wp-content\\\/uploads\\\/2024\\\/02\\\/DSC_0186-scaled.jpg\",\"contentUrl\":\"https:\\\/\\\/tuguia.combarranquilla.co\\\/Revista\\\/wp-content\\\/uploads\\\/2024\\\/02\\\/DSC_0186-scaled.jpg\",\"width\":2560,\"height\":1707},{\"@type\":\"BreadcrumbList\",\"@id\":\"https:\\\/\\\/tuguia.combarranquilla.co\\\/Revista\\\/induccion-programas-tecnicos-laborales-2024-01\\\/#breadcrumb\",\"itemListElement\":[{\"@type\":\"ListItem\",\"position\":1,\"name\":\"Inicio\",\"item\":\"https:\\\/\\\/tuguia.combarranquilla.co\\\/Revista\\\/\"},{\"@type\":\"ListItem\",\"position\":2,\"name\":\"Inducci\u00f3n Programas T\u00e9cnicos Laborales 2024-01\"}]},{\"@type\":\"WebSite\",\"@id\":\"https:\\\/\\\/tuguia.combarranquilla.co\\\/Revista\\\/#website\",\"url\":\"https:\\\/\\\/tuguia.combarranquilla.co\\\/Revista\\\/\",\"name\":\"Tu Gu\u00eda\",\"description\":\"La revista donde lo tienes todo.\",\"publisher\":{\"@id\":\"https:\\\/\\\/tuguia.combarranquilla.co\\\/Revista\\\/#organization\"},\"alternateName\":\"Tu Gu\u00eda Combarranquilla\",\"potentialAction\":[{\"@type\":\"SearchAction\",\"target\":{\"@type\":\"EntryPoint\",\"urlTemplate\":\"https:\\\/\\\/tuguia.combarranquilla.co\\\/Revista\\\/?s={search_term_string}\"},\"query-input\":{\"@type\":\"PropertyValueSpecification\",\"valueRequired\":true,\"valueName\":\"search_term_string\"}}],\"inLanguage\":\"es-CO\"},{\"@type\":\"Organization\",\"@id\":\"https:\\\/\\\/tuguia.combarranquilla.co\\\/Revista\\\/#organization\",\"name\":\"Tu Gu\u00eda Combarranquilla\",\"url\":\"https:\\\/\\\/tuguia.combarranquilla.co\\\/Revista\\\/\",\"logo\":{\"@type\":\"ImageObject\",\"inLanguage\":\"es-CO\",\"@id\":\"https:\\\/\\\/tuguia.combarranquilla.co\\\/Revista\\\/#\\\/schema\\\/logo\\\/image\\\/\",\"url\":\"https:\\\/\\\/tuguia.combarranquilla.co\\\/Revista\\\/wp-content\\\/uploads\\\/2022\\\/02\\\/logo-guia-combarranquilla.svg\",\"contentUrl\":\"https:\\\/\\\/tuguia.combarranquilla.co\\\/Revista\\\/wp-content\\\/uploads\\\/2022\\\/02\\\/logo-guia-combarranquilla.svg\",\"caption\":\"Tu Gu\u00eda Combarranquilla\"},\"image\":{\"@id\":\"https:\\\/\\\/tuguia.combarranquilla.co\\\/Revista\\\/#\\\/schema\\\/logo\\\/image\\\/\"}},{\"@type\":\"Person\",\"@id\":\"https:\\\/\\\/tuguia.combarranquilla.co\\\/Revista\\\/#\\\/schema\\\/person\\\/c2c396a77170bd1d5f8ba73294eb0d10\",\"name\":\"Comunicaciones Combarranquilla\",\"image\":{\"@type\":\"ImageObject\",\"inLanguage\":\"es-CO\",\"@id\":\"https:\\\/\\\/tuguia.combarranquilla.co\\\/Revista\\\/wp-content\\\/uploads\\\/2025\\\/05\\\/ABC-Al-Rojo-Logo-96x96.jpg\",\"url\":\"https:\\\/\\\/tuguia.combarranquilla.co\\\/Revista\\\/wp-content\\\/uploads\\\/2025\\\/05\\\/ABC-Al-Rojo-Logo-96x96.jpg\",\"contentUrl\":\"https:\\\/\\\/tuguia.combarranquilla.co\\\/Revista\\\/wp-content\\\/uploads\\\/2025\\\/05\\\/ABC-Al-Rojo-Logo-96x96.jpg\",\"caption\":\"Comunicaciones Combarranquilla\"},\"sameAs\":[\"https:\\\/\\\/www.combarranquilla.co\"],\"url\":\"https:\\\/\\\/tuguia.combarranquilla.co\\\/Revista\\\/author\\\/comunicaciones\\\/\"}]}<\/script>\n<!-- \/ Yoast SEO plugin. -->","yoast_head_json":{"title":"Inducci\u00f3n Programas T\u00e9cnicos Laborales 2024-01 - Tu Gu\u00eda","robots":{"index":"index","follow":"follow","max-snippet":"max-snippet:-1","max-image-preview":"max-image-preview:large","max-video-preview":"max-video-preview:-1"},"canonical":"https:\/\/tuguia.combarranquilla.co\/Revista\/induccion-programas-tecnicos-laborales-2024-01\/","og_locale":"es_ES","og_type":"article","og_title":"Inducci\u00f3n Programas T\u00e9cnicos Laborales 2024-01 - Tu Gu\u00eda","og_description":"Iniciamos una nueva etapa t\u00e9cnico laboral y Combarranquilla est\u00e1 lista para recibirlos como en casa. Con nuestro equipo de docentes lograremos que los estudiantes desarrollen habilidades y adquieran conocimientos enriquecedores para su futuro profesional. El lunes 29 de enero, se realiz\u00f3 la inducci\u00f3n a 230 estudiantes que actualmente ser\u00e1n parte de los Programas T\u00e9cnicos Laborales. [&hellip;]","og_url":"https:\/\/tuguia.combarranquilla.co\/Revista\/induccion-programas-tecnicos-laborales-2024-01\/","og_site_name":"Tu Gu\u00eda","article_published_time":"2024-02-01T21:23:50+00:00","article_modified_time":"2024-02-08T19:05:08+00:00","og_image":[{"width":2560,"height":1707,"url":"https:\/\/tuguia.combarranquilla.co\/Revista\/wp-content\/uploads\/2024\/02\/DSC_0186-scaled.jpg","type":"image\/jpeg"}],"author":"Comunicaciones Combarranquilla","twitter_card":"summary_large_image","twitter_misc":{"Escrito por":"Comunicaciones Combarranquilla","Tiempo de lectura":"2 minutos"},"schema":{"@context":"https:\/\/schema.org","@graph":[{"@type":"Article","@id":"https:\/\/tuguia.combarranquilla.co\/Revista\/induccion-programas-tecnicos-laborales-2024-01\/#article","isPartOf":{"@id":"https:\/\/tuguia.combarranquilla.co\/Revista\/induccion-programas-tecnicos-laborales-2024-01\/"},"author":{"name":"Comunicaciones Combarranquilla","@id":"https:\/\/tuguia.combarranquilla.co\/Revista\/#\/schema\/person\/c2c396a77170bd1d5f8ba73294eb0d10"},"headline":"Inducci\u00f3n Programas T\u00e9cnicos Laborales 2024-01","datePublished":"2024-02-01T21:23:50+00:00","dateModified":"2024-02-08T19:05:08+00:00","mainEntityOfPage":{"@id":"https:\/\/tuguia.combarranquilla.co\/Revista\/induccion-programas-tecnicos-laborales-2024-01\/"},"wordCount":367,"commentCount":0,"publisher":{"@id":"https:\/\/tuguia.combarranquilla.co\/Revista\/#organization"},"image":{"@id":"https:\/\/tuguia.combarranquilla.co\/Revista\/induccion-programas-tecnicos-laborales-2024-01\/#primaryimage"},"thumbnailUrl":"https:\/\/tuguia.combarranquilla.co\/Revista\/wp-content\/uploads\/2024\/02\/DSC_0186-scaled.jpg","articleSection":["FORMACI\u00d3N"],"inLanguage":"es-CO","potentialAction":[{"@type":"CommentAction","name":"Comment","target":["https:\/\/tuguia.combarranquilla.co\/Revista\/induccion-programas-tecnicos-laborales-2024-01\/#respond"]}]},{"@type":"WebPage","@id":"https:\/\/tuguia.combarranquilla.co\/Revista\/induccion-programas-tecnicos-laborales-2024-01\/","url":"https:\/\/tuguia.combarranquilla.co\/Revista\/induccion-programas-tecnicos-laborales-2024-01\/","name":"Inducci\u00f3n Programas T\u00e9cnicos Laborales 2024-01 - Tu Gu\u00eda","isPartOf":{"@id":"https:\/\/tuguia.combarranquilla.co\/Revista\/#website"},"primaryImageOfPage":{"@id":"https:\/\/tuguia.combarranquilla.co\/Revista\/induccion-programas-tecnicos-laborales-2024-01\/#primaryimage"},"image":{"@id":"https:\/\/tuguia.combarranquilla.co\/Revista\/induccion-programas-tecnicos-laborales-2024-01\/#primaryimage"},"thumbnailUrl":"https:\/\/tuguia.combarranquilla.co\/Revista\/wp-content\/uploads\/2024\/02\/DSC_0186-scaled.jpg","datePublished":"2024-02-01T21:23:50+00:00","dateModified":"2024-02-08T19:05:08+00:00","breadcrumb":{"@id":"https:\/\/tuguia.combarranquilla.co\/Revista\/induccion-programas-tecnicos-laborales-2024-01\/#breadcrumb"},"inLanguage":"es-CO","potentialAction":[{"@type":"ReadAction","target":["https:\/\/tuguia.combarranquilla.co\/Revista\/induccion-programas-tecnicos-laborales-2024-01\/"]}]},{"@type":"ImageObject","inLanguage":"es-CO","@id":"https:\/\/tuguia.combarranquilla.co\/Revista\/induccion-programas-tecnicos-laborales-2024-01\/#primaryimage","url":"https:\/\/tuguia.combarranquilla.co\/Revista\/wp-content\/uploads\/2024\/02\/DSC_0186-scaled.jpg","contentUrl":"https:\/\/tuguia.combarranquilla.co\/Revista\/wp-content\/uploads\/2024\/02\/DSC_0186-scaled.jpg","width":2560,"height":1707},{"@type":"BreadcrumbList","@id":"https:\/\/tuguia.combarranquilla.co\/Revista\/induccion-programas-tecnicos-laborales-2024-01\/#breadcrumb","itemListElement":[{"@type":"ListItem","position":1,"name":"Inicio","item":"https:\/\/tuguia.combarranquilla.co\/Revista\/"},{"@type":"ListItem","position":2,"name":"Inducci\u00f3n Programas T\u00e9cnicos Laborales 2024-01"}]},{"@type":"WebSite","@id":"https:\/\/tuguia.combarranquilla.co\/Revista\/#website","url":"https:\/\/tuguia.combarranquilla.co\/Revista\/","name":"Tu Gu\u00eda","description":"La revista donde lo tienes todo.","publisher":{"@id":"https:\/\/tuguia.combarranquilla.co\/Revista\/#organization"},"alternateName":"Tu Gu\u00eda Combarranquilla","potentialAction":[{"@type":"SearchAction","target":{"@type":"EntryPoint","urlTemplate":"https:\/\/tuguia.combarranquilla.co\/Revista\/?s={search_term_string}"},"query-input":{"@type":"PropertyValueSpecification","valueRequired":true,"valueName":"search_term_string"}}],"inLanguage":"es-CO"},{"@type":"Organization","@id":"https:\/\/tuguia.combarranquilla.co\/Revista\/#organization","name":"Tu Gu\u00eda Combarranquilla","url":"https:\/\/tuguia.combarranquilla.co\/Revista\/","logo":{"@type":"ImageObject","inLanguage":"es-CO","@id":"https:\/\/tuguia.combarranquilla.co\/Revista\/#\/schema\/logo\/image\/","url":"https:\/\/tuguia.combarranquilla.co\/Revista\/wp-content\/uploads\/2022\/02\/logo-guia-combarranquilla.svg","contentUrl":"https:\/\/tuguia.combarranquilla.co\/Revista\/wp-content\/uploads\/2022\/02\/logo-guia-combarranquilla.svg","caption":"Tu Gu\u00eda Combarranquilla"},"image":{"@id":"https:\/\/tuguia.combarranquilla.co\/Revista\/#\/schema\/logo\/image\/"}},{"@type":"Person","@id":"https:\/\/tuguia.combarranquilla.co\/Revista\/#\/schema\/person\/c2c396a77170bd1d5f8ba73294eb0d10","name":"Comunicaciones Combarranquilla","image":{"@type":"ImageObject","inLanguage":"es-CO","@id":"https:\/\/tuguia.combarranquilla.co\/Revista\/wp-content\/uploads\/2025\/05\/ABC-Al-Rojo-Logo-96x96.jpg","url":"https:\/\/tuguia.combarranquilla.co\/Revista\/wp-content\/uploads\/2025\/05\/ABC-Al-Rojo-Logo-96x96.jpg","contentUrl":"https:\/\/tuguia.combarranquilla.co\/Revista\/wp-content\/uploads\/2025\/05\/ABC-Al-Rojo-Logo-96x96.jpg","caption":"Comunicaciones Combarranquilla"},"sameAs":["https:\/\/www.combarranquilla.co"],"url":"https:\/\/tuguia.combarranquilla.co\/Revista\/author\/comunicaciones\/"}]}},"_links":{"self":[{"href":"https:\/\/tuguia.combarranquilla.co\/Revista\/wp-json\/wp\/v2\/posts\/3645","targetHints":{"allow":["GET"]}}],"collection":[{"href":"https:\/\/tuguia.combarranquilla.co\/Revista\/wp-json\/wp\/v2\/posts"}],"about":[{"href":"https:\/\/tuguia.combarranquilla.co\/Revista\/wp-json\/wp\/v2\/types\/post"}],"author":[{"embeddable":true,"href":"https:\/\/tuguia.combarranquilla.co\/Revista\/wp-json\/wp\/v2\/users\/2"}],"replies":[{"embeddable":true,"href":"https:\/\/tuguia.combarranquilla.co\/Revista\/wp-json\/wp\/v2\/comments?post=3645"}],"version-history":[{"count":42,"href":"https:\/\/tuguia.combarranquilla.co\/Revista\/wp-json\/wp\/v2\/posts\/3645\/revisions"}],"predecessor-version":[{"id":3709,"href":"https:\/\/tuguia.combarranquilla.co\/Revista\/wp-json\/wp\/v2\/posts\/3645\/revisions\/3709"}],"wp:featuredmedia":[{"embeddable":true,"href":"https:\/\/tuguia.combarranquilla.co\/Revista\/wp-json\/wp\/v2\/media\/3650"}],"wp:attachment":[{"href":"https:\/\/tuguia.combarranquilla.co\/Revista\/wp-json\/wp\/v2\/media?parent=3645"}],"wp:term":[{"taxonomy":"category","embeddable":true,"href":"https:\/\/tuguia.combarranquilla.co\/Revista\/wp-json\/wp\/v2\/categories?post=3645"},{"taxonomy":"post_tag","embeddable":true,"href":"https:\/\/tuguia.combarranquilla.co\/Revista\/wp-json\/wp\/v2\/tags?post=3645"}],"curies":[{"name":"wp","href":"https:\/\/api.w.org\/{rel}","templated":true}]}}