{"id":3744,"date":"2024-02-23T09:32:33","date_gmt":"2024-02-23T14:32:33","guid":{"rendered":"https:\/\/tuguia.combarranquilla.co\/Revista\/?p=3744"},"modified":"2024-02-26T10:24:20","modified_gmt":"2024-02-26T15:24:20","slug":"planetario-combarranquilla-ganador-de-la-convocatoria-entrecruxes","status":"publish","type":"post","link":"https:\/\/tuguia.combarranquilla.co\/Revista\/planetario-combarranquilla-ganador-de-la-convocatoria-entrecruxes\/","title":{"rendered":"Planetario Combarranquilla ganador de la Convocatoria Entrecruxes"},"content":{"rendered":"\n<p>El jueves 22 de febrero, Combarranquilla obtuvo la premiaci\u00f3n en la Convocatoria Entrecruxes; un proyecto de fortalecimiento de los Centros de Ciencia del Caribe Colombiano.<\/p>\n\n\n\n<h2 class=\"wp-block-heading\">MIMAS, una propuesta de Planetario m\u00f3vil para compartir ciencia por todos los municipios del departamento<\/h2>\n\n\n\n<p>MIMAS, cuyo significado es luna de saturno fue la propuesta que permiti\u00f3 a Combarranquilla ser uno de los 6 ganadores en la Regi\u00f3n Caribe. Un proyecto llamativo sobre una muestra interactiva m\u00f3vil de astronom\u00eda, cuyo prop\u00f3sito es llevar m\u00e1s ciencia y apropiaci\u00f3n social sobre estas tem\u00e1ticas a distintos lugares del departamento del Atl\u00e1ntico.<\/p>\n\n\n\n<p>&#8220;<em>Estamos orgullosos de este gran logro. Estamos seguros de que nuestro Planetario continuar\u00e1 fortaleciendo los centros de ciencias del Caribe colombiano<\/em>&#8220;, afirm\u00f3 Ernesto Herrera, director de la Caja; destacando que seguir\u00e1n promoviendo el amor por las ciencias, educando a las personas sobre astronom\u00eda y muchos m\u00e1s temas interesantes sobre el planeta tierra.<\/p>\n\n\n\n<figure class=\"wp-block-gallery alignwide has-nested-images columns-default is-cropped wp-block-gallery-1 is-layout-flex wp-block-gallery-is-layout-flex\">\n<figure class=\"wp-block-image size-large\"><img decoding=\"async\" width=\"1024\" height=\"768\" data-id=\"3751\" data-src=\"https:\/\/tuguia.combarranquilla.co\/Revista\/wp-content\/uploads\/2024\/02\/GG-MxYyXwAAonoy-1024x768.jpg\" alt=\"\" class=\"wp-image-3751 lazyload\" data-srcset=\"https:\/\/tuguia.combarranquilla.co\/Revista\/wp-content\/uploads\/2024\/02\/GG-MxYyXwAAonoy-1024x768.jpg 1024w, https:\/\/tuguia.combarranquilla.co\/Revista\/wp-content\/uploads\/2024\/02\/GG-MxYyXwAAonoy-300x225.jpg 300w, https:\/\/tuguia.combarranquilla.co\/Revista\/wp-content\/uploads\/2024\/02\/GG-MxYyXwAAonoy-768x576.jpg 768w, https:\/\/tuguia.combarranquilla.co\/Revista\/wp-content\/uploads\/2024\/02\/GG-MxYyXwAAonoy-1536x1152.jpg 1536w, https:\/\/tuguia.combarranquilla.co\/Revista\/wp-content\/uploads\/2024\/02\/GG-MxYyXwAAonoy.jpg 2048w\" data-sizes=\"(max-width: 1024px) 100vw, 1024px\" src=\"data:image\/svg+xml;base64,PHN2ZyB3aWR0aD0iMSIgaGVpZ2h0PSIxIiB4bWxucz0iaHR0cDovL3d3dy53My5vcmcvMjAwMC9zdmciPjwvc3ZnPg==\" style=\"--smush-placeholder-width: 1024px; --smush-placeholder-aspect-ratio: 1024\/768;\" \/><\/figure>\n\n\n\n<figure class=\"wp-block-image size-large\"><img decoding=\"async\" width=\"1024\" height=\"768\" data-id=\"3752\" data-src=\"https:\/\/tuguia.combarranquilla.co\/Revista\/wp-content\/uploads\/2024\/02\/GG-IitjW4AAPAav-1024x768.jpg\" alt=\"\" class=\"wp-image-3752 lazyload\" data-srcset=\"https:\/\/tuguia.combarranquilla.co\/Revista\/wp-content\/uploads\/2024\/02\/GG-IitjW4AAPAav-1024x768.jpg 1024w, https:\/\/tuguia.combarranquilla.co\/Revista\/wp-content\/uploads\/2024\/02\/GG-IitjW4AAPAav-300x225.jpg 300w, https:\/\/tuguia.combarranquilla.co\/Revista\/wp-content\/uploads\/2024\/02\/GG-IitjW4AAPAav-768x576.jpg 768w, https:\/\/tuguia.combarranquilla.co\/Revista\/wp-content\/uploads\/2024\/02\/GG-IitjW4AAPAav-1536x1152.jpg 1536w, https:\/\/tuguia.combarranquilla.co\/Revista\/wp-content\/uploads\/2024\/02\/GG-IitjW4AAPAav.jpg 2048w\" data-sizes=\"(max-width: 1024px) 100vw, 1024px\" src=\"data:image\/svg+xml;base64,PHN2ZyB3aWR0aD0iMSIgaGVpZ2h0PSIxIiB4bWxucz0iaHR0cDovL3d3dy53My5vcmcvMjAwMC9zdmciPjwvc3ZnPg==\" style=\"--smush-placeholder-width: 1024px; --smush-placeholder-aspect-ratio: 1024\/768;\" \/><\/figure>\n<\/figure>\n\n\n\n<p><\/p>\n\n\n\n<h2 class=\"wp-block-heading\">Ruta Entrecruxes<\/h2>\n\n\n\n<p><strong>\u00bfQu\u00e9 es? <\/strong><\/p>\n\n\n\n<p>Una iniciativa liderada por el Ministerio de Ciencias, la Universidad Sim\u00f3n Bol\u00edvar y el Zool\u00f3gico de Barranquilla que busca beneficiar espacios museales del Caribe colombiano que cuentan con una oportunidad \u00f3ptima para fortalecer sus capacidades de apropiaci\u00f3n social del conocimiento.<\/p>\n\n\n\n<p><strong>\u00bfQui\u00e9nes fueron los ganadores? <\/strong><\/p>\n\n\n\n<p><strong>Atl\u00e1ntico<\/strong><\/p>\n\n\n\n<ul class=\"wp-block-list\">\n<li>Planetario Combarranquilla.<\/li>\n\n\n\n<li>Museo de Antropolog\u00eda de la Universidad del Atl\u00e1ntico.<\/li>\n<\/ul>\n\n\n\n<p><strong>Bol\u00edvar<\/strong><\/p>\n\n\n\n<ul class=\"wp-block-list\">\n<li>Museo Comunitario de San Jacinto.<\/li>\n\n\n\n<li>Museo Yurbaco.<\/li>\n<\/ul>\n\n\n\n<p><strong>Magdalena<\/strong><\/p>\n\n\n\n<ul class=\"wp-block-list\">\n<li>Museo Bolivariano Quinta de San Pedro Alejandrino.<\/li>\n\n\n\n<li>Mundo Marino.<\/li>\n<\/ul>\n\n\n\n<p><\/p>\n\n\n\n<figure class=\"wp-block-gallery alignwide has-nested-images columns-default is-cropped wp-block-gallery-2 is-layout-flex wp-block-gallery-is-layout-flex\">\n<figure class=\"wp-block-image size-large\"><img decoding=\"async\" width=\"1024\" height=\"768\" data-id=\"3755\" data-src=\"https:\/\/tuguia.combarranquilla.co\/Revista\/wp-content\/uploads\/2024\/02\/GG-MxYuXQAA4OFe-1024x768.jpg\" alt=\"\" class=\"wp-image-3755 lazyload\" data-srcset=\"https:\/\/tuguia.combarranquilla.co\/Revista\/wp-content\/uploads\/2024\/02\/GG-MxYuXQAA4OFe-1024x768.jpg 1024w, https:\/\/tuguia.combarranquilla.co\/Revista\/wp-content\/uploads\/2024\/02\/GG-MxYuXQAA4OFe-300x225.jpg 300w, https:\/\/tuguia.combarranquilla.co\/Revista\/wp-content\/uploads\/2024\/02\/GG-MxYuXQAA4OFe-768x576.jpg 768w, https:\/\/tuguia.combarranquilla.co\/Revista\/wp-content\/uploads\/2024\/02\/GG-MxYuXQAA4OFe-1536x1152.jpg 1536w, https:\/\/tuguia.combarranquilla.co\/Revista\/wp-content\/uploads\/2024\/02\/GG-MxYuXQAA4OFe.jpg 2048w\" data-sizes=\"(max-width: 1024px) 100vw, 1024px\" src=\"data:image\/svg+xml;base64,PHN2ZyB3aWR0aD0iMSIgaGVpZ2h0PSIxIiB4bWxucz0iaHR0cDovL3d3dy53My5vcmcvMjAwMC9zdmciPjwvc3ZnPg==\" style=\"--smush-placeholder-width: 1024px; --smush-placeholder-aspect-ratio: 1024\/768;\" \/><\/figure>\n\n\n\n<figure class=\"wp-block-image size-large\"><img decoding=\"async\" width=\"1024\" height=\"809\" data-id=\"3754\" data-src=\"https:\/\/tuguia.combarranquilla.co\/Revista\/wp-content\/uploads\/2024\/02\/GG-TrHIXwAAbsIo-1024x809.jpg\" alt=\"\" class=\"wp-image-3754 lazyload\" data-srcset=\"https:\/\/tuguia.combarranquilla.co\/Revista\/wp-content\/uploads\/2024\/02\/GG-TrHIXwAAbsIo-1024x809.jpg 1024w, https:\/\/tuguia.combarranquilla.co\/Revista\/wp-content\/uploads\/2024\/02\/GG-TrHIXwAAbsIo-300x237.jpg 300w, https:\/\/tuguia.combarranquilla.co\/Revista\/wp-content\/uploads\/2024\/02\/GG-TrHIXwAAbsIo-768x606.jpg 768w, https:\/\/tuguia.combarranquilla.co\/Revista\/wp-content\/uploads\/2024\/02\/GG-TrHIXwAAbsIo-1536x1213.jpg 1536w, https:\/\/tuguia.combarranquilla.co\/Revista\/wp-content\/uploads\/2024\/02\/GG-TrHIXwAAbsIo.jpg 2048w\" data-sizes=\"(max-width: 1024px) 100vw, 1024px\" src=\"data:image\/svg+xml;base64,PHN2ZyB3aWR0aD0iMSIgaGVpZ2h0PSIxIiB4bWxucz0iaHR0cDovL3d3dy53My5vcmcvMjAwMC9zdmciPjwvc3ZnPg==\" style=\"--smush-placeholder-width: 1024px; --smush-placeholder-aspect-ratio: 1024\/809;\" \/><\/figure>\n<\/figure>\n\n\n\n<p><\/p>\n\n\n\n<h2 class=\"wp-block-heading\">\u00a1Orgullo Combarranquilla!<\/h2>\n\n\n\n<p>Estamos felices porque desde el Planetario, podremos llevar m\u00f3dulos de astronom\u00eda por todos los municipios del departamento, regalando experiencias excepcionales y transformando vidas.<\/p>\n\n\n\n<p class=\"has-text-align-center\">\u00a1Estamos emocionados por nuestro proyecto MIMAS, el cual pronto se har\u00e1 realidad!<\/p>\n\n\n<div class=\"wp-block-image\">\n<figure class=\"aligncenter size-large is-resized\"><img decoding=\"async\" width=\"1024\" height=\"768\" data-src=\"https:\/\/tuguia.combarranquilla.co\/Revista\/wp-content\/uploads\/2024\/02\/GG-dk6lWQAAI-S5-1024x768.jpg\" alt=\"\" class=\"wp-image-3763 lazyload\" style=\"--smush-placeholder-width: 1024px; --smush-placeholder-aspect-ratio: 1024\/768;width:691px;height:auto\" data-srcset=\"https:\/\/tuguia.combarranquilla.co\/Revista\/wp-content\/uploads\/2024\/02\/GG-dk6lWQAAI-S5-1024x768.jpg 1024w, https:\/\/tuguia.combarranquilla.co\/Revista\/wp-content\/uploads\/2024\/02\/GG-dk6lWQAAI-S5-300x225.jpg 300w, https:\/\/tuguia.combarranquilla.co\/Revista\/wp-content\/uploads\/2024\/02\/GG-dk6lWQAAI-S5-768x576.jpg 768w, https:\/\/tuguia.combarranquilla.co\/Revista\/wp-content\/uploads\/2024\/02\/GG-dk6lWQAAI-S5-1536x1152.jpg 1536w, https:\/\/tuguia.combarranquilla.co\/Revista\/wp-content\/uploads\/2024\/02\/GG-dk6lWQAAI-S5.jpg 2048w\" data-sizes=\"(max-width: 1024px) 100vw, 1024px\" src=\"data:image\/svg+xml;base64,PHN2ZyB3aWR0aD0iMSIgaGVpZ2h0PSIxIiB4bWxucz0iaHR0cDovL3d3dy53My5vcmcvMjAwMC9zdmciPjwvc3ZnPg==\" \/><\/figure><\/div>\n\n\n<p class=\"has-text-align-center\">200 millones de pesos recibieron los ganadores, con lo cual se busca materializar los proyectos de cada Museo para ser reconocidos a futuro como los mejores Centros de Ciencia del Caribe Colombiano. <\/p>\n","protected":false},"excerpt":{"rendered":"<p>El jueves 22 de febrero, Combarranquilla obtuvo la premiaci\u00f3n en la Convocatoria Entrecruxes; un proyecto de fortalecimiento de los Centros de Ciencia del Caribe Colombiano. MIMAS, una propuesta de Planetario m\u00f3vil para compartir ciencia por todos los municipios del departamento MIMAS, cuyo significado es luna de saturno fue la propuesta que permiti\u00f3 a Combarranquilla ser [&hellip;]<\/p>\n","protected":false},"author":2,"featured_media":3746,"comment_status":"open","ping_status":"open","sticky":false,"template":"","format":"standard","meta":{"inline_featured_image":false,"footnotes":""},"categories":[4],"tags":[],"class_list":["post-3744","post","type-post","status-publish","format-standard","has-post-thumbnail","hentry","category-ciencia-y-cultura"],"yoast_head":"<!-- This site is optimized with the Yoast SEO plugin v27.4 - https:\/\/yoast.com\/product\/yoast-seo-wordpress\/ -->\n<title>Planetario Combarranquilla ganador de la Convocatoria Entrecruxes - Tu Gu\u00eda<\/title>\n<meta name=\"robots\" content=\"index, follow, max-snippet:-1, max-image-preview:large, max-video-preview:-1\" \/>\n<link rel=\"canonical\" href=\"https:\/\/tuguia.combarranquilla.co\/Revista\/planetario-combarranquilla-ganador-de-la-convocatoria-entrecruxes\/\" \/>\n<meta property=\"og:locale\" content=\"es_ES\" \/>\n<meta property=\"og:type\" content=\"article\" \/>\n<meta property=\"og:title\" content=\"Planetario Combarranquilla ganador de la Convocatoria Entrecruxes - Tu Gu\u00eda\" \/>\n<meta property=\"og:description\" content=\"El jueves 22 de febrero, Combarranquilla obtuvo la premiaci\u00f3n en la Convocatoria Entrecruxes; un proyecto de fortalecimiento de los Centros de Ciencia del Caribe Colombiano. MIMAS, una propuesta de Planetario m\u00f3vil para compartir ciencia por todos los municipios del departamento MIMAS, cuyo significado es luna de saturno fue la propuesta que permiti\u00f3 a Combarranquilla ser [&hellip;]\" \/>\n<meta property=\"og:url\" content=\"https:\/\/tuguia.combarranquilla.co\/Revista\/planetario-combarranquilla-ganador-de-la-convocatoria-entrecruxes\/\" \/>\n<meta property=\"og:site_name\" content=\"Tu Gu\u00eda\" \/>\n<meta property=\"article:published_time\" content=\"2024-02-23T14:32:33+00:00\" \/>\n<meta property=\"article:modified_time\" content=\"2024-02-26T15:24:20+00:00\" \/>\n<meta property=\"og:image\" content=\"https:\/\/tuguia.combarranquilla.co\/Revista\/wp-content\/uploads\/2024\/02\/GG-dk6oWUAA-9T1.jpg\" \/>\n\t<meta property=\"og:image:width\" content=\"2048\" \/>\n\t<meta property=\"og:image:height\" content=\"1536\" \/>\n\t<meta property=\"og:image:type\" content=\"image\/jpeg\" \/>\n<meta name=\"author\" content=\"Comunicaciones Combarranquilla\" \/>\n<meta name=\"twitter:card\" content=\"summary_large_image\" \/>\n<meta name=\"twitter:label1\" content=\"Escrito por\" \/>\n\t<meta name=\"twitter:data1\" content=\"Comunicaciones Combarranquilla\" \/>\n\t<meta name=\"twitter:label2\" content=\"Tiempo de lectura\" \/>\n\t<meta name=\"twitter:data2\" content=\"2 minutos\" \/>\n<script type=\"application\/ld+json\" class=\"yoast-schema-graph\">{\"@context\":\"https:\\\/\\\/schema.org\",\"@graph\":[{\"@type\":\"Article\",\"@id\":\"https:\\\/\\\/tuguia.combarranquilla.co\\\/Revista\\\/planetario-combarranquilla-ganador-de-la-convocatoria-entrecruxes\\\/#article\",\"isPartOf\":{\"@id\":\"https:\\\/\\\/tuguia.combarranquilla.co\\\/Revista\\\/planetario-combarranquilla-ganador-de-la-convocatoria-entrecruxes\\\/\"},\"author\":{\"name\":\"Comunicaciones Combarranquilla\",\"@id\":\"https:\\\/\\\/tuguia.combarranquilla.co\\\/Revista\\\/#\\\/schema\\\/person\\\/c2c396a77170bd1d5f8ba73294eb0d10\"},\"headline\":\"Planetario Combarranquilla ganador de la Convocatoria Entrecruxes\",\"datePublished\":\"2024-02-23T14:32:33+00:00\",\"dateModified\":\"2024-02-26T15:24:20+00:00\",\"mainEntityOfPage\":{\"@id\":\"https:\\\/\\\/tuguia.combarranquilla.co\\\/Revista\\\/planetario-combarranquilla-ganador-de-la-convocatoria-entrecruxes\\\/\"},\"wordCount\":319,\"commentCount\":0,\"publisher\":{\"@id\":\"https:\\\/\\\/tuguia.combarranquilla.co\\\/Revista\\\/#organization\"},\"image\":{\"@id\":\"https:\\\/\\\/tuguia.combarranquilla.co\\\/Revista\\\/planetario-combarranquilla-ganador-de-la-convocatoria-entrecruxes\\\/#primaryimage\"},\"thumbnailUrl\":\"https:\\\/\\\/tuguia.combarranquilla.co\\\/Revista\\\/wp-content\\\/uploads\\\/2024\\\/02\\\/GG-dk6oWUAA-9T1.jpg\",\"articleSection\":[\"CIENCIA Y CULTURA\"],\"inLanguage\":\"es-CO\",\"potentialAction\":[{\"@type\":\"CommentAction\",\"name\":\"Comment\",\"target\":[\"https:\\\/\\\/tuguia.combarranquilla.co\\\/Revista\\\/planetario-combarranquilla-ganador-de-la-convocatoria-entrecruxes\\\/#respond\"]}]},{\"@type\":\"WebPage\",\"@id\":\"https:\\\/\\\/tuguia.combarranquilla.co\\\/Revista\\\/planetario-combarranquilla-ganador-de-la-convocatoria-entrecruxes\\\/\",\"url\":\"https:\\\/\\\/tuguia.combarranquilla.co\\\/Revista\\\/planetario-combarranquilla-ganador-de-la-convocatoria-entrecruxes\\\/\",\"name\":\"Planetario Combarranquilla ganador de la Convocatoria Entrecruxes - Tu Gu\u00eda\",\"isPartOf\":{\"@id\":\"https:\\\/\\\/tuguia.combarranquilla.co\\\/Revista\\\/#website\"},\"primaryImageOfPage\":{\"@id\":\"https:\\\/\\\/tuguia.combarranquilla.co\\\/Revista\\\/planetario-combarranquilla-ganador-de-la-convocatoria-entrecruxes\\\/#primaryimage\"},\"image\":{\"@id\":\"https:\\\/\\\/tuguia.combarranquilla.co\\\/Revista\\\/planetario-combarranquilla-ganador-de-la-convocatoria-entrecruxes\\\/#primaryimage\"},\"thumbnailUrl\":\"https:\\\/\\\/tuguia.combarranquilla.co\\\/Revista\\\/wp-content\\\/uploads\\\/2024\\\/02\\\/GG-dk6oWUAA-9T1.jpg\",\"datePublished\":\"2024-02-23T14:32:33+00:00\",\"dateModified\":\"2024-02-26T15:24:20+00:00\",\"breadcrumb\":{\"@id\":\"https:\\\/\\\/tuguia.combarranquilla.co\\\/Revista\\\/planetario-combarranquilla-ganador-de-la-convocatoria-entrecruxes\\\/#breadcrumb\"},\"inLanguage\":\"es-CO\",\"potentialAction\":[{\"@type\":\"ReadAction\",\"target\":[\"https:\\\/\\\/tuguia.combarranquilla.co\\\/Revista\\\/planetario-combarranquilla-ganador-de-la-convocatoria-entrecruxes\\\/\"]}]},{\"@type\":\"ImageObject\",\"inLanguage\":\"es-CO\",\"@id\":\"https:\\\/\\\/tuguia.combarranquilla.co\\\/Revista\\\/planetario-combarranquilla-ganador-de-la-convocatoria-entrecruxes\\\/#primaryimage\",\"url\":\"https:\\\/\\\/tuguia.combarranquilla.co\\\/Revista\\\/wp-content\\\/uploads\\\/2024\\\/02\\\/GG-dk6oWUAA-9T1.jpg\",\"contentUrl\":\"https:\\\/\\\/tuguia.combarranquilla.co\\\/Revista\\\/wp-content\\\/uploads\\\/2024\\\/02\\\/GG-dk6oWUAA-9T1.jpg\",\"width\":2048,\"height\":1536},{\"@type\":\"BreadcrumbList\",\"@id\":\"https:\\\/\\\/tuguia.combarranquilla.co\\\/Revista\\\/planetario-combarranquilla-ganador-de-la-convocatoria-entrecruxes\\\/#breadcrumb\",\"itemListElement\":[{\"@type\":\"ListItem\",\"position\":1,\"name\":\"Inicio\",\"item\":\"https:\\\/\\\/tuguia.combarranquilla.co\\\/Revista\\\/\"},{\"@type\":\"ListItem\",\"position\":2,\"name\":\"Planetario Combarranquilla ganador de la Convocatoria Entrecruxes\"}]},{\"@type\":\"WebSite\",\"@id\":\"https:\\\/\\\/tuguia.combarranquilla.co\\\/Revista\\\/#website\",\"url\":\"https:\\\/\\\/tuguia.combarranquilla.co\\\/Revista\\\/\",\"name\":\"Tu Gu\u00eda\",\"description\":\"La revista donde lo tienes todo.\",\"publisher\":{\"@id\":\"https:\\\/\\\/tuguia.combarranquilla.co\\\/Revista\\\/#organization\"},\"alternateName\":\"Tu Gu\u00eda Combarranquilla\",\"potentialAction\":[{\"@type\":\"SearchAction\",\"target\":{\"@type\":\"EntryPoint\",\"urlTemplate\":\"https:\\\/\\\/tuguia.combarranquilla.co\\\/Revista\\\/?s={search_term_string}\"},\"query-input\":{\"@type\":\"PropertyValueSpecification\",\"valueRequired\":true,\"valueName\":\"search_term_string\"}}],\"inLanguage\":\"es-CO\"},{\"@type\":\"Organization\",\"@id\":\"https:\\\/\\\/tuguia.combarranquilla.co\\\/Revista\\\/#organization\",\"name\":\"Tu Gu\u00eda Combarranquilla\",\"url\":\"https:\\\/\\\/tuguia.combarranquilla.co\\\/Revista\\\/\",\"logo\":{\"@type\":\"ImageObject\",\"inLanguage\":\"es-CO\",\"@id\":\"https:\\\/\\\/tuguia.combarranquilla.co\\\/Revista\\\/#\\\/schema\\\/logo\\\/image\\\/\",\"url\":\"https:\\\/\\\/tuguia.combarranquilla.co\\\/Revista\\\/wp-content\\\/uploads\\\/2022\\\/02\\\/logo-guia-combarranquilla.svg\",\"contentUrl\":\"https:\\\/\\\/tuguia.combarranquilla.co\\\/Revista\\\/wp-content\\\/uploads\\\/2022\\\/02\\\/logo-guia-combarranquilla.svg\",\"caption\":\"Tu Gu\u00eda Combarranquilla\"},\"image\":{\"@id\":\"https:\\\/\\\/tuguia.combarranquilla.co\\\/Revista\\\/#\\\/schema\\\/logo\\\/image\\\/\"}},{\"@type\":\"Person\",\"@id\":\"https:\\\/\\\/tuguia.combarranquilla.co\\\/Revista\\\/#\\\/schema\\\/person\\\/c2c396a77170bd1d5f8ba73294eb0d10\",\"name\":\"Comunicaciones Combarranquilla\",\"image\":{\"@type\":\"ImageObject\",\"inLanguage\":\"es-CO\",\"@id\":\"https:\\\/\\\/tuguia.combarranquilla.co\\\/Revista\\\/wp-content\\\/uploads\\\/2025\\\/05\\\/ABC-Al-Rojo-Logo-96x96.jpg\",\"url\":\"https:\\\/\\\/tuguia.combarranquilla.co\\\/Revista\\\/wp-content\\\/uploads\\\/2025\\\/05\\\/ABC-Al-Rojo-Logo-96x96.jpg\",\"contentUrl\":\"https:\\\/\\\/tuguia.combarranquilla.co\\\/Revista\\\/wp-content\\\/uploads\\\/2025\\\/05\\\/ABC-Al-Rojo-Logo-96x96.jpg\",\"caption\":\"Comunicaciones Combarranquilla\"},\"sameAs\":[\"https:\\\/\\\/www.combarranquilla.co\"],\"url\":\"https:\\\/\\\/tuguia.combarranquilla.co\\\/Revista\\\/author\\\/comunicaciones\\\/\"}]}<\/script>\n<!-- \/ Yoast SEO plugin. -->","yoast_head_json":{"title":"Planetario Combarranquilla ganador de la Convocatoria Entrecruxes - Tu Gu\u00eda","robots":{"index":"index","follow":"follow","max-snippet":"max-snippet:-1","max-image-preview":"max-image-preview:large","max-video-preview":"max-video-preview:-1"},"canonical":"https:\/\/tuguia.combarranquilla.co\/Revista\/planetario-combarranquilla-ganador-de-la-convocatoria-entrecruxes\/","og_locale":"es_ES","og_type":"article","og_title":"Planetario Combarranquilla ganador de la Convocatoria Entrecruxes - Tu Gu\u00eda","og_description":"El jueves 22 de febrero, Combarranquilla obtuvo la premiaci\u00f3n en la Convocatoria Entrecruxes; un proyecto de fortalecimiento de los Centros de Ciencia del Caribe Colombiano. MIMAS, una propuesta de Planetario m\u00f3vil para compartir ciencia por todos los municipios del departamento MIMAS, cuyo significado es luna de saturno fue la propuesta que permiti\u00f3 a Combarranquilla ser [&hellip;]","og_url":"https:\/\/tuguia.combarranquilla.co\/Revista\/planetario-combarranquilla-ganador-de-la-convocatoria-entrecruxes\/","og_site_name":"Tu Gu\u00eda","article_published_time":"2024-02-23T14:32:33+00:00","article_modified_time":"2024-02-26T15:24:20+00:00","og_image":[{"width":2048,"height":1536,"url":"https:\/\/tuguia.combarranquilla.co\/Revista\/wp-content\/uploads\/2024\/02\/GG-dk6oWUAA-9T1.jpg","type":"image\/jpeg"}],"author":"Comunicaciones Combarranquilla","twitter_card":"summary_large_image","twitter_misc":{"Escrito por":"Comunicaciones Combarranquilla","Tiempo de lectura":"2 minutos"},"schema":{"@context":"https:\/\/schema.org","@graph":[{"@type":"Article","@id":"https:\/\/tuguia.combarranquilla.co\/Revista\/planetario-combarranquilla-ganador-de-la-convocatoria-entrecruxes\/#article","isPartOf":{"@id":"https:\/\/tuguia.combarranquilla.co\/Revista\/planetario-combarranquilla-ganador-de-la-convocatoria-entrecruxes\/"},"author":{"name":"Comunicaciones Combarranquilla","@id":"https:\/\/tuguia.combarranquilla.co\/Revista\/#\/schema\/person\/c2c396a77170bd1d5f8ba73294eb0d10"},"headline":"Planetario Combarranquilla ganador de la Convocatoria Entrecruxes","datePublished":"2024-02-23T14:32:33+00:00","dateModified":"2024-02-26T15:24:20+00:00","mainEntityOfPage":{"@id":"https:\/\/tuguia.combarranquilla.co\/Revista\/planetario-combarranquilla-ganador-de-la-convocatoria-entrecruxes\/"},"wordCount":319,"commentCount":0,"publisher":{"@id":"https:\/\/tuguia.combarranquilla.co\/Revista\/#organization"},"image":{"@id":"https:\/\/tuguia.combarranquilla.co\/Revista\/planetario-combarranquilla-ganador-de-la-convocatoria-entrecruxes\/#primaryimage"},"thumbnailUrl":"https:\/\/tuguia.combarranquilla.co\/Revista\/wp-content\/uploads\/2024\/02\/GG-dk6oWUAA-9T1.jpg","articleSection":["CIENCIA Y CULTURA"],"inLanguage":"es-CO","potentialAction":[{"@type":"CommentAction","name":"Comment","target":["https:\/\/tuguia.combarranquilla.co\/Revista\/planetario-combarranquilla-ganador-de-la-convocatoria-entrecruxes\/#respond"]}]},{"@type":"WebPage","@id":"https:\/\/tuguia.combarranquilla.co\/Revista\/planetario-combarranquilla-ganador-de-la-convocatoria-entrecruxes\/","url":"https:\/\/tuguia.combarranquilla.co\/Revista\/planetario-combarranquilla-ganador-de-la-convocatoria-entrecruxes\/","name":"Planetario Combarranquilla ganador de la Convocatoria Entrecruxes - Tu Gu\u00eda","isPartOf":{"@id":"https:\/\/tuguia.combarranquilla.co\/Revista\/#website"},"primaryImageOfPage":{"@id":"https:\/\/tuguia.combarranquilla.co\/Revista\/planetario-combarranquilla-ganador-de-la-convocatoria-entrecruxes\/#primaryimage"},"image":{"@id":"https:\/\/tuguia.combarranquilla.co\/Revista\/planetario-combarranquilla-ganador-de-la-convocatoria-entrecruxes\/#primaryimage"},"thumbnailUrl":"https:\/\/tuguia.combarranquilla.co\/Revista\/wp-content\/uploads\/2024\/02\/GG-dk6oWUAA-9T1.jpg","datePublished":"2024-02-23T14:32:33+00:00","dateModified":"2024-02-26T15:24:20+00:00","breadcrumb":{"@id":"https:\/\/tuguia.combarranquilla.co\/Revista\/planetario-combarranquilla-ganador-de-la-convocatoria-entrecruxes\/#breadcrumb"},"inLanguage":"es-CO","potentialAction":[{"@type":"ReadAction","target":["https:\/\/tuguia.combarranquilla.co\/Revista\/planetario-combarranquilla-ganador-de-la-convocatoria-entrecruxes\/"]}]},{"@type":"ImageObject","inLanguage":"es-CO","@id":"https:\/\/tuguia.combarranquilla.co\/Revista\/planetario-combarranquilla-ganador-de-la-convocatoria-entrecruxes\/#primaryimage","url":"https:\/\/tuguia.combarranquilla.co\/Revista\/wp-content\/uploads\/2024\/02\/GG-dk6oWUAA-9T1.jpg","contentUrl":"https:\/\/tuguia.combarranquilla.co\/Revista\/wp-content\/uploads\/2024\/02\/GG-dk6oWUAA-9T1.jpg","width":2048,"height":1536},{"@type":"BreadcrumbList","@id":"https:\/\/tuguia.combarranquilla.co\/Revista\/planetario-combarranquilla-ganador-de-la-convocatoria-entrecruxes\/#breadcrumb","itemListElement":[{"@type":"ListItem","position":1,"name":"Inicio","item":"https:\/\/tuguia.combarranquilla.co\/Revista\/"},{"@type":"ListItem","position":2,"name":"Planetario Combarranquilla ganador de la Convocatoria Entrecruxes"}]},{"@type":"WebSite","@id":"https:\/\/tuguia.combarranquilla.co\/Revista\/#website","url":"https:\/\/tuguia.combarranquilla.co\/Revista\/","name":"Tu Gu\u00eda","description":"La revista donde lo tienes todo.","publisher":{"@id":"https:\/\/tuguia.combarranquilla.co\/Revista\/#organization"},"alternateName":"Tu Gu\u00eda Combarranquilla","potentialAction":[{"@type":"SearchAction","target":{"@type":"EntryPoint","urlTemplate":"https:\/\/tuguia.combarranquilla.co\/Revista\/?s={search_term_string}"},"query-input":{"@type":"PropertyValueSpecification","valueRequired":true,"valueName":"search_term_string"}}],"inLanguage":"es-CO"},{"@type":"Organization","@id":"https:\/\/tuguia.combarranquilla.co\/Revista\/#organization","name":"Tu Gu\u00eda Combarranquilla","url":"https:\/\/tuguia.combarranquilla.co\/Revista\/","logo":{"@type":"ImageObject","inLanguage":"es-CO","@id":"https:\/\/tuguia.combarranquilla.co\/Revista\/#\/schema\/logo\/image\/","url":"https:\/\/tuguia.combarranquilla.co\/Revista\/wp-content\/uploads\/2022\/02\/logo-guia-combarranquilla.svg","contentUrl":"https:\/\/tuguia.combarranquilla.co\/Revista\/wp-content\/uploads\/2022\/02\/logo-guia-combarranquilla.svg","caption":"Tu Gu\u00eda Combarranquilla"},"image":{"@id":"https:\/\/tuguia.combarranquilla.co\/Revista\/#\/schema\/logo\/image\/"}},{"@type":"Person","@id":"https:\/\/tuguia.combarranquilla.co\/Revista\/#\/schema\/person\/c2c396a77170bd1d5f8ba73294eb0d10","name":"Comunicaciones Combarranquilla","image":{"@type":"ImageObject","inLanguage":"es-CO","@id":"https:\/\/tuguia.combarranquilla.co\/Revista\/wp-content\/uploads\/2025\/05\/ABC-Al-Rojo-Logo-96x96.jpg","url":"https:\/\/tuguia.combarranquilla.co\/Revista\/wp-content\/uploads\/2025\/05\/ABC-Al-Rojo-Logo-96x96.jpg","contentUrl":"https:\/\/tuguia.combarranquilla.co\/Revista\/wp-content\/uploads\/2025\/05\/ABC-Al-Rojo-Logo-96x96.jpg","caption":"Comunicaciones Combarranquilla"},"sameAs":["https:\/\/www.combarranquilla.co"],"url":"https:\/\/tuguia.combarranquilla.co\/Revista\/author\/comunicaciones\/"}]}},"_links":{"self":[{"href":"https:\/\/tuguia.combarranquilla.co\/Revista\/wp-json\/wp\/v2\/posts\/3744","targetHints":{"allow":["GET"]}}],"collection":[{"href":"https:\/\/tuguia.combarranquilla.co\/Revista\/wp-json\/wp\/v2\/posts"}],"about":[{"href":"https:\/\/tuguia.combarranquilla.co\/Revista\/wp-json\/wp\/v2\/types\/post"}],"author":[{"embeddable":true,"href":"https:\/\/tuguia.combarranquilla.co\/Revista\/wp-json\/wp\/v2\/users\/2"}],"replies":[{"embeddable":true,"href":"https:\/\/tuguia.combarranquilla.co\/Revista\/wp-json\/wp\/v2\/comments?post=3744"}],"version-history":[{"count":24,"href":"https:\/\/tuguia.combarranquilla.co\/Revista\/wp-json\/wp\/v2\/posts\/3744\/revisions"}],"predecessor-version":[{"id":3775,"href":"https:\/\/tuguia.combarranquilla.co\/Revista\/wp-json\/wp\/v2\/posts\/3744\/revisions\/3775"}],"wp:featuredmedia":[{"embeddable":true,"href":"https:\/\/tuguia.combarranquilla.co\/Revista\/wp-json\/wp\/v2\/media\/3746"}],"wp:attachment":[{"href":"https:\/\/tuguia.combarranquilla.co\/Revista\/wp-json\/wp\/v2\/media?parent=3744"}],"wp:term":[{"taxonomy":"category","embeddable":true,"href":"https:\/\/tuguia.combarranquilla.co\/Revista\/wp-json\/wp\/v2\/categories?post=3744"},{"taxonomy":"post_tag","embeddable":true,"href":"https:\/\/tuguia.combarranquilla.co\/Revista\/wp-json\/wp\/v2\/tags?post=3744"}],"curies":[{"name":"wp","href":"https:\/\/api.w.org\/{rel}","templated":true}]}}