{"id":3784,"date":"2024-03-05T11:31:08","date_gmt":"2024-03-05T16:31:08","guid":{"rendered":"https:\/\/tuguia.combarranquilla.co\/Revista\/?p=3784"},"modified":"2024-03-07T10:17:12","modified_gmt":"2024-03-07T15:17:12","slug":"antojados-de-dulce-te-ensenamos-como-prepararlos-en-casa-para-disfrutarlos-en-semana-santa","status":"publish","type":"post","link":"https:\/\/tuguia.combarranquilla.co\/Revista\/antojados-de-dulce-te-ensenamos-como-prepararlos-en-casa-para-disfrutarlos-en-semana-santa\/","title":{"rendered":"\u00bfAntojados de dulce? Te ense\u00f1amos como prepararlos en casa para disfrutarlos en Semana Santa"},"content":{"rendered":"\n<p class=\"has-medium-font-size\">La Semana Santa es una celebraci\u00f3n religiosa que conmemora la pasi\u00f3n, muerte y resurrecci\u00f3n de Jesucristo, seg\u00fan la creencia cristiana. <\/p>\n\n\n\n<p class=\"has-medium-font-size\">Durante la Semana Santa existe una tradici\u00f3n de preparar dulces para celebrar la pascua como un s\u00edmbolo de la dulzura y la renovaci\u00f3n espiritual que trae consigo la resurrecci\u00f3n de Jes\u00fas.<\/p>\n\n\n\n<p class=\"has-medium-font-size\">Toma apuntes y an\u00edmate a realizar estas deliciosas recetas y disfr\u00fatalas en compa\u00f1\u00eda de tus seres queridos. <\/p>\n\n\n\n<p class=\"has-text-align-center has-medium-font-size\"><strong>Dulce de Coco<\/strong><\/p>\n\n\n<div class=\"wp-block-image\">\n<figure class=\"aligncenter size-large is-resized\"><img decoding=\"async\" width=\"768\" height=\"1024\" data-src=\"https:\/\/tuguia.combarranquilla.co\/Revista\/wp-content\/uploads\/2024\/03\/image00002-768x1024.jpeg\" alt=\"\" class=\"wp-image-3808 lazyload\" style=\"--smush-placeholder-width: 768px; --smush-placeholder-aspect-ratio: 768\/1024;width:470px;height:auto\" data-srcset=\"https:\/\/tuguia.combarranquilla.co\/Revista\/wp-content\/uploads\/2024\/03\/image00002-768x1024.jpeg 768w, https:\/\/tuguia.combarranquilla.co\/Revista\/wp-content\/uploads\/2024\/03\/image00002-225x300.jpeg 225w, https:\/\/tuguia.combarranquilla.co\/Revista\/wp-content\/uploads\/2024\/03\/image00002-1152x1536.jpeg 1152w, https:\/\/tuguia.combarranquilla.co\/Revista\/wp-content\/uploads\/2024\/03\/image00002-1536x2048.jpeg 1536w, https:\/\/tuguia.combarranquilla.co\/Revista\/wp-content\/uploads\/2024\/03\/image00002-scaled.jpeg 1920w\" data-sizes=\"(max-width: 768px) 100vw, 768px\" src=\"data:image\/svg+xml;base64,PHN2ZyB3aWR0aD0iMSIgaGVpZ2h0PSIxIiB4bWxucz0iaHR0cDovL3d3dy53My5vcmcvMjAwMC9zdmciPjwvc3ZnPg==\" \/><\/figure><\/div>\n\n\n<p class=\"has-medium-font-size\"><strong>Ingredientes:<\/strong><\/p>\n\n\n\n<ul class=\"wp-block-list\">\n<li class=\"has-medium-font-size\">1 coco<\/li>\n\n\n\n<li class=\"has-medium-font-size\">1\/2 litro de leche<\/li>\n\n\n\n<li class=\"has-medium-font-size\">1\/2 taza de az\u00facar<\/li>\n\n\n\n<li class=\"has-medium-font-size\">Canela al gusto<\/li>\n\n\n\n<li class=\"has-medium-font-size\">Leche condensada al gusto<\/li>\n<\/ul>\n\n\n\n<p class=\"has-medium-font-size\"><strong>Preparaci\u00f3n:<\/strong><\/p>\n\n\n\n<ul class=\"wp-block-list\">\n<li class=\"has-medium-font-size\">Parte el coco y saca el agua.<\/li>\n\n\n\n<li class=\"has-medium-font-size\">Saca y ralla la pulpa del coco.<\/li>\n\n\n\n<li class=\"has-medium-font-size\">Agrega la leche y az\u00facar en una olla sobre fuego medio hasta que hierva.<\/li>\n\n\n\n<li class=\"has-medium-font-size\">Agrega la carne de coco rallado y mezclar.<\/li>\n\n\n\n<li class=\"has-medium-font-size\">Agrega la canela y leche condensada al gusto.<\/li>\n\n\n\n<li class=\"has-medium-font-size\">Revuelve de 30 a 40 minutos hasta que se solidifique.<\/li>\n\n\n\n<li class=\"has-medium-font-size\">Retira del fuego y vierte a otro recipiente.<\/li>\n\n\n\n<li class=\"has-medium-font-size\">Enfr\u00eda en la nevera por 1 o 2 horas.<\/li>\n<\/ul>\n\n\n\n<p class=\"has-text-align-center has-medium-font-size\"><strong>Dulce de Papaya<\/strong><\/p>\n\n\n<div class=\"wp-block-image\">\n<figure class=\"aligncenter size-large is-resized\"><img decoding=\"async\" width=\"768\" height=\"1024\" data-src=\"https:\/\/tuguia.combarranquilla.co\/Revista\/wp-content\/uploads\/2024\/03\/image00009-768x1024.jpeg\" alt=\"\" class=\"wp-image-3810 lazyload\" style=\"--smush-placeholder-width: 768px; --smush-placeholder-aspect-ratio: 768\/1024;width:453px;height:auto\" data-srcset=\"https:\/\/tuguia.combarranquilla.co\/Revista\/wp-content\/uploads\/2024\/03\/image00009-768x1024.jpeg 768w, https:\/\/tuguia.combarranquilla.co\/Revista\/wp-content\/uploads\/2024\/03\/image00009-225x300.jpeg 225w, https:\/\/tuguia.combarranquilla.co\/Revista\/wp-content\/uploads\/2024\/03\/image00009-1152x1536.jpeg 1152w, https:\/\/tuguia.combarranquilla.co\/Revista\/wp-content\/uploads\/2024\/03\/image00009-1536x2048.jpeg 1536w, https:\/\/tuguia.combarranquilla.co\/Revista\/wp-content\/uploads\/2024\/03\/image00009-scaled.jpeg 1920w\" data-sizes=\"(max-width: 768px) 100vw, 768px\" src=\"data:image\/svg+xml;base64,PHN2ZyB3aWR0aD0iMSIgaGVpZ2h0PSIxIiB4bWxucz0iaHR0cDovL3d3dy53My5vcmcvMjAwMC9zdmciPjwvc3ZnPg==\" \/><\/figure><\/div>\n\n\n<p class=\"has-medium-font-size\"><strong>Ingredientes:<\/strong><\/p>\n\n\n\n<ul class=\"has-medium-font-size wp-block-list\">\n<li>4 libras de papaya verde sin corteza ni semilla y cortada en trozos<\/li>\n\n\n\n<li>2 litros agua<\/li>\n\n\n\n<li>1 cucharadita de bicarbonato<\/li>\n\n\n\n<li>4 tazas az\u00facar granulada<\/li>\n\n\n\n<li>4 tazas az\u00facar morena<\/li>\n\n\n\n<li>3-4 palitos de canela<\/li>\n<\/ul>\n\n\n\n<p class=\"has-medium-font-size\"><strong>Preparaci\u00f3n:<\/strong><\/p>\n\n\n\n<ul class=\"has-medium-font-size wp-block-list\">\n<li>Lava la papaya, elimina las semillas y corta en trozos.<\/li>\n\n\n\n<li>En una olla echa la papaya con agua, bicarbonato y deja reposar por 15 a 20 minutos, luego escurre y enjuaga.<\/li>\n\n\n\n<li>En una olla mediana vierte la papaya, az\u00facar morena, az\u00facar granulada, palitos de canela y cocina tapado a fuego medio por 20 minutos.<\/li>\n\n\n\n<li>Destapa, cocina a fuego medio, moviendo ocasionalmente por 1 hora.<\/li>\n\n\n\n<li>Deja refrescar y coloca en el refrigerador hasta el momento de servir.<\/li>\n<\/ul>\n\n\n\n<p class=\"has-text-align-center has-medium-font-size\"><strong>Dulce de \u00d1ame<\/strong><\/p>\n\n\n<div class=\"wp-block-image\">\n<figure class=\"aligncenter size-large is-resized\"><img decoding=\"async\" width=\"784\" height=\"1024\" data-src=\"https:\/\/tuguia.combarranquilla.co\/Revista\/wp-content\/uploads\/2024\/03\/image00006-784x1024.jpeg\" alt=\"\" class=\"wp-image-3811 lazyload\" style=\"--smush-placeholder-width: 784px; --smush-placeholder-aspect-ratio: 784\/1024;width:466px;height:auto\" data-srcset=\"https:\/\/tuguia.combarranquilla.co\/Revista\/wp-content\/uploads\/2024\/03\/image00006-784x1024.jpeg 784w, https:\/\/tuguia.combarranquilla.co\/Revista\/wp-content\/uploads\/2024\/03\/image00006-230x300.jpeg 230w, https:\/\/tuguia.combarranquilla.co\/Revista\/wp-content\/uploads\/2024\/03\/image00006-768x1003.jpeg 768w, https:\/\/tuguia.combarranquilla.co\/Revista\/wp-content\/uploads\/2024\/03\/image00006-1176x1536.jpeg 1176w, https:\/\/tuguia.combarranquilla.co\/Revista\/wp-content\/uploads\/2024\/03\/image00006-1568x2048.jpeg 1568w, https:\/\/tuguia.combarranquilla.co\/Revista\/wp-content\/uploads\/2024\/03\/image00006-scaled.jpeg 1960w\" data-sizes=\"(max-width: 784px) 100vw, 784px\" src=\"data:image\/svg+xml;base64,PHN2ZyB3aWR0aD0iMSIgaGVpZ2h0PSIxIiB4bWxucz0iaHR0cDovL3d3dy53My5vcmcvMjAwMC9zdmciPjwvc3ZnPg==\" \/><\/figure><\/div>\n\n\n<p class=\"has-medium-font-size\"><strong>Ingredientes:<\/strong><\/p>\n\n\n\n<ul class=\"has-medium-font-size wp-block-list\">\n<li>2 libras de \u00f1ame.<\/li>\n\n\n\n<li>1 \u00bc libra de az\u00facar.<\/li>\n\n\n\n<li>4 tazas de leche de coco.<\/li>\n\n\n\n<li>\u00bd taza de uvas pasas (opcional).<\/li>\n\n\n\n<li>Canela en astillas.<\/li>\n<\/ul>\n\n\n\n<p class=\"has-medium-font-size\"><strong>Preparaci\u00f3n:<\/strong><\/p>\n\n\n\n<ul class=\"has-medium-font-size wp-block-list\">\n<li>Pelar, lavar y cortar el \u00f1ame en peque\u00f1os trozos.<\/li>\n\n\n\n<li>Incorpora los trozos a una olla y agrega agua hasta cubrirlo, deja cocinar durante 30 minutos o hasta que ablande, luego retira del fuego y deja enfriar.<\/li>\n\n\n\n<li>Lic\u00faa el \u00f1ame con la leche de coco, el az\u00facar y la canela.<\/li>\n\n\n\n<li>Vierte la mezcla en una olla y cocina a fuego bajo revolviendo constantemente durante 45 \u2013 60 minutos o hasta que se logre ver el fondo.<\/li>\n\n\n\n<li>Retira del fuego, agrega las uvas pasas y deja enfriar para servir.<\/li>\n<\/ul>\n\n\n\n<p class=\"has-text-align-center has-medium-font-size\"><strong>Dulce de Guand\u00fa<\/strong><\/p>\n\n\n<div class=\"wp-block-image\">\n<figure class=\"aligncenter size-large is-resized\"><img decoding=\"async\" width=\"887\" height=\"1024\" data-src=\"https:\/\/tuguia.combarranquilla.co\/Revista\/wp-content\/uploads\/2024\/03\/image00004-1-887x1024.jpeg\" alt=\"\" class=\"wp-image-3813 lazyload\" style=\"--smush-placeholder-width: 887px; --smush-placeholder-aspect-ratio: 887\/1024;width:542px;height:auto\" data-srcset=\"https:\/\/tuguia.combarranquilla.co\/Revista\/wp-content\/uploads\/2024\/03\/image00004-1-887x1024.jpeg 887w, https:\/\/tuguia.combarranquilla.co\/Revista\/wp-content\/uploads\/2024\/03\/image00004-1-260x300.jpeg 260w, https:\/\/tuguia.combarranquilla.co\/Revista\/wp-content\/uploads\/2024\/03\/image00004-1-768x886.jpeg 768w, https:\/\/tuguia.combarranquilla.co\/Revista\/wp-content\/uploads\/2024\/03\/image00004-1-1331x1536.jpeg 1331w, https:\/\/tuguia.combarranquilla.co\/Revista\/wp-content\/uploads\/2024\/03\/image00004-1-1774x2048.jpeg 1774w\" data-sizes=\"(max-width: 887px) 100vw, 887px\" src=\"data:image\/svg+xml;base64,PHN2ZyB3aWR0aD0iMSIgaGVpZ2h0PSIxIiB4bWxucz0iaHR0cDovL3d3dy53My5vcmcvMjAwMC9zdmciPjwvc3ZnPg==\" \/><\/figure><\/div>\n\n\n<p class=\"has-text-align-left has-medium-font-size\"><strong>Ingredientes:<\/strong><\/p>\n\n\n\n<ul class=\"has-medium-font-size wp-block-list\">\n<li>1 libra de guand\u00fa.<\/li>\n\n\n\n<li>10 panelas medianas.<\/li>\n\n\n\n<li>2 litros de leche.<\/li>\n\n\n\n<li>1 gramo de clavito.<\/li>\n\n\n\n<li>2 astillas de canela.<\/li>\n<\/ul>\n\n\n\n<p class=\"has-text-align-left has-medium-font-size\"><strong>Preparaci\u00f3n:<\/strong><\/p>\n\n\n\n<ul class=\"has-medium-font-size wp-block-list\">\n<li>Dejar en remojo el guand\u00fa desde la noche anterior.<\/li>\n\n\n\n<li>Al d\u00eda siguiente, desecha el agua y ll\u00e9valo a cocinar en 2 litros de agua por un tiempo aproximado de 1 hora y media en olla de presi\u00f3n hasta que ablande.<\/li>\n\n\n\n<li>Lic\u00faa el guand\u00fa con el agua de la cocci\u00f3n, cuela y nuevamente vi\u00e9rtelo en una olla.<\/li>\n\n\n\n<li>Agrega los dem\u00e1s ingredientes: trozos de panela, leche, canela y clavito.<\/li>\n\n\n\n<li>Revuelve y cocina a temperatura m\u00e1xima hasta que hierva. Despu\u00e9s se baja la llama y se sigue revolviendo lentamente.<\/li>\n\n\n\n<li>El dulce estar\u00e1 listo cuando la mezcla se pone espesa.<\/li>\n<\/ul>\n\n\n\n<p class=\"has-text-align-center has-medium-font-size\"><strong>Dulce de Ciruela<\/strong><\/p>\n\n\n\n<p class=\"has-medium-font-size\"><strong>Ingredientes:<\/strong><\/p>\n\n\n\n<ul class=\"has-medium-font-size wp-block-list\">\n<li class=\"has-medium-font-size\">1 kilo y \u00bd de ciruelas<\/li>\n\n\n\n<li>1 kilo de az\u00facar<\/li>\n<\/ul>\n\n\n\n<p class=\"has-medium-font-size\"><strong>Preparaci\u00f3n:<\/strong><\/p>\n\n\n\n<ul class=\"has-medium-font-size wp-block-list\">\n<li>Lava muy bien las ciruelas y qu\u00edtale la semilla.<\/li>\n\n\n\n<li>Utiliza las ciruelas con piel incluida y cortalas en pedazos peque\u00f1os.<\/li>\n\n\n\n<li>Poner las ciruelas en una olla suficientemente grande y cubrirlas con el az\u00facar.<\/li>\n\n\n\n<li>Revuelve con una cuchara para que el az\u00facar quede bien repartido e impregne todas las ciruelas.<\/li>\n\n\n\n<li>Deber\u00e1s revolver la mezcla de vez en cuando y cocinarlo durante unos 45-60 minutos para que adquiera la textura adecuada. Ve comprobando que las ciruelas se vayan ablandando.<\/li>\n\n\n\n<li>En el momento en que la fruta est\u00e9 desecha, podr\u00e1s apagar el fuego, dejar refrescar y colocar en el refrigerador.<\/li>\n<\/ul>\n","protected":false},"excerpt":{"rendered":"<p>La Semana Santa es una celebraci\u00f3n religiosa que conmemora la pasi\u00f3n, muerte y resurrecci\u00f3n de Jesucristo, seg\u00fan la creencia cristiana. Durante la Semana Santa existe una tradici\u00f3n de preparar dulces para celebrar la pascua como un s\u00edmbolo de la dulzura y la renovaci\u00f3n espiritual que trae consigo la resurrecci\u00f3n de Jes\u00fas. Toma apuntes y an\u00edmate [&hellip;]<\/p>\n","protected":false},"author":2,"featured_media":3785,"comment_status":"open","ping_status":"open","sticky":false,"template":"","format":"standard","meta":{"inline_featured_image":false,"footnotes":""},"categories":[3],"tags":[],"class_list":["post-3784","post","type-post","status-publish","format-standard","has-post-thumbnail","hentry","category-mirador-gastronomico"],"yoast_head":"<!-- This site is optimized with the Yoast SEO plugin v27.4 - https:\/\/yoast.com\/product\/yoast-seo-wordpress\/ -->\n<title>\u00bfAntojados de dulce? Te ense\u00f1amos como prepararlos en casa para disfrutarlos en Semana Santa - Tu Gu\u00eda<\/title>\n<meta name=\"robots\" content=\"index, follow, max-snippet:-1, max-image-preview:large, max-video-preview:-1\" \/>\n<link rel=\"canonical\" href=\"https:\/\/tuguia.combarranquilla.co\/Revista\/antojados-de-dulce-te-ensenamos-como-prepararlos-en-casa-para-disfrutarlos-en-semana-santa\/\" \/>\n<meta property=\"og:locale\" content=\"es_ES\" \/>\n<meta property=\"og:type\" content=\"article\" \/>\n<meta property=\"og:title\" content=\"\u00bfAntojados de dulce? Te ense\u00f1amos como prepararlos en casa para disfrutarlos en Semana Santa - Tu Gu\u00eda\" \/>\n<meta property=\"og:description\" content=\"La Semana Santa es una celebraci\u00f3n religiosa que conmemora la pasi\u00f3n, muerte y resurrecci\u00f3n de Jesucristo, seg\u00fan la creencia cristiana. Durante la Semana Santa existe una tradici\u00f3n de preparar dulces para celebrar la pascua como un s\u00edmbolo de la dulzura y la renovaci\u00f3n espiritual que trae consigo la resurrecci\u00f3n de Jes\u00fas. Toma apuntes y an\u00edmate [&hellip;]\" \/>\n<meta property=\"og:url\" content=\"https:\/\/tuguia.combarranquilla.co\/Revista\/antojados-de-dulce-te-ensenamos-como-prepararlos-en-casa-para-disfrutarlos-en-semana-santa\/\" \/>\n<meta property=\"og:site_name\" content=\"Tu Gu\u00eda\" \/>\n<meta property=\"article:published_time\" content=\"2024-03-05T16:31:08+00:00\" \/>\n<meta property=\"article:modified_time\" content=\"2024-03-07T15:17:12+00:00\" \/>\n<meta property=\"og:image\" content=\"https:\/\/tuguia.combarranquilla.co\/Revista\/wp-content\/uploads\/2024\/02\/DSC_0346-scaled.jpg\" \/>\n\t<meta property=\"og:image:width\" content=\"2560\" \/>\n\t<meta property=\"og:image:height\" content=\"1707\" \/>\n\t<meta property=\"og:image:type\" content=\"image\/jpeg\" \/>\n<meta name=\"author\" content=\"Comunicaciones Combarranquilla\" \/>\n<meta name=\"twitter:card\" content=\"summary_large_image\" \/>\n<meta name=\"twitter:label1\" content=\"Escrito por\" \/>\n\t<meta name=\"twitter:data1\" content=\"Comunicaciones Combarranquilla\" \/>\n\t<meta name=\"twitter:label2\" content=\"Tiempo de lectura\" \/>\n\t<meta name=\"twitter:data2\" content=\"3 minutos\" \/>\n<script type=\"application\/ld+json\" class=\"yoast-schema-graph\">{\"@context\":\"https:\\\/\\\/schema.org\",\"@graph\":[{\"@type\":\"Article\",\"@id\":\"https:\\\/\\\/tuguia.combarranquilla.co\\\/Revista\\\/antojados-de-dulce-te-ensenamos-como-prepararlos-en-casa-para-disfrutarlos-en-semana-santa\\\/#article\",\"isPartOf\":{\"@id\":\"https:\\\/\\\/tuguia.combarranquilla.co\\\/Revista\\\/antojados-de-dulce-te-ensenamos-como-prepararlos-en-casa-para-disfrutarlos-en-semana-santa\\\/\"},\"author\":{\"name\":\"Comunicaciones Combarranquilla\",\"@id\":\"https:\\\/\\\/tuguia.combarranquilla.co\\\/Revista\\\/#\\\/schema\\\/person\\\/c2c396a77170bd1d5f8ba73294eb0d10\"},\"headline\":\"\u00bfAntojados de dulce? Te ense\u00f1amos como prepararlos en casa para disfrutarlos en Semana Santa\",\"datePublished\":\"2024-03-05T16:31:08+00:00\",\"dateModified\":\"2024-03-07T15:17:12+00:00\",\"mainEntityOfPage\":{\"@id\":\"https:\\\/\\\/tuguia.combarranquilla.co\\\/Revista\\\/antojados-de-dulce-te-ensenamos-como-prepararlos-en-casa-para-disfrutarlos-en-semana-santa\\\/\"},\"wordCount\":646,\"commentCount\":0,\"publisher\":{\"@id\":\"https:\\\/\\\/tuguia.combarranquilla.co\\\/Revista\\\/#organization\"},\"image\":{\"@id\":\"https:\\\/\\\/tuguia.combarranquilla.co\\\/Revista\\\/antojados-de-dulce-te-ensenamos-como-prepararlos-en-casa-para-disfrutarlos-en-semana-santa\\\/#primaryimage\"},\"thumbnailUrl\":\"https:\\\/\\\/tuguia.combarranquilla.co\\\/Revista\\\/wp-content\\\/uploads\\\/2024\\\/02\\\/DSC_0346-scaled.jpg\",\"articleSection\":[\"MIRADOR GASTRON\u00d3MICO\"],\"inLanguage\":\"es-CO\",\"potentialAction\":[{\"@type\":\"CommentAction\",\"name\":\"Comment\",\"target\":[\"https:\\\/\\\/tuguia.combarranquilla.co\\\/Revista\\\/antojados-de-dulce-te-ensenamos-como-prepararlos-en-casa-para-disfrutarlos-en-semana-santa\\\/#respond\"]}]},{\"@type\":\"WebPage\",\"@id\":\"https:\\\/\\\/tuguia.combarranquilla.co\\\/Revista\\\/antojados-de-dulce-te-ensenamos-como-prepararlos-en-casa-para-disfrutarlos-en-semana-santa\\\/\",\"url\":\"https:\\\/\\\/tuguia.combarranquilla.co\\\/Revista\\\/antojados-de-dulce-te-ensenamos-como-prepararlos-en-casa-para-disfrutarlos-en-semana-santa\\\/\",\"name\":\"\u00bfAntojados de dulce? Te ense\u00f1amos como prepararlos en casa para disfrutarlos en Semana Santa - Tu Gu\u00eda\",\"isPartOf\":{\"@id\":\"https:\\\/\\\/tuguia.combarranquilla.co\\\/Revista\\\/#website\"},\"primaryImageOfPage\":{\"@id\":\"https:\\\/\\\/tuguia.combarranquilla.co\\\/Revista\\\/antojados-de-dulce-te-ensenamos-como-prepararlos-en-casa-para-disfrutarlos-en-semana-santa\\\/#primaryimage\"},\"image\":{\"@id\":\"https:\\\/\\\/tuguia.combarranquilla.co\\\/Revista\\\/antojados-de-dulce-te-ensenamos-como-prepararlos-en-casa-para-disfrutarlos-en-semana-santa\\\/#primaryimage\"},\"thumbnailUrl\":\"https:\\\/\\\/tuguia.combarranquilla.co\\\/Revista\\\/wp-content\\\/uploads\\\/2024\\\/02\\\/DSC_0346-scaled.jpg\",\"datePublished\":\"2024-03-05T16:31:08+00:00\",\"dateModified\":\"2024-03-07T15:17:12+00:00\",\"breadcrumb\":{\"@id\":\"https:\\\/\\\/tuguia.combarranquilla.co\\\/Revista\\\/antojados-de-dulce-te-ensenamos-como-prepararlos-en-casa-para-disfrutarlos-en-semana-santa\\\/#breadcrumb\"},\"inLanguage\":\"es-CO\",\"potentialAction\":[{\"@type\":\"ReadAction\",\"target\":[\"https:\\\/\\\/tuguia.combarranquilla.co\\\/Revista\\\/antojados-de-dulce-te-ensenamos-como-prepararlos-en-casa-para-disfrutarlos-en-semana-santa\\\/\"]}]},{\"@type\":\"ImageObject\",\"inLanguage\":\"es-CO\",\"@id\":\"https:\\\/\\\/tuguia.combarranquilla.co\\\/Revista\\\/antojados-de-dulce-te-ensenamos-como-prepararlos-en-casa-para-disfrutarlos-en-semana-santa\\\/#primaryimage\",\"url\":\"https:\\\/\\\/tuguia.combarranquilla.co\\\/Revista\\\/wp-content\\\/uploads\\\/2024\\\/02\\\/DSC_0346-scaled.jpg\",\"contentUrl\":\"https:\\\/\\\/tuguia.combarranquilla.co\\\/Revista\\\/wp-content\\\/uploads\\\/2024\\\/02\\\/DSC_0346-scaled.jpg\",\"width\":2560,\"height\":1707},{\"@type\":\"BreadcrumbList\",\"@id\":\"https:\\\/\\\/tuguia.combarranquilla.co\\\/Revista\\\/antojados-de-dulce-te-ensenamos-como-prepararlos-en-casa-para-disfrutarlos-en-semana-santa\\\/#breadcrumb\",\"itemListElement\":[{\"@type\":\"ListItem\",\"position\":1,\"name\":\"Inicio\",\"item\":\"https:\\\/\\\/tuguia.combarranquilla.co\\\/Revista\\\/\"},{\"@type\":\"ListItem\",\"position\":2,\"name\":\"\u00bfAntojados de dulce? Te ense\u00f1amos como prepararlos en casa para disfrutarlos en Semana Santa\"}]},{\"@type\":\"WebSite\",\"@id\":\"https:\\\/\\\/tuguia.combarranquilla.co\\\/Revista\\\/#website\",\"url\":\"https:\\\/\\\/tuguia.combarranquilla.co\\\/Revista\\\/\",\"name\":\"Tu Gu\u00eda\",\"description\":\"La revista donde lo tienes todo.\",\"publisher\":{\"@id\":\"https:\\\/\\\/tuguia.combarranquilla.co\\\/Revista\\\/#organization\"},\"alternateName\":\"Tu Gu\u00eda Combarranquilla\",\"potentialAction\":[{\"@type\":\"SearchAction\",\"target\":{\"@type\":\"EntryPoint\",\"urlTemplate\":\"https:\\\/\\\/tuguia.combarranquilla.co\\\/Revista\\\/?s={search_term_string}\"},\"query-input\":{\"@type\":\"PropertyValueSpecification\",\"valueRequired\":true,\"valueName\":\"search_term_string\"}}],\"inLanguage\":\"es-CO\"},{\"@type\":\"Organization\",\"@id\":\"https:\\\/\\\/tuguia.combarranquilla.co\\\/Revista\\\/#organization\",\"name\":\"Tu Gu\u00eda Combarranquilla\",\"url\":\"https:\\\/\\\/tuguia.combarranquilla.co\\\/Revista\\\/\",\"logo\":{\"@type\":\"ImageObject\",\"inLanguage\":\"es-CO\",\"@id\":\"https:\\\/\\\/tuguia.combarranquilla.co\\\/Revista\\\/#\\\/schema\\\/logo\\\/image\\\/\",\"url\":\"https:\\\/\\\/tuguia.combarranquilla.co\\\/Revista\\\/wp-content\\\/uploads\\\/2022\\\/02\\\/logo-guia-combarranquilla.svg\",\"contentUrl\":\"https:\\\/\\\/tuguia.combarranquilla.co\\\/Revista\\\/wp-content\\\/uploads\\\/2022\\\/02\\\/logo-guia-combarranquilla.svg\",\"caption\":\"Tu Gu\u00eda Combarranquilla\"},\"image\":{\"@id\":\"https:\\\/\\\/tuguia.combarranquilla.co\\\/Revista\\\/#\\\/schema\\\/logo\\\/image\\\/\"}},{\"@type\":\"Person\",\"@id\":\"https:\\\/\\\/tuguia.combarranquilla.co\\\/Revista\\\/#\\\/schema\\\/person\\\/c2c396a77170bd1d5f8ba73294eb0d10\",\"name\":\"Comunicaciones Combarranquilla\",\"image\":{\"@type\":\"ImageObject\",\"inLanguage\":\"es-CO\",\"@id\":\"https:\\\/\\\/tuguia.combarranquilla.co\\\/Revista\\\/wp-content\\\/uploads\\\/2025\\\/05\\\/ABC-Al-Rojo-Logo-96x96.jpg\",\"url\":\"https:\\\/\\\/tuguia.combarranquilla.co\\\/Revista\\\/wp-content\\\/uploads\\\/2025\\\/05\\\/ABC-Al-Rojo-Logo-96x96.jpg\",\"contentUrl\":\"https:\\\/\\\/tuguia.combarranquilla.co\\\/Revista\\\/wp-content\\\/uploads\\\/2025\\\/05\\\/ABC-Al-Rojo-Logo-96x96.jpg\",\"caption\":\"Comunicaciones Combarranquilla\"},\"sameAs\":[\"https:\\\/\\\/www.combarranquilla.co\"],\"url\":\"https:\\\/\\\/tuguia.combarranquilla.co\\\/Revista\\\/author\\\/comunicaciones\\\/\"}]}<\/script>\n<!-- \/ Yoast SEO plugin. -->","yoast_head_json":{"title":"\u00bfAntojados de dulce? Te ense\u00f1amos como prepararlos en casa para disfrutarlos en Semana Santa - Tu Gu\u00eda","robots":{"index":"index","follow":"follow","max-snippet":"max-snippet:-1","max-image-preview":"max-image-preview:large","max-video-preview":"max-video-preview:-1"},"canonical":"https:\/\/tuguia.combarranquilla.co\/Revista\/antojados-de-dulce-te-ensenamos-como-prepararlos-en-casa-para-disfrutarlos-en-semana-santa\/","og_locale":"es_ES","og_type":"article","og_title":"\u00bfAntojados de dulce? Te ense\u00f1amos como prepararlos en casa para disfrutarlos en Semana Santa - Tu Gu\u00eda","og_description":"La Semana Santa es una celebraci\u00f3n religiosa que conmemora la pasi\u00f3n, muerte y resurrecci\u00f3n de Jesucristo, seg\u00fan la creencia cristiana. Durante la Semana Santa existe una tradici\u00f3n de preparar dulces para celebrar la pascua como un s\u00edmbolo de la dulzura y la renovaci\u00f3n espiritual que trae consigo la resurrecci\u00f3n de Jes\u00fas. Toma apuntes y an\u00edmate [&hellip;]","og_url":"https:\/\/tuguia.combarranquilla.co\/Revista\/antojados-de-dulce-te-ensenamos-como-prepararlos-en-casa-para-disfrutarlos-en-semana-santa\/","og_site_name":"Tu Gu\u00eda","article_published_time":"2024-03-05T16:31:08+00:00","article_modified_time":"2024-03-07T15:17:12+00:00","og_image":[{"width":2560,"height":1707,"url":"https:\/\/tuguia.combarranquilla.co\/Revista\/wp-content\/uploads\/2024\/02\/DSC_0346-scaled.jpg","type":"image\/jpeg"}],"author":"Comunicaciones Combarranquilla","twitter_card":"summary_large_image","twitter_misc":{"Escrito por":"Comunicaciones Combarranquilla","Tiempo de lectura":"3 minutos"},"schema":{"@context":"https:\/\/schema.org","@graph":[{"@type":"Article","@id":"https:\/\/tuguia.combarranquilla.co\/Revista\/antojados-de-dulce-te-ensenamos-como-prepararlos-en-casa-para-disfrutarlos-en-semana-santa\/#article","isPartOf":{"@id":"https:\/\/tuguia.combarranquilla.co\/Revista\/antojados-de-dulce-te-ensenamos-como-prepararlos-en-casa-para-disfrutarlos-en-semana-santa\/"},"author":{"name":"Comunicaciones Combarranquilla","@id":"https:\/\/tuguia.combarranquilla.co\/Revista\/#\/schema\/person\/c2c396a77170bd1d5f8ba73294eb0d10"},"headline":"\u00bfAntojados de dulce? Te ense\u00f1amos como prepararlos en casa para disfrutarlos en Semana Santa","datePublished":"2024-03-05T16:31:08+00:00","dateModified":"2024-03-07T15:17:12+00:00","mainEntityOfPage":{"@id":"https:\/\/tuguia.combarranquilla.co\/Revista\/antojados-de-dulce-te-ensenamos-como-prepararlos-en-casa-para-disfrutarlos-en-semana-santa\/"},"wordCount":646,"commentCount":0,"publisher":{"@id":"https:\/\/tuguia.combarranquilla.co\/Revista\/#organization"},"image":{"@id":"https:\/\/tuguia.combarranquilla.co\/Revista\/antojados-de-dulce-te-ensenamos-como-prepararlos-en-casa-para-disfrutarlos-en-semana-santa\/#primaryimage"},"thumbnailUrl":"https:\/\/tuguia.combarranquilla.co\/Revista\/wp-content\/uploads\/2024\/02\/DSC_0346-scaled.jpg","articleSection":["MIRADOR GASTRON\u00d3MICO"],"inLanguage":"es-CO","potentialAction":[{"@type":"CommentAction","name":"Comment","target":["https:\/\/tuguia.combarranquilla.co\/Revista\/antojados-de-dulce-te-ensenamos-como-prepararlos-en-casa-para-disfrutarlos-en-semana-santa\/#respond"]}]},{"@type":"WebPage","@id":"https:\/\/tuguia.combarranquilla.co\/Revista\/antojados-de-dulce-te-ensenamos-como-prepararlos-en-casa-para-disfrutarlos-en-semana-santa\/","url":"https:\/\/tuguia.combarranquilla.co\/Revista\/antojados-de-dulce-te-ensenamos-como-prepararlos-en-casa-para-disfrutarlos-en-semana-santa\/","name":"\u00bfAntojados de dulce? Te ense\u00f1amos como prepararlos en casa para disfrutarlos en Semana Santa - Tu Gu\u00eda","isPartOf":{"@id":"https:\/\/tuguia.combarranquilla.co\/Revista\/#website"},"primaryImageOfPage":{"@id":"https:\/\/tuguia.combarranquilla.co\/Revista\/antojados-de-dulce-te-ensenamos-como-prepararlos-en-casa-para-disfrutarlos-en-semana-santa\/#primaryimage"},"image":{"@id":"https:\/\/tuguia.combarranquilla.co\/Revista\/antojados-de-dulce-te-ensenamos-como-prepararlos-en-casa-para-disfrutarlos-en-semana-santa\/#primaryimage"},"thumbnailUrl":"https:\/\/tuguia.combarranquilla.co\/Revista\/wp-content\/uploads\/2024\/02\/DSC_0346-scaled.jpg","datePublished":"2024-03-05T16:31:08+00:00","dateModified":"2024-03-07T15:17:12+00:00","breadcrumb":{"@id":"https:\/\/tuguia.combarranquilla.co\/Revista\/antojados-de-dulce-te-ensenamos-como-prepararlos-en-casa-para-disfrutarlos-en-semana-santa\/#breadcrumb"},"inLanguage":"es-CO","potentialAction":[{"@type":"ReadAction","target":["https:\/\/tuguia.combarranquilla.co\/Revista\/antojados-de-dulce-te-ensenamos-como-prepararlos-en-casa-para-disfrutarlos-en-semana-santa\/"]}]},{"@type":"ImageObject","inLanguage":"es-CO","@id":"https:\/\/tuguia.combarranquilla.co\/Revista\/antojados-de-dulce-te-ensenamos-como-prepararlos-en-casa-para-disfrutarlos-en-semana-santa\/#primaryimage","url":"https:\/\/tuguia.combarranquilla.co\/Revista\/wp-content\/uploads\/2024\/02\/DSC_0346-scaled.jpg","contentUrl":"https:\/\/tuguia.combarranquilla.co\/Revista\/wp-content\/uploads\/2024\/02\/DSC_0346-scaled.jpg","width":2560,"height":1707},{"@type":"BreadcrumbList","@id":"https:\/\/tuguia.combarranquilla.co\/Revista\/antojados-de-dulce-te-ensenamos-como-prepararlos-en-casa-para-disfrutarlos-en-semana-santa\/#breadcrumb","itemListElement":[{"@type":"ListItem","position":1,"name":"Inicio","item":"https:\/\/tuguia.combarranquilla.co\/Revista\/"},{"@type":"ListItem","position":2,"name":"\u00bfAntojados de dulce? Te ense\u00f1amos como prepararlos en casa para disfrutarlos en Semana Santa"}]},{"@type":"WebSite","@id":"https:\/\/tuguia.combarranquilla.co\/Revista\/#website","url":"https:\/\/tuguia.combarranquilla.co\/Revista\/","name":"Tu Gu\u00eda","description":"La revista donde lo tienes todo.","publisher":{"@id":"https:\/\/tuguia.combarranquilla.co\/Revista\/#organization"},"alternateName":"Tu Gu\u00eda Combarranquilla","potentialAction":[{"@type":"SearchAction","target":{"@type":"EntryPoint","urlTemplate":"https:\/\/tuguia.combarranquilla.co\/Revista\/?s={search_term_string}"},"query-input":{"@type":"PropertyValueSpecification","valueRequired":true,"valueName":"search_term_string"}}],"inLanguage":"es-CO"},{"@type":"Organization","@id":"https:\/\/tuguia.combarranquilla.co\/Revista\/#organization","name":"Tu Gu\u00eda Combarranquilla","url":"https:\/\/tuguia.combarranquilla.co\/Revista\/","logo":{"@type":"ImageObject","inLanguage":"es-CO","@id":"https:\/\/tuguia.combarranquilla.co\/Revista\/#\/schema\/logo\/image\/","url":"https:\/\/tuguia.combarranquilla.co\/Revista\/wp-content\/uploads\/2022\/02\/logo-guia-combarranquilla.svg","contentUrl":"https:\/\/tuguia.combarranquilla.co\/Revista\/wp-content\/uploads\/2022\/02\/logo-guia-combarranquilla.svg","caption":"Tu Gu\u00eda Combarranquilla"},"image":{"@id":"https:\/\/tuguia.combarranquilla.co\/Revista\/#\/schema\/logo\/image\/"}},{"@type":"Person","@id":"https:\/\/tuguia.combarranquilla.co\/Revista\/#\/schema\/person\/c2c396a77170bd1d5f8ba73294eb0d10","name":"Comunicaciones Combarranquilla","image":{"@type":"ImageObject","inLanguage":"es-CO","@id":"https:\/\/tuguia.combarranquilla.co\/Revista\/wp-content\/uploads\/2025\/05\/ABC-Al-Rojo-Logo-96x96.jpg","url":"https:\/\/tuguia.combarranquilla.co\/Revista\/wp-content\/uploads\/2025\/05\/ABC-Al-Rojo-Logo-96x96.jpg","contentUrl":"https:\/\/tuguia.combarranquilla.co\/Revista\/wp-content\/uploads\/2025\/05\/ABC-Al-Rojo-Logo-96x96.jpg","caption":"Comunicaciones Combarranquilla"},"sameAs":["https:\/\/www.combarranquilla.co"],"url":"https:\/\/tuguia.combarranquilla.co\/Revista\/author\/comunicaciones\/"}]}},"_links":{"self":[{"href":"https:\/\/tuguia.combarranquilla.co\/Revista\/wp-json\/wp\/v2\/posts\/3784","targetHints":{"allow":["GET"]}}],"collection":[{"href":"https:\/\/tuguia.combarranquilla.co\/Revista\/wp-json\/wp\/v2\/posts"}],"about":[{"href":"https:\/\/tuguia.combarranquilla.co\/Revista\/wp-json\/wp\/v2\/types\/post"}],"author":[{"embeddable":true,"href":"https:\/\/tuguia.combarranquilla.co\/Revista\/wp-json\/wp\/v2\/users\/2"}],"replies":[{"embeddable":true,"href":"https:\/\/tuguia.combarranquilla.co\/Revista\/wp-json\/wp\/v2\/comments?post=3784"}],"version-history":[{"count":9,"href":"https:\/\/tuguia.combarranquilla.co\/Revista\/wp-json\/wp\/v2\/posts\/3784\/revisions"}],"predecessor-version":[{"id":3815,"href":"https:\/\/tuguia.combarranquilla.co\/Revista\/wp-json\/wp\/v2\/posts\/3784\/revisions\/3815"}],"wp:featuredmedia":[{"embeddable":true,"href":"https:\/\/tuguia.combarranquilla.co\/Revista\/wp-json\/wp\/v2\/media\/3785"}],"wp:attachment":[{"href":"https:\/\/tuguia.combarranquilla.co\/Revista\/wp-json\/wp\/v2\/media?parent=3784"}],"wp:term":[{"taxonomy":"category","embeddable":true,"href":"https:\/\/tuguia.combarranquilla.co\/Revista\/wp-json\/wp\/v2\/categories?post=3784"},{"taxonomy":"post_tag","embeddable":true,"href":"https:\/\/tuguia.combarranquilla.co\/Revista\/wp-json\/wp\/v2\/tags?post=3784"}],"curies":[{"name":"wp","href":"https:\/\/api.w.org\/{rel}","templated":true}]}}