{"id":3789,"date":"2024-03-07T10:22:47","date_gmt":"2024-03-07T15:22:47","guid":{"rendered":"https:\/\/tuguia.combarranquilla.co\/Revista\/?p=3789"},"modified":"2024-03-07T10:22:49","modified_gmt":"2024-03-07T15:22:49","slug":"turismo-combarranquilla-una-oportunidad-para-viajar-a-peru","status":"publish","type":"post","link":"https:\/\/tuguia.combarranquilla.co\/Revista\/turismo-combarranquilla-una-oportunidad-para-viajar-a-peru\/","title":{"rendered":"Turismo Combarranquilla, una oportunidad para viajar a Per\u00fa"},"content":{"rendered":"\n<p class=\"has-medium-font-size\">No te pierdas la oportunidad de viajar y de vivir una experiencia \u00fanica, en donde podr\u00e1s explorar la cultura, la historia y la biodiversidad de Per\u00fa, un pa\u00eds que cautiva a sus visitantes con sus impresionantes paisajes y sus fascinantes sitios tur\u00edsticos.<\/p>\n\n\n\n<p class=\"has-text-align-center has-medium-font-size\"><strong>Conoce los Tours hacia la tierra de los Incas<\/strong>&#8230;<\/p>\n\n\n\n<p class=\"has-text-align-center has-medium-font-size\"><strong>6 d\u00edas \/ 7 noches<\/strong><\/p>\n\n\n\n<p class=\"has-text-align-center has-medium-font-size\"><strong>Per\u00fa Sorprendente<\/strong><\/p>\n\n\n\n<p class=\"has-text-align-center has-medium-font-size\">Lima \u2013 Cusco \u2013 Valle Sagrado \u2013 Machu Picchu<\/p>\n\n\n\n<figure class=\"wp-block-table has-medium-font-size\"><table><tbody><tr><td>Del <strong>28<\/strong> de mayo al<strong> 3 <\/strong>junio<br>Desde <strong>1.560 <\/strong>USD<br>Salida desde Medell\u00edn<\/td><td><strong>12 <\/strong>de junio<br>Desde <strong>1.620<\/strong> USD<br>Salida desde Bogot\u00e1<\/td><td><strong>10 <\/strong>de octubre<br>Desde <strong>1.660<\/strong> USD<br>Salida desde Bogot\u00e1<\/td><\/tr><\/tbody><\/table><\/figure>\n\n\n\n<p class=\"has-text-align-center has-medium-font-size\"><strong>Per\u00fa con Vinicunca<\/strong><\/p>\n\n\n\n<p class=\"has-text-align-center has-medium-font-size\">Lima \u2013 Cusco \u2013 Machu Picchu \u2013 Vinicunca<\/p>\n\n\n\n<figure class=\"wp-block-table has-medium-font-size\"><table><tbody><tr><td>Del<strong> 28 <\/strong>de mayo al<strong> 3 <\/strong>de junio<br>Desde <strong>1.600<\/strong> USD<br>Salida desde Medell\u00edn<\/td><td><strong>12<\/strong> de junio<br>Desde <strong>1.650<\/strong> USD<br>Salida desde Bogot\u00e1<\/td><td><strong>10 <\/strong>de octubre<br>Desde <strong>1.690<\/strong> USD<br>Salida desde Bogot\u00e1<\/td><\/tr><\/tbody><\/table><\/figure>\n\n\n\n<p class=\"has-text-align-center has-medium-font-size\"><strong>Per\u00fa con Humantay<\/strong><\/p>\n\n\n\n<p class=\"has-text-align-center has-medium-font-size\">Lima \u2013 Cusco \u2013 Machu Picchu \u2013 Laguna de Humantay<\/p>\n\n\n\n<figure class=\"wp-block-table has-medium-font-size\"><table><tbody><tr><td>Del <strong>28 <\/strong>de mayo al<strong> 3 <\/strong>de junio<br>Desde <strong>1.620 <\/strong>USD<br>Salida desde Medell\u00edn<\/td><td><strong>12 <\/strong>de junio<br>Desde <strong>1.680<\/strong> USD<br>Salida desde Bogot\u00e1<\/td><td><strong>10 <\/strong>de octubre<br>Desde <strong>1.720<\/strong> USD<br>Salida desde Bogot\u00e1<\/td><\/tr><\/tbody><\/table><\/figure>\n\n\n\n<p class=\"has-text-align-center has-medium-font-size\"><strong>\u00bfQu\u00e9 incluyen?<\/strong><\/p>\n\n\n\n<ul class=\"has-medium-font-size wp-block-list\">\n<li>Tiquetes<\/li>\n\n\n\n<li>Alojamiento<\/li>\n\n\n\n<li>Desayunos<\/li>\n\n\n\n<li>Traslados<\/li>\n\n\n\n<li>Gu\u00eda local<\/li>\n\n\n\n<li>Asistencia m\u00e9dica<\/li>\n\n\n\n<li>Impuestos<\/li>\n\n\n\n<li>Fee bancario<\/li>\n<\/ul>\n\n\n\n<div class=\"wp-block-group is-vertical is-layout-flex wp-container-core-group-is-layout-8cf370e7 wp-block-group-is-layout-flex\">\n<p><strong>*Tarifas en acomodaci\u00f3n doble por persona<\/strong><\/p>\n\n\n\n<p><strong>*Tarifas sujetas a cambios y disponibilidades por parte del operador<\/strong><\/p>\n\n\n\n<p><strong>*Tarifas sujetas a TMR<\/strong><\/p>\n\n\n\n<p><strong>*No incluye tiquetes Barranquilla &#8211; Bogot\u00e1 \u2013 Barranquilla y Barranquilla &#8211; Medell\u00edn &#8211; Barranquilla<\/strong><\/p>\n\n\n\n<p>M\u00e1s informes: 605-3225049 <\/p>\n<\/div>\n","protected":false},"excerpt":{"rendered":"<p>No te pierdas la oportunidad de viajar y de vivir una experiencia \u00fanica, en donde podr\u00e1s explorar la cultura, la historia y la biodiversidad de Per\u00fa, un pa\u00eds que cautiva a sus visitantes con sus impresionantes paisajes y sus fascinantes sitios tur\u00edsticos. Conoce los Tours hacia la tierra de los Incas&#8230; 6 d\u00edas \/ 7 [&hellip;]<\/p>\n","protected":false},"author":2,"featured_media":3790,"comment_status":"open","ping_status":"open","sticky":false,"template":"","format":"standard","meta":{"inline_featured_image":false,"footnotes":""},"categories":[1],"tags":[],"class_list":["post-3789","post","type-post","status-publish","format-standard","has-post-thumbnail","hentry","category-entretenimiento"],"yoast_head":"<!-- This site is optimized with the Yoast SEO plugin v27.4 - https:\/\/yoast.com\/product\/yoast-seo-wordpress\/ -->\n<title>Turismo Combarranquilla, una oportunidad para viajar a Per\u00fa - Tu Gu\u00eda<\/title>\n<meta name=\"robots\" content=\"index, follow, max-snippet:-1, max-image-preview:large, max-video-preview:-1\" \/>\n<link rel=\"canonical\" href=\"https:\/\/tuguia.combarranquilla.co\/Revista\/turismo-combarranquilla-una-oportunidad-para-viajar-a-peru\/\" \/>\n<meta property=\"og:locale\" content=\"es_ES\" \/>\n<meta property=\"og:type\" content=\"article\" \/>\n<meta property=\"og:title\" content=\"Turismo Combarranquilla, una oportunidad para viajar a Per\u00fa - Tu Gu\u00eda\" \/>\n<meta property=\"og:description\" content=\"No te pierdas la oportunidad de viajar y de vivir una experiencia \u00fanica, en donde podr\u00e1s explorar la cultura, la historia y la biodiversidad de Per\u00fa, un pa\u00eds que cautiva a sus visitantes con sus impresionantes paisajes y sus fascinantes sitios tur\u00edsticos. Conoce los Tours hacia la tierra de los Incas&#8230; 6 d\u00edas \/ 7 [&hellip;]\" \/>\n<meta property=\"og:url\" content=\"https:\/\/tuguia.combarranquilla.co\/Revista\/turismo-combarranquilla-una-oportunidad-para-viajar-a-peru\/\" \/>\n<meta property=\"og:site_name\" content=\"Tu Gu\u00eda\" \/>\n<meta property=\"article:published_time\" content=\"2024-03-07T15:22:47+00:00\" \/>\n<meta property=\"article:modified_time\" content=\"2024-03-07T15:22:49+00:00\" \/>\n<meta property=\"og:image\" content=\"https:\/\/tuguia.combarranquilla.co\/Revista\/wp-content\/uploads\/2024\/03\/pexels-chelsea-cook-2929906-scaled.jpg\" \/>\n\t<meta property=\"og:image:width\" content=\"2560\" \/>\n\t<meta property=\"og:image:height\" content=\"1920\" \/>\n\t<meta property=\"og:image:type\" content=\"image\/jpeg\" \/>\n<meta name=\"author\" content=\"Comunicaciones Combarranquilla\" \/>\n<meta name=\"twitter:card\" content=\"summary_large_image\" \/>\n<meta name=\"twitter:label1\" content=\"Escrito por\" \/>\n\t<meta name=\"twitter:data1\" content=\"Comunicaciones Combarranquilla\" \/>\n\t<meta name=\"twitter:label2\" content=\"Tiempo de lectura\" \/>\n\t<meta name=\"twitter:data2\" content=\"1 minuto\" \/>\n<script type=\"application\/ld+json\" class=\"yoast-schema-graph\">{\"@context\":\"https:\\\/\\\/schema.org\",\"@graph\":[{\"@type\":\"Article\",\"@id\":\"https:\\\/\\\/tuguia.combarranquilla.co\\\/Revista\\\/turismo-combarranquilla-una-oportunidad-para-viajar-a-peru\\\/#article\",\"isPartOf\":{\"@id\":\"https:\\\/\\\/tuguia.combarranquilla.co\\\/Revista\\\/turismo-combarranquilla-una-oportunidad-para-viajar-a-peru\\\/\"},\"author\":{\"name\":\"Comunicaciones Combarranquilla\",\"@id\":\"https:\\\/\\\/tuguia.combarranquilla.co\\\/Revista\\\/#\\\/schema\\\/person\\\/c2c396a77170bd1d5f8ba73294eb0d10\"},\"headline\":\"Turismo Combarranquilla, una oportunidad para viajar a Per\u00fa\",\"datePublished\":\"2024-03-07T15:22:47+00:00\",\"dateModified\":\"2024-03-07T15:22:49+00:00\",\"mainEntityOfPage\":{\"@id\":\"https:\\\/\\\/tuguia.combarranquilla.co\\\/Revista\\\/turismo-combarranquilla-una-oportunidad-para-viajar-a-peru\\\/\"},\"wordCount\":204,\"commentCount\":0,\"publisher\":{\"@id\":\"https:\\\/\\\/tuguia.combarranquilla.co\\\/Revista\\\/#organization\"},\"image\":{\"@id\":\"https:\\\/\\\/tuguia.combarranquilla.co\\\/Revista\\\/turismo-combarranquilla-una-oportunidad-para-viajar-a-peru\\\/#primaryimage\"},\"thumbnailUrl\":\"https:\\\/\\\/tuguia.combarranquilla.co\\\/Revista\\\/wp-content\\\/uploads\\\/2024\\\/03\\\/pexels-chelsea-cook-2929906-scaled.jpg\",\"articleSection\":[\"ENTRETENIMIENTO\"],\"inLanguage\":\"es-CO\",\"potentialAction\":[{\"@type\":\"CommentAction\",\"name\":\"Comment\",\"target\":[\"https:\\\/\\\/tuguia.combarranquilla.co\\\/Revista\\\/turismo-combarranquilla-una-oportunidad-para-viajar-a-peru\\\/#respond\"]}]},{\"@type\":\"WebPage\",\"@id\":\"https:\\\/\\\/tuguia.combarranquilla.co\\\/Revista\\\/turismo-combarranquilla-una-oportunidad-para-viajar-a-peru\\\/\",\"url\":\"https:\\\/\\\/tuguia.combarranquilla.co\\\/Revista\\\/turismo-combarranquilla-una-oportunidad-para-viajar-a-peru\\\/\",\"name\":\"Turismo Combarranquilla, una oportunidad para viajar a Per\u00fa - Tu Gu\u00eda\",\"isPartOf\":{\"@id\":\"https:\\\/\\\/tuguia.combarranquilla.co\\\/Revista\\\/#website\"},\"primaryImageOfPage\":{\"@id\":\"https:\\\/\\\/tuguia.combarranquilla.co\\\/Revista\\\/turismo-combarranquilla-una-oportunidad-para-viajar-a-peru\\\/#primaryimage\"},\"image\":{\"@id\":\"https:\\\/\\\/tuguia.combarranquilla.co\\\/Revista\\\/turismo-combarranquilla-una-oportunidad-para-viajar-a-peru\\\/#primaryimage\"},\"thumbnailUrl\":\"https:\\\/\\\/tuguia.combarranquilla.co\\\/Revista\\\/wp-content\\\/uploads\\\/2024\\\/03\\\/pexels-chelsea-cook-2929906-scaled.jpg\",\"datePublished\":\"2024-03-07T15:22:47+00:00\",\"dateModified\":\"2024-03-07T15:22:49+00:00\",\"breadcrumb\":{\"@id\":\"https:\\\/\\\/tuguia.combarranquilla.co\\\/Revista\\\/turismo-combarranquilla-una-oportunidad-para-viajar-a-peru\\\/#breadcrumb\"},\"inLanguage\":\"es-CO\",\"potentialAction\":[{\"@type\":\"ReadAction\",\"target\":[\"https:\\\/\\\/tuguia.combarranquilla.co\\\/Revista\\\/turismo-combarranquilla-una-oportunidad-para-viajar-a-peru\\\/\"]}]},{\"@type\":\"ImageObject\",\"inLanguage\":\"es-CO\",\"@id\":\"https:\\\/\\\/tuguia.combarranquilla.co\\\/Revista\\\/turismo-combarranquilla-una-oportunidad-para-viajar-a-peru\\\/#primaryimage\",\"url\":\"https:\\\/\\\/tuguia.combarranquilla.co\\\/Revista\\\/wp-content\\\/uploads\\\/2024\\\/03\\\/pexels-chelsea-cook-2929906-scaled.jpg\",\"contentUrl\":\"https:\\\/\\\/tuguia.combarranquilla.co\\\/Revista\\\/wp-content\\\/uploads\\\/2024\\\/03\\\/pexels-chelsea-cook-2929906-scaled.jpg\",\"width\":2560,\"height\":1920,\"caption\":\"*Imagen de referencia\"},{\"@type\":\"BreadcrumbList\",\"@id\":\"https:\\\/\\\/tuguia.combarranquilla.co\\\/Revista\\\/turismo-combarranquilla-una-oportunidad-para-viajar-a-peru\\\/#breadcrumb\",\"itemListElement\":[{\"@type\":\"ListItem\",\"position\":1,\"name\":\"Inicio\",\"item\":\"https:\\\/\\\/tuguia.combarranquilla.co\\\/Revista\\\/\"},{\"@type\":\"ListItem\",\"position\":2,\"name\":\"Turismo Combarranquilla, una oportunidad para viajar a Per\u00fa\"}]},{\"@type\":\"WebSite\",\"@id\":\"https:\\\/\\\/tuguia.combarranquilla.co\\\/Revista\\\/#website\",\"url\":\"https:\\\/\\\/tuguia.combarranquilla.co\\\/Revista\\\/\",\"name\":\"Tu Gu\u00eda\",\"description\":\"La revista donde lo tienes todo.\",\"publisher\":{\"@id\":\"https:\\\/\\\/tuguia.combarranquilla.co\\\/Revista\\\/#organization\"},\"alternateName\":\"Tu Gu\u00eda Combarranquilla\",\"potentialAction\":[{\"@type\":\"SearchAction\",\"target\":{\"@type\":\"EntryPoint\",\"urlTemplate\":\"https:\\\/\\\/tuguia.combarranquilla.co\\\/Revista\\\/?s={search_term_string}\"},\"query-input\":{\"@type\":\"PropertyValueSpecification\",\"valueRequired\":true,\"valueName\":\"search_term_string\"}}],\"inLanguage\":\"es-CO\"},{\"@type\":\"Organization\",\"@id\":\"https:\\\/\\\/tuguia.combarranquilla.co\\\/Revista\\\/#organization\",\"name\":\"Tu Gu\u00eda Combarranquilla\",\"url\":\"https:\\\/\\\/tuguia.combarranquilla.co\\\/Revista\\\/\",\"logo\":{\"@type\":\"ImageObject\",\"inLanguage\":\"es-CO\",\"@id\":\"https:\\\/\\\/tuguia.combarranquilla.co\\\/Revista\\\/#\\\/schema\\\/logo\\\/image\\\/\",\"url\":\"https:\\\/\\\/tuguia.combarranquilla.co\\\/Revista\\\/wp-content\\\/uploads\\\/2022\\\/02\\\/logo-guia-combarranquilla.svg\",\"contentUrl\":\"https:\\\/\\\/tuguia.combarranquilla.co\\\/Revista\\\/wp-content\\\/uploads\\\/2022\\\/02\\\/logo-guia-combarranquilla.svg\",\"caption\":\"Tu Gu\u00eda Combarranquilla\"},\"image\":{\"@id\":\"https:\\\/\\\/tuguia.combarranquilla.co\\\/Revista\\\/#\\\/schema\\\/logo\\\/image\\\/\"}},{\"@type\":\"Person\",\"@id\":\"https:\\\/\\\/tuguia.combarranquilla.co\\\/Revista\\\/#\\\/schema\\\/person\\\/c2c396a77170bd1d5f8ba73294eb0d10\",\"name\":\"Comunicaciones Combarranquilla\",\"image\":{\"@type\":\"ImageObject\",\"inLanguage\":\"es-CO\",\"@id\":\"https:\\\/\\\/tuguia.combarranquilla.co\\\/Revista\\\/wp-content\\\/uploads\\\/2025\\\/05\\\/ABC-Al-Rojo-Logo-96x96.jpg\",\"url\":\"https:\\\/\\\/tuguia.combarranquilla.co\\\/Revista\\\/wp-content\\\/uploads\\\/2025\\\/05\\\/ABC-Al-Rojo-Logo-96x96.jpg\",\"contentUrl\":\"https:\\\/\\\/tuguia.combarranquilla.co\\\/Revista\\\/wp-content\\\/uploads\\\/2025\\\/05\\\/ABC-Al-Rojo-Logo-96x96.jpg\",\"caption\":\"Comunicaciones Combarranquilla\"},\"sameAs\":[\"https:\\\/\\\/www.combarranquilla.co\"],\"url\":\"https:\\\/\\\/tuguia.combarranquilla.co\\\/Revista\\\/author\\\/comunicaciones\\\/\"}]}<\/script>\n<!-- \/ Yoast SEO plugin. -->","yoast_head_json":{"title":"Turismo Combarranquilla, una oportunidad para viajar a Per\u00fa - Tu Gu\u00eda","robots":{"index":"index","follow":"follow","max-snippet":"max-snippet:-1","max-image-preview":"max-image-preview:large","max-video-preview":"max-video-preview:-1"},"canonical":"https:\/\/tuguia.combarranquilla.co\/Revista\/turismo-combarranquilla-una-oportunidad-para-viajar-a-peru\/","og_locale":"es_ES","og_type":"article","og_title":"Turismo Combarranquilla, una oportunidad para viajar a Per\u00fa - Tu Gu\u00eda","og_description":"No te pierdas la oportunidad de viajar y de vivir una experiencia \u00fanica, en donde podr\u00e1s explorar la cultura, la historia y la biodiversidad de Per\u00fa, un pa\u00eds que cautiva a sus visitantes con sus impresionantes paisajes y sus fascinantes sitios tur\u00edsticos. Conoce los Tours hacia la tierra de los Incas&#8230; 6 d\u00edas \/ 7 [&hellip;]","og_url":"https:\/\/tuguia.combarranquilla.co\/Revista\/turismo-combarranquilla-una-oportunidad-para-viajar-a-peru\/","og_site_name":"Tu Gu\u00eda","article_published_time":"2024-03-07T15:22:47+00:00","article_modified_time":"2024-03-07T15:22:49+00:00","og_image":[{"width":2560,"height":1920,"url":"https:\/\/tuguia.combarranquilla.co\/Revista\/wp-content\/uploads\/2024\/03\/pexels-chelsea-cook-2929906-scaled.jpg","type":"image\/jpeg"}],"author":"Comunicaciones Combarranquilla","twitter_card":"summary_large_image","twitter_misc":{"Escrito por":"Comunicaciones Combarranquilla","Tiempo de lectura":"1 minuto"},"schema":{"@context":"https:\/\/schema.org","@graph":[{"@type":"Article","@id":"https:\/\/tuguia.combarranquilla.co\/Revista\/turismo-combarranquilla-una-oportunidad-para-viajar-a-peru\/#article","isPartOf":{"@id":"https:\/\/tuguia.combarranquilla.co\/Revista\/turismo-combarranquilla-una-oportunidad-para-viajar-a-peru\/"},"author":{"name":"Comunicaciones Combarranquilla","@id":"https:\/\/tuguia.combarranquilla.co\/Revista\/#\/schema\/person\/c2c396a77170bd1d5f8ba73294eb0d10"},"headline":"Turismo Combarranquilla, una oportunidad para viajar a Per\u00fa","datePublished":"2024-03-07T15:22:47+00:00","dateModified":"2024-03-07T15:22:49+00:00","mainEntityOfPage":{"@id":"https:\/\/tuguia.combarranquilla.co\/Revista\/turismo-combarranquilla-una-oportunidad-para-viajar-a-peru\/"},"wordCount":204,"commentCount":0,"publisher":{"@id":"https:\/\/tuguia.combarranquilla.co\/Revista\/#organization"},"image":{"@id":"https:\/\/tuguia.combarranquilla.co\/Revista\/turismo-combarranquilla-una-oportunidad-para-viajar-a-peru\/#primaryimage"},"thumbnailUrl":"https:\/\/tuguia.combarranquilla.co\/Revista\/wp-content\/uploads\/2024\/03\/pexels-chelsea-cook-2929906-scaled.jpg","articleSection":["ENTRETENIMIENTO"],"inLanguage":"es-CO","potentialAction":[{"@type":"CommentAction","name":"Comment","target":["https:\/\/tuguia.combarranquilla.co\/Revista\/turismo-combarranquilla-una-oportunidad-para-viajar-a-peru\/#respond"]}]},{"@type":"WebPage","@id":"https:\/\/tuguia.combarranquilla.co\/Revista\/turismo-combarranquilla-una-oportunidad-para-viajar-a-peru\/","url":"https:\/\/tuguia.combarranquilla.co\/Revista\/turismo-combarranquilla-una-oportunidad-para-viajar-a-peru\/","name":"Turismo Combarranquilla, una oportunidad para viajar a Per\u00fa - Tu Gu\u00eda","isPartOf":{"@id":"https:\/\/tuguia.combarranquilla.co\/Revista\/#website"},"primaryImageOfPage":{"@id":"https:\/\/tuguia.combarranquilla.co\/Revista\/turismo-combarranquilla-una-oportunidad-para-viajar-a-peru\/#primaryimage"},"image":{"@id":"https:\/\/tuguia.combarranquilla.co\/Revista\/turismo-combarranquilla-una-oportunidad-para-viajar-a-peru\/#primaryimage"},"thumbnailUrl":"https:\/\/tuguia.combarranquilla.co\/Revista\/wp-content\/uploads\/2024\/03\/pexels-chelsea-cook-2929906-scaled.jpg","datePublished":"2024-03-07T15:22:47+00:00","dateModified":"2024-03-07T15:22:49+00:00","breadcrumb":{"@id":"https:\/\/tuguia.combarranquilla.co\/Revista\/turismo-combarranquilla-una-oportunidad-para-viajar-a-peru\/#breadcrumb"},"inLanguage":"es-CO","potentialAction":[{"@type":"ReadAction","target":["https:\/\/tuguia.combarranquilla.co\/Revista\/turismo-combarranquilla-una-oportunidad-para-viajar-a-peru\/"]}]},{"@type":"ImageObject","inLanguage":"es-CO","@id":"https:\/\/tuguia.combarranquilla.co\/Revista\/turismo-combarranquilla-una-oportunidad-para-viajar-a-peru\/#primaryimage","url":"https:\/\/tuguia.combarranquilla.co\/Revista\/wp-content\/uploads\/2024\/03\/pexels-chelsea-cook-2929906-scaled.jpg","contentUrl":"https:\/\/tuguia.combarranquilla.co\/Revista\/wp-content\/uploads\/2024\/03\/pexels-chelsea-cook-2929906-scaled.jpg","width":2560,"height":1920,"caption":"*Imagen de referencia"},{"@type":"BreadcrumbList","@id":"https:\/\/tuguia.combarranquilla.co\/Revista\/turismo-combarranquilla-una-oportunidad-para-viajar-a-peru\/#breadcrumb","itemListElement":[{"@type":"ListItem","position":1,"name":"Inicio","item":"https:\/\/tuguia.combarranquilla.co\/Revista\/"},{"@type":"ListItem","position":2,"name":"Turismo Combarranquilla, una oportunidad para viajar a Per\u00fa"}]},{"@type":"WebSite","@id":"https:\/\/tuguia.combarranquilla.co\/Revista\/#website","url":"https:\/\/tuguia.combarranquilla.co\/Revista\/","name":"Tu Gu\u00eda","description":"La revista donde lo tienes todo.","publisher":{"@id":"https:\/\/tuguia.combarranquilla.co\/Revista\/#organization"},"alternateName":"Tu Gu\u00eda Combarranquilla","potentialAction":[{"@type":"SearchAction","target":{"@type":"EntryPoint","urlTemplate":"https:\/\/tuguia.combarranquilla.co\/Revista\/?s={search_term_string}"},"query-input":{"@type":"PropertyValueSpecification","valueRequired":true,"valueName":"search_term_string"}}],"inLanguage":"es-CO"},{"@type":"Organization","@id":"https:\/\/tuguia.combarranquilla.co\/Revista\/#organization","name":"Tu Gu\u00eda Combarranquilla","url":"https:\/\/tuguia.combarranquilla.co\/Revista\/","logo":{"@type":"ImageObject","inLanguage":"es-CO","@id":"https:\/\/tuguia.combarranquilla.co\/Revista\/#\/schema\/logo\/image\/","url":"https:\/\/tuguia.combarranquilla.co\/Revista\/wp-content\/uploads\/2022\/02\/logo-guia-combarranquilla.svg","contentUrl":"https:\/\/tuguia.combarranquilla.co\/Revista\/wp-content\/uploads\/2022\/02\/logo-guia-combarranquilla.svg","caption":"Tu Gu\u00eda Combarranquilla"},"image":{"@id":"https:\/\/tuguia.combarranquilla.co\/Revista\/#\/schema\/logo\/image\/"}},{"@type":"Person","@id":"https:\/\/tuguia.combarranquilla.co\/Revista\/#\/schema\/person\/c2c396a77170bd1d5f8ba73294eb0d10","name":"Comunicaciones Combarranquilla","image":{"@type":"ImageObject","inLanguage":"es-CO","@id":"https:\/\/tuguia.combarranquilla.co\/Revista\/wp-content\/uploads\/2025\/05\/ABC-Al-Rojo-Logo-96x96.jpg","url":"https:\/\/tuguia.combarranquilla.co\/Revista\/wp-content\/uploads\/2025\/05\/ABC-Al-Rojo-Logo-96x96.jpg","contentUrl":"https:\/\/tuguia.combarranquilla.co\/Revista\/wp-content\/uploads\/2025\/05\/ABC-Al-Rojo-Logo-96x96.jpg","caption":"Comunicaciones Combarranquilla"},"sameAs":["https:\/\/www.combarranquilla.co"],"url":"https:\/\/tuguia.combarranquilla.co\/Revista\/author\/comunicaciones\/"}]}},"_links":{"self":[{"href":"https:\/\/tuguia.combarranquilla.co\/Revista\/wp-json\/wp\/v2\/posts\/3789","targetHints":{"allow":["GET"]}}],"collection":[{"href":"https:\/\/tuguia.combarranquilla.co\/Revista\/wp-json\/wp\/v2\/posts"}],"about":[{"href":"https:\/\/tuguia.combarranquilla.co\/Revista\/wp-json\/wp\/v2\/types\/post"}],"author":[{"embeddable":true,"href":"https:\/\/tuguia.combarranquilla.co\/Revista\/wp-json\/wp\/v2\/users\/2"}],"replies":[{"embeddable":true,"href":"https:\/\/tuguia.combarranquilla.co\/Revista\/wp-json\/wp\/v2\/comments?post=3789"}],"version-history":[{"count":12,"href":"https:\/\/tuguia.combarranquilla.co\/Revista\/wp-json\/wp\/v2\/posts\/3789\/revisions"}],"predecessor-version":[{"id":3847,"href":"https:\/\/tuguia.combarranquilla.co\/Revista\/wp-json\/wp\/v2\/posts\/3789\/revisions\/3847"}],"wp:featuredmedia":[{"embeddable":true,"href":"https:\/\/tuguia.combarranquilla.co\/Revista\/wp-json\/wp\/v2\/media\/3790"}],"wp:attachment":[{"href":"https:\/\/tuguia.combarranquilla.co\/Revista\/wp-json\/wp\/v2\/media?parent=3789"}],"wp:term":[{"taxonomy":"category","embeddable":true,"href":"https:\/\/tuguia.combarranquilla.co\/Revista\/wp-json\/wp\/v2\/categories?post=3789"},{"taxonomy":"post_tag","embeddable":true,"href":"https:\/\/tuguia.combarranquilla.co\/Revista\/wp-json\/wp\/v2\/tags?post=3789"}],"curies":[{"name":"wp","href":"https:\/\/api.w.org\/{rel}","templated":true}]}}