{"id":3805,"date":"2024-02-06T10:45:00","date_gmt":"2024-02-06T15:45:00","guid":{"rendered":"https:\/\/tuguia.combarranquilla.co\/Revista\/?p=3805"},"modified":"2024-03-07T10:15:05","modified_gmt":"2024-03-07T15:15:05","slug":"subsidio-educativo-combarranquilla-2024","status":"publish","type":"post","link":"https:\/\/tuguia.combarranquilla.co\/Revista\/subsidio-educativo-combarranquilla-2024\/","title":{"rendered":"Subsidio educativo Combarranquilla 2024"},"content":{"rendered":"\n<p>Hasta el 29 de febrero puedes solicitarlo en Servicios en L\u00ednea.<\/p>\n\n\n\n<p>Combarranquilla apoya la educaci\u00f3n de ni\u00f1os, j\u00f3venes y adultos afiliados. <\/p>\n\n\n\n<p>Si actualmente te encuentras  como trabajador afiliado, c\u00f3nyuge e hijos puedes solicitar el Subsidio Educativo para Educaci\u00f3n Formal en B\u00e1sica Primaria, B\u00e1sica Secundaria y Media, Educaci\u00f3n Especial y Superior en excelentes Colegios y Universidades del Departamento.<br>El Subsidio Educativo se entrega a todos los hijos que no sean mayores de 18 a\u00f1os, a los trabajadores y c\u00f3nyuges que estudien en las Instituciones Educativas con las cuales tenemos convenio y cumplan con los requisitos establecidos por la Caja.<\/p>\n\n\n\n<p>Para validar las instituciones en convenio, ingresa a https:\/\/www.combarranquilla.co\/subsidios\/#panel<\/p>\n\n\n\n<p>Los afiliados podr\u00e1n solicitar el subsidio educativo para universidad, primaria y bachillerato, desde la comodidad de su casa u oficina, recibiendo respuesta oportuna a su solicitud m\u00e1ximo en 3 d\u00edas h\u00e1biles, la orden de subsidio educativo para universidad o colegios privado ser\u00e1 enviada a su correo electr\u00f3nico registrado en nuestra base de datos y ser\u00e1 cargada en su perfil web.<\/p>\n\n\n\n<p>Como reconocimiento a los hijos de los trabajadores afiliados que hayan presentado las pruebas del ICFES en el presente a\u00f1o lectivo y cumplan con los requisitos establecidos por la Caja, todos los a\u00f1os Combarranquilla realiza el\u00a0Concurso a la Excelencia Acad\u00e9mica\u00a0y\u00a0Beca Progreso\u00a0en donde los beneficiarios podr\u00e1n ser acreedores de un computador port\u00e1til para seguir fortaleciendo sus estudios. <\/p>\n\n\n\n<p><\/p>\n","protected":false},"excerpt":{"rendered":"<p>Hasta el 29 de febrero puedes solicitarlo en Servicios en L\u00ednea. Combarranquilla apoya la educaci\u00f3n de ni\u00f1os, j\u00f3venes y adultos afiliados. Si actualmente te encuentras como trabajador afiliado, c\u00f3nyuge e hijos puedes solicitar el Subsidio Educativo para Educaci\u00f3n Formal en B\u00e1sica Primaria, B\u00e1sica Secundaria y Media, Educaci\u00f3n Especial y Superior en excelentes Colegios y Universidades [&hellip;]<\/p>\n","protected":false},"author":2,"featured_media":3846,"comment_status":"open","ping_status":"open","sticky":false,"template":"","format":"standard","meta":{"inline_featured_image":false,"footnotes":""},"categories":[2],"tags":[],"class_list":["post-3805","post","type-post","status-publish","format-standard","has-post-thumbnail","hentry","category-subsidios"],"yoast_head":"<!-- This site is optimized with the Yoast SEO plugin v27.4 - https:\/\/yoast.com\/product\/yoast-seo-wordpress\/ -->\n<title>Subsidio educativo Combarranquilla 2024 - Tu Gu\u00eda<\/title>\n<meta name=\"robots\" content=\"index, follow, max-snippet:-1, max-image-preview:large, max-video-preview:-1\" \/>\n<link rel=\"canonical\" href=\"https:\/\/tuguia.combarranquilla.co\/Revista\/subsidio-educativo-combarranquilla-2024\/\" \/>\n<meta property=\"og:locale\" content=\"es_ES\" \/>\n<meta property=\"og:type\" content=\"article\" \/>\n<meta property=\"og:title\" content=\"Subsidio educativo Combarranquilla 2024 - Tu Gu\u00eda\" \/>\n<meta property=\"og:description\" content=\"Hasta el 29 de febrero puedes solicitarlo en Servicios en L\u00ednea. Combarranquilla apoya la educaci\u00f3n de ni\u00f1os, j\u00f3venes y adultos afiliados. Si actualmente te encuentras como trabajador afiliado, c\u00f3nyuge e hijos puedes solicitar el Subsidio Educativo para Educaci\u00f3n Formal en B\u00e1sica Primaria, B\u00e1sica Secundaria y Media, Educaci\u00f3n Especial y Superior en excelentes Colegios y Universidades [&hellip;]\" \/>\n<meta property=\"og:url\" content=\"https:\/\/tuguia.combarranquilla.co\/Revista\/subsidio-educativo-combarranquilla-2024\/\" \/>\n<meta property=\"og:site_name\" content=\"Tu Gu\u00eda\" \/>\n<meta property=\"article:published_time\" content=\"2024-02-06T15:45:00+00:00\" \/>\n<meta property=\"article:modified_time\" content=\"2024-03-07T15:15:05+00:00\" \/>\n<meta property=\"og:image\" content=\"https:\/\/tuguia.combarranquilla.co\/Revista\/wp-content\/uploads\/2024\/03\/SUBSIDIO-UNIVERSITARIO-Mesa-de-trabajo-2.png\" \/>\n\t<meta property=\"og:image:width\" content=\"1080\" \/>\n\t<meta property=\"og:image:height\" content=\"1350\" \/>\n\t<meta property=\"og:image:type\" content=\"image\/png\" \/>\n<meta name=\"author\" content=\"Comunicaciones Combarranquilla\" \/>\n<meta name=\"twitter:card\" content=\"summary_large_image\" \/>\n<meta name=\"twitter:label1\" content=\"Escrito por\" \/>\n\t<meta name=\"twitter:data1\" content=\"Comunicaciones Combarranquilla\" \/>\n\t<meta name=\"twitter:label2\" content=\"Tiempo de lectura\" \/>\n\t<meta name=\"twitter:data2\" content=\"1 minuto\" \/>\n<script type=\"application\/ld+json\" class=\"yoast-schema-graph\">{\"@context\":\"https:\\\/\\\/schema.org\",\"@graph\":[{\"@type\":\"Article\",\"@id\":\"https:\\\/\\\/tuguia.combarranquilla.co\\\/Revista\\\/subsidio-educativo-combarranquilla-2024\\\/#article\",\"isPartOf\":{\"@id\":\"https:\\\/\\\/tuguia.combarranquilla.co\\\/Revista\\\/subsidio-educativo-combarranquilla-2024\\\/\"},\"author\":{\"name\":\"Comunicaciones Combarranquilla\",\"@id\":\"https:\\\/\\\/tuguia.combarranquilla.co\\\/Revista\\\/#\\\/schema\\\/person\\\/c2c396a77170bd1d5f8ba73294eb0d10\"},\"headline\":\"Subsidio educativo Combarranquilla 2024\",\"datePublished\":\"2024-02-06T15:45:00+00:00\",\"dateModified\":\"2024-03-07T15:15:05+00:00\",\"mainEntityOfPage\":{\"@id\":\"https:\\\/\\\/tuguia.combarranquilla.co\\\/Revista\\\/subsidio-educativo-combarranquilla-2024\\\/\"},\"wordCount\":253,\"commentCount\":0,\"publisher\":{\"@id\":\"https:\\\/\\\/tuguia.combarranquilla.co\\\/Revista\\\/#organization\"},\"image\":{\"@id\":\"https:\\\/\\\/tuguia.combarranquilla.co\\\/Revista\\\/subsidio-educativo-combarranquilla-2024\\\/#primaryimage\"},\"thumbnailUrl\":\"https:\\\/\\\/tuguia.combarranquilla.co\\\/Revista\\\/wp-content\\\/uploads\\\/2024\\\/03\\\/SUBSIDIO-UNIVERSITARIO-Mesa-de-trabajo-2.png\",\"articleSection\":[\"SUBSIDIOS\"],\"inLanguage\":\"es-CO\",\"potentialAction\":[{\"@type\":\"CommentAction\",\"name\":\"Comment\",\"target\":[\"https:\\\/\\\/tuguia.combarranquilla.co\\\/Revista\\\/subsidio-educativo-combarranquilla-2024\\\/#respond\"]}]},{\"@type\":\"WebPage\",\"@id\":\"https:\\\/\\\/tuguia.combarranquilla.co\\\/Revista\\\/subsidio-educativo-combarranquilla-2024\\\/\",\"url\":\"https:\\\/\\\/tuguia.combarranquilla.co\\\/Revista\\\/subsidio-educativo-combarranquilla-2024\\\/\",\"name\":\"Subsidio educativo Combarranquilla 2024 - Tu Gu\u00eda\",\"isPartOf\":{\"@id\":\"https:\\\/\\\/tuguia.combarranquilla.co\\\/Revista\\\/#website\"},\"primaryImageOfPage\":{\"@id\":\"https:\\\/\\\/tuguia.combarranquilla.co\\\/Revista\\\/subsidio-educativo-combarranquilla-2024\\\/#primaryimage\"},\"image\":{\"@id\":\"https:\\\/\\\/tuguia.combarranquilla.co\\\/Revista\\\/subsidio-educativo-combarranquilla-2024\\\/#primaryimage\"},\"thumbnailUrl\":\"https:\\\/\\\/tuguia.combarranquilla.co\\\/Revista\\\/wp-content\\\/uploads\\\/2024\\\/03\\\/SUBSIDIO-UNIVERSITARIO-Mesa-de-trabajo-2.png\",\"datePublished\":\"2024-02-06T15:45:00+00:00\",\"dateModified\":\"2024-03-07T15:15:05+00:00\",\"breadcrumb\":{\"@id\":\"https:\\\/\\\/tuguia.combarranquilla.co\\\/Revista\\\/subsidio-educativo-combarranquilla-2024\\\/#breadcrumb\"},\"inLanguage\":\"es-CO\",\"potentialAction\":[{\"@type\":\"ReadAction\",\"target\":[\"https:\\\/\\\/tuguia.combarranquilla.co\\\/Revista\\\/subsidio-educativo-combarranquilla-2024\\\/\"]}]},{\"@type\":\"ImageObject\",\"inLanguage\":\"es-CO\",\"@id\":\"https:\\\/\\\/tuguia.combarranquilla.co\\\/Revista\\\/subsidio-educativo-combarranquilla-2024\\\/#primaryimage\",\"url\":\"https:\\\/\\\/tuguia.combarranquilla.co\\\/Revista\\\/wp-content\\\/uploads\\\/2024\\\/03\\\/SUBSIDIO-UNIVERSITARIO-Mesa-de-trabajo-2.png\",\"contentUrl\":\"https:\\\/\\\/tuguia.combarranquilla.co\\\/Revista\\\/wp-content\\\/uploads\\\/2024\\\/03\\\/SUBSIDIO-UNIVERSITARIO-Mesa-de-trabajo-2.png\",\"width\":1080,\"height\":1350},{\"@type\":\"BreadcrumbList\",\"@id\":\"https:\\\/\\\/tuguia.combarranquilla.co\\\/Revista\\\/subsidio-educativo-combarranquilla-2024\\\/#breadcrumb\",\"itemListElement\":[{\"@type\":\"ListItem\",\"position\":1,\"name\":\"Inicio\",\"item\":\"https:\\\/\\\/tuguia.combarranquilla.co\\\/Revista\\\/\"},{\"@type\":\"ListItem\",\"position\":2,\"name\":\"Subsidio educativo Combarranquilla 2024\"}]},{\"@type\":\"WebSite\",\"@id\":\"https:\\\/\\\/tuguia.combarranquilla.co\\\/Revista\\\/#website\",\"url\":\"https:\\\/\\\/tuguia.combarranquilla.co\\\/Revista\\\/\",\"name\":\"Tu Gu\u00eda\",\"description\":\"La revista donde lo tienes todo.\",\"publisher\":{\"@id\":\"https:\\\/\\\/tuguia.combarranquilla.co\\\/Revista\\\/#organization\"},\"alternateName\":\"Tu Gu\u00eda Combarranquilla\",\"potentialAction\":[{\"@type\":\"SearchAction\",\"target\":{\"@type\":\"EntryPoint\",\"urlTemplate\":\"https:\\\/\\\/tuguia.combarranquilla.co\\\/Revista\\\/?s={search_term_string}\"},\"query-input\":{\"@type\":\"PropertyValueSpecification\",\"valueRequired\":true,\"valueName\":\"search_term_string\"}}],\"inLanguage\":\"es-CO\"},{\"@type\":\"Organization\",\"@id\":\"https:\\\/\\\/tuguia.combarranquilla.co\\\/Revista\\\/#organization\",\"name\":\"Tu Gu\u00eda Combarranquilla\",\"url\":\"https:\\\/\\\/tuguia.combarranquilla.co\\\/Revista\\\/\",\"logo\":{\"@type\":\"ImageObject\",\"inLanguage\":\"es-CO\",\"@id\":\"https:\\\/\\\/tuguia.combarranquilla.co\\\/Revista\\\/#\\\/schema\\\/logo\\\/image\\\/\",\"url\":\"https:\\\/\\\/tuguia.combarranquilla.co\\\/Revista\\\/wp-content\\\/uploads\\\/2022\\\/02\\\/logo-guia-combarranquilla.svg\",\"contentUrl\":\"https:\\\/\\\/tuguia.combarranquilla.co\\\/Revista\\\/wp-content\\\/uploads\\\/2022\\\/02\\\/logo-guia-combarranquilla.svg\",\"caption\":\"Tu Gu\u00eda Combarranquilla\"},\"image\":{\"@id\":\"https:\\\/\\\/tuguia.combarranquilla.co\\\/Revista\\\/#\\\/schema\\\/logo\\\/image\\\/\"}},{\"@type\":\"Person\",\"@id\":\"https:\\\/\\\/tuguia.combarranquilla.co\\\/Revista\\\/#\\\/schema\\\/person\\\/c2c396a77170bd1d5f8ba73294eb0d10\",\"name\":\"Comunicaciones Combarranquilla\",\"image\":{\"@type\":\"ImageObject\",\"inLanguage\":\"es-CO\",\"@id\":\"https:\\\/\\\/tuguia.combarranquilla.co\\\/Revista\\\/wp-content\\\/uploads\\\/2025\\\/05\\\/ABC-Al-Rojo-Logo-96x96.jpg\",\"url\":\"https:\\\/\\\/tuguia.combarranquilla.co\\\/Revista\\\/wp-content\\\/uploads\\\/2025\\\/05\\\/ABC-Al-Rojo-Logo-96x96.jpg\",\"contentUrl\":\"https:\\\/\\\/tuguia.combarranquilla.co\\\/Revista\\\/wp-content\\\/uploads\\\/2025\\\/05\\\/ABC-Al-Rojo-Logo-96x96.jpg\",\"caption\":\"Comunicaciones Combarranquilla\"},\"sameAs\":[\"https:\\\/\\\/www.combarranquilla.co\"],\"url\":\"https:\\\/\\\/tuguia.combarranquilla.co\\\/Revista\\\/author\\\/comunicaciones\\\/\"}]}<\/script>\n<!-- \/ Yoast SEO plugin. -->","yoast_head_json":{"title":"Subsidio educativo Combarranquilla 2024 - Tu Gu\u00eda","robots":{"index":"index","follow":"follow","max-snippet":"max-snippet:-1","max-image-preview":"max-image-preview:large","max-video-preview":"max-video-preview:-1"},"canonical":"https:\/\/tuguia.combarranquilla.co\/Revista\/subsidio-educativo-combarranquilla-2024\/","og_locale":"es_ES","og_type":"article","og_title":"Subsidio educativo Combarranquilla 2024 - Tu Gu\u00eda","og_description":"Hasta el 29 de febrero puedes solicitarlo en Servicios en L\u00ednea. Combarranquilla apoya la educaci\u00f3n de ni\u00f1os, j\u00f3venes y adultos afiliados. Si actualmente te encuentras como trabajador afiliado, c\u00f3nyuge e hijos puedes solicitar el Subsidio Educativo para Educaci\u00f3n Formal en B\u00e1sica Primaria, B\u00e1sica Secundaria y Media, Educaci\u00f3n Especial y Superior en excelentes Colegios y Universidades [&hellip;]","og_url":"https:\/\/tuguia.combarranquilla.co\/Revista\/subsidio-educativo-combarranquilla-2024\/","og_site_name":"Tu Gu\u00eda","article_published_time":"2024-02-06T15:45:00+00:00","article_modified_time":"2024-03-07T15:15:05+00:00","og_image":[{"width":1080,"height":1350,"url":"https:\/\/tuguia.combarranquilla.co\/Revista\/wp-content\/uploads\/2024\/03\/SUBSIDIO-UNIVERSITARIO-Mesa-de-trabajo-2.png","type":"image\/png"}],"author":"Comunicaciones Combarranquilla","twitter_card":"summary_large_image","twitter_misc":{"Escrito por":"Comunicaciones Combarranquilla","Tiempo de lectura":"1 minuto"},"schema":{"@context":"https:\/\/schema.org","@graph":[{"@type":"Article","@id":"https:\/\/tuguia.combarranquilla.co\/Revista\/subsidio-educativo-combarranquilla-2024\/#article","isPartOf":{"@id":"https:\/\/tuguia.combarranquilla.co\/Revista\/subsidio-educativo-combarranquilla-2024\/"},"author":{"name":"Comunicaciones Combarranquilla","@id":"https:\/\/tuguia.combarranquilla.co\/Revista\/#\/schema\/person\/c2c396a77170bd1d5f8ba73294eb0d10"},"headline":"Subsidio educativo Combarranquilla 2024","datePublished":"2024-02-06T15:45:00+00:00","dateModified":"2024-03-07T15:15:05+00:00","mainEntityOfPage":{"@id":"https:\/\/tuguia.combarranquilla.co\/Revista\/subsidio-educativo-combarranquilla-2024\/"},"wordCount":253,"commentCount":0,"publisher":{"@id":"https:\/\/tuguia.combarranquilla.co\/Revista\/#organization"},"image":{"@id":"https:\/\/tuguia.combarranquilla.co\/Revista\/subsidio-educativo-combarranquilla-2024\/#primaryimage"},"thumbnailUrl":"https:\/\/tuguia.combarranquilla.co\/Revista\/wp-content\/uploads\/2024\/03\/SUBSIDIO-UNIVERSITARIO-Mesa-de-trabajo-2.png","articleSection":["SUBSIDIOS"],"inLanguage":"es-CO","potentialAction":[{"@type":"CommentAction","name":"Comment","target":["https:\/\/tuguia.combarranquilla.co\/Revista\/subsidio-educativo-combarranquilla-2024\/#respond"]}]},{"@type":"WebPage","@id":"https:\/\/tuguia.combarranquilla.co\/Revista\/subsidio-educativo-combarranquilla-2024\/","url":"https:\/\/tuguia.combarranquilla.co\/Revista\/subsidio-educativo-combarranquilla-2024\/","name":"Subsidio educativo Combarranquilla 2024 - Tu Gu\u00eda","isPartOf":{"@id":"https:\/\/tuguia.combarranquilla.co\/Revista\/#website"},"primaryImageOfPage":{"@id":"https:\/\/tuguia.combarranquilla.co\/Revista\/subsidio-educativo-combarranquilla-2024\/#primaryimage"},"image":{"@id":"https:\/\/tuguia.combarranquilla.co\/Revista\/subsidio-educativo-combarranquilla-2024\/#primaryimage"},"thumbnailUrl":"https:\/\/tuguia.combarranquilla.co\/Revista\/wp-content\/uploads\/2024\/03\/SUBSIDIO-UNIVERSITARIO-Mesa-de-trabajo-2.png","datePublished":"2024-02-06T15:45:00+00:00","dateModified":"2024-03-07T15:15:05+00:00","breadcrumb":{"@id":"https:\/\/tuguia.combarranquilla.co\/Revista\/subsidio-educativo-combarranquilla-2024\/#breadcrumb"},"inLanguage":"es-CO","potentialAction":[{"@type":"ReadAction","target":["https:\/\/tuguia.combarranquilla.co\/Revista\/subsidio-educativo-combarranquilla-2024\/"]}]},{"@type":"ImageObject","inLanguage":"es-CO","@id":"https:\/\/tuguia.combarranquilla.co\/Revista\/subsidio-educativo-combarranquilla-2024\/#primaryimage","url":"https:\/\/tuguia.combarranquilla.co\/Revista\/wp-content\/uploads\/2024\/03\/SUBSIDIO-UNIVERSITARIO-Mesa-de-trabajo-2.png","contentUrl":"https:\/\/tuguia.combarranquilla.co\/Revista\/wp-content\/uploads\/2024\/03\/SUBSIDIO-UNIVERSITARIO-Mesa-de-trabajo-2.png","width":1080,"height":1350},{"@type":"BreadcrumbList","@id":"https:\/\/tuguia.combarranquilla.co\/Revista\/subsidio-educativo-combarranquilla-2024\/#breadcrumb","itemListElement":[{"@type":"ListItem","position":1,"name":"Inicio","item":"https:\/\/tuguia.combarranquilla.co\/Revista\/"},{"@type":"ListItem","position":2,"name":"Subsidio educativo Combarranquilla 2024"}]},{"@type":"WebSite","@id":"https:\/\/tuguia.combarranquilla.co\/Revista\/#website","url":"https:\/\/tuguia.combarranquilla.co\/Revista\/","name":"Tu Gu\u00eda","description":"La revista donde lo tienes todo.","publisher":{"@id":"https:\/\/tuguia.combarranquilla.co\/Revista\/#organization"},"alternateName":"Tu Gu\u00eda Combarranquilla","potentialAction":[{"@type":"SearchAction","target":{"@type":"EntryPoint","urlTemplate":"https:\/\/tuguia.combarranquilla.co\/Revista\/?s={search_term_string}"},"query-input":{"@type":"PropertyValueSpecification","valueRequired":true,"valueName":"search_term_string"}}],"inLanguage":"es-CO"},{"@type":"Organization","@id":"https:\/\/tuguia.combarranquilla.co\/Revista\/#organization","name":"Tu Gu\u00eda Combarranquilla","url":"https:\/\/tuguia.combarranquilla.co\/Revista\/","logo":{"@type":"ImageObject","inLanguage":"es-CO","@id":"https:\/\/tuguia.combarranquilla.co\/Revista\/#\/schema\/logo\/image\/","url":"https:\/\/tuguia.combarranquilla.co\/Revista\/wp-content\/uploads\/2022\/02\/logo-guia-combarranquilla.svg","contentUrl":"https:\/\/tuguia.combarranquilla.co\/Revista\/wp-content\/uploads\/2022\/02\/logo-guia-combarranquilla.svg","caption":"Tu Gu\u00eda Combarranquilla"},"image":{"@id":"https:\/\/tuguia.combarranquilla.co\/Revista\/#\/schema\/logo\/image\/"}},{"@type":"Person","@id":"https:\/\/tuguia.combarranquilla.co\/Revista\/#\/schema\/person\/c2c396a77170bd1d5f8ba73294eb0d10","name":"Comunicaciones Combarranquilla","image":{"@type":"ImageObject","inLanguage":"es-CO","@id":"https:\/\/tuguia.combarranquilla.co\/Revista\/wp-content\/uploads\/2025\/05\/ABC-Al-Rojo-Logo-96x96.jpg","url":"https:\/\/tuguia.combarranquilla.co\/Revista\/wp-content\/uploads\/2025\/05\/ABC-Al-Rojo-Logo-96x96.jpg","contentUrl":"https:\/\/tuguia.combarranquilla.co\/Revista\/wp-content\/uploads\/2025\/05\/ABC-Al-Rojo-Logo-96x96.jpg","caption":"Comunicaciones Combarranquilla"},"sameAs":["https:\/\/www.combarranquilla.co"],"url":"https:\/\/tuguia.combarranquilla.co\/Revista\/author\/comunicaciones\/"}]}},"_links":{"self":[{"href":"https:\/\/tuguia.combarranquilla.co\/Revista\/wp-json\/wp\/v2\/posts\/3805","targetHints":{"allow":["GET"]}}],"collection":[{"href":"https:\/\/tuguia.combarranquilla.co\/Revista\/wp-json\/wp\/v2\/posts"}],"about":[{"href":"https:\/\/tuguia.combarranquilla.co\/Revista\/wp-json\/wp\/v2\/types\/post"}],"author":[{"embeddable":true,"href":"https:\/\/tuguia.combarranquilla.co\/Revista\/wp-json\/wp\/v2\/users\/2"}],"replies":[{"embeddable":true,"href":"https:\/\/tuguia.combarranquilla.co\/Revista\/wp-json\/wp\/v2\/comments?post=3805"}],"version-history":[{"count":1,"href":"https:\/\/tuguia.combarranquilla.co\/Revista\/wp-json\/wp\/v2\/posts\/3805\/revisions"}],"predecessor-version":[{"id":3806,"href":"https:\/\/tuguia.combarranquilla.co\/Revista\/wp-json\/wp\/v2\/posts\/3805\/revisions\/3806"}],"wp:featuredmedia":[{"embeddable":true,"href":"https:\/\/tuguia.combarranquilla.co\/Revista\/wp-json\/wp\/v2\/media\/3846"}],"wp:attachment":[{"href":"https:\/\/tuguia.combarranquilla.co\/Revista\/wp-json\/wp\/v2\/media?parent=3805"}],"wp:term":[{"taxonomy":"category","embeddable":true,"href":"https:\/\/tuguia.combarranquilla.co\/Revista\/wp-json\/wp\/v2\/categories?post=3805"},{"taxonomy":"post_tag","embeddable":true,"href":"https:\/\/tuguia.combarranquilla.co\/Revista\/wp-json\/wp\/v2\/tags?post=3805"}],"curies":[{"name":"wp","href":"https:\/\/api.w.org\/{rel}","templated":true}]}}