{"id":3864,"date":"2024-03-01T14:43:29","date_gmt":"2024-03-01T19:43:29","guid":{"rendered":"https:\/\/tuguia.combarranquilla.co\/Revista\/?p=3864"},"modified":"2024-04-25T11:51:10","modified_gmt":"2024-04-25T16:51:10","slug":"paquetes-spa-combarranquilla-mes-de-la-mujer","status":"publish","type":"post","link":"https:\/\/tuguia.combarranquilla.co\/Revista\/paquetes-spa-combarranquilla-mes-de-la-mujer\/","title":{"rendered":"Paquetes Spa Combarranquilla &#8211; Mes de la mujer"},"content":{"rendered":"\n<p>Durante el mes de marzo d\u00e9jate consentir y revitalizar con excelentes paquetes de relajaci\u00f3n en el Spa Combarranquilla.<\/p>\n\n\n\n<div class=\"wp-block-columns is-layout-flex wp-container-core-columns-is-layout-9d6595d7 wp-block-columns-is-layout-flex\">\n<div class=\"wp-block-column is-layout-flow wp-block-column-is-layout-flow\" style=\"flex-basis:100%\"><div class=\"wp-block-image\">\n<figure class=\"aligncenter size-large is-resized\"><img decoding=\"async\" width=\"819\" height=\"1024\" data-src=\"https:\/\/tuguia.combarranquilla.co\/Revista\/wp-content\/uploads\/2024\/04\/SPA-Marzo-03-1-819x1024.png\" alt=\"\" class=\"wp-image-4088 lazyload\" style=\"--smush-placeholder-width: 819px; --smush-placeholder-aspect-ratio: 819\/1024;width:515px;height:auto\" data-srcset=\"https:\/\/tuguia.combarranquilla.co\/Revista\/wp-content\/uploads\/2024\/04\/SPA-Marzo-03-1-819x1024.png 819w, https:\/\/tuguia.combarranquilla.co\/Revista\/wp-content\/uploads\/2024\/04\/SPA-Marzo-03-1-240x300.png 240w, https:\/\/tuguia.combarranquilla.co\/Revista\/wp-content\/uploads\/2024\/04\/SPA-Marzo-03-1-768x960.png 768w, https:\/\/tuguia.combarranquilla.co\/Revista\/wp-content\/uploads\/2024\/04\/SPA-Marzo-03-1-1229x1536.png 1229w, https:\/\/tuguia.combarranquilla.co\/Revista\/wp-content\/uploads\/2024\/04\/SPA-Marzo-03-1.png 1500w\" data-sizes=\"(max-width: 819px) 100vw, 819px\" src=\"data:image\/svg+xml;base64,PHN2ZyB3aWR0aD0iMSIgaGVpZ2h0PSIxIiB4bWxucz0iaHR0cDovL3d3dy53My5vcmcvMjAwMC9zdmciPjwvc3ZnPg==\" \/><\/figure><\/div>\n\n\n<p class=\"has-text-align-center\">Disfrutar\u00e1s de un masaje total para relajarte y fortalecer el sistema  inmunol\u00f3gico que beneficiar\u00e1 cualquier padecimiento f\u00edsico que pueda estar debilitando tu cuerpo. Adicional se realizar\u00e1 la depilaci\u00f3n de bozo y cejas con la delicadeza que tu piel necesita para luego disfrutar de un delicioso t\u00e9 de frutas.<\/p>\n<\/div>\n<\/div>\n\n\n<div class=\"wp-block-image\">\n<figure class=\"aligncenter size-large is-resized\"><img decoding=\"async\" width=\"819\" height=\"1024\" data-src=\"https:\/\/tuguia.combarranquilla.co\/Revista\/wp-content\/uploads\/2024\/04\/SPA-Marzo-04-819x1024.png\" alt=\"\" class=\"wp-image-4087 lazyload\" style=\"--smush-placeholder-width: 819px; --smush-placeholder-aspect-ratio: 819\/1024;width:515px;height:auto\" data-srcset=\"https:\/\/tuguia.combarranquilla.co\/Revista\/wp-content\/uploads\/2024\/04\/SPA-Marzo-04-819x1024.png 819w, https:\/\/tuguia.combarranquilla.co\/Revista\/wp-content\/uploads\/2024\/04\/SPA-Marzo-04-240x300.png 240w, https:\/\/tuguia.combarranquilla.co\/Revista\/wp-content\/uploads\/2024\/04\/SPA-Marzo-04-768x960.png 768w, https:\/\/tuguia.combarranquilla.co\/Revista\/wp-content\/uploads\/2024\/04\/SPA-Marzo-04-1229x1536.png 1229w, https:\/\/tuguia.combarranquilla.co\/Revista\/wp-content\/uploads\/2024\/04\/SPA-Marzo-04.png 1500w\" data-sizes=\"(max-width: 819px) 100vw, 819px\" src=\"data:image\/svg+xml;base64,PHN2ZyB3aWR0aD0iMSIgaGVpZ2h0PSIxIiB4bWxucz0iaHR0cDovL3d3dy53My5vcmcvMjAwMC9zdmciPjwvc3ZnPg==\" \/><\/figure><\/div>\n\n\n<p class=\"has-text-align-center\">La limpieza facial profunda estimula la producci\u00f3n natural del col\u00e1geno y te ayudar\u00e1 a mantener un aspecto saludable. Se debe realizar con un profesional capacitado para evitar da\u00f1os en la piel del rostro. Luego se realizar\u00e1 un masaje craneofacial que ayudar\u00e1 a bajar cualquier estr\u00e9s que puedas tener para luego disfrutar un delicioso t\u00e9 de frutas cortes\u00eda del Spa.<\/p>\n\n\n<div class=\"wp-block-image\">\n<figure class=\"aligncenter size-large is-resized\"><img decoding=\"async\" width=\"819\" height=\"1024\" data-src=\"https:\/\/tuguia.combarranquilla.co\/Revista\/wp-content\/uploads\/2024\/04\/SPA-Marzo-05-819x1024.png\" alt=\"\" class=\"wp-image-4091 lazyload\" style=\"--smush-placeholder-width: 819px; --smush-placeholder-aspect-ratio: 819\/1024;width:515px;height:auto\" data-srcset=\"https:\/\/tuguia.combarranquilla.co\/Revista\/wp-content\/uploads\/2024\/04\/SPA-Marzo-05-819x1024.png 819w, https:\/\/tuguia.combarranquilla.co\/Revista\/wp-content\/uploads\/2024\/04\/SPA-Marzo-05-240x300.png 240w, https:\/\/tuguia.combarranquilla.co\/Revista\/wp-content\/uploads\/2024\/04\/SPA-Marzo-05-768x960.png 768w, https:\/\/tuguia.combarranquilla.co\/Revista\/wp-content\/uploads\/2024\/04\/SPA-Marzo-05-1229x1536.png 1229w, https:\/\/tuguia.combarranquilla.co\/Revista\/wp-content\/uploads\/2024\/04\/SPA-Marzo-05.png 1500w\" data-sizes=\"(max-width: 819px) 100vw, 819px\" src=\"data:image\/svg+xml;base64,PHN2ZyB3aWR0aD0iMSIgaGVpZ2h0PSIxIiB4bWxucz0iaHR0cDovL3d3dy53My5vcmcvMjAwMC9zdmciPjwvc3ZnPg==\" \/><\/figure><\/div>\n\n\n<p class=\"has-text-align-center\">En la exfoliaci\u00f3n corporal se busca conseguir una\u00a0limpieza profunda de los poros, purificando y tonificando la piel, otorg\u00e1ndole una adecuada oxigenaci\u00f3n y eliminando la aparici\u00f3n de espinillas y puntos negros para conseguir lucir una piel completamente rejuvenecida y saludable.<\/p>\n\n\n\n<p>Reserva ahora, vive la experiencia y d\u00e9jate consentir.<\/p>\n\n\n\n<p>*<strong><em>V\u00e1lido hasta el 31 de maro de 2024<\/em><\/strong><\/p>\n\n\n\n<p>M\u00e1s informes: 605-3225049 ext. 1231 &#8211; 1232 &#8211; 1233- 1236 -1237<\/p>\n","protected":false},"excerpt":{"rendered":"<p>Durante el mes de marzo d\u00e9jate consentir y revitalizar con excelentes paquetes de relajaci\u00f3n en el Spa Combarranquilla. Disfrutar\u00e1s de un masaje total para relajarte y fortalecer el sistema inmunol\u00f3gico que beneficiar\u00e1 cualquier padecimiento f\u00edsico que pueda estar debilitando tu cuerpo. Adicional se realizar\u00e1 la depilaci\u00f3n de bozo y cejas con la delicadeza que tu [&hellip;]<\/p>\n","protected":false},"author":2,"featured_media":3867,"comment_status":"open","ping_status":"open","sticky":false,"template":"","format":"standard","meta":{"inline_featured_image":false,"footnotes":""},"categories":[5],"tags":[],"class_list":["post-3864","post","type-post","status-publish","format-standard","has-post-thumbnail","hentry","category-vida-saludable"],"yoast_head":"<!-- This site is optimized with the Yoast SEO plugin v27.4 - https:\/\/yoast.com\/product\/yoast-seo-wordpress\/ -->\n<title>Paquetes Spa Combarranquilla - Mes de la mujer - Tu Gu\u00eda<\/title>\n<meta name=\"robots\" content=\"index, follow, max-snippet:-1, max-image-preview:large, max-video-preview:-1\" \/>\n<link rel=\"canonical\" href=\"https:\/\/tuguia.combarranquilla.co\/Revista\/paquetes-spa-combarranquilla-mes-de-la-mujer\/\" \/>\n<meta property=\"og:locale\" content=\"es_ES\" \/>\n<meta property=\"og:type\" content=\"article\" \/>\n<meta property=\"og:title\" content=\"Paquetes Spa Combarranquilla - Mes de la mujer - Tu Gu\u00eda\" \/>\n<meta property=\"og:description\" content=\"Durante el mes de marzo d\u00e9jate consentir y revitalizar con excelentes paquetes de relajaci\u00f3n en el Spa Combarranquilla. Disfrutar\u00e1s de un masaje total para relajarte y fortalecer el sistema inmunol\u00f3gico que beneficiar\u00e1 cualquier padecimiento f\u00edsico que pueda estar debilitando tu cuerpo. Adicional se realizar\u00e1 la depilaci\u00f3n de bozo y cejas con la delicadeza que tu [&hellip;]\" \/>\n<meta property=\"og:url\" content=\"https:\/\/tuguia.combarranquilla.co\/Revista\/paquetes-spa-combarranquilla-mes-de-la-mujer\/\" \/>\n<meta property=\"og:site_name\" content=\"Tu Gu\u00eda\" \/>\n<meta property=\"article:published_time\" content=\"2024-03-01T19:43:29+00:00\" \/>\n<meta property=\"article:modified_time\" content=\"2024-04-25T16:51:10+00:00\" \/>\n<meta property=\"og:image\" content=\"https:\/\/tuguia.combarranquilla.co\/Revista\/wp-content\/uploads\/2024\/03\/SPA-Marzo_Mesa-de-trabajo-1-1.png\" \/>\n\t<meta property=\"og:image:width\" content=\"1500\" \/>\n\t<meta property=\"og:image:height\" content=\"1875\" \/>\n\t<meta property=\"og:image:type\" content=\"image\/png\" \/>\n<meta name=\"author\" content=\"Comunicaciones Combarranquilla\" \/>\n<meta name=\"twitter:card\" content=\"summary_large_image\" \/>\n<meta name=\"twitter:label1\" content=\"Escrito por\" \/>\n\t<meta name=\"twitter:data1\" content=\"Comunicaciones Combarranquilla\" \/>\n\t<meta name=\"twitter:label2\" content=\"Tiempo de lectura\" \/>\n\t<meta name=\"twitter:data2\" content=\"1 minuto\" \/>\n<script type=\"application\/ld+json\" class=\"yoast-schema-graph\">{\"@context\":\"https:\\\/\\\/schema.org\",\"@graph\":[{\"@type\":\"Article\",\"@id\":\"https:\\\/\\\/tuguia.combarranquilla.co\\\/Revista\\\/paquetes-spa-combarranquilla-mes-de-la-mujer\\\/#article\",\"isPartOf\":{\"@id\":\"https:\\\/\\\/tuguia.combarranquilla.co\\\/Revista\\\/paquetes-spa-combarranquilla-mes-de-la-mujer\\\/\"},\"author\":{\"name\":\"Comunicaciones Combarranquilla\",\"@id\":\"https:\\\/\\\/tuguia.combarranquilla.co\\\/Revista\\\/#\\\/schema\\\/person\\\/c2c396a77170bd1d5f8ba73294eb0d10\"},\"headline\":\"Paquetes Spa Combarranquilla &#8211; Mes de la mujer\",\"datePublished\":\"2024-03-01T19:43:29+00:00\",\"dateModified\":\"2024-04-25T16:51:10+00:00\",\"mainEntityOfPage\":{\"@id\":\"https:\\\/\\\/tuguia.combarranquilla.co\\\/Revista\\\/paquetes-spa-combarranquilla-mes-de-la-mujer\\\/\"},\"wordCount\":213,\"commentCount\":0,\"publisher\":{\"@id\":\"https:\\\/\\\/tuguia.combarranquilla.co\\\/Revista\\\/#organization\"},\"image\":{\"@id\":\"https:\\\/\\\/tuguia.combarranquilla.co\\\/Revista\\\/paquetes-spa-combarranquilla-mes-de-la-mujer\\\/#primaryimage\"},\"thumbnailUrl\":\"https:\\\/\\\/tuguia.combarranquilla.co\\\/Revista\\\/wp-content\\\/uploads\\\/2024\\\/03\\\/SPA-Marzo_Mesa-de-trabajo-1-1.png\",\"articleSection\":[\"VIDA SALUDABLE\"],\"inLanguage\":\"es-CO\",\"potentialAction\":[{\"@type\":\"CommentAction\",\"name\":\"Comment\",\"target\":[\"https:\\\/\\\/tuguia.combarranquilla.co\\\/Revista\\\/paquetes-spa-combarranquilla-mes-de-la-mujer\\\/#respond\"]}]},{\"@type\":\"WebPage\",\"@id\":\"https:\\\/\\\/tuguia.combarranquilla.co\\\/Revista\\\/paquetes-spa-combarranquilla-mes-de-la-mujer\\\/\",\"url\":\"https:\\\/\\\/tuguia.combarranquilla.co\\\/Revista\\\/paquetes-spa-combarranquilla-mes-de-la-mujer\\\/\",\"name\":\"Paquetes Spa Combarranquilla - Mes de la mujer - Tu Gu\u00eda\",\"isPartOf\":{\"@id\":\"https:\\\/\\\/tuguia.combarranquilla.co\\\/Revista\\\/#website\"},\"primaryImageOfPage\":{\"@id\":\"https:\\\/\\\/tuguia.combarranquilla.co\\\/Revista\\\/paquetes-spa-combarranquilla-mes-de-la-mujer\\\/#primaryimage\"},\"image\":{\"@id\":\"https:\\\/\\\/tuguia.combarranquilla.co\\\/Revista\\\/paquetes-spa-combarranquilla-mes-de-la-mujer\\\/#primaryimage\"},\"thumbnailUrl\":\"https:\\\/\\\/tuguia.combarranquilla.co\\\/Revista\\\/wp-content\\\/uploads\\\/2024\\\/03\\\/SPA-Marzo_Mesa-de-trabajo-1-1.png\",\"datePublished\":\"2024-03-01T19:43:29+00:00\",\"dateModified\":\"2024-04-25T16:51:10+00:00\",\"breadcrumb\":{\"@id\":\"https:\\\/\\\/tuguia.combarranquilla.co\\\/Revista\\\/paquetes-spa-combarranquilla-mes-de-la-mujer\\\/#breadcrumb\"},\"inLanguage\":\"es-CO\",\"potentialAction\":[{\"@type\":\"ReadAction\",\"target\":[\"https:\\\/\\\/tuguia.combarranquilla.co\\\/Revista\\\/paquetes-spa-combarranquilla-mes-de-la-mujer\\\/\"]}]},{\"@type\":\"ImageObject\",\"inLanguage\":\"es-CO\",\"@id\":\"https:\\\/\\\/tuguia.combarranquilla.co\\\/Revista\\\/paquetes-spa-combarranquilla-mes-de-la-mujer\\\/#primaryimage\",\"url\":\"https:\\\/\\\/tuguia.combarranquilla.co\\\/Revista\\\/wp-content\\\/uploads\\\/2024\\\/03\\\/SPA-Marzo_Mesa-de-trabajo-1-1.png\",\"contentUrl\":\"https:\\\/\\\/tuguia.combarranquilla.co\\\/Revista\\\/wp-content\\\/uploads\\\/2024\\\/03\\\/SPA-Marzo_Mesa-de-trabajo-1-1.png\",\"width\":1500,\"height\":1875},{\"@type\":\"BreadcrumbList\",\"@id\":\"https:\\\/\\\/tuguia.combarranquilla.co\\\/Revista\\\/paquetes-spa-combarranquilla-mes-de-la-mujer\\\/#breadcrumb\",\"itemListElement\":[{\"@type\":\"ListItem\",\"position\":1,\"name\":\"Inicio\",\"item\":\"https:\\\/\\\/tuguia.combarranquilla.co\\\/Revista\\\/\"},{\"@type\":\"ListItem\",\"position\":2,\"name\":\"Paquetes Spa Combarranquilla &#8211; Mes de la mujer\"}]},{\"@type\":\"WebSite\",\"@id\":\"https:\\\/\\\/tuguia.combarranquilla.co\\\/Revista\\\/#website\",\"url\":\"https:\\\/\\\/tuguia.combarranquilla.co\\\/Revista\\\/\",\"name\":\"Tu Gu\u00eda\",\"description\":\"La revista donde lo tienes todo.\",\"publisher\":{\"@id\":\"https:\\\/\\\/tuguia.combarranquilla.co\\\/Revista\\\/#organization\"},\"alternateName\":\"Tu Gu\u00eda Combarranquilla\",\"potentialAction\":[{\"@type\":\"SearchAction\",\"target\":{\"@type\":\"EntryPoint\",\"urlTemplate\":\"https:\\\/\\\/tuguia.combarranquilla.co\\\/Revista\\\/?s={search_term_string}\"},\"query-input\":{\"@type\":\"PropertyValueSpecification\",\"valueRequired\":true,\"valueName\":\"search_term_string\"}}],\"inLanguage\":\"es-CO\"},{\"@type\":\"Organization\",\"@id\":\"https:\\\/\\\/tuguia.combarranquilla.co\\\/Revista\\\/#organization\",\"name\":\"Tu Gu\u00eda Combarranquilla\",\"url\":\"https:\\\/\\\/tuguia.combarranquilla.co\\\/Revista\\\/\",\"logo\":{\"@type\":\"ImageObject\",\"inLanguage\":\"es-CO\",\"@id\":\"https:\\\/\\\/tuguia.combarranquilla.co\\\/Revista\\\/#\\\/schema\\\/logo\\\/image\\\/\",\"url\":\"https:\\\/\\\/tuguia.combarranquilla.co\\\/Revista\\\/wp-content\\\/uploads\\\/2022\\\/02\\\/logo-guia-combarranquilla.svg\",\"contentUrl\":\"https:\\\/\\\/tuguia.combarranquilla.co\\\/Revista\\\/wp-content\\\/uploads\\\/2022\\\/02\\\/logo-guia-combarranquilla.svg\",\"caption\":\"Tu Gu\u00eda Combarranquilla\"},\"image\":{\"@id\":\"https:\\\/\\\/tuguia.combarranquilla.co\\\/Revista\\\/#\\\/schema\\\/logo\\\/image\\\/\"}},{\"@type\":\"Person\",\"@id\":\"https:\\\/\\\/tuguia.combarranquilla.co\\\/Revista\\\/#\\\/schema\\\/person\\\/c2c396a77170bd1d5f8ba73294eb0d10\",\"name\":\"Comunicaciones Combarranquilla\",\"image\":{\"@type\":\"ImageObject\",\"inLanguage\":\"es-CO\",\"@id\":\"https:\\\/\\\/tuguia.combarranquilla.co\\\/Revista\\\/wp-content\\\/uploads\\\/2025\\\/05\\\/ABC-Al-Rojo-Logo-96x96.jpg\",\"url\":\"https:\\\/\\\/tuguia.combarranquilla.co\\\/Revista\\\/wp-content\\\/uploads\\\/2025\\\/05\\\/ABC-Al-Rojo-Logo-96x96.jpg\",\"contentUrl\":\"https:\\\/\\\/tuguia.combarranquilla.co\\\/Revista\\\/wp-content\\\/uploads\\\/2025\\\/05\\\/ABC-Al-Rojo-Logo-96x96.jpg\",\"caption\":\"Comunicaciones Combarranquilla\"},\"sameAs\":[\"https:\\\/\\\/www.combarranquilla.co\"],\"url\":\"https:\\\/\\\/tuguia.combarranquilla.co\\\/Revista\\\/author\\\/comunicaciones\\\/\"}]}<\/script>\n<!-- \/ Yoast SEO plugin. -->","yoast_head_json":{"title":"Paquetes Spa Combarranquilla - Mes de la mujer - Tu Gu\u00eda","robots":{"index":"index","follow":"follow","max-snippet":"max-snippet:-1","max-image-preview":"max-image-preview:large","max-video-preview":"max-video-preview:-1"},"canonical":"https:\/\/tuguia.combarranquilla.co\/Revista\/paquetes-spa-combarranquilla-mes-de-la-mujer\/","og_locale":"es_ES","og_type":"article","og_title":"Paquetes Spa Combarranquilla - Mes de la mujer - Tu Gu\u00eda","og_description":"Durante el mes de marzo d\u00e9jate consentir y revitalizar con excelentes paquetes de relajaci\u00f3n en el Spa Combarranquilla. Disfrutar\u00e1s de un masaje total para relajarte y fortalecer el sistema inmunol\u00f3gico que beneficiar\u00e1 cualquier padecimiento f\u00edsico que pueda estar debilitando tu cuerpo. Adicional se realizar\u00e1 la depilaci\u00f3n de bozo y cejas con la delicadeza que tu [&hellip;]","og_url":"https:\/\/tuguia.combarranquilla.co\/Revista\/paquetes-spa-combarranquilla-mes-de-la-mujer\/","og_site_name":"Tu Gu\u00eda","article_published_time":"2024-03-01T19:43:29+00:00","article_modified_time":"2024-04-25T16:51:10+00:00","og_image":[{"width":1500,"height":1875,"url":"https:\/\/tuguia.combarranquilla.co\/Revista\/wp-content\/uploads\/2024\/03\/SPA-Marzo_Mesa-de-trabajo-1-1.png","type":"image\/png"}],"author":"Comunicaciones Combarranquilla","twitter_card":"summary_large_image","twitter_misc":{"Escrito por":"Comunicaciones Combarranquilla","Tiempo de lectura":"1 minuto"},"schema":{"@context":"https:\/\/schema.org","@graph":[{"@type":"Article","@id":"https:\/\/tuguia.combarranquilla.co\/Revista\/paquetes-spa-combarranquilla-mes-de-la-mujer\/#article","isPartOf":{"@id":"https:\/\/tuguia.combarranquilla.co\/Revista\/paquetes-spa-combarranquilla-mes-de-la-mujer\/"},"author":{"name":"Comunicaciones Combarranquilla","@id":"https:\/\/tuguia.combarranquilla.co\/Revista\/#\/schema\/person\/c2c396a77170bd1d5f8ba73294eb0d10"},"headline":"Paquetes Spa Combarranquilla &#8211; Mes de la mujer","datePublished":"2024-03-01T19:43:29+00:00","dateModified":"2024-04-25T16:51:10+00:00","mainEntityOfPage":{"@id":"https:\/\/tuguia.combarranquilla.co\/Revista\/paquetes-spa-combarranquilla-mes-de-la-mujer\/"},"wordCount":213,"commentCount":0,"publisher":{"@id":"https:\/\/tuguia.combarranquilla.co\/Revista\/#organization"},"image":{"@id":"https:\/\/tuguia.combarranquilla.co\/Revista\/paquetes-spa-combarranquilla-mes-de-la-mujer\/#primaryimage"},"thumbnailUrl":"https:\/\/tuguia.combarranquilla.co\/Revista\/wp-content\/uploads\/2024\/03\/SPA-Marzo_Mesa-de-trabajo-1-1.png","articleSection":["VIDA SALUDABLE"],"inLanguage":"es-CO","potentialAction":[{"@type":"CommentAction","name":"Comment","target":["https:\/\/tuguia.combarranquilla.co\/Revista\/paquetes-spa-combarranquilla-mes-de-la-mujer\/#respond"]}]},{"@type":"WebPage","@id":"https:\/\/tuguia.combarranquilla.co\/Revista\/paquetes-spa-combarranquilla-mes-de-la-mujer\/","url":"https:\/\/tuguia.combarranquilla.co\/Revista\/paquetes-spa-combarranquilla-mes-de-la-mujer\/","name":"Paquetes Spa Combarranquilla - Mes de la mujer - Tu Gu\u00eda","isPartOf":{"@id":"https:\/\/tuguia.combarranquilla.co\/Revista\/#website"},"primaryImageOfPage":{"@id":"https:\/\/tuguia.combarranquilla.co\/Revista\/paquetes-spa-combarranquilla-mes-de-la-mujer\/#primaryimage"},"image":{"@id":"https:\/\/tuguia.combarranquilla.co\/Revista\/paquetes-spa-combarranquilla-mes-de-la-mujer\/#primaryimage"},"thumbnailUrl":"https:\/\/tuguia.combarranquilla.co\/Revista\/wp-content\/uploads\/2024\/03\/SPA-Marzo_Mesa-de-trabajo-1-1.png","datePublished":"2024-03-01T19:43:29+00:00","dateModified":"2024-04-25T16:51:10+00:00","breadcrumb":{"@id":"https:\/\/tuguia.combarranquilla.co\/Revista\/paquetes-spa-combarranquilla-mes-de-la-mujer\/#breadcrumb"},"inLanguage":"es-CO","potentialAction":[{"@type":"ReadAction","target":["https:\/\/tuguia.combarranquilla.co\/Revista\/paquetes-spa-combarranquilla-mes-de-la-mujer\/"]}]},{"@type":"ImageObject","inLanguage":"es-CO","@id":"https:\/\/tuguia.combarranquilla.co\/Revista\/paquetes-spa-combarranquilla-mes-de-la-mujer\/#primaryimage","url":"https:\/\/tuguia.combarranquilla.co\/Revista\/wp-content\/uploads\/2024\/03\/SPA-Marzo_Mesa-de-trabajo-1-1.png","contentUrl":"https:\/\/tuguia.combarranquilla.co\/Revista\/wp-content\/uploads\/2024\/03\/SPA-Marzo_Mesa-de-trabajo-1-1.png","width":1500,"height":1875},{"@type":"BreadcrumbList","@id":"https:\/\/tuguia.combarranquilla.co\/Revista\/paquetes-spa-combarranquilla-mes-de-la-mujer\/#breadcrumb","itemListElement":[{"@type":"ListItem","position":1,"name":"Inicio","item":"https:\/\/tuguia.combarranquilla.co\/Revista\/"},{"@type":"ListItem","position":2,"name":"Paquetes Spa Combarranquilla &#8211; Mes de la mujer"}]},{"@type":"WebSite","@id":"https:\/\/tuguia.combarranquilla.co\/Revista\/#website","url":"https:\/\/tuguia.combarranquilla.co\/Revista\/","name":"Tu Gu\u00eda","description":"La revista donde lo tienes todo.","publisher":{"@id":"https:\/\/tuguia.combarranquilla.co\/Revista\/#organization"},"alternateName":"Tu Gu\u00eda Combarranquilla","potentialAction":[{"@type":"SearchAction","target":{"@type":"EntryPoint","urlTemplate":"https:\/\/tuguia.combarranquilla.co\/Revista\/?s={search_term_string}"},"query-input":{"@type":"PropertyValueSpecification","valueRequired":true,"valueName":"search_term_string"}}],"inLanguage":"es-CO"},{"@type":"Organization","@id":"https:\/\/tuguia.combarranquilla.co\/Revista\/#organization","name":"Tu Gu\u00eda Combarranquilla","url":"https:\/\/tuguia.combarranquilla.co\/Revista\/","logo":{"@type":"ImageObject","inLanguage":"es-CO","@id":"https:\/\/tuguia.combarranquilla.co\/Revista\/#\/schema\/logo\/image\/","url":"https:\/\/tuguia.combarranquilla.co\/Revista\/wp-content\/uploads\/2022\/02\/logo-guia-combarranquilla.svg","contentUrl":"https:\/\/tuguia.combarranquilla.co\/Revista\/wp-content\/uploads\/2022\/02\/logo-guia-combarranquilla.svg","caption":"Tu Gu\u00eda Combarranquilla"},"image":{"@id":"https:\/\/tuguia.combarranquilla.co\/Revista\/#\/schema\/logo\/image\/"}},{"@type":"Person","@id":"https:\/\/tuguia.combarranquilla.co\/Revista\/#\/schema\/person\/c2c396a77170bd1d5f8ba73294eb0d10","name":"Comunicaciones Combarranquilla","image":{"@type":"ImageObject","inLanguage":"es-CO","@id":"https:\/\/tuguia.combarranquilla.co\/Revista\/wp-content\/uploads\/2025\/05\/ABC-Al-Rojo-Logo-96x96.jpg","url":"https:\/\/tuguia.combarranquilla.co\/Revista\/wp-content\/uploads\/2025\/05\/ABC-Al-Rojo-Logo-96x96.jpg","contentUrl":"https:\/\/tuguia.combarranquilla.co\/Revista\/wp-content\/uploads\/2025\/05\/ABC-Al-Rojo-Logo-96x96.jpg","caption":"Comunicaciones Combarranquilla"},"sameAs":["https:\/\/www.combarranquilla.co"],"url":"https:\/\/tuguia.combarranquilla.co\/Revista\/author\/comunicaciones\/"}]}},"_links":{"self":[{"href":"https:\/\/tuguia.combarranquilla.co\/Revista\/wp-json\/wp\/v2\/posts\/3864","targetHints":{"allow":["GET"]}}],"collection":[{"href":"https:\/\/tuguia.combarranquilla.co\/Revista\/wp-json\/wp\/v2\/posts"}],"about":[{"href":"https:\/\/tuguia.combarranquilla.co\/Revista\/wp-json\/wp\/v2\/types\/post"}],"author":[{"embeddable":true,"href":"https:\/\/tuguia.combarranquilla.co\/Revista\/wp-json\/wp\/v2\/users\/2"}],"replies":[{"embeddable":true,"href":"https:\/\/tuguia.combarranquilla.co\/Revista\/wp-json\/wp\/v2\/comments?post=3864"}],"version-history":[{"count":3,"href":"https:\/\/tuguia.combarranquilla.co\/Revista\/wp-json\/wp\/v2\/posts\/3864\/revisions"}],"predecessor-version":[{"id":4094,"href":"https:\/\/tuguia.combarranquilla.co\/Revista\/wp-json\/wp\/v2\/posts\/3864\/revisions\/4094"}],"wp:featuredmedia":[{"embeddable":true,"href":"https:\/\/tuguia.combarranquilla.co\/Revista\/wp-json\/wp\/v2\/media\/3867"}],"wp:attachment":[{"href":"https:\/\/tuguia.combarranquilla.co\/Revista\/wp-json\/wp\/v2\/media?parent=3864"}],"wp:term":[{"taxonomy":"category","embeddable":true,"href":"https:\/\/tuguia.combarranquilla.co\/Revista\/wp-json\/wp\/v2\/categories?post=3864"},{"taxonomy":"post_tag","embeddable":true,"href":"https:\/\/tuguia.combarranquilla.co\/Revista\/wp-json\/wp\/v2\/tags?post=3864"}],"curies":[{"name":"wp","href":"https:\/\/api.w.org\/{rel}","templated":true}]}}