{"id":3898,"date":"2024-03-11T14:11:33","date_gmt":"2024-03-11T19:11:33","guid":{"rendered":"https:\/\/tuguia.combarranquilla.co\/Revista\/?p=3898"},"modified":"2024-03-13T11:34:43","modified_gmt":"2024-03-13T16:34:43","slug":"oportunidades-para-todas-combarranquilla-impacta-en-las-mujeres-del-atlantico","status":"publish","type":"post","link":"https:\/\/tuguia.combarranquilla.co\/Revista\/oportunidades-para-todas-combarranquilla-impacta-en-las-mujeres-del-atlantico\/","title":{"rendered":"Oportunidades para todas: Combarranquilla impacta en las mujeres del Atl\u00e1ntico"},"content":{"rendered":"\n<p>El pasado viernes 8 de marzo, se conmemor\u00f3 el D\u00eda Internacional de la Mujer en la Agencia de Empleo de Combarranquilla. A trav\u00e9s de una convocatoria de empleo dirigida al g\u00e9nero femenino, se recibieron m\u00e1s de 25 mujeres en busca de una mejor calidad de vida. La jornada comenz\u00f3 a las 8:00 a.m. y se extendi\u00f3 hasta las 12:00 del mediod\u00eda.<\/p>\n\n\n<div class=\"wp-block-image\">\n<figure class=\"aligncenter size-large is-resized\"><img decoding=\"async\" width=\"1024\" height=\"768\" data-src=\"https:\/\/tuguia.combarranquilla.co\/Revista\/wp-content\/uploads\/2024\/03\/WhatsApp-Image-2024-03-08-at-3.20.06-PM-1024x768.jpeg\" alt=\"\" class=\"wp-image-3900 lazyload\" style=\"--smush-placeholder-width: 1024px; --smush-placeholder-aspect-ratio: 1024\/768;width:523px;height:auto\" data-srcset=\"https:\/\/tuguia.combarranquilla.co\/Revista\/wp-content\/uploads\/2024\/03\/WhatsApp-Image-2024-03-08-at-3.20.06-PM-1024x768.jpeg 1024w, https:\/\/tuguia.combarranquilla.co\/Revista\/wp-content\/uploads\/2024\/03\/WhatsApp-Image-2024-03-08-at-3.20.06-PM-300x225.jpeg 300w, https:\/\/tuguia.combarranquilla.co\/Revista\/wp-content\/uploads\/2024\/03\/WhatsApp-Image-2024-03-08-at-3.20.06-PM-768x576.jpeg 768w, https:\/\/tuguia.combarranquilla.co\/Revista\/wp-content\/uploads\/2024\/03\/WhatsApp-Image-2024-03-08-at-3.20.06-PM-1536x1152.jpeg 1536w, https:\/\/tuguia.combarranquilla.co\/Revista\/wp-content\/uploads\/2024\/03\/WhatsApp-Image-2024-03-08-at-3.20.06-PM-2048x1536.jpeg 2048w\" data-sizes=\"(max-width: 1024px) 100vw, 1024px\" src=\"data:image\/svg+xml;base64,PHN2ZyB3aWR0aD0iMSIgaGVpZ2h0PSIxIiB4bWxucz0iaHR0cDovL3d3dy53My5vcmcvMjAwMC9zdmciPjwvc3ZnPg==\" \/><\/figure><\/div>\n\n\n<p><\/p>\n\n\n\n<p>Al rededor de las 9:00 a.m. se dio inicio al <strong>Taller un Homenaje a la Sabidur\u00eda y Empoderamiento Femenino<\/strong>. Un espacio enriquecedor que les sirvi\u00f3 de motivaci\u00f3n para las mujeres que asistieron. Ellas lograron redefinir el \u00e9xito laboral y emocional, adem\u00e1s de romper barreras creadas desde el pasado, sobre lo que se puede definir como \u201c\u00e9xito en la vida\u201d. <\/p>\n\n\n\n<p>Este taller fue dirigido por la psic\u00f3loga Nataly Zu\u00f1iga, quien les dialog\u00f3 sobre situaciones que viven d\u00eda a d\u00eda las mujeres en el mundo. Adem\u00e1s, destac\u00f3 las virtudes de cada una de las asistentes, logrando derrocar pensamientos patriarcales que afectan a la empleabilidad femenina y las motiv\u00f3 a superarse.<\/p>\n\n\n<div class=\"wp-block-image\">\n<figure class=\"aligncenter size-large is-resized\"><img decoding=\"async\" width=\"768\" height=\"1024\" data-src=\"https:\/\/tuguia.combarranquilla.co\/Revista\/wp-content\/uploads\/2024\/03\/WhatsApp-Image-2024-03-08-at-3.20.04-PM-768x1024.jpeg\" alt=\"\" class=\"wp-image-3901 lazyload\" style=\"--smush-placeholder-width: 768px; --smush-placeholder-aspect-ratio: 768\/1024;width:478px;height:auto\" data-srcset=\"https:\/\/tuguia.combarranquilla.co\/Revista\/wp-content\/uploads\/2024\/03\/WhatsApp-Image-2024-03-08-at-3.20.04-PM-768x1024.jpeg 768w, https:\/\/tuguia.combarranquilla.co\/Revista\/wp-content\/uploads\/2024\/03\/WhatsApp-Image-2024-03-08-at-3.20.04-PM-225x300.jpeg 225w, https:\/\/tuguia.combarranquilla.co\/Revista\/wp-content\/uploads\/2024\/03\/WhatsApp-Image-2024-03-08-at-3.20.04-PM-1152x1536.jpeg 1152w, https:\/\/tuguia.combarranquilla.co\/Revista\/wp-content\/uploads\/2024\/03\/WhatsApp-Image-2024-03-08-at-3.20.04-PM-1536x2048.jpeg 1536w, https:\/\/tuguia.combarranquilla.co\/Revista\/wp-content\/uploads\/2024\/03\/WhatsApp-Image-2024-03-08-at-3.20.04-PM-scaled.jpeg 1920w\" data-sizes=\"(max-width: 768px) 100vw, 768px\" src=\"data:image\/svg+xml;base64,PHN2ZyB3aWR0aD0iMSIgaGVpZ2h0PSIxIiB4bWxucz0iaHR0cDovL3d3dy53My5vcmcvMjAwMC9zdmciPjwvc3ZnPg==\" \/><\/figure><\/div>\n\n\n<p><\/p>\n\n\n\n<h2 class=\"wp-block-heading\">Combarranquilla somos todos<\/h2>\n\n\n\n<p>D\u00eda a d\u00eda honramos a todas las mujeres. Generamos espacios de debate y crecimiento personal para que todas logren cumplir sus metas profesionales y alcanzar el \u00e9xito. Entre enero de 2021 y diciembre de 2023 hemos podido capacitar a m\u00e1s de 7.014 de ellas, adem\u00e1s, 4.645 fueron vinculadas laboralmente.<\/p>\n\n\n\n<p>Asimismo, 19 mujeres con discapacidad han podido comenzar su vida laboral. Ellas proyectan cumplir cada uno de sus sue\u00f1os gracias a la oportunidad que les han brindado las empresas. Eso demuestra que nada les impide transformar sus vidas. Por eso, desde Combarranquilla y su Agencia de Empleo, seguiremos generando oportunidades para las mujeres del Atl\u00e1ntico.<\/p>\n\n\n\n<p class=\"has-text-align-center\">#CombarranquillaTransformandoVidas<\/p>\n","protected":false},"excerpt":{"rendered":"<p>El pasado viernes 8 de marzo, se conmemor\u00f3 el D\u00eda Internacional de la Mujer en la Agencia de Empleo de Combarranquilla. A trav\u00e9s de una convocatoria de empleo dirigida al g\u00e9nero femenino, se recibieron m\u00e1s de 25 mujeres en busca de una mejor calidad de vida. La jornada comenz\u00f3 a las 8:00 a.m. y se [&hellip;]<\/p>\n","protected":false},"author":2,"featured_media":3899,"comment_status":"open","ping_status":"open","sticky":false,"template":"","format":"standard","meta":{"inline_featured_image":false,"footnotes":""},"categories":[6],"tags":[],"class_list":["post-3898","post","type-post","status-publish","format-standard","has-post-thumbnail","hentry","category-empleabilidad"],"yoast_head":"<!-- This site is optimized with the Yoast SEO plugin v27.4 - https:\/\/yoast.com\/product\/yoast-seo-wordpress\/ -->\n<title>Oportunidades para todas: Combarranquilla impacta en las mujeres del Atl\u00e1ntico - Tu Gu\u00eda<\/title>\n<meta name=\"robots\" content=\"index, follow, max-snippet:-1, max-image-preview:large, max-video-preview:-1\" \/>\n<link rel=\"canonical\" href=\"https:\/\/tuguia.combarranquilla.co\/Revista\/oportunidades-para-todas-combarranquilla-impacta-en-las-mujeres-del-atlantico\/\" \/>\n<meta property=\"og:locale\" content=\"es_ES\" \/>\n<meta property=\"og:type\" content=\"article\" \/>\n<meta property=\"og:title\" content=\"Oportunidades para todas: Combarranquilla impacta en las mujeres del Atl\u00e1ntico - Tu Gu\u00eda\" \/>\n<meta property=\"og:description\" content=\"El pasado viernes 8 de marzo, se conmemor\u00f3 el D\u00eda Internacional de la Mujer en la Agencia de Empleo de Combarranquilla. A trav\u00e9s de una convocatoria de empleo dirigida al g\u00e9nero femenino, se recibieron m\u00e1s de 25 mujeres en busca de una mejor calidad de vida. La jornada comenz\u00f3 a las 8:00 a.m. y se [&hellip;]\" \/>\n<meta property=\"og:url\" content=\"https:\/\/tuguia.combarranquilla.co\/Revista\/oportunidades-para-todas-combarranquilla-impacta-en-las-mujeres-del-atlantico\/\" \/>\n<meta property=\"og:site_name\" content=\"Tu Gu\u00eda\" \/>\n<meta property=\"article:published_time\" content=\"2024-03-11T19:11:33+00:00\" \/>\n<meta property=\"article:modified_time\" content=\"2024-03-13T16:34:43+00:00\" \/>\n<meta property=\"og:image\" content=\"https:\/\/tuguia.combarranquilla.co\/Revista\/wp-content\/uploads\/2024\/03\/WhatsApp-Image-2024-03-08-at-3.20.03-PM-scaled.jpeg\" \/>\n\t<meta property=\"og:image:width\" content=\"2560\" \/>\n\t<meta property=\"og:image:height\" content=\"1920\" \/>\n\t<meta property=\"og:image:type\" content=\"image\/jpeg\" \/>\n<meta name=\"author\" content=\"Comunicaciones Combarranquilla\" \/>\n<meta name=\"twitter:card\" content=\"summary_large_image\" \/>\n<meta name=\"twitter:label1\" content=\"Escrito por\" \/>\n\t<meta name=\"twitter:data1\" content=\"Comunicaciones Combarranquilla\" \/>\n\t<meta name=\"twitter:label2\" content=\"Tiempo de lectura\" \/>\n\t<meta name=\"twitter:data2\" content=\"1 minuto\" \/>\n<script type=\"application\/ld+json\" class=\"yoast-schema-graph\">{\"@context\":\"https:\\\/\\\/schema.org\",\"@graph\":[{\"@type\":\"Article\",\"@id\":\"https:\\\/\\\/tuguia.combarranquilla.co\\\/Revista\\\/oportunidades-para-todas-combarranquilla-impacta-en-las-mujeres-del-atlantico\\\/#article\",\"isPartOf\":{\"@id\":\"https:\\\/\\\/tuguia.combarranquilla.co\\\/Revista\\\/oportunidades-para-todas-combarranquilla-impacta-en-las-mujeres-del-atlantico\\\/\"},\"author\":{\"name\":\"Comunicaciones Combarranquilla\",\"@id\":\"https:\\\/\\\/tuguia.combarranquilla.co\\\/Revista\\\/#\\\/schema\\\/person\\\/c2c396a77170bd1d5f8ba73294eb0d10\"},\"headline\":\"Oportunidades para todas: Combarranquilla impacta en las mujeres del Atl\u00e1ntico\",\"datePublished\":\"2024-03-11T19:11:33+00:00\",\"dateModified\":\"2024-03-13T16:34:43+00:00\",\"mainEntityOfPage\":{\"@id\":\"https:\\\/\\\/tuguia.combarranquilla.co\\\/Revista\\\/oportunidades-para-todas-combarranquilla-impacta-en-las-mujeres-del-atlantico\\\/\"},\"wordCount\":299,\"commentCount\":0,\"publisher\":{\"@id\":\"https:\\\/\\\/tuguia.combarranquilla.co\\\/Revista\\\/#organization\"},\"image\":{\"@id\":\"https:\\\/\\\/tuguia.combarranquilla.co\\\/Revista\\\/oportunidades-para-todas-combarranquilla-impacta-en-las-mujeres-del-atlantico\\\/#primaryimage\"},\"thumbnailUrl\":\"https:\\\/\\\/tuguia.combarranquilla.co\\\/Revista\\\/wp-content\\\/uploads\\\/2024\\\/03\\\/WhatsApp-Image-2024-03-08-at-3.20.03-PM-scaled.jpeg\",\"articleSection\":[\"EMPLEABILIDAD\"],\"inLanguage\":\"es-CO\",\"potentialAction\":[{\"@type\":\"CommentAction\",\"name\":\"Comment\",\"target\":[\"https:\\\/\\\/tuguia.combarranquilla.co\\\/Revista\\\/oportunidades-para-todas-combarranquilla-impacta-en-las-mujeres-del-atlantico\\\/#respond\"]}]},{\"@type\":\"WebPage\",\"@id\":\"https:\\\/\\\/tuguia.combarranquilla.co\\\/Revista\\\/oportunidades-para-todas-combarranquilla-impacta-en-las-mujeres-del-atlantico\\\/\",\"url\":\"https:\\\/\\\/tuguia.combarranquilla.co\\\/Revista\\\/oportunidades-para-todas-combarranquilla-impacta-en-las-mujeres-del-atlantico\\\/\",\"name\":\"Oportunidades para todas: Combarranquilla impacta en las mujeres del Atl\u00e1ntico - Tu Gu\u00eda\",\"isPartOf\":{\"@id\":\"https:\\\/\\\/tuguia.combarranquilla.co\\\/Revista\\\/#website\"},\"primaryImageOfPage\":{\"@id\":\"https:\\\/\\\/tuguia.combarranquilla.co\\\/Revista\\\/oportunidades-para-todas-combarranquilla-impacta-en-las-mujeres-del-atlantico\\\/#primaryimage\"},\"image\":{\"@id\":\"https:\\\/\\\/tuguia.combarranquilla.co\\\/Revista\\\/oportunidades-para-todas-combarranquilla-impacta-en-las-mujeres-del-atlantico\\\/#primaryimage\"},\"thumbnailUrl\":\"https:\\\/\\\/tuguia.combarranquilla.co\\\/Revista\\\/wp-content\\\/uploads\\\/2024\\\/03\\\/WhatsApp-Image-2024-03-08-at-3.20.03-PM-scaled.jpeg\",\"datePublished\":\"2024-03-11T19:11:33+00:00\",\"dateModified\":\"2024-03-13T16:34:43+00:00\",\"breadcrumb\":{\"@id\":\"https:\\\/\\\/tuguia.combarranquilla.co\\\/Revista\\\/oportunidades-para-todas-combarranquilla-impacta-en-las-mujeres-del-atlantico\\\/#breadcrumb\"},\"inLanguage\":\"es-CO\",\"potentialAction\":[{\"@type\":\"ReadAction\",\"target\":[\"https:\\\/\\\/tuguia.combarranquilla.co\\\/Revista\\\/oportunidades-para-todas-combarranquilla-impacta-en-las-mujeres-del-atlantico\\\/\"]}]},{\"@type\":\"ImageObject\",\"inLanguage\":\"es-CO\",\"@id\":\"https:\\\/\\\/tuguia.combarranquilla.co\\\/Revista\\\/oportunidades-para-todas-combarranquilla-impacta-en-las-mujeres-del-atlantico\\\/#primaryimage\",\"url\":\"https:\\\/\\\/tuguia.combarranquilla.co\\\/Revista\\\/wp-content\\\/uploads\\\/2024\\\/03\\\/WhatsApp-Image-2024-03-08-at-3.20.03-PM-scaled.jpeg\",\"contentUrl\":\"https:\\\/\\\/tuguia.combarranquilla.co\\\/Revista\\\/wp-content\\\/uploads\\\/2024\\\/03\\\/WhatsApp-Image-2024-03-08-at-3.20.03-PM-scaled.jpeg\",\"width\":2560,\"height\":1920},{\"@type\":\"BreadcrumbList\",\"@id\":\"https:\\\/\\\/tuguia.combarranquilla.co\\\/Revista\\\/oportunidades-para-todas-combarranquilla-impacta-en-las-mujeres-del-atlantico\\\/#breadcrumb\",\"itemListElement\":[{\"@type\":\"ListItem\",\"position\":1,\"name\":\"Inicio\",\"item\":\"https:\\\/\\\/tuguia.combarranquilla.co\\\/Revista\\\/\"},{\"@type\":\"ListItem\",\"position\":2,\"name\":\"Oportunidades para todas: Combarranquilla impacta en las mujeres del Atl\u00e1ntico\"}]},{\"@type\":\"WebSite\",\"@id\":\"https:\\\/\\\/tuguia.combarranquilla.co\\\/Revista\\\/#website\",\"url\":\"https:\\\/\\\/tuguia.combarranquilla.co\\\/Revista\\\/\",\"name\":\"Tu Gu\u00eda\",\"description\":\"La revista donde lo tienes todo.\",\"publisher\":{\"@id\":\"https:\\\/\\\/tuguia.combarranquilla.co\\\/Revista\\\/#organization\"},\"alternateName\":\"Tu Gu\u00eda Combarranquilla\",\"potentialAction\":[{\"@type\":\"SearchAction\",\"target\":{\"@type\":\"EntryPoint\",\"urlTemplate\":\"https:\\\/\\\/tuguia.combarranquilla.co\\\/Revista\\\/?s={search_term_string}\"},\"query-input\":{\"@type\":\"PropertyValueSpecification\",\"valueRequired\":true,\"valueName\":\"search_term_string\"}}],\"inLanguage\":\"es-CO\"},{\"@type\":\"Organization\",\"@id\":\"https:\\\/\\\/tuguia.combarranquilla.co\\\/Revista\\\/#organization\",\"name\":\"Tu Gu\u00eda Combarranquilla\",\"url\":\"https:\\\/\\\/tuguia.combarranquilla.co\\\/Revista\\\/\",\"logo\":{\"@type\":\"ImageObject\",\"inLanguage\":\"es-CO\",\"@id\":\"https:\\\/\\\/tuguia.combarranquilla.co\\\/Revista\\\/#\\\/schema\\\/logo\\\/image\\\/\",\"url\":\"https:\\\/\\\/tuguia.combarranquilla.co\\\/Revista\\\/wp-content\\\/uploads\\\/2022\\\/02\\\/logo-guia-combarranquilla.svg\",\"contentUrl\":\"https:\\\/\\\/tuguia.combarranquilla.co\\\/Revista\\\/wp-content\\\/uploads\\\/2022\\\/02\\\/logo-guia-combarranquilla.svg\",\"caption\":\"Tu Gu\u00eda Combarranquilla\"},\"image\":{\"@id\":\"https:\\\/\\\/tuguia.combarranquilla.co\\\/Revista\\\/#\\\/schema\\\/logo\\\/image\\\/\"}},{\"@type\":\"Person\",\"@id\":\"https:\\\/\\\/tuguia.combarranquilla.co\\\/Revista\\\/#\\\/schema\\\/person\\\/c2c396a77170bd1d5f8ba73294eb0d10\",\"name\":\"Comunicaciones Combarranquilla\",\"image\":{\"@type\":\"ImageObject\",\"inLanguage\":\"es-CO\",\"@id\":\"https:\\\/\\\/tuguia.combarranquilla.co\\\/Revista\\\/wp-content\\\/uploads\\\/2025\\\/05\\\/ABC-Al-Rojo-Logo-96x96.jpg\",\"url\":\"https:\\\/\\\/tuguia.combarranquilla.co\\\/Revista\\\/wp-content\\\/uploads\\\/2025\\\/05\\\/ABC-Al-Rojo-Logo-96x96.jpg\",\"contentUrl\":\"https:\\\/\\\/tuguia.combarranquilla.co\\\/Revista\\\/wp-content\\\/uploads\\\/2025\\\/05\\\/ABC-Al-Rojo-Logo-96x96.jpg\",\"caption\":\"Comunicaciones Combarranquilla\"},\"sameAs\":[\"https:\\\/\\\/www.combarranquilla.co\"],\"url\":\"https:\\\/\\\/tuguia.combarranquilla.co\\\/Revista\\\/author\\\/comunicaciones\\\/\"}]}<\/script>\n<!-- \/ Yoast SEO plugin. -->","yoast_head_json":{"title":"Oportunidades para todas: Combarranquilla impacta en las mujeres del Atl\u00e1ntico - Tu Gu\u00eda","robots":{"index":"index","follow":"follow","max-snippet":"max-snippet:-1","max-image-preview":"max-image-preview:large","max-video-preview":"max-video-preview:-1"},"canonical":"https:\/\/tuguia.combarranquilla.co\/Revista\/oportunidades-para-todas-combarranquilla-impacta-en-las-mujeres-del-atlantico\/","og_locale":"es_ES","og_type":"article","og_title":"Oportunidades para todas: Combarranquilla impacta en las mujeres del Atl\u00e1ntico - Tu Gu\u00eda","og_description":"El pasado viernes 8 de marzo, se conmemor\u00f3 el D\u00eda Internacional de la Mujer en la Agencia de Empleo de Combarranquilla. A trav\u00e9s de una convocatoria de empleo dirigida al g\u00e9nero femenino, se recibieron m\u00e1s de 25 mujeres en busca de una mejor calidad de vida. La jornada comenz\u00f3 a las 8:00 a.m. y se [&hellip;]","og_url":"https:\/\/tuguia.combarranquilla.co\/Revista\/oportunidades-para-todas-combarranquilla-impacta-en-las-mujeres-del-atlantico\/","og_site_name":"Tu Gu\u00eda","article_published_time":"2024-03-11T19:11:33+00:00","article_modified_time":"2024-03-13T16:34:43+00:00","og_image":[{"width":2560,"height":1920,"url":"https:\/\/tuguia.combarranquilla.co\/Revista\/wp-content\/uploads\/2024\/03\/WhatsApp-Image-2024-03-08-at-3.20.03-PM-scaled.jpeg","type":"image\/jpeg"}],"author":"Comunicaciones Combarranquilla","twitter_card":"summary_large_image","twitter_misc":{"Escrito por":"Comunicaciones Combarranquilla","Tiempo de lectura":"1 minuto"},"schema":{"@context":"https:\/\/schema.org","@graph":[{"@type":"Article","@id":"https:\/\/tuguia.combarranquilla.co\/Revista\/oportunidades-para-todas-combarranquilla-impacta-en-las-mujeres-del-atlantico\/#article","isPartOf":{"@id":"https:\/\/tuguia.combarranquilla.co\/Revista\/oportunidades-para-todas-combarranquilla-impacta-en-las-mujeres-del-atlantico\/"},"author":{"name":"Comunicaciones Combarranquilla","@id":"https:\/\/tuguia.combarranquilla.co\/Revista\/#\/schema\/person\/c2c396a77170bd1d5f8ba73294eb0d10"},"headline":"Oportunidades para todas: Combarranquilla impacta en las mujeres del Atl\u00e1ntico","datePublished":"2024-03-11T19:11:33+00:00","dateModified":"2024-03-13T16:34:43+00:00","mainEntityOfPage":{"@id":"https:\/\/tuguia.combarranquilla.co\/Revista\/oportunidades-para-todas-combarranquilla-impacta-en-las-mujeres-del-atlantico\/"},"wordCount":299,"commentCount":0,"publisher":{"@id":"https:\/\/tuguia.combarranquilla.co\/Revista\/#organization"},"image":{"@id":"https:\/\/tuguia.combarranquilla.co\/Revista\/oportunidades-para-todas-combarranquilla-impacta-en-las-mujeres-del-atlantico\/#primaryimage"},"thumbnailUrl":"https:\/\/tuguia.combarranquilla.co\/Revista\/wp-content\/uploads\/2024\/03\/WhatsApp-Image-2024-03-08-at-3.20.03-PM-scaled.jpeg","articleSection":["EMPLEABILIDAD"],"inLanguage":"es-CO","potentialAction":[{"@type":"CommentAction","name":"Comment","target":["https:\/\/tuguia.combarranquilla.co\/Revista\/oportunidades-para-todas-combarranquilla-impacta-en-las-mujeres-del-atlantico\/#respond"]}]},{"@type":"WebPage","@id":"https:\/\/tuguia.combarranquilla.co\/Revista\/oportunidades-para-todas-combarranquilla-impacta-en-las-mujeres-del-atlantico\/","url":"https:\/\/tuguia.combarranquilla.co\/Revista\/oportunidades-para-todas-combarranquilla-impacta-en-las-mujeres-del-atlantico\/","name":"Oportunidades para todas: Combarranquilla impacta en las mujeres del Atl\u00e1ntico - Tu Gu\u00eda","isPartOf":{"@id":"https:\/\/tuguia.combarranquilla.co\/Revista\/#website"},"primaryImageOfPage":{"@id":"https:\/\/tuguia.combarranquilla.co\/Revista\/oportunidades-para-todas-combarranquilla-impacta-en-las-mujeres-del-atlantico\/#primaryimage"},"image":{"@id":"https:\/\/tuguia.combarranquilla.co\/Revista\/oportunidades-para-todas-combarranquilla-impacta-en-las-mujeres-del-atlantico\/#primaryimage"},"thumbnailUrl":"https:\/\/tuguia.combarranquilla.co\/Revista\/wp-content\/uploads\/2024\/03\/WhatsApp-Image-2024-03-08-at-3.20.03-PM-scaled.jpeg","datePublished":"2024-03-11T19:11:33+00:00","dateModified":"2024-03-13T16:34:43+00:00","breadcrumb":{"@id":"https:\/\/tuguia.combarranquilla.co\/Revista\/oportunidades-para-todas-combarranquilla-impacta-en-las-mujeres-del-atlantico\/#breadcrumb"},"inLanguage":"es-CO","potentialAction":[{"@type":"ReadAction","target":["https:\/\/tuguia.combarranquilla.co\/Revista\/oportunidades-para-todas-combarranquilla-impacta-en-las-mujeres-del-atlantico\/"]}]},{"@type":"ImageObject","inLanguage":"es-CO","@id":"https:\/\/tuguia.combarranquilla.co\/Revista\/oportunidades-para-todas-combarranquilla-impacta-en-las-mujeres-del-atlantico\/#primaryimage","url":"https:\/\/tuguia.combarranquilla.co\/Revista\/wp-content\/uploads\/2024\/03\/WhatsApp-Image-2024-03-08-at-3.20.03-PM-scaled.jpeg","contentUrl":"https:\/\/tuguia.combarranquilla.co\/Revista\/wp-content\/uploads\/2024\/03\/WhatsApp-Image-2024-03-08-at-3.20.03-PM-scaled.jpeg","width":2560,"height":1920},{"@type":"BreadcrumbList","@id":"https:\/\/tuguia.combarranquilla.co\/Revista\/oportunidades-para-todas-combarranquilla-impacta-en-las-mujeres-del-atlantico\/#breadcrumb","itemListElement":[{"@type":"ListItem","position":1,"name":"Inicio","item":"https:\/\/tuguia.combarranquilla.co\/Revista\/"},{"@type":"ListItem","position":2,"name":"Oportunidades para todas: Combarranquilla impacta en las mujeres del Atl\u00e1ntico"}]},{"@type":"WebSite","@id":"https:\/\/tuguia.combarranquilla.co\/Revista\/#website","url":"https:\/\/tuguia.combarranquilla.co\/Revista\/","name":"Tu Gu\u00eda","description":"La revista donde lo tienes todo.","publisher":{"@id":"https:\/\/tuguia.combarranquilla.co\/Revista\/#organization"},"alternateName":"Tu Gu\u00eda Combarranquilla","potentialAction":[{"@type":"SearchAction","target":{"@type":"EntryPoint","urlTemplate":"https:\/\/tuguia.combarranquilla.co\/Revista\/?s={search_term_string}"},"query-input":{"@type":"PropertyValueSpecification","valueRequired":true,"valueName":"search_term_string"}}],"inLanguage":"es-CO"},{"@type":"Organization","@id":"https:\/\/tuguia.combarranquilla.co\/Revista\/#organization","name":"Tu Gu\u00eda Combarranquilla","url":"https:\/\/tuguia.combarranquilla.co\/Revista\/","logo":{"@type":"ImageObject","inLanguage":"es-CO","@id":"https:\/\/tuguia.combarranquilla.co\/Revista\/#\/schema\/logo\/image\/","url":"https:\/\/tuguia.combarranquilla.co\/Revista\/wp-content\/uploads\/2022\/02\/logo-guia-combarranquilla.svg","contentUrl":"https:\/\/tuguia.combarranquilla.co\/Revista\/wp-content\/uploads\/2022\/02\/logo-guia-combarranquilla.svg","caption":"Tu Gu\u00eda Combarranquilla"},"image":{"@id":"https:\/\/tuguia.combarranquilla.co\/Revista\/#\/schema\/logo\/image\/"}},{"@type":"Person","@id":"https:\/\/tuguia.combarranquilla.co\/Revista\/#\/schema\/person\/c2c396a77170bd1d5f8ba73294eb0d10","name":"Comunicaciones Combarranquilla","image":{"@type":"ImageObject","inLanguage":"es-CO","@id":"https:\/\/tuguia.combarranquilla.co\/Revista\/wp-content\/uploads\/2025\/05\/ABC-Al-Rojo-Logo-96x96.jpg","url":"https:\/\/tuguia.combarranquilla.co\/Revista\/wp-content\/uploads\/2025\/05\/ABC-Al-Rojo-Logo-96x96.jpg","contentUrl":"https:\/\/tuguia.combarranquilla.co\/Revista\/wp-content\/uploads\/2025\/05\/ABC-Al-Rojo-Logo-96x96.jpg","caption":"Comunicaciones Combarranquilla"},"sameAs":["https:\/\/www.combarranquilla.co"],"url":"https:\/\/tuguia.combarranquilla.co\/Revista\/author\/comunicaciones\/"}]}},"_links":{"self":[{"href":"https:\/\/tuguia.combarranquilla.co\/Revista\/wp-json\/wp\/v2\/posts\/3898","targetHints":{"allow":["GET"]}}],"collection":[{"href":"https:\/\/tuguia.combarranquilla.co\/Revista\/wp-json\/wp\/v2\/posts"}],"about":[{"href":"https:\/\/tuguia.combarranquilla.co\/Revista\/wp-json\/wp\/v2\/types\/post"}],"author":[{"embeddable":true,"href":"https:\/\/tuguia.combarranquilla.co\/Revista\/wp-json\/wp\/v2\/users\/2"}],"replies":[{"embeddable":true,"href":"https:\/\/tuguia.combarranquilla.co\/Revista\/wp-json\/wp\/v2\/comments?post=3898"}],"version-history":[{"count":18,"href":"https:\/\/tuguia.combarranquilla.co\/Revista\/wp-json\/wp\/v2\/posts\/3898\/revisions"}],"predecessor-version":[{"id":3925,"href":"https:\/\/tuguia.combarranquilla.co\/Revista\/wp-json\/wp\/v2\/posts\/3898\/revisions\/3925"}],"wp:featuredmedia":[{"embeddable":true,"href":"https:\/\/tuguia.combarranquilla.co\/Revista\/wp-json\/wp\/v2\/media\/3899"}],"wp:attachment":[{"href":"https:\/\/tuguia.combarranquilla.co\/Revista\/wp-json\/wp\/v2\/media?parent=3898"}],"wp:term":[{"taxonomy":"category","embeddable":true,"href":"https:\/\/tuguia.combarranquilla.co\/Revista\/wp-json\/wp\/v2\/categories?post=3898"},{"taxonomy":"post_tag","embeddable":true,"href":"https:\/\/tuguia.combarranquilla.co\/Revista\/wp-json\/wp\/v2\/tags?post=3898"}],"curies":[{"name":"wp","href":"https:\/\/api.w.org\/{rel}","templated":true}]}}