{"id":3903,"date":"2024-03-05T10:00:08","date_gmt":"2024-03-05T15:00:08","guid":{"rendered":"https:\/\/tuguia.combarranquilla.co\/Revista\/?p=3903"},"modified":"2024-03-18T15:11:18","modified_gmt":"2024-03-18T20:11:18","slug":"invierte-en-ti-estos-son-los-cursos-del-mes-de-marzo-en-combarranquilla","status":"publish","type":"post","link":"https:\/\/tuguia.combarranquilla.co\/Revista\/invierte-en-ti-estos-son-los-cursos-del-mes-de-marzo-en-combarranquilla\/","title":{"rendered":"Invierte en ti: estos son los cursos del mes de marzo en Combarranquilla"},"content":{"rendered":"\n<p>En Combarranquilla la educaci\u00f3n de nuestros afiliados es prioridad. Por eso, cada mes ofrecemos cursos donde puedan potenciar su conocimiento y desarrollar nuevas habilidades para continuar creciendo en su \u00e1mbito profesional.<\/p>\n\n\n\n<h2 class=\"wp-block-heading\">\u00a1Conoce los cursos de este mes!<\/h2>\n\n\n\n<h2 class=\"wp-block-heading\">1. Potencia tus informes usando gr\u00e1ficos<\/h2>\n\n\n\n<p>Su objetivo principal es fortalecer el manejo de herramientas de Microsoft Excel para la generaci\u00f3n de informes con fines comerciales, estad\u00edsticos, de seguimiento, entre otros. Estas clases te permitir\u00e1n aprender conocimientos b\u00e1sicos de esta herramienta office para hacer m\u00e1s \u00f3ptimos tus procesos.<\/p>\n\n\n\n<figure class=\"wp-block-gallery alignwide has-nested-images columns-default is-cropped wp-block-gallery-1 is-layout-flex wp-block-gallery-is-layout-flex\">\n<figure class=\"wp-block-image size-large\"><img decoding=\"async\" width=\"819\" height=\"1024\" data-id=\"3955\" data-src=\"https:\/\/tuguia.combarranquilla.co\/Revista\/wp-content\/uploads\/2024\/03\/GRAFICOS-1-819x1024.jpg\" alt=\"\" class=\"wp-image-3955 lazyload\" data-srcset=\"https:\/\/tuguia.combarranquilla.co\/Revista\/wp-content\/uploads\/2024\/03\/GRAFICOS-1-819x1024.jpg 819w, https:\/\/tuguia.combarranquilla.co\/Revista\/wp-content\/uploads\/2024\/03\/GRAFICOS-1-240x300.jpg 240w, https:\/\/tuguia.combarranquilla.co\/Revista\/wp-content\/uploads\/2024\/03\/GRAFICOS-1-768x960.jpg 768w, https:\/\/tuguia.combarranquilla.co\/Revista\/wp-content\/uploads\/2024\/03\/GRAFICOS-1-1229x1536.jpg 1229w, https:\/\/tuguia.combarranquilla.co\/Revista\/wp-content\/uploads\/2024\/03\/GRAFICOS-1-1638x2048.jpg 1638w, https:\/\/tuguia.combarranquilla.co\/Revista\/wp-content\/uploads\/2024\/03\/GRAFICOS-1-scaled.jpg 2048w\" data-sizes=\"(max-width: 819px) 100vw, 819px\" src=\"data:image\/svg+xml;base64,PHN2ZyB3aWR0aD0iMSIgaGVpZ2h0PSIxIiB4bWxucz0iaHR0cDovL3d3dy53My5vcmcvMjAwMC9zdmciPjwvc3ZnPg==\" style=\"--smush-placeholder-width: 819px; --smush-placeholder-aspect-ratio: 819\/1024;\" \/><\/figure>\n\n\n\n<figure class=\"wp-block-image size-large\"><img decoding=\"async\" width=\"1024\" height=\"683\" data-id=\"3906\" data-src=\"https:\/\/tuguia.combarranquilla.co\/Revista\/wp-content\/uploads\/2024\/03\/female-african-american-speaker-giving-presentation-hall-university-workshop-1024x683.jpg\" alt=\"\" class=\"wp-image-3906 lazyload\" data-srcset=\"https:\/\/tuguia.combarranquilla.co\/Revista\/wp-content\/uploads\/2024\/03\/female-african-american-speaker-giving-presentation-hall-university-workshop-1024x683.jpg 1024w, https:\/\/tuguia.combarranquilla.co\/Revista\/wp-content\/uploads\/2024\/03\/female-african-american-speaker-giving-presentation-hall-university-workshop-300x200.jpg 300w, https:\/\/tuguia.combarranquilla.co\/Revista\/wp-content\/uploads\/2024\/03\/female-african-american-speaker-giving-presentation-hall-university-workshop-768x512.jpg 768w, https:\/\/tuguia.combarranquilla.co\/Revista\/wp-content\/uploads\/2024\/03\/female-african-american-speaker-giving-presentation-hall-university-workshop-1536x1024.jpg 1536w, https:\/\/tuguia.combarranquilla.co\/Revista\/wp-content\/uploads\/2024\/03\/female-african-american-speaker-giving-presentation-hall-university-workshop-2048x1365.jpg 2048w\" data-sizes=\"(max-width: 1024px) 100vw, 1024px\" src=\"data:image\/svg+xml;base64,PHN2ZyB3aWR0aD0iMSIgaGVpZ2h0PSIxIiB4bWxucz0iaHR0cDovL3d3dy53My5vcmcvMjAwMC9zdmciPjwvc3ZnPg==\" style=\"--smush-placeholder-width: 1024px; --smush-placeholder-aspect-ratio: 1024\/683;\" \/><\/figure>\n<\/figure>\n\n\n\n<p><\/p>\n\n\n\n<h2 class=\"wp-block-heading\">T\u00e9cnicas y decoraci\u00f3n de tortas en fondant<\/h2>\n\n\n\n<p>Ser\u00e1n ocho clases entretenidas donde aprender\u00e1s a elaborar el fondant, la t\u00e9cnica del acolchado y una decoraci\u00f3n 2d en tortas. En este curso, la creatividad y la presici\u00f3n ser\u00e1n claves para lograr sorprender a todos con tu talento.<\/p>\n\n\n\n<p>*Los ingredientes est\u00e1n incluidos en la clase, pero los insumos son grupales. <\/p>\n\n\n\n<figure class=\"wp-block-gallery alignwide has-nested-images columns-default is-cropped wp-block-gallery-2 is-layout-flex wp-block-gallery-is-layout-flex\">\n<figure class=\"wp-block-image size-large\"><img decoding=\"async\" width=\"819\" height=\"1024\" data-id=\"3952\" data-src=\"https:\/\/tuguia.combarranquilla.co\/Revista\/wp-content\/uploads\/2024\/03\/Taller-de-tortas-con-Fondant_Mesa-de-trabajo-1-819x1024.png\" alt=\"\" class=\"wp-image-3952 lazyload\" data-srcset=\"https:\/\/tuguia.combarranquilla.co\/Revista\/wp-content\/uploads\/2024\/03\/Taller-de-tortas-con-Fondant_Mesa-de-trabajo-1-819x1024.png 819w, https:\/\/tuguia.combarranquilla.co\/Revista\/wp-content\/uploads\/2024\/03\/Taller-de-tortas-con-Fondant_Mesa-de-trabajo-1-240x300.png 240w, https:\/\/tuguia.combarranquilla.co\/Revista\/wp-content\/uploads\/2024\/03\/Taller-de-tortas-con-Fondant_Mesa-de-trabajo-1-768x960.png 768w, https:\/\/tuguia.combarranquilla.co\/Revista\/wp-content\/uploads\/2024\/03\/Taller-de-tortas-con-Fondant_Mesa-de-trabajo-1-1229x1536.png 1229w, https:\/\/tuguia.combarranquilla.co\/Revista\/wp-content\/uploads\/2024\/03\/Taller-de-tortas-con-Fondant_Mesa-de-trabajo-1.png 1500w\" data-sizes=\"(max-width: 819px) 100vw, 819px\" src=\"data:image\/svg+xml;base64,PHN2ZyB3aWR0aD0iMSIgaGVpZ2h0PSIxIiB4bWxucz0iaHR0cDovL3d3dy53My5vcmcvMjAwMC9zdmciPjwvc3ZnPg==\" style=\"--smush-placeholder-width: 819px; --smush-placeholder-aspect-ratio: 819\/1024;\" \/><\/figure>\n\n\n\n<figure class=\"wp-block-image size-large\"><img decoding=\"async\" width=\"819\" height=\"1024\" data-id=\"3954\" data-src=\"https:\/\/tuguia.combarranquilla.co\/Revista\/wp-content\/uploads\/2024\/03\/Taller-de-tortas-con-Fondant-02-1-819x1024.png\" alt=\"\" class=\"wp-image-3954 lazyload\" data-srcset=\"https:\/\/tuguia.combarranquilla.co\/Revista\/wp-content\/uploads\/2024\/03\/Taller-de-tortas-con-Fondant-02-1-819x1024.png 819w, https:\/\/tuguia.combarranquilla.co\/Revista\/wp-content\/uploads\/2024\/03\/Taller-de-tortas-con-Fondant-02-1-240x300.png 240w, https:\/\/tuguia.combarranquilla.co\/Revista\/wp-content\/uploads\/2024\/03\/Taller-de-tortas-con-Fondant-02-1-768x960.png 768w, https:\/\/tuguia.combarranquilla.co\/Revista\/wp-content\/uploads\/2024\/03\/Taller-de-tortas-con-Fondant-02-1-1229x1536.png 1229w, https:\/\/tuguia.combarranquilla.co\/Revista\/wp-content\/uploads\/2024\/03\/Taller-de-tortas-con-Fondant-02-1.png 1500w\" data-sizes=\"(max-width: 819px) 100vw, 819px\" src=\"data:image\/svg+xml;base64,PHN2ZyB3aWR0aD0iMSIgaGVpZ2h0PSIxIiB4bWxucz0iaHR0cDovL3d3dy53My5vcmcvMjAwMC9zdmciPjwvc3ZnPg==\" style=\"--smush-placeholder-width: 819px; --smush-placeholder-aspect-ratio: 819\/1024;\" \/><\/figure>\n<\/figure>\n\n\n\n<p><\/p>\n\n\n\n<h2 class=\"wp-block-heading\">Informaci\u00f3n tributaria ex\u00f3gena en medios electr\u00f3nicos a\u00f1o gravable 2023<\/h2>\n\n\n\n<p>Nuestro seminario permitir\u00e1 a los participantes actualizar las disposiciones proferidas por el Gobierno Nacional y la DIAN. Todo esto con respecto al contenido y las caracter\u00edsticas t\u00e9cnicas en materia del cumplimiento de la obligaci\u00f3n de suministrar informaci\u00f3n ex\u00f3gena tributaria en medios magn\u00e9ticos. <\/p>\n\n\n\n<figure class=\"wp-block-gallery alignwide has-nested-images columns-default is-cropped wp-block-gallery-3 is-layout-flex wp-block-gallery-is-layout-flex\">\n<figure class=\"wp-block-image size-large\"><img decoding=\"async\" width=\"819\" height=\"1024\" data-id=\"3970\" data-src=\"https:\/\/tuguia.combarranquilla.co\/Revista\/wp-content\/uploads\/2024\/03\/INTELIGENCIA-ARTIFICIAL-exogena-1-100-819x1024.jpg\" alt=\"\" class=\"wp-image-3970 lazyload\" data-srcset=\"https:\/\/tuguia.combarranquilla.co\/Revista\/wp-content\/uploads\/2024\/03\/INTELIGENCIA-ARTIFICIAL-exogena-1-100-819x1024.jpg 819w, https:\/\/tuguia.combarranquilla.co\/Revista\/wp-content\/uploads\/2024\/03\/INTELIGENCIA-ARTIFICIAL-exogena-1-100-240x300.jpg 240w, https:\/\/tuguia.combarranquilla.co\/Revista\/wp-content\/uploads\/2024\/03\/INTELIGENCIA-ARTIFICIAL-exogena-1-100-768x960.jpg 768w, https:\/\/tuguia.combarranquilla.co\/Revista\/wp-content\/uploads\/2024\/03\/INTELIGENCIA-ARTIFICIAL-exogena-1-100.jpg 1080w\" data-sizes=\"(max-width: 819px) 100vw, 819px\" src=\"data:image\/svg+xml;base64,PHN2ZyB3aWR0aD0iMSIgaGVpZ2h0PSIxIiB4bWxucz0iaHR0cDovL3d3dy53My5vcmcvMjAwMC9zdmciPjwvc3ZnPg==\" style=\"--smush-placeholder-width: 819px; --smush-placeholder-aspect-ratio: 819\/1024;\" \/><\/figure>\n\n\n\n<figure class=\"wp-block-image size-large\"><img decoding=\"async\" width=\"819\" height=\"1024\" data-id=\"3971\" data-src=\"https:\/\/tuguia.combarranquilla.co\/Revista\/wp-content\/uploads\/2024\/03\/INTELIGENCIA-ARTIFICIAL-exogena-2-100-819x1024.jpg\" alt=\"\" class=\"wp-image-3971 lazyload\" data-srcset=\"https:\/\/tuguia.combarranquilla.co\/Revista\/wp-content\/uploads\/2024\/03\/INTELIGENCIA-ARTIFICIAL-exogena-2-100-819x1024.jpg 819w, https:\/\/tuguia.combarranquilla.co\/Revista\/wp-content\/uploads\/2024\/03\/INTELIGENCIA-ARTIFICIAL-exogena-2-100-240x300.jpg 240w, https:\/\/tuguia.combarranquilla.co\/Revista\/wp-content\/uploads\/2024\/03\/INTELIGENCIA-ARTIFICIAL-exogena-2-100-768x960.jpg 768w, https:\/\/tuguia.combarranquilla.co\/Revista\/wp-content\/uploads\/2024\/03\/INTELIGENCIA-ARTIFICIAL-exogena-2-100.jpg 1080w\" data-sizes=\"(max-width: 819px) 100vw, 819px\" src=\"data:image\/svg+xml;base64,PHN2ZyB3aWR0aD0iMSIgaGVpZ2h0PSIxIiB4bWxucz0iaHR0cDovL3d3dy53My5vcmcvMjAwMC9zdmciPjwvc3ZnPg==\" style=\"--smush-placeholder-width: 819px; --smush-placeholder-aspect-ratio: 819\/1024;\" \/><\/figure>\n<\/figure>\n\n\n\n<p><\/p>\n\n\n\n<p>Este seminario va dirigido a Gerentes, Subgerentes, Directores Financieros y Administrativos, Revisores Fiscales, Auditores, Contadores, Abogados, Economistas, Personal de Sistemas y en general a funcionarios relacionados directa e indirectamente con el manejo contable y tributario de las empresas del sector privado y de las entidades de derecho p\u00fablico.<\/p>\n\n\n\n<h2 class=\"wp-block-heading\">Seminario de nutrici\u00f3n, metabolismo y estado de \u00e1nimo<\/h2>\n\n\n\n<p>La idea principal de este taller es conectar con la nutrici\u00f3n diversa, deliciosa y atractiva. Todo se enfocar\u00e1 en la alimentaci\u00f3n colorida, la cual es protagonizada por los alimentos de mayor valor nutricional: los alimentos de la tierra.<\/p>\n\n\n\n<p>De igual manera, se resolver\u00e1n dudas como:<\/p>\n\n\n\n<ul class=\"wp-block-list\">\n<li>\u00bfQu\u00e9 es el metabolismo?<\/li>\n\n\n\n<li>\u00bfSer\u00e1 que tengo un metabolismo lento?<\/li>\n\n\n\n<li>\u00bfPara qu\u00e9 comemos?<\/li>\n\n\n\n<li>\u00bfQu\u00e9 es el cerebro, las emociones y el estr\u00e9s?<\/li>\n\n\n\n<li>\u00bfCu\u00e1les son los qu\u00edmicos de la felicidad?<\/li>\n<\/ul>\n\n\n\n<figure class=\"wp-block-gallery alignwide has-nested-images columns-default is-cropped wp-block-gallery-4 is-layout-flex wp-block-gallery-is-layout-flex\">\n<figure class=\"wp-block-image size-large\"><img decoding=\"async\" width=\"819\" height=\"1024\" data-id=\"3958\" data-src=\"https:\/\/tuguia.combarranquilla.co\/Revista\/wp-content\/uploads\/2024\/03\/SEMINARIO-NUTRICION-METABOLISMO-Y-ESTADOS-DE-ANIMO_Mesa-de-trabajo-1-819x1024.png\" alt=\"\" class=\"wp-image-3958 lazyload\" data-srcset=\"https:\/\/tuguia.combarranquilla.co\/Revista\/wp-content\/uploads\/2024\/03\/SEMINARIO-NUTRICION-METABOLISMO-Y-ESTADOS-DE-ANIMO_Mesa-de-trabajo-1-819x1024.png 819w, https:\/\/tuguia.combarranquilla.co\/Revista\/wp-content\/uploads\/2024\/03\/SEMINARIO-NUTRICION-METABOLISMO-Y-ESTADOS-DE-ANIMO_Mesa-de-trabajo-1-240x300.png 240w, https:\/\/tuguia.combarranquilla.co\/Revista\/wp-content\/uploads\/2024\/03\/SEMINARIO-NUTRICION-METABOLISMO-Y-ESTADOS-DE-ANIMO_Mesa-de-trabajo-1-768x960.png 768w, https:\/\/tuguia.combarranquilla.co\/Revista\/wp-content\/uploads\/2024\/03\/SEMINARIO-NUTRICION-METABOLISMO-Y-ESTADOS-DE-ANIMO_Mesa-de-trabajo-1-1228x1536.png 1228w, https:\/\/tuguia.combarranquilla.co\/Revista\/wp-content\/uploads\/2024\/03\/SEMINARIO-NUTRICION-METABOLISMO-Y-ESTADOS-DE-ANIMO_Mesa-de-trabajo-1.png 1350w\" data-sizes=\"(max-width: 819px) 100vw, 819px\" src=\"data:image\/svg+xml;base64,PHN2ZyB3aWR0aD0iMSIgaGVpZ2h0PSIxIiB4bWxucz0iaHR0cDovL3d3dy53My5vcmcvMjAwMC9zdmciPjwvc3ZnPg==\" style=\"--smush-placeholder-width: 819px; --smush-placeholder-aspect-ratio: 819\/1024;\" \/><\/figure>\n\n\n\n<figure class=\"wp-block-image size-large\"><img decoding=\"async\" width=\"819\" height=\"1024\" data-id=\"3959\" data-src=\"https:\/\/tuguia.combarranquilla.co\/Revista\/wp-content\/uploads\/2024\/03\/SEMINARIO-NUTRICION-METABOLISMO-Y-ESTADOS-DE-ANIMO-02-819x1024.png\" alt=\"\" class=\"wp-image-3959 lazyload\" data-srcset=\"https:\/\/tuguia.combarranquilla.co\/Revista\/wp-content\/uploads\/2024\/03\/SEMINARIO-NUTRICION-METABOLISMO-Y-ESTADOS-DE-ANIMO-02-819x1024.png 819w, https:\/\/tuguia.combarranquilla.co\/Revista\/wp-content\/uploads\/2024\/03\/SEMINARIO-NUTRICION-METABOLISMO-Y-ESTADOS-DE-ANIMO-02-240x300.png 240w, https:\/\/tuguia.combarranquilla.co\/Revista\/wp-content\/uploads\/2024\/03\/SEMINARIO-NUTRICION-METABOLISMO-Y-ESTADOS-DE-ANIMO-02-768x960.png 768w, https:\/\/tuguia.combarranquilla.co\/Revista\/wp-content\/uploads\/2024\/03\/SEMINARIO-NUTRICION-METABOLISMO-Y-ESTADOS-DE-ANIMO-02-1228x1536.png 1228w, https:\/\/tuguia.combarranquilla.co\/Revista\/wp-content\/uploads\/2024\/03\/SEMINARIO-NUTRICION-METABOLISMO-Y-ESTADOS-DE-ANIMO-02.png 1350w\" data-sizes=\"(max-width: 819px) 100vw, 819px\" src=\"data:image\/svg+xml;base64,PHN2ZyB3aWR0aD0iMSIgaGVpZ2h0PSIxIiB4bWxucz0iaHR0cDovL3d3dy53My5vcmcvMjAwMC9zdmciPjwvc3ZnPg==\" style=\"--smush-placeholder-width: 819px; --smush-placeholder-aspect-ratio: 819\/1024;\" \/><\/figure>\n<\/figure>\n\n\n\n<p><\/p>\n\n\n\n<p>En este espacio, se brindar\u00e1n herramientas del estilo de vida que pueden ayudar a acelerar el metabolismo o aprender a clasificar alimentos. Esto con la gran finalidad de ense\u00f1ar cu\u00e1les son las opciones m\u00e1s o menos favorables de las hormonas que regulan los niveles de az\u00facar en la sangre y c\u00f3mo llegar a obtener un estilo de vida y bienestar mucho m\u00e1s saludable.<\/p>\n\n\n\n<h2 class=\"wp-block-heading\">\u00a1Cont\u00e1ctanos!<\/h2>\n\n\n\n<p>A trav\u00e9s de nuestra l\u00ednea verde 3225049 ext. 1231, 1232, 1233, 1236, 1237 podr\u00e1s consultar m\u00e1s informaci\u00f3n sobre los cursos y seminarios disponibles.<\/p>\n\n\n\n<p>Combarranquilla, \u00a1Transformando vidas!<\/p>\n","protected":false},"excerpt":{"rendered":"<p>En Combarranquilla la educaci\u00f3n de nuestros afiliados es prioridad. Por eso, cada mes ofrecemos cursos donde puedan potenciar su conocimiento y desarrollar nuevas habilidades para continuar creciendo en su \u00e1mbito profesional. \u00a1Conoce los cursos de este mes! 1. Potencia tus informes usando gr\u00e1ficos Su objetivo principal es fortalecer el manejo de herramientas de Microsoft Excel [&hellip;]<\/p>\n","protected":false},"author":2,"featured_media":3905,"comment_status":"open","ping_status":"open","sticky":false,"template":"","format":"standard","meta":{"inline_featured_image":false,"footnotes":""},"categories":[8],"tags":[],"class_list":["post-3903","post","type-post","status-publish","format-standard","has-post-thumbnail","hentry","category-formacion"],"yoast_head":"<!-- This site is optimized with the Yoast SEO plugin v27.4 - https:\/\/yoast.com\/product\/yoast-seo-wordpress\/ -->\n<title>Invierte en ti: estos son los cursos del mes de marzo en Combarranquilla - Tu Gu\u00eda<\/title>\n<meta name=\"robots\" content=\"index, follow, max-snippet:-1, max-image-preview:large, max-video-preview:-1\" \/>\n<link rel=\"canonical\" href=\"https:\/\/tuguia.combarranquilla.co\/Revista\/invierte-en-ti-estos-son-los-cursos-del-mes-de-marzo-en-combarranquilla\/\" \/>\n<meta property=\"og:locale\" content=\"es_ES\" \/>\n<meta property=\"og:type\" content=\"article\" \/>\n<meta property=\"og:title\" content=\"Invierte en ti: estos son los cursos del mes de marzo en Combarranquilla - Tu Gu\u00eda\" \/>\n<meta property=\"og:description\" content=\"En Combarranquilla la educaci\u00f3n de nuestros afiliados es prioridad. Por eso, cada mes ofrecemos cursos donde puedan potenciar su conocimiento y desarrollar nuevas habilidades para continuar creciendo en su \u00e1mbito profesional. \u00a1Conoce los cursos de este mes! 1. Potencia tus informes usando gr\u00e1ficos Su objetivo principal es fortalecer el manejo de herramientas de Microsoft Excel [&hellip;]\" \/>\n<meta property=\"og:url\" content=\"https:\/\/tuguia.combarranquilla.co\/Revista\/invierte-en-ti-estos-son-los-cursos-del-mes-de-marzo-en-combarranquilla\/\" \/>\n<meta property=\"og:site_name\" content=\"Tu Gu\u00eda\" \/>\n<meta property=\"article:published_time\" content=\"2024-03-05T15:00:08+00:00\" \/>\n<meta property=\"article:modified_time\" content=\"2024-03-18T20:11:18+00:00\" \/>\n<meta property=\"og:image\" content=\"https:\/\/tuguia.combarranquilla.co\/Revista\/wp-content\/uploads\/2024\/03\/customer-marketing-sales-dashboard-graphics-concept-scaled.jpg\" \/>\n\t<meta property=\"og:image:width\" content=\"2560\" \/>\n\t<meta property=\"og:image:height\" content=\"1637\" \/>\n\t<meta property=\"og:image:type\" content=\"image\/jpeg\" \/>\n<meta name=\"author\" content=\"Comunicaciones Combarranquilla\" \/>\n<meta name=\"twitter:card\" content=\"summary_large_image\" \/>\n<meta name=\"twitter:label1\" content=\"Escrito por\" \/>\n\t<meta name=\"twitter:data1\" content=\"Comunicaciones Combarranquilla\" \/>\n\t<meta name=\"twitter:label2\" content=\"Tiempo de lectura\" \/>\n\t<meta name=\"twitter:data2\" content=\"2 minutos\" \/>\n<script type=\"application\/ld+json\" class=\"yoast-schema-graph\">{\"@context\":\"https:\\\/\\\/schema.org\",\"@graph\":[{\"@type\":\"Article\",\"@id\":\"https:\\\/\\\/tuguia.combarranquilla.co\\\/Revista\\\/invierte-en-ti-estos-son-los-cursos-del-mes-de-marzo-en-combarranquilla\\\/#article\",\"isPartOf\":{\"@id\":\"https:\\\/\\\/tuguia.combarranquilla.co\\\/Revista\\\/invierte-en-ti-estos-son-los-cursos-del-mes-de-marzo-en-combarranquilla\\\/\"},\"author\":{\"name\":\"Comunicaciones Combarranquilla\",\"@id\":\"https:\\\/\\\/tuguia.combarranquilla.co\\\/Revista\\\/#\\\/schema\\\/person\\\/c2c396a77170bd1d5f8ba73294eb0d10\"},\"headline\":\"Invierte en ti: estos son los cursos del mes de marzo en Combarranquilla\",\"datePublished\":\"2024-03-05T15:00:08+00:00\",\"dateModified\":\"2024-03-18T20:11:18+00:00\",\"mainEntityOfPage\":{\"@id\":\"https:\\\/\\\/tuguia.combarranquilla.co\\\/Revista\\\/invierte-en-ti-estos-son-los-cursos-del-mes-de-marzo-en-combarranquilla\\\/\"},\"wordCount\":465,\"commentCount\":0,\"publisher\":{\"@id\":\"https:\\\/\\\/tuguia.combarranquilla.co\\\/Revista\\\/#organization\"},\"image\":{\"@id\":\"https:\\\/\\\/tuguia.combarranquilla.co\\\/Revista\\\/invierte-en-ti-estos-son-los-cursos-del-mes-de-marzo-en-combarranquilla\\\/#primaryimage\"},\"thumbnailUrl\":\"https:\\\/\\\/tuguia.combarranquilla.co\\\/Revista\\\/wp-content\\\/uploads\\\/2024\\\/03\\\/customer-marketing-sales-dashboard-graphics-concept-scaled.jpg\",\"articleSection\":[\"FORMACI\u00d3N\"],\"inLanguage\":\"es-CO\",\"potentialAction\":[{\"@type\":\"CommentAction\",\"name\":\"Comment\",\"target\":[\"https:\\\/\\\/tuguia.combarranquilla.co\\\/Revista\\\/invierte-en-ti-estos-son-los-cursos-del-mes-de-marzo-en-combarranquilla\\\/#respond\"]}]},{\"@type\":\"WebPage\",\"@id\":\"https:\\\/\\\/tuguia.combarranquilla.co\\\/Revista\\\/invierte-en-ti-estos-son-los-cursos-del-mes-de-marzo-en-combarranquilla\\\/\",\"url\":\"https:\\\/\\\/tuguia.combarranquilla.co\\\/Revista\\\/invierte-en-ti-estos-son-los-cursos-del-mes-de-marzo-en-combarranquilla\\\/\",\"name\":\"Invierte en ti: estos son los cursos del mes de marzo en Combarranquilla - Tu Gu\u00eda\",\"isPartOf\":{\"@id\":\"https:\\\/\\\/tuguia.combarranquilla.co\\\/Revista\\\/#website\"},\"primaryImageOfPage\":{\"@id\":\"https:\\\/\\\/tuguia.combarranquilla.co\\\/Revista\\\/invierte-en-ti-estos-son-los-cursos-del-mes-de-marzo-en-combarranquilla\\\/#primaryimage\"},\"image\":{\"@id\":\"https:\\\/\\\/tuguia.combarranquilla.co\\\/Revista\\\/invierte-en-ti-estos-son-los-cursos-del-mes-de-marzo-en-combarranquilla\\\/#primaryimage\"},\"thumbnailUrl\":\"https:\\\/\\\/tuguia.combarranquilla.co\\\/Revista\\\/wp-content\\\/uploads\\\/2024\\\/03\\\/customer-marketing-sales-dashboard-graphics-concept-scaled.jpg\",\"datePublished\":\"2024-03-05T15:00:08+00:00\",\"dateModified\":\"2024-03-18T20:11:18+00:00\",\"breadcrumb\":{\"@id\":\"https:\\\/\\\/tuguia.combarranquilla.co\\\/Revista\\\/invierte-en-ti-estos-son-los-cursos-del-mes-de-marzo-en-combarranquilla\\\/#breadcrumb\"},\"inLanguage\":\"es-CO\",\"potentialAction\":[{\"@type\":\"ReadAction\",\"target\":[\"https:\\\/\\\/tuguia.combarranquilla.co\\\/Revista\\\/invierte-en-ti-estos-son-los-cursos-del-mes-de-marzo-en-combarranquilla\\\/\"]}]},{\"@type\":\"ImageObject\",\"inLanguage\":\"es-CO\",\"@id\":\"https:\\\/\\\/tuguia.combarranquilla.co\\\/Revista\\\/invierte-en-ti-estos-son-los-cursos-del-mes-de-marzo-en-combarranquilla\\\/#primaryimage\",\"url\":\"https:\\\/\\\/tuguia.combarranquilla.co\\\/Revista\\\/wp-content\\\/uploads\\\/2024\\\/03\\\/customer-marketing-sales-dashboard-graphics-concept-scaled.jpg\",\"contentUrl\":\"https:\\\/\\\/tuguia.combarranquilla.co\\\/Revista\\\/wp-content\\\/uploads\\\/2024\\\/03\\\/customer-marketing-sales-dashboard-graphics-concept-scaled.jpg\",\"width\":2560,\"height\":1637,\"caption\":\"Customer Marketing Sales Dashboard Graphics Concept\"},{\"@type\":\"BreadcrumbList\",\"@id\":\"https:\\\/\\\/tuguia.combarranquilla.co\\\/Revista\\\/invierte-en-ti-estos-son-los-cursos-del-mes-de-marzo-en-combarranquilla\\\/#breadcrumb\",\"itemListElement\":[{\"@type\":\"ListItem\",\"position\":1,\"name\":\"Inicio\",\"item\":\"https:\\\/\\\/tuguia.combarranquilla.co\\\/Revista\\\/\"},{\"@type\":\"ListItem\",\"position\":2,\"name\":\"Invierte en ti: estos son los cursos del mes de marzo en Combarranquilla\"}]},{\"@type\":\"WebSite\",\"@id\":\"https:\\\/\\\/tuguia.combarranquilla.co\\\/Revista\\\/#website\",\"url\":\"https:\\\/\\\/tuguia.combarranquilla.co\\\/Revista\\\/\",\"name\":\"Tu Gu\u00eda\",\"description\":\"La revista donde lo tienes todo.\",\"publisher\":{\"@id\":\"https:\\\/\\\/tuguia.combarranquilla.co\\\/Revista\\\/#organization\"},\"alternateName\":\"Tu Gu\u00eda Combarranquilla\",\"potentialAction\":[{\"@type\":\"SearchAction\",\"target\":{\"@type\":\"EntryPoint\",\"urlTemplate\":\"https:\\\/\\\/tuguia.combarranquilla.co\\\/Revista\\\/?s={search_term_string}\"},\"query-input\":{\"@type\":\"PropertyValueSpecification\",\"valueRequired\":true,\"valueName\":\"search_term_string\"}}],\"inLanguage\":\"es-CO\"},{\"@type\":\"Organization\",\"@id\":\"https:\\\/\\\/tuguia.combarranquilla.co\\\/Revista\\\/#organization\",\"name\":\"Tu Gu\u00eda Combarranquilla\",\"url\":\"https:\\\/\\\/tuguia.combarranquilla.co\\\/Revista\\\/\",\"logo\":{\"@type\":\"ImageObject\",\"inLanguage\":\"es-CO\",\"@id\":\"https:\\\/\\\/tuguia.combarranquilla.co\\\/Revista\\\/#\\\/schema\\\/logo\\\/image\\\/\",\"url\":\"https:\\\/\\\/tuguia.combarranquilla.co\\\/Revista\\\/wp-content\\\/uploads\\\/2022\\\/02\\\/logo-guia-combarranquilla.svg\",\"contentUrl\":\"https:\\\/\\\/tuguia.combarranquilla.co\\\/Revista\\\/wp-content\\\/uploads\\\/2022\\\/02\\\/logo-guia-combarranquilla.svg\",\"caption\":\"Tu Gu\u00eda Combarranquilla\"},\"image\":{\"@id\":\"https:\\\/\\\/tuguia.combarranquilla.co\\\/Revista\\\/#\\\/schema\\\/logo\\\/image\\\/\"}},{\"@type\":\"Person\",\"@id\":\"https:\\\/\\\/tuguia.combarranquilla.co\\\/Revista\\\/#\\\/schema\\\/person\\\/c2c396a77170bd1d5f8ba73294eb0d10\",\"name\":\"Comunicaciones Combarranquilla\",\"image\":{\"@type\":\"ImageObject\",\"inLanguage\":\"es-CO\",\"@id\":\"https:\\\/\\\/tuguia.combarranquilla.co\\\/Revista\\\/wp-content\\\/uploads\\\/2025\\\/05\\\/ABC-Al-Rojo-Logo-96x96.jpg\",\"url\":\"https:\\\/\\\/tuguia.combarranquilla.co\\\/Revista\\\/wp-content\\\/uploads\\\/2025\\\/05\\\/ABC-Al-Rojo-Logo-96x96.jpg\",\"contentUrl\":\"https:\\\/\\\/tuguia.combarranquilla.co\\\/Revista\\\/wp-content\\\/uploads\\\/2025\\\/05\\\/ABC-Al-Rojo-Logo-96x96.jpg\",\"caption\":\"Comunicaciones Combarranquilla\"},\"sameAs\":[\"https:\\\/\\\/www.combarranquilla.co\"],\"url\":\"https:\\\/\\\/tuguia.combarranquilla.co\\\/Revista\\\/author\\\/comunicaciones\\\/\"}]}<\/script>\n<!-- \/ Yoast SEO plugin. -->","yoast_head_json":{"title":"Invierte en ti: estos son los cursos del mes de marzo en Combarranquilla - Tu Gu\u00eda","robots":{"index":"index","follow":"follow","max-snippet":"max-snippet:-1","max-image-preview":"max-image-preview:large","max-video-preview":"max-video-preview:-1"},"canonical":"https:\/\/tuguia.combarranquilla.co\/Revista\/invierte-en-ti-estos-son-los-cursos-del-mes-de-marzo-en-combarranquilla\/","og_locale":"es_ES","og_type":"article","og_title":"Invierte en ti: estos son los cursos del mes de marzo en Combarranquilla - Tu Gu\u00eda","og_description":"En Combarranquilla la educaci\u00f3n de nuestros afiliados es prioridad. Por eso, cada mes ofrecemos cursos donde puedan potenciar su conocimiento y desarrollar nuevas habilidades para continuar creciendo en su \u00e1mbito profesional. \u00a1Conoce los cursos de este mes! 1. Potencia tus informes usando gr\u00e1ficos Su objetivo principal es fortalecer el manejo de herramientas de Microsoft Excel [&hellip;]","og_url":"https:\/\/tuguia.combarranquilla.co\/Revista\/invierte-en-ti-estos-son-los-cursos-del-mes-de-marzo-en-combarranquilla\/","og_site_name":"Tu Gu\u00eda","article_published_time":"2024-03-05T15:00:08+00:00","article_modified_time":"2024-03-18T20:11:18+00:00","og_image":[{"width":2560,"height":1637,"url":"https:\/\/tuguia.combarranquilla.co\/Revista\/wp-content\/uploads\/2024\/03\/customer-marketing-sales-dashboard-graphics-concept-scaled.jpg","type":"image\/jpeg"}],"author":"Comunicaciones Combarranquilla","twitter_card":"summary_large_image","twitter_misc":{"Escrito por":"Comunicaciones Combarranquilla","Tiempo de lectura":"2 minutos"},"schema":{"@context":"https:\/\/schema.org","@graph":[{"@type":"Article","@id":"https:\/\/tuguia.combarranquilla.co\/Revista\/invierte-en-ti-estos-son-los-cursos-del-mes-de-marzo-en-combarranquilla\/#article","isPartOf":{"@id":"https:\/\/tuguia.combarranquilla.co\/Revista\/invierte-en-ti-estos-son-los-cursos-del-mes-de-marzo-en-combarranquilla\/"},"author":{"name":"Comunicaciones Combarranquilla","@id":"https:\/\/tuguia.combarranquilla.co\/Revista\/#\/schema\/person\/c2c396a77170bd1d5f8ba73294eb0d10"},"headline":"Invierte en ti: estos son los cursos del mes de marzo en Combarranquilla","datePublished":"2024-03-05T15:00:08+00:00","dateModified":"2024-03-18T20:11:18+00:00","mainEntityOfPage":{"@id":"https:\/\/tuguia.combarranquilla.co\/Revista\/invierte-en-ti-estos-son-los-cursos-del-mes-de-marzo-en-combarranquilla\/"},"wordCount":465,"commentCount":0,"publisher":{"@id":"https:\/\/tuguia.combarranquilla.co\/Revista\/#organization"},"image":{"@id":"https:\/\/tuguia.combarranquilla.co\/Revista\/invierte-en-ti-estos-son-los-cursos-del-mes-de-marzo-en-combarranquilla\/#primaryimage"},"thumbnailUrl":"https:\/\/tuguia.combarranquilla.co\/Revista\/wp-content\/uploads\/2024\/03\/customer-marketing-sales-dashboard-graphics-concept-scaled.jpg","articleSection":["FORMACI\u00d3N"],"inLanguage":"es-CO","potentialAction":[{"@type":"CommentAction","name":"Comment","target":["https:\/\/tuguia.combarranquilla.co\/Revista\/invierte-en-ti-estos-son-los-cursos-del-mes-de-marzo-en-combarranquilla\/#respond"]}]},{"@type":"WebPage","@id":"https:\/\/tuguia.combarranquilla.co\/Revista\/invierte-en-ti-estos-son-los-cursos-del-mes-de-marzo-en-combarranquilla\/","url":"https:\/\/tuguia.combarranquilla.co\/Revista\/invierte-en-ti-estos-son-los-cursos-del-mes-de-marzo-en-combarranquilla\/","name":"Invierte en ti: estos son los cursos del mes de marzo en Combarranquilla - Tu Gu\u00eda","isPartOf":{"@id":"https:\/\/tuguia.combarranquilla.co\/Revista\/#website"},"primaryImageOfPage":{"@id":"https:\/\/tuguia.combarranquilla.co\/Revista\/invierte-en-ti-estos-son-los-cursos-del-mes-de-marzo-en-combarranquilla\/#primaryimage"},"image":{"@id":"https:\/\/tuguia.combarranquilla.co\/Revista\/invierte-en-ti-estos-son-los-cursos-del-mes-de-marzo-en-combarranquilla\/#primaryimage"},"thumbnailUrl":"https:\/\/tuguia.combarranquilla.co\/Revista\/wp-content\/uploads\/2024\/03\/customer-marketing-sales-dashboard-graphics-concept-scaled.jpg","datePublished":"2024-03-05T15:00:08+00:00","dateModified":"2024-03-18T20:11:18+00:00","breadcrumb":{"@id":"https:\/\/tuguia.combarranquilla.co\/Revista\/invierte-en-ti-estos-son-los-cursos-del-mes-de-marzo-en-combarranquilla\/#breadcrumb"},"inLanguage":"es-CO","potentialAction":[{"@type":"ReadAction","target":["https:\/\/tuguia.combarranquilla.co\/Revista\/invierte-en-ti-estos-son-los-cursos-del-mes-de-marzo-en-combarranquilla\/"]}]},{"@type":"ImageObject","inLanguage":"es-CO","@id":"https:\/\/tuguia.combarranquilla.co\/Revista\/invierte-en-ti-estos-son-los-cursos-del-mes-de-marzo-en-combarranquilla\/#primaryimage","url":"https:\/\/tuguia.combarranquilla.co\/Revista\/wp-content\/uploads\/2024\/03\/customer-marketing-sales-dashboard-graphics-concept-scaled.jpg","contentUrl":"https:\/\/tuguia.combarranquilla.co\/Revista\/wp-content\/uploads\/2024\/03\/customer-marketing-sales-dashboard-graphics-concept-scaled.jpg","width":2560,"height":1637,"caption":"Customer Marketing Sales Dashboard Graphics Concept"},{"@type":"BreadcrumbList","@id":"https:\/\/tuguia.combarranquilla.co\/Revista\/invierte-en-ti-estos-son-los-cursos-del-mes-de-marzo-en-combarranquilla\/#breadcrumb","itemListElement":[{"@type":"ListItem","position":1,"name":"Inicio","item":"https:\/\/tuguia.combarranquilla.co\/Revista\/"},{"@type":"ListItem","position":2,"name":"Invierte en ti: estos son los cursos del mes de marzo en Combarranquilla"}]},{"@type":"WebSite","@id":"https:\/\/tuguia.combarranquilla.co\/Revista\/#website","url":"https:\/\/tuguia.combarranquilla.co\/Revista\/","name":"Tu Gu\u00eda","description":"La revista donde lo tienes todo.","publisher":{"@id":"https:\/\/tuguia.combarranquilla.co\/Revista\/#organization"},"alternateName":"Tu Gu\u00eda Combarranquilla","potentialAction":[{"@type":"SearchAction","target":{"@type":"EntryPoint","urlTemplate":"https:\/\/tuguia.combarranquilla.co\/Revista\/?s={search_term_string}"},"query-input":{"@type":"PropertyValueSpecification","valueRequired":true,"valueName":"search_term_string"}}],"inLanguage":"es-CO"},{"@type":"Organization","@id":"https:\/\/tuguia.combarranquilla.co\/Revista\/#organization","name":"Tu Gu\u00eda Combarranquilla","url":"https:\/\/tuguia.combarranquilla.co\/Revista\/","logo":{"@type":"ImageObject","inLanguage":"es-CO","@id":"https:\/\/tuguia.combarranquilla.co\/Revista\/#\/schema\/logo\/image\/","url":"https:\/\/tuguia.combarranquilla.co\/Revista\/wp-content\/uploads\/2022\/02\/logo-guia-combarranquilla.svg","contentUrl":"https:\/\/tuguia.combarranquilla.co\/Revista\/wp-content\/uploads\/2022\/02\/logo-guia-combarranquilla.svg","caption":"Tu Gu\u00eda Combarranquilla"},"image":{"@id":"https:\/\/tuguia.combarranquilla.co\/Revista\/#\/schema\/logo\/image\/"}},{"@type":"Person","@id":"https:\/\/tuguia.combarranquilla.co\/Revista\/#\/schema\/person\/c2c396a77170bd1d5f8ba73294eb0d10","name":"Comunicaciones Combarranquilla","image":{"@type":"ImageObject","inLanguage":"es-CO","@id":"https:\/\/tuguia.combarranquilla.co\/Revista\/wp-content\/uploads\/2025\/05\/ABC-Al-Rojo-Logo-96x96.jpg","url":"https:\/\/tuguia.combarranquilla.co\/Revista\/wp-content\/uploads\/2025\/05\/ABC-Al-Rojo-Logo-96x96.jpg","contentUrl":"https:\/\/tuguia.combarranquilla.co\/Revista\/wp-content\/uploads\/2025\/05\/ABC-Al-Rojo-Logo-96x96.jpg","caption":"Comunicaciones Combarranquilla"},"sameAs":["https:\/\/www.combarranquilla.co"],"url":"https:\/\/tuguia.combarranquilla.co\/Revista\/author\/comunicaciones\/"}]}},"_links":{"self":[{"href":"https:\/\/tuguia.combarranquilla.co\/Revista\/wp-json\/wp\/v2\/posts\/3903","targetHints":{"allow":["GET"]}}],"collection":[{"href":"https:\/\/tuguia.combarranquilla.co\/Revista\/wp-json\/wp\/v2\/posts"}],"about":[{"href":"https:\/\/tuguia.combarranquilla.co\/Revista\/wp-json\/wp\/v2\/types\/post"}],"author":[{"embeddable":true,"href":"https:\/\/tuguia.combarranquilla.co\/Revista\/wp-json\/wp\/v2\/users\/2"}],"replies":[{"embeddable":true,"href":"https:\/\/tuguia.combarranquilla.co\/Revista\/wp-json\/wp\/v2\/comments?post=3903"}],"version-history":[{"count":27,"href":"https:\/\/tuguia.combarranquilla.co\/Revista\/wp-json\/wp\/v2\/posts\/3903\/revisions"}],"predecessor-version":[{"id":3977,"href":"https:\/\/tuguia.combarranquilla.co\/Revista\/wp-json\/wp\/v2\/posts\/3903\/revisions\/3977"}],"wp:featuredmedia":[{"embeddable":true,"href":"https:\/\/tuguia.combarranquilla.co\/Revista\/wp-json\/wp\/v2\/media\/3905"}],"wp:attachment":[{"href":"https:\/\/tuguia.combarranquilla.co\/Revista\/wp-json\/wp\/v2\/media?parent=3903"}],"wp:term":[{"taxonomy":"category","embeddable":true,"href":"https:\/\/tuguia.combarranquilla.co\/Revista\/wp-json\/wp\/v2\/categories?post=3903"},{"taxonomy":"post_tag","embeddable":true,"href":"https:\/\/tuguia.combarranquilla.co\/Revista\/wp-json\/wp\/v2\/tags?post=3903"}],"curies":[{"name":"wp","href":"https:\/\/api.w.org\/{rel}","templated":true}]}}