{"id":3980,"date":"2024-04-05T16:17:28","date_gmt":"2024-04-05T21:17:28","guid":{"rendered":"https:\/\/tuguia.combarranquilla.co\/Revista\/?p=3980"},"modified":"2024-04-05T16:17:30","modified_gmt":"2024-04-05T21:17:30","slug":"explora-europa-un-tour-exclusivo-para-mujeres","status":"publish","type":"post","link":"https:\/\/tuguia.combarranquilla.co\/Revista\/explora-europa-un-tour-exclusivo-para-mujeres\/","title":{"rendered":"Explora Europa: Un tour exclusivo para mujeres"},"content":{"rendered":"\n<p class=\"has-medium-font-size\">Descubre la cultura, la historia y la belleza del continente Europeo en un tour exclusivo para mujeres, donde podr\u00e1s conocer los destinos m\u00e1s emblem\u00e1ticos, explorar monumentos y disfrutar de la deliciosa gastronom\u00eda local. No te pierdas la gran oportunidad de vivir una experiencia inolvidable en nuestro tour hacia Europa. <\/p>\n\n\n\n<p class=\"has-text-align-center has-medium-font-size\"><strong>Del 12 al 28 de Mayo<\/strong><\/p>\n\n\n\n<p class=\"has-text-align-center has-medium-font-size\">Londres \u2013 Par\u00eds \u2013 Lucerna \u2013 Z\u00farich \u2013 Verona \u2013 Venecia \u2013 Roma \u2013 Florencia \u2013 Pisa \u2013 Costa Azul \u2013 Barcelona \u2013 Zaragoza \u2013 Madrid<\/p>\n\n\n\n<p class=\"has-text-align-left has-medium-font-size\"><strong>Tarifa<\/strong><\/p>\n\n\n\n<p class=\"has-medium-font-size\">$4.077 USD por persona<\/p>\n\n\n\n<p>Con nuestro cr\u00e9dito de turismo el viaje de tus sue\u00f1os est\u00e1 m\u00e1s cerca de lo que te imaginas. <\/p>\n\n\n\n<p class=\"has-medium-font-size\"><strong>Duraci\u00f3n<\/strong><\/p>\n\n\n\n<p class=\"has-medium-font-size\">17 d\u00edas<\/p>\n\n\n\n<p class=\"has-medium-font-size\"><strong>\u00bfQu\u00e9 incluye?<\/strong><\/p>\n\n\n\n<ul class=\"has-medium-font-size wp-block-list\">\n<li>Alojamiento en acomodaci\u00f3n doble en hoteles categor\u00eda 3 estrellas superior.<\/li>\n\n\n\n<li>Tiquete a\u00e9reo Barranquilla-Bogot\u00e1-Londres-Madrid-Bogot\u00e1- Barranquilla con Avianca, incluida una maleta de mano y una maleta de 23 kg en bodega, sujeto a disponibilidad de cupos.<\/li>\n\n\n\n<li>Tarjeta asistencia m\u00e9dica.<\/li>\n\n\n\n<li>Desayuno diario y almuerzo en Capri.<\/li>\n\n\n\n<li>Propinas.<\/li>\n\n\n\n<li>Fee bancario.<\/li>\n<\/ul>\n\n\n\n<p class=\"has-medium-font-size\"><strong>Sitios tur\u00edsticos para conoce<\/strong>r<\/p>\n\n\n\n<ul class=\"has-medium-font-size wp-block-list\">\n<li>Crucero por el R\u00edo Sena e iluminaciones<\/li>\n\n\n\n<li>Palacio y Jardines de Versalles<\/li>\n\n\n\n<li>Catedral de Notre Dame<\/li>\n\n\n\n<li>Paseo en g\u00f3ndola con serenata<\/li>\n\n\n\n<li>Verona<\/li>\n\n\n\n<li>Museos Vaticanos, Capilla Sixtina y San Pedro<\/li>\n\n\n\n<li>Roma Barroca<\/li>\n\n\n\n<li>N\u00e1poles y Capri<\/li>\n<\/ul>\n\n\n\n<p class=\"has-medium-font-size\"><strong>No incluye<\/strong><\/p>\n\n\n\n<ul class=\"has-medium-font-size wp-block-list\">\n<li>Alimentaci\u00f3n no especificada en el plan.<\/li>\n\n\n\n<li>Mini-bar, lavander\u00eda, ni gastos personales.<\/li>\n\n\n\n<li>Gastos no especificados en el plan.<\/li>\n\n\n\n<li>3% del fee bancario.<\/li>\n<\/ul>\n\n\n\n<p class=\"has-medium-font-size\"><strong>M\u00e1s informes<\/strong> (605)3225049 EXT. 1231 &#8211; 1232 &#8211; 1233 &#8211; 1236 &#8211; 1237 <\/p>\n\n\n\n<p><strong>Cr\u00e9ditos: <\/strong>3162592281<\/p>\n\n\n\n<p>*Cr\u00e9dito aplica para trabajadores activos de empresas que tenga convenio de cr\u00e9ditos.<\/p>\n","protected":false},"excerpt":{"rendered":"<p>Descubre la cultura, la historia y la belleza del continente Europeo en un tour exclusivo para mujeres, donde podr\u00e1s conocer los destinos m\u00e1s emblem\u00e1ticos, explorar monumentos y disfrutar de la deliciosa gastronom\u00eda local. No te pierdas la gran oportunidad de vivir una experiencia inolvidable en nuestro tour hacia Europa. Del 12 al 28 de Mayo [&hellip;]<\/p>\n","protected":false},"author":2,"featured_media":3981,"comment_status":"open","ping_status":"open","sticky":false,"template":"","format":"standard","meta":{"inline_featured_image":false,"footnotes":""},"categories":[1],"tags":[],"class_list":["post-3980","post","type-post","status-publish","format-standard","has-post-thumbnail","hentry","category-entretenimiento"],"yoast_head":"<!-- This site is optimized with the Yoast SEO plugin v27.4 - https:\/\/yoast.com\/product\/yoast-seo-wordpress\/ -->\n<title>Explora Europa: Un tour exclusivo para mujeres - Tu Gu\u00eda<\/title>\n<meta name=\"robots\" content=\"index, follow, max-snippet:-1, max-image-preview:large, max-video-preview:-1\" \/>\n<link rel=\"canonical\" href=\"https:\/\/tuguia.combarranquilla.co\/Revista\/explora-europa-un-tour-exclusivo-para-mujeres\/\" \/>\n<meta property=\"og:locale\" content=\"es_ES\" \/>\n<meta property=\"og:type\" content=\"article\" \/>\n<meta property=\"og:title\" content=\"Explora Europa: Un tour exclusivo para mujeres - Tu Gu\u00eda\" \/>\n<meta property=\"og:description\" content=\"Descubre la cultura, la historia y la belleza del continente Europeo en un tour exclusivo para mujeres, donde podr\u00e1s conocer los destinos m\u00e1s emblem\u00e1ticos, explorar monumentos y disfrutar de la deliciosa gastronom\u00eda local. No te pierdas la gran oportunidad de vivir una experiencia inolvidable en nuestro tour hacia Europa. Del 12 al 28 de Mayo [&hellip;]\" \/>\n<meta property=\"og:url\" content=\"https:\/\/tuguia.combarranquilla.co\/Revista\/explora-europa-un-tour-exclusivo-para-mujeres\/\" \/>\n<meta property=\"og:site_name\" content=\"Tu Gu\u00eda\" \/>\n<meta property=\"article:published_time\" content=\"2024-04-05T21:17:28+00:00\" \/>\n<meta property=\"article:modified_time\" content=\"2024-04-05T21:17:30+00:00\" \/>\n<meta property=\"og:image\" content=\"https:\/\/tuguia.combarranquilla.co\/Revista\/wp-content\/uploads\/2024\/04\/view-woman-from-vatican-city-scaled.jpg\" \/>\n\t<meta property=\"og:image:width\" content=\"2560\" \/>\n\t<meta property=\"og:image:height\" content=\"1703\" \/>\n\t<meta property=\"og:image:type\" content=\"image\/jpeg\" \/>\n<meta name=\"author\" content=\"Comunicaciones Combarranquilla\" \/>\n<meta name=\"twitter:card\" content=\"summary_large_image\" \/>\n<meta name=\"twitter:label1\" content=\"Escrito por\" \/>\n\t<meta name=\"twitter:data1\" content=\"Comunicaciones Combarranquilla\" \/>\n\t<meta name=\"twitter:label2\" content=\"Tiempo de lectura\" \/>\n\t<meta name=\"twitter:data2\" content=\"1 minuto\" \/>\n<script type=\"application\/ld+json\" class=\"yoast-schema-graph\">{\"@context\":\"https:\\\/\\\/schema.org\",\"@graph\":[{\"@type\":\"Article\",\"@id\":\"https:\\\/\\\/tuguia.combarranquilla.co\\\/Revista\\\/explora-europa-un-tour-exclusivo-para-mujeres\\\/#article\",\"isPartOf\":{\"@id\":\"https:\\\/\\\/tuguia.combarranquilla.co\\\/Revista\\\/explora-europa-un-tour-exclusivo-para-mujeres\\\/\"},\"author\":{\"name\":\"Comunicaciones Combarranquilla\",\"@id\":\"https:\\\/\\\/tuguia.combarranquilla.co\\\/Revista\\\/#\\\/schema\\\/person\\\/c2c396a77170bd1d5f8ba73294eb0d10\"},\"headline\":\"Explora Europa: Un tour exclusivo para mujeres\",\"datePublished\":\"2024-04-05T21:17:28+00:00\",\"dateModified\":\"2024-04-05T21:17:30+00:00\",\"mainEntityOfPage\":{\"@id\":\"https:\\\/\\\/tuguia.combarranquilla.co\\\/Revista\\\/explora-europa-un-tour-exclusivo-para-mujeres\\\/\"},\"wordCount\":251,\"commentCount\":0,\"publisher\":{\"@id\":\"https:\\\/\\\/tuguia.combarranquilla.co\\\/Revista\\\/#organization\"},\"image\":{\"@id\":\"https:\\\/\\\/tuguia.combarranquilla.co\\\/Revista\\\/explora-europa-un-tour-exclusivo-para-mujeres\\\/#primaryimage\"},\"thumbnailUrl\":\"https:\\\/\\\/tuguia.combarranquilla.co\\\/Revista\\\/wp-content\\\/uploads\\\/2024\\\/04\\\/view-woman-from-vatican-city-scaled.jpg\",\"articleSection\":[\"ENTRETENIMIENTO\"],\"inLanguage\":\"es-CO\",\"potentialAction\":[{\"@type\":\"CommentAction\",\"name\":\"Comment\",\"target\":[\"https:\\\/\\\/tuguia.combarranquilla.co\\\/Revista\\\/explora-europa-un-tour-exclusivo-para-mujeres\\\/#respond\"]}]},{\"@type\":\"WebPage\",\"@id\":\"https:\\\/\\\/tuguia.combarranquilla.co\\\/Revista\\\/explora-europa-un-tour-exclusivo-para-mujeres\\\/\",\"url\":\"https:\\\/\\\/tuguia.combarranquilla.co\\\/Revista\\\/explora-europa-un-tour-exclusivo-para-mujeres\\\/\",\"name\":\"Explora Europa: Un tour exclusivo para mujeres - Tu Gu\u00eda\",\"isPartOf\":{\"@id\":\"https:\\\/\\\/tuguia.combarranquilla.co\\\/Revista\\\/#website\"},\"primaryImageOfPage\":{\"@id\":\"https:\\\/\\\/tuguia.combarranquilla.co\\\/Revista\\\/explora-europa-un-tour-exclusivo-para-mujeres\\\/#primaryimage\"},\"image\":{\"@id\":\"https:\\\/\\\/tuguia.combarranquilla.co\\\/Revista\\\/explora-europa-un-tour-exclusivo-para-mujeres\\\/#primaryimage\"},\"thumbnailUrl\":\"https:\\\/\\\/tuguia.combarranquilla.co\\\/Revista\\\/wp-content\\\/uploads\\\/2024\\\/04\\\/view-woman-from-vatican-city-scaled.jpg\",\"datePublished\":\"2024-04-05T21:17:28+00:00\",\"dateModified\":\"2024-04-05T21:17:30+00:00\",\"breadcrumb\":{\"@id\":\"https:\\\/\\\/tuguia.combarranquilla.co\\\/Revista\\\/explora-europa-un-tour-exclusivo-para-mujeres\\\/#breadcrumb\"},\"inLanguage\":\"es-CO\",\"potentialAction\":[{\"@type\":\"ReadAction\",\"target\":[\"https:\\\/\\\/tuguia.combarranquilla.co\\\/Revista\\\/explora-europa-un-tour-exclusivo-para-mujeres\\\/\"]}]},{\"@type\":\"ImageObject\",\"inLanguage\":\"es-CO\",\"@id\":\"https:\\\/\\\/tuguia.combarranquilla.co\\\/Revista\\\/explora-europa-un-tour-exclusivo-para-mujeres\\\/#primaryimage\",\"url\":\"https:\\\/\\\/tuguia.combarranquilla.co\\\/Revista\\\/wp-content\\\/uploads\\\/2024\\\/04\\\/view-woman-from-vatican-city-scaled.jpg\",\"contentUrl\":\"https:\\\/\\\/tuguia.combarranquilla.co\\\/Revista\\\/wp-content\\\/uploads\\\/2024\\\/04\\\/view-woman-from-vatican-city-scaled.jpg\",\"width\":2560,\"height\":1703,\"caption\":\"Imagen de referencia\"},{\"@type\":\"BreadcrumbList\",\"@id\":\"https:\\\/\\\/tuguia.combarranquilla.co\\\/Revista\\\/explora-europa-un-tour-exclusivo-para-mujeres\\\/#breadcrumb\",\"itemListElement\":[{\"@type\":\"ListItem\",\"position\":1,\"name\":\"Inicio\",\"item\":\"https:\\\/\\\/tuguia.combarranquilla.co\\\/Revista\\\/\"},{\"@type\":\"ListItem\",\"position\":2,\"name\":\"Explora Europa: Un tour exclusivo para mujeres\"}]},{\"@type\":\"WebSite\",\"@id\":\"https:\\\/\\\/tuguia.combarranquilla.co\\\/Revista\\\/#website\",\"url\":\"https:\\\/\\\/tuguia.combarranquilla.co\\\/Revista\\\/\",\"name\":\"Tu Gu\u00eda\",\"description\":\"La revista donde lo tienes todo.\",\"publisher\":{\"@id\":\"https:\\\/\\\/tuguia.combarranquilla.co\\\/Revista\\\/#organization\"},\"alternateName\":\"Tu Gu\u00eda Combarranquilla\",\"potentialAction\":[{\"@type\":\"SearchAction\",\"target\":{\"@type\":\"EntryPoint\",\"urlTemplate\":\"https:\\\/\\\/tuguia.combarranquilla.co\\\/Revista\\\/?s={search_term_string}\"},\"query-input\":{\"@type\":\"PropertyValueSpecification\",\"valueRequired\":true,\"valueName\":\"search_term_string\"}}],\"inLanguage\":\"es-CO\"},{\"@type\":\"Organization\",\"@id\":\"https:\\\/\\\/tuguia.combarranquilla.co\\\/Revista\\\/#organization\",\"name\":\"Tu Gu\u00eda Combarranquilla\",\"url\":\"https:\\\/\\\/tuguia.combarranquilla.co\\\/Revista\\\/\",\"logo\":{\"@type\":\"ImageObject\",\"inLanguage\":\"es-CO\",\"@id\":\"https:\\\/\\\/tuguia.combarranquilla.co\\\/Revista\\\/#\\\/schema\\\/logo\\\/image\\\/\",\"url\":\"https:\\\/\\\/tuguia.combarranquilla.co\\\/Revista\\\/wp-content\\\/uploads\\\/2022\\\/02\\\/logo-guia-combarranquilla.svg\",\"contentUrl\":\"https:\\\/\\\/tuguia.combarranquilla.co\\\/Revista\\\/wp-content\\\/uploads\\\/2022\\\/02\\\/logo-guia-combarranquilla.svg\",\"caption\":\"Tu Gu\u00eda Combarranquilla\"},\"image\":{\"@id\":\"https:\\\/\\\/tuguia.combarranquilla.co\\\/Revista\\\/#\\\/schema\\\/logo\\\/image\\\/\"}},{\"@type\":\"Person\",\"@id\":\"https:\\\/\\\/tuguia.combarranquilla.co\\\/Revista\\\/#\\\/schema\\\/person\\\/c2c396a77170bd1d5f8ba73294eb0d10\",\"name\":\"Comunicaciones Combarranquilla\",\"image\":{\"@type\":\"ImageObject\",\"inLanguage\":\"es-CO\",\"@id\":\"https:\\\/\\\/tuguia.combarranquilla.co\\\/Revista\\\/wp-content\\\/uploads\\\/2025\\\/05\\\/ABC-Al-Rojo-Logo-96x96.jpg\",\"url\":\"https:\\\/\\\/tuguia.combarranquilla.co\\\/Revista\\\/wp-content\\\/uploads\\\/2025\\\/05\\\/ABC-Al-Rojo-Logo-96x96.jpg\",\"contentUrl\":\"https:\\\/\\\/tuguia.combarranquilla.co\\\/Revista\\\/wp-content\\\/uploads\\\/2025\\\/05\\\/ABC-Al-Rojo-Logo-96x96.jpg\",\"caption\":\"Comunicaciones Combarranquilla\"},\"sameAs\":[\"https:\\\/\\\/www.combarranquilla.co\"],\"url\":\"https:\\\/\\\/tuguia.combarranquilla.co\\\/Revista\\\/author\\\/comunicaciones\\\/\"}]}<\/script>\n<!-- \/ Yoast SEO plugin. -->","yoast_head_json":{"title":"Explora Europa: Un tour exclusivo para mujeres - Tu Gu\u00eda","robots":{"index":"index","follow":"follow","max-snippet":"max-snippet:-1","max-image-preview":"max-image-preview:large","max-video-preview":"max-video-preview:-1"},"canonical":"https:\/\/tuguia.combarranquilla.co\/Revista\/explora-europa-un-tour-exclusivo-para-mujeres\/","og_locale":"es_ES","og_type":"article","og_title":"Explora Europa: Un tour exclusivo para mujeres - Tu Gu\u00eda","og_description":"Descubre la cultura, la historia y la belleza del continente Europeo en un tour exclusivo para mujeres, donde podr\u00e1s conocer los destinos m\u00e1s emblem\u00e1ticos, explorar monumentos y disfrutar de la deliciosa gastronom\u00eda local. No te pierdas la gran oportunidad de vivir una experiencia inolvidable en nuestro tour hacia Europa. Del 12 al 28 de Mayo [&hellip;]","og_url":"https:\/\/tuguia.combarranquilla.co\/Revista\/explora-europa-un-tour-exclusivo-para-mujeres\/","og_site_name":"Tu Gu\u00eda","article_published_time":"2024-04-05T21:17:28+00:00","article_modified_time":"2024-04-05T21:17:30+00:00","og_image":[{"width":2560,"height":1703,"url":"https:\/\/tuguia.combarranquilla.co\/Revista\/wp-content\/uploads\/2024\/04\/view-woman-from-vatican-city-scaled.jpg","type":"image\/jpeg"}],"author":"Comunicaciones Combarranquilla","twitter_card":"summary_large_image","twitter_misc":{"Escrito por":"Comunicaciones Combarranquilla","Tiempo de lectura":"1 minuto"},"schema":{"@context":"https:\/\/schema.org","@graph":[{"@type":"Article","@id":"https:\/\/tuguia.combarranquilla.co\/Revista\/explora-europa-un-tour-exclusivo-para-mujeres\/#article","isPartOf":{"@id":"https:\/\/tuguia.combarranquilla.co\/Revista\/explora-europa-un-tour-exclusivo-para-mujeres\/"},"author":{"name":"Comunicaciones Combarranquilla","@id":"https:\/\/tuguia.combarranquilla.co\/Revista\/#\/schema\/person\/c2c396a77170bd1d5f8ba73294eb0d10"},"headline":"Explora Europa: Un tour exclusivo para mujeres","datePublished":"2024-04-05T21:17:28+00:00","dateModified":"2024-04-05T21:17:30+00:00","mainEntityOfPage":{"@id":"https:\/\/tuguia.combarranquilla.co\/Revista\/explora-europa-un-tour-exclusivo-para-mujeres\/"},"wordCount":251,"commentCount":0,"publisher":{"@id":"https:\/\/tuguia.combarranquilla.co\/Revista\/#organization"},"image":{"@id":"https:\/\/tuguia.combarranquilla.co\/Revista\/explora-europa-un-tour-exclusivo-para-mujeres\/#primaryimage"},"thumbnailUrl":"https:\/\/tuguia.combarranquilla.co\/Revista\/wp-content\/uploads\/2024\/04\/view-woman-from-vatican-city-scaled.jpg","articleSection":["ENTRETENIMIENTO"],"inLanguage":"es-CO","potentialAction":[{"@type":"CommentAction","name":"Comment","target":["https:\/\/tuguia.combarranquilla.co\/Revista\/explora-europa-un-tour-exclusivo-para-mujeres\/#respond"]}]},{"@type":"WebPage","@id":"https:\/\/tuguia.combarranquilla.co\/Revista\/explora-europa-un-tour-exclusivo-para-mujeres\/","url":"https:\/\/tuguia.combarranquilla.co\/Revista\/explora-europa-un-tour-exclusivo-para-mujeres\/","name":"Explora Europa: Un tour exclusivo para mujeres - Tu Gu\u00eda","isPartOf":{"@id":"https:\/\/tuguia.combarranquilla.co\/Revista\/#website"},"primaryImageOfPage":{"@id":"https:\/\/tuguia.combarranquilla.co\/Revista\/explora-europa-un-tour-exclusivo-para-mujeres\/#primaryimage"},"image":{"@id":"https:\/\/tuguia.combarranquilla.co\/Revista\/explora-europa-un-tour-exclusivo-para-mujeres\/#primaryimage"},"thumbnailUrl":"https:\/\/tuguia.combarranquilla.co\/Revista\/wp-content\/uploads\/2024\/04\/view-woman-from-vatican-city-scaled.jpg","datePublished":"2024-04-05T21:17:28+00:00","dateModified":"2024-04-05T21:17:30+00:00","breadcrumb":{"@id":"https:\/\/tuguia.combarranquilla.co\/Revista\/explora-europa-un-tour-exclusivo-para-mujeres\/#breadcrumb"},"inLanguage":"es-CO","potentialAction":[{"@type":"ReadAction","target":["https:\/\/tuguia.combarranquilla.co\/Revista\/explora-europa-un-tour-exclusivo-para-mujeres\/"]}]},{"@type":"ImageObject","inLanguage":"es-CO","@id":"https:\/\/tuguia.combarranquilla.co\/Revista\/explora-europa-un-tour-exclusivo-para-mujeres\/#primaryimage","url":"https:\/\/tuguia.combarranquilla.co\/Revista\/wp-content\/uploads\/2024\/04\/view-woman-from-vatican-city-scaled.jpg","contentUrl":"https:\/\/tuguia.combarranquilla.co\/Revista\/wp-content\/uploads\/2024\/04\/view-woman-from-vatican-city-scaled.jpg","width":2560,"height":1703,"caption":"Imagen de referencia"},{"@type":"BreadcrumbList","@id":"https:\/\/tuguia.combarranquilla.co\/Revista\/explora-europa-un-tour-exclusivo-para-mujeres\/#breadcrumb","itemListElement":[{"@type":"ListItem","position":1,"name":"Inicio","item":"https:\/\/tuguia.combarranquilla.co\/Revista\/"},{"@type":"ListItem","position":2,"name":"Explora Europa: Un tour exclusivo para mujeres"}]},{"@type":"WebSite","@id":"https:\/\/tuguia.combarranquilla.co\/Revista\/#website","url":"https:\/\/tuguia.combarranquilla.co\/Revista\/","name":"Tu Gu\u00eda","description":"La revista donde lo tienes todo.","publisher":{"@id":"https:\/\/tuguia.combarranquilla.co\/Revista\/#organization"},"alternateName":"Tu Gu\u00eda Combarranquilla","potentialAction":[{"@type":"SearchAction","target":{"@type":"EntryPoint","urlTemplate":"https:\/\/tuguia.combarranquilla.co\/Revista\/?s={search_term_string}"},"query-input":{"@type":"PropertyValueSpecification","valueRequired":true,"valueName":"search_term_string"}}],"inLanguage":"es-CO"},{"@type":"Organization","@id":"https:\/\/tuguia.combarranquilla.co\/Revista\/#organization","name":"Tu Gu\u00eda Combarranquilla","url":"https:\/\/tuguia.combarranquilla.co\/Revista\/","logo":{"@type":"ImageObject","inLanguage":"es-CO","@id":"https:\/\/tuguia.combarranquilla.co\/Revista\/#\/schema\/logo\/image\/","url":"https:\/\/tuguia.combarranquilla.co\/Revista\/wp-content\/uploads\/2022\/02\/logo-guia-combarranquilla.svg","contentUrl":"https:\/\/tuguia.combarranquilla.co\/Revista\/wp-content\/uploads\/2022\/02\/logo-guia-combarranquilla.svg","caption":"Tu Gu\u00eda Combarranquilla"},"image":{"@id":"https:\/\/tuguia.combarranquilla.co\/Revista\/#\/schema\/logo\/image\/"}},{"@type":"Person","@id":"https:\/\/tuguia.combarranquilla.co\/Revista\/#\/schema\/person\/c2c396a77170bd1d5f8ba73294eb0d10","name":"Comunicaciones Combarranquilla","image":{"@type":"ImageObject","inLanguage":"es-CO","@id":"https:\/\/tuguia.combarranquilla.co\/Revista\/wp-content\/uploads\/2025\/05\/ABC-Al-Rojo-Logo-96x96.jpg","url":"https:\/\/tuguia.combarranquilla.co\/Revista\/wp-content\/uploads\/2025\/05\/ABC-Al-Rojo-Logo-96x96.jpg","contentUrl":"https:\/\/tuguia.combarranquilla.co\/Revista\/wp-content\/uploads\/2025\/05\/ABC-Al-Rojo-Logo-96x96.jpg","caption":"Comunicaciones Combarranquilla"},"sameAs":["https:\/\/www.combarranquilla.co"],"url":"https:\/\/tuguia.combarranquilla.co\/Revista\/author\/comunicaciones\/"}]}},"_links":{"self":[{"href":"https:\/\/tuguia.combarranquilla.co\/Revista\/wp-json\/wp\/v2\/posts\/3980","targetHints":{"allow":["GET"]}}],"collection":[{"href":"https:\/\/tuguia.combarranquilla.co\/Revista\/wp-json\/wp\/v2\/posts"}],"about":[{"href":"https:\/\/tuguia.combarranquilla.co\/Revista\/wp-json\/wp\/v2\/types\/post"}],"author":[{"embeddable":true,"href":"https:\/\/tuguia.combarranquilla.co\/Revista\/wp-json\/wp\/v2\/users\/2"}],"replies":[{"embeddable":true,"href":"https:\/\/tuguia.combarranquilla.co\/Revista\/wp-json\/wp\/v2\/comments?post=3980"}],"version-history":[{"count":6,"href":"https:\/\/tuguia.combarranquilla.co\/Revista\/wp-json\/wp\/v2\/posts\/3980\/revisions"}],"predecessor-version":[{"id":4012,"href":"https:\/\/tuguia.combarranquilla.co\/Revista\/wp-json\/wp\/v2\/posts\/3980\/revisions\/4012"}],"wp:featuredmedia":[{"embeddable":true,"href":"https:\/\/tuguia.combarranquilla.co\/Revista\/wp-json\/wp\/v2\/media\/3981"}],"wp:attachment":[{"href":"https:\/\/tuguia.combarranquilla.co\/Revista\/wp-json\/wp\/v2\/media?parent=3980"}],"wp:term":[{"taxonomy":"category","embeddable":true,"href":"https:\/\/tuguia.combarranquilla.co\/Revista\/wp-json\/wp\/v2\/categories?post=3980"},{"taxonomy":"post_tag","embeddable":true,"href":"https:\/\/tuguia.combarranquilla.co\/Revista\/wp-json\/wp\/v2\/tags?post=3980"}],"curies":[{"name":"wp","href":"https:\/\/api.w.org\/{rel}","templated":true}]}}