{"id":4007,"date":"2024-04-09T15:21:16","date_gmt":"2024-04-09T20:21:16","guid":{"rendered":"https:\/\/tuguia.combarranquilla.co\/Revista\/?p=4007"},"modified":"2024-04-09T15:27:55","modified_gmt":"2024-04-09T20:27:55","slug":"como-adaptarse-a-tiempos-disruptivos-por-mauricio-hoyos","status":"publish","type":"post","link":"https:\/\/tuguia.combarranquilla.co\/Revista\/como-adaptarse-a-tiempos-disruptivos-por-mauricio-hoyos\/","title":{"rendered":"\u00bfC\u00f3mo adaptarse a tiempos disruptivos? \u2013 Por Mauricio Hoyos"},"content":{"rendered":"\n<figure class=\"wp-block-video aligncenter\"><video controls src=\"https:\/\/tuguia.combarranquilla.co\/Revista\/wp-content\/uploads\/2024\/04\/MAURICIO-HOYOS-1.mp4\"><\/video><\/figure>\n\n\n\n<p>Mauricio Hoyos estar\u00e1 presente el pr\u00f3ximo mi\u00e9rcoles 24 de abril en la Unidad Country de Combarranquilla. All\u00ed compartir\u00e1 su conocimiento con los asistentes a su conferencia y explicar\u00e1 maneras correctas de adaptarse a los tiempos actuales en el mercado. Esta es una apuesta para ayudar a los empresarios a hallar el camino m\u00e1s adecuado al \u00e9xito que desean.<\/p>\n\n\n\n<p>Su experiencia en mercados cambiantes y el apoyo que le ha dado a empresas a lo largo de los a\u00f1os, garantiza puntos claves en la conferencia. Aqu\u00ed, el objetivo principal es ver los cambios disruptivos de las industrias y as\u00ed poder anticiparse a esta problem\u00e1tica de manera proactiva.<\/p>\n\n\n\n<p>Los asistentes podr\u00e1n adquirir t\u00e9cnicas para desarrollar <strong>flexibilidad y resiliencia <\/strong>a nivel personal y profesional, as\u00ed como adaptarse a los tiempos disruptivos con mayor eficacia. Asimismo, la <strong>innovaci\u00f3n y creatividad<\/strong> se van a explorar para fomentar la creaci\u00f3n de estrategias que servir\u00e1n para encontrar soluciones a posibles problem\u00e1ticas que surgen en entornos cambiantes y desafiantes.<\/p>\n\n\n\n<p>En tiempos tecnol\u00f3gicos, no puede faltar el uso de las <strong>nuevas tecnolog\u00edas<\/strong> en el mercado. El \u00e9xito de esta \u00e1rea podr\u00e1 mejorar la eficiencia y competitividad de la empresa en su \u00e1rea respectiva. Otro punto clave de la charla ser\u00e1 el <strong>liderazgo transformacional<\/strong>. Aqu\u00ed el elemento fundamental ser\u00e1 la forma en la que se motivar\u00e1 a cada equipo de trabajo a motivarse para lograr los objetivos trazados en un mismo a\u00f1o.<\/p>\n\n\n\n<p>Finalmente, un \u00faltimo punto importante ser\u00e1 la <strong>gesti\u00f3n del cambio, <\/strong>donde Mauricio conversar\u00e1 acerca de las habilidades que se pueden adquirir para gestionar el cambio en las empresas, herramientas o metodolog\u00edas que apoyar\u00e1n a minimizar la resistencia al cambio y maximizar\u00e1 los resultados en transiciones disruptivas.<\/p>\n\n\n\n<p>\u00bfQu\u00e9 esperas para adquirir tu boleta? Llama ya al (605) 3225049 ext 1231, 1232, 1233, 1236, 1237.<\/p>\n","protected":false},"excerpt":{"rendered":"<p>Mauricio Hoyos estar\u00e1 presente el pr\u00f3ximo mi\u00e9rcoles 24 de abril en la Unidad Country de Combarranquilla. All\u00ed compartir\u00e1 su conocimiento con los asistentes a su conferencia y explicar\u00e1 maneras correctas de adaptarse a los tiempos actuales en el mercado. Esta es una apuesta para ayudar a los empresarios a hallar el camino m\u00e1s adecuado al [&hellip;]<\/p>\n","protected":false},"author":2,"featured_media":4042,"comment_status":"open","ping_status":"open","sticky":false,"template":"","format":"standard","meta":{"inline_featured_image":false,"footnotes":""},"categories":[8],"tags":[],"class_list":["post-4007","post","type-post","status-publish","format-standard","has-post-thumbnail","hentry","category-formacion"],"yoast_head":"<!-- This site is optimized with the Yoast SEO plugin v27.4 - https:\/\/yoast.com\/product\/yoast-seo-wordpress\/ -->\n<title>\u00bfC\u00f3mo adaptarse a tiempos disruptivos? \u2013 Por Mauricio Hoyos - Tu Gu\u00eda<\/title>\n<meta name=\"robots\" content=\"index, follow, max-snippet:-1, max-image-preview:large, max-video-preview:-1\" \/>\n<link rel=\"canonical\" href=\"https:\/\/tuguia.combarranquilla.co\/Revista\/como-adaptarse-a-tiempos-disruptivos-por-mauricio-hoyos\/\" \/>\n<meta property=\"og:locale\" content=\"es_ES\" \/>\n<meta property=\"og:type\" content=\"article\" \/>\n<meta property=\"og:title\" content=\"\u00bfC\u00f3mo adaptarse a tiempos disruptivos? \u2013 Por Mauricio Hoyos - Tu Gu\u00eda\" \/>\n<meta property=\"og:description\" content=\"Mauricio Hoyos estar\u00e1 presente el pr\u00f3ximo mi\u00e9rcoles 24 de abril en la Unidad Country de Combarranquilla. All\u00ed compartir\u00e1 su conocimiento con los asistentes a su conferencia y explicar\u00e1 maneras correctas de adaptarse a los tiempos actuales en el mercado. Esta es una apuesta para ayudar a los empresarios a hallar el camino m\u00e1s adecuado al [&hellip;]\" \/>\n<meta property=\"og:url\" content=\"https:\/\/tuguia.combarranquilla.co\/Revista\/como-adaptarse-a-tiempos-disruptivos-por-mauricio-hoyos\/\" \/>\n<meta property=\"og:site_name\" content=\"Tu Gu\u00eda\" \/>\n<meta property=\"article:published_time\" content=\"2024-04-09T20:21:16+00:00\" \/>\n<meta property=\"article:modified_time\" content=\"2024-04-09T20:27:55+00:00\" \/>\n<meta property=\"og:image\" content=\"https:\/\/tuguia.combarranquilla.co\/Revista\/wp-content\/uploads\/2024\/04\/Slider-Mauricio-Hoyos.png\" \/>\n\t<meta property=\"og:image:width\" content=\"4000\" \/>\n\t<meta property=\"og:image:height\" content=\"1667\" \/>\n\t<meta property=\"og:image:type\" content=\"image\/png\" \/>\n<meta name=\"author\" content=\"Comunicaciones Combarranquilla\" \/>\n<meta name=\"twitter:card\" content=\"summary_large_image\" \/>\n<meta name=\"twitter:label1\" content=\"Escrito por\" \/>\n\t<meta name=\"twitter:data1\" content=\"Comunicaciones Combarranquilla\" \/>\n\t<meta name=\"twitter:label2\" content=\"Tiempo de lectura\" \/>\n\t<meta name=\"twitter:data2\" content=\"2 minutos\" \/>\n<script type=\"application\/ld+json\" class=\"yoast-schema-graph\">{\"@context\":\"https:\\\/\\\/schema.org\",\"@graph\":[{\"@type\":\"Article\",\"@id\":\"https:\\\/\\\/tuguia.combarranquilla.co\\\/Revista\\\/como-adaptarse-a-tiempos-disruptivos-por-mauricio-hoyos\\\/#article\",\"isPartOf\":{\"@id\":\"https:\\\/\\\/tuguia.combarranquilla.co\\\/Revista\\\/como-adaptarse-a-tiempos-disruptivos-por-mauricio-hoyos\\\/\"},\"author\":{\"name\":\"Comunicaciones Combarranquilla\",\"@id\":\"https:\\\/\\\/tuguia.combarranquilla.co\\\/Revista\\\/#\\\/schema\\\/person\\\/c2c396a77170bd1d5f8ba73294eb0d10\"},\"headline\":\"\u00bfC\u00f3mo adaptarse a tiempos disruptivos? \u2013 Por Mauricio Hoyos\",\"datePublished\":\"2024-04-09T20:21:16+00:00\",\"dateModified\":\"2024-04-09T20:27:55+00:00\",\"mainEntityOfPage\":{\"@id\":\"https:\\\/\\\/tuguia.combarranquilla.co\\\/Revista\\\/como-adaptarse-a-tiempos-disruptivos-por-mauricio-hoyos\\\/\"},\"wordCount\":313,\"commentCount\":0,\"publisher\":{\"@id\":\"https:\\\/\\\/tuguia.combarranquilla.co\\\/Revista\\\/#organization\"},\"image\":{\"@id\":\"https:\\\/\\\/tuguia.combarranquilla.co\\\/Revista\\\/como-adaptarse-a-tiempos-disruptivos-por-mauricio-hoyos\\\/#primaryimage\"},\"thumbnailUrl\":\"https:\\\/\\\/tuguia.combarranquilla.co\\\/Revista\\\/wp-content\\\/uploads\\\/2024\\\/04\\\/Slider-Mauricio-Hoyos.png\",\"articleSection\":[\"FORMACI\u00d3N\"],\"inLanguage\":\"es-CO\",\"potentialAction\":[{\"@type\":\"CommentAction\",\"name\":\"Comment\",\"target\":[\"https:\\\/\\\/tuguia.combarranquilla.co\\\/Revista\\\/como-adaptarse-a-tiempos-disruptivos-por-mauricio-hoyos\\\/#respond\"]}]},{\"@type\":\"WebPage\",\"@id\":\"https:\\\/\\\/tuguia.combarranquilla.co\\\/Revista\\\/como-adaptarse-a-tiempos-disruptivos-por-mauricio-hoyos\\\/\",\"url\":\"https:\\\/\\\/tuguia.combarranquilla.co\\\/Revista\\\/como-adaptarse-a-tiempos-disruptivos-por-mauricio-hoyos\\\/\",\"name\":\"\u00bfC\u00f3mo adaptarse a tiempos disruptivos? \u2013 Por Mauricio Hoyos - Tu Gu\u00eda\",\"isPartOf\":{\"@id\":\"https:\\\/\\\/tuguia.combarranquilla.co\\\/Revista\\\/#website\"},\"primaryImageOfPage\":{\"@id\":\"https:\\\/\\\/tuguia.combarranquilla.co\\\/Revista\\\/como-adaptarse-a-tiempos-disruptivos-por-mauricio-hoyos\\\/#primaryimage\"},\"image\":{\"@id\":\"https:\\\/\\\/tuguia.combarranquilla.co\\\/Revista\\\/como-adaptarse-a-tiempos-disruptivos-por-mauricio-hoyos\\\/#primaryimage\"},\"thumbnailUrl\":\"https:\\\/\\\/tuguia.combarranquilla.co\\\/Revista\\\/wp-content\\\/uploads\\\/2024\\\/04\\\/Slider-Mauricio-Hoyos.png\",\"datePublished\":\"2024-04-09T20:21:16+00:00\",\"dateModified\":\"2024-04-09T20:27:55+00:00\",\"breadcrumb\":{\"@id\":\"https:\\\/\\\/tuguia.combarranquilla.co\\\/Revista\\\/como-adaptarse-a-tiempos-disruptivos-por-mauricio-hoyos\\\/#breadcrumb\"},\"inLanguage\":\"es-CO\",\"potentialAction\":[{\"@type\":\"ReadAction\",\"target\":[\"https:\\\/\\\/tuguia.combarranquilla.co\\\/Revista\\\/como-adaptarse-a-tiempos-disruptivos-por-mauricio-hoyos\\\/\"]}]},{\"@type\":\"ImageObject\",\"inLanguage\":\"es-CO\",\"@id\":\"https:\\\/\\\/tuguia.combarranquilla.co\\\/Revista\\\/como-adaptarse-a-tiempos-disruptivos-por-mauricio-hoyos\\\/#primaryimage\",\"url\":\"https:\\\/\\\/tuguia.combarranquilla.co\\\/Revista\\\/wp-content\\\/uploads\\\/2024\\\/04\\\/Slider-Mauricio-Hoyos.png\",\"contentUrl\":\"https:\\\/\\\/tuguia.combarranquilla.co\\\/Revista\\\/wp-content\\\/uploads\\\/2024\\\/04\\\/Slider-Mauricio-Hoyos.png\",\"width\":4000,\"height\":1667},{\"@type\":\"BreadcrumbList\",\"@id\":\"https:\\\/\\\/tuguia.combarranquilla.co\\\/Revista\\\/como-adaptarse-a-tiempos-disruptivos-por-mauricio-hoyos\\\/#breadcrumb\",\"itemListElement\":[{\"@type\":\"ListItem\",\"position\":1,\"name\":\"Inicio\",\"item\":\"https:\\\/\\\/tuguia.combarranquilla.co\\\/Revista\\\/\"},{\"@type\":\"ListItem\",\"position\":2,\"name\":\"\u00bfC\u00f3mo adaptarse a tiempos disruptivos? \u2013 Por Mauricio Hoyos\"}]},{\"@type\":\"WebSite\",\"@id\":\"https:\\\/\\\/tuguia.combarranquilla.co\\\/Revista\\\/#website\",\"url\":\"https:\\\/\\\/tuguia.combarranquilla.co\\\/Revista\\\/\",\"name\":\"Tu Gu\u00eda\",\"description\":\"La revista donde lo tienes todo.\",\"publisher\":{\"@id\":\"https:\\\/\\\/tuguia.combarranquilla.co\\\/Revista\\\/#organization\"},\"alternateName\":\"Tu Gu\u00eda Combarranquilla\",\"potentialAction\":[{\"@type\":\"SearchAction\",\"target\":{\"@type\":\"EntryPoint\",\"urlTemplate\":\"https:\\\/\\\/tuguia.combarranquilla.co\\\/Revista\\\/?s={search_term_string}\"},\"query-input\":{\"@type\":\"PropertyValueSpecification\",\"valueRequired\":true,\"valueName\":\"search_term_string\"}}],\"inLanguage\":\"es-CO\"},{\"@type\":\"Organization\",\"@id\":\"https:\\\/\\\/tuguia.combarranquilla.co\\\/Revista\\\/#organization\",\"name\":\"Tu Gu\u00eda Combarranquilla\",\"url\":\"https:\\\/\\\/tuguia.combarranquilla.co\\\/Revista\\\/\",\"logo\":{\"@type\":\"ImageObject\",\"inLanguage\":\"es-CO\",\"@id\":\"https:\\\/\\\/tuguia.combarranquilla.co\\\/Revista\\\/#\\\/schema\\\/logo\\\/image\\\/\",\"url\":\"https:\\\/\\\/tuguia.combarranquilla.co\\\/Revista\\\/wp-content\\\/uploads\\\/2022\\\/02\\\/logo-guia-combarranquilla.svg\",\"contentUrl\":\"https:\\\/\\\/tuguia.combarranquilla.co\\\/Revista\\\/wp-content\\\/uploads\\\/2022\\\/02\\\/logo-guia-combarranquilla.svg\",\"caption\":\"Tu Gu\u00eda Combarranquilla\"},\"image\":{\"@id\":\"https:\\\/\\\/tuguia.combarranquilla.co\\\/Revista\\\/#\\\/schema\\\/logo\\\/image\\\/\"}},{\"@type\":\"Person\",\"@id\":\"https:\\\/\\\/tuguia.combarranquilla.co\\\/Revista\\\/#\\\/schema\\\/person\\\/c2c396a77170bd1d5f8ba73294eb0d10\",\"name\":\"Comunicaciones Combarranquilla\",\"image\":{\"@type\":\"ImageObject\",\"inLanguage\":\"es-CO\",\"@id\":\"https:\\\/\\\/tuguia.combarranquilla.co\\\/Revista\\\/wp-content\\\/uploads\\\/2025\\\/05\\\/ABC-Al-Rojo-Logo-96x96.jpg\",\"url\":\"https:\\\/\\\/tuguia.combarranquilla.co\\\/Revista\\\/wp-content\\\/uploads\\\/2025\\\/05\\\/ABC-Al-Rojo-Logo-96x96.jpg\",\"contentUrl\":\"https:\\\/\\\/tuguia.combarranquilla.co\\\/Revista\\\/wp-content\\\/uploads\\\/2025\\\/05\\\/ABC-Al-Rojo-Logo-96x96.jpg\",\"caption\":\"Comunicaciones Combarranquilla\"},\"sameAs\":[\"https:\\\/\\\/www.combarranquilla.co\"],\"url\":\"https:\\\/\\\/tuguia.combarranquilla.co\\\/Revista\\\/author\\\/comunicaciones\\\/\"}]}<\/script>\n<!-- \/ Yoast SEO plugin. -->","yoast_head_json":{"title":"\u00bfC\u00f3mo adaptarse a tiempos disruptivos? \u2013 Por Mauricio Hoyos - Tu Gu\u00eda","robots":{"index":"index","follow":"follow","max-snippet":"max-snippet:-1","max-image-preview":"max-image-preview:large","max-video-preview":"max-video-preview:-1"},"canonical":"https:\/\/tuguia.combarranquilla.co\/Revista\/como-adaptarse-a-tiempos-disruptivos-por-mauricio-hoyos\/","og_locale":"es_ES","og_type":"article","og_title":"\u00bfC\u00f3mo adaptarse a tiempos disruptivos? \u2013 Por Mauricio Hoyos - Tu Gu\u00eda","og_description":"Mauricio Hoyos estar\u00e1 presente el pr\u00f3ximo mi\u00e9rcoles 24 de abril en la Unidad Country de Combarranquilla. All\u00ed compartir\u00e1 su conocimiento con los asistentes a su conferencia y explicar\u00e1 maneras correctas de adaptarse a los tiempos actuales en el mercado. Esta es una apuesta para ayudar a los empresarios a hallar el camino m\u00e1s adecuado al [&hellip;]","og_url":"https:\/\/tuguia.combarranquilla.co\/Revista\/como-adaptarse-a-tiempos-disruptivos-por-mauricio-hoyos\/","og_site_name":"Tu Gu\u00eda","article_published_time":"2024-04-09T20:21:16+00:00","article_modified_time":"2024-04-09T20:27:55+00:00","og_image":[{"width":4000,"height":1667,"url":"https:\/\/tuguia.combarranquilla.co\/Revista\/wp-content\/uploads\/2024\/04\/Slider-Mauricio-Hoyos.png","type":"image\/png"}],"author":"Comunicaciones Combarranquilla","twitter_card":"summary_large_image","twitter_misc":{"Escrito por":"Comunicaciones Combarranquilla","Tiempo de lectura":"2 minutos"},"schema":{"@context":"https:\/\/schema.org","@graph":[{"@type":"Article","@id":"https:\/\/tuguia.combarranquilla.co\/Revista\/como-adaptarse-a-tiempos-disruptivos-por-mauricio-hoyos\/#article","isPartOf":{"@id":"https:\/\/tuguia.combarranquilla.co\/Revista\/como-adaptarse-a-tiempos-disruptivos-por-mauricio-hoyos\/"},"author":{"name":"Comunicaciones Combarranquilla","@id":"https:\/\/tuguia.combarranquilla.co\/Revista\/#\/schema\/person\/c2c396a77170bd1d5f8ba73294eb0d10"},"headline":"\u00bfC\u00f3mo adaptarse a tiempos disruptivos? \u2013 Por Mauricio Hoyos","datePublished":"2024-04-09T20:21:16+00:00","dateModified":"2024-04-09T20:27:55+00:00","mainEntityOfPage":{"@id":"https:\/\/tuguia.combarranquilla.co\/Revista\/como-adaptarse-a-tiempos-disruptivos-por-mauricio-hoyos\/"},"wordCount":313,"commentCount":0,"publisher":{"@id":"https:\/\/tuguia.combarranquilla.co\/Revista\/#organization"},"image":{"@id":"https:\/\/tuguia.combarranquilla.co\/Revista\/como-adaptarse-a-tiempos-disruptivos-por-mauricio-hoyos\/#primaryimage"},"thumbnailUrl":"https:\/\/tuguia.combarranquilla.co\/Revista\/wp-content\/uploads\/2024\/04\/Slider-Mauricio-Hoyos.png","articleSection":["FORMACI\u00d3N"],"inLanguage":"es-CO","potentialAction":[{"@type":"CommentAction","name":"Comment","target":["https:\/\/tuguia.combarranquilla.co\/Revista\/como-adaptarse-a-tiempos-disruptivos-por-mauricio-hoyos\/#respond"]}]},{"@type":"WebPage","@id":"https:\/\/tuguia.combarranquilla.co\/Revista\/como-adaptarse-a-tiempos-disruptivos-por-mauricio-hoyos\/","url":"https:\/\/tuguia.combarranquilla.co\/Revista\/como-adaptarse-a-tiempos-disruptivos-por-mauricio-hoyos\/","name":"\u00bfC\u00f3mo adaptarse a tiempos disruptivos? \u2013 Por Mauricio Hoyos - Tu Gu\u00eda","isPartOf":{"@id":"https:\/\/tuguia.combarranquilla.co\/Revista\/#website"},"primaryImageOfPage":{"@id":"https:\/\/tuguia.combarranquilla.co\/Revista\/como-adaptarse-a-tiempos-disruptivos-por-mauricio-hoyos\/#primaryimage"},"image":{"@id":"https:\/\/tuguia.combarranquilla.co\/Revista\/como-adaptarse-a-tiempos-disruptivos-por-mauricio-hoyos\/#primaryimage"},"thumbnailUrl":"https:\/\/tuguia.combarranquilla.co\/Revista\/wp-content\/uploads\/2024\/04\/Slider-Mauricio-Hoyos.png","datePublished":"2024-04-09T20:21:16+00:00","dateModified":"2024-04-09T20:27:55+00:00","breadcrumb":{"@id":"https:\/\/tuguia.combarranquilla.co\/Revista\/como-adaptarse-a-tiempos-disruptivos-por-mauricio-hoyos\/#breadcrumb"},"inLanguage":"es-CO","potentialAction":[{"@type":"ReadAction","target":["https:\/\/tuguia.combarranquilla.co\/Revista\/como-adaptarse-a-tiempos-disruptivos-por-mauricio-hoyos\/"]}]},{"@type":"ImageObject","inLanguage":"es-CO","@id":"https:\/\/tuguia.combarranquilla.co\/Revista\/como-adaptarse-a-tiempos-disruptivos-por-mauricio-hoyos\/#primaryimage","url":"https:\/\/tuguia.combarranquilla.co\/Revista\/wp-content\/uploads\/2024\/04\/Slider-Mauricio-Hoyos.png","contentUrl":"https:\/\/tuguia.combarranquilla.co\/Revista\/wp-content\/uploads\/2024\/04\/Slider-Mauricio-Hoyos.png","width":4000,"height":1667},{"@type":"BreadcrumbList","@id":"https:\/\/tuguia.combarranquilla.co\/Revista\/como-adaptarse-a-tiempos-disruptivos-por-mauricio-hoyos\/#breadcrumb","itemListElement":[{"@type":"ListItem","position":1,"name":"Inicio","item":"https:\/\/tuguia.combarranquilla.co\/Revista\/"},{"@type":"ListItem","position":2,"name":"\u00bfC\u00f3mo adaptarse a tiempos disruptivos? \u2013 Por Mauricio Hoyos"}]},{"@type":"WebSite","@id":"https:\/\/tuguia.combarranquilla.co\/Revista\/#website","url":"https:\/\/tuguia.combarranquilla.co\/Revista\/","name":"Tu Gu\u00eda","description":"La revista donde lo tienes todo.","publisher":{"@id":"https:\/\/tuguia.combarranquilla.co\/Revista\/#organization"},"alternateName":"Tu Gu\u00eda Combarranquilla","potentialAction":[{"@type":"SearchAction","target":{"@type":"EntryPoint","urlTemplate":"https:\/\/tuguia.combarranquilla.co\/Revista\/?s={search_term_string}"},"query-input":{"@type":"PropertyValueSpecification","valueRequired":true,"valueName":"search_term_string"}}],"inLanguage":"es-CO"},{"@type":"Organization","@id":"https:\/\/tuguia.combarranquilla.co\/Revista\/#organization","name":"Tu Gu\u00eda Combarranquilla","url":"https:\/\/tuguia.combarranquilla.co\/Revista\/","logo":{"@type":"ImageObject","inLanguage":"es-CO","@id":"https:\/\/tuguia.combarranquilla.co\/Revista\/#\/schema\/logo\/image\/","url":"https:\/\/tuguia.combarranquilla.co\/Revista\/wp-content\/uploads\/2022\/02\/logo-guia-combarranquilla.svg","contentUrl":"https:\/\/tuguia.combarranquilla.co\/Revista\/wp-content\/uploads\/2022\/02\/logo-guia-combarranquilla.svg","caption":"Tu Gu\u00eda Combarranquilla"},"image":{"@id":"https:\/\/tuguia.combarranquilla.co\/Revista\/#\/schema\/logo\/image\/"}},{"@type":"Person","@id":"https:\/\/tuguia.combarranquilla.co\/Revista\/#\/schema\/person\/c2c396a77170bd1d5f8ba73294eb0d10","name":"Comunicaciones Combarranquilla","image":{"@type":"ImageObject","inLanguage":"es-CO","@id":"https:\/\/tuguia.combarranquilla.co\/Revista\/wp-content\/uploads\/2025\/05\/ABC-Al-Rojo-Logo-96x96.jpg","url":"https:\/\/tuguia.combarranquilla.co\/Revista\/wp-content\/uploads\/2025\/05\/ABC-Al-Rojo-Logo-96x96.jpg","contentUrl":"https:\/\/tuguia.combarranquilla.co\/Revista\/wp-content\/uploads\/2025\/05\/ABC-Al-Rojo-Logo-96x96.jpg","caption":"Comunicaciones Combarranquilla"},"sameAs":["https:\/\/www.combarranquilla.co"],"url":"https:\/\/tuguia.combarranquilla.co\/Revista\/author\/comunicaciones\/"}]}},"_links":{"self":[{"href":"https:\/\/tuguia.combarranquilla.co\/Revista\/wp-json\/wp\/v2\/posts\/4007","targetHints":{"allow":["GET"]}}],"collection":[{"href":"https:\/\/tuguia.combarranquilla.co\/Revista\/wp-json\/wp\/v2\/posts"}],"about":[{"href":"https:\/\/tuguia.combarranquilla.co\/Revista\/wp-json\/wp\/v2\/types\/post"}],"author":[{"embeddable":true,"href":"https:\/\/tuguia.combarranquilla.co\/Revista\/wp-json\/wp\/v2\/users\/2"}],"replies":[{"embeddable":true,"href":"https:\/\/tuguia.combarranquilla.co\/Revista\/wp-json\/wp\/v2\/comments?post=4007"}],"version-history":[{"count":5,"href":"https:\/\/tuguia.combarranquilla.co\/Revista\/wp-json\/wp\/v2\/posts\/4007\/revisions"}],"predecessor-version":[{"id":4040,"href":"https:\/\/tuguia.combarranquilla.co\/Revista\/wp-json\/wp\/v2\/posts\/4007\/revisions\/4040"}],"wp:featuredmedia":[{"embeddable":true,"href":"https:\/\/tuguia.combarranquilla.co\/Revista\/wp-json\/wp\/v2\/media\/4042"}],"wp:attachment":[{"href":"https:\/\/tuguia.combarranquilla.co\/Revista\/wp-json\/wp\/v2\/media?parent=4007"}],"wp:term":[{"taxonomy":"category","embeddable":true,"href":"https:\/\/tuguia.combarranquilla.co\/Revista\/wp-json\/wp\/v2\/categories?post=4007"},{"taxonomy":"post_tag","embeddable":true,"href":"https:\/\/tuguia.combarranquilla.co\/Revista\/wp-json\/wp\/v2\/tags?post=4007"}],"curies":[{"name":"wp","href":"https:\/\/api.w.org\/{rel}","templated":true}]}}