{"id":4016,"date":"2024-04-09T14:43:00","date_gmt":"2024-04-09T19:43:00","guid":{"rendered":"https:\/\/tuguia.combarranquilla.co\/Revista\/?p=4016"},"modified":"2024-08-26T17:01:58","modified_gmt":"2024-08-26T22:01:58","slug":"8-de-abril-gran-eclipse-solar-total","status":"publish","type":"post","link":"https:\/\/tuguia.combarranquilla.co\/Revista\/8-de-abril-gran-eclipse-solar-total\/","title":{"rendered":"8 DE ABRIL: GRAN ECLIPSE SOLAR TOTAL"},"content":{"rendered":"\n<p class=\"has-medium-font-size\">Millones de personas en el mundo presenciaron el gran eclipse solar total, un fen\u00f3meno que se da cuando la Luna pasa entre la Tierra y el Sol. Un evento astron\u00f3mico que pudimos apreciar por primera vez este 2024, el pr\u00f3ximo se dar\u00e1 del 17 al 18 de septiembre en Asia, \u00c1frica, Am\u00e9rica del Norte y Sudam\u00e9rica.<\/p>\n\n\n\n<p class=\"has-medium-font-size\">Estados Unidos, M\u00e9xico y Canad\u00e1, fueron hoy, los pa\u00edses desde donde se observ\u00f3 la trayectoria del eclipse. El cielo se oscureci\u00f3 como al amanecer o al anochecer, con varias fases que desde el cielo todos pudieron ver.<\/p>\n\n\n\n<p class=\"has-medium-font-size\">Sin embargo, algunos pa\u00edses como Colombia, Argentina, Chile y Ecuador no pudieron observar este eclipse al 100%, ya que no se encuentran ubicados dentro del campo de sombra que proyecta la Luna sobre la Tierra, aquello que genera el eclipse total.<\/p>\n\n\n\n<figure class=\"wp-block-gallery alignwide has-nested-images columns-default is-cropped wp-block-gallery-1 is-layout-flex wp-block-gallery-is-layout-flex\">\n<figure class=\"wp-block-image size-large\"><img decoding=\"async\" width=\"576\" height=\"1024\" data-id=\"4019\" data-src=\"https:\/\/tuguia.combarranquilla.co\/Revista\/wp-content\/uploads\/2024\/04\/WhatsApp-Image-2024-04-08-at-1.38.10-PM-576x1024.jpeg\" alt=\"\" class=\"wp-image-4019 lazyload\" data-srcset=\"https:\/\/tuguia.combarranquilla.co\/Revista\/wp-content\/uploads\/2024\/04\/WhatsApp-Image-2024-04-08-at-1.38.10-PM-576x1024.jpeg 576w, https:\/\/tuguia.combarranquilla.co\/Revista\/wp-content\/uploads\/2024\/04\/WhatsApp-Image-2024-04-08-at-1.38.10-PM-169x300.jpeg 169w, https:\/\/tuguia.combarranquilla.co\/Revista\/wp-content\/uploads\/2024\/04\/WhatsApp-Image-2024-04-08-at-1.38.10-PM-768x1365.jpeg 768w, https:\/\/tuguia.combarranquilla.co\/Revista\/wp-content\/uploads\/2024\/04\/WhatsApp-Image-2024-04-08-at-1.38.10-PM-864x1536.jpeg 864w, https:\/\/tuguia.combarranquilla.co\/Revista\/wp-content\/uploads\/2024\/04\/WhatsApp-Image-2024-04-08-at-1.38.10-PM.jpeg 900w\" data-sizes=\"(max-width: 576px) 100vw, 576px\" src=\"data:image\/svg+xml;base64,PHN2ZyB3aWR0aD0iMSIgaGVpZ2h0PSIxIiB4bWxucz0iaHR0cDovL3d3dy53My5vcmcvMjAwMC9zdmciPjwvc3ZnPg==\" style=\"--smush-placeholder-width: 576px; --smush-placeholder-aspect-ratio: 576\/1024;\" \/><\/figure>\n\n\n\n<figure class=\"wp-block-image size-large\"><img decoding=\"async\" width=\"472\" height=\"1024\" data-id=\"4020\" data-src=\"https:\/\/tuguia.combarranquilla.co\/Revista\/wp-content\/uploads\/2024\/04\/WhatsApp-Image-2024-04-08-at-1.39.58-PM-472x1024.jpeg\" alt=\"\" class=\"wp-image-4020 lazyload\" data-srcset=\"https:\/\/tuguia.combarranquilla.co\/Revista\/wp-content\/uploads\/2024\/04\/WhatsApp-Image-2024-04-08-at-1.39.58-PM-472x1024.jpeg 472w, https:\/\/tuguia.combarranquilla.co\/Revista\/wp-content\/uploads\/2024\/04\/WhatsApp-Image-2024-04-08-at-1.39.58-PM-138x300.jpeg 138w, https:\/\/tuguia.combarranquilla.co\/Revista\/wp-content\/uploads\/2024\/04\/WhatsApp-Image-2024-04-08-at-1.39.58-PM-708x1536.jpeg 708w, https:\/\/tuguia.combarranquilla.co\/Revista\/wp-content\/uploads\/2024\/04\/WhatsApp-Image-2024-04-08-at-1.39.58-PM.jpeg 738w\" data-sizes=\"(max-width: 472px) 100vw, 472px\" src=\"data:image\/svg+xml;base64,PHN2ZyB3aWR0aD0iMSIgaGVpZ2h0PSIxIiB4bWxucz0iaHR0cDovL3d3dy53My5vcmcvMjAwMC9zdmciPjwvc3ZnPg==\" style=\"--smush-placeholder-width: 472px; --smush-placeholder-aspect-ratio: 472\/1024;\" \/><\/figure>\n<\/figure>\n\n\n\n<p><\/p>\n\n\n\n<p class=\"has-text-align-center has-medium-font-size\"><strong>\u00bfBarranquilla pudo observar el eclipse?<\/strong><\/p>\n\n\n\n<p class=\"has-medium-font-size\">A trav\u00e9s de la transmisi\u00f3n en vivo de la NASA que se realiz\u00f3 de 12:00 m. a 3:00 p.m.; Barranquilla fue part\u00edcipe del eclipse total desde la comodidad de su casas o lugares de trabajo, a pesar de que desde su localidad no se apreci\u00f3 sino menos del 5%.<\/p>\n\n\n\n<p class=\"has-medium-font-size\">Si te perdiste el eclipse, mira la transmisi\u00f3n en vivo AQU\u00cd: <a href=\"https:\/\/youtu.be\/-VglV73zVvU\">https:\/\/youtu.be\/-VglV73zVvU<\/a> <\/p>\n\n\n\n<p class=\"has-medium-font-size\">A continuaci\u00f3n, te compartimos algunas <strong>recomendaciones<\/strong> desde Planetario Combarranquilla para observar el pr\u00f3ximo eclipse de manera segura:<\/p>\n\n\n\n<ul class=\"has-medium-font-size wp-block-list\">\n<li>Utilice gafas certificadas o gafas con filtro solar especial para proteger sus ojos.<\/li>\n\n\n\n<li>No mire al Sol directamente o a trav\u00e9s del lente de una c\u00e1mara, telescopio y binoculares.<\/li>\n<\/ul>\n\n\n\n<p class=\"has-medium-font-size\">En Combarranquilla acompa\u00f1amos tus mejores momentos, recuerda que tu bienestar es nuestra prioridad.<\/p>\n\n\n\n<figure class=\"wp-block-gallery alignwide has-nested-images columns-default is-cropped wp-block-gallery-2 is-layout-flex wp-block-gallery-is-layout-flex\">\n<figure class=\"wp-block-image size-large\"><img decoding=\"async\" width=\"1024\" height=\"550\" data-id=\"4023\" data-src=\"https:\/\/tuguia.combarranquilla.co\/Revista\/wp-content\/uploads\/2024\/04\/Captura-1024x550.png\" alt=\"\" class=\"wp-image-4023 lazyload\" data-srcset=\"https:\/\/tuguia.combarranquilla.co\/Revista\/wp-content\/uploads\/2024\/04\/Captura-1024x550.png 1024w, https:\/\/tuguia.combarranquilla.co\/Revista\/wp-content\/uploads\/2024\/04\/Captura-300x161.png 300w, https:\/\/tuguia.combarranquilla.co\/Revista\/wp-content\/uploads\/2024\/04\/Captura-768x413.png 768w, https:\/\/tuguia.combarranquilla.co\/Revista\/wp-content\/uploads\/2024\/04\/Captura.png 1273w\" data-sizes=\"(max-width: 1024px) 100vw, 1024px\" src=\"data:image\/svg+xml;base64,PHN2ZyB3aWR0aD0iMSIgaGVpZ2h0PSIxIiB4bWxucz0iaHR0cDovL3d3dy53My5vcmcvMjAwMC9zdmciPjwvc3ZnPg==\" style=\"--smush-placeholder-width: 1024px; --smush-placeholder-aspect-ratio: 1024\/550;\" \/><\/figure>\n\n\n\n<figure class=\"wp-block-image size-large\"><img decoding=\"async\" width=\"1024\" height=\"567\" data-id=\"4024\" data-src=\"https:\/\/tuguia.combarranquilla.co\/Revista\/wp-content\/uploads\/2024\/04\/Captura-4-1024x567.png\" alt=\"\" class=\"wp-image-4024 lazyload\" data-srcset=\"https:\/\/tuguia.combarranquilla.co\/Revista\/wp-content\/uploads\/2024\/04\/Captura-4-1024x567.png 1024w, https:\/\/tuguia.combarranquilla.co\/Revista\/wp-content\/uploads\/2024\/04\/Captura-4-300x166.png 300w, https:\/\/tuguia.combarranquilla.co\/Revista\/wp-content\/uploads\/2024\/04\/Captura-4-768x425.png 768w, https:\/\/tuguia.combarranquilla.co\/Revista\/wp-content\/uploads\/2024\/04\/Captura-4.png 1261w\" data-sizes=\"(max-width: 1024px) 100vw, 1024px\" src=\"data:image\/svg+xml;base64,PHN2ZyB3aWR0aD0iMSIgaGVpZ2h0PSIxIiB4bWxucz0iaHR0cDovL3d3dy53My5vcmcvMjAwMC9zdmciPjwvc3ZnPg==\" style=\"--smush-placeholder-width: 1024px; --smush-placeholder-aspect-ratio: 1024\/567;\" \/><\/figure>\n<\/figure>\n\n\n\n<p class=\"has-text-align-center\"><\/p>\n\n\n\n<p class=\"has-text-align-center\">#TransformandoVidas<\/p>\n","protected":false},"excerpt":{"rendered":"<p>Millones de personas en el mundo presenciaron el gran eclipse solar total, un fen\u00f3meno que se da cuando la Luna pasa entre la Tierra y el Sol. Un evento astron\u00f3mico que pudimos apreciar por primera vez este 2024, el pr\u00f3ximo se dar\u00e1 del 17 al 18 de septiembre en Asia, \u00c1frica, Am\u00e9rica del Norte y [&hellip;]<\/p>\n","protected":false},"author":2,"featured_media":4018,"comment_status":"open","ping_status":"open","sticky":false,"template":"","format":"standard","meta":{"inline_featured_image":false,"footnotes":""},"categories":[4],"tags":[],"class_list":["post-4016","post","type-post","status-publish","format-standard","has-post-thumbnail","hentry","category-ciencia-y-cultura"],"yoast_head":"<!-- This site is optimized with the Yoast SEO plugin v27.4 - https:\/\/yoast.com\/product\/yoast-seo-wordpress\/ -->\n<title>8 DE ABRIL: GRAN ECLIPSE SOLAR TOTAL - Tu Gu\u00eda<\/title>\n<meta name=\"robots\" content=\"index, follow, max-snippet:-1, max-image-preview:large, max-video-preview:-1\" \/>\n<link rel=\"canonical\" href=\"https:\/\/tuguia.combarranquilla.co\/Revista\/8-de-abril-gran-eclipse-solar-total\/\" \/>\n<meta property=\"og:locale\" content=\"es_ES\" \/>\n<meta property=\"og:type\" content=\"article\" \/>\n<meta property=\"og:title\" content=\"8 DE ABRIL: GRAN ECLIPSE SOLAR TOTAL - Tu Gu\u00eda\" \/>\n<meta property=\"og:description\" content=\"Millones de personas en el mundo presenciaron el gran eclipse solar total, un fen\u00f3meno que se da cuando la Luna pasa entre la Tierra y el Sol. Un evento astron\u00f3mico que pudimos apreciar por primera vez este 2024, el pr\u00f3ximo se dar\u00e1 del 17 al 18 de septiembre en Asia, \u00c1frica, Am\u00e9rica del Norte y [&hellip;]\" \/>\n<meta property=\"og:url\" content=\"https:\/\/tuguia.combarranquilla.co\/Revista\/8-de-abril-gran-eclipse-solar-total\/\" \/>\n<meta property=\"og:site_name\" content=\"Tu Gu\u00eda\" \/>\n<meta property=\"article:published_time\" content=\"2024-04-09T19:43:00+00:00\" \/>\n<meta property=\"article:modified_time\" content=\"2024-08-26T22:01:58+00:00\" \/>\n<meta property=\"og:image\" content=\"https:\/\/tuguia.combarranquilla.co\/Revista\/wp-content\/uploads\/2024\/04\/galaxy-night-view-scaled.jpg\" \/>\n\t<meta property=\"og:image:width\" content=\"2560\" \/>\n\t<meta property=\"og:image:height\" content=\"1828\" \/>\n\t<meta property=\"og:image:type\" content=\"image\/jpeg\" \/>\n<meta name=\"author\" content=\"Comunicaciones Combarranquilla\" \/>\n<meta name=\"twitter:card\" content=\"summary_large_image\" \/>\n<meta name=\"twitter:label1\" content=\"Escrito por\" \/>\n\t<meta name=\"twitter:data1\" content=\"Comunicaciones Combarranquilla\" \/>\n\t<meta name=\"twitter:label2\" content=\"Tiempo de lectura\" \/>\n\t<meta name=\"twitter:data2\" content=\"1 minuto\" \/>\n<script type=\"application\/ld+json\" class=\"yoast-schema-graph\">{\"@context\":\"https:\\\/\\\/schema.org\",\"@graph\":[{\"@type\":\"Article\",\"@id\":\"https:\\\/\\\/tuguia.combarranquilla.co\\\/Revista\\\/8-de-abril-gran-eclipse-solar-total\\\/#article\",\"isPartOf\":{\"@id\":\"https:\\\/\\\/tuguia.combarranquilla.co\\\/Revista\\\/8-de-abril-gran-eclipse-solar-total\\\/\"},\"author\":{\"name\":\"Comunicaciones Combarranquilla\",\"@id\":\"https:\\\/\\\/tuguia.combarranquilla.co\\\/Revista\\\/#\\\/schema\\\/person\\\/c2c396a77170bd1d5f8ba73294eb0d10\"},\"headline\":\"8 DE ABRIL: GRAN ECLIPSE SOLAR TOTAL\",\"datePublished\":\"2024-04-09T19:43:00+00:00\",\"dateModified\":\"2024-08-26T22:01:58+00:00\",\"mainEntityOfPage\":{\"@id\":\"https:\\\/\\\/tuguia.combarranquilla.co\\\/Revista\\\/8-de-abril-gran-eclipse-solar-total\\\/\"},\"wordCount\":281,\"commentCount\":0,\"publisher\":{\"@id\":\"https:\\\/\\\/tuguia.combarranquilla.co\\\/Revista\\\/#organization\"},\"image\":{\"@id\":\"https:\\\/\\\/tuguia.combarranquilla.co\\\/Revista\\\/8-de-abril-gran-eclipse-solar-total\\\/#primaryimage\"},\"thumbnailUrl\":\"https:\\\/\\\/tuguia.combarranquilla.co\\\/Revista\\\/wp-content\\\/uploads\\\/2024\\\/04\\\/galaxy-night-view-scaled.jpg\",\"articleSection\":[\"CIENCIA Y CULTURA\"],\"inLanguage\":\"es-CO\",\"potentialAction\":[{\"@type\":\"CommentAction\",\"name\":\"Comment\",\"target\":[\"https:\\\/\\\/tuguia.combarranquilla.co\\\/Revista\\\/8-de-abril-gran-eclipse-solar-total\\\/#respond\"]}]},{\"@type\":\"WebPage\",\"@id\":\"https:\\\/\\\/tuguia.combarranquilla.co\\\/Revista\\\/8-de-abril-gran-eclipse-solar-total\\\/\",\"url\":\"https:\\\/\\\/tuguia.combarranquilla.co\\\/Revista\\\/8-de-abril-gran-eclipse-solar-total\\\/\",\"name\":\"8 DE ABRIL: GRAN ECLIPSE SOLAR TOTAL - Tu Gu\u00eda\",\"isPartOf\":{\"@id\":\"https:\\\/\\\/tuguia.combarranquilla.co\\\/Revista\\\/#website\"},\"primaryImageOfPage\":{\"@id\":\"https:\\\/\\\/tuguia.combarranquilla.co\\\/Revista\\\/8-de-abril-gran-eclipse-solar-total\\\/#primaryimage\"},\"image\":{\"@id\":\"https:\\\/\\\/tuguia.combarranquilla.co\\\/Revista\\\/8-de-abril-gran-eclipse-solar-total\\\/#primaryimage\"},\"thumbnailUrl\":\"https:\\\/\\\/tuguia.combarranquilla.co\\\/Revista\\\/wp-content\\\/uploads\\\/2024\\\/04\\\/galaxy-night-view-scaled.jpg\",\"datePublished\":\"2024-04-09T19:43:00+00:00\",\"dateModified\":\"2024-08-26T22:01:58+00:00\",\"breadcrumb\":{\"@id\":\"https:\\\/\\\/tuguia.combarranquilla.co\\\/Revista\\\/8-de-abril-gran-eclipse-solar-total\\\/#breadcrumb\"},\"inLanguage\":\"es-CO\",\"potentialAction\":[{\"@type\":\"ReadAction\",\"target\":[\"https:\\\/\\\/tuguia.combarranquilla.co\\\/Revista\\\/8-de-abril-gran-eclipse-solar-total\\\/\"]}]},{\"@type\":\"ImageObject\",\"inLanguage\":\"es-CO\",\"@id\":\"https:\\\/\\\/tuguia.combarranquilla.co\\\/Revista\\\/8-de-abril-gran-eclipse-solar-total\\\/#primaryimage\",\"url\":\"https:\\\/\\\/tuguia.combarranquilla.co\\\/Revista\\\/wp-content\\\/uploads\\\/2024\\\/04\\\/galaxy-night-view-scaled.jpg\",\"contentUrl\":\"https:\\\/\\\/tuguia.combarranquilla.co\\\/Revista\\\/wp-content\\\/uploads\\\/2024\\\/04\\\/galaxy-night-view-scaled.jpg\",\"width\":2560,\"height\":1828},{\"@type\":\"BreadcrumbList\",\"@id\":\"https:\\\/\\\/tuguia.combarranquilla.co\\\/Revista\\\/8-de-abril-gran-eclipse-solar-total\\\/#breadcrumb\",\"itemListElement\":[{\"@type\":\"ListItem\",\"position\":1,\"name\":\"Inicio\",\"item\":\"https:\\\/\\\/tuguia.combarranquilla.co\\\/Revista\\\/\"},{\"@type\":\"ListItem\",\"position\":2,\"name\":\"8 DE ABRIL: GRAN ECLIPSE SOLAR TOTAL\"}]},{\"@type\":\"WebSite\",\"@id\":\"https:\\\/\\\/tuguia.combarranquilla.co\\\/Revista\\\/#website\",\"url\":\"https:\\\/\\\/tuguia.combarranquilla.co\\\/Revista\\\/\",\"name\":\"Tu Gu\u00eda\",\"description\":\"La revista donde lo tienes todo.\",\"publisher\":{\"@id\":\"https:\\\/\\\/tuguia.combarranquilla.co\\\/Revista\\\/#organization\"},\"alternateName\":\"Tu Gu\u00eda Combarranquilla\",\"potentialAction\":[{\"@type\":\"SearchAction\",\"target\":{\"@type\":\"EntryPoint\",\"urlTemplate\":\"https:\\\/\\\/tuguia.combarranquilla.co\\\/Revista\\\/?s={search_term_string}\"},\"query-input\":{\"@type\":\"PropertyValueSpecification\",\"valueRequired\":true,\"valueName\":\"search_term_string\"}}],\"inLanguage\":\"es-CO\"},{\"@type\":\"Organization\",\"@id\":\"https:\\\/\\\/tuguia.combarranquilla.co\\\/Revista\\\/#organization\",\"name\":\"Tu Gu\u00eda Combarranquilla\",\"url\":\"https:\\\/\\\/tuguia.combarranquilla.co\\\/Revista\\\/\",\"logo\":{\"@type\":\"ImageObject\",\"inLanguage\":\"es-CO\",\"@id\":\"https:\\\/\\\/tuguia.combarranquilla.co\\\/Revista\\\/#\\\/schema\\\/logo\\\/image\\\/\",\"url\":\"https:\\\/\\\/tuguia.combarranquilla.co\\\/Revista\\\/wp-content\\\/uploads\\\/2022\\\/02\\\/logo-guia-combarranquilla.svg\",\"contentUrl\":\"https:\\\/\\\/tuguia.combarranquilla.co\\\/Revista\\\/wp-content\\\/uploads\\\/2022\\\/02\\\/logo-guia-combarranquilla.svg\",\"caption\":\"Tu Gu\u00eda Combarranquilla\"},\"image\":{\"@id\":\"https:\\\/\\\/tuguia.combarranquilla.co\\\/Revista\\\/#\\\/schema\\\/logo\\\/image\\\/\"}},{\"@type\":\"Person\",\"@id\":\"https:\\\/\\\/tuguia.combarranquilla.co\\\/Revista\\\/#\\\/schema\\\/person\\\/c2c396a77170bd1d5f8ba73294eb0d10\",\"name\":\"Comunicaciones Combarranquilla\",\"image\":{\"@type\":\"ImageObject\",\"inLanguage\":\"es-CO\",\"@id\":\"https:\\\/\\\/tuguia.combarranquilla.co\\\/Revista\\\/wp-content\\\/uploads\\\/2025\\\/05\\\/ABC-Al-Rojo-Logo-96x96.jpg\",\"url\":\"https:\\\/\\\/tuguia.combarranquilla.co\\\/Revista\\\/wp-content\\\/uploads\\\/2025\\\/05\\\/ABC-Al-Rojo-Logo-96x96.jpg\",\"contentUrl\":\"https:\\\/\\\/tuguia.combarranquilla.co\\\/Revista\\\/wp-content\\\/uploads\\\/2025\\\/05\\\/ABC-Al-Rojo-Logo-96x96.jpg\",\"caption\":\"Comunicaciones Combarranquilla\"},\"sameAs\":[\"https:\\\/\\\/www.combarranquilla.co\"],\"url\":\"https:\\\/\\\/tuguia.combarranquilla.co\\\/Revista\\\/author\\\/comunicaciones\\\/\"}]}<\/script>\n<!-- \/ Yoast SEO plugin. -->","yoast_head_json":{"title":"8 DE ABRIL: GRAN ECLIPSE SOLAR TOTAL - Tu Gu\u00eda","robots":{"index":"index","follow":"follow","max-snippet":"max-snippet:-1","max-image-preview":"max-image-preview:large","max-video-preview":"max-video-preview:-1"},"canonical":"https:\/\/tuguia.combarranquilla.co\/Revista\/8-de-abril-gran-eclipse-solar-total\/","og_locale":"es_ES","og_type":"article","og_title":"8 DE ABRIL: GRAN ECLIPSE SOLAR TOTAL - Tu Gu\u00eda","og_description":"Millones de personas en el mundo presenciaron el gran eclipse solar total, un fen\u00f3meno que se da cuando la Luna pasa entre la Tierra y el Sol. Un evento astron\u00f3mico que pudimos apreciar por primera vez este 2024, el pr\u00f3ximo se dar\u00e1 del 17 al 18 de septiembre en Asia, \u00c1frica, Am\u00e9rica del Norte y [&hellip;]","og_url":"https:\/\/tuguia.combarranquilla.co\/Revista\/8-de-abril-gran-eclipse-solar-total\/","og_site_name":"Tu Gu\u00eda","article_published_time":"2024-04-09T19:43:00+00:00","article_modified_time":"2024-08-26T22:01:58+00:00","og_image":[{"width":2560,"height":1828,"url":"https:\/\/tuguia.combarranquilla.co\/Revista\/wp-content\/uploads\/2024\/04\/galaxy-night-view-scaled.jpg","type":"image\/jpeg"}],"author":"Comunicaciones Combarranquilla","twitter_card":"summary_large_image","twitter_misc":{"Escrito por":"Comunicaciones Combarranquilla","Tiempo de lectura":"1 minuto"},"schema":{"@context":"https:\/\/schema.org","@graph":[{"@type":"Article","@id":"https:\/\/tuguia.combarranquilla.co\/Revista\/8-de-abril-gran-eclipse-solar-total\/#article","isPartOf":{"@id":"https:\/\/tuguia.combarranquilla.co\/Revista\/8-de-abril-gran-eclipse-solar-total\/"},"author":{"name":"Comunicaciones Combarranquilla","@id":"https:\/\/tuguia.combarranquilla.co\/Revista\/#\/schema\/person\/c2c396a77170bd1d5f8ba73294eb0d10"},"headline":"8 DE ABRIL: GRAN ECLIPSE SOLAR TOTAL","datePublished":"2024-04-09T19:43:00+00:00","dateModified":"2024-08-26T22:01:58+00:00","mainEntityOfPage":{"@id":"https:\/\/tuguia.combarranquilla.co\/Revista\/8-de-abril-gran-eclipse-solar-total\/"},"wordCount":281,"commentCount":0,"publisher":{"@id":"https:\/\/tuguia.combarranquilla.co\/Revista\/#organization"},"image":{"@id":"https:\/\/tuguia.combarranquilla.co\/Revista\/8-de-abril-gran-eclipse-solar-total\/#primaryimage"},"thumbnailUrl":"https:\/\/tuguia.combarranquilla.co\/Revista\/wp-content\/uploads\/2024\/04\/galaxy-night-view-scaled.jpg","articleSection":["CIENCIA Y CULTURA"],"inLanguage":"es-CO","potentialAction":[{"@type":"CommentAction","name":"Comment","target":["https:\/\/tuguia.combarranquilla.co\/Revista\/8-de-abril-gran-eclipse-solar-total\/#respond"]}]},{"@type":"WebPage","@id":"https:\/\/tuguia.combarranquilla.co\/Revista\/8-de-abril-gran-eclipse-solar-total\/","url":"https:\/\/tuguia.combarranquilla.co\/Revista\/8-de-abril-gran-eclipse-solar-total\/","name":"8 DE ABRIL: GRAN ECLIPSE SOLAR TOTAL - Tu Gu\u00eda","isPartOf":{"@id":"https:\/\/tuguia.combarranquilla.co\/Revista\/#website"},"primaryImageOfPage":{"@id":"https:\/\/tuguia.combarranquilla.co\/Revista\/8-de-abril-gran-eclipse-solar-total\/#primaryimage"},"image":{"@id":"https:\/\/tuguia.combarranquilla.co\/Revista\/8-de-abril-gran-eclipse-solar-total\/#primaryimage"},"thumbnailUrl":"https:\/\/tuguia.combarranquilla.co\/Revista\/wp-content\/uploads\/2024\/04\/galaxy-night-view-scaled.jpg","datePublished":"2024-04-09T19:43:00+00:00","dateModified":"2024-08-26T22:01:58+00:00","breadcrumb":{"@id":"https:\/\/tuguia.combarranquilla.co\/Revista\/8-de-abril-gran-eclipse-solar-total\/#breadcrumb"},"inLanguage":"es-CO","potentialAction":[{"@type":"ReadAction","target":["https:\/\/tuguia.combarranquilla.co\/Revista\/8-de-abril-gran-eclipse-solar-total\/"]}]},{"@type":"ImageObject","inLanguage":"es-CO","@id":"https:\/\/tuguia.combarranquilla.co\/Revista\/8-de-abril-gran-eclipse-solar-total\/#primaryimage","url":"https:\/\/tuguia.combarranquilla.co\/Revista\/wp-content\/uploads\/2024\/04\/galaxy-night-view-scaled.jpg","contentUrl":"https:\/\/tuguia.combarranquilla.co\/Revista\/wp-content\/uploads\/2024\/04\/galaxy-night-view-scaled.jpg","width":2560,"height":1828},{"@type":"BreadcrumbList","@id":"https:\/\/tuguia.combarranquilla.co\/Revista\/8-de-abril-gran-eclipse-solar-total\/#breadcrumb","itemListElement":[{"@type":"ListItem","position":1,"name":"Inicio","item":"https:\/\/tuguia.combarranquilla.co\/Revista\/"},{"@type":"ListItem","position":2,"name":"8 DE ABRIL: GRAN ECLIPSE SOLAR TOTAL"}]},{"@type":"WebSite","@id":"https:\/\/tuguia.combarranquilla.co\/Revista\/#website","url":"https:\/\/tuguia.combarranquilla.co\/Revista\/","name":"Tu Gu\u00eda","description":"La revista donde lo tienes todo.","publisher":{"@id":"https:\/\/tuguia.combarranquilla.co\/Revista\/#organization"},"alternateName":"Tu Gu\u00eda Combarranquilla","potentialAction":[{"@type":"SearchAction","target":{"@type":"EntryPoint","urlTemplate":"https:\/\/tuguia.combarranquilla.co\/Revista\/?s={search_term_string}"},"query-input":{"@type":"PropertyValueSpecification","valueRequired":true,"valueName":"search_term_string"}}],"inLanguage":"es-CO"},{"@type":"Organization","@id":"https:\/\/tuguia.combarranquilla.co\/Revista\/#organization","name":"Tu Gu\u00eda Combarranquilla","url":"https:\/\/tuguia.combarranquilla.co\/Revista\/","logo":{"@type":"ImageObject","inLanguage":"es-CO","@id":"https:\/\/tuguia.combarranquilla.co\/Revista\/#\/schema\/logo\/image\/","url":"https:\/\/tuguia.combarranquilla.co\/Revista\/wp-content\/uploads\/2022\/02\/logo-guia-combarranquilla.svg","contentUrl":"https:\/\/tuguia.combarranquilla.co\/Revista\/wp-content\/uploads\/2022\/02\/logo-guia-combarranquilla.svg","caption":"Tu Gu\u00eda Combarranquilla"},"image":{"@id":"https:\/\/tuguia.combarranquilla.co\/Revista\/#\/schema\/logo\/image\/"}},{"@type":"Person","@id":"https:\/\/tuguia.combarranquilla.co\/Revista\/#\/schema\/person\/c2c396a77170bd1d5f8ba73294eb0d10","name":"Comunicaciones Combarranquilla","image":{"@type":"ImageObject","inLanguage":"es-CO","@id":"https:\/\/tuguia.combarranquilla.co\/Revista\/wp-content\/uploads\/2025\/05\/ABC-Al-Rojo-Logo-96x96.jpg","url":"https:\/\/tuguia.combarranquilla.co\/Revista\/wp-content\/uploads\/2025\/05\/ABC-Al-Rojo-Logo-96x96.jpg","contentUrl":"https:\/\/tuguia.combarranquilla.co\/Revista\/wp-content\/uploads\/2025\/05\/ABC-Al-Rojo-Logo-96x96.jpg","caption":"Comunicaciones Combarranquilla"},"sameAs":["https:\/\/www.combarranquilla.co"],"url":"https:\/\/tuguia.combarranquilla.co\/Revista\/author\/comunicaciones\/"}]}},"_links":{"self":[{"href":"https:\/\/tuguia.combarranquilla.co\/Revista\/wp-json\/wp\/v2\/posts\/4016","targetHints":{"allow":["GET"]}}],"collection":[{"href":"https:\/\/tuguia.combarranquilla.co\/Revista\/wp-json\/wp\/v2\/posts"}],"about":[{"href":"https:\/\/tuguia.combarranquilla.co\/Revista\/wp-json\/wp\/v2\/types\/post"}],"author":[{"embeddable":true,"href":"https:\/\/tuguia.combarranquilla.co\/Revista\/wp-json\/wp\/v2\/users\/2"}],"replies":[{"embeddable":true,"href":"https:\/\/tuguia.combarranquilla.co\/Revista\/wp-json\/wp\/v2\/comments?post=4016"}],"version-history":[{"count":6,"href":"https:\/\/tuguia.combarranquilla.co\/Revista\/wp-json\/wp\/v2\/posts\/4016\/revisions"}],"predecessor-version":[{"id":4027,"href":"https:\/\/tuguia.combarranquilla.co\/Revista\/wp-json\/wp\/v2\/posts\/4016\/revisions\/4027"}],"wp:featuredmedia":[{"embeddable":true,"href":"https:\/\/tuguia.combarranquilla.co\/Revista\/wp-json\/wp\/v2\/media\/4018"}],"wp:attachment":[{"href":"https:\/\/tuguia.combarranquilla.co\/Revista\/wp-json\/wp\/v2\/media?parent=4016"}],"wp:term":[{"taxonomy":"category","embeddable":true,"href":"https:\/\/tuguia.combarranquilla.co\/Revista\/wp-json\/wp\/v2\/categories?post=4016"},{"taxonomy":"post_tag","embeddable":true,"href":"https:\/\/tuguia.combarranquilla.co\/Revista\/wp-json\/wp\/v2\/tags?post=4016"}],"curies":[{"name":"wp","href":"https:\/\/api.w.org\/{rel}","templated":true}]}}