{"id":4048,"date":"2024-04-18T16:27:02","date_gmt":"2024-04-18T21:27:02","guid":{"rendered":"https:\/\/tuguia.combarranquilla.co\/Revista\/?p=4048"},"modified":"2024-04-18T16:27:22","modified_gmt":"2024-04-18T21:27:22","slug":"listos-para-la-ii-macrorrueda-de-negocios-de-combarranquilla","status":"publish","type":"post","link":"https:\/\/tuguia.combarranquilla.co\/Revista\/listos-para-la-ii-macrorrueda-de-negocios-de-combarranquilla\/","title":{"rendered":"\u00bfListos para la II Macrorrueda de Negocios de Combarranquilla?"},"content":{"rendered":"\n<p>Combarranquilla se viste gala. El pr\u00f3ximo 24 de abril se realizar\u00e1 la II Macrorrueda de Negocios y la Unidad Country ser\u00e1 la encargada de recibir a empresarios, vendedores e invitados a una jornada dise\u00f1ada para enriquecer el panorama empresarial y potenciar los valores de los negocios. Ser\u00e1 una gran oportunidad para los empresarios de ampliar de forma clara su red de contactos profesionales.<\/p>\n\n\n\n<p>Asimismo, se podr\u00e1 acceder a una diversidad de servicios y productos que ayudar\u00e1n al crecimiento y fortalecimiento de su negocio. El evento iniciar\u00e1 las 7:30 a.m y es una oportunidad clara para los emprendedores logren destacar en el panorama nacional o robustecer sus bases de inversi\u00f3n para alcanzar objetivos propios.<\/p>\n\n\n\n<figure class=\"wp-block-image size-large\"><img decoding=\"async\" width=\"820\" height=\"1024\" data-src=\"https:\/\/tuguia.combarranquilla.co\/Revista\/wp-content\/uploads\/2024\/04\/MACRORRUEDAS-3-Mesa-de-trabajo-1-4-820x1024.png\" alt=\"\" class=\"wp-image-4050 lazyload\" data-srcset=\"https:\/\/tuguia.combarranquilla.co\/Revista\/wp-content\/uploads\/2024\/04\/MACRORRUEDAS-3-Mesa-de-trabajo-1-4-820x1024.png 820w, https:\/\/tuguia.combarranquilla.co\/Revista\/wp-content\/uploads\/2024\/04\/MACRORRUEDAS-3-Mesa-de-trabajo-1-4-240x300.png 240w, https:\/\/tuguia.combarranquilla.co\/Revista\/wp-content\/uploads\/2024\/04\/MACRORRUEDAS-3-Mesa-de-trabajo-1-4-768x959.png 768w, https:\/\/tuguia.combarranquilla.co\/Revista\/wp-content\/uploads\/2024\/04\/MACRORRUEDAS-3-Mesa-de-trabajo-1-4.png 1081w\" data-sizes=\"(max-width: 820px) 100vw, 820px\" src=\"data:image\/svg+xml;base64,PHN2ZyB3aWR0aD0iMSIgaGVpZ2h0PSIxIiB4bWxucz0iaHR0cDovL3d3dy53My5vcmcvMjAwMC9zdmciPjwvc3ZnPg==\" style=\"--smush-placeholder-width: 820px; --smush-placeholder-aspect-ratio: 820\/1024;\" \/><\/figure>\n\n\n\n<p>Empresas podr\u00e1n comprar y vender productos. Todo est\u00e1 dise\u00f1ado para que sea un espacio donde las empresas peque\u00f1as y medianas logren hacerse espacios, adem\u00e1s de intercambiar ideas, contactos para el bien de cada uno de los proyectos. Una vez culmine de la Macrorrueda de negocios, varios de los empresarios podr\u00e1n asistir a la charla que dar\u00e1 el reconocido empresario Mauricio Hoyos.<\/p>\n\n\n\n<p>La premisa de esta charla ser\u00e1 responder la pregunta: \u00bfC\u00f3mo adaptarse a tiempos disruptivos? Adem\u00e1s, los asistentes a este evento podr\u00e1n enriquecer conocimientos de diferentes tem\u00e1ticas que tratar\u00e1 el empresario que ha logrado consolidarse en el mercado nacional e internacional. \u00bfQu\u00e9 esperas para adquirir tu boleta?<\/p>\n\n\n\n<figure class=\"wp-block-image size-full\"><img decoding=\"async\" width=\"819\" height=\"1024\" data-src=\"https:\/\/tuguia.combarranquilla.co\/Revista\/wp-content\/uploads\/2024\/04\/Conferencia-Macroruedas-Mauricio-Hoyos_Mesa-de-trabajo-4-819x1024-1.png\" alt=\"\" class=\"wp-image-4041 lazyload\" data-srcset=\"https:\/\/tuguia.combarranquilla.co\/Revista\/wp-content\/uploads\/2024\/04\/Conferencia-Macroruedas-Mauricio-Hoyos_Mesa-de-trabajo-4-819x1024-1.png 819w, https:\/\/tuguia.combarranquilla.co\/Revista\/wp-content\/uploads\/2024\/04\/Conferencia-Macroruedas-Mauricio-Hoyos_Mesa-de-trabajo-4-819x1024-1-240x300.png 240w, https:\/\/tuguia.combarranquilla.co\/Revista\/wp-content\/uploads\/2024\/04\/Conferencia-Macroruedas-Mauricio-Hoyos_Mesa-de-trabajo-4-819x1024-1-768x960.png 768w\" data-sizes=\"(max-width: 819px) 100vw, 819px\" src=\"data:image\/svg+xml;base64,PHN2ZyB3aWR0aD0iMSIgaGVpZ2h0PSIxIiB4bWxucz0iaHR0cDovL3d3dy53My5vcmcvMjAwMC9zdmciPjwvc3ZnPg==\" style=\"--smush-placeholder-width: 819px; --smush-placeholder-aspect-ratio: 819\/1024;\" \/><\/figure>\n","protected":false},"excerpt":{"rendered":"<p>Combarranquilla se viste gala. El pr\u00f3ximo 24 de abril se realizar\u00e1 la II Macrorrueda de Negocios y la Unidad Country ser\u00e1 la encargada de recibir a empresarios, vendedores e invitados a una jornada dise\u00f1ada para enriquecer el panorama empresarial y potenciar los valores de los negocios. Ser\u00e1 una gran oportunidad para los empresarios de ampliar [&hellip;]<\/p>\n","protected":false},"author":2,"featured_media":4049,"comment_status":"open","ping_status":"open","sticky":false,"template":"","format":"standard","meta":{"inline_featured_image":false,"footnotes":""},"categories":[6],"tags":[],"class_list":["post-4048","post","type-post","status-publish","format-standard","has-post-thumbnail","hentry","category-empleabilidad"],"yoast_head":"<!-- This site is optimized with the Yoast SEO plugin v27.4 - https:\/\/yoast.com\/product\/yoast-seo-wordpress\/ -->\n<title>\u00bfListos para la II Macrorrueda de Negocios de Combarranquilla? - Tu Gu\u00eda<\/title>\n<meta name=\"robots\" content=\"index, follow, max-snippet:-1, max-image-preview:large, max-video-preview:-1\" \/>\n<link rel=\"canonical\" href=\"https:\/\/tuguia.combarranquilla.co\/Revista\/listos-para-la-ii-macrorrueda-de-negocios-de-combarranquilla\/\" \/>\n<meta property=\"og:locale\" content=\"es_ES\" \/>\n<meta property=\"og:type\" content=\"article\" \/>\n<meta property=\"og:title\" content=\"\u00bfListos para la II Macrorrueda de Negocios de Combarranquilla? - Tu Gu\u00eda\" \/>\n<meta property=\"og:description\" content=\"Combarranquilla se viste gala. El pr\u00f3ximo 24 de abril se realizar\u00e1 la II Macrorrueda de Negocios y la Unidad Country ser\u00e1 la encargada de recibir a empresarios, vendedores e invitados a una jornada dise\u00f1ada para enriquecer el panorama empresarial y potenciar los valores de los negocios. Ser\u00e1 una gran oportunidad para los empresarios de ampliar [&hellip;]\" \/>\n<meta property=\"og:url\" content=\"https:\/\/tuguia.combarranquilla.co\/Revista\/listos-para-la-ii-macrorrueda-de-negocios-de-combarranquilla\/\" \/>\n<meta property=\"og:site_name\" content=\"Tu Gu\u00eda\" \/>\n<meta property=\"article:published_time\" content=\"2024-04-18T21:27:02+00:00\" \/>\n<meta property=\"article:modified_time\" content=\"2024-04-18T21:27:22+00:00\" \/>\n<meta property=\"og:image\" content=\"https:\/\/tuguia.combarranquilla.co\/Revista\/wp-content\/uploads\/2024\/04\/MACRORRUEDAS-NEW-Mesa-de-trabajo-8-4.png\" \/>\n\t<meta property=\"og:image:width\" content=\"1920\" \/>\n\t<meta property=\"og:image:height\" content=\"799\" \/>\n\t<meta property=\"og:image:type\" content=\"image\/png\" \/>\n<meta name=\"author\" content=\"Comunicaciones Combarranquilla\" \/>\n<meta name=\"twitter:card\" content=\"summary_large_image\" \/>\n<meta name=\"twitter:label1\" content=\"Escrito por\" \/>\n\t<meta name=\"twitter:data1\" content=\"Comunicaciones Combarranquilla\" \/>\n\t<meta name=\"twitter:label2\" content=\"Tiempo de lectura\" \/>\n\t<meta name=\"twitter:data2\" content=\"1 minuto\" \/>\n<script type=\"application\/ld+json\" class=\"yoast-schema-graph\">{\"@context\":\"https:\\\/\\\/schema.org\",\"@graph\":[{\"@type\":\"Article\",\"@id\":\"https:\\\/\\\/tuguia.combarranquilla.co\\\/Revista\\\/listos-para-la-ii-macrorrueda-de-negocios-de-combarranquilla\\\/#article\",\"isPartOf\":{\"@id\":\"https:\\\/\\\/tuguia.combarranquilla.co\\\/Revista\\\/listos-para-la-ii-macrorrueda-de-negocios-de-combarranquilla\\\/\"},\"author\":{\"name\":\"Comunicaciones Combarranquilla\",\"@id\":\"https:\\\/\\\/tuguia.combarranquilla.co\\\/Revista\\\/#\\\/schema\\\/person\\\/c2c396a77170bd1d5f8ba73294eb0d10\"},\"headline\":\"\u00bfListos para la II Macrorrueda de Negocios de Combarranquilla?\",\"datePublished\":\"2024-04-18T21:27:02+00:00\",\"dateModified\":\"2024-04-18T21:27:22+00:00\",\"mainEntityOfPage\":{\"@id\":\"https:\\\/\\\/tuguia.combarranquilla.co\\\/Revista\\\/listos-para-la-ii-macrorrueda-de-negocios-de-combarranquilla\\\/\"},\"wordCount\":241,\"commentCount\":0,\"publisher\":{\"@id\":\"https:\\\/\\\/tuguia.combarranquilla.co\\\/Revista\\\/#organization\"},\"image\":{\"@id\":\"https:\\\/\\\/tuguia.combarranquilla.co\\\/Revista\\\/listos-para-la-ii-macrorrueda-de-negocios-de-combarranquilla\\\/#primaryimage\"},\"thumbnailUrl\":\"https:\\\/\\\/tuguia.combarranquilla.co\\\/Revista\\\/wp-content\\\/uploads\\\/2024\\\/04\\\/MACRORRUEDAS-NEW-Mesa-de-trabajo-8-4.png\",\"articleSection\":[\"EMPLEABILIDAD\"],\"inLanguage\":\"es-CO\",\"potentialAction\":[{\"@type\":\"CommentAction\",\"name\":\"Comment\",\"target\":[\"https:\\\/\\\/tuguia.combarranquilla.co\\\/Revista\\\/listos-para-la-ii-macrorrueda-de-negocios-de-combarranquilla\\\/#respond\"]}]},{\"@type\":\"WebPage\",\"@id\":\"https:\\\/\\\/tuguia.combarranquilla.co\\\/Revista\\\/listos-para-la-ii-macrorrueda-de-negocios-de-combarranquilla\\\/\",\"url\":\"https:\\\/\\\/tuguia.combarranquilla.co\\\/Revista\\\/listos-para-la-ii-macrorrueda-de-negocios-de-combarranquilla\\\/\",\"name\":\"\u00bfListos para la II Macrorrueda de Negocios de Combarranquilla? - Tu Gu\u00eda\",\"isPartOf\":{\"@id\":\"https:\\\/\\\/tuguia.combarranquilla.co\\\/Revista\\\/#website\"},\"primaryImageOfPage\":{\"@id\":\"https:\\\/\\\/tuguia.combarranquilla.co\\\/Revista\\\/listos-para-la-ii-macrorrueda-de-negocios-de-combarranquilla\\\/#primaryimage\"},\"image\":{\"@id\":\"https:\\\/\\\/tuguia.combarranquilla.co\\\/Revista\\\/listos-para-la-ii-macrorrueda-de-negocios-de-combarranquilla\\\/#primaryimage\"},\"thumbnailUrl\":\"https:\\\/\\\/tuguia.combarranquilla.co\\\/Revista\\\/wp-content\\\/uploads\\\/2024\\\/04\\\/MACRORRUEDAS-NEW-Mesa-de-trabajo-8-4.png\",\"datePublished\":\"2024-04-18T21:27:02+00:00\",\"dateModified\":\"2024-04-18T21:27:22+00:00\",\"breadcrumb\":{\"@id\":\"https:\\\/\\\/tuguia.combarranquilla.co\\\/Revista\\\/listos-para-la-ii-macrorrueda-de-negocios-de-combarranquilla\\\/#breadcrumb\"},\"inLanguage\":\"es-CO\",\"potentialAction\":[{\"@type\":\"ReadAction\",\"target\":[\"https:\\\/\\\/tuguia.combarranquilla.co\\\/Revista\\\/listos-para-la-ii-macrorrueda-de-negocios-de-combarranquilla\\\/\"]}]},{\"@type\":\"ImageObject\",\"inLanguage\":\"es-CO\",\"@id\":\"https:\\\/\\\/tuguia.combarranquilla.co\\\/Revista\\\/listos-para-la-ii-macrorrueda-de-negocios-de-combarranquilla\\\/#primaryimage\",\"url\":\"https:\\\/\\\/tuguia.combarranquilla.co\\\/Revista\\\/wp-content\\\/uploads\\\/2024\\\/04\\\/MACRORRUEDAS-NEW-Mesa-de-trabajo-8-4.png\",\"contentUrl\":\"https:\\\/\\\/tuguia.combarranquilla.co\\\/Revista\\\/wp-content\\\/uploads\\\/2024\\\/04\\\/MACRORRUEDAS-NEW-Mesa-de-trabajo-8-4.png\",\"width\":1920,\"height\":799},{\"@type\":\"BreadcrumbList\",\"@id\":\"https:\\\/\\\/tuguia.combarranquilla.co\\\/Revista\\\/listos-para-la-ii-macrorrueda-de-negocios-de-combarranquilla\\\/#breadcrumb\",\"itemListElement\":[{\"@type\":\"ListItem\",\"position\":1,\"name\":\"Inicio\",\"item\":\"https:\\\/\\\/tuguia.combarranquilla.co\\\/Revista\\\/\"},{\"@type\":\"ListItem\",\"position\":2,\"name\":\"\u00bfListos para la II Macrorrueda de Negocios de Combarranquilla?\"}]},{\"@type\":\"WebSite\",\"@id\":\"https:\\\/\\\/tuguia.combarranquilla.co\\\/Revista\\\/#website\",\"url\":\"https:\\\/\\\/tuguia.combarranquilla.co\\\/Revista\\\/\",\"name\":\"Tu Gu\u00eda\",\"description\":\"La revista donde lo tienes todo.\",\"publisher\":{\"@id\":\"https:\\\/\\\/tuguia.combarranquilla.co\\\/Revista\\\/#organization\"},\"alternateName\":\"Tu Gu\u00eda Combarranquilla\",\"potentialAction\":[{\"@type\":\"SearchAction\",\"target\":{\"@type\":\"EntryPoint\",\"urlTemplate\":\"https:\\\/\\\/tuguia.combarranquilla.co\\\/Revista\\\/?s={search_term_string}\"},\"query-input\":{\"@type\":\"PropertyValueSpecification\",\"valueRequired\":true,\"valueName\":\"search_term_string\"}}],\"inLanguage\":\"es-CO\"},{\"@type\":\"Organization\",\"@id\":\"https:\\\/\\\/tuguia.combarranquilla.co\\\/Revista\\\/#organization\",\"name\":\"Tu Gu\u00eda Combarranquilla\",\"url\":\"https:\\\/\\\/tuguia.combarranquilla.co\\\/Revista\\\/\",\"logo\":{\"@type\":\"ImageObject\",\"inLanguage\":\"es-CO\",\"@id\":\"https:\\\/\\\/tuguia.combarranquilla.co\\\/Revista\\\/#\\\/schema\\\/logo\\\/image\\\/\",\"url\":\"https:\\\/\\\/tuguia.combarranquilla.co\\\/Revista\\\/wp-content\\\/uploads\\\/2022\\\/02\\\/logo-guia-combarranquilla.svg\",\"contentUrl\":\"https:\\\/\\\/tuguia.combarranquilla.co\\\/Revista\\\/wp-content\\\/uploads\\\/2022\\\/02\\\/logo-guia-combarranquilla.svg\",\"caption\":\"Tu Gu\u00eda Combarranquilla\"},\"image\":{\"@id\":\"https:\\\/\\\/tuguia.combarranquilla.co\\\/Revista\\\/#\\\/schema\\\/logo\\\/image\\\/\"}},{\"@type\":\"Person\",\"@id\":\"https:\\\/\\\/tuguia.combarranquilla.co\\\/Revista\\\/#\\\/schema\\\/person\\\/c2c396a77170bd1d5f8ba73294eb0d10\",\"name\":\"Comunicaciones Combarranquilla\",\"image\":{\"@type\":\"ImageObject\",\"inLanguage\":\"es-CO\",\"@id\":\"https:\\\/\\\/tuguia.combarranquilla.co\\\/Revista\\\/wp-content\\\/uploads\\\/2025\\\/05\\\/ABC-Al-Rojo-Logo-96x96.jpg\",\"url\":\"https:\\\/\\\/tuguia.combarranquilla.co\\\/Revista\\\/wp-content\\\/uploads\\\/2025\\\/05\\\/ABC-Al-Rojo-Logo-96x96.jpg\",\"contentUrl\":\"https:\\\/\\\/tuguia.combarranquilla.co\\\/Revista\\\/wp-content\\\/uploads\\\/2025\\\/05\\\/ABC-Al-Rojo-Logo-96x96.jpg\",\"caption\":\"Comunicaciones Combarranquilla\"},\"sameAs\":[\"https:\\\/\\\/www.combarranquilla.co\"],\"url\":\"https:\\\/\\\/tuguia.combarranquilla.co\\\/Revista\\\/author\\\/comunicaciones\\\/\"}]}<\/script>\n<!-- \/ Yoast SEO plugin. -->","yoast_head_json":{"title":"\u00bfListos para la II Macrorrueda de Negocios de Combarranquilla? - Tu Gu\u00eda","robots":{"index":"index","follow":"follow","max-snippet":"max-snippet:-1","max-image-preview":"max-image-preview:large","max-video-preview":"max-video-preview:-1"},"canonical":"https:\/\/tuguia.combarranquilla.co\/Revista\/listos-para-la-ii-macrorrueda-de-negocios-de-combarranquilla\/","og_locale":"es_ES","og_type":"article","og_title":"\u00bfListos para la II Macrorrueda de Negocios de Combarranquilla? - Tu Gu\u00eda","og_description":"Combarranquilla se viste gala. El pr\u00f3ximo 24 de abril se realizar\u00e1 la II Macrorrueda de Negocios y la Unidad Country ser\u00e1 la encargada de recibir a empresarios, vendedores e invitados a una jornada dise\u00f1ada para enriquecer el panorama empresarial y potenciar los valores de los negocios. Ser\u00e1 una gran oportunidad para los empresarios de ampliar [&hellip;]","og_url":"https:\/\/tuguia.combarranquilla.co\/Revista\/listos-para-la-ii-macrorrueda-de-negocios-de-combarranquilla\/","og_site_name":"Tu Gu\u00eda","article_published_time":"2024-04-18T21:27:02+00:00","article_modified_time":"2024-04-18T21:27:22+00:00","og_image":[{"width":1920,"height":799,"url":"https:\/\/tuguia.combarranquilla.co\/Revista\/wp-content\/uploads\/2024\/04\/MACRORRUEDAS-NEW-Mesa-de-trabajo-8-4.png","type":"image\/png"}],"author":"Comunicaciones Combarranquilla","twitter_card":"summary_large_image","twitter_misc":{"Escrito por":"Comunicaciones Combarranquilla","Tiempo de lectura":"1 minuto"},"schema":{"@context":"https:\/\/schema.org","@graph":[{"@type":"Article","@id":"https:\/\/tuguia.combarranquilla.co\/Revista\/listos-para-la-ii-macrorrueda-de-negocios-de-combarranquilla\/#article","isPartOf":{"@id":"https:\/\/tuguia.combarranquilla.co\/Revista\/listos-para-la-ii-macrorrueda-de-negocios-de-combarranquilla\/"},"author":{"name":"Comunicaciones Combarranquilla","@id":"https:\/\/tuguia.combarranquilla.co\/Revista\/#\/schema\/person\/c2c396a77170bd1d5f8ba73294eb0d10"},"headline":"\u00bfListos para la II Macrorrueda de Negocios de Combarranquilla?","datePublished":"2024-04-18T21:27:02+00:00","dateModified":"2024-04-18T21:27:22+00:00","mainEntityOfPage":{"@id":"https:\/\/tuguia.combarranquilla.co\/Revista\/listos-para-la-ii-macrorrueda-de-negocios-de-combarranquilla\/"},"wordCount":241,"commentCount":0,"publisher":{"@id":"https:\/\/tuguia.combarranquilla.co\/Revista\/#organization"},"image":{"@id":"https:\/\/tuguia.combarranquilla.co\/Revista\/listos-para-la-ii-macrorrueda-de-negocios-de-combarranquilla\/#primaryimage"},"thumbnailUrl":"https:\/\/tuguia.combarranquilla.co\/Revista\/wp-content\/uploads\/2024\/04\/MACRORRUEDAS-NEW-Mesa-de-trabajo-8-4.png","articleSection":["EMPLEABILIDAD"],"inLanguage":"es-CO","potentialAction":[{"@type":"CommentAction","name":"Comment","target":["https:\/\/tuguia.combarranquilla.co\/Revista\/listos-para-la-ii-macrorrueda-de-negocios-de-combarranquilla\/#respond"]}]},{"@type":"WebPage","@id":"https:\/\/tuguia.combarranquilla.co\/Revista\/listos-para-la-ii-macrorrueda-de-negocios-de-combarranquilla\/","url":"https:\/\/tuguia.combarranquilla.co\/Revista\/listos-para-la-ii-macrorrueda-de-negocios-de-combarranquilla\/","name":"\u00bfListos para la II Macrorrueda de Negocios de Combarranquilla? - Tu Gu\u00eda","isPartOf":{"@id":"https:\/\/tuguia.combarranquilla.co\/Revista\/#website"},"primaryImageOfPage":{"@id":"https:\/\/tuguia.combarranquilla.co\/Revista\/listos-para-la-ii-macrorrueda-de-negocios-de-combarranquilla\/#primaryimage"},"image":{"@id":"https:\/\/tuguia.combarranquilla.co\/Revista\/listos-para-la-ii-macrorrueda-de-negocios-de-combarranquilla\/#primaryimage"},"thumbnailUrl":"https:\/\/tuguia.combarranquilla.co\/Revista\/wp-content\/uploads\/2024\/04\/MACRORRUEDAS-NEW-Mesa-de-trabajo-8-4.png","datePublished":"2024-04-18T21:27:02+00:00","dateModified":"2024-04-18T21:27:22+00:00","breadcrumb":{"@id":"https:\/\/tuguia.combarranquilla.co\/Revista\/listos-para-la-ii-macrorrueda-de-negocios-de-combarranquilla\/#breadcrumb"},"inLanguage":"es-CO","potentialAction":[{"@type":"ReadAction","target":["https:\/\/tuguia.combarranquilla.co\/Revista\/listos-para-la-ii-macrorrueda-de-negocios-de-combarranquilla\/"]}]},{"@type":"ImageObject","inLanguage":"es-CO","@id":"https:\/\/tuguia.combarranquilla.co\/Revista\/listos-para-la-ii-macrorrueda-de-negocios-de-combarranquilla\/#primaryimage","url":"https:\/\/tuguia.combarranquilla.co\/Revista\/wp-content\/uploads\/2024\/04\/MACRORRUEDAS-NEW-Mesa-de-trabajo-8-4.png","contentUrl":"https:\/\/tuguia.combarranquilla.co\/Revista\/wp-content\/uploads\/2024\/04\/MACRORRUEDAS-NEW-Mesa-de-trabajo-8-4.png","width":1920,"height":799},{"@type":"BreadcrumbList","@id":"https:\/\/tuguia.combarranquilla.co\/Revista\/listos-para-la-ii-macrorrueda-de-negocios-de-combarranquilla\/#breadcrumb","itemListElement":[{"@type":"ListItem","position":1,"name":"Inicio","item":"https:\/\/tuguia.combarranquilla.co\/Revista\/"},{"@type":"ListItem","position":2,"name":"\u00bfListos para la II Macrorrueda de Negocios de Combarranquilla?"}]},{"@type":"WebSite","@id":"https:\/\/tuguia.combarranquilla.co\/Revista\/#website","url":"https:\/\/tuguia.combarranquilla.co\/Revista\/","name":"Tu Gu\u00eda","description":"La revista donde lo tienes todo.","publisher":{"@id":"https:\/\/tuguia.combarranquilla.co\/Revista\/#organization"},"alternateName":"Tu Gu\u00eda Combarranquilla","potentialAction":[{"@type":"SearchAction","target":{"@type":"EntryPoint","urlTemplate":"https:\/\/tuguia.combarranquilla.co\/Revista\/?s={search_term_string}"},"query-input":{"@type":"PropertyValueSpecification","valueRequired":true,"valueName":"search_term_string"}}],"inLanguage":"es-CO"},{"@type":"Organization","@id":"https:\/\/tuguia.combarranquilla.co\/Revista\/#organization","name":"Tu Gu\u00eda Combarranquilla","url":"https:\/\/tuguia.combarranquilla.co\/Revista\/","logo":{"@type":"ImageObject","inLanguage":"es-CO","@id":"https:\/\/tuguia.combarranquilla.co\/Revista\/#\/schema\/logo\/image\/","url":"https:\/\/tuguia.combarranquilla.co\/Revista\/wp-content\/uploads\/2022\/02\/logo-guia-combarranquilla.svg","contentUrl":"https:\/\/tuguia.combarranquilla.co\/Revista\/wp-content\/uploads\/2022\/02\/logo-guia-combarranquilla.svg","caption":"Tu Gu\u00eda Combarranquilla"},"image":{"@id":"https:\/\/tuguia.combarranquilla.co\/Revista\/#\/schema\/logo\/image\/"}},{"@type":"Person","@id":"https:\/\/tuguia.combarranquilla.co\/Revista\/#\/schema\/person\/c2c396a77170bd1d5f8ba73294eb0d10","name":"Comunicaciones Combarranquilla","image":{"@type":"ImageObject","inLanguage":"es-CO","@id":"https:\/\/tuguia.combarranquilla.co\/Revista\/wp-content\/uploads\/2025\/05\/ABC-Al-Rojo-Logo-96x96.jpg","url":"https:\/\/tuguia.combarranquilla.co\/Revista\/wp-content\/uploads\/2025\/05\/ABC-Al-Rojo-Logo-96x96.jpg","contentUrl":"https:\/\/tuguia.combarranquilla.co\/Revista\/wp-content\/uploads\/2025\/05\/ABC-Al-Rojo-Logo-96x96.jpg","caption":"Comunicaciones Combarranquilla"},"sameAs":["https:\/\/www.combarranquilla.co"],"url":"https:\/\/tuguia.combarranquilla.co\/Revista\/author\/comunicaciones\/"}]}},"_links":{"self":[{"href":"https:\/\/tuguia.combarranquilla.co\/Revista\/wp-json\/wp\/v2\/posts\/4048","targetHints":{"allow":["GET"]}}],"collection":[{"href":"https:\/\/tuguia.combarranquilla.co\/Revista\/wp-json\/wp\/v2\/posts"}],"about":[{"href":"https:\/\/tuguia.combarranquilla.co\/Revista\/wp-json\/wp\/v2\/types\/post"}],"author":[{"embeddable":true,"href":"https:\/\/tuguia.combarranquilla.co\/Revista\/wp-json\/wp\/v2\/users\/2"}],"replies":[{"embeddable":true,"href":"https:\/\/tuguia.combarranquilla.co\/Revista\/wp-json\/wp\/v2\/comments?post=4048"}],"version-history":[{"count":2,"href":"https:\/\/tuguia.combarranquilla.co\/Revista\/wp-json\/wp\/v2\/posts\/4048\/revisions"}],"predecessor-version":[{"id":4052,"href":"https:\/\/tuguia.combarranquilla.co\/Revista\/wp-json\/wp\/v2\/posts\/4048\/revisions\/4052"}],"wp:featuredmedia":[{"embeddable":true,"href":"https:\/\/tuguia.combarranquilla.co\/Revista\/wp-json\/wp\/v2\/media\/4049"}],"wp:attachment":[{"href":"https:\/\/tuguia.combarranquilla.co\/Revista\/wp-json\/wp\/v2\/media?parent=4048"}],"wp:term":[{"taxonomy":"category","embeddable":true,"href":"https:\/\/tuguia.combarranquilla.co\/Revista\/wp-json\/wp\/v2\/categories?post=4048"},{"taxonomy":"post_tag","embeddable":true,"href":"https:\/\/tuguia.combarranquilla.co\/Revista\/wp-json\/wp\/v2\/tags?post=4048"}],"curies":[{"name":"wp","href":"https:\/\/api.w.org\/{rel}","templated":true}]}}