{"id":4072,"date":"2024-04-22T13:58:20","date_gmt":"2024-04-22T18:58:20","guid":{"rendered":"https:\/\/tuguia.combarranquilla.co\/Revista\/?p=4072"},"modified":"2024-04-22T13:58:22","modified_gmt":"2024-04-22T18:58:22","slug":"como-crear-una-cultura-laboral-positiva","status":"publish","type":"post","link":"https:\/\/tuguia.combarranquilla.co\/Revista\/como-crear-una-cultura-laboral-positiva\/","title":{"rendered":"C\u00f3mo crear una cultura laboral positiva"},"content":{"rendered":"\n<h3 class=\"wp-block-heading\" id=\"ember42\">La Magia del Bienestar en el Trabajo<\/h3>\n\n\n\n<p id=\"ember43\">En el mundo empresarial actual, una cultura organizacional vibrante y positiva no es solo un &#8216;extra&#8217; deseable; es una necesidad estrat\u00e9gica fundamental para el \u00e9xito y la sostenibilidad. Al crear un ambiente que promueva experiencias m\u00e1gicas, no solo mejoramos la calidad de vida de nuestros empleados, sino que tambi\u00e9n potenciamos su rendimiento y lealtad hacia la organizaci\u00f3n. Pero, \u00bfQu\u00e9 significa realmente crear una &#8220;cultura de experiencias m\u00e1gicas&#8221;? Y m\u00e1s importante a\u00fan, \u00bfC\u00f3mo podemos cultivarla eficazmente?<\/p>\n\n\n\n<h3 class=\"wp-block-heading\" id=\"ember44\">1. Entendiendo el Fundamento de la Cultura Positiva<\/h3>\n\n\n\n<p id=\"ember45\"><strong>El valor de una cultura saludable<\/strong><\/p>\n\n\n\n<p id=\"ember46\">En una charla inspiradora con un reconocido doctor en psicolog\u00eda organizacional, se destac\u00f3 que la salud de una organizaci\u00f3n puede medirse por la calidad de las relaciones y las interacciones diarias entre sus miembros. Una cultura positiva no solo mejora el bienestar emocional y f\u00edsico de los empleados, sino que tambi\u00e9n reduce la rotaci\u00f3n y aumenta la atracci\u00f3n de talento. Para comenzar a edificar esta cultura, es crucial comprender y actuar sobre los pilares que sostienen las relaciones humanas dentro del entorno laboral: respeto, confianza y apoyo mutuo.<\/p>\n\n\n\n<p id=\"ember47\"><strong>Capacitaci\u00f3n y desarrollo de l\u00edderes<\/strong><\/p>\n\n\n\n<p id=\"ember48\">Los l\u00edderes juegan un papel crucial en la configuraci\u00f3n y el mantenimiento de la cultura organizacional. No solo deben ser ejemplos de integridad y empat\u00eda, sino tambi\u00e9n facilitadores del crecimiento personal y profesional de sus equipos. La inversi\u00f3n en programas de liderazgo que enfaticen habilidades socioemocionales y de comunicaci\u00f3n efectiva es esencial para formar l\u00edderes que inspiren y transformen.<\/p>\n\n\n\n<h3 class=\"wp-block-heading\" id=\"ember49\">2. Estrategias para Fomentar la Magia Diaria<\/h3>\n\n\n\n<p id=\"ember50\"><strong>Comunicaci\u00f3n abierta y efectiva<\/strong><\/p>\n\n\n\n<p id=\"ember51\">El flujo de comunicaci\u00f3n en una empresa es vital para asegurar que todos los empleados no solo comprendan su rol, sino que tambi\u00e9n se sientan parte de la visi\u00f3n general de la empresa. Implementar canales de comunicaci\u00f3n que promuevan una interacci\u00f3n constante y bidireccional puede ayudar a fortalecer la cohesi\u00f3n y el compromiso del equipo.<\/p>\n\n\n\n<p id=\"ember52\"><strong>Espacios que inspiran<\/strong><\/p>\n\n\n\n<p id=\"ember53\">La configuraci\u00f3n f\u00edsica de los espacios de trabajo puede tener un impacto significativo en c\u00f3mo los empleados experimentan su d\u00eda a d\u00eda. Crear \u00e1reas que estimulen la colaboraci\u00f3n y ofrezcan un refugio para la concentraci\u00f3n y la creatividad es fundamental. Desde oficinas abiertas hasta zonas de descanso innovadoras en donde cada detalle cuenta para hacer de la oficina un lugar donde cada d\u00eda pueda surgir algo m\u00e1gico.<\/p>\n\n\n\n<h3 class=\"wp-block-heading\" id=\"ember54\">3. Celebrando y Reconociendo el \u00c9xito<\/h3>\n\n\n\n<p id=\"ember55\"><strong>Reconocimiento y motivaci\u00f3n<\/strong><\/p>\n\n\n\n<p id=\"ember56\">El reconocimiento del esfuerzo y los logros es una poderosa herramienta de motivaci\u00f3n. Celebrar las victorias, grandes y peque\u00f1as, no solo eleva la moral del empleado, sino que tambi\u00e9n fortalece su sentido de pertenencia y compromiso con la empresa. Implementar programas de reconocimiento que reflejen los valores de la organizaci\u00f3n puede crear una atm\u00f3sfera de aprecio y \u00e9xito compartido.<\/p>\n\n\n\n<h3 class=\"wp-block-heading\" id=\"ember57\">4. Evaluaci\u00f3n Continua y Mejora<\/h3>\n\n\n\n<p id=\"ember58\"><strong>Retroalimentaci\u00f3n constructiva y adaptaci\u00f3n<\/strong><\/p>\n\n\n\n<p id=\"ember59\">Una cultura de bienestar es din\u00e1mica y requiere de una evaluaci\u00f3n y ajuste continuos. Fomentar un ambiente donde la retroalimentaci\u00f3n sea una herramienta de desarrollo y no de cr\u00edtica es vital para la evoluci\u00f3n positiva de la cultura organizacional. Encuestas regulares, entrevistas con empleados y sesiones de brainstorming son solo algunas de las maneras en las que podemos obtener insights valiosos para mejorar constantemente.<\/p>\n\n\n\n<h3 class=\"wp-block-heading\" id=\"ember60\">Preguntas Frecuentes (FAQ)<\/h3>\n\n\n\n<p id=\"ember61\"><strong>\u00bfC\u00f3mo medir el impacto de una cultura positiva en la empresa?<\/strong> El impacto se puede medir a trav\u00e9s de indicadores como la satisfacci\u00f3n del empleado, la productividad, la retenci\u00f3n de talento y la calidad del ambiente laboral.<\/p>\n\n\n\n<p id=\"ember62\"><strong>\u00bfCu\u00e1l es el primer paso para cambiar una cultura organizacional negativa?<\/strong> El primer paso es reconocer y entender los aspectos que contribuyena esos problemas y realizar un compromiso sincero de cambio por parte de la alta direcci\u00f3n.<\/p>\n\n\n\n<p id=\"ember63\"><strong>\u00bfCu\u00e1les son las mejores pr\u00e1cticas para mantener una cultura positiva en tiempos de crisis?<\/strong> Es clave mantener la comunicaci\u00f3n transparente, ofrecer soporte emocional y recursos adecuados, y adaptarse a las nuevas necesidades de los empleados para fortalecer la resiliencia organizacional.<\/p>\n\n\n\n<p id=\"ember65\">\u00bfEst\u00e1s listo para transformar tu lugar de trabajo en un espacio lleno de innovaci\u00f3n y bienestar?<\/p>\n","protected":false},"excerpt":{"rendered":"<p>La Magia del Bienestar en el Trabajo En el mundo empresarial actual, una cultura organizacional vibrante y positiva no es solo un &#8216;extra&#8217; deseable; es una necesidad estrat\u00e9gica fundamental para el \u00e9xito y la sostenibilidad. Al crear un ambiente que promueva experiencias m\u00e1gicas, no solo mejoramos la calidad de vida de nuestros empleados, sino que [&hellip;]<\/p>\n","protected":false},"author":2,"featured_media":4071,"comment_status":"open","ping_status":"open","sticky":false,"template":"","format":"standard","meta":{"inline_featured_image":false,"footnotes":""},"categories":[7],"tags":[],"class_list":["post-4072","post","type-post","status-publish","format-standard","has-post-thumbnail","hentry","category-familia-combarranquilla"],"yoast_head":"<!-- This site is optimized with the Yoast SEO plugin v27.4 - https:\/\/yoast.com\/product\/yoast-seo-wordpress\/ -->\n<title>C\u00f3mo crear una cultura laboral positiva - Tu Gu\u00eda<\/title>\n<meta name=\"robots\" content=\"index, follow, max-snippet:-1, max-image-preview:large, max-video-preview:-1\" \/>\n<link rel=\"canonical\" href=\"https:\/\/tuguia.combarranquilla.co\/Revista\/como-crear-una-cultura-laboral-positiva\/\" \/>\n<meta property=\"og:locale\" content=\"es_ES\" \/>\n<meta property=\"og:type\" content=\"article\" \/>\n<meta property=\"og:title\" content=\"C\u00f3mo crear una cultura laboral positiva - Tu Gu\u00eda\" \/>\n<meta property=\"og:description\" content=\"La Magia del Bienestar en el Trabajo En el mundo empresarial actual, una cultura organizacional vibrante y positiva no es solo un &#8216;extra&#8217; deseable; es una necesidad estrat\u00e9gica fundamental para el \u00e9xito y la sostenibilidad. Al crear un ambiente que promueva experiencias m\u00e1gicas, no solo mejoramos la calidad de vida de nuestros empleados, sino que [&hellip;]\" \/>\n<meta property=\"og:url\" content=\"https:\/\/tuguia.combarranquilla.co\/Revista\/como-crear-una-cultura-laboral-positiva\/\" \/>\n<meta property=\"og:site_name\" content=\"Tu Gu\u00eda\" \/>\n<meta property=\"article:published_time\" content=\"2024-04-22T18:58:20+00:00\" \/>\n<meta property=\"article:modified_time\" content=\"2024-04-22T18:58:22+00:00\" \/>\n<meta property=\"og:image\" content=\"https:\/\/tuguia.combarranquilla.co\/Revista\/wp-content\/uploads\/2024\/04\/Untitled-design-73-1024x576.png\" \/>\n\t<meta property=\"og:image:width\" content=\"1024\" \/>\n\t<meta property=\"og:image:height\" content=\"576\" \/>\n\t<meta property=\"og:image:type\" content=\"image\/png\" \/>\n<meta name=\"author\" content=\"Comunicaciones Combarranquilla\" \/>\n<meta name=\"twitter:card\" content=\"summary_large_image\" \/>\n<meta name=\"twitter:label1\" content=\"Escrito por\" \/>\n\t<meta name=\"twitter:data1\" content=\"Comunicaciones Combarranquilla\" \/>\n\t<meta name=\"twitter:label2\" content=\"Tiempo de lectura\" \/>\n\t<meta name=\"twitter:data2\" content=\"4 minutos\" \/>\n<script type=\"application\/ld+json\" class=\"yoast-schema-graph\">{\"@context\":\"https:\\\/\\\/schema.org\",\"@graph\":[{\"@type\":\"Article\",\"@id\":\"https:\\\/\\\/tuguia.combarranquilla.co\\\/Revista\\\/como-crear-una-cultura-laboral-positiva\\\/#article\",\"isPartOf\":{\"@id\":\"https:\\\/\\\/tuguia.combarranquilla.co\\\/Revista\\\/como-crear-una-cultura-laboral-positiva\\\/\"},\"author\":{\"name\":\"Comunicaciones Combarranquilla\",\"@id\":\"https:\\\/\\\/tuguia.combarranquilla.co\\\/Revista\\\/#\\\/schema\\\/person\\\/c2c396a77170bd1d5f8ba73294eb0d10\"},\"headline\":\"C\u00f3mo crear una cultura laboral positiva\",\"datePublished\":\"2024-04-22T18:58:20+00:00\",\"dateModified\":\"2024-04-22T18:58:22+00:00\",\"mainEntityOfPage\":{\"@id\":\"https:\\\/\\\/tuguia.combarranquilla.co\\\/Revista\\\/como-crear-una-cultura-laboral-positiva\\\/\"},\"wordCount\":725,\"commentCount\":0,\"publisher\":{\"@id\":\"https:\\\/\\\/tuguia.combarranquilla.co\\\/Revista\\\/#organization\"},\"image\":{\"@id\":\"https:\\\/\\\/tuguia.combarranquilla.co\\\/Revista\\\/como-crear-una-cultura-laboral-positiva\\\/#primaryimage\"},\"thumbnailUrl\":\"https:\\\/\\\/tuguia.combarranquilla.co\\\/Revista\\\/wp-content\\\/uploads\\\/2024\\\/04\\\/Untitled-design-73.png\",\"articleSection\":[\"FAMILIA COMBARRANQUILLA\"],\"inLanguage\":\"es-CO\",\"potentialAction\":[{\"@type\":\"CommentAction\",\"name\":\"Comment\",\"target\":[\"https:\\\/\\\/tuguia.combarranquilla.co\\\/Revista\\\/como-crear-una-cultura-laboral-positiva\\\/#respond\"]}]},{\"@type\":\"WebPage\",\"@id\":\"https:\\\/\\\/tuguia.combarranquilla.co\\\/Revista\\\/como-crear-una-cultura-laboral-positiva\\\/\",\"url\":\"https:\\\/\\\/tuguia.combarranquilla.co\\\/Revista\\\/como-crear-una-cultura-laboral-positiva\\\/\",\"name\":\"C\u00f3mo crear una cultura laboral positiva - Tu Gu\u00eda\",\"isPartOf\":{\"@id\":\"https:\\\/\\\/tuguia.combarranquilla.co\\\/Revista\\\/#website\"},\"primaryImageOfPage\":{\"@id\":\"https:\\\/\\\/tuguia.combarranquilla.co\\\/Revista\\\/como-crear-una-cultura-laboral-positiva\\\/#primaryimage\"},\"image\":{\"@id\":\"https:\\\/\\\/tuguia.combarranquilla.co\\\/Revista\\\/como-crear-una-cultura-laboral-positiva\\\/#primaryimage\"},\"thumbnailUrl\":\"https:\\\/\\\/tuguia.combarranquilla.co\\\/Revista\\\/wp-content\\\/uploads\\\/2024\\\/04\\\/Untitled-design-73.png\",\"datePublished\":\"2024-04-22T18:58:20+00:00\",\"dateModified\":\"2024-04-22T18:58:22+00:00\",\"breadcrumb\":{\"@id\":\"https:\\\/\\\/tuguia.combarranquilla.co\\\/Revista\\\/como-crear-una-cultura-laboral-positiva\\\/#breadcrumb\"},\"inLanguage\":\"es-CO\",\"potentialAction\":[{\"@type\":\"ReadAction\",\"target\":[\"https:\\\/\\\/tuguia.combarranquilla.co\\\/Revista\\\/como-crear-una-cultura-laboral-positiva\\\/\"]}]},{\"@type\":\"ImageObject\",\"inLanguage\":\"es-CO\",\"@id\":\"https:\\\/\\\/tuguia.combarranquilla.co\\\/Revista\\\/como-crear-una-cultura-laboral-positiva\\\/#primaryimage\",\"url\":\"https:\\\/\\\/tuguia.combarranquilla.co\\\/Revista\\\/wp-content\\\/uploads\\\/2024\\\/04\\\/Untitled-design-73.png\",\"contentUrl\":\"https:\\\/\\\/tuguia.combarranquilla.co\\\/Revista\\\/wp-content\\\/uploads\\\/2024\\\/04\\\/Untitled-design-73.png\",\"width\":1920,\"height\":1080},{\"@type\":\"BreadcrumbList\",\"@id\":\"https:\\\/\\\/tuguia.combarranquilla.co\\\/Revista\\\/como-crear-una-cultura-laboral-positiva\\\/#breadcrumb\",\"itemListElement\":[{\"@type\":\"ListItem\",\"position\":1,\"name\":\"Inicio\",\"item\":\"https:\\\/\\\/tuguia.combarranquilla.co\\\/Revista\\\/\"},{\"@type\":\"ListItem\",\"position\":2,\"name\":\"C\u00f3mo crear una cultura laboral positiva\"}]},{\"@type\":\"WebSite\",\"@id\":\"https:\\\/\\\/tuguia.combarranquilla.co\\\/Revista\\\/#website\",\"url\":\"https:\\\/\\\/tuguia.combarranquilla.co\\\/Revista\\\/\",\"name\":\"Tu Gu\u00eda\",\"description\":\"La revista donde lo tienes todo.\",\"publisher\":{\"@id\":\"https:\\\/\\\/tuguia.combarranquilla.co\\\/Revista\\\/#organization\"},\"alternateName\":\"Tu Gu\u00eda Combarranquilla\",\"potentialAction\":[{\"@type\":\"SearchAction\",\"target\":{\"@type\":\"EntryPoint\",\"urlTemplate\":\"https:\\\/\\\/tuguia.combarranquilla.co\\\/Revista\\\/?s={search_term_string}\"},\"query-input\":{\"@type\":\"PropertyValueSpecification\",\"valueRequired\":true,\"valueName\":\"search_term_string\"}}],\"inLanguage\":\"es-CO\"},{\"@type\":\"Organization\",\"@id\":\"https:\\\/\\\/tuguia.combarranquilla.co\\\/Revista\\\/#organization\",\"name\":\"Tu Gu\u00eda Combarranquilla\",\"url\":\"https:\\\/\\\/tuguia.combarranquilla.co\\\/Revista\\\/\",\"logo\":{\"@type\":\"ImageObject\",\"inLanguage\":\"es-CO\",\"@id\":\"https:\\\/\\\/tuguia.combarranquilla.co\\\/Revista\\\/#\\\/schema\\\/logo\\\/image\\\/\",\"url\":\"https:\\\/\\\/tuguia.combarranquilla.co\\\/Revista\\\/wp-content\\\/uploads\\\/2022\\\/02\\\/logo-guia-combarranquilla.svg\",\"contentUrl\":\"https:\\\/\\\/tuguia.combarranquilla.co\\\/Revista\\\/wp-content\\\/uploads\\\/2022\\\/02\\\/logo-guia-combarranquilla.svg\",\"caption\":\"Tu Gu\u00eda Combarranquilla\"},\"image\":{\"@id\":\"https:\\\/\\\/tuguia.combarranquilla.co\\\/Revista\\\/#\\\/schema\\\/logo\\\/image\\\/\"}},{\"@type\":\"Person\",\"@id\":\"https:\\\/\\\/tuguia.combarranquilla.co\\\/Revista\\\/#\\\/schema\\\/person\\\/c2c396a77170bd1d5f8ba73294eb0d10\",\"name\":\"Comunicaciones Combarranquilla\",\"image\":{\"@type\":\"ImageObject\",\"inLanguage\":\"es-CO\",\"@id\":\"https:\\\/\\\/tuguia.combarranquilla.co\\\/Revista\\\/wp-content\\\/uploads\\\/2025\\\/05\\\/ABC-Al-Rojo-Logo-96x96.jpg\",\"url\":\"https:\\\/\\\/tuguia.combarranquilla.co\\\/Revista\\\/wp-content\\\/uploads\\\/2025\\\/05\\\/ABC-Al-Rojo-Logo-96x96.jpg\",\"contentUrl\":\"https:\\\/\\\/tuguia.combarranquilla.co\\\/Revista\\\/wp-content\\\/uploads\\\/2025\\\/05\\\/ABC-Al-Rojo-Logo-96x96.jpg\",\"caption\":\"Comunicaciones Combarranquilla\"},\"sameAs\":[\"https:\\\/\\\/www.combarranquilla.co\"],\"url\":\"https:\\\/\\\/tuguia.combarranquilla.co\\\/Revista\\\/author\\\/comunicaciones\\\/\"}]}<\/script>\n<!-- \/ Yoast SEO plugin. -->","yoast_head_json":{"title":"C\u00f3mo crear una cultura laboral positiva - Tu Gu\u00eda","robots":{"index":"index","follow":"follow","max-snippet":"max-snippet:-1","max-image-preview":"max-image-preview:large","max-video-preview":"max-video-preview:-1"},"canonical":"https:\/\/tuguia.combarranquilla.co\/Revista\/como-crear-una-cultura-laboral-positiva\/","og_locale":"es_ES","og_type":"article","og_title":"C\u00f3mo crear una cultura laboral positiva - Tu Gu\u00eda","og_description":"La Magia del Bienestar en el Trabajo En el mundo empresarial actual, una cultura organizacional vibrante y positiva no es solo un &#8216;extra&#8217; deseable; es una necesidad estrat\u00e9gica fundamental para el \u00e9xito y la sostenibilidad. Al crear un ambiente que promueva experiencias m\u00e1gicas, no solo mejoramos la calidad de vida de nuestros empleados, sino que [&hellip;]","og_url":"https:\/\/tuguia.combarranquilla.co\/Revista\/como-crear-una-cultura-laboral-positiva\/","og_site_name":"Tu Gu\u00eda","article_published_time":"2024-04-22T18:58:20+00:00","article_modified_time":"2024-04-22T18:58:22+00:00","og_image":[{"width":1024,"height":576,"url":"https:\/\/tuguia.combarranquilla.co\/Revista\/wp-content\/uploads\/2024\/04\/Untitled-design-73-1024x576.png","type":"image\/png"}],"author":"Comunicaciones Combarranquilla","twitter_card":"summary_large_image","twitter_misc":{"Escrito por":"Comunicaciones Combarranquilla","Tiempo de lectura":"4 minutos"},"schema":{"@context":"https:\/\/schema.org","@graph":[{"@type":"Article","@id":"https:\/\/tuguia.combarranquilla.co\/Revista\/como-crear-una-cultura-laboral-positiva\/#article","isPartOf":{"@id":"https:\/\/tuguia.combarranquilla.co\/Revista\/como-crear-una-cultura-laboral-positiva\/"},"author":{"name":"Comunicaciones Combarranquilla","@id":"https:\/\/tuguia.combarranquilla.co\/Revista\/#\/schema\/person\/c2c396a77170bd1d5f8ba73294eb0d10"},"headline":"C\u00f3mo crear una cultura laboral positiva","datePublished":"2024-04-22T18:58:20+00:00","dateModified":"2024-04-22T18:58:22+00:00","mainEntityOfPage":{"@id":"https:\/\/tuguia.combarranquilla.co\/Revista\/como-crear-una-cultura-laboral-positiva\/"},"wordCount":725,"commentCount":0,"publisher":{"@id":"https:\/\/tuguia.combarranquilla.co\/Revista\/#organization"},"image":{"@id":"https:\/\/tuguia.combarranquilla.co\/Revista\/como-crear-una-cultura-laboral-positiva\/#primaryimage"},"thumbnailUrl":"https:\/\/tuguia.combarranquilla.co\/Revista\/wp-content\/uploads\/2024\/04\/Untitled-design-73.png","articleSection":["FAMILIA COMBARRANQUILLA"],"inLanguage":"es-CO","potentialAction":[{"@type":"CommentAction","name":"Comment","target":["https:\/\/tuguia.combarranquilla.co\/Revista\/como-crear-una-cultura-laboral-positiva\/#respond"]}]},{"@type":"WebPage","@id":"https:\/\/tuguia.combarranquilla.co\/Revista\/como-crear-una-cultura-laboral-positiva\/","url":"https:\/\/tuguia.combarranquilla.co\/Revista\/como-crear-una-cultura-laboral-positiva\/","name":"C\u00f3mo crear una cultura laboral positiva - Tu Gu\u00eda","isPartOf":{"@id":"https:\/\/tuguia.combarranquilla.co\/Revista\/#website"},"primaryImageOfPage":{"@id":"https:\/\/tuguia.combarranquilla.co\/Revista\/como-crear-una-cultura-laboral-positiva\/#primaryimage"},"image":{"@id":"https:\/\/tuguia.combarranquilla.co\/Revista\/como-crear-una-cultura-laboral-positiva\/#primaryimage"},"thumbnailUrl":"https:\/\/tuguia.combarranquilla.co\/Revista\/wp-content\/uploads\/2024\/04\/Untitled-design-73.png","datePublished":"2024-04-22T18:58:20+00:00","dateModified":"2024-04-22T18:58:22+00:00","breadcrumb":{"@id":"https:\/\/tuguia.combarranquilla.co\/Revista\/como-crear-una-cultura-laboral-positiva\/#breadcrumb"},"inLanguage":"es-CO","potentialAction":[{"@type":"ReadAction","target":["https:\/\/tuguia.combarranquilla.co\/Revista\/como-crear-una-cultura-laboral-positiva\/"]}]},{"@type":"ImageObject","inLanguage":"es-CO","@id":"https:\/\/tuguia.combarranquilla.co\/Revista\/como-crear-una-cultura-laboral-positiva\/#primaryimage","url":"https:\/\/tuguia.combarranquilla.co\/Revista\/wp-content\/uploads\/2024\/04\/Untitled-design-73.png","contentUrl":"https:\/\/tuguia.combarranquilla.co\/Revista\/wp-content\/uploads\/2024\/04\/Untitled-design-73.png","width":1920,"height":1080},{"@type":"BreadcrumbList","@id":"https:\/\/tuguia.combarranquilla.co\/Revista\/como-crear-una-cultura-laboral-positiva\/#breadcrumb","itemListElement":[{"@type":"ListItem","position":1,"name":"Inicio","item":"https:\/\/tuguia.combarranquilla.co\/Revista\/"},{"@type":"ListItem","position":2,"name":"C\u00f3mo crear una cultura laboral positiva"}]},{"@type":"WebSite","@id":"https:\/\/tuguia.combarranquilla.co\/Revista\/#website","url":"https:\/\/tuguia.combarranquilla.co\/Revista\/","name":"Tu Gu\u00eda","description":"La revista donde lo tienes todo.","publisher":{"@id":"https:\/\/tuguia.combarranquilla.co\/Revista\/#organization"},"alternateName":"Tu Gu\u00eda Combarranquilla","potentialAction":[{"@type":"SearchAction","target":{"@type":"EntryPoint","urlTemplate":"https:\/\/tuguia.combarranquilla.co\/Revista\/?s={search_term_string}"},"query-input":{"@type":"PropertyValueSpecification","valueRequired":true,"valueName":"search_term_string"}}],"inLanguage":"es-CO"},{"@type":"Organization","@id":"https:\/\/tuguia.combarranquilla.co\/Revista\/#organization","name":"Tu Gu\u00eda Combarranquilla","url":"https:\/\/tuguia.combarranquilla.co\/Revista\/","logo":{"@type":"ImageObject","inLanguage":"es-CO","@id":"https:\/\/tuguia.combarranquilla.co\/Revista\/#\/schema\/logo\/image\/","url":"https:\/\/tuguia.combarranquilla.co\/Revista\/wp-content\/uploads\/2022\/02\/logo-guia-combarranquilla.svg","contentUrl":"https:\/\/tuguia.combarranquilla.co\/Revista\/wp-content\/uploads\/2022\/02\/logo-guia-combarranquilla.svg","caption":"Tu Gu\u00eda Combarranquilla"},"image":{"@id":"https:\/\/tuguia.combarranquilla.co\/Revista\/#\/schema\/logo\/image\/"}},{"@type":"Person","@id":"https:\/\/tuguia.combarranquilla.co\/Revista\/#\/schema\/person\/c2c396a77170bd1d5f8ba73294eb0d10","name":"Comunicaciones Combarranquilla","image":{"@type":"ImageObject","inLanguage":"es-CO","@id":"https:\/\/tuguia.combarranquilla.co\/Revista\/wp-content\/uploads\/2025\/05\/ABC-Al-Rojo-Logo-96x96.jpg","url":"https:\/\/tuguia.combarranquilla.co\/Revista\/wp-content\/uploads\/2025\/05\/ABC-Al-Rojo-Logo-96x96.jpg","contentUrl":"https:\/\/tuguia.combarranquilla.co\/Revista\/wp-content\/uploads\/2025\/05\/ABC-Al-Rojo-Logo-96x96.jpg","caption":"Comunicaciones Combarranquilla"},"sameAs":["https:\/\/www.combarranquilla.co"],"url":"https:\/\/tuguia.combarranquilla.co\/Revista\/author\/comunicaciones\/"}]}},"_links":{"self":[{"href":"https:\/\/tuguia.combarranquilla.co\/Revista\/wp-json\/wp\/v2\/posts\/4072","targetHints":{"allow":["GET"]}}],"collection":[{"href":"https:\/\/tuguia.combarranquilla.co\/Revista\/wp-json\/wp\/v2\/posts"}],"about":[{"href":"https:\/\/tuguia.combarranquilla.co\/Revista\/wp-json\/wp\/v2\/types\/post"}],"author":[{"embeddable":true,"href":"https:\/\/tuguia.combarranquilla.co\/Revista\/wp-json\/wp\/v2\/users\/2"}],"replies":[{"embeddable":true,"href":"https:\/\/tuguia.combarranquilla.co\/Revista\/wp-json\/wp\/v2\/comments?post=4072"}],"version-history":[{"count":1,"href":"https:\/\/tuguia.combarranquilla.co\/Revista\/wp-json\/wp\/v2\/posts\/4072\/revisions"}],"predecessor-version":[{"id":4073,"href":"https:\/\/tuguia.combarranquilla.co\/Revista\/wp-json\/wp\/v2\/posts\/4072\/revisions\/4073"}],"wp:featuredmedia":[{"embeddable":true,"href":"https:\/\/tuguia.combarranquilla.co\/Revista\/wp-json\/wp\/v2\/media\/4071"}],"wp:attachment":[{"href":"https:\/\/tuguia.combarranquilla.co\/Revista\/wp-json\/wp\/v2\/media?parent=4072"}],"wp:term":[{"taxonomy":"category","embeddable":true,"href":"https:\/\/tuguia.combarranquilla.co\/Revista\/wp-json\/wp\/v2\/categories?post=4072"},{"taxonomy":"post_tag","embeddable":true,"href":"https:\/\/tuguia.combarranquilla.co\/Revista\/wp-json\/wp\/v2\/tags?post=4072"}],"curies":[{"name":"wp","href":"https:\/\/api.w.org\/{rel}","templated":true}]}}