{"id":4077,"date":"2024-03-01T14:02:00","date_gmt":"2024-03-01T19:02:00","guid":{"rendered":"https:\/\/tuguia.combarranquilla.co\/Revista\/?p=4077"},"modified":"2024-04-23T14:47:40","modified_gmt":"2024-04-23T19:47:40","slug":"sientes-curiosidad-sobre-los-efectos-climaticos-en-nuestro-planeta-tierra","status":"publish","type":"post","link":"https:\/\/tuguia.combarranquilla.co\/Revista\/sientes-curiosidad-sobre-los-efectos-climaticos-en-nuestro-planeta-tierra\/","title":{"rendered":"\u00bfSientes curiosidad sobre los efectos clim\u00e1ticos en nuestro planeta Tierra?"},"content":{"rendered":"\n<p>En la conferencia Eventos Extremos \u00bfEfectos del cambio clim\u00e1tico? podr\u00e1s descubrirlo.<\/p>\n\n\n\n<p>El pr\u00f3ximo mi\u00e9rcoles, 13 de marzo, Nelson V\u00e1squez , ingeniero ambiental y meteor\u00f3logo aeron\u00e1utico dictar\u00e1 la conferencia en el auditorio del Planetario de Combarranquilla ubicado en la Unidad Boston.<\/p>\n\n\n\n<p>La actividad se llevar\u00e1 a cabo a las 6:30 p.m. y es totalmente gratuita. Es un espacio para que los aficionados por la astronom\u00eda compartan en familia datos curiosos e impactantes sobre los cambios extremos que esta recibiendo la Tierra.<\/p>\n\n\n\n<p>Para m\u00e1s informes puedes comunicarte a la l\u00ednea verde 605.3225049 ext. 2213 o al correo planetario.boston@combarranquilla.co<\/p>\n\n\n\n<p><\/p>\n","protected":false},"excerpt":{"rendered":"<p>En la conferencia Eventos Extremos \u00bfEfectos del cambio clim\u00e1tico? podr\u00e1s descubrirlo. El pr\u00f3ximo mi\u00e9rcoles, 13 de marzo, Nelson V\u00e1squez , ingeniero ambiental y meteor\u00f3logo aeron\u00e1utico dictar\u00e1 la conferencia en el auditorio del Planetario de Combarranquilla ubicado en la Unidad Boston. La actividad se llevar\u00e1 a cabo a las 6:30 p.m. y es totalmente gratuita. Es [&hellip;]<\/p>\n","protected":false},"author":2,"featured_media":4078,"comment_status":"open","ping_status":"open","sticky":false,"template":"","format":"standard","meta":{"inline_featured_image":false,"footnotes":""},"categories":[4],"tags":[],"class_list":["post-4077","post","type-post","status-publish","format-standard","has-post-thumbnail","hentry","category-ciencia-y-cultura"],"yoast_head":"<!-- This site is optimized with the Yoast SEO plugin v27.4 - https:\/\/yoast.com\/product\/yoast-seo-wordpress\/ -->\n<title>\u00bfSientes curiosidad sobre los efectos clim\u00e1ticos en nuestro planeta Tierra? - Tu Gu\u00eda<\/title>\n<meta name=\"robots\" content=\"index, follow, max-snippet:-1, max-image-preview:large, max-video-preview:-1\" \/>\n<link rel=\"canonical\" href=\"https:\/\/tuguia.combarranquilla.co\/Revista\/sientes-curiosidad-sobre-los-efectos-climaticos-en-nuestro-planeta-tierra\/\" \/>\n<meta property=\"og:locale\" content=\"es_ES\" \/>\n<meta property=\"og:type\" content=\"article\" \/>\n<meta property=\"og:title\" content=\"\u00bfSientes curiosidad sobre los efectos clim\u00e1ticos en nuestro planeta Tierra? - Tu Gu\u00eda\" \/>\n<meta property=\"og:description\" content=\"En la conferencia Eventos Extremos \u00bfEfectos del cambio clim\u00e1tico? podr\u00e1s descubrirlo. El pr\u00f3ximo mi\u00e9rcoles, 13 de marzo, Nelson V\u00e1squez , ingeniero ambiental y meteor\u00f3logo aeron\u00e1utico dictar\u00e1 la conferencia en el auditorio del Planetario de Combarranquilla ubicado en la Unidad Boston. La actividad se llevar\u00e1 a cabo a las 6:30 p.m. y es totalmente gratuita. Es [&hellip;]\" \/>\n<meta property=\"og:url\" content=\"https:\/\/tuguia.combarranquilla.co\/Revista\/sientes-curiosidad-sobre-los-efectos-climaticos-en-nuestro-planeta-tierra\/\" \/>\n<meta property=\"og:site_name\" content=\"Tu Gu\u00eda\" \/>\n<meta property=\"article:published_time\" content=\"2024-03-01T19:02:00+00:00\" \/>\n<meta property=\"article:modified_time\" content=\"2024-04-23T19:47:40+00:00\" \/>\n<meta property=\"og:image\" content=\"https:\/\/tuguia.combarranquilla.co\/Revista\/wp-content\/uploads\/2024\/04\/conferencia-2-scaled.jpg\" \/>\n\t<meta property=\"og:image:width\" content=\"2048\" \/>\n\t<meta property=\"og:image:height\" content=\"2560\" \/>\n\t<meta property=\"og:image:type\" content=\"image\/jpeg\" \/>\n<meta name=\"author\" content=\"Comunicaciones Combarranquilla\" \/>\n<meta name=\"twitter:card\" content=\"summary_large_image\" \/>\n<meta name=\"twitter:label1\" content=\"Escrito por\" \/>\n\t<meta name=\"twitter:data1\" content=\"Comunicaciones Combarranquilla\" \/>\n\t<meta name=\"twitter:label2\" content=\"Tiempo de lectura\" \/>\n\t<meta name=\"twitter:data2\" content=\"1 minuto\" \/>\n<script type=\"application\/ld+json\" class=\"yoast-schema-graph\">{\"@context\":\"https:\\\/\\\/schema.org\",\"@graph\":[{\"@type\":\"Article\",\"@id\":\"https:\\\/\\\/tuguia.combarranquilla.co\\\/Revista\\\/sientes-curiosidad-sobre-los-efectos-climaticos-en-nuestro-planeta-tierra\\\/#article\",\"isPartOf\":{\"@id\":\"https:\\\/\\\/tuguia.combarranquilla.co\\\/Revista\\\/sientes-curiosidad-sobre-los-efectos-climaticos-en-nuestro-planeta-tierra\\\/\"},\"author\":{\"name\":\"Comunicaciones Combarranquilla\",\"@id\":\"https:\\\/\\\/tuguia.combarranquilla.co\\\/Revista\\\/#\\\/schema\\\/person\\\/c2c396a77170bd1d5f8ba73294eb0d10\"},\"headline\":\"\u00bfSientes curiosidad sobre los efectos clim\u00e1ticos en nuestro planeta Tierra?\",\"datePublished\":\"2024-03-01T19:02:00+00:00\",\"dateModified\":\"2024-04-23T19:47:40+00:00\",\"mainEntityOfPage\":{\"@id\":\"https:\\\/\\\/tuguia.combarranquilla.co\\\/Revista\\\/sientes-curiosidad-sobre-los-efectos-climaticos-en-nuestro-planeta-tierra\\\/\"},\"wordCount\":116,\"commentCount\":0,\"publisher\":{\"@id\":\"https:\\\/\\\/tuguia.combarranquilla.co\\\/Revista\\\/#organization\"},\"image\":{\"@id\":\"https:\\\/\\\/tuguia.combarranquilla.co\\\/Revista\\\/sientes-curiosidad-sobre-los-efectos-climaticos-en-nuestro-planeta-tierra\\\/#primaryimage\"},\"thumbnailUrl\":\"https:\\\/\\\/tuguia.combarranquilla.co\\\/Revista\\\/wp-content\\\/uploads\\\/2024\\\/04\\\/conferencia-2-scaled.jpg\",\"articleSection\":[\"CIENCIA Y CULTURA\"],\"inLanguage\":\"es-CO\",\"potentialAction\":[{\"@type\":\"CommentAction\",\"name\":\"Comment\",\"target\":[\"https:\\\/\\\/tuguia.combarranquilla.co\\\/Revista\\\/sientes-curiosidad-sobre-los-efectos-climaticos-en-nuestro-planeta-tierra\\\/#respond\"]}]},{\"@type\":\"WebPage\",\"@id\":\"https:\\\/\\\/tuguia.combarranquilla.co\\\/Revista\\\/sientes-curiosidad-sobre-los-efectos-climaticos-en-nuestro-planeta-tierra\\\/\",\"url\":\"https:\\\/\\\/tuguia.combarranquilla.co\\\/Revista\\\/sientes-curiosidad-sobre-los-efectos-climaticos-en-nuestro-planeta-tierra\\\/\",\"name\":\"\u00bfSientes curiosidad sobre los efectos clim\u00e1ticos en nuestro planeta Tierra? - Tu Gu\u00eda\",\"isPartOf\":{\"@id\":\"https:\\\/\\\/tuguia.combarranquilla.co\\\/Revista\\\/#website\"},\"primaryImageOfPage\":{\"@id\":\"https:\\\/\\\/tuguia.combarranquilla.co\\\/Revista\\\/sientes-curiosidad-sobre-los-efectos-climaticos-en-nuestro-planeta-tierra\\\/#primaryimage\"},\"image\":{\"@id\":\"https:\\\/\\\/tuguia.combarranquilla.co\\\/Revista\\\/sientes-curiosidad-sobre-los-efectos-climaticos-en-nuestro-planeta-tierra\\\/#primaryimage\"},\"thumbnailUrl\":\"https:\\\/\\\/tuguia.combarranquilla.co\\\/Revista\\\/wp-content\\\/uploads\\\/2024\\\/04\\\/conferencia-2-scaled.jpg\",\"datePublished\":\"2024-03-01T19:02:00+00:00\",\"dateModified\":\"2024-04-23T19:47:40+00:00\",\"breadcrumb\":{\"@id\":\"https:\\\/\\\/tuguia.combarranquilla.co\\\/Revista\\\/sientes-curiosidad-sobre-los-efectos-climaticos-en-nuestro-planeta-tierra\\\/#breadcrumb\"},\"inLanguage\":\"es-CO\",\"potentialAction\":[{\"@type\":\"ReadAction\",\"target\":[\"https:\\\/\\\/tuguia.combarranquilla.co\\\/Revista\\\/sientes-curiosidad-sobre-los-efectos-climaticos-en-nuestro-planeta-tierra\\\/\"]}]},{\"@type\":\"ImageObject\",\"inLanguage\":\"es-CO\",\"@id\":\"https:\\\/\\\/tuguia.combarranquilla.co\\\/Revista\\\/sientes-curiosidad-sobre-los-efectos-climaticos-en-nuestro-planeta-tierra\\\/#primaryimage\",\"url\":\"https:\\\/\\\/tuguia.combarranquilla.co\\\/Revista\\\/wp-content\\\/uploads\\\/2024\\\/04\\\/conferencia-2-scaled.jpg\",\"contentUrl\":\"https:\\\/\\\/tuguia.combarranquilla.co\\\/Revista\\\/wp-content\\\/uploads\\\/2024\\\/04\\\/conferencia-2-scaled.jpg\",\"width\":2048,\"height\":2560},{\"@type\":\"BreadcrumbList\",\"@id\":\"https:\\\/\\\/tuguia.combarranquilla.co\\\/Revista\\\/sientes-curiosidad-sobre-los-efectos-climaticos-en-nuestro-planeta-tierra\\\/#breadcrumb\",\"itemListElement\":[{\"@type\":\"ListItem\",\"position\":1,\"name\":\"Inicio\",\"item\":\"https:\\\/\\\/tuguia.combarranquilla.co\\\/Revista\\\/\"},{\"@type\":\"ListItem\",\"position\":2,\"name\":\"\u00bfSientes curiosidad sobre los efectos clim\u00e1ticos en nuestro planeta Tierra?\"}]},{\"@type\":\"WebSite\",\"@id\":\"https:\\\/\\\/tuguia.combarranquilla.co\\\/Revista\\\/#website\",\"url\":\"https:\\\/\\\/tuguia.combarranquilla.co\\\/Revista\\\/\",\"name\":\"Tu Gu\u00eda\",\"description\":\"La revista donde lo tienes todo.\",\"publisher\":{\"@id\":\"https:\\\/\\\/tuguia.combarranquilla.co\\\/Revista\\\/#organization\"},\"alternateName\":\"Tu Gu\u00eda Combarranquilla\",\"potentialAction\":[{\"@type\":\"SearchAction\",\"target\":{\"@type\":\"EntryPoint\",\"urlTemplate\":\"https:\\\/\\\/tuguia.combarranquilla.co\\\/Revista\\\/?s={search_term_string}\"},\"query-input\":{\"@type\":\"PropertyValueSpecification\",\"valueRequired\":true,\"valueName\":\"search_term_string\"}}],\"inLanguage\":\"es-CO\"},{\"@type\":\"Organization\",\"@id\":\"https:\\\/\\\/tuguia.combarranquilla.co\\\/Revista\\\/#organization\",\"name\":\"Tu Gu\u00eda Combarranquilla\",\"url\":\"https:\\\/\\\/tuguia.combarranquilla.co\\\/Revista\\\/\",\"logo\":{\"@type\":\"ImageObject\",\"inLanguage\":\"es-CO\",\"@id\":\"https:\\\/\\\/tuguia.combarranquilla.co\\\/Revista\\\/#\\\/schema\\\/logo\\\/image\\\/\",\"url\":\"https:\\\/\\\/tuguia.combarranquilla.co\\\/Revista\\\/wp-content\\\/uploads\\\/2022\\\/02\\\/logo-guia-combarranquilla.svg\",\"contentUrl\":\"https:\\\/\\\/tuguia.combarranquilla.co\\\/Revista\\\/wp-content\\\/uploads\\\/2022\\\/02\\\/logo-guia-combarranquilla.svg\",\"caption\":\"Tu Gu\u00eda Combarranquilla\"},\"image\":{\"@id\":\"https:\\\/\\\/tuguia.combarranquilla.co\\\/Revista\\\/#\\\/schema\\\/logo\\\/image\\\/\"}},{\"@type\":\"Person\",\"@id\":\"https:\\\/\\\/tuguia.combarranquilla.co\\\/Revista\\\/#\\\/schema\\\/person\\\/c2c396a77170bd1d5f8ba73294eb0d10\",\"name\":\"Comunicaciones Combarranquilla\",\"image\":{\"@type\":\"ImageObject\",\"inLanguage\":\"es-CO\",\"@id\":\"https:\\\/\\\/tuguia.combarranquilla.co\\\/Revista\\\/wp-content\\\/uploads\\\/2025\\\/05\\\/ABC-Al-Rojo-Logo-96x96.jpg\",\"url\":\"https:\\\/\\\/tuguia.combarranquilla.co\\\/Revista\\\/wp-content\\\/uploads\\\/2025\\\/05\\\/ABC-Al-Rojo-Logo-96x96.jpg\",\"contentUrl\":\"https:\\\/\\\/tuguia.combarranquilla.co\\\/Revista\\\/wp-content\\\/uploads\\\/2025\\\/05\\\/ABC-Al-Rojo-Logo-96x96.jpg\",\"caption\":\"Comunicaciones Combarranquilla\"},\"sameAs\":[\"https:\\\/\\\/www.combarranquilla.co\"],\"url\":\"https:\\\/\\\/tuguia.combarranquilla.co\\\/Revista\\\/author\\\/comunicaciones\\\/\"}]}<\/script>\n<!-- \/ Yoast SEO plugin. -->","yoast_head_json":{"title":"\u00bfSientes curiosidad sobre los efectos clim\u00e1ticos en nuestro planeta Tierra? - Tu Gu\u00eda","robots":{"index":"index","follow":"follow","max-snippet":"max-snippet:-1","max-image-preview":"max-image-preview:large","max-video-preview":"max-video-preview:-1"},"canonical":"https:\/\/tuguia.combarranquilla.co\/Revista\/sientes-curiosidad-sobre-los-efectos-climaticos-en-nuestro-planeta-tierra\/","og_locale":"es_ES","og_type":"article","og_title":"\u00bfSientes curiosidad sobre los efectos clim\u00e1ticos en nuestro planeta Tierra? - Tu Gu\u00eda","og_description":"En la conferencia Eventos Extremos \u00bfEfectos del cambio clim\u00e1tico? podr\u00e1s descubrirlo. El pr\u00f3ximo mi\u00e9rcoles, 13 de marzo, Nelson V\u00e1squez , ingeniero ambiental y meteor\u00f3logo aeron\u00e1utico dictar\u00e1 la conferencia en el auditorio del Planetario de Combarranquilla ubicado en la Unidad Boston. La actividad se llevar\u00e1 a cabo a las 6:30 p.m. y es totalmente gratuita. Es [&hellip;]","og_url":"https:\/\/tuguia.combarranquilla.co\/Revista\/sientes-curiosidad-sobre-los-efectos-climaticos-en-nuestro-planeta-tierra\/","og_site_name":"Tu Gu\u00eda","article_published_time":"2024-03-01T19:02:00+00:00","article_modified_time":"2024-04-23T19:47:40+00:00","og_image":[{"width":2048,"height":2560,"url":"https:\/\/tuguia.combarranquilla.co\/Revista\/wp-content\/uploads\/2024\/04\/conferencia-2-scaled.jpg","type":"image\/jpeg"}],"author":"Comunicaciones Combarranquilla","twitter_card":"summary_large_image","twitter_misc":{"Escrito por":"Comunicaciones Combarranquilla","Tiempo de lectura":"1 minuto"},"schema":{"@context":"https:\/\/schema.org","@graph":[{"@type":"Article","@id":"https:\/\/tuguia.combarranquilla.co\/Revista\/sientes-curiosidad-sobre-los-efectos-climaticos-en-nuestro-planeta-tierra\/#article","isPartOf":{"@id":"https:\/\/tuguia.combarranquilla.co\/Revista\/sientes-curiosidad-sobre-los-efectos-climaticos-en-nuestro-planeta-tierra\/"},"author":{"name":"Comunicaciones Combarranquilla","@id":"https:\/\/tuguia.combarranquilla.co\/Revista\/#\/schema\/person\/c2c396a77170bd1d5f8ba73294eb0d10"},"headline":"\u00bfSientes curiosidad sobre los efectos clim\u00e1ticos en nuestro planeta Tierra?","datePublished":"2024-03-01T19:02:00+00:00","dateModified":"2024-04-23T19:47:40+00:00","mainEntityOfPage":{"@id":"https:\/\/tuguia.combarranquilla.co\/Revista\/sientes-curiosidad-sobre-los-efectos-climaticos-en-nuestro-planeta-tierra\/"},"wordCount":116,"commentCount":0,"publisher":{"@id":"https:\/\/tuguia.combarranquilla.co\/Revista\/#organization"},"image":{"@id":"https:\/\/tuguia.combarranquilla.co\/Revista\/sientes-curiosidad-sobre-los-efectos-climaticos-en-nuestro-planeta-tierra\/#primaryimage"},"thumbnailUrl":"https:\/\/tuguia.combarranquilla.co\/Revista\/wp-content\/uploads\/2024\/04\/conferencia-2-scaled.jpg","articleSection":["CIENCIA Y CULTURA"],"inLanguage":"es-CO","potentialAction":[{"@type":"CommentAction","name":"Comment","target":["https:\/\/tuguia.combarranquilla.co\/Revista\/sientes-curiosidad-sobre-los-efectos-climaticos-en-nuestro-planeta-tierra\/#respond"]}]},{"@type":"WebPage","@id":"https:\/\/tuguia.combarranquilla.co\/Revista\/sientes-curiosidad-sobre-los-efectos-climaticos-en-nuestro-planeta-tierra\/","url":"https:\/\/tuguia.combarranquilla.co\/Revista\/sientes-curiosidad-sobre-los-efectos-climaticos-en-nuestro-planeta-tierra\/","name":"\u00bfSientes curiosidad sobre los efectos clim\u00e1ticos en nuestro planeta Tierra? - Tu Gu\u00eda","isPartOf":{"@id":"https:\/\/tuguia.combarranquilla.co\/Revista\/#website"},"primaryImageOfPage":{"@id":"https:\/\/tuguia.combarranquilla.co\/Revista\/sientes-curiosidad-sobre-los-efectos-climaticos-en-nuestro-planeta-tierra\/#primaryimage"},"image":{"@id":"https:\/\/tuguia.combarranquilla.co\/Revista\/sientes-curiosidad-sobre-los-efectos-climaticos-en-nuestro-planeta-tierra\/#primaryimage"},"thumbnailUrl":"https:\/\/tuguia.combarranquilla.co\/Revista\/wp-content\/uploads\/2024\/04\/conferencia-2-scaled.jpg","datePublished":"2024-03-01T19:02:00+00:00","dateModified":"2024-04-23T19:47:40+00:00","breadcrumb":{"@id":"https:\/\/tuguia.combarranquilla.co\/Revista\/sientes-curiosidad-sobre-los-efectos-climaticos-en-nuestro-planeta-tierra\/#breadcrumb"},"inLanguage":"es-CO","potentialAction":[{"@type":"ReadAction","target":["https:\/\/tuguia.combarranquilla.co\/Revista\/sientes-curiosidad-sobre-los-efectos-climaticos-en-nuestro-planeta-tierra\/"]}]},{"@type":"ImageObject","inLanguage":"es-CO","@id":"https:\/\/tuguia.combarranquilla.co\/Revista\/sientes-curiosidad-sobre-los-efectos-climaticos-en-nuestro-planeta-tierra\/#primaryimage","url":"https:\/\/tuguia.combarranquilla.co\/Revista\/wp-content\/uploads\/2024\/04\/conferencia-2-scaled.jpg","contentUrl":"https:\/\/tuguia.combarranquilla.co\/Revista\/wp-content\/uploads\/2024\/04\/conferencia-2-scaled.jpg","width":2048,"height":2560},{"@type":"BreadcrumbList","@id":"https:\/\/tuguia.combarranquilla.co\/Revista\/sientes-curiosidad-sobre-los-efectos-climaticos-en-nuestro-planeta-tierra\/#breadcrumb","itemListElement":[{"@type":"ListItem","position":1,"name":"Inicio","item":"https:\/\/tuguia.combarranquilla.co\/Revista\/"},{"@type":"ListItem","position":2,"name":"\u00bfSientes curiosidad sobre los efectos clim\u00e1ticos en nuestro planeta Tierra?"}]},{"@type":"WebSite","@id":"https:\/\/tuguia.combarranquilla.co\/Revista\/#website","url":"https:\/\/tuguia.combarranquilla.co\/Revista\/","name":"Tu Gu\u00eda","description":"La revista donde lo tienes todo.","publisher":{"@id":"https:\/\/tuguia.combarranquilla.co\/Revista\/#organization"},"alternateName":"Tu Gu\u00eda Combarranquilla","potentialAction":[{"@type":"SearchAction","target":{"@type":"EntryPoint","urlTemplate":"https:\/\/tuguia.combarranquilla.co\/Revista\/?s={search_term_string}"},"query-input":{"@type":"PropertyValueSpecification","valueRequired":true,"valueName":"search_term_string"}}],"inLanguage":"es-CO"},{"@type":"Organization","@id":"https:\/\/tuguia.combarranquilla.co\/Revista\/#organization","name":"Tu Gu\u00eda Combarranquilla","url":"https:\/\/tuguia.combarranquilla.co\/Revista\/","logo":{"@type":"ImageObject","inLanguage":"es-CO","@id":"https:\/\/tuguia.combarranquilla.co\/Revista\/#\/schema\/logo\/image\/","url":"https:\/\/tuguia.combarranquilla.co\/Revista\/wp-content\/uploads\/2022\/02\/logo-guia-combarranquilla.svg","contentUrl":"https:\/\/tuguia.combarranquilla.co\/Revista\/wp-content\/uploads\/2022\/02\/logo-guia-combarranquilla.svg","caption":"Tu Gu\u00eda Combarranquilla"},"image":{"@id":"https:\/\/tuguia.combarranquilla.co\/Revista\/#\/schema\/logo\/image\/"}},{"@type":"Person","@id":"https:\/\/tuguia.combarranquilla.co\/Revista\/#\/schema\/person\/c2c396a77170bd1d5f8ba73294eb0d10","name":"Comunicaciones Combarranquilla","image":{"@type":"ImageObject","inLanguage":"es-CO","@id":"https:\/\/tuguia.combarranquilla.co\/Revista\/wp-content\/uploads\/2025\/05\/ABC-Al-Rojo-Logo-96x96.jpg","url":"https:\/\/tuguia.combarranquilla.co\/Revista\/wp-content\/uploads\/2025\/05\/ABC-Al-Rojo-Logo-96x96.jpg","contentUrl":"https:\/\/tuguia.combarranquilla.co\/Revista\/wp-content\/uploads\/2025\/05\/ABC-Al-Rojo-Logo-96x96.jpg","caption":"Comunicaciones Combarranquilla"},"sameAs":["https:\/\/www.combarranquilla.co"],"url":"https:\/\/tuguia.combarranquilla.co\/Revista\/author\/comunicaciones\/"}]}},"_links":{"self":[{"href":"https:\/\/tuguia.combarranquilla.co\/Revista\/wp-json\/wp\/v2\/posts\/4077","targetHints":{"allow":["GET"]}}],"collection":[{"href":"https:\/\/tuguia.combarranquilla.co\/Revista\/wp-json\/wp\/v2\/posts"}],"about":[{"href":"https:\/\/tuguia.combarranquilla.co\/Revista\/wp-json\/wp\/v2\/types\/post"}],"author":[{"embeddable":true,"href":"https:\/\/tuguia.combarranquilla.co\/Revista\/wp-json\/wp\/v2\/users\/2"}],"replies":[{"embeddable":true,"href":"https:\/\/tuguia.combarranquilla.co\/Revista\/wp-json\/wp\/v2\/comments?post=4077"}],"version-history":[{"count":2,"href":"https:\/\/tuguia.combarranquilla.co\/Revista\/wp-json\/wp\/v2\/posts\/4077\/revisions"}],"predecessor-version":[{"id":4081,"href":"https:\/\/tuguia.combarranquilla.co\/Revista\/wp-json\/wp\/v2\/posts\/4077\/revisions\/4081"}],"wp:featuredmedia":[{"embeddable":true,"href":"https:\/\/tuguia.combarranquilla.co\/Revista\/wp-json\/wp\/v2\/media\/4078"}],"wp:attachment":[{"href":"https:\/\/tuguia.combarranquilla.co\/Revista\/wp-json\/wp\/v2\/media?parent=4077"}],"wp:term":[{"taxonomy":"category","embeddable":true,"href":"https:\/\/tuguia.combarranquilla.co\/Revista\/wp-json\/wp\/v2\/categories?post=4077"},{"taxonomy":"post_tag","embeddable":true,"href":"https:\/\/tuguia.combarranquilla.co\/Revista\/wp-json\/wp\/v2\/tags?post=4077"}],"curies":[{"name":"wp","href":"https:\/\/api.w.org\/{rel}","templated":true}]}}