{"id":4121,"date":"2024-04-30T16:59:00","date_gmt":"2024-04-30T21:59:00","guid":{"rendered":"https:\/\/tuguia.combarranquilla.co\/Revista\/?p=4121"},"modified":"2024-05-07T15:48:04","modified_gmt":"2024-05-07T20:48:04","slug":"combarranquilla-presento-los-resultados-de-gestion-durante-el-ano-2023","status":"publish","type":"post","link":"https:\/\/tuguia.combarranquilla.co\/Revista\/combarranquilla-presento-los-resultados-de-gestion-durante-el-ano-2023\/","title":{"rendered":"Combarranquilla present\u00f3 los resultados de gesti\u00f3n durante el a\u00f1o 2023"},"content":{"rendered":"\n<p class=\"has-medium-font-size\">Cada a\u00f1o, la Caja de Compensaci\u00f3n Familiar de Barranquilla <strong>Combarranquilla y su Consejo Directivo,<\/strong> convocan a la Asamblea General Ordinaria de Afiliados. Este a\u00f1o se realiz\u00f3 el pasado lunes 29 de abril a las 5:00 p.m. en el Centro de Convenciones de la Unidad Country.<\/p>\n\n\n\n<p class=\"has-medium-font-size\">En el evento participaron los Afiliados que cumplen con el art\u00edculo 21 de los estatutos, el cual indica que, solo participan aquellos que se encuentren a paz y salvo con la corporaci\u00f3n, por lo menos 48 horas antes de dar inicio a la jornada.<\/p>\n\n\n\n<p class=\"has-medium-font-size\">El orden del d\u00eda fue:<\/p>\n\n\n\n<ol class=\"wp-block-list\">\n<li class=\"has-medium-font-size\">Verificaci\u00f3n del qu\u00f3rum.<\/li>\n\n\n\n<li class=\"has-medium-font-size\">Lectura y aprobaci\u00f3n del orden del d\u00eda<\/li>\n\n\n\n<li class=\"has-medium-font-size\">Informe de la comisi\u00f3n designada para aprobaci\u00f3n del acta anterior.<\/li>\n\n\n\n<li class=\"has-medium-font-size\">Designaci\u00f3n de la comisi\u00f3n para aprobar el acta de la Asamblea.<\/li>\n\n\n\n<li class=\"has-medium-font-size\">Informe del consejo Directivo y del Director.<\/li>\n\n\n\n<li class=\"has-medium-font-size\">Informe del Revisor Fiscal.<\/li>\n\n\n\n<li class=\"has-medium-font-size\">Consideraci\u00f3n del Balance General y de los Estados Financieros del ejercicio 2023.<\/li>\n\n\n\n<li class=\"has-medium-font-size\">Fijaci\u00f3n del monto hasta el cual puede contratar el Director sin autorizaci\u00f3n del Consejo Directivo.<\/li>\n\n\n\n<li class=\"has-medium-font-size\">Proposiciones.<\/li>\n<\/ol>\n\n\n\n<figure class=\"wp-block-gallery alignwide has-nested-images columns-default is-cropped wp-block-gallery-1 is-layout-flex wp-block-gallery-is-layout-flex\">\n<figure class=\"wp-block-image size-large\"><img decoding=\"async\" width=\"1024\" height=\"683\" data-id=\"4150\" data-src=\"https:\/\/tuguia.combarranquilla.co\/Revista\/wp-content\/uploads\/2024\/04\/WhatsApp-Image-2024-04-30-at-10.24.33-AM-5-1-1024x683.jpeg\" alt=\"\" class=\"wp-image-4150 lazyload\" data-srcset=\"https:\/\/tuguia.combarranquilla.co\/Revista\/wp-content\/uploads\/2024\/04\/WhatsApp-Image-2024-04-30-at-10.24.33-AM-5-1-1024x683.jpeg 1024w, https:\/\/tuguia.combarranquilla.co\/Revista\/wp-content\/uploads\/2024\/04\/WhatsApp-Image-2024-04-30-at-10.24.33-AM-5-1-300x200.jpeg 300w, https:\/\/tuguia.combarranquilla.co\/Revista\/wp-content\/uploads\/2024\/04\/WhatsApp-Image-2024-04-30-at-10.24.33-AM-5-1-768x512.jpeg 768w, https:\/\/tuguia.combarranquilla.co\/Revista\/wp-content\/uploads\/2024\/04\/WhatsApp-Image-2024-04-30-at-10.24.33-AM-5-1-1536x1024.jpeg 1536w, https:\/\/tuguia.combarranquilla.co\/Revista\/wp-content\/uploads\/2024\/04\/WhatsApp-Image-2024-04-30-at-10.24.33-AM-5-1-2048x1366.jpeg 2048w\" data-sizes=\"(max-width: 1024px) 100vw, 1024px\" src=\"data:image\/svg+xml;base64,PHN2ZyB3aWR0aD0iMSIgaGVpZ2h0PSIxIiB4bWxucz0iaHR0cDovL3d3dy53My5vcmcvMjAwMC9zdmciPjwvc3ZnPg==\" style=\"--smush-placeholder-width: 1024px; --smush-placeholder-aspect-ratio: 1024\/683;\" \/><\/figure>\n\n\n\n<figure class=\"wp-block-image size-large\"><img decoding=\"async\" width=\"1024\" height=\"682\" data-id=\"4151\" data-src=\"https:\/\/tuguia.combarranquilla.co\/Revista\/wp-content\/uploads\/2024\/04\/WhatsApp-Image-2024-04-30-at-10.24.33-AM-3-1-1024x682.jpeg\" alt=\"\" class=\"wp-image-4151 lazyload\" data-srcset=\"https:\/\/tuguia.combarranquilla.co\/Revista\/wp-content\/uploads\/2024\/04\/WhatsApp-Image-2024-04-30-at-10.24.33-AM-3-1-1024x682.jpeg 1024w, https:\/\/tuguia.combarranquilla.co\/Revista\/wp-content\/uploads\/2024\/04\/WhatsApp-Image-2024-04-30-at-10.24.33-AM-3-1-300x200.jpeg 300w, https:\/\/tuguia.combarranquilla.co\/Revista\/wp-content\/uploads\/2024\/04\/WhatsApp-Image-2024-04-30-at-10.24.33-AM-3-1-768x512.jpeg 768w, https:\/\/tuguia.combarranquilla.co\/Revista\/wp-content\/uploads\/2024\/04\/WhatsApp-Image-2024-04-30-at-10.24.33-AM-3-1-1536x1023.jpeg 1536w, https:\/\/tuguia.combarranquilla.co\/Revista\/wp-content\/uploads\/2024\/04\/WhatsApp-Image-2024-04-30-at-10.24.33-AM-3-1.jpeg 1600w\" data-sizes=\"(max-width: 1024px) 100vw, 1024px\" src=\"data:image\/svg+xml;base64,PHN2ZyB3aWR0aD0iMSIgaGVpZ2h0PSIxIiB4bWxucz0iaHR0cDovL3d3dy53My5vcmcvMjAwMC9zdmciPjwvc3ZnPg==\" style=\"--smush-placeholder-width: 1024px; --smush-placeholder-aspect-ratio: 1024\/682;\" \/><\/figure>\n<\/figure>\n\n\n\n<p><\/p>\n\n\n\n<p class=\"has-medium-font-size\">En la mesa principal estuvo conformada por el Sr. Aquiles Mercado, presidente del Consejo Directivo, Ernesto Herrera D\u00edaz Granados Director de Combarranquilla, Ricardo Heilbron Haase presidente del Comit\u00e9 de Auditoria del Consejo Directivo, Adolfo Santiago Conde Revisor Fiscal y Jaime Tello Asesor Jur\u00eddico.<\/p>\n\n\n\n<p class=\"has-medium-font-size\">En el desarrollo de la Asamblea, el Consejo Directivo y el Director, presentaron el informe de la gesti\u00f3n adelantada por la Caja durante el a\u00f1o 2023 y estos fueron los resultados.<\/p>\n\n\n\n<h2 class=\"wp-block-heading\">Conoce los resultados<\/h2>\n\n\n\n<h2 class=\"wp-block-heading\">Situaci\u00f3n Financiera<\/h2>\n\n\n\n<ul class=\"wp-block-list\">\n<li class=\"has-medium-font-size\">Combarranquilla obtuvo ingresos totales por valor de <strong>$225.616,9<\/strong> millones, con un incremento del <strong>19,6%<\/strong> respecto al 2022 y un cumplimiento presupuestal del <strong>99,9%. <\/strong><\/li>\n\n\n\n<li class=\"has-medium-font-size\">Se cerr\u00f3 el a\u00f1o con<strong> 12.373<\/strong> empleadores afiliados, <strong>175.109 <\/strong>trabajadores y <strong>201. 866 <\/strong>personas a cargo, logrando una poblaci\u00f3n total de<strong> 376.975<\/strong> personas. <\/li>\n\n\n\n<li class=\"has-medium-font-size\">La eficiencia operativa se reflej\u00f3 en un adecuado control de los egresos, que ascendieron a <strong>$201.939,6 millones <\/strong>con un cumplimiento presupuestal del <strong>100,5% <\/strong>y un incremento del <strong>19,4% <\/strong>con respecto al a\u00f1o anterior.<\/li>\n\n\n\n<li class=\"has-medium-font-size\">El aumento de los activos llegaron a <strong>$318.249,9 millones <\/strong>con una variaci\u00f3n del <strong>20,9%, <\/strong>pasivos por valor de <strong>$108.711,9 millones, <\/strong>patrimonio de <strong>$209.538,0 millones <\/strong>y capital de trabajo de <strong>$63.748,0 millones.<\/strong><\/li>\n<\/ul>\n\n\n\n<h2 class=\"wp-block-heading\">Impacto Social <\/h2>\n\n\n\n<ul class=\"wp-block-list\">\n<li class=\"has-medium-font-size\">Apoyamos a los trabajadores afiliados y sus familias con el pago de <strong>1.546.543 cuotas de subsidio en dinero <\/strong>por valor de <strong>$62.324,8 millones<\/strong>.<\/li>\n\n\n\n<li class=\"has-medium-font-size\">Facilitamos el acceso a viviendas dignas destinando <strong>$4.882,5 millones <\/strong>para la asignaci\u00f3n de <strong>144 subsidios de vivienda<\/strong>.<\/li>\n\n\n\n<li class=\"has-medium-font-size\">En educaci\u00f3n invertimos un valor total de <strong>$20.022,3 millones <\/strong>en <strong>60.077 subsidios <\/strong>educativos, <strong>88 <\/strong>computadores port\u00e1tiles como premio a la excelencia acad\u00e9mica de bachilleres destacados, <strong>472 becas <\/strong>en programas para el trabajo y desarrollo humano en el Centro de Formaci\u00f3n Combarranquilla y en la ejecuci\u00f3n del programa Beca Progreso, que otorga anualmente <strong>8 becas del 100% y 10 del 50% <\/strong>para estudios de pregrado en la Universidad del Norte.<\/li>\n\n\n\n<li class=\"has-medium-font-size\">Tuvimos <strong>945.931 usos <\/strong>en los servicios de recreaci\u00f3n, educaci\u00f3n, capacitaci\u00f3n, cr\u00e9dito, deportes, bibliotecas, cultura y ciencia, prestados a trav\u00e9s de nuestra infraestructura, con un subsidio de <strong>$34.384,2 millones<\/strong>.<\/li>\n\n\n\n<li class=\"has-medium-font-size\">A trav\u00e9s del Mecanismo de Protecci\u00f3n al Cesante reincorporamos al mercado laboral a <strong>4.812 personas, <\/strong>capacitamos a <strong>7.561 <\/strong>y entregamos <strong>11.064 beneficios econ\u00f3micos <\/strong>a la poblaci\u00f3n cesante por valor de <strong>$13.782 millones.<\/strong><\/li>\n\n\n\n<li class=\"has-medium-font-size\">Realizamos mejoras al programa de cr\u00e9ditos para facilitar a\u00fan m\u00e1s el acceso de los afiliados a este servicio, ampliando su cobertura en un <strong>19,5%<\/strong>, otorgando <strong>62.303 cr\u00e9ditos <\/strong>por un valor total de <strong>$87.889,5 millones, <\/strong>que represent\u00f3 un incremento del <strong>61%<\/strong><\/li>\n\n\n\n<li class=\"has-medium-font-size\">En cumplimiento a las normas establecidas, realizamos transferencias por <strong>$41.303,9 millones <\/strong>a los fondos de ley, que corresponden al <strong>22,8%<\/strong> de los aportes recaudados, para el desarrollo de programas sociales. <\/li>\n<\/ul>\n\n\n\n<h2 class=\"wp-block-heading\">Inversiones 2023<\/h2>\n\n\n\n<ul class=\"wp-block-list\">\n<li class=\"has-medium-font-size\">Finalizaci\u00f3n de las obras de modernizaci\u00f3n y ampliaci\u00f3n del Kiosco 2.<\/li>\n\n\n\n<li class=\"has-medium-font-size\">Modernizaci\u00f3n y ampliaci\u00f3n de la Terraza Tropical.<\/li>\n\n\n\n<li class=\"has-medium-font-size\">Modernizaci\u00f3n y adecuaci\u00f3n de los ba\u00f1os del Centro Recreacional Solinilla.<\/li>\n\n\n\n<li class=\"has-medium-font-size\">Cambio de cubiertas \u00e1rea de capacitaci\u00f3n y centro de convenciones, y rehabilitaci\u00f3n del edificio de parqueaderos de la Unidad Boston.<\/li>\n\n\n\n<li class=\"has-medium-font-size\">Capitalizaci\u00f3n de Asopagos S.A.<\/li>\n\n\n\n<li class=\"has-medium-font-size\">Dotaci\u00f3n de servicios en funcionamiento.<\/li>\n<\/ul>\n\n\n\n<p class=\"has-medium-font-size\">Tambi\u00e9n el Revisor Fiscal present\u00f3 su informe, an\u00e1lisis y aprobaci\u00f3n de la gesti\u00f3n adelantada por la Caja de Compensaci\u00f3n Familiar de Barranquilla<strong> Combarranquilla<\/strong> durante el a\u00f1o 2023. <\/p>\n\n\n\n<p class=\"has-medium-font-size\">Los Afiliados que asistieron aprobaron el plan de inversiones que se estar\u00e1 ejecutando durante el a\u00f1o en curso. <\/p>\n\n\n\n<h2 class=\"wp-block-heading\">Inversiones 2024<\/h2>\n\n\n\n<ul class=\"wp-block-list\">\n<li class=\"has-medium-font-size\">Ampliaci\u00f3n del sistema el\u00e9ctrico y estabilizaci\u00f3n de la ladera del Centro Recreacional Solinilla.<\/li>\n\n\n\n<li class=\"has-medium-font-size\">Cambio de cubiertas \u00e1rea de recreaci\u00f3n, planetario, cinemateca y lobby de la Unidad Boston.<\/li>\n\n\n\n<li class=\"has-medium-font-size\">Mejoras de infraestructura para la atenci\u00f3n de personas en condici\u00f3n de discapacidad y salas de lactancia materna. <\/li>\n\n\n\n<li class=\"has-medium-font-size\">Modernizaci\u00f3n del restaurante y bar de la Unidad Country.<\/li>\n\n\n\n<li class=\"has-medium-font-size\">Dotaci\u00f3n de servicios en funcionamiento.  <\/li>\n<\/ul>\n\n\n\n<figure class=\"wp-block-gallery alignwide has-nested-images columns-default is-cropped wp-block-gallery-2 is-layout-flex wp-block-gallery-is-layout-flex\">\n<figure class=\"wp-block-image size-large\"><img decoding=\"async\" width=\"1024\" height=\"683\" data-id=\"4152\" data-src=\"https:\/\/tuguia.combarranquilla.co\/Revista\/wp-content\/uploads\/2024\/04\/WhatsApp-Image-2024-04-30-at-10.24.34-AM-1024x683.jpeg\" alt=\"\" class=\"wp-image-4152 lazyload\" data-srcset=\"https:\/\/tuguia.combarranquilla.co\/Revista\/wp-content\/uploads\/2024\/04\/WhatsApp-Image-2024-04-30-at-10.24.34-AM-1024x683.jpeg 1024w, https:\/\/tuguia.combarranquilla.co\/Revista\/wp-content\/uploads\/2024\/04\/WhatsApp-Image-2024-04-30-at-10.24.34-AM-300x200.jpeg 300w, https:\/\/tuguia.combarranquilla.co\/Revista\/wp-content\/uploads\/2024\/04\/WhatsApp-Image-2024-04-30-at-10.24.34-AM-768x512.jpeg 768w, https:\/\/tuguia.combarranquilla.co\/Revista\/wp-content\/uploads\/2024\/04\/WhatsApp-Image-2024-04-30-at-10.24.34-AM-1536x1024.jpeg 1536w, https:\/\/tuguia.combarranquilla.co\/Revista\/wp-content\/uploads\/2024\/04\/WhatsApp-Image-2024-04-30-at-10.24.34-AM-2048x1366.jpeg 2048w\" data-sizes=\"(max-width: 1024px) 100vw, 1024px\" src=\"data:image\/svg+xml;base64,PHN2ZyB3aWR0aD0iMSIgaGVpZ2h0PSIxIiB4bWxucz0iaHR0cDovL3d3dy53My5vcmcvMjAwMC9zdmciPjwvc3ZnPg==\" style=\"--smush-placeholder-width: 1024px; --smush-placeholder-aspect-ratio: 1024\/683;\" \/><\/figure>\n\n\n\n<figure class=\"wp-block-image size-large\"><img decoding=\"async\" width=\"1024\" height=\"682\" data-id=\"4153\" data-src=\"https:\/\/tuguia.combarranquilla.co\/Revista\/wp-content\/uploads\/2024\/04\/WhatsApp-Image-2024-04-30-at-10.24.33-AM-6-1024x682.jpeg\" alt=\"\" class=\"wp-image-4153 lazyload\" data-srcset=\"https:\/\/tuguia.combarranquilla.co\/Revista\/wp-content\/uploads\/2024\/04\/WhatsApp-Image-2024-04-30-at-10.24.33-AM-6-1024x682.jpeg 1024w, https:\/\/tuguia.combarranquilla.co\/Revista\/wp-content\/uploads\/2024\/04\/WhatsApp-Image-2024-04-30-at-10.24.33-AM-6-300x200.jpeg 300w, https:\/\/tuguia.combarranquilla.co\/Revista\/wp-content\/uploads\/2024\/04\/WhatsApp-Image-2024-04-30-at-10.24.33-AM-6-768x512.jpeg 768w, https:\/\/tuguia.combarranquilla.co\/Revista\/wp-content\/uploads\/2024\/04\/WhatsApp-Image-2024-04-30-at-10.24.33-AM-6-1536x1023.jpeg 1536w, https:\/\/tuguia.combarranquilla.co\/Revista\/wp-content\/uploads\/2024\/04\/WhatsApp-Image-2024-04-30-at-10.24.33-AM-6.jpeg 1600w\" data-sizes=\"(max-width: 1024px) 100vw, 1024px\" src=\"data:image\/svg+xml;base64,PHN2ZyB3aWR0aD0iMSIgaGVpZ2h0PSIxIiB4bWxucz0iaHR0cDovL3d3dy53My5vcmcvMjAwMC9zdmciPjwvc3ZnPg==\" style=\"--smush-placeholder-width: 1024px; --smush-placeholder-aspect-ratio: 1024\/682;\" \/><\/figure>\n<\/figure>\n\n\n\n<p><\/p>\n\n\n\n<p class=\"has-text-align-left has-medium-font-size\">A Combarranquilla le satisface que hagas parte de la poblaci\u00f3n de afiliados. D\u00eda a d\u00eda trabajamos arduamente para ofrecerte servicios de alta calidad y transformar tu vida.<\/p>\n\n\n\n<p><\/p>\n","protected":false},"excerpt":{"rendered":"<p>Cada a\u00f1o, la Caja de Compensaci\u00f3n Familiar de Barranquilla Combarranquilla y su Consejo Directivo, convocan a la Asamblea General Ordinaria de Afiliados. Este a\u00f1o se realiz\u00f3 el pasado lunes 29 de abril a las 5:00 p.m. en el Centro de Convenciones de la Unidad Country. En el evento participaron los Afiliados que cumplen con el [&hellip;]<\/p>\n","protected":false},"author":2,"featured_media":4143,"comment_status":"open","ping_status":"open","sticky":false,"template":"","format":"standard","meta":{"inline_featured_image":false,"footnotes":""},"categories":[7],"tags":[],"class_list":["post-4121","post","type-post","status-publish","format-standard","has-post-thumbnail","hentry","category-familia-combarranquilla"],"yoast_head":"<!-- This site is optimized with the Yoast SEO plugin v27.4 - https:\/\/yoast.com\/product\/yoast-seo-wordpress\/ -->\n<title>Combarranquilla present\u00f3 los resultados de gesti\u00f3n durante el a\u00f1o 2023 - Tu Gu\u00eda<\/title>\n<meta name=\"robots\" content=\"index, follow, max-snippet:-1, max-image-preview:large, max-video-preview:-1\" \/>\n<link rel=\"canonical\" href=\"https:\/\/tuguia.combarranquilla.co\/Revista\/combarranquilla-presento-los-resultados-de-gestion-durante-el-ano-2023\/\" \/>\n<meta property=\"og:locale\" content=\"es_ES\" \/>\n<meta property=\"og:type\" content=\"article\" \/>\n<meta property=\"og:title\" content=\"Combarranquilla present\u00f3 los resultados de gesti\u00f3n durante el a\u00f1o 2023 - Tu Gu\u00eda\" \/>\n<meta property=\"og:description\" content=\"Cada a\u00f1o, la Caja de Compensaci\u00f3n Familiar de Barranquilla Combarranquilla y su Consejo Directivo, convocan a la Asamblea General Ordinaria de Afiliados. Este a\u00f1o se realiz\u00f3 el pasado lunes 29 de abril a las 5:00 p.m. en el Centro de Convenciones de la Unidad Country. En el evento participaron los Afiliados que cumplen con el [&hellip;]\" \/>\n<meta property=\"og:url\" content=\"https:\/\/tuguia.combarranquilla.co\/Revista\/combarranquilla-presento-los-resultados-de-gestion-durante-el-ano-2023\/\" \/>\n<meta property=\"og:site_name\" content=\"Tu Gu\u00eda\" \/>\n<meta property=\"article:published_time\" content=\"2024-04-30T21:59:00+00:00\" \/>\n<meta property=\"article:modified_time\" content=\"2024-05-07T20:48:04+00:00\" \/>\n<meta property=\"og:image\" content=\"https:\/\/tuguia.combarranquilla.co\/Revista\/wp-content\/uploads\/2024\/04\/WhatsApp-Image-2024-04-30-at-10.24.33-AM-4-scaled.jpeg\" \/>\n\t<meta property=\"og:image:width\" content=\"2560\" \/>\n\t<meta property=\"og:image:height\" content=\"1707\" \/>\n\t<meta property=\"og:image:type\" content=\"image\/jpeg\" \/>\n<meta name=\"author\" content=\"Comunicaciones Combarranquilla\" \/>\n<meta name=\"twitter:card\" content=\"summary_large_image\" \/>\n<meta name=\"twitter:label1\" content=\"Escrito por\" \/>\n\t<meta name=\"twitter:data1\" content=\"Comunicaciones Combarranquilla\" \/>\n\t<meta name=\"twitter:label2\" content=\"Tiempo de lectura\" \/>\n\t<meta name=\"twitter:data2\" content=\"4 minutos\" \/>\n<script type=\"application\/ld+json\" class=\"yoast-schema-graph\">{\"@context\":\"https:\\\/\\\/schema.org\",\"@graph\":[{\"@type\":\"Article\",\"@id\":\"https:\\\/\\\/tuguia.combarranquilla.co\\\/Revista\\\/combarranquilla-presento-los-resultados-de-gestion-durante-el-ano-2023\\\/#article\",\"isPartOf\":{\"@id\":\"https:\\\/\\\/tuguia.combarranquilla.co\\\/Revista\\\/combarranquilla-presento-los-resultados-de-gestion-durante-el-ano-2023\\\/\"},\"author\":{\"name\":\"Comunicaciones Combarranquilla\",\"@id\":\"https:\\\/\\\/tuguia.combarranquilla.co\\\/Revista\\\/#\\\/schema\\\/person\\\/c2c396a77170bd1d5f8ba73294eb0d10\"},\"headline\":\"Combarranquilla present\u00f3 los resultados de gesti\u00f3n durante el a\u00f1o 2023\",\"datePublished\":\"2024-04-30T21:59:00+00:00\",\"dateModified\":\"2024-05-07T20:48:04+00:00\",\"mainEntityOfPage\":{\"@id\":\"https:\\\/\\\/tuguia.combarranquilla.co\\\/Revista\\\/combarranquilla-presento-los-resultados-de-gestion-durante-el-ano-2023\\\/\"},\"wordCount\":822,\"commentCount\":0,\"publisher\":{\"@id\":\"https:\\\/\\\/tuguia.combarranquilla.co\\\/Revista\\\/#organization\"},\"image\":{\"@id\":\"https:\\\/\\\/tuguia.combarranquilla.co\\\/Revista\\\/combarranquilla-presento-los-resultados-de-gestion-durante-el-ano-2023\\\/#primaryimage\"},\"thumbnailUrl\":\"https:\\\/\\\/tuguia.combarranquilla.co\\\/Revista\\\/wp-content\\\/uploads\\\/2024\\\/04\\\/WhatsApp-Image-2024-04-30-at-10.24.33-AM-4-scaled.jpeg\",\"articleSection\":[\"FAMILIA COMBARRANQUILLA\"],\"inLanguage\":\"es-CO\",\"potentialAction\":[{\"@type\":\"CommentAction\",\"name\":\"Comment\",\"target\":[\"https:\\\/\\\/tuguia.combarranquilla.co\\\/Revista\\\/combarranquilla-presento-los-resultados-de-gestion-durante-el-ano-2023\\\/#respond\"]}]},{\"@type\":\"WebPage\",\"@id\":\"https:\\\/\\\/tuguia.combarranquilla.co\\\/Revista\\\/combarranquilla-presento-los-resultados-de-gestion-durante-el-ano-2023\\\/\",\"url\":\"https:\\\/\\\/tuguia.combarranquilla.co\\\/Revista\\\/combarranquilla-presento-los-resultados-de-gestion-durante-el-ano-2023\\\/\",\"name\":\"Combarranquilla present\u00f3 los resultados de gesti\u00f3n durante el a\u00f1o 2023 - Tu Gu\u00eda\",\"isPartOf\":{\"@id\":\"https:\\\/\\\/tuguia.combarranquilla.co\\\/Revista\\\/#website\"},\"primaryImageOfPage\":{\"@id\":\"https:\\\/\\\/tuguia.combarranquilla.co\\\/Revista\\\/combarranquilla-presento-los-resultados-de-gestion-durante-el-ano-2023\\\/#primaryimage\"},\"image\":{\"@id\":\"https:\\\/\\\/tuguia.combarranquilla.co\\\/Revista\\\/combarranquilla-presento-los-resultados-de-gestion-durante-el-ano-2023\\\/#primaryimage\"},\"thumbnailUrl\":\"https:\\\/\\\/tuguia.combarranquilla.co\\\/Revista\\\/wp-content\\\/uploads\\\/2024\\\/04\\\/WhatsApp-Image-2024-04-30-at-10.24.33-AM-4-scaled.jpeg\",\"datePublished\":\"2024-04-30T21:59:00+00:00\",\"dateModified\":\"2024-05-07T20:48:04+00:00\",\"breadcrumb\":{\"@id\":\"https:\\\/\\\/tuguia.combarranquilla.co\\\/Revista\\\/combarranquilla-presento-los-resultados-de-gestion-durante-el-ano-2023\\\/#breadcrumb\"},\"inLanguage\":\"es-CO\",\"potentialAction\":[{\"@type\":\"ReadAction\",\"target\":[\"https:\\\/\\\/tuguia.combarranquilla.co\\\/Revista\\\/combarranquilla-presento-los-resultados-de-gestion-durante-el-ano-2023\\\/\"]}]},{\"@type\":\"ImageObject\",\"inLanguage\":\"es-CO\",\"@id\":\"https:\\\/\\\/tuguia.combarranquilla.co\\\/Revista\\\/combarranquilla-presento-los-resultados-de-gestion-durante-el-ano-2023\\\/#primaryimage\",\"url\":\"https:\\\/\\\/tuguia.combarranquilla.co\\\/Revista\\\/wp-content\\\/uploads\\\/2024\\\/04\\\/WhatsApp-Image-2024-04-30-at-10.24.33-AM-4-scaled.jpeg\",\"contentUrl\":\"https:\\\/\\\/tuguia.combarranquilla.co\\\/Revista\\\/wp-content\\\/uploads\\\/2024\\\/04\\\/WhatsApp-Image-2024-04-30-at-10.24.33-AM-4-scaled.jpeg\",\"width\":2560,\"height\":1707},{\"@type\":\"BreadcrumbList\",\"@id\":\"https:\\\/\\\/tuguia.combarranquilla.co\\\/Revista\\\/combarranquilla-presento-los-resultados-de-gestion-durante-el-ano-2023\\\/#breadcrumb\",\"itemListElement\":[{\"@type\":\"ListItem\",\"position\":1,\"name\":\"Inicio\",\"item\":\"https:\\\/\\\/tuguia.combarranquilla.co\\\/Revista\\\/\"},{\"@type\":\"ListItem\",\"position\":2,\"name\":\"Combarranquilla present\u00f3 los resultados de gesti\u00f3n durante el a\u00f1o 2023\"}]},{\"@type\":\"WebSite\",\"@id\":\"https:\\\/\\\/tuguia.combarranquilla.co\\\/Revista\\\/#website\",\"url\":\"https:\\\/\\\/tuguia.combarranquilla.co\\\/Revista\\\/\",\"name\":\"Tu Gu\u00eda\",\"description\":\"La revista donde lo tienes todo.\",\"publisher\":{\"@id\":\"https:\\\/\\\/tuguia.combarranquilla.co\\\/Revista\\\/#organization\"},\"alternateName\":\"Tu Gu\u00eda Combarranquilla\",\"potentialAction\":[{\"@type\":\"SearchAction\",\"target\":{\"@type\":\"EntryPoint\",\"urlTemplate\":\"https:\\\/\\\/tuguia.combarranquilla.co\\\/Revista\\\/?s={search_term_string}\"},\"query-input\":{\"@type\":\"PropertyValueSpecification\",\"valueRequired\":true,\"valueName\":\"search_term_string\"}}],\"inLanguage\":\"es-CO\"},{\"@type\":\"Organization\",\"@id\":\"https:\\\/\\\/tuguia.combarranquilla.co\\\/Revista\\\/#organization\",\"name\":\"Tu Gu\u00eda Combarranquilla\",\"url\":\"https:\\\/\\\/tuguia.combarranquilla.co\\\/Revista\\\/\",\"logo\":{\"@type\":\"ImageObject\",\"inLanguage\":\"es-CO\",\"@id\":\"https:\\\/\\\/tuguia.combarranquilla.co\\\/Revista\\\/#\\\/schema\\\/logo\\\/image\\\/\",\"url\":\"https:\\\/\\\/tuguia.combarranquilla.co\\\/Revista\\\/wp-content\\\/uploads\\\/2022\\\/02\\\/logo-guia-combarranquilla.svg\",\"contentUrl\":\"https:\\\/\\\/tuguia.combarranquilla.co\\\/Revista\\\/wp-content\\\/uploads\\\/2022\\\/02\\\/logo-guia-combarranquilla.svg\",\"caption\":\"Tu Gu\u00eda Combarranquilla\"},\"image\":{\"@id\":\"https:\\\/\\\/tuguia.combarranquilla.co\\\/Revista\\\/#\\\/schema\\\/logo\\\/image\\\/\"}},{\"@type\":\"Person\",\"@id\":\"https:\\\/\\\/tuguia.combarranquilla.co\\\/Revista\\\/#\\\/schema\\\/person\\\/c2c396a77170bd1d5f8ba73294eb0d10\",\"name\":\"Comunicaciones Combarranquilla\",\"image\":{\"@type\":\"ImageObject\",\"inLanguage\":\"es-CO\",\"@id\":\"https:\\\/\\\/tuguia.combarranquilla.co\\\/Revista\\\/wp-content\\\/uploads\\\/2025\\\/05\\\/ABC-Al-Rojo-Logo-96x96.jpg\",\"url\":\"https:\\\/\\\/tuguia.combarranquilla.co\\\/Revista\\\/wp-content\\\/uploads\\\/2025\\\/05\\\/ABC-Al-Rojo-Logo-96x96.jpg\",\"contentUrl\":\"https:\\\/\\\/tuguia.combarranquilla.co\\\/Revista\\\/wp-content\\\/uploads\\\/2025\\\/05\\\/ABC-Al-Rojo-Logo-96x96.jpg\",\"caption\":\"Comunicaciones Combarranquilla\"},\"sameAs\":[\"https:\\\/\\\/www.combarranquilla.co\"],\"url\":\"https:\\\/\\\/tuguia.combarranquilla.co\\\/Revista\\\/author\\\/comunicaciones\\\/\"}]}<\/script>\n<!-- \/ Yoast SEO plugin. -->","yoast_head_json":{"title":"Combarranquilla present\u00f3 los resultados de gesti\u00f3n durante el a\u00f1o 2023 - Tu Gu\u00eda","robots":{"index":"index","follow":"follow","max-snippet":"max-snippet:-1","max-image-preview":"max-image-preview:large","max-video-preview":"max-video-preview:-1"},"canonical":"https:\/\/tuguia.combarranquilla.co\/Revista\/combarranquilla-presento-los-resultados-de-gestion-durante-el-ano-2023\/","og_locale":"es_ES","og_type":"article","og_title":"Combarranquilla present\u00f3 los resultados de gesti\u00f3n durante el a\u00f1o 2023 - Tu Gu\u00eda","og_description":"Cada a\u00f1o, la Caja de Compensaci\u00f3n Familiar de Barranquilla Combarranquilla y su Consejo Directivo, convocan a la Asamblea General Ordinaria de Afiliados. Este a\u00f1o se realiz\u00f3 el pasado lunes 29 de abril a las 5:00 p.m. en el Centro de Convenciones de la Unidad Country. En el evento participaron los Afiliados que cumplen con el [&hellip;]","og_url":"https:\/\/tuguia.combarranquilla.co\/Revista\/combarranquilla-presento-los-resultados-de-gestion-durante-el-ano-2023\/","og_site_name":"Tu Gu\u00eda","article_published_time":"2024-04-30T21:59:00+00:00","article_modified_time":"2024-05-07T20:48:04+00:00","og_image":[{"width":2560,"height":1707,"url":"https:\/\/tuguia.combarranquilla.co\/Revista\/wp-content\/uploads\/2024\/04\/WhatsApp-Image-2024-04-30-at-10.24.33-AM-4-scaled.jpeg","type":"image\/jpeg"}],"author":"Comunicaciones Combarranquilla","twitter_card":"summary_large_image","twitter_misc":{"Escrito por":"Comunicaciones Combarranquilla","Tiempo de lectura":"4 minutos"},"schema":{"@context":"https:\/\/schema.org","@graph":[{"@type":"Article","@id":"https:\/\/tuguia.combarranquilla.co\/Revista\/combarranquilla-presento-los-resultados-de-gestion-durante-el-ano-2023\/#article","isPartOf":{"@id":"https:\/\/tuguia.combarranquilla.co\/Revista\/combarranquilla-presento-los-resultados-de-gestion-durante-el-ano-2023\/"},"author":{"name":"Comunicaciones Combarranquilla","@id":"https:\/\/tuguia.combarranquilla.co\/Revista\/#\/schema\/person\/c2c396a77170bd1d5f8ba73294eb0d10"},"headline":"Combarranquilla present\u00f3 los resultados de gesti\u00f3n durante el a\u00f1o 2023","datePublished":"2024-04-30T21:59:00+00:00","dateModified":"2024-05-07T20:48:04+00:00","mainEntityOfPage":{"@id":"https:\/\/tuguia.combarranquilla.co\/Revista\/combarranquilla-presento-los-resultados-de-gestion-durante-el-ano-2023\/"},"wordCount":822,"commentCount":0,"publisher":{"@id":"https:\/\/tuguia.combarranquilla.co\/Revista\/#organization"},"image":{"@id":"https:\/\/tuguia.combarranquilla.co\/Revista\/combarranquilla-presento-los-resultados-de-gestion-durante-el-ano-2023\/#primaryimage"},"thumbnailUrl":"https:\/\/tuguia.combarranquilla.co\/Revista\/wp-content\/uploads\/2024\/04\/WhatsApp-Image-2024-04-30-at-10.24.33-AM-4-scaled.jpeg","articleSection":["FAMILIA COMBARRANQUILLA"],"inLanguage":"es-CO","potentialAction":[{"@type":"CommentAction","name":"Comment","target":["https:\/\/tuguia.combarranquilla.co\/Revista\/combarranquilla-presento-los-resultados-de-gestion-durante-el-ano-2023\/#respond"]}]},{"@type":"WebPage","@id":"https:\/\/tuguia.combarranquilla.co\/Revista\/combarranquilla-presento-los-resultados-de-gestion-durante-el-ano-2023\/","url":"https:\/\/tuguia.combarranquilla.co\/Revista\/combarranquilla-presento-los-resultados-de-gestion-durante-el-ano-2023\/","name":"Combarranquilla present\u00f3 los resultados de gesti\u00f3n durante el a\u00f1o 2023 - Tu Gu\u00eda","isPartOf":{"@id":"https:\/\/tuguia.combarranquilla.co\/Revista\/#website"},"primaryImageOfPage":{"@id":"https:\/\/tuguia.combarranquilla.co\/Revista\/combarranquilla-presento-los-resultados-de-gestion-durante-el-ano-2023\/#primaryimage"},"image":{"@id":"https:\/\/tuguia.combarranquilla.co\/Revista\/combarranquilla-presento-los-resultados-de-gestion-durante-el-ano-2023\/#primaryimage"},"thumbnailUrl":"https:\/\/tuguia.combarranquilla.co\/Revista\/wp-content\/uploads\/2024\/04\/WhatsApp-Image-2024-04-30-at-10.24.33-AM-4-scaled.jpeg","datePublished":"2024-04-30T21:59:00+00:00","dateModified":"2024-05-07T20:48:04+00:00","breadcrumb":{"@id":"https:\/\/tuguia.combarranquilla.co\/Revista\/combarranquilla-presento-los-resultados-de-gestion-durante-el-ano-2023\/#breadcrumb"},"inLanguage":"es-CO","potentialAction":[{"@type":"ReadAction","target":["https:\/\/tuguia.combarranquilla.co\/Revista\/combarranquilla-presento-los-resultados-de-gestion-durante-el-ano-2023\/"]}]},{"@type":"ImageObject","inLanguage":"es-CO","@id":"https:\/\/tuguia.combarranquilla.co\/Revista\/combarranquilla-presento-los-resultados-de-gestion-durante-el-ano-2023\/#primaryimage","url":"https:\/\/tuguia.combarranquilla.co\/Revista\/wp-content\/uploads\/2024\/04\/WhatsApp-Image-2024-04-30-at-10.24.33-AM-4-scaled.jpeg","contentUrl":"https:\/\/tuguia.combarranquilla.co\/Revista\/wp-content\/uploads\/2024\/04\/WhatsApp-Image-2024-04-30-at-10.24.33-AM-4-scaled.jpeg","width":2560,"height":1707},{"@type":"BreadcrumbList","@id":"https:\/\/tuguia.combarranquilla.co\/Revista\/combarranquilla-presento-los-resultados-de-gestion-durante-el-ano-2023\/#breadcrumb","itemListElement":[{"@type":"ListItem","position":1,"name":"Inicio","item":"https:\/\/tuguia.combarranquilla.co\/Revista\/"},{"@type":"ListItem","position":2,"name":"Combarranquilla present\u00f3 los resultados de gesti\u00f3n durante el a\u00f1o 2023"}]},{"@type":"WebSite","@id":"https:\/\/tuguia.combarranquilla.co\/Revista\/#website","url":"https:\/\/tuguia.combarranquilla.co\/Revista\/","name":"Tu Gu\u00eda","description":"La revista donde lo tienes todo.","publisher":{"@id":"https:\/\/tuguia.combarranquilla.co\/Revista\/#organization"},"alternateName":"Tu Gu\u00eda Combarranquilla","potentialAction":[{"@type":"SearchAction","target":{"@type":"EntryPoint","urlTemplate":"https:\/\/tuguia.combarranquilla.co\/Revista\/?s={search_term_string}"},"query-input":{"@type":"PropertyValueSpecification","valueRequired":true,"valueName":"search_term_string"}}],"inLanguage":"es-CO"},{"@type":"Organization","@id":"https:\/\/tuguia.combarranquilla.co\/Revista\/#organization","name":"Tu Gu\u00eda Combarranquilla","url":"https:\/\/tuguia.combarranquilla.co\/Revista\/","logo":{"@type":"ImageObject","inLanguage":"es-CO","@id":"https:\/\/tuguia.combarranquilla.co\/Revista\/#\/schema\/logo\/image\/","url":"https:\/\/tuguia.combarranquilla.co\/Revista\/wp-content\/uploads\/2022\/02\/logo-guia-combarranquilla.svg","contentUrl":"https:\/\/tuguia.combarranquilla.co\/Revista\/wp-content\/uploads\/2022\/02\/logo-guia-combarranquilla.svg","caption":"Tu Gu\u00eda Combarranquilla"},"image":{"@id":"https:\/\/tuguia.combarranquilla.co\/Revista\/#\/schema\/logo\/image\/"}},{"@type":"Person","@id":"https:\/\/tuguia.combarranquilla.co\/Revista\/#\/schema\/person\/c2c396a77170bd1d5f8ba73294eb0d10","name":"Comunicaciones Combarranquilla","image":{"@type":"ImageObject","inLanguage":"es-CO","@id":"https:\/\/tuguia.combarranquilla.co\/Revista\/wp-content\/uploads\/2025\/05\/ABC-Al-Rojo-Logo-96x96.jpg","url":"https:\/\/tuguia.combarranquilla.co\/Revista\/wp-content\/uploads\/2025\/05\/ABC-Al-Rojo-Logo-96x96.jpg","contentUrl":"https:\/\/tuguia.combarranquilla.co\/Revista\/wp-content\/uploads\/2025\/05\/ABC-Al-Rojo-Logo-96x96.jpg","caption":"Comunicaciones Combarranquilla"},"sameAs":["https:\/\/www.combarranquilla.co"],"url":"https:\/\/tuguia.combarranquilla.co\/Revista\/author\/comunicaciones\/"}]}},"_links":{"self":[{"href":"https:\/\/tuguia.combarranquilla.co\/Revista\/wp-json\/wp\/v2\/posts\/4121","targetHints":{"allow":["GET"]}}],"collection":[{"href":"https:\/\/tuguia.combarranquilla.co\/Revista\/wp-json\/wp\/v2\/posts"}],"about":[{"href":"https:\/\/tuguia.combarranquilla.co\/Revista\/wp-json\/wp\/v2\/types\/post"}],"author":[{"embeddable":true,"href":"https:\/\/tuguia.combarranquilla.co\/Revista\/wp-json\/wp\/v2\/users\/2"}],"replies":[{"embeddable":true,"href":"https:\/\/tuguia.combarranquilla.co\/Revista\/wp-json\/wp\/v2\/comments?post=4121"}],"version-history":[{"count":16,"href":"https:\/\/tuguia.combarranquilla.co\/Revista\/wp-json\/wp\/v2\/posts\/4121\/revisions"}],"predecessor-version":[{"id":4167,"href":"https:\/\/tuguia.combarranquilla.co\/Revista\/wp-json\/wp\/v2\/posts\/4121\/revisions\/4167"}],"wp:featuredmedia":[{"embeddable":true,"href":"https:\/\/tuguia.combarranquilla.co\/Revista\/wp-json\/wp\/v2\/media\/4143"}],"wp:attachment":[{"href":"https:\/\/tuguia.combarranquilla.co\/Revista\/wp-json\/wp\/v2\/media?parent=4121"}],"wp:term":[{"taxonomy":"category","embeddable":true,"href":"https:\/\/tuguia.combarranquilla.co\/Revista\/wp-json\/wp\/v2\/categories?post=4121"},{"taxonomy":"post_tag","embeddable":true,"href":"https:\/\/tuguia.combarranquilla.co\/Revista\/wp-json\/wp\/v2\/tags?post=4121"}],"curies":[{"name":"wp","href":"https:\/\/api.w.org\/{rel}","templated":true}]}}