{"id":4182,"date":"2024-05-07T10:49:02","date_gmt":"2024-05-07T15:49:02","guid":{"rendered":"https:\/\/tuguia.combarranquilla.co\/Revista\/?p=4182"},"modified":"2024-05-07T16:03:27","modified_gmt":"2024-05-07T21:03:27","slug":"estos-fueron-los-ganadores-del-subsidio-de-vivienda-2024-01","status":"publish","type":"post","link":"https:\/\/tuguia.combarranquilla.co\/Revista\/estos-fueron-los-ganadores-del-subsidio-de-vivienda-2024-01\/","title":{"rendered":"Conoce los ganadores del Subsidio de Vivienda  I Cuatrimestre 2024"},"content":{"rendered":"\n<p>Continuando con el prop\u00f3sito de transformar vidas, Combarranquilla hace la entrega de <strong>$1.287.000.00<\/strong> subsidios de vivienda a 35 afiliados y sus familias.<\/p>\n\n\n\n<p>El Subsidio de Vivienda Combarranquilla les proporciona un nuevo hogar, contribuyendo a su estabilidad econ\u00f3mica y calidad de vida. Una oportunidad \u00fanica para construir un futuro m\u00e1s \u00f3ptimo y digno para toda la familia.<\/p>\n\n\n\n<h2 class=\"wp-block-heading\">\u00bfQui\u00e9nes fueron los ganadores? Aqu\u00ed, te lo contamos:<\/h2>\n\n\n\n<figure class=\"wp-block-table\"><table><tbody><tr><td><a><strong>Puesto<\/strong><\/a><strong><\/strong><\/td><td><a><strong>Solic.<\/strong><\/a><\/td><td><strong>Nombre del ganador<\/strong><\/td><td><strong>C\u00e9dula<\/strong><\/td><td><strong>Valor Subsidio<\/strong><\/td><td><strong>Puntaje<\/strong><\/td><\/tr><tr><td>1<\/td><td>125<\/td><td>TABORDA OTALORA CAMILA ANDREA<\/td><td>1234093208<\/td><td>&nbsp;$39.000.000<\/td><td>617,504<\/td><\/tr><tr><td>2<\/td><td>34<\/td><td>CAMPO COL\u00d3N PAOLA CANDELARIA<\/td><td>1140819442<\/td><td>&nbsp;$39.000.000<\/td><td>515,719<\/td><\/tr><tr><td>3<\/td><td>85<\/td><td>MEDINA SANDOVAL LAURA DANIELA<\/td><td>1143457664<\/td><td> $26.000.000<\/td><td>498,883<\/td><\/tr><tr><td>4<\/td><td>187<\/td><td>GARIZABALO MANJARR\u00c9S JAZMIN PAMELA<\/td><td>1007118405<\/td><td> $39.000.000<\/td><td>440,329<\/td><\/tr><tr><td>5<\/td><td>89<\/td><td>SEVERICHE MOGOLL\u00d3N GABRIEL RAMIRO<\/td><td>78702356<\/td><td> $26.000.000<\/td><td>432,696<\/td><\/tr><tr><td>6<\/td><td>222<\/td><td>\u00c1LVAREZ MOLINA JUAN SEBASTI\u00c1N<\/td><td>1140882543<\/td><td>$26.000.000<\/td><td>431,477<\/td><\/tr><tr><td>7<\/td><td>256<\/td><td>JIMENEZ NAIZZIR MELISSA ELENA<\/td><td>1140894706<\/td><td>$39.000.000<\/td><td>424,201<\/td><\/tr><tr><td>8<\/td><td>103<\/td><td>GUEVARA GRAU KARINA MARCELA<\/td><td>1143152303<\/td><td>$39.000.000<\/td><td>423,852<\/td><\/tr><tr><td>9<\/td><td>198<\/td><td>CASTILLO MONTES YADIS MILDRED<\/td><td>1129564225<\/td><td>$39.000.000<\/td><td>419,611<\/td><\/tr><tr><td>10<\/td><td>155<\/td><td>MURCIA D\u00cdAZ DIANA CAROLINA<\/td><td>1192770288<\/td><td>$39.000.000<\/td><td>409,765<\/td><\/tr><tr><td>11<\/td><td>215<\/td><td>L\u00d3PEZ PERES JOHANNA MAR\u00cdA<\/td><td>32897068<\/td><td>$39.000.000<\/td><td>402,262<\/td><\/tr><tr><td>12<\/td><td>151<\/td><td>L\u00d3PEZ BRAVO HEIDY PAOLA<\/td><td>1067717336<\/td><td>$39.000.000<\/td><td>401,086<\/td><\/tr><tr><td>13<\/td><td>70<\/td><td>ANAYA CEPEDA LUIS FERNANDO<\/td><td>72001889<\/td><td>$39.000.000<\/td><td>401,067<\/td><\/tr><tr><td>14<\/td><td>88<\/td><td>DE LA CRUZ GUT\u00cdERREZ JAQUELINE PAOLA<\/td><td>1143160326<\/td><td>$39.000.000<\/td><td>389,544<\/td><\/tr><tr><td>15<\/td><td>232<\/td><td>CARBONO S\u00c1NCHEZ JUAN CARLOS<\/td><td>72261183<\/td><td>$39.000.000<\/td><td>388,907<\/td><\/tr><tr><td>16<\/td><td>1<\/td><td>UFRE NARV\u00c1EZ DANILO<\/td><td>72336249<\/td><td>$39.000.000<\/td><td>388,161<\/td><\/tr><tr><td>17<\/td><td>123<\/td><td>MART\u00cdNEZ CARREANO ANDREA CAROLINA<\/td><td>1045734736<\/td><td>&nbsp;&nbsp;&nbsp;&nbsp;&nbsp;&nbsp;&nbsp;&nbsp;&nbsp; $26.000.000<\/td><td>387,756<\/td><\/tr><tr><td>18<\/td><td>191<\/td><td>MU\u00d1OZ CARABALLO ARIANA<\/td><td>1143163039<\/td><td>$39.000.000<\/td><td>380,934<\/td><\/tr><tr><td>19<\/td><td>64<\/td><td>VARELO VERGARA ROSA ANG\u00c9LICA<\/td><td>1048306514<\/td><td>$39.000.000<\/td><td>379,891<\/td><\/tr><tr><td>20<\/td><td>130<\/td><td>\u00c1NGULO SOTO JAIME ENRIQUE<\/td><td>1140888864<\/td><td>$39.000.000<\/td><td>374,384<\/td><\/tr><tr><td>21<\/td><td>138<\/td><td>PER\u00c9Z ROMERO LAURA MARCELA<\/td><td>1143440557<\/td><td>$39.000.000<\/td><td>372,346<\/td><\/tr><tr><td>22<\/td><td>174<\/td><td>GRATEROL OSORIO LUIS JOSE<\/td><td>1140854857<\/td><td>$39.000.000<\/td><td>370,114<\/td><\/tr><tr><td>23<\/td><td>167<\/td><td>LUX VICENTINI FRANCISCO JAVIER<\/td><td>1140865405<\/td><td>$39.000.000<\/td><td>369,265<\/td><\/tr><tr><td>24<\/td><td>269<\/td><td>FIGUEROA PINO GREISY MILENA<\/td><td>1140892256<\/td><td>$39.000.000<\/td><td>367,202<\/td><\/tr><tr><td>25<\/td><td>195<\/td><td>PADILLA LARA DAYANA MARCELA<\/td><td>1143134870<\/td><td>$39.000.000<\/td><td>366,014<\/td><\/tr><tr><td>26<\/td><td>128<\/td><td>CHAMORRO M\u00c1RQUEZ KATTY LUZ<\/td><td>1193231264<\/td><td>$39.000.000<\/td><td>361,534<\/td><\/tr><tr><td>27<\/td><td>203<\/td><td>S\u00c1NCHEZ HINESTROZA LORENA<\/td><td>1129517114<\/td><td>$39.000.000<\/td><td>361,433<\/td><\/tr><tr><td>28<\/td><td>18<\/td><td>CAMARGO OCHOA THAYS THALIA<\/td><td>1042457946<\/td><td>$39.000.000<\/td><td>361,236<\/td><\/tr><tr><td>29<\/td><td>27<\/td><td>DE LA HOZ DOM\u00cdNGUEZ DANIEL DAVID<\/td><td>1143261474<\/td><td>$39.000.000<\/td><td>359,178<\/td><\/tr><tr><td>30<\/td><td>114<\/td><td>GONZ\u00c1LEZ CASTRO KEYDER ANDRES<\/td><td>1140882231<\/td><td>$39.000.000<\/td><td>355,590<\/td><\/tr><tr><td>31<\/td><td>251<\/td><td>SAN MARTIN MEJIA JEFFREY ANTONIO<\/td><td>1102845704<\/td><td>&nbsp;&nbsp;&nbsp;&nbsp;&nbsp;&nbsp;&nbsp;&nbsp;&nbsp; $26.000.000<\/td><td>355,476<\/td><\/tr><tr><td>32<\/td><td>122<\/td><td>PADILLA LE\u00d3N VERANYS JOHANA<\/td><td>1045725809<\/td><td>$39.000.000<\/td><td>349,315<\/td><\/tr><tr><td>33<\/td><td>267<\/td><td>VEGA GAZC\u00d3N YOBERYS PAOLA<\/td><td>1002153595<\/td><td>$39.000.000<\/td><td>349,118<\/td><\/tr><tr><td>34<\/td><td>158<\/td><td>VALENCIA CABARCAS DEIVIS ARTURO<\/td><td>1140822170<\/td><td>&nbsp;&nbsp;&nbsp;&nbsp;&nbsp;&nbsp;&nbsp;&nbsp;&nbsp; $26.000.000<\/td><td>348,997<\/td><\/tr><tr><td>35<\/td><td>30<\/td><td>D\u00cdAZ SALCEDO ANDR\u00c9S FELIPE<\/td><td>1102864123<\/td><td>$39.000.000<\/td><td>348,337<\/td><\/tr><\/tbody><\/table><\/figure>\n\n\n\n<figure class=\"wp-block-gallery alignwide has-nested-images columns-default is-cropped wp-block-gallery-1 is-layout-flex wp-block-gallery-is-layout-flex\">\n<figure class=\"wp-block-image size-large\"><img decoding=\"async\" width=\"1024\" height=\"576\" data-id=\"4184\" data-src=\"https:\/\/tuguia.combarranquilla.co\/Revista\/wp-content\/uploads\/2024\/05\/1-1024x576.png\" alt=\"\" class=\"wp-image-4184 lazyload\" data-srcset=\"https:\/\/tuguia.combarranquilla.co\/Revista\/wp-content\/uploads\/2024\/05\/1-1024x576.png 1024w, https:\/\/tuguia.combarranquilla.co\/Revista\/wp-content\/uploads\/2024\/05\/1-300x169.png 300w, https:\/\/tuguia.combarranquilla.co\/Revista\/wp-content\/uploads\/2024\/05\/1-768x432.png 768w, https:\/\/tuguia.combarranquilla.co\/Revista\/wp-content\/uploads\/2024\/05\/1-1536x864.png 1536w, https:\/\/tuguia.combarranquilla.co\/Revista\/wp-content\/uploads\/2024\/05\/1.png 1920w\" data-sizes=\"(max-width: 1024px) 100vw, 1024px\" src=\"data:image\/svg+xml;base64,PHN2ZyB3aWR0aD0iMSIgaGVpZ2h0PSIxIiB4bWxucz0iaHR0cDovL3d3dy53My5vcmcvMjAwMC9zdmciPjwvc3ZnPg==\" style=\"--smush-placeholder-width: 1024px; --smush-placeholder-aspect-ratio: 1024\/576;\" \/><\/figure>\n\n\n\n<figure class=\"wp-block-image size-large\"><img decoding=\"async\" width=\"1024\" height=\"768\" data-id=\"4185\" data-src=\"https:\/\/tuguia.combarranquilla.co\/Revista\/wp-content\/uploads\/2024\/05\/IMG_8581-1024x768.jpg\" alt=\"\" class=\"wp-image-4185 lazyload\" data-srcset=\"https:\/\/tuguia.combarranquilla.co\/Revista\/wp-content\/uploads\/2024\/05\/IMG_8581-1024x768.jpg 1024w, https:\/\/tuguia.combarranquilla.co\/Revista\/wp-content\/uploads\/2024\/05\/IMG_8581-300x225.jpg 300w, https:\/\/tuguia.combarranquilla.co\/Revista\/wp-content\/uploads\/2024\/05\/IMG_8581-768x576.jpg 768w, https:\/\/tuguia.combarranquilla.co\/Revista\/wp-content\/uploads\/2024\/05\/IMG_8581-1536x1151.jpg 1536w\" data-sizes=\"(max-width: 1024px) 100vw, 1024px\" src=\"data:image\/svg+xml;base64,PHN2ZyB3aWR0aD0iMSIgaGVpZ2h0PSIxIiB4bWxucz0iaHR0cDovL3d3dy53My5vcmcvMjAwMC9zdmciPjwvc3ZnPg==\" style=\"--smush-placeholder-width: 1024px; --smush-placeholder-aspect-ratio: 1024\/768;\" \/><\/figure>\n<\/figure>\n\n\n\n<p><\/p>\n\n\n\n<h2 class=\"wp-block-heading\">Impacto social del Subsidio de Vivienda<\/h2>\n\n\n\n<p>El Subsidio de Vivienda Combarranquilla  cumple el sue\u00f1o de muchas familias de tener un hogar estable y seguro. Este logro no solo les brinda un lugar para vivir, sino que tambi\u00e9n les otorga un sentimiento de realizaci\u00f3n y estabilidad emocional.<\/p>\n\n\n\n<p>De igual manera, el acceso a la vivienda propia contribuye al desarrollo econ\u00f3mico y social no solo del departamento, sino del pa\u00eds. Cuando las familias tienen un hogar estable, est\u00e1n motivadas a invertir en mejorar sus propiedades y en continuar trabajando por el bienestar de sus seres queridos. <\/p>\n\n\n\n<h2 class=\"wp-block-heading\">\u00bfCu\u00e1les son las pr\u00f3ximas fechas de postulaci\u00f3n?<\/h2>\n\n\n\n<p>Combarranquilla abrir\u00e1 la convocatoria para postulaci\u00f3n el pr\u00f3ximo 1 de junio finalizando el 30 del mismo mes. <\/p>\n\n\n\n<figure class=\"wp-block-image size-full is-resized\"><img decoding=\"async\" width=\"654\" height=\"66\" data-src=\"https:\/\/tuguia.combarranquilla.co\/Revista\/wp-content\/uploads\/2024\/05\/image.png\" alt=\"\" class=\"wp-image-4204 lazyload\" style=\"--smush-placeholder-width: 654px; --smush-placeholder-aspect-ratio: 654\/66;width:792px;height:auto\" data-srcset=\"https:\/\/tuguia.combarranquilla.co\/Revista\/wp-content\/uploads\/2024\/05\/image.png 654w, https:\/\/tuguia.combarranquilla.co\/Revista\/wp-content\/uploads\/2024\/05\/image-300x30.png 300w\" data-sizes=\"(max-width: 654px) 100vw, 654px\" src=\"data:image\/svg+xml;base64,PHN2ZyB3aWR0aD0iMSIgaGVpZ2h0PSIxIiB4bWxucz0iaHR0cDovL3d3dy53My5vcmcvMjAwMC9zdmciPjwvc3ZnPg==\" \/><\/figure>\n\n\n\n<p>\u00a1Aprovecha esta oportunidad! realiza el proceso de postulaci\u00f3n por medio de nuestra p\u00e1gina web: <strong>www.combarranquilla.co <\/strong><\/p>\n\n\n\n<p><\/p>\n\n\n\n<figure class=\"wp-block-gallery alignwide has-nested-images columns-default is-cropped wp-block-gallery-2 is-layout-flex wp-block-gallery-is-layout-flex\">\n<figure class=\"wp-block-image size-large\"><img decoding=\"async\" width=\"1024\" height=\"683\" data-id=\"4186\" data-src=\"https:\/\/tuguia.combarranquilla.co\/Revista\/wp-content\/uploads\/2024\/05\/DSC_0819-1024x683.jpg\" alt=\"\" class=\"wp-image-4186 lazyload\" data-srcset=\"https:\/\/tuguia.combarranquilla.co\/Revista\/wp-content\/uploads\/2024\/05\/DSC_0819-1024x683.jpg 1024w, https:\/\/tuguia.combarranquilla.co\/Revista\/wp-content\/uploads\/2024\/05\/DSC_0819-300x200.jpg 300w, https:\/\/tuguia.combarranquilla.co\/Revista\/wp-content\/uploads\/2024\/05\/DSC_0819-768x512.jpg 768w, https:\/\/tuguia.combarranquilla.co\/Revista\/wp-content\/uploads\/2024\/05\/DSC_0819-1536x1024.jpg 1536w, https:\/\/tuguia.combarranquilla.co\/Revista\/wp-content\/uploads\/2024\/05\/DSC_0819-2048x1365.jpg 2048w\" data-sizes=\"(max-width: 1024px) 100vw, 1024px\" src=\"data:image\/svg+xml;base64,PHN2ZyB3aWR0aD0iMSIgaGVpZ2h0PSIxIiB4bWxucz0iaHR0cDovL3d3dy53My5vcmcvMjAwMC9zdmciPjwvc3ZnPg==\" style=\"--smush-placeholder-width: 1024px; --smush-placeholder-aspect-ratio: 1024\/683;\" \/><\/figure>\n\n\n\n<figure class=\"wp-block-image size-large\"><img decoding=\"async\" width=\"1024\" height=\"768\" data-id=\"4187\" data-src=\"https:\/\/tuguia.combarranquilla.co\/Revista\/wp-content\/uploads\/2024\/05\/IMG_8588-1024x768.jpg\" alt=\"\" class=\"wp-image-4187 lazyload\" data-srcset=\"https:\/\/tuguia.combarranquilla.co\/Revista\/wp-content\/uploads\/2024\/05\/IMG_8588-1024x768.jpg 1024w, https:\/\/tuguia.combarranquilla.co\/Revista\/wp-content\/uploads\/2024\/05\/IMG_8588-300x225.jpg 300w, https:\/\/tuguia.combarranquilla.co\/Revista\/wp-content\/uploads\/2024\/05\/IMG_8588-768x576.jpg 768w, https:\/\/tuguia.combarranquilla.co\/Revista\/wp-content\/uploads\/2024\/05\/IMG_8588-1536x1151.jpg 1536w\" data-sizes=\"(max-width: 1024px) 100vw, 1024px\" src=\"data:image\/svg+xml;base64,PHN2ZyB3aWR0aD0iMSIgaGVpZ2h0PSIxIiB4bWxucz0iaHR0cDovL3d3dy53My5vcmcvMjAwMC9zdmciPjwvc3ZnPg==\" style=\"--smush-placeholder-width: 1024px; --smush-placeholder-aspect-ratio: 1024\/768;\" \/><\/figure>\n<\/figure>\n\n\n\n<p><\/p>\n\n\n\n<h2 class=\"wp-block-heading\">\u00a1Cumpliendo sue\u00f1os!<\/h2>\n\n\n\n<p>Nuestro Subsidio de Vivienda no solo transforma las vidas de las familias beneficiadas, sino que tambi\u00e9n impulsa el progreso de toda la sociedad, brind\u00e1ndoles bienestar y mejor calidad de vida. <\/p>\n","protected":false},"excerpt":{"rendered":"<p>Continuando con el prop\u00f3sito de transformar vidas, Combarranquilla hace la entrega de $1.287.000.00 subsidios de vivienda a 35 afiliados y sus familias. El Subsidio de Vivienda Combarranquilla les proporciona un nuevo hogar, contribuyendo a su estabilidad econ\u00f3mica y calidad de vida. Una oportunidad \u00fanica para construir un futuro m\u00e1s \u00f3ptimo y digno para toda la [&hellip;]<\/p>\n","protected":false},"author":2,"featured_media":4183,"comment_status":"open","ping_status":"open","sticky":false,"template":"","format":"standard","meta":{"inline_featured_image":false,"footnotes":""},"categories":[2],"tags":[],"class_list":["post-4182","post","type-post","status-publish","format-standard","has-post-thumbnail","hentry","category-subsidios"],"yoast_head":"<!-- This site is optimized with the Yoast SEO plugin v27.4 - https:\/\/yoast.com\/product\/yoast-seo-wordpress\/ -->\n<title>Conoce los ganadores del Subsidio de Vivienda I Cuatrimestre 2024 - Tu Gu\u00eda<\/title>\n<meta name=\"robots\" content=\"index, follow, max-snippet:-1, max-image-preview:large, max-video-preview:-1\" \/>\n<link rel=\"canonical\" href=\"https:\/\/tuguia.combarranquilla.co\/Revista\/estos-fueron-los-ganadores-del-subsidio-de-vivienda-2024-01\/\" \/>\n<meta property=\"og:locale\" content=\"es_ES\" \/>\n<meta property=\"og:type\" content=\"article\" \/>\n<meta property=\"og:title\" content=\"Conoce los ganadores del Subsidio de Vivienda I Cuatrimestre 2024 - Tu Gu\u00eda\" \/>\n<meta property=\"og:description\" content=\"Continuando con el prop\u00f3sito de transformar vidas, Combarranquilla hace la entrega de $1.287.000.00 subsidios de vivienda a 35 afiliados y sus familias. El Subsidio de Vivienda Combarranquilla les proporciona un nuevo hogar, contribuyendo a su estabilidad econ\u00f3mica y calidad de vida. Una oportunidad \u00fanica para construir un futuro m\u00e1s \u00f3ptimo y digno para toda la [&hellip;]\" \/>\n<meta property=\"og:url\" content=\"https:\/\/tuguia.combarranquilla.co\/Revista\/estos-fueron-los-ganadores-del-subsidio-de-vivienda-2024-01\/\" \/>\n<meta property=\"og:site_name\" content=\"Tu Gu\u00eda\" \/>\n<meta property=\"article:published_time\" content=\"2024-05-07T15:49:02+00:00\" \/>\n<meta property=\"article:modified_time\" content=\"2024-05-07T21:03:27+00:00\" \/>\n<meta property=\"og:image\" content=\"https:\/\/tuguia.combarranquilla.co\/Revista\/wp-content\/uploads\/2024\/05\/IMG_8583.jpg\" \/>\n\t<meta property=\"og:image:width\" content=\"2049\" \/>\n\t<meta property=\"og:image:height\" content=\"1536\" \/>\n\t<meta property=\"og:image:type\" content=\"image\/jpeg\" \/>\n<meta name=\"author\" content=\"Comunicaciones Combarranquilla\" \/>\n<meta name=\"twitter:card\" content=\"summary_large_image\" \/>\n<meta name=\"twitter:label1\" content=\"Escrito por\" \/>\n\t<meta name=\"twitter:data1\" content=\"Comunicaciones Combarranquilla\" \/>\n\t<meta name=\"twitter:label2\" content=\"Tiempo de lectura\" \/>\n\t<meta name=\"twitter:data2\" content=\"2 minutos\" \/>\n<script type=\"application\/ld+json\" class=\"yoast-schema-graph\">{\"@context\":\"https:\\\/\\\/schema.org\",\"@graph\":[{\"@type\":\"Article\",\"@id\":\"https:\\\/\\\/tuguia.combarranquilla.co\\\/Revista\\\/estos-fueron-los-ganadores-del-subsidio-de-vivienda-2024-01\\\/#article\",\"isPartOf\":{\"@id\":\"https:\\\/\\\/tuguia.combarranquilla.co\\\/Revista\\\/estos-fueron-los-ganadores-del-subsidio-de-vivienda-2024-01\\\/\"},\"author\":{\"name\":\"Comunicaciones Combarranquilla\",\"@id\":\"https:\\\/\\\/tuguia.combarranquilla.co\\\/Revista\\\/#\\\/schema\\\/person\\\/c2c396a77170bd1d5f8ba73294eb0d10\"},\"headline\":\"Conoce los ganadores del Subsidio de Vivienda I Cuatrimestre 2024\",\"datePublished\":\"2024-05-07T15:49:02+00:00\",\"dateModified\":\"2024-05-07T21:03:27+00:00\",\"mainEntityOfPage\":{\"@id\":\"https:\\\/\\\/tuguia.combarranquilla.co\\\/Revista\\\/estos-fueron-los-ganadores-del-subsidio-de-vivienda-2024-01\\\/\"},\"wordCount\":460,\"commentCount\":0,\"publisher\":{\"@id\":\"https:\\\/\\\/tuguia.combarranquilla.co\\\/Revista\\\/#organization\"},\"image\":{\"@id\":\"https:\\\/\\\/tuguia.combarranquilla.co\\\/Revista\\\/estos-fueron-los-ganadores-del-subsidio-de-vivienda-2024-01\\\/#primaryimage\"},\"thumbnailUrl\":\"https:\\\/\\\/tuguia.combarranquilla.co\\\/Revista\\\/wp-content\\\/uploads\\\/2024\\\/05\\\/IMG_8583.jpg\",\"articleSection\":[\"SUBSIDIOS\"],\"inLanguage\":\"es-CO\",\"potentialAction\":[{\"@type\":\"CommentAction\",\"name\":\"Comment\",\"target\":[\"https:\\\/\\\/tuguia.combarranquilla.co\\\/Revista\\\/estos-fueron-los-ganadores-del-subsidio-de-vivienda-2024-01\\\/#respond\"]}]},{\"@type\":\"WebPage\",\"@id\":\"https:\\\/\\\/tuguia.combarranquilla.co\\\/Revista\\\/estos-fueron-los-ganadores-del-subsidio-de-vivienda-2024-01\\\/\",\"url\":\"https:\\\/\\\/tuguia.combarranquilla.co\\\/Revista\\\/estos-fueron-los-ganadores-del-subsidio-de-vivienda-2024-01\\\/\",\"name\":\"Conoce los ganadores del Subsidio de Vivienda I Cuatrimestre 2024 - Tu Gu\u00eda\",\"isPartOf\":{\"@id\":\"https:\\\/\\\/tuguia.combarranquilla.co\\\/Revista\\\/#website\"},\"primaryImageOfPage\":{\"@id\":\"https:\\\/\\\/tuguia.combarranquilla.co\\\/Revista\\\/estos-fueron-los-ganadores-del-subsidio-de-vivienda-2024-01\\\/#primaryimage\"},\"image\":{\"@id\":\"https:\\\/\\\/tuguia.combarranquilla.co\\\/Revista\\\/estos-fueron-los-ganadores-del-subsidio-de-vivienda-2024-01\\\/#primaryimage\"},\"thumbnailUrl\":\"https:\\\/\\\/tuguia.combarranquilla.co\\\/Revista\\\/wp-content\\\/uploads\\\/2024\\\/05\\\/IMG_8583.jpg\",\"datePublished\":\"2024-05-07T15:49:02+00:00\",\"dateModified\":\"2024-05-07T21:03:27+00:00\",\"breadcrumb\":{\"@id\":\"https:\\\/\\\/tuguia.combarranquilla.co\\\/Revista\\\/estos-fueron-los-ganadores-del-subsidio-de-vivienda-2024-01\\\/#breadcrumb\"},\"inLanguage\":\"es-CO\",\"potentialAction\":[{\"@type\":\"ReadAction\",\"target\":[\"https:\\\/\\\/tuguia.combarranquilla.co\\\/Revista\\\/estos-fueron-los-ganadores-del-subsidio-de-vivienda-2024-01\\\/\"]}]},{\"@type\":\"ImageObject\",\"inLanguage\":\"es-CO\",\"@id\":\"https:\\\/\\\/tuguia.combarranquilla.co\\\/Revista\\\/estos-fueron-los-ganadores-del-subsidio-de-vivienda-2024-01\\\/#primaryimage\",\"url\":\"https:\\\/\\\/tuguia.combarranquilla.co\\\/Revista\\\/wp-content\\\/uploads\\\/2024\\\/05\\\/IMG_8583.jpg\",\"contentUrl\":\"https:\\\/\\\/tuguia.combarranquilla.co\\\/Revista\\\/wp-content\\\/uploads\\\/2024\\\/05\\\/IMG_8583.jpg\",\"width\":2049,\"height\":1536},{\"@type\":\"BreadcrumbList\",\"@id\":\"https:\\\/\\\/tuguia.combarranquilla.co\\\/Revista\\\/estos-fueron-los-ganadores-del-subsidio-de-vivienda-2024-01\\\/#breadcrumb\",\"itemListElement\":[{\"@type\":\"ListItem\",\"position\":1,\"name\":\"Inicio\",\"item\":\"https:\\\/\\\/tuguia.combarranquilla.co\\\/Revista\\\/\"},{\"@type\":\"ListItem\",\"position\":2,\"name\":\"Conoce los ganadores del Subsidio de Vivienda I Cuatrimestre 2024\"}]},{\"@type\":\"WebSite\",\"@id\":\"https:\\\/\\\/tuguia.combarranquilla.co\\\/Revista\\\/#website\",\"url\":\"https:\\\/\\\/tuguia.combarranquilla.co\\\/Revista\\\/\",\"name\":\"Tu Gu\u00eda\",\"description\":\"La revista donde lo tienes todo.\",\"publisher\":{\"@id\":\"https:\\\/\\\/tuguia.combarranquilla.co\\\/Revista\\\/#organization\"},\"alternateName\":\"Tu Gu\u00eda Combarranquilla\",\"potentialAction\":[{\"@type\":\"SearchAction\",\"target\":{\"@type\":\"EntryPoint\",\"urlTemplate\":\"https:\\\/\\\/tuguia.combarranquilla.co\\\/Revista\\\/?s={search_term_string}\"},\"query-input\":{\"@type\":\"PropertyValueSpecification\",\"valueRequired\":true,\"valueName\":\"search_term_string\"}}],\"inLanguage\":\"es-CO\"},{\"@type\":\"Organization\",\"@id\":\"https:\\\/\\\/tuguia.combarranquilla.co\\\/Revista\\\/#organization\",\"name\":\"Tu Gu\u00eda Combarranquilla\",\"url\":\"https:\\\/\\\/tuguia.combarranquilla.co\\\/Revista\\\/\",\"logo\":{\"@type\":\"ImageObject\",\"inLanguage\":\"es-CO\",\"@id\":\"https:\\\/\\\/tuguia.combarranquilla.co\\\/Revista\\\/#\\\/schema\\\/logo\\\/image\\\/\",\"url\":\"https:\\\/\\\/tuguia.combarranquilla.co\\\/Revista\\\/wp-content\\\/uploads\\\/2022\\\/02\\\/logo-guia-combarranquilla.svg\",\"contentUrl\":\"https:\\\/\\\/tuguia.combarranquilla.co\\\/Revista\\\/wp-content\\\/uploads\\\/2022\\\/02\\\/logo-guia-combarranquilla.svg\",\"caption\":\"Tu Gu\u00eda Combarranquilla\"},\"image\":{\"@id\":\"https:\\\/\\\/tuguia.combarranquilla.co\\\/Revista\\\/#\\\/schema\\\/logo\\\/image\\\/\"}},{\"@type\":\"Person\",\"@id\":\"https:\\\/\\\/tuguia.combarranquilla.co\\\/Revista\\\/#\\\/schema\\\/person\\\/c2c396a77170bd1d5f8ba73294eb0d10\",\"name\":\"Comunicaciones Combarranquilla\",\"image\":{\"@type\":\"ImageObject\",\"inLanguage\":\"es-CO\",\"@id\":\"https:\\\/\\\/tuguia.combarranquilla.co\\\/Revista\\\/wp-content\\\/uploads\\\/2025\\\/05\\\/ABC-Al-Rojo-Logo-96x96.jpg\",\"url\":\"https:\\\/\\\/tuguia.combarranquilla.co\\\/Revista\\\/wp-content\\\/uploads\\\/2025\\\/05\\\/ABC-Al-Rojo-Logo-96x96.jpg\",\"contentUrl\":\"https:\\\/\\\/tuguia.combarranquilla.co\\\/Revista\\\/wp-content\\\/uploads\\\/2025\\\/05\\\/ABC-Al-Rojo-Logo-96x96.jpg\",\"caption\":\"Comunicaciones Combarranquilla\"},\"sameAs\":[\"https:\\\/\\\/www.combarranquilla.co\"],\"url\":\"https:\\\/\\\/tuguia.combarranquilla.co\\\/Revista\\\/author\\\/comunicaciones\\\/\"}]}<\/script>\n<!-- \/ Yoast SEO plugin. -->","yoast_head_json":{"title":"Conoce los ganadores del Subsidio de Vivienda I Cuatrimestre 2024 - Tu Gu\u00eda","robots":{"index":"index","follow":"follow","max-snippet":"max-snippet:-1","max-image-preview":"max-image-preview:large","max-video-preview":"max-video-preview:-1"},"canonical":"https:\/\/tuguia.combarranquilla.co\/Revista\/estos-fueron-los-ganadores-del-subsidio-de-vivienda-2024-01\/","og_locale":"es_ES","og_type":"article","og_title":"Conoce los ganadores del Subsidio de Vivienda I Cuatrimestre 2024 - Tu Gu\u00eda","og_description":"Continuando con el prop\u00f3sito de transformar vidas, Combarranquilla hace la entrega de $1.287.000.00 subsidios de vivienda a 35 afiliados y sus familias. El Subsidio de Vivienda Combarranquilla les proporciona un nuevo hogar, contribuyendo a su estabilidad econ\u00f3mica y calidad de vida. Una oportunidad \u00fanica para construir un futuro m\u00e1s \u00f3ptimo y digno para toda la [&hellip;]","og_url":"https:\/\/tuguia.combarranquilla.co\/Revista\/estos-fueron-los-ganadores-del-subsidio-de-vivienda-2024-01\/","og_site_name":"Tu Gu\u00eda","article_published_time":"2024-05-07T15:49:02+00:00","article_modified_time":"2024-05-07T21:03:27+00:00","og_image":[{"width":2049,"height":1536,"url":"https:\/\/tuguia.combarranquilla.co\/Revista\/wp-content\/uploads\/2024\/05\/IMG_8583.jpg","type":"image\/jpeg"}],"author":"Comunicaciones Combarranquilla","twitter_card":"summary_large_image","twitter_misc":{"Escrito por":"Comunicaciones Combarranquilla","Tiempo de lectura":"2 minutos"},"schema":{"@context":"https:\/\/schema.org","@graph":[{"@type":"Article","@id":"https:\/\/tuguia.combarranquilla.co\/Revista\/estos-fueron-los-ganadores-del-subsidio-de-vivienda-2024-01\/#article","isPartOf":{"@id":"https:\/\/tuguia.combarranquilla.co\/Revista\/estos-fueron-los-ganadores-del-subsidio-de-vivienda-2024-01\/"},"author":{"name":"Comunicaciones Combarranquilla","@id":"https:\/\/tuguia.combarranquilla.co\/Revista\/#\/schema\/person\/c2c396a77170bd1d5f8ba73294eb0d10"},"headline":"Conoce los ganadores del Subsidio de Vivienda I Cuatrimestre 2024","datePublished":"2024-05-07T15:49:02+00:00","dateModified":"2024-05-07T21:03:27+00:00","mainEntityOfPage":{"@id":"https:\/\/tuguia.combarranquilla.co\/Revista\/estos-fueron-los-ganadores-del-subsidio-de-vivienda-2024-01\/"},"wordCount":460,"commentCount":0,"publisher":{"@id":"https:\/\/tuguia.combarranquilla.co\/Revista\/#organization"},"image":{"@id":"https:\/\/tuguia.combarranquilla.co\/Revista\/estos-fueron-los-ganadores-del-subsidio-de-vivienda-2024-01\/#primaryimage"},"thumbnailUrl":"https:\/\/tuguia.combarranquilla.co\/Revista\/wp-content\/uploads\/2024\/05\/IMG_8583.jpg","articleSection":["SUBSIDIOS"],"inLanguage":"es-CO","potentialAction":[{"@type":"CommentAction","name":"Comment","target":["https:\/\/tuguia.combarranquilla.co\/Revista\/estos-fueron-los-ganadores-del-subsidio-de-vivienda-2024-01\/#respond"]}]},{"@type":"WebPage","@id":"https:\/\/tuguia.combarranquilla.co\/Revista\/estos-fueron-los-ganadores-del-subsidio-de-vivienda-2024-01\/","url":"https:\/\/tuguia.combarranquilla.co\/Revista\/estos-fueron-los-ganadores-del-subsidio-de-vivienda-2024-01\/","name":"Conoce los ganadores del Subsidio de Vivienda I Cuatrimestre 2024 - Tu Gu\u00eda","isPartOf":{"@id":"https:\/\/tuguia.combarranquilla.co\/Revista\/#website"},"primaryImageOfPage":{"@id":"https:\/\/tuguia.combarranquilla.co\/Revista\/estos-fueron-los-ganadores-del-subsidio-de-vivienda-2024-01\/#primaryimage"},"image":{"@id":"https:\/\/tuguia.combarranquilla.co\/Revista\/estos-fueron-los-ganadores-del-subsidio-de-vivienda-2024-01\/#primaryimage"},"thumbnailUrl":"https:\/\/tuguia.combarranquilla.co\/Revista\/wp-content\/uploads\/2024\/05\/IMG_8583.jpg","datePublished":"2024-05-07T15:49:02+00:00","dateModified":"2024-05-07T21:03:27+00:00","breadcrumb":{"@id":"https:\/\/tuguia.combarranquilla.co\/Revista\/estos-fueron-los-ganadores-del-subsidio-de-vivienda-2024-01\/#breadcrumb"},"inLanguage":"es-CO","potentialAction":[{"@type":"ReadAction","target":["https:\/\/tuguia.combarranquilla.co\/Revista\/estos-fueron-los-ganadores-del-subsidio-de-vivienda-2024-01\/"]}]},{"@type":"ImageObject","inLanguage":"es-CO","@id":"https:\/\/tuguia.combarranquilla.co\/Revista\/estos-fueron-los-ganadores-del-subsidio-de-vivienda-2024-01\/#primaryimage","url":"https:\/\/tuguia.combarranquilla.co\/Revista\/wp-content\/uploads\/2024\/05\/IMG_8583.jpg","contentUrl":"https:\/\/tuguia.combarranquilla.co\/Revista\/wp-content\/uploads\/2024\/05\/IMG_8583.jpg","width":2049,"height":1536},{"@type":"BreadcrumbList","@id":"https:\/\/tuguia.combarranquilla.co\/Revista\/estos-fueron-los-ganadores-del-subsidio-de-vivienda-2024-01\/#breadcrumb","itemListElement":[{"@type":"ListItem","position":1,"name":"Inicio","item":"https:\/\/tuguia.combarranquilla.co\/Revista\/"},{"@type":"ListItem","position":2,"name":"Conoce los ganadores del Subsidio de Vivienda I Cuatrimestre 2024"}]},{"@type":"WebSite","@id":"https:\/\/tuguia.combarranquilla.co\/Revista\/#website","url":"https:\/\/tuguia.combarranquilla.co\/Revista\/","name":"Tu Gu\u00eda","description":"La revista donde lo tienes todo.","publisher":{"@id":"https:\/\/tuguia.combarranquilla.co\/Revista\/#organization"},"alternateName":"Tu Gu\u00eda Combarranquilla","potentialAction":[{"@type":"SearchAction","target":{"@type":"EntryPoint","urlTemplate":"https:\/\/tuguia.combarranquilla.co\/Revista\/?s={search_term_string}"},"query-input":{"@type":"PropertyValueSpecification","valueRequired":true,"valueName":"search_term_string"}}],"inLanguage":"es-CO"},{"@type":"Organization","@id":"https:\/\/tuguia.combarranquilla.co\/Revista\/#organization","name":"Tu Gu\u00eda Combarranquilla","url":"https:\/\/tuguia.combarranquilla.co\/Revista\/","logo":{"@type":"ImageObject","inLanguage":"es-CO","@id":"https:\/\/tuguia.combarranquilla.co\/Revista\/#\/schema\/logo\/image\/","url":"https:\/\/tuguia.combarranquilla.co\/Revista\/wp-content\/uploads\/2022\/02\/logo-guia-combarranquilla.svg","contentUrl":"https:\/\/tuguia.combarranquilla.co\/Revista\/wp-content\/uploads\/2022\/02\/logo-guia-combarranquilla.svg","caption":"Tu Gu\u00eda Combarranquilla"},"image":{"@id":"https:\/\/tuguia.combarranquilla.co\/Revista\/#\/schema\/logo\/image\/"}},{"@type":"Person","@id":"https:\/\/tuguia.combarranquilla.co\/Revista\/#\/schema\/person\/c2c396a77170bd1d5f8ba73294eb0d10","name":"Comunicaciones Combarranquilla","image":{"@type":"ImageObject","inLanguage":"es-CO","@id":"https:\/\/tuguia.combarranquilla.co\/Revista\/wp-content\/uploads\/2025\/05\/ABC-Al-Rojo-Logo-96x96.jpg","url":"https:\/\/tuguia.combarranquilla.co\/Revista\/wp-content\/uploads\/2025\/05\/ABC-Al-Rojo-Logo-96x96.jpg","contentUrl":"https:\/\/tuguia.combarranquilla.co\/Revista\/wp-content\/uploads\/2025\/05\/ABC-Al-Rojo-Logo-96x96.jpg","caption":"Comunicaciones Combarranquilla"},"sameAs":["https:\/\/www.combarranquilla.co"],"url":"https:\/\/tuguia.combarranquilla.co\/Revista\/author\/comunicaciones\/"}]}},"_links":{"self":[{"href":"https:\/\/tuguia.combarranquilla.co\/Revista\/wp-json\/wp\/v2\/posts\/4182","targetHints":{"allow":["GET"]}}],"collection":[{"href":"https:\/\/tuguia.combarranquilla.co\/Revista\/wp-json\/wp\/v2\/posts"}],"about":[{"href":"https:\/\/tuguia.combarranquilla.co\/Revista\/wp-json\/wp\/v2\/types\/post"}],"author":[{"embeddable":true,"href":"https:\/\/tuguia.combarranquilla.co\/Revista\/wp-json\/wp\/v2\/users\/2"}],"replies":[{"embeddable":true,"href":"https:\/\/tuguia.combarranquilla.co\/Revista\/wp-json\/wp\/v2\/comments?post=4182"}],"version-history":[{"count":22,"href":"https:\/\/tuguia.combarranquilla.co\/Revista\/wp-json\/wp\/v2\/posts\/4182\/revisions"}],"predecessor-version":[{"id":4233,"href":"https:\/\/tuguia.combarranquilla.co\/Revista\/wp-json\/wp\/v2\/posts\/4182\/revisions\/4233"}],"wp:featuredmedia":[{"embeddable":true,"href":"https:\/\/tuguia.combarranquilla.co\/Revista\/wp-json\/wp\/v2\/media\/4183"}],"wp:attachment":[{"href":"https:\/\/tuguia.combarranquilla.co\/Revista\/wp-json\/wp\/v2\/media?parent=4182"}],"wp:term":[{"taxonomy":"category","embeddable":true,"href":"https:\/\/tuguia.combarranquilla.co\/Revista\/wp-json\/wp\/v2\/categories?post=4182"},{"taxonomy":"post_tag","embeddable":true,"href":"https:\/\/tuguia.combarranquilla.co\/Revista\/wp-json\/wp\/v2\/tags?post=4182"}],"curies":[{"name":"wp","href":"https:\/\/api.w.org\/{rel}","templated":true}]}}