{"id":4248,"date":"2024-05-08T11:07:17","date_gmt":"2024-05-08T16:07:17","guid":{"rendered":"https:\/\/tuguia.combarranquilla.co\/Revista\/?p=4248"},"modified":"2024-05-23T16:56:26","modified_gmt":"2024-05-23T21:56:26","slug":"como-te-visionas-en-los-proximos-anos","status":"publish","type":"post","link":"https:\/\/tuguia.combarranquilla.co\/Revista\/como-te-visionas-en-los-proximos-anos\/","title":{"rendered":"\u00bfC\u00f3mo te visionas en los pr\u00f3ximos a\u00f1os?"},"content":{"rendered":"\n<p>En la Caja de Compensaci\u00f3n tenemos claro el beneficio que queremos brindar a nuestros afiliados. Visionamos beneficios con el objetivo de promover el desarrollo humano, la integridad de la formaci\u00f3n y mejorar las condiciones de vida de nuestros estudiantes, como tambi\u00e9n su entorno. Trabajamos para desarrollar programas y actividades que enriquezcan una gran experiencia acad\u00e9mica.<\/p>\n\n\n\n<p>En cada una de nuestras \u00e1reas, procuramos mejorar condiciones de acuerdo con los programas t\u00e9cnicos laborales que ofrecemos. Esto para perfeccionar la capacidad de adopci\u00f3n que tienen los estudiantes en los espacios en que est\u00e1n rodeados y as\u00ed progresar a un futuro emocionante y sin techo.<\/p>\n\n\n\n<p>Desde Combarranquilla estamos comprometidos con la educaci\u00f3n de los j\u00f3venes y adultos. \u00a1Lleg\u00f3 el momento de impulsar a\u00fan m\u00e1s tus sue\u00f1os! Encuentra programas para el trabajo y desarrollo humano, en diferentes \u00e1reas que te permitir\u00e1n cumplir tus metas y hacerte un espacio en un entorno de trabajo de crecimiento muchas oportunidades a corto plazo.<\/p>\n\n\n\n<p><strong>\u00bfQu\u00e9 tenemos para ti?<\/strong><\/p>\n\n\n\n<ul class=\"wp-block-list\">\n<li><strong>T\u00e9cnico laboral en Auxiliar de cocina.<\/strong><\/li>\n\n\n\n<li><strong>T\u00e9cnico laboral en Almac\u00e9n y bodegaje.<\/strong><\/li>\n\n\n\n<li><strong>T\u00e9cnico laboral en Contac center.<\/strong><\/li>\n\n\n\n<li><strong>T\u00e9cnico laboral en Auxiliar de panader\u00eda y pasteler\u00eda.<\/strong><\/li>\n\n\n\n<li><strong>T\u00e9cnico laboral en Auxiliar contable y financiero.<\/strong><\/li>\n\n\n\n<li><strong>T\u00e9cnico laboral en Auxiliar de agente de viajes.<\/strong><\/li>\n\n\n\n<li><strong>T\u00e9cnico laboral en Auxiliar administrativo.<\/strong><\/li>\n\n\n\n<li><strong>T\u00e9cnico laboral en Mercadeo y ventas.<\/strong><\/li>\n\n\n\n<li><strong>T\u00e9cnico laboral en Recursos humanos.<\/strong><\/li>\n\n\n\n<li><strong>T\u00e9cnico laboral en Archivo y registro.<\/strong><\/li>\n<\/ul>\n\n\n\n<p>Hasta el 28 de junio est\u00e1n disponibles las inscripciones de las becas para t\u00e9cnicos laborales. Este programa aplica para los hijos de los trabajadores afiliados activos en categor\u00edas A y B, menores de 19 a\u00f1os. Para ampliar informaci\u00f3n pueden contactarse a la l\u00ednea verde (605) 3225049, a trav\u00e9s del correo <a href=\"mailto:convocatoria.becatecnico@combarranquilla.co\">convocatoria.becatecnico@combarranquilla.co<\/a> o de manera presencial en nuestras unidades de servicios.<\/p>\n\n\n\n<p>Transformar vidas y potenciar el talento del departamento del Atl\u00e1ntico, seguir\u00e1n siendo claves para Combarranquilla. Generar educaci\u00f3n y trabajo son premisas para hacer crecer econ\u00f3mica y educativamente a nuestras familias.<\/p>\n","protected":false},"excerpt":{"rendered":"<p>En la Caja de Compensaci\u00f3n tenemos claro el beneficio que queremos brindar a nuestros afiliados. Visionamos beneficios con el objetivo de promover el desarrollo humano, la integridad de la formaci\u00f3n y mejorar las condiciones de vida de nuestros estudiantes, como tambi\u00e9n su entorno. Trabajamos para desarrollar programas y actividades que enriquezcan una gran experiencia acad\u00e9mica. [&hellip;]<\/p>\n","protected":false},"author":2,"featured_media":4249,"comment_status":"open","ping_status":"open","sticky":false,"template":"","format":"standard","meta":{"inline_featured_image":false,"footnotes":""},"categories":[8],"tags":[26,29],"class_list":["post-4248","post","type-post","status-publish","format-standard","has-post-thumbnail","hentry","category-formacion","tag-estudios","tag-tecnico"],"yoast_head":"<!-- This site is optimized with the Yoast SEO plugin v27.4 - https:\/\/yoast.com\/product\/yoast-seo-wordpress\/ -->\n<title>\u00bfC\u00f3mo te visionas en los pr\u00f3ximos a\u00f1os? - Tu Gu\u00eda<\/title>\n<meta name=\"robots\" content=\"index, follow, max-snippet:-1, max-image-preview:large, max-video-preview:-1\" \/>\n<link rel=\"canonical\" href=\"https:\/\/tuguia.combarranquilla.co\/Revista\/como-te-visionas-en-los-proximos-anos\/\" \/>\n<meta property=\"og:locale\" content=\"es_ES\" \/>\n<meta property=\"og:type\" content=\"article\" \/>\n<meta property=\"og:title\" content=\"\u00bfC\u00f3mo te visionas en los pr\u00f3ximos a\u00f1os? - Tu Gu\u00eda\" \/>\n<meta property=\"og:description\" content=\"En la Caja de Compensaci\u00f3n tenemos claro el beneficio que queremos brindar a nuestros afiliados. Visionamos beneficios con el objetivo de promover el desarrollo humano, la integridad de la formaci\u00f3n y mejorar las condiciones de vida de nuestros estudiantes, como tambi\u00e9n su entorno. Trabajamos para desarrollar programas y actividades que enriquezcan una gran experiencia acad\u00e9mica. [&hellip;]\" \/>\n<meta property=\"og:url\" content=\"https:\/\/tuguia.combarranquilla.co\/Revista\/como-te-visionas-en-los-proximos-anos\/\" \/>\n<meta property=\"og:site_name\" content=\"Tu Gu\u00eda\" \/>\n<meta property=\"article:published_time\" content=\"2024-05-08T16:07:17+00:00\" \/>\n<meta property=\"article:modified_time\" content=\"2024-05-23T21:56:26+00:00\" \/>\n<meta property=\"og:image\" content=\"https:\/\/tuguia.combarranquilla.co\/Revista\/wp-content\/uploads\/2024\/05\/cheerful-mood-group-people-business-conference-modern-classroom-daytime-scaled.jpg\" \/>\n\t<meta property=\"og:image:width\" content=\"2560\" \/>\n\t<meta property=\"og:image:height\" content=\"1707\" \/>\n\t<meta property=\"og:image:type\" content=\"image\/jpeg\" \/>\n<meta name=\"author\" content=\"Comunicaciones Combarranquilla\" \/>\n<meta name=\"twitter:card\" content=\"summary_large_image\" \/>\n<meta name=\"twitter:label1\" content=\"Escrito por\" \/>\n\t<meta name=\"twitter:data1\" content=\"Comunicaciones Combarranquilla\" \/>\n\t<meta name=\"twitter:label2\" content=\"Tiempo de lectura\" \/>\n\t<meta name=\"twitter:data2\" content=\"2 minutos\" \/>\n<script type=\"application\/ld+json\" class=\"yoast-schema-graph\">{\"@context\":\"https:\\\/\\\/schema.org\",\"@graph\":[{\"@type\":\"Article\",\"@id\":\"https:\\\/\\\/tuguia.combarranquilla.co\\\/Revista\\\/como-te-visionas-en-los-proximos-anos\\\/#article\",\"isPartOf\":{\"@id\":\"https:\\\/\\\/tuguia.combarranquilla.co\\\/Revista\\\/como-te-visionas-en-los-proximos-anos\\\/\"},\"author\":{\"name\":\"Comunicaciones Combarranquilla\",\"@id\":\"https:\\\/\\\/tuguia.combarranquilla.co\\\/Revista\\\/#\\\/schema\\\/person\\\/c2c396a77170bd1d5f8ba73294eb0d10\"},\"headline\":\"\u00bfC\u00f3mo te visionas en los pr\u00f3ximos a\u00f1os?\",\"datePublished\":\"2024-05-08T16:07:17+00:00\",\"dateModified\":\"2024-05-23T21:56:26+00:00\",\"mainEntityOfPage\":{\"@id\":\"https:\\\/\\\/tuguia.combarranquilla.co\\\/Revista\\\/como-te-visionas-en-los-proximos-anos\\\/\"},\"wordCount\":357,\"commentCount\":0,\"publisher\":{\"@id\":\"https:\\\/\\\/tuguia.combarranquilla.co\\\/Revista\\\/#organization\"},\"image\":{\"@id\":\"https:\\\/\\\/tuguia.combarranquilla.co\\\/Revista\\\/como-te-visionas-en-los-proximos-anos\\\/#primaryimage\"},\"thumbnailUrl\":\"https:\\\/\\\/tuguia.combarranquilla.co\\\/Revista\\\/wp-content\\\/uploads\\\/2024\\\/05\\\/cheerful-mood-group-people-business-conference-modern-classroom-daytime-scaled.jpg\",\"keywords\":[\"estudios\",\"tecnico\"],\"articleSection\":[\"FORMACI\u00d3N\"],\"inLanguage\":\"es-CO\",\"potentialAction\":[{\"@type\":\"CommentAction\",\"name\":\"Comment\",\"target\":[\"https:\\\/\\\/tuguia.combarranquilla.co\\\/Revista\\\/como-te-visionas-en-los-proximos-anos\\\/#respond\"]}]},{\"@type\":\"WebPage\",\"@id\":\"https:\\\/\\\/tuguia.combarranquilla.co\\\/Revista\\\/como-te-visionas-en-los-proximos-anos\\\/\",\"url\":\"https:\\\/\\\/tuguia.combarranquilla.co\\\/Revista\\\/como-te-visionas-en-los-proximos-anos\\\/\",\"name\":\"\u00bfC\u00f3mo te visionas en los pr\u00f3ximos a\u00f1os? - Tu Gu\u00eda\",\"isPartOf\":{\"@id\":\"https:\\\/\\\/tuguia.combarranquilla.co\\\/Revista\\\/#website\"},\"primaryImageOfPage\":{\"@id\":\"https:\\\/\\\/tuguia.combarranquilla.co\\\/Revista\\\/como-te-visionas-en-los-proximos-anos\\\/#primaryimage\"},\"image\":{\"@id\":\"https:\\\/\\\/tuguia.combarranquilla.co\\\/Revista\\\/como-te-visionas-en-los-proximos-anos\\\/#primaryimage\"},\"thumbnailUrl\":\"https:\\\/\\\/tuguia.combarranquilla.co\\\/Revista\\\/wp-content\\\/uploads\\\/2024\\\/05\\\/cheerful-mood-group-people-business-conference-modern-classroom-daytime-scaled.jpg\",\"datePublished\":\"2024-05-08T16:07:17+00:00\",\"dateModified\":\"2024-05-23T21:56:26+00:00\",\"breadcrumb\":{\"@id\":\"https:\\\/\\\/tuguia.combarranquilla.co\\\/Revista\\\/como-te-visionas-en-los-proximos-anos\\\/#breadcrumb\"},\"inLanguage\":\"es-CO\",\"potentialAction\":[{\"@type\":\"ReadAction\",\"target\":[\"https:\\\/\\\/tuguia.combarranquilla.co\\\/Revista\\\/como-te-visionas-en-los-proximos-anos\\\/\"]}]},{\"@type\":\"ImageObject\",\"inLanguage\":\"es-CO\",\"@id\":\"https:\\\/\\\/tuguia.combarranquilla.co\\\/Revista\\\/como-te-visionas-en-los-proximos-anos\\\/#primaryimage\",\"url\":\"https:\\\/\\\/tuguia.combarranquilla.co\\\/Revista\\\/wp-content\\\/uploads\\\/2024\\\/05\\\/cheerful-mood-group-people-business-conference-modern-classroom-daytime-scaled.jpg\",\"contentUrl\":\"https:\\\/\\\/tuguia.combarranquilla.co\\\/Revista\\\/wp-content\\\/uploads\\\/2024\\\/05\\\/cheerful-mood-group-people-business-conference-modern-classroom-daytime-scaled.jpg\",\"width\":2560,\"height\":1707,\"caption\":\"Cheerful mood. Group of people at business conference in modern classroom at daytime.\"},{\"@type\":\"BreadcrumbList\",\"@id\":\"https:\\\/\\\/tuguia.combarranquilla.co\\\/Revista\\\/como-te-visionas-en-los-proximos-anos\\\/#breadcrumb\",\"itemListElement\":[{\"@type\":\"ListItem\",\"position\":1,\"name\":\"Inicio\",\"item\":\"https:\\\/\\\/tuguia.combarranquilla.co\\\/Revista\\\/\"},{\"@type\":\"ListItem\",\"position\":2,\"name\":\"\u00bfC\u00f3mo te visionas en los pr\u00f3ximos a\u00f1os?\"}]},{\"@type\":\"WebSite\",\"@id\":\"https:\\\/\\\/tuguia.combarranquilla.co\\\/Revista\\\/#website\",\"url\":\"https:\\\/\\\/tuguia.combarranquilla.co\\\/Revista\\\/\",\"name\":\"Tu Gu\u00eda\",\"description\":\"La revista donde lo tienes todo.\",\"publisher\":{\"@id\":\"https:\\\/\\\/tuguia.combarranquilla.co\\\/Revista\\\/#organization\"},\"alternateName\":\"Tu Gu\u00eda Combarranquilla\",\"potentialAction\":[{\"@type\":\"SearchAction\",\"target\":{\"@type\":\"EntryPoint\",\"urlTemplate\":\"https:\\\/\\\/tuguia.combarranquilla.co\\\/Revista\\\/?s={search_term_string}\"},\"query-input\":{\"@type\":\"PropertyValueSpecification\",\"valueRequired\":true,\"valueName\":\"search_term_string\"}}],\"inLanguage\":\"es-CO\"},{\"@type\":\"Organization\",\"@id\":\"https:\\\/\\\/tuguia.combarranquilla.co\\\/Revista\\\/#organization\",\"name\":\"Tu Gu\u00eda Combarranquilla\",\"url\":\"https:\\\/\\\/tuguia.combarranquilla.co\\\/Revista\\\/\",\"logo\":{\"@type\":\"ImageObject\",\"inLanguage\":\"es-CO\",\"@id\":\"https:\\\/\\\/tuguia.combarranquilla.co\\\/Revista\\\/#\\\/schema\\\/logo\\\/image\\\/\",\"url\":\"https:\\\/\\\/tuguia.combarranquilla.co\\\/Revista\\\/wp-content\\\/uploads\\\/2022\\\/02\\\/logo-guia-combarranquilla.svg\",\"contentUrl\":\"https:\\\/\\\/tuguia.combarranquilla.co\\\/Revista\\\/wp-content\\\/uploads\\\/2022\\\/02\\\/logo-guia-combarranquilla.svg\",\"caption\":\"Tu Gu\u00eda Combarranquilla\"},\"image\":{\"@id\":\"https:\\\/\\\/tuguia.combarranquilla.co\\\/Revista\\\/#\\\/schema\\\/logo\\\/image\\\/\"}},{\"@type\":\"Person\",\"@id\":\"https:\\\/\\\/tuguia.combarranquilla.co\\\/Revista\\\/#\\\/schema\\\/person\\\/c2c396a77170bd1d5f8ba73294eb0d10\",\"name\":\"Comunicaciones Combarranquilla\",\"image\":{\"@type\":\"ImageObject\",\"inLanguage\":\"es-CO\",\"@id\":\"https:\\\/\\\/tuguia.combarranquilla.co\\\/Revista\\\/wp-content\\\/uploads\\\/2025\\\/05\\\/ABC-Al-Rojo-Logo-96x96.jpg\",\"url\":\"https:\\\/\\\/tuguia.combarranquilla.co\\\/Revista\\\/wp-content\\\/uploads\\\/2025\\\/05\\\/ABC-Al-Rojo-Logo-96x96.jpg\",\"contentUrl\":\"https:\\\/\\\/tuguia.combarranquilla.co\\\/Revista\\\/wp-content\\\/uploads\\\/2025\\\/05\\\/ABC-Al-Rojo-Logo-96x96.jpg\",\"caption\":\"Comunicaciones Combarranquilla\"},\"sameAs\":[\"https:\\\/\\\/www.combarranquilla.co\"],\"url\":\"https:\\\/\\\/tuguia.combarranquilla.co\\\/Revista\\\/author\\\/comunicaciones\\\/\"}]}<\/script>\n<!-- \/ Yoast SEO plugin. -->","yoast_head_json":{"title":"\u00bfC\u00f3mo te visionas en los pr\u00f3ximos a\u00f1os? - Tu Gu\u00eda","robots":{"index":"index","follow":"follow","max-snippet":"max-snippet:-1","max-image-preview":"max-image-preview:large","max-video-preview":"max-video-preview:-1"},"canonical":"https:\/\/tuguia.combarranquilla.co\/Revista\/como-te-visionas-en-los-proximos-anos\/","og_locale":"es_ES","og_type":"article","og_title":"\u00bfC\u00f3mo te visionas en los pr\u00f3ximos a\u00f1os? - Tu Gu\u00eda","og_description":"En la Caja de Compensaci\u00f3n tenemos claro el beneficio que queremos brindar a nuestros afiliados. Visionamos beneficios con el objetivo de promover el desarrollo humano, la integridad de la formaci\u00f3n y mejorar las condiciones de vida de nuestros estudiantes, como tambi\u00e9n su entorno. Trabajamos para desarrollar programas y actividades que enriquezcan una gran experiencia acad\u00e9mica. [&hellip;]","og_url":"https:\/\/tuguia.combarranquilla.co\/Revista\/como-te-visionas-en-los-proximos-anos\/","og_site_name":"Tu Gu\u00eda","article_published_time":"2024-05-08T16:07:17+00:00","article_modified_time":"2024-05-23T21:56:26+00:00","og_image":[{"width":2560,"height":1707,"url":"https:\/\/tuguia.combarranquilla.co\/Revista\/wp-content\/uploads\/2024\/05\/cheerful-mood-group-people-business-conference-modern-classroom-daytime-scaled.jpg","type":"image\/jpeg"}],"author":"Comunicaciones Combarranquilla","twitter_card":"summary_large_image","twitter_misc":{"Escrito por":"Comunicaciones Combarranquilla","Tiempo de lectura":"2 minutos"},"schema":{"@context":"https:\/\/schema.org","@graph":[{"@type":"Article","@id":"https:\/\/tuguia.combarranquilla.co\/Revista\/como-te-visionas-en-los-proximos-anos\/#article","isPartOf":{"@id":"https:\/\/tuguia.combarranquilla.co\/Revista\/como-te-visionas-en-los-proximos-anos\/"},"author":{"name":"Comunicaciones Combarranquilla","@id":"https:\/\/tuguia.combarranquilla.co\/Revista\/#\/schema\/person\/c2c396a77170bd1d5f8ba73294eb0d10"},"headline":"\u00bfC\u00f3mo te visionas en los pr\u00f3ximos a\u00f1os?","datePublished":"2024-05-08T16:07:17+00:00","dateModified":"2024-05-23T21:56:26+00:00","mainEntityOfPage":{"@id":"https:\/\/tuguia.combarranquilla.co\/Revista\/como-te-visionas-en-los-proximos-anos\/"},"wordCount":357,"commentCount":0,"publisher":{"@id":"https:\/\/tuguia.combarranquilla.co\/Revista\/#organization"},"image":{"@id":"https:\/\/tuguia.combarranquilla.co\/Revista\/como-te-visionas-en-los-proximos-anos\/#primaryimage"},"thumbnailUrl":"https:\/\/tuguia.combarranquilla.co\/Revista\/wp-content\/uploads\/2024\/05\/cheerful-mood-group-people-business-conference-modern-classroom-daytime-scaled.jpg","keywords":["estudios","tecnico"],"articleSection":["FORMACI\u00d3N"],"inLanguage":"es-CO","potentialAction":[{"@type":"CommentAction","name":"Comment","target":["https:\/\/tuguia.combarranquilla.co\/Revista\/como-te-visionas-en-los-proximos-anos\/#respond"]}]},{"@type":"WebPage","@id":"https:\/\/tuguia.combarranquilla.co\/Revista\/como-te-visionas-en-los-proximos-anos\/","url":"https:\/\/tuguia.combarranquilla.co\/Revista\/como-te-visionas-en-los-proximos-anos\/","name":"\u00bfC\u00f3mo te visionas en los pr\u00f3ximos a\u00f1os? - Tu Gu\u00eda","isPartOf":{"@id":"https:\/\/tuguia.combarranquilla.co\/Revista\/#website"},"primaryImageOfPage":{"@id":"https:\/\/tuguia.combarranquilla.co\/Revista\/como-te-visionas-en-los-proximos-anos\/#primaryimage"},"image":{"@id":"https:\/\/tuguia.combarranquilla.co\/Revista\/como-te-visionas-en-los-proximos-anos\/#primaryimage"},"thumbnailUrl":"https:\/\/tuguia.combarranquilla.co\/Revista\/wp-content\/uploads\/2024\/05\/cheerful-mood-group-people-business-conference-modern-classroom-daytime-scaled.jpg","datePublished":"2024-05-08T16:07:17+00:00","dateModified":"2024-05-23T21:56:26+00:00","breadcrumb":{"@id":"https:\/\/tuguia.combarranquilla.co\/Revista\/como-te-visionas-en-los-proximos-anos\/#breadcrumb"},"inLanguage":"es-CO","potentialAction":[{"@type":"ReadAction","target":["https:\/\/tuguia.combarranquilla.co\/Revista\/como-te-visionas-en-los-proximos-anos\/"]}]},{"@type":"ImageObject","inLanguage":"es-CO","@id":"https:\/\/tuguia.combarranquilla.co\/Revista\/como-te-visionas-en-los-proximos-anos\/#primaryimage","url":"https:\/\/tuguia.combarranquilla.co\/Revista\/wp-content\/uploads\/2024\/05\/cheerful-mood-group-people-business-conference-modern-classroom-daytime-scaled.jpg","contentUrl":"https:\/\/tuguia.combarranquilla.co\/Revista\/wp-content\/uploads\/2024\/05\/cheerful-mood-group-people-business-conference-modern-classroom-daytime-scaled.jpg","width":2560,"height":1707,"caption":"Cheerful mood. Group of people at business conference in modern classroom at daytime."},{"@type":"BreadcrumbList","@id":"https:\/\/tuguia.combarranquilla.co\/Revista\/como-te-visionas-en-los-proximos-anos\/#breadcrumb","itemListElement":[{"@type":"ListItem","position":1,"name":"Inicio","item":"https:\/\/tuguia.combarranquilla.co\/Revista\/"},{"@type":"ListItem","position":2,"name":"\u00bfC\u00f3mo te visionas en los pr\u00f3ximos a\u00f1os?"}]},{"@type":"WebSite","@id":"https:\/\/tuguia.combarranquilla.co\/Revista\/#website","url":"https:\/\/tuguia.combarranquilla.co\/Revista\/","name":"Tu Gu\u00eda","description":"La revista donde lo tienes todo.","publisher":{"@id":"https:\/\/tuguia.combarranquilla.co\/Revista\/#organization"},"alternateName":"Tu Gu\u00eda Combarranquilla","potentialAction":[{"@type":"SearchAction","target":{"@type":"EntryPoint","urlTemplate":"https:\/\/tuguia.combarranquilla.co\/Revista\/?s={search_term_string}"},"query-input":{"@type":"PropertyValueSpecification","valueRequired":true,"valueName":"search_term_string"}}],"inLanguage":"es-CO"},{"@type":"Organization","@id":"https:\/\/tuguia.combarranquilla.co\/Revista\/#organization","name":"Tu Gu\u00eda Combarranquilla","url":"https:\/\/tuguia.combarranquilla.co\/Revista\/","logo":{"@type":"ImageObject","inLanguage":"es-CO","@id":"https:\/\/tuguia.combarranquilla.co\/Revista\/#\/schema\/logo\/image\/","url":"https:\/\/tuguia.combarranquilla.co\/Revista\/wp-content\/uploads\/2022\/02\/logo-guia-combarranquilla.svg","contentUrl":"https:\/\/tuguia.combarranquilla.co\/Revista\/wp-content\/uploads\/2022\/02\/logo-guia-combarranquilla.svg","caption":"Tu Gu\u00eda Combarranquilla"},"image":{"@id":"https:\/\/tuguia.combarranquilla.co\/Revista\/#\/schema\/logo\/image\/"}},{"@type":"Person","@id":"https:\/\/tuguia.combarranquilla.co\/Revista\/#\/schema\/person\/c2c396a77170bd1d5f8ba73294eb0d10","name":"Comunicaciones Combarranquilla","image":{"@type":"ImageObject","inLanguage":"es-CO","@id":"https:\/\/tuguia.combarranquilla.co\/Revista\/wp-content\/uploads\/2025\/05\/ABC-Al-Rojo-Logo-96x96.jpg","url":"https:\/\/tuguia.combarranquilla.co\/Revista\/wp-content\/uploads\/2025\/05\/ABC-Al-Rojo-Logo-96x96.jpg","contentUrl":"https:\/\/tuguia.combarranquilla.co\/Revista\/wp-content\/uploads\/2025\/05\/ABC-Al-Rojo-Logo-96x96.jpg","caption":"Comunicaciones Combarranquilla"},"sameAs":["https:\/\/www.combarranquilla.co"],"url":"https:\/\/tuguia.combarranquilla.co\/Revista\/author\/comunicaciones\/"}]}},"_links":{"self":[{"href":"https:\/\/tuguia.combarranquilla.co\/Revista\/wp-json\/wp\/v2\/posts\/4248","targetHints":{"allow":["GET"]}}],"collection":[{"href":"https:\/\/tuguia.combarranquilla.co\/Revista\/wp-json\/wp\/v2\/posts"}],"about":[{"href":"https:\/\/tuguia.combarranquilla.co\/Revista\/wp-json\/wp\/v2\/types\/post"}],"author":[{"embeddable":true,"href":"https:\/\/tuguia.combarranquilla.co\/Revista\/wp-json\/wp\/v2\/users\/2"}],"replies":[{"embeddable":true,"href":"https:\/\/tuguia.combarranquilla.co\/Revista\/wp-json\/wp\/v2\/comments?post=4248"}],"version-history":[{"count":1,"href":"https:\/\/tuguia.combarranquilla.co\/Revista\/wp-json\/wp\/v2\/posts\/4248\/revisions"}],"predecessor-version":[{"id":4250,"href":"https:\/\/tuguia.combarranquilla.co\/Revista\/wp-json\/wp\/v2\/posts\/4248\/revisions\/4250"}],"wp:featuredmedia":[{"embeddable":true,"href":"https:\/\/tuguia.combarranquilla.co\/Revista\/wp-json\/wp\/v2\/media\/4249"}],"wp:attachment":[{"href":"https:\/\/tuguia.combarranquilla.co\/Revista\/wp-json\/wp\/v2\/media?parent=4248"}],"wp:term":[{"taxonomy":"category","embeddable":true,"href":"https:\/\/tuguia.combarranquilla.co\/Revista\/wp-json\/wp\/v2\/categories?post=4248"},{"taxonomy":"post_tag","embeddable":true,"href":"https:\/\/tuguia.combarranquilla.co\/Revista\/wp-json\/wp\/v2\/tags?post=4248"}],"curies":[{"name":"wp","href":"https:\/\/api.w.org\/{rel}","templated":true}]}}