{"id":4299,"date":"2024-06-14T14:47:16","date_gmt":"2024-06-14T19:47:16","guid":{"rendered":"https:\/\/tuguia.combarranquilla.co\/Revista\/?p=4299"},"modified":"2024-06-18T09:08:30","modified_gmt":"2024-06-18T14:08:30","slug":"descubre-la-fusion-de-sabores-en-nuestro-festival-de-comida-nikkei","status":"publish","type":"post","link":"https:\/\/tuguia.combarranquilla.co\/Revista\/descubre-la-fusion-de-sabores-en-nuestro-festival-de-comida-nikkei\/","title":{"rendered":"Descubre la fusi\u00f3n de sabores en nuestro Festival de Comida Nikkei"},"content":{"rendered":"\n<p class=\"has-medium-font-size\">Un evento gastron\u00f3mico que promete deleitar los paladares de los asistentes. Este festival se llevar\u00e1 a cabo los d\u00edas 27, 28, 29 y 30 de junio desde las 12:00 m. hasta las 3:00 p.m., en el restaurante Mirador del R\u00edo, ubicado en el tercer piso de la Unidad Country.<\/p>\n\n\n\n<p class=\"has-medium-font-size\">Durante varios d\u00edas podr\u00e1s tener la oportunidad de explorar la deliciosa tradici\u00f3n culinaria que combina una fusi\u00f3n de sabores de la cocina japonesa y peruana.<\/p>\n\n\n\n<h2 class=\"wp-block-heading has-text-align-center\">\u00bfQu\u00e9 es la gastronom\u00eda Nikkei?<\/h2>\n\n\n\n<p class=\"has-medium-font-size\">La gastronom\u00eda Nikkei surge de la mezcla entre la cocina japonesa y la peruana. Se basa en las t\u00e9cnicas y cortes japoneses; y en la profusi\u00f3n de los sabores peruanos. Como muchas cocinas fusi\u00f3n, surge gracias a la inmigraci\u00f3n y la mezcla de culturas que supone.<br><strong>Fuente<\/strong> <a href=\"https:\/\/misssushi.es\/conoces-la-cocina-nikkei\/\">https:\/\/misssushi.es\/conoces-la-cocina-nikkei\/<\/a><\/p>\n\n\n\n<h2 class=\"wp-block-heading has-text-align-center\">Experiencias Gastron\u00f3micas<\/h2>\n\n\n\n<p class=\"has-medium-font-size\">Durante el festival, los visitantes podr\u00e1n disfrutar de una gran variedad de platos ic\u00f3nicos de la cocina Nikkei, preparados con mucho amor por nuestro chef.<\/p>\n\n\n\n<h2 class=\"wp-block-heading\">Gyozas de Cerdo y Camar\u00f3n<\/h2>\n\n\n\n<p class=\"has-medium-font-size\">Empanaditas japonesas acompa\u00f1adas de salsa soya y vinagre de arroz (3 unidades).<\/p>\n\n\n\n<figure class=\"wp-block-image size-large is-resized\"><img decoding=\"async\" width=\"1024\" height=\"682\" data-src=\"https:\/\/tuguia.combarranquilla.co\/Revista\/wp-content\/uploads\/2024\/06\/gyoza-dumplings-close-up-asian-food-menu-appetizers-1024x682.jpg\" alt=\"\" class=\"wp-image-4302 lazyload\" style=\"--smush-placeholder-width: 1024px; --smush-placeholder-aspect-ratio: 1024\/682;width:602px;height:auto\" data-srcset=\"https:\/\/tuguia.combarranquilla.co\/Revista\/wp-content\/uploads\/2024\/06\/gyoza-dumplings-close-up-asian-food-menu-appetizers-1024x682.jpg 1024w, https:\/\/tuguia.combarranquilla.co\/Revista\/wp-content\/uploads\/2024\/06\/gyoza-dumplings-close-up-asian-food-menu-appetizers-300x200.jpg 300w, https:\/\/tuguia.combarranquilla.co\/Revista\/wp-content\/uploads\/2024\/06\/gyoza-dumplings-close-up-asian-food-menu-appetizers-768x512.jpg 768w, https:\/\/tuguia.combarranquilla.co\/Revista\/wp-content\/uploads\/2024\/06\/gyoza-dumplings-close-up-asian-food-menu-appetizers-1536x1024.jpg 1536w, https:\/\/tuguia.combarranquilla.co\/Revista\/wp-content\/uploads\/2024\/06\/gyoza-dumplings-close-up-asian-food-menu-appetizers-2048x1365.jpg 2048w\" data-sizes=\"(max-width: 1024px) 100vw, 1024px\" src=\"data:image\/svg+xml;base64,PHN2ZyB3aWR0aD0iMSIgaGVpZ2h0PSIxIiB4bWxucz0iaHR0cDovL3d3dy53My5vcmcvMjAwMC9zdmciPjwvc3ZnPg==\" \/><figcaption class=\"wp-element-caption\">Imagen de referencia<\/figcaption><\/figure>\n\n\n\n<h2 class=\"wp-block-heading\">Lomo Saltado Nikkei<\/h2>\n\n\n\n<p class=\"has-medium-font-size\">Lomo con cebolla, pimientos, tomate, salsa de aj\u00ed amarillo con soya, servido con arroz frito.<\/p>\n\n\n\n<figure class=\"wp-block-image size-large is-resized\"><img decoding=\"async\" width=\"1024\" height=\"585\" data-src=\"https:\/\/tuguia.combarranquilla.co\/Revista\/wp-content\/uploads\/2024\/06\/grilled-beef-vegetable-stir-fry-plate-generated-by-ai-1024x585.jpg\" alt=\"\" class=\"wp-image-4303 lazyload\" style=\"--smush-placeholder-width: 1024px; --smush-placeholder-aspect-ratio: 1024\/585;width:605px;height:auto\" data-srcset=\"https:\/\/tuguia.combarranquilla.co\/Revista\/wp-content\/uploads\/2024\/06\/grilled-beef-vegetable-stir-fry-plate-generated-by-ai-1024x585.jpg 1024w, https:\/\/tuguia.combarranquilla.co\/Revista\/wp-content\/uploads\/2024\/06\/grilled-beef-vegetable-stir-fry-plate-generated-by-ai-300x171.jpg 300w, https:\/\/tuguia.combarranquilla.co\/Revista\/wp-content\/uploads\/2024\/06\/grilled-beef-vegetable-stir-fry-plate-generated-by-ai-768x439.jpg 768w, https:\/\/tuguia.combarranquilla.co\/Revista\/wp-content\/uploads\/2024\/06\/grilled-beef-vegetable-stir-fry-plate-generated-by-ai-1536x878.jpg 1536w, https:\/\/tuguia.combarranquilla.co\/Revista\/wp-content\/uploads\/2024\/06\/grilled-beef-vegetable-stir-fry-plate-generated-by-ai-2048x1170.jpg 2048w\" data-sizes=\"(max-width: 1024px) 100vw, 1024px\" src=\"data:image\/svg+xml;base64,PHN2ZyB3aWR0aD0iMSIgaGVpZ2h0PSIxIiB4bWxucz0iaHR0cDovL3d3dy53My5vcmcvMjAwMC9zdmciPjwvc3ZnPg==\" \/><figcaption class=\"wp-element-caption\">Imagen de referencia<\/figcaption><\/figure>\n\n\n\n<h2 class=\"wp-block-heading\">Tallarines Salteados con Tiras de Cerdo<\/h2>\n\n\n\n<p class=\"has-medium-font-size\">Fideos salteados al wok, tiras de lomo de cerdo, vegetales con soya y salsa de osti\u00f3n.<\/p>\n\n\n\n<figure class=\"wp-block-image size-large is-resized\"><img decoding=\"async\" width=\"1024\" height=\"665\" data-src=\"https:\/\/tuguia.combarranquilla.co\/Revista\/wp-content\/uploads\/2024\/06\/close-up-bowl-vegetables-noodles-1024x665.jpg\" alt=\"\" class=\"wp-image-4306 lazyload\" style=\"--smush-placeholder-width: 1024px; --smush-placeholder-aspect-ratio: 1024\/665;width:609px;height:auto\" data-srcset=\"https:\/\/tuguia.combarranquilla.co\/Revista\/wp-content\/uploads\/2024\/06\/close-up-bowl-vegetables-noodles-1024x665.jpg 1024w, https:\/\/tuguia.combarranquilla.co\/Revista\/wp-content\/uploads\/2024\/06\/close-up-bowl-vegetables-noodles-300x195.jpg 300w, https:\/\/tuguia.combarranquilla.co\/Revista\/wp-content\/uploads\/2024\/06\/close-up-bowl-vegetables-noodles-768x499.jpg 768w, https:\/\/tuguia.combarranquilla.co\/Revista\/wp-content\/uploads\/2024\/06\/close-up-bowl-vegetables-noodles-1536x998.jpg 1536w, https:\/\/tuguia.combarranquilla.co\/Revista\/wp-content\/uploads\/2024\/06\/close-up-bowl-vegetables-noodles-2048x1330.jpg 2048w\" data-sizes=\"(max-width: 1024px) 100vw, 1024px\" src=\"data:image\/svg+xml;base64,PHN2ZyB3aWR0aD0iMSIgaGVpZ2h0PSIxIiB4bWxucz0iaHR0cDovL3d3dy53My5vcmcvMjAwMC9zdmciPjwvc3ZnPg==\" \/><figcaption class=\"wp-element-caption\">Imagen de referencia<\/figcaption><\/figure>\n\n\n\n<h2 class=\"wp-block-heading\">Postre Recomendado<\/h2>\n\n\n\n<p class=\"has-medium-font-size\">Suspiro Lime\u00f1o<\/p>\n\n\n\n<figure class=\"wp-block-image size-large is-resized\"><img decoding=\"async\" width=\"1024\" height=\"574\" data-src=\"https:\/\/tuguia.combarranquilla.co\/Revista\/wp-content\/uploads\/2024\/06\/ai-generated-cake-picture-1024x574.jpg\" alt=\"\" class=\"wp-image-4307 lazyload\" style=\"--smush-placeholder-width: 1024px; --smush-placeholder-aspect-ratio: 1024\/574;width:611px;height:auto\" data-srcset=\"https:\/\/tuguia.combarranquilla.co\/Revista\/wp-content\/uploads\/2024\/06\/ai-generated-cake-picture-1024x574.jpg 1024w, https:\/\/tuguia.combarranquilla.co\/Revista\/wp-content\/uploads\/2024\/06\/ai-generated-cake-picture-300x168.jpg 300w, https:\/\/tuguia.combarranquilla.co\/Revista\/wp-content\/uploads\/2024\/06\/ai-generated-cake-picture-768x430.jpg 768w, https:\/\/tuguia.combarranquilla.co\/Revista\/wp-content\/uploads\/2024\/06\/ai-generated-cake-picture-1536x861.jpg 1536w, https:\/\/tuguia.combarranquilla.co\/Revista\/wp-content\/uploads\/2024\/06\/ai-generated-cake-picture-2048x1148.jpg 2048w\" data-sizes=\"(max-width: 1024px) 100vw, 1024px\" src=\"data:image\/svg+xml;base64,PHN2ZyB3aWR0aD0iMSIgaGVpZ2h0PSIxIiB4bWxucz0iaHR0cDovL3d3dy53My5vcmcvMjAwMC9zdmciPjwvc3ZnPg==\" \/><figcaption class=\"wp-element-caption\">Imagen de referencia <\/figcaption><\/figure>\n\n\n\n<p><\/p>\n\n\n\n<p class=\"has-medium-font-size\">El festival de comida Nikkei es una cita imperdible para los amantes de la buena cocina y para todos aquellos que desean descubrir nuevas fusiones. <\/p>\n\n\n\n<h2 class=\"wp-block-heading has-text-align-center\">\u00a1Te esperamos! <\/h2>\n","protected":false},"excerpt":{"rendered":"<p>Un evento gastron\u00f3mico que promete deleitar los paladares de los asistentes. Este festival se llevar\u00e1 a cabo los d\u00edas 27, 28, 29 y 30 de junio desde las 12:00 m. hasta las 3:00 p.m., en el restaurante Mirador del R\u00edo, ubicado en el tercer piso de la Unidad Country. Durante varios d\u00edas podr\u00e1s tener la [&hellip;]<\/p>\n","protected":false},"author":2,"featured_media":4300,"comment_status":"open","ping_status":"open","sticky":false,"template":"","format":"standard","meta":{"inline_featured_image":false,"footnotes":""},"categories":[3],"tags":[],"class_list":["post-4299","post","type-post","status-publish","format-standard","has-post-thumbnail","hentry","category-mirador-gastronomico"],"yoast_head":"<!-- This site is optimized with the Yoast SEO plugin v27.4 - https:\/\/yoast.com\/product\/yoast-seo-wordpress\/ -->\n<title>Descubre la fusi\u00f3n de sabores en nuestro Festival de Comida Nikkei - Tu Gu\u00eda<\/title>\n<meta name=\"robots\" content=\"index, follow, max-snippet:-1, max-image-preview:large, max-video-preview:-1\" \/>\n<link rel=\"canonical\" href=\"https:\/\/tuguia.combarranquilla.co\/Revista\/descubre-la-fusion-de-sabores-en-nuestro-festival-de-comida-nikkei\/\" \/>\n<meta property=\"og:locale\" content=\"es_ES\" \/>\n<meta property=\"og:type\" content=\"article\" \/>\n<meta property=\"og:title\" content=\"Descubre la fusi\u00f3n de sabores en nuestro Festival de Comida Nikkei - Tu Gu\u00eda\" \/>\n<meta property=\"og:description\" content=\"Un evento gastron\u00f3mico que promete deleitar los paladares de los asistentes. Este festival se llevar\u00e1 a cabo los d\u00edas 27, 28, 29 y 30 de junio desde las 12:00 m. hasta las 3:00 p.m., en el restaurante Mirador del R\u00edo, ubicado en el tercer piso de la Unidad Country. Durante varios d\u00edas podr\u00e1s tener la [&hellip;]\" \/>\n<meta property=\"og:url\" content=\"https:\/\/tuguia.combarranquilla.co\/Revista\/descubre-la-fusion-de-sabores-en-nuestro-festival-de-comida-nikkei\/\" \/>\n<meta property=\"og:site_name\" content=\"Tu Gu\u00eda\" \/>\n<meta property=\"article:published_time\" content=\"2024-06-14T19:47:16+00:00\" \/>\n<meta property=\"article:modified_time\" content=\"2024-06-18T14:08:30+00:00\" \/>\n<meta property=\"og:image\" content=\"https:\/\/tuguia.combarranquilla.co\/Revista\/wp-content\/uploads\/2024\/06\/top-view-delicious-noodles-concept-scaled.jpg\" \/>\n\t<meta property=\"og:image:width\" content=\"2560\" \/>\n\t<meta property=\"og:image:height\" content=\"1707\" \/>\n\t<meta property=\"og:image:type\" content=\"image\/jpeg\" \/>\n<meta name=\"author\" content=\"Comunicaciones Combarranquilla\" \/>\n<meta name=\"twitter:card\" content=\"summary_large_image\" \/>\n<meta name=\"twitter:label1\" content=\"Escrito por\" \/>\n\t<meta name=\"twitter:data1\" content=\"Comunicaciones Combarranquilla\" \/>\n\t<meta name=\"twitter:label2\" content=\"Tiempo de lectura\" \/>\n\t<meta name=\"twitter:data2\" content=\"1 minuto\" \/>\n<script type=\"application\/ld+json\" class=\"yoast-schema-graph\">{\"@context\":\"https:\\\/\\\/schema.org\",\"@graph\":[{\"@type\":\"Article\",\"@id\":\"https:\\\/\\\/tuguia.combarranquilla.co\\\/Revista\\\/descubre-la-fusion-de-sabores-en-nuestro-festival-de-comida-nikkei\\\/#article\",\"isPartOf\":{\"@id\":\"https:\\\/\\\/tuguia.combarranquilla.co\\\/Revista\\\/descubre-la-fusion-de-sabores-en-nuestro-festival-de-comida-nikkei\\\/\"},\"author\":{\"name\":\"Comunicaciones Combarranquilla\",\"@id\":\"https:\\\/\\\/tuguia.combarranquilla.co\\\/Revista\\\/#\\\/schema\\\/person\\\/c2c396a77170bd1d5f8ba73294eb0d10\"},\"headline\":\"Descubre la fusi\u00f3n de sabores en nuestro Festival de Comida Nikkei\",\"datePublished\":\"2024-06-14T19:47:16+00:00\",\"dateModified\":\"2024-06-18T14:08:30+00:00\",\"mainEntityOfPage\":{\"@id\":\"https:\\\/\\\/tuguia.combarranquilla.co\\\/Revista\\\/descubre-la-fusion-de-sabores-en-nuestro-festival-de-comida-nikkei\\\/\"},\"wordCount\":283,\"commentCount\":0,\"publisher\":{\"@id\":\"https:\\\/\\\/tuguia.combarranquilla.co\\\/Revista\\\/#organization\"},\"image\":{\"@id\":\"https:\\\/\\\/tuguia.combarranquilla.co\\\/Revista\\\/descubre-la-fusion-de-sabores-en-nuestro-festival-de-comida-nikkei\\\/#primaryimage\"},\"thumbnailUrl\":\"https:\\\/\\\/tuguia.combarranquilla.co\\\/Revista\\\/wp-content\\\/uploads\\\/2024\\\/06\\\/top-view-delicious-noodles-concept-scaled.jpg\",\"articleSection\":[\"MIRADOR GASTRON\u00d3MICO\"],\"inLanguage\":\"es-CO\",\"potentialAction\":[{\"@type\":\"CommentAction\",\"name\":\"Comment\",\"target\":[\"https:\\\/\\\/tuguia.combarranquilla.co\\\/Revista\\\/descubre-la-fusion-de-sabores-en-nuestro-festival-de-comida-nikkei\\\/#respond\"]}]},{\"@type\":\"WebPage\",\"@id\":\"https:\\\/\\\/tuguia.combarranquilla.co\\\/Revista\\\/descubre-la-fusion-de-sabores-en-nuestro-festival-de-comida-nikkei\\\/\",\"url\":\"https:\\\/\\\/tuguia.combarranquilla.co\\\/Revista\\\/descubre-la-fusion-de-sabores-en-nuestro-festival-de-comida-nikkei\\\/\",\"name\":\"Descubre la fusi\u00f3n de sabores en nuestro Festival de Comida Nikkei - Tu Gu\u00eda\",\"isPartOf\":{\"@id\":\"https:\\\/\\\/tuguia.combarranquilla.co\\\/Revista\\\/#website\"},\"primaryImageOfPage\":{\"@id\":\"https:\\\/\\\/tuguia.combarranquilla.co\\\/Revista\\\/descubre-la-fusion-de-sabores-en-nuestro-festival-de-comida-nikkei\\\/#primaryimage\"},\"image\":{\"@id\":\"https:\\\/\\\/tuguia.combarranquilla.co\\\/Revista\\\/descubre-la-fusion-de-sabores-en-nuestro-festival-de-comida-nikkei\\\/#primaryimage\"},\"thumbnailUrl\":\"https:\\\/\\\/tuguia.combarranquilla.co\\\/Revista\\\/wp-content\\\/uploads\\\/2024\\\/06\\\/top-view-delicious-noodles-concept-scaled.jpg\",\"datePublished\":\"2024-06-14T19:47:16+00:00\",\"dateModified\":\"2024-06-18T14:08:30+00:00\",\"breadcrumb\":{\"@id\":\"https:\\\/\\\/tuguia.combarranquilla.co\\\/Revista\\\/descubre-la-fusion-de-sabores-en-nuestro-festival-de-comida-nikkei\\\/#breadcrumb\"},\"inLanguage\":\"es-CO\",\"potentialAction\":[{\"@type\":\"ReadAction\",\"target\":[\"https:\\\/\\\/tuguia.combarranquilla.co\\\/Revista\\\/descubre-la-fusion-de-sabores-en-nuestro-festival-de-comida-nikkei\\\/\"]}]},{\"@type\":\"ImageObject\",\"inLanguage\":\"es-CO\",\"@id\":\"https:\\\/\\\/tuguia.combarranquilla.co\\\/Revista\\\/descubre-la-fusion-de-sabores-en-nuestro-festival-de-comida-nikkei\\\/#primaryimage\",\"url\":\"https:\\\/\\\/tuguia.combarranquilla.co\\\/Revista\\\/wp-content\\\/uploads\\\/2024\\\/06\\\/top-view-delicious-noodles-concept-scaled.jpg\",\"contentUrl\":\"https:\\\/\\\/tuguia.combarranquilla.co\\\/Revista\\\/wp-content\\\/uploads\\\/2024\\\/06\\\/top-view-delicious-noodles-concept-scaled.jpg\",\"width\":2560,\"height\":1707,\"caption\":\"Imagen de referencia\"},{\"@type\":\"BreadcrumbList\",\"@id\":\"https:\\\/\\\/tuguia.combarranquilla.co\\\/Revista\\\/descubre-la-fusion-de-sabores-en-nuestro-festival-de-comida-nikkei\\\/#breadcrumb\",\"itemListElement\":[{\"@type\":\"ListItem\",\"position\":1,\"name\":\"Inicio\",\"item\":\"https:\\\/\\\/tuguia.combarranquilla.co\\\/Revista\\\/\"},{\"@type\":\"ListItem\",\"position\":2,\"name\":\"Descubre la fusi\u00f3n de sabores en nuestro Festival de Comida Nikkei\"}]},{\"@type\":\"WebSite\",\"@id\":\"https:\\\/\\\/tuguia.combarranquilla.co\\\/Revista\\\/#website\",\"url\":\"https:\\\/\\\/tuguia.combarranquilla.co\\\/Revista\\\/\",\"name\":\"Tu Gu\u00eda\",\"description\":\"La revista donde lo tienes todo.\",\"publisher\":{\"@id\":\"https:\\\/\\\/tuguia.combarranquilla.co\\\/Revista\\\/#organization\"},\"alternateName\":\"Tu Gu\u00eda Combarranquilla\",\"potentialAction\":[{\"@type\":\"SearchAction\",\"target\":{\"@type\":\"EntryPoint\",\"urlTemplate\":\"https:\\\/\\\/tuguia.combarranquilla.co\\\/Revista\\\/?s={search_term_string}\"},\"query-input\":{\"@type\":\"PropertyValueSpecification\",\"valueRequired\":true,\"valueName\":\"search_term_string\"}}],\"inLanguage\":\"es-CO\"},{\"@type\":\"Organization\",\"@id\":\"https:\\\/\\\/tuguia.combarranquilla.co\\\/Revista\\\/#organization\",\"name\":\"Tu Gu\u00eda Combarranquilla\",\"url\":\"https:\\\/\\\/tuguia.combarranquilla.co\\\/Revista\\\/\",\"logo\":{\"@type\":\"ImageObject\",\"inLanguage\":\"es-CO\",\"@id\":\"https:\\\/\\\/tuguia.combarranquilla.co\\\/Revista\\\/#\\\/schema\\\/logo\\\/image\\\/\",\"url\":\"https:\\\/\\\/tuguia.combarranquilla.co\\\/Revista\\\/wp-content\\\/uploads\\\/2022\\\/02\\\/logo-guia-combarranquilla.svg\",\"contentUrl\":\"https:\\\/\\\/tuguia.combarranquilla.co\\\/Revista\\\/wp-content\\\/uploads\\\/2022\\\/02\\\/logo-guia-combarranquilla.svg\",\"caption\":\"Tu Gu\u00eda Combarranquilla\"},\"image\":{\"@id\":\"https:\\\/\\\/tuguia.combarranquilla.co\\\/Revista\\\/#\\\/schema\\\/logo\\\/image\\\/\"}},{\"@type\":\"Person\",\"@id\":\"https:\\\/\\\/tuguia.combarranquilla.co\\\/Revista\\\/#\\\/schema\\\/person\\\/c2c396a77170bd1d5f8ba73294eb0d10\",\"name\":\"Comunicaciones Combarranquilla\",\"image\":{\"@type\":\"ImageObject\",\"inLanguage\":\"es-CO\",\"@id\":\"https:\\\/\\\/tuguia.combarranquilla.co\\\/Revista\\\/wp-content\\\/uploads\\\/2025\\\/05\\\/ABC-Al-Rojo-Logo-96x96.jpg\",\"url\":\"https:\\\/\\\/tuguia.combarranquilla.co\\\/Revista\\\/wp-content\\\/uploads\\\/2025\\\/05\\\/ABC-Al-Rojo-Logo-96x96.jpg\",\"contentUrl\":\"https:\\\/\\\/tuguia.combarranquilla.co\\\/Revista\\\/wp-content\\\/uploads\\\/2025\\\/05\\\/ABC-Al-Rojo-Logo-96x96.jpg\",\"caption\":\"Comunicaciones Combarranquilla\"},\"sameAs\":[\"https:\\\/\\\/www.combarranquilla.co\"],\"url\":\"https:\\\/\\\/tuguia.combarranquilla.co\\\/Revista\\\/author\\\/comunicaciones\\\/\"}]}<\/script>\n<!-- \/ Yoast SEO plugin. -->","yoast_head_json":{"title":"Descubre la fusi\u00f3n de sabores en nuestro Festival de Comida Nikkei - Tu Gu\u00eda","robots":{"index":"index","follow":"follow","max-snippet":"max-snippet:-1","max-image-preview":"max-image-preview:large","max-video-preview":"max-video-preview:-1"},"canonical":"https:\/\/tuguia.combarranquilla.co\/Revista\/descubre-la-fusion-de-sabores-en-nuestro-festival-de-comida-nikkei\/","og_locale":"es_ES","og_type":"article","og_title":"Descubre la fusi\u00f3n de sabores en nuestro Festival de Comida Nikkei - Tu Gu\u00eda","og_description":"Un evento gastron\u00f3mico que promete deleitar los paladares de los asistentes. Este festival se llevar\u00e1 a cabo los d\u00edas 27, 28, 29 y 30 de junio desde las 12:00 m. hasta las 3:00 p.m., en el restaurante Mirador del R\u00edo, ubicado en el tercer piso de la Unidad Country. Durante varios d\u00edas podr\u00e1s tener la [&hellip;]","og_url":"https:\/\/tuguia.combarranquilla.co\/Revista\/descubre-la-fusion-de-sabores-en-nuestro-festival-de-comida-nikkei\/","og_site_name":"Tu Gu\u00eda","article_published_time":"2024-06-14T19:47:16+00:00","article_modified_time":"2024-06-18T14:08:30+00:00","og_image":[{"width":2560,"height":1707,"url":"https:\/\/tuguia.combarranquilla.co\/Revista\/wp-content\/uploads\/2024\/06\/top-view-delicious-noodles-concept-scaled.jpg","type":"image\/jpeg"}],"author":"Comunicaciones Combarranquilla","twitter_card":"summary_large_image","twitter_misc":{"Escrito por":"Comunicaciones Combarranquilla","Tiempo de lectura":"1 minuto"},"schema":{"@context":"https:\/\/schema.org","@graph":[{"@type":"Article","@id":"https:\/\/tuguia.combarranquilla.co\/Revista\/descubre-la-fusion-de-sabores-en-nuestro-festival-de-comida-nikkei\/#article","isPartOf":{"@id":"https:\/\/tuguia.combarranquilla.co\/Revista\/descubre-la-fusion-de-sabores-en-nuestro-festival-de-comida-nikkei\/"},"author":{"name":"Comunicaciones Combarranquilla","@id":"https:\/\/tuguia.combarranquilla.co\/Revista\/#\/schema\/person\/c2c396a77170bd1d5f8ba73294eb0d10"},"headline":"Descubre la fusi\u00f3n de sabores en nuestro Festival de Comida Nikkei","datePublished":"2024-06-14T19:47:16+00:00","dateModified":"2024-06-18T14:08:30+00:00","mainEntityOfPage":{"@id":"https:\/\/tuguia.combarranquilla.co\/Revista\/descubre-la-fusion-de-sabores-en-nuestro-festival-de-comida-nikkei\/"},"wordCount":283,"commentCount":0,"publisher":{"@id":"https:\/\/tuguia.combarranquilla.co\/Revista\/#organization"},"image":{"@id":"https:\/\/tuguia.combarranquilla.co\/Revista\/descubre-la-fusion-de-sabores-en-nuestro-festival-de-comida-nikkei\/#primaryimage"},"thumbnailUrl":"https:\/\/tuguia.combarranquilla.co\/Revista\/wp-content\/uploads\/2024\/06\/top-view-delicious-noodles-concept-scaled.jpg","articleSection":["MIRADOR GASTRON\u00d3MICO"],"inLanguage":"es-CO","potentialAction":[{"@type":"CommentAction","name":"Comment","target":["https:\/\/tuguia.combarranquilla.co\/Revista\/descubre-la-fusion-de-sabores-en-nuestro-festival-de-comida-nikkei\/#respond"]}]},{"@type":"WebPage","@id":"https:\/\/tuguia.combarranquilla.co\/Revista\/descubre-la-fusion-de-sabores-en-nuestro-festival-de-comida-nikkei\/","url":"https:\/\/tuguia.combarranquilla.co\/Revista\/descubre-la-fusion-de-sabores-en-nuestro-festival-de-comida-nikkei\/","name":"Descubre la fusi\u00f3n de sabores en nuestro Festival de Comida Nikkei - Tu Gu\u00eda","isPartOf":{"@id":"https:\/\/tuguia.combarranquilla.co\/Revista\/#website"},"primaryImageOfPage":{"@id":"https:\/\/tuguia.combarranquilla.co\/Revista\/descubre-la-fusion-de-sabores-en-nuestro-festival-de-comida-nikkei\/#primaryimage"},"image":{"@id":"https:\/\/tuguia.combarranquilla.co\/Revista\/descubre-la-fusion-de-sabores-en-nuestro-festival-de-comida-nikkei\/#primaryimage"},"thumbnailUrl":"https:\/\/tuguia.combarranquilla.co\/Revista\/wp-content\/uploads\/2024\/06\/top-view-delicious-noodles-concept-scaled.jpg","datePublished":"2024-06-14T19:47:16+00:00","dateModified":"2024-06-18T14:08:30+00:00","breadcrumb":{"@id":"https:\/\/tuguia.combarranquilla.co\/Revista\/descubre-la-fusion-de-sabores-en-nuestro-festival-de-comida-nikkei\/#breadcrumb"},"inLanguage":"es-CO","potentialAction":[{"@type":"ReadAction","target":["https:\/\/tuguia.combarranquilla.co\/Revista\/descubre-la-fusion-de-sabores-en-nuestro-festival-de-comida-nikkei\/"]}]},{"@type":"ImageObject","inLanguage":"es-CO","@id":"https:\/\/tuguia.combarranquilla.co\/Revista\/descubre-la-fusion-de-sabores-en-nuestro-festival-de-comida-nikkei\/#primaryimage","url":"https:\/\/tuguia.combarranquilla.co\/Revista\/wp-content\/uploads\/2024\/06\/top-view-delicious-noodles-concept-scaled.jpg","contentUrl":"https:\/\/tuguia.combarranquilla.co\/Revista\/wp-content\/uploads\/2024\/06\/top-view-delicious-noodles-concept-scaled.jpg","width":2560,"height":1707,"caption":"Imagen de referencia"},{"@type":"BreadcrumbList","@id":"https:\/\/tuguia.combarranquilla.co\/Revista\/descubre-la-fusion-de-sabores-en-nuestro-festival-de-comida-nikkei\/#breadcrumb","itemListElement":[{"@type":"ListItem","position":1,"name":"Inicio","item":"https:\/\/tuguia.combarranquilla.co\/Revista\/"},{"@type":"ListItem","position":2,"name":"Descubre la fusi\u00f3n de sabores en nuestro Festival de Comida Nikkei"}]},{"@type":"WebSite","@id":"https:\/\/tuguia.combarranquilla.co\/Revista\/#website","url":"https:\/\/tuguia.combarranquilla.co\/Revista\/","name":"Tu Gu\u00eda","description":"La revista donde lo tienes todo.","publisher":{"@id":"https:\/\/tuguia.combarranquilla.co\/Revista\/#organization"},"alternateName":"Tu Gu\u00eda Combarranquilla","potentialAction":[{"@type":"SearchAction","target":{"@type":"EntryPoint","urlTemplate":"https:\/\/tuguia.combarranquilla.co\/Revista\/?s={search_term_string}"},"query-input":{"@type":"PropertyValueSpecification","valueRequired":true,"valueName":"search_term_string"}}],"inLanguage":"es-CO"},{"@type":"Organization","@id":"https:\/\/tuguia.combarranquilla.co\/Revista\/#organization","name":"Tu Gu\u00eda Combarranquilla","url":"https:\/\/tuguia.combarranquilla.co\/Revista\/","logo":{"@type":"ImageObject","inLanguage":"es-CO","@id":"https:\/\/tuguia.combarranquilla.co\/Revista\/#\/schema\/logo\/image\/","url":"https:\/\/tuguia.combarranquilla.co\/Revista\/wp-content\/uploads\/2022\/02\/logo-guia-combarranquilla.svg","contentUrl":"https:\/\/tuguia.combarranquilla.co\/Revista\/wp-content\/uploads\/2022\/02\/logo-guia-combarranquilla.svg","caption":"Tu Gu\u00eda Combarranquilla"},"image":{"@id":"https:\/\/tuguia.combarranquilla.co\/Revista\/#\/schema\/logo\/image\/"}},{"@type":"Person","@id":"https:\/\/tuguia.combarranquilla.co\/Revista\/#\/schema\/person\/c2c396a77170bd1d5f8ba73294eb0d10","name":"Comunicaciones Combarranquilla","image":{"@type":"ImageObject","inLanguage":"es-CO","@id":"https:\/\/tuguia.combarranquilla.co\/Revista\/wp-content\/uploads\/2025\/05\/ABC-Al-Rojo-Logo-96x96.jpg","url":"https:\/\/tuguia.combarranquilla.co\/Revista\/wp-content\/uploads\/2025\/05\/ABC-Al-Rojo-Logo-96x96.jpg","contentUrl":"https:\/\/tuguia.combarranquilla.co\/Revista\/wp-content\/uploads\/2025\/05\/ABC-Al-Rojo-Logo-96x96.jpg","caption":"Comunicaciones Combarranquilla"},"sameAs":["https:\/\/www.combarranquilla.co"],"url":"https:\/\/tuguia.combarranquilla.co\/Revista\/author\/comunicaciones\/"}]}},"_links":{"self":[{"href":"https:\/\/tuguia.combarranquilla.co\/Revista\/wp-json\/wp\/v2\/posts\/4299","targetHints":{"allow":["GET"]}}],"collection":[{"href":"https:\/\/tuguia.combarranquilla.co\/Revista\/wp-json\/wp\/v2\/posts"}],"about":[{"href":"https:\/\/tuguia.combarranquilla.co\/Revista\/wp-json\/wp\/v2\/types\/post"}],"author":[{"embeddable":true,"href":"https:\/\/tuguia.combarranquilla.co\/Revista\/wp-json\/wp\/v2\/users\/2"}],"replies":[{"embeddable":true,"href":"https:\/\/tuguia.combarranquilla.co\/Revista\/wp-json\/wp\/v2\/comments?post=4299"}],"version-history":[{"count":8,"href":"https:\/\/tuguia.combarranquilla.co\/Revista\/wp-json\/wp\/v2\/posts\/4299\/revisions"}],"predecessor-version":[{"id":4327,"href":"https:\/\/tuguia.combarranquilla.co\/Revista\/wp-json\/wp\/v2\/posts\/4299\/revisions\/4327"}],"wp:featuredmedia":[{"embeddable":true,"href":"https:\/\/tuguia.combarranquilla.co\/Revista\/wp-json\/wp\/v2\/media\/4300"}],"wp:attachment":[{"href":"https:\/\/tuguia.combarranquilla.co\/Revista\/wp-json\/wp\/v2\/media?parent=4299"}],"wp:term":[{"taxonomy":"category","embeddable":true,"href":"https:\/\/tuguia.combarranquilla.co\/Revista\/wp-json\/wp\/v2\/categories?post=4299"},{"taxonomy":"post_tag","embeddable":true,"href":"https:\/\/tuguia.combarranquilla.co\/Revista\/wp-json\/wp\/v2\/tags?post=4299"}],"curies":[{"name":"wp","href":"https:\/\/api.w.org\/{rel}","templated":true}]}}