{"id":4333,"date":"2024-06-21T11:07:48","date_gmt":"2024-06-21T16:07:48","guid":{"rendered":"https:\/\/tuguia.combarranquilla.co\/Revista\/?p=4333"},"modified":"2024-07-02T11:08:54","modified_gmt":"2024-07-02T16:08:54","slug":"combarranquilla-inaugura-nuevo-centro-de-empleo-en-galapa","status":"publish","type":"post","link":"https:\/\/tuguia.combarranquilla.co\/Revista\/combarranquilla-inaugura-nuevo-centro-de-empleo-en-galapa\/","title":{"rendered":"Combarranquilla inaugura nuevo Centro de Empleo en Galapa"},"content":{"rendered":"\n<p>Gracias a la alianza publico privada entre la Caja de Compensaci\u00f3n Combarranquilla, Ultracem y la Alcald\u00eda de Galapa, se cre\u00f3 el primer centro de empleo del municipio, que busca aportar al mejoramiento del mercado laboral, a impulsar el desarrollo econ\u00f3mico y reducir brechas de desempleo en el Atl\u00e1ntico.<\/p>\n\n\n\n<p>Con esta nueva unidad, reafirmamos nuestro compromiso de ser un aliado eficaz tanto para las personas en busca de empleo como para los empleadores en la consecuci\u00f3n de talento humano.<\/p>\n\n\n\n<p>Aqu\u00ed, podr\u00e1n acceder a los servicios de:<br>&#8211; Registro de hoja de vida.<br>&#8211; Orientaci\u00f3n laboral- Preselecci\u00f3n y remisi\u00f3n de candidatos.<br>&#8211; Gesti\u00f3n Empresarial.<br>&#8211; Capacitaci\u00f3n.<\/p>\n\n\n\n<figure class=\"wp-block-image size-large\"><img decoding=\"async\" width=\"1024\" height=\"683\" data-src=\"https:\/\/tuguia.combarranquilla.co\/Revista\/wp-content\/uploads\/2024\/06\/WhatsApp-Image-2024-06-19-at-2.15.59-PM-1-1024x683.jpeg\" alt=\"\" class=\"wp-image-4337 lazyload\" data-srcset=\"https:\/\/tuguia.combarranquilla.co\/Revista\/wp-content\/uploads\/2024\/06\/WhatsApp-Image-2024-06-19-at-2.15.59-PM-1-1024x683.jpeg 1024w, https:\/\/tuguia.combarranquilla.co\/Revista\/wp-content\/uploads\/2024\/06\/WhatsApp-Image-2024-06-19-at-2.15.59-PM-1-300x200.jpeg 300w, https:\/\/tuguia.combarranquilla.co\/Revista\/wp-content\/uploads\/2024\/06\/WhatsApp-Image-2024-06-19-at-2.15.59-PM-1-768x512.jpeg 768w, https:\/\/tuguia.combarranquilla.co\/Revista\/wp-content\/uploads\/2024\/06\/WhatsApp-Image-2024-06-19-at-2.15.59-PM-1-1536x1024.jpeg 1536w, https:\/\/tuguia.combarranquilla.co\/Revista\/wp-content\/uploads\/2024\/06\/WhatsApp-Image-2024-06-19-at-2.15.59-PM-1-2048x1366.jpeg 2048w\" data-sizes=\"(max-width: 1024px) 100vw, 1024px\" src=\"data:image\/svg+xml;base64,PHN2ZyB3aWR0aD0iMSIgaGVpZ2h0PSIxIiB4bWxucz0iaHR0cDovL3d3dy53My5vcmcvMjAwMC9zdmciPjwvc3ZnPg==\" style=\"--smush-placeholder-width: 1024px; --smush-placeholder-aspect-ratio: 1024\/683;\" \/><\/figure>\n\n\n\n<p>A su vez, encontrar\u00e1n servicios especializados como el Outsourcing de atracci\u00f3n de talento humano, Centro de destrezas y habilidades y Fomento Empresarial.<\/p>\n\n\n\n<p>Ernesto Herrera, director de Combarranquilla asegur\u00f3 que la apertura de esta oficina se convierte en \u201cUna oportunidad para que los galaperos puedan realizar la ruta de empleabilidad, con el acompa\u00f1amiento integral de nuestro equipo de trabajo. Sabemos que es indispensable orientar laboralmente a cada persona durante su proceso ocupacional, por eso, esperamos que en nosotros encuentren no solo un apoyo, sino tambi\u00e9n esa mano amiga que necesitamos de gu\u00eda para nuestro camino profesional\u201d.<\/p>\n\n\n\n<p>Entre tanto el gerente de sostenibilidad de Ultracem Juan Cediel y el Alcalde de Galapa Alberto Bonett, se mostraron complacidos por brindar mejores y m\u00e1s oportunidades que permitan el desarrollo y crecimiento de los galaperos y las empresas que se encuentran en el sector.<\/p>\n\n\n\n<figure class=\"wp-block-image size-large\"><img decoding=\"async\" width=\"1024\" height=\"683\" data-src=\"https:\/\/tuguia.combarranquilla.co\/Revista\/wp-content\/uploads\/2024\/06\/WhatsApp-Image-2024-06-19-at-2.15.56-PM-1024x683.jpeg\" alt=\"\" class=\"wp-image-4335 lazyload\" data-srcset=\"https:\/\/tuguia.combarranquilla.co\/Revista\/wp-content\/uploads\/2024\/06\/WhatsApp-Image-2024-06-19-at-2.15.56-PM-1024x683.jpeg 1024w, https:\/\/tuguia.combarranquilla.co\/Revista\/wp-content\/uploads\/2024\/06\/WhatsApp-Image-2024-06-19-at-2.15.56-PM-300x200.jpeg 300w, https:\/\/tuguia.combarranquilla.co\/Revista\/wp-content\/uploads\/2024\/06\/WhatsApp-Image-2024-06-19-at-2.15.56-PM-768x512.jpeg 768w, https:\/\/tuguia.combarranquilla.co\/Revista\/wp-content\/uploads\/2024\/06\/WhatsApp-Image-2024-06-19-at-2.15.56-PM-1536x1024.jpeg 1536w, https:\/\/tuguia.combarranquilla.co\/Revista\/wp-content\/uploads\/2024\/06\/WhatsApp-Image-2024-06-19-at-2.15.56-PM-2048x1366.jpeg 2048w\" data-sizes=\"(max-width: 1024px) 100vw, 1024px\" src=\"data:image\/svg+xml;base64,PHN2ZyB3aWR0aD0iMSIgaGVpZ2h0PSIxIiB4bWxucz0iaHR0cDovL3d3dy53My5vcmcvMjAwMC9zdmciPjwvc3ZnPg==\" style=\"--smush-placeholder-width: 1024px; --smush-placeholder-aspect-ratio: 1024\/683;\" \/><\/figure>\n\n\n\n<p>Este Centro de Empleo se convierte en una oportunidad para que los habitantes de Galapa tengan la posibilidad de tener un punto cercano que los acompa\u00f1e en su camino de inserci\u00f3n al mundo laboral. Contar\u00e1 con atenci\u00f3n integral a las poblaciones vulnerables como personas con discapacidad, adultos mayores, j\u00f3venes, migrantes, victimas y mujeres cabeza de hogar. Esto, con la finalidad de ampliar la oferta y demanda en el departamento.<\/p>\n\n\n\n<p>Para la Caja de Compensaci\u00f3n Familiar, el principal objetivo es seguir transformando vidas. Un pilar fundamental para el trabajo y desarrollo de todos los barranquilleros y atlanticenses. Combarranquilla seguir\u00e1 acompa\u00f1ando a las empresas, las cuales son vitales para la econom\u00eda local y el apoyo seguir\u00e1 siendo id\u00f3neo para que alcancen el crecimiento que desean con el mejor personal.<\/p>\n\n\n\n<p>El Centro de Empleo que abri\u00f3 sus puertas al p\u00fablico desde este 20 de junio, se encuentra ubicado en la Carrera 17b #11-05. &nbsp;<\/p>\n\n\n\n<figure class=\"wp-block-image size-large\"><img decoding=\"async\" width=\"1024\" height=\"683\" data-src=\"https:\/\/tuguia.combarranquilla.co\/Revista\/wp-content\/uploads\/2024\/06\/WhatsApp-Image-2024-06-19-at-2.15.59-PM-1024x683.jpeg\" alt=\"\" class=\"wp-image-4338 lazyload\" data-srcset=\"https:\/\/tuguia.combarranquilla.co\/Revista\/wp-content\/uploads\/2024\/06\/WhatsApp-Image-2024-06-19-at-2.15.59-PM-1024x683.jpeg 1024w, https:\/\/tuguia.combarranquilla.co\/Revista\/wp-content\/uploads\/2024\/06\/WhatsApp-Image-2024-06-19-at-2.15.59-PM-300x200.jpeg 300w, https:\/\/tuguia.combarranquilla.co\/Revista\/wp-content\/uploads\/2024\/06\/WhatsApp-Image-2024-06-19-at-2.15.59-PM-768x512.jpeg 768w, https:\/\/tuguia.combarranquilla.co\/Revista\/wp-content\/uploads\/2024\/06\/WhatsApp-Image-2024-06-19-at-2.15.59-PM-1536x1024.jpeg 1536w, https:\/\/tuguia.combarranquilla.co\/Revista\/wp-content\/uploads\/2024\/06\/WhatsApp-Image-2024-06-19-at-2.15.59-PM-2048x1366.jpeg 2048w\" data-sizes=\"(max-width: 1024px) 100vw, 1024px\" src=\"data:image\/svg+xml;base64,PHN2ZyB3aWR0aD0iMSIgaGVpZ2h0PSIxIiB4bWxucz0iaHR0cDovL3d3dy53My5vcmcvMjAwMC9zdmciPjwvc3ZnPg==\" style=\"--smush-placeholder-width: 1024px; --smush-placeholder-aspect-ratio: 1024\/683;\" \/><\/figure>\n","protected":false},"excerpt":{"rendered":"<p>Gracias a la alianza publico privada entre la Caja de Compensaci\u00f3n Combarranquilla, Ultracem y la Alcald\u00eda de Galapa, se cre\u00f3 el primer centro de empleo del municipio, que busca aportar al mejoramiento del mercado laboral, a impulsar el desarrollo econ\u00f3mico y reducir brechas de desempleo en el Atl\u00e1ntico. Con esta nueva unidad, reafirmamos nuestro compromiso [&hellip;]<\/p>\n","protected":false},"author":2,"featured_media":4336,"comment_status":"open","ping_status":"open","sticky":false,"template":"","format":"standard","meta":{"inline_featured_image":false,"footnotes":""},"categories":[6],"tags":[],"class_list":["post-4333","post","type-post","status-publish","format-standard","has-post-thumbnail","hentry","category-empleabilidad"],"yoast_head":"<!-- This site is optimized with the Yoast SEO plugin v27.4 - https:\/\/yoast.com\/product\/yoast-seo-wordpress\/ -->\n<title>Combarranquilla inaugura nuevo Centro de Empleo en Galapa - Tu Gu\u00eda<\/title>\n<meta name=\"robots\" content=\"index, follow, max-snippet:-1, max-image-preview:large, max-video-preview:-1\" \/>\n<link rel=\"canonical\" href=\"https:\/\/tuguia.combarranquilla.co\/Revista\/combarranquilla-inaugura-nuevo-centro-de-empleo-en-galapa\/\" \/>\n<meta property=\"og:locale\" content=\"es_ES\" \/>\n<meta property=\"og:type\" content=\"article\" \/>\n<meta property=\"og:title\" content=\"Combarranquilla inaugura nuevo Centro de Empleo en Galapa - Tu Gu\u00eda\" \/>\n<meta property=\"og:description\" content=\"Gracias a la alianza publico privada entre la Caja de Compensaci\u00f3n Combarranquilla, Ultracem y la Alcald\u00eda de Galapa, se cre\u00f3 el primer centro de empleo del municipio, que busca aportar al mejoramiento del mercado laboral, a impulsar el desarrollo econ\u00f3mico y reducir brechas de desempleo en el Atl\u00e1ntico. Con esta nueva unidad, reafirmamos nuestro compromiso [&hellip;]\" \/>\n<meta property=\"og:url\" content=\"https:\/\/tuguia.combarranquilla.co\/Revista\/combarranquilla-inaugura-nuevo-centro-de-empleo-en-galapa\/\" \/>\n<meta property=\"og:site_name\" content=\"Tu Gu\u00eda\" \/>\n<meta property=\"article:published_time\" content=\"2024-06-21T16:07:48+00:00\" \/>\n<meta property=\"article:modified_time\" content=\"2024-07-02T16:08:54+00:00\" \/>\n<meta property=\"og:image\" content=\"https:\/\/tuguia.combarranquilla.co\/Revista\/wp-content\/uploads\/2024\/06\/WhatsApp-Image-2024-06-19-at-2.16.01-PM-scaled.jpeg\" \/>\n\t<meta property=\"og:image:width\" content=\"2560\" \/>\n\t<meta property=\"og:image:height\" content=\"1737\" \/>\n\t<meta property=\"og:image:type\" content=\"image\/jpeg\" \/>\n<meta name=\"author\" content=\"Comunicaciones Combarranquilla\" \/>\n<meta name=\"twitter:card\" content=\"summary_large_image\" \/>\n<meta name=\"twitter:label1\" content=\"Escrito por\" \/>\n\t<meta name=\"twitter:data1\" content=\"Comunicaciones Combarranquilla\" \/>\n\t<meta name=\"twitter:label2\" content=\"Tiempo de lectura\" \/>\n\t<meta name=\"twitter:data2\" content=\"2 minutos\" \/>\n<script type=\"application\/ld+json\" class=\"yoast-schema-graph\">{\"@context\":\"https:\\\/\\\/schema.org\",\"@graph\":[{\"@type\":\"Article\",\"@id\":\"https:\\\/\\\/tuguia.combarranquilla.co\\\/Revista\\\/combarranquilla-inaugura-nuevo-centro-de-empleo-en-galapa\\\/#article\",\"isPartOf\":{\"@id\":\"https:\\\/\\\/tuguia.combarranquilla.co\\\/Revista\\\/combarranquilla-inaugura-nuevo-centro-de-empleo-en-galapa\\\/\"},\"author\":{\"name\":\"Comunicaciones Combarranquilla\",\"@id\":\"https:\\\/\\\/tuguia.combarranquilla.co\\\/Revista\\\/#\\\/schema\\\/person\\\/c2c396a77170bd1d5f8ba73294eb0d10\"},\"headline\":\"Combarranquilla inaugura nuevo Centro de Empleo en Galapa\",\"datePublished\":\"2024-06-21T16:07:48+00:00\",\"dateModified\":\"2024-07-02T16:08:54+00:00\",\"mainEntityOfPage\":{\"@id\":\"https:\\\/\\\/tuguia.combarranquilla.co\\\/Revista\\\/combarranquilla-inaugura-nuevo-centro-de-empleo-en-galapa\\\/\"},\"wordCount\":427,\"commentCount\":0,\"publisher\":{\"@id\":\"https:\\\/\\\/tuguia.combarranquilla.co\\\/Revista\\\/#organization\"},\"image\":{\"@id\":\"https:\\\/\\\/tuguia.combarranquilla.co\\\/Revista\\\/combarranquilla-inaugura-nuevo-centro-de-empleo-en-galapa\\\/#primaryimage\"},\"thumbnailUrl\":\"https:\\\/\\\/tuguia.combarranquilla.co\\\/Revista\\\/wp-content\\\/uploads\\\/2024\\\/06\\\/WhatsApp-Image-2024-06-19-at-2.16.01-PM-scaled.jpeg\",\"articleSection\":[\"EMPLEABILIDAD\"],\"inLanguage\":\"es-CO\",\"potentialAction\":[{\"@type\":\"CommentAction\",\"name\":\"Comment\",\"target\":[\"https:\\\/\\\/tuguia.combarranquilla.co\\\/Revista\\\/combarranquilla-inaugura-nuevo-centro-de-empleo-en-galapa\\\/#respond\"]}]},{\"@type\":\"WebPage\",\"@id\":\"https:\\\/\\\/tuguia.combarranquilla.co\\\/Revista\\\/combarranquilla-inaugura-nuevo-centro-de-empleo-en-galapa\\\/\",\"url\":\"https:\\\/\\\/tuguia.combarranquilla.co\\\/Revista\\\/combarranquilla-inaugura-nuevo-centro-de-empleo-en-galapa\\\/\",\"name\":\"Combarranquilla inaugura nuevo Centro de Empleo en Galapa - Tu Gu\u00eda\",\"isPartOf\":{\"@id\":\"https:\\\/\\\/tuguia.combarranquilla.co\\\/Revista\\\/#website\"},\"primaryImageOfPage\":{\"@id\":\"https:\\\/\\\/tuguia.combarranquilla.co\\\/Revista\\\/combarranquilla-inaugura-nuevo-centro-de-empleo-en-galapa\\\/#primaryimage\"},\"image\":{\"@id\":\"https:\\\/\\\/tuguia.combarranquilla.co\\\/Revista\\\/combarranquilla-inaugura-nuevo-centro-de-empleo-en-galapa\\\/#primaryimage\"},\"thumbnailUrl\":\"https:\\\/\\\/tuguia.combarranquilla.co\\\/Revista\\\/wp-content\\\/uploads\\\/2024\\\/06\\\/WhatsApp-Image-2024-06-19-at-2.16.01-PM-scaled.jpeg\",\"datePublished\":\"2024-06-21T16:07:48+00:00\",\"dateModified\":\"2024-07-02T16:08:54+00:00\",\"breadcrumb\":{\"@id\":\"https:\\\/\\\/tuguia.combarranquilla.co\\\/Revista\\\/combarranquilla-inaugura-nuevo-centro-de-empleo-en-galapa\\\/#breadcrumb\"},\"inLanguage\":\"es-CO\",\"potentialAction\":[{\"@type\":\"ReadAction\",\"target\":[\"https:\\\/\\\/tuguia.combarranquilla.co\\\/Revista\\\/combarranquilla-inaugura-nuevo-centro-de-empleo-en-galapa\\\/\"]}]},{\"@type\":\"ImageObject\",\"inLanguage\":\"es-CO\",\"@id\":\"https:\\\/\\\/tuguia.combarranquilla.co\\\/Revista\\\/combarranquilla-inaugura-nuevo-centro-de-empleo-en-galapa\\\/#primaryimage\",\"url\":\"https:\\\/\\\/tuguia.combarranquilla.co\\\/Revista\\\/wp-content\\\/uploads\\\/2024\\\/06\\\/WhatsApp-Image-2024-06-19-at-2.16.01-PM-scaled.jpeg\",\"contentUrl\":\"https:\\\/\\\/tuguia.combarranquilla.co\\\/Revista\\\/wp-content\\\/uploads\\\/2024\\\/06\\\/WhatsApp-Image-2024-06-19-at-2.16.01-PM-scaled.jpeg\",\"width\":2560,\"height\":1737},{\"@type\":\"BreadcrumbList\",\"@id\":\"https:\\\/\\\/tuguia.combarranquilla.co\\\/Revista\\\/combarranquilla-inaugura-nuevo-centro-de-empleo-en-galapa\\\/#breadcrumb\",\"itemListElement\":[{\"@type\":\"ListItem\",\"position\":1,\"name\":\"Inicio\",\"item\":\"https:\\\/\\\/tuguia.combarranquilla.co\\\/Revista\\\/\"},{\"@type\":\"ListItem\",\"position\":2,\"name\":\"Combarranquilla inaugura nuevo Centro de Empleo en Galapa\"}]},{\"@type\":\"WebSite\",\"@id\":\"https:\\\/\\\/tuguia.combarranquilla.co\\\/Revista\\\/#website\",\"url\":\"https:\\\/\\\/tuguia.combarranquilla.co\\\/Revista\\\/\",\"name\":\"Tu Gu\u00eda\",\"description\":\"La revista donde lo tienes todo.\",\"publisher\":{\"@id\":\"https:\\\/\\\/tuguia.combarranquilla.co\\\/Revista\\\/#organization\"},\"alternateName\":\"Tu Gu\u00eda Combarranquilla\",\"potentialAction\":[{\"@type\":\"SearchAction\",\"target\":{\"@type\":\"EntryPoint\",\"urlTemplate\":\"https:\\\/\\\/tuguia.combarranquilla.co\\\/Revista\\\/?s={search_term_string}\"},\"query-input\":{\"@type\":\"PropertyValueSpecification\",\"valueRequired\":true,\"valueName\":\"search_term_string\"}}],\"inLanguage\":\"es-CO\"},{\"@type\":\"Organization\",\"@id\":\"https:\\\/\\\/tuguia.combarranquilla.co\\\/Revista\\\/#organization\",\"name\":\"Tu Gu\u00eda Combarranquilla\",\"url\":\"https:\\\/\\\/tuguia.combarranquilla.co\\\/Revista\\\/\",\"logo\":{\"@type\":\"ImageObject\",\"inLanguage\":\"es-CO\",\"@id\":\"https:\\\/\\\/tuguia.combarranquilla.co\\\/Revista\\\/#\\\/schema\\\/logo\\\/image\\\/\",\"url\":\"https:\\\/\\\/tuguia.combarranquilla.co\\\/Revista\\\/wp-content\\\/uploads\\\/2022\\\/02\\\/logo-guia-combarranquilla.svg\",\"contentUrl\":\"https:\\\/\\\/tuguia.combarranquilla.co\\\/Revista\\\/wp-content\\\/uploads\\\/2022\\\/02\\\/logo-guia-combarranquilla.svg\",\"caption\":\"Tu Gu\u00eda Combarranquilla\"},\"image\":{\"@id\":\"https:\\\/\\\/tuguia.combarranquilla.co\\\/Revista\\\/#\\\/schema\\\/logo\\\/image\\\/\"}},{\"@type\":\"Person\",\"@id\":\"https:\\\/\\\/tuguia.combarranquilla.co\\\/Revista\\\/#\\\/schema\\\/person\\\/c2c396a77170bd1d5f8ba73294eb0d10\",\"name\":\"Comunicaciones Combarranquilla\",\"image\":{\"@type\":\"ImageObject\",\"inLanguage\":\"es-CO\",\"@id\":\"https:\\\/\\\/tuguia.combarranquilla.co\\\/Revista\\\/wp-content\\\/uploads\\\/2025\\\/05\\\/ABC-Al-Rojo-Logo-96x96.jpg\",\"url\":\"https:\\\/\\\/tuguia.combarranquilla.co\\\/Revista\\\/wp-content\\\/uploads\\\/2025\\\/05\\\/ABC-Al-Rojo-Logo-96x96.jpg\",\"contentUrl\":\"https:\\\/\\\/tuguia.combarranquilla.co\\\/Revista\\\/wp-content\\\/uploads\\\/2025\\\/05\\\/ABC-Al-Rojo-Logo-96x96.jpg\",\"caption\":\"Comunicaciones Combarranquilla\"},\"sameAs\":[\"https:\\\/\\\/www.combarranquilla.co\"],\"url\":\"https:\\\/\\\/tuguia.combarranquilla.co\\\/Revista\\\/author\\\/comunicaciones\\\/\"}]}<\/script>\n<!-- \/ Yoast SEO plugin. -->","yoast_head_json":{"title":"Combarranquilla inaugura nuevo Centro de Empleo en Galapa - Tu Gu\u00eda","robots":{"index":"index","follow":"follow","max-snippet":"max-snippet:-1","max-image-preview":"max-image-preview:large","max-video-preview":"max-video-preview:-1"},"canonical":"https:\/\/tuguia.combarranquilla.co\/Revista\/combarranquilla-inaugura-nuevo-centro-de-empleo-en-galapa\/","og_locale":"es_ES","og_type":"article","og_title":"Combarranquilla inaugura nuevo Centro de Empleo en Galapa - Tu Gu\u00eda","og_description":"Gracias a la alianza publico privada entre la Caja de Compensaci\u00f3n Combarranquilla, Ultracem y la Alcald\u00eda de Galapa, se cre\u00f3 el primer centro de empleo del municipio, que busca aportar al mejoramiento del mercado laboral, a impulsar el desarrollo econ\u00f3mico y reducir brechas de desempleo en el Atl\u00e1ntico. Con esta nueva unidad, reafirmamos nuestro compromiso [&hellip;]","og_url":"https:\/\/tuguia.combarranquilla.co\/Revista\/combarranquilla-inaugura-nuevo-centro-de-empleo-en-galapa\/","og_site_name":"Tu Gu\u00eda","article_published_time":"2024-06-21T16:07:48+00:00","article_modified_time":"2024-07-02T16:08:54+00:00","og_image":[{"width":2560,"height":1737,"url":"https:\/\/tuguia.combarranquilla.co\/Revista\/wp-content\/uploads\/2024\/06\/WhatsApp-Image-2024-06-19-at-2.16.01-PM-scaled.jpeg","type":"image\/jpeg"}],"author":"Comunicaciones Combarranquilla","twitter_card":"summary_large_image","twitter_misc":{"Escrito por":"Comunicaciones Combarranquilla","Tiempo de lectura":"2 minutos"},"schema":{"@context":"https:\/\/schema.org","@graph":[{"@type":"Article","@id":"https:\/\/tuguia.combarranquilla.co\/Revista\/combarranquilla-inaugura-nuevo-centro-de-empleo-en-galapa\/#article","isPartOf":{"@id":"https:\/\/tuguia.combarranquilla.co\/Revista\/combarranquilla-inaugura-nuevo-centro-de-empleo-en-galapa\/"},"author":{"name":"Comunicaciones Combarranquilla","@id":"https:\/\/tuguia.combarranquilla.co\/Revista\/#\/schema\/person\/c2c396a77170bd1d5f8ba73294eb0d10"},"headline":"Combarranquilla inaugura nuevo Centro de Empleo en Galapa","datePublished":"2024-06-21T16:07:48+00:00","dateModified":"2024-07-02T16:08:54+00:00","mainEntityOfPage":{"@id":"https:\/\/tuguia.combarranquilla.co\/Revista\/combarranquilla-inaugura-nuevo-centro-de-empleo-en-galapa\/"},"wordCount":427,"commentCount":0,"publisher":{"@id":"https:\/\/tuguia.combarranquilla.co\/Revista\/#organization"},"image":{"@id":"https:\/\/tuguia.combarranquilla.co\/Revista\/combarranquilla-inaugura-nuevo-centro-de-empleo-en-galapa\/#primaryimage"},"thumbnailUrl":"https:\/\/tuguia.combarranquilla.co\/Revista\/wp-content\/uploads\/2024\/06\/WhatsApp-Image-2024-06-19-at-2.16.01-PM-scaled.jpeg","articleSection":["EMPLEABILIDAD"],"inLanguage":"es-CO","potentialAction":[{"@type":"CommentAction","name":"Comment","target":["https:\/\/tuguia.combarranquilla.co\/Revista\/combarranquilla-inaugura-nuevo-centro-de-empleo-en-galapa\/#respond"]}]},{"@type":"WebPage","@id":"https:\/\/tuguia.combarranquilla.co\/Revista\/combarranquilla-inaugura-nuevo-centro-de-empleo-en-galapa\/","url":"https:\/\/tuguia.combarranquilla.co\/Revista\/combarranquilla-inaugura-nuevo-centro-de-empleo-en-galapa\/","name":"Combarranquilla inaugura nuevo Centro de Empleo en Galapa - Tu Gu\u00eda","isPartOf":{"@id":"https:\/\/tuguia.combarranquilla.co\/Revista\/#website"},"primaryImageOfPage":{"@id":"https:\/\/tuguia.combarranquilla.co\/Revista\/combarranquilla-inaugura-nuevo-centro-de-empleo-en-galapa\/#primaryimage"},"image":{"@id":"https:\/\/tuguia.combarranquilla.co\/Revista\/combarranquilla-inaugura-nuevo-centro-de-empleo-en-galapa\/#primaryimage"},"thumbnailUrl":"https:\/\/tuguia.combarranquilla.co\/Revista\/wp-content\/uploads\/2024\/06\/WhatsApp-Image-2024-06-19-at-2.16.01-PM-scaled.jpeg","datePublished":"2024-06-21T16:07:48+00:00","dateModified":"2024-07-02T16:08:54+00:00","breadcrumb":{"@id":"https:\/\/tuguia.combarranquilla.co\/Revista\/combarranquilla-inaugura-nuevo-centro-de-empleo-en-galapa\/#breadcrumb"},"inLanguage":"es-CO","potentialAction":[{"@type":"ReadAction","target":["https:\/\/tuguia.combarranquilla.co\/Revista\/combarranquilla-inaugura-nuevo-centro-de-empleo-en-galapa\/"]}]},{"@type":"ImageObject","inLanguage":"es-CO","@id":"https:\/\/tuguia.combarranquilla.co\/Revista\/combarranquilla-inaugura-nuevo-centro-de-empleo-en-galapa\/#primaryimage","url":"https:\/\/tuguia.combarranquilla.co\/Revista\/wp-content\/uploads\/2024\/06\/WhatsApp-Image-2024-06-19-at-2.16.01-PM-scaled.jpeg","contentUrl":"https:\/\/tuguia.combarranquilla.co\/Revista\/wp-content\/uploads\/2024\/06\/WhatsApp-Image-2024-06-19-at-2.16.01-PM-scaled.jpeg","width":2560,"height":1737},{"@type":"BreadcrumbList","@id":"https:\/\/tuguia.combarranquilla.co\/Revista\/combarranquilla-inaugura-nuevo-centro-de-empleo-en-galapa\/#breadcrumb","itemListElement":[{"@type":"ListItem","position":1,"name":"Inicio","item":"https:\/\/tuguia.combarranquilla.co\/Revista\/"},{"@type":"ListItem","position":2,"name":"Combarranquilla inaugura nuevo Centro de Empleo en Galapa"}]},{"@type":"WebSite","@id":"https:\/\/tuguia.combarranquilla.co\/Revista\/#website","url":"https:\/\/tuguia.combarranquilla.co\/Revista\/","name":"Tu Gu\u00eda","description":"La revista donde lo tienes todo.","publisher":{"@id":"https:\/\/tuguia.combarranquilla.co\/Revista\/#organization"},"alternateName":"Tu Gu\u00eda Combarranquilla","potentialAction":[{"@type":"SearchAction","target":{"@type":"EntryPoint","urlTemplate":"https:\/\/tuguia.combarranquilla.co\/Revista\/?s={search_term_string}"},"query-input":{"@type":"PropertyValueSpecification","valueRequired":true,"valueName":"search_term_string"}}],"inLanguage":"es-CO"},{"@type":"Organization","@id":"https:\/\/tuguia.combarranquilla.co\/Revista\/#organization","name":"Tu Gu\u00eda Combarranquilla","url":"https:\/\/tuguia.combarranquilla.co\/Revista\/","logo":{"@type":"ImageObject","inLanguage":"es-CO","@id":"https:\/\/tuguia.combarranquilla.co\/Revista\/#\/schema\/logo\/image\/","url":"https:\/\/tuguia.combarranquilla.co\/Revista\/wp-content\/uploads\/2022\/02\/logo-guia-combarranquilla.svg","contentUrl":"https:\/\/tuguia.combarranquilla.co\/Revista\/wp-content\/uploads\/2022\/02\/logo-guia-combarranquilla.svg","caption":"Tu Gu\u00eda Combarranquilla"},"image":{"@id":"https:\/\/tuguia.combarranquilla.co\/Revista\/#\/schema\/logo\/image\/"}},{"@type":"Person","@id":"https:\/\/tuguia.combarranquilla.co\/Revista\/#\/schema\/person\/c2c396a77170bd1d5f8ba73294eb0d10","name":"Comunicaciones Combarranquilla","image":{"@type":"ImageObject","inLanguage":"es-CO","@id":"https:\/\/tuguia.combarranquilla.co\/Revista\/wp-content\/uploads\/2025\/05\/ABC-Al-Rojo-Logo-96x96.jpg","url":"https:\/\/tuguia.combarranquilla.co\/Revista\/wp-content\/uploads\/2025\/05\/ABC-Al-Rojo-Logo-96x96.jpg","contentUrl":"https:\/\/tuguia.combarranquilla.co\/Revista\/wp-content\/uploads\/2025\/05\/ABC-Al-Rojo-Logo-96x96.jpg","caption":"Comunicaciones Combarranquilla"},"sameAs":["https:\/\/www.combarranquilla.co"],"url":"https:\/\/tuguia.combarranquilla.co\/Revista\/author\/comunicaciones\/"}]}},"_links":{"self":[{"href":"https:\/\/tuguia.combarranquilla.co\/Revista\/wp-json\/wp\/v2\/posts\/4333","targetHints":{"allow":["GET"]}}],"collection":[{"href":"https:\/\/tuguia.combarranquilla.co\/Revista\/wp-json\/wp\/v2\/posts"}],"about":[{"href":"https:\/\/tuguia.combarranquilla.co\/Revista\/wp-json\/wp\/v2\/types\/post"}],"author":[{"embeddable":true,"href":"https:\/\/tuguia.combarranquilla.co\/Revista\/wp-json\/wp\/v2\/users\/2"}],"replies":[{"embeddable":true,"href":"https:\/\/tuguia.combarranquilla.co\/Revista\/wp-json\/wp\/v2\/comments?post=4333"}],"version-history":[{"count":4,"href":"https:\/\/tuguia.combarranquilla.co\/Revista\/wp-json\/wp\/v2\/posts\/4333\/revisions"}],"predecessor-version":[{"id":4384,"href":"https:\/\/tuguia.combarranquilla.co\/Revista\/wp-json\/wp\/v2\/posts\/4333\/revisions\/4384"}],"wp:featuredmedia":[{"embeddable":true,"href":"https:\/\/tuguia.combarranquilla.co\/Revista\/wp-json\/wp\/v2\/media\/4336"}],"wp:attachment":[{"href":"https:\/\/tuguia.combarranquilla.co\/Revista\/wp-json\/wp\/v2\/media?parent=4333"}],"wp:term":[{"taxonomy":"category","embeddable":true,"href":"https:\/\/tuguia.combarranquilla.co\/Revista\/wp-json\/wp\/v2\/categories?post=4333"},{"taxonomy":"post_tag","embeddable":true,"href":"https:\/\/tuguia.combarranquilla.co\/Revista\/wp-json\/wp\/v2\/tags?post=4333"}],"curies":[{"name":"wp","href":"https:\/\/api.w.org\/{rel}","templated":true}]}}