{"id":4343,"date":"2024-06-04T12:05:26","date_gmt":"2024-06-04T17:05:26","guid":{"rendered":"https:\/\/tuguia.combarranquilla.co\/Revista\/?p=4343"},"modified":"2024-07-02T10:24:19","modified_gmt":"2024-07-02T15:24:19","slug":"un-gran-futuro-combarranquilla-celebro-los-grados-del-centro-de-formacion","status":"publish","type":"post","link":"https:\/\/tuguia.combarranquilla.co\/Revista\/un-gran-futuro-combarranquilla-celebro-los-grados-del-centro-de-formacion\/","title":{"rendered":"Un gran futuro: Combarranquilla celebr\u00f3 los grados del Centro de Formaci\u00f3n"},"content":{"rendered":"\n<p>En la unidad Boston, el pasado 30 de mayo se realiz\u00f3 la ceremonia de grados t\u00e9cnicos laborales de los diferentes programas que ofrece el Centro de Formaci\u00f3n.\u00a0 M\u00e1s de 220 j\u00f3venes recibieron su t\u00edtulo como t\u00e9cnicos laborales del Centro de Formaci\u00f3n Combarranquilla y tendr\u00e1n la oportunidad de incorporarse m\u00e1s f\u00e1cil a la \u00a0vida laboral. Se cont\u00f3 con la presencia del grupo directivo de la Caja, otorgando certificaciones en los siguientes programas para el trabajo y desarrollo humano:<\/p>\n\n\n\n<ul class=\"wp-block-list\">\n<li>T\u00e9cnico en Almac\u00e9n y Bodegaje.<\/li>\n\n\n\n<li>T\u00e9cnico en Auxiliar Contable y Financiero.<\/li>\n\n\n\n<li>T\u00e9cnico en Auxiliar de Aduanas.<\/li>\n\n\n\n<li>T\u00e9cnico laboral Auxiliar Administrativo.<\/li>\n\n\n\n<li>T\u00e9cnico en Contact Center.<\/li>\n\n\n\n<li>T\u00e9cnico laboral en Auxiliar de Cocina.<\/li>\n\n\n\n<li>T\u00e9cnico en Agente de Viajes.<\/li>\n\n\n\n<li>t\u00e9cnico laboral en Mercadeo y Ventas.<\/li>\n\n\n\n<li>T\u00e9cnico laboral en Auxiliar de Recursos Humanos.<\/li>\n<\/ul>\n\n\n\n<figure class=\"wp-block-image size-large\"><img decoding=\"async\" width=\"1024\" height=\"666\" data-src=\"https:\/\/tuguia.combarranquilla.co\/Revista\/wp-content\/uploads\/2024\/06\/WhatsApp-Image-2024-06-28-at-12.01.19-PM-1024x666.jpeg\" alt=\"\" class=\"wp-image-4344 lazyload\" data-srcset=\"https:\/\/tuguia.combarranquilla.co\/Revista\/wp-content\/uploads\/2024\/06\/WhatsApp-Image-2024-06-28-at-12.01.19-PM-1024x666.jpeg 1024w, https:\/\/tuguia.combarranquilla.co\/Revista\/wp-content\/uploads\/2024\/06\/WhatsApp-Image-2024-06-28-at-12.01.19-PM-300x195.jpeg 300w, https:\/\/tuguia.combarranquilla.co\/Revista\/wp-content\/uploads\/2024\/06\/WhatsApp-Image-2024-06-28-at-12.01.19-PM-768x500.jpeg 768w, https:\/\/tuguia.combarranquilla.co\/Revista\/wp-content\/uploads\/2024\/06\/WhatsApp-Image-2024-06-28-at-12.01.19-PM.jpeg 1280w\" data-sizes=\"(max-width: 1024px) 100vw, 1024px\" src=\"data:image\/svg+xml;base64,PHN2ZyB3aWR0aD0iMSIgaGVpZ2h0PSIxIiB4bWxucz0iaHR0cDovL3d3dy53My5vcmcvMjAwMC9zdmciPjwvc3ZnPg==\" style=\"--smush-placeholder-width: 1024px; --smush-placeholder-aspect-ratio: 1024\/666;\" \/><\/figure>\n\n\n\n<p>Transformar Vidas sigue siendo la premisa de Combarranquilla, es por ello que creemos que a trav\u00e9s de la educaci\u00f3n podemos lograrlo.&nbsp; \u201cEs un honor y una alegr\u00eda para Combarranquilla graduar a 220 estudiantes que culminaron sus estudios en el Centro de Formaci\u00f3n. Estamos convencidos que la educaci\u00f3n es un veh\u00edculo clave para el desarrollo de las personas, de las sociedades y para la transformaci\u00f3n de vidas. Trabajamos d\u00eda a d\u00eda desde nuestro Centro de Formaci\u00f3n para ofrecer herramientas para que cada joven pueda tejer su proyecto de vida\u201d, declar\u00f3 Ernesto Herrera.<\/p>\n\n\n\n<p>La directora del Centro de Formaci\u00f3n de la caja, Sandra P\u00e1ez, tambi\u00e9n se mostr\u00f3 orgullosa de hoy graduar a los j\u00f3venes que aportar\u00e1n a la econom\u00eda de la ciudad y el departamento del Atl\u00e1ntico. \u201cLos estudiantes han desarrollado habilidades comunicativas y formativas. Todas apuntan al perfil del egresado, porque nuestro prop\u00f3sito es entregar a la regi\u00f3n una persona comprometida que permita desarrollar en su campo laboral lo mejor de s\u00ed\u201d, asever\u00f3.<\/p>\n\n\n\n<figure class=\"wp-block-image size-large\"><img decoding=\"async\" width=\"1024\" height=\"756\" data-src=\"https:\/\/tuguia.combarranquilla.co\/Revista\/wp-content\/uploads\/2024\/06\/WhatsApp-Image-2024-06-28-at-12.00.59-PM-1024x756.jpeg\" alt=\"\" class=\"wp-image-4345 lazyload\" data-srcset=\"https:\/\/tuguia.combarranquilla.co\/Revista\/wp-content\/uploads\/2024\/06\/WhatsApp-Image-2024-06-28-at-12.00.59-PM-1024x756.jpeg 1024w, https:\/\/tuguia.combarranquilla.co\/Revista\/wp-content\/uploads\/2024\/06\/WhatsApp-Image-2024-06-28-at-12.00.59-PM-300x221.jpeg 300w, https:\/\/tuguia.combarranquilla.co\/Revista\/wp-content\/uploads\/2024\/06\/WhatsApp-Image-2024-06-28-at-12.00.59-PM-768x567.jpeg 768w, https:\/\/tuguia.combarranquilla.co\/Revista\/wp-content\/uploads\/2024\/06\/WhatsApp-Image-2024-06-28-at-12.00.59-PM.jpeg 1280w\" data-sizes=\"(max-width: 1024px) 100vw, 1024px\" src=\"data:image\/svg+xml;base64,PHN2ZyB3aWR0aD0iMSIgaGVpZ2h0PSIxIiB4bWxucz0iaHR0cDovL3d3dy53My5vcmcvMjAwMC9zdmciPjwvc3ZnPg==\" style=\"--smush-placeholder-width: 1024px; --smush-placeholder-aspect-ratio: 1024\/756;\" \/><\/figure>\n\n\n\n<p>Las matr\u00edculas a los mencionados programas ser\u00e1n hasta el 31 de julio del 2024. Desde Combarranquilla estamos seguros de que este es el veh\u00edculo para seguir cumpliendo sue\u00f1os. Transformaremos vidas para seguir aportando educaci\u00f3n y econom\u00edas al departamento.<\/p>\n","protected":false},"excerpt":{"rendered":"<p>En la unidad Boston, el pasado 30 de mayo se realiz\u00f3 la ceremonia de grados t\u00e9cnicos laborales de los diferentes programas que ofrece el Centro de Formaci\u00f3n.\u00a0 M\u00e1s de 220 j\u00f3venes recibieron su t\u00edtulo como t\u00e9cnicos laborales del Centro de Formaci\u00f3n Combarranquilla y tendr\u00e1n la oportunidad de incorporarse m\u00e1s f\u00e1cil a la \u00a0vida laboral. Se [&hellip;]<\/p>\n","protected":false},"author":2,"featured_media":4346,"comment_status":"open","ping_status":"open","sticky":false,"template":"","format":"standard","meta":{"inline_featured_image":false,"footnotes":""},"categories":[8],"tags":[42,48,29],"class_list":["post-4343","post","type-post","status-publish","format-standard","has-post-thumbnail","hentry","category-formacion","tag-becas","tag-educacion","tag-tecnico"],"yoast_head":"<!-- This site is optimized with the Yoast SEO plugin v27.4 - https:\/\/yoast.com\/product\/yoast-seo-wordpress\/ -->\n<title>Un gran futuro: Combarranquilla celebr\u00f3 los grados del Centro de Formaci\u00f3n - Tu Gu\u00eda<\/title>\n<meta name=\"robots\" content=\"index, follow, max-snippet:-1, max-image-preview:large, max-video-preview:-1\" \/>\n<link rel=\"canonical\" href=\"https:\/\/tuguia.combarranquilla.co\/Revista\/un-gran-futuro-combarranquilla-celebro-los-grados-del-centro-de-formacion\/\" \/>\n<meta property=\"og:locale\" content=\"es_ES\" \/>\n<meta property=\"og:type\" content=\"article\" \/>\n<meta property=\"og:title\" content=\"Un gran futuro: Combarranquilla celebr\u00f3 los grados del Centro de Formaci\u00f3n - Tu Gu\u00eda\" \/>\n<meta property=\"og:description\" content=\"En la unidad Boston, el pasado 30 de mayo se realiz\u00f3 la ceremonia de grados t\u00e9cnicos laborales de los diferentes programas que ofrece el Centro de Formaci\u00f3n.\u00a0 M\u00e1s de 220 j\u00f3venes recibieron su t\u00edtulo como t\u00e9cnicos laborales del Centro de Formaci\u00f3n Combarranquilla y tendr\u00e1n la oportunidad de incorporarse m\u00e1s f\u00e1cil a la \u00a0vida laboral. Se [&hellip;]\" \/>\n<meta property=\"og:url\" content=\"https:\/\/tuguia.combarranquilla.co\/Revista\/un-gran-futuro-combarranquilla-celebro-los-grados-del-centro-de-formacion\/\" \/>\n<meta property=\"og:site_name\" content=\"Tu Gu\u00eda\" \/>\n<meta property=\"article:published_time\" content=\"2024-06-04T17:05:26+00:00\" \/>\n<meta property=\"article:modified_time\" content=\"2024-07-02T15:24:19+00:00\" \/>\n<meta property=\"og:image\" content=\"https:\/\/tuguia.combarranquilla.co\/Revista\/wp-content\/uploads\/2024\/06\/WhatsApp-Image-2024-06-28-at-12.00.37-PM.jpeg\" \/>\n\t<meta property=\"og:image:width\" content=\"1280\" \/>\n\t<meta property=\"og:image:height\" content=\"876\" \/>\n\t<meta property=\"og:image:type\" content=\"image\/jpeg\" \/>\n<meta name=\"author\" content=\"Comunicaciones Combarranquilla\" \/>\n<meta name=\"twitter:card\" content=\"summary_large_image\" \/>\n<meta name=\"twitter:label1\" content=\"Escrito por\" \/>\n\t<meta name=\"twitter:data1\" content=\"Comunicaciones Combarranquilla\" \/>\n\t<meta name=\"twitter:label2\" content=\"Tiempo de lectura\" \/>\n\t<meta name=\"twitter:data2\" content=\"2 minutos\" \/>\n<script type=\"application\/ld+json\" class=\"yoast-schema-graph\">{\"@context\":\"https:\\\/\\\/schema.org\",\"@graph\":[{\"@type\":\"Article\",\"@id\":\"https:\\\/\\\/tuguia.combarranquilla.co\\\/Revista\\\/un-gran-futuro-combarranquilla-celebro-los-grados-del-centro-de-formacion\\\/#article\",\"isPartOf\":{\"@id\":\"https:\\\/\\\/tuguia.combarranquilla.co\\\/Revista\\\/un-gran-futuro-combarranquilla-celebro-los-grados-del-centro-de-formacion\\\/\"},\"author\":{\"name\":\"Comunicaciones Combarranquilla\",\"@id\":\"https:\\\/\\\/tuguia.combarranquilla.co\\\/Revista\\\/#\\\/schema\\\/person\\\/c2c396a77170bd1d5f8ba73294eb0d10\"},\"headline\":\"Un gran futuro: Combarranquilla celebr\u00f3 los grados del Centro de Formaci\u00f3n\",\"datePublished\":\"2024-06-04T17:05:26+00:00\",\"dateModified\":\"2024-07-02T15:24:19+00:00\",\"mainEntityOfPage\":{\"@id\":\"https:\\\/\\\/tuguia.combarranquilla.co\\\/Revista\\\/un-gran-futuro-combarranquilla-celebro-los-grados-del-centro-de-formacion\\\/\"},\"wordCount\":378,\"commentCount\":0,\"publisher\":{\"@id\":\"https:\\\/\\\/tuguia.combarranquilla.co\\\/Revista\\\/#organization\"},\"image\":{\"@id\":\"https:\\\/\\\/tuguia.combarranquilla.co\\\/Revista\\\/un-gran-futuro-combarranquilla-celebro-los-grados-del-centro-de-formacion\\\/#primaryimage\"},\"thumbnailUrl\":\"https:\\\/\\\/tuguia.combarranquilla.co\\\/Revista\\\/wp-content\\\/uploads\\\/2024\\\/06\\\/WhatsApp-Image-2024-06-28-at-12.00.37-PM.jpeg\",\"keywords\":[\"becas\",\"educaci\u00f3n\",\"tecnico\"],\"articleSection\":[\"FORMACI\u00d3N\"],\"inLanguage\":\"es-CO\",\"potentialAction\":[{\"@type\":\"CommentAction\",\"name\":\"Comment\",\"target\":[\"https:\\\/\\\/tuguia.combarranquilla.co\\\/Revista\\\/un-gran-futuro-combarranquilla-celebro-los-grados-del-centro-de-formacion\\\/#respond\"]}]},{\"@type\":\"WebPage\",\"@id\":\"https:\\\/\\\/tuguia.combarranquilla.co\\\/Revista\\\/un-gran-futuro-combarranquilla-celebro-los-grados-del-centro-de-formacion\\\/\",\"url\":\"https:\\\/\\\/tuguia.combarranquilla.co\\\/Revista\\\/un-gran-futuro-combarranquilla-celebro-los-grados-del-centro-de-formacion\\\/\",\"name\":\"Un gran futuro: Combarranquilla celebr\u00f3 los grados del Centro de Formaci\u00f3n - Tu Gu\u00eda\",\"isPartOf\":{\"@id\":\"https:\\\/\\\/tuguia.combarranquilla.co\\\/Revista\\\/#website\"},\"primaryImageOfPage\":{\"@id\":\"https:\\\/\\\/tuguia.combarranquilla.co\\\/Revista\\\/un-gran-futuro-combarranquilla-celebro-los-grados-del-centro-de-formacion\\\/#primaryimage\"},\"image\":{\"@id\":\"https:\\\/\\\/tuguia.combarranquilla.co\\\/Revista\\\/un-gran-futuro-combarranquilla-celebro-los-grados-del-centro-de-formacion\\\/#primaryimage\"},\"thumbnailUrl\":\"https:\\\/\\\/tuguia.combarranquilla.co\\\/Revista\\\/wp-content\\\/uploads\\\/2024\\\/06\\\/WhatsApp-Image-2024-06-28-at-12.00.37-PM.jpeg\",\"datePublished\":\"2024-06-04T17:05:26+00:00\",\"dateModified\":\"2024-07-02T15:24:19+00:00\",\"breadcrumb\":{\"@id\":\"https:\\\/\\\/tuguia.combarranquilla.co\\\/Revista\\\/un-gran-futuro-combarranquilla-celebro-los-grados-del-centro-de-formacion\\\/#breadcrumb\"},\"inLanguage\":\"es-CO\",\"potentialAction\":[{\"@type\":\"ReadAction\",\"target\":[\"https:\\\/\\\/tuguia.combarranquilla.co\\\/Revista\\\/un-gran-futuro-combarranquilla-celebro-los-grados-del-centro-de-formacion\\\/\"]}]},{\"@type\":\"ImageObject\",\"inLanguage\":\"es-CO\",\"@id\":\"https:\\\/\\\/tuguia.combarranquilla.co\\\/Revista\\\/un-gran-futuro-combarranquilla-celebro-los-grados-del-centro-de-formacion\\\/#primaryimage\",\"url\":\"https:\\\/\\\/tuguia.combarranquilla.co\\\/Revista\\\/wp-content\\\/uploads\\\/2024\\\/06\\\/WhatsApp-Image-2024-06-28-at-12.00.37-PM.jpeg\",\"contentUrl\":\"https:\\\/\\\/tuguia.combarranquilla.co\\\/Revista\\\/wp-content\\\/uploads\\\/2024\\\/06\\\/WhatsApp-Image-2024-06-28-at-12.00.37-PM.jpeg\",\"width\":1280,\"height\":876},{\"@type\":\"BreadcrumbList\",\"@id\":\"https:\\\/\\\/tuguia.combarranquilla.co\\\/Revista\\\/un-gran-futuro-combarranquilla-celebro-los-grados-del-centro-de-formacion\\\/#breadcrumb\",\"itemListElement\":[{\"@type\":\"ListItem\",\"position\":1,\"name\":\"Inicio\",\"item\":\"https:\\\/\\\/tuguia.combarranquilla.co\\\/Revista\\\/\"},{\"@type\":\"ListItem\",\"position\":2,\"name\":\"Un gran futuro: Combarranquilla celebr\u00f3 los grados del Centro de Formaci\u00f3n\"}]},{\"@type\":\"WebSite\",\"@id\":\"https:\\\/\\\/tuguia.combarranquilla.co\\\/Revista\\\/#website\",\"url\":\"https:\\\/\\\/tuguia.combarranquilla.co\\\/Revista\\\/\",\"name\":\"Tu Gu\u00eda\",\"description\":\"La revista donde lo tienes todo.\",\"publisher\":{\"@id\":\"https:\\\/\\\/tuguia.combarranquilla.co\\\/Revista\\\/#organization\"},\"alternateName\":\"Tu Gu\u00eda Combarranquilla\",\"potentialAction\":[{\"@type\":\"SearchAction\",\"target\":{\"@type\":\"EntryPoint\",\"urlTemplate\":\"https:\\\/\\\/tuguia.combarranquilla.co\\\/Revista\\\/?s={search_term_string}\"},\"query-input\":{\"@type\":\"PropertyValueSpecification\",\"valueRequired\":true,\"valueName\":\"search_term_string\"}}],\"inLanguage\":\"es-CO\"},{\"@type\":\"Organization\",\"@id\":\"https:\\\/\\\/tuguia.combarranquilla.co\\\/Revista\\\/#organization\",\"name\":\"Tu Gu\u00eda Combarranquilla\",\"url\":\"https:\\\/\\\/tuguia.combarranquilla.co\\\/Revista\\\/\",\"logo\":{\"@type\":\"ImageObject\",\"inLanguage\":\"es-CO\",\"@id\":\"https:\\\/\\\/tuguia.combarranquilla.co\\\/Revista\\\/#\\\/schema\\\/logo\\\/image\\\/\",\"url\":\"https:\\\/\\\/tuguia.combarranquilla.co\\\/Revista\\\/wp-content\\\/uploads\\\/2022\\\/02\\\/logo-guia-combarranquilla.svg\",\"contentUrl\":\"https:\\\/\\\/tuguia.combarranquilla.co\\\/Revista\\\/wp-content\\\/uploads\\\/2022\\\/02\\\/logo-guia-combarranquilla.svg\",\"caption\":\"Tu Gu\u00eda Combarranquilla\"},\"image\":{\"@id\":\"https:\\\/\\\/tuguia.combarranquilla.co\\\/Revista\\\/#\\\/schema\\\/logo\\\/image\\\/\"}},{\"@type\":\"Person\",\"@id\":\"https:\\\/\\\/tuguia.combarranquilla.co\\\/Revista\\\/#\\\/schema\\\/person\\\/c2c396a77170bd1d5f8ba73294eb0d10\",\"name\":\"Comunicaciones Combarranquilla\",\"image\":{\"@type\":\"ImageObject\",\"inLanguage\":\"es-CO\",\"@id\":\"https:\\\/\\\/tuguia.combarranquilla.co\\\/Revista\\\/wp-content\\\/uploads\\\/2025\\\/05\\\/ABC-Al-Rojo-Logo-96x96.jpg\",\"url\":\"https:\\\/\\\/tuguia.combarranquilla.co\\\/Revista\\\/wp-content\\\/uploads\\\/2025\\\/05\\\/ABC-Al-Rojo-Logo-96x96.jpg\",\"contentUrl\":\"https:\\\/\\\/tuguia.combarranquilla.co\\\/Revista\\\/wp-content\\\/uploads\\\/2025\\\/05\\\/ABC-Al-Rojo-Logo-96x96.jpg\",\"caption\":\"Comunicaciones Combarranquilla\"},\"sameAs\":[\"https:\\\/\\\/www.combarranquilla.co\"],\"url\":\"https:\\\/\\\/tuguia.combarranquilla.co\\\/Revista\\\/author\\\/comunicaciones\\\/\"}]}<\/script>\n<!-- \/ Yoast SEO plugin. -->","yoast_head_json":{"title":"Un gran futuro: Combarranquilla celebr\u00f3 los grados del Centro de Formaci\u00f3n - Tu Gu\u00eda","robots":{"index":"index","follow":"follow","max-snippet":"max-snippet:-1","max-image-preview":"max-image-preview:large","max-video-preview":"max-video-preview:-1"},"canonical":"https:\/\/tuguia.combarranquilla.co\/Revista\/un-gran-futuro-combarranquilla-celebro-los-grados-del-centro-de-formacion\/","og_locale":"es_ES","og_type":"article","og_title":"Un gran futuro: Combarranquilla celebr\u00f3 los grados del Centro de Formaci\u00f3n - Tu Gu\u00eda","og_description":"En la unidad Boston, el pasado 30 de mayo se realiz\u00f3 la ceremonia de grados t\u00e9cnicos laborales de los diferentes programas que ofrece el Centro de Formaci\u00f3n.\u00a0 M\u00e1s de 220 j\u00f3venes recibieron su t\u00edtulo como t\u00e9cnicos laborales del Centro de Formaci\u00f3n Combarranquilla y tendr\u00e1n la oportunidad de incorporarse m\u00e1s f\u00e1cil a la \u00a0vida laboral. Se [&hellip;]","og_url":"https:\/\/tuguia.combarranquilla.co\/Revista\/un-gran-futuro-combarranquilla-celebro-los-grados-del-centro-de-formacion\/","og_site_name":"Tu Gu\u00eda","article_published_time":"2024-06-04T17:05:26+00:00","article_modified_time":"2024-07-02T15:24:19+00:00","og_image":[{"width":1280,"height":876,"url":"https:\/\/tuguia.combarranquilla.co\/Revista\/wp-content\/uploads\/2024\/06\/WhatsApp-Image-2024-06-28-at-12.00.37-PM.jpeg","type":"image\/jpeg"}],"author":"Comunicaciones Combarranquilla","twitter_card":"summary_large_image","twitter_misc":{"Escrito por":"Comunicaciones Combarranquilla","Tiempo de lectura":"2 minutos"},"schema":{"@context":"https:\/\/schema.org","@graph":[{"@type":"Article","@id":"https:\/\/tuguia.combarranquilla.co\/Revista\/un-gran-futuro-combarranquilla-celebro-los-grados-del-centro-de-formacion\/#article","isPartOf":{"@id":"https:\/\/tuguia.combarranquilla.co\/Revista\/un-gran-futuro-combarranquilla-celebro-los-grados-del-centro-de-formacion\/"},"author":{"name":"Comunicaciones Combarranquilla","@id":"https:\/\/tuguia.combarranquilla.co\/Revista\/#\/schema\/person\/c2c396a77170bd1d5f8ba73294eb0d10"},"headline":"Un gran futuro: Combarranquilla celebr\u00f3 los grados del Centro de Formaci\u00f3n","datePublished":"2024-06-04T17:05:26+00:00","dateModified":"2024-07-02T15:24:19+00:00","mainEntityOfPage":{"@id":"https:\/\/tuguia.combarranquilla.co\/Revista\/un-gran-futuro-combarranquilla-celebro-los-grados-del-centro-de-formacion\/"},"wordCount":378,"commentCount":0,"publisher":{"@id":"https:\/\/tuguia.combarranquilla.co\/Revista\/#organization"},"image":{"@id":"https:\/\/tuguia.combarranquilla.co\/Revista\/un-gran-futuro-combarranquilla-celebro-los-grados-del-centro-de-formacion\/#primaryimage"},"thumbnailUrl":"https:\/\/tuguia.combarranquilla.co\/Revista\/wp-content\/uploads\/2024\/06\/WhatsApp-Image-2024-06-28-at-12.00.37-PM.jpeg","keywords":["becas","educaci\u00f3n","tecnico"],"articleSection":["FORMACI\u00d3N"],"inLanguage":"es-CO","potentialAction":[{"@type":"CommentAction","name":"Comment","target":["https:\/\/tuguia.combarranquilla.co\/Revista\/un-gran-futuro-combarranquilla-celebro-los-grados-del-centro-de-formacion\/#respond"]}]},{"@type":"WebPage","@id":"https:\/\/tuguia.combarranquilla.co\/Revista\/un-gran-futuro-combarranquilla-celebro-los-grados-del-centro-de-formacion\/","url":"https:\/\/tuguia.combarranquilla.co\/Revista\/un-gran-futuro-combarranquilla-celebro-los-grados-del-centro-de-formacion\/","name":"Un gran futuro: Combarranquilla celebr\u00f3 los grados del Centro de Formaci\u00f3n - Tu Gu\u00eda","isPartOf":{"@id":"https:\/\/tuguia.combarranquilla.co\/Revista\/#website"},"primaryImageOfPage":{"@id":"https:\/\/tuguia.combarranquilla.co\/Revista\/un-gran-futuro-combarranquilla-celebro-los-grados-del-centro-de-formacion\/#primaryimage"},"image":{"@id":"https:\/\/tuguia.combarranquilla.co\/Revista\/un-gran-futuro-combarranquilla-celebro-los-grados-del-centro-de-formacion\/#primaryimage"},"thumbnailUrl":"https:\/\/tuguia.combarranquilla.co\/Revista\/wp-content\/uploads\/2024\/06\/WhatsApp-Image-2024-06-28-at-12.00.37-PM.jpeg","datePublished":"2024-06-04T17:05:26+00:00","dateModified":"2024-07-02T15:24:19+00:00","breadcrumb":{"@id":"https:\/\/tuguia.combarranquilla.co\/Revista\/un-gran-futuro-combarranquilla-celebro-los-grados-del-centro-de-formacion\/#breadcrumb"},"inLanguage":"es-CO","potentialAction":[{"@type":"ReadAction","target":["https:\/\/tuguia.combarranquilla.co\/Revista\/un-gran-futuro-combarranquilla-celebro-los-grados-del-centro-de-formacion\/"]}]},{"@type":"ImageObject","inLanguage":"es-CO","@id":"https:\/\/tuguia.combarranquilla.co\/Revista\/un-gran-futuro-combarranquilla-celebro-los-grados-del-centro-de-formacion\/#primaryimage","url":"https:\/\/tuguia.combarranquilla.co\/Revista\/wp-content\/uploads\/2024\/06\/WhatsApp-Image-2024-06-28-at-12.00.37-PM.jpeg","contentUrl":"https:\/\/tuguia.combarranquilla.co\/Revista\/wp-content\/uploads\/2024\/06\/WhatsApp-Image-2024-06-28-at-12.00.37-PM.jpeg","width":1280,"height":876},{"@type":"BreadcrumbList","@id":"https:\/\/tuguia.combarranquilla.co\/Revista\/un-gran-futuro-combarranquilla-celebro-los-grados-del-centro-de-formacion\/#breadcrumb","itemListElement":[{"@type":"ListItem","position":1,"name":"Inicio","item":"https:\/\/tuguia.combarranquilla.co\/Revista\/"},{"@type":"ListItem","position":2,"name":"Un gran futuro: Combarranquilla celebr\u00f3 los grados del Centro de Formaci\u00f3n"}]},{"@type":"WebSite","@id":"https:\/\/tuguia.combarranquilla.co\/Revista\/#website","url":"https:\/\/tuguia.combarranquilla.co\/Revista\/","name":"Tu Gu\u00eda","description":"La revista donde lo tienes todo.","publisher":{"@id":"https:\/\/tuguia.combarranquilla.co\/Revista\/#organization"},"alternateName":"Tu Gu\u00eda Combarranquilla","potentialAction":[{"@type":"SearchAction","target":{"@type":"EntryPoint","urlTemplate":"https:\/\/tuguia.combarranquilla.co\/Revista\/?s={search_term_string}"},"query-input":{"@type":"PropertyValueSpecification","valueRequired":true,"valueName":"search_term_string"}}],"inLanguage":"es-CO"},{"@type":"Organization","@id":"https:\/\/tuguia.combarranquilla.co\/Revista\/#organization","name":"Tu Gu\u00eda Combarranquilla","url":"https:\/\/tuguia.combarranquilla.co\/Revista\/","logo":{"@type":"ImageObject","inLanguage":"es-CO","@id":"https:\/\/tuguia.combarranquilla.co\/Revista\/#\/schema\/logo\/image\/","url":"https:\/\/tuguia.combarranquilla.co\/Revista\/wp-content\/uploads\/2022\/02\/logo-guia-combarranquilla.svg","contentUrl":"https:\/\/tuguia.combarranquilla.co\/Revista\/wp-content\/uploads\/2022\/02\/logo-guia-combarranquilla.svg","caption":"Tu Gu\u00eda Combarranquilla"},"image":{"@id":"https:\/\/tuguia.combarranquilla.co\/Revista\/#\/schema\/logo\/image\/"}},{"@type":"Person","@id":"https:\/\/tuguia.combarranquilla.co\/Revista\/#\/schema\/person\/c2c396a77170bd1d5f8ba73294eb0d10","name":"Comunicaciones Combarranquilla","image":{"@type":"ImageObject","inLanguage":"es-CO","@id":"https:\/\/tuguia.combarranquilla.co\/Revista\/wp-content\/uploads\/2025\/05\/ABC-Al-Rojo-Logo-96x96.jpg","url":"https:\/\/tuguia.combarranquilla.co\/Revista\/wp-content\/uploads\/2025\/05\/ABC-Al-Rojo-Logo-96x96.jpg","contentUrl":"https:\/\/tuguia.combarranquilla.co\/Revista\/wp-content\/uploads\/2025\/05\/ABC-Al-Rojo-Logo-96x96.jpg","caption":"Comunicaciones Combarranquilla"},"sameAs":["https:\/\/www.combarranquilla.co"],"url":"https:\/\/tuguia.combarranquilla.co\/Revista\/author\/comunicaciones\/"}]}},"_links":{"self":[{"href":"https:\/\/tuguia.combarranquilla.co\/Revista\/wp-json\/wp\/v2\/posts\/4343","targetHints":{"allow":["GET"]}}],"collection":[{"href":"https:\/\/tuguia.combarranquilla.co\/Revista\/wp-json\/wp\/v2\/posts"}],"about":[{"href":"https:\/\/tuguia.combarranquilla.co\/Revista\/wp-json\/wp\/v2\/types\/post"}],"author":[{"embeddable":true,"href":"https:\/\/tuguia.combarranquilla.co\/Revista\/wp-json\/wp\/v2\/users\/2"}],"replies":[{"embeddable":true,"href":"https:\/\/tuguia.combarranquilla.co\/Revista\/wp-json\/wp\/v2\/comments?post=4343"}],"version-history":[{"count":2,"href":"https:\/\/tuguia.combarranquilla.co\/Revista\/wp-json\/wp\/v2\/posts\/4343\/revisions"}],"predecessor-version":[{"id":4365,"href":"https:\/\/tuguia.combarranquilla.co\/Revista\/wp-json\/wp\/v2\/posts\/4343\/revisions\/4365"}],"wp:featuredmedia":[{"embeddable":true,"href":"https:\/\/tuguia.combarranquilla.co\/Revista\/wp-json\/wp\/v2\/media\/4346"}],"wp:attachment":[{"href":"https:\/\/tuguia.combarranquilla.co\/Revista\/wp-json\/wp\/v2\/media?parent=4343"}],"wp:term":[{"taxonomy":"category","embeddable":true,"href":"https:\/\/tuguia.combarranquilla.co\/Revista\/wp-json\/wp\/v2\/categories?post=4343"},{"taxonomy":"post_tag","embeddable":true,"href":"https:\/\/tuguia.combarranquilla.co\/Revista\/wp-json\/wp\/v2\/tags?post=4343"}],"curies":[{"name":"wp","href":"https:\/\/api.w.org\/{rel}","templated":true}]}}