{"id":4429,"date":"2024-07-16T11:41:24","date_gmt":"2024-07-16T16:41:24","guid":{"rendered":"https:\/\/tuguia.combarranquilla.co\/Revista\/?p=4429"},"modified":"2024-07-17T11:09:25","modified_gmt":"2024-07-17T16:09:25","slug":"mas-alla-del-cielo-sabias-esto-sobre-el-universo","status":"publish","type":"post","link":"https:\/\/tuguia.combarranquilla.co\/Revista\/mas-alla-del-cielo-sabias-esto-sobre-el-universo\/","title":{"rendered":"M\u00e1s all\u00e1 del cielo: \u00bfSab\u00edas esto sobre el universo?\u00a0"},"content":{"rendered":"\n<p class=\"has-medium-font-size\">\u00bfQu\u00e9 hay m\u00e1s all\u00e1 de lo que vemos? El universo es un espacio de maravillas c\u00f3smicas, fen\u00f3menos sorprendentes y misterios por resolver. Exploremos algunas de las curiosidades m\u00e1s fascinantes del espacio que despiertan nuestra imaginaci\u00f3n.<\/p>\n\n\n\n<div class=\"wp-block-columns is-layout-flex wp-container-core-columns-is-layout-9d6595d7 wp-block-columns-is-layout-flex\">\n<div class=\"wp-block-column is-layout-flow wp-block-column-is-layout-flow\">\n<p class=\"has-medium-font-size\"><strong>1. El pasado ante nuestros ojos<\/strong>.<\/p>\n\n\n\n<figure class=\"wp-block-image size-large is-resized\"><img decoding=\"async\" width=\"2560\" height=\"1439\" data-src=\"https:\/\/tuguia.combarranquilla.co\/Revista\/wp-content\/uploads\/2024\/07\/pexels-francesco-ungaro-998641-3-edited-scaled.jpg\" alt=\"\" class=\"wp-image-4477 lazyload\" style=\"--smush-placeholder-width: 2560px; --smush-placeholder-aspect-ratio: 2560\/1439;width:457px;height:auto\" data-srcset=\"https:\/\/tuguia.combarranquilla.co\/Revista\/wp-content\/uploads\/2024\/07\/pexels-francesco-ungaro-998641-3-edited-scaled.jpg 2560w, https:\/\/tuguia.combarranquilla.co\/Revista\/wp-content\/uploads\/2024\/07\/pexels-francesco-ungaro-998641-3-edited-300x169.jpg 300w, https:\/\/tuguia.combarranquilla.co\/Revista\/wp-content\/uploads\/2024\/07\/pexels-francesco-ungaro-998641-3-edited-1024x576.jpg 1024w, https:\/\/tuguia.combarranquilla.co\/Revista\/wp-content\/uploads\/2024\/07\/pexels-francesco-ungaro-998641-3-edited-768x432.jpg 768w, https:\/\/tuguia.combarranquilla.co\/Revista\/wp-content\/uploads\/2024\/07\/pexels-francesco-ungaro-998641-3-edited-1536x863.jpg 1536w, https:\/\/tuguia.combarranquilla.co\/Revista\/wp-content\/uploads\/2024\/07\/pexels-francesco-ungaro-998641-3-edited-2048x1151.jpg 2048w\" data-sizes=\"(max-width: 2560px) 100vw, 2560px\" src=\"data:image\/svg+xml;base64,PHN2ZyB3aWR0aD0iMSIgaGVpZ2h0PSIxIiB4bWxucz0iaHR0cDovL3d3dy53My5vcmcvMjAwMC9zdmciPjwvc3ZnPg==\" \/><figcaption class=\"wp-element-caption\"><em>Imagen de referencia<\/em><\/figcaption><\/figure>\n\n\n\n<p class=\"has-medium-font-size\">\u00bfNecesitamos m\u00e1quinas del tiempo? \u00a1Con tan solo mirar al cielo podr\u00edamos ver el pasado! Aunque suene sorprendente, la luz que vemos de algunos cuerpos celestes en el cosmos pudo haber sido emitida millones de a\u00f1os atr\u00e1s. Esto quiere decir que lo que vemos hoy en el cielo es el pasado: el pasado de cometas, galaxias e incluso estrellas que quiz\u00e1 ya no existen.&nbsp;&nbsp;<\/p>\n<\/div>\n<\/div>\n\n\n\n<div class=\"wp-block-columns is-layout-flex wp-container-core-columns-is-layout-9d6595d7 wp-block-columns-is-layout-flex\">\n<div class=\"wp-block-column is-layout-flow wp-block-column-is-layout-flow\">\n<p class=\"has-medium-font-size\"><strong>2. Una historia de ciencia ficci\u00f3n<\/strong>.<\/p>\n\n\n\n<figure class=\"wp-block-image size-full is-resized\"><img decoding=\"async\" width=\"1024\" height=\"576\" data-src=\"https:\/\/tuguia.combarranquilla.co\/Revista\/wp-content\/uploads\/2024\/07\/311fd73c-187a-4988-9b5c-d50cf4d54133-1-edited.jpg\" alt=\"\" class=\"wp-image-4474 lazyload\" style=\"--smush-placeholder-width: 1024px; --smush-placeholder-aspect-ratio: 1024\/576;width:450px;height:auto\" data-srcset=\"https:\/\/tuguia.combarranquilla.co\/Revista\/wp-content\/uploads\/2024\/07\/311fd73c-187a-4988-9b5c-d50cf4d54133-1-edited.jpg 1024w, https:\/\/tuguia.combarranquilla.co\/Revista\/wp-content\/uploads\/2024\/07\/311fd73c-187a-4988-9b5c-d50cf4d54133-1-edited-300x169.jpg 300w, https:\/\/tuguia.combarranquilla.co\/Revista\/wp-content\/uploads\/2024\/07\/311fd73c-187a-4988-9b5c-d50cf4d54133-1-edited-768x432.jpg 768w\" data-sizes=\"(max-width: 1024px) 100vw, 1024px\" src=\"data:image\/svg+xml;base64,PHN2ZyB3aWR0aD0iMSIgaGVpZ2h0PSIxIiB4bWxucz0iaHR0cDovL3d3dy53My5vcmcvMjAwMC9zdmciPjwvc3ZnPg==\" \/><figcaption class=\"wp-element-caption\"><em>Imagen de referencia<\/em><\/figcaption><\/figure>\n\n\n\n<p class=\"has-medium-font-size\">El planeta Kepler-16b fue descubierto en 2011 por el telescopio espacial Kepler. Su hallazgo sorprendi\u00f3 a muchos por tener un gran parecido con Tatooine, el planeta en el que naci\u00f3 Luke Skywalker de la saga de Star Wars. Tal y como Tatooine, Kepler-16b es un cuerpo gaseoso de gran tama\u00f1o que orbita dos soles. \u00a1Si estuvieras en la superficie de este planeta, tendr\u00edas dos sombras y ver\u00edas dos puestas de sol! Definitivamente una historia de ciencia ficci\u00f3n.&nbsp;<\/p>\n<\/div>\n<\/div>\n\n\n\n<div class=\"wp-block-columns is-layout-flex wp-container-core-columns-is-layout-9d6595d7 wp-block-columns-is-layout-flex\">\n<div class=\"wp-block-column is-layout-flow wp-block-column-is-layout-flow\">\n<p class=\"has-medium-font-size\"><strong>3. Auroras boreales: La tierra protegi\u00e9ndonos<\/strong>.<\/p>\n\n\n\n<figure class=\"wp-block-image size-large is-resized\"><img decoding=\"async\" width=\"2560\" height=\"1440\" data-src=\"https:\/\/tuguia.combarranquilla.co\/Revista\/wp-content\/uploads\/2024\/07\/pexels-therato-3374210-2-edited-scaled.jpg\" alt=\"\" class=\"wp-image-4479 lazyload\" style=\"--smush-placeholder-width: 2560px; --smush-placeholder-aspect-ratio: 2560\/1440;width:443px;height:auto\" data-srcset=\"https:\/\/tuguia.combarranquilla.co\/Revista\/wp-content\/uploads\/2024\/07\/pexels-therato-3374210-2-edited-scaled.jpg 2560w, https:\/\/tuguia.combarranquilla.co\/Revista\/wp-content\/uploads\/2024\/07\/pexels-therato-3374210-2-edited-300x169.jpg 300w, https:\/\/tuguia.combarranquilla.co\/Revista\/wp-content\/uploads\/2024\/07\/pexels-therato-3374210-2-edited-1024x576.jpg 1024w, https:\/\/tuguia.combarranquilla.co\/Revista\/wp-content\/uploads\/2024\/07\/pexels-therato-3374210-2-edited-768x432.jpg 768w, https:\/\/tuguia.combarranquilla.co\/Revista\/wp-content\/uploads\/2024\/07\/pexels-therato-3374210-2-edited-1536x864.jpg 1536w, https:\/\/tuguia.combarranquilla.co\/Revista\/wp-content\/uploads\/2024\/07\/pexels-therato-3374210-2-edited-2048x1152.jpg 2048w\" data-sizes=\"(max-width: 2560px) 100vw, 2560px\" src=\"data:image\/svg+xml;base64,PHN2ZyB3aWR0aD0iMSIgaGVpZ2h0PSIxIiB4bWxucz0iaHR0cDovL3d3dy53My5vcmcvMjAwMC9zdmciPjwvc3ZnPg==\" \/><figcaption class=\"wp-element-caption\"><em>Imagen de referencia<\/em><\/figcaption><\/figure>\n\n\n\n<p class=\"has-medium-font-size\">La aurora boreal, o luz del norte, es un fen\u00f3meno natural alabado por mucho debido a su belleza. Sin embargo, algunos no conocen el mensaje que env\u00eda: la tierra nos protege. Cuando una tormenta solar se dirige hacia nuestro planeta, ciertas part\u00edculas chocan con su campo magn\u00e9tico y se crean esas cortinas de colores llamativos que vemos en el cielo. Al ver auroras boreales, estamos presenciando c\u00f3mo la tierra nos defiende de la radiaci\u00f3n.<\/p>\n<\/div>\n<\/div>\n\n\n\n<div class=\"wp-block-columns is-layout-flex wp-container-core-columns-is-layout-9d6595d7 wp-block-columns-is-layout-flex\">\n<div class=\"wp-block-column is-layout-flow wp-block-column-is-layout-flow\">\n<p class=\"has-medium-font-size\"><strong>4. Una mujer y el cometa de 1702<\/strong>.<\/p>\n\n\n\n<figure class=\"wp-block-image size-full is-resized\"><img decoding=\"async\" width=\"1024\" height=\"576\" data-src=\"https:\/\/tuguia.combarranquilla.co\/Revista\/wp-content\/uploads\/2024\/07\/66124575-26ec-4836-9769-6c6a561d228c-2-edited.jpg\" alt=\"\" class=\"wp-image-4481 lazyload\" style=\"--smush-placeholder-width: 1024px; --smush-placeholder-aspect-ratio: 1024\/576;width:437px;height:auto\" data-srcset=\"https:\/\/tuguia.combarranquilla.co\/Revista\/wp-content\/uploads\/2024\/07\/66124575-26ec-4836-9769-6c6a561d228c-2-edited.jpg 1024w, https:\/\/tuguia.combarranquilla.co\/Revista\/wp-content\/uploads\/2024\/07\/66124575-26ec-4836-9769-6c6a561d228c-2-edited-300x169.jpg 300w, https:\/\/tuguia.combarranquilla.co\/Revista\/wp-content\/uploads\/2024\/07\/66124575-26ec-4836-9769-6c6a561d228c-2-edited-768x432.jpg 768w\" data-sizes=\"(max-width: 1024px) 100vw, 1024px\" src=\"data:image\/svg+xml;base64,PHN2ZyB3aWR0aD0iMSIgaGVpZ2h0PSIxIiB4bWxucz0iaHR0cDovL3d3dy53My5vcmcvMjAwMC9zdmciPjwvc3ZnPg==\" \/><figcaption class=\"wp-element-caption\"><em>Imagen de referencia<\/em><\/figcaption><\/figure>\n\n\n\n<p class=\"has-medium-font-size\">El 20 de abril de 1702, Maria Winkelmann descubri\u00f3 el cometa C\/1702 H1, siendo la primera mujer en hacerlo. Al inicio, su descubrimiento fue atribuido a su esposo Gottfried Kirch, un astr\u00f3nomo muy famoso que la manten\u00eda a su sombra. Pero fue \u00e9l mismo quien a\u00f1os despu\u00e9s la nombr\u00f3 como la leg\u00edtima descubridora del cometa.&nbsp;<\/p>\n<\/div>\n<\/div>\n\n\n\n<div class=\"wp-block-columns is-layout-flex wp-container-core-columns-is-layout-9d6595d7 wp-block-columns-is-layout-flex\">\n<div class=\"wp-block-column is-layout-flow wp-block-column-is-layout-flow\">\n<p class=\"has-medium-font-size\"><strong>5. \u00bfUniverso finito o infinito? El gran debate<\/strong>.<\/p>\n\n\n\n<figure class=\"wp-block-image size-large is-resized\"><img decoding=\"async\" width=\"2500\" height=\"1406\" data-src=\"https:\/\/tuguia.combarranquilla.co\/Revista\/wp-content\/uploads\/2024\/07\/pexels-pixabay-2150-3-edited.jpg\" alt=\"\" class=\"wp-image-4483 lazyload\" style=\"--smush-placeholder-width: 2500px; --smush-placeholder-aspect-ratio: 2500\/1406;width:432px;height:auto\" data-srcset=\"https:\/\/tuguia.combarranquilla.co\/Revista\/wp-content\/uploads\/2024\/07\/pexels-pixabay-2150-3-edited.jpg 2500w, https:\/\/tuguia.combarranquilla.co\/Revista\/wp-content\/uploads\/2024\/07\/pexels-pixabay-2150-3-edited-300x169.jpg 300w, https:\/\/tuguia.combarranquilla.co\/Revista\/wp-content\/uploads\/2024\/07\/pexels-pixabay-2150-3-edited-1024x576.jpg 1024w, https:\/\/tuguia.combarranquilla.co\/Revista\/wp-content\/uploads\/2024\/07\/pexels-pixabay-2150-3-edited-768x432.jpg 768w, https:\/\/tuguia.combarranquilla.co\/Revista\/wp-content\/uploads\/2024\/07\/pexels-pixabay-2150-3-edited-1536x864.jpg 1536w, https:\/\/tuguia.combarranquilla.co\/Revista\/wp-content\/uploads\/2024\/07\/pexels-pixabay-2150-3-edited-2048x1152.jpg 2048w\" data-sizes=\"(max-width: 2500px) 100vw, 2500px\" src=\"data:image\/svg+xml;base64,PHN2ZyB3aWR0aD0iMSIgaGVpZ2h0PSIxIiB4bWxucz0iaHR0cDovL3d3dy53My5vcmcvMjAwMC9zdmciPjwvc3ZnPg==\" \/><figcaption class=\"wp-element-caption\"><em>Imagen de referencia<\/em><\/figcaption><\/figure>\n\n\n\n<p class=\"has-medium-font-size\">Por a\u00f1os, diferentes cient\u00edficos se han preguntado sobre los l\u00edmites del universo. Algunos concuerdan con Edwin Hubble, quien en 1929 concluy\u00f3 que el universo se encuentra en constante expansi\u00f3n. Para otros, el simple hecho de poder observar la oscuridad del cielo nocturno apunta a su finitud. De hecho, la \u00faltima teor\u00eda de Stephen Hawking, junto con Thomas Hertog, afirma que el universo es liso y globalmente finito. Pero la realidad es que nada se sabe con certeza.<\/p>\n<\/div>\n<\/div>\n\n\n\n<blockquote class=\"wp-block-quote has-text-align-left is-layout-flow wp-block-quote-is-layout-flow\">\n<p><\/p>\n<cite><strong><mark style=\"background-color:#abb8c3\" class=\"has-inline-color\"><em>La Tierra es una peque\u00f1a ciudad con muchos barrios en un universo muy grande<\/em>. <br>\u2013<em>Ron Garan<\/em><\/mark><\/strong><\/cite><\/blockquote>\n\n\n\n<p class=\"has-medium-font-size\">Mucho se ha estudiado sobre el universo y millones de preguntas siguen surgiendo. Es interesante ver lo lejos que ha llegado la humanidad con los avances cient\u00edficos. Indudablemente, en un futuro seremos capaces de dar respuesta a las interrogantes que hay sobre nuestra existencia.<\/p>\n","protected":false},"excerpt":{"rendered":"<p>\u00bfQu\u00e9 hay m\u00e1s all\u00e1 de lo que vemos? El universo es un espacio de maravillas c\u00f3smicas, fen\u00f3menos sorprendentes y misterios por resolver. Exploremos algunas de las curiosidades m\u00e1s fascinantes del espacio que despiertan nuestra imaginaci\u00f3n. 1. El pasado ante nuestros ojos. \u00bfNecesitamos m\u00e1quinas del tiempo? \u00a1Con tan solo mirar al cielo podr\u00edamos ver el pasado! [&hellip;]<\/p>\n","protected":false},"author":2,"featured_media":4488,"comment_status":"open","ping_status":"open","sticky":false,"template":"","format":"standard","meta":{"inline_featured_image":false,"footnotes":""},"categories":[4],"tags":[],"class_list":["post-4429","post","type-post","status-publish","format-standard","has-post-thumbnail","hentry","category-ciencia-y-cultura"],"yoast_head":"<!-- This site is optimized with the Yoast SEO plugin v27.4 - https:\/\/yoast.com\/product\/yoast-seo-wordpress\/ -->\n<title>M\u00e1s all\u00e1 del cielo: \u00bfSab\u00edas esto sobre el universo?\u00a0 - Tu Gu\u00eda<\/title>\n<meta name=\"robots\" content=\"index, follow, max-snippet:-1, max-image-preview:large, max-video-preview:-1\" \/>\n<link rel=\"canonical\" href=\"https:\/\/tuguia.combarranquilla.co\/Revista\/mas-alla-del-cielo-sabias-esto-sobre-el-universo\/\" \/>\n<meta property=\"og:locale\" content=\"es_ES\" \/>\n<meta property=\"og:type\" content=\"article\" \/>\n<meta property=\"og:title\" content=\"M\u00e1s all\u00e1 del cielo: \u00bfSab\u00edas esto sobre el universo?\u00a0 - Tu Gu\u00eda\" \/>\n<meta property=\"og:description\" content=\"\u00bfQu\u00e9 hay m\u00e1s all\u00e1 de lo que vemos? El universo es un espacio de maravillas c\u00f3smicas, fen\u00f3menos sorprendentes y misterios por resolver. Exploremos algunas de las curiosidades m\u00e1s fascinantes del espacio que despiertan nuestra imaginaci\u00f3n. 1. El pasado ante nuestros ojos. \u00bfNecesitamos m\u00e1quinas del tiempo? \u00a1Con tan solo mirar al cielo podr\u00edamos ver el pasado! [&hellip;]\" \/>\n<meta property=\"og:url\" content=\"https:\/\/tuguia.combarranquilla.co\/Revista\/mas-alla-del-cielo-sabias-esto-sobre-el-universo\/\" \/>\n<meta property=\"og:site_name\" content=\"Tu Gu\u00eda\" \/>\n<meta property=\"article:published_time\" content=\"2024-07-16T16:41:24+00:00\" \/>\n<meta property=\"article:modified_time\" content=\"2024-07-17T16:09:25+00:00\" \/>\n<meta property=\"og:image\" content=\"https:\/\/tuguia.combarranquilla.co\/Revista\/wp-content\/uploads\/2024\/07\/pexels-pixabay-355465.jpg\" \/>\n\t<meta property=\"og:image:width\" content=\"2000\" \/>\n\t<meta property=\"og:image:height\" content=\"1086\" \/>\n\t<meta property=\"og:image:type\" content=\"image\/jpeg\" \/>\n<meta name=\"author\" content=\"Comunicaciones Combarranquilla\" \/>\n<meta name=\"twitter:card\" content=\"summary_large_image\" \/>\n<meta name=\"twitter:label1\" content=\"Escrito por\" \/>\n\t<meta name=\"twitter:data1\" content=\"Comunicaciones Combarranquilla\" \/>\n\t<meta name=\"twitter:label2\" content=\"Tiempo de lectura\" \/>\n\t<meta name=\"twitter:data2\" content=\"3 minutos\" \/>\n<script type=\"application\/ld+json\" class=\"yoast-schema-graph\">{\"@context\":\"https:\\\/\\\/schema.org\",\"@graph\":[{\"@type\":\"Article\",\"@id\":\"https:\\\/\\\/tuguia.combarranquilla.co\\\/Revista\\\/mas-alla-del-cielo-sabias-esto-sobre-el-universo\\\/#article\",\"isPartOf\":{\"@id\":\"https:\\\/\\\/tuguia.combarranquilla.co\\\/Revista\\\/mas-alla-del-cielo-sabias-esto-sobre-el-universo\\\/\"},\"author\":{\"name\":\"Comunicaciones Combarranquilla\",\"@id\":\"https:\\\/\\\/tuguia.combarranquilla.co\\\/Revista\\\/#\\\/schema\\\/person\\\/c2c396a77170bd1d5f8ba73294eb0d10\"},\"headline\":\"M\u00e1s all\u00e1 del cielo: \u00bfSab\u00edas esto sobre el universo?\u00a0\",\"datePublished\":\"2024-07-16T16:41:24+00:00\",\"dateModified\":\"2024-07-17T16:09:25+00:00\",\"mainEntityOfPage\":{\"@id\":\"https:\\\/\\\/tuguia.combarranquilla.co\\\/Revista\\\/mas-alla-del-cielo-sabias-esto-sobre-el-universo\\\/\"},\"wordCount\":530,\"commentCount\":0,\"publisher\":{\"@id\":\"https:\\\/\\\/tuguia.combarranquilla.co\\\/Revista\\\/#organization\"},\"image\":{\"@id\":\"https:\\\/\\\/tuguia.combarranquilla.co\\\/Revista\\\/mas-alla-del-cielo-sabias-esto-sobre-el-universo\\\/#primaryimage\"},\"thumbnailUrl\":\"https:\\\/\\\/tuguia.combarranquilla.co\\\/Revista\\\/wp-content\\\/uploads\\\/2024\\\/07\\\/pexels-pixabay-355465.jpg\",\"articleSection\":[\"CIENCIA Y CULTURA\"],\"inLanguage\":\"es-CO\",\"potentialAction\":[{\"@type\":\"CommentAction\",\"name\":\"Comment\",\"target\":[\"https:\\\/\\\/tuguia.combarranquilla.co\\\/Revista\\\/mas-alla-del-cielo-sabias-esto-sobre-el-universo\\\/#respond\"]}]},{\"@type\":\"WebPage\",\"@id\":\"https:\\\/\\\/tuguia.combarranquilla.co\\\/Revista\\\/mas-alla-del-cielo-sabias-esto-sobre-el-universo\\\/\",\"url\":\"https:\\\/\\\/tuguia.combarranquilla.co\\\/Revista\\\/mas-alla-del-cielo-sabias-esto-sobre-el-universo\\\/\",\"name\":\"M\u00e1s all\u00e1 del cielo: \u00bfSab\u00edas esto sobre el universo?\u00a0 - Tu Gu\u00eda\",\"isPartOf\":{\"@id\":\"https:\\\/\\\/tuguia.combarranquilla.co\\\/Revista\\\/#website\"},\"primaryImageOfPage\":{\"@id\":\"https:\\\/\\\/tuguia.combarranquilla.co\\\/Revista\\\/mas-alla-del-cielo-sabias-esto-sobre-el-universo\\\/#primaryimage\"},\"image\":{\"@id\":\"https:\\\/\\\/tuguia.combarranquilla.co\\\/Revista\\\/mas-alla-del-cielo-sabias-esto-sobre-el-universo\\\/#primaryimage\"},\"thumbnailUrl\":\"https:\\\/\\\/tuguia.combarranquilla.co\\\/Revista\\\/wp-content\\\/uploads\\\/2024\\\/07\\\/pexels-pixabay-355465.jpg\",\"datePublished\":\"2024-07-16T16:41:24+00:00\",\"dateModified\":\"2024-07-17T16:09:25+00:00\",\"breadcrumb\":{\"@id\":\"https:\\\/\\\/tuguia.combarranquilla.co\\\/Revista\\\/mas-alla-del-cielo-sabias-esto-sobre-el-universo\\\/#breadcrumb\"},\"inLanguage\":\"es-CO\",\"potentialAction\":[{\"@type\":\"ReadAction\",\"target\":[\"https:\\\/\\\/tuguia.combarranquilla.co\\\/Revista\\\/mas-alla-del-cielo-sabias-esto-sobre-el-universo\\\/\"]}]},{\"@type\":\"ImageObject\",\"inLanguage\":\"es-CO\",\"@id\":\"https:\\\/\\\/tuguia.combarranquilla.co\\\/Revista\\\/mas-alla-del-cielo-sabias-esto-sobre-el-universo\\\/#primaryimage\",\"url\":\"https:\\\/\\\/tuguia.combarranquilla.co\\\/Revista\\\/wp-content\\\/uploads\\\/2024\\\/07\\\/pexels-pixabay-355465.jpg\",\"contentUrl\":\"https:\\\/\\\/tuguia.combarranquilla.co\\\/Revista\\\/wp-content\\\/uploads\\\/2024\\\/07\\\/pexels-pixabay-355465.jpg\",\"width\":2000,\"height\":1086},{\"@type\":\"BreadcrumbList\",\"@id\":\"https:\\\/\\\/tuguia.combarranquilla.co\\\/Revista\\\/mas-alla-del-cielo-sabias-esto-sobre-el-universo\\\/#breadcrumb\",\"itemListElement\":[{\"@type\":\"ListItem\",\"position\":1,\"name\":\"Inicio\",\"item\":\"https:\\\/\\\/tuguia.combarranquilla.co\\\/Revista\\\/\"},{\"@type\":\"ListItem\",\"position\":2,\"name\":\"M\u00e1s all\u00e1 del cielo: \u00bfSab\u00edas esto sobre el universo?\u00a0\"}]},{\"@type\":\"WebSite\",\"@id\":\"https:\\\/\\\/tuguia.combarranquilla.co\\\/Revista\\\/#website\",\"url\":\"https:\\\/\\\/tuguia.combarranquilla.co\\\/Revista\\\/\",\"name\":\"Tu Gu\u00eda\",\"description\":\"La revista donde lo tienes todo.\",\"publisher\":{\"@id\":\"https:\\\/\\\/tuguia.combarranquilla.co\\\/Revista\\\/#organization\"},\"alternateName\":\"Tu Gu\u00eda Combarranquilla\",\"potentialAction\":[{\"@type\":\"SearchAction\",\"target\":{\"@type\":\"EntryPoint\",\"urlTemplate\":\"https:\\\/\\\/tuguia.combarranquilla.co\\\/Revista\\\/?s={search_term_string}\"},\"query-input\":{\"@type\":\"PropertyValueSpecification\",\"valueRequired\":true,\"valueName\":\"search_term_string\"}}],\"inLanguage\":\"es-CO\"},{\"@type\":\"Organization\",\"@id\":\"https:\\\/\\\/tuguia.combarranquilla.co\\\/Revista\\\/#organization\",\"name\":\"Tu Gu\u00eda Combarranquilla\",\"url\":\"https:\\\/\\\/tuguia.combarranquilla.co\\\/Revista\\\/\",\"logo\":{\"@type\":\"ImageObject\",\"inLanguage\":\"es-CO\",\"@id\":\"https:\\\/\\\/tuguia.combarranquilla.co\\\/Revista\\\/#\\\/schema\\\/logo\\\/image\\\/\",\"url\":\"https:\\\/\\\/tuguia.combarranquilla.co\\\/Revista\\\/wp-content\\\/uploads\\\/2022\\\/02\\\/logo-guia-combarranquilla.svg\",\"contentUrl\":\"https:\\\/\\\/tuguia.combarranquilla.co\\\/Revista\\\/wp-content\\\/uploads\\\/2022\\\/02\\\/logo-guia-combarranquilla.svg\",\"caption\":\"Tu Gu\u00eda Combarranquilla\"},\"image\":{\"@id\":\"https:\\\/\\\/tuguia.combarranquilla.co\\\/Revista\\\/#\\\/schema\\\/logo\\\/image\\\/\"}},{\"@type\":\"Person\",\"@id\":\"https:\\\/\\\/tuguia.combarranquilla.co\\\/Revista\\\/#\\\/schema\\\/person\\\/c2c396a77170bd1d5f8ba73294eb0d10\",\"name\":\"Comunicaciones Combarranquilla\",\"image\":{\"@type\":\"ImageObject\",\"inLanguage\":\"es-CO\",\"@id\":\"https:\\\/\\\/tuguia.combarranquilla.co\\\/Revista\\\/wp-content\\\/uploads\\\/2025\\\/05\\\/ABC-Al-Rojo-Logo-96x96.jpg\",\"url\":\"https:\\\/\\\/tuguia.combarranquilla.co\\\/Revista\\\/wp-content\\\/uploads\\\/2025\\\/05\\\/ABC-Al-Rojo-Logo-96x96.jpg\",\"contentUrl\":\"https:\\\/\\\/tuguia.combarranquilla.co\\\/Revista\\\/wp-content\\\/uploads\\\/2025\\\/05\\\/ABC-Al-Rojo-Logo-96x96.jpg\",\"caption\":\"Comunicaciones Combarranquilla\"},\"sameAs\":[\"https:\\\/\\\/www.combarranquilla.co\"],\"url\":\"https:\\\/\\\/tuguia.combarranquilla.co\\\/Revista\\\/author\\\/comunicaciones\\\/\"}]}<\/script>\n<!-- \/ Yoast SEO plugin. -->","yoast_head_json":{"title":"M\u00e1s all\u00e1 del cielo: \u00bfSab\u00edas esto sobre el universo?\u00a0 - Tu Gu\u00eda","robots":{"index":"index","follow":"follow","max-snippet":"max-snippet:-1","max-image-preview":"max-image-preview:large","max-video-preview":"max-video-preview:-1"},"canonical":"https:\/\/tuguia.combarranquilla.co\/Revista\/mas-alla-del-cielo-sabias-esto-sobre-el-universo\/","og_locale":"es_ES","og_type":"article","og_title":"M\u00e1s all\u00e1 del cielo: \u00bfSab\u00edas esto sobre el universo?\u00a0 - Tu Gu\u00eda","og_description":"\u00bfQu\u00e9 hay m\u00e1s all\u00e1 de lo que vemos? El universo es un espacio de maravillas c\u00f3smicas, fen\u00f3menos sorprendentes y misterios por resolver. Exploremos algunas de las curiosidades m\u00e1s fascinantes del espacio que despiertan nuestra imaginaci\u00f3n. 1. El pasado ante nuestros ojos. \u00bfNecesitamos m\u00e1quinas del tiempo? \u00a1Con tan solo mirar al cielo podr\u00edamos ver el pasado! [&hellip;]","og_url":"https:\/\/tuguia.combarranquilla.co\/Revista\/mas-alla-del-cielo-sabias-esto-sobre-el-universo\/","og_site_name":"Tu Gu\u00eda","article_published_time":"2024-07-16T16:41:24+00:00","article_modified_time":"2024-07-17T16:09:25+00:00","og_image":[{"width":2000,"height":1086,"url":"https:\/\/tuguia.combarranquilla.co\/Revista\/wp-content\/uploads\/2024\/07\/pexels-pixabay-355465.jpg","type":"image\/jpeg"}],"author":"Comunicaciones Combarranquilla","twitter_card":"summary_large_image","twitter_misc":{"Escrito por":"Comunicaciones Combarranquilla","Tiempo de lectura":"3 minutos"},"schema":{"@context":"https:\/\/schema.org","@graph":[{"@type":"Article","@id":"https:\/\/tuguia.combarranquilla.co\/Revista\/mas-alla-del-cielo-sabias-esto-sobre-el-universo\/#article","isPartOf":{"@id":"https:\/\/tuguia.combarranquilla.co\/Revista\/mas-alla-del-cielo-sabias-esto-sobre-el-universo\/"},"author":{"name":"Comunicaciones Combarranquilla","@id":"https:\/\/tuguia.combarranquilla.co\/Revista\/#\/schema\/person\/c2c396a77170bd1d5f8ba73294eb0d10"},"headline":"M\u00e1s all\u00e1 del cielo: \u00bfSab\u00edas esto sobre el universo?\u00a0","datePublished":"2024-07-16T16:41:24+00:00","dateModified":"2024-07-17T16:09:25+00:00","mainEntityOfPage":{"@id":"https:\/\/tuguia.combarranquilla.co\/Revista\/mas-alla-del-cielo-sabias-esto-sobre-el-universo\/"},"wordCount":530,"commentCount":0,"publisher":{"@id":"https:\/\/tuguia.combarranquilla.co\/Revista\/#organization"},"image":{"@id":"https:\/\/tuguia.combarranquilla.co\/Revista\/mas-alla-del-cielo-sabias-esto-sobre-el-universo\/#primaryimage"},"thumbnailUrl":"https:\/\/tuguia.combarranquilla.co\/Revista\/wp-content\/uploads\/2024\/07\/pexels-pixabay-355465.jpg","articleSection":["CIENCIA Y CULTURA"],"inLanguage":"es-CO","potentialAction":[{"@type":"CommentAction","name":"Comment","target":["https:\/\/tuguia.combarranquilla.co\/Revista\/mas-alla-del-cielo-sabias-esto-sobre-el-universo\/#respond"]}]},{"@type":"WebPage","@id":"https:\/\/tuguia.combarranquilla.co\/Revista\/mas-alla-del-cielo-sabias-esto-sobre-el-universo\/","url":"https:\/\/tuguia.combarranquilla.co\/Revista\/mas-alla-del-cielo-sabias-esto-sobre-el-universo\/","name":"M\u00e1s all\u00e1 del cielo: \u00bfSab\u00edas esto sobre el universo?\u00a0 - Tu Gu\u00eda","isPartOf":{"@id":"https:\/\/tuguia.combarranquilla.co\/Revista\/#website"},"primaryImageOfPage":{"@id":"https:\/\/tuguia.combarranquilla.co\/Revista\/mas-alla-del-cielo-sabias-esto-sobre-el-universo\/#primaryimage"},"image":{"@id":"https:\/\/tuguia.combarranquilla.co\/Revista\/mas-alla-del-cielo-sabias-esto-sobre-el-universo\/#primaryimage"},"thumbnailUrl":"https:\/\/tuguia.combarranquilla.co\/Revista\/wp-content\/uploads\/2024\/07\/pexels-pixabay-355465.jpg","datePublished":"2024-07-16T16:41:24+00:00","dateModified":"2024-07-17T16:09:25+00:00","breadcrumb":{"@id":"https:\/\/tuguia.combarranquilla.co\/Revista\/mas-alla-del-cielo-sabias-esto-sobre-el-universo\/#breadcrumb"},"inLanguage":"es-CO","potentialAction":[{"@type":"ReadAction","target":["https:\/\/tuguia.combarranquilla.co\/Revista\/mas-alla-del-cielo-sabias-esto-sobre-el-universo\/"]}]},{"@type":"ImageObject","inLanguage":"es-CO","@id":"https:\/\/tuguia.combarranquilla.co\/Revista\/mas-alla-del-cielo-sabias-esto-sobre-el-universo\/#primaryimage","url":"https:\/\/tuguia.combarranquilla.co\/Revista\/wp-content\/uploads\/2024\/07\/pexels-pixabay-355465.jpg","contentUrl":"https:\/\/tuguia.combarranquilla.co\/Revista\/wp-content\/uploads\/2024\/07\/pexels-pixabay-355465.jpg","width":2000,"height":1086},{"@type":"BreadcrumbList","@id":"https:\/\/tuguia.combarranquilla.co\/Revista\/mas-alla-del-cielo-sabias-esto-sobre-el-universo\/#breadcrumb","itemListElement":[{"@type":"ListItem","position":1,"name":"Inicio","item":"https:\/\/tuguia.combarranquilla.co\/Revista\/"},{"@type":"ListItem","position":2,"name":"M\u00e1s all\u00e1 del cielo: \u00bfSab\u00edas esto sobre el universo?\u00a0"}]},{"@type":"WebSite","@id":"https:\/\/tuguia.combarranquilla.co\/Revista\/#website","url":"https:\/\/tuguia.combarranquilla.co\/Revista\/","name":"Tu Gu\u00eda","description":"La revista donde lo tienes todo.","publisher":{"@id":"https:\/\/tuguia.combarranquilla.co\/Revista\/#organization"},"alternateName":"Tu Gu\u00eda Combarranquilla","potentialAction":[{"@type":"SearchAction","target":{"@type":"EntryPoint","urlTemplate":"https:\/\/tuguia.combarranquilla.co\/Revista\/?s={search_term_string}"},"query-input":{"@type":"PropertyValueSpecification","valueRequired":true,"valueName":"search_term_string"}}],"inLanguage":"es-CO"},{"@type":"Organization","@id":"https:\/\/tuguia.combarranquilla.co\/Revista\/#organization","name":"Tu Gu\u00eda Combarranquilla","url":"https:\/\/tuguia.combarranquilla.co\/Revista\/","logo":{"@type":"ImageObject","inLanguage":"es-CO","@id":"https:\/\/tuguia.combarranquilla.co\/Revista\/#\/schema\/logo\/image\/","url":"https:\/\/tuguia.combarranquilla.co\/Revista\/wp-content\/uploads\/2022\/02\/logo-guia-combarranquilla.svg","contentUrl":"https:\/\/tuguia.combarranquilla.co\/Revista\/wp-content\/uploads\/2022\/02\/logo-guia-combarranquilla.svg","caption":"Tu Gu\u00eda Combarranquilla"},"image":{"@id":"https:\/\/tuguia.combarranquilla.co\/Revista\/#\/schema\/logo\/image\/"}},{"@type":"Person","@id":"https:\/\/tuguia.combarranquilla.co\/Revista\/#\/schema\/person\/c2c396a77170bd1d5f8ba73294eb0d10","name":"Comunicaciones Combarranquilla","image":{"@type":"ImageObject","inLanguage":"es-CO","@id":"https:\/\/tuguia.combarranquilla.co\/Revista\/wp-content\/uploads\/2025\/05\/ABC-Al-Rojo-Logo-96x96.jpg","url":"https:\/\/tuguia.combarranquilla.co\/Revista\/wp-content\/uploads\/2025\/05\/ABC-Al-Rojo-Logo-96x96.jpg","contentUrl":"https:\/\/tuguia.combarranquilla.co\/Revista\/wp-content\/uploads\/2025\/05\/ABC-Al-Rojo-Logo-96x96.jpg","caption":"Comunicaciones Combarranquilla"},"sameAs":["https:\/\/www.combarranquilla.co"],"url":"https:\/\/tuguia.combarranquilla.co\/Revista\/author\/comunicaciones\/"}]}},"_links":{"self":[{"href":"https:\/\/tuguia.combarranquilla.co\/Revista\/wp-json\/wp\/v2\/posts\/4429","targetHints":{"allow":["GET"]}}],"collection":[{"href":"https:\/\/tuguia.combarranquilla.co\/Revista\/wp-json\/wp\/v2\/posts"}],"about":[{"href":"https:\/\/tuguia.combarranquilla.co\/Revista\/wp-json\/wp\/v2\/types\/post"}],"author":[{"embeddable":true,"href":"https:\/\/tuguia.combarranquilla.co\/Revista\/wp-json\/wp\/v2\/users\/2"}],"replies":[{"embeddable":true,"href":"https:\/\/tuguia.combarranquilla.co\/Revista\/wp-json\/wp\/v2\/comments?post=4429"}],"version-history":[{"count":24,"href":"https:\/\/tuguia.combarranquilla.co\/Revista\/wp-json\/wp\/v2\/posts\/4429\/revisions"}],"predecessor-version":[{"id":4505,"href":"https:\/\/tuguia.combarranquilla.co\/Revista\/wp-json\/wp\/v2\/posts\/4429\/revisions\/4505"}],"wp:featuredmedia":[{"embeddable":true,"href":"https:\/\/tuguia.combarranquilla.co\/Revista\/wp-json\/wp\/v2\/media\/4488"}],"wp:attachment":[{"href":"https:\/\/tuguia.combarranquilla.co\/Revista\/wp-json\/wp\/v2\/media?parent=4429"}],"wp:term":[{"taxonomy":"category","embeddable":true,"href":"https:\/\/tuguia.combarranquilla.co\/Revista\/wp-json\/wp\/v2\/categories?post=4429"},{"taxonomy":"post_tag","embeddable":true,"href":"https:\/\/tuguia.combarranquilla.co\/Revista\/wp-json\/wp\/v2\/tags?post=4429"}],"curies":[{"name":"wp","href":"https:\/\/api.w.org\/{rel}","templated":true}]}}