{"id":4513,"date":"2024-07-26T16:48:00","date_gmt":"2024-07-26T21:48:00","guid":{"rendered":"https:\/\/tuguia.combarranquilla.co\/Revista\/?p=4513"},"modified":"2024-08-06T16:50:08","modified_gmt":"2024-08-06T21:50:08","slug":"combarranquilla-realiza-la-primera-feria-de-soberania-alimentaria-en-el-atlantico","status":"publish","type":"post","link":"https:\/\/tuguia.combarranquilla.co\/Revista\/combarranquilla-realiza-la-primera-feria-de-soberania-alimentaria-en-el-atlantico\/","title":{"rendered":"Combarranquilla realiza la primera Feria de Soberan\u00eda Alimentaria en el Atl\u00e1ntico"},"content":{"rendered":"\n<p>M\u00e1s de 150 personas fueron beneficiadas en la primera Feria de Soberan\u00eda Alimentaria realizada en el Corregimiento de Tablas y 100 Pesos, jurisdicci\u00f3n del municipio de Repel\u00f3n; a trav\u00e9s del Programa Atenci\u00f3n Integral de la Primera Infancia de Combarranquilla.<\/p>\n\n\n\n<p>Esta iniciativa social liderada por el equipo de nutrici\u00f3n busca promover el consumo de alimentos locales y las pr\u00e1cticas agr\u00edcolas sostenibles para intercambiar conocimientos claves que fortalezcan los h\u00e1bitos alimenticios de este tipo de poblaci\u00f3n. En esta actividad, se cont\u00f3 con la participaci\u00f3n de nutricionistas, madres comunitarias, padres de familia, agricultores y ni\u00f1os, donde se destac\u00f3 el enfoque integral del programa AIPI en la promoci\u00f3n de una alimentaci\u00f3n consciente y aut\u00f3noma.<\/p>\n\n\n\n<figure class=\"wp-block-gallery alignwide has-nested-images columns-default is-cropped wp-block-gallery-1 is-layout-flex wp-block-gallery-is-layout-flex\">\n<figure class=\"wp-block-image size-large\"><img decoding=\"async\" width=\"1024\" height=\"576\" data-id=\"4517\" data-src=\"https:\/\/tuguia.combarranquilla.co\/Revista\/wp-content\/uploads\/2024\/07\/DSC00418-copia-1024x576.jpg\" alt=\"\" class=\"wp-image-4517 lazyload\" data-srcset=\"https:\/\/tuguia.combarranquilla.co\/Revista\/wp-content\/uploads\/2024\/07\/DSC00418-copia-1024x576.jpg 1024w, https:\/\/tuguia.combarranquilla.co\/Revista\/wp-content\/uploads\/2024\/07\/DSC00418-copia-300x169.jpg 300w, https:\/\/tuguia.combarranquilla.co\/Revista\/wp-content\/uploads\/2024\/07\/DSC00418-copia-768x432.jpg 768w, https:\/\/tuguia.combarranquilla.co\/Revista\/wp-content\/uploads\/2024\/07\/DSC00418-copia-1536x864.jpg 1536w, https:\/\/tuguia.combarranquilla.co\/Revista\/wp-content\/uploads\/2024\/07\/DSC00418-copia-2048x1152.jpg 2048w\" data-sizes=\"(max-width: 1024px) 100vw, 1024px\" src=\"data:image\/svg+xml;base64,PHN2ZyB3aWR0aD0iMSIgaGVpZ2h0PSIxIiB4bWxucz0iaHR0cDovL3d3dy53My5vcmcvMjAwMC9zdmciPjwvc3ZnPg==\" style=\"--smush-placeholder-width: 1024px; --smush-placeholder-aspect-ratio: 1024\/576;\" \/><\/figure>\n\n\n\n<figure class=\"wp-block-image size-large\"><img decoding=\"async\" width=\"1024\" height=\"576\" data-id=\"4518\" data-src=\"https:\/\/tuguia.combarranquilla.co\/Revista\/wp-content\/uploads\/2024\/07\/DSC00433-copia-1024x576.jpg\" alt=\"\" class=\"wp-image-4518 lazyload\" data-srcset=\"https:\/\/tuguia.combarranquilla.co\/Revista\/wp-content\/uploads\/2024\/07\/DSC00433-copia-1024x576.jpg 1024w, https:\/\/tuguia.combarranquilla.co\/Revista\/wp-content\/uploads\/2024\/07\/DSC00433-copia-300x169.jpg 300w, https:\/\/tuguia.combarranquilla.co\/Revista\/wp-content\/uploads\/2024\/07\/DSC00433-copia-768x432.jpg 768w, https:\/\/tuguia.combarranquilla.co\/Revista\/wp-content\/uploads\/2024\/07\/DSC00433-copia-1536x864.jpg 1536w, https:\/\/tuguia.combarranquilla.co\/Revista\/wp-content\/uploads\/2024\/07\/DSC00433-copia-2048x1152.jpg 2048w\" data-sizes=\"(max-width: 1024px) 100vw, 1024px\" src=\"data:image\/svg+xml;base64,PHN2ZyB3aWR0aD0iMSIgaGVpZ2h0PSIxIiB4bWxucz0iaHR0cDovL3d3dy53My5vcmcvMjAwMC9zdmciPjwvc3ZnPg==\" style=\"--smush-placeholder-width: 1024px; --smush-placeholder-aspect-ratio: 1024\/576;\" \/><\/figure>\n<\/figure>\n\n\n\n<p><\/p>\n\n\n\n<p>La Feria de Soberan\u00eda Alimentaria promueve el rescate de recetas ancestrales. Es una actividad que incentiva a las poblaciones vulnerables a tener conciencia de la importancia de sembrar o cultivar sus propios alimentos y a reconocer la lactancia materna como un pilar fundamental en el crecimiento de los ni\u00f1os. \u201cCon nuestro equipo de nutricionistas seguiremos orientando su proceso y ayud\u00e1ndoles a obtener un estilo de vida saludable\u201d, indic\u00f3 Clara Jim\u00e9nez, jefe de los programas sociales.<\/p>\n\n\n\n<p>De acuerdo con el Instituto Europeo de Nutrici\u00f3n y Salud, \u201cla ni\u00f1ez es la etapa de la vida donde m\u00e1s cambios se producen, tanto f\u00edsicos como intelectuales, y en ello radica la importancia de la alimentaci\u00f3n infantil\u201d. Por eso, en Combarranquilla trabajamos d\u00eda a d\u00eda para crear estrategias que impulsen estas pr\u00e1cticas de soberan\u00eda alimentaria en ni\u00f1os para que puedan generar sus propios alimentos de una manera mucho m\u00e1s amigable con el medio ambiente y \u00fatil a largo plazo para obtener una vida saludable.<\/p>\n\n\n\n<figure class=\"wp-block-gallery alignwide has-nested-images columns-default is-cropped wp-block-gallery-2 is-layout-flex wp-block-gallery-is-layout-flex\">\n<figure class=\"wp-block-image size-large\"><img decoding=\"async\" width=\"1024\" height=\"576\" data-id=\"4522\" data-src=\"https:\/\/tuguia.combarranquilla.co\/Revista\/wp-content\/uploads\/2024\/07\/DSC00478-copia-1024x576.jpg\" alt=\"\" class=\"wp-image-4522 lazyload\" data-srcset=\"https:\/\/tuguia.combarranquilla.co\/Revista\/wp-content\/uploads\/2024\/07\/DSC00478-copia-1024x576.jpg 1024w, https:\/\/tuguia.combarranquilla.co\/Revista\/wp-content\/uploads\/2024\/07\/DSC00478-copia-300x169.jpg 300w, https:\/\/tuguia.combarranquilla.co\/Revista\/wp-content\/uploads\/2024\/07\/DSC00478-copia-768x432.jpg 768w, https:\/\/tuguia.combarranquilla.co\/Revista\/wp-content\/uploads\/2024\/07\/DSC00478-copia-1536x864.jpg 1536w, https:\/\/tuguia.combarranquilla.co\/Revista\/wp-content\/uploads\/2024\/07\/DSC00478-copia-2048x1152.jpg 2048w\" data-sizes=\"(max-width: 1024px) 100vw, 1024px\" src=\"data:image\/svg+xml;base64,PHN2ZyB3aWR0aD0iMSIgaGVpZ2h0PSIxIiB4bWxucz0iaHR0cDovL3d3dy53My5vcmcvMjAwMC9zdmciPjwvc3ZnPg==\" style=\"--smush-placeholder-width: 1024px; --smush-placeholder-aspect-ratio: 1024\/576;\" \/><\/figure>\n\n\n\n<figure class=\"wp-block-image size-large\"><img decoding=\"async\" width=\"1024\" height=\"576\" data-id=\"4523\" data-src=\"https:\/\/tuguia.combarranquilla.co\/Revista\/wp-content\/uploads\/2024\/07\/DSC00505-copia-1024x576.jpg\" alt=\"\" class=\"wp-image-4523 lazyload\" data-srcset=\"https:\/\/tuguia.combarranquilla.co\/Revista\/wp-content\/uploads\/2024\/07\/DSC00505-copia-1024x576.jpg 1024w, https:\/\/tuguia.combarranquilla.co\/Revista\/wp-content\/uploads\/2024\/07\/DSC00505-copia-300x169.jpg 300w, https:\/\/tuguia.combarranquilla.co\/Revista\/wp-content\/uploads\/2024\/07\/DSC00505-copia-768x432.jpg 768w, https:\/\/tuguia.combarranquilla.co\/Revista\/wp-content\/uploads\/2024\/07\/DSC00505-copia-1536x864.jpg 1536w, https:\/\/tuguia.combarranquilla.co\/Revista\/wp-content\/uploads\/2024\/07\/DSC00505-copia-2048x1152.jpg 2048w\" data-sizes=\"(max-width: 1024px) 100vw, 1024px\" src=\"data:image\/svg+xml;base64,PHN2ZyB3aWR0aD0iMSIgaGVpZ2h0PSIxIiB4bWxucz0iaHR0cDovL3d3dy53My5vcmcvMjAwMC9zdmciPjwvc3ZnPg==\" style=\"--smush-placeholder-width: 1024px; --smush-placeholder-aspect-ratio: 1024\/576;\" \/><\/figure>\n<\/figure>\n\n\n\n<p><\/p>\n\n\n\n<p>Durante la feria estuvieron presentes ocho stands, los cuales contaron con una variedad de productos y recetas tradicionales, desde semillas y granos locales hasta yucas, bollos, mazamorras, cereales, l\u00e1cteos y dulces t\u00edpicos del departamento. Estos alimentos fueron otorgados a la poblaci\u00f3n infantil presente, con la finalidad de educarlos sobre el cultivo desde sus tierras. Una iniciativa clave para el desarrollo de los ni\u00f1os, quienes desde temprana edad tienen la oportunidad de implementar una alimentaci\u00f3n mucho m\u00e1s equilibrada y saludable, previniendo as\u00ed enfermedades derivadas de malos h\u00e1bitos alimenticios.<\/p>\n\n\n\n<p>El Programa AIPI, que actualmente beneficia a una poblaci\u00f3n de 2.600 ni\u00f1os y ni\u00f1as en siete municipios del departamento del Atl\u00e1ntico (Candelaria, Campo de la Cruz, Santa Lucia, Ponedera, Repel\u00f3n, Manat\u00ed y Sabanalarga), tiene como prop\u00f3sito fomentara el desarrollo humano, pedag\u00f3gico, nutricional y psicol\u00f3gico de ni\u00f1os menores de 6 a\u00f1os y padres de familia en busca de una mejor calidad de vida. \u201cMe parece una excelente actividad, ya que como madre cabeza de hogar puedo aprender sobre que alimentos preparar para mis hijos. Le agradezco a AIPI y Combarranquilla por su atenci\u00f3n integral a nuestros ni\u00f1os y por pensar siempre en ellos\u201d, coment\u00f3 Mar\u00eda Polo, beneficiaria del programa.<\/p>\n\n\n\n<figure class=\"wp-block-gallery alignwide has-nested-images columns-default is-cropped wp-block-gallery-3 is-layout-flex wp-block-gallery-is-layout-flex\">\n<figure class=\"wp-block-image size-large\"><img decoding=\"async\" width=\"1024\" height=\"576\" data-id=\"4520\" data-src=\"https:\/\/tuguia.combarranquilla.co\/Revista\/wp-content\/uploads\/2024\/07\/DSC00668-1024x576.jpg\" alt=\"\" class=\"wp-image-4520 lazyload\" data-srcset=\"https:\/\/tuguia.combarranquilla.co\/Revista\/wp-content\/uploads\/2024\/07\/DSC00668-1024x576.jpg 1024w, https:\/\/tuguia.combarranquilla.co\/Revista\/wp-content\/uploads\/2024\/07\/DSC00668-300x169.jpg 300w, https:\/\/tuguia.combarranquilla.co\/Revista\/wp-content\/uploads\/2024\/07\/DSC00668-768x432.jpg 768w, https:\/\/tuguia.combarranquilla.co\/Revista\/wp-content\/uploads\/2024\/07\/DSC00668-1536x864.jpg 1536w, https:\/\/tuguia.combarranquilla.co\/Revista\/wp-content\/uploads\/2024\/07\/DSC00668-2048x1152.jpg 2048w\" data-sizes=\"(max-width: 1024px) 100vw, 1024px\" src=\"data:image\/svg+xml;base64,PHN2ZyB3aWR0aD0iMSIgaGVpZ2h0PSIxIiB4bWxucz0iaHR0cDovL3d3dy53My5vcmcvMjAwMC9zdmciPjwvc3ZnPg==\" style=\"--smush-placeholder-width: 1024px; --smush-placeholder-aspect-ratio: 1024\/576;\" \/><\/figure>\n\n\n\n<figure class=\"wp-block-image size-large\"><img decoding=\"async\" width=\"1024\" height=\"576\" data-id=\"4521\" data-src=\"https:\/\/tuguia.combarranquilla.co\/Revista\/wp-content\/uploads\/2024\/07\/DSC00359-copia-1024x576.jpg\" alt=\"\" class=\"wp-image-4521 lazyload\" data-srcset=\"https:\/\/tuguia.combarranquilla.co\/Revista\/wp-content\/uploads\/2024\/07\/DSC00359-copia-1024x576.jpg 1024w, https:\/\/tuguia.combarranquilla.co\/Revista\/wp-content\/uploads\/2024\/07\/DSC00359-copia-300x169.jpg 300w, https:\/\/tuguia.combarranquilla.co\/Revista\/wp-content\/uploads\/2024\/07\/DSC00359-copia-768x432.jpg 768w, https:\/\/tuguia.combarranquilla.co\/Revista\/wp-content\/uploads\/2024\/07\/DSC00359-copia-1536x864.jpg 1536w, https:\/\/tuguia.combarranquilla.co\/Revista\/wp-content\/uploads\/2024\/07\/DSC00359-copia-2048x1152.jpg 2048w\" data-sizes=\"(max-width: 1024px) 100vw, 1024px\" src=\"data:image\/svg+xml;base64,PHN2ZyB3aWR0aD0iMSIgaGVpZ2h0PSIxIiB4bWxucz0iaHR0cDovL3d3dy53My5vcmcvMjAwMC9zdmciPjwvc3ZnPg==\" style=\"--smush-placeholder-width: 1024px; --smush-placeholder-aspect-ratio: 1024\/576;\" \/><\/figure>\n<\/figure>\n\n\n\n<p><\/p>\n\n\n\n<p>Combarranquilla contin\u00faa trabajando por el bienestar de sus afiliados y sus familias. Para nosotros, es un orgullo poder participar en estas actividades que promueve el ICBF (Instituto Colombiano de Bienestar Familiar) que transforman la vida de cada uno de ellos y les permite potenciar su calidad de vida.<\/p>\n","protected":false},"excerpt":{"rendered":"<p>M\u00e1s de 150 personas fueron beneficiadas en la primera Feria de Soberan\u00eda Alimentaria realizada en el Corregimiento de Tablas y 100 Pesos, jurisdicci\u00f3n del municipio de Repel\u00f3n; a trav\u00e9s del Programa Atenci\u00f3n Integral de la Primera Infancia de Combarranquilla. Esta iniciativa social liderada por el equipo de nutrici\u00f3n busca promover el consumo de alimentos locales [&hellip;]<\/p>\n","protected":false},"author":2,"featured_media":4516,"comment_status":"open","ping_status":"open","sticky":false,"template":"","format":"standard","meta":{"inline_featured_image":false,"footnotes":""},"categories":[7],"tags":[],"class_list":["post-4513","post","type-post","status-publish","format-standard","has-post-thumbnail","hentry","category-familia-combarranquilla"],"yoast_head":"<!-- This site is optimized with the Yoast SEO plugin v27.4 - https:\/\/yoast.com\/product\/yoast-seo-wordpress\/ -->\n<title>Combarranquilla realiza la primera Feria de Soberan\u00eda Alimentaria en el Atl\u00e1ntico - Tu Gu\u00eda<\/title>\n<meta name=\"robots\" content=\"index, follow, max-snippet:-1, max-image-preview:large, max-video-preview:-1\" \/>\n<link rel=\"canonical\" href=\"https:\/\/tuguia.combarranquilla.co\/Revista\/combarranquilla-realiza-la-primera-feria-de-soberania-alimentaria-en-el-atlantico\/\" \/>\n<meta property=\"og:locale\" content=\"es_ES\" \/>\n<meta property=\"og:type\" content=\"article\" \/>\n<meta property=\"og:title\" content=\"Combarranquilla realiza la primera Feria de Soberan\u00eda Alimentaria en el Atl\u00e1ntico - Tu Gu\u00eda\" \/>\n<meta property=\"og:description\" content=\"M\u00e1s de 150 personas fueron beneficiadas en la primera Feria de Soberan\u00eda Alimentaria realizada en el Corregimiento de Tablas y 100 Pesos, jurisdicci\u00f3n del municipio de Repel\u00f3n; a trav\u00e9s del Programa Atenci\u00f3n Integral de la Primera Infancia de Combarranquilla. Esta iniciativa social liderada por el equipo de nutrici\u00f3n busca promover el consumo de alimentos locales [&hellip;]\" \/>\n<meta property=\"og:url\" content=\"https:\/\/tuguia.combarranquilla.co\/Revista\/combarranquilla-realiza-la-primera-feria-de-soberania-alimentaria-en-el-atlantico\/\" \/>\n<meta property=\"og:site_name\" content=\"Tu Gu\u00eda\" \/>\n<meta property=\"article:published_time\" content=\"2024-07-26T21:48:00+00:00\" \/>\n<meta property=\"article:modified_time\" content=\"2024-08-06T21:50:08+00:00\" \/>\n<meta property=\"og:image\" content=\"https:\/\/tuguia.combarranquilla.co\/Revista\/wp-content\/uploads\/2024\/07\/DSC00364-copia-scaled.jpg\" \/>\n\t<meta property=\"og:image:width\" content=\"2560\" \/>\n\t<meta property=\"og:image:height\" content=\"1440\" \/>\n\t<meta property=\"og:image:type\" content=\"image\/jpeg\" \/>\n<meta name=\"author\" content=\"Comunicaciones Combarranquilla\" \/>\n<meta name=\"twitter:card\" content=\"summary_large_image\" \/>\n<meta name=\"twitter:label1\" content=\"Escrito por\" \/>\n\t<meta name=\"twitter:data1\" content=\"Comunicaciones Combarranquilla\" \/>\n\t<meta name=\"twitter:label2\" content=\"Tiempo de lectura\" \/>\n\t<meta name=\"twitter:data2\" content=\"3 minutos\" \/>\n<script type=\"application\/ld+json\" class=\"yoast-schema-graph\">{\"@context\":\"https:\\\/\\\/schema.org\",\"@graph\":[{\"@type\":\"Article\",\"@id\":\"https:\\\/\\\/tuguia.combarranquilla.co\\\/Revista\\\/combarranquilla-realiza-la-primera-feria-de-soberania-alimentaria-en-el-atlantico\\\/#article\",\"isPartOf\":{\"@id\":\"https:\\\/\\\/tuguia.combarranquilla.co\\\/Revista\\\/combarranquilla-realiza-la-primera-feria-de-soberania-alimentaria-en-el-atlantico\\\/\"},\"author\":{\"name\":\"Comunicaciones Combarranquilla\",\"@id\":\"https:\\\/\\\/tuguia.combarranquilla.co\\\/Revista\\\/#\\\/schema\\\/person\\\/c2c396a77170bd1d5f8ba73294eb0d10\"},\"headline\":\"Combarranquilla realiza la primera Feria de Soberan\u00eda Alimentaria en el Atl\u00e1ntico\",\"datePublished\":\"2024-07-26T21:48:00+00:00\",\"dateModified\":\"2024-08-06T21:50:08+00:00\",\"mainEntityOfPage\":{\"@id\":\"https:\\\/\\\/tuguia.combarranquilla.co\\\/Revista\\\/combarranquilla-realiza-la-primera-feria-de-soberania-alimentaria-en-el-atlantico\\\/\"},\"wordCount\":573,\"commentCount\":0,\"publisher\":{\"@id\":\"https:\\\/\\\/tuguia.combarranquilla.co\\\/Revista\\\/#organization\"},\"image\":{\"@id\":\"https:\\\/\\\/tuguia.combarranquilla.co\\\/Revista\\\/combarranquilla-realiza-la-primera-feria-de-soberania-alimentaria-en-el-atlantico\\\/#primaryimage\"},\"thumbnailUrl\":\"https:\\\/\\\/tuguia.combarranquilla.co\\\/Revista\\\/wp-content\\\/uploads\\\/2024\\\/07\\\/DSC00364-copia-scaled.jpg\",\"articleSection\":[\"FAMILIA COMBARRANQUILLA\"],\"inLanguage\":\"es-CO\",\"potentialAction\":[{\"@type\":\"CommentAction\",\"name\":\"Comment\",\"target\":[\"https:\\\/\\\/tuguia.combarranquilla.co\\\/Revista\\\/combarranquilla-realiza-la-primera-feria-de-soberania-alimentaria-en-el-atlantico\\\/#respond\"]}]},{\"@type\":\"WebPage\",\"@id\":\"https:\\\/\\\/tuguia.combarranquilla.co\\\/Revista\\\/combarranquilla-realiza-la-primera-feria-de-soberania-alimentaria-en-el-atlantico\\\/\",\"url\":\"https:\\\/\\\/tuguia.combarranquilla.co\\\/Revista\\\/combarranquilla-realiza-la-primera-feria-de-soberania-alimentaria-en-el-atlantico\\\/\",\"name\":\"Combarranquilla realiza la primera Feria de Soberan\u00eda Alimentaria en el Atl\u00e1ntico - Tu Gu\u00eda\",\"isPartOf\":{\"@id\":\"https:\\\/\\\/tuguia.combarranquilla.co\\\/Revista\\\/#website\"},\"primaryImageOfPage\":{\"@id\":\"https:\\\/\\\/tuguia.combarranquilla.co\\\/Revista\\\/combarranquilla-realiza-la-primera-feria-de-soberania-alimentaria-en-el-atlantico\\\/#primaryimage\"},\"image\":{\"@id\":\"https:\\\/\\\/tuguia.combarranquilla.co\\\/Revista\\\/combarranquilla-realiza-la-primera-feria-de-soberania-alimentaria-en-el-atlantico\\\/#primaryimage\"},\"thumbnailUrl\":\"https:\\\/\\\/tuguia.combarranquilla.co\\\/Revista\\\/wp-content\\\/uploads\\\/2024\\\/07\\\/DSC00364-copia-scaled.jpg\",\"datePublished\":\"2024-07-26T21:48:00+00:00\",\"dateModified\":\"2024-08-06T21:50:08+00:00\",\"breadcrumb\":{\"@id\":\"https:\\\/\\\/tuguia.combarranquilla.co\\\/Revista\\\/combarranquilla-realiza-la-primera-feria-de-soberania-alimentaria-en-el-atlantico\\\/#breadcrumb\"},\"inLanguage\":\"es-CO\",\"potentialAction\":[{\"@type\":\"ReadAction\",\"target\":[\"https:\\\/\\\/tuguia.combarranquilla.co\\\/Revista\\\/combarranquilla-realiza-la-primera-feria-de-soberania-alimentaria-en-el-atlantico\\\/\"]}]},{\"@type\":\"ImageObject\",\"inLanguage\":\"es-CO\",\"@id\":\"https:\\\/\\\/tuguia.combarranquilla.co\\\/Revista\\\/combarranquilla-realiza-la-primera-feria-de-soberania-alimentaria-en-el-atlantico\\\/#primaryimage\",\"url\":\"https:\\\/\\\/tuguia.combarranquilla.co\\\/Revista\\\/wp-content\\\/uploads\\\/2024\\\/07\\\/DSC00364-copia-scaled.jpg\",\"contentUrl\":\"https:\\\/\\\/tuguia.combarranquilla.co\\\/Revista\\\/wp-content\\\/uploads\\\/2024\\\/07\\\/DSC00364-copia-scaled.jpg\",\"width\":2560,\"height\":1440},{\"@type\":\"BreadcrumbList\",\"@id\":\"https:\\\/\\\/tuguia.combarranquilla.co\\\/Revista\\\/combarranquilla-realiza-la-primera-feria-de-soberania-alimentaria-en-el-atlantico\\\/#breadcrumb\",\"itemListElement\":[{\"@type\":\"ListItem\",\"position\":1,\"name\":\"Inicio\",\"item\":\"https:\\\/\\\/tuguia.combarranquilla.co\\\/Revista\\\/\"},{\"@type\":\"ListItem\",\"position\":2,\"name\":\"Combarranquilla realiza la primera Feria de Soberan\u00eda Alimentaria en el Atl\u00e1ntico\"}]},{\"@type\":\"WebSite\",\"@id\":\"https:\\\/\\\/tuguia.combarranquilla.co\\\/Revista\\\/#website\",\"url\":\"https:\\\/\\\/tuguia.combarranquilla.co\\\/Revista\\\/\",\"name\":\"Tu Gu\u00eda\",\"description\":\"La revista donde lo tienes todo.\",\"publisher\":{\"@id\":\"https:\\\/\\\/tuguia.combarranquilla.co\\\/Revista\\\/#organization\"},\"alternateName\":\"Tu Gu\u00eda Combarranquilla\",\"potentialAction\":[{\"@type\":\"SearchAction\",\"target\":{\"@type\":\"EntryPoint\",\"urlTemplate\":\"https:\\\/\\\/tuguia.combarranquilla.co\\\/Revista\\\/?s={search_term_string}\"},\"query-input\":{\"@type\":\"PropertyValueSpecification\",\"valueRequired\":true,\"valueName\":\"search_term_string\"}}],\"inLanguage\":\"es-CO\"},{\"@type\":\"Organization\",\"@id\":\"https:\\\/\\\/tuguia.combarranquilla.co\\\/Revista\\\/#organization\",\"name\":\"Tu Gu\u00eda Combarranquilla\",\"url\":\"https:\\\/\\\/tuguia.combarranquilla.co\\\/Revista\\\/\",\"logo\":{\"@type\":\"ImageObject\",\"inLanguage\":\"es-CO\",\"@id\":\"https:\\\/\\\/tuguia.combarranquilla.co\\\/Revista\\\/#\\\/schema\\\/logo\\\/image\\\/\",\"url\":\"https:\\\/\\\/tuguia.combarranquilla.co\\\/Revista\\\/wp-content\\\/uploads\\\/2022\\\/02\\\/logo-guia-combarranquilla.svg\",\"contentUrl\":\"https:\\\/\\\/tuguia.combarranquilla.co\\\/Revista\\\/wp-content\\\/uploads\\\/2022\\\/02\\\/logo-guia-combarranquilla.svg\",\"caption\":\"Tu Gu\u00eda Combarranquilla\"},\"image\":{\"@id\":\"https:\\\/\\\/tuguia.combarranquilla.co\\\/Revista\\\/#\\\/schema\\\/logo\\\/image\\\/\"}},{\"@type\":\"Person\",\"@id\":\"https:\\\/\\\/tuguia.combarranquilla.co\\\/Revista\\\/#\\\/schema\\\/person\\\/c2c396a77170bd1d5f8ba73294eb0d10\",\"name\":\"Comunicaciones Combarranquilla\",\"image\":{\"@type\":\"ImageObject\",\"inLanguage\":\"es-CO\",\"@id\":\"https:\\\/\\\/tuguia.combarranquilla.co\\\/Revista\\\/wp-content\\\/uploads\\\/2025\\\/05\\\/ABC-Al-Rojo-Logo-96x96.jpg\",\"url\":\"https:\\\/\\\/tuguia.combarranquilla.co\\\/Revista\\\/wp-content\\\/uploads\\\/2025\\\/05\\\/ABC-Al-Rojo-Logo-96x96.jpg\",\"contentUrl\":\"https:\\\/\\\/tuguia.combarranquilla.co\\\/Revista\\\/wp-content\\\/uploads\\\/2025\\\/05\\\/ABC-Al-Rojo-Logo-96x96.jpg\",\"caption\":\"Comunicaciones Combarranquilla\"},\"sameAs\":[\"https:\\\/\\\/www.combarranquilla.co\"],\"url\":\"https:\\\/\\\/tuguia.combarranquilla.co\\\/Revista\\\/author\\\/comunicaciones\\\/\"}]}<\/script>\n<!-- \/ Yoast SEO plugin. -->","yoast_head_json":{"title":"Combarranquilla realiza la primera Feria de Soberan\u00eda Alimentaria en el Atl\u00e1ntico - Tu Gu\u00eda","robots":{"index":"index","follow":"follow","max-snippet":"max-snippet:-1","max-image-preview":"max-image-preview:large","max-video-preview":"max-video-preview:-1"},"canonical":"https:\/\/tuguia.combarranquilla.co\/Revista\/combarranquilla-realiza-la-primera-feria-de-soberania-alimentaria-en-el-atlantico\/","og_locale":"es_ES","og_type":"article","og_title":"Combarranquilla realiza la primera Feria de Soberan\u00eda Alimentaria en el Atl\u00e1ntico - Tu Gu\u00eda","og_description":"M\u00e1s de 150 personas fueron beneficiadas en la primera Feria de Soberan\u00eda Alimentaria realizada en el Corregimiento de Tablas y 100 Pesos, jurisdicci\u00f3n del municipio de Repel\u00f3n; a trav\u00e9s del Programa Atenci\u00f3n Integral de la Primera Infancia de Combarranquilla. Esta iniciativa social liderada por el equipo de nutrici\u00f3n busca promover el consumo de alimentos locales [&hellip;]","og_url":"https:\/\/tuguia.combarranquilla.co\/Revista\/combarranquilla-realiza-la-primera-feria-de-soberania-alimentaria-en-el-atlantico\/","og_site_name":"Tu Gu\u00eda","article_published_time":"2024-07-26T21:48:00+00:00","article_modified_time":"2024-08-06T21:50:08+00:00","og_image":[{"width":2560,"height":1440,"url":"https:\/\/tuguia.combarranquilla.co\/Revista\/wp-content\/uploads\/2024\/07\/DSC00364-copia-scaled.jpg","type":"image\/jpeg"}],"author":"Comunicaciones Combarranquilla","twitter_card":"summary_large_image","twitter_misc":{"Escrito por":"Comunicaciones Combarranquilla","Tiempo de lectura":"3 minutos"},"schema":{"@context":"https:\/\/schema.org","@graph":[{"@type":"Article","@id":"https:\/\/tuguia.combarranquilla.co\/Revista\/combarranquilla-realiza-la-primera-feria-de-soberania-alimentaria-en-el-atlantico\/#article","isPartOf":{"@id":"https:\/\/tuguia.combarranquilla.co\/Revista\/combarranquilla-realiza-la-primera-feria-de-soberania-alimentaria-en-el-atlantico\/"},"author":{"name":"Comunicaciones Combarranquilla","@id":"https:\/\/tuguia.combarranquilla.co\/Revista\/#\/schema\/person\/c2c396a77170bd1d5f8ba73294eb0d10"},"headline":"Combarranquilla realiza la primera Feria de Soberan\u00eda Alimentaria en el Atl\u00e1ntico","datePublished":"2024-07-26T21:48:00+00:00","dateModified":"2024-08-06T21:50:08+00:00","mainEntityOfPage":{"@id":"https:\/\/tuguia.combarranquilla.co\/Revista\/combarranquilla-realiza-la-primera-feria-de-soberania-alimentaria-en-el-atlantico\/"},"wordCount":573,"commentCount":0,"publisher":{"@id":"https:\/\/tuguia.combarranquilla.co\/Revista\/#organization"},"image":{"@id":"https:\/\/tuguia.combarranquilla.co\/Revista\/combarranquilla-realiza-la-primera-feria-de-soberania-alimentaria-en-el-atlantico\/#primaryimage"},"thumbnailUrl":"https:\/\/tuguia.combarranquilla.co\/Revista\/wp-content\/uploads\/2024\/07\/DSC00364-copia-scaled.jpg","articleSection":["FAMILIA COMBARRANQUILLA"],"inLanguage":"es-CO","potentialAction":[{"@type":"CommentAction","name":"Comment","target":["https:\/\/tuguia.combarranquilla.co\/Revista\/combarranquilla-realiza-la-primera-feria-de-soberania-alimentaria-en-el-atlantico\/#respond"]}]},{"@type":"WebPage","@id":"https:\/\/tuguia.combarranquilla.co\/Revista\/combarranquilla-realiza-la-primera-feria-de-soberania-alimentaria-en-el-atlantico\/","url":"https:\/\/tuguia.combarranquilla.co\/Revista\/combarranquilla-realiza-la-primera-feria-de-soberania-alimentaria-en-el-atlantico\/","name":"Combarranquilla realiza la primera Feria de Soberan\u00eda Alimentaria en el Atl\u00e1ntico - Tu Gu\u00eda","isPartOf":{"@id":"https:\/\/tuguia.combarranquilla.co\/Revista\/#website"},"primaryImageOfPage":{"@id":"https:\/\/tuguia.combarranquilla.co\/Revista\/combarranquilla-realiza-la-primera-feria-de-soberania-alimentaria-en-el-atlantico\/#primaryimage"},"image":{"@id":"https:\/\/tuguia.combarranquilla.co\/Revista\/combarranquilla-realiza-la-primera-feria-de-soberania-alimentaria-en-el-atlantico\/#primaryimage"},"thumbnailUrl":"https:\/\/tuguia.combarranquilla.co\/Revista\/wp-content\/uploads\/2024\/07\/DSC00364-copia-scaled.jpg","datePublished":"2024-07-26T21:48:00+00:00","dateModified":"2024-08-06T21:50:08+00:00","breadcrumb":{"@id":"https:\/\/tuguia.combarranquilla.co\/Revista\/combarranquilla-realiza-la-primera-feria-de-soberania-alimentaria-en-el-atlantico\/#breadcrumb"},"inLanguage":"es-CO","potentialAction":[{"@type":"ReadAction","target":["https:\/\/tuguia.combarranquilla.co\/Revista\/combarranquilla-realiza-la-primera-feria-de-soberania-alimentaria-en-el-atlantico\/"]}]},{"@type":"ImageObject","inLanguage":"es-CO","@id":"https:\/\/tuguia.combarranquilla.co\/Revista\/combarranquilla-realiza-la-primera-feria-de-soberania-alimentaria-en-el-atlantico\/#primaryimage","url":"https:\/\/tuguia.combarranquilla.co\/Revista\/wp-content\/uploads\/2024\/07\/DSC00364-copia-scaled.jpg","contentUrl":"https:\/\/tuguia.combarranquilla.co\/Revista\/wp-content\/uploads\/2024\/07\/DSC00364-copia-scaled.jpg","width":2560,"height":1440},{"@type":"BreadcrumbList","@id":"https:\/\/tuguia.combarranquilla.co\/Revista\/combarranquilla-realiza-la-primera-feria-de-soberania-alimentaria-en-el-atlantico\/#breadcrumb","itemListElement":[{"@type":"ListItem","position":1,"name":"Inicio","item":"https:\/\/tuguia.combarranquilla.co\/Revista\/"},{"@type":"ListItem","position":2,"name":"Combarranquilla realiza la primera Feria de Soberan\u00eda Alimentaria en el Atl\u00e1ntico"}]},{"@type":"WebSite","@id":"https:\/\/tuguia.combarranquilla.co\/Revista\/#website","url":"https:\/\/tuguia.combarranquilla.co\/Revista\/","name":"Tu Gu\u00eda","description":"La revista donde lo tienes todo.","publisher":{"@id":"https:\/\/tuguia.combarranquilla.co\/Revista\/#organization"},"alternateName":"Tu Gu\u00eda Combarranquilla","potentialAction":[{"@type":"SearchAction","target":{"@type":"EntryPoint","urlTemplate":"https:\/\/tuguia.combarranquilla.co\/Revista\/?s={search_term_string}"},"query-input":{"@type":"PropertyValueSpecification","valueRequired":true,"valueName":"search_term_string"}}],"inLanguage":"es-CO"},{"@type":"Organization","@id":"https:\/\/tuguia.combarranquilla.co\/Revista\/#organization","name":"Tu Gu\u00eda Combarranquilla","url":"https:\/\/tuguia.combarranquilla.co\/Revista\/","logo":{"@type":"ImageObject","inLanguage":"es-CO","@id":"https:\/\/tuguia.combarranquilla.co\/Revista\/#\/schema\/logo\/image\/","url":"https:\/\/tuguia.combarranquilla.co\/Revista\/wp-content\/uploads\/2022\/02\/logo-guia-combarranquilla.svg","contentUrl":"https:\/\/tuguia.combarranquilla.co\/Revista\/wp-content\/uploads\/2022\/02\/logo-guia-combarranquilla.svg","caption":"Tu Gu\u00eda Combarranquilla"},"image":{"@id":"https:\/\/tuguia.combarranquilla.co\/Revista\/#\/schema\/logo\/image\/"}},{"@type":"Person","@id":"https:\/\/tuguia.combarranquilla.co\/Revista\/#\/schema\/person\/c2c396a77170bd1d5f8ba73294eb0d10","name":"Comunicaciones Combarranquilla","image":{"@type":"ImageObject","inLanguage":"es-CO","@id":"https:\/\/tuguia.combarranquilla.co\/Revista\/wp-content\/uploads\/2025\/05\/ABC-Al-Rojo-Logo-96x96.jpg","url":"https:\/\/tuguia.combarranquilla.co\/Revista\/wp-content\/uploads\/2025\/05\/ABC-Al-Rojo-Logo-96x96.jpg","contentUrl":"https:\/\/tuguia.combarranquilla.co\/Revista\/wp-content\/uploads\/2025\/05\/ABC-Al-Rojo-Logo-96x96.jpg","caption":"Comunicaciones Combarranquilla"},"sameAs":["https:\/\/www.combarranquilla.co"],"url":"https:\/\/tuguia.combarranquilla.co\/Revista\/author\/comunicaciones\/"}]}},"_links":{"self":[{"href":"https:\/\/tuguia.combarranquilla.co\/Revista\/wp-json\/wp\/v2\/posts\/4513","targetHints":{"allow":["GET"]}}],"collection":[{"href":"https:\/\/tuguia.combarranquilla.co\/Revista\/wp-json\/wp\/v2\/posts"}],"about":[{"href":"https:\/\/tuguia.combarranquilla.co\/Revista\/wp-json\/wp\/v2\/types\/post"}],"author":[{"embeddable":true,"href":"https:\/\/tuguia.combarranquilla.co\/Revista\/wp-json\/wp\/v2\/users\/2"}],"replies":[{"embeddable":true,"href":"https:\/\/tuguia.combarranquilla.co\/Revista\/wp-json\/wp\/v2\/comments?post=4513"}],"version-history":[{"count":8,"href":"https:\/\/tuguia.combarranquilla.co\/Revista\/wp-json\/wp\/v2\/posts\/4513\/revisions"}],"predecessor-version":[{"id":4763,"href":"https:\/\/tuguia.combarranquilla.co\/Revista\/wp-json\/wp\/v2\/posts\/4513\/revisions\/4763"}],"wp:featuredmedia":[{"embeddable":true,"href":"https:\/\/tuguia.combarranquilla.co\/Revista\/wp-json\/wp\/v2\/media\/4516"}],"wp:attachment":[{"href":"https:\/\/tuguia.combarranquilla.co\/Revista\/wp-json\/wp\/v2\/media?parent=4513"}],"wp:term":[{"taxonomy":"category","embeddable":true,"href":"https:\/\/tuguia.combarranquilla.co\/Revista\/wp-json\/wp\/v2\/categories?post=4513"},{"taxonomy":"post_tag","embeddable":true,"href":"https:\/\/tuguia.combarranquilla.co\/Revista\/wp-json\/wp\/v2\/tags?post=4513"}],"curies":[{"name":"wp","href":"https:\/\/api.w.org\/{rel}","templated":true}]}}