{"id":4550,"date":"2024-07-12T09:34:41","date_gmt":"2024-07-12T14:34:41","guid":{"rendered":"https:\/\/tuguia.combarranquilla.co\/Revista\/?p=4550"},"modified":"2024-08-08T13:36:31","modified_gmt":"2024-08-08T18:36:31","slug":"en-el-centro-de-formacion-combarranquilla-te-ayudamos-a-construir-tu-proyecto-de-vida","status":"publish","type":"post","link":"https:\/\/tuguia.combarranquilla.co\/Revista\/en-el-centro-de-formacion-combarranquilla-te-ayudamos-a-construir-tu-proyecto-de-vida\/","title":{"rendered":"En el Centro de Formaci\u00f3n Combarranquilla te ayudamos a construir tu proyecto de vida"},"content":{"rendered":"\n<p>\u00a1Sigue escribiendo tu proyecto de vida a trav\u00e9s de nuestros t\u00e9cnicos laborales! Estudiando el t\u00e9cnico de tu preferencia, tendr\u00e1s una alta probabilidad de ingresar al mundo laboral. Adem\u00e1s, podr\u00e1s continuar nutriendo tu camino educativo, ya que ser\u00e1 el impulso para complementar tu recorrido profesional.<\/p>\n\n\n\n<h2 class=\"wp-block-heading\">Conoce nuestros t\u00e9cnicos disponibles y sus beneficios<\/h2>\n\n\n\n<p><strong>T\u00e9cnico Laboral en Auxiliar de Cocina<\/strong><\/p>\n\n\n\n<p>Desarrolla habilidades como auxiliar de cocina, ayudante de cocina, cocinero o parrillero. Aprender\u00e1s a preparar y ensamblar platos, crear productos de panader\u00eda y pasteler\u00eda, manejar alimentos y gestionar inventarios de materias primas. Y lo mejor: conocer\u00e1s a detalle la gastronom\u00eda local e internacional, lo cual enriquecer\u00e1 y ampliar\u00e1 tus oportunidades laborales en el sector gastron\u00f3mico.<\/p>\n\n\n\n<p><strong>T\u00e9cnico Laboral en Almac\u00e9n y Bodegaje<\/strong><\/p>\n\n\n\n<p>Prep\u00e1rate como almacenista, auxiliar de almac\u00e9n, entre otros perfiles relacionados al manejo de mercanc\u00edas. Comprender\u00e1s c\u00f3mo funciona el sector de servicios log\u00edsticos y de transporte, a partir del estudio de inventarios y el an\u00e1lisis del proceso de recibo, despacho, importaci\u00f3n y exportaci\u00f3n de productos. Estos conocimientos mejorar\u00e1n el control de bodegas y la rentabilidad de una empresa.<\/p>\n\n\n\n<p><strong>T\u00e9cnico Laboral en Contact Center<\/strong><\/p>\n\n\n\n<p>Desemp\u00e9\u00f1ate en el sector de servicio al cliente como operador de central telef\u00f3nica, agente de Call Center y Contact Center o auxiliar de informaci\u00f3n y servicio al cliente. Este t\u00e9cnico est\u00e1 compuesto por cursos enfocados en el desarrollo de habilidades comunicativas. Con \u00e9l, podr\u00e1s transformar tu enfoque en atenci\u00f3n humana y comunicarte asertivamente, siendo esta \u00faltima una competencia transversal esencial para la vida.<\/p>\n\n\n\n<p><strong>T\u00e9cnico Laboral en Auxiliar de Panader\u00eda y Pasteler\u00eda<\/strong><\/p>\n\n\n\n<p>Trabaja en el mercado de la pasteler\u00eda, panader\u00eda y galleter\u00eda. Este t\u00e9cnico contempla el desarrollo de la capacidad de innovaci\u00f3n y creatividad para producir alimentos de panader\u00eda y pasteler\u00eda que, a su vez, cumplan con medidas sanitarias. De esta forma, podr\u00e1s mejorar tanto la calidad de tus productos como la \u00e9tica de tu empresa o de la empresa para la que trabajar\u00e1s.<\/p>\n\n\n\n<p><strong>T\u00e9cnico Laboral en Auxiliar Contable y Financiero<\/strong><\/p>\n\n\n\n<p>La gesti\u00f3n de registros contables es vital para promover el crecimiento financiero de una empresa. Con este t\u00e9cnico laboral, podr\u00e1s emprender un viaje por el mundo de la contabilidad y las finanzas. Aprender\u00e1s a aplicar la l\u00f3gica matem\u00e1tica para analizar tendencias financieras e impactar el funcionamiento de cualquier empresa. <\/p>\n\n\n\n<p><strong>T\u00e9cnico Laboral en Auxiliar Agente de Viajes<\/strong><\/p>\n\n\n\n<p>La importancia del turismo ha aumentado con la globalizaci\u00f3n y se espera que las agencias de viaje del pa\u00eds crezcan a\u00fan m\u00e1s. Con este t\u00e9cnico, puedes ingresar al mundo laboral en calidad de agente de viajes o turismo, consultor de viajes o representante de una agencia. Al egresar, estar\u00e1s formado en asesor\u00edas de paquetes tur\u00edsticos, apoyo en log\u00edstica de eventos recreativos y servicio al cliente.<\/p>\n\n\n\n<p><strong>T\u00e9cnico Laboral en Auxiliar Administrativo<\/strong><\/p>\n\n\n\n<p>Como auxiliar administrativo egresado de este t\u00e9cnico, cuentas con una capacidad notable a la hora de interpretar estados financieros, utilizar las TIC y analizar transacciones comerciales. Con estas competencias espec\u00edficas, podr\u00e1s dise\u00f1ar estrategias que solucionen las necesidades de la empresa en la que labores o de tu propia empresa.<\/p>\n\n\n\n<p><strong>T\u00e9cnico Laboral en Mercadeo y Ventas<\/strong><\/p>\n\n\n\n<p>Si quieres trabajar en el sector de ventas y servicios como asesor comercial, mercaderista o promotor de productos y servicios, egresar de este t\u00e9cnico laboral es lo ideal. Podr\u00e1s entender qu\u00e9 impulsa a tu p\u00fablico objeto a interesarse en los productos de una empresa y, de esta manera, estar\u00e1s mejor equipado para satisfacer sus necesidades.<\/p>\n\n\n\n<p><strong>T\u00e9cnico Laboral en Recursos Humanos<\/strong><\/p>\n\n\n\n<p>El fin \u00faltimo de toda empresa es tener un personal capacitado que represente su marca. Con este t\u00e9cnico, podr\u00e1s formarte como auxiliar de talento humano, de bienestar o de contrataci\u00f3n, entre otros perfiles. Esto te convertir\u00e1 en un puente hacia el \u00e9xito de la empresa en los procesos de reclutamiento y selecci\u00f3n de un equipo id\u00f3neo.<\/p>\n\n\n\n<p><strong>T\u00e9cnico Laboral en Archivo y Registros<\/strong><\/p>\n\n\n\n<p>F\u00f3rmate como auxiliar de archivo, radicador de documentos u oficinista de clasificaci\u00f3n y archivo. Al egresar de este t\u00e9cnico, entender\u00e1s c\u00f3mo proteger la huella hist\u00f3rica de los datos de una empresa. Esta es una cualidad necesaria para construir un negocio \u00e9tico y eficaz en el sector de servicios administrativos.<\/p>\n\n\n\n<h2 class=\"wp-block-heading\">En Combarranquilla apoyamos tus sue\u00f1os<\/h2>\n\n\n\n<p>Nuestro portafolio de t\u00e9cnicos laborales a\u00f1ade un factor diferenciador a tu marca personal y te ayuda a tener \u00e9xito en el mercado laboral. Conocer\u00e1s a expertos y pondr\u00e1s en pr\u00e1ctica tus conocimientos como trabajador dependiente o emprendedor independiente. \u00a1Aprovecha nuestras ofertas y continua construyendo tu vida profesional!<\/p>\n\n\n\n<figure class=\"wp-block-table is-style-stripes\"><table class=\"has-background has-fixed-layout\" style=\"background-color:#92b08c\"><tbody><tr><td><em><strong>Para m\u00e1s informes<br>L\u00ednea verde: <\/strong>(605) 3225049<\/em><\/td><\/tr><\/tbody><\/table><\/figure>\n","protected":false},"excerpt":{"rendered":"<p>\u00a1Sigue escribiendo tu proyecto de vida a trav\u00e9s de nuestros t\u00e9cnicos laborales! Estudiando el t\u00e9cnico de tu preferencia, tendr\u00e1s una alta probabilidad de ingresar al mundo laboral. Adem\u00e1s, podr\u00e1s continuar nutriendo tu camino educativo, ya que ser\u00e1 el impulso para complementar tu recorrido profesional. Conoce nuestros t\u00e9cnicos disponibles y sus beneficios T\u00e9cnico Laboral en Auxiliar [&hellip;]<\/p>\n","protected":false},"author":2,"featured_media":4783,"comment_status":"open","ping_status":"open","sticky":false,"template":"","format":"standard","meta":{"inline_featured_image":false,"footnotes":""},"categories":[8],"tags":[],"class_list":["post-4550","post","type-post","status-publish","format-standard","has-post-thumbnail","hentry","category-formacion"],"yoast_head":"<!-- This site is optimized with the Yoast SEO plugin v27.4 - https:\/\/yoast.com\/product\/yoast-seo-wordpress\/ -->\n<title>En el Centro de Formaci\u00f3n Combarranquilla te ayudamos a construir tu proyecto de vida - Tu Gu\u00eda<\/title>\n<meta name=\"robots\" content=\"index, follow, max-snippet:-1, max-image-preview:large, max-video-preview:-1\" \/>\n<link rel=\"canonical\" href=\"https:\/\/tuguia.combarranquilla.co\/Revista\/en-el-centro-de-formacion-combarranquilla-te-ayudamos-a-construir-tu-proyecto-de-vida\/\" \/>\n<meta property=\"og:locale\" content=\"es_ES\" \/>\n<meta property=\"og:type\" content=\"article\" \/>\n<meta property=\"og:title\" content=\"En el Centro de Formaci\u00f3n Combarranquilla te ayudamos a construir tu proyecto de vida - Tu Gu\u00eda\" \/>\n<meta property=\"og:description\" content=\"\u00a1Sigue escribiendo tu proyecto de vida a trav\u00e9s de nuestros t\u00e9cnicos laborales! Estudiando el t\u00e9cnico de tu preferencia, tendr\u00e1s una alta probabilidad de ingresar al mundo laboral. Adem\u00e1s, podr\u00e1s continuar nutriendo tu camino educativo, ya que ser\u00e1 el impulso para complementar tu recorrido profesional. Conoce nuestros t\u00e9cnicos disponibles y sus beneficios T\u00e9cnico Laboral en Auxiliar [&hellip;]\" \/>\n<meta property=\"og:url\" content=\"https:\/\/tuguia.combarranquilla.co\/Revista\/en-el-centro-de-formacion-combarranquilla-te-ayudamos-a-construir-tu-proyecto-de-vida\/\" \/>\n<meta property=\"og:site_name\" content=\"Tu Gu\u00eda\" \/>\n<meta property=\"article:published_time\" content=\"2024-07-12T14:34:41+00:00\" \/>\n<meta property=\"article:modified_time\" content=\"2024-08-08T18:36:31+00:00\" \/>\n<meta property=\"og:image\" content=\"https:\/\/tuguia.combarranquilla.co\/Revista\/wp-content\/uploads\/2024\/08\/SLIDE-TL-1-scaled.jpg\" \/>\n\t<meta property=\"og:image:width\" content=\"2560\" \/>\n\t<meta property=\"og:image:height\" content=\"1067\" \/>\n\t<meta property=\"og:image:type\" content=\"image\/jpeg\" \/>\n<meta name=\"author\" content=\"Comunicaciones Combarranquilla\" \/>\n<meta name=\"twitter:card\" content=\"summary_large_image\" \/>\n<meta name=\"twitter:label1\" content=\"Escrito por\" \/>\n\t<meta name=\"twitter:data1\" content=\"Comunicaciones Combarranquilla\" \/>\n\t<meta name=\"twitter:label2\" content=\"Tiempo de lectura\" \/>\n\t<meta name=\"twitter:data2\" content=\"4 minutos\" \/>\n<script type=\"application\/ld+json\" class=\"yoast-schema-graph\">{\"@context\":\"https:\\\/\\\/schema.org\",\"@graph\":[{\"@type\":\"Article\",\"@id\":\"https:\\\/\\\/tuguia.combarranquilla.co\\\/Revista\\\/en-el-centro-de-formacion-combarranquilla-te-ayudamos-a-construir-tu-proyecto-de-vida\\\/#article\",\"isPartOf\":{\"@id\":\"https:\\\/\\\/tuguia.combarranquilla.co\\\/Revista\\\/en-el-centro-de-formacion-combarranquilla-te-ayudamos-a-construir-tu-proyecto-de-vida\\\/\"},\"author\":{\"name\":\"Comunicaciones Combarranquilla\",\"@id\":\"https:\\\/\\\/tuguia.combarranquilla.co\\\/Revista\\\/#\\\/schema\\\/person\\\/c2c396a77170bd1d5f8ba73294eb0d10\"},\"headline\":\"En el Centro de Formaci\u00f3n Combarranquilla te ayudamos a construir tu proyecto de vida\",\"datePublished\":\"2024-07-12T14:34:41+00:00\",\"dateModified\":\"2024-08-08T18:36:31+00:00\",\"mainEntityOfPage\":{\"@id\":\"https:\\\/\\\/tuguia.combarranquilla.co\\\/Revista\\\/en-el-centro-de-formacion-combarranquilla-te-ayudamos-a-construir-tu-proyecto-de-vida\\\/\"},\"wordCount\":836,\"commentCount\":0,\"publisher\":{\"@id\":\"https:\\\/\\\/tuguia.combarranquilla.co\\\/Revista\\\/#organization\"},\"image\":{\"@id\":\"https:\\\/\\\/tuguia.combarranquilla.co\\\/Revista\\\/en-el-centro-de-formacion-combarranquilla-te-ayudamos-a-construir-tu-proyecto-de-vida\\\/#primaryimage\"},\"thumbnailUrl\":\"https:\\\/\\\/tuguia.combarranquilla.co\\\/Revista\\\/wp-content\\\/uploads\\\/2024\\\/08\\\/SLIDE-TL-1-scaled.jpg\",\"articleSection\":[\"FORMACI\u00d3N\"],\"inLanguage\":\"es-CO\",\"potentialAction\":[{\"@type\":\"CommentAction\",\"name\":\"Comment\",\"target\":[\"https:\\\/\\\/tuguia.combarranquilla.co\\\/Revista\\\/en-el-centro-de-formacion-combarranquilla-te-ayudamos-a-construir-tu-proyecto-de-vida\\\/#respond\"]}]},{\"@type\":\"WebPage\",\"@id\":\"https:\\\/\\\/tuguia.combarranquilla.co\\\/Revista\\\/en-el-centro-de-formacion-combarranquilla-te-ayudamos-a-construir-tu-proyecto-de-vida\\\/\",\"url\":\"https:\\\/\\\/tuguia.combarranquilla.co\\\/Revista\\\/en-el-centro-de-formacion-combarranquilla-te-ayudamos-a-construir-tu-proyecto-de-vida\\\/\",\"name\":\"En el Centro de Formaci\u00f3n Combarranquilla te ayudamos a construir tu proyecto de vida - Tu Gu\u00eda\",\"isPartOf\":{\"@id\":\"https:\\\/\\\/tuguia.combarranquilla.co\\\/Revista\\\/#website\"},\"primaryImageOfPage\":{\"@id\":\"https:\\\/\\\/tuguia.combarranquilla.co\\\/Revista\\\/en-el-centro-de-formacion-combarranquilla-te-ayudamos-a-construir-tu-proyecto-de-vida\\\/#primaryimage\"},\"image\":{\"@id\":\"https:\\\/\\\/tuguia.combarranquilla.co\\\/Revista\\\/en-el-centro-de-formacion-combarranquilla-te-ayudamos-a-construir-tu-proyecto-de-vida\\\/#primaryimage\"},\"thumbnailUrl\":\"https:\\\/\\\/tuguia.combarranquilla.co\\\/Revista\\\/wp-content\\\/uploads\\\/2024\\\/08\\\/SLIDE-TL-1-scaled.jpg\",\"datePublished\":\"2024-07-12T14:34:41+00:00\",\"dateModified\":\"2024-08-08T18:36:31+00:00\",\"breadcrumb\":{\"@id\":\"https:\\\/\\\/tuguia.combarranquilla.co\\\/Revista\\\/en-el-centro-de-formacion-combarranquilla-te-ayudamos-a-construir-tu-proyecto-de-vida\\\/#breadcrumb\"},\"inLanguage\":\"es-CO\",\"potentialAction\":[{\"@type\":\"ReadAction\",\"target\":[\"https:\\\/\\\/tuguia.combarranquilla.co\\\/Revista\\\/en-el-centro-de-formacion-combarranquilla-te-ayudamos-a-construir-tu-proyecto-de-vida\\\/\"]}]},{\"@type\":\"ImageObject\",\"inLanguage\":\"es-CO\",\"@id\":\"https:\\\/\\\/tuguia.combarranquilla.co\\\/Revista\\\/en-el-centro-de-formacion-combarranquilla-te-ayudamos-a-construir-tu-proyecto-de-vida\\\/#primaryimage\",\"url\":\"https:\\\/\\\/tuguia.combarranquilla.co\\\/Revista\\\/wp-content\\\/uploads\\\/2024\\\/08\\\/SLIDE-TL-1-scaled.jpg\",\"contentUrl\":\"https:\\\/\\\/tuguia.combarranquilla.co\\\/Revista\\\/wp-content\\\/uploads\\\/2024\\\/08\\\/SLIDE-TL-1-scaled.jpg\",\"width\":2560,\"height\":1067},{\"@type\":\"BreadcrumbList\",\"@id\":\"https:\\\/\\\/tuguia.combarranquilla.co\\\/Revista\\\/en-el-centro-de-formacion-combarranquilla-te-ayudamos-a-construir-tu-proyecto-de-vida\\\/#breadcrumb\",\"itemListElement\":[{\"@type\":\"ListItem\",\"position\":1,\"name\":\"Inicio\",\"item\":\"https:\\\/\\\/tuguia.combarranquilla.co\\\/Revista\\\/\"},{\"@type\":\"ListItem\",\"position\":2,\"name\":\"En el Centro de Formaci\u00f3n Combarranquilla te ayudamos a construir tu proyecto de vida\"}]},{\"@type\":\"WebSite\",\"@id\":\"https:\\\/\\\/tuguia.combarranquilla.co\\\/Revista\\\/#website\",\"url\":\"https:\\\/\\\/tuguia.combarranquilla.co\\\/Revista\\\/\",\"name\":\"Tu Gu\u00eda\",\"description\":\"La revista donde lo tienes todo.\",\"publisher\":{\"@id\":\"https:\\\/\\\/tuguia.combarranquilla.co\\\/Revista\\\/#organization\"},\"alternateName\":\"Tu Gu\u00eda Combarranquilla\",\"potentialAction\":[{\"@type\":\"SearchAction\",\"target\":{\"@type\":\"EntryPoint\",\"urlTemplate\":\"https:\\\/\\\/tuguia.combarranquilla.co\\\/Revista\\\/?s={search_term_string}\"},\"query-input\":{\"@type\":\"PropertyValueSpecification\",\"valueRequired\":true,\"valueName\":\"search_term_string\"}}],\"inLanguage\":\"es-CO\"},{\"@type\":\"Organization\",\"@id\":\"https:\\\/\\\/tuguia.combarranquilla.co\\\/Revista\\\/#organization\",\"name\":\"Tu Gu\u00eda Combarranquilla\",\"url\":\"https:\\\/\\\/tuguia.combarranquilla.co\\\/Revista\\\/\",\"logo\":{\"@type\":\"ImageObject\",\"inLanguage\":\"es-CO\",\"@id\":\"https:\\\/\\\/tuguia.combarranquilla.co\\\/Revista\\\/#\\\/schema\\\/logo\\\/image\\\/\",\"url\":\"https:\\\/\\\/tuguia.combarranquilla.co\\\/Revista\\\/wp-content\\\/uploads\\\/2022\\\/02\\\/logo-guia-combarranquilla.svg\",\"contentUrl\":\"https:\\\/\\\/tuguia.combarranquilla.co\\\/Revista\\\/wp-content\\\/uploads\\\/2022\\\/02\\\/logo-guia-combarranquilla.svg\",\"caption\":\"Tu Gu\u00eda Combarranquilla\"},\"image\":{\"@id\":\"https:\\\/\\\/tuguia.combarranquilla.co\\\/Revista\\\/#\\\/schema\\\/logo\\\/image\\\/\"}},{\"@type\":\"Person\",\"@id\":\"https:\\\/\\\/tuguia.combarranquilla.co\\\/Revista\\\/#\\\/schema\\\/person\\\/c2c396a77170bd1d5f8ba73294eb0d10\",\"name\":\"Comunicaciones Combarranquilla\",\"image\":{\"@type\":\"ImageObject\",\"inLanguage\":\"es-CO\",\"@id\":\"https:\\\/\\\/tuguia.combarranquilla.co\\\/Revista\\\/wp-content\\\/uploads\\\/2025\\\/05\\\/ABC-Al-Rojo-Logo-96x96.jpg\",\"url\":\"https:\\\/\\\/tuguia.combarranquilla.co\\\/Revista\\\/wp-content\\\/uploads\\\/2025\\\/05\\\/ABC-Al-Rojo-Logo-96x96.jpg\",\"contentUrl\":\"https:\\\/\\\/tuguia.combarranquilla.co\\\/Revista\\\/wp-content\\\/uploads\\\/2025\\\/05\\\/ABC-Al-Rojo-Logo-96x96.jpg\",\"caption\":\"Comunicaciones Combarranquilla\"},\"sameAs\":[\"https:\\\/\\\/www.combarranquilla.co\"],\"url\":\"https:\\\/\\\/tuguia.combarranquilla.co\\\/Revista\\\/author\\\/comunicaciones\\\/\"}]}<\/script>\n<!-- \/ Yoast SEO plugin. -->","yoast_head_json":{"title":"En el Centro de Formaci\u00f3n Combarranquilla te ayudamos a construir tu proyecto de vida - Tu Gu\u00eda","robots":{"index":"index","follow":"follow","max-snippet":"max-snippet:-1","max-image-preview":"max-image-preview:large","max-video-preview":"max-video-preview:-1"},"canonical":"https:\/\/tuguia.combarranquilla.co\/Revista\/en-el-centro-de-formacion-combarranquilla-te-ayudamos-a-construir-tu-proyecto-de-vida\/","og_locale":"es_ES","og_type":"article","og_title":"En el Centro de Formaci\u00f3n Combarranquilla te ayudamos a construir tu proyecto de vida - Tu Gu\u00eda","og_description":"\u00a1Sigue escribiendo tu proyecto de vida a trav\u00e9s de nuestros t\u00e9cnicos laborales! Estudiando el t\u00e9cnico de tu preferencia, tendr\u00e1s una alta probabilidad de ingresar al mundo laboral. Adem\u00e1s, podr\u00e1s continuar nutriendo tu camino educativo, ya que ser\u00e1 el impulso para complementar tu recorrido profesional. Conoce nuestros t\u00e9cnicos disponibles y sus beneficios T\u00e9cnico Laboral en Auxiliar [&hellip;]","og_url":"https:\/\/tuguia.combarranquilla.co\/Revista\/en-el-centro-de-formacion-combarranquilla-te-ayudamos-a-construir-tu-proyecto-de-vida\/","og_site_name":"Tu Gu\u00eda","article_published_time":"2024-07-12T14:34:41+00:00","article_modified_time":"2024-08-08T18:36:31+00:00","og_image":[{"width":2560,"height":1067,"url":"https:\/\/tuguia.combarranquilla.co\/Revista\/wp-content\/uploads\/2024\/08\/SLIDE-TL-1-scaled.jpg","type":"image\/jpeg"}],"author":"Comunicaciones Combarranquilla","twitter_card":"summary_large_image","twitter_misc":{"Escrito por":"Comunicaciones Combarranquilla","Tiempo de lectura":"4 minutos"},"schema":{"@context":"https:\/\/schema.org","@graph":[{"@type":"Article","@id":"https:\/\/tuguia.combarranquilla.co\/Revista\/en-el-centro-de-formacion-combarranquilla-te-ayudamos-a-construir-tu-proyecto-de-vida\/#article","isPartOf":{"@id":"https:\/\/tuguia.combarranquilla.co\/Revista\/en-el-centro-de-formacion-combarranquilla-te-ayudamos-a-construir-tu-proyecto-de-vida\/"},"author":{"name":"Comunicaciones Combarranquilla","@id":"https:\/\/tuguia.combarranquilla.co\/Revista\/#\/schema\/person\/c2c396a77170bd1d5f8ba73294eb0d10"},"headline":"En el Centro de Formaci\u00f3n Combarranquilla te ayudamos a construir tu proyecto de vida","datePublished":"2024-07-12T14:34:41+00:00","dateModified":"2024-08-08T18:36:31+00:00","mainEntityOfPage":{"@id":"https:\/\/tuguia.combarranquilla.co\/Revista\/en-el-centro-de-formacion-combarranquilla-te-ayudamos-a-construir-tu-proyecto-de-vida\/"},"wordCount":836,"commentCount":0,"publisher":{"@id":"https:\/\/tuguia.combarranquilla.co\/Revista\/#organization"},"image":{"@id":"https:\/\/tuguia.combarranquilla.co\/Revista\/en-el-centro-de-formacion-combarranquilla-te-ayudamos-a-construir-tu-proyecto-de-vida\/#primaryimage"},"thumbnailUrl":"https:\/\/tuguia.combarranquilla.co\/Revista\/wp-content\/uploads\/2024\/08\/SLIDE-TL-1-scaled.jpg","articleSection":["FORMACI\u00d3N"],"inLanguage":"es-CO","potentialAction":[{"@type":"CommentAction","name":"Comment","target":["https:\/\/tuguia.combarranquilla.co\/Revista\/en-el-centro-de-formacion-combarranquilla-te-ayudamos-a-construir-tu-proyecto-de-vida\/#respond"]}]},{"@type":"WebPage","@id":"https:\/\/tuguia.combarranquilla.co\/Revista\/en-el-centro-de-formacion-combarranquilla-te-ayudamos-a-construir-tu-proyecto-de-vida\/","url":"https:\/\/tuguia.combarranquilla.co\/Revista\/en-el-centro-de-formacion-combarranquilla-te-ayudamos-a-construir-tu-proyecto-de-vida\/","name":"En el Centro de Formaci\u00f3n Combarranquilla te ayudamos a construir tu proyecto de vida - Tu Gu\u00eda","isPartOf":{"@id":"https:\/\/tuguia.combarranquilla.co\/Revista\/#website"},"primaryImageOfPage":{"@id":"https:\/\/tuguia.combarranquilla.co\/Revista\/en-el-centro-de-formacion-combarranquilla-te-ayudamos-a-construir-tu-proyecto-de-vida\/#primaryimage"},"image":{"@id":"https:\/\/tuguia.combarranquilla.co\/Revista\/en-el-centro-de-formacion-combarranquilla-te-ayudamos-a-construir-tu-proyecto-de-vida\/#primaryimage"},"thumbnailUrl":"https:\/\/tuguia.combarranquilla.co\/Revista\/wp-content\/uploads\/2024\/08\/SLIDE-TL-1-scaled.jpg","datePublished":"2024-07-12T14:34:41+00:00","dateModified":"2024-08-08T18:36:31+00:00","breadcrumb":{"@id":"https:\/\/tuguia.combarranquilla.co\/Revista\/en-el-centro-de-formacion-combarranquilla-te-ayudamos-a-construir-tu-proyecto-de-vida\/#breadcrumb"},"inLanguage":"es-CO","potentialAction":[{"@type":"ReadAction","target":["https:\/\/tuguia.combarranquilla.co\/Revista\/en-el-centro-de-formacion-combarranquilla-te-ayudamos-a-construir-tu-proyecto-de-vida\/"]}]},{"@type":"ImageObject","inLanguage":"es-CO","@id":"https:\/\/tuguia.combarranquilla.co\/Revista\/en-el-centro-de-formacion-combarranquilla-te-ayudamos-a-construir-tu-proyecto-de-vida\/#primaryimage","url":"https:\/\/tuguia.combarranquilla.co\/Revista\/wp-content\/uploads\/2024\/08\/SLIDE-TL-1-scaled.jpg","contentUrl":"https:\/\/tuguia.combarranquilla.co\/Revista\/wp-content\/uploads\/2024\/08\/SLIDE-TL-1-scaled.jpg","width":2560,"height":1067},{"@type":"BreadcrumbList","@id":"https:\/\/tuguia.combarranquilla.co\/Revista\/en-el-centro-de-formacion-combarranquilla-te-ayudamos-a-construir-tu-proyecto-de-vida\/#breadcrumb","itemListElement":[{"@type":"ListItem","position":1,"name":"Inicio","item":"https:\/\/tuguia.combarranquilla.co\/Revista\/"},{"@type":"ListItem","position":2,"name":"En el Centro de Formaci\u00f3n Combarranquilla te ayudamos a construir tu proyecto de vida"}]},{"@type":"WebSite","@id":"https:\/\/tuguia.combarranquilla.co\/Revista\/#website","url":"https:\/\/tuguia.combarranquilla.co\/Revista\/","name":"Tu Gu\u00eda","description":"La revista donde lo tienes todo.","publisher":{"@id":"https:\/\/tuguia.combarranquilla.co\/Revista\/#organization"},"alternateName":"Tu Gu\u00eda Combarranquilla","potentialAction":[{"@type":"SearchAction","target":{"@type":"EntryPoint","urlTemplate":"https:\/\/tuguia.combarranquilla.co\/Revista\/?s={search_term_string}"},"query-input":{"@type":"PropertyValueSpecification","valueRequired":true,"valueName":"search_term_string"}}],"inLanguage":"es-CO"},{"@type":"Organization","@id":"https:\/\/tuguia.combarranquilla.co\/Revista\/#organization","name":"Tu Gu\u00eda Combarranquilla","url":"https:\/\/tuguia.combarranquilla.co\/Revista\/","logo":{"@type":"ImageObject","inLanguage":"es-CO","@id":"https:\/\/tuguia.combarranquilla.co\/Revista\/#\/schema\/logo\/image\/","url":"https:\/\/tuguia.combarranquilla.co\/Revista\/wp-content\/uploads\/2022\/02\/logo-guia-combarranquilla.svg","contentUrl":"https:\/\/tuguia.combarranquilla.co\/Revista\/wp-content\/uploads\/2022\/02\/logo-guia-combarranquilla.svg","caption":"Tu Gu\u00eda Combarranquilla"},"image":{"@id":"https:\/\/tuguia.combarranquilla.co\/Revista\/#\/schema\/logo\/image\/"}},{"@type":"Person","@id":"https:\/\/tuguia.combarranquilla.co\/Revista\/#\/schema\/person\/c2c396a77170bd1d5f8ba73294eb0d10","name":"Comunicaciones Combarranquilla","image":{"@type":"ImageObject","inLanguage":"es-CO","@id":"https:\/\/tuguia.combarranquilla.co\/Revista\/wp-content\/uploads\/2025\/05\/ABC-Al-Rojo-Logo-96x96.jpg","url":"https:\/\/tuguia.combarranquilla.co\/Revista\/wp-content\/uploads\/2025\/05\/ABC-Al-Rojo-Logo-96x96.jpg","contentUrl":"https:\/\/tuguia.combarranquilla.co\/Revista\/wp-content\/uploads\/2025\/05\/ABC-Al-Rojo-Logo-96x96.jpg","caption":"Comunicaciones Combarranquilla"},"sameAs":["https:\/\/www.combarranquilla.co"],"url":"https:\/\/tuguia.combarranquilla.co\/Revista\/author\/comunicaciones\/"}]}},"_links":{"self":[{"href":"https:\/\/tuguia.combarranquilla.co\/Revista\/wp-json\/wp\/v2\/posts\/4550","targetHints":{"allow":["GET"]}}],"collection":[{"href":"https:\/\/tuguia.combarranquilla.co\/Revista\/wp-json\/wp\/v2\/posts"}],"about":[{"href":"https:\/\/tuguia.combarranquilla.co\/Revista\/wp-json\/wp\/v2\/types\/post"}],"author":[{"embeddable":true,"href":"https:\/\/tuguia.combarranquilla.co\/Revista\/wp-json\/wp\/v2\/users\/2"}],"replies":[{"embeddable":true,"href":"https:\/\/tuguia.combarranquilla.co\/Revista\/wp-json\/wp\/v2\/comments?post=4550"}],"version-history":[{"count":9,"href":"https:\/\/tuguia.combarranquilla.co\/Revista\/wp-json\/wp\/v2\/posts\/4550\/revisions"}],"predecessor-version":[{"id":4793,"href":"https:\/\/tuguia.combarranquilla.co\/Revista\/wp-json\/wp\/v2\/posts\/4550\/revisions\/4793"}],"wp:featuredmedia":[{"embeddable":true,"href":"https:\/\/tuguia.combarranquilla.co\/Revista\/wp-json\/wp\/v2\/media\/4783"}],"wp:attachment":[{"href":"https:\/\/tuguia.combarranquilla.co\/Revista\/wp-json\/wp\/v2\/media?parent=4550"}],"wp:term":[{"taxonomy":"category","embeddable":true,"href":"https:\/\/tuguia.combarranquilla.co\/Revista\/wp-json\/wp\/v2\/categories?post=4550"},{"taxonomy":"post_tag","embeddable":true,"href":"https:\/\/tuguia.combarranquilla.co\/Revista\/wp-json\/wp\/v2\/tags?post=4550"}],"curies":[{"name":"wp","href":"https:\/\/api.w.org\/{rel}","templated":true}]}}