{"id":4563,"date":"2024-07-24T16:42:41","date_gmt":"2024-07-24T21:42:41","guid":{"rendered":"https:\/\/tuguia.combarranquilla.co\/Revista\/?p=4563"},"modified":"2024-07-24T16:44:25","modified_gmt":"2024-07-24T21:44:25","slug":"la-sala-country-de-la-cinemateca-del-caribe-vuelve-renovada","status":"publish","type":"post","link":"https:\/\/tuguia.combarranquilla.co\/Revista\/la-sala-country-de-la-cinemateca-del-caribe-vuelve-renovada\/","title":{"rendered":"La Sala Country de la Cinemateca del Caribe vuelve renovada"},"content":{"rendered":"\n<p class=\"has-medium-font-size\">El lunes 24 de junio, la Sala Country de la Cinemateca del Caribe inici\u00f3 la remodelaci\u00f3n de su silleter\u00eda con el valioso apoyo de Combarranquilla. Despu\u00e9s de casi un mes, vuelve a abrir sus puertas con una experiencia mejorada y m\u00e1s acogedora para los amantes del cine independiente, el arte y la cultura.&nbsp;<\/p>\n\n\n\n<h2 class=\"wp-block-heading\"><strong>Una funci\u00f3n especial<\/strong><\/h2>\n\n\n\n<div class=\"wp-block-columns alignwide are-vertically-aligned-top is-layout-flex wp-container-core-columns-is-layout-bd0aba32 wp-block-columns-is-layout-flex\">\n<div class=\"wp-block-column is-vertically-aligned-top is-layout-flow wp-block-column-is-layout-flow\">\n<div class=\"wp-block-group wp-container-content-231d8afb is-vertical is-content-justification-left is-nowrap is-layout-flex wp-container-core-group-is-layout-ee1c9ac2 wp-block-group-is-layout-flex\" style=\"margin-top:0;margin-bottom:0\">\n<figure class=\"wp-block-image size-large wp-container-content-0733e5d0\"><img decoding=\"async\" width=\"1024\" height=\"683\" data-src=\"https:\/\/tuguia.combarranquilla.co\/Revista\/wp-content\/uploads\/2024\/07\/WhatsApp-Image-2024-07-24-at-3.47.45-PM-1024x683.jpeg\" alt=\"\" class=\"wp-image-4610 lazyload\" data-srcset=\"https:\/\/tuguia.combarranquilla.co\/Revista\/wp-content\/uploads\/2024\/07\/WhatsApp-Image-2024-07-24-at-3.47.45-PM-1024x683.jpeg 1024w, https:\/\/tuguia.combarranquilla.co\/Revista\/wp-content\/uploads\/2024\/07\/WhatsApp-Image-2024-07-24-at-3.47.45-PM-300x200.jpeg 300w, https:\/\/tuguia.combarranquilla.co\/Revista\/wp-content\/uploads\/2024\/07\/WhatsApp-Image-2024-07-24-at-3.47.45-PM-768x512.jpeg 768w, https:\/\/tuguia.combarranquilla.co\/Revista\/wp-content\/uploads\/2024\/07\/WhatsApp-Image-2024-07-24-at-3.47.45-PM-1536x1024.jpeg 1536w, https:\/\/tuguia.combarranquilla.co\/Revista\/wp-content\/uploads\/2024\/07\/WhatsApp-Image-2024-07-24-at-3.47.45-PM-2048x1366.jpeg 2048w\" data-sizes=\"(max-width: 1024px) 100vw, 1024px\" src=\"data:image\/svg+xml;base64,PHN2ZyB3aWR0aD0iMSIgaGVpZ2h0PSIxIiB4bWxucz0iaHR0cDovL3d3dy53My5vcmcvMjAwMC9zdmciPjwvc3ZnPg==\" style=\"--smush-placeholder-width: 1024px; --smush-placeholder-aspect-ratio: 1024\/683;\" \/><\/figure>\n\n\n\n<div class=\"wp-block-group is-vertical is-nowrap is-layout-flex wp-container-core-group-is-layout-ebc71d8e wp-block-group-is-layout-flex\">\n<p class=\"has-medium-font-size\"><strong>Brindis de bienvenida<\/strong><\/p>\n\n\n\n<p class=\"has-small-font-size\">Los invitados comparten un tiempo ameno antes de que inicie la funci\u00f3n.<\/p>\n<\/div>\n<\/div>\n<\/div>\n\n\n\n<div class=\"wp-block-column is-vertically-aligned-top is-layout-flow wp-block-column-is-layout-flow\">\n<div class=\"wp-block-group wp-container-content-231d8afb is-vertical is-layout-flex wp-container-core-group-is-layout-692d0fb7 wp-block-group-is-layout-flex\" style=\"margin-top:0;margin-bottom:0\">\n<div class=\"wp-block-group wp-container-content-231d8afb is-vertical is-content-justification-left is-nowrap is-layout-flex wp-container-core-group-is-layout-ee1c9ac2 wp-block-group-is-layout-flex\" style=\"margin-top:0;margin-bottom:0\">\n<figure class=\"wp-block-image size-large wp-container-content-0733e5d0\"><img decoding=\"async\" width=\"1024\" height=\"683\" data-src=\"https:\/\/tuguia.combarranquilla.co\/Revista\/wp-content\/uploads\/2024\/07\/WhatsApp-Image-2024-07-24-at-3.47.46-PM-1-1-1024x683.jpeg\" alt=\"\" class=\"wp-image-4604 lazyload\" data-srcset=\"https:\/\/tuguia.combarranquilla.co\/Revista\/wp-content\/uploads\/2024\/07\/WhatsApp-Image-2024-07-24-at-3.47.46-PM-1-1-1024x683.jpeg 1024w, https:\/\/tuguia.combarranquilla.co\/Revista\/wp-content\/uploads\/2024\/07\/WhatsApp-Image-2024-07-24-at-3.47.46-PM-1-1-300x200.jpeg 300w, https:\/\/tuguia.combarranquilla.co\/Revista\/wp-content\/uploads\/2024\/07\/WhatsApp-Image-2024-07-24-at-3.47.46-PM-1-1-768x512.jpeg 768w, https:\/\/tuguia.combarranquilla.co\/Revista\/wp-content\/uploads\/2024\/07\/WhatsApp-Image-2024-07-24-at-3.47.46-PM-1-1-1536x1024.jpeg 1536w, https:\/\/tuguia.combarranquilla.co\/Revista\/wp-content\/uploads\/2024\/07\/WhatsApp-Image-2024-07-24-at-3.47.46-PM-1-1-2048x1366.jpeg 2048w\" data-sizes=\"(max-width: 1024px) 100vw, 1024px\" src=\"data:image\/svg+xml;base64,PHN2ZyB3aWR0aD0iMSIgaGVpZ2h0PSIxIiB4bWxucz0iaHR0cDovL3d3dy53My5vcmcvMjAwMC9zdmciPjwvc3ZnPg==\" style=\"--smush-placeholder-width: 1024px; --smush-placeholder-aspect-ratio: 1024\/683;\" \/><\/figure>\n\n\n\n<div class=\"wp-block-group is-vertical is-nowrap is-layout-flex wp-container-core-group-is-layout-ebc71d8e wp-block-group-is-layout-flex\">\n<p class=\"has-medium-font-size\"><strong>Palabras de apertura<\/strong><\/p>\n\n\n\n<p class=\"has-small-font-size\">Ernesto Herrera, director de Combarranquilla, da unas palabras junto con Mar\u00eda Fernanda Morales, directora de la Fundaci\u00f3n Cinemateca del Caribe.<\/p>\n<\/div>\n<\/div>\n<\/div>\n<\/div>\n<\/div>\n\n\n\n<p class=\"has-medium-font-size\">Para celebrar la renovaci\u00f3n de su sala de cine, la Cinemateca del Caribe&nbsp;y Combarranquilla organizaron un evento privado este lunes 22 de julio, en el que dieron a conocer sus novedades.&nbsp;Con un brindis recibieron a varios asistentes que se mostraron complacidos con la nueva imagen del lugar.&nbsp;<\/p>\n\n\n\n<p class=\"has-medium-font-size\">Cabe destacar que la Alianza Francesa y el IF Cinema fueron aliados claves en este maravilloso espacio, permiti\u00e9ndoles a&nbsp;los invitados disfrutar de la proyecci\u00f3n de <em>Tastes and Colors <\/em>(Gustos y Colores), una comedia francesa del director Michel Leclerc.<\/p>\n\n\n\n<p class=\"has-medium-font-size\">Asimismo, se cont\u00f3 con la presencia del director de Combarranquilla, Ernesto Herrera y la directora de la Fundaci\u00f3n Cinemateca del Caribe, Mar\u00eda Fernanda Morales, quienes compartieron el escenario para recibir a los espectadores y darles una c\u00e1lida bienvenida.<\/p>\n\n\n\n<h2 class=\"wp-block-heading\"><strong>Pr\u00f3ximas funciones<\/strong><\/h2>\n\n\n\n<p class=\"has-medium-font-size\">\u00a1Contin\u00faan los estrenos en la Cinemateca! Progr\u00e1mate para asistir a las funciones que trae para ti este 25 de julio.<\/p>\n\n\n\n<p class=\"has-medium-font-size\">En la Sala Country se proyectar\u00e1:<\/p>\n\n\n\n<ul class=\"wp-block-list\">\n<li class=\"has-medium-font-size\"><strong><em>Caminos cruzados<\/em> (2023),<\/strong> del director sueco Levan Akin. <\/li>\n\n\n\n<li class=\"has-medium-font-size\"><strong><em>La favorita del rey<\/em> (2023), <\/strong>de la directora francesa Ma\u00efwenn.<\/li>\n\n\n\n<li class=\"has-medium-font-size\"><em><strong>Barbitch<\/strong><\/em> <strong>(2024),<\/strong> del director colombiano Diego Fernando Cruz.<\/li>\n<\/ul>\n\n\n\n<h2 class=\"wp-block-heading has-medium-font-size\">Conoce la programaci\u00f3n del fin de semana<\/h2>\n\n\n\n<figure class=\"wp-block-gallery alignwide has-nested-images columns-default is-cropped wp-block-gallery-1 is-layout-flex wp-block-gallery-is-layout-flex\">\n<figure class=\"wp-block-image size-large\"><img decoding=\"async\" width=\"576\" height=\"1024\" data-id=\"4586\" data-src=\"https:\/\/tuguia.combarranquilla.co\/Revista\/wp-content\/uploads\/2024\/07\/Jueves-25-de-Julio-576x1024.png\" alt=\"\" class=\"wp-image-4586 lazyload\" data-srcset=\"https:\/\/tuguia.combarranquilla.co\/Revista\/wp-content\/uploads\/2024\/07\/Jueves-25-de-Julio-576x1024.png 576w, https:\/\/tuguia.combarranquilla.co\/Revista\/wp-content\/uploads\/2024\/07\/Jueves-25-de-Julio-169x300.png 169w, https:\/\/tuguia.combarranquilla.co\/Revista\/wp-content\/uploads\/2024\/07\/Jueves-25-de-Julio-768x1365.png 768w, https:\/\/tuguia.combarranquilla.co\/Revista\/wp-content\/uploads\/2024\/07\/Jueves-25-de-Julio-864x1536.png 864w, https:\/\/tuguia.combarranquilla.co\/Revista\/wp-content\/uploads\/2024\/07\/Jueves-25-de-Julio.png 1080w\" data-sizes=\"(max-width: 576px) 100vw, 576px\" src=\"data:image\/svg+xml;base64,PHN2ZyB3aWR0aD0iMSIgaGVpZ2h0PSIxIiB4bWxucz0iaHR0cDovL3d3dy53My5vcmcvMjAwMC9zdmciPjwvc3ZnPg==\" style=\"--smush-placeholder-width: 576px; --smush-placeholder-aspect-ratio: 576\/1024;\" \/><\/figure>\n\n\n\n<figure class=\"wp-block-image size-large\"><img decoding=\"async\" width=\"576\" height=\"1024\" data-id=\"4587\" data-src=\"https:\/\/tuguia.combarranquilla.co\/Revista\/wp-content\/uploads\/2024\/07\/Viernes-26-de-Julio-576x1024.png\" alt=\"\" class=\"wp-image-4587 lazyload\" data-srcset=\"https:\/\/tuguia.combarranquilla.co\/Revista\/wp-content\/uploads\/2024\/07\/Viernes-26-de-Julio-576x1024.png 576w, https:\/\/tuguia.combarranquilla.co\/Revista\/wp-content\/uploads\/2024\/07\/Viernes-26-de-Julio-169x300.png 169w, https:\/\/tuguia.combarranquilla.co\/Revista\/wp-content\/uploads\/2024\/07\/Viernes-26-de-Julio-768x1365.png 768w, https:\/\/tuguia.combarranquilla.co\/Revista\/wp-content\/uploads\/2024\/07\/Viernes-26-de-Julio-864x1536.png 864w, https:\/\/tuguia.combarranquilla.co\/Revista\/wp-content\/uploads\/2024\/07\/Viernes-26-de-Julio.png 1080w\" data-sizes=\"(max-width: 576px) 100vw, 576px\" src=\"data:image\/svg+xml;base64,PHN2ZyB3aWR0aD0iMSIgaGVpZ2h0PSIxIiB4bWxucz0iaHR0cDovL3d3dy53My5vcmcvMjAwMC9zdmciPjwvc3ZnPg==\" style=\"--smush-placeholder-width: 576px; --smush-placeholder-aspect-ratio: 576\/1024;\" \/><\/figure>\n<\/figure>\n\n\n\n<figure class=\"wp-block-gallery alignwide has-nested-images columns-default is-cropped wp-block-gallery-2 is-layout-flex wp-block-gallery-is-layout-flex\">\n<figure class=\"wp-block-image size-large\"><img decoding=\"async\" width=\"576\" height=\"1024\" data-id=\"4589\" data-src=\"https:\/\/tuguia.combarranquilla.co\/Revista\/wp-content\/uploads\/2024\/07\/Sabado-27-de-Julio-576x1024.png\" alt=\"\" class=\"wp-image-4589 lazyload\" data-srcset=\"https:\/\/tuguia.combarranquilla.co\/Revista\/wp-content\/uploads\/2024\/07\/Sabado-27-de-Julio-576x1024.png 576w, https:\/\/tuguia.combarranquilla.co\/Revista\/wp-content\/uploads\/2024\/07\/Sabado-27-de-Julio-169x300.png 169w, https:\/\/tuguia.combarranquilla.co\/Revista\/wp-content\/uploads\/2024\/07\/Sabado-27-de-Julio-768x1365.png 768w, https:\/\/tuguia.combarranquilla.co\/Revista\/wp-content\/uploads\/2024\/07\/Sabado-27-de-Julio-864x1536.png 864w, https:\/\/tuguia.combarranquilla.co\/Revista\/wp-content\/uploads\/2024\/07\/Sabado-27-de-Julio.png 1080w\" data-sizes=\"(max-width: 576px) 100vw, 576px\" src=\"data:image\/svg+xml;base64,PHN2ZyB3aWR0aD0iMSIgaGVpZ2h0PSIxIiB4bWxucz0iaHR0cDovL3d3dy53My5vcmcvMjAwMC9zdmciPjwvc3ZnPg==\" style=\"--smush-placeholder-width: 576px; --smush-placeholder-aspect-ratio: 576\/1024;\" \/><\/figure>\n\n\n\n<figure class=\"wp-block-image size-large\"><img decoding=\"async\" width=\"576\" height=\"1024\" data-id=\"4590\" data-src=\"https:\/\/tuguia.combarranquilla.co\/Revista\/wp-content\/uploads\/2024\/07\/Domingo-28-de-Julio-576x1024.png\" alt=\"\" class=\"wp-image-4590 lazyload\" data-srcset=\"https:\/\/tuguia.combarranquilla.co\/Revista\/wp-content\/uploads\/2024\/07\/Domingo-28-de-Julio-576x1024.png 576w, https:\/\/tuguia.combarranquilla.co\/Revista\/wp-content\/uploads\/2024\/07\/Domingo-28-de-Julio-169x300.png 169w, https:\/\/tuguia.combarranquilla.co\/Revista\/wp-content\/uploads\/2024\/07\/Domingo-28-de-Julio-768x1365.png 768w, https:\/\/tuguia.combarranquilla.co\/Revista\/wp-content\/uploads\/2024\/07\/Domingo-28-de-Julio-864x1536.png 864w, https:\/\/tuguia.combarranquilla.co\/Revista\/wp-content\/uploads\/2024\/07\/Domingo-28-de-Julio.png 1080w\" data-sizes=\"(max-width: 576px) 100vw, 576px\" src=\"data:image\/svg+xml;base64,PHN2ZyB3aWR0aD0iMSIgaGVpZ2h0PSIxIiB4bWxucz0iaHR0cDovL3d3dy53My5vcmcvMjAwMC9zdmciPjwvc3ZnPg==\" style=\"--smush-placeholder-width: 576px; --smush-placeholder-aspect-ratio: 576\/1024;\" \/><\/figure>\n<\/figure>\n\n\n\n<p class=\"has-medium-font-size\"><strong>Tarifas*:<\/strong><\/p>\n\n\n\n<p class=\"has-medium-font-size\">Taquilla general:&nbsp;$12.500<\/p>\n\n\n\n<p class=\"has-medium-font-size\">Afiliados a Combarranquilla:&nbsp;$10.000&nbsp;<\/p>\n\n\n\n<p class=\"has-medium-font-size\">Jueves:&nbsp;$7.500&nbsp;<\/p>\n\n\n\n<p class=\"has-medium-font-size\">S\u00e1bados, domingos y festivos&nbsp;antes de 4:00 p.m.: $8.500&nbsp;<\/p>\n\n\n\n<p><em>*Normalmente, los horarios de la cinemateca var\u00edan dependiendo del d\u00eda.&nbsp;Hay horarios entre 3:00 p.m. y 7:30 p.m<\/em>.<\/p>\n\n\n\n<p class=\"has-medium-font-size\"><strong>Ubicaci\u00f3n:<\/strong><\/p>\n\n\n\n<p class=\"has-medium-font-size\">Primer piso de Combarranquilla Country, Calle 76 #57-61.&nbsp;<\/p>\n\n\n\n<h1 class=\"wp-block-heading has-large-font-size\">\u00a1Ven y disfruta del cine en Combarranquilla!<\/h1>\n","protected":false},"excerpt":{"rendered":"<p>El lunes 24 de junio, la Sala Country de la Cinemateca del Caribe inici\u00f3 la remodelaci\u00f3n de su silleter\u00eda con el valioso apoyo de Combarranquilla. Despu\u00e9s de casi un mes, vuelve a abrir sus puertas con una experiencia mejorada y m\u00e1s acogedora para los amantes del cine independiente, el arte y la cultura.&nbsp; Una funci\u00f3n [&hellip;]<\/p>\n","protected":false},"author":2,"featured_media":4603,"comment_status":"open","ping_status":"open","sticky":false,"template":"","format":"standard","meta":{"inline_featured_image":false,"footnotes":""},"categories":[1],"tags":[],"class_list":["post-4563","post","type-post","status-publish","format-standard","has-post-thumbnail","hentry","category-entretenimiento"],"yoast_head":"<!-- This site is optimized with the Yoast SEO plugin v27.4 - https:\/\/yoast.com\/product\/yoast-seo-wordpress\/ -->\n<title>La Sala Country de la Cinemateca del Caribe vuelve renovada - Tu Gu\u00eda<\/title>\n<meta name=\"robots\" content=\"index, follow, max-snippet:-1, max-image-preview:large, max-video-preview:-1\" \/>\n<link rel=\"canonical\" href=\"https:\/\/tuguia.combarranquilla.co\/Revista\/la-sala-country-de-la-cinemateca-del-caribe-vuelve-renovada\/\" \/>\n<meta property=\"og:locale\" content=\"es_ES\" \/>\n<meta property=\"og:type\" content=\"article\" \/>\n<meta property=\"og:title\" content=\"La Sala Country de la Cinemateca del Caribe vuelve renovada - Tu Gu\u00eda\" \/>\n<meta property=\"og:description\" content=\"El lunes 24 de junio, la Sala Country de la Cinemateca del Caribe inici\u00f3 la remodelaci\u00f3n de su silleter\u00eda con el valioso apoyo de Combarranquilla. Despu\u00e9s de casi un mes, vuelve a abrir sus puertas con una experiencia mejorada y m\u00e1s acogedora para los amantes del cine independiente, el arte y la cultura.&nbsp; Una funci\u00f3n [&hellip;]\" \/>\n<meta property=\"og:url\" content=\"https:\/\/tuguia.combarranquilla.co\/Revista\/la-sala-country-de-la-cinemateca-del-caribe-vuelve-renovada\/\" \/>\n<meta property=\"og:site_name\" content=\"Tu Gu\u00eda\" \/>\n<meta property=\"article:published_time\" content=\"2024-07-24T21:42:41+00:00\" \/>\n<meta property=\"article:modified_time\" content=\"2024-07-24T21:44:25+00:00\" \/>\n<meta property=\"og:image\" content=\"https:\/\/tuguia.combarranquilla.co\/Revista\/wp-content\/uploads\/2024\/07\/WhatsApp-Image-2024-07-24-at-3.47.45-PM-1-scaled.jpeg\" \/>\n\t<meta property=\"og:image:width\" content=\"2560\" \/>\n\t<meta property=\"og:image:height\" content=\"1707\" \/>\n\t<meta property=\"og:image:type\" content=\"image\/jpeg\" \/>\n<meta name=\"author\" content=\"Comunicaciones Combarranquilla\" \/>\n<meta name=\"twitter:card\" content=\"summary_large_image\" \/>\n<meta name=\"twitter:label1\" content=\"Escrito por\" \/>\n\t<meta name=\"twitter:data1\" content=\"Comunicaciones Combarranquilla\" \/>\n\t<meta name=\"twitter:label2\" content=\"Tiempo de lectura\" \/>\n\t<meta name=\"twitter:data2\" content=\"2 minutos\" \/>\n<script type=\"application\/ld+json\" class=\"yoast-schema-graph\">{\"@context\":\"https:\\\/\\\/schema.org\",\"@graph\":[{\"@type\":\"Article\",\"@id\":\"https:\\\/\\\/tuguia.combarranquilla.co\\\/Revista\\\/la-sala-country-de-la-cinemateca-del-caribe-vuelve-renovada\\\/#article\",\"isPartOf\":{\"@id\":\"https:\\\/\\\/tuguia.combarranquilla.co\\\/Revista\\\/la-sala-country-de-la-cinemateca-del-caribe-vuelve-renovada\\\/\"},\"author\":{\"name\":\"Comunicaciones Combarranquilla\",\"@id\":\"https:\\\/\\\/tuguia.combarranquilla.co\\\/Revista\\\/#\\\/schema\\\/person\\\/c2c396a77170bd1d5f8ba73294eb0d10\"},\"headline\":\"La Sala Country de la Cinemateca del Caribe vuelve renovada\",\"datePublished\":\"2024-07-24T21:42:41+00:00\",\"dateModified\":\"2024-07-24T21:44:25+00:00\",\"mainEntityOfPage\":{\"@id\":\"https:\\\/\\\/tuguia.combarranquilla.co\\\/Revista\\\/la-sala-country-de-la-cinemateca-del-caribe-vuelve-renovada\\\/\"},\"wordCount\":370,\"commentCount\":0,\"publisher\":{\"@id\":\"https:\\\/\\\/tuguia.combarranquilla.co\\\/Revista\\\/#organization\"},\"image\":{\"@id\":\"https:\\\/\\\/tuguia.combarranquilla.co\\\/Revista\\\/la-sala-country-de-la-cinemateca-del-caribe-vuelve-renovada\\\/#primaryimage\"},\"thumbnailUrl\":\"https:\\\/\\\/tuguia.combarranquilla.co\\\/Revista\\\/wp-content\\\/uploads\\\/2024\\\/07\\\/WhatsApp-Image-2024-07-24-at-3.47.45-PM-1-scaled.jpeg\",\"articleSection\":[\"ENTRETENIMIENTO\"],\"inLanguage\":\"es-CO\",\"potentialAction\":[{\"@type\":\"CommentAction\",\"name\":\"Comment\",\"target\":[\"https:\\\/\\\/tuguia.combarranquilla.co\\\/Revista\\\/la-sala-country-de-la-cinemateca-del-caribe-vuelve-renovada\\\/#respond\"]}]},{\"@type\":\"WebPage\",\"@id\":\"https:\\\/\\\/tuguia.combarranquilla.co\\\/Revista\\\/la-sala-country-de-la-cinemateca-del-caribe-vuelve-renovada\\\/\",\"url\":\"https:\\\/\\\/tuguia.combarranquilla.co\\\/Revista\\\/la-sala-country-de-la-cinemateca-del-caribe-vuelve-renovada\\\/\",\"name\":\"La Sala Country de la Cinemateca del Caribe vuelve renovada - Tu Gu\u00eda\",\"isPartOf\":{\"@id\":\"https:\\\/\\\/tuguia.combarranquilla.co\\\/Revista\\\/#website\"},\"primaryImageOfPage\":{\"@id\":\"https:\\\/\\\/tuguia.combarranquilla.co\\\/Revista\\\/la-sala-country-de-la-cinemateca-del-caribe-vuelve-renovada\\\/#primaryimage\"},\"image\":{\"@id\":\"https:\\\/\\\/tuguia.combarranquilla.co\\\/Revista\\\/la-sala-country-de-la-cinemateca-del-caribe-vuelve-renovada\\\/#primaryimage\"},\"thumbnailUrl\":\"https:\\\/\\\/tuguia.combarranquilla.co\\\/Revista\\\/wp-content\\\/uploads\\\/2024\\\/07\\\/WhatsApp-Image-2024-07-24-at-3.47.45-PM-1-scaled.jpeg\",\"datePublished\":\"2024-07-24T21:42:41+00:00\",\"dateModified\":\"2024-07-24T21:44:25+00:00\",\"breadcrumb\":{\"@id\":\"https:\\\/\\\/tuguia.combarranquilla.co\\\/Revista\\\/la-sala-country-de-la-cinemateca-del-caribe-vuelve-renovada\\\/#breadcrumb\"},\"inLanguage\":\"es-CO\",\"potentialAction\":[{\"@type\":\"ReadAction\",\"target\":[\"https:\\\/\\\/tuguia.combarranquilla.co\\\/Revista\\\/la-sala-country-de-la-cinemateca-del-caribe-vuelve-renovada\\\/\"]}]},{\"@type\":\"ImageObject\",\"inLanguage\":\"es-CO\",\"@id\":\"https:\\\/\\\/tuguia.combarranquilla.co\\\/Revista\\\/la-sala-country-de-la-cinemateca-del-caribe-vuelve-renovada\\\/#primaryimage\",\"url\":\"https:\\\/\\\/tuguia.combarranquilla.co\\\/Revista\\\/wp-content\\\/uploads\\\/2024\\\/07\\\/WhatsApp-Image-2024-07-24-at-3.47.45-PM-1-scaled.jpeg\",\"contentUrl\":\"https:\\\/\\\/tuguia.combarranquilla.co\\\/Revista\\\/wp-content\\\/uploads\\\/2024\\\/07\\\/WhatsApp-Image-2024-07-24-at-3.47.45-PM-1-scaled.jpeg\",\"width\":2560,\"height\":1707},{\"@type\":\"BreadcrumbList\",\"@id\":\"https:\\\/\\\/tuguia.combarranquilla.co\\\/Revista\\\/la-sala-country-de-la-cinemateca-del-caribe-vuelve-renovada\\\/#breadcrumb\",\"itemListElement\":[{\"@type\":\"ListItem\",\"position\":1,\"name\":\"Inicio\",\"item\":\"https:\\\/\\\/tuguia.combarranquilla.co\\\/Revista\\\/\"},{\"@type\":\"ListItem\",\"position\":2,\"name\":\"La Sala Country de la Cinemateca del Caribe vuelve renovada\"}]},{\"@type\":\"WebSite\",\"@id\":\"https:\\\/\\\/tuguia.combarranquilla.co\\\/Revista\\\/#website\",\"url\":\"https:\\\/\\\/tuguia.combarranquilla.co\\\/Revista\\\/\",\"name\":\"Tu Gu\u00eda\",\"description\":\"La revista donde lo tienes todo.\",\"publisher\":{\"@id\":\"https:\\\/\\\/tuguia.combarranquilla.co\\\/Revista\\\/#organization\"},\"alternateName\":\"Tu Gu\u00eda Combarranquilla\",\"potentialAction\":[{\"@type\":\"SearchAction\",\"target\":{\"@type\":\"EntryPoint\",\"urlTemplate\":\"https:\\\/\\\/tuguia.combarranquilla.co\\\/Revista\\\/?s={search_term_string}\"},\"query-input\":{\"@type\":\"PropertyValueSpecification\",\"valueRequired\":true,\"valueName\":\"search_term_string\"}}],\"inLanguage\":\"es-CO\"},{\"@type\":\"Organization\",\"@id\":\"https:\\\/\\\/tuguia.combarranquilla.co\\\/Revista\\\/#organization\",\"name\":\"Tu Gu\u00eda Combarranquilla\",\"url\":\"https:\\\/\\\/tuguia.combarranquilla.co\\\/Revista\\\/\",\"logo\":{\"@type\":\"ImageObject\",\"inLanguage\":\"es-CO\",\"@id\":\"https:\\\/\\\/tuguia.combarranquilla.co\\\/Revista\\\/#\\\/schema\\\/logo\\\/image\\\/\",\"url\":\"https:\\\/\\\/tuguia.combarranquilla.co\\\/Revista\\\/wp-content\\\/uploads\\\/2022\\\/02\\\/logo-guia-combarranquilla.svg\",\"contentUrl\":\"https:\\\/\\\/tuguia.combarranquilla.co\\\/Revista\\\/wp-content\\\/uploads\\\/2022\\\/02\\\/logo-guia-combarranquilla.svg\",\"caption\":\"Tu Gu\u00eda Combarranquilla\"},\"image\":{\"@id\":\"https:\\\/\\\/tuguia.combarranquilla.co\\\/Revista\\\/#\\\/schema\\\/logo\\\/image\\\/\"}},{\"@type\":\"Person\",\"@id\":\"https:\\\/\\\/tuguia.combarranquilla.co\\\/Revista\\\/#\\\/schema\\\/person\\\/c2c396a77170bd1d5f8ba73294eb0d10\",\"name\":\"Comunicaciones Combarranquilla\",\"image\":{\"@type\":\"ImageObject\",\"inLanguage\":\"es-CO\",\"@id\":\"https:\\\/\\\/tuguia.combarranquilla.co\\\/Revista\\\/wp-content\\\/uploads\\\/2025\\\/05\\\/ABC-Al-Rojo-Logo-96x96.jpg\",\"url\":\"https:\\\/\\\/tuguia.combarranquilla.co\\\/Revista\\\/wp-content\\\/uploads\\\/2025\\\/05\\\/ABC-Al-Rojo-Logo-96x96.jpg\",\"contentUrl\":\"https:\\\/\\\/tuguia.combarranquilla.co\\\/Revista\\\/wp-content\\\/uploads\\\/2025\\\/05\\\/ABC-Al-Rojo-Logo-96x96.jpg\",\"caption\":\"Comunicaciones Combarranquilla\"},\"sameAs\":[\"https:\\\/\\\/www.combarranquilla.co\"],\"url\":\"https:\\\/\\\/tuguia.combarranquilla.co\\\/Revista\\\/author\\\/comunicaciones\\\/\"}]}<\/script>\n<!-- \/ Yoast SEO plugin. -->","yoast_head_json":{"title":"La Sala Country de la Cinemateca del Caribe vuelve renovada - Tu Gu\u00eda","robots":{"index":"index","follow":"follow","max-snippet":"max-snippet:-1","max-image-preview":"max-image-preview:large","max-video-preview":"max-video-preview:-1"},"canonical":"https:\/\/tuguia.combarranquilla.co\/Revista\/la-sala-country-de-la-cinemateca-del-caribe-vuelve-renovada\/","og_locale":"es_ES","og_type":"article","og_title":"La Sala Country de la Cinemateca del Caribe vuelve renovada - Tu Gu\u00eda","og_description":"El lunes 24 de junio, la Sala Country de la Cinemateca del Caribe inici\u00f3 la remodelaci\u00f3n de su silleter\u00eda con el valioso apoyo de Combarranquilla. Despu\u00e9s de casi un mes, vuelve a abrir sus puertas con una experiencia mejorada y m\u00e1s acogedora para los amantes del cine independiente, el arte y la cultura.&nbsp; Una funci\u00f3n [&hellip;]","og_url":"https:\/\/tuguia.combarranquilla.co\/Revista\/la-sala-country-de-la-cinemateca-del-caribe-vuelve-renovada\/","og_site_name":"Tu Gu\u00eda","article_published_time":"2024-07-24T21:42:41+00:00","article_modified_time":"2024-07-24T21:44:25+00:00","og_image":[{"width":2560,"height":1707,"url":"https:\/\/tuguia.combarranquilla.co\/Revista\/wp-content\/uploads\/2024\/07\/WhatsApp-Image-2024-07-24-at-3.47.45-PM-1-scaled.jpeg","type":"image\/jpeg"}],"author":"Comunicaciones Combarranquilla","twitter_card":"summary_large_image","twitter_misc":{"Escrito por":"Comunicaciones Combarranquilla","Tiempo de lectura":"2 minutos"},"schema":{"@context":"https:\/\/schema.org","@graph":[{"@type":"Article","@id":"https:\/\/tuguia.combarranquilla.co\/Revista\/la-sala-country-de-la-cinemateca-del-caribe-vuelve-renovada\/#article","isPartOf":{"@id":"https:\/\/tuguia.combarranquilla.co\/Revista\/la-sala-country-de-la-cinemateca-del-caribe-vuelve-renovada\/"},"author":{"name":"Comunicaciones Combarranquilla","@id":"https:\/\/tuguia.combarranquilla.co\/Revista\/#\/schema\/person\/c2c396a77170bd1d5f8ba73294eb0d10"},"headline":"La Sala Country de la Cinemateca del Caribe vuelve renovada","datePublished":"2024-07-24T21:42:41+00:00","dateModified":"2024-07-24T21:44:25+00:00","mainEntityOfPage":{"@id":"https:\/\/tuguia.combarranquilla.co\/Revista\/la-sala-country-de-la-cinemateca-del-caribe-vuelve-renovada\/"},"wordCount":370,"commentCount":0,"publisher":{"@id":"https:\/\/tuguia.combarranquilla.co\/Revista\/#organization"},"image":{"@id":"https:\/\/tuguia.combarranquilla.co\/Revista\/la-sala-country-de-la-cinemateca-del-caribe-vuelve-renovada\/#primaryimage"},"thumbnailUrl":"https:\/\/tuguia.combarranquilla.co\/Revista\/wp-content\/uploads\/2024\/07\/WhatsApp-Image-2024-07-24-at-3.47.45-PM-1-scaled.jpeg","articleSection":["ENTRETENIMIENTO"],"inLanguage":"es-CO","potentialAction":[{"@type":"CommentAction","name":"Comment","target":["https:\/\/tuguia.combarranquilla.co\/Revista\/la-sala-country-de-la-cinemateca-del-caribe-vuelve-renovada\/#respond"]}]},{"@type":"WebPage","@id":"https:\/\/tuguia.combarranquilla.co\/Revista\/la-sala-country-de-la-cinemateca-del-caribe-vuelve-renovada\/","url":"https:\/\/tuguia.combarranquilla.co\/Revista\/la-sala-country-de-la-cinemateca-del-caribe-vuelve-renovada\/","name":"La Sala Country de la Cinemateca del Caribe vuelve renovada - Tu Gu\u00eda","isPartOf":{"@id":"https:\/\/tuguia.combarranquilla.co\/Revista\/#website"},"primaryImageOfPage":{"@id":"https:\/\/tuguia.combarranquilla.co\/Revista\/la-sala-country-de-la-cinemateca-del-caribe-vuelve-renovada\/#primaryimage"},"image":{"@id":"https:\/\/tuguia.combarranquilla.co\/Revista\/la-sala-country-de-la-cinemateca-del-caribe-vuelve-renovada\/#primaryimage"},"thumbnailUrl":"https:\/\/tuguia.combarranquilla.co\/Revista\/wp-content\/uploads\/2024\/07\/WhatsApp-Image-2024-07-24-at-3.47.45-PM-1-scaled.jpeg","datePublished":"2024-07-24T21:42:41+00:00","dateModified":"2024-07-24T21:44:25+00:00","breadcrumb":{"@id":"https:\/\/tuguia.combarranquilla.co\/Revista\/la-sala-country-de-la-cinemateca-del-caribe-vuelve-renovada\/#breadcrumb"},"inLanguage":"es-CO","potentialAction":[{"@type":"ReadAction","target":["https:\/\/tuguia.combarranquilla.co\/Revista\/la-sala-country-de-la-cinemateca-del-caribe-vuelve-renovada\/"]}]},{"@type":"ImageObject","inLanguage":"es-CO","@id":"https:\/\/tuguia.combarranquilla.co\/Revista\/la-sala-country-de-la-cinemateca-del-caribe-vuelve-renovada\/#primaryimage","url":"https:\/\/tuguia.combarranquilla.co\/Revista\/wp-content\/uploads\/2024\/07\/WhatsApp-Image-2024-07-24-at-3.47.45-PM-1-scaled.jpeg","contentUrl":"https:\/\/tuguia.combarranquilla.co\/Revista\/wp-content\/uploads\/2024\/07\/WhatsApp-Image-2024-07-24-at-3.47.45-PM-1-scaled.jpeg","width":2560,"height":1707},{"@type":"BreadcrumbList","@id":"https:\/\/tuguia.combarranquilla.co\/Revista\/la-sala-country-de-la-cinemateca-del-caribe-vuelve-renovada\/#breadcrumb","itemListElement":[{"@type":"ListItem","position":1,"name":"Inicio","item":"https:\/\/tuguia.combarranquilla.co\/Revista\/"},{"@type":"ListItem","position":2,"name":"La Sala Country de la Cinemateca del Caribe vuelve renovada"}]},{"@type":"WebSite","@id":"https:\/\/tuguia.combarranquilla.co\/Revista\/#website","url":"https:\/\/tuguia.combarranquilla.co\/Revista\/","name":"Tu Gu\u00eda","description":"La revista donde lo tienes todo.","publisher":{"@id":"https:\/\/tuguia.combarranquilla.co\/Revista\/#organization"},"alternateName":"Tu Gu\u00eda Combarranquilla","potentialAction":[{"@type":"SearchAction","target":{"@type":"EntryPoint","urlTemplate":"https:\/\/tuguia.combarranquilla.co\/Revista\/?s={search_term_string}"},"query-input":{"@type":"PropertyValueSpecification","valueRequired":true,"valueName":"search_term_string"}}],"inLanguage":"es-CO"},{"@type":"Organization","@id":"https:\/\/tuguia.combarranquilla.co\/Revista\/#organization","name":"Tu Gu\u00eda Combarranquilla","url":"https:\/\/tuguia.combarranquilla.co\/Revista\/","logo":{"@type":"ImageObject","inLanguage":"es-CO","@id":"https:\/\/tuguia.combarranquilla.co\/Revista\/#\/schema\/logo\/image\/","url":"https:\/\/tuguia.combarranquilla.co\/Revista\/wp-content\/uploads\/2022\/02\/logo-guia-combarranquilla.svg","contentUrl":"https:\/\/tuguia.combarranquilla.co\/Revista\/wp-content\/uploads\/2022\/02\/logo-guia-combarranquilla.svg","caption":"Tu Gu\u00eda Combarranquilla"},"image":{"@id":"https:\/\/tuguia.combarranquilla.co\/Revista\/#\/schema\/logo\/image\/"}},{"@type":"Person","@id":"https:\/\/tuguia.combarranquilla.co\/Revista\/#\/schema\/person\/c2c396a77170bd1d5f8ba73294eb0d10","name":"Comunicaciones Combarranquilla","image":{"@type":"ImageObject","inLanguage":"es-CO","@id":"https:\/\/tuguia.combarranquilla.co\/Revista\/wp-content\/uploads\/2025\/05\/ABC-Al-Rojo-Logo-96x96.jpg","url":"https:\/\/tuguia.combarranquilla.co\/Revista\/wp-content\/uploads\/2025\/05\/ABC-Al-Rojo-Logo-96x96.jpg","contentUrl":"https:\/\/tuguia.combarranquilla.co\/Revista\/wp-content\/uploads\/2025\/05\/ABC-Al-Rojo-Logo-96x96.jpg","caption":"Comunicaciones Combarranquilla"},"sameAs":["https:\/\/www.combarranquilla.co"],"url":"https:\/\/tuguia.combarranquilla.co\/Revista\/author\/comunicaciones\/"}]}},"_links":{"self":[{"href":"https:\/\/tuguia.combarranquilla.co\/Revista\/wp-json\/wp\/v2\/posts\/4563","targetHints":{"allow":["GET"]}}],"collection":[{"href":"https:\/\/tuguia.combarranquilla.co\/Revista\/wp-json\/wp\/v2\/posts"}],"about":[{"href":"https:\/\/tuguia.combarranquilla.co\/Revista\/wp-json\/wp\/v2\/types\/post"}],"author":[{"embeddable":true,"href":"https:\/\/tuguia.combarranquilla.co\/Revista\/wp-json\/wp\/v2\/users\/2"}],"replies":[{"embeddable":true,"href":"https:\/\/tuguia.combarranquilla.co\/Revista\/wp-json\/wp\/v2\/comments?post=4563"}],"version-history":[{"count":34,"href":"https:\/\/tuguia.combarranquilla.co\/Revista\/wp-json\/wp\/v2\/posts\/4563\/revisions"}],"predecessor-version":[{"id":4632,"href":"https:\/\/tuguia.combarranquilla.co\/Revista\/wp-json\/wp\/v2\/posts\/4563\/revisions\/4632"}],"wp:featuredmedia":[{"embeddable":true,"href":"https:\/\/tuguia.combarranquilla.co\/Revista\/wp-json\/wp\/v2\/media\/4603"}],"wp:attachment":[{"href":"https:\/\/tuguia.combarranquilla.co\/Revista\/wp-json\/wp\/v2\/media?parent=4563"}],"wp:term":[{"taxonomy":"category","embeddable":true,"href":"https:\/\/tuguia.combarranquilla.co\/Revista\/wp-json\/wp\/v2\/categories?post=4563"},{"taxonomy":"post_tag","embeddable":true,"href":"https:\/\/tuguia.combarranquilla.co\/Revista\/wp-json\/wp\/v2\/tags?post=4563"}],"curies":[{"name":"wp","href":"https:\/\/api.w.org\/{rel}","templated":true}]}}