{"id":4646,"date":"2024-08-06T11:56:11","date_gmt":"2024-08-06T16:56:11","guid":{"rendered":"https:\/\/tuguia.combarranquilla.co\/Revista\/?p=4646"},"modified":"2024-10-31T10:21:47","modified_gmt":"2024-10-31T15:21:47","slug":"festival-gastronomico-sobre-de-las-regiones-de-colombia-un-bocado-que-te-lleva-a-cada-rincon-de-nuestro-pais","status":"publish","type":"post","link":"https:\/\/tuguia.combarranquilla.co\/Revista\/festival-gastronomico-sobre-de-las-regiones-de-colombia-un-bocado-que-te-lleva-a-cada-rincon-de-nuestro-pais\/","title":{"rendered":"Festival gastron\u00f3mico de las Regiones de Colombia, un bocado que te lleva a cada rinc\u00f3n de nuestro pa\u00eds"},"content":{"rendered":"\n<p class=\"has-medium-font-size\">Nos enorgullece la diversidad cultural y gastron\u00f3mica de Colombia, por eso, para elogiar la riqueza culinaria y tradicional de cada regi\u00f3n de nuestro pa\u00eds llevaremos a cabo el <strong>Festival Regiones de Colombia <\/strong>en el Restaurante Mirador del R\u00edo, ubicado en la Unidad Country.<\/p>\n\n\n\n<p class=\"has-medium-font-size\"><strong>\u00bfPor qu\u00e9 resaltamos la gastronom\u00eda colombiana? <\/strong>Porque somos un pa\u00eds rico en la diversidad cultural, hist\u00f3rica, geogr\u00e1fica y gastron\u00f3mica, lo que lleva a cada regi\u00f3n tener su propio conjunto de ingredientes y tradiciones culinarias permitiendo reflejar la esencia de cada lugar.<\/p>\n\n\n\n<hr class=\"wp-block-separator has-css-opacity is-style-default\"\/>\n\n\n<div class=\"wp-block-image is-style-rounded\">\n<figure class=\"aligncenter size-full is-resized\"><img decoding=\"async\" width=\"562\" height=\"478\" data-src=\"https:\/\/tuguia.combarranquilla.co\/Revista\/wp-content\/uploads\/2024\/08\/WhatsApp-Image-2024-08-14-at-10.20.56-AM.jpeg\" alt=\"\" class=\"wp-image-4856 lazyload\" style=\"--smush-placeholder-width: 562px; --smush-placeholder-aspect-ratio: 562\/478;width:150px;height:150px\" data-srcset=\"https:\/\/tuguia.combarranquilla.co\/Revista\/wp-content\/uploads\/2024\/08\/WhatsApp-Image-2024-08-14-at-10.20.56-AM.jpeg 562w, https:\/\/tuguia.combarranquilla.co\/Revista\/wp-content\/uploads\/2024\/08\/WhatsApp-Image-2024-08-14-at-10.20.56-AM-300x255.jpeg 300w\" data-sizes=\"(max-width: 562px) 100vw, 562px\" src=\"data:image\/svg+xml;base64,PHN2ZyB3aWR0aD0iMSIgaGVpZ2h0PSIxIiB4bWxucz0iaHR0cDovL3d3dy53My5vcmcvMjAwMC9zdmciPjwvc3ZnPg==\" \/><\/figure><\/div>\n\n\n<blockquote class=\"wp-block-quote has-text-align-center is-style-large is-layout-flow wp-block-quote-is-layout-flow\">\n<p>\u00ab<em>Cada ingrediente, cada plato cuenta una historia<\/em>.\u00bb<\/p>\n<cite>\u2014 <strong>Alejo Siad, Chef de Combarranquilla.<\/strong><\/cite><\/blockquote>\n\n\n\n<hr class=\"wp-block-separator has-css-opacity is-style-default\"\/>\n\n\n\n<p class=\"has-medium-font-size\">A trav\u00e9s de este festival fortaleceremos el sentido de uni\u00f3n de todos los colombianos y promoveremos la tradici\u00f3n gastron\u00f3mica de cada regi\u00f3n.<\/p>\n\n\n\n<p class=\"has-medium-font-size\">Te invitamos a sumergirte en esta experiencia que te har\u00e1 explorar cada bocado y conocer un poco de cada rinc\u00f3n de Colombia. \u00a0<\/p>\n\n\n\n<figure class=\"wp-block-gallery alignwide has-nested-images columns-default is-cropped wp-block-gallery-1 is-layout-flex wp-block-gallery-is-layout-flex\">\n<figure class=\"wp-block-image size-medium\"><img decoding=\"async\" width=\"300\" height=\"200\" data-id=\"4787\" data-src=\"https:\/\/tuguia.combarranquilla.co\/Revista\/wp-content\/uploads\/2024\/08\/WhatsApp-Image-2024-08-08-at-11.56.28-AM-1-300x200.jpeg\" alt=\"\" class=\"wp-image-4787 lazyload\" data-srcset=\"https:\/\/tuguia.combarranquilla.co\/Revista\/wp-content\/uploads\/2024\/08\/WhatsApp-Image-2024-08-08-at-11.56.28-AM-1-300x200.jpeg 300w, https:\/\/tuguia.combarranquilla.co\/Revista\/wp-content\/uploads\/2024\/08\/WhatsApp-Image-2024-08-08-at-11.56.28-AM-1-1024x682.jpeg 1024w, https:\/\/tuguia.combarranquilla.co\/Revista\/wp-content\/uploads\/2024\/08\/WhatsApp-Image-2024-08-08-at-11.56.28-AM-1-768x512.jpeg 768w, https:\/\/tuguia.combarranquilla.co\/Revista\/wp-content\/uploads\/2024\/08\/WhatsApp-Image-2024-08-08-at-11.56.28-AM-1-1536x1023.jpeg 1536w, https:\/\/tuguia.combarranquilla.co\/Revista\/wp-content\/uploads\/2024\/08\/WhatsApp-Image-2024-08-08-at-11.56.28-AM-1.jpeg 1600w\" data-sizes=\"(max-width: 300px) 100vw, 300px\" src=\"data:image\/svg+xml;base64,PHN2ZyB3aWR0aD0iMSIgaGVpZ2h0PSIxIiB4bWxucz0iaHR0cDovL3d3dy53My5vcmcvMjAwMC9zdmciPjwvc3ZnPg==\" style=\"--smush-placeholder-width: 300px; --smush-placeholder-aspect-ratio: 300\/200;\" \/><\/figure>\n\n\n\n<figure class=\"wp-block-image size-medium is-style-default\"><img decoding=\"async\" width=\"243\" height=\"300\" data-id=\"4788\" data-src=\"https:\/\/tuguia.combarranquilla.co\/Revista\/wp-content\/uploads\/2024\/08\/WhatsApp-Image-2024-08-08-at-11.56.30-AM-1-243x300.jpeg\" alt=\"\" class=\"wp-image-4788 lazyload\" data-srcset=\"https:\/\/tuguia.combarranquilla.co\/Revista\/wp-content\/uploads\/2024\/08\/WhatsApp-Image-2024-08-08-at-11.56.30-AM-1-243x300.jpeg 243w, https:\/\/tuguia.combarranquilla.co\/Revista\/wp-content\/uploads\/2024\/08\/WhatsApp-Image-2024-08-08-at-11.56.30-AM-1-828x1024.jpeg 828w, https:\/\/tuguia.combarranquilla.co\/Revista\/wp-content\/uploads\/2024\/08\/WhatsApp-Image-2024-08-08-at-11.56.30-AM-1-768x950.jpeg 768w, https:\/\/tuguia.combarranquilla.co\/Revista\/wp-content\/uploads\/2024\/08\/WhatsApp-Image-2024-08-08-at-11.56.30-AM-1.jpeg 1065w\" data-sizes=\"(max-width: 243px) 100vw, 243px\" src=\"data:image\/svg+xml;base64,PHN2ZyB3aWR0aD0iMSIgaGVpZ2h0PSIxIiB4bWxucz0iaHR0cDovL3d3dy53My5vcmcvMjAwMC9zdmciPjwvc3ZnPg==\" style=\"--smush-placeholder-width: 243px; --smush-placeholder-aspect-ratio: 243\/300;\" \/><\/figure>\n<\/figure>\n\n\n\n<p class=\"has-medium-font-size\">Del 15 al 19 de agosto podr\u00e1s disfrutar los sabores aut\u00e9nticos de cada regi\u00f3n, desde el tradicional ajiaco de la regi\u00f3n Andina, hasta el sabor aut\u00e9ntico de la carne llanera de la regi\u00f3n Orinoquia.<\/p>\n\n\n\n<p class=\"has-medium-font-size\">Disfruta un fin de semana diferente junto a tus personas favoritas, te esperamos en el horario:<\/p>\n\n\n\n<ul class=\"wp-block-list\">\n<li class=\"has-medium-font-size\">Sabado de 12:00 m. a 9:00 p.m. |  Domingo y festivos de 12:00 m. a 4:00 p.m. \u00a0<\/li>\n\n\n\n<li class=\"has-medium-font-size\">Calle 76 # 57 &#8211; 61 , Unidad County, tercer piso.<\/li>\n<\/ul>\n\n\n\n<figure class=\"wp-block-image size-large\"><img decoding=\"async\" width=\"1024\" height=\"791\" data-src=\"https:\/\/tuguia.combarranquilla.co\/Revista\/wp-content\/uploads\/2024\/08\/CARTA-Festival-gastronomico-regiones-de-Colombia_page-0001-1-1024x791.jpg\" alt=\"\" class=\"wp-image-4853 lazyload\" data-srcset=\"https:\/\/tuguia.combarranquilla.co\/Revista\/wp-content\/uploads\/2024\/08\/CARTA-Festival-gastronomico-regiones-de-Colombia_page-0001-1-1024x791.jpg 1024w, https:\/\/tuguia.combarranquilla.co\/Revista\/wp-content\/uploads\/2024\/08\/CARTA-Festival-gastronomico-regiones-de-Colombia_page-0001-1-300x232.jpg 300w, https:\/\/tuguia.combarranquilla.co\/Revista\/wp-content\/uploads\/2024\/08\/CARTA-Festival-gastronomico-regiones-de-Colombia_page-0001-1-768x593.jpg 768w, https:\/\/tuguia.combarranquilla.co\/Revista\/wp-content\/uploads\/2024\/08\/CARTA-Festival-gastronomico-regiones-de-Colombia_page-0001-1-1536x1187.jpg 1536w, https:\/\/tuguia.combarranquilla.co\/Revista\/wp-content\/uploads\/2024\/08\/CARTA-Festival-gastronomico-regiones-de-Colombia_page-0001-1.jpg 1650w\" data-sizes=\"(max-width: 1024px) 100vw, 1024px\" src=\"data:image\/svg+xml;base64,PHN2ZyB3aWR0aD0iMSIgaGVpZ2h0PSIxIiB4bWxucz0iaHR0cDovL3d3dy53My5vcmcvMjAwMC9zdmciPjwvc3ZnPg==\" style=\"--smush-placeholder-width: 1024px; --smush-placeholder-aspect-ratio: 1024\/791;\" \/><\/figure>\n","protected":false},"excerpt":{"rendered":"<p>Nos enorgullece la diversidad cultural y gastron\u00f3mica de Colombia, por eso, para elogiar la riqueza culinaria y tradicional de cada regi\u00f3n de nuestro pa\u00eds llevaremos a cabo el Festival Regiones de Colombia en el Restaurante Mirador del R\u00edo, ubicado en la Unidad Country. \u00bfPor qu\u00e9 resaltamos la gastronom\u00eda colombiana? Porque somos un pa\u00eds rico en [&hellip;]<\/p>\n","protected":false},"author":2,"featured_media":4781,"comment_status":"open","ping_status":"open","sticky":false,"template":"","format":"standard","meta":{"inline_featured_image":false,"footnotes":""},"categories":[3],"tags":[],"class_list":["post-4646","post","type-post","status-publish","format-standard","has-post-thumbnail","hentry","category-mirador-gastronomico"],"yoast_head":"<!-- This site is optimized with the Yoast SEO plugin v27.4 - https:\/\/yoast.com\/product\/yoast-seo-wordpress\/ -->\n<title>Festival gastron\u00f3mico de las Regiones de Colombia, un bocado que te lleva a cada rinc\u00f3n de nuestro pa\u00eds - Tu Gu\u00eda<\/title>\n<meta name=\"robots\" content=\"index, follow, max-snippet:-1, max-image-preview:large, max-video-preview:-1\" \/>\n<link rel=\"canonical\" href=\"https:\/\/tuguia.combarranquilla.co\/Revista\/festival-gastronomico-sobre-de-las-regiones-de-colombia-un-bocado-que-te-lleva-a-cada-rincon-de-nuestro-pais\/\" \/>\n<meta property=\"og:locale\" content=\"es_ES\" \/>\n<meta property=\"og:type\" content=\"article\" \/>\n<meta property=\"og:title\" content=\"Festival gastron\u00f3mico de las Regiones de Colombia, un bocado que te lleva a cada rinc\u00f3n de nuestro pa\u00eds - Tu Gu\u00eda\" \/>\n<meta property=\"og:description\" content=\"Nos enorgullece la diversidad cultural y gastron\u00f3mica de Colombia, por eso, para elogiar la riqueza culinaria y tradicional de cada regi\u00f3n de nuestro pa\u00eds llevaremos a cabo el Festival Regiones de Colombia en el Restaurante Mirador del R\u00edo, ubicado en la Unidad Country. \u00bfPor qu\u00e9 resaltamos la gastronom\u00eda colombiana? Porque somos un pa\u00eds rico en [&hellip;]\" \/>\n<meta property=\"og:url\" content=\"https:\/\/tuguia.combarranquilla.co\/Revista\/festival-gastronomico-sobre-de-las-regiones-de-colombia-un-bocado-que-te-lleva-a-cada-rincon-de-nuestro-pais\/\" \/>\n<meta property=\"og:site_name\" content=\"Tu Gu\u00eda\" \/>\n<meta property=\"article:published_time\" content=\"2024-08-06T16:56:11+00:00\" \/>\n<meta property=\"article:modified_time\" content=\"2024-10-31T15:21:47+00:00\" \/>\n<meta property=\"og:image\" content=\"https:\/\/tuguia.combarranquilla.co\/Revista\/wp-content\/uploads\/2024\/08\/DSC_0921-scaled.jpg\" \/>\n\t<meta property=\"og:image:width\" content=\"2560\" \/>\n\t<meta property=\"og:image:height\" content=\"1707\" \/>\n\t<meta property=\"og:image:type\" content=\"image\/jpeg\" \/>\n<meta name=\"author\" content=\"Comunicaciones Combarranquilla\" \/>\n<meta name=\"twitter:card\" content=\"summary_large_image\" \/>\n<meta name=\"twitter:label1\" content=\"Escrito por\" \/>\n\t<meta name=\"twitter:data1\" content=\"Comunicaciones Combarranquilla\" \/>\n\t<meta name=\"twitter:label2\" content=\"Tiempo de lectura\" \/>\n\t<meta name=\"twitter:data2\" content=\"2 minutos\" \/>\n<script type=\"application\/ld+json\" class=\"yoast-schema-graph\">{\"@context\":\"https:\\\/\\\/schema.org\",\"@graph\":[{\"@type\":\"Article\",\"@id\":\"https:\\\/\\\/tuguia.combarranquilla.co\\\/Revista\\\/festival-gastronomico-sobre-de-las-regiones-de-colombia-un-bocado-que-te-lleva-a-cada-rincon-de-nuestro-pais\\\/#article\",\"isPartOf\":{\"@id\":\"https:\\\/\\\/tuguia.combarranquilla.co\\\/Revista\\\/festival-gastronomico-sobre-de-las-regiones-de-colombia-un-bocado-que-te-lleva-a-cada-rincon-de-nuestro-pais\\\/\"},\"author\":{\"name\":\"Comunicaciones Combarranquilla\",\"@id\":\"https:\\\/\\\/tuguia.combarranquilla.co\\\/Revista\\\/#\\\/schema\\\/person\\\/c2c396a77170bd1d5f8ba73294eb0d10\"},\"headline\":\"Festival gastron\u00f3mico de las Regiones de Colombia, un bocado que te lleva a cada rinc\u00f3n de nuestro pa\u00eds\",\"datePublished\":\"2024-08-06T16:56:11+00:00\",\"dateModified\":\"2024-10-31T15:21:47+00:00\",\"mainEntityOfPage\":{\"@id\":\"https:\\\/\\\/tuguia.combarranquilla.co\\\/Revista\\\/festival-gastronomico-sobre-de-las-regiones-de-colombia-un-bocado-que-te-lleva-a-cada-rincon-de-nuestro-pais\\\/\"},\"wordCount\":251,\"commentCount\":0,\"publisher\":{\"@id\":\"https:\\\/\\\/tuguia.combarranquilla.co\\\/Revista\\\/#organization\"},\"image\":{\"@id\":\"https:\\\/\\\/tuguia.combarranquilla.co\\\/Revista\\\/festival-gastronomico-sobre-de-las-regiones-de-colombia-un-bocado-que-te-lleva-a-cada-rincon-de-nuestro-pais\\\/#primaryimage\"},\"thumbnailUrl\":\"https:\\\/\\\/tuguia.combarranquilla.co\\\/Revista\\\/wp-content\\\/uploads\\\/2024\\\/08\\\/DSC_0921-scaled.jpg\",\"articleSection\":[\"MIRADOR GASTRON\u00d3MICO\"],\"inLanguage\":\"es-CO\",\"potentialAction\":[{\"@type\":\"CommentAction\",\"name\":\"Comment\",\"target\":[\"https:\\\/\\\/tuguia.combarranquilla.co\\\/Revista\\\/festival-gastronomico-sobre-de-las-regiones-de-colombia-un-bocado-que-te-lleva-a-cada-rincon-de-nuestro-pais\\\/#respond\"]}]},{\"@type\":\"WebPage\",\"@id\":\"https:\\\/\\\/tuguia.combarranquilla.co\\\/Revista\\\/festival-gastronomico-sobre-de-las-regiones-de-colombia-un-bocado-que-te-lleva-a-cada-rincon-de-nuestro-pais\\\/\",\"url\":\"https:\\\/\\\/tuguia.combarranquilla.co\\\/Revista\\\/festival-gastronomico-sobre-de-las-regiones-de-colombia-un-bocado-que-te-lleva-a-cada-rincon-de-nuestro-pais\\\/\",\"name\":\"Festival gastron\u00f3mico de las Regiones de Colombia, un bocado que te lleva a cada rinc\u00f3n de nuestro pa\u00eds - Tu Gu\u00eda\",\"isPartOf\":{\"@id\":\"https:\\\/\\\/tuguia.combarranquilla.co\\\/Revista\\\/#website\"},\"primaryImageOfPage\":{\"@id\":\"https:\\\/\\\/tuguia.combarranquilla.co\\\/Revista\\\/festival-gastronomico-sobre-de-las-regiones-de-colombia-un-bocado-que-te-lleva-a-cada-rincon-de-nuestro-pais\\\/#primaryimage\"},\"image\":{\"@id\":\"https:\\\/\\\/tuguia.combarranquilla.co\\\/Revista\\\/festival-gastronomico-sobre-de-las-regiones-de-colombia-un-bocado-que-te-lleva-a-cada-rincon-de-nuestro-pais\\\/#primaryimage\"},\"thumbnailUrl\":\"https:\\\/\\\/tuguia.combarranquilla.co\\\/Revista\\\/wp-content\\\/uploads\\\/2024\\\/08\\\/DSC_0921-scaled.jpg\",\"datePublished\":\"2024-08-06T16:56:11+00:00\",\"dateModified\":\"2024-10-31T15:21:47+00:00\",\"breadcrumb\":{\"@id\":\"https:\\\/\\\/tuguia.combarranquilla.co\\\/Revista\\\/festival-gastronomico-sobre-de-las-regiones-de-colombia-un-bocado-que-te-lleva-a-cada-rincon-de-nuestro-pais\\\/#breadcrumb\"},\"inLanguage\":\"es-CO\",\"potentialAction\":[{\"@type\":\"ReadAction\",\"target\":[\"https:\\\/\\\/tuguia.combarranquilla.co\\\/Revista\\\/festival-gastronomico-sobre-de-las-regiones-de-colombia-un-bocado-que-te-lleva-a-cada-rincon-de-nuestro-pais\\\/\"]}]},{\"@type\":\"ImageObject\",\"inLanguage\":\"es-CO\",\"@id\":\"https:\\\/\\\/tuguia.combarranquilla.co\\\/Revista\\\/festival-gastronomico-sobre-de-las-regiones-de-colombia-un-bocado-que-te-lleva-a-cada-rincon-de-nuestro-pais\\\/#primaryimage\",\"url\":\"https:\\\/\\\/tuguia.combarranquilla.co\\\/Revista\\\/wp-content\\\/uploads\\\/2024\\\/08\\\/DSC_0921-scaled.jpg\",\"contentUrl\":\"https:\\\/\\\/tuguia.combarranquilla.co\\\/Revista\\\/wp-content\\\/uploads\\\/2024\\\/08\\\/DSC_0921-scaled.jpg\",\"width\":2560,\"height\":1707},{\"@type\":\"BreadcrumbList\",\"@id\":\"https:\\\/\\\/tuguia.combarranquilla.co\\\/Revista\\\/festival-gastronomico-sobre-de-las-regiones-de-colombia-un-bocado-que-te-lleva-a-cada-rincon-de-nuestro-pais\\\/#breadcrumb\",\"itemListElement\":[{\"@type\":\"ListItem\",\"position\":1,\"name\":\"Inicio\",\"item\":\"https:\\\/\\\/tuguia.combarranquilla.co\\\/Revista\\\/\"},{\"@type\":\"ListItem\",\"position\":2,\"name\":\"Festival gastron\u00f3mico de las Regiones de Colombia, un bocado que te lleva a cada rinc\u00f3n de nuestro pa\u00eds\"}]},{\"@type\":\"WebSite\",\"@id\":\"https:\\\/\\\/tuguia.combarranquilla.co\\\/Revista\\\/#website\",\"url\":\"https:\\\/\\\/tuguia.combarranquilla.co\\\/Revista\\\/\",\"name\":\"Tu Gu\u00eda\",\"description\":\"La revista donde lo tienes todo.\",\"publisher\":{\"@id\":\"https:\\\/\\\/tuguia.combarranquilla.co\\\/Revista\\\/#organization\"},\"alternateName\":\"Tu Gu\u00eda Combarranquilla\",\"potentialAction\":[{\"@type\":\"SearchAction\",\"target\":{\"@type\":\"EntryPoint\",\"urlTemplate\":\"https:\\\/\\\/tuguia.combarranquilla.co\\\/Revista\\\/?s={search_term_string}\"},\"query-input\":{\"@type\":\"PropertyValueSpecification\",\"valueRequired\":true,\"valueName\":\"search_term_string\"}}],\"inLanguage\":\"es-CO\"},{\"@type\":\"Organization\",\"@id\":\"https:\\\/\\\/tuguia.combarranquilla.co\\\/Revista\\\/#organization\",\"name\":\"Tu Gu\u00eda Combarranquilla\",\"url\":\"https:\\\/\\\/tuguia.combarranquilla.co\\\/Revista\\\/\",\"logo\":{\"@type\":\"ImageObject\",\"inLanguage\":\"es-CO\",\"@id\":\"https:\\\/\\\/tuguia.combarranquilla.co\\\/Revista\\\/#\\\/schema\\\/logo\\\/image\\\/\",\"url\":\"https:\\\/\\\/tuguia.combarranquilla.co\\\/Revista\\\/wp-content\\\/uploads\\\/2022\\\/02\\\/logo-guia-combarranquilla.svg\",\"contentUrl\":\"https:\\\/\\\/tuguia.combarranquilla.co\\\/Revista\\\/wp-content\\\/uploads\\\/2022\\\/02\\\/logo-guia-combarranquilla.svg\",\"caption\":\"Tu Gu\u00eda Combarranquilla\"},\"image\":{\"@id\":\"https:\\\/\\\/tuguia.combarranquilla.co\\\/Revista\\\/#\\\/schema\\\/logo\\\/image\\\/\"}},{\"@type\":\"Person\",\"@id\":\"https:\\\/\\\/tuguia.combarranquilla.co\\\/Revista\\\/#\\\/schema\\\/person\\\/c2c396a77170bd1d5f8ba73294eb0d10\",\"name\":\"Comunicaciones Combarranquilla\",\"image\":{\"@type\":\"ImageObject\",\"inLanguage\":\"es-CO\",\"@id\":\"https:\\\/\\\/tuguia.combarranquilla.co\\\/Revista\\\/wp-content\\\/uploads\\\/2025\\\/05\\\/ABC-Al-Rojo-Logo-96x96.jpg\",\"url\":\"https:\\\/\\\/tuguia.combarranquilla.co\\\/Revista\\\/wp-content\\\/uploads\\\/2025\\\/05\\\/ABC-Al-Rojo-Logo-96x96.jpg\",\"contentUrl\":\"https:\\\/\\\/tuguia.combarranquilla.co\\\/Revista\\\/wp-content\\\/uploads\\\/2025\\\/05\\\/ABC-Al-Rojo-Logo-96x96.jpg\",\"caption\":\"Comunicaciones Combarranquilla\"},\"sameAs\":[\"https:\\\/\\\/www.combarranquilla.co\"],\"url\":\"https:\\\/\\\/tuguia.combarranquilla.co\\\/Revista\\\/author\\\/comunicaciones\\\/\"}]}<\/script>\n<!-- \/ Yoast SEO plugin. -->","yoast_head_json":{"title":"Festival gastron\u00f3mico de las Regiones de Colombia, un bocado que te lleva a cada rinc\u00f3n de nuestro pa\u00eds - Tu Gu\u00eda","robots":{"index":"index","follow":"follow","max-snippet":"max-snippet:-1","max-image-preview":"max-image-preview:large","max-video-preview":"max-video-preview:-1"},"canonical":"https:\/\/tuguia.combarranquilla.co\/Revista\/festival-gastronomico-sobre-de-las-regiones-de-colombia-un-bocado-que-te-lleva-a-cada-rincon-de-nuestro-pais\/","og_locale":"es_ES","og_type":"article","og_title":"Festival gastron\u00f3mico de las Regiones de Colombia, un bocado que te lleva a cada rinc\u00f3n de nuestro pa\u00eds - Tu Gu\u00eda","og_description":"Nos enorgullece la diversidad cultural y gastron\u00f3mica de Colombia, por eso, para elogiar la riqueza culinaria y tradicional de cada regi\u00f3n de nuestro pa\u00eds llevaremos a cabo el Festival Regiones de Colombia en el Restaurante Mirador del R\u00edo, ubicado en la Unidad Country. \u00bfPor qu\u00e9 resaltamos la gastronom\u00eda colombiana? Porque somos un pa\u00eds rico en [&hellip;]","og_url":"https:\/\/tuguia.combarranquilla.co\/Revista\/festival-gastronomico-sobre-de-las-regiones-de-colombia-un-bocado-que-te-lleva-a-cada-rincon-de-nuestro-pais\/","og_site_name":"Tu Gu\u00eda","article_published_time":"2024-08-06T16:56:11+00:00","article_modified_time":"2024-10-31T15:21:47+00:00","og_image":[{"width":2560,"height":1707,"url":"https:\/\/tuguia.combarranquilla.co\/Revista\/wp-content\/uploads\/2024\/08\/DSC_0921-scaled.jpg","type":"image\/jpeg"}],"author":"Comunicaciones Combarranquilla","twitter_card":"summary_large_image","twitter_misc":{"Escrito por":"Comunicaciones Combarranquilla","Tiempo de lectura":"2 minutos"},"schema":{"@context":"https:\/\/schema.org","@graph":[{"@type":"Article","@id":"https:\/\/tuguia.combarranquilla.co\/Revista\/festival-gastronomico-sobre-de-las-regiones-de-colombia-un-bocado-que-te-lleva-a-cada-rincon-de-nuestro-pais\/#article","isPartOf":{"@id":"https:\/\/tuguia.combarranquilla.co\/Revista\/festival-gastronomico-sobre-de-las-regiones-de-colombia-un-bocado-que-te-lleva-a-cada-rincon-de-nuestro-pais\/"},"author":{"name":"Comunicaciones Combarranquilla","@id":"https:\/\/tuguia.combarranquilla.co\/Revista\/#\/schema\/person\/c2c396a77170bd1d5f8ba73294eb0d10"},"headline":"Festival gastron\u00f3mico de las Regiones de Colombia, un bocado que te lleva a cada rinc\u00f3n de nuestro pa\u00eds","datePublished":"2024-08-06T16:56:11+00:00","dateModified":"2024-10-31T15:21:47+00:00","mainEntityOfPage":{"@id":"https:\/\/tuguia.combarranquilla.co\/Revista\/festival-gastronomico-sobre-de-las-regiones-de-colombia-un-bocado-que-te-lleva-a-cada-rincon-de-nuestro-pais\/"},"wordCount":251,"commentCount":0,"publisher":{"@id":"https:\/\/tuguia.combarranquilla.co\/Revista\/#organization"},"image":{"@id":"https:\/\/tuguia.combarranquilla.co\/Revista\/festival-gastronomico-sobre-de-las-regiones-de-colombia-un-bocado-que-te-lleva-a-cada-rincon-de-nuestro-pais\/#primaryimage"},"thumbnailUrl":"https:\/\/tuguia.combarranquilla.co\/Revista\/wp-content\/uploads\/2024\/08\/DSC_0921-scaled.jpg","articleSection":["MIRADOR GASTRON\u00d3MICO"],"inLanguage":"es-CO","potentialAction":[{"@type":"CommentAction","name":"Comment","target":["https:\/\/tuguia.combarranquilla.co\/Revista\/festival-gastronomico-sobre-de-las-regiones-de-colombia-un-bocado-que-te-lleva-a-cada-rincon-de-nuestro-pais\/#respond"]}]},{"@type":"WebPage","@id":"https:\/\/tuguia.combarranquilla.co\/Revista\/festival-gastronomico-sobre-de-las-regiones-de-colombia-un-bocado-que-te-lleva-a-cada-rincon-de-nuestro-pais\/","url":"https:\/\/tuguia.combarranquilla.co\/Revista\/festival-gastronomico-sobre-de-las-regiones-de-colombia-un-bocado-que-te-lleva-a-cada-rincon-de-nuestro-pais\/","name":"Festival gastron\u00f3mico de las Regiones de Colombia, un bocado que te lleva a cada rinc\u00f3n de nuestro pa\u00eds - Tu Gu\u00eda","isPartOf":{"@id":"https:\/\/tuguia.combarranquilla.co\/Revista\/#website"},"primaryImageOfPage":{"@id":"https:\/\/tuguia.combarranquilla.co\/Revista\/festival-gastronomico-sobre-de-las-regiones-de-colombia-un-bocado-que-te-lleva-a-cada-rincon-de-nuestro-pais\/#primaryimage"},"image":{"@id":"https:\/\/tuguia.combarranquilla.co\/Revista\/festival-gastronomico-sobre-de-las-regiones-de-colombia-un-bocado-que-te-lleva-a-cada-rincon-de-nuestro-pais\/#primaryimage"},"thumbnailUrl":"https:\/\/tuguia.combarranquilla.co\/Revista\/wp-content\/uploads\/2024\/08\/DSC_0921-scaled.jpg","datePublished":"2024-08-06T16:56:11+00:00","dateModified":"2024-10-31T15:21:47+00:00","breadcrumb":{"@id":"https:\/\/tuguia.combarranquilla.co\/Revista\/festival-gastronomico-sobre-de-las-regiones-de-colombia-un-bocado-que-te-lleva-a-cada-rincon-de-nuestro-pais\/#breadcrumb"},"inLanguage":"es-CO","potentialAction":[{"@type":"ReadAction","target":["https:\/\/tuguia.combarranquilla.co\/Revista\/festival-gastronomico-sobre-de-las-regiones-de-colombia-un-bocado-que-te-lleva-a-cada-rincon-de-nuestro-pais\/"]}]},{"@type":"ImageObject","inLanguage":"es-CO","@id":"https:\/\/tuguia.combarranquilla.co\/Revista\/festival-gastronomico-sobre-de-las-regiones-de-colombia-un-bocado-que-te-lleva-a-cada-rincon-de-nuestro-pais\/#primaryimage","url":"https:\/\/tuguia.combarranquilla.co\/Revista\/wp-content\/uploads\/2024\/08\/DSC_0921-scaled.jpg","contentUrl":"https:\/\/tuguia.combarranquilla.co\/Revista\/wp-content\/uploads\/2024\/08\/DSC_0921-scaled.jpg","width":2560,"height":1707},{"@type":"BreadcrumbList","@id":"https:\/\/tuguia.combarranquilla.co\/Revista\/festival-gastronomico-sobre-de-las-regiones-de-colombia-un-bocado-que-te-lleva-a-cada-rincon-de-nuestro-pais\/#breadcrumb","itemListElement":[{"@type":"ListItem","position":1,"name":"Inicio","item":"https:\/\/tuguia.combarranquilla.co\/Revista\/"},{"@type":"ListItem","position":2,"name":"Festival gastron\u00f3mico de las Regiones de Colombia, un bocado que te lleva a cada rinc\u00f3n de nuestro pa\u00eds"}]},{"@type":"WebSite","@id":"https:\/\/tuguia.combarranquilla.co\/Revista\/#website","url":"https:\/\/tuguia.combarranquilla.co\/Revista\/","name":"Tu Gu\u00eda","description":"La revista donde lo tienes todo.","publisher":{"@id":"https:\/\/tuguia.combarranquilla.co\/Revista\/#organization"},"alternateName":"Tu Gu\u00eda Combarranquilla","potentialAction":[{"@type":"SearchAction","target":{"@type":"EntryPoint","urlTemplate":"https:\/\/tuguia.combarranquilla.co\/Revista\/?s={search_term_string}"},"query-input":{"@type":"PropertyValueSpecification","valueRequired":true,"valueName":"search_term_string"}}],"inLanguage":"es-CO"},{"@type":"Organization","@id":"https:\/\/tuguia.combarranquilla.co\/Revista\/#organization","name":"Tu Gu\u00eda Combarranquilla","url":"https:\/\/tuguia.combarranquilla.co\/Revista\/","logo":{"@type":"ImageObject","inLanguage":"es-CO","@id":"https:\/\/tuguia.combarranquilla.co\/Revista\/#\/schema\/logo\/image\/","url":"https:\/\/tuguia.combarranquilla.co\/Revista\/wp-content\/uploads\/2022\/02\/logo-guia-combarranquilla.svg","contentUrl":"https:\/\/tuguia.combarranquilla.co\/Revista\/wp-content\/uploads\/2022\/02\/logo-guia-combarranquilla.svg","caption":"Tu Gu\u00eda Combarranquilla"},"image":{"@id":"https:\/\/tuguia.combarranquilla.co\/Revista\/#\/schema\/logo\/image\/"}},{"@type":"Person","@id":"https:\/\/tuguia.combarranquilla.co\/Revista\/#\/schema\/person\/c2c396a77170bd1d5f8ba73294eb0d10","name":"Comunicaciones Combarranquilla","image":{"@type":"ImageObject","inLanguage":"es-CO","@id":"https:\/\/tuguia.combarranquilla.co\/Revista\/wp-content\/uploads\/2025\/05\/ABC-Al-Rojo-Logo-96x96.jpg","url":"https:\/\/tuguia.combarranquilla.co\/Revista\/wp-content\/uploads\/2025\/05\/ABC-Al-Rojo-Logo-96x96.jpg","contentUrl":"https:\/\/tuguia.combarranquilla.co\/Revista\/wp-content\/uploads\/2025\/05\/ABC-Al-Rojo-Logo-96x96.jpg","caption":"Comunicaciones Combarranquilla"},"sameAs":["https:\/\/www.combarranquilla.co"],"url":"https:\/\/tuguia.combarranquilla.co\/Revista\/author\/comunicaciones\/"}]}},"_links":{"self":[{"href":"https:\/\/tuguia.combarranquilla.co\/Revista\/wp-json\/wp\/v2\/posts\/4646","targetHints":{"allow":["GET"]}}],"collection":[{"href":"https:\/\/tuguia.combarranquilla.co\/Revista\/wp-json\/wp\/v2\/posts"}],"about":[{"href":"https:\/\/tuguia.combarranquilla.co\/Revista\/wp-json\/wp\/v2\/types\/post"}],"author":[{"embeddable":true,"href":"https:\/\/tuguia.combarranquilla.co\/Revista\/wp-json\/wp\/v2\/users\/2"}],"replies":[{"embeddable":true,"href":"https:\/\/tuguia.combarranquilla.co\/Revista\/wp-json\/wp\/v2\/comments?post=4646"}],"version-history":[{"count":7,"href":"https:\/\/tuguia.combarranquilla.co\/Revista\/wp-json\/wp\/v2\/posts\/4646\/revisions"}],"predecessor-version":[{"id":5190,"href":"https:\/\/tuguia.combarranquilla.co\/Revista\/wp-json\/wp\/v2\/posts\/4646\/revisions\/5190"}],"wp:featuredmedia":[{"embeddable":true,"href":"https:\/\/tuguia.combarranquilla.co\/Revista\/wp-json\/wp\/v2\/media\/4781"}],"wp:attachment":[{"href":"https:\/\/tuguia.combarranquilla.co\/Revista\/wp-json\/wp\/v2\/media?parent=4646"}],"wp:term":[{"taxonomy":"category","embeddable":true,"href":"https:\/\/tuguia.combarranquilla.co\/Revista\/wp-json\/wp\/v2\/categories?post=4646"},{"taxonomy":"post_tag","embeddable":true,"href":"https:\/\/tuguia.combarranquilla.co\/Revista\/wp-json\/wp\/v2\/tags?post=4646"}],"curies":[{"name":"wp","href":"https:\/\/api.w.org\/{rel}","templated":true}]}}