{"id":4653,"date":"2024-08-09T08:16:11","date_gmt":"2024-08-09T13:16:11","guid":{"rendered":"https:\/\/tuguia.combarranquilla.co\/Revista\/?p=4653"},"modified":"2024-08-09T08:16:11","modified_gmt":"2024-08-09T13:16:11","slug":"la-astronomia-en-la-edad-temprana-el-deseo-de-explorar-el-mundo","status":"publish","type":"post","link":"https:\/\/tuguia.combarranquilla.co\/Revista\/la-astronomia-en-la-edad-temprana-el-deseo-de-explorar-el-mundo\/","title":{"rendered":"La astronom\u00eda en la edad temprana: El deseo de explorar el mundo"},"content":{"rendered":"\n<p>El comienzo&nbsp;de la sensibilidad cient\u00edfica ocurre, indirectamente, cuando los ni\u00f1os adquieren la capacidad de cuestionar lo que los rodea para entender el mundo. Cuando la observaci\u00f3n de lo abstracto empieza a despertar inter\u00e9s en ellos. Desde este punto, la percepci\u00f3n del cosmos cobra importancia y&nbsp;se convierte en una actividad diaria, casi inevitable. Sin embargo, si bien el inter\u00e9s por&nbsp;el universo ha ido creciendo, generalmente se desestima su impacto en la vida cotidiana, espec\u00edficamente si se habla de su estudio desde edades tempranas. Pero la realidad es que aprender sobre astronom\u00eda resulta a\u00fan m\u00e1s enriquecedor en los peque\u00f1os, porque les permite&nbsp;crecer de forma integral.&nbsp;<\/p>\n\n\n\n<p>Inicialmente, incentivar a los ni\u00f1os a entrar al mundo de la astronom\u00eda los acerca a la ciencia y contribuye a su formaci\u00f3n como ciudadanos responsables. Seg\u00fan Dadon y Raviv (2021), los estudios en astronom\u00eda desde la ni\u00f1ez incentivan la comprensi\u00f3n de fundamentos cient\u00edficos y su aplicaci\u00f3n, al tiempo que desarrollan valores ecol\u00f3gicos y conciencia ambiental. A trav\u00e9s de la astronom\u00eda, los ni\u00f1os aprenden experimentando e indagando sobre lo que observan, poniendo a prueba sus habilidades&nbsp;reflexivas y anal\u00edticas. Asimismo, crean una sensibilidad por el entorno, que los motiva&nbsp;a apreciar c\u00f3mo funcionan las cosas.&nbsp;<\/p>\n\n\n\n<p>Por otro lado, ahondar en los conceptos relacionados con la&nbsp;astronom\u00eda complementa la educaci\u00f3n de los ni\u00f1os en \u00e1reas que trascienden las ciencias. De hecho, la astronom\u00eda es interdisciplinar, es decir, integra disciplinas:&nbsp;conecta ciencias naturales como la f\u00edsica, la qu\u00edmica y la biolog\u00eda, con ciencias humanas como la historia, la mitolog\u00eda y la arqueolog\u00eda (Smith, 1996). La interacci\u00f3n entre estos saberes favorece el aprendizaje integral de los ni\u00f1os, tanto en su entorno escolar como fuera de \u00e9l. As\u00ed, tendr\u00e1n habilidades&nbsp;para&nbsp;entender sus contextos e innovar en el camino.<\/p>\n\n\n\n<p>En definitiva, educar a los ni\u00f1os en astronom\u00eda nutre la construcci\u00f3n de sus propios universos y se convierte en un apoyo para sobresalir. Orlando M\u00e9ndez, coordinador del&nbsp;Planetario&nbsp;de Combarranquilla,&nbsp;respalda esta idea, afirmando que&nbsp;\u201chay varias razones para&nbsp;conocer un poco sobre la astronom\u00eda, no solo a nivel cient\u00edfico, sino tambi\u00e9n a nivel de curiosidad\u201d. En primera instancia, la astronom\u00eda imprime car\u00e1cter y da humildad, porque gracias a ella conocemos la fragilidad del planeta. Por otro lado, ense\u00f1ar astronom\u00eda a todas las edades significa darles un sentido de pertenencia, ya que comprenden su lugar como seres humanos en el universo. Finalmente, el estudio de toda ciencia brinda conocimientos que trascienden el \u00e1mbito acad\u00e9mico y se extienden al personal y al profesional. De esta forma, la astronom\u00eda se convierte en \u201cuna herramienta de grandeza social\u201d (Mu\u00f1oz y Romero-Chac\u00f3n, 2019, p. 209) que transforma la sociedad.&nbsp;<\/p>\n\n\n\n<h2 class=\"wp-block-heading has-medium-font-size\"><strong>\u00bfC\u00f3mo acercar a los ni\u00f1os a la astronom\u00eda?<\/strong>&nbsp;<\/h2>\n\n\n\n<div class=\"wp-block-columns is-layout-flex wp-container-core-columns-is-layout-9d6595d7 wp-block-columns-is-layout-flex\">\n<div class=\"wp-block-column is-layout-flow wp-block-column-is-layout-flow\">\n<figure class=\"wp-block-image size-large\"><img decoding=\"async\" width=\"2560\" height=\"1707\" data-src=\"https:\/\/tuguia.combarranquilla.co\/Revista\/wp-content\/uploads\/2024\/08\/WhatsApp-Image-2024-08-05-at-9.59.10-AM-2-edited-1-scaled.jpeg\" alt=\"\" class=\"wp-image-4703 lazyload\" data-srcset=\"https:\/\/tuguia.combarranquilla.co\/Revista\/wp-content\/uploads\/2024\/08\/WhatsApp-Image-2024-08-05-at-9.59.10-AM-2-edited-1-scaled.jpeg 2560w, https:\/\/tuguia.combarranquilla.co\/Revista\/wp-content\/uploads\/2024\/08\/WhatsApp-Image-2024-08-05-at-9.59.10-AM-2-edited-1-300x200.jpeg 300w, https:\/\/tuguia.combarranquilla.co\/Revista\/wp-content\/uploads\/2024\/08\/WhatsApp-Image-2024-08-05-at-9.59.10-AM-2-edited-1-1024x683.jpeg 1024w, https:\/\/tuguia.combarranquilla.co\/Revista\/wp-content\/uploads\/2024\/08\/WhatsApp-Image-2024-08-05-at-9.59.10-AM-2-edited-1-768x512.jpeg 768w, https:\/\/tuguia.combarranquilla.co\/Revista\/wp-content\/uploads\/2024\/08\/WhatsApp-Image-2024-08-05-at-9.59.10-AM-2-edited-1-1536x1024.jpeg 1536w, https:\/\/tuguia.combarranquilla.co\/Revista\/wp-content\/uploads\/2024\/08\/WhatsApp-Image-2024-08-05-at-9.59.10-AM-2-edited-1-2048x1366.jpeg 2048w\" data-sizes=\"(max-width: 2560px) 100vw, 2560px\" src=\"data:image\/svg+xml;base64,PHN2ZyB3aWR0aD0iMSIgaGVpZ2h0PSIxIiB4bWxucz0iaHR0cDovL3d3dy53My5vcmcvMjAwMC9zdmciPjwvc3ZnPg==\" style=\"--smush-placeholder-width: 2560px; --smush-placeholder-aspect-ratio: 2560\/1707;\" \/><\/figure>\n<\/div>\n\n\n\n<div class=\"wp-block-column is-layout-flow wp-block-column-is-layout-flow\">\n<figure class=\"wp-block-image size-large\"><img decoding=\"async\" width=\"1024\" height=\"683\" data-src=\"https:\/\/tuguia.combarranquilla.co\/Revista\/wp-content\/uploads\/2024\/08\/Fu9Z073WIAc3irm-1-1024x683.jpg\" alt=\"\" class=\"wp-image-4702 lazyload\" data-srcset=\"https:\/\/tuguia.combarranquilla.co\/Revista\/wp-content\/uploads\/2024\/08\/Fu9Z073WIAc3irm-1-1024x683.jpg 1024w, https:\/\/tuguia.combarranquilla.co\/Revista\/wp-content\/uploads\/2024\/08\/Fu9Z073WIAc3irm-1-300x200.jpg 300w, https:\/\/tuguia.combarranquilla.co\/Revista\/wp-content\/uploads\/2024\/08\/Fu9Z073WIAc3irm-1-768x512.jpg 768w, https:\/\/tuguia.combarranquilla.co\/Revista\/wp-content\/uploads\/2024\/08\/Fu9Z073WIAc3irm-1-1536x1024.jpg 1536w, https:\/\/tuguia.combarranquilla.co\/Revista\/wp-content\/uploads\/2024\/08\/Fu9Z073WIAc3irm-1.jpg 1599w\" data-sizes=\"(max-width: 1024px) 100vw, 1024px\" src=\"data:image\/svg+xml;base64,PHN2ZyB3aWR0aD0iMSIgaGVpZ2h0PSIxIiB4bWxucz0iaHR0cDovL3d3dy53My5vcmcvMjAwMC9zdmciPjwvc3ZnPg==\" style=\"--smush-placeholder-width: 1024px; --smush-placeholder-aspect-ratio: 1024\/683;\" \/><\/figure>\n<\/div>\n<\/div>\n\n\n\n<p>El Planetario de Combarranquilla es un \u00edcono de la ciudad de Barranquilla.&nbsp;Seg\u00fan las palabras de su coordinador, \u201ceste espacio cumple un papel dual: por un lado, ofrece un espacio para uso del tiempo libre, lleno de entretenimiento; y por otro, se comporta como un complemento de la parte educacional, apoyando contenidos curriculares&nbsp;relacionados con las ciencias sociales y naturales\u201d.&nbsp;Para Orlando, el Planetario \u201cmuestra la ciencia como&nbsp;algo asequible a cualquier persona\u201d. Si se busca que los ni\u00f1os y la poblaci\u00f3n barranquillera se acerquen a la astronom\u00eda, hay que mostrar que la ciencia es aprendizaje, entretenimiento y diversi\u00f3n.<\/p>\n\n\n\n<blockquote class=\"wp-block-quote has-background is-layout-flow wp-block-quote-is-layout-flow\" style=\"background-color:#e1eae2\">\n<p class=\"has-white-background-color has-background\"><em>La astronom\u00eda y la ciencia en general deben entenderse como algo que forma parte de nuestra cultura, porque la ciencia es la que genera progreso en las sociedades.<\/em><\/p>\n<\/blockquote>\n\n\n\n<h2 class=\"wp-block-heading has-medium-font-size\"><strong>Astronom\u00eda Recreativa<\/strong> <strong>para ni\u00f1os<\/strong><\/h2>\n\n\n\n<p>En Combarranquilla buscamos que la ciencia se vuelva algo cotidiano y no lejano. Desde el Planetario, apoyamos a instituciones y padres de familia con el&nbsp;dise\u00f1o de cursos y actividades para fortalecer conocimientos. Por eso, este mes tenemos una nueva programaci\u00f3n enfocada en que los ni\u00f1os vivan nuevas experiencias astron\u00f3micas y sigan acerc\u00e1ndose a las estrellas.<\/p>\n\n\n\n<p>Agosto llega con dos actividades especiales para despertar la curiosidad cient\u00edfica en los ni\u00f1os:\u00a0<\/p>\n\n\n\n<h2 class=\"wp-block-heading has-medium-font-size\"><strong>Construye y lanza un cohete<\/strong>&nbsp;<\/h2>\n\n\n\n<p>Taller did\u00e1ctico en el que construir\u00e1n un cohete y ver\u00e1n c\u00f3mo es propulsado por agua y aire.<\/p>\n\n\n\n<p>S\u00e1bado 10 de agosto de 3 a 5 p.m., en la Unidad Boston.&nbsp;<\/p>\n\n\n\n<figure class=\"wp-block-table is-style-stripes\"><table class=\"has-background has-fixed-layout\" style=\"background-color:#d3ddce\"><tbody><tr><td class=\"has-text-align-left\" data-align=\"left\"><strong>Categor\u00eda A<\/strong>&nbsp;<\/td><td>$19.000&nbsp;<\/td><\/tr><tr><td class=\"has-text-align-left\" data-align=\"left\"><strong>Categor\u00eda B<\/strong>&nbsp;<\/td><td>$21.800&nbsp;<\/td><\/tr><tr><td class=\"has-text-align-left\" data-align=\"left\"><strong>Categor\u00eda C<\/strong>&nbsp;<\/td><td>$30.900&nbsp;<\/td><\/tr><tr><td class=\"has-text-align-left\" data-align=\"left\"><strong>Categor\u00eda D<\/strong>&nbsp;<\/td><td>$36.700&nbsp;<\/td><\/tr><\/tbody><\/table><figcaption class=\"wp-element-caption\"><em>(Incluye materiales<\/em>)<\/figcaption><\/figure>\n\n\n\n<p><em>*Cupos limitados<\/em>&nbsp;<\/p>\n\n\n\n<h2 class=\"wp-block-heading has-medium-font-size\"><strong>Retos del cerebro<\/strong>&nbsp;<\/h2>\n\n\n\n<p>Actividades\u00a0para ni\u00f1os en las que podr\u00e1n resolver acertijos y desaf\u00edos mentales, desarrollar rompecabezas y trabajar su pensamiento cr\u00edtico con juegos.<\/p>\n\n\n\n<p>S\u00e1bado 17 de agosto de 3 a 5 p.m., en la Unidad Boston.&nbsp;<\/p>\n\n\n\n<figure class=\"wp-block-table is-style-stripes\"><table class=\"has-background has-fixed-layout\" style=\"background-color:#d3ddce\"><tbody><tr><td><strong>Categor\u00eda A<\/strong>&nbsp;<\/td><td>$19.000&nbsp;<\/td><\/tr><tr><td><strong>Categor\u00eda B<\/strong>&nbsp;<\/td><td>$21.800&nbsp;<\/td><\/tr><tr><td><strong>Categor\u00eda C<\/strong>&nbsp;<\/td><td>$30.900&nbsp;<\/td><\/tr><tr><td><strong>Categor\u00eda D<\/strong>&nbsp;<\/td><td>$36.700&nbsp;<\/td><\/tr><\/tbody><\/table><figcaption class=\"wp-element-caption\"><em>(Incluye materiales)<\/em><\/figcaption><\/figure>\n\n\n\n<p><em>*Cupos limitados<\/em>&nbsp;<\/p>\n\n\n\n<p>Muy pronto, habr\u00e1 otros talleres sobre la vida en el universo, junto con jornadas de observaci\u00f3n astron\u00f3mica para el disfrute de todas las personas interesadas.&nbsp;<\/p>\n\n\n\n<figure class=\"wp-block-table is-style-stripes\"><table class=\"has-background has-fixed-layout\" style=\"background-color:#d3ddce\"><tbody><tr><td><strong><em>Para m\u00e1s informaci\u00f3n<\/em><\/strong><br><strong><em>L\u00ednea verde:<\/em><\/strong><em> (605) 3225049 &#8211; Opci\u00f3n 5<\/em><br><strong><em>Correo: <\/em><\/strong><a href=\"mailto:planetario.boston@combarranquilla.co\" target=\"_blank\" rel=\"noreferrer noopener\"><em>planetario.boston@combarranquilla.co<\/em><\/a><\/td><\/tr><\/tbody><\/table><\/figure>\n\n\n\n<h2 class=\"wp-block-heading has-medium-font-size\"><strong>Referencias<\/strong>&nbsp;<\/h2>\n\n\n\n<p>Dadon, M. y Raviv A. (2021). Teaching astronomy in kindergarten: children\u2019s perceptions and projects. <em>Athens Journal of Education, 8<\/em>(3), 305-328. <a href=\"https:\/\/www.athensjournals.gr\/education\/2021-8-3-4-Raviv.pdf\" target=\"_blank\" rel=\"noreferrer noopener\">https:\/\/www.athensjournals.gr\/education\/2021-8-3-4-Raviv.pdf<\/a>&nbsp;<\/p>\n\n\n\n<p>Mu\u00f1oz, N. y Romero-Chac\u00f3n, A. (2019). La ense\u00f1anza de la astronom\u00eda como medio para articular la formaci\u00f3n cient\u00edfica y la formaci\u00f3n ciudadana: una propuesta fundamentada en reflexiones metacient\u00edficas. <em>Revista Cient\u00edfica, <\/em>(1), 208-207. <a href=\"https:\/\/dialnet.unirioja.es\/descarga\/articulo\/7021326.pdf\" target=\"_blank\" rel=\"noreferrer noopener\">https:\/\/dialnet.unirioja.es\/descarga\/articulo\/7021326.pdf<\/a> &nbsp;<\/p>\n\n\n\n<p>Smith, D. (1996). Interdisciplinary astronomy in planetarium shows. <em>Astronomy Education: Current Developments, Future Coordination, 89,<\/em> 279-280. <a href=\"https:\/\/ui.adsabs.harvard.edu\/link_gateway\/1996ASPC...89..279S\/ADS_PDF\" target=\"_blank\" rel=\"noreferrer noopener\">https:\/\/ui.adsabs.harvard.edu\/link_gateway\/1996ASPC&#8230;89..279S\/ADS_PDF<\/a>&nbsp;<\/p>\n","protected":false},"excerpt":{"rendered":"<p>El comienzo&nbsp;de la sensibilidad cient\u00edfica ocurre, indirectamente, cuando los ni\u00f1os adquieren la capacidad de cuestionar lo que los rodea para entender el mundo. Cuando la observaci\u00f3n de lo abstracto empieza a despertar inter\u00e9s en ellos. Desde este punto, la percepci\u00f3n del cosmos cobra importancia y&nbsp;se convierte en una actividad diaria, casi inevitable. Sin embargo, si [&hellip;]<\/p>\n","protected":false},"author":2,"featured_media":4689,"comment_status":"open","ping_status":"open","sticky":false,"template":"","format":"standard","meta":{"inline_featured_image":false,"footnotes":""},"categories":[4],"tags":[],"class_list":["post-4653","post","type-post","status-publish","format-standard","has-post-thumbnail","hentry","category-ciencia-y-cultura"],"yoast_head":"<!-- This site is optimized with the Yoast SEO plugin v27.4 - https:\/\/yoast.com\/product\/yoast-seo-wordpress\/ -->\n<title>La astronom\u00eda en la edad temprana: El deseo de explorar el mundo - Tu Gu\u00eda<\/title>\n<meta name=\"robots\" content=\"index, follow, max-snippet:-1, max-image-preview:large, max-video-preview:-1\" \/>\n<link rel=\"canonical\" href=\"https:\/\/tuguia.combarranquilla.co\/Revista\/la-astronomia-en-la-edad-temprana-el-deseo-de-explorar-el-mundo\/\" \/>\n<meta property=\"og:locale\" content=\"es_ES\" \/>\n<meta property=\"og:type\" content=\"article\" \/>\n<meta property=\"og:title\" content=\"La astronom\u00eda en la edad temprana: El deseo de explorar el mundo - Tu Gu\u00eda\" \/>\n<meta property=\"og:description\" content=\"El comienzo&nbsp;de la sensibilidad cient\u00edfica ocurre, indirectamente, cuando los ni\u00f1os adquieren la capacidad de cuestionar lo que los rodea para entender el mundo. Cuando la observaci\u00f3n de lo abstracto empieza a despertar inter\u00e9s en ellos. Desde este punto, la percepci\u00f3n del cosmos cobra importancia y&nbsp;se convierte en una actividad diaria, casi inevitable. Sin embargo, si [&hellip;]\" \/>\n<meta property=\"og:url\" content=\"https:\/\/tuguia.combarranquilla.co\/Revista\/la-astronomia-en-la-edad-temprana-el-deseo-de-explorar-el-mundo\/\" \/>\n<meta property=\"og:site_name\" content=\"Tu Gu\u00eda\" \/>\n<meta property=\"article:published_time\" content=\"2024-08-09T13:16:11+00:00\" \/>\n<meta property=\"og:image\" content=\"https:\/\/tuguia.combarranquilla.co\/Revista\/wp-content\/uploads\/2024\/08\/Designer.jpeg\" \/>\n\t<meta property=\"og:image:width\" content=\"1792\" \/>\n\t<meta property=\"og:image:height\" content=\"1024\" \/>\n\t<meta property=\"og:image:type\" content=\"image\/jpeg\" \/>\n<meta name=\"author\" content=\"Comunicaciones Combarranquilla\" \/>\n<meta name=\"twitter:card\" content=\"summary_large_image\" \/>\n<meta name=\"twitter:label1\" content=\"Escrito por\" \/>\n\t<meta name=\"twitter:data1\" content=\"Comunicaciones Combarranquilla\" \/>\n\t<meta name=\"twitter:label2\" content=\"Tiempo de lectura\" \/>\n\t<meta name=\"twitter:data2\" content=\"5 minutos\" \/>\n<script type=\"application\/ld+json\" class=\"yoast-schema-graph\">{\"@context\":\"https:\\\/\\\/schema.org\",\"@graph\":[{\"@type\":\"Article\",\"@id\":\"https:\\\/\\\/tuguia.combarranquilla.co\\\/Revista\\\/la-astronomia-en-la-edad-temprana-el-deseo-de-explorar-el-mundo\\\/#article\",\"isPartOf\":{\"@id\":\"https:\\\/\\\/tuguia.combarranquilla.co\\\/Revista\\\/la-astronomia-en-la-edad-temprana-el-deseo-de-explorar-el-mundo\\\/\"},\"author\":{\"name\":\"Comunicaciones Combarranquilla\",\"@id\":\"https:\\\/\\\/tuguia.combarranquilla.co\\\/Revista\\\/#\\\/schema\\\/person\\\/c2c396a77170bd1d5f8ba73294eb0d10\"},\"headline\":\"La astronom\u00eda en la edad temprana: El deseo de explorar el mundo\",\"datePublished\":\"2024-08-09T13:16:11+00:00\",\"mainEntityOfPage\":{\"@id\":\"https:\\\/\\\/tuguia.combarranquilla.co\\\/Revista\\\/la-astronomia-en-la-edad-temprana-el-deseo-de-explorar-el-mundo\\\/\"},\"wordCount\":1030,\"commentCount\":0,\"publisher\":{\"@id\":\"https:\\\/\\\/tuguia.combarranquilla.co\\\/Revista\\\/#organization\"},\"image\":{\"@id\":\"https:\\\/\\\/tuguia.combarranquilla.co\\\/Revista\\\/la-astronomia-en-la-edad-temprana-el-deseo-de-explorar-el-mundo\\\/#primaryimage\"},\"thumbnailUrl\":\"https:\\\/\\\/tuguia.combarranquilla.co\\\/Revista\\\/wp-content\\\/uploads\\\/2024\\\/08\\\/Designer.jpeg\",\"articleSection\":[\"CIENCIA Y CULTURA\"],\"inLanguage\":\"es-CO\",\"potentialAction\":[{\"@type\":\"CommentAction\",\"name\":\"Comment\",\"target\":[\"https:\\\/\\\/tuguia.combarranquilla.co\\\/Revista\\\/la-astronomia-en-la-edad-temprana-el-deseo-de-explorar-el-mundo\\\/#respond\"]}]},{\"@type\":\"WebPage\",\"@id\":\"https:\\\/\\\/tuguia.combarranquilla.co\\\/Revista\\\/la-astronomia-en-la-edad-temprana-el-deseo-de-explorar-el-mundo\\\/\",\"url\":\"https:\\\/\\\/tuguia.combarranquilla.co\\\/Revista\\\/la-astronomia-en-la-edad-temprana-el-deseo-de-explorar-el-mundo\\\/\",\"name\":\"La astronom\u00eda en la edad temprana: El deseo de explorar el mundo - Tu Gu\u00eda\",\"isPartOf\":{\"@id\":\"https:\\\/\\\/tuguia.combarranquilla.co\\\/Revista\\\/#website\"},\"primaryImageOfPage\":{\"@id\":\"https:\\\/\\\/tuguia.combarranquilla.co\\\/Revista\\\/la-astronomia-en-la-edad-temprana-el-deseo-de-explorar-el-mundo\\\/#primaryimage\"},\"image\":{\"@id\":\"https:\\\/\\\/tuguia.combarranquilla.co\\\/Revista\\\/la-astronomia-en-la-edad-temprana-el-deseo-de-explorar-el-mundo\\\/#primaryimage\"},\"thumbnailUrl\":\"https:\\\/\\\/tuguia.combarranquilla.co\\\/Revista\\\/wp-content\\\/uploads\\\/2024\\\/08\\\/Designer.jpeg\",\"datePublished\":\"2024-08-09T13:16:11+00:00\",\"breadcrumb\":{\"@id\":\"https:\\\/\\\/tuguia.combarranquilla.co\\\/Revista\\\/la-astronomia-en-la-edad-temprana-el-deseo-de-explorar-el-mundo\\\/#breadcrumb\"},\"inLanguage\":\"es-CO\",\"potentialAction\":[{\"@type\":\"ReadAction\",\"target\":[\"https:\\\/\\\/tuguia.combarranquilla.co\\\/Revista\\\/la-astronomia-en-la-edad-temprana-el-deseo-de-explorar-el-mundo\\\/\"]}]},{\"@type\":\"ImageObject\",\"inLanguage\":\"es-CO\",\"@id\":\"https:\\\/\\\/tuguia.combarranquilla.co\\\/Revista\\\/la-astronomia-en-la-edad-temprana-el-deseo-de-explorar-el-mundo\\\/#primaryimage\",\"url\":\"https:\\\/\\\/tuguia.combarranquilla.co\\\/Revista\\\/wp-content\\\/uploads\\\/2024\\\/08\\\/Designer.jpeg\",\"contentUrl\":\"https:\\\/\\\/tuguia.combarranquilla.co\\\/Revista\\\/wp-content\\\/uploads\\\/2024\\\/08\\\/Designer.jpeg\",\"width\":1792,\"height\":1024},{\"@type\":\"BreadcrumbList\",\"@id\":\"https:\\\/\\\/tuguia.combarranquilla.co\\\/Revista\\\/la-astronomia-en-la-edad-temprana-el-deseo-de-explorar-el-mundo\\\/#breadcrumb\",\"itemListElement\":[{\"@type\":\"ListItem\",\"position\":1,\"name\":\"Inicio\",\"item\":\"https:\\\/\\\/tuguia.combarranquilla.co\\\/Revista\\\/\"},{\"@type\":\"ListItem\",\"position\":2,\"name\":\"La astronom\u00eda en la edad temprana: El deseo de explorar el mundo\"}]},{\"@type\":\"WebSite\",\"@id\":\"https:\\\/\\\/tuguia.combarranquilla.co\\\/Revista\\\/#website\",\"url\":\"https:\\\/\\\/tuguia.combarranquilla.co\\\/Revista\\\/\",\"name\":\"Tu Gu\u00eda\",\"description\":\"La revista donde lo tienes todo.\",\"publisher\":{\"@id\":\"https:\\\/\\\/tuguia.combarranquilla.co\\\/Revista\\\/#organization\"},\"alternateName\":\"Tu Gu\u00eda Combarranquilla\",\"potentialAction\":[{\"@type\":\"SearchAction\",\"target\":{\"@type\":\"EntryPoint\",\"urlTemplate\":\"https:\\\/\\\/tuguia.combarranquilla.co\\\/Revista\\\/?s={search_term_string}\"},\"query-input\":{\"@type\":\"PropertyValueSpecification\",\"valueRequired\":true,\"valueName\":\"search_term_string\"}}],\"inLanguage\":\"es-CO\"},{\"@type\":\"Organization\",\"@id\":\"https:\\\/\\\/tuguia.combarranquilla.co\\\/Revista\\\/#organization\",\"name\":\"Tu Gu\u00eda Combarranquilla\",\"url\":\"https:\\\/\\\/tuguia.combarranquilla.co\\\/Revista\\\/\",\"logo\":{\"@type\":\"ImageObject\",\"inLanguage\":\"es-CO\",\"@id\":\"https:\\\/\\\/tuguia.combarranquilla.co\\\/Revista\\\/#\\\/schema\\\/logo\\\/image\\\/\",\"url\":\"https:\\\/\\\/tuguia.combarranquilla.co\\\/Revista\\\/wp-content\\\/uploads\\\/2022\\\/02\\\/logo-guia-combarranquilla.svg\",\"contentUrl\":\"https:\\\/\\\/tuguia.combarranquilla.co\\\/Revista\\\/wp-content\\\/uploads\\\/2022\\\/02\\\/logo-guia-combarranquilla.svg\",\"caption\":\"Tu Gu\u00eda Combarranquilla\"},\"image\":{\"@id\":\"https:\\\/\\\/tuguia.combarranquilla.co\\\/Revista\\\/#\\\/schema\\\/logo\\\/image\\\/\"}},{\"@type\":\"Person\",\"@id\":\"https:\\\/\\\/tuguia.combarranquilla.co\\\/Revista\\\/#\\\/schema\\\/person\\\/c2c396a77170bd1d5f8ba73294eb0d10\",\"name\":\"Comunicaciones Combarranquilla\",\"image\":{\"@type\":\"ImageObject\",\"inLanguage\":\"es-CO\",\"@id\":\"https:\\\/\\\/tuguia.combarranquilla.co\\\/Revista\\\/wp-content\\\/uploads\\\/2025\\\/05\\\/ABC-Al-Rojo-Logo-96x96.jpg\",\"url\":\"https:\\\/\\\/tuguia.combarranquilla.co\\\/Revista\\\/wp-content\\\/uploads\\\/2025\\\/05\\\/ABC-Al-Rojo-Logo-96x96.jpg\",\"contentUrl\":\"https:\\\/\\\/tuguia.combarranquilla.co\\\/Revista\\\/wp-content\\\/uploads\\\/2025\\\/05\\\/ABC-Al-Rojo-Logo-96x96.jpg\",\"caption\":\"Comunicaciones Combarranquilla\"},\"sameAs\":[\"https:\\\/\\\/www.combarranquilla.co\"],\"url\":\"https:\\\/\\\/tuguia.combarranquilla.co\\\/Revista\\\/author\\\/comunicaciones\\\/\"}]}<\/script>\n<!-- \/ Yoast SEO plugin. -->","yoast_head_json":{"title":"La astronom\u00eda en la edad temprana: El deseo de explorar el mundo - Tu Gu\u00eda","robots":{"index":"index","follow":"follow","max-snippet":"max-snippet:-1","max-image-preview":"max-image-preview:large","max-video-preview":"max-video-preview:-1"},"canonical":"https:\/\/tuguia.combarranquilla.co\/Revista\/la-astronomia-en-la-edad-temprana-el-deseo-de-explorar-el-mundo\/","og_locale":"es_ES","og_type":"article","og_title":"La astronom\u00eda en la edad temprana: El deseo de explorar el mundo - Tu Gu\u00eda","og_description":"El comienzo&nbsp;de la sensibilidad cient\u00edfica ocurre, indirectamente, cuando los ni\u00f1os adquieren la capacidad de cuestionar lo que los rodea para entender el mundo. Cuando la observaci\u00f3n de lo abstracto empieza a despertar inter\u00e9s en ellos. Desde este punto, la percepci\u00f3n del cosmos cobra importancia y&nbsp;se convierte en una actividad diaria, casi inevitable. Sin embargo, si [&hellip;]","og_url":"https:\/\/tuguia.combarranquilla.co\/Revista\/la-astronomia-en-la-edad-temprana-el-deseo-de-explorar-el-mundo\/","og_site_name":"Tu Gu\u00eda","article_published_time":"2024-08-09T13:16:11+00:00","og_image":[{"width":1792,"height":1024,"url":"https:\/\/tuguia.combarranquilla.co\/Revista\/wp-content\/uploads\/2024\/08\/Designer.jpeg","type":"image\/jpeg"}],"author":"Comunicaciones Combarranquilla","twitter_card":"summary_large_image","twitter_misc":{"Escrito por":"Comunicaciones Combarranquilla","Tiempo de lectura":"5 minutos"},"schema":{"@context":"https:\/\/schema.org","@graph":[{"@type":"Article","@id":"https:\/\/tuguia.combarranquilla.co\/Revista\/la-astronomia-en-la-edad-temprana-el-deseo-de-explorar-el-mundo\/#article","isPartOf":{"@id":"https:\/\/tuguia.combarranquilla.co\/Revista\/la-astronomia-en-la-edad-temprana-el-deseo-de-explorar-el-mundo\/"},"author":{"name":"Comunicaciones Combarranquilla","@id":"https:\/\/tuguia.combarranquilla.co\/Revista\/#\/schema\/person\/c2c396a77170bd1d5f8ba73294eb0d10"},"headline":"La astronom\u00eda en la edad temprana: El deseo de explorar el mundo","datePublished":"2024-08-09T13:16:11+00:00","mainEntityOfPage":{"@id":"https:\/\/tuguia.combarranquilla.co\/Revista\/la-astronomia-en-la-edad-temprana-el-deseo-de-explorar-el-mundo\/"},"wordCount":1030,"commentCount":0,"publisher":{"@id":"https:\/\/tuguia.combarranquilla.co\/Revista\/#organization"},"image":{"@id":"https:\/\/tuguia.combarranquilla.co\/Revista\/la-astronomia-en-la-edad-temprana-el-deseo-de-explorar-el-mundo\/#primaryimage"},"thumbnailUrl":"https:\/\/tuguia.combarranquilla.co\/Revista\/wp-content\/uploads\/2024\/08\/Designer.jpeg","articleSection":["CIENCIA Y CULTURA"],"inLanguage":"es-CO","potentialAction":[{"@type":"CommentAction","name":"Comment","target":["https:\/\/tuguia.combarranquilla.co\/Revista\/la-astronomia-en-la-edad-temprana-el-deseo-de-explorar-el-mundo\/#respond"]}]},{"@type":"WebPage","@id":"https:\/\/tuguia.combarranquilla.co\/Revista\/la-astronomia-en-la-edad-temprana-el-deseo-de-explorar-el-mundo\/","url":"https:\/\/tuguia.combarranquilla.co\/Revista\/la-astronomia-en-la-edad-temprana-el-deseo-de-explorar-el-mundo\/","name":"La astronom\u00eda en la edad temprana: El deseo de explorar el mundo - Tu Gu\u00eda","isPartOf":{"@id":"https:\/\/tuguia.combarranquilla.co\/Revista\/#website"},"primaryImageOfPage":{"@id":"https:\/\/tuguia.combarranquilla.co\/Revista\/la-astronomia-en-la-edad-temprana-el-deseo-de-explorar-el-mundo\/#primaryimage"},"image":{"@id":"https:\/\/tuguia.combarranquilla.co\/Revista\/la-astronomia-en-la-edad-temprana-el-deseo-de-explorar-el-mundo\/#primaryimage"},"thumbnailUrl":"https:\/\/tuguia.combarranquilla.co\/Revista\/wp-content\/uploads\/2024\/08\/Designer.jpeg","datePublished":"2024-08-09T13:16:11+00:00","breadcrumb":{"@id":"https:\/\/tuguia.combarranquilla.co\/Revista\/la-astronomia-en-la-edad-temprana-el-deseo-de-explorar-el-mundo\/#breadcrumb"},"inLanguage":"es-CO","potentialAction":[{"@type":"ReadAction","target":["https:\/\/tuguia.combarranquilla.co\/Revista\/la-astronomia-en-la-edad-temprana-el-deseo-de-explorar-el-mundo\/"]}]},{"@type":"ImageObject","inLanguage":"es-CO","@id":"https:\/\/tuguia.combarranquilla.co\/Revista\/la-astronomia-en-la-edad-temprana-el-deseo-de-explorar-el-mundo\/#primaryimage","url":"https:\/\/tuguia.combarranquilla.co\/Revista\/wp-content\/uploads\/2024\/08\/Designer.jpeg","contentUrl":"https:\/\/tuguia.combarranquilla.co\/Revista\/wp-content\/uploads\/2024\/08\/Designer.jpeg","width":1792,"height":1024},{"@type":"BreadcrumbList","@id":"https:\/\/tuguia.combarranquilla.co\/Revista\/la-astronomia-en-la-edad-temprana-el-deseo-de-explorar-el-mundo\/#breadcrumb","itemListElement":[{"@type":"ListItem","position":1,"name":"Inicio","item":"https:\/\/tuguia.combarranquilla.co\/Revista\/"},{"@type":"ListItem","position":2,"name":"La astronom\u00eda en la edad temprana: El deseo de explorar el mundo"}]},{"@type":"WebSite","@id":"https:\/\/tuguia.combarranquilla.co\/Revista\/#website","url":"https:\/\/tuguia.combarranquilla.co\/Revista\/","name":"Tu Gu\u00eda","description":"La revista donde lo tienes todo.","publisher":{"@id":"https:\/\/tuguia.combarranquilla.co\/Revista\/#organization"},"alternateName":"Tu Gu\u00eda Combarranquilla","potentialAction":[{"@type":"SearchAction","target":{"@type":"EntryPoint","urlTemplate":"https:\/\/tuguia.combarranquilla.co\/Revista\/?s={search_term_string}"},"query-input":{"@type":"PropertyValueSpecification","valueRequired":true,"valueName":"search_term_string"}}],"inLanguage":"es-CO"},{"@type":"Organization","@id":"https:\/\/tuguia.combarranquilla.co\/Revista\/#organization","name":"Tu Gu\u00eda Combarranquilla","url":"https:\/\/tuguia.combarranquilla.co\/Revista\/","logo":{"@type":"ImageObject","inLanguage":"es-CO","@id":"https:\/\/tuguia.combarranquilla.co\/Revista\/#\/schema\/logo\/image\/","url":"https:\/\/tuguia.combarranquilla.co\/Revista\/wp-content\/uploads\/2022\/02\/logo-guia-combarranquilla.svg","contentUrl":"https:\/\/tuguia.combarranquilla.co\/Revista\/wp-content\/uploads\/2022\/02\/logo-guia-combarranquilla.svg","caption":"Tu Gu\u00eda Combarranquilla"},"image":{"@id":"https:\/\/tuguia.combarranquilla.co\/Revista\/#\/schema\/logo\/image\/"}},{"@type":"Person","@id":"https:\/\/tuguia.combarranquilla.co\/Revista\/#\/schema\/person\/c2c396a77170bd1d5f8ba73294eb0d10","name":"Comunicaciones Combarranquilla","image":{"@type":"ImageObject","inLanguage":"es-CO","@id":"https:\/\/tuguia.combarranquilla.co\/Revista\/wp-content\/uploads\/2025\/05\/ABC-Al-Rojo-Logo-96x96.jpg","url":"https:\/\/tuguia.combarranquilla.co\/Revista\/wp-content\/uploads\/2025\/05\/ABC-Al-Rojo-Logo-96x96.jpg","contentUrl":"https:\/\/tuguia.combarranquilla.co\/Revista\/wp-content\/uploads\/2025\/05\/ABC-Al-Rojo-Logo-96x96.jpg","caption":"Comunicaciones Combarranquilla"},"sameAs":["https:\/\/www.combarranquilla.co"],"url":"https:\/\/tuguia.combarranquilla.co\/Revista\/author\/comunicaciones\/"}]}},"_links":{"self":[{"href":"https:\/\/tuguia.combarranquilla.co\/Revista\/wp-json\/wp\/v2\/posts\/4653","targetHints":{"allow":["GET"]}}],"collection":[{"href":"https:\/\/tuguia.combarranquilla.co\/Revista\/wp-json\/wp\/v2\/posts"}],"about":[{"href":"https:\/\/tuguia.combarranquilla.co\/Revista\/wp-json\/wp\/v2\/types\/post"}],"author":[{"embeddable":true,"href":"https:\/\/tuguia.combarranquilla.co\/Revista\/wp-json\/wp\/v2\/users\/2"}],"replies":[{"embeddable":true,"href":"https:\/\/tuguia.combarranquilla.co\/Revista\/wp-json\/wp\/v2\/comments?post=4653"}],"version-history":[{"count":25,"href":"https:\/\/tuguia.combarranquilla.co\/Revista\/wp-json\/wp\/v2\/posts\/4653\/revisions"}],"predecessor-version":[{"id":4779,"href":"https:\/\/tuguia.combarranquilla.co\/Revista\/wp-json\/wp\/v2\/posts\/4653\/revisions\/4779"}],"wp:featuredmedia":[{"embeddable":true,"href":"https:\/\/tuguia.combarranquilla.co\/Revista\/wp-json\/wp\/v2\/media\/4689"}],"wp:attachment":[{"href":"https:\/\/tuguia.combarranquilla.co\/Revista\/wp-json\/wp\/v2\/media?parent=4653"}],"wp:term":[{"taxonomy":"category","embeddable":true,"href":"https:\/\/tuguia.combarranquilla.co\/Revista\/wp-json\/wp\/v2\/categories?post=4653"},{"taxonomy":"post_tag","embeddable":true,"href":"https:\/\/tuguia.combarranquilla.co\/Revista\/wp-json\/wp\/v2\/tags?post=4653"}],"curies":[{"name":"wp","href":"https:\/\/api.w.org\/{rel}","templated":true}]}}