{"id":4953,"date":"2024-09-03T13:40:24","date_gmt":"2024-09-03T18:40:24","guid":{"rendered":"https:\/\/tuguia.combarranquilla.co\/Revista\/?p=4953"},"modified":"2024-12-26T10:52:24","modified_gmt":"2024-12-26T15:52:24","slug":"la-voz-de-las-palabras-en-la-biblioteca-u-mario-santo-domingo-calle-30","status":"publish","type":"post","link":"https:\/\/tuguia.combarranquilla.co\/Revista\/la-voz-de-las-palabras-en-la-biblioteca-u-mario-santo-domingo-calle-30\/","title":{"rendered":"La voz de las palabras en la Biblioteca U. Mario Santo Domingo (Calle 30)"},"content":{"rendered":"\n<p>Las bibliotecas iniciaron como recipientes de libros destinados a un p\u00fablico limitado. Pero con el paso del tiempo han evolucionado para adaptarse a las din\u00e1micas culturales cambiantes que nos rigen. Ya no son espacios cerrados y reservados, donde se guarda silencio y se interact\u00faa de manera pasiva con los libros. Por el contrario, son instituciones de car\u00e1cter social y cultural que impulsan de manera activa la educaci\u00f3n, el conocimiento y la lectura. Tambi\u00e9n son espacios de encuentros, para que las comunidades disfruten de sus servicios y se integren en un mundo lleno de posibilidades creativas.<\/p>\n\n\n\n<p>En Combarranquilla, el servicio de biblioteca apoya la transformaci\u00f3n de la vida de los atlanticenses, mediante el desarrollo de actividades que promueven un acercamiento a la literatura. La biblioteca de la Unidad Mario Santo Domingo (Calle 30), ubicada en el municipio de Soledad, fue la primera en ser inaugurada luego de darse apertura a la unidad en 1989. Durante sus 35 a\u00f1os de funcionamiento, se ha puesto en la tarea de formar lectores y establecer lazos en la comunidad para forjar identidades so\u00f1adoras e integrales.<\/p>\n\n\n\n<div class=\"wp-block-group is-vertical is-layout-flex wp-container-core-group-is-layout-8cf370e7 wp-block-group-is-layout-flex\">\n<div class=\"wp-block-group is-vertical is-layout-flex wp-container-core-group-is-layout-8cf370e7 wp-block-group-is-layout-flex\">\n<p>Para lograr sus objetivos, ha llevado a cabo varias actividades y ha sido reconocida por sus contribuciones, entre ellas:<\/p>\n\n\n\n<div class=\"wp-block-group is-vertical is-layout-flex wp-container-core-group-is-layout-8cf370e7 wp-block-group-is-layout-flex\">\n<ul class=\"wp-block-list\">\n<li>La organizaci\u00f3n de la primera feria del libro en el municipio de Soledad, en la que tambi\u00e9n se realiz\u00f3 un recital de canciones del artista Jorge Villal\u00f3n y un concurso de pintura infantil.<\/li>\n<\/ul>\n\n\n\n<ul class=\"wp-block-list\">\n<li>La participaci\u00f3n en el proceso de implementaci\u00f3n del Sistema de Gesti\u00f3n de la Calidad que inici\u00f3 Combarranquilla en el a\u00f1o 2004, certificando sus servicios con la norma ISO 9001:2000 otorgada por ICONTEC. Este servicio fue certificado en el a\u00f1o 2006.<\/li>\n<\/ul>\n\n\n\n<ul class=\"wp-block-list\">\n<li>El recibimiento de la Maleta de Pel\u00edculas, incentivo otorgado por el Ministerio de Cultura en el a\u00f1o 2009. Este fue entregado con el fin de programar funciones de exhibici\u00f3n de pel\u00edculas en la Unidad destinadas a un p\u00fablico infantil y juvenil, y a estudiantes de colegios aleda\u00f1os y amas de casa.<\/li>\n<\/ul>\n<\/div>\n<\/div>\n<\/div>\n\n\n\n<p><\/p>\n\n\n\n<p>Teniendo en cuenta la historia de la biblioteca U. Mario Santo Domingo, Carmen Fontalvo, coordinadora de Biblioteca y Cultura en Combarranquilla, resalta su importancia en el fomento de la educaci\u00f3n y la generaci\u00f3n de conocimiento. Comenta, adem\u00e1s, sobre la admirable labor de los bibliotecarios que conforman la biblioteca, afirmando que \u201cson los agentes activos que acercan el libro y la lectura a los usuarios y visitantes, extendiendo el servicio a trav\u00e9s de su orientaci\u00f3n, para una buena utilizaci\u00f3n y manejo de los recursos\u201d. Para ella, el trabajo del bibliotecario mantiene la biblioteca en funcionamiento y nutre sus din\u00e1micas, debido a que es capaz de reconocer los intereses y las necesidades de los lectores. \u201c[Los bibliotecarios] organizan actividades culturales y de promoci\u00f3n de la lectura que permiten el crecimiento de las personas\u201d, a\u00f1ade.<\/p>\n\n\n\n<p>De hecho, este crecimiento ya es evidente. Usuarios que durante su vida acad\u00e9mica fueron lectores e investigadores fieles a los servicios de biblioteca, ahora son grandes profesionales y emprendedores. En la actualidad, muchos de ellos regresan como trabajadores de empresas afiliadas con sus hijos y familias, orgullosos de lo que han logrado. En ese sentido, la biblioteca de la Unidad Calle 30 y las de Combarranquilla en general pueden catalogarse como fabricantes de identidades que definen futuros, un rol fundamental para seguir avanzando en la sociedad.<\/p>\n\n\n<div class=\"wp-block-image is-style-rounded\">\n<figure class=\"aligncenter size-full is-resized\"><img decoding=\"async\" width=\"200\" height=\"200\" data-src=\"https:\/\/tuguia.combarranquilla.co\/Revista\/wp-content\/uploads\/2024\/08\/1578079317171.jpg\" alt=\"\" class=\"wp-image-4958 lazyload\" style=\"--smush-placeholder-width: 200px; --smush-placeholder-aspect-ratio: 200\/200;width:144px;height:auto\" data-srcset=\"https:\/\/tuguia.combarranquilla.co\/Revista\/wp-content\/uploads\/2024\/08\/1578079317171.jpg 200w, https:\/\/tuguia.combarranquilla.co\/Revista\/wp-content\/uploads\/2024\/08\/1578079317171-150x150.jpg 150w\" data-sizes=\"(max-width: 200px) 100vw, 200px\" src=\"data:image\/svg+xml;base64,PHN2ZyB3aWR0aD0iMSIgaGVpZ2h0PSIxIiB4bWxucz0iaHR0cDovL3d3dy53My5vcmcvMjAwMC9zdmciPjwvc3ZnPg==\" \/><\/figure><\/div>\n\n\n<blockquote class=\"wp-block-quote has-text-align-center is-style-large is-layout-flow wp-block-quote-is-layout-flow\" style=\"font-size:14px\">\n<p style=\"font-size:16px\">\u00ab<em>A futuro, estamos propendiendo por la creaci\u00f3n de servicios y espacios inclusivos que permitan la participaci\u00f3n y uso de los diferentes servicios para personas en condici\u00f3n de discapacidad.<\/em>\u00bb<\/p>\n<cite>\u2014 <em>Carmen Fontalvo, coordinadora de Biblioteca y Cultura<\/em><\/cite><\/blockquote>\n\n\n\n<p>Con la meta de seguir aportando a la educaci\u00f3n y la cultura, la biblioteca ubicada en la calle 30 ofrece actividades imperdibles y enriquecedoras:<\/p>\n\n\n\n<div class=\"wp-block-group is-vertical is-layout-flex wp-container-core-group-is-layout-8cf370e7 wp-block-group-is-layout-flex\">\n<div class=\"wp-block-group is-vertical is-layout-flex wp-container-core-group-is-layout-8cf370e7 wp-block-group-is-layout-flex\">\n<h2 class=\"wp-block-heading has-medium-font-size\"><strong>Actividades de promoci\u00f3n y animaci\u00f3n a la lectura para ni\u00f1os<\/strong><\/h2>\n\n\n\n<div class=\"wp-block-columns is-layout-flex wp-container-core-columns-is-layout-9d6595d7 wp-block-columns-is-layout-flex\">\n<div class=\"wp-block-column is-layout-flow wp-block-column-is-layout-flow\">\n<figure class=\"wp-block-image size-large\"><img decoding=\"async\" width=\"1024\" height=\"683\" data-src=\"https:\/\/tuguia.combarranquilla.co\/Revista\/wp-content\/uploads\/2024\/08\/DSC_0423-1024x683.jpg\" alt=\"\" class=\"wp-image-4960 lazyload\" data-srcset=\"https:\/\/tuguia.combarranquilla.co\/Revista\/wp-content\/uploads\/2024\/08\/DSC_0423-1024x683.jpg 1024w, https:\/\/tuguia.combarranquilla.co\/Revista\/wp-content\/uploads\/2024\/08\/DSC_0423-300x200.jpg 300w, https:\/\/tuguia.combarranquilla.co\/Revista\/wp-content\/uploads\/2024\/08\/DSC_0423-768x512.jpg 768w, https:\/\/tuguia.combarranquilla.co\/Revista\/wp-content\/uploads\/2024\/08\/DSC_0423-1536x1024.jpg 1536w, https:\/\/tuguia.combarranquilla.co\/Revista\/wp-content\/uploads\/2024\/08\/DSC_0423-2048x1365.jpg 2048w\" data-sizes=\"(max-width: 1024px) 100vw, 1024px\" src=\"data:image\/svg+xml;base64,PHN2ZyB3aWR0aD0iMSIgaGVpZ2h0PSIxIiB4bWxucz0iaHR0cDovL3d3dy53My5vcmcvMjAwMC9zdmciPjwvc3ZnPg==\" style=\"--smush-placeholder-width: 1024px; --smush-placeholder-aspect-ratio: 1024\/683;\" \/><\/figure>\n<\/div>\n\n\n\n<div class=\"wp-block-column is-layout-flow wp-block-column-is-layout-flow\">\n<figure class=\"wp-block-image size-large\"><img decoding=\"async\" width=\"1024\" height=\"683\" data-src=\"https:\/\/tuguia.combarranquilla.co\/Revista\/wp-content\/uploads\/2024\/08\/DSC_0425-1-1024x683.jpg\" alt=\"\" class=\"wp-image-4963 lazyload\" data-srcset=\"https:\/\/tuguia.combarranquilla.co\/Revista\/wp-content\/uploads\/2024\/08\/DSC_0425-1-1024x683.jpg 1024w, https:\/\/tuguia.combarranquilla.co\/Revista\/wp-content\/uploads\/2024\/08\/DSC_0425-1-300x200.jpg 300w, https:\/\/tuguia.combarranquilla.co\/Revista\/wp-content\/uploads\/2024\/08\/DSC_0425-1-768x512.jpg 768w, https:\/\/tuguia.combarranquilla.co\/Revista\/wp-content\/uploads\/2024\/08\/DSC_0425-1-1536x1024.jpg 1536w, https:\/\/tuguia.combarranquilla.co\/Revista\/wp-content\/uploads\/2024\/08\/DSC_0425-1-2048x1365.jpg 2048w\" data-sizes=\"(max-width: 1024px) 100vw, 1024px\" src=\"data:image\/svg+xml;base64,PHN2ZyB3aWR0aD0iMSIgaGVpZ2h0PSIxIiB4bWxucz0iaHR0cDovL3d3dy53My5vcmcvMjAwMC9zdmciPjwvc3ZnPg==\" style=\"--smush-placeholder-width: 1024px; --smush-placeholder-aspect-ratio: 1024\/683;\" \/><\/figure>\n<\/div>\n<\/div>\n<\/div>\n\n\n\n<div class=\"wp-block-group is-vertical is-layout-flex wp-container-core-group-is-layout-8cf370e7 wp-block-group-is-layout-flex\">\n<div class=\"wp-block-group is-vertical is-layout-flex wp-container-core-group-is-layout-8cf370e7 wp-block-group-is-layout-flex\">\n<p><strong>Hora del cuento:<\/strong> Actividades de narraci\u00f3n oral que estimulan la imaginaci\u00f3n y fomentan la comprensi\u00f3n lectora en los ni\u00f1os.<\/p>\n\n\n\n<ul class=\"wp-block-list\">\n<li>Dirigido a ni\u00f1os de 4 a 7 a\u00f1os.<\/li>\n<\/ul>\n\n\n\n<ul class=\"wp-block-list\">\n<li>Horario: viernes de 3:00 p.m. a 4:00 p.m.<\/li>\n<\/ul>\n\n\n\n<ul class=\"wp-block-list\">\n<li>Duraci\u00f3n: 1 hora&nbsp;<\/li>\n<\/ul>\n\n\n\n<p><em>Entrada libre con previa inscripci\u00f3n.<\/em><\/p>\n<\/div>\n<\/div>\n<\/div>\n\n\n\n<div class=\"wp-block-group is-vertical is-layout-flex wp-container-core-group-is-layout-8cf370e7 wp-block-group-is-layout-flex\">\n<p><strong>Club de lectura:<\/strong> Encuentro con ni\u00f1os y j\u00f3venes para conocer m\u00e1s a fondo la literatura.<\/p>\n\n\n\n<ul class=\"wp-block-list\">\n<li>Dirigido a ni\u00f1os de 8 a 12 a\u00f1os.<\/li>\n<\/ul>\n\n\n\n<ul class=\"wp-block-list\">\n<li>Horario: viernes de 4:00 p.m. a 5:00 p.m.&nbsp;<\/li>\n<\/ul>\n\n\n\n<ul class=\"wp-block-list\">\n<li>Duraci\u00f3n: 1 hora&nbsp;<\/li>\n<\/ul>\n\n\n\n<p><em>Entrada libre con previa inscripci\u00f3n.<\/em><\/p>\n<\/div>\n\n\n\n<div class=\"wp-block-group is-vertical is-layout-flex wp-container-core-group-is-layout-8cf370e7 wp-block-group-is-layout-flex\">\n<h2 class=\"wp-block-heading has-medium-font-size\"><strong>Cursos permanentes<\/strong><\/h2>\n\n\n\n<div class=\"wp-block-group is-vertical is-layout-flex wp-container-core-group-is-layout-8cf370e7 wp-block-group-is-layout-flex\">\n<div class=\"wp-block-group is-vertical is-layout-flex wp-container-core-group-is-layout-8cf370e7 wp-block-group-is-layout-flex\">\n<p><strong>Guitarra: <\/strong>Este espacio de formaci\u00f3n busca que el participante obtenga conocimientos b\u00e1sicos sobre la guitarra, posturas y digitaci\u00f3n de la misma, con la ejecuci\u00f3n de ritmos de m\u00fasica popular y folclor colombiano y latinoamericano.<\/p>\n\n\n\n<ul class=\"wp-block-list\">\n<li>Dirigido a ni\u00f1os y j\u00f3venes de 9 a 15 a\u00f1os.<\/li>\n<\/ul>\n\n\n\n<ul class=\"wp-block-list\">\n<li>D\u00edas: s\u00e1bados<\/li>\n<\/ul>\n\n\n\n<ul class=\"wp-block-list\">\n<li>Horario: 10:00 a.m. a 12:00 m.&nbsp;<\/li>\n<\/ul>\n\n\n\n<ul class=\"wp-block-list\">\n<li>Intensidad horaria: 12 horas&nbsp;<\/li>\n<\/ul>\n<\/div>\n\n\n\n<figure class=\"wp-block-table is-style-stripes\"><table class=\"has-background has-fixed-layout\" style=\"background-color:#d3e0d0\"><tbody><tr><td><strong>Categor\u00eda A<\/strong>&nbsp;<\/td><td>$57.200&nbsp;<\/td><\/tr><tr><td><strong>Categor\u00eda B<\/strong>&nbsp;<\/td><td>$64.400&nbsp;<\/td><\/tr><tr><td><strong>Categor\u00eda C<\/strong>&nbsp;<\/td><td>$75.300&nbsp;<\/td><\/tr><tr><td><strong>Categor\u00eda D<\/strong>&nbsp;<\/td><td>$102.200&nbsp;<\/td><\/tr><\/tbody><\/table><\/figure>\n<\/div>\n<\/div>\n\n\n\n<div class=\"wp-block-group is-vertical is-layout-flex wp-container-core-group-is-layout-8cf370e7 wp-block-group-is-layout-flex\">\n<p><strong>Explora y crea (lectura, pintura y baile): <\/strong>Taller que integra la lectura, la pintura y el baile a trav\u00e9s de la l\u00fadica; potencializando habilidades manuales y motrices en los menores.<\/p>\n\n\n\n<ul class=\"wp-block-list\">\n<li>Dirigido a ni\u00f1os de 4 a 10 a\u00f1os.&nbsp;<\/li>\n<\/ul>\n\n\n\n<ul class=\"wp-block-list\">\n<li>D\u00edas: s\u00e1bados&nbsp;<\/li>\n<\/ul>\n\n\n\n<ul class=\"wp-block-list\">\n<li>Hora: 10:00 a.m. a 12:00 m.&nbsp;<\/li>\n<\/ul>\n\n\n\n<ul class=\"wp-block-list\">\n<li>Intensidad horaria: 12 horas&nbsp;<\/li>\n<\/ul>\n\n\n\n<figure class=\"wp-block-table is-style-stripes\"><table class=\"has-background has-fixed-layout\" style=\"background-color:#d3e0d0\"><tbody><tr><td><strong>Categor\u00eda A&nbsp;<\/strong><\/td><td>$59.100&nbsp;<\/td><\/tr><tr><td><strong>Categor\u00eda B<\/strong>&nbsp;<\/td><td>$66.500&nbsp;<\/td><\/tr><tr><td><strong>Categor\u00eda C<\/strong>&nbsp;<\/td><td>$98.600&nbsp;<\/td><\/tr><tr><td><strong>Categor\u00eda D&nbsp;<\/strong><\/td><td>$133.800&nbsp;<\/td><\/tr><\/tbody><\/table><\/figure>\n<\/div>\n\n\n\n<div class=\"wp-block-group is-vertical is-layout-flex wp-container-core-group-is-layout-8cf370e7 wp-block-group-is-layout-flex\">\n<div class=\"wp-block-group is-vertical is-layout-flex wp-container-core-group-is-layout-8cf370e7 wp-block-group-is-layout-flex\">\n<p><strong>Taller de pintura infantil:<\/strong> Los ni\u00f1os podr\u00e1n aprender t\u00e9cnicas que les ayuden a desarrollar su creatividad, destreza y habilidades art\u00edsticas.<\/p>\n\n\n\n<ul class=\"wp-block-list\">\n<li>Dirigido a ni\u00f1os de 4 a 10 a\u00f1os.&nbsp;<\/li>\n<\/ul>\n\n\n\n<ul class=\"wp-block-list\">\n<li>D\u00edas: s\u00e1bado<\/li>\n<\/ul>\n\n\n\n<ul class=\"wp-block-list\">\n<li>Hora: 10:00 a.m. a 12:00 m.&nbsp;<\/li>\n<\/ul>\n\n\n\n<ul class=\"wp-block-list\">\n<li>Intensidad horaria: 12 horas&nbsp;<\/li>\n<\/ul>\n\n\n\n<figure class=\"wp-block-table is-style-stripes\"><table class=\"has-background has-fixed-layout\" style=\"background-color:#d3e0d0\"><tbody><tr><td><strong>Categor\u00eda A&nbsp;<\/strong><\/td><td>$57.500&nbsp;<\/td><\/tr><tr><td><strong>Categor\u00eda B&nbsp;<\/strong><\/td><td>$64.700&nbsp;<\/td><\/tr><tr><td><strong>Categor\u00eda C&nbsp;<\/strong><\/td><td>$122.400&nbsp;<\/td><\/tr><tr><td><strong>Categor\u00eda D&nbsp;<\/strong><\/td><td>$166.100&nbsp;<\/td><\/tr><\/tbody><\/table><\/figure>\n<\/div>\n<\/div>\n\n\n\n<div class=\"wp-block-group is-vertical is-layout-flex wp-container-core-group-is-layout-8cf370e7 wp-block-group-is-layout-flex\">\n<div class=\"wp-block-group is-vertical is-layout-flex wp-container-core-group-is-layout-8cf370e7 wp-block-group-is-layout-flex\">\n<p><strong>Taller English Club (nivel inicial):<\/strong> Taller para familiarizar a los ni\u00f1os con la lengua extranjera, a la vez que incrementan sus conocimientos de forma l\u00fadica, interactiva y participativa.<\/p>\n\n\n\n<ul class=\"wp-block-list\">\n<li>Dirigido: Ni\u00f1os de 6 a 10 a\u00f1os.&nbsp;<\/li>\n<\/ul>\n\n\n\n<ul class=\"wp-block-list\">\n<li>D\u00edas: s\u00e1bados Horario 10:00 a.m. a 12:00 m.&nbsp;<\/li>\n<\/ul>\n\n\n\n<ul class=\"wp-block-list\">\n<li>Intensidad horaria: 12 horas&nbsp;<\/li>\n<\/ul>\n<\/div>\n\n\n\n<figure class=\"wp-block-table is-style-stripes\"><table class=\"has-background has-fixed-layout\" style=\"background-color:#d3e0d0\"><tbody><tr><td><strong>Categor\u00eda A&nbsp;<\/strong><\/td><td>$57.600&nbsp;<\/td><\/tr><tr><td><strong>Categor\u00eda B&nbsp;<\/strong><\/td><td>$64.800&nbsp;<\/td><\/tr><tr><td><strong>Categor\u00eda C&nbsp;<\/strong><\/td><td>$75.800&nbsp;<\/td><\/tr><tr><td><strong>Categor\u00eda D<\/strong>&nbsp;<\/td><td>$102.800&nbsp;<\/td><\/tr><\/tbody><\/table><\/figure>\n<\/div>\n\n\n\n<div class=\"wp-block-group is-vertical is-layout-flex wp-container-core-group-is-layout-8cf370e7 wp-block-group-is-layout-flex\">\n<p><strong>Taller lecto-escritura:<\/strong> La lectura y escritura son habilidades b\u00e1sicas que ayudan a desarrollar en los ni\u00f1os su lenguaje, aumentar el vocabulario, mejorar ortograf\u00eda y adquirir conocimiento, entre otros beneficios.&nbsp;<\/p>\n\n\n\n<ul class=\"wp-block-list\">\n<li>Dirigido a ni\u00f1os de 6 a 10 a\u00f1os.&nbsp;<\/li>\n<\/ul>\n\n\n\n<ul class=\"wp-block-list\">\n<li>D\u00edas: s\u00e1bados<\/li>\n<\/ul>\n\n\n\n<ul class=\"wp-block-list\">\n<li>Horario: 10:00 a.m. a 12:00 m.<\/li>\n<\/ul>\n\n\n\n<ul class=\"wp-block-list\">\n<li>Intensidad horaria: 12 horas&nbsp;<\/li>\n<\/ul>\n\n\n\n<figure class=\"wp-block-table is-style-stripes\"><table class=\"has-background has-fixed-layout\" style=\"background-color:#d3e0d0\"><tbody><tr><td><strong>Categor\u00eda A&nbsp;<\/strong><\/td><td>$57.200&nbsp;<\/td><\/tr><tr><td><strong>Categor\u00eda B&nbsp;<\/strong><\/td><td>$64.300&nbsp;<\/td><\/tr><tr><td><strong>Categor\u00eda C&nbsp;<\/strong><\/td><td>$75.200&nbsp;<\/td><\/tr><tr><td><strong>Categor\u00eda D&nbsp;<\/strong><\/td><td>$102.000&nbsp;<\/td><\/tr><\/tbody><\/table><\/figure>\n<\/div>\n\n\n\n<div class=\"wp-block-group is-vertical is-layout-flex wp-container-core-group-is-layout-8cf370e7 wp-block-group-is-layout-flex\">\n<p><strong>Taller de refuerzo en matem\u00e1ticas (infantil): <\/strong>Taller para afianzar lo aprendido en el aula de clases, desarrollar la l\u00f3gica, el c\u00e1lculo mental y aplicarlo en la vida cotidiana.<\/p>\n\n\n\n<ul class=\"wp-block-list\">\n<li>Dirigido a ni\u00f1os de b\u00e1sica primaria (1\u00b0 a 5\u00b0 grado).&nbsp;<\/li>\n<\/ul>\n\n\n\n<ul class=\"wp-block-list\">\n<li>D\u00edas: s\u00e1bados<\/li>\n<\/ul>\n\n\n\n<ul class=\"wp-block-list\">\n<li>Horario 9:00 a.m. a 11:00 a.m.<\/li>\n<\/ul>\n\n\n\n<ul class=\"wp-block-list\">\n<li>Intensidad horaria: 12 horas&nbsp;<\/li>\n<\/ul>\n\n\n\n<figure class=\"wp-block-table is-style-stripes\"><table class=\"has-background has-fixed-layout\" style=\"background-color:#d3e0d0\"><tbody><tr><td><strong>Categor\u00eda A&nbsp;<\/strong><\/td><td>$31.900&nbsp;<\/td><\/tr><tr><td><strong>Categor\u00eda B&nbsp;<\/strong><\/td><td>$35.900&nbsp;<\/td><\/tr><tr><td><strong>Categor\u00eda C&nbsp;<\/strong><\/td><td>$42.000&nbsp;<\/td><\/tr><tr><td><strong>Categor\u00eda D&nbsp;<\/strong><\/td><td>$56.900&nbsp;<\/td><\/tr><\/tbody><\/table><\/figure>\n<\/div>\n\n\n\n<div class=\"wp-block-group is-vertical is-layout-flex wp-container-core-group-is-layout-8cf370e7 wp-block-group-is-layout-flex\">\n<h2 class=\"wp-block-heading has-medium-font-size\"><strong>\u00bfC\u00f3mo acceder al servicio de biblioteca?<\/strong><\/h2>\n\n\n\n<div class=\"wp-block-group is-vertical is-layout-flex wp-container-core-group-is-layout-8cf370e7 wp-block-group-is-layout-flex\">\n<div class=\"wp-block-columns is-layout-flex wp-container-core-columns-is-layout-9d6595d7 wp-block-columns-is-layout-flex\">\n<div class=\"wp-block-column is-layout-flow wp-block-column-is-layout-flow\">\n<figure class=\"wp-block-image size-large\"><img decoding=\"async\" width=\"1024\" height=\"683\" data-src=\"https:\/\/tuguia.combarranquilla.co\/Revista\/wp-content\/uploads\/2024\/08\/DSC_0428-1024x683.jpg\" alt=\"\" class=\"wp-image-4965 lazyload\" data-srcset=\"https:\/\/tuguia.combarranquilla.co\/Revista\/wp-content\/uploads\/2024\/08\/DSC_0428-1024x683.jpg 1024w, https:\/\/tuguia.combarranquilla.co\/Revista\/wp-content\/uploads\/2024\/08\/DSC_0428-300x200.jpg 300w, https:\/\/tuguia.combarranquilla.co\/Revista\/wp-content\/uploads\/2024\/08\/DSC_0428-768x512.jpg 768w, https:\/\/tuguia.combarranquilla.co\/Revista\/wp-content\/uploads\/2024\/08\/DSC_0428-1536x1024.jpg 1536w, https:\/\/tuguia.combarranquilla.co\/Revista\/wp-content\/uploads\/2024\/08\/DSC_0428-2048x1365.jpg 2048w\" data-sizes=\"(max-width: 1024px) 100vw, 1024px\" src=\"data:image\/svg+xml;base64,PHN2ZyB3aWR0aD0iMSIgaGVpZ2h0PSIxIiB4bWxucz0iaHR0cDovL3d3dy53My5vcmcvMjAwMC9zdmciPjwvc3ZnPg==\" style=\"--smush-placeholder-width: 1024px; --smush-placeholder-aspect-ratio: 1024\/683;\" \/><\/figure>\n<\/div>\n\n\n\n<div class=\"wp-block-column is-layout-flow wp-block-column-is-layout-flow\">\n<figure class=\"wp-block-image size-large\"><img decoding=\"async\" width=\"1024\" height=\"683\" data-src=\"https:\/\/tuguia.combarranquilla.co\/Revista\/wp-content\/uploads\/2024\/08\/DSC_0419-1024x683.jpg\" alt=\"\" class=\"wp-image-4964 lazyload\" data-srcset=\"https:\/\/tuguia.combarranquilla.co\/Revista\/wp-content\/uploads\/2024\/08\/DSC_0419-1024x683.jpg 1024w, https:\/\/tuguia.combarranquilla.co\/Revista\/wp-content\/uploads\/2024\/08\/DSC_0419-300x200.jpg 300w, https:\/\/tuguia.combarranquilla.co\/Revista\/wp-content\/uploads\/2024\/08\/DSC_0419-768x512.jpg 768w, https:\/\/tuguia.combarranquilla.co\/Revista\/wp-content\/uploads\/2024\/08\/DSC_0419-1536x1024.jpg 1536w, https:\/\/tuguia.combarranquilla.co\/Revista\/wp-content\/uploads\/2024\/08\/DSC_0419-2048x1365.jpg 2048w\" data-sizes=\"(max-width: 1024px) 100vw, 1024px\" src=\"data:image\/svg+xml;base64,PHN2ZyB3aWR0aD0iMSIgaGVpZ2h0PSIxIiB4bWxucz0iaHR0cDovL3d3dy53My5vcmcvMjAwMC9zdmciPjwvc3ZnPg==\" style=\"--smush-placeholder-width: 1024px; --smush-placeholder-aspect-ratio: 1024\/683;\" \/><\/figure>\n<\/div>\n<\/div>\n\n\n\n<p>Si eres afiliado a Combarranquilla, el servicio es gratuito. Para utilizarlo, debes presentar tu tarjeta multipago o el documento de identidad. Podr\u00e1s hacer uso del servicio de consulta en las salas de las bibliotecas y pr\u00e9stamos de libros a domicilio o a trav\u00e9s de los servicios en l\u00ednea en la p\u00e1gina web.&nbsp;<\/p>\n<\/div>\n<\/div>\n\n\n\n<div class=\"wp-block-group is-vertical is-layout-flex wp-container-core-group-is-layout-8cf370e7 wp-block-group-is-layout-flex\">\n<p>Si no eres afiliado, no te preocupes, solo debes seguir estos pasos para inscribirte al servicio:&nbsp;<\/p>\n\n\n\n<ol start=\"1\" class=\"wp-block-list\">\n<li>Diligenciar la solicitud de inscripci\u00f3n* en la biblioteca&nbsp;<\/li>\n<\/ol>\n\n\n\n<ol start=\"2\" class=\"wp-block-list\">\n<li>Presentar su documento de identidad&nbsp;<\/li>\n<\/ol>\n\n\n\n<ol start=\"3\" class=\"wp-block-list\">\n<li>Entregar una foto reciente&nbsp;<\/li>\n<\/ol>\n\n\n\n<ol start=\"4\" class=\"wp-block-list\">\n<li>Cancelar la tarifa vigente&nbsp;<\/li>\n<\/ol>\n\n\n\n<p style=\"font-size:14px\"><em>*La vigencia de la inscripci\u00f3n ser\u00e1 de un (1) a\u00f1o.<\/em><\/p>\n<\/div>\n\n\n\n<p>Puedes visitar la biblioteca de lunes a viernes (de 8:30 a.m. a 12:00 pm y de 2:00 pm a 6:00 p.m.) y los s\u00e1bados (de 8:30 a.m. a 2:00 p.m.).<\/p>\n\n\n\n<p>Con el apoyo de nuestras bibliotecas y sus bibliotecarios, buscamos forjar identidades y contribuir al bienestar de todas las familias. \u00a1Te invitamos a que vivas la cultura para que sigas expandiendo tu mente!<\/p>\n\n\n\n<figure class=\"wp-block-table is-style-stripes\"><table class=\"has-background has-fixed-layout\" style=\"background-color:#a5ccb3\"><tbody><tr><td><em><strong>Para m\u00e1s informaci\u00f3n<br>L\u00ednea verde: <\/strong>(605) 3225049&nbsp;\u2013 Opci\u00f3n 5<br><strong>Correo:<\/strong> <a href=\"mailto:biblioteca.calle30@combarranquilla.co\" target=\"_blank\" rel=\"noreferrer noopener\">biblioteca.calle30@combarranquilla.co<\/a><\/em><\/td><\/tr><\/tbody><\/table><\/figure>\n","protected":false},"excerpt":{"rendered":"<p>Las bibliotecas iniciaron como recipientes de libros destinados a un p\u00fablico limitado. Pero con el paso del tiempo han evolucionado para adaptarse a las din\u00e1micas culturales cambiantes que nos rigen. Ya no son espacios cerrados y reservados, donde se guarda silencio y se interact\u00faa de manera pasiva con los libros. Por el contrario, son instituciones [&hellip;]<\/p>\n","protected":false},"author":2,"featured_media":4976,"comment_status":"open","ping_status":"open","sticky":false,"template":"","format":"standard","meta":{"inline_featured_image":false,"footnotes":""},"categories":[4],"tags":[],"class_list":["post-4953","post","type-post","status-publish","format-standard","has-post-thumbnail","hentry","category-ciencia-y-cultura"],"yoast_head":"<!-- This site is optimized with the Yoast SEO plugin v27.4 - https:\/\/yoast.com\/product\/yoast-seo-wordpress\/ -->\n<title>La voz de las palabras en la Biblioteca U. Mario Santo Domingo (Calle 30) - Tu Gu\u00eda<\/title>\n<meta name=\"robots\" content=\"index, follow, max-snippet:-1, max-image-preview:large, max-video-preview:-1\" \/>\n<link rel=\"canonical\" href=\"https:\/\/tuguia.combarranquilla.co\/Revista\/la-voz-de-las-palabras-en-la-biblioteca-u-mario-santo-domingo-calle-30\/\" \/>\n<meta property=\"og:locale\" content=\"es_ES\" \/>\n<meta property=\"og:type\" content=\"article\" \/>\n<meta property=\"og:title\" content=\"La voz de las palabras en la Biblioteca U. Mario Santo Domingo (Calle 30) - Tu Gu\u00eda\" \/>\n<meta property=\"og:description\" content=\"Las bibliotecas iniciaron como recipientes de libros destinados a un p\u00fablico limitado. Pero con el paso del tiempo han evolucionado para adaptarse a las din\u00e1micas culturales cambiantes que nos rigen. Ya no son espacios cerrados y reservados, donde se guarda silencio y se interact\u00faa de manera pasiva con los libros. Por el contrario, son instituciones [&hellip;]\" \/>\n<meta property=\"og:url\" content=\"https:\/\/tuguia.combarranquilla.co\/Revista\/la-voz-de-las-palabras-en-la-biblioteca-u-mario-santo-domingo-calle-30\/\" \/>\n<meta property=\"og:site_name\" content=\"Tu Gu\u00eda\" \/>\n<meta property=\"article:published_time\" content=\"2024-09-03T18:40:24+00:00\" \/>\n<meta property=\"article:modified_time\" content=\"2024-12-26T15:52:24+00:00\" \/>\n<meta property=\"og:image\" content=\"https:\/\/tuguia.combarranquilla.co\/Revista\/wp-content\/uploads\/2024\/08\/DSC_0417-1-scaled.jpg\" \/>\n\t<meta property=\"og:image:width\" content=\"2560\" \/>\n\t<meta property=\"og:image:height\" content=\"1396\" \/>\n\t<meta property=\"og:image:type\" content=\"image\/jpeg\" \/>\n<meta name=\"author\" content=\"Comunicaciones Combarranquilla\" \/>\n<meta name=\"twitter:card\" content=\"summary_large_image\" \/>\n<meta name=\"twitter:label1\" content=\"Escrito por\" \/>\n\t<meta name=\"twitter:data1\" content=\"Comunicaciones Combarranquilla\" \/>\n\t<meta name=\"twitter:label2\" content=\"Tiempo de lectura\" \/>\n\t<meta name=\"twitter:data2\" content=\"7 minutos\" \/>\n<script type=\"application\/ld+json\" class=\"yoast-schema-graph\">{\"@context\":\"https:\\\/\\\/schema.org\",\"@graph\":[{\"@type\":\"Article\",\"@id\":\"https:\\\/\\\/tuguia.combarranquilla.co\\\/Revista\\\/la-voz-de-las-palabras-en-la-biblioteca-u-mario-santo-domingo-calle-30\\\/#article\",\"isPartOf\":{\"@id\":\"https:\\\/\\\/tuguia.combarranquilla.co\\\/Revista\\\/la-voz-de-las-palabras-en-la-biblioteca-u-mario-santo-domingo-calle-30\\\/\"},\"author\":{\"name\":\"Comunicaciones Combarranquilla\",\"@id\":\"https:\\\/\\\/tuguia.combarranquilla.co\\\/Revista\\\/#\\\/schema\\\/person\\\/c2c396a77170bd1d5f8ba73294eb0d10\"},\"headline\":\"La voz de las palabras en la Biblioteca U. Mario Santo Domingo (Calle 30)\",\"datePublished\":\"2024-09-03T18:40:24+00:00\",\"dateModified\":\"2024-12-26T15:52:24+00:00\",\"mainEntityOfPage\":{\"@id\":\"https:\\\/\\\/tuguia.combarranquilla.co\\\/Revista\\\/la-voz-de-las-palabras-en-la-biblioteca-u-mario-santo-domingo-calle-30\\\/\"},\"wordCount\":1396,\"commentCount\":0,\"publisher\":{\"@id\":\"https:\\\/\\\/tuguia.combarranquilla.co\\\/Revista\\\/#organization\"},\"image\":{\"@id\":\"https:\\\/\\\/tuguia.combarranquilla.co\\\/Revista\\\/la-voz-de-las-palabras-en-la-biblioteca-u-mario-santo-domingo-calle-30\\\/#primaryimage\"},\"thumbnailUrl\":\"https:\\\/\\\/tuguia.combarranquilla.co\\\/Revista\\\/wp-content\\\/uploads\\\/2024\\\/08\\\/DSC_0417-1-scaled.jpg\",\"articleSection\":[\"CIENCIA Y CULTURA\"],\"inLanguage\":\"es-CO\",\"potentialAction\":[{\"@type\":\"CommentAction\",\"name\":\"Comment\",\"target\":[\"https:\\\/\\\/tuguia.combarranquilla.co\\\/Revista\\\/la-voz-de-las-palabras-en-la-biblioteca-u-mario-santo-domingo-calle-30\\\/#respond\"]}]},{\"@type\":\"WebPage\",\"@id\":\"https:\\\/\\\/tuguia.combarranquilla.co\\\/Revista\\\/la-voz-de-las-palabras-en-la-biblioteca-u-mario-santo-domingo-calle-30\\\/\",\"url\":\"https:\\\/\\\/tuguia.combarranquilla.co\\\/Revista\\\/la-voz-de-las-palabras-en-la-biblioteca-u-mario-santo-domingo-calle-30\\\/\",\"name\":\"La voz de las palabras en la Biblioteca U. Mario Santo Domingo (Calle 30) - Tu Gu\u00eda\",\"isPartOf\":{\"@id\":\"https:\\\/\\\/tuguia.combarranquilla.co\\\/Revista\\\/#website\"},\"primaryImageOfPage\":{\"@id\":\"https:\\\/\\\/tuguia.combarranquilla.co\\\/Revista\\\/la-voz-de-las-palabras-en-la-biblioteca-u-mario-santo-domingo-calle-30\\\/#primaryimage\"},\"image\":{\"@id\":\"https:\\\/\\\/tuguia.combarranquilla.co\\\/Revista\\\/la-voz-de-las-palabras-en-la-biblioteca-u-mario-santo-domingo-calle-30\\\/#primaryimage\"},\"thumbnailUrl\":\"https:\\\/\\\/tuguia.combarranquilla.co\\\/Revista\\\/wp-content\\\/uploads\\\/2024\\\/08\\\/DSC_0417-1-scaled.jpg\",\"datePublished\":\"2024-09-03T18:40:24+00:00\",\"dateModified\":\"2024-12-26T15:52:24+00:00\",\"breadcrumb\":{\"@id\":\"https:\\\/\\\/tuguia.combarranquilla.co\\\/Revista\\\/la-voz-de-las-palabras-en-la-biblioteca-u-mario-santo-domingo-calle-30\\\/#breadcrumb\"},\"inLanguage\":\"es-CO\",\"potentialAction\":[{\"@type\":\"ReadAction\",\"target\":[\"https:\\\/\\\/tuguia.combarranquilla.co\\\/Revista\\\/la-voz-de-las-palabras-en-la-biblioteca-u-mario-santo-domingo-calle-30\\\/\"]}]},{\"@type\":\"ImageObject\",\"inLanguage\":\"es-CO\",\"@id\":\"https:\\\/\\\/tuguia.combarranquilla.co\\\/Revista\\\/la-voz-de-las-palabras-en-la-biblioteca-u-mario-santo-domingo-calle-30\\\/#primaryimage\",\"url\":\"https:\\\/\\\/tuguia.combarranquilla.co\\\/Revista\\\/wp-content\\\/uploads\\\/2024\\\/08\\\/DSC_0417-1-scaled.jpg\",\"contentUrl\":\"https:\\\/\\\/tuguia.combarranquilla.co\\\/Revista\\\/wp-content\\\/uploads\\\/2024\\\/08\\\/DSC_0417-1-scaled.jpg\",\"width\":2560,\"height\":1396},{\"@type\":\"BreadcrumbList\",\"@id\":\"https:\\\/\\\/tuguia.combarranquilla.co\\\/Revista\\\/la-voz-de-las-palabras-en-la-biblioteca-u-mario-santo-domingo-calle-30\\\/#breadcrumb\",\"itemListElement\":[{\"@type\":\"ListItem\",\"position\":1,\"name\":\"Inicio\",\"item\":\"https:\\\/\\\/tuguia.combarranquilla.co\\\/Revista\\\/\"},{\"@type\":\"ListItem\",\"position\":2,\"name\":\"La voz de las palabras en la Biblioteca U. Mario Santo Domingo (Calle 30)\"}]},{\"@type\":\"WebSite\",\"@id\":\"https:\\\/\\\/tuguia.combarranquilla.co\\\/Revista\\\/#website\",\"url\":\"https:\\\/\\\/tuguia.combarranquilla.co\\\/Revista\\\/\",\"name\":\"Tu Gu\u00eda\",\"description\":\"La revista donde lo tienes todo.\",\"publisher\":{\"@id\":\"https:\\\/\\\/tuguia.combarranquilla.co\\\/Revista\\\/#organization\"},\"alternateName\":\"Tu Gu\u00eda Combarranquilla\",\"potentialAction\":[{\"@type\":\"SearchAction\",\"target\":{\"@type\":\"EntryPoint\",\"urlTemplate\":\"https:\\\/\\\/tuguia.combarranquilla.co\\\/Revista\\\/?s={search_term_string}\"},\"query-input\":{\"@type\":\"PropertyValueSpecification\",\"valueRequired\":true,\"valueName\":\"search_term_string\"}}],\"inLanguage\":\"es-CO\"},{\"@type\":\"Organization\",\"@id\":\"https:\\\/\\\/tuguia.combarranquilla.co\\\/Revista\\\/#organization\",\"name\":\"Tu Gu\u00eda Combarranquilla\",\"url\":\"https:\\\/\\\/tuguia.combarranquilla.co\\\/Revista\\\/\",\"logo\":{\"@type\":\"ImageObject\",\"inLanguage\":\"es-CO\",\"@id\":\"https:\\\/\\\/tuguia.combarranquilla.co\\\/Revista\\\/#\\\/schema\\\/logo\\\/image\\\/\",\"url\":\"https:\\\/\\\/tuguia.combarranquilla.co\\\/Revista\\\/wp-content\\\/uploads\\\/2022\\\/02\\\/logo-guia-combarranquilla.svg\",\"contentUrl\":\"https:\\\/\\\/tuguia.combarranquilla.co\\\/Revista\\\/wp-content\\\/uploads\\\/2022\\\/02\\\/logo-guia-combarranquilla.svg\",\"caption\":\"Tu Gu\u00eda Combarranquilla\"},\"image\":{\"@id\":\"https:\\\/\\\/tuguia.combarranquilla.co\\\/Revista\\\/#\\\/schema\\\/logo\\\/image\\\/\"}},{\"@type\":\"Person\",\"@id\":\"https:\\\/\\\/tuguia.combarranquilla.co\\\/Revista\\\/#\\\/schema\\\/person\\\/c2c396a77170bd1d5f8ba73294eb0d10\",\"name\":\"Comunicaciones Combarranquilla\",\"image\":{\"@type\":\"ImageObject\",\"inLanguage\":\"es-CO\",\"@id\":\"https:\\\/\\\/tuguia.combarranquilla.co\\\/Revista\\\/wp-content\\\/uploads\\\/2025\\\/05\\\/ABC-Al-Rojo-Logo-96x96.jpg\",\"url\":\"https:\\\/\\\/tuguia.combarranquilla.co\\\/Revista\\\/wp-content\\\/uploads\\\/2025\\\/05\\\/ABC-Al-Rojo-Logo-96x96.jpg\",\"contentUrl\":\"https:\\\/\\\/tuguia.combarranquilla.co\\\/Revista\\\/wp-content\\\/uploads\\\/2025\\\/05\\\/ABC-Al-Rojo-Logo-96x96.jpg\",\"caption\":\"Comunicaciones Combarranquilla\"},\"sameAs\":[\"https:\\\/\\\/www.combarranquilla.co\"],\"url\":\"https:\\\/\\\/tuguia.combarranquilla.co\\\/Revista\\\/author\\\/comunicaciones\\\/\"}]}<\/script>\n<!-- \/ Yoast SEO plugin. -->","yoast_head_json":{"title":"La voz de las palabras en la Biblioteca U. Mario Santo Domingo (Calle 30) - Tu Gu\u00eda","robots":{"index":"index","follow":"follow","max-snippet":"max-snippet:-1","max-image-preview":"max-image-preview:large","max-video-preview":"max-video-preview:-1"},"canonical":"https:\/\/tuguia.combarranquilla.co\/Revista\/la-voz-de-las-palabras-en-la-biblioteca-u-mario-santo-domingo-calle-30\/","og_locale":"es_ES","og_type":"article","og_title":"La voz de las palabras en la Biblioteca U. Mario Santo Domingo (Calle 30) - Tu Gu\u00eda","og_description":"Las bibliotecas iniciaron como recipientes de libros destinados a un p\u00fablico limitado. Pero con el paso del tiempo han evolucionado para adaptarse a las din\u00e1micas culturales cambiantes que nos rigen. Ya no son espacios cerrados y reservados, donde se guarda silencio y se interact\u00faa de manera pasiva con los libros. Por el contrario, son instituciones [&hellip;]","og_url":"https:\/\/tuguia.combarranquilla.co\/Revista\/la-voz-de-las-palabras-en-la-biblioteca-u-mario-santo-domingo-calle-30\/","og_site_name":"Tu Gu\u00eda","article_published_time":"2024-09-03T18:40:24+00:00","article_modified_time":"2024-12-26T15:52:24+00:00","og_image":[{"width":2560,"height":1396,"url":"https:\/\/tuguia.combarranquilla.co\/Revista\/wp-content\/uploads\/2024\/08\/DSC_0417-1-scaled.jpg","type":"image\/jpeg"}],"author":"Comunicaciones Combarranquilla","twitter_card":"summary_large_image","twitter_misc":{"Escrito por":"Comunicaciones Combarranquilla","Tiempo de lectura":"7 minutos"},"schema":{"@context":"https:\/\/schema.org","@graph":[{"@type":"Article","@id":"https:\/\/tuguia.combarranquilla.co\/Revista\/la-voz-de-las-palabras-en-la-biblioteca-u-mario-santo-domingo-calle-30\/#article","isPartOf":{"@id":"https:\/\/tuguia.combarranquilla.co\/Revista\/la-voz-de-las-palabras-en-la-biblioteca-u-mario-santo-domingo-calle-30\/"},"author":{"name":"Comunicaciones Combarranquilla","@id":"https:\/\/tuguia.combarranquilla.co\/Revista\/#\/schema\/person\/c2c396a77170bd1d5f8ba73294eb0d10"},"headline":"La voz de las palabras en la Biblioteca U. Mario Santo Domingo (Calle 30)","datePublished":"2024-09-03T18:40:24+00:00","dateModified":"2024-12-26T15:52:24+00:00","mainEntityOfPage":{"@id":"https:\/\/tuguia.combarranquilla.co\/Revista\/la-voz-de-las-palabras-en-la-biblioteca-u-mario-santo-domingo-calle-30\/"},"wordCount":1396,"commentCount":0,"publisher":{"@id":"https:\/\/tuguia.combarranquilla.co\/Revista\/#organization"},"image":{"@id":"https:\/\/tuguia.combarranquilla.co\/Revista\/la-voz-de-las-palabras-en-la-biblioteca-u-mario-santo-domingo-calle-30\/#primaryimage"},"thumbnailUrl":"https:\/\/tuguia.combarranquilla.co\/Revista\/wp-content\/uploads\/2024\/08\/DSC_0417-1-scaled.jpg","articleSection":["CIENCIA Y CULTURA"],"inLanguage":"es-CO","potentialAction":[{"@type":"CommentAction","name":"Comment","target":["https:\/\/tuguia.combarranquilla.co\/Revista\/la-voz-de-las-palabras-en-la-biblioteca-u-mario-santo-domingo-calle-30\/#respond"]}]},{"@type":"WebPage","@id":"https:\/\/tuguia.combarranquilla.co\/Revista\/la-voz-de-las-palabras-en-la-biblioteca-u-mario-santo-domingo-calle-30\/","url":"https:\/\/tuguia.combarranquilla.co\/Revista\/la-voz-de-las-palabras-en-la-biblioteca-u-mario-santo-domingo-calle-30\/","name":"La voz de las palabras en la Biblioteca U. Mario Santo Domingo (Calle 30) - Tu Gu\u00eda","isPartOf":{"@id":"https:\/\/tuguia.combarranquilla.co\/Revista\/#website"},"primaryImageOfPage":{"@id":"https:\/\/tuguia.combarranquilla.co\/Revista\/la-voz-de-las-palabras-en-la-biblioteca-u-mario-santo-domingo-calle-30\/#primaryimage"},"image":{"@id":"https:\/\/tuguia.combarranquilla.co\/Revista\/la-voz-de-las-palabras-en-la-biblioteca-u-mario-santo-domingo-calle-30\/#primaryimage"},"thumbnailUrl":"https:\/\/tuguia.combarranquilla.co\/Revista\/wp-content\/uploads\/2024\/08\/DSC_0417-1-scaled.jpg","datePublished":"2024-09-03T18:40:24+00:00","dateModified":"2024-12-26T15:52:24+00:00","breadcrumb":{"@id":"https:\/\/tuguia.combarranquilla.co\/Revista\/la-voz-de-las-palabras-en-la-biblioteca-u-mario-santo-domingo-calle-30\/#breadcrumb"},"inLanguage":"es-CO","potentialAction":[{"@type":"ReadAction","target":["https:\/\/tuguia.combarranquilla.co\/Revista\/la-voz-de-las-palabras-en-la-biblioteca-u-mario-santo-domingo-calle-30\/"]}]},{"@type":"ImageObject","inLanguage":"es-CO","@id":"https:\/\/tuguia.combarranquilla.co\/Revista\/la-voz-de-las-palabras-en-la-biblioteca-u-mario-santo-domingo-calle-30\/#primaryimage","url":"https:\/\/tuguia.combarranquilla.co\/Revista\/wp-content\/uploads\/2024\/08\/DSC_0417-1-scaled.jpg","contentUrl":"https:\/\/tuguia.combarranquilla.co\/Revista\/wp-content\/uploads\/2024\/08\/DSC_0417-1-scaled.jpg","width":2560,"height":1396},{"@type":"BreadcrumbList","@id":"https:\/\/tuguia.combarranquilla.co\/Revista\/la-voz-de-las-palabras-en-la-biblioteca-u-mario-santo-domingo-calle-30\/#breadcrumb","itemListElement":[{"@type":"ListItem","position":1,"name":"Inicio","item":"https:\/\/tuguia.combarranquilla.co\/Revista\/"},{"@type":"ListItem","position":2,"name":"La voz de las palabras en la Biblioteca U. Mario Santo Domingo (Calle 30)"}]},{"@type":"WebSite","@id":"https:\/\/tuguia.combarranquilla.co\/Revista\/#website","url":"https:\/\/tuguia.combarranquilla.co\/Revista\/","name":"Tu Gu\u00eda","description":"La revista donde lo tienes todo.","publisher":{"@id":"https:\/\/tuguia.combarranquilla.co\/Revista\/#organization"},"alternateName":"Tu Gu\u00eda Combarranquilla","potentialAction":[{"@type":"SearchAction","target":{"@type":"EntryPoint","urlTemplate":"https:\/\/tuguia.combarranquilla.co\/Revista\/?s={search_term_string}"},"query-input":{"@type":"PropertyValueSpecification","valueRequired":true,"valueName":"search_term_string"}}],"inLanguage":"es-CO"},{"@type":"Organization","@id":"https:\/\/tuguia.combarranquilla.co\/Revista\/#organization","name":"Tu Gu\u00eda Combarranquilla","url":"https:\/\/tuguia.combarranquilla.co\/Revista\/","logo":{"@type":"ImageObject","inLanguage":"es-CO","@id":"https:\/\/tuguia.combarranquilla.co\/Revista\/#\/schema\/logo\/image\/","url":"https:\/\/tuguia.combarranquilla.co\/Revista\/wp-content\/uploads\/2022\/02\/logo-guia-combarranquilla.svg","contentUrl":"https:\/\/tuguia.combarranquilla.co\/Revista\/wp-content\/uploads\/2022\/02\/logo-guia-combarranquilla.svg","caption":"Tu Gu\u00eda Combarranquilla"},"image":{"@id":"https:\/\/tuguia.combarranquilla.co\/Revista\/#\/schema\/logo\/image\/"}},{"@type":"Person","@id":"https:\/\/tuguia.combarranquilla.co\/Revista\/#\/schema\/person\/c2c396a77170bd1d5f8ba73294eb0d10","name":"Comunicaciones Combarranquilla","image":{"@type":"ImageObject","inLanguage":"es-CO","@id":"https:\/\/tuguia.combarranquilla.co\/Revista\/wp-content\/uploads\/2025\/05\/ABC-Al-Rojo-Logo-96x96.jpg","url":"https:\/\/tuguia.combarranquilla.co\/Revista\/wp-content\/uploads\/2025\/05\/ABC-Al-Rojo-Logo-96x96.jpg","contentUrl":"https:\/\/tuguia.combarranquilla.co\/Revista\/wp-content\/uploads\/2025\/05\/ABC-Al-Rojo-Logo-96x96.jpg","caption":"Comunicaciones Combarranquilla"},"sameAs":["https:\/\/www.combarranquilla.co"],"url":"https:\/\/tuguia.combarranquilla.co\/Revista\/author\/comunicaciones\/"}]}},"_links":{"self":[{"href":"https:\/\/tuguia.combarranquilla.co\/Revista\/wp-json\/wp\/v2\/posts\/4953","targetHints":{"allow":["GET"]}}],"collection":[{"href":"https:\/\/tuguia.combarranquilla.co\/Revista\/wp-json\/wp\/v2\/posts"}],"about":[{"href":"https:\/\/tuguia.combarranquilla.co\/Revista\/wp-json\/wp\/v2\/types\/post"}],"author":[{"embeddable":true,"href":"https:\/\/tuguia.combarranquilla.co\/Revista\/wp-json\/wp\/v2\/users\/2"}],"replies":[{"embeddable":true,"href":"https:\/\/tuguia.combarranquilla.co\/Revista\/wp-json\/wp\/v2\/comments?post=4953"}],"version-history":[{"count":19,"href":"https:\/\/tuguia.combarranquilla.co\/Revista\/wp-json\/wp\/v2\/posts\/4953\/revisions"}],"predecessor-version":[{"id":5516,"href":"https:\/\/tuguia.combarranquilla.co\/Revista\/wp-json\/wp\/v2\/posts\/4953\/revisions\/5516"}],"wp:featuredmedia":[{"embeddable":true,"href":"https:\/\/tuguia.combarranquilla.co\/Revista\/wp-json\/wp\/v2\/media\/4976"}],"wp:attachment":[{"href":"https:\/\/tuguia.combarranquilla.co\/Revista\/wp-json\/wp\/v2\/media?parent=4953"}],"wp:term":[{"taxonomy":"category","embeddable":true,"href":"https:\/\/tuguia.combarranquilla.co\/Revista\/wp-json\/wp\/v2\/categories?post=4953"},{"taxonomy":"post_tag","embeddable":true,"href":"https:\/\/tuguia.combarranquilla.co\/Revista\/wp-json\/wp\/v2\/tags?post=4953"}],"curies":[{"name":"wp","href":"https:\/\/api.w.org\/{rel}","templated":true}]}}