{"id":4996,"date":"2024-08-07T16:51:37","date_gmt":"2024-08-07T21:51:37","guid":{"rendered":"https:\/\/tuguia.combarranquilla.co\/Revista\/?p=4996"},"modified":"2024-10-24T14:14:37","modified_gmt":"2024-10-24T19:14:37","slug":"centro-de-formacion-combarranquilla-un-pilar-clave-para-la-educacion-de-jovenes-atlanticenses","status":"publish","type":"post","link":"https:\/\/tuguia.combarranquilla.co\/Revista\/centro-de-formacion-combarranquilla-un-pilar-clave-para-la-educacion-de-jovenes-atlanticenses\/","title":{"rendered":"Centro de Formaci\u00f3n Combarranquilla, un pilar clave para la educaci\u00f3n de j\u00f3venes atlanticenses."},"content":{"rendered":"\n<p>Fue el 27 de noviembre 1957 fue constituida la Caja con aprobaci\u00f3n de la personer\u00eda jur\u00eddica No 2622 por el Ministerio de Justicia gracias a Mario Santo Domingo, gestor clave para dicha creaci\u00f3n y quien brind\u00f3 todo el apoyo requerido para su constituci\u00f3n. <\/p>\n\n\n<div class=\"wp-block-image\">\n<figure class=\"aligncenter size-large is-resized\"><img decoding=\"async\" width=\"1024\" height=\"683\" data-src=\"https:\/\/tuguia.combarranquilla.co\/Revista\/wp-content\/uploads\/2024\/08\/DSC_0304-1024x683.jpg\" alt=\"\" class=\"wp-image-5148 lazyload\" style=\"--smush-placeholder-width: 1024px; --smush-placeholder-aspect-ratio: 1024\/683;width:687px;height:auto\" data-srcset=\"https:\/\/tuguia.combarranquilla.co\/Revista\/wp-content\/uploads\/2024\/08\/DSC_0304-1024x683.jpg 1024w, https:\/\/tuguia.combarranquilla.co\/Revista\/wp-content\/uploads\/2024\/08\/DSC_0304-300x200.jpg 300w, https:\/\/tuguia.combarranquilla.co\/Revista\/wp-content\/uploads\/2024\/08\/DSC_0304-768x512.jpg 768w, https:\/\/tuguia.combarranquilla.co\/Revista\/wp-content\/uploads\/2024\/08\/DSC_0304-1536x1024.jpg 1536w, https:\/\/tuguia.combarranquilla.co\/Revista\/wp-content\/uploads\/2024\/08\/DSC_0304-2048x1365.jpg 2048w\" data-sizes=\"(max-width: 1024px) 100vw, 1024px\" src=\"data:image\/svg+xml;base64,PHN2ZyB3aWR0aD0iMSIgaGVpZ2h0PSIxIiB4bWxucz0iaHR0cDovL3d3dy53My5vcmcvMjAwMC9zdmciPjwvc3ZnPg==\" \/><\/figure><\/div>\n\n\n<p>Aqu\u00ed te contaremos acontecimientos gratificantes para la educaci\u00f3n en Combarranquilla a trav\u00e9s del paso de los a\u00f1os:<\/p>\n\n\n\n<ul class=\"wp-block-list\">\n<li>En 1980 con el firme inter\u00e9s de contribuir a la educaci\u00f3n en el Atl\u00e1ntico, se dio inicio a la capacitaci\u00f3n no formal bajo el nombre de Educaci\u00f3n para el Trabajo y el Desarrollo Humano, mediante la creaci\u00f3n de cursos cortos en \u00e1reas como: confecci\u00f3n, est\u00e9tica, culinaria y manualidades.<\/li>\n\n\n\n<li>17 a\u00f1os despu\u00e9s mediante la Resoluci\u00f3n No 000354, la Secretaria Distrital de Barranquilla, otorg\u00f3 la licencia al CFC, aprobando el ofrecimiento del programa de Administraci\u00f3n Comercial, con una duraci\u00f3n de 1200 horas, equivalente a 9 meses y mediante la Resoluci\u00f3n No 001343 de 2004, se recibi\u00f3 la autorizaci\u00f3n para adicionar el programa de An\u00e1lisis y Programaci\u00f3n de Computadores, con una duraci\u00f3n tambi\u00e9n de 1200 horas.<\/li>\n\n\n\n<li>21 de agosto de 2008: La Secretar\u00eda de Educaci\u00f3n Distrital de Barranquilla otorg\u00f3 el registro de funcionamiento a los programas T\u00e9cnico Laboral en Cocina, T\u00e9cnico en Almac\u00e9n y Bodegaje y Belleza bajo resoluciones No 04156, 04182 y 4183, respectivamente. <\/li>\n\n\n\n<li>Marzo de 2011: El Centro de Capacitaci\u00f3n Combarranquilla solicit\u00f3 aprobaci\u00f3n del Programa T\u00e9cnico en Mesa y Bar, el cual obtuvo un concepto favorable mediante resoluci\u00f3n No. 02304 de abril 30 de 2011.<\/li>\n\n\n\n<li>25 de junio de 2012: El Centro de Capacitaci\u00f3n Combarranquilla solicit\u00f3 aprobaci\u00f3n de un nuevo programa T\u00e9cnico en Contac Center, el cual obtuvo un concepto favorable mediante resoluci\u00f3n No 03814.<\/li>\n\n\n\n<li>23 de enero de 2013: Seg\u00fan Resoluci\u00f3n de Aprobaci\u00f3n: N\u00b0 00260 de 2013 expedida por la Secretaria de Educaci\u00f3n Distrital de Barranquilla, se renovaron los Programas T\u00e9cnicos de Cocina, Belleza y Almac\u00e9n y Bodegaje.<\/li>\n\n\n\n<li>23 de enero de 2013: Seg\u00fan Resoluci\u00f3n de Aprobaci\u00f3n: N\u00b0 00261 de 2013 expedida por la Secretaria de Educaci\u00f3n Distrital de Barranquilla, se obtuvieron los conceptos favorables para el funcionamiento de los programas t\u00e9cnicos laborales por competencias en: Auxiliar de Aduana, Auxiliar de Agentes de Viajes y Turismo y Auxiliar Contable y Financiero.<\/li>\n\n\n\n<li>A\u00f1o 2015: el Centro de Capacitaci\u00f3n se certific\u00f3 bajo la NTC 5555 y certific\u00f3 los programas t\u00e9cnicos en Contac Center, Almac\u00e9n y Bodegaje y Cocina bajo las NTC 5581 y 5665.<\/li>\n\n\n\n<li>a\u00f1o 2016: Se actualiza cambio de raz\u00f3n social de Centro de Capacitaci\u00f3n a Centro de Formaci\u00f3n, la Secretar\u00eda de Educaci\u00f3n Distrital de Barranquilla concedi\u00f3 cambio de raz\u00f3n social mediante la resoluci\u00f3n No. 16941 de 2016.<\/li>\n\n\n\n<li>30 de diciembre de 2016: Seg\u00fan Resoluci\u00f3n de Aprobaci\u00f3n: N\u00b0 17345 de 2016 expedida por la Secretar\u00eda de Educaci\u00f3n Distrital de Barranquilla, se obtuvieron los conceptos favorables para el funcionamiento de los programas t\u00e9cnicos laborales por competencias en: Auxiliar Administrativo y Mercadeo y Ventas.<\/li>\n\n\n\n<li>Diciembre de 2016: Se apertura la Sede 2 en el Municipio de Soledad con 8 programas registrados: T\u00e9cnico laboral en Agente de Viajes y turismo, Asesor Comercial, Auxiliar Administrativo, Auxiliar Contable y Financiero, Auxiliar de Bodega y Centro de distribuciones, Auxiliar de Cocina, Auxiliar de Comercio exterior, Contac Center.<\/li>\n\n\n\n<li>A\u00f1o 2017: El Centro de Formaci\u00f3n certific\u00f3 los programas t\u00e9cnicos en Auxiliar de Aduana, Auxiliar de Agentes de Viajes y Turismo y Auxiliar Contable y Financiero bajo las NTC 5581 y 5665.<\/li>\n\n\n\n<li>21 de mayo de 2019: Seg\u00fan Resoluci\u00f3n de Aprobaci\u00f3n: N\u00b0 04231 de 2019 expedida por la Secretar\u00eda de Educaci\u00f3n Distrital de Barranquilla, se obtuvo el concepto favorable para el funcionamiento del programa t\u00e9cnico laboral por competencias en: Auxiliar de Recursos Humanos.<\/li>\n\n\n\n<li>A\u00f1o 2019:  El Centro de Formaci\u00f3n certific\u00f3 los programas t\u00e9cnicos en Auxiliar Administrativo y Mercadeo y Ventas bajo la NTC 5581.<\/li>\n<\/ul>\n\n\n<div class=\"wp-block-image\">\n<figure class=\"aligncenter size-large is-resized\"><img decoding=\"async\" width=\"1024\" height=\"683\" data-src=\"https:\/\/tuguia.combarranquilla.co\/Revista\/wp-content\/uploads\/2024\/08\/DSC_0318-1024x683.jpg\" alt=\"\" class=\"wp-image-5119 lazyload\" style=\"--smush-placeholder-width: 1024px; --smush-placeholder-aspect-ratio: 1024\/683;width:622px;height:auto\" data-srcset=\"https:\/\/tuguia.combarranquilla.co\/Revista\/wp-content\/uploads\/2024\/08\/DSC_0318-1024x683.jpg 1024w, https:\/\/tuguia.combarranquilla.co\/Revista\/wp-content\/uploads\/2024\/08\/DSC_0318-300x200.jpg 300w, https:\/\/tuguia.combarranquilla.co\/Revista\/wp-content\/uploads\/2024\/08\/DSC_0318-768x512.jpg 768w, https:\/\/tuguia.combarranquilla.co\/Revista\/wp-content\/uploads\/2024\/08\/DSC_0318-1536x1024.jpg 1536w, https:\/\/tuguia.combarranquilla.co\/Revista\/wp-content\/uploads\/2024\/08\/DSC_0318-2048x1365.jpg 2048w\" data-sizes=\"(max-width: 1024px) 100vw, 1024px\" src=\"data:image\/svg+xml;base64,PHN2ZyB3aWR0aD0iMSIgaGVpZ2h0PSIxIiB4bWxucz0iaHR0cDovL3d3dy53My5vcmcvMjAwMC9zdmciPjwvc3ZnPg==\" \/><\/figure><\/div>\n\n\n<p>La Caja ha estructurado, a trav\u00e9s de su Centro de Formaci\u00f3n el Portafolio de Servicios de Capacitaci\u00f3n con una oferta de Servicios Educativos orientados a satisfacer las expectativas de cada uno de sus grupos de inter\u00e9s. En la actualidad, la caja ofrece diez carreras t\u00e9cnicas laborales y estas son:<\/p>\n\n\n\n<ul class=\"wp-block-list\">\n<li>Auxiliar de Cocina<\/li>\n\n\n\n<li>Almac\u00e9n y Bodegaje<\/li>\n\n\n\n<li>Contac Center<\/li>\n\n\n\n<li>Auxiliar de Panader\u00eda y Pasteler\u00eda<\/li>\n\n\n\n<li>Auxiliar Contable y Financiero<\/li>\n\n\n\n<li>Auxiliar Agente de Viajes<\/li>\n\n\n\n<li>Auxiliar Administrativo<\/li>\n\n\n\n<li>Mercadeo y Ventas.<\/li>\n\n\n\n<li>Auxiliar de Recursos Humanos<\/li>\n\n\n\n<li>Panader\u00eda y Pasteler\u00eda<\/li>\n<\/ul>\n\n\n<div class=\"wp-block-image\">\n<figure class=\"aligncenter size-full is-resized\"><img decoding=\"async\" width=\"1000\" height=\"667\" data-src=\"https:\/\/tuguia.combarranquilla.co\/Revista\/wp-content\/uploads\/2024\/08\/IMG_3956.jpg\" alt=\"\" class=\"wp-image-5122 lazyload\" style=\"--smush-placeholder-width: 1000px; --smush-placeholder-aspect-ratio: 1000\/667;width:585px;height:auto\" data-srcset=\"https:\/\/tuguia.combarranquilla.co\/Revista\/wp-content\/uploads\/2024\/08\/IMG_3956.jpg 1000w, https:\/\/tuguia.combarranquilla.co\/Revista\/wp-content\/uploads\/2024\/08\/IMG_3956-300x200.jpg 300w, https:\/\/tuguia.combarranquilla.co\/Revista\/wp-content\/uploads\/2024\/08\/IMG_3956-768x512.jpg 768w\" data-sizes=\"(max-width: 1000px) 100vw, 1000px\" src=\"data:image\/svg+xml;base64,PHN2ZyB3aWR0aD0iMSIgaGVpZ2h0PSIxIiB4bWxucz0iaHR0cDovL3d3dy53My5vcmcvMjAwMC9zdmciPjwvc3ZnPg==\" \/><\/figure><\/div>\n\n\n<p>Adem\u00e1s de los Programas T\u00e9cnicos Laborales, el Centro de Formaci\u00f3n de Combarranquilla tiene alternativas como la Escuela de Formaci\u00f3n TIC, Escuelas Ocupacionales, Seminarios, Talleres, Programas de Extensi\u00f3n, Outdoor Training y Capacitaci\u00f3n a la Medida.<\/p>\n\n\n\n<p>Al pasar de los a\u00f1os el CFC ha complementado su portafolio de capacitaci\u00f3n teniendo en su oferta cursos de actualizaci\u00f3n en temas empresariales y tecnol\u00f3gicos y manteniendo la formaci\u00f3n de artes y oficios ya que para la Caja es primordial brindar apoyo a los afiliados y sus familias. Cada a\u00f1o, cientos de j\u00f3venes se grad\u00faan y consolidan los pasos para transformar sus vidas. Por eso cada semestre que inicia implementa un sistema de becas que benefician a los hijos de afiliados a la organizaci\u00f3n.<\/p>\n\n\n\n<p>Las clases se dictan en la Unidad Boston, ubicada en la Cra 43 #63b-107 en Barranquilla y la Unidad Calle 30, ubicada en el municipio de Soledad, Atl\u00e1ntico. <\/p>\n\n\n\n<p>Combarranquilla cree que la educaci\u00f3n es un pilar fundamental para el desarrollo de los j\u00f3venes por eso seguiremos siendo veh\u00edculos para cumplir sus sue\u00f1os y transformar sus vidas.<\/p>\n\n\n\n<p>M\u00e1s informes 605-3225049<\/p>\n","protected":false},"excerpt":{"rendered":"<p>Fue el 27 de noviembre 1957 fue constituida la Caja con aprobaci\u00f3n de la personer\u00eda jur\u00eddica No 2622 por el Ministerio de Justicia gracias a Mario Santo Domingo, gestor clave para dicha creaci\u00f3n y quien brind\u00f3 todo el apoyo requerido para su constituci\u00f3n. Aqu\u00ed te contaremos acontecimientos gratificantes para la educaci\u00f3n en Combarranquilla a trav\u00e9s [&hellip;]<\/p>\n","protected":false},"author":2,"featured_media":5146,"comment_status":"open","ping_status":"open","sticky":false,"template":"","format":"standard","meta":{"inline_featured_image":false,"footnotes":""},"categories":[8],"tags":[],"class_list":["post-4996","post","type-post","status-publish","format-standard","has-post-thumbnail","hentry","category-formacion"],"yoast_head":"<!-- This site is optimized with the Yoast SEO plugin v27.4 - https:\/\/yoast.com\/product\/yoast-seo-wordpress\/ -->\n<title>Centro de Formaci\u00f3n Combarranquilla, un pilar clave para la educaci\u00f3n de j\u00f3venes atlanticenses. - Tu Gu\u00eda<\/title>\n<meta name=\"robots\" content=\"index, follow, max-snippet:-1, max-image-preview:large, max-video-preview:-1\" \/>\n<link rel=\"canonical\" href=\"https:\/\/tuguia.combarranquilla.co\/Revista\/centro-de-formacion-combarranquilla-un-pilar-clave-para-la-educacion-de-jovenes-atlanticenses\/\" \/>\n<meta property=\"og:locale\" content=\"es_ES\" \/>\n<meta property=\"og:type\" content=\"article\" \/>\n<meta property=\"og:title\" content=\"Centro de Formaci\u00f3n Combarranquilla, un pilar clave para la educaci\u00f3n de j\u00f3venes atlanticenses. - Tu Gu\u00eda\" \/>\n<meta property=\"og:description\" content=\"Fue el 27 de noviembre 1957 fue constituida la Caja con aprobaci\u00f3n de la personer\u00eda jur\u00eddica No 2622 por el Ministerio de Justicia gracias a Mario Santo Domingo, gestor clave para dicha creaci\u00f3n y quien brind\u00f3 todo el apoyo requerido para su constituci\u00f3n. Aqu\u00ed te contaremos acontecimientos gratificantes para la educaci\u00f3n en Combarranquilla a trav\u00e9s [&hellip;]\" \/>\n<meta property=\"og:url\" content=\"https:\/\/tuguia.combarranquilla.co\/Revista\/centro-de-formacion-combarranquilla-un-pilar-clave-para-la-educacion-de-jovenes-atlanticenses\/\" \/>\n<meta property=\"og:site_name\" content=\"Tu Gu\u00eda\" \/>\n<meta property=\"article:published_time\" content=\"2024-08-07T21:51:37+00:00\" \/>\n<meta property=\"article:modified_time\" content=\"2024-10-24T19:14:37+00:00\" \/>\n<meta property=\"og:image\" content=\"https:\/\/tuguia.combarranquilla.co\/Revista\/wp-content\/uploads\/2024\/08\/DSC_0992-1-scaled.jpg\" \/>\n\t<meta property=\"og:image:width\" content=\"2560\" \/>\n\t<meta property=\"og:image:height\" content=\"1707\" \/>\n\t<meta property=\"og:image:type\" content=\"image\/jpeg\" \/>\n<meta name=\"author\" content=\"Comunicaciones Combarranquilla\" \/>\n<meta name=\"twitter:card\" content=\"summary_large_image\" \/>\n<meta name=\"twitter:label1\" content=\"Escrito por\" \/>\n\t<meta name=\"twitter:data1\" content=\"Comunicaciones Combarranquilla\" \/>\n\t<meta name=\"twitter:label2\" content=\"Tiempo de lectura\" \/>\n\t<meta name=\"twitter:data2\" content=\"5 minutos\" \/>\n<script type=\"application\/ld+json\" class=\"yoast-schema-graph\">{\"@context\":\"https:\\\/\\\/schema.org\",\"@graph\":[{\"@type\":\"Article\",\"@id\":\"https:\\\/\\\/tuguia.combarranquilla.co\\\/Revista\\\/centro-de-formacion-combarranquilla-un-pilar-clave-para-la-educacion-de-jovenes-atlanticenses\\\/#article\",\"isPartOf\":{\"@id\":\"https:\\\/\\\/tuguia.combarranquilla.co\\\/Revista\\\/centro-de-formacion-combarranquilla-un-pilar-clave-para-la-educacion-de-jovenes-atlanticenses\\\/\"},\"author\":{\"name\":\"Comunicaciones Combarranquilla\",\"@id\":\"https:\\\/\\\/tuguia.combarranquilla.co\\\/Revista\\\/#\\\/schema\\\/person\\\/c2c396a77170bd1d5f8ba73294eb0d10\"},\"headline\":\"Centro de Formaci\u00f3n Combarranquilla, un pilar clave para la educaci\u00f3n de j\u00f3venes atlanticenses.\",\"datePublished\":\"2024-08-07T21:51:37+00:00\",\"dateModified\":\"2024-10-24T19:14:37+00:00\",\"mainEntityOfPage\":{\"@id\":\"https:\\\/\\\/tuguia.combarranquilla.co\\\/Revista\\\/centro-de-formacion-combarranquilla-un-pilar-clave-para-la-educacion-de-jovenes-atlanticenses\\\/\"},\"wordCount\":946,\"commentCount\":0,\"publisher\":{\"@id\":\"https:\\\/\\\/tuguia.combarranquilla.co\\\/Revista\\\/#organization\"},\"image\":{\"@id\":\"https:\\\/\\\/tuguia.combarranquilla.co\\\/Revista\\\/centro-de-formacion-combarranquilla-un-pilar-clave-para-la-educacion-de-jovenes-atlanticenses\\\/#primaryimage\"},\"thumbnailUrl\":\"https:\\\/\\\/tuguia.combarranquilla.co\\\/Revista\\\/wp-content\\\/uploads\\\/2024\\\/08\\\/DSC_0992-1-scaled.jpg\",\"articleSection\":[\"FORMACI\u00d3N\"],\"inLanguage\":\"es-CO\",\"potentialAction\":[{\"@type\":\"CommentAction\",\"name\":\"Comment\",\"target\":[\"https:\\\/\\\/tuguia.combarranquilla.co\\\/Revista\\\/centro-de-formacion-combarranquilla-un-pilar-clave-para-la-educacion-de-jovenes-atlanticenses\\\/#respond\"]}]},{\"@type\":\"WebPage\",\"@id\":\"https:\\\/\\\/tuguia.combarranquilla.co\\\/Revista\\\/centro-de-formacion-combarranquilla-un-pilar-clave-para-la-educacion-de-jovenes-atlanticenses\\\/\",\"url\":\"https:\\\/\\\/tuguia.combarranquilla.co\\\/Revista\\\/centro-de-formacion-combarranquilla-un-pilar-clave-para-la-educacion-de-jovenes-atlanticenses\\\/\",\"name\":\"Centro de Formaci\u00f3n Combarranquilla, un pilar clave para la educaci\u00f3n de j\u00f3venes atlanticenses. - Tu Gu\u00eda\",\"isPartOf\":{\"@id\":\"https:\\\/\\\/tuguia.combarranquilla.co\\\/Revista\\\/#website\"},\"primaryImageOfPage\":{\"@id\":\"https:\\\/\\\/tuguia.combarranquilla.co\\\/Revista\\\/centro-de-formacion-combarranquilla-un-pilar-clave-para-la-educacion-de-jovenes-atlanticenses\\\/#primaryimage\"},\"image\":{\"@id\":\"https:\\\/\\\/tuguia.combarranquilla.co\\\/Revista\\\/centro-de-formacion-combarranquilla-un-pilar-clave-para-la-educacion-de-jovenes-atlanticenses\\\/#primaryimage\"},\"thumbnailUrl\":\"https:\\\/\\\/tuguia.combarranquilla.co\\\/Revista\\\/wp-content\\\/uploads\\\/2024\\\/08\\\/DSC_0992-1-scaled.jpg\",\"datePublished\":\"2024-08-07T21:51:37+00:00\",\"dateModified\":\"2024-10-24T19:14:37+00:00\",\"breadcrumb\":{\"@id\":\"https:\\\/\\\/tuguia.combarranquilla.co\\\/Revista\\\/centro-de-formacion-combarranquilla-un-pilar-clave-para-la-educacion-de-jovenes-atlanticenses\\\/#breadcrumb\"},\"inLanguage\":\"es-CO\",\"potentialAction\":[{\"@type\":\"ReadAction\",\"target\":[\"https:\\\/\\\/tuguia.combarranquilla.co\\\/Revista\\\/centro-de-formacion-combarranquilla-un-pilar-clave-para-la-educacion-de-jovenes-atlanticenses\\\/\"]}]},{\"@type\":\"ImageObject\",\"inLanguage\":\"es-CO\",\"@id\":\"https:\\\/\\\/tuguia.combarranquilla.co\\\/Revista\\\/centro-de-formacion-combarranquilla-un-pilar-clave-para-la-educacion-de-jovenes-atlanticenses\\\/#primaryimage\",\"url\":\"https:\\\/\\\/tuguia.combarranquilla.co\\\/Revista\\\/wp-content\\\/uploads\\\/2024\\\/08\\\/DSC_0992-1-scaled.jpg\",\"contentUrl\":\"https:\\\/\\\/tuguia.combarranquilla.co\\\/Revista\\\/wp-content\\\/uploads\\\/2024\\\/08\\\/DSC_0992-1-scaled.jpg\",\"width\":2560,\"height\":1707},{\"@type\":\"BreadcrumbList\",\"@id\":\"https:\\\/\\\/tuguia.combarranquilla.co\\\/Revista\\\/centro-de-formacion-combarranquilla-un-pilar-clave-para-la-educacion-de-jovenes-atlanticenses\\\/#breadcrumb\",\"itemListElement\":[{\"@type\":\"ListItem\",\"position\":1,\"name\":\"Inicio\",\"item\":\"https:\\\/\\\/tuguia.combarranquilla.co\\\/Revista\\\/\"},{\"@type\":\"ListItem\",\"position\":2,\"name\":\"Centro de Formaci\u00f3n Combarranquilla, un pilar clave para la educaci\u00f3n de j\u00f3venes atlanticenses.\"}]},{\"@type\":\"WebSite\",\"@id\":\"https:\\\/\\\/tuguia.combarranquilla.co\\\/Revista\\\/#website\",\"url\":\"https:\\\/\\\/tuguia.combarranquilla.co\\\/Revista\\\/\",\"name\":\"Tu Gu\u00eda\",\"description\":\"La revista donde lo tienes todo.\",\"publisher\":{\"@id\":\"https:\\\/\\\/tuguia.combarranquilla.co\\\/Revista\\\/#organization\"},\"alternateName\":\"Tu Gu\u00eda Combarranquilla\",\"potentialAction\":[{\"@type\":\"SearchAction\",\"target\":{\"@type\":\"EntryPoint\",\"urlTemplate\":\"https:\\\/\\\/tuguia.combarranquilla.co\\\/Revista\\\/?s={search_term_string}\"},\"query-input\":{\"@type\":\"PropertyValueSpecification\",\"valueRequired\":true,\"valueName\":\"search_term_string\"}}],\"inLanguage\":\"es-CO\"},{\"@type\":\"Organization\",\"@id\":\"https:\\\/\\\/tuguia.combarranquilla.co\\\/Revista\\\/#organization\",\"name\":\"Tu Gu\u00eda Combarranquilla\",\"url\":\"https:\\\/\\\/tuguia.combarranquilla.co\\\/Revista\\\/\",\"logo\":{\"@type\":\"ImageObject\",\"inLanguage\":\"es-CO\",\"@id\":\"https:\\\/\\\/tuguia.combarranquilla.co\\\/Revista\\\/#\\\/schema\\\/logo\\\/image\\\/\",\"url\":\"https:\\\/\\\/tuguia.combarranquilla.co\\\/Revista\\\/wp-content\\\/uploads\\\/2022\\\/02\\\/logo-guia-combarranquilla.svg\",\"contentUrl\":\"https:\\\/\\\/tuguia.combarranquilla.co\\\/Revista\\\/wp-content\\\/uploads\\\/2022\\\/02\\\/logo-guia-combarranquilla.svg\",\"caption\":\"Tu Gu\u00eda Combarranquilla\"},\"image\":{\"@id\":\"https:\\\/\\\/tuguia.combarranquilla.co\\\/Revista\\\/#\\\/schema\\\/logo\\\/image\\\/\"}},{\"@type\":\"Person\",\"@id\":\"https:\\\/\\\/tuguia.combarranquilla.co\\\/Revista\\\/#\\\/schema\\\/person\\\/c2c396a77170bd1d5f8ba73294eb0d10\",\"name\":\"Comunicaciones Combarranquilla\",\"image\":{\"@type\":\"ImageObject\",\"inLanguage\":\"es-CO\",\"@id\":\"https:\\\/\\\/tuguia.combarranquilla.co\\\/Revista\\\/wp-content\\\/uploads\\\/2025\\\/05\\\/ABC-Al-Rojo-Logo-96x96.jpg\",\"url\":\"https:\\\/\\\/tuguia.combarranquilla.co\\\/Revista\\\/wp-content\\\/uploads\\\/2025\\\/05\\\/ABC-Al-Rojo-Logo-96x96.jpg\",\"contentUrl\":\"https:\\\/\\\/tuguia.combarranquilla.co\\\/Revista\\\/wp-content\\\/uploads\\\/2025\\\/05\\\/ABC-Al-Rojo-Logo-96x96.jpg\",\"caption\":\"Comunicaciones Combarranquilla\"},\"sameAs\":[\"https:\\\/\\\/www.combarranquilla.co\"],\"url\":\"https:\\\/\\\/tuguia.combarranquilla.co\\\/Revista\\\/author\\\/comunicaciones\\\/\"}]}<\/script>\n<!-- \/ Yoast SEO plugin. -->","yoast_head_json":{"title":"Centro de Formaci\u00f3n Combarranquilla, un pilar clave para la educaci\u00f3n de j\u00f3venes atlanticenses. - Tu Gu\u00eda","robots":{"index":"index","follow":"follow","max-snippet":"max-snippet:-1","max-image-preview":"max-image-preview:large","max-video-preview":"max-video-preview:-1"},"canonical":"https:\/\/tuguia.combarranquilla.co\/Revista\/centro-de-formacion-combarranquilla-un-pilar-clave-para-la-educacion-de-jovenes-atlanticenses\/","og_locale":"es_ES","og_type":"article","og_title":"Centro de Formaci\u00f3n Combarranquilla, un pilar clave para la educaci\u00f3n de j\u00f3venes atlanticenses. - Tu Gu\u00eda","og_description":"Fue el 27 de noviembre 1957 fue constituida la Caja con aprobaci\u00f3n de la personer\u00eda jur\u00eddica No 2622 por el Ministerio de Justicia gracias a Mario Santo Domingo, gestor clave para dicha creaci\u00f3n y quien brind\u00f3 todo el apoyo requerido para su constituci\u00f3n. Aqu\u00ed te contaremos acontecimientos gratificantes para la educaci\u00f3n en Combarranquilla a trav\u00e9s [&hellip;]","og_url":"https:\/\/tuguia.combarranquilla.co\/Revista\/centro-de-formacion-combarranquilla-un-pilar-clave-para-la-educacion-de-jovenes-atlanticenses\/","og_site_name":"Tu Gu\u00eda","article_published_time":"2024-08-07T21:51:37+00:00","article_modified_time":"2024-10-24T19:14:37+00:00","og_image":[{"width":2560,"height":1707,"url":"https:\/\/tuguia.combarranquilla.co\/Revista\/wp-content\/uploads\/2024\/08\/DSC_0992-1-scaled.jpg","type":"image\/jpeg"}],"author":"Comunicaciones Combarranquilla","twitter_card":"summary_large_image","twitter_misc":{"Escrito por":"Comunicaciones Combarranquilla","Tiempo de lectura":"5 minutos"},"schema":{"@context":"https:\/\/schema.org","@graph":[{"@type":"Article","@id":"https:\/\/tuguia.combarranquilla.co\/Revista\/centro-de-formacion-combarranquilla-un-pilar-clave-para-la-educacion-de-jovenes-atlanticenses\/#article","isPartOf":{"@id":"https:\/\/tuguia.combarranquilla.co\/Revista\/centro-de-formacion-combarranquilla-un-pilar-clave-para-la-educacion-de-jovenes-atlanticenses\/"},"author":{"name":"Comunicaciones Combarranquilla","@id":"https:\/\/tuguia.combarranquilla.co\/Revista\/#\/schema\/person\/c2c396a77170bd1d5f8ba73294eb0d10"},"headline":"Centro de Formaci\u00f3n Combarranquilla, un pilar clave para la educaci\u00f3n de j\u00f3venes atlanticenses.","datePublished":"2024-08-07T21:51:37+00:00","dateModified":"2024-10-24T19:14:37+00:00","mainEntityOfPage":{"@id":"https:\/\/tuguia.combarranquilla.co\/Revista\/centro-de-formacion-combarranquilla-un-pilar-clave-para-la-educacion-de-jovenes-atlanticenses\/"},"wordCount":946,"commentCount":0,"publisher":{"@id":"https:\/\/tuguia.combarranquilla.co\/Revista\/#organization"},"image":{"@id":"https:\/\/tuguia.combarranquilla.co\/Revista\/centro-de-formacion-combarranquilla-un-pilar-clave-para-la-educacion-de-jovenes-atlanticenses\/#primaryimage"},"thumbnailUrl":"https:\/\/tuguia.combarranquilla.co\/Revista\/wp-content\/uploads\/2024\/08\/DSC_0992-1-scaled.jpg","articleSection":["FORMACI\u00d3N"],"inLanguage":"es-CO","potentialAction":[{"@type":"CommentAction","name":"Comment","target":["https:\/\/tuguia.combarranquilla.co\/Revista\/centro-de-formacion-combarranquilla-un-pilar-clave-para-la-educacion-de-jovenes-atlanticenses\/#respond"]}]},{"@type":"WebPage","@id":"https:\/\/tuguia.combarranquilla.co\/Revista\/centro-de-formacion-combarranquilla-un-pilar-clave-para-la-educacion-de-jovenes-atlanticenses\/","url":"https:\/\/tuguia.combarranquilla.co\/Revista\/centro-de-formacion-combarranquilla-un-pilar-clave-para-la-educacion-de-jovenes-atlanticenses\/","name":"Centro de Formaci\u00f3n Combarranquilla, un pilar clave para la educaci\u00f3n de j\u00f3venes atlanticenses. - Tu Gu\u00eda","isPartOf":{"@id":"https:\/\/tuguia.combarranquilla.co\/Revista\/#website"},"primaryImageOfPage":{"@id":"https:\/\/tuguia.combarranquilla.co\/Revista\/centro-de-formacion-combarranquilla-un-pilar-clave-para-la-educacion-de-jovenes-atlanticenses\/#primaryimage"},"image":{"@id":"https:\/\/tuguia.combarranquilla.co\/Revista\/centro-de-formacion-combarranquilla-un-pilar-clave-para-la-educacion-de-jovenes-atlanticenses\/#primaryimage"},"thumbnailUrl":"https:\/\/tuguia.combarranquilla.co\/Revista\/wp-content\/uploads\/2024\/08\/DSC_0992-1-scaled.jpg","datePublished":"2024-08-07T21:51:37+00:00","dateModified":"2024-10-24T19:14:37+00:00","breadcrumb":{"@id":"https:\/\/tuguia.combarranquilla.co\/Revista\/centro-de-formacion-combarranquilla-un-pilar-clave-para-la-educacion-de-jovenes-atlanticenses\/#breadcrumb"},"inLanguage":"es-CO","potentialAction":[{"@type":"ReadAction","target":["https:\/\/tuguia.combarranquilla.co\/Revista\/centro-de-formacion-combarranquilla-un-pilar-clave-para-la-educacion-de-jovenes-atlanticenses\/"]}]},{"@type":"ImageObject","inLanguage":"es-CO","@id":"https:\/\/tuguia.combarranquilla.co\/Revista\/centro-de-formacion-combarranquilla-un-pilar-clave-para-la-educacion-de-jovenes-atlanticenses\/#primaryimage","url":"https:\/\/tuguia.combarranquilla.co\/Revista\/wp-content\/uploads\/2024\/08\/DSC_0992-1-scaled.jpg","contentUrl":"https:\/\/tuguia.combarranquilla.co\/Revista\/wp-content\/uploads\/2024\/08\/DSC_0992-1-scaled.jpg","width":2560,"height":1707},{"@type":"BreadcrumbList","@id":"https:\/\/tuguia.combarranquilla.co\/Revista\/centro-de-formacion-combarranquilla-un-pilar-clave-para-la-educacion-de-jovenes-atlanticenses\/#breadcrumb","itemListElement":[{"@type":"ListItem","position":1,"name":"Inicio","item":"https:\/\/tuguia.combarranquilla.co\/Revista\/"},{"@type":"ListItem","position":2,"name":"Centro de Formaci\u00f3n Combarranquilla, un pilar clave para la educaci\u00f3n de j\u00f3venes atlanticenses."}]},{"@type":"WebSite","@id":"https:\/\/tuguia.combarranquilla.co\/Revista\/#website","url":"https:\/\/tuguia.combarranquilla.co\/Revista\/","name":"Tu Gu\u00eda","description":"La revista donde lo tienes todo.","publisher":{"@id":"https:\/\/tuguia.combarranquilla.co\/Revista\/#organization"},"alternateName":"Tu Gu\u00eda Combarranquilla","potentialAction":[{"@type":"SearchAction","target":{"@type":"EntryPoint","urlTemplate":"https:\/\/tuguia.combarranquilla.co\/Revista\/?s={search_term_string}"},"query-input":{"@type":"PropertyValueSpecification","valueRequired":true,"valueName":"search_term_string"}}],"inLanguage":"es-CO"},{"@type":"Organization","@id":"https:\/\/tuguia.combarranquilla.co\/Revista\/#organization","name":"Tu Gu\u00eda Combarranquilla","url":"https:\/\/tuguia.combarranquilla.co\/Revista\/","logo":{"@type":"ImageObject","inLanguage":"es-CO","@id":"https:\/\/tuguia.combarranquilla.co\/Revista\/#\/schema\/logo\/image\/","url":"https:\/\/tuguia.combarranquilla.co\/Revista\/wp-content\/uploads\/2022\/02\/logo-guia-combarranquilla.svg","contentUrl":"https:\/\/tuguia.combarranquilla.co\/Revista\/wp-content\/uploads\/2022\/02\/logo-guia-combarranquilla.svg","caption":"Tu Gu\u00eda Combarranquilla"},"image":{"@id":"https:\/\/tuguia.combarranquilla.co\/Revista\/#\/schema\/logo\/image\/"}},{"@type":"Person","@id":"https:\/\/tuguia.combarranquilla.co\/Revista\/#\/schema\/person\/c2c396a77170bd1d5f8ba73294eb0d10","name":"Comunicaciones Combarranquilla","image":{"@type":"ImageObject","inLanguage":"es-CO","@id":"https:\/\/tuguia.combarranquilla.co\/Revista\/wp-content\/uploads\/2025\/05\/ABC-Al-Rojo-Logo-96x96.jpg","url":"https:\/\/tuguia.combarranquilla.co\/Revista\/wp-content\/uploads\/2025\/05\/ABC-Al-Rojo-Logo-96x96.jpg","contentUrl":"https:\/\/tuguia.combarranquilla.co\/Revista\/wp-content\/uploads\/2025\/05\/ABC-Al-Rojo-Logo-96x96.jpg","caption":"Comunicaciones Combarranquilla"},"sameAs":["https:\/\/www.combarranquilla.co"],"url":"https:\/\/tuguia.combarranquilla.co\/Revista\/author\/comunicaciones\/"}]}},"_links":{"self":[{"href":"https:\/\/tuguia.combarranquilla.co\/Revista\/wp-json\/wp\/v2\/posts\/4996","targetHints":{"allow":["GET"]}}],"collection":[{"href":"https:\/\/tuguia.combarranquilla.co\/Revista\/wp-json\/wp\/v2\/posts"}],"about":[{"href":"https:\/\/tuguia.combarranquilla.co\/Revista\/wp-json\/wp\/v2\/types\/post"}],"author":[{"embeddable":true,"href":"https:\/\/tuguia.combarranquilla.co\/Revista\/wp-json\/wp\/v2\/users\/2"}],"replies":[{"embeddable":true,"href":"https:\/\/tuguia.combarranquilla.co\/Revista\/wp-json\/wp\/v2\/comments?post=4996"}],"version-history":[{"count":10,"href":"https:\/\/tuguia.combarranquilla.co\/Revista\/wp-json\/wp\/v2\/posts\/4996\/revisions"}],"predecessor-version":[{"id":5149,"href":"https:\/\/tuguia.combarranquilla.co\/Revista\/wp-json\/wp\/v2\/posts\/4996\/revisions\/5149"}],"wp:featuredmedia":[{"embeddable":true,"href":"https:\/\/tuguia.combarranquilla.co\/Revista\/wp-json\/wp\/v2\/media\/5146"}],"wp:attachment":[{"href":"https:\/\/tuguia.combarranquilla.co\/Revista\/wp-json\/wp\/v2\/media?parent=4996"}],"wp:term":[{"taxonomy":"category","embeddable":true,"href":"https:\/\/tuguia.combarranquilla.co\/Revista\/wp-json\/wp\/v2\/categories?post=4996"},{"taxonomy":"post_tag","embeddable":true,"href":"https:\/\/tuguia.combarranquilla.co\/Revista\/wp-json\/wp\/v2\/tags?post=4996"}],"curies":[{"name":"wp","href":"https:\/\/api.w.org\/{rel}","templated":true}]}}