{"id":5003,"date":"2024-09-23T14:27:31","date_gmt":"2024-09-23T19:27:31","guid":{"rendered":"https:\/\/tuguia.combarranquilla.co\/Revista\/?p=5003"},"modified":"2024-12-27T08:12:03","modified_gmt":"2024-12-27T13:12:03","slug":"quinceanera-con-combarranquilla-tu-eres-la-protagonista","status":"publish","type":"post","link":"https:\/\/tuguia.combarranquilla.co\/Revista\/quinceanera-con-combarranquilla-tu-eres-la-protagonista\/","title":{"rendered":"Quincea\u00f1era, con Combarranquilla t\u00fa eres la protagonista"},"content":{"rendered":"\n<p>La llegada de los quince a\u00f1os es un momento que llena de ilusi\u00f3n a muchas j\u00f3venes. Despierta en ellas la emoci\u00f3n de poder celebrar un acontecimiento tan importante, que marca una nueva etapa en sus vidas. Actualmente, es una fecha que hace parte de la cultura latinoamericana y que socialmente se ha grabado en el imaginario colectivo como una tradici\u00f3n. La reconocida celebraci\u00f3n involucra los preparativos de una fiesta ceremonial, con un protocolo detallado centrado en honrar a la quincea\u00f1era, quien se encuentra un paso m\u00e1s cerca de la adultez. Maquillajes elaborados, vestidos pomposos y adornos de ensue\u00f1o son algunas de las caracter\u00edsticas infaltables de un quincea\u00f1ero. Pero este ha continuado en reinvenci\u00f3n con el paso de los a\u00f1os, gracias a nuevas ofertas igual de llamativas que transforman la carga simb\u00f3lica que lleva consigo.<\/p>\n\n\n<div class=\"wp-block-image is-style-default\">\n<figure class=\"aligncenter size-large is-resized\"><img decoding=\"async\" width=\"1024\" height=\"683\" data-src=\"https:\/\/tuguia.combarranquilla.co\/Revista\/wp-content\/uploads\/2024\/08\/DSC_0974-1-1024x683.jpg\" alt=\"\" class=\"wp-image-4869 lazyload\" style=\"--smush-placeholder-width: 1024px; --smush-placeholder-aspect-ratio: 1024\/683;width:419px;height:auto\" data-srcset=\"https:\/\/tuguia.combarranquilla.co\/Revista\/wp-content\/uploads\/2024\/08\/DSC_0974-1-1024x683.jpg 1024w, https:\/\/tuguia.combarranquilla.co\/Revista\/wp-content\/uploads\/2024\/08\/DSC_0974-1-300x200.jpg 300w, https:\/\/tuguia.combarranquilla.co\/Revista\/wp-content\/uploads\/2024\/08\/DSC_0974-1-768x512.jpg 768w, https:\/\/tuguia.combarranquilla.co\/Revista\/wp-content\/uploads\/2024\/08\/DSC_0974-1-1536x1024.jpg 1536w, https:\/\/tuguia.combarranquilla.co\/Revista\/wp-content\/uploads\/2024\/08\/DSC_0974-1-2048x1365.jpg 2048w\" data-sizes=\"(max-width: 1024px) 100vw, 1024px\" src=\"data:image\/svg+xml;base64,PHN2ZyB3aWR0aD0iMSIgaGVpZ2h0PSIxIiB4bWxucz0iaHR0cDovL3d3dy53My5vcmcvMjAwMC9zdmciPjwvc3ZnPg==\" \/><figcaption class=\"wp-element-caption\"><em>Quincea\u00f1ero en salon Combarranquilla.<\/em><\/figcaption><\/figure><\/div>\n\n\n<p>Una de las opciones m\u00e1s sonadas entre las quincea\u00f1eras para conmemorar su d\u00eda es poder realizar un viaje todo incluido, con amigos o familiares, a diferentes partes del mundo. Esto, con el fin de cambiar de perspectiva, conocer nuevas culturas y profundizar vivencias. Muchas tambi\u00e9n ven esta oportunidad como una forma de fortalecer lazos familiares o de amistad, mientras comparten tiempo de calidad con sus allegados.<\/p>\n\n\n\n<p>Tal como una fiesta tradicional, un viaje implica d\u00edas, semanas e incluso meses de preparaci\u00f3n, que se entremezclan con emociones de personas esperando vivir el tiempo de sus vidas. Valerie fue una de ellas, y rememora su experiencia como si fuera ayer. Al cumplir quince a\u00f1os, hizo realidad su sue\u00f1o de celebrar a lo grande con Combarranquilla, dando un tour por San Andr\u00e9s. Visit\u00f3 destinos en los que pudo construir recuerdos inolvidables y duraderos, que ahora est\u00e1n enmarcados en fotos y en su memoria.<\/p>\n\n\n\n<p>El d\u00eda de su viaje, Valerie se levant\u00f3 muy temprano para llegar al aeropuerto y empezar su aventura. \u201cTen\u00eda que estar en el aeropuerto a las 4 de la ma\u00f1ana\u201d, relata. Si bien Valerie fue sin sus padres, nunca estuvo sola. \u201cCuando llegu\u00e9 al aeropuerto conoc\u00ed a Mari, la chaperona que es de Barranquilla, y me ayud\u00f3 mucho en todo lo que necesitaba\u201d. Al emprender vuelo, se sinti\u00f3 muy feliz, con altas expectativas. De Barranquilla lleg\u00f3 a Bogot\u00e1 para encontrarse con otros chaperones y quincea\u00f1eras que tambi\u00e9n iban a disfrutar del tour, y no faltaron los regalos de bienvenida: \u201cAl llegar al punto de encuentro, nos entregaron unas camisas muy lindas que dec\u00edan \u2018Quincea\u00f1era\u2019, con unas escarapelas para identificarnos\u201d. Las quincea\u00f1eras ahora s\u00ed estaban totalmente listas para abordar el avi\u00f3n que las llevar\u00eda a San Andr\u00e9s.<\/p>\n\n\n<div class=\"wp-block-image is-style-default\">\n<figure class=\"aligncenter size-large is-resized\"><img decoding=\"async\" width=\"768\" height=\"1024\" data-src=\"https:\/\/tuguia.combarranquilla.co\/Revista\/wp-content\/uploads\/2024\/08\/WhatsApp-Image-2024-08-23-at-8.35.41-PM-1-1-768x1024.jpeg\" alt=\"\" class=\"wp-image-5005 lazyload\" style=\"--smush-placeholder-width: 768px; --smush-placeholder-aspect-ratio: 768\/1024;width:287px;height:auto\" data-srcset=\"https:\/\/tuguia.combarranquilla.co\/Revista\/wp-content\/uploads\/2024\/08\/WhatsApp-Image-2024-08-23-at-8.35.41-PM-1-1-768x1024.jpeg 768w, https:\/\/tuguia.combarranquilla.co\/Revista\/wp-content\/uploads\/2024\/08\/WhatsApp-Image-2024-08-23-at-8.35.41-PM-1-1-225x300.jpeg 225w, https:\/\/tuguia.combarranquilla.co\/Revista\/wp-content\/uploads\/2024\/08\/WhatsApp-Image-2024-08-23-at-8.35.41-PM-1-1.jpeg 960w\" data-sizes=\"(max-width: 768px) 100vw, 768px\" src=\"data:image\/svg+xml;base64,PHN2ZyB3aWR0aD0iMSIgaGVpZ2h0PSIxIiB4bWxucz0iaHR0cDovL3d3dy53My5vcmcvMjAwMC9zdmciPjwvc3ZnPg==\" \/><figcaption class=\"wp-element-caption\"><em>Vista desde el hotel Decameron Acuarium en San Andr\u00e9s. <\/em><br><em>Foto: Valerie<\/em><\/figcaption><\/figure><\/div>\n\n\n<p>Valerie y sus compa\u00f1eras se alojaron en el hotel Decameron Acuarium, un lugar que les dio la bienvenida con atractivas vistas y acogedoras instalaciones. \u201cRecuerdo que cuando llegamos, hicimos un recorrido por el hotel y me gust\u00f3 mucho\u201d, comenta Valerie con una sonrisa en su rostro. En el hotel, probaron platos exquisitos tipo buffet y se divirtieron en la piscina, mientras hablaban y re\u00edan con el sol en sus rostros.<\/p>\n\n\n\n<p>Pero entre todas las actividades que hizo Valerie, hay una que destaca. \u201cLo que m\u00e1s me gust\u00f3 de mi experiencia fue el d\u00eda que conocimos Ibiza, que es una peque\u00f1a isla flotante en medio del mar; y a m\u00ed me encanta el mar, la playa, por lo que me sent\u00ed muy feliz de pasar el d\u00eda all\u00ed\u201d, menciona con sus ojos brillosos y un tono de voz lleno de felicidad. \u201cAdem\u00e1s, compart\u00ed con mis compa\u00f1eras y \u00a1hasta vimos mantarrayas!\u201d, a\u00f1ade entre risas.<\/p>\n\n\n<div class=\"wp-block-image\">\n<figure class=\"aligncenter size-large is-resized\"><img decoding=\"async\" width=\"576\" height=\"1024\" data-src=\"https:\/\/tuguia.combarranquilla.co\/Revista\/wp-content\/uploads\/2024\/08\/WhatsApp-Image-2024-08-23-at-8.35.14-PM-576x1024.jpeg\" alt=\"\" class=\"wp-image-5008 lazyload\" style=\"--smush-placeholder-width: 576px; --smush-placeholder-aspect-ratio: 576\/1024;aspect-ratio:3\/4;object-fit:cover;width:271px;height:auto\" data-srcset=\"https:\/\/tuguia.combarranquilla.co\/Revista\/wp-content\/uploads\/2024\/08\/WhatsApp-Image-2024-08-23-at-8.35.14-PM-576x1024.jpeg 576w, https:\/\/tuguia.combarranquilla.co\/Revista\/wp-content\/uploads\/2024\/08\/WhatsApp-Image-2024-08-23-at-8.35.14-PM-169x300.jpeg 169w, https:\/\/tuguia.combarranquilla.co\/Revista\/wp-content\/uploads\/2024\/08\/WhatsApp-Image-2024-08-23-at-8.35.14-PM-768x1365.jpeg 768w, https:\/\/tuguia.combarranquilla.co\/Revista\/wp-content\/uploads\/2024\/08\/WhatsApp-Image-2024-08-23-at-8.35.14-PM.jpeg 828w\" data-sizes=\"(max-width: 576px) 100vw, 576px\" src=\"data:image\/svg+xml;base64,PHN2ZyB3aWR0aD0iMSIgaGVpZ2h0PSIxIiB4bWxucz0iaHR0cDovL3d3dy53My5vcmcvMjAwMC9zdmciPjwvc3ZnPg==\" \/><figcaption class=\"wp-element-caption\"><em>En Ibiza, San Andr\u00e9s. <br>Foto: Valerie<\/em><\/figcaption><\/figure><\/div>\n\n\n<p>Si bien Valerie decidi\u00f3 tener un viaje como regalo de cumplea\u00f1os, esta no fue su idea inicial. \u201cComo toda quincea\u00f1era, al principio ten\u00eda pensado hacer mi fiesta de quince a\u00f1os, con un vestido\u201d. Sin embargo, sus padres, deseosos de que pudiera tener una experiencia \u00fanica, le mostraron la opci\u00f3n del tour que ofrec\u00eda Combarranquilla. \u201cMe llam\u00f3 mucho la atenci\u00f3n, porque era la primera vez que viajar\u00eda sola; sab\u00eda que iba a ser algo especial para vivir\u201d, explica Valerie.<\/p>\n\n\n\n<p>Gracias a sus padres, Valerie se enamor\u00f3 de la visi\u00f3n de viajar y conocer otros lugares. Para saber un poco m\u00e1s acerca del plan, visit\u00f3 las instalaciones de Combarranquilla, donde tuvo una asesor\u00eda personalizada y cercana que aclar\u00f3 todas sus dudas y le hizo confirmar su decisi\u00f3n. \u201cCombarranquilla fue un gran apoyo. Hubo una asesora que me atendi\u00f3 antes de adquirir el viaje y siempre estuvo pendiente de m\u00ed. Siempre me daba \u00e1nimos y me repet\u00eda que disfrutara mucho. Con ella mantuve un contacto directo y me escrib\u00eda todos los d\u00edas para saber c\u00f3mo iba\u201d.<\/p>\n\n\n<div class=\"wp-block-image\">\n<figure class=\"aligncenter size-large is-resized\"><img decoding=\"async\" width=\"878\" height=\"1024\" data-src=\"https:\/\/tuguia.combarranquilla.co\/Revista\/wp-content\/uploads\/2024\/08\/WhatsApp-Image-2024-08-23-at-8.35.42-PM-878x1024.jpeg\" alt=\"\" class=\"wp-image-5007 lazyload\" style=\"--smush-placeholder-width: 878px; --smush-placeholder-aspect-ratio: 878\/1024;object-fit:cover;width:371px;height:295px\" data-srcset=\"https:\/\/tuguia.combarranquilla.co\/Revista\/wp-content\/uploads\/2024\/08\/WhatsApp-Image-2024-08-23-at-8.35.42-PM-878x1024.jpeg 878w, https:\/\/tuguia.combarranquilla.co\/Revista\/wp-content\/uploads\/2024\/08\/WhatsApp-Image-2024-08-23-at-8.35.42-PM-257x300.jpeg 257w, https:\/\/tuguia.combarranquilla.co\/Revista\/wp-content\/uploads\/2024\/08\/WhatsApp-Image-2024-08-23-at-8.35.42-PM-768x895.jpeg 768w, https:\/\/tuguia.combarranquilla.co\/Revista\/wp-content\/uploads\/2024\/08\/WhatsApp-Image-2024-08-23-at-8.35.42-PM.jpeg 960w\" data-sizes=\"(max-width: 878px) 100vw, 878px\" src=\"data:image\/svg+xml;base64,PHN2ZyB3aWR0aD0iMSIgaGVpZ2h0PSIxIiB4bWxucz0iaHR0cDovL3d3dy53My5vcmcvMjAwMC9zdmciPjwvc3ZnPg==\" \/><figcaption class=\"wp-element-caption\"><em>Valerie, quincea\u00f1era<\/em><\/figcaption><\/figure><\/div>\n\n\n<p>El acompa\u00f1amiento de Combarranquilla a las quincea\u00f1eras fue continuo y responsable, con el fin de brindarles comodidad tanto a ellas como a sus padres. \u201cGracias a Combarranquilla por todo lo que me ofreci\u00f3, y a mi madre por hablarme del tour, tengo esta experiencia que repetir\u00eda una y mil veces\u201d, dice Valerie alegremente. En definitiva, un evento inolvidable que siempre atesorar\u00e1.<\/p>\n\n\n\n<p>Oportunidades como esta abren nuestro horizonte y dan esa pizca de entusiasmo que a veces necesitamos en la vida. Un viaje es un regalo extraordinario que se quedar\u00e1 contigo siempre. Por eso, an\u00edmate, quincea\u00f1era. \u00a1Hoy con Combarranquilla t\u00fa tambi\u00e9n puedes ser la protagonista!<\/p>\n\n\n\n<p>Puedes adquirir nuestros paquetes de viajes y comenzar a recorrer el mundo, mientras compartes momentos especiales que siempre recordar\u00e1s.<\/p>\n\n\n\n<p>\u00a1Celebra con nosotros!<\/p>\n\n\n\n<div class=\"wp-block-buttons is-layout-flex wp-block-buttons-is-layout-flex\">\n<div class=\"wp-block-button has-custom-font-size is-style-fill has-medium-font-size\"><a class=\"wp-block-button__link has-background wp-element-button\" href=\"https:\/\/tuguia.combarranquilla.co\/Revista\/?p=3585\" style=\"border-radius:100px;background-color:#516246\"><strong><em>Tus quince 2024<\/em><\/strong><\/a><\/div>\n<\/div>\n\n\n\n<figure class=\"wp-block-table is-style-stripes\"><table class=\"has-background has-fixed-layout\" style=\"background-color:#516246\"><tbody><tr><td><strong><em>Para m\u00e1s informaci\u00f3n<\/em><\/strong><br><em><strong>L\u00ednea verde:<\/strong> (605) 3225049&nbsp;&#8211; Opci\u00f3n <\/em>3<\/td><\/tr><\/tbody><\/table><\/figure>\n","protected":false},"excerpt":{"rendered":"<p>La llegada de los quince a\u00f1os es un momento que llena de ilusi\u00f3n a muchas j\u00f3venes. Despierta en ellas la emoci\u00f3n de poder celebrar un acontecimiento tan importante, que marca una nueva etapa en sus vidas. Actualmente, es una fecha que hace parte de la cultura latinoamericana y que socialmente se ha grabado en el [&hellip;]<\/p>\n","protected":false},"author":2,"featured_media":5085,"comment_status":"open","ping_status":"open","sticky":false,"template":"","format":"standard","meta":{"inline_featured_image":false,"footnotes":""},"categories":[1],"tags":[],"class_list":["post-5003","post","type-post","status-publish","format-standard","has-post-thumbnail","hentry","category-entretenimiento"],"yoast_head":"<!-- This site is optimized with the Yoast SEO plugin v27.4 - https:\/\/yoast.com\/product\/yoast-seo-wordpress\/ -->\n<title>Quincea\u00f1era, con Combarranquilla t\u00fa eres la protagonista - Tu Gu\u00eda<\/title>\n<meta name=\"robots\" content=\"index, follow, max-snippet:-1, max-image-preview:large, max-video-preview:-1\" \/>\n<link rel=\"canonical\" href=\"https:\/\/tuguia.combarranquilla.co\/Revista\/quinceanera-con-combarranquilla-tu-eres-la-protagonista\/\" \/>\n<meta property=\"og:locale\" content=\"es_ES\" \/>\n<meta property=\"og:type\" content=\"article\" \/>\n<meta property=\"og:title\" content=\"Quincea\u00f1era, con Combarranquilla t\u00fa eres la protagonista - Tu Gu\u00eda\" \/>\n<meta property=\"og:description\" content=\"La llegada de los quince a\u00f1os es un momento que llena de ilusi\u00f3n a muchas j\u00f3venes. Despierta en ellas la emoci\u00f3n de poder celebrar un acontecimiento tan importante, que marca una nueva etapa en sus vidas. Actualmente, es una fecha que hace parte de la cultura latinoamericana y que socialmente se ha grabado en el [&hellip;]\" \/>\n<meta property=\"og:url\" content=\"https:\/\/tuguia.combarranquilla.co\/Revista\/quinceanera-con-combarranquilla-tu-eres-la-protagonista\/\" \/>\n<meta property=\"og:site_name\" content=\"Tu Gu\u00eda\" \/>\n<meta property=\"article:published_time\" content=\"2024-09-23T19:27:31+00:00\" \/>\n<meta property=\"article:modified_time\" content=\"2024-12-27T13:12:03+00:00\" \/>\n<meta property=\"og:image\" content=\"https:\/\/tuguia.combarranquilla.co\/Revista\/wp-content\/uploads\/2024\/09\/san-andres-105264.jpg\" \/>\n\t<meta property=\"og:image:width\" content=\"2048\" \/>\n\t<meta property=\"og:image:height\" content=\"1152\" \/>\n\t<meta property=\"og:image:type\" content=\"image\/jpeg\" \/>\n<meta name=\"author\" content=\"Comunicaciones Combarranquilla\" \/>\n<meta name=\"twitter:card\" content=\"summary_large_image\" \/>\n<meta name=\"twitter:label1\" content=\"Escrito por\" \/>\n\t<meta name=\"twitter:data1\" content=\"Comunicaciones Combarranquilla\" \/>\n\t<meta name=\"twitter:label2\" content=\"Tiempo de lectura\" \/>\n\t<meta name=\"twitter:data2\" content=\"6 minutos\" \/>\n<script type=\"application\/ld+json\" class=\"yoast-schema-graph\">{\"@context\":\"https:\\\/\\\/schema.org\",\"@graph\":[{\"@type\":\"Article\",\"@id\":\"https:\\\/\\\/tuguia.combarranquilla.co\\\/Revista\\\/quinceanera-con-combarranquilla-tu-eres-la-protagonista\\\/#article\",\"isPartOf\":{\"@id\":\"https:\\\/\\\/tuguia.combarranquilla.co\\\/Revista\\\/quinceanera-con-combarranquilla-tu-eres-la-protagonista\\\/\"},\"author\":{\"name\":\"Comunicaciones Combarranquilla\",\"@id\":\"https:\\\/\\\/tuguia.combarranquilla.co\\\/Revista\\\/#\\\/schema\\\/person\\\/c2c396a77170bd1d5f8ba73294eb0d10\"},\"headline\":\"Quincea\u00f1era, con Combarranquilla t\u00fa eres la protagonista\",\"datePublished\":\"2024-09-23T19:27:31+00:00\",\"dateModified\":\"2024-12-27T13:12:03+00:00\",\"mainEntityOfPage\":{\"@id\":\"https:\\\/\\\/tuguia.combarranquilla.co\\\/Revista\\\/quinceanera-con-combarranquilla-tu-eres-la-protagonista\\\/\"},\"wordCount\":987,\"commentCount\":0,\"publisher\":{\"@id\":\"https:\\\/\\\/tuguia.combarranquilla.co\\\/Revista\\\/#organization\"},\"image\":{\"@id\":\"https:\\\/\\\/tuguia.combarranquilla.co\\\/Revista\\\/quinceanera-con-combarranquilla-tu-eres-la-protagonista\\\/#primaryimage\"},\"thumbnailUrl\":\"https:\\\/\\\/tuguia.combarranquilla.co\\\/Revista\\\/wp-content\\\/uploads\\\/2024\\\/09\\\/san-andres-105264.jpg\",\"articleSection\":[\"ENTRETENIMIENTO\"],\"inLanguage\":\"es-CO\",\"potentialAction\":[{\"@type\":\"CommentAction\",\"name\":\"Comment\",\"target\":[\"https:\\\/\\\/tuguia.combarranquilla.co\\\/Revista\\\/quinceanera-con-combarranquilla-tu-eres-la-protagonista\\\/#respond\"]}]},{\"@type\":\"WebPage\",\"@id\":\"https:\\\/\\\/tuguia.combarranquilla.co\\\/Revista\\\/quinceanera-con-combarranquilla-tu-eres-la-protagonista\\\/\",\"url\":\"https:\\\/\\\/tuguia.combarranquilla.co\\\/Revista\\\/quinceanera-con-combarranquilla-tu-eres-la-protagonista\\\/\",\"name\":\"Quincea\u00f1era, con Combarranquilla t\u00fa eres la protagonista - Tu Gu\u00eda\",\"isPartOf\":{\"@id\":\"https:\\\/\\\/tuguia.combarranquilla.co\\\/Revista\\\/#website\"},\"primaryImageOfPage\":{\"@id\":\"https:\\\/\\\/tuguia.combarranquilla.co\\\/Revista\\\/quinceanera-con-combarranquilla-tu-eres-la-protagonista\\\/#primaryimage\"},\"image\":{\"@id\":\"https:\\\/\\\/tuguia.combarranquilla.co\\\/Revista\\\/quinceanera-con-combarranquilla-tu-eres-la-protagonista\\\/#primaryimage\"},\"thumbnailUrl\":\"https:\\\/\\\/tuguia.combarranquilla.co\\\/Revista\\\/wp-content\\\/uploads\\\/2024\\\/09\\\/san-andres-105264.jpg\",\"datePublished\":\"2024-09-23T19:27:31+00:00\",\"dateModified\":\"2024-12-27T13:12:03+00:00\",\"breadcrumb\":{\"@id\":\"https:\\\/\\\/tuguia.combarranquilla.co\\\/Revista\\\/quinceanera-con-combarranquilla-tu-eres-la-protagonista\\\/#breadcrumb\"},\"inLanguage\":\"es-CO\",\"potentialAction\":[{\"@type\":\"ReadAction\",\"target\":[\"https:\\\/\\\/tuguia.combarranquilla.co\\\/Revista\\\/quinceanera-con-combarranquilla-tu-eres-la-protagonista\\\/\"]}]},{\"@type\":\"ImageObject\",\"inLanguage\":\"es-CO\",\"@id\":\"https:\\\/\\\/tuguia.combarranquilla.co\\\/Revista\\\/quinceanera-con-combarranquilla-tu-eres-la-protagonista\\\/#primaryimage\",\"url\":\"https:\\\/\\\/tuguia.combarranquilla.co\\\/Revista\\\/wp-content\\\/uploads\\\/2024\\\/09\\\/san-andres-105264.jpg\",\"contentUrl\":\"https:\\\/\\\/tuguia.combarranquilla.co\\\/Revista\\\/wp-content\\\/uploads\\\/2024\\\/09\\\/san-andres-105264.jpg\",\"width\":2048,\"height\":1152,\"caption\":\"Imagen de referencia\"},{\"@type\":\"BreadcrumbList\",\"@id\":\"https:\\\/\\\/tuguia.combarranquilla.co\\\/Revista\\\/quinceanera-con-combarranquilla-tu-eres-la-protagonista\\\/#breadcrumb\",\"itemListElement\":[{\"@type\":\"ListItem\",\"position\":1,\"name\":\"Inicio\",\"item\":\"https:\\\/\\\/tuguia.combarranquilla.co\\\/Revista\\\/\"},{\"@type\":\"ListItem\",\"position\":2,\"name\":\"Quincea\u00f1era, con Combarranquilla t\u00fa eres la protagonista\"}]},{\"@type\":\"WebSite\",\"@id\":\"https:\\\/\\\/tuguia.combarranquilla.co\\\/Revista\\\/#website\",\"url\":\"https:\\\/\\\/tuguia.combarranquilla.co\\\/Revista\\\/\",\"name\":\"Tu Gu\u00eda\",\"description\":\"La revista donde lo tienes todo.\",\"publisher\":{\"@id\":\"https:\\\/\\\/tuguia.combarranquilla.co\\\/Revista\\\/#organization\"},\"alternateName\":\"Tu Gu\u00eda Combarranquilla\",\"potentialAction\":[{\"@type\":\"SearchAction\",\"target\":{\"@type\":\"EntryPoint\",\"urlTemplate\":\"https:\\\/\\\/tuguia.combarranquilla.co\\\/Revista\\\/?s={search_term_string}\"},\"query-input\":{\"@type\":\"PropertyValueSpecification\",\"valueRequired\":true,\"valueName\":\"search_term_string\"}}],\"inLanguage\":\"es-CO\"},{\"@type\":\"Organization\",\"@id\":\"https:\\\/\\\/tuguia.combarranquilla.co\\\/Revista\\\/#organization\",\"name\":\"Tu Gu\u00eda Combarranquilla\",\"url\":\"https:\\\/\\\/tuguia.combarranquilla.co\\\/Revista\\\/\",\"logo\":{\"@type\":\"ImageObject\",\"inLanguage\":\"es-CO\",\"@id\":\"https:\\\/\\\/tuguia.combarranquilla.co\\\/Revista\\\/#\\\/schema\\\/logo\\\/image\\\/\",\"url\":\"https:\\\/\\\/tuguia.combarranquilla.co\\\/Revista\\\/wp-content\\\/uploads\\\/2022\\\/02\\\/logo-guia-combarranquilla.svg\",\"contentUrl\":\"https:\\\/\\\/tuguia.combarranquilla.co\\\/Revista\\\/wp-content\\\/uploads\\\/2022\\\/02\\\/logo-guia-combarranquilla.svg\",\"caption\":\"Tu Gu\u00eda Combarranquilla\"},\"image\":{\"@id\":\"https:\\\/\\\/tuguia.combarranquilla.co\\\/Revista\\\/#\\\/schema\\\/logo\\\/image\\\/\"}},{\"@type\":\"Person\",\"@id\":\"https:\\\/\\\/tuguia.combarranquilla.co\\\/Revista\\\/#\\\/schema\\\/person\\\/c2c396a77170bd1d5f8ba73294eb0d10\",\"name\":\"Comunicaciones Combarranquilla\",\"image\":{\"@type\":\"ImageObject\",\"inLanguage\":\"es-CO\",\"@id\":\"https:\\\/\\\/tuguia.combarranquilla.co\\\/Revista\\\/wp-content\\\/uploads\\\/2025\\\/05\\\/ABC-Al-Rojo-Logo-96x96.jpg\",\"url\":\"https:\\\/\\\/tuguia.combarranquilla.co\\\/Revista\\\/wp-content\\\/uploads\\\/2025\\\/05\\\/ABC-Al-Rojo-Logo-96x96.jpg\",\"contentUrl\":\"https:\\\/\\\/tuguia.combarranquilla.co\\\/Revista\\\/wp-content\\\/uploads\\\/2025\\\/05\\\/ABC-Al-Rojo-Logo-96x96.jpg\",\"caption\":\"Comunicaciones Combarranquilla\"},\"sameAs\":[\"https:\\\/\\\/www.combarranquilla.co\"],\"url\":\"https:\\\/\\\/tuguia.combarranquilla.co\\\/Revista\\\/author\\\/comunicaciones\\\/\"}]}<\/script>\n<!-- \/ Yoast SEO plugin. -->","yoast_head_json":{"title":"Quincea\u00f1era, con Combarranquilla t\u00fa eres la protagonista - Tu Gu\u00eda","robots":{"index":"index","follow":"follow","max-snippet":"max-snippet:-1","max-image-preview":"max-image-preview:large","max-video-preview":"max-video-preview:-1"},"canonical":"https:\/\/tuguia.combarranquilla.co\/Revista\/quinceanera-con-combarranquilla-tu-eres-la-protagonista\/","og_locale":"es_ES","og_type":"article","og_title":"Quincea\u00f1era, con Combarranquilla t\u00fa eres la protagonista - Tu Gu\u00eda","og_description":"La llegada de los quince a\u00f1os es un momento que llena de ilusi\u00f3n a muchas j\u00f3venes. Despierta en ellas la emoci\u00f3n de poder celebrar un acontecimiento tan importante, que marca una nueva etapa en sus vidas. Actualmente, es una fecha que hace parte de la cultura latinoamericana y que socialmente se ha grabado en el [&hellip;]","og_url":"https:\/\/tuguia.combarranquilla.co\/Revista\/quinceanera-con-combarranquilla-tu-eres-la-protagonista\/","og_site_name":"Tu Gu\u00eda","article_published_time":"2024-09-23T19:27:31+00:00","article_modified_time":"2024-12-27T13:12:03+00:00","og_image":[{"width":2048,"height":1152,"url":"https:\/\/tuguia.combarranquilla.co\/Revista\/wp-content\/uploads\/2024\/09\/san-andres-105264.jpg","type":"image\/jpeg"}],"author":"Comunicaciones Combarranquilla","twitter_card":"summary_large_image","twitter_misc":{"Escrito por":"Comunicaciones Combarranquilla","Tiempo de lectura":"6 minutos"},"schema":{"@context":"https:\/\/schema.org","@graph":[{"@type":"Article","@id":"https:\/\/tuguia.combarranquilla.co\/Revista\/quinceanera-con-combarranquilla-tu-eres-la-protagonista\/#article","isPartOf":{"@id":"https:\/\/tuguia.combarranquilla.co\/Revista\/quinceanera-con-combarranquilla-tu-eres-la-protagonista\/"},"author":{"name":"Comunicaciones Combarranquilla","@id":"https:\/\/tuguia.combarranquilla.co\/Revista\/#\/schema\/person\/c2c396a77170bd1d5f8ba73294eb0d10"},"headline":"Quincea\u00f1era, con Combarranquilla t\u00fa eres la protagonista","datePublished":"2024-09-23T19:27:31+00:00","dateModified":"2024-12-27T13:12:03+00:00","mainEntityOfPage":{"@id":"https:\/\/tuguia.combarranquilla.co\/Revista\/quinceanera-con-combarranquilla-tu-eres-la-protagonista\/"},"wordCount":987,"commentCount":0,"publisher":{"@id":"https:\/\/tuguia.combarranquilla.co\/Revista\/#organization"},"image":{"@id":"https:\/\/tuguia.combarranquilla.co\/Revista\/quinceanera-con-combarranquilla-tu-eres-la-protagonista\/#primaryimage"},"thumbnailUrl":"https:\/\/tuguia.combarranquilla.co\/Revista\/wp-content\/uploads\/2024\/09\/san-andres-105264.jpg","articleSection":["ENTRETENIMIENTO"],"inLanguage":"es-CO","potentialAction":[{"@type":"CommentAction","name":"Comment","target":["https:\/\/tuguia.combarranquilla.co\/Revista\/quinceanera-con-combarranquilla-tu-eres-la-protagonista\/#respond"]}]},{"@type":"WebPage","@id":"https:\/\/tuguia.combarranquilla.co\/Revista\/quinceanera-con-combarranquilla-tu-eres-la-protagonista\/","url":"https:\/\/tuguia.combarranquilla.co\/Revista\/quinceanera-con-combarranquilla-tu-eres-la-protagonista\/","name":"Quincea\u00f1era, con Combarranquilla t\u00fa eres la protagonista - Tu Gu\u00eda","isPartOf":{"@id":"https:\/\/tuguia.combarranquilla.co\/Revista\/#website"},"primaryImageOfPage":{"@id":"https:\/\/tuguia.combarranquilla.co\/Revista\/quinceanera-con-combarranquilla-tu-eres-la-protagonista\/#primaryimage"},"image":{"@id":"https:\/\/tuguia.combarranquilla.co\/Revista\/quinceanera-con-combarranquilla-tu-eres-la-protagonista\/#primaryimage"},"thumbnailUrl":"https:\/\/tuguia.combarranquilla.co\/Revista\/wp-content\/uploads\/2024\/09\/san-andres-105264.jpg","datePublished":"2024-09-23T19:27:31+00:00","dateModified":"2024-12-27T13:12:03+00:00","breadcrumb":{"@id":"https:\/\/tuguia.combarranquilla.co\/Revista\/quinceanera-con-combarranquilla-tu-eres-la-protagonista\/#breadcrumb"},"inLanguage":"es-CO","potentialAction":[{"@type":"ReadAction","target":["https:\/\/tuguia.combarranquilla.co\/Revista\/quinceanera-con-combarranquilla-tu-eres-la-protagonista\/"]}]},{"@type":"ImageObject","inLanguage":"es-CO","@id":"https:\/\/tuguia.combarranquilla.co\/Revista\/quinceanera-con-combarranquilla-tu-eres-la-protagonista\/#primaryimage","url":"https:\/\/tuguia.combarranquilla.co\/Revista\/wp-content\/uploads\/2024\/09\/san-andres-105264.jpg","contentUrl":"https:\/\/tuguia.combarranquilla.co\/Revista\/wp-content\/uploads\/2024\/09\/san-andres-105264.jpg","width":2048,"height":1152,"caption":"Imagen de referencia"},{"@type":"BreadcrumbList","@id":"https:\/\/tuguia.combarranquilla.co\/Revista\/quinceanera-con-combarranquilla-tu-eres-la-protagonista\/#breadcrumb","itemListElement":[{"@type":"ListItem","position":1,"name":"Inicio","item":"https:\/\/tuguia.combarranquilla.co\/Revista\/"},{"@type":"ListItem","position":2,"name":"Quincea\u00f1era, con Combarranquilla t\u00fa eres la protagonista"}]},{"@type":"WebSite","@id":"https:\/\/tuguia.combarranquilla.co\/Revista\/#website","url":"https:\/\/tuguia.combarranquilla.co\/Revista\/","name":"Tu Gu\u00eda","description":"La revista donde lo tienes todo.","publisher":{"@id":"https:\/\/tuguia.combarranquilla.co\/Revista\/#organization"},"alternateName":"Tu Gu\u00eda Combarranquilla","potentialAction":[{"@type":"SearchAction","target":{"@type":"EntryPoint","urlTemplate":"https:\/\/tuguia.combarranquilla.co\/Revista\/?s={search_term_string}"},"query-input":{"@type":"PropertyValueSpecification","valueRequired":true,"valueName":"search_term_string"}}],"inLanguage":"es-CO"},{"@type":"Organization","@id":"https:\/\/tuguia.combarranquilla.co\/Revista\/#organization","name":"Tu Gu\u00eda Combarranquilla","url":"https:\/\/tuguia.combarranquilla.co\/Revista\/","logo":{"@type":"ImageObject","inLanguage":"es-CO","@id":"https:\/\/tuguia.combarranquilla.co\/Revista\/#\/schema\/logo\/image\/","url":"https:\/\/tuguia.combarranquilla.co\/Revista\/wp-content\/uploads\/2022\/02\/logo-guia-combarranquilla.svg","contentUrl":"https:\/\/tuguia.combarranquilla.co\/Revista\/wp-content\/uploads\/2022\/02\/logo-guia-combarranquilla.svg","caption":"Tu Gu\u00eda Combarranquilla"},"image":{"@id":"https:\/\/tuguia.combarranquilla.co\/Revista\/#\/schema\/logo\/image\/"}},{"@type":"Person","@id":"https:\/\/tuguia.combarranquilla.co\/Revista\/#\/schema\/person\/c2c396a77170bd1d5f8ba73294eb0d10","name":"Comunicaciones Combarranquilla","image":{"@type":"ImageObject","inLanguage":"es-CO","@id":"https:\/\/tuguia.combarranquilla.co\/Revista\/wp-content\/uploads\/2025\/05\/ABC-Al-Rojo-Logo-96x96.jpg","url":"https:\/\/tuguia.combarranquilla.co\/Revista\/wp-content\/uploads\/2025\/05\/ABC-Al-Rojo-Logo-96x96.jpg","contentUrl":"https:\/\/tuguia.combarranquilla.co\/Revista\/wp-content\/uploads\/2025\/05\/ABC-Al-Rojo-Logo-96x96.jpg","caption":"Comunicaciones Combarranquilla"},"sameAs":["https:\/\/www.combarranquilla.co"],"url":"https:\/\/tuguia.combarranquilla.co\/Revista\/author\/comunicaciones\/"}]}},"_links":{"self":[{"href":"https:\/\/tuguia.combarranquilla.co\/Revista\/wp-json\/wp\/v2\/posts\/5003","targetHints":{"allow":["GET"]}}],"collection":[{"href":"https:\/\/tuguia.combarranquilla.co\/Revista\/wp-json\/wp\/v2\/posts"}],"about":[{"href":"https:\/\/tuguia.combarranquilla.co\/Revista\/wp-json\/wp\/v2\/types\/post"}],"author":[{"embeddable":true,"href":"https:\/\/tuguia.combarranquilla.co\/Revista\/wp-json\/wp\/v2\/users\/2"}],"replies":[{"embeddable":true,"href":"https:\/\/tuguia.combarranquilla.co\/Revista\/wp-json\/wp\/v2\/comments?post=5003"}],"version-history":[{"count":20,"href":"https:\/\/tuguia.combarranquilla.co\/Revista\/wp-json\/wp\/v2\/posts\/5003\/revisions"}],"predecessor-version":[{"id":5518,"href":"https:\/\/tuguia.combarranquilla.co\/Revista\/wp-json\/wp\/v2\/posts\/5003\/revisions\/5518"}],"wp:featuredmedia":[{"embeddable":true,"href":"https:\/\/tuguia.combarranquilla.co\/Revista\/wp-json\/wp\/v2\/media\/5085"}],"wp:attachment":[{"href":"https:\/\/tuguia.combarranquilla.co\/Revista\/wp-json\/wp\/v2\/media?parent=5003"}],"wp:term":[{"taxonomy":"category","embeddable":true,"href":"https:\/\/tuguia.combarranquilla.co\/Revista\/wp-json\/wp\/v2\/categories?post=5003"},{"taxonomy":"post_tag","embeddable":true,"href":"https:\/\/tuguia.combarranquilla.co\/Revista\/wp-json\/wp\/v2\/tags?post=5003"}],"curies":[{"name":"wp","href":"https:\/\/api.w.org\/{rel}","templated":true}]}}