{"id":5021,"date":"2024-08-02T09:18:34","date_gmt":"2024-08-02T14:18:34","guid":{"rendered":"https:\/\/tuguia.combarranquilla.co\/Revista\/?p=5021"},"modified":"2024-10-21T16:15:09","modified_gmt":"2024-10-21T21:15:09","slug":"abraham-navarro-un-beneficiario-de-la-beca-progreso-combarranquilla","status":"publish","type":"post","link":"https:\/\/tuguia.combarranquilla.co\/Revista\/abraham-navarro-un-beneficiario-de-la-beca-progreso-combarranquilla\/","title":{"rendered":"Abraham Navarro un beneficiario de la Beca Progreso Combarranquilla"},"content":{"rendered":"\n<p>La Caja de Compensaci\u00f3n Familiar Combarranquilla, interesada en el bienestar de las familias del Atl\u00e1ntico, cre\u00f3 desde el 2010 el programa Beca Progreso. Este programa otorga becas del 100 y 50 % de los estudios a estudiantes de categor\u00edas A y B para que accedan a la educaci\u00f3n superior en la Universidad del Norte. En su mayor\u00eda, los beneficiados son los hijos de trabajadores afiliados que se destacan durante su etapa como bachiller.<br>Combarranquilla cree en la educaci\u00f3n como un veh\u00edculo clave para cambiar vidas y mejorar la sociedad. Por eso se ha convertido en apoyo y gestor para impulsar a los j\u00f3venes a formarse como profesionales, y de esa manera, que puedan alcanzar sus metas, mejorar su calidad de vida y la de sus familias.<br>Dieciocho j\u00f3venes fueron los beneficiados para inicios de 2024. Ocho de ellos son becados con el 100% de la matricula y sus ocho niveles de segunda lengua en todos sus niveles, mientras que los diez restantes recibir\u00e1n el beneficio con una beca del 50 % en la matricula y los ocho niveles respectivos de segunda lengua.<\/p>\n\n\n\n<p>Abraham Navarro fue uno de los ganadores del 100 % de la matricula. Con tan solo 14 a\u00f1os, se gradu\u00f3 del colegio con honores y fue gracias a ir siempre un paso adelante, junto con su esmero y deseo de terminar su bachillerato a muy temprana edad. Sus profesores lo catalogaron como un estudiante \u00edntegro, comprometido y muy dispuesto a aprender.<\/p>\n\n\n\n<p>Sus padres siempre lo motivaron a realizar lo que el deseaba con mucha responsabilidad, por lo que siempre fue disciplinado con sus estudios para alcanzar la meta que tanto anhelaba: graduarse muy joven.<\/p>\n\n\n\n<p>Los padres de Abraham, viendo su promedio, hicieron la postulaci\u00f3n a Combarranquilla para acceder al Subsidio de la Beca Progreso. Debido a ese gran esfuerzo, el resultado fue favorable en el II semestre del a\u00f1o 2023 por parte de la Caja. En el presente 2024, curs\u00f3 su primer semestre en la carrera de Ciencia de Datos en la mencionada universidad.<\/p>\n\n\n\n<p><em>Gracias a Combarranquilla por la entrega de la beca y por permitirme continuar los estudios en la Universidad del Norte.<\/em><\/p>\n\n\n<div class=\"wp-block-image\">\n<figure class=\"aligncenter size-large is-resized\"><img decoding=\"async\" width=\"683\" height=\"1024\" data-src=\"https:\/\/tuguia.combarranquilla.co\/Revista\/wp-content\/uploads\/2024\/08\/DSC9743-683x1024.jpg\" alt=\"\" class=\"wp-image-5023 lazyload\" style=\"--smush-placeholder-width: 683px; --smush-placeholder-aspect-ratio: 683\/1024;width:476px;height:auto\" data-srcset=\"https:\/\/tuguia.combarranquilla.co\/Revista\/wp-content\/uploads\/2024\/08\/DSC9743-683x1024.jpg 683w, https:\/\/tuguia.combarranquilla.co\/Revista\/wp-content\/uploads\/2024\/08\/DSC9743-200x300.jpg 200w, https:\/\/tuguia.combarranquilla.co\/Revista\/wp-content\/uploads\/2024\/08\/DSC9743-768x1152.jpg 768w, https:\/\/tuguia.combarranquilla.co\/Revista\/wp-content\/uploads\/2024\/08\/DSC9743-1024x1536.jpg 1024w, https:\/\/tuguia.combarranquilla.co\/Revista\/wp-content\/uploads\/2024\/08\/DSC9743-1366x2048.jpg 1366w, https:\/\/tuguia.combarranquilla.co\/Revista\/wp-content\/uploads\/2024\/08\/DSC9743-scaled.jpg 1707w\" data-sizes=\"(max-width: 683px) 100vw, 683px\" src=\"data:image\/svg+xml;base64,PHN2ZyB3aWR0aD0iMSIgaGVpZ2h0PSIxIiB4bWxucz0iaHR0cDovL3d3dy53My5vcmcvMjAwMC9zdmciPjwvc3ZnPg==\" \/><figcaption class=\"wp-element-caption\">Ernesto Herrera, director de Combarranquilla y Abraham Navarro, beneficiario Beca Progreso 2023 &#8211; II<\/figcaption><\/figure><\/div>\n\n\n<p>T\u00fa tambi\u00e9n puedes uno de los beneficiarios de la Beca Progreso. Si estas interesado, no dejes pasar la oportunidad y post\u00falate a partir del mes de septiembre.<\/p>\n\n\n\n<p>M\u00e1s informes <a href=\"https:\/\/www.combarranquilla.co\/subsidios\/#panel\">https:\/\/www.combarranquilla.co\/subsidios\/#panel<\/a> <br>605-3225049 opci\u00f3n 1.<\/p>\n\n\n\n<p><\/p>\n","protected":false},"excerpt":{"rendered":"<p>La Caja de Compensaci\u00f3n Familiar Combarranquilla, interesada en el bienestar de las familias del Atl\u00e1ntico, cre\u00f3 desde el 2010 el programa Beca Progreso. Este programa otorga becas del 100 y 50 % de los estudios a estudiantes de categor\u00edas A y B para que accedan a la educaci\u00f3n superior en la Universidad del Norte. En [&hellip;]<\/p>\n","protected":false},"author":2,"featured_media":5107,"comment_status":"open","ping_status":"open","sticky":false,"template":"","format":"standard","meta":{"inline_featured_image":false,"footnotes":""},"categories":[2],"tags":[],"class_list":["post-5021","post","type-post","status-publish","format-standard","has-post-thumbnail","hentry","category-subsidios"],"yoast_head":"<!-- This site is optimized with the Yoast SEO plugin v27.4 - https:\/\/yoast.com\/product\/yoast-seo-wordpress\/ -->\n<title>Abraham Navarro un beneficiario de la Beca Progreso Combarranquilla - Tu Gu\u00eda<\/title>\n<meta name=\"robots\" content=\"index, follow, max-snippet:-1, max-image-preview:large, max-video-preview:-1\" \/>\n<link rel=\"canonical\" href=\"https:\/\/tuguia.combarranquilla.co\/Revista\/abraham-navarro-un-beneficiario-de-la-beca-progreso-combarranquilla\/\" \/>\n<meta property=\"og:locale\" content=\"es_ES\" \/>\n<meta property=\"og:type\" content=\"article\" \/>\n<meta property=\"og:title\" content=\"Abraham Navarro un beneficiario de la Beca Progreso Combarranquilla - Tu Gu\u00eda\" \/>\n<meta property=\"og:description\" content=\"La Caja de Compensaci\u00f3n Familiar Combarranquilla, interesada en el bienestar de las familias del Atl\u00e1ntico, cre\u00f3 desde el 2010 el programa Beca Progreso. Este programa otorga becas del 100 y 50 % de los estudios a estudiantes de categor\u00edas A y B para que accedan a la educaci\u00f3n superior en la Universidad del Norte. En [&hellip;]\" \/>\n<meta property=\"og:url\" content=\"https:\/\/tuguia.combarranquilla.co\/Revista\/abraham-navarro-un-beneficiario-de-la-beca-progreso-combarranquilla\/\" \/>\n<meta property=\"og:site_name\" content=\"Tu Gu\u00eda\" \/>\n<meta property=\"article:published_time\" content=\"2024-08-02T14:18:34+00:00\" \/>\n<meta property=\"article:modified_time\" content=\"2024-10-21T21:15:09+00:00\" \/>\n<meta property=\"og:image\" content=\"https:\/\/tuguia.combarranquilla.co\/Revista\/wp-content\/uploads\/2024\/08\/01-1024x576.png\" \/>\n\t<meta property=\"og:image:width\" content=\"1024\" \/>\n\t<meta property=\"og:image:height\" content=\"576\" \/>\n\t<meta property=\"og:image:type\" content=\"image\/png\" \/>\n<meta name=\"author\" content=\"Comunicaciones Combarranquilla\" \/>\n<meta name=\"twitter:card\" content=\"summary_large_image\" \/>\n<meta name=\"twitter:label1\" content=\"Escrito por\" \/>\n\t<meta name=\"twitter:data1\" content=\"Comunicaciones Combarranquilla\" \/>\n\t<meta name=\"twitter:label2\" content=\"Tiempo de lectura\" \/>\n\t<meta name=\"twitter:data2\" content=\"2 minutos\" \/>\n<script type=\"application\/ld+json\" class=\"yoast-schema-graph\">{\"@context\":\"https:\\\/\\\/schema.org\",\"@graph\":[{\"@type\":\"Article\",\"@id\":\"https:\\\/\\\/tuguia.combarranquilla.co\\\/Revista\\\/abraham-navarro-un-beneficiario-de-la-beca-progreso-combarranquilla\\\/#article\",\"isPartOf\":{\"@id\":\"https:\\\/\\\/tuguia.combarranquilla.co\\\/Revista\\\/abraham-navarro-un-beneficiario-de-la-beca-progreso-combarranquilla\\\/\"},\"author\":{\"name\":\"Comunicaciones Combarranquilla\",\"@id\":\"https:\\\/\\\/tuguia.combarranquilla.co\\\/Revista\\\/#\\\/schema\\\/person\\\/c2c396a77170bd1d5f8ba73294eb0d10\"},\"headline\":\"Abraham Navarro un beneficiario de la Beca Progreso Combarranquilla\",\"datePublished\":\"2024-08-02T14:18:34+00:00\",\"dateModified\":\"2024-10-21T21:15:09+00:00\",\"mainEntityOfPage\":{\"@id\":\"https:\\\/\\\/tuguia.combarranquilla.co\\\/Revista\\\/abraham-navarro-un-beneficiario-de-la-beca-progreso-combarranquilla\\\/\"},\"wordCount\":419,\"commentCount\":0,\"publisher\":{\"@id\":\"https:\\\/\\\/tuguia.combarranquilla.co\\\/Revista\\\/#organization\"},\"image\":{\"@id\":\"https:\\\/\\\/tuguia.combarranquilla.co\\\/Revista\\\/abraham-navarro-un-beneficiario-de-la-beca-progreso-combarranquilla\\\/#primaryimage\"},\"thumbnailUrl\":\"https:\\\/\\\/tuguia.combarranquilla.co\\\/Revista\\\/wp-content\\\/uploads\\\/2024\\\/08\\\/01.png\",\"articleSection\":[\"SUBSIDIOS\"],\"inLanguage\":\"es-CO\",\"potentialAction\":[{\"@type\":\"CommentAction\",\"name\":\"Comment\",\"target\":[\"https:\\\/\\\/tuguia.combarranquilla.co\\\/Revista\\\/abraham-navarro-un-beneficiario-de-la-beca-progreso-combarranquilla\\\/#respond\"]}]},{\"@type\":\"WebPage\",\"@id\":\"https:\\\/\\\/tuguia.combarranquilla.co\\\/Revista\\\/abraham-navarro-un-beneficiario-de-la-beca-progreso-combarranquilla\\\/\",\"url\":\"https:\\\/\\\/tuguia.combarranquilla.co\\\/Revista\\\/abraham-navarro-un-beneficiario-de-la-beca-progreso-combarranquilla\\\/\",\"name\":\"Abraham Navarro un beneficiario de la Beca Progreso Combarranquilla - Tu Gu\u00eda\",\"isPartOf\":{\"@id\":\"https:\\\/\\\/tuguia.combarranquilla.co\\\/Revista\\\/#website\"},\"primaryImageOfPage\":{\"@id\":\"https:\\\/\\\/tuguia.combarranquilla.co\\\/Revista\\\/abraham-navarro-un-beneficiario-de-la-beca-progreso-combarranquilla\\\/#primaryimage\"},\"image\":{\"@id\":\"https:\\\/\\\/tuguia.combarranquilla.co\\\/Revista\\\/abraham-navarro-un-beneficiario-de-la-beca-progreso-combarranquilla\\\/#primaryimage\"},\"thumbnailUrl\":\"https:\\\/\\\/tuguia.combarranquilla.co\\\/Revista\\\/wp-content\\\/uploads\\\/2024\\\/08\\\/01.png\",\"datePublished\":\"2024-08-02T14:18:34+00:00\",\"dateModified\":\"2024-10-21T21:15:09+00:00\",\"breadcrumb\":{\"@id\":\"https:\\\/\\\/tuguia.combarranquilla.co\\\/Revista\\\/abraham-navarro-un-beneficiario-de-la-beca-progreso-combarranquilla\\\/#breadcrumb\"},\"inLanguage\":\"es-CO\",\"potentialAction\":[{\"@type\":\"ReadAction\",\"target\":[\"https:\\\/\\\/tuguia.combarranquilla.co\\\/Revista\\\/abraham-navarro-un-beneficiario-de-la-beca-progreso-combarranquilla\\\/\"]}]},{\"@type\":\"ImageObject\",\"inLanguage\":\"es-CO\",\"@id\":\"https:\\\/\\\/tuguia.combarranquilla.co\\\/Revista\\\/abraham-navarro-un-beneficiario-de-la-beca-progreso-combarranquilla\\\/#primaryimage\",\"url\":\"https:\\\/\\\/tuguia.combarranquilla.co\\\/Revista\\\/wp-content\\\/uploads\\\/2024\\\/08\\\/01.png\",\"contentUrl\":\"https:\\\/\\\/tuguia.combarranquilla.co\\\/Revista\\\/wp-content\\\/uploads\\\/2024\\\/08\\\/01.png\",\"width\":3840,\"height\":2160},{\"@type\":\"BreadcrumbList\",\"@id\":\"https:\\\/\\\/tuguia.combarranquilla.co\\\/Revista\\\/abraham-navarro-un-beneficiario-de-la-beca-progreso-combarranquilla\\\/#breadcrumb\",\"itemListElement\":[{\"@type\":\"ListItem\",\"position\":1,\"name\":\"Inicio\",\"item\":\"https:\\\/\\\/tuguia.combarranquilla.co\\\/Revista\\\/\"},{\"@type\":\"ListItem\",\"position\":2,\"name\":\"Abraham Navarro un beneficiario de la Beca Progreso Combarranquilla\"}]},{\"@type\":\"WebSite\",\"@id\":\"https:\\\/\\\/tuguia.combarranquilla.co\\\/Revista\\\/#website\",\"url\":\"https:\\\/\\\/tuguia.combarranquilla.co\\\/Revista\\\/\",\"name\":\"Tu Gu\u00eda\",\"description\":\"La revista donde lo tienes todo.\",\"publisher\":{\"@id\":\"https:\\\/\\\/tuguia.combarranquilla.co\\\/Revista\\\/#organization\"},\"alternateName\":\"Tu Gu\u00eda Combarranquilla\",\"potentialAction\":[{\"@type\":\"SearchAction\",\"target\":{\"@type\":\"EntryPoint\",\"urlTemplate\":\"https:\\\/\\\/tuguia.combarranquilla.co\\\/Revista\\\/?s={search_term_string}\"},\"query-input\":{\"@type\":\"PropertyValueSpecification\",\"valueRequired\":true,\"valueName\":\"search_term_string\"}}],\"inLanguage\":\"es-CO\"},{\"@type\":\"Organization\",\"@id\":\"https:\\\/\\\/tuguia.combarranquilla.co\\\/Revista\\\/#organization\",\"name\":\"Tu Gu\u00eda Combarranquilla\",\"url\":\"https:\\\/\\\/tuguia.combarranquilla.co\\\/Revista\\\/\",\"logo\":{\"@type\":\"ImageObject\",\"inLanguage\":\"es-CO\",\"@id\":\"https:\\\/\\\/tuguia.combarranquilla.co\\\/Revista\\\/#\\\/schema\\\/logo\\\/image\\\/\",\"url\":\"https:\\\/\\\/tuguia.combarranquilla.co\\\/Revista\\\/wp-content\\\/uploads\\\/2022\\\/02\\\/logo-guia-combarranquilla.svg\",\"contentUrl\":\"https:\\\/\\\/tuguia.combarranquilla.co\\\/Revista\\\/wp-content\\\/uploads\\\/2022\\\/02\\\/logo-guia-combarranquilla.svg\",\"caption\":\"Tu Gu\u00eda Combarranquilla\"},\"image\":{\"@id\":\"https:\\\/\\\/tuguia.combarranquilla.co\\\/Revista\\\/#\\\/schema\\\/logo\\\/image\\\/\"}},{\"@type\":\"Person\",\"@id\":\"https:\\\/\\\/tuguia.combarranquilla.co\\\/Revista\\\/#\\\/schema\\\/person\\\/c2c396a77170bd1d5f8ba73294eb0d10\",\"name\":\"Comunicaciones Combarranquilla\",\"image\":{\"@type\":\"ImageObject\",\"inLanguage\":\"es-CO\",\"@id\":\"https:\\\/\\\/tuguia.combarranquilla.co\\\/Revista\\\/wp-content\\\/uploads\\\/2025\\\/05\\\/ABC-Al-Rojo-Logo-96x96.jpg\",\"url\":\"https:\\\/\\\/tuguia.combarranquilla.co\\\/Revista\\\/wp-content\\\/uploads\\\/2025\\\/05\\\/ABC-Al-Rojo-Logo-96x96.jpg\",\"contentUrl\":\"https:\\\/\\\/tuguia.combarranquilla.co\\\/Revista\\\/wp-content\\\/uploads\\\/2025\\\/05\\\/ABC-Al-Rojo-Logo-96x96.jpg\",\"caption\":\"Comunicaciones Combarranquilla\"},\"sameAs\":[\"https:\\\/\\\/www.combarranquilla.co\"],\"url\":\"https:\\\/\\\/tuguia.combarranquilla.co\\\/Revista\\\/author\\\/comunicaciones\\\/\"}]}<\/script>\n<!-- \/ Yoast SEO plugin. -->","yoast_head_json":{"title":"Abraham Navarro un beneficiario de la Beca Progreso Combarranquilla - Tu Gu\u00eda","robots":{"index":"index","follow":"follow","max-snippet":"max-snippet:-1","max-image-preview":"max-image-preview:large","max-video-preview":"max-video-preview:-1"},"canonical":"https:\/\/tuguia.combarranquilla.co\/Revista\/abraham-navarro-un-beneficiario-de-la-beca-progreso-combarranquilla\/","og_locale":"es_ES","og_type":"article","og_title":"Abraham Navarro un beneficiario de la Beca Progreso Combarranquilla - Tu Gu\u00eda","og_description":"La Caja de Compensaci\u00f3n Familiar Combarranquilla, interesada en el bienestar de las familias del Atl\u00e1ntico, cre\u00f3 desde el 2010 el programa Beca Progreso. Este programa otorga becas del 100 y 50 % de los estudios a estudiantes de categor\u00edas A y B para que accedan a la educaci\u00f3n superior en la Universidad del Norte. En [&hellip;]","og_url":"https:\/\/tuguia.combarranquilla.co\/Revista\/abraham-navarro-un-beneficiario-de-la-beca-progreso-combarranquilla\/","og_site_name":"Tu Gu\u00eda","article_published_time":"2024-08-02T14:18:34+00:00","article_modified_time":"2024-10-21T21:15:09+00:00","og_image":[{"width":1024,"height":576,"url":"https:\/\/tuguia.combarranquilla.co\/Revista\/wp-content\/uploads\/2024\/08\/01-1024x576.png","type":"image\/png"}],"author":"Comunicaciones Combarranquilla","twitter_card":"summary_large_image","twitter_misc":{"Escrito por":"Comunicaciones Combarranquilla","Tiempo de lectura":"2 minutos"},"schema":{"@context":"https:\/\/schema.org","@graph":[{"@type":"Article","@id":"https:\/\/tuguia.combarranquilla.co\/Revista\/abraham-navarro-un-beneficiario-de-la-beca-progreso-combarranquilla\/#article","isPartOf":{"@id":"https:\/\/tuguia.combarranquilla.co\/Revista\/abraham-navarro-un-beneficiario-de-la-beca-progreso-combarranquilla\/"},"author":{"name":"Comunicaciones Combarranquilla","@id":"https:\/\/tuguia.combarranquilla.co\/Revista\/#\/schema\/person\/c2c396a77170bd1d5f8ba73294eb0d10"},"headline":"Abraham Navarro un beneficiario de la Beca Progreso Combarranquilla","datePublished":"2024-08-02T14:18:34+00:00","dateModified":"2024-10-21T21:15:09+00:00","mainEntityOfPage":{"@id":"https:\/\/tuguia.combarranquilla.co\/Revista\/abraham-navarro-un-beneficiario-de-la-beca-progreso-combarranquilla\/"},"wordCount":419,"commentCount":0,"publisher":{"@id":"https:\/\/tuguia.combarranquilla.co\/Revista\/#organization"},"image":{"@id":"https:\/\/tuguia.combarranquilla.co\/Revista\/abraham-navarro-un-beneficiario-de-la-beca-progreso-combarranquilla\/#primaryimage"},"thumbnailUrl":"https:\/\/tuguia.combarranquilla.co\/Revista\/wp-content\/uploads\/2024\/08\/01.png","articleSection":["SUBSIDIOS"],"inLanguage":"es-CO","potentialAction":[{"@type":"CommentAction","name":"Comment","target":["https:\/\/tuguia.combarranquilla.co\/Revista\/abraham-navarro-un-beneficiario-de-la-beca-progreso-combarranquilla\/#respond"]}]},{"@type":"WebPage","@id":"https:\/\/tuguia.combarranquilla.co\/Revista\/abraham-navarro-un-beneficiario-de-la-beca-progreso-combarranquilla\/","url":"https:\/\/tuguia.combarranquilla.co\/Revista\/abraham-navarro-un-beneficiario-de-la-beca-progreso-combarranquilla\/","name":"Abraham Navarro un beneficiario de la Beca Progreso Combarranquilla - Tu Gu\u00eda","isPartOf":{"@id":"https:\/\/tuguia.combarranquilla.co\/Revista\/#website"},"primaryImageOfPage":{"@id":"https:\/\/tuguia.combarranquilla.co\/Revista\/abraham-navarro-un-beneficiario-de-la-beca-progreso-combarranquilla\/#primaryimage"},"image":{"@id":"https:\/\/tuguia.combarranquilla.co\/Revista\/abraham-navarro-un-beneficiario-de-la-beca-progreso-combarranquilla\/#primaryimage"},"thumbnailUrl":"https:\/\/tuguia.combarranquilla.co\/Revista\/wp-content\/uploads\/2024\/08\/01.png","datePublished":"2024-08-02T14:18:34+00:00","dateModified":"2024-10-21T21:15:09+00:00","breadcrumb":{"@id":"https:\/\/tuguia.combarranquilla.co\/Revista\/abraham-navarro-un-beneficiario-de-la-beca-progreso-combarranquilla\/#breadcrumb"},"inLanguage":"es-CO","potentialAction":[{"@type":"ReadAction","target":["https:\/\/tuguia.combarranquilla.co\/Revista\/abraham-navarro-un-beneficiario-de-la-beca-progreso-combarranquilla\/"]}]},{"@type":"ImageObject","inLanguage":"es-CO","@id":"https:\/\/tuguia.combarranquilla.co\/Revista\/abraham-navarro-un-beneficiario-de-la-beca-progreso-combarranquilla\/#primaryimage","url":"https:\/\/tuguia.combarranquilla.co\/Revista\/wp-content\/uploads\/2024\/08\/01.png","contentUrl":"https:\/\/tuguia.combarranquilla.co\/Revista\/wp-content\/uploads\/2024\/08\/01.png","width":3840,"height":2160},{"@type":"BreadcrumbList","@id":"https:\/\/tuguia.combarranquilla.co\/Revista\/abraham-navarro-un-beneficiario-de-la-beca-progreso-combarranquilla\/#breadcrumb","itemListElement":[{"@type":"ListItem","position":1,"name":"Inicio","item":"https:\/\/tuguia.combarranquilla.co\/Revista\/"},{"@type":"ListItem","position":2,"name":"Abraham Navarro un beneficiario de la Beca Progreso Combarranquilla"}]},{"@type":"WebSite","@id":"https:\/\/tuguia.combarranquilla.co\/Revista\/#website","url":"https:\/\/tuguia.combarranquilla.co\/Revista\/","name":"Tu Gu\u00eda","description":"La revista donde lo tienes todo.","publisher":{"@id":"https:\/\/tuguia.combarranquilla.co\/Revista\/#organization"},"alternateName":"Tu Gu\u00eda Combarranquilla","potentialAction":[{"@type":"SearchAction","target":{"@type":"EntryPoint","urlTemplate":"https:\/\/tuguia.combarranquilla.co\/Revista\/?s={search_term_string}"},"query-input":{"@type":"PropertyValueSpecification","valueRequired":true,"valueName":"search_term_string"}}],"inLanguage":"es-CO"},{"@type":"Organization","@id":"https:\/\/tuguia.combarranquilla.co\/Revista\/#organization","name":"Tu Gu\u00eda Combarranquilla","url":"https:\/\/tuguia.combarranquilla.co\/Revista\/","logo":{"@type":"ImageObject","inLanguage":"es-CO","@id":"https:\/\/tuguia.combarranquilla.co\/Revista\/#\/schema\/logo\/image\/","url":"https:\/\/tuguia.combarranquilla.co\/Revista\/wp-content\/uploads\/2022\/02\/logo-guia-combarranquilla.svg","contentUrl":"https:\/\/tuguia.combarranquilla.co\/Revista\/wp-content\/uploads\/2022\/02\/logo-guia-combarranquilla.svg","caption":"Tu Gu\u00eda Combarranquilla"},"image":{"@id":"https:\/\/tuguia.combarranquilla.co\/Revista\/#\/schema\/logo\/image\/"}},{"@type":"Person","@id":"https:\/\/tuguia.combarranquilla.co\/Revista\/#\/schema\/person\/c2c396a77170bd1d5f8ba73294eb0d10","name":"Comunicaciones Combarranquilla","image":{"@type":"ImageObject","inLanguage":"es-CO","@id":"https:\/\/tuguia.combarranquilla.co\/Revista\/wp-content\/uploads\/2025\/05\/ABC-Al-Rojo-Logo-96x96.jpg","url":"https:\/\/tuguia.combarranquilla.co\/Revista\/wp-content\/uploads\/2025\/05\/ABC-Al-Rojo-Logo-96x96.jpg","contentUrl":"https:\/\/tuguia.combarranquilla.co\/Revista\/wp-content\/uploads\/2025\/05\/ABC-Al-Rojo-Logo-96x96.jpg","caption":"Comunicaciones Combarranquilla"},"sameAs":["https:\/\/www.combarranquilla.co"],"url":"https:\/\/tuguia.combarranquilla.co\/Revista\/author\/comunicaciones\/"}]}},"_links":{"self":[{"href":"https:\/\/tuguia.combarranquilla.co\/Revista\/wp-json\/wp\/v2\/posts\/5021","targetHints":{"allow":["GET"]}}],"collection":[{"href":"https:\/\/tuguia.combarranquilla.co\/Revista\/wp-json\/wp\/v2\/posts"}],"about":[{"href":"https:\/\/tuguia.combarranquilla.co\/Revista\/wp-json\/wp\/v2\/types\/post"}],"author":[{"embeddable":true,"href":"https:\/\/tuguia.combarranquilla.co\/Revista\/wp-json\/wp\/v2\/users\/2"}],"replies":[{"embeddable":true,"href":"https:\/\/tuguia.combarranquilla.co\/Revista\/wp-json\/wp\/v2\/comments?post=5021"}],"version-history":[{"count":4,"href":"https:\/\/tuguia.combarranquilla.co\/Revista\/wp-json\/wp\/v2\/posts\/5021\/revisions"}],"predecessor-version":[{"id":5106,"href":"https:\/\/tuguia.combarranquilla.co\/Revista\/wp-json\/wp\/v2\/posts\/5021\/revisions\/5106"}],"wp:featuredmedia":[{"embeddable":true,"href":"https:\/\/tuguia.combarranquilla.co\/Revista\/wp-json\/wp\/v2\/media\/5107"}],"wp:attachment":[{"href":"https:\/\/tuguia.combarranquilla.co\/Revista\/wp-json\/wp\/v2\/media?parent=5021"}],"wp:term":[{"taxonomy":"category","embeddable":true,"href":"https:\/\/tuguia.combarranquilla.co\/Revista\/wp-json\/wp\/v2\/categories?post=5021"},{"taxonomy":"post_tag","embeddable":true,"href":"https:\/\/tuguia.combarranquilla.co\/Revista\/wp-json\/wp\/v2\/tags?post=5021"}],"curies":[{"name":"wp","href":"https:\/\/api.w.org\/{rel}","templated":true}]}}