{"id":5058,"date":"2024-09-03T14:32:42","date_gmt":"2024-09-03T19:32:42","guid":{"rendered":"https:\/\/tuguia.combarranquilla.co\/Revista\/?p=5058"},"modified":"2024-09-03T14:47:22","modified_gmt":"2024-09-03T19:47:22","slug":"combarranquilla-67-anos-transformando-vidas","status":"publish","type":"post","link":"https:\/\/tuguia.combarranquilla.co\/Revista\/combarranquilla-67-anos-transformando-vidas\/","title":{"rendered":"Combarranquilla: 67 a\u00f1os transformando vidas"},"content":{"rendered":"\n<p>Con ganas de seguir viendo un progreso de Barranquilla y el Atl\u00e1ntico, un grupo de empresarios liderado por Julio Mario Santo Domingo, Roberto Jaar, Carlos Dieppa, Federico Blanco y Eduardo Carbonell constituyeron La Caja de Compensaci\u00f3n familiar Combarranquilla. El 27 de septiembre de 1957 inici\u00f3 un camino que lleg\u00f3 a los 67 a\u00f1os.<\/p>\n\n\n\n<p>Ayudar a las familias atlanticenses fue la idea principal de los impulsores de Combarranquilla. La Caja en sus inicios, entregaba un subsidio de $10 pesos a los afiliados por cada persona que tuvieran a cargo. En datos, las primeras ayudas fueron a 4.510 hijos inscritos de 1.558 trabajadores afiliados en nueve empresas:<\/p>\n\n\n\n<ul class=\"wp-block-list\">\n<li>Cervecer\u00eda \u00c1guila S.A.S.<\/li>\n\n\n\n<li>Parrish y CIA.<\/li>\n\n\n\n<li>Manufacturas textiles de la Costa LTDA.<\/li>\n\n\n\n<li>Laboratorios Cofarma.<\/li>\n\n\n\n<li>Inversiones urbanas.<\/li>\n\n\n\n<li>Rurales.<\/li>\n\n\n\n<li>Country Club.<\/li>\n\n\n\n<li>Pizano.<\/li>\n\n\n\n<li>Aluminio Reynolds Santo.<\/li>\n\n\n\n<li>Domingo S.A.<\/li>\n\n\n\n<li>Empresa litogr\u00e1fica de la Costa.<\/li>\n<\/ul>\n\n\n\n<p>Estas empresas, con su apoyo, aportaron al desarrollo de la caja. En 1980, Combarranquilla hizo una asociaci\u00f3n de Hermandades del Trabajo en la finca vacacional Stanley Matutis, ubicada en Salgar. De esta forma dieron comienzo los programas sociales con \u2018Matutilandia\u2019, como era conocido. El terreno fue adquirido por la organizaci\u00f3n para que los afiliados pudieran tener un espacio de recreaci\u00f3n y sano esparcimiento y abri\u00f3 sus puertas al p\u00fablico el 8 de marzo de 1985, en conmemoraci\u00f3n de los 28 a\u00f1os de estar constituida la caja. A d\u00eda de hoy, este espacio es conocido como el Centro Recreacional Solinilla&nbsp; y cuenta con piscinas, caba\u00f1as para pasad\u00edas, zonas de juegos infantiles, comedor y la playa a tan solo unos metros.<\/p>\n\n\n\n<figure class=\"wp-block-image size-large\"><img decoding=\"async\" width=\"1024\" height=\"768\" data-src=\"https:\/\/tuguia.combarranquilla.co\/Revista\/wp-content\/uploads\/2024\/09\/Tobogan-1024x768.jpeg\" alt=\"\" class=\"wp-image-5068 lazyload\" data-srcset=\"https:\/\/tuguia.combarranquilla.co\/Revista\/wp-content\/uploads\/2024\/09\/Tobogan-1024x768.jpeg 1024w, https:\/\/tuguia.combarranquilla.co\/Revista\/wp-content\/uploads\/2024\/09\/Tobogan-300x225.jpeg 300w, https:\/\/tuguia.combarranquilla.co\/Revista\/wp-content\/uploads\/2024\/09\/Tobogan-768x576.jpeg 768w, https:\/\/tuguia.combarranquilla.co\/Revista\/wp-content\/uploads\/2024\/09\/Tobogan-1536x1152.jpeg 1536w, https:\/\/tuguia.combarranquilla.co\/Revista\/wp-content\/uploads\/2024\/09\/Tobogan.jpeg 1600w\" data-sizes=\"(max-width: 1024px) 100vw, 1024px\" src=\"data:image\/svg+xml;base64,PHN2ZyB3aWR0aD0iMSIgaGVpZ2h0PSIxIiB4bWxucz0iaHR0cDovL3d3dy53My5vcmcvMjAwMC9zdmciPjwvc3ZnPg==\" style=\"--smush-placeholder-width: 1024px; --smush-placeholder-aspect-ratio: 1024\/768;\" \/><\/figure>\n\n\n\n<p>El progreso sigui\u00f3 y con este, la primera Unidad de Combarranquilla la cual se bautiz\u00f3 con el nombre de Julio Mario Santo Domingo y se encuentra en la Calle 34 #26-34 en el municipio de Soledad, Atl\u00e1ntico. Potenciar la salud, educaci\u00f3n, capacitaci\u00f3n de personal y recreaci\u00f3n de los afiliados era uno de los pilares esenciales de Combarranquilla.<\/p>\n\n\n\n<figure class=\"wp-block-image size-large\"><img decoding=\"async\" width=\"1024\" height=\"681\" data-src=\"https:\/\/tuguia.combarranquilla.co\/Revista\/wp-content\/uploads\/2024\/09\/Foto0007-1024x681.jpg\" alt=\"\" class=\"wp-image-5065 lazyload\" data-srcset=\"https:\/\/tuguia.combarranquilla.co\/Revista\/wp-content\/uploads\/2024\/09\/Foto0007-1024x681.jpg 1024w, https:\/\/tuguia.combarranquilla.co\/Revista\/wp-content\/uploads\/2024\/09\/Foto0007-300x199.jpg 300w, https:\/\/tuguia.combarranquilla.co\/Revista\/wp-content\/uploads\/2024\/09\/Foto0007-768x511.jpg 768w, https:\/\/tuguia.combarranquilla.co\/Revista\/wp-content\/uploads\/2024\/09\/Foto0007-1536x1021.jpg 1536w, https:\/\/tuguia.combarranquilla.co\/Revista\/wp-content\/uploads\/2024\/09\/Foto0007-2048x1362.jpg 2048w\" data-sizes=\"(max-width: 1024px) 100vw, 1024px\" src=\"data:image\/svg+xml;base64,PHN2ZyB3aWR0aD0iMSIgaGVpZ2h0PSIxIiB4bWxucz0iaHR0cDovL3d3dy53My5vcmcvMjAwMC9zdmciPjwvc3ZnPg==\" style=\"--smush-placeholder-width: 1024px; --smush-placeholder-aspect-ratio: 1024\/681;\" \/><\/figure>\n\n\n\n<p>La ilusi\u00f3n creci\u00f3 en el Atl\u00e1ntico cuando se inaugur\u00f3 la Unidad Boston en 1994 con nuevos beneficios para los afiliados, dentro de los cuales se encuentra el primer y \u00fanico Planetario del Atl\u00e1ntico y la Cinemateca del Caribe. Dos zonas que brindar\u00edan a la corporaci\u00f3n un sitio m\u00e1s para educar y recrear a los atlanticenses.<\/p>\n\n\n\n<figure class=\"wp-block-image size-large\"><img decoding=\"async\" width=\"1024\" height=\"633\" data-src=\"https:\/\/tuguia.combarranquilla.co\/Revista\/wp-content\/uploads\/2024\/09\/PLANETARIO-1024x633.jpeg\" alt=\"\" class=\"wp-image-5067 lazyload\" data-srcset=\"https:\/\/tuguia.combarranquilla.co\/Revista\/wp-content\/uploads\/2024\/09\/PLANETARIO-1024x633.jpeg 1024w, https:\/\/tuguia.combarranquilla.co\/Revista\/wp-content\/uploads\/2024\/09\/PLANETARIO-300x185.jpeg 300w, https:\/\/tuguia.combarranquilla.co\/Revista\/wp-content\/uploads\/2024\/09\/PLANETARIO-768x475.jpeg 768w, https:\/\/tuguia.combarranquilla.co\/Revista\/wp-content\/uploads\/2024\/09\/PLANETARIO-1536x949.jpeg 1536w, https:\/\/tuguia.combarranquilla.co\/Revista\/wp-content\/uploads\/2024\/09\/PLANETARIO.jpeg 1600w\" data-sizes=\"(max-width: 1024px) 100vw, 1024px\" src=\"data:image\/svg+xml;base64,PHN2ZyB3aWR0aD0iMSIgaGVpZ2h0PSIxIiB4bWxucz0iaHR0cDovL3d3dy53My5vcmcvMjAwMC9zdmciPjwvc3ZnPg==\" style=\"--smush-placeholder-width: 1024px; --smush-placeholder-aspect-ratio: 1024\/633;\" \/><\/figure>\n\n\n\n<p>Combarranquilla celebr\u00f3 sus primeros 40 a\u00f1os en 1997, resaltando las obras sociales como pilar fundamental. En aquel momento, 95 afiliados pudieron acceder a una vivienda propia gracias al subsidio de vivienda otorgado por la Caja.<\/p>\n\n\n\n<p>Un a\u00f1o m\u00e1s tarde se realizaron adecuaciones en la Unidad Boston. Gracias a ella se inaugur\u00f3 el Centro Interactivo de Combarranquilla, un espaci\u00f3 de sano entretenimiento que buscaba potenciar las habilidades cognitivas de los ni\u00f1os, ni\u00f1as, j\u00f3venes y adultos. Una extensi\u00f3n m\u00e1s en la organizaci\u00f3n para el goce de nuestros afiliados.<\/p>\n\n\n\n<figure class=\"wp-block-image size-full\"><img decoding=\"async\" width=\"1024\" height=\"682\" data-src=\"https:\/\/tuguia.combarranquilla.co\/Revista\/wp-content\/uploads\/2024\/09\/BOSTON.jpeg\" alt=\"\" class=\"wp-image-5066 lazyload\" data-srcset=\"https:\/\/tuguia.combarranquilla.co\/Revista\/wp-content\/uploads\/2024\/09\/BOSTON.jpeg 1024w, https:\/\/tuguia.combarranquilla.co\/Revista\/wp-content\/uploads\/2024\/09\/BOSTON-300x200.jpeg 300w, https:\/\/tuguia.combarranquilla.co\/Revista\/wp-content\/uploads\/2024\/09\/BOSTON-768x512.jpeg 768w\" data-sizes=\"(max-width: 1024px) 100vw, 1024px\" src=\"data:image\/svg+xml;base64,PHN2ZyB3aWR0aD0iMSIgaGVpZ2h0PSIxIiB4bWxucz0iaHR0cDovL3d3dy53My5vcmcvMjAwMC9zdmciPjwvc3ZnPg==\" style=\"--smush-placeholder-width: 1024px; --smush-placeholder-aspect-ratio: 1024\/682;\" \/><\/figure>\n\n\n\n<p>En 2009, pensando en el crecimiento constante que dese\u00e1bamos para la empresa, se inaugur\u00f3 la Unidad Country. Esta es una de las unidades de servicio m\u00e1s modernas, que cuenta con salones multiusos, restaurante, spa, bar, piscinas y gimnasio para el goce de los afiliados y trabajadores.<\/p>\n\n\n\n<figure class=\"wp-block-image size-large\"><img decoding=\"async\" width=\"1024\" height=\"683\" data-src=\"https:\/\/tuguia.combarranquilla.co\/Revista\/wp-content\/uploads\/2024\/09\/IMG_9616-1-1024x683.jpg\" alt=\"\" class=\"wp-image-5078 lazyload\" data-srcset=\"https:\/\/tuguia.combarranquilla.co\/Revista\/wp-content\/uploads\/2024\/09\/IMG_9616-1-1024x683.jpg 1024w, https:\/\/tuguia.combarranquilla.co\/Revista\/wp-content\/uploads\/2024\/09\/IMG_9616-1-300x200.jpg 300w, https:\/\/tuguia.combarranquilla.co\/Revista\/wp-content\/uploads\/2024\/09\/IMG_9616-1-768x512.jpg 768w, https:\/\/tuguia.combarranquilla.co\/Revista\/wp-content\/uploads\/2024\/09\/IMG_9616-1-1536x1024.jpg 1536w, https:\/\/tuguia.combarranquilla.co\/Revista\/wp-content\/uploads\/2024\/09\/IMG_9616-1-2048x1365.jpg 2048w\" data-sizes=\"(max-width: 1024px) 100vw, 1024px\" src=\"data:image\/svg+xml;base64,PHN2ZyB3aWR0aD0iMSIgaGVpZ2h0PSIxIiB4bWxucz0iaHR0cDovL3d3dy53My5vcmcvMjAwMC9zdmciPjwvc3ZnPg==\" style=\"--smush-placeholder-width: 1024px; --smush-placeholder-aspect-ratio: 1024\/683;\" \/><\/figure>\n\n\n\n<p>La ampliaci\u00f3n de servicios sigui\u00f3 llegando a la Caja. Imagenia se inaugur\u00f3 en la unidad Boston de Combarranquilla. Este es un espacio que tiene como principal objetivo fomentar el aprendizaje en conjunto a la ciencia, tecnolog\u00eda e innovaci\u00f3n, con la meta de enriquecer culturalmente a los afiliados.<\/p>\n\n\n\n<figure class=\"wp-block-image size-large\"><img decoding=\"async\" width=\"1024\" height=\"768\" data-src=\"https:\/\/tuguia.combarranquilla.co\/Revista\/wp-content\/uploads\/2023\/11\/IMG_4993-1024x768.jpg\" alt=\"\" class=\"wp-image-3082 lazyload\" data-srcset=\"https:\/\/tuguia.combarranquilla.co\/Revista\/wp-content\/uploads\/2023\/11\/IMG_4993-1024x768.jpg 1024w, https:\/\/tuguia.combarranquilla.co\/Revista\/wp-content\/uploads\/2023\/11\/IMG_4993-300x225.jpg 300w, https:\/\/tuguia.combarranquilla.co\/Revista\/wp-content\/uploads\/2023\/11\/IMG_4993-768x576.jpg 768w, https:\/\/tuguia.combarranquilla.co\/Revista\/wp-content\/uploads\/2023\/11\/IMG_4993-1536x1152.jpg 1536w, https:\/\/tuguia.combarranquilla.co\/Revista\/wp-content\/uploads\/2023\/11\/IMG_4993-2048x1536.jpg 2048w\" data-sizes=\"(max-width: 1024px) 100vw, 1024px\" src=\"data:image\/svg+xml;base64,PHN2ZyB3aWR0aD0iMSIgaGVpZ2h0PSIxIiB4bWxucz0iaHR0cDovL3d3dy53My5vcmcvMjAwMC9zdmciPjwvc3ZnPg==\" style=\"--smush-placeholder-width: 1024px; --smush-placeholder-aspect-ratio: 1024\/768;\" \/><\/figure>\n\n\n\n<p>La educaci\u00f3n es pilar fundamental de la corporaci\u00f3n. Es por eso que en el a\u00f1o 2010 se crea el programa Beca Progreso Combarranquilla, que en su primera entrega otorg\u00f3 20 becas que cubr\u00edan el 100% de los estudios de pregrado, idiomas y auxilio de transporte en la Universidad del Norte a j\u00f3venes destacados en categor\u00eda A y B.<\/p>\n\n\n\n<figure class=\"wp-block-image size-large\"><img decoding=\"async\" width=\"1024\" height=\"683\" data-src=\"https:\/\/tuguia.combarranquilla.co\/Revista\/wp-content\/uploads\/2024\/09\/DSC9796-1024x683.jpg\" alt=\"\" class=\"wp-image-5072 lazyload\" data-srcset=\"https:\/\/tuguia.combarranquilla.co\/Revista\/wp-content\/uploads\/2024\/09\/DSC9796-1024x683.jpg 1024w, https:\/\/tuguia.combarranquilla.co\/Revista\/wp-content\/uploads\/2024\/09\/DSC9796-300x200.jpg 300w, https:\/\/tuguia.combarranquilla.co\/Revista\/wp-content\/uploads\/2024\/09\/DSC9796-768x512.jpg 768w, https:\/\/tuguia.combarranquilla.co\/Revista\/wp-content\/uploads\/2024\/09\/DSC9796-1536x1024.jpg 1536w, https:\/\/tuguia.combarranquilla.co\/Revista\/wp-content\/uploads\/2024\/09\/DSC9796-2048x1365.jpg 2048w\" data-sizes=\"(max-width: 1024px) 100vw, 1024px\" src=\"data:image\/svg+xml;base64,PHN2ZyB3aWR0aD0iMSIgaGVpZ2h0PSIxIiB4bWxucz0iaHR0cDovL3d3dy53My5vcmcvMjAwMC9zdmciPjwvc3ZnPg==\" style=\"--smush-placeholder-width: 1024px; --smush-placeholder-aspect-ratio: 1024\/683;\" \/><\/figure>\n\n\n\n<p>El 2 mayo del 2013 dimos apertura a la Agencia de Empleo de Combarranquilla. Un lugar dise\u00f1ado para reducir las tasas de desempleo en el Atl\u00e1ntico y darles oportunidad a las personas de poder cumplir sus objetivos, como tambi\u00e9n transformar sus vidas. Esto fue un evento hist\u00f3rico en el departamento, ya que entre las cajas de compensaci\u00f3n del Atl\u00e1ntico, Combarranquilla tuvo la primera agencia de gesti\u00f3n de empleo.<\/p>\n\n\n\n<figure class=\"wp-block-image size-large\"><img decoding=\"async\" width=\"1024\" height=\"768\" data-src=\"https:\/\/tuguia.combarranquilla.co\/Revista\/wp-content\/uploads\/2024\/09\/fachada-externa-spe-prado-1024x768.jpg\" alt=\"\" class=\"wp-image-5064 lazyload\" data-srcset=\"https:\/\/tuguia.combarranquilla.co\/Revista\/wp-content\/uploads\/2024\/09\/fachada-externa-spe-prado-1024x768.jpg 1024w, https:\/\/tuguia.combarranquilla.co\/Revista\/wp-content\/uploads\/2024\/09\/fachada-externa-spe-prado-300x225.jpg 300w, https:\/\/tuguia.combarranquilla.co\/Revista\/wp-content\/uploads\/2024\/09\/fachada-externa-spe-prado-768x576.jpg 768w, https:\/\/tuguia.combarranquilla.co\/Revista\/wp-content\/uploads\/2024\/09\/fachada-externa-spe-prado-1536x1152.jpg 1536w, https:\/\/tuguia.combarranquilla.co\/Revista\/wp-content\/uploads\/2024\/09\/fachada-externa-spe-prado-2048x1536.jpg 2048w\" data-sizes=\"(max-width: 1024px) 100vw, 1024px\" src=\"data:image\/svg+xml;base64,PHN2ZyB3aWR0aD0iMSIgaGVpZ2h0PSIxIiB4bWxucz0iaHR0cDovL3d3dy53My5vcmcvMjAwMC9zdmciPjwvc3ZnPg==\" style=\"--smush-placeholder-width: 1024px; --smush-placeholder-aspect-ratio: 1024\/768;\" \/><\/figure>\n\n\n\n<p>Las labores sociales continuaron desarroll\u00e1ndose con el prop\u00f3sito de ayudar a cumplir los sue\u00f1os de los afiliados. En 2015, se inici\u00f3 la construcci\u00f3n de la Urbanizaci\u00f3n Combarranquilla, un proyecto de vivienda ubicado en el municipio de Soledad, con proyecci\u00f3n de 613 casas que se convirtieren en soluciones habitacionales para nuestras familias afiliadas. Cinco a\u00f1os m\u00e1s tarde, se dio apertura a la Unidad Deportiva de la Urbanizaci\u00f3n, que se convirti\u00f3 en el espacio propicio para el sano esparcimiento y la pr\u00e1ctica deportiva. Una infraestructura que aporta bienestar a los afiliados y que forma parte del desarrollo integral de la Urbanizaci\u00f3n.<\/p>\n\n\n\n<figure class=\"wp-block-image size-full\"><img decoding=\"async\" width=\"1024\" height=\"682\" data-src=\"https:\/\/tuguia.combarranquilla.co\/Revista\/wp-content\/uploads\/2024\/09\/Unidad-deportiva-2.jpeg\" alt=\"\" class=\"wp-image-5069 lazyload\" data-srcset=\"https:\/\/tuguia.combarranquilla.co\/Revista\/wp-content\/uploads\/2024\/09\/Unidad-deportiva-2.jpeg 1024w, https:\/\/tuguia.combarranquilla.co\/Revista\/wp-content\/uploads\/2024\/09\/Unidad-deportiva-2-300x200.jpeg 300w, https:\/\/tuguia.combarranquilla.co\/Revista\/wp-content\/uploads\/2024\/09\/Unidad-deportiva-2-768x512.jpeg 768w\" data-sizes=\"(max-width: 1024px) 100vw, 1024px\" src=\"data:image\/svg+xml;base64,PHN2ZyB3aWR0aD0iMSIgaGVpZ2h0PSIxIiB4bWxucz0iaHR0cDovL3d3dy53My5vcmcvMjAwMC9zdmciPjwvc3ZnPg==\" style=\"--smush-placeholder-width: 1024px; --smush-placeholder-aspect-ratio: 1024\/682;\" \/><\/figure>\n\n\n\n<p>Continuando con la senda de crecimiento y modernizaci\u00f3n de los espacios, se puso al servicio de los afiliados y la comunidad en general, un nuevo tobog\u00e1n en el Centro Recreacional Solinilla, que cuenta con dos l\u00edneas de lanzamiento que har\u00e1n vivir una r\u00e1pida, divertida y extrema aventura a los visitantes.<\/p>\n\n\n\n<p>En septiembre de 2023, se dio la Inauguraci\u00f3n de la F\u00e1brica de Fomento Empresarial. Un espacio que tiene como prop\u00f3sito impulsar el crecimiento empresarial. Aqu\u00ed, las organizaciones afiliadas a Combarranquilla contar\u00e1n con el mejor talento humano, a trav\u00e9s de los mejores modelos de selecci\u00f3n y las MiPymes que buscan un crecimiento exponencial podr\u00e1n acceder a una ruta de asesor\u00edas integrales con profesionales expertos en diferentes campos.<\/p>\n\n\n\n<figure class=\"wp-block-image size-large\"><img decoding=\"async\" width=\"1024\" height=\"683\" data-src=\"https:\/\/tuguia.combarranquilla.co\/Revista\/wp-content\/uploads\/2024\/01\/DSC_0564-1024x683.jpg\" alt=\"\" class=\"wp-image-3479 lazyload\" data-srcset=\"https:\/\/tuguia.combarranquilla.co\/Revista\/wp-content\/uploads\/2024\/01\/DSC_0564-1024x683.jpg 1024w, https:\/\/tuguia.combarranquilla.co\/Revista\/wp-content\/uploads\/2024\/01\/DSC_0564-300x200.jpg 300w, https:\/\/tuguia.combarranquilla.co\/Revista\/wp-content\/uploads\/2024\/01\/DSC_0564-768x512.jpg 768w, https:\/\/tuguia.combarranquilla.co\/Revista\/wp-content\/uploads\/2024\/01\/DSC_0564-1536x1024.jpg 1536w, https:\/\/tuguia.combarranquilla.co\/Revista\/wp-content\/uploads\/2024\/01\/DSC_0564-2048x1365.jpg 2048w\" data-sizes=\"(max-width: 1024px) 100vw, 1024px\" src=\"data:image\/svg+xml;base64,PHN2ZyB3aWR0aD0iMSIgaGVpZ2h0PSIxIiB4bWxucz0iaHR0cDovL3d3dy53My5vcmcvMjAwMC9zdmciPjwvc3ZnPg==\" style=\"--smush-placeholder-width: 1024px; --smush-placeholder-aspect-ratio: 1024\/683;\" \/><\/figure>\n\n\n\n<p>La f\u00e1brica es un espacio ideal para empresarios que buscan conectar el talento humano ideal y competente con su organizaci\u00f3n, empresarios interesados en asesor\u00edas integrales con profesionales expertos en diferentes campos.<\/p>\n\n\n\n<p>Las buenas nuevas llegaron de nuevo a Combarranquilla en 2024. El municipio de Galapa dio apertura a la nueva oficina de la Agencia de Empleo en ese municipio. Este espacio naci\u00f3 gracias a una iniciativa entre la empresa Ultracem, la Alcald\u00eda de Galapa y Combarranquilla. Esta lo que busca es impulsar el empleo en la comunidad y combatir las tasas de desempleo que se han presentado en el pa\u00eds.<\/p>\n\n\n\n<figure class=\"wp-block-image size-large\"><img decoding=\"async\" width=\"1024\" height=\"695\" data-src=\"https:\/\/tuguia.combarranquilla.co\/Revista\/wp-content\/uploads\/2024\/06\/WhatsApp-Image-2024-06-19-at-2.16.01-PM-1024x695.jpeg\" alt=\"\" class=\"wp-image-4336 lazyload\" data-srcset=\"https:\/\/tuguia.combarranquilla.co\/Revista\/wp-content\/uploads\/2024\/06\/WhatsApp-Image-2024-06-19-at-2.16.01-PM-1024x695.jpeg 1024w, https:\/\/tuguia.combarranquilla.co\/Revista\/wp-content\/uploads\/2024\/06\/WhatsApp-Image-2024-06-19-at-2.16.01-PM-300x204.jpeg 300w, https:\/\/tuguia.combarranquilla.co\/Revista\/wp-content\/uploads\/2024\/06\/WhatsApp-Image-2024-06-19-at-2.16.01-PM-768x521.jpeg 768w, https:\/\/tuguia.combarranquilla.co\/Revista\/wp-content\/uploads\/2024\/06\/WhatsApp-Image-2024-06-19-at-2.16.01-PM-1536x1042.jpeg 1536w, https:\/\/tuguia.combarranquilla.co\/Revista\/wp-content\/uploads\/2024\/06\/WhatsApp-Image-2024-06-19-at-2.16.01-PM-2048x1389.jpeg 2048w\" data-sizes=\"(max-width: 1024px) 100vw, 1024px\" src=\"data:image\/svg+xml;base64,PHN2ZyB3aWR0aD0iMSIgaGVpZ2h0PSIxIiB4bWxucz0iaHR0cDovL3d3dy53My5vcmcvMjAwMC9zdmciPjwvc3ZnPg==\" style=\"--smush-placeholder-width: 1024px; --smush-placeholder-aspect-ratio: 1024\/695;\" \/><\/figure>\n\n\n\n<p>Combarranquilla no detiene su crecimiento, siempre est\u00e1 pensando en la forma de expandir sus servicios para el beneficio y goce de sus afiliados y trabajadores. El futuro sigue brillante con la construcci\u00f3n de la Unidad Mallorqu\u00edn.<\/p>\n\n\n\n<figure class=\"wp-block-image size-large\"><img decoding=\"async\" width=\"1024\" height=\"576\" data-src=\"https:\/\/tuguia.combarranquilla.co\/Revista\/wp-content\/uploads\/2024\/09\/Foto-baja-1024x576.png\" alt=\"\" class=\"wp-image-5079 lazyload\" data-srcset=\"https:\/\/tuguia.combarranquilla.co\/Revista\/wp-content\/uploads\/2024\/09\/Foto-baja-1024x576.png 1024w, https:\/\/tuguia.combarranquilla.co\/Revista\/wp-content\/uploads\/2024\/09\/Foto-baja-300x169.png 300w, https:\/\/tuguia.combarranquilla.co\/Revista\/wp-content\/uploads\/2024\/09\/Foto-baja-768x432.png 768w, https:\/\/tuguia.combarranquilla.co\/Revista\/wp-content\/uploads\/2024\/09\/Foto-baja-1536x864.png 1536w, https:\/\/tuguia.combarranquilla.co\/Revista\/wp-content\/uploads\/2024\/09\/Foto-baja-2048x1152.png 2048w\" data-sizes=\"(max-width: 1024px) 100vw, 1024px\" src=\"data:image\/svg+xml;base64,PHN2ZyB3aWR0aD0iMSIgaGVpZ2h0PSIxIiB4bWxucz0iaHR0cDovL3d3dy53My5vcmcvMjAwMC9zdmciPjwvc3ZnPg==\" style=\"--smush-placeholder-width: 1024px; --smush-placeholder-aspect-ratio: 1024\/576;\" \/><\/figure>\n\n\n\n<p>Un megaproyecto ambicioso e innovador que contar\u00e1 con 18.000 m2, dise\u00f1ado por el grupo Mazzanti, un reconocido arquitecto que ha liderado grandes proyectos a nivel nacional e internacional. Una construcci\u00f3n con un concepto disruptivo, donde las diferentes torres se integrar\u00e1n para conectar con los servicios y oficinas administrativas. Un proyecto integrador que busca reconectar y recomponer la vegetaci\u00f3n de la zona. Adem\u00e1s ofrecer\u00e1 nuevas y mejores experiencias para los trabajadores, empresas afiliadas y a la comunidad en general. La caja planea abrir su nueva unidad de servicio en 2027 y las obras estar\u00edan comenzando a inicios de 2025.<\/p>\n","protected":false},"excerpt":{"rendered":"<p>Con ganas de seguir viendo un progreso de Barranquilla y el Atl\u00e1ntico, un grupo de empresarios liderado por Julio Mario Santo Domingo, Roberto Jaar, Carlos Dieppa, Federico Blanco y Eduardo Carbonell constituyeron La Caja de Compensaci\u00f3n familiar Combarranquilla. El 27 de septiembre de 1957 inici\u00f3 un camino que lleg\u00f3 a los 67 a\u00f1os. Ayudar a [&hellip;]<\/p>\n","protected":false},"author":2,"featured_media":5082,"comment_status":"open","ping_status":"open","sticky":false,"template":"","format":"standard","meta":{"inline_featured_image":false,"footnotes":""},"categories":[7],"tags":[],"class_list":["post-5058","post","type-post","status-publish","format-standard","has-post-thumbnail","hentry","category-familia-combarranquilla"],"yoast_head":"<!-- This site is optimized with the Yoast SEO plugin v27.4 - https:\/\/yoast.com\/product\/yoast-seo-wordpress\/ -->\n<title>Combarranquilla: 67 a\u00f1os transformando vidas - Tu Gu\u00eda<\/title>\n<meta name=\"robots\" content=\"index, follow, max-snippet:-1, max-image-preview:large, max-video-preview:-1\" \/>\n<link rel=\"canonical\" href=\"https:\/\/tuguia.combarranquilla.co\/Revista\/combarranquilla-67-anos-transformando-vidas\/\" \/>\n<meta property=\"og:locale\" content=\"es_ES\" \/>\n<meta property=\"og:type\" content=\"article\" \/>\n<meta property=\"og:title\" content=\"Combarranquilla: 67 a\u00f1os transformando vidas - Tu Gu\u00eda\" \/>\n<meta property=\"og:description\" content=\"Con ganas de seguir viendo un progreso de Barranquilla y el Atl\u00e1ntico, un grupo de empresarios liderado por Julio Mario Santo Domingo, Roberto Jaar, Carlos Dieppa, Federico Blanco y Eduardo Carbonell constituyeron La Caja de Compensaci\u00f3n familiar Combarranquilla. El 27 de septiembre de 1957 inici\u00f3 un camino que lleg\u00f3 a los 67 a\u00f1os. Ayudar a [&hellip;]\" \/>\n<meta property=\"og:url\" content=\"https:\/\/tuguia.combarranquilla.co\/Revista\/combarranquilla-67-anos-transformando-vidas\/\" \/>\n<meta property=\"og:site_name\" content=\"Tu Gu\u00eda\" \/>\n<meta property=\"article:published_time\" content=\"2024-09-03T19:32:42+00:00\" \/>\n<meta property=\"article:modified_time\" content=\"2024-09-03T19:47:22+00:00\" \/>\n<meta property=\"og:image\" content=\"https:\/\/tuguia.combarranquilla.co\/Revista\/wp-content\/uploads\/2024\/09\/WhatsApp-Image-2024-09-03-at-1.33.47-PM.jpeg\" \/>\n\t<meta property=\"og:image:width\" content=\"1600\" \/>\n\t<meta property=\"og:image:height\" content=\"1086\" \/>\n\t<meta property=\"og:image:type\" content=\"image\/jpeg\" \/>\n<meta name=\"author\" content=\"Comunicaciones Combarranquilla\" \/>\n<meta name=\"twitter:card\" content=\"summary_large_image\" \/>\n<meta name=\"twitter:label1\" content=\"Escrito por\" \/>\n\t<meta name=\"twitter:data1\" content=\"Comunicaciones Combarranquilla\" \/>\n\t<meta name=\"twitter:label2\" content=\"Tiempo de lectura\" \/>\n\t<meta name=\"twitter:data2\" content=\"6 minutos\" \/>\n<script type=\"application\/ld+json\" class=\"yoast-schema-graph\">{\"@context\":\"https:\\\/\\\/schema.org\",\"@graph\":[{\"@type\":\"Article\",\"@id\":\"https:\\\/\\\/tuguia.combarranquilla.co\\\/Revista\\\/combarranquilla-67-anos-transformando-vidas\\\/#article\",\"isPartOf\":{\"@id\":\"https:\\\/\\\/tuguia.combarranquilla.co\\\/Revista\\\/combarranquilla-67-anos-transformando-vidas\\\/\"},\"author\":{\"name\":\"Comunicaciones Combarranquilla\",\"@id\":\"https:\\\/\\\/tuguia.combarranquilla.co\\\/Revista\\\/#\\\/schema\\\/person\\\/c2c396a77170bd1d5f8ba73294eb0d10\"},\"headline\":\"Combarranquilla: 67 a\u00f1os transformando vidas\",\"datePublished\":\"2024-09-03T19:32:42+00:00\",\"dateModified\":\"2024-09-03T19:47:22+00:00\",\"mainEntityOfPage\":{\"@id\":\"https:\\\/\\\/tuguia.combarranquilla.co\\\/Revista\\\/combarranquilla-67-anos-transformando-vidas\\\/\"},\"wordCount\":1189,\"commentCount\":0,\"publisher\":{\"@id\":\"https:\\\/\\\/tuguia.combarranquilla.co\\\/Revista\\\/#organization\"},\"image\":{\"@id\":\"https:\\\/\\\/tuguia.combarranquilla.co\\\/Revista\\\/combarranquilla-67-anos-transformando-vidas\\\/#primaryimage\"},\"thumbnailUrl\":\"https:\\\/\\\/tuguia.combarranquilla.co\\\/Revista\\\/wp-content\\\/uploads\\\/2024\\\/09\\\/WhatsApp-Image-2024-09-03-at-1.33.47-PM.jpeg\",\"articleSection\":[\"FAMILIA COMBARRANQUILLA\"],\"inLanguage\":\"es-CO\",\"potentialAction\":[{\"@type\":\"CommentAction\",\"name\":\"Comment\",\"target\":[\"https:\\\/\\\/tuguia.combarranquilla.co\\\/Revista\\\/combarranquilla-67-anos-transformando-vidas\\\/#respond\"]}]},{\"@type\":\"WebPage\",\"@id\":\"https:\\\/\\\/tuguia.combarranquilla.co\\\/Revista\\\/combarranquilla-67-anos-transformando-vidas\\\/\",\"url\":\"https:\\\/\\\/tuguia.combarranquilla.co\\\/Revista\\\/combarranquilla-67-anos-transformando-vidas\\\/\",\"name\":\"Combarranquilla: 67 a\u00f1os transformando vidas - Tu Gu\u00eda\",\"isPartOf\":{\"@id\":\"https:\\\/\\\/tuguia.combarranquilla.co\\\/Revista\\\/#website\"},\"primaryImageOfPage\":{\"@id\":\"https:\\\/\\\/tuguia.combarranquilla.co\\\/Revista\\\/combarranquilla-67-anos-transformando-vidas\\\/#primaryimage\"},\"image\":{\"@id\":\"https:\\\/\\\/tuguia.combarranquilla.co\\\/Revista\\\/combarranquilla-67-anos-transformando-vidas\\\/#primaryimage\"},\"thumbnailUrl\":\"https:\\\/\\\/tuguia.combarranquilla.co\\\/Revista\\\/wp-content\\\/uploads\\\/2024\\\/09\\\/WhatsApp-Image-2024-09-03-at-1.33.47-PM.jpeg\",\"datePublished\":\"2024-09-03T19:32:42+00:00\",\"dateModified\":\"2024-09-03T19:47:22+00:00\",\"breadcrumb\":{\"@id\":\"https:\\\/\\\/tuguia.combarranquilla.co\\\/Revista\\\/combarranquilla-67-anos-transformando-vidas\\\/#breadcrumb\"},\"inLanguage\":\"es-CO\",\"potentialAction\":[{\"@type\":\"ReadAction\",\"target\":[\"https:\\\/\\\/tuguia.combarranquilla.co\\\/Revista\\\/combarranquilla-67-anos-transformando-vidas\\\/\"]}]},{\"@type\":\"ImageObject\",\"inLanguage\":\"es-CO\",\"@id\":\"https:\\\/\\\/tuguia.combarranquilla.co\\\/Revista\\\/combarranquilla-67-anos-transformando-vidas\\\/#primaryimage\",\"url\":\"https:\\\/\\\/tuguia.combarranquilla.co\\\/Revista\\\/wp-content\\\/uploads\\\/2024\\\/09\\\/WhatsApp-Image-2024-09-03-at-1.33.47-PM.jpeg\",\"contentUrl\":\"https:\\\/\\\/tuguia.combarranquilla.co\\\/Revista\\\/wp-content\\\/uploads\\\/2024\\\/09\\\/WhatsApp-Image-2024-09-03-at-1.33.47-PM.jpeg\",\"width\":1600,\"height\":1086,\"caption\":\"Primera Asamblea General de Combarranquilla en 1987\"},{\"@type\":\"BreadcrumbList\",\"@id\":\"https:\\\/\\\/tuguia.combarranquilla.co\\\/Revista\\\/combarranquilla-67-anos-transformando-vidas\\\/#breadcrumb\",\"itemListElement\":[{\"@type\":\"ListItem\",\"position\":1,\"name\":\"Inicio\",\"item\":\"https:\\\/\\\/tuguia.combarranquilla.co\\\/Revista\\\/\"},{\"@type\":\"ListItem\",\"position\":2,\"name\":\"Combarranquilla: 67 a\u00f1os transformando vidas\"}]},{\"@type\":\"WebSite\",\"@id\":\"https:\\\/\\\/tuguia.combarranquilla.co\\\/Revista\\\/#website\",\"url\":\"https:\\\/\\\/tuguia.combarranquilla.co\\\/Revista\\\/\",\"name\":\"Tu Gu\u00eda\",\"description\":\"La revista donde lo tienes todo.\",\"publisher\":{\"@id\":\"https:\\\/\\\/tuguia.combarranquilla.co\\\/Revista\\\/#organization\"},\"alternateName\":\"Tu Gu\u00eda Combarranquilla\",\"potentialAction\":[{\"@type\":\"SearchAction\",\"target\":{\"@type\":\"EntryPoint\",\"urlTemplate\":\"https:\\\/\\\/tuguia.combarranquilla.co\\\/Revista\\\/?s={search_term_string}\"},\"query-input\":{\"@type\":\"PropertyValueSpecification\",\"valueRequired\":true,\"valueName\":\"search_term_string\"}}],\"inLanguage\":\"es-CO\"},{\"@type\":\"Organization\",\"@id\":\"https:\\\/\\\/tuguia.combarranquilla.co\\\/Revista\\\/#organization\",\"name\":\"Tu Gu\u00eda Combarranquilla\",\"url\":\"https:\\\/\\\/tuguia.combarranquilla.co\\\/Revista\\\/\",\"logo\":{\"@type\":\"ImageObject\",\"inLanguage\":\"es-CO\",\"@id\":\"https:\\\/\\\/tuguia.combarranquilla.co\\\/Revista\\\/#\\\/schema\\\/logo\\\/image\\\/\",\"url\":\"https:\\\/\\\/tuguia.combarranquilla.co\\\/Revista\\\/wp-content\\\/uploads\\\/2022\\\/02\\\/logo-guia-combarranquilla.svg\",\"contentUrl\":\"https:\\\/\\\/tuguia.combarranquilla.co\\\/Revista\\\/wp-content\\\/uploads\\\/2022\\\/02\\\/logo-guia-combarranquilla.svg\",\"caption\":\"Tu Gu\u00eda Combarranquilla\"},\"image\":{\"@id\":\"https:\\\/\\\/tuguia.combarranquilla.co\\\/Revista\\\/#\\\/schema\\\/logo\\\/image\\\/\"}},{\"@type\":\"Person\",\"@id\":\"https:\\\/\\\/tuguia.combarranquilla.co\\\/Revista\\\/#\\\/schema\\\/person\\\/c2c396a77170bd1d5f8ba73294eb0d10\",\"name\":\"Comunicaciones Combarranquilla\",\"image\":{\"@type\":\"ImageObject\",\"inLanguage\":\"es-CO\",\"@id\":\"https:\\\/\\\/tuguia.combarranquilla.co\\\/Revista\\\/wp-content\\\/uploads\\\/2025\\\/05\\\/ABC-Al-Rojo-Logo-96x96.jpg\",\"url\":\"https:\\\/\\\/tuguia.combarranquilla.co\\\/Revista\\\/wp-content\\\/uploads\\\/2025\\\/05\\\/ABC-Al-Rojo-Logo-96x96.jpg\",\"contentUrl\":\"https:\\\/\\\/tuguia.combarranquilla.co\\\/Revista\\\/wp-content\\\/uploads\\\/2025\\\/05\\\/ABC-Al-Rojo-Logo-96x96.jpg\",\"caption\":\"Comunicaciones Combarranquilla\"},\"sameAs\":[\"https:\\\/\\\/www.combarranquilla.co\"],\"url\":\"https:\\\/\\\/tuguia.combarranquilla.co\\\/Revista\\\/author\\\/comunicaciones\\\/\"}]}<\/script>\n<!-- \/ Yoast SEO plugin. -->","yoast_head_json":{"title":"Combarranquilla: 67 a\u00f1os transformando vidas - Tu Gu\u00eda","robots":{"index":"index","follow":"follow","max-snippet":"max-snippet:-1","max-image-preview":"max-image-preview:large","max-video-preview":"max-video-preview:-1"},"canonical":"https:\/\/tuguia.combarranquilla.co\/Revista\/combarranquilla-67-anos-transformando-vidas\/","og_locale":"es_ES","og_type":"article","og_title":"Combarranquilla: 67 a\u00f1os transformando vidas - Tu Gu\u00eda","og_description":"Con ganas de seguir viendo un progreso de Barranquilla y el Atl\u00e1ntico, un grupo de empresarios liderado por Julio Mario Santo Domingo, Roberto Jaar, Carlos Dieppa, Federico Blanco y Eduardo Carbonell constituyeron La Caja de Compensaci\u00f3n familiar Combarranquilla. El 27 de septiembre de 1957 inici\u00f3 un camino que lleg\u00f3 a los 67 a\u00f1os. Ayudar a [&hellip;]","og_url":"https:\/\/tuguia.combarranquilla.co\/Revista\/combarranquilla-67-anos-transformando-vidas\/","og_site_name":"Tu Gu\u00eda","article_published_time":"2024-09-03T19:32:42+00:00","article_modified_time":"2024-09-03T19:47:22+00:00","og_image":[{"width":1600,"height":1086,"url":"https:\/\/tuguia.combarranquilla.co\/Revista\/wp-content\/uploads\/2024\/09\/WhatsApp-Image-2024-09-03-at-1.33.47-PM.jpeg","type":"image\/jpeg"}],"author":"Comunicaciones Combarranquilla","twitter_card":"summary_large_image","twitter_misc":{"Escrito por":"Comunicaciones Combarranquilla","Tiempo de lectura":"6 minutos"},"schema":{"@context":"https:\/\/schema.org","@graph":[{"@type":"Article","@id":"https:\/\/tuguia.combarranquilla.co\/Revista\/combarranquilla-67-anos-transformando-vidas\/#article","isPartOf":{"@id":"https:\/\/tuguia.combarranquilla.co\/Revista\/combarranquilla-67-anos-transformando-vidas\/"},"author":{"name":"Comunicaciones Combarranquilla","@id":"https:\/\/tuguia.combarranquilla.co\/Revista\/#\/schema\/person\/c2c396a77170bd1d5f8ba73294eb0d10"},"headline":"Combarranquilla: 67 a\u00f1os transformando vidas","datePublished":"2024-09-03T19:32:42+00:00","dateModified":"2024-09-03T19:47:22+00:00","mainEntityOfPage":{"@id":"https:\/\/tuguia.combarranquilla.co\/Revista\/combarranquilla-67-anos-transformando-vidas\/"},"wordCount":1189,"commentCount":0,"publisher":{"@id":"https:\/\/tuguia.combarranquilla.co\/Revista\/#organization"},"image":{"@id":"https:\/\/tuguia.combarranquilla.co\/Revista\/combarranquilla-67-anos-transformando-vidas\/#primaryimage"},"thumbnailUrl":"https:\/\/tuguia.combarranquilla.co\/Revista\/wp-content\/uploads\/2024\/09\/WhatsApp-Image-2024-09-03-at-1.33.47-PM.jpeg","articleSection":["FAMILIA COMBARRANQUILLA"],"inLanguage":"es-CO","potentialAction":[{"@type":"CommentAction","name":"Comment","target":["https:\/\/tuguia.combarranquilla.co\/Revista\/combarranquilla-67-anos-transformando-vidas\/#respond"]}]},{"@type":"WebPage","@id":"https:\/\/tuguia.combarranquilla.co\/Revista\/combarranquilla-67-anos-transformando-vidas\/","url":"https:\/\/tuguia.combarranquilla.co\/Revista\/combarranquilla-67-anos-transformando-vidas\/","name":"Combarranquilla: 67 a\u00f1os transformando vidas - Tu Gu\u00eda","isPartOf":{"@id":"https:\/\/tuguia.combarranquilla.co\/Revista\/#website"},"primaryImageOfPage":{"@id":"https:\/\/tuguia.combarranquilla.co\/Revista\/combarranquilla-67-anos-transformando-vidas\/#primaryimage"},"image":{"@id":"https:\/\/tuguia.combarranquilla.co\/Revista\/combarranquilla-67-anos-transformando-vidas\/#primaryimage"},"thumbnailUrl":"https:\/\/tuguia.combarranquilla.co\/Revista\/wp-content\/uploads\/2024\/09\/WhatsApp-Image-2024-09-03-at-1.33.47-PM.jpeg","datePublished":"2024-09-03T19:32:42+00:00","dateModified":"2024-09-03T19:47:22+00:00","breadcrumb":{"@id":"https:\/\/tuguia.combarranquilla.co\/Revista\/combarranquilla-67-anos-transformando-vidas\/#breadcrumb"},"inLanguage":"es-CO","potentialAction":[{"@type":"ReadAction","target":["https:\/\/tuguia.combarranquilla.co\/Revista\/combarranquilla-67-anos-transformando-vidas\/"]}]},{"@type":"ImageObject","inLanguage":"es-CO","@id":"https:\/\/tuguia.combarranquilla.co\/Revista\/combarranquilla-67-anos-transformando-vidas\/#primaryimage","url":"https:\/\/tuguia.combarranquilla.co\/Revista\/wp-content\/uploads\/2024\/09\/WhatsApp-Image-2024-09-03-at-1.33.47-PM.jpeg","contentUrl":"https:\/\/tuguia.combarranquilla.co\/Revista\/wp-content\/uploads\/2024\/09\/WhatsApp-Image-2024-09-03-at-1.33.47-PM.jpeg","width":1600,"height":1086,"caption":"Primera Asamblea General de Combarranquilla en 1987"},{"@type":"BreadcrumbList","@id":"https:\/\/tuguia.combarranquilla.co\/Revista\/combarranquilla-67-anos-transformando-vidas\/#breadcrumb","itemListElement":[{"@type":"ListItem","position":1,"name":"Inicio","item":"https:\/\/tuguia.combarranquilla.co\/Revista\/"},{"@type":"ListItem","position":2,"name":"Combarranquilla: 67 a\u00f1os transformando vidas"}]},{"@type":"WebSite","@id":"https:\/\/tuguia.combarranquilla.co\/Revista\/#website","url":"https:\/\/tuguia.combarranquilla.co\/Revista\/","name":"Tu Gu\u00eda","description":"La revista donde lo tienes todo.","publisher":{"@id":"https:\/\/tuguia.combarranquilla.co\/Revista\/#organization"},"alternateName":"Tu Gu\u00eda Combarranquilla","potentialAction":[{"@type":"SearchAction","target":{"@type":"EntryPoint","urlTemplate":"https:\/\/tuguia.combarranquilla.co\/Revista\/?s={search_term_string}"},"query-input":{"@type":"PropertyValueSpecification","valueRequired":true,"valueName":"search_term_string"}}],"inLanguage":"es-CO"},{"@type":"Organization","@id":"https:\/\/tuguia.combarranquilla.co\/Revista\/#organization","name":"Tu Gu\u00eda Combarranquilla","url":"https:\/\/tuguia.combarranquilla.co\/Revista\/","logo":{"@type":"ImageObject","inLanguage":"es-CO","@id":"https:\/\/tuguia.combarranquilla.co\/Revista\/#\/schema\/logo\/image\/","url":"https:\/\/tuguia.combarranquilla.co\/Revista\/wp-content\/uploads\/2022\/02\/logo-guia-combarranquilla.svg","contentUrl":"https:\/\/tuguia.combarranquilla.co\/Revista\/wp-content\/uploads\/2022\/02\/logo-guia-combarranquilla.svg","caption":"Tu Gu\u00eda Combarranquilla"},"image":{"@id":"https:\/\/tuguia.combarranquilla.co\/Revista\/#\/schema\/logo\/image\/"}},{"@type":"Person","@id":"https:\/\/tuguia.combarranquilla.co\/Revista\/#\/schema\/person\/c2c396a77170bd1d5f8ba73294eb0d10","name":"Comunicaciones Combarranquilla","image":{"@type":"ImageObject","inLanguage":"es-CO","@id":"https:\/\/tuguia.combarranquilla.co\/Revista\/wp-content\/uploads\/2025\/05\/ABC-Al-Rojo-Logo-96x96.jpg","url":"https:\/\/tuguia.combarranquilla.co\/Revista\/wp-content\/uploads\/2025\/05\/ABC-Al-Rojo-Logo-96x96.jpg","contentUrl":"https:\/\/tuguia.combarranquilla.co\/Revista\/wp-content\/uploads\/2025\/05\/ABC-Al-Rojo-Logo-96x96.jpg","caption":"Comunicaciones Combarranquilla"},"sameAs":["https:\/\/www.combarranquilla.co"],"url":"https:\/\/tuguia.combarranquilla.co\/Revista\/author\/comunicaciones\/"}]}},"_links":{"self":[{"href":"https:\/\/tuguia.combarranquilla.co\/Revista\/wp-json\/wp\/v2\/posts\/5058","targetHints":{"allow":["GET"]}}],"collection":[{"href":"https:\/\/tuguia.combarranquilla.co\/Revista\/wp-json\/wp\/v2\/posts"}],"about":[{"href":"https:\/\/tuguia.combarranquilla.co\/Revista\/wp-json\/wp\/v2\/types\/post"}],"author":[{"embeddable":true,"href":"https:\/\/tuguia.combarranquilla.co\/Revista\/wp-json\/wp\/v2\/users\/2"}],"replies":[{"embeddable":true,"href":"https:\/\/tuguia.combarranquilla.co\/Revista\/wp-json\/wp\/v2\/comments?post=5058"}],"version-history":[{"count":5,"href":"https:\/\/tuguia.combarranquilla.co\/Revista\/wp-json\/wp\/v2\/posts\/5058\/revisions"}],"predecessor-version":[{"id":5081,"href":"https:\/\/tuguia.combarranquilla.co\/Revista\/wp-json\/wp\/v2\/posts\/5058\/revisions\/5081"}],"wp:featuredmedia":[{"embeddable":true,"href":"https:\/\/tuguia.combarranquilla.co\/Revista\/wp-json\/wp\/v2\/media\/5082"}],"wp:attachment":[{"href":"https:\/\/tuguia.combarranquilla.co\/Revista\/wp-json\/wp\/v2\/media?parent=5058"}],"wp:term":[{"taxonomy":"category","embeddable":true,"href":"https:\/\/tuguia.combarranquilla.co\/Revista\/wp-json\/wp\/v2\/categories?post=5058"},{"taxonomy":"post_tag","embeddable":true,"href":"https:\/\/tuguia.combarranquilla.co\/Revista\/wp-json\/wp\/v2\/tags?post=5058"}],"curies":[{"name":"wp","href":"https:\/\/api.w.org\/{rel}","templated":true}]}}