{"id":5156,"date":"2024-10-04T08:55:00","date_gmt":"2024-10-04T13:55:00","guid":{"rendered":"https:\/\/tuguia.combarranquilla.co\/Revista\/?p=5156"},"modified":"2025-05-27T16:50:09","modified_gmt":"2025-05-27T21:50:09","slug":"tips-para-el-cuidado-de-tu-piel","status":"publish","type":"post","link":"https:\/\/tuguia.combarranquilla.co\/Revista\/tips-para-el-cuidado-de-tu-piel\/","title":{"rendered":"Tips para el cuidado de tu piel"},"content":{"rendered":"\n<p class=\"has-medium-font-size\">La piel es uno de los \u00f3rganos m\u00e1s importantes del cuerpo humano, porque act\u00faa como barrera protectora ante los agentes externos (calor, fr\u00edo, bacterias). Es por esto por lo que es muy importante que la cuides y la mantengas hidratada para lucir radiante.<\/p>\n\n\n\n<p class=\"has-medium-font-size\">Mantener la piel de tu rostro hidratada, nutrida y rejuvenecida no solo se trata de est\u00e9tica sino de cuidar tu cuerpo de adentro hacia afuera. Por lo anterior te presentamos tips para el cuidado correcto de tu piel.<\/p>\n\n\n\n<h2 class=\"wp-block-heading\"><strong>Descubre c\u00f3mo lucir una piel perfecta<\/strong><\/h2>\n\n\n\n<div class=\"wp-block-columns is-layout-flex wp-container-core-columns-is-layout-9d6595d7 wp-block-columns-is-layout-flex\">\n<div class=\"wp-block-column is-layout-flow wp-block-column-is-layout-flow\">\n<div class=\"wp-block-columns is-layout-flex wp-container-core-columns-is-layout-9d6595d7 wp-block-columns-is-layout-flex\">\n<div class=\"wp-block-column is-layout-flow wp-block-column-is-layout-flow\">\n<figure class=\"wp-block-image size-large\"><img decoding=\"async\" width=\"683\" height=\"1024\" data-src=\"https:\/\/tuguia.combarranquilla.co\/Revista\/wp-content\/uploads\/2024\/11\/DSC_0046-1-683x1024.jpg\" alt=\"\" class=\"wp-image-5196 lazyload\" data-srcset=\"https:\/\/tuguia.combarranquilla.co\/Revista\/wp-content\/uploads\/2024\/11\/DSC_0046-1-683x1024.jpg 683w, https:\/\/tuguia.combarranquilla.co\/Revista\/wp-content\/uploads\/2024\/11\/DSC_0046-1-200x300.jpg 200w, https:\/\/tuguia.combarranquilla.co\/Revista\/wp-content\/uploads\/2024\/11\/DSC_0046-1-768x1152.jpg 768w, https:\/\/tuguia.combarranquilla.co\/Revista\/wp-content\/uploads\/2024\/11\/DSC_0046-1-1024x1536.jpg 1024w, https:\/\/tuguia.combarranquilla.co\/Revista\/wp-content\/uploads\/2024\/11\/DSC_0046-1-1365x2048.jpg 1365w, https:\/\/tuguia.combarranquilla.co\/Revista\/wp-content\/uploads\/2024\/11\/DSC_0046-1-scaled.jpg 1707w\" data-sizes=\"(max-width: 683px) 100vw, 683px\" src=\"data:image\/svg+xml;base64,PHN2ZyB3aWR0aD0iMSIgaGVpZ2h0PSIxIiB4bWxucz0iaHR0cDovL3d3dy53My5vcmcvMjAwMC9zdmciPjwvc3ZnPg==\" style=\"--smush-placeholder-width: 683px; --smush-placeholder-aspect-ratio: 683\/1024;\" \/><\/figure>\n<\/div>\n\n\n\n<div class=\"wp-block-column is-layout-flow wp-block-column-is-layout-flow\">\n<figure class=\"wp-block-image size-large\"><img decoding=\"async\" width=\"683\" height=\"1024\" data-src=\"https:\/\/tuguia.combarranquilla.co\/Revista\/wp-content\/uploads\/2024\/11\/DSC_0070-683x1024.jpg\" alt=\"\" class=\"wp-image-5197 lazyload\" data-srcset=\"https:\/\/tuguia.combarranquilla.co\/Revista\/wp-content\/uploads\/2024\/11\/DSC_0070-683x1024.jpg 683w, https:\/\/tuguia.combarranquilla.co\/Revista\/wp-content\/uploads\/2024\/11\/DSC_0070-200x300.jpg 200w, https:\/\/tuguia.combarranquilla.co\/Revista\/wp-content\/uploads\/2024\/11\/DSC_0070-768x1152.jpg 768w, https:\/\/tuguia.combarranquilla.co\/Revista\/wp-content\/uploads\/2024\/11\/DSC_0070-1024x1536.jpg 1024w, https:\/\/tuguia.combarranquilla.co\/Revista\/wp-content\/uploads\/2024\/11\/DSC_0070-1365x2048.jpg 1365w, https:\/\/tuguia.combarranquilla.co\/Revista\/wp-content\/uploads\/2024\/11\/DSC_0070-scaled.jpg 1707w\" data-sizes=\"(max-width: 683px) 100vw, 683px\" src=\"data:image\/svg+xml;base64,PHN2ZyB3aWR0aD0iMSIgaGVpZ2h0PSIxIiB4bWxucz0iaHR0cDovL3d3dy53My5vcmcvMjAwMC9zdmciPjwvc3ZnPg==\" style=\"--smush-placeholder-width: 683px; --smush-placeholder-aspect-ratio: 683\/1024;\" \/><\/figure>\n<\/div>\n<\/div>\n<\/div>\n<\/div>\n\n\n\n<h2 class=\"wp-block-heading has-medium-font-size\"><strong>Conoce tu tipo de piel<\/strong><\/h2>\n\n\n\n<p class=\"has-medium-font-size\">Debes conocer tu tipo de piel (normal, seca, grasa, mixta, sensible) para utilizar los productos y tratamientos adecuados para poder cuidarla.<\/p>\n\n\n\n<h2 class=\"wp-block-heading has-medium-font-size\"><strong>Limpia tu piel diariamente<\/strong><\/h2>\n\n\n\n<p class=\"has-medium-font-size\">Para poder mantenerla hidratada y nutrida, debes limpiar tu rostro en la ma\u00f1ana y en la noche, esto con el fin de eliminar impurezas y evitar el envejecimiento prematuro de esta.<\/p>\n\n\n\n<p class=\"has-medium-font-size\">Para limpiar tu piel diariamente, debes utilizar limpiador facial, exfoliante facial una vez por semana, crema hidratante y, por \u00faltimo, bloqueador solar.<\/p>\n\n\n\n<p class=\"has-medium-font-size\">En caso de utilizar maquillaje, debes utilizar agua micelar para retirarte el maquillaje antes de realizarte tu limpieza facial diaria.<\/p>\n\n\n\n<h2 class=\"wp-block-heading has-medium-font-size\"><strong>Exfolia tu piel regularmente<\/strong><\/h2>\n\n\n\n<p class=\"has-medium-font-size\">Es importante que exfolies tu rostro una vez por semana para poder eliminar impurezas y las c\u00e9lulas muertas de la piel.&nbsp;<\/p>\n\n\n\n<h2 class=\"wp-block-heading has-medium-font-size\"><strong>Hidrata tu piel<\/strong>&nbsp;<\/h2>\n\n\n\n<p class=\"has-medium-font-size\">La hidrataci\u00f3n diaria es clave para mantener la suavidad y la vitalidad de tu piel. Aplica crema hidratante despu\u00e9s de la limpieza para poder devolverle la tonalidad natural a tu piel.<\/p>\n\n\n\n<h2 class=\"wp-block-heading has-medium-font-size\"><strong>Utiliza protector solar<\/strong><\/h2>\n\n\n\n<p class=\"has-medium-font-size\">El uso diario de protector solar es de vital importancia para evitar la exposici\u00f3n a los rayos UV, los cuales pueden ocasionarte manchas, envejecimiento prematuro o c\u00e1ncer de piel.&nbsp;<\/p>\n\n\n\n<h2 class=\"wp-block-heading has-medium-font-size\"><strong>Toma abundante agua<\/strong><\/h2>\n\n\n\n<p class=\"has-medium-font-size\">El agua te ayuda a mantener la piel hidratada y evita la resequedad de la misma.&nbsp;<\/p>\n\n\n\n<h2 class=\"wp-block-heading has-medium-font-size\"><strong>Alimentaci\u00f3n balanceada<\/strong>&nbsp;<\/h2>\n\n\n\n<p class=\"has-medium-font-size\">Consume frutas y verduras; alimentos ricos en antioxidantes, vitaminas y minerales, los cuales te ayudar\u00e1n a mantener una piel sana, nutrida e hidratada.&nbsp;<\/p>\n\n\n\n<p class=\"has-medium-font-size\">El cuidado de la piel es un compromiso con tu salud. Al adoptar estos tips no solo podr\u00e1s mejorar la apariencia de tu piel, sino que lograr\u00e1s tenerla m\u00e1s hidratada, nutrida y rejuvenecida. Un rostro saludable es un reflejo de tu dedicaci\u00f3n constante con tu rutina diaria de autocuidado de la piel.<\/p>\n\n\n\n<h2 class=\"wp-block-heading\"><strong>Recomendaciones esenciales de las cosmet\u00f3logas del Spa de Combarranquilla para el adecuado cuidado de la piel<\/strong><\/h2>\n\n\n<div class=\"wp-block-image\">\n<figure class=\"aligncenter size-large\"><img decoding=\"async\" width=\"1024\" height=\"683\" data-src=\"https:\/\/tuguia.combarranquilla.co\/Revista\/wp-content\/uploads\/2024\/10\/IMG_6517-1024x683.jpg\" alt=\"\" class=\"wp-image-5159 lazyload\" data-srcset=\"https:\/\/tuguia.combarranquilla.co\/Revista\/wp-content\/uploads\/2024\/10\/IMG_6517-1024x683.jpg 1024w, https:\/\/tuguia.combarranquilla.co\/Revista\/wp-content\/uploads\/2024\/10\/IMG_6517-300x200.jpg 300w, https:\/\/tuguia.combarranquilla.co\/Revista\/wp-content\/uploads\/2024\/10\/IMG_6517-768x512.jpg 768w, https:\/\/tuguia.combarranquilla.co\/Revista\/wp-content\/uploads\/2024\/10\/IMG_6517-1536x1024.jpg 1536w, https:\/\/tuguia.combarranquilla.co\/Revista\/wp-content\/uploads\/2024\/10\/IMG_6517.jpg 1620w\" data-sizes=\"(max-width: 1024px) 100vw, 1024px\" src=\"data:image\/svg+xml;base64,PHN2ZyB3aWR0aD0iMSIgaGVpZ2h0PSIxIiB4bWxucz0iaHR0cDovL3d3dy53My5vcmcvMjAwMC9zdmciPjwvc3ZnPg==\" style=\"--smush-placeholder-width: 1024px; --smush-placeholder-aspect-ratio: 1024\/683;\" \/><figcaption class=\"wp-element-caption\"><em><strong>Lesly Celis y Karina Barrag\u00e1n<\/strong><\/em><\/figcaption><\/figure><\/div>\n\n\n<p class=\"has-medium-font-size\">Las cosmet\u00f3logas de nuestro spa, Lesly Celis y Karina Barrag\u00e1n, apasionadas por la belleza y el cuidado de las mujeres, trabajan d\u00eda a d\u00eda para apoyar a cada mujer en la b\u00fasqueda de su bienestar.<\/p>\n\n\n\n<p class=\"has-medium-font-size\">Por lo anterior, Lesly y Karina comparten recomendaciones para que puedas lucir una piel luminosa y radiante.<\/p>\n\n\n\n<blockquote class=\"wp-block-quote has-text-align-right is-layout-flow wp-block-quote-is-layout-flow\">\n<p class=\"has-medium-font-size\"><em>Para mantener una piel luminosa y radiante a largo plazo, mi consejo es la utilizaci\u00f3n diaria del protector solar, ya que el sol es el mayor enemigo de la piel, y el protector solar es el que te va a ayudar a evitar el envejecimiento prematuro y las manchas de la piel llamadas melasmas<\/em>.<\/p>\n<cite><strong>Lesly Celis<\/strong><\/cite><\/blockquote>\n\n\n\n<blockquote class=\"wp-block-quote has-text-align-right is-layout-flow wp-block-quote-is-layout-flow\">\n<p class=\"has-medium-font-size\"><em>Realizarse el combo de nuestro spa, que incluye limpieza facial profunda, microdermoabrasi\u00f3n e hidrataci\u00f3n facial, para poder eliminar c\u00e9lulas muertas e impurezas; y poder lucir una piel luminosa y radiante, todo esto acompa\u00f1ado de tu rutina de limpieza diaria y el uso del bloqueador solar.<\/em><\/p>\n<cite><strong>Karina Barrag\u00e1n<\/strong><\/cite><\/blockquote>\n\n\n\n<p class=\"has-medium-font-size\">Si deseas lucir una piel hidratada, nutrida y luminosa, las cosmet\u00f3logas del spa, te recomiendan los siguientes tratamientos:&nbsp;<\/p>\n\n\n\n<ul class=\"wp-block-list\">\n<li class=\"has-medium-font-size\"><strong>Limpieza facial profunda<\/strong>&nbsp;<\/li>\n<\/ul>\n\n\n\n<p class=\"has-medium-font-size\">Te ayudar\u00e1 a limpiar, a eliminar c\u00e9lulas muertas e impurezas, a oxigenar, hidratar y nutrir profundamente tu piel.<\/p>\n\n\n\n<ul class=\"wp-block-list\">\n<li class=\"has-medium-font-size\"><strong>Radiofrecuencia facial<\/strong><\/li>\n<\/ul>\n\n\n\n<p class=\"has-medium-font-size\">Te ayudar\u00e1 a activar el col\u00e1geno y la elasticidad de la piel. Se recomienda para personas que por el tiempo o la edad han ido perdiendo el col\u00e1geno de la piel.<\/p>\n\n\n\n<p class=\"has-text-align-center has-medium-font-size\">\u00a1Agenda tu cita y atr\u00e9vete a lucir un rostro hidratado, nutrido y rejuvenecido!&nbsp;<\/p>\n\n\n\n<p class=\"has-medium-font-size\"><strong>M\u00e1s informes<\/strong>&nbsp;<\/p>\n\n\n\n<p class=\"has-medium-font-size\">(605) 3225049 Opci\u00f3n 3<\/p>\n\n\n\n<figure class=\"wp-block-table\"><table class=\"has-fixed-layout\"><tbody><tr><td><strong>Referencias<\/strong><br>Multisalud Cl\u00ednica Levante. (s.f.). Obtenido de https:\/\/clinicalevanterivas.com\/importancia-de-cuidar-la-piel-pautas-y-consecuencias-de-no-hacerlo\/<\/td><\/tr><\/tbody><\/table><\/figure>\n","protected":false},"excerpt":{"rendered":"<p>La piel es uno de los \u00f3rganos m\u00e1s importantes del cuerpo humano, porque act\u00faa como barrera protectora ante los agentes externos (calor, fr\u00edo, bacterias). Es por esto por lo que es muy importante que la cuides y la mantengas hidratada para lucir radiante. Mantener la piel de tu rostro hidratada, nutrida y rejuvenecida no solo [&hellip;]<\/p>\n","protected":false},"author":2,"featured_media":5193,"comment_status":"open","ping_status":"open","sticky":false,"template":"","format":"standard","meta":{"inline_featured_image":false,"footnotes":""},"categories":[5],"tags":[],"class_list":["post-5156","post","type-post","status-publish","format-standard","has-post-thumbnail","hentry","category-vida-saludable"],"yoast_head":"<!-- This site is optimized with the Yoast SEO plugin v27.4 - https:\/\/yoast.com\/product\/yoast-seo-wordpress\/ -->\n<title>Tips para el cuidado de tu piel - Tu Gu\u00eda<\/title>\n<meta name=\"robots\" content=\"index, follow, max-snippet:-1, max-image-preview:large, max-video-preview:-1\" \/>\n<link rel=\"canonical\" href=\"https:\/\/tuguia.combarranquilla.co\/Revista\/tips-para-el-cuidado-de-tu-piel\/\" \/>\n<meta property=\"og:locale\" content=\"es_ES\" \/>\n<meta property=\"og:type\" content=\"article\" \/>\n<meta property=\"og:title\" content=\"Tips para el cuidado de tu piel - Tu Gu\u00eda\" \/>\n<meta property=\"og:description\" content=\"La piel es uno de los \u00f3rganos m\u00e1s importantes del cuerpo humano, porque act\u00faa como barrera protectora ante los agentes externos (calor, fr\u00edo, bacterias). Es por esto por lo que es muy importante que la cuides y la mantengas hidratada para lucir radiante. Mantener la piel de tu rostro hidratada, nutrida y rejuvenecida no solo [&hellip;]\" \/>\n<meta property=\"og:url\" content=\"https:\/\/tuguia.combarranquilla.co\/Revista\/tips-para-el-cuidado-de-tu-piel\/\" \/>\n<meta property=\"og:site_name\" content=\"Tu Gu\u00eda\" \/>\n<meta property=\"article:published_time\" content=\"2024-10-04T13:55:00+00:00\" \/>\n<meta property=\"article:modified_time\" content=\"2025-05-27T21:50:09+00:00\" \/>\n<meta property=\"og:image\" content=\"https:\/\/tuguia.combarranquilla.co\/Revista\/wp-content\/uploads\/2024\/10\/DSC_0056-scaled.jpg\" \/>\n\t<meta property=\"og:image:width\" content=\"2560\" \/>\n\t<meta property=\"og:image:height\" content=\"1707\" \/>\n\t<meta property=\"og:image:type\" content=\"image\/jpeg\" \/>\n<meta name=\"author\" content=\"Comunicaciones Combarranquilla\" \/>\n<meta name=\"twitter:card\" content=\"summary_large_image\" \/>\n<meta name=\"twitter:label1\" content=\"Escrito por\" \/>\n\t<meta name=\"twitter:data1\" content=\"Comunicaciones Combarranquilla\" \/>\n\t<meta name=\"twitter:label2\" content=\"Tiempo de lectura\" \/>\n\t<meta name=\"twitter:data2\" content=\"4 minutos\" \/>\n<script type=\"application\/ld+json\" class=\"yoast-schema-graph\">{\"@context\":\"https:\\\/\\\/schema.org\",\"@graph\":[{\"@type\":\"Article\",\"@id\":\"https:\\\/\\\/tuguia.combarranquilla.co\\\/Revista\\\/tips-para-el-cuidado-de-tu-piel\\\/#article\",\"isPartOf\":{\"@id\":\"https:\\\/\\\/tuguia.combarranquilla.co\\\/Revista\\\/tips-para-el-cuidado-de-tu-piel\\\/\"},\"author\":{\"name\":\"Comunicaciones Combarranquilla\",\"@id\":\"https:\\\/\\\/tuguia.combarranquilla.co\\\/Revista\\\/#\\\/schema\\\/person\\\/c2c396a77170bd1d5f8ba73294eb0d10\"},\"headline\":\"Tips para el cuidado de tu piel\",\"datePublished\":\"2024-10-04T13:55:00+00:00\",\"dateModified\":\"2025-05-27T21:50:09+00:00\",\"mainEntityOfPage\":{\"@id\":\"https:\\\/\\\/tuguia.combarranquilla.co\\\/Revista\\\/tips-para-el-cuidado-de-tu-piel\\\/\"},\"wordCount\":708,\"commentCount\":0,\"publisher\":{\"@id\":\"https:\\\/\\\/tuguia.combarranquilla.co\\\/Revista\\\/#organization\"},\"image\":{\"@id\":\"https:\\\/\\\/tuguia.combarranquilla.co\\\/Revista\\\/tips-para-el-cuidado-de-tu-piel\\\/#primaryimage\"},\"thumbnailUrl\":\"https:\\\/\\\/tuguia.combarranquilla.co\\\/Revista\\\/wp-content\\\/uploads\\\/2024\\\/10\\\/DSC_0056-scaled.jpg\",\"articleSection\":[\"VIDA SALUDABLE\"],\"inLanguage\":\"es-CO\",\"potentialAction\":[{\"@type\":\"CommentAction\",\"name\":\"Comment\",\"target\":[\"https:\\\/\\\/tuguia.combarranquilla.co\\\/Revista\\\/tips-para-el-cuidado-de-tu-piel\\\/#respond\"]}]},{\"@type\":\"WebPage\",\"@id\":\"https:\\\/\\\/tuguia.combarranquilla.co\\\/Revista\\\/tips-para-el-cuidado-de-tu-piel\\\/\",\"url\":\"https:\\\/\\\/tuguia.combarranquilla.co\\\/Revista\\\/tips-para-el-cuidado-de-tu-piel\\\/\",\"name\":\"Tips para el cuidado de tu piel - Tu Gu\u00eda\",\"isPartOf\":{\"@id\":\"https:\\\/\\\/tuguia.combarranquilla.co\\\/Revista\\\/#website\"},\"primaryImageOfPage\":{\"@id\":\"https:\\\/\\\/tuguia.combarranquilla.co\\\/Revista\\\/tips-para-el-cuidado-de-tu-piel\\\/#primaryimage\"},\"image\":{\"@id\":\"https:\\\/\\\/tuguia.combarranquilla.co\\\/Revista\\\/tips-para-el-cuidado-de-tu-piel\\\/#primaryimage\"},\"thumbnailUrl\":\"https:\\\/\\\/tuguia.combarranquilla.co\\\/Revista\\\/wp-content\\\/uploads\\\/2024\\\/10\\\/DSC_0056-scaled.jpg\",\"datePublished\":\"2024-10-04T13:55:00+00:00\",\"dateModified\":\"2025-05-27T21:50:09+00:00\",\"breadcrumb\":{\"@id\":\"https:\\\/\\\/tuguia.combarranquilla.co\\\/Revista\\\/tips-para-el-cuidado-de-tu-piel\\\/#breadcrumb\"},\"inLanguage\":\"es-CO\",\"potentialAction\":[{\"@type\":\"ReadAction\",\"target\":[\"https:\\\/\\\/tuguia.combarranquilla.co\\\/Revista\\\/tips-para-el-cuidado-de-tu-piel\\\/\"]}]},{\"@type\":\"ImageObject\",\"inLanguage\":\"es-CO\",\"@id\":\"https:\\\/\\\/tuguia.combarranquilla.co\\\/Revista\\\/tips-para-el-cuidado-de-tu-piel\\\/#primaryimage\",\"url\":\"https:\\\/\\\/tuguia.combarranquilla.co\\\/Revista\\\/wp-content\\\/uploads\\\/2024\\\/10\\\/DSC_0056-scaled.jpg\",\"contentUrl\":\"https:\\\/\\\/tuguia.combarranquilla.co\\\/Revista\\\/wp-content\\\/uploads\\\/2024\\\/10\\\/DSC_0056-scaled.jpg\",\"width\":2560,\"height\":1707},{\"@type\":\"BreadcrumbList\",\"@id\":\"https:\\\/\\\/tuguia.combarranquilla.co\\\/Revista\\\/tips-para-el-cuidado-de-tu-piel\\\/#breadcrumb\",\"itemListElement\":[{\"@type\":\"ListItem\",\"position\":1,\"name\":\"Inicio\",\"item\":\"https:\\\/\\\/tuguia.combarranquilla.co\\\/Revista\\\/\"},{\"@type\":\"ListItem\",\"position\":2,\"name\":\"Tips para el cuidado de tu piel\"}]},{\"@type\":\"WebSite\",\"@id\":\"https:\\\/\\\/tuguia.combarranquilla.co\\\/Revista\\\/#website\",\"url\":\"https:\\\/\\\/tuguia.combarranquilla.co\\\/Revista\\\/\",\"name\":\"Tu Gu\u00eda\",\"description\":\"La revista donde lo tienes todo.\",\"publisher\":{\"@id\":\"https:\\\/\\\/tuguia.combarranquilla.co\\\/Revista\\\/#organization\"},\"alternateName\":\"Tu Gu\u00eda Combarranquilla\",\"potentialAction\":[{\"@type\":\"SearchAction\",\"target\":{\"@type\":\"EntryPoint\",\"urlTemplate\":\"https:\\\/\\\/tuguia.combarranquilla.co\\\/Revista\\\/?s={search_term_string}\"},\"query-input\":{\"@type\":\"PropertyValueSpecification\",\"valueRequired\":true,\"valueName\":\"search_term_string\"}}],\"inLanguage\":\"es-CO\"},{\"@type\":\"Organization\",\"@id\":\"https:\\\/\\\/tuguia.combarranquilla.co\\\/Revista\\\/#organization\",\"name\":\"Tu Gu\u00eda Combarranquilla\",\"url\":\"https:\\\/\\\/tuguia.combarranquilla.co\\\/Revista\\\/\",\"logo\":{\"@type\":\"ImageObject\",\"inLanguage\":\"es-CO\",\"@id\":\"https:\\\/\\\/tuguia.combarranquilla.co\\\/Revista\\\/#\\\/schema\\\/logo\\\/image\\\/\",\"url\":\"https:\\\/\\\/tuguia.combarranquilla.co\\\/Revista\\\/wp-content\\\/uploads\\\/2022\\\/02\\\/logo-guia-combarranquilla.svg\",\"contentUrl\":\"https:\\\/\\\/tuguia.combarranquilla.co\\\/Revista\\\/wp-content\\\/uploads\\\/2022\\\/02\\\/logo-guia-combarranquilla.svg\",\"caption\":\"Tu Gu\u00eda Combarranquilla\"},\"image\":{\"@id\":\"https:\\\/\\\/tuguia.combarranquilla.co\\\/Revista\\\/#\\\/schema\\\/logo\\\/image\\\/\"}},{\"@type\":\"Person\",\"@id\":\"https:\\\/\\\/tuguia.combarranquilla.co\\\/Revista\\\/#\\\/schema\\\/person\\\/c2c396a77170bd1d5f8ba73294eb0d10\",\"name\":\"Comunicaciones Combarranquilla\",\"image\":{\"@type\":\"ImageObject\",\"inLanguage\":\"es-CO\",\"@id\":\"https:\\\/\\\/tuguia.combarranquilla.co\\\/Revista\\\/wp-content\\\/uploads\\\/2025\\\/05\\\/ABC-Al-Rojo-Logo-96x96.jpg\",\"url\":\"https:\\\/\\\/tuguia.combarranquilla.co\\\/Revista\\\/wp-content\\\/uploads\\\/2025\\\/05\\\/ABC-Al-Rojo-Logo-96x96.jpg\",\"contentUrl\":\"https:\\\/\\\/tuguia.combarranquilla.co\\\/Revista\\\/wp-content\\\/uploads\\\/2025\\\/05\\\/ABC-Al-Rojo-Logo-96x96.jpg\",\"caption\":\"Comunicaciones Combarranquilla\"},\"sameAs\":[\"https:\\\/\\\/www.combarranquilla.co\"],\"url\":\"https:\\\/\\\/tuguia.combarranquilla.co\\\/Revista\\\/author\\\/comunicaciones\\\/\"}]}<\/script>\n<!-- \/ Yoast SEO plugin. -->","yoast_head_json":{"title":"Tips para el cuidado de tu piel - Tu Gu\u00eda","robots":{"index":"index","follow":"follow","max-snippet":"max-snippet:-1","max-image-preview":"max-image-preview:large","max-video-preview":"max-video-preview:-1"},"canonical":"https:\/\/tuguia.combarranquilla.co\/Revista\/tips-para-el-cuidado-de-tu-piel\/","og_locale":"es_ES","og_type":"article","og_title":"Tips para el cuidado de tu piel - Tu Gu\u00eda","og_description":"La piel es uno de los \u00f3rganos m\u00e1s importantes del cuerpo humano, porque act\u00faa como barrera protectora ante los agentes externos (calor, fr\u00edo, bacterias). Es por esto por lo que es muy importante que la cuides y la mantengas hidratada para lucir radiante. Mantener la piel de tu rostro hidratada, nutrida y rejuvenecida no solo [&hellip;]","og_url":"https:\/\/tuguia.combarranquilla.co\/Revista\/tips-para-el-cuidado-de-tu-piel\/","og_site_name":"Tu Gu\u00eda","article_published_time":"2024-10-04T13:55:00+00:00","article_modified_time":"2025-05-27T21:50:09+00:00","og_image":[{"width":2560,"height":1707,"url":"https:\/\/tuguia.combarranquilla.co\/Revista\/wp-content\/uploads\/2024\/10\/DSC_0056-scaled.jpg","type":"image\/jpeg"}],"author":"Comunicaciones Combarranquilla","twitter_card":"summary_large_image","twitter_misc":{"Escrito por":"Comunicaciones Combarranquilla","Tiempo de lectura":"4 minutos"},"schema":{"@context":"https:\/\/schema.org","@graph":[{"@type":"Article","@id":"https:\/\/tuguia.combarranquilla.co\/Revista\/tips-para-el-cuidado-de-tu-piel\/#article","isPartOf":{"@id":"https:\/\/tuguia.combarranquilla.co\/Revista\/tips-para-el-cuidado-de-tu-piel\/"},"author":{"name":"Comunicaciones Combarranquilla","@id":"https:\/\/tuguia.combarranquilla.co\/Revista\/#\/schema\/person\/c2c396a77170bd1d5f8ba73294eb0d10"},"headline":"Tips para el cuidado de tu piel","datePublished":"2024-10-04T13:55:00+00:00","dateModified":"2025-05-27T21:50:09+00:00","mainEntityOfPage":{"@id":"https:\/\/tuguia.combarranquilla.co\/Revista\/tips-para-el-cuidado-de-tu-piel\/"},"wordCount":708,"commentCount":0,"publisher":{"@id":"https:\/\/tuguia.combarranquilla.co\/Revista\/#organization"},"image":{"@id":"https:\/\/tuguia.combarranquilla.co\/Revista\/tips-para-el-cuidado-de-tu-piel\/#primaryimage"},"thumbnailUrl":"https:\/\/tuguia.combarranquilla.co\/Revista\/wp-content\/uploads\/2024\/10\/DSC_0056-scaled.jpg","articleSection":["VIDA SALUDABLE"],"inLanguage":"es-CO","potentialAction":[{"@type":"CommentAction","name":"Comment","target":["https:\/\/tuguia.combarranquilla.co\/Revista\/tips-para-el-cuidado-de-tu-piel\/#respond"]}]},{"@type":"WebPage","@id":"https:\/\/tuguia.combarranquilla.co\/Revista\/tips-para-el-cuidado-de-tu-piel\/","url":"https:\/\/tuguia.combarranquilla.co\/Revista\/tips-para-el-cuidado-de-tu-piel\/","name":"Tips para el cuidado de tu piel - Tu Gu\u00eda","isPartOf":{"@id":"https:\/\/tuguia.combarranquilla.co\/Revista\/#website"},"primaryImageOfPage":{"@id":"https:\/\/tuguia.combarranquilla.co\/Revista\/tips-para-el-cuidado-de-tu-piel\/#primaryimage"},"image":{"@id":"https:\/\/tuguia.combarranquilla.co\/Revista\/tips-para-el-cuidado-de-tu-piel\/#primaryimage"},"thumbnailUrl":"https:\/\/tuguia.combarranquilla.co\/Revista\/wp-content\/uploads\/2024\/10\/DSC_0056-scaled.jpg","datePublished":"2024-10-04T13:55:00+00:00","dateModified":"2025-05-27T21:50:09+00:00","breadcrumb":{"@id":"https:\/\/tuguia.combarranquilla.co\/Revista\/tips-para-el-cuidado-de-tu-piel\/#breadcrumb"},"inLanguage":"es-CO","potentialAction":[{"@type":"ReadAction","target":["https:\/\/tuguia.combarranquilla.co\/Revista\/tips-para-el-cuidado-de-tu-piel\/"]}]},{"@type":"ImageObject","inLanguage":"es-CO","@id":"https:\/\/tuguia.combarranquilla.co\/Revista\/tips-para-el-cuidado-de-tu-piel\/#primaryimage","url":"https:\/\/tuguia.combarranquilla.co\/Revista\/wp-content\/uploads\/2024\/10\/DSC_0056-scaled.jpg","contentUrl":"https:\/\/tuguia.combarranquilla.co\/Revista\/wp-content\/uploads\/2024\/10\/DSC_0056-scaled.jpg","width":2560,"height":1707},{"@type":"BreadcrumbList","@id":"https:\/\/tuguia.combarranquilla.co\/Revista\/tips-para-el-cuidado-de-tu-piel\/#breadcrumb","itemListElement":[{"@type":"ListItem","position":1,"name":"Inicio","item":"https:\/\/tuguia.combarranquilla.co\/Revista\/"},{"@type":"ListItem","position":2,"name":"Tips para el cuidado de tu piel"}]},{"@type":"WebSite","@id":"https:\/\/tuguia.combarranquilla.co\/Revista\/#website","url":"https:\/\/tuguia.combarranquilla.co\/Revista\/","name":"Tu Gu\u00eda","description":"La revista donde lo tienes todo.","publisher":{"@id":"https:\/\/tuguia.combarranquilla.co\/Revista\/#organization"},"alternateName":"Tu Gu\u00eda Combarranquilla","potentialAction":[{"@type":"SearchAction","target":{"@type":"EntryPoint","urlTemplate":"https:\/\/tuguia.combarranquilla.co\/Revista\/?s={search_term_string}"},"query-input":{"@type":"PropertyValueSpecification","valueRequired":true,"valueName":"search_term_string"}}],"inLanguage":"es-CO"},{"@type":"Organization","@id":"https:\/\/tuguia.combarranquilla.co\/Revista\/#organization","name":"Tu Gu\u00eda Combarranquilla","url":"https:\/\/tuguia.combarranquilla.co\/Revista\/","logo":{"@type":"ImageObject","inLanguage":"es-CO","@id":"https:\/\/tuguia.combarranquilla.co\/Revista\/#\/schema\/logo\/image\/","url":"https:\/\/tuguia.combarranquilla.co\/Revista\/wp-content\/uploads\/2022\/02\/logo-guia-combarranquilla.svg","contentUrl":"https:\/\/tuguia.combarranquilla.co\/Revista\/wp-content\/uploads\/2022\/02\/logo-guia-combarranquilla.svg","caption":"Tu Gu\u00eda Combarranquilla"},"image":{"@id":"https:\/\/tuguia.combarranquilla.co\/Revista\/#\/schema\/logo\/image\/"}},{"@type":"Person","@id":"https:\/\/tuguia.combarranquilla.co\/Revista\/#\/schema\/person\/c2c396a77170bd1d5f8ba73294eb0d10","name":"Comunicaciones Combarranquilla","image":{"@type":"ImageObject","inLanguage":"es-CO","@id":"https:\/\/tuguia.combarranquilla.co\/Revista\/wp-content\/uploads\/2025\/05\/ABC-Al-Rojo-Logo-96x96.jpg","url":"https:\/\/tuguia.combarranquilla.co\/Revista\/wp-content\/uploads\/2025\/05\/ABC-Al-Rojo-Logo-96x96.jpg","contentUrl":"https:\/\/tuguia.combarranquilla.co\/Revista\/wp-content\/uploads\/2025\/05\/ABC-Al-Rojo-Logo-96x96.jpg","caption":"Comunicaciones Combarranquilla"},"sameAs":["https:\/\/www.combarranquilla.co"],"url":"https:\/\/tuguia.combarranquilla.co\/Revista\/author\/comunicaciones\/"}]}},"_links":{"self":[{"href":"https:\/\/tuguia.combarranquilla.co\/Revista\/wp-json\/wp\/v2\/posts\/5156","targetHints":{"allow":["GET"]}}],"collection":[{"href":"https:\/\/tuguia.combarranquilla.co\/Revista\/wp-json\/wp\/v2\/posts"}],"about":[{"href":"https:\/\/tuguia.combarranquilla.co\/Revista\/wp-json\/wp\/v2\/types\/post"}],"author":[{"embeddable":true,"href":"https:\/\/tuguia.combarranquilla.co\/Revista\/wp-json\/wp\/v2\/users\/2"}],"replies":[{"embeddable":true,"href":"https:\/\/tuguia.combarranquilla.co\/Revista\/wp-json\/wp\/v2\/comments?post=5156"}],"version-history":[{"count":11,"href":"https:\/\/tuguia.combarranquilla.co\/Revista\/wp-json\/wp\/v2\/posts\/5156\/revisions"}],"predecessor-version":[{"id":6513,"href":"https:\/\/tuguia.combarranquilla.co\/Revista\/wp-json\/wp\/v2\/posts\/5156\/revisions\/6513"}],"wp:featuredmedia":[{"embeddable":true,"href":"https:\/\/tuguia.combarranquilla.co\/Revista\/wp-json\/wp\/v2\/media\/5193"}],"wp:attachment":[{"href":"https:\/\/tuguia.combarranquilla.co\/Revista\/wp-json\/wp\/v2\/media?parent=5156"}],"wp:term":[{"taxonomy":"category","embeddable":true,"href":"https:\/\/tuguia.combarranquilla.co\/Revista\/wp-json\/wp\/v2\/categories?post=5156"},{"taxonomy":"post_tag","embeddable":true,"href":"https:\/\/tuguia.combarranquilla.co\/Revista\/wp-json\/wp\/v2\/tags?post=5156"}],"curies":[{"name":"wp","href":"https:\/\/api.w.org\/{rel}","templated":true}]}}