{"id":5276,"date":"2024-12-04T10:30:49","date_gmt":"2024-12-04T15:30:49","guid":{"rendered":"https:\/\/tuguia.combarranquilla.co\/Revista\/?p=5276"},"modified":"2024-12-04T13:59:51","modified_gmt":"2024-12-04T18:59:51","slug":"lee-con-combarranquilla-los-recomendados-del-bibliotecario","status":"publish","type":"post","link":"https:\/\/tuguia.combarranquilla.co\/Revista\/lee-con-combarranquilla-los-recomendados-del-bibliotecario\/","title":{"rendered":"Lee con Combarranquilla: Los recomendados del bibliotecario"},"content":{"rendered":"\n<p>La lectura es una de las experiencias que ha acompa\u00f1ado a muchos desde sus primeros pasos. Su necesidad no se limita a la formaci\u00f3n acad\u00e9mica o profesional, sino que se extiende hasta la formaci\u00f3n y definici\u00f3n de nuestra identidad en la sociedad. Leer nos sensibiliza ante el mundo, enriquece nuestra visi\u00f3n cultural y expande nuestros conocimientos. Pero, a veces, es dif\u00edcil encontrar esa motivaci\u00f3n que nos lleve a los libros, salvo que esa motivaci\u00f3n venga a nosotros.<\/p>\n\n\n\n<p>En esta \u00e9poca navide\u00f1a, tendremos la primera Feria Internacional del Libro de Barranquilla, Atl\u00e1ntico y el Caribe, FILBAC. Como homenaje a la escritora Marvel Moreno, autora de <em>El tiempo de las amazonas<\/em>, Barranquilla llenar\u00e1 el&nbsp;Centro de Convenciones Puerta de Oro de conversatorios sobre libros, editoriales y escritores reconocidos. Del 12 al 15 de diciembre, las letras ser\u00e1n las protagonistas en un evento que busca acercar la cultura al Caribe colombiano. Esta es una gran oportunidad para seguir nutriendo el gusto por la lectura o crear un nuevo v\u00ednculo con ella.<\/p>\n\n\n\n<p>Con el objetivo de aportar a la creciente emoci\u00f3n de&nbsp;esta celebraci\u00f3n, las bibliotecas de las Unidades de Servicio Boston y Mario Santo Domingo te traen recomendaciones literarias imperdibles que debes a\u00f1adir a tu lista antes de finalizar el a\u00f1o.<\/p>\n\n\n\n<h2 class=\"wp-block-heading has-medium-font-size\"><strong>Para los m\u00e1s peque\u00f1os:<\/strong>&nbsp;<\/h2>\n\n\n\n<div class=\"wp-block-columns is-layout-flex wp-container-core-columns-is-layout-9d6595d7 wp-block-columns-is-layout-flex\">\n<div class=\"wp-block-column is-layout-flow wp-block-column-is-layout-flow\">\n<figure class=\"wp-block-image size-large\"><img decoding=\"async\" width=\"1500\" height=\"1125\" data-src=\"https:\/\/tuguia.combarranquilla.co\/Revista\/wp-content\/uploads\/2024\/12\/image-3-edited-1.jpeg\" alt=\"Unidos contra Dr\u00e1cula\" class=\"wp-image-5297 lazyload\" data-srcset=\"https:\/\/tuguia.combarranquilla.co\/Revista\/wp-content\/uploads\/2024\/12\/image-3-edited-1.jpeg 1500w, https:\/\/tuguia.combarranquilla.co\/Revista\/wp-content\/uploads\/2024\/12\/image-3-edited-1-300x225.jpeg 300w, https:\/\/tuguia.combarranquilla.co\/Revista\/wp-content\/uploads\/2024\/12\/image-3-edited-1-1024x768.jpeg 1024w, https:\/\/tuguia.combarranquilla.co\/Revista\/wp-content\/uploads\/2024\/12\/image-3-edited-1-768x576.jpeg 768w\" data-sizes=\"(max-width: 1500px) 100vw, 1500px\" src=\"data:image\/svg+xml;base64,PHN2ZyB3aWR0aD0iMSIgaGVpZ2h0PSIxIiB4bWxucz0iaHR0cDovL3d3dy53My5vcmcvMjAwMC9zdmciPjwvc3ZnPg==\" style=\"--smush-placeholder-width: 1500px; --smush-placeholder-aspect-ratio: 1500\/1125;\" \/><\/figure>\n<\/div>\n\n\n\n<div class=\"wp-block-column is-layout-flow wp-block-column-is-layout-flow\">\n<figure class=\"wp-block-image size-large\"><img decoding=\"async\" width=\"800\" height=\"600\" data-src=\"https:\/\/tuguia.combarranquilla.co\/Revista\/wp-content\/uploads\/2024\/12\/image-2-edited-1.jpeg\" alt=\"Antolog\u00eda de poes\u00eda colombiana para ni\u00f1os\" class=\"wp-image-5296 lazyload\" data-srcset=\"https:\/\/tuguia.combarranquilla.co\/Revista\/wp-content\/uploads\/2024\/12\/image-2-edited-1.jpeg 800w, https:\/\/tuguia.combarranquilla.co\/Revista\/wp-content\/uploads\/2024\/12\/image-2-edited-1-300x225.jpeg 300w, https:\/\/tuguia.combarranquilla.co\/Revista\/wp-content\/uploads\/2024\/12\/image-2-edited-1-768x576.jpeg 768w\" data-sizes=\"(max-width: 800px) 100vw, 800px\" src=\"data:image\/svg+xml;base64,PHN2ZyB3aWR0aD0iMSIgaGVpZ2h0PSIxIiB4bWxucz0iaHR0cDovL3d3dy53My5vcmcvMjAwMC9zdmciPjwvc3ZnPg==\" style=\"--smush-placeholder-width: 800px; --smush-placeholder-aspect-ratio: 800\/600;\" \/><\/figure>\n<\/div>\n<\/div>\n\n\n\n<div class=\"wp-block-group is-vertical is-layout-flex wp-container-core-group-is-layout-8cf370e7 wp-block-group-is-layout-flex\">\n<p class=\"has-background\" style=\"background-color:#bcdcb7\"><strong><em>Unidos contra Dr\u00e1cula<\/em> de Luis Mar\u00eda Pescetti<\/strong>&nbsp;<\/p>\n\n\n\n<p>Integra poes\u00edas, di\u00e1logos y textos de humor que recorren las emociones m\u00e1s \u00edntimas, el absurdo, la infancia, el juego con el lenguaje y sus sonidos. Un libro \u00fanico e irrepetible, que propone una mirada po\u00e9tica de la modernidad y atraviesa todas las etapas de la vida.<\/p>\n<\/div>\n\n\n\n<div class=\"wp-block-group is-vertical is-layout-flex wp-container-core-group-is-layout-8cf370e7 wp-block-group-is-layout-flex\">\n<p class=\"has-background\" style=\"background-color:#bcdcb7\"><strong><em>Antolog\u00eda de poes\u00eda colombiana para ni\u00f1os <\/em>de Beatriz Helena Robledo<\/strong>&nbsp;<\/p>\n\n\n\n<p>Selecci\u00f3n de poemas para ni\u00f1os escritos por poetas colombianos, que cantan a la infancia a trav\u00e9s de sus palabras. Rafael Pombo, Jos\u00e9 Asunci\u00f3n Silva y Yolanda Reyes son algunos de los autores que relatan bellas historias desde el imaginario de los m\u00e1s peque\u00f1os.<\/p>\n<\/div>\n\n\n\n<p><\/p>\n\n\n\n<h2 class=\"wp-block-heading has-medium-font-size\"><strong>Para los m\u00e1s grandes:<\/strong><\/h2>\n\n\n\n<div class=\"wp-block-columns is-layout-flex wp-container-core-columns-is-layout-9d6595d7 wp-block-columns-is-layout-flex\">\n<div class=\"wp-block-column is-layout-flow wp-block-column-is-layout-flow\">\n<figure class=\"wp-block-image size-large is-resized\"><img decoding=\"async\" width=\"1416\" height=\"1888\" data-src=\"https:\/\/tuguia.combarranquilla.co\/Revista\/wp-content\/uploads\/2024\/12\/image-4-edited.jpeg\" alt=\"El almohad\u00f3n de plumas y otros cuentos\" class=\"wp-image-5302 lazyload\" style=\"--smush-placeholder-width: 1416px; --smush-placeholder-aspect-ratio: 1416\/1888;width:274px;height:auto\" data-srcset=\"https:\/\/tuguia.combarranquilla.co\/Revista\/wp-content\/uploads\/2024\/12\/image-4-edited.jpeg 1416w, https:\/\/tuguia.combarranquilla.co\/Revista\/wp-content\/uploads\/2024\/12\/image-4-edited-225x300.jpeg 225w, https:\/\/tuguia.combarranquilla.co\/Revista\/wp-content\/uploads\/2024\/12\/image-4-edited-768x1024.jpeg 768w, https:\/\/tuguia.combarranquilla.co\/Revista\/wp-content\/uploads\/2024\/12\/image-4-edited-1152x1536.jpeg 1152w\" data-sizes=\"(max-width: 1416px) 100vw, 1416px\" src=\"data:image\/svg+xml;base64,PHN2ZyB3aWR0aD0iMSIgaGVpZ2h0PSIxIiB4bWxucz0iaHR0cDovL3d3dy53My5vcmcvMjAwMC9zdmciPjwvc3ZnPg==\" \/><\/figure>\n<\/div>\n\n\n\n<div class=\"wp-block-column is-layout-flow wp-block-column-is-layout-flow\">\n<figure class=\"wp-block-image size-full\"><img decoding=\"async\" width=\"300\" height=\"400\" data-src=\"https:\/\/tuguia.combarranquilla.co\/Revista\/wp-content\/uploads\/2024\/12\/978841876550-edited.jpg\" alt=\"\" class=\"wp-image-5303 lazyload\" data-srcset=\"https:\/\/tuguia.combarranquilla.co\/Revista\/wp-content\/uploads\/2024\/12\/978841876550-edited.jpg 300w, https:\/\/tuguia.combarranquilla.co\/Revista\/wp-content\/uploads\/2024\/12\/978841876550-edited-225x300.jpg 225w\" data-sizes=\"(max-width: 300px) 100vw, 300px\" src=\"data:image\/svg+xml;base64,PHN2ZyB3aWR0aD0iMSIgaGVpZ2h0PSIxIiB4bWxucz0iaHR0cDovL3d3dy53My5vcmcvMjAwMC9zdmciPjwvc3ZnPg==\" style=\"--smush-placeholder-width: 300px; --smush-placeholder-aspect-ratio: 300\/400;\" \/><\/figure>\n<\/div>\n\n\n\n<div class=\"wp-block-column is-layout-flow wp-block-column-is-layout-flow\">\n<figure class=\"wp-block-image size-full\"><img decoding=\"async\" width=\"400\" height=\"533\" data-src=\"https:\/\/tuguia.combarranquilla.co\/Revista\/wp-content\/uploads\/2024\/12\/El-amor-en-los-tiempos-del-colera-resumen-edited.jpg\" alt=\"\" class=\"wp-image-5304 lazyload\" data-srcset=\"https:\/\/tuguia.combarranquilla.co\/Revista\/wp-content\/uploads\/2024\/12\/El-amor-en-los-tiempos-del-colera-resumen-edited.jpg 400w, https:\/\/tuguia.combarranquilla.co\/Revista\/wp-content\/uploads\/2024\/12\/El-amor-en-los-tiempos-del-colera-resumen-edited-225x300.jpg 225w\" data-sizes=\"(max-width: 400px) 100vw, 400px\" src=\"data:image\/svg+xml;base64,PHN2ZyB3aWR0aD0iMSIgaGVpZ2h0PSIxIiB4bWxucz0iaHR0cDovL3d3dy53My5vcmcvMjAwMC9zdmciPjwvc3ZnPg==\" style=\"--smush-placeholder-width: 400px; --smush-placeholder-aspect-ratio: 400\/533;\" \/><\/figure>\n<\/div>\n<\/div>\n\n\n\n<div class=\"wp-block-group is-vertical is-layout-flex wp-container-core-group-is-layout-8cf370e7 wp-block-group-is-layout-flex\">\n<p class=\"has-text-align-left has-background\" style=\"background-color:#bcdcb7\"><strong><em>El almohad\u00f3n de plumas y otros cuentos<\/em> de Horacio Quiroga<\/strong><\/p>\n\n\n\n<p>El almohad\u00f3n de plumas describe la lucha contra la enfermedad de una reci\u00e9n casada, acompa\u00f1ada de su marido, sus trabajadoras dom\u00e9sticas y los m\u00faltiples m\u00e9dicos que intentan, sin \u00e9xito alguno, explicar y aliviar el extra\u00f1o padecimiento de la mujer.\u00a0<\/p>\n<\/div>\n\n\n\n<div class=\"wp-block-group is-vertical is-layout-flex wp-container-core-group-is-layout-8cf370e7 wp-block-group-is-layout-flex\">\n<p class=\"has-background\" style=\"background-color:#bcdcb7\"><strong><em>Frankenstein<\/em> de Mary Shelley<\/strong>&nbsp;<\/p>\n\n\n\n<p>V\u00edctor Frankenstein, un cient\u00edfico suizo, ha creado un monstruo. Dot\u00f3 de vida a un ser inanimado que luego comienza a aborrecer. Pero este monstruo, cansado del odio de su creador, gradualmente se deshace de la veneraci\u00f3n que un d\u00eda sinti\u00f3 por \u00e9l.&nbsp;<\/p>\n<\/div>\n\n\n\n<div class=\"wp-block-group is-vertical is-layout-flex wp-container-core-group-is-layout-8cf370e7 wp-block-group-is-layout-flex\">\n<p class=\"has-background\" style=\"background-color:#bcdcb7\"><strong><em>El amor en los tiempos del c\u00f3lera <\/em>de Gabriel Garc\u00eda M\u00e1rquez<\/strong><\/p>\n\n\n\n<p>Una novela sobre el amor que perdura y supera el tiempo, la vejez y la muerte. Basada en entrevistas que Garc\u00eda M\u00e1rquez tuvo con sus padres, cada uno por separado, la historia cuenta el destino de Florentino Ariza y Fermina Daza, personajes inolvidables.&nbsp;<\/p>\n<\/div>\n\n\n\n<p><\/p>\n\n\n\n<h2 class=\"wp-block-heading has-medium-font-size\"><strong>\u00bfC\u00f3mo acceder a los libros?<\/strong><\/h2>\n\n\n\n<p>Puedes leer todos estos t\u00edtulos yendo directamente a las bibliotecas de Combarranquilla, donde los bibliotecarios te ayudar\u00e1n a encontrar tu libro ideal. <\/p>\n\n\n\n<p>Pero si no tienes la oportunidad de ir a las instalaciones de la Caja de Compensaci\u00f3n, tambi\u00e9n puedes usar el servicio<strong> Yoleo.online,<em> <\/em><\/strong>una biblioteca virtual con diversidad de libros de editoriales reconocidas, como Editorial Perif\u00e9rica, Letrame, Cabaret Voltaire, Editorial Cuarto Propio, Himpar Editores, Panamericana Editorial, entre otras.<\/p>\n\n\n\n<p><strong>Yoleo.online <\/strong>es muy f\u00e1cil de utilizar. Sigue los pasos del video a continuaci\u00f3n para acceder a tu nueva biblioteca digital:<\/p>\n\n\n\n<figure class=\"wp-block-embed is-type-video is-provider-youtube wp-block-embed-youtube wp-embed-aspect-4-3 wp-has-aspect-ratio\"><div class=\"wp-block-embed__wrapper\">\n<iframe title=\"Paso a paso Yoleo.online Combarranquilla\" width=\"640\" height=\"480\" data-src=\"https:\/\/www.youtube.com\/embed\/O2ift8WQkNU?feature=oembed\" frameborder=\"0\" allow=\"accelerometer; autoplay; clipboard-write; encrypted-media; gyroscope; picture-in-picture; web-share\" referrerpolicy=\"strict-origin-when-cross-origin\" allowfullscreen src=\"data:image\/svg+xml;base64,PHN2ZyB3aWR0aD0iMSIgaGVpZ2h0PSIxIiB4bWxucz0iaHR0cDovL3d3dy53My5vcmcvMjAwMC9zdmciPjwvc3ZnPg==\" class=\"lazyload\" data-load-mode=\"1\"><\/iframe>\n<\/div><\/figure>\n\n\n\n<p>Ya est\u00e1s preparado para disfrutar de lo que trae el mundo de los libros para ti. Cultivar la mente es una de las metas m\u00e1s importantes en la vida de cada individuo que espera crecer de manera integral. Y la lectura es uno de los medios al alcance de tu mano que te llevar\u00e1 directamente a lograr ese objetivo.<\/p>\n","protected":false},"excerpt":{"rendered":"<p>La lectura es una de las experiencias que ha acompa\u00f1ado a muchos desde sus primeros pasos. Su necesidad no se limita a la formaci\u00f3n acad\u00e9mica o profesional, sino que se extiende hasta la formaci\u00f3n y definici\u00f3n de nuestra identidad en la sociedad. Leer nos sensibiliza ante el mundo, enriquece nuestra visi\u00f3n cultural y expande nuestros [&hellip;]<\/p>\n","protected":false},"author":2,"featured_media":5308,"comment_status":"open","ping_status":"open","sticky":false,"template":"","format":"standard","meta":{"inline_featured_image":false,"footnotes":""},"categories":[4],"tags":[],"class_list":["post-5276","post","type-post","status-publish","format-standard","has-post-thumbnail","hentry","category-ciencia-y-cultura"],"yoast_head":"<!-- This site is optimized with the Yoast SEO plugin v27.4 - https:\/\/yoast.com\/product\/yoast-seo-wordpress\/ -->\n<title>Lee con Combarranquilla: Los recomendados del bibliotecario - Tu Gu\u00eda<\/title>\n<meta name=\"robots\" content=\"index, follow, max-snippet:-1, max-image-preview:large, max-video-preview:-1\" \/>\n<link rel=\"canonical\" href=\"https:\/\/tuguia.combarranquilla.co\/Revista\/lee-con-combarranquilla-los-recomendados-del-bibliotecario\/\" \/>\n<meta property=\"og:locale\" content=\"es_ES\" \/>\n<meta property=\"og:type\" content=\"article\" \/>\n<meta property=\"og:title\" content=\"Lee con Combarranquilla: Los recomendados del bibliotecario - Tu Gu\u00eda\" \/>\n<meta property=\"og:description\" content=\"La lectura es una de las experiencias que ha acompa\u00f1ado a muchos desde sus primeros pasos. Su necesidad no se limita a la formaci\u00f3n acad\u00e9mica o profesional, sino que se extiende hasta la formaci\u00f3n y definici\u00f3n de nuestra identidad en la sociedad. Leer nos sensibiliza ante el mundo, enriquece nuestra visi\u00f3n cultural y expande nuestros [&hellip;]\" \/>\n<meta property=\"og:url\" content=\"https:\/\/tuguia.combarranquilla.co\/Revista\/lee-con-combarranquilla-los-recomendados-del-bibliotecario\/\" \/>\n<meta property=\"og:site_name\" content=\"Tu Gu\u00eda\" \/>\n<meta property=\"article:published_time\" content=\"2024-12-04T15:30:49+00:00\" \/>\n<meta property=\"article:modified_time\" content=\"2024-12-04T18:59:51+00:00\" \/>\n<meta property=\"og:image\" content=\"https:\/\/tuguia.combarranquilla.co\/Revista\/wp-content\/uploads\/2024\/12\/Diseno-sin-titulo-1024x576.png\" \/>\n\t<meta property=\"og:image:width\" content=\"1024\" \/>\n\t<meta property=\"og:image:height\" content=\"576\" \/>\n\t<meta property=\"og:image:type\" content=\"image\/png\" \/>\n<meta name=\"author\" content=\"Comunicaciones Combarranquilla\" \/>\n<meta name=\"twitter:card\" content=\"summary_large_image\" \/>\n<meta name=\"twitter:label1\" content=\"Escrito por\" \/>\n\t<meta name=\"twitter:data1\" content=\"Comunicaciones Combarranquilla\" \/>\n\t<meta name=\"twitter:label2\" content=\"Tiempo de lectura\" \/>\n\t<meta name=\"twitter:data2\" content=\"5 minutos\" \/>\n<script type=\"application\/ld+json\" class=\"yoast-schema-graph\">{\"@context\":\"https:\\\/\\\/schema.org\",\"@graph\":[{\"@type\":\"Article\",\"@id\":\"https:\\\/\\\/tuguia.combarranquilla.co\\\/Revista\\\/lee-con-combarranquilla-los-recomendados-del-bibliotecario\\\/#article\",\"isPartOf\":{\"@id\":\"https:\\\/\\\/tuguia.combarranquilla.co\\\/Revista\\\/lee-con-combarranquilla-los-recomendados-del-bibliotecario\\\/\"},\"author\":{\"name\":\"Comunicaciones Combarranquilla\",\"@id\":\"https:\\\/\\\/tuguia.combarranquilla.co\\\/Revista\\\/#\\\/schema\\\/person\\\/c2c396a77170bd1d5f8ba73294eb0d10\"},\"headline\":\"Lee con Combarranquilla: Los recomendados del bibliotecario\",\"datePublished\":\"2024-12-04T15:30:49+00:00\",\"dateModified\":\"2024-12-04T18:59:51+00:00\",\"mainEntityOfPage\":{\"@id\":\"https:\\\/\\\/tuguia.combarranquilla.co\\\/Revista\\\/lee-con-combarranquilla-los-recomendados-del-bibliotecario\\\/\"},\"wordCount\":717,\"commentCount\":0,\"publisher\":{\"@id\":\"https:\\\/\\\/tuguia.combarranquilla.co\\\/Revista\\\/#organization\"},\"image\":{\"@id\":\"https:\\\/\\\/tuguia.combarranquilla.co\\\/Revista\\\/lee-con-combarranquilla-los-recomendados-del-bibliotecario\\\/#primaryimage\"},\"thumbnailUrl\":\"https:\\\/\\\/tuguia.combarranquilla.co\\\/Revista\\\/wp-content\\\/uploads\\\/2024\\\/12\\\/Diseno-sin-titulo.png\",\"articleSection\":[\"CIENCIA Y CULTURA\"],\"inLanguage\":\"es-CO\",\"potentialAction\":[{\"@type\":\"CommentAction\",\"name\":\"Comment\",\"target\":[\"https:\\\/\\\/tuguia.combarranquilla.co\\\/Revista\\\/lee-con-combarranquilla-los-recomendados-del-bibliotecario\\\/#respond\"]}]},{\"@type\":\"WebPage\",\"@id\":\"https:\\\/\\\/tuguia.combarranquilla.co\\\/Revista\\\/lee-con-combarranquilla-los-recomendados-del-bibliotecario\\\/\",\"url\":\"https:\\\/\\\/tuguia.combarranquilla.co\\\/Revista\\\/lee-con-combarranquilla-los-recomendados-del-bibliotecario\\\/\",\"name\":\"Lee con Combarranquilla: Los recomendados del bibliotecario - Tu Gu\u00eda\",\"isPartOf\":{\"@id\":\"https:\\\/\\\/tuguia.combarranquilla.co\\\/Revista\\\/#website\"},\"primaryImageOfPage\":{\"@id\":\"https:\\\/\\\/tuguia.combarranquilla.co\\\/Revista\\\/lee-con-combarranquilla-los-recomendados-del-bibliotecario\\\/#primaryimage\"},\"image\":{\"@id\":\"https:\\\/\\\/tuguia.combarranquilla.co\\\/Revista\\\/lee-con-combarranquilla-los-recomendados-del-bibliotecario\\\/#primaryimage\"},\"thumbnailUrl\":\"https:\\\/\\\/tuguia.combarranquilla.co\\\/Revista\\\/wp-content\\\/uploads\\\/2024\\\/12\\\/Diseno-sin-titulo.png\",\"datePublished\":\"2024-12-04T15:30:49+00:00\",\"dateModified\":\"2024-12-04T18:59:51+00:00\",\"breadcrumb\":{\"@id\":\"https:\\\/\\\/tuguia.combarranquilla.co\\\/Revista\\\/lee-con-combarranquilla-los-recomendados-del-bibliotecario\\\/#breadcrumb\"},\"inLanguage\":\"es-CO\",\"potentialAction\":[{\"@type\":\"ReadAction\",\"target\":[\"https:\\\/\\\/tuguia.combarranquilla.co\\\/Revista\\\/lee-con-combarranquilla-los-recomendados-del-bibliotecario\\\/\"]}]},{\"@type\":\"ImageObject\",\"inLanguage\":\"es-CO\",\"@id\":\"https:\\\/\\\/tuguia.combarranquilla.co\\\/Revista\\\/lee-con-combarranquilla-los-recomendados-del-bibliotecario\\\/#primaryimage\",\"url\":\"https:\\\/\\\/tuguia.combarranquilla.co\\\/Revista\\\/wp-content\\\/uploads\\\/2024\\\/12\\\/Diseno-sin-titulo.png\",\"contentUrl\":\"https:\\\/\\\/tuguia.combarranquilla.co\\\/Revista\\\/wp-content\\\/uploads\\\/2024\\\/12\\\/Diseno-sin-titulo.png\",\"width\":1920,\"height\":1080,\"caption\":\"Imagen de referencia\"},{\"@type\":\"BreadcrumbList\",\"@id\":\"https:\\\/\\\/tuguia.combarranquilla.co\\\/Revista\\\/lee-con-combarranquilla-los-recomendados-del-bibliotecario\\\/#breadcrumb\",\"itemListElement\":[{\"@type\":\"ListItem\",\"position\":1,\"name\":\"Inicio\",\"item\":\"https:\\\/\\\/tuguia.combarranquilla.co\\\/Revista\\\/\"},{\"@type\":\"ListItem\",\"position\":2,\"name\":\"Lee con Combarranquilla: Los recomendados del bibliotecario\"}]},{\"@type\":\"WebSite\",\"@id\":\"https:\\\/\\\/tuguia.combarranquilla.co\\\/Revista\\\/#website\",\"url\":\"https:\\\/\\\/tuguia.combarranquilla.co\\\/Revista\\\/\",\"name\":\"Tu Gu\u00eda\",\"description\":\"La revista donde lo tienes todo.\",\"publisher\":{\"@id\":\"https:\\\/\\\/tuguia.combarranquilla.co\\\/Revista\\\/#organization\"},\"alternateName\":\"Tu Gu\u00eda Combarranquilla\",\"potentialAction\":[{\"@type\":\"SearchAction\",\"target\":{\"@type\":\"EntryPoint\",\"urlTemplate\":\"https:\\\/\\\/tuguia.combarranquilla.co\\\/Revista\\\/?s={search_term_string}\"},\"query-input\":{\"@type\":\"PropertyValueSpecification\",\"valueRequired\":true,\"valueName\":\"search_term_string\"}}],\"inLanguage\":\"es-CO\"},{\"@type\":\"Organization\",\"@id\":\"https:\\\/\\\/tuguia.combarranquilla.co\\\/Revista\\\/#organization\",\"name\":\"Tu Gu\u00eda Combarranquilla\",\"url\":\"https:\\\/\\\/tuguia.combarranquilla.co\\\/Revista\\\/\",\"logo\":{\"@type\":\"ImageObject\",\"inLanguage\":\"es-CO\",\"@id\":\"https:\\\/\\\/tuguia.combarranquilla.co\\\/Revista\\\/#\\\/schema\\\/logo\\\/image\\\/\",\"url\":\"https:\\\/\\\/tuguia.combarranquilla.co\\\/Revista\\\/wp-content\\\/uploads\\\/2022\\\/02\\\/logo-guia-combarranquilla.svg\",\"contentUrl\":\"https:\\\/\\\/tuguia.combarranquilla.co\\\/Revista\\\/wp-content\\\/uploads\\\/2022\\\/02\\\/logo-guia-combarranquilla.svg\",\"caption\":\"Tu Gu\u00eda Combarranquilla\"},\"image\":{\"@id\":\"https:\\\/\\\/tuguia.combarranquilla.co\\\/Revista\\\/#\\\/schema\\\/logo\\\/image\\\/\"}},{\"@type\":\"Person\",\"@id\":\"https:\\\/\\\/tuguia.combarranquilla.co\\\/Revista\\\/#\\\/schema\\\/person\\\/c2c396a77170bd1d5f8ba73294eb0d10\",\"name\":\"Comunicaciones Combarranquilla\",\"image\":{\"@type\":\"ImageObject\",\"inLanguage\":\"es-CO\",\"@id\":\"https:\\\/\\\/tuguia.combarranquilla.co\\\/Revista\\\/wp-content\\\/uploads\\\/2025\\\/05\\\/ABC-Al-Rojo-Logo-96x96.jpg\",\"url\":\"https:\\\/\\\/tuguia.combarranquilla.co\\\/Revista\\\/wp-content\\\/uploads\\\/2025\\\/05\\\/ABC-Al-Rojo-Logo-96x96.jpg\",\"contentUrl\":\"https:\\\/\\\/tuguia.combarranquilla.co\\\/Revista\\\/wp-content\\\/uploads\\\/2025\\\/05\\\/ABC-Al-Rojo-Logo-96x96.jpg\",\"caption\":\"Comunicaciones Combarranquilla\"},\"sameAs\":[\"https:\\\/\\\/www.combarranquilla.co\"],\"url\":\"https:\\\/\\\/tuguia.combarranquilla.co\\\/Revista\\\/author\\\/comunicaciones\\\/\"}]}<\/script>\n<!-- \/ Yoast SEO plugin. -->","yoast_head_json":{"title":"Lee con Combarranquilla: Los recomendados del bibliotecario - Tu Gu\u00eda","robots":{"index":"index","follow":"follow","max-snippet":"max-snippet:-1","max-image-preview":"max-image-preview:large","max-video-preview":"max-video-preview:-1"},"canonical":"https:\/\/tuguia.combarranquilla.co\/Revista\/lee-con-combarranquilla-los-recomendados-del-bibliotecario\/","og_locale":"es_ES","og_type":"article","og_title":"Lee con Combarranquilla: Los recomendados del bibliotecario - Tu Gu\u00eda","og_description":"La lectura es una de las experiencias que ha acompa\u00f1ado a muchos desde sus primeros pasos. Su necesidad no se limita a la formaci\u00f3n acad\u00e9mica o profesional, sino que se extiende hasta la formaci\u00f3n y definici\u00f3n de nuestra identidad en la sociedad. Leer nos sensibiliza ante el mundo, enriquece nuestra visi\u00f3n cultural y expande nuestros [&hellip;]","og_url":"https:\/\/tuguia.combarranquilla.co\/Revista\/lee-con-combarranquilla-los-recomendados-del-bibliotecario\/","og_site_name":"Tu Gu\u00eda","article_published_time":"2024-12-04T15:30:49+00:00","article_modified_time":"2024-12-04T18:59:51+00:00","og_image":[{"width":1024,"height":576,"url":"https:\/\/tuguia.combarranquilla.co\/Revista\/wp-content\/uploads\/2024\/12\/Diseno-sin-titulo-1024x576.png","type":"image\/png"}],"author":"Comunicaciones Combarranquilla","twitter_card":"summary_large_image","twitter_misc":{"Escrito por":"Comunicaciones Combarranquilla","Tiempo de lectura":"5 minutos"},"schema":{"@context":"https:\/\/schema.org","@graph":[{"@type":"Article","@id":"https:\/\/tuguia.combarranquilla.co\/Revista\/lee-con-combarranquilla-los-recomendados-del-bibliotecario\/#article","isPartOf":{"@id":"https:\/\/tuguia.combarranquilla.co\/Revista\/lee-con-combarranquilla-los-recomendados-del-bibliotecario\/"},"author":{"name":"Comunicaciones Combarranquilla","@id":"https:\/\/tuguia.combarranquilla.co\/Revista\/#\/schema\/person\/c2c396a77170bd1d5f8ba73294eb0d10"},"headline":"Lee con Combarranquilla: Los recomendados del bibliotecario","datePublished":"2024-12-04T15:30:49+00:00","dateModified":"2024-12-04T18:59:51+00:00","mainEntityOfPage":{"@id":"https:\/\/tuguia.combarranquilla.co\/Revista\/lee-con-combarranquilla-los-recomendados-del-bibliotecario\/"},"wordCount":717,"commentCount":0,"publisher":{"@id":"https:\/\/tuguia.combarranquilla.co\/Revista\/#organization"},"image":{"@id":"https:\/\/tuguia.combarranquilla.co\/Revista\/lee-con-combarranquilla-los-recomendados-del-bibliotecario\/#primaryimage"},"thumbnailUrl":"https:\/\/tuguia.combarranquilla.co\/Revista\/wp-content\/uploads\/2024\/12\/Diseno-sin-titulo.png","articleSection":["CIENCIA Y CULTURA"],"inLanguage":"es-CO","potentialAction":[{"@type":"CommentAction","name":"Comment","target":["https:\/\/tuguia.combarranquilla.co\/Revista\/lee-con-combarranquilla-los-recomendados-del-bibliotecario\/#respond"]}]},{"@type":"WebPage","@id":"https:\/\/tuguia.combarranquilla.co\/Revista\/lee-con-combarranquilla-los-recomendados-del-bibliotecario\/","url":"https:\/\/tuguia.combarranquilla.co\/Revista\/lee-con-combarranquilla-los-recomendados-del-bibliotecario\/","name":"Lee con Combarranquilla: Los recomendados del bibliotecario - Tu Gu\u00eda","isPartOf":{"@id":"https:\/\/tuguia.combarranquilla.co\/Revista\/#website"},"primaryImageOfPage":{"@id":"https:\/\/tuguia.combarranquilla.co\/Revista\/lee-con-combarranquilla-los-recomendados-del-bibliotecario\/#primaryimage"},"image":{"@id":"https:\/\/tuguia.combarranquilla.co\/Revista\/lee-con-combarranquilla-los-recomendados-del-bibliotecario\/#primaryimage"},"thumbnailUrl":"https:\/\/tuguia.combarranquilla.co\/Revista\/wp-content\/uploads\/2024\/12\/Diseno-sin-titulo.png","datePublished":"2024-12-04T15:30:49+00:00","dateModified":"2024-12-04T18:59:51+00:00","breadcrumb":{"@id":"https:\/\/tuguia.combarranquilla.co\/Revista\/lee-con-combarranquilla-los-recomendados-del-bibliotecario\/#breadcrumb"},"inLanguage":"es-CO","potentialAction":[{"@type":"ReadAction","target":["https:\/\/tuguia.combarranquilla.co\/Revista\/lee-con-combarranquilla-los-recomendados-del-bibliotecario\/"]}]},{"@type":"ImageObject","inLanguage":"es-CO","@id":"https:\/\/tuguia.combarranquilla.co\/Revista\/lee-con-combarranquilla-los-recomendados-del-bibliotecario\/#primaryimage","url":"https:\/\/tuguia.combarranquilla.co\/Revista\/wp-content\/uploads\/2024\/12\/Diseno-sin-titulo.png","contentUrl":"https:\/\/tuguia.combarranquilla.co\/Revista\/wp-content\/uploads\/2024\/12\/Diseno-sin-titulo.png","width":1920,"height":1080,"caption":"Imagen de referencia"},{"@type":"BreadcrumbList","@id":"https:\/\/tuguia.combarranquilla.co\/Revista\/lee-con-combarranquilla-los-recomendados-del-bibliotecario\/#breadcrumb","itemListElement":[{"@type":"ListItem","position":1,"name":"Inicio","item":"https:\/\/tuguia.combarranquilla.co\/Revista\/"},{"@type":"ListItem","position":2,"name":"Lee con Combarranquilla: Los recomendados del bibliotecario"}]},{"@type":"WebSite","@id":"https:\/\/tuguia.combarranquilla.co\/Revista\/#website","url":"https:\/\/tuguia.combarranquilla.co\/Revista\/","name":"Tu Gu\u00eda","description":"La revista donde lo tienes todo.","publisher":{"@id":"https:\/\/tuguia.combarranquilla.co\/Revista\/#organization"},"alternateName":"Tu Gu\u00eda Combarranquilla","potentialAction":[{"@type":"SearchAction","target":{"@type":"EntryPoint","urlTemplate":"https:\/\/tuguia.combarranquilla.co\/Revista\/?s={search_term_string}"},"query-input":{"@type":"PropertyValueSpecification","valueRequired":true,"valueName":"search_term_string"}}],"inLanguage":"es-CO"},{"@type":"Organization","@id":"https:\/\/tuguia.combarranquilla.co\/Revista\/#organization","name":"Tu Gu\u00eda Combarranquilla","url":"https:\/\/tuguia.combarranquilla.co\/Revista\/","logo":{"@type":"ImageObject","inLanguage":"es-CO","@id":"https:\/\/tuguia.combarranquilla.co\/Revista\/#\/schema\/logo\/image\/","url":"https:\/\/tuguia.combarranquilla.co\/Revista\/wp-content\/uploads\/2022\/02\/logo-guia-combarranquilla.svg","contentUrl":"https:\/\/tuguia.combarranquilla.co\/Revista\/wp-content\/uploads\/2022\/02\/logo-guia-combarranquilla.svg","caption":"Tu Gu\u00eda Combarranquilla"},"image":{"@id":"https:\/\/tuguia.combarranquilla.co\/Revista\/#\/schema\/logo\/image\/"}},{"@type":"Person","@id":"https:\/\/tuguia.combarranquilla.co\/Revista\/#\/schema\/person\/c2c396a77170bd1d5f8ba73294eb0d10","name":"Comunicaciones Combarranquilla","image":{"@type":"ImageObject","inLanguage":"es-CO","@id":"https:\/\/tuguia.combarranquilla.co\/Revista\/wp-content\/uploads\/2025\/05\/ABC-Al-Rojo-Logo-96x96.jpg","url":"https:\/\/tuguia.combarranquilla.co\/Revista\/wp-content\/uploads\/2025\/05\/ABC-Al-Rojo-Logo-96x96.jpg","contentUrl":"https:\/\/tuguia.combarranquilla.co\/Revista\/wp-content\/uploads\/2025\/05\/ABC-Al-Rojo-Logo-96x96.jpg","caption":"Comunicaciones Combarranquilla"},"sameAs":["https:\/\/www.combarranquilla.co"],"url":"https:\/\/tuguia.combarranquilla.co\/Revista\/author\/comunicaciones\/"}]}},"_links":{"self":[{"href":"https:\/\/tuguia.combarranquilla.co\/Revista\/wp-json\/wp\/v2\/posts\/5276","targetHints":{"allow":["GET"]}}],"collection":[{"href":"https:\/\/tuguia.combarranquilla.co\/Revista\/wp-json\/wp\/v2\/posts"}],"about":[{"href":"https:\/\/tuguia.combarranquilla.co\/Revista\/wp-json\/wp\/v2\/types\/post"}],"author":[{"embeddable":true,"href":"https:\/\/tuguia.combarranquilla.co\/Revista\/wp-json\/wp\/v2\/users\/2"}],"replies":[{"embeddable":true,"href":"https:\/\/tuguia.combarranquilla.co\/Revista\/wp-json\/wp\/v2\/comments?post=5276"}],"version-history":[{"count":10,"href":"https:\/\/tuguia.combarranquilla.co\/Revista\/wp-json\/wp\/v2\/posts\/5276\/revisions"}],"predecessor-version":[{"id":5313,"href":"https:\/\/tuguia.combarranquilla.co\/Revista\/wp-json\/wp\/v2\/posts\/5276\/revisions\/5313"}],"wp:featuredmedia":[{"embeddable":true,"href":"https:\/\/tuguia.combarranquilla.co\/Revista\/wp-json\/wp\/v2\/media\/5308"}],"wp:attachment":[{"href":"https:\/\/tuguia.combarranquilla.co\/Revista\/wp-json\/wp\/v2\/media?parent=5276"}],"wp:term":[{"taxonomy":"category","embeddable":true,"href":"https:\/\/tuguia.combarranquilla.co\/Revista\/wp-json\/wp\/v2\/categories?post=5276"},{"taxonomy":"post_tag","embeddable":true,"href":"https:\/\/tuguia.combarranquilla.co\/Revista\/wp-json\/wp\/v2\/tags?post=5276"}],"curies":[{"name":"wp","href":"https:\/\/api.w.org\/{rel}","templated":true}]}}