{"id":5319,"date":"2024-12-04T12:39:33","date_gmt":"2024-12-04T17:39:33","guid":{"rendered":"https:\/\/tuguia.combarranquilla.co\/Revista\/?p=5319"},"modified":"2024-12-17T10:35:07","modified_gmt":"2024-12-17T15:35:07","slug":"inscripciones-abiertas-en-el-centro-de-formacion-combarranquilla","status":"publish","type":"post","link":"https:\/\/tuguia.combarranquilla.co\/Revista\/inscripciones-abiertas-en-el-centro-de-formacion-combarranquilla\/","title":{"rendered":"\u00a1Inscripciones abiertas en el Centro de Formaci\u00f3n Combarranquilla!"},"content":{"rendered":"\n<p>Comienza el camino hacia un futuro exitoso con los programas <strong>T\u00e9cnicos Laborales<\/strong> dise\u00f1ados para prepararte con las habilidades m\u00e1s demandadas en el mercado laboral. Con opciones enfocadas en \u00e1reas como administraci\u00f3n, cocina, marketing, y m\u00e1s. Este es el momento perfecto para dar el siguiente paso en tu desarrollo profesional.<\/p>\n\n\n\n<p><strong>Carreras disponibles:<\/strong><\/p>\n\n\n\n<ol start=\"1\" class=\"wp-block-list\">\n<li>T\u00e9cnico Laboral en Almac\u00e9n y Bodegaje<\/li>\n\n\n\n<li>T\u00e9cnico Laboral en Auxiliar Administrativo<\/li>\n\n\n\n<li>T\u00e9cnico Laboral en Contac Center<\/li>\n\n\n\n<li>T\u00e9cnico Laboral en Auxiliar Contable y Financiero<\/li>\n\n\n\n<li>T\u00e9cnico Laboral en Mercadeo y Ventas<\/li>\n\n\n\n<li>T\u00e9cnico Laboral en Agente de Viajes<\/li>\n\n\n\n<li>T\u00e9cnico Laboral en Auxiliar de Recursos Humanos<\/li>\n\n\n\n<li>T\u00e9cnico Laboral Auxiliar de Cocina <\/li>\n\n\n\n<li>T\u00e9cnico Laboral en Auxiliar de Panader\u00eda y Pasteler\u00eda<\/li>\n\n\n\n<li>T\u00e9cnico Laboral en Archivo y Registros<\/li>\n\n\n\n<li>T\u00e9cnico Laboral en Auxiliar de Soporte t\u00e9cnico en Desarrollo de Software <strong><em>Nuevo*<\/em><\/strong><\/li>\n\n\n\n<li>T\u00e9cnico Laboral en Auxiliar&nbsp;de Dise\u00f1o Gr\u00e1fico <strong><em>Nuevo*<\/em><\/strong><\/li>\n<\/ol>\n\n\n\n<p>Todos estos programas est\u00e1n dise\u00f1ados para brindar no solo conocimientos te\u00f3ricos, sino tambi\u00e9n habilidades pr\u00e1cticas, garantizando que est\u00e9s listo para destacarte en el campo laboral.<\/p>\n\n\n\n<p><strong>Beneficios de inscribirte ahora:<\/strong><\/p>\n\n\n\n<ul class=\"wp-block-list\">\n<li><strong>Pronto pago<\/strong>: Aprovecha el descuento especial si te matriculas antes del <strong>30 de diciembre de 2024<\/strong>, con tarifas congeladas del 2024.<\/li>\n\n\n\n<li><strong>Flexibilidad<\/strong>: Horarios que se adaptan a tus necesidades.<\/li>\n\n\n\n<li><strong>Educaci\u00f3n de calidad<\/strong>: Un enfoque integral para el desarrollo de competencias espec\u00edficas.<\/li>\n<\/ul>\n\n\n\n<p>No pierdas la oportunidad de transformar tu vida y alcanzar tus metas.<\/p>\n\n\n\n<p>\u00a1Construye tu futuro con Combarranquilla y alcanza el \u00e9xito que mereces!<\/p>\n\n\n\n<p><strong>M\u00e1s informaci\u00f3n:<\/strong><\/p>\n\n\n\n<figure class=\"wp-block-embed\"><div class=\"wp-block-embed__wrapper\">\nhttps:\/\/catalogo.combarranquilla.co\/tecnico-laborales-2025\n<\/div><\/figure>\n\n\n\n<p><\/p>\n","protected":false},"excerpt":{"rendered":"<p>Comienza el camino hacia un futuro exitoso con los programas T\u00e9cnicos Laborales dise\u00f1ados para prepararte con las habilidades m\u00e1s demandadas en el mercado laboral. Con opciones enfocadas en \u00e1reas como administraci\u00f3n, cocina, marketing, y m\u00e1s. Este es el momento perfecto para dar el siguiente paso en tu desarrollo profesional. Carreras disponibles: Todos estos programas est\u00e1n [&hellip;]<\/p>\n","protected":false},"author":2,"featured_media":5508,"comment_status":"open","ping_status":"open","sticky":false,"template":"","format":"standard","meta":{"inline_featured_image":false,"footnotes":""},"categories":[8],"tags":[],"class_list":["post-5319","post","type-post","status-publish","format-standard","has-post-thumbnail","hentry","category-formacion"],"yoast_head":"<!-- This site is optimized with the Yoast SEO plugin v27.4 - https:\/\/yoast.com\/product\/yoast-seo-wordpress\/ -->\n<title>\u00a1Inscripciones abiertas en el Centro de Formaci\u00f3n Combarranquilla! - Tu Gu\u00eda<\/title>\n<meta name=\"robots\" content=\"index, follow, max-snippet:-1, max-image-preview:large, max-video-preview:-1\" \/>\n<link rel=\"canonical\" href=\"https:\/\/tuguia.combarranquilla.co\/Revista\/inscripciones-abiertas-en-el-centro-de-formacion-combarranquilla\/\" \/>\n<meta property=\"og:locale\" content=\"es_ES\" \/>\n<meta property=\"og:type\" content=\"article\" \/>\n<meta property=\"og:title\" content=\"\u00a1Inscripciones abiertas en el Centro de Formaci\u00f3n Combarranquilla! - Tu Gu\u00eda\" \/>\n<meta property=\"og:description\" content=\"Comienza el camino hacia un futuro exitoso con los programas T\u00e9cnicos Laborales dise\u00f1ados para prepararte con las habilidades m\u00e1s demandadas en el mercado laboral. Con opciones enfocadas en \u00e1reas como administraci\u00f3n, cocina, marketing, y m\u00e1s. Este es el momento perfecto para dar el siguiente paso en tu desarrollo profesional. Carreras disponibles: Todos estos programas est\u00e1n [&hellip;]\" \/>\n<meta property=\"og:url\" content=\"https:\/\/tuguia.combarranquilla.co\/Revista\/inscripciones-abiertas-en-el-centro-de-formacion-combarranquilla\/\" \/>\n<meta property=\"og:site_name\" content=\"Tu Gu\u00eda\" \/>\n<meta property=\"article:published_time\" content=\"2024-12-04T17:39:33+00:00\" \/>\n<meta property=\"article:modified_time\" content=\"2024-12-17T15:35:07+00:00\" \/>\n<meta property=\"og:image\" content=\"https:\/\/tuguia.combarranquilla.co\/Revista\/wp-content\/uploads\/2024\/12\/ADS-30-DICIEMBRE8-scaled.jpg\" \/>\n\t<meta property=\"og:image:width\" content=\"2560\" \/>\n\t<meta property=\"og:image:height\" content=\"2560\" \/>\n\t<meta property=\"og:image:type\" content=\"image\/jpeg\" \/>\n<meta name=\"author\" content=\"Comunicaciones Combarranquilla\" \/>\n<meta name=\"twitter:card\" content=\"summary_large_image\" \/>\n<meta name=\"twitter:label1\" content=\"Escrito por\" \/>\n\t<meta name=\"twitter:data1\" content=\"Comunicaciones Combarranquilla\" \/>\n\t<meta name=\"twitter:label2\" content=\"Tiempo de lectura\" \/>\n\t<meta name=\"twitter:data2\" content=\"2 minutos\" \/>\n<script type=\"application\/ld+json\" class=\"yoast-schema-graph\">{\"@context\":\"https:\\\/\\\/schema.org\",\"@graph\":[{\"@type\":\"Article\",\"@id\":\"https:\\\/\\\/tuguia.combarranquilla.co\\\/Revista\\\/inscripciones-abiertas-en-el-centro-de-formacion-combarranquilla\\\/#article\",\"isPartOf\":{\"@id\":\"https:\\\/\\\/tuguia.combarranquilla.co\\\/Revista\\\/inscripciones-abiertas-en-el-centro-de-formacion-combarranquilla\\\/\"},\"author\":{\"name\":\"Comunicaciones Combarranquilla\",\"@id\":\"https:\\\/\\\/tuguia.combarranquilla.co\\\/Revista\\\/#\\\/schema\\\/person\\\/c2c396a77170bd1d5f8ba73294eb0d10\"},\"headline\":\"\u00a1Inscripciones abiertas en el Centro de Formaci\u00f3n Combarranquilla!\",\"datePublished\":\"2024-12-04T17:39:33+00:00\",\"dateModified\":\"2024-12-17T15:35:07+00:00\",\"mainEntityOfPage\":{\"@id\":\"https:\\\/\\\/tuguia.combarranquilla.co\\\/Revista\\\/inscripciones-abiertas-en-el-centro-de-formacion-combarranquilla\\\/\"},\"wordCount\":272,\"commentCount\":0,\"publisher\":{\"@id\":\"https:\\\/\\\/tuguia.combarranquilla.co\\\/Revista\\\/#organization\"},\"image\":{\"@id\":\"https:\\\/\\\/tuguia.combarranquilla.co\\\/Revista\\\/inscripciones-abiertas-en-el-centro-de-formacion-combarranquilla\\\/#primaryimage\"},\"thumbnailUrl\":\"https:\\\/\\\/tuguia.combarranquilla.co\\\/Revista\\\/wp-content\\\/uploads\\\/2024\\\/12\\\/ADS-30-DICIEMBRE8-scaled.jpg\",\"articleSection\":[\"FORMACI\u00d3N\"],\"inLanguage\":\"es-CO\",\"potentialAction\":[{\"@type\":\"CommentAction\",\"name\":\"Comment\",\"target\":[\"https:\\\/\\\/tuguia.combarranquilla.co\\\/Revista\\\/inscripciones-abiertas-en-el-centro-de-formacion-combarranquilla\\\/#respond\"]}]},{\"@type\":\"WebPage\",\"@id\":\"https:\\\/\\\/tuguia.combarranquilla.co\\\/Revista\\\/inscripciones-abiertas-en-el-centro-de-formacion-combarranquilla\\\/\",\"url\":\"https:\\\/\\\/tuguia.combarranquilla.co\\\/Revista\\\/inscripciones-abiertas-en-el-centro-de-formacion-combarranquilla\\\/\",\"name\":\"\u00a1Inscripciones abiertas en el Centro de Formaci\u00f3n Combarranquilla! - Tu Gu\u00eda\",\"isPartOf\":{\"@id\":\"https:\\\/\\\/tuguia.combarranquilla.co\\\/Revista\\\/#website\"},\"primaryImageOfPage\":{\"@id\":\"https:\\\/\\\/tuguia.combarranquilla.co\\\/Revista\\\/inscripciones-abiertas-en-el-centro-de-formacion-combarranquilla\\\/#primaryimage\"},\"image\":{\"@id\":\"https:\\\/\\\/tuguia.combarranquilla.co\\\/Revista\\\/inscripciones-abiertas-en-el-centro-de-formacion-combarranquilla\\\/#primaryimage\"},\"thumbnailUrl\":\"https:\\\/\\\/tuguia.combarranquilla.co\\\/Revista\\\/wp-content\\\/uploads\\\/2024\\\/12\\\/ADS-30-DICIEMBRE8-scaled.jpg\",\"datePublished\":\"2024-12-04T17:39:33+00:00\",\"dateModified\":\"2024-12-17T15:35:07+00:00\",\"breadcrumb\":{\"@id\":\"https:\\\/\\\/tuguia.combarranquilla.co\\\/Revista\\\/inscripciones-abiertas-en-el-centro-de-formacion-combarranquilla\\\/#breadcrumb\"},\"inLanguage\":\"es-CO\",\"potentialAction\":[{\"@type\":\"ReadAction\",\"target\":[\"https:\\\/\\\/tuguia.combarranquilla.co\\\/Revista\\\/inscripciones-abiertas-en-el-centro-de-formacion-combarranquilla\\\/\"]}]},{\"@type\":\"ImageObject\",\"inLanguage\":\"es-CO\",\"@id\":\"https:\\\/\\\/tuguia.combarranquilla.co\\\/Revista\\\/inscripciones-abiertas-en-el-centro-de-formacion-combarranquilla\\\/#primaryimage\",\"url\":\"https:\\\/\\\/tuguia.combarranquilla.co\\\/Revista\\\/wp-content\\\/uploads\\\/2024\\\/12\\\/ADS-30-DICIEMBRE8-scaled.jpg\",\"contentUrl\":\"https:\\\/\\\/tuguia.combarranquilla.co\\\/Revista\\\/wp-content\\\/uploads\\\/2024\\\/12\\\/ADS-30-DICIEMBRE8-scaled.jpg\",\"width\":2560,\"height\":2560},{\"@type\":\"BreadcrumbList\",\"@id\":\"https:\\\/\\\/tuguia.combarranquilla.co\\\/Revista\\\/inscripciones-abiertas-en-el-centro-de-formacion-combarranquilla\\\/#breadcrumb\",\"itemListElement\":[{\"@type\":\"ListItem\",\"position\":1,\"name\":\"Inicio\",\"item\":\"https:\\\/\\\/tuguia.combarranquilla.co\\\/Revista\\\/\"},{\"@type\":\"ListItem\",\"position\":2,\"name\":\"\u00a1Inscripciones abiertas en el Centro de Formaci\u00f3n Combarranquilla!\"}]},{\"@type\":\"WebSite\",\"@id\":\"https:\\\/\\\/tuguia.combarranquilla.co\\\/Revista\\\/#website\",\"url\":\"https:\\\/\\\/tuguia.combarranquilla.co\\\/Revista\\\/\",\"name\":\"Tu Gu\u00eda\",\"description\":\"La revista donde lo tienes todo.\",\"publisher\":{\"@id\":\"https:\\\/\\\/tuguia.combarranquilla.co\\\/Revista\\\/#organization\"},\"alternateName\":\"Tu Gu\u00eda Combarranquilla\",\"potentialAction\":[{\"@type\":\"SearchAction\",\"target\":{\"@type\":\"EntryPoint\",\"urlTemplate\":\"https:\\\/\\\/tuguia.combarranquilla.co\\\/Revista\\\/?s={search_term_string}\"},\"query-input\":{\"@type\":\"PropertyValueSpecification\",\"valueRequired\":true,\"valueName\":\"search_term_string\"}}],\"inLanguage\":\"es-CO\"},{\"@type\":\"Organization\",\"@id\":\"https:\\\/\\\/tuguia.combarranquilla.co\\\/Revista\\\/#organization\",\"name\":\"Tu Gu\u00eda Combarranquilla\",\"url\":\"https:\\\/\\\/tuguia.combarranquilla.co\\\/Revista\\\/\",\"logo\":{\"@type\":\"ImageObject\",\"inLanguage\":\"es-CO\",\"@id\":\"https:\\\/\\\/tuguia.combarranquilla.co\\\/Revista\\\/#\\\/schema\\\/logo\\\/image\\\/\",\"url\":\"https:\\\/\\\/tuguia.combarranquilla.co\\\/Revista\\\/wp-content\\\/uploads\\\/2022\\\/02\\\/logo-guia-combarranquilla.svg\",\"contentUrl\":\"https:\\\/\\\/tuguia.combarranquilla.co\\\/Revista\\\/wp-content\\\/uploads\\\/2022\\\/02\\\/logo-guia-combarranquilla.svg\",\"caption\":\"Tu Gu\u00eda Combarranquilla\"},\"image\":{\"@id\":\"https:\\\/\\\/tuguia.combarranquilla.co\\\/Revista\\\/#\\\/schema\\\/logo\\\/image\\\/\"}},{\"@type\":\"Person\",\"@id\":\"https:\\\/\\\/tuguia.combarranquilla.co\\\/Revista\\\/#\\\/schema\\\/person\\\/c2c396a77170bd1d5f8ba73294eb0d10\",\"name\":\"Comunicaciones Combarranquilla\",\"image\":{\"@type\":\"ImageObject\",\"inLanguage\":\"es-CO\",\"@id\":\"https:\\\/\\\/tuguia.combarranquilla.co\\\/Revista\\\/wp-content\\\/uploads\\\/2025\\\/05\\\/ABC-Al-Rojo-Logo-96x96.jpg\",\"url\":\"https:\\\/\\\/tuguia.combarranquilla.co\\\/Revista\\\/wp-content\\\/uploads\\\/2025\\\/05\\\/ABC-Al-Rojo-Logo-96x96.jpg\",\"contentUrl\":\"https:\\\/\\\/tuguia.combarranquilla.co\\\/Revista\\\/wp-content\\\/uploads\\\/2025\\\/05\\\/ABC-Al-Rojo-Logo-96x96.jpg\",\"caption\":\"Comunicaciones Combarranquilla\"},\"sameAs\":[\"https:\\\/\\\/www.combarranquilla.co\"],\"url\":\"https:\\\/\\\/tuguia.combarranquilla.co\\\/Revista\\\/author\\\/comunicaciones\\\/\"}]}<\/script>\n<!-- \/ Yoast SEO plugin. -->","yoast_head_json":{"title":"\u00a1Inscripciones abiertas en el Centro de Formaci\u00f3n Combarranquilla! - Tu Gu\u00eda","robots":{"index":"index","follow":"follow","max-snippet":"max-snippet:-1","max-image-preview":"max-image-preview:large","max-video-preview":"max-video-preview:-1"},"canonical":"https:\/\/tuguia.combarranquilla.co\/Revista\/inscripciones-abiertas-en-el-centro-de-formacion-combarranquilla\/","og_locale":"es_ES","og_type":"article","og_title":"\u00a1Inscripciones abiertas en el Centro de Formaci\u00f3n Combarranquilla! - Tu Gu\u00eda","og_description":"Comienza el camino hacia un futuro exitoso con los programas T\u00e9cnicos Laborales dise\u00f1ados para prepararte con las habilidades m\u00e1s demandadas en el mercado laboral. Con opciones enfocadas en \u00e1reas como administraci\u00f3n, cocina, marketing, y m\u00e1s. Este es el momento perfecto para dar el siguiente paso en tu desarrollo profesional. Carreras disponibles: Todos estos programas est\u00e1n [&hellip;]","og_url":"https:\/\/tuguia.combarranquilla.co\/Revista\/inscripciones-abiertas-en-el-centro-de-formacion-combarranquilla\/","og_site_name":"Tu Gu\u00eda","article_published_time":"2024-12-04T17:39:33+00:00","article_modified_time":"2024-12-17T15:35:07+00:00","og_image":[{"width":2560,"height":2560,"url":"https:\/\/tuguia.combarranquilla.co\/Revista\/wp-content\/uploads\/2024\/12\/ADS-30-DICIEMBRE8-scaled.jpg","type":"image\/jpeg"}],"author":"Comunicaciones Combarranquilla","twitter_card":"summary_large_image","twitter_misc":{"Escrito por":"Comunicaciones Combarranquilla","Tiempo de lectura":"2 minutos"},"schema":{"@context":"https:\/\/schema.org","@graph":[{"@type":"Article","@id":"https:\/\/tuguia.combarranquilla.co\/Revista\/inscripciones-abiertas-en-el-centro-de-formacion-combarranquilla\/#article","isPartOf":{"@id":"https:\/\/tuguia.combarranquilla.co\/Revista\/inscripciones-abiertas-en-el-centro-de-formacion-combarranquilla\/"},"author":{"name":"Comunicaciones Combarranquilla","@id":"https:\/\/tuguia.combarranquilla.co\/Revista\/#\/schema\/person\/c2c396a77170bd1d5f8ba73294eb0d10"},"headline":"\u00a1Inscripciones abiertas en el Centro de Formaci\u00f3n Combarranquilla!","datePublished":"2024-12-04T17:39:33+00:00","dateModified":"2024-12-17T15:35:07+00:00","mainEntityOfPage":{"@id":"https:\/\/tuguia.combarranquilla.co\/Revista\/inscripciones-abiertas-en-el-centro-de-formacion-combarranquilla\/"},"wordCount":272,"commentCount":0,"publisher":{"@id":"https:\/\/tuguia.combarranquilla.co\/Revista\/#organization"},"image":{"@id":"https:\/\/tuguia.combarranquilla.co\/Revista\/inscripciones-abiertas-en-el-centro-de-formacion-combarranquilla\/#primaryimage"},"thumbnailUrl":"https:\/\/tuguia.combarranquilla.co\/Revista\/wp-content\/uploads\/2024\/12\/ADS-30-DICIEMBRE8-scaled.jpg","articleSection":["FORMACI\u00d3N"],"inLanguage":"es-CO","potentialAction":[{"@type":"CommentAction","name":"Comment","target":["https:\/\/tuguia.combarranquilla.co\/Revista\/inscripciones-abiertas-en-el-centro-de-formacion-combarranquilla\/#respond"]}]},{"@type":"WebPage","@id":"https:\/\/tuguia.combarranquilla.co\/Revista\/inscripciones-abiertas-en-el-centro-de-formacion-combarranquilla\/","url":"https:\/\/tuguia.combarranquilla.co\/Revista\/inscripciones-abiertas-en-el-centro-de-formacion-combarranquilla\/","name":"\u00a1Inscripciones abiertas en el Centro de Formaci\u00f3n Combarranquilla! - Tu Gu\u00eda","isPartOf":{"@id":"https:\/\/tuguia.combarranquilla.co\/Revista\/#website"},"primaryImageOfPage":{"@id":"https:\/\/tuguia.combarranquilla.co\/Revista\/inscripciones-abiertas-en-el-centro-de-formacion-combarranquilla\/#primaryimage"},"image":{"@id":"https:\/\/tuguia.combarranquilla.co\/Revista\/inscripciones-abiertas-en-el-centro-de-formacion-combarranquilla\/#primaryimage"},"thumbnailUrl":"https:\/\/tuguia.combarranquilla.co\/Revista\/wp-content\/uploads\/2024\/12\/ADS-30-DICIEMBRE8-scaled.jpg","datePublished":"2024-12-04T17:39:33+00:00","dateModified":"2024-12-17T15:35:07+00:00","breadcrumb":{"@id":"https:\/\/tuguia.combarranquilla.co\/Revista\/inscripciones-abiertas-en-el-centro-de-formacion-combarranquilla\/#breadcrumb"},"inLanguage":"es-CO","potentialAction":[{"@type":"ReadAction","target":["https:\/\/tuguia.combarranquilla.co\/Revista\/inscripciones-abiertas-en-el-centro-de-formacion-combarranquilla\/"]}]},{"@type":"ImageObject","inLanguage":"es-CO","@id":"https:\/\/tuguia.combarranquilla.co\/Revista\/inscripciones-abiertas-en-el-centro-de-formacion-combarranquilla\/#primaryimage","url":"https:\/\/tuguia.combarranquilla.co\/Revista\/wp-content\/uploads\/2024\/12\/ADS-30-DICIEMBRE8-scaled.jpg","contentUrl":"https:\/\/tuguia.combarranquilla.co\/Revista\/wp-content\/uploads\/2024\/12\/ADS-30-DICIEMBRE8-scaled.jpg","width":2560,"height":2560},{"@type":"BreadcrumbList","@id":"https:\/\/tuguia.combarranquilla.co\/Revista\/inscripciones-abiertas-en-el-centro-de-formacion-combarranquilla\/#breadcrumb","itemListElement":[{"@type":"ListItem","position":1,"name":"Inicio","item":"https:\/\/tuguia.combarranquilla.co\/Revista\/"},{"@type":"ListItem","position":2,"name":"\u00a1Inscripciones abiertas en el Centro de Formaci\u00f3n Combarranquilla!"}]},{"@type":"WebSite","@id":"https:\/\/tuguia.combarranquilla.co\/Revista\/#website","url":"https:\/\/tuguia.combarranquilla.co\/Revista\/","name":"Tu Gu\u00eda","description":"La revista donde lo tienes todo.","publisher":{"@id":"https:\/\/tuguia.combarranquilla.co\/Revista\/#organization"},"alternateName":"Tu Gu\u00eda Combarranquilla","potentialAction":[{"@type":"SearchAction","target":{"@type":"EntryPoint","urlTemplate":"https:\/\/tuguia.combarranquilla.co\/Revista\/?s={search_term_string}"},"query-input":{"@type":"PropertyValueSpecification","valueRequired":true,"valueName":"search_term_string"}}],"inLanguage":"es-CO"},{"@type":"Organization","@id":"https:\/\/tuguia.combarranquilla.co\/Revista\/#organization","name":"Tu Gu\u00eda Combarranquilla","url":"https:\/\/tuguia.combarranquilla.co\/Revista\/","logo":{"@type":"ImageObject","inLanguage":"es-CO","@id":"https:\/\/tuguia.combarranquilla.co\/Revista\/#\/schema\/logo\/image\/","url":"https:\/\/tuguia.combarranquilla.co\/Revista\/wp-content\/uploads\/2022\/02\/logo-guia-combarranquilla.svg","contentUrl":"https:\/\/tuguia.combarranquilla.co\/Revista\/wp-content\/uploads\/2022\/02\/logo-guia-combarranquilla.svg","caption":"Tu Gu\u00eda Combarranquilla"},"image":{"@id":"https:\/\/tuguia.combarranquilla.co\/Revista\/#\/schema\/logo\/image\/"}},{"@type":"Person","@id":"https:\/\/tuguia.combarranquilla.co\/Revista\/#\/schema\/person\/c2c396a77170bd1d5f8ba73294eb0d10","name":"Comunicaciones Combarranquilla","image":{"@type":"ImageObject","inLanguage":"es-CO","@id":"https:\/\/tuguia.combarranquilla.co\/Revista\/wp-content\/uploads\/2025\/05\/ABC-Al-Rojo-Logo-96x96.jpg","url":"https:\/\/tuguia.combarranquilla.co\/Revista\/wp-content\/uploads\/2025\/05\/ABC-Al-Rojo-Logo-96x96.jpg","contentUrl":"https:\/\/tuguia.combarranquilla.co\/Revista\/wp-content\/uploads\/2025\/05\/ABC-Al-Rojo-Logo-96x96.jpg","caption":"Comunicaciones Combarranquilla"},"sameAs":["https:\/\/www.combarranquilla.co"],"url":"https:\/\/tuguia.combarranquilla.co\/Revista\/author\/comunicaciones\/"}]}},"_links":{"self":[{"href":"https:\/\/tuguia.combarranquilla.co\/Revista\/wp-json\/wp\/v2\/posts\/5319","targetHints":{"allow":["GET"]}}],"collection":[{"href":"https:\/\/tuguia.combarranquilla.co\/Revista\/wp-json\/wp\/v2\/posts"}],"about":[{"href":"https:\/\/tuguia.combarranquilla.co\/Revista\/wp-json\/wp\/v2\/types\/post"}],"author":[{"embeddable":true,"href":"https:\/\/tuguia.combarranquilla.co\/Revista\/wp-json\/wp\/v2\/users\/2"}],"replies":[{"embeddable":true,"href":"https:\/\/tuguia.combarranquilla.co\/Revista\/wp-json\/wp\/v2\/comments?post=5319"}],"version-history":[{"count":3,"href":"https:\/\/tuguia.combarranquilla.co\/Revista\/wp-json\/wp\/v2\/posts\/5319\/revisions"}],"predecessor-version":[{"id":5509,"href":"https:\/\/tuguia.combarranquilla.co\/Revista\/wp-json\/wp\/v2\/posts\/5319\/revisions\/5509"}],"wp:featuredmedia":[{"embeddable":true,"href":"https:\/\/tuguia.combarranquilla.co\/Revista\/wp-json\/wp\/v2\/media\/5508"}],"wp:attachment":[{"href":"https:\/\/tuguia.combarranquilla.co\/Revista\/wp-json\/wp\/v2\/media?parent=5319"}],"wp:term":[{"taxonomy":"category","embeddable":true,"href":"https:\/\/tuguia.combarranquilla.co\/Revista\/wp-json\/wp\/v2\/categories?post=5319"},{"taxonomy":"post_tag","embeddable":true,"href":"https:\/\/tuguia.combarranquilla.co\/Revista\/wp-json\/wp\/v2\/tags?post=5319"}],"curies":[{"name":"wp","href":"https:\/\/api.w.org\/{rel}","templated":true}]}}