{"id":5328,"date":"2024-12-04T14:10:49","date_gmt":"2024-12-04T19:10:49","guid":{"rendered":"https:\/\/tuguia.combarranquilla.co\/Revista\/?p=5328"},"modified":"2024-12-11T16:46:53","modified_gmt":"2024-12-11T21:46:53","slug":"recreacion-competencia-y-salud-2do-festival-de-natacion-infantil-fue-un-exito","status":"publish","type":"post","link":"https:\/\/tuguia.combarranquilla.co\/Revista\/recreacion-competencia-y-salud-2do-festival-de-natacion-infantil-fue-un-exito\/","title":{"rendered":"Recreaci\u00f3n, competencia y salud: 2do Festival de Nataci\u00f3n Formativa fue un \u00e9xito"},"content":{"rendered":"\n<p class=\"has-medium-font-size\">La piscina de la unidad Boston fue el escenario para el 2do Festival de Nataci\u00f3n Formativo Interno Combarranquilla 2024. Ni\u00f1os, ni\u00f1as y j\u00f3venes se citaron para competir de manera recreativa y alcanzar lo m\u00e1s alto del podio poniendo en pr\u00e1ctica lo hecho en las diferentes clases que se realizan el curso de nataci\u00f3n ofrecido por la Caja. <\/p>\n\n\n\n<p class=\"has-medium-font-size\">La competencia se realiz\u00f3 durante dos d\u00edas. El s\u00e1bado, 30 de noviembre se presentaron los ni\u00f1os y ni\u00f1as entre los 4 y 7 a\u00f1os y el domingo, 1 de diciembre participaron las edades entre los 8 y 12 a\u00f1os. Como dato curioso debemos resaltar que la nataci\u00f3n es un deporte que ayuda a fortalecer el sistema cardiorespiratorio y tambi\u00e9n aporta&nbsp; beneficios en las zonas de los hombros, cuello y pelvis.<\/p>\n\n\n\n<figure class=\"wp-block-image size-large\"><img decoding=\"async\" width=\"1024\" height=\"682\" data-src=\"https:\/\/tuguia.combarranquilla.co\/Revista\/wp-content\/uploads\/2024\/12\/WhatsApp-Image-2024-12-04-at-1.46.03-PM-1-1024x682.jpeg\" alt=\"\" class=\"wp-image-5342 lazyload\" data-srcset=\"https:\/\/tuguia.combarranquilla.co\/Revista\/wp-content\/uploads\/2024\/12\/WhatsApp-Image-2024-12-04-at-1.46.03-PM-1-1024x682.jpeg 1024w, https:\/\/tuguia.combarranquilla.co\/Revista\/wp-content\/uploads\/2024\/12\/WhatsApp-Image-2024-12-04-at-1.46.03-PM-1-300x200.jpeg 300w, https:\/\/tuguia.combarranquilla.co\/Revista\/wp-content\/uploads\/2024\/12\/WhatsApp-Image-2024-12-04-at-1.46.03-PM-1-768x512.jpeg 768w, https:\/\/tuguia.combarranquilla.co\/Revista\/wp-content\/uploads\/2024\/12\/WhatsApp-Image-2024-12-04-at-1.46.03-PM-1.jpeg 1280w\" data-sizes=\"(max-width: 1024px) 100vw, 1024px\" src=\"data:image\/svg+xml;base64,PHN2ZyB3aWR0aD0iMSIgaGVpZ2h0PSIxIiB4bWxucz0iaHR0cDovL3d3dy53My5vcmcvMjAwMC9zdmciPjwvc3ZnPg==\" style=\"--smush-placeholder-width: 1024px; --smush-placeholder-aspect-ratio: 1024\/682;\" \/><\/figure>\n\n\n\n<p class=\"has-medium-font-size\">Las v\u00e1lidas estuvieron divididas en diferentes modalidades. All\u00ed, los participantes deb\u00edan demostrar la destreza de todo lo desarrollado en sus respectivas clases. Algunas de las competencias fueron: patada estilo libre con tabla, patada estilo espalda con tabla, estilo libre instintivo, estilo libre, estilo espalda y relevo estilo libre.<\/p>\n\n\n\n<figure class=\"wp-block-image size-large\"><img decoding=\"async\" width=\"1024\" height=\"682\" data-src=\"https:\/\/tuguia.combarranquilla.co\/Revista\/wp-content\/uploads\/2024\/12\/WhatsApp-Image-2024-12-04-at-1.46.02-PM-1-1-1024x682.jpeg\" alt=\"\" class=\"wp-image-5343 lazyload\" data-srcset=\"https:\/\/tuguia.combarranquilla.co\/Revista\/wp-content\/uploads\/2024\/12\/WhatsApp-Image-2024-12-04-at-1.46.02-PM-1-1-1024x682.jpeg 1024w, https:\/\/tuguia.combarranquilla.co\/Revista\/wp-content\/uploads\/2024\/12\/WhatsApp-Image-2024-12-04-at-1.46.02-PM-1-1-300x200.jpeg 300w, https:\/\/tuguia.combarranquilla.co\/Revista\/wp-content\/uploads\/2024\/12\/WhatsApp-Image-2024-12-04-at-1.46.02-PM-1-1-768x512.jpeg 768w, https:\/\/tuguia.combarranquilla.co\/Revista\/wp-content\/uploads\/2024\/12\/WhatsApp-Image-2024-12-04-at-1.46.02-PM-1-1.jpeg 1280w\" data-sizes=\"(max-width: 1024px) 100vw, 1024px\" src=\"data:image\/svg+xml;base64,PHN2ZyB3aWR0aD0iMSIgaGVpZ2h0PSIxIiB4bWxucz0iaHR0cDovL3d3dy53My5vcmcvMjAwMC9zdmciPjwvc3ZnPg==\" style=\"--smush-placeholder-width: 1024px; --smush-placeholder-aspect-ratio: 1024\/682;\" \/><\/figure>\n\n\n\n<p class=\"has-medium-font-size\">La Caja de Compensaci\u00f3n Combarranquilla apoya la sana competencia y promueve la pr\u00e1ctica de deportes para la salud. Desde la empresa se realizar\u00e1n m\u00e1s festivales de nataci\u00f3n, donde incentivamos el esp\u00edritu competitivo de nuestros afiliados m\u00e1s peque\u00f1os. De igual manera, no dudamos en que este tambi\u00e9n es un veh\u00edculo para explotar sus talentos y los lleve a transformar sus vidas.<\/p>\n\n\n\n<figure class=\"wp-block-image size-large\"><img decoding=\"async\" width=\"1024\" height=\"682\" data-src=\"https:\/\/tuguia.combarranquilla.co\/Revista\/wp-content\/uploads\/2024\/12\/WhatsApp-Image-2024-12-04-at-1.46.03-PM-2-1024x682.jpeg\" alt=\"\" class=\"wp-image-5344 lazyload\" data-srcset=\"https:\/\/tuguia.combarranquilla.co\/Revista\/wp-content\/uploads\/2024\/12\/WhatsApp-Image-2024-12-04-at-1.46.03-PM-2-1024x682.jpeg 1024w, https:\/\/tuguia.combarranquilla.co\/Revista\/wp-content\/uploads\/2024\/12\/WhatsApp-Image-2024-12-04-at-1.46.03-PM-2-300x200.jpeg 300w, https:\/\/tuguia.combarranquilla.co\/Revista\/wp-content\/uploads\/2024\/12\/WhatsApp-Image-2024-12-04-at-1.46.03-PM-2-768x512.jpeg 768w, https:\/\/tuguia.combarranquilla.co\/Revista\/wp-content\/uploads\/2024\/12\/WhatsApp-Image-2024-12-04-at-1.46.03-PM-2.jpeg 1280w\" data-sizes=\"(max-width: 1024px) 100vw, 1024px\" src=\"data:image\/svg+xml;base64,PHN2ZyB3aWR0aD0iMSIgaGVpZ2h0PSIxIiB4bWxucz0iaHR0cDovL3d3dy53My5vcmcvMjAwMC9zdmciPjwvc3ZnPg==\" style=\"--smush-placeholder-width: 1024px; --smush-placeholder-aspect-ratio: 1024\/682;\" \/><\/figure>\n","protected":false},"excerpt":{"rendered":"<p>La piscina de la unidad Boston fue el escenario para el 2do Festival de Nataci\u00f3n Formativo Interno Combarranquilla 2024. Ni\u00f1os, ni\u00f1as y j\u00f3venes se citaron para competir de manera recreativa y alcanzar lo m\u00e1s alto del podio poniendo en pr\u00e1ctica lo hecho en las diferentes clases que se realizan el curso de nataci\u00f3n ofrecido por [&hellip;]<\/p>\n","protected":false},"author":2,"featured_media":5339,"comment_status":"open","ping_status":"open","sticky":false,"template":"","format":"standard","meta":{"inline_featured_image":false,"footnotes":""},"categories":[5],"tags":[],"class_list":["post-5328","post","type-post","status-publish","format-standard","has-post-thumbnail","hentry","category-vida-saludable"],"yoast_head":"<!-- This site is optimized with the Yoast SEO plugin v27.4 - https:\/\/yoast.com\/product\/yoast-seo-wordpress\/ -->\n<title>Recreaci\u00f3n, competencia y salud: 2do Festival de Nataci\u00f3n Formativa fue un \u00e9xito - Tu Gu\u00eda<\/title>\n<meta name=\"robots\" content=\"index, follow, max-snippet:-1, max-image-preview:large, max-video-preview:-1\" \/>\n<link rel=\"canonical\" href=\"https:\/\/tuguia.combarranquilla.co\/Revista\/recreacion-competencia-y-salud-2do-festival-de-natacion-infantil-fue-un-exito\/\" \/>\n<meta property=\"og:locale\" content=\"es_ES\" \/>\n<meta property=\"og:type\" content=\"article\" \/>\n<meta property=\"og:title\" content=\"Recreaci\u00f3n, competencia y salud: 2do Festival de Nataci\u00f3n Formativa fue un \u00e9xito - Tu Gu\u00eda\" \/>\n<meta property=\"og:description\" content=\"La piscina de la unidad Boston fue el escenario para el 2do Festival de Nataci\u00f3n Formativo Interno Combarranquilla 2024. Ni\u00f1os, ni\u00f1as y j\u00f3venes se citaron para competir de manera recreativa y alcanzar lo m\u00e1s alto del podio poniendo en pr\u00e1ctica lo hecho en las diferentes clases que se realizan el curso de nataci\u00f3n ofrecido por [&hellip;]\" \/>\n<meta property=\"og:url\" content=\"https:\/\/tuguia.combarranquilla.co\/Revista\/recreacion-competencia-y-salud-2do-festival-de-natacion-infantil-fue-un-exito\/\" \/>\n<meta property=\"og:site_name\" content=\"Tu Gu\u00eda\" \/>\n<meta property=\"article:published_time\" content=\"2024-12-04T19:10:49+00:00\" \/>\n<meta property=\"article:modified_time\" content=\"2024-12-11T21:46:53+00:00\" \/>\n<meta property=\"og:image\" content=\"https:\/\/tuguia.combarranquilla.co\/Revista\/wp-content\/uploads\/2024\/12\/WhatsApp-Image-2024-12-04-at-1.46.02-PM.jpeg\" \/>\n\t<meta property=\"og:image:width\" content=\"1280\" \/>\n\t<meta property=\"og:image:height\" content=\"853\" \/>\n\t<meta property=\"og:image:type\" content=\"image\/jpeg\" \/>\n<meta name=\"author\" content=\"Comunicaciones Combarranquilla\" \/>\n<meta name=\"twitter:card\" content=\"summary_large_image\" \/>\n<meta name=\"twitter:label1\" content=\"Escrito por\" \/>\n\t<meta name=\"twitter:data1\" content=\"Comunicaciones Combarranquilla\" \/>\n\t<meta name=\"twitter:label2\" content=\"Tiempo de lectura\" \/>\n\t<meta name=\"twitter:data2\" content=\"2 minutos\" \/>\n<script type=\"application\/ld+json\" class=\"yoast-schema-graph\">{\"@context\":\"https:\\\/\\\/schema.org\",\"@graph\":[{\"@type\":\"Article\",\"@id\":\"https:\\\/\\\/tuguia.combarranquilla.co\\\/Revista\\\/recreacion-competencia-y-salud-2do-festival-de-natacion-infantil-fue-un-exito\\\/#article\",\"isPartOf\":{\"@id\":\"https:\\\/\\\/tuguia.combarranquilla.co\\\/Revista\\\/recreacion-competencia-y-salud-2do-festival-de-natacion-infantil-fue-un-exito\\\/\"},\"author\":{\"name\":\"Comunicaciones Combarranquilla\",\"@id\":\"https:\\\/\\\/tuguia.combarranquilla.co\\\/Revista\\\/#\\\/schema\\\/person\\\/c2c396a77170bd1d5f8ba73294eb0d10\"},\"headline\":\"Recreaci\u00f3n, competencia y salud: 2do Festival de Nataci\u00f3n Formativa fue un \u00e9xito\",\"datePublished\":\"2024-12-04T19:10:49+00:00\",\"dateModified\":\"2024-12-11T21:46:53+00:00\",\"mainEntityOfPage\":{\"@id\":\"https:\\\/\\\/tuguia.combarranquilla.co\\\/Revista\\\/recreacion-competencia-y-salud-2do-festival-de-natacion-infantil-fue-un-exito\\\/\"},\"wordCount\":270,\"commentCount\":0,\"publisher\":{\"@id\":\"https:\\\/\\\/tuguia.combarranquilla.co\\\/Revista\\\/#organization\"},\"image\":{\"@id\":\"https:\\\/\\\/tuguia.combarranquilla.co\\\/Revista\\\/recreacion-competencia-y-salud-2do-festival-de-natacion-infantil-fue-un-exito\\\/#primaryimage\"},\"thumbnailUrl\":\"https:\\\/\\\/tuguia.combarranquilla.co\\\/Revista\\\/wp-content\\\/uploads\\\/2024\\\/12\\\/WhatsApp-Image-2024-12-04-at-1.46.02-PM.jpeg\",\"articleSection\":[\"VIDA SALUDABLE\"],\"inLanguage\":\"es-CO\",\"potentialAction\":[{\"@type\":\"CommentAction\",\"name\":\"Comment\",\"target\":[\"https:\\\/\\\/tuguia.combarranquilla.co\\\/Revista\\\/recreacion-competencia-y-salud-2do-festival-de-natacion-infantil-fue-un-exito\\\/#respond\"]}]},{\"@type\":\"WebPage\",\"@id\":\"https:\\\/\\\/tuguia.combarranquilla.co\\\/Revista\\\/recreacion-competencia-y-salud-2do-festival-de-natacion-infantil-fue-un-exito\\\/\",\"url\":\"https:\\\/\\\/tuguia.combarranquilla.co\\\/Revista\\\/recreacion-competencia-y-salud-2do-festival-de-natacion-infantil-fue-un-exito\\\/\",\"name\":\"Recreaci\u00f3n, competencia y salud: 2do Festival de Nataci\u00f3n Formativa fue un \u00e9xito - Tu Gu\u00eda\",\"isPartOf\":{\"@id\":\"https:\\\/\\\/tuguia.combarranquilla.co\\\/Revista\\\/#website\"},\"primaryImageOfPage\":{\"@id\":\"https:\\\/\\\/tuguia.combarranquilla.co\\\/Revista\\\/recreacion-competencia-y-salud-2do-festival-de-natacion-infantil-fue-un-exito\\\/#primaryimage\"},\"image\":{\"@id\":\"https:\\\/\\\/tuguia.combarranquilla.co\\\/Revista\\\/recreacion-competencia-y-salud-2do-festival-de-natacion-infantil-fue-un-exito\\\/#primaryimage\"},\"thumbnailUrl\":\"https:\\\/\\\/tuguia.combarranquilla.co\\\/Revista\\\/wp-content\\\/uploads\\\/2024\\\/12\\\/WhatsApp-Image-2024-12-04-at-1.46.02-PM.jpeg\",\"datePublished\":\"2024-12-04T19:10:49+00:00\",\"dateModified\":\"2024-12-11T21:46:53+00:00\",\"breadcrumb\":{\"@id\":\"https:\\\/\\\/tuguia.combarranquilla.co\\\/Revista\\\/recreacion-competencia-y-salud-2do-festival-de-natacion-infantil-fue-un-exito\\\/#breadcrumb\"},\"inLanguage\":\"es-CO\",\"potentialAction\":[{\"@type\":\"ReadAction\",\"target\":[\"https:\\\/\\\/tuguia.combarranquilla.co\\\/Revista\\\/recreacion-competencia-y-salud-2do-festival-de-natacion-infantil-fue-un-exito\\\/\"]}]},{\"@type\":\"ImageObject\",\"inLanguage\":\"es-CO\",\"@id\":\"https:\\\/\\\/tuguia.combarranquilla.co\\\/Revista\\\/recreacion-competencia-y-salud-2do-festival-de-natacion-infantil-fue-un-exito\\\/#primaryimage\",\"url\":\"https:\\\/\\\/tuguia.combarranquilla.co\\\/Revista\\\/wp-content\\\/uploads\\\/2024\\\/12\\\/WhatsApp-Image-2024-12-04-at-1.46.02-PM.jpeg\",\"contentUrl\":\"https:\\\/\\\/tuguia.combarranquilla.co\\\/Revista\\\/wp-content\\\/uploads\\\/2024\\\/12\\\/WhatsApp-Image-2024-12-04-at-1.46.02-PM.jpeg\",\"width\":1280,\"height\":853},{\"@type\":\"BreadcrumbList\",\"@id\":\"https:\\\/\\\/tuguia.combarranquilla.co\\\/Revista\\\/recreacion-competencia-y-salud-2do-festival-de-natacion-infantil-fue-un-exito\\\/#breadcrumb\",\"itemListElement\":[{\"@type\":\"ListItem\",\"position\":1,\"name\":\"Inicio\",\"item\":\"https:\\\/\\\/tuguia.combarranquilla.co\\\/Revista\\\/\"},{\"@type\":\"ListItem\",\"position\":2,\"name\":\"Recreaci\u00f3n, competencia y salud: 2do Festival de Nataci\u00f3n Formativa fue un \u00e9xito\"}]},{\"@type\":\"WebSite\",\"@id\":\"https:\\\/\\\/tuguia.combarranquilla.co\\\/Revista\\\/#website\",\"url\":\"https:\\\/\\\/tuguia.combarranquilla.co\\\/Revista\\\/\",\"name\":\"Tu Gu\u00eda\",\"description\":\"La revista donde lo tienes todo.\",\"publisher\":{\"@id\":\"https:\\\/\\\/tuguia.combarranquilla.co\\\/Revista\\\/#organization\"},\"alternateName\":\"Tu Gu\u00eda Combarranquilla\",\"potentialAction\":[{\"@type\":\"SearchAction\",\"target\":{\"@type\":\"EntryPoint\",\"urlTemplate\":\"https:\\\/\\\/tuguia.combarranquilla.co\\\/Revista\\\/?s={search_term_string}\"},\"query-input\":{\"@type\":\"PropertyValueSpecification\",\"valueRequired\":true,\"valueName\":\"search_term_string\"}}],\"inLanguage\":\"es-CO\"},{\"@type\":\"Organization\",\"@id\":\"https:\\\/\\\/tuguia.combarranquilla.co\\\/Revista\\\/#organization\",\"name\":\"Tu Gu\u00eda Combarranquilla\",\"url\":\"https:\\\/\\\/tuguia.combarranquilla.co\\\/Revista\\\/\",\"logo\":{\"@type\":\"ImageObject\",\"inLanguage\":\"es-CO\",\"@id\":\"https:\\\/\\\/tuguia.combarranquilla.co\\\/Revista\\\/#\\\/schema\\\/logo\\\/image\\\/\",\"url\":\"https:\\\/\\\/tuguia.combarranquilla.co\\\/Revista\\\/wp-content\\\/uploads\\\/2022\\\/02\\\/logo-guia-combarranquilla.svg\",\"contentUrl\":\"https:\\\/\\\/tuguia.combarranquilla.co\\\/Revista\\\/wp-content\\\/uploads\\\/2022\\\/02\\\/logo-guia-combarranquilla.svg\",\"caption\":\"Tu Gu\u00eda Combarranquilla\"},\"image\":{\"@id\":\"https:\\\/\\\/tuguia.combarranquilla.co\\\/Revista\\\/#\\\/schema\\\/logo\\\/image\\\/\"}},{\"@type\":\"Person\",\"@id\":\"https:\\\/\\\/tuguia.combarranquilla.co\\\/Revista\\\/#\\\/schema\\\/person\\\/c2c396a77170bd1d5f8ba73294eb0d10\",\"name\":\"Comunicaciones Combarranquilla\",\"image\":{\"@type\":\"ImageObject\",\"inLanguage\":\"es-CO\",\"@id\":\"https:\\\/\\\/tuguia.combarranquilla.co\\\/Revista\\\/wp-content\\\/uploads\\\/2025\\\/05\\\/ABC-Al-Rojo-Logo-96x96.jpg\",\"url\":\"https:\\\/\\\/tuguia.combarranquilla.co\\\/Revista\\\/wp-content\\\/uploads\\\/2025\\\/05\\\/ABC-Al-Rojo-Logo-96x96.jpg\",\"contentUrl\":\"https:\\\/\\\/tuguia.combarranquilla.co\\\/Revista\\\/wp-content\\\/uploads\\\/2025\\\/05\\\/ABC-Al-Rojo-Logo-96x96.jpg\",\"caption\":\"Comunicaciones Combarranquilla\"},\"sameAs\":[\"https:\\\/\\\/www.combarranquilla.co\"],\"url\":\"https:\\\/\\\/tuguia.combarranquilla.co\\\/Revista\\\/author\\\/comunicaciones\\\/\"}]}<\/script>\n<!-- \/ Yoast SEO plugin. -->","yoast_head_json":{"title":"Recreaci\u00f3n, competencia y salud: 2do Festival de Nataci\u00f3n Formativa fue un \u00e9xito - Tu Gu\u00eda","robots":{"index":"index","follow":"follow","max-snippet":"max-snippet:-1","max-image-preview":"max-image-preview:large","max-video-preview":"max-video-preview:-1"},"canonical":"https:\/\/tuguia.combarranquilla.co\/Revista\/recreacion-competencia-y-salud-2do-festival-de-natacion-infantil-fue-un-exito\/","og_locale":"es_ES","og_type":"article","og_title":"Recreaci\u00f3n, competencia y salud: 2do Festival de Nataci\u00f3n Formativa fue un \u00e9xito - Tu Gu\u00eda","og_description":"La piscina de la unidad Boston fue el escenario para el 2do Festival de Nataci\u00f3n Formativo Interno Combarranquilla 2024. Ni\u00f1os, ni\u00f1as y j\u00f3venes se citaron para competir de manera recreativa y alcanzar lo m\u00e1s alto del podio poniendo en pr\u00e1ctica lo hecho en las diferentes clases que se realizan el curso de nataci\u00f3n ofrecido por [&hellip;]","og_url":"https:\/\/tuguia.combarranquilla.co\/Revista\/recreacion-competencia-y-salud-2do-festival-de-natacion-infantil-fue-un-exito\/","og_site_name":"Tu Gu\u00eda","article_published_time":"2024-12-04T19:10:49+00:00","article_modified_time":"2024-12-11T21:46:53+00:00","og_image":[{"width":1280,"height":853,"url":"https:\/\/tuguia.combarranquilla.co\/Revista\/wp-content\/uploads\/2024\/12\/WhatsApp-Image-2024-12-04-at-1.46.02-PM.jpeg","type":"image\/jpeg"}],"author":"Comunicaciones Combarranquilla","twitter_card":"summary_large_image","twitter_misc":{"Escrito por":"Comunicaciones Combarranquilla","Tiempo de lectura":"2 minutos"},"schema":{"@context":"https:\/\/schema.org","@graph":[{"@type":"Article","@id":"https:\/\/tuguia.combarranquilla.co\/Revista\/recreacion-competencia-y-salud-2do-festival-de-natacion-infantil-fue-un-exito\/#article","isPartOf":{"@id":"https:\/\/tuguia.combarranquilla.co\/Revista\/recreacion-competencia-y-salud-2do-festival-de-natacion-infantil-fue-un-exito\/"},"author":{"name":"Comunicaciones Combarranquilla","@id":"https:\/\/tuguia.combarranquilla.co\/Revista\/#\/schema\/person\/c2c396a77170bd1d5f8ba73294eb0d10"},"headline":"Recreaci\u00f3n, competencia y salud: 2do Festival de Nataci\u00f3n Formativa fue un \u00e9xito","datePublished":"2024-12-04T19:10:49+00:00","dateModified":"2024-12-11T21:46:53+00:00","mainEntityOfPage":{"@id":"https:\/\/tuguia.combarranquilla.co\/Revista\/recreacion-competencia-y-salud-2do-festival-de-natacion-infantil-fue-un-exito\/"},"wordCount":270,"commentCount":0,"publisher":{"@id":"https:\/\/tuguia.combarranquilla.co\/Revista\/#organization"},"image":{"@id":"https:\/\/tuguia.combarranquilla.co\/Revista\/recreacion-competencia-y-salud-2do-festival-de-natacion-infantil-fue-un-exito\/#primaryimage"},"thumbnailUrl":"https:\/\/tuguia.combarranquilla.co\/Revista\/wp-content\/uploads\/2024\/12\/WhatsApp-Image-2024-12-04-at-1.46.02-PM.jpeg","articleSection":["VIDA SALUDABLE"],"inLanguage":"es-CO","potentialAction":[{"@type":"CommentAction","name":"Comment","target":["https:\/\/tuguia.combarranquilla.co\/Revista\/recreacion-competencia-y-salud-2do-festival-de-natacion-infantil-fue-un-exito\/#respond"]}]},{"@type":"WebPage","@id":"https:\/\/tuguia.combarranquilla.co\/Revista\/recreacion-competencia-y-salud-2do-festival-de-natacion-infantil-fue-un-exito\/","url":"https:\/\/tuguia.combarranquilla.co\/Revista\/recreacion-competencia-y-salud-2do-festival-de-natacion-infantil-fue-un-exito\/","name":"Recreaci\u00f3n, competencia y salud: 2do Festival de Nataci\u00f3n Formativa fue un \u00e9xito - Tu Gu\u00eda","isPartOf":{"@id":"https:\/\/tuguia.combarranquilla.co\/Revista\/#website"},"primaryImageOfPage":{"@id":"https:\/\/tuguia.combarranquilla.co\/Revista\/recreacion-competencia-y-salud-2do-festival-de-natacion-infantil-fue-un-exito\/#primaryimage"},"image":{"@id":"https:\/\/tuguia.combarranquilla.co\/Revista\/recreacion-competencia-y-salud-2do-festival-de-natacion-infantil-fue-un-exito\/#primaryimage"},"thumbnailUrl":"https:\/\/tuguia.combarranquilla.co\/Revista\/wp-content\/uploads\/2024\/12\/WhatsApp-Image-2024-12-04-at-1.46.02-PM.jpeg","datePublished":"2024-12-04T19:10:49+00:00","dateModified":"2024-12-11T21:46:53+00:00","breadcrumb":{"@id":"https:\/\/tuguia.combarranquilla.co\/Revista\/recreacion-competencia-y-salud-2do-festival-de-natacion-infantil-fue-un-exito\/#breadcrumb"},"inLanguage":"es-CO","potentialAction":[{"@type":"ReadAction","target":["https:\/\/tuguia.combarranquilla.co\/Revista\/recreacion-competencia-y-salud-2do-festival-de-natacion-infantil-fue-un-exito\/"]}]},{"@type":"ImageObject","inLanguage":"es-CO","@id":"https:\/\/tuguia.combarranquilla.co\/Revista\/recreacion-competencia-y-salud-2do-festival-de-natacion-infantil-fue-un-exito\/#primaryimage","url":"https:\/\/tuguia.combarranquilla.co\/Revista\/wp-content\/uploads\/2024\/12\/WhatsApp-Image-2024-12-04-at-1.46.02-PM.jpeg","contentUrl":"https:\/\/tuguia.combarranquilla.co\/Revista\/wp-content\/uploads\/2024\/12\/WhatsApp-Image-2024-12-04-at-1.46.02-PM.jpeg","width":1280,"height":853},{"@type":"BreadcrumbList","@id":"https:\/\/tuguia.combarranquilla.co\/Revista\/recreacion-competencia-y-salud-2do-festival-de-natacion-infantil-fue-un-exito\/#breadcrumb","itemListElement":[{"@type":"ListItem","position":1,"name":"Inicio","item":"https:\/\/tuguia.combarranquilla.co\/Revista\/"},{"@type":"ListItem","position":2,"name":"Recreaci\u00f3n, competencia y salud: 2do Festival de Nataci\u00f3n Formativa fue un \u00e9xito"}]},{"@type":"WebSite","@id":"https:\/\/tuguia.combarranquilla.co\/Revista\/#website","url":"https:\/\/tuguia.combarranquilla.co\/Revista\/","name":"Tu Gu\u00eda","description":"La revista donde lo tienes todo.","publisher":{"@id":"https:\/\/tuguia.combarranquilla.co\/Revista\/#organization"},"alternateName":"Tu Gu\u00eda Combarranquilla","potentialAction":[{"@type":"SearchAction","target":{"@type":"EntryPoint","urlTemplate":"https:\/\/tuguia.combarranquilla.co\/Revista\/?s={search_term_string}"},"query-input":{"@type":"PropertyValueSpecification","valueRequired":true,"valueName":"search_term_string"}}],"inLanguage":"es-CO"},{"@type":"Organization","@id":"https:\/\/tuguia.combarranquilla.co\/Revista\/#organization","name":"Tu Gu\u00eda Combarranquilla","url":"https:\/\/tuguia.combarranquilla.co\/Revista\/","logo":{"@type":"ImageObject","inLanguage":"es-CO","@id":"https:\/\/tuguia.combarranquilla.co\/Revista\/#\/schema\/logo\/image\/","url":"https:\/\/tuguia.combarranquilla.co\/Revista\/wp-content\/uploads\/2022\/02\/logo-guia-combarranquilla.svg","contentUrl":"https:\/\/tuguia.combarranquilla.co\/Revista\/wp-content\/uploads\/2022\/02\/logo-guia-combarranquilla.svg","caption":"Tu Gu\u00eda Combarranquilla"},"image":{"@id":"https:\/\/tuguia.combarranquilla.co\/Revista\/#\/schema\/logo\/image\/"}},{"@type":"Person","@id":"https:\/\/tuguia.combarranquilla.co\/Revista\/#\/schema\/person\/c2c396a77170bd1d5f8ba73294eb0d10","name":"Comunicaciones Combarranquilla","image":{"@type":"ImageObject","inLanguage":"es-CO","@id":"https:\/\/tuguia.combarranquilla.co\/Revista\/wp-content\/uploads\/2025\/05\/ABC-Al-Rojo-Logo-96x96.jpg","url":"https:\/\/tuguia.combarranquilla.co\/Revista\/wp-content\/uploads\/2025\/05\/ABC-Al-Rojo-Logo-96x96.jpg","contentUrl":"https:\/\/tuguia.combarranquilla.co\/Revista\/wp-content\/uploads\/2025\/05\/ABC-Al-Rojo-Logo-96x96.jpg","caption":"Comunicaciones Combarranquilla"},"sameAs":["https:\/\/www.combarranquilla.co"],"url":"https:\/\/tuguia.combarranquilla.co\/Revista\/author\/comunicaciones\/"}]}},"_links":{"self":[{"href":"https:\/\/tuguia.combarranquilla.co\/Revista\/wp-json\/wp\/v2\/posts\/5328","targetHints":{"allow":["GET"]}}],"collection":[{"href":"https:\/\/tuguia.combarranquilla.co\/Revista\/wp-json\/wp\/v2\/posts"}],"about":[{"href":"https:\/\/tuguia.combarranquilla.co\/Revista\/wp-json\/wp\/v2\/types\/post"}],"author":[{"embeddable":true,"href":"https:\/\/tuguia.combarranquilla.co\/Revista\/wp-json\/wp\/v2\/users\/2"}],"replies":[{"embeddable":true,"href":"https:\/\/tuguia.combarranquilla.co\/Revista\/wp-json\/wp\/v2\/comments?post=5328"}],"version-history":[{"count":2,"href":"https:\/\/tuguia.combarranquilla.co\/Revista\/wp-json\/wp\/v2\/posts\/5328\/revisions"}],"predecessor-version":[{"id":5444,"href":"https:\/\/tuguia.combarranquilla.co\/Revista\/wp-json\/wp\/v2\/posts\/5328\/revisions\/5444"}],"wp:featuredmedia":[{"embeddable":true,"href":"https:\/\/tuguia.combarranquilla.co\/Revista\/wp-json\/wp\/v2\/media\/5339"}],"wp:attachment":[{"href":"https:\/\/tuguia.combarranquilla.co\/Revista\/wp-json\/wp\/v2\/media?parent=5328"}],"wp:term":[{"taxonomy":"category","embeddable":true,"href":"https:\/\/tuguia.combarranquilla.co\/Revista\/wp-json\/wp\/v2\/categories?post=5328"},{"taxonomy":"post_tag","embeddable":true,"href":"https:\/\/tuguia.combarranquilla.co\/Revista\/wp-json\/wp\/v2\/tags?post=5328"}],"curies":[{"name":"wp","href":"https:\/\/api.w.org\/{rel}","templated":true}]}}