{"id":5340,"date":"2024-11-05T14:33:16","date_gmt":"2024-11-05T19:33:16","guid":{"rendered":"https:\/\/tuguia.combarranquilla.co\/Revista\/?p=5340"},"modified":"2024-12-10T11:14:21","modified_gmt":"2024-12-10T16:14:21","slug":"becas-tecnicos-labores-llega-con-nuevos-programas-para-estudiar-en-el-proximo-ano-2025","status":"publish","type":"post","link":"https:\/\/tuguia.combarranquilla.co\/Revista\/becas-tecnicos-labores-llega-con-nuevos-programas-para-estudiar-en-el-proximo-ano-2025\/","title":{"rendered":"Becas T\u00e9cnicos Labores llega con nuevos programas para estudiar en el pr\u00f3ximo a\u00f1o 2025"},"content":{"rendered":"\n<h2 class=\"wp-block-heading\"><em>\u00a1T\u00fa puedes ser el pr\u00f3ximo becado! Por ser afiliado, podr\u00e1s postularte a una beca para estudiar en el Centro de Formaci\u00f3n Combarranquilla y acceder al programa de tu preferencia.<\/em><\/h2>\n\n\n\n<p class=\"has-medium-font-size\">La importancia de estudiar y crecer academicamente te ayudar\u00e1 a adquirir y enriquecer aquellas habilidades que te permitir\u00e1n adaptarte al mundo laboral, que hoy en d\u00eda se hace cada vez m\u00e1s competitivo y desde el Centro de Formaci\u00f3n te brindaremos las herramientas necesarias para que tu formaci\u00f3n te abra las puertas al futuro. <\/p>\n\n\n\n<p class=\"has-medium-font-size\">Ofrecemos becas t\u00e9cnicos laborales para aquellos j\u00f3venes que desean alcanzar habilidades pr\u00e1cticas y construir un camino lleno de \u00e9xito. Con el proposito de continuar transformando vidas a trav\u00e9s de la educaci\u00f3n, ampliamos nuestra oferta acad\u00e9mica con dos nuevos programas: <strong>Auxiliar de Soporte T\u00e9cnico en Desarrollo de Software <\/strong>y <strong>Auxiliar&nbsp;de Dise\u00f1o Gr\u00e1fico<\/strong>, con la finalidad de que m\u00e1s personas puedan acceder al programa de su preferencia.<\/p>\n\n\n\n<p class=\"has-medium-font-size\">Por medio de nuestra p\u00e1gina web: <a href=\"https:\/\/www.combarranquilla.co\/educacion\/#centro-de-formacion\">www.combarranquilla.co <\/a> podr\u00e1s conocer la informaci\u00f3n de cada uno de los programas disponibles. <\/p>\n\n\n\n<figure class=\"wp-block-image size-large is-resized\"><img decoding=\"async\" width=\"1024\" height=\"768\" data-src=\"https:\/\/tuguia.combarranquilla.co\/Revista\/wp-content\/uploads\/2024\/12\/IMG_1537-1024x768.jpeg\" alt=\"\" class=\"wp-image-5371 lazyload\" style=\"--smush-placeholder-width: 1024px; --smush-placeholder-aspect-ratio: 1024\/768;width:840px;height:auto\" data-srcset=\"https:\/\/tuguia.combarranquilla.co\/Revista\/wp-content\/uploads\/2024\/12\/IMG_1537-1024x768.jpeg 1024w, https:\/\/tuguia.combarranquilla.co\/Revista\/wp-content\/uploads\/2024\/12\/IMG_1537-300x225.jpeg 300w, https:\/\/tuguia.combarranquilla.co\/Revista\/wp-content\/uploads\/2024\/12\/IMG_1537-768x576.jpeg 768w, https:\/\/tuguia.combarranquilla.co\/Revista\/wp-content\/uploads\/2024\/12\/IMG_1537-1536x1152.jpeg 1536w, https:\/\/tuguia.combarranquilla.co\/Revista\/wp-content\/uploads\/2024\/12\/IMG_1537-2048x1536.jpeg 2048w\" data-sizes=\"(max-width: 1024px) 100vw, 1024px\" src=\"data:image\/svg+xml;base64,PHN2ZyB3aWR0aD0iMSIgaGVpZ2h0PSIxIiB4bWxucz0iaHR0cDovL3d3dy53My5vcmcvMjAwMC9zdmciPjwvc3ZnPg==\" \/><\/figure>\n\n\n\n<p class=\"has-medium-font-size\">\u00a1Es momento de decidir y trazar la l\u00ednea que te har\u00e1 convertirte en el t\u00e9cnico que deseas! Conoce los requisitos para acceder a la beca. <\/p>\n\n\n\n<p class=\"has-medium-font-size\"><strong>Requisitos <\/strong><\/p>\n\n\n\n<p class=\"has-medium-font-size\"><strong>1.<\/strong> Ser hijo de trabajador afiliado menor de 19 a\u00f1os categor\u00eda A y B.<br><strong>2. <\/strong>Haber cursado y aprobado Noveno (9) grado de Educaci\u00f3n Secundaria.<br><strong>3. <\/strong>Que no se encuentren cursados programas t\u00e9cnicos, tecn\u00f3logo o profesionales en otro centro de formaci\u00f3n.<br><strong>4.<\/strong> Ser admitido por el Centro de Formaci\u00f3n de Combarranquilla.<br><strong>5.<\/strong> Cumplir con las todas las fases del proceso (postulaci\u00f3n, legalizaci\u00f3n de matr\u00edcula, inducci\u00f3n y formaci\u00f3n).<\/p>\n\n\n\n<p class=\"has-medium-font-size\"><em><strong>&nbsp;\u00a1Estamos convencidos que es el camino para el desarrollo, el progreso y la transformaci\u00f3n de vidas!<\/strong><\/em><\/p>\n","protected":false},"excerpt":{"rendered":"<p>\u00a1T\u00fa puedes ser el pr\u00f3ximo becado! Por ser afiliado, podr\u00e1s postularte a una beca para estudiar en el Centro de Formaci\u00f3n Combarranquilla y acceder al programa de tu preferencia. La importancia de estudiar y crecer academicamente te ayudar\u00e1 a adquirir y enriquecer aquellas habilidades que te permitir\u00e1n adaptarte al mundo laboral, que hoy en d\u00eda [&hellip;]<\/p>\n","protected":false},"author":2,"featured_media":5375,"comment_status":"open","ping_status":"open","sticky":false,"template":"","format":"standard","meta":{"inline_featured_image":false,"footnotes":""},"categories":[2],"tags":[],"class_list":["post-5340","post","type-post","status-publish","format-standard","has-post-thumbnail","hentry","category-subsidios"],"yoast_head":"<!-- This site is optimized with the Yoast SEO plugin v27.4 - https:\/\/yoast.com\/product\/yoast-seo-wordpress\/ -->\n<title>Becas T\u00e9cnicos Labores llega con nuevos programas para estudiar en el pr\u00f3ximo a\u00f1o 2025 - Tu Gu\u00eda<\/title>\n<meta name=\"robots\" content=\"index, follow, max-snippet:-1, max-image-preview:large, max-video-preview:-1\" \/>\n<link rel=\"canonical\" href=\"https:\/\/tuguia.combarranquilla.co\/Revista\/becas-tecnicos-labores-llega-con-nuevos-programas-para-estudiar-en-el-proximo-ano-2025\/\" \/>\n<meta property=\"og:locale\" content=\"es_ES\" \/>\n<meta property=\"og:type\" content=\"article\" \/>\n<meta property=\"og:title\" content=\"Becas T\u00e9cnicos Labores llega con nuevos programas para estudiar en el pr\u00f3ximo a\u00f1o 2025 - Tu Gu\u00eda\" \/>\n<meta property=\"og:description\" content=\"\u00a1T\u00fa puedes ser el pr\u00f3ximo becado! Por ser afiliado, podr\u00e1s postularte a una beca para estudiar en el Centro de Formaci\u00f3n Combarranquilla y acceder al programa de tu preferencia. La importancia de estudiar y crecer academicamente te ayudar\u00e1 a adquirir y enriquecer aquellas habilidades que te permitir\u00e1n adaptarte al mundo laboral, que hoy en d\u00eda [&hellip;]\" \/>\n<meta property=\"og:url\" content=\"https:\/\/tuguia.combarranquilla.co\/Revista\/becas-tecnicos-labores-llega-con-nuevos-programas-para-estudiar-en-el-proximo-ano-2025\/\" \/>\n<meta property=\"og:site_name\" content=\"Tu Gu\u00eda\" \/>\n<meta property=\"article:published_time\" content=\"2024-11-05T19:33:16+00:00\" \/>\n<meta property=\"article:modified_time\" content=\"2024-12-10T16:14:21+00:00\" \/>\n<meta property=\"og:image\" content=\"https:\/\/tuguia.combarranquilla.co\/Revista\/wp-content\/uploads\/2024\/12\/20171019_155942-scaled.jpg\" \/>\n\t<meta property=\"og:image:width\" content=\"2560\" \/>\n\t<meta property=\"og:image:height\" content=\"1920\" \/>\n\t<meta property=\"og:image:type\" content=\"image\/jpeg\" \/>\n<meta name=\"author\" content=\"Comunicaciones Combarranquilla\" \/>\n<meta name=\"twitter:card\" content=\"summary_large_image\" \/>\n<meta name=\"twitter:label1\" content=\"Escrito por\" \/>\n\t<meta name=\"twitter:data1\" content=\"Comunicaciones Combarranquilla\" \/>\n\t<meta name=\"twitter:label2\" content=\"Tiempo de lectura\" \/>\n\t<meta name=\"twitter:data2\" content=\"2 minutos\" \/>\n<script type=\"application\/ld+json\" class=\"yoast-schema-graph\">{\"@context\":\"https:\\\/\\\/schema.org\",\"@graph\":[{\"@type\":\"Article\",\"@id\":\"https:\\\/\\\/tuguia.combarranquilla.co\\\/Revista\\\/becas-tecnicos-labores-llega-con-nuevos-programas-para-estudiar-en-el-proximo-ano-2025\\\/#article\",\"isPartOf\":{\"@id\":\"https:\\\/\\\/tuguia.combarranquilla.co\\\/Revista\\\/becas-tecnicos-labores-llega-con-nuevos-programas-para-estudiar-en-el-proximo-ano-2025\\\/\"},\"author\":{\"name\":\"Comunicaciones Combarranquilla\",\"@id\":\"https:\\\/\\\/tuguia.combarranquilla.co\\\/Revista\\\/#\\\/schema\\\/person\\\/c2c396a77170bd1d5f8ba73294eb0d10\"},\"headline\":\"Becas T\u00e9cnicos Labores llega con nuevos programas para estudiar en el pr\u00f3ximo a\u00f1o 2025\",\"datePublished\":\"2024-11-05T19:33:16+00:00\",\"dateModified\":\"2024-12-10T16:14:21+00:00\",\"mainEntityOfPage\":{\"@id\":\"https:\\\/\\\/tuguia.combarranquilla.co\\\/Revista\\\/becas-tecnicos-labores-llega-con-nuevos-programas-para-estudiar-en-el-proximo-ano-2025\\\/\"},\"wordCount\":324,\"commentCount\":0,\"publisher\":{\"@id\":\"https:\\\/\\\/tuguia.combarranquilla.co\\\/Revista\\\/#organization\"},\"image\":{\"@id\":\"https:\\\/\\\/tuguia.combarranquilla.co\\\/Revista\\\/becas-tecnicos-labores-llega-con-nuevos-programas-para-estudiar-en-el-proximo-ano-2025\\\/#primaryimage\"},\"thumbnailUrl\":\"https:\\\/\\\/tuguia.combarranquilla.co\\\/Revista\\\/wp-content\\\/uploads\\\/2024\\\/12\\\/20171019_155942-scaled.jpg\",\"articleSection\":[\"SUBSIDIOS\"],\"inLanguage\":\"es-CO\",\"potentialAction\":[{\"@type\":\"CommentAction\",\"name\":\"Comment\",\"target\":[\"https:\\\/\\\/tuguia.combarranquilla.co\\\/Revista\\\/becas-tecnicos-labores-llega-con-nuevos-programas-para-estudiar-en-el-proximo-ano-2025\\\/#respond\"]}]},{\"@type\":\"WebPage\",\"@id\":\"https:\\\/\\\/tuguia.combarranquilla.co\\\/Revista\\\/becas-tecnicos-labores-llega-con-nuevos-programas-para-estudiar-en-el-proximo-ano-2025\\\/\",\"url\":\"https:\\\/\\\/tuguia.combarranquilla.co\\\/Revista\\\/becas-tecnicos-labores-llega-con-nuevos-programas-para-estudiar-en-el-proximo-ano-2025\\\/\",\"name\":\"Becas T\u00e9cnicos Labores llega con nuevos programas para estudiar en el pr\u00f3ximo a\u00f1o 2025 - Tu Gu\u00eda\",\"isPartOf\":{\"@id\":\"https:\\\/\\\/tuguia.combarranquilla.co\\\/Revista\\\/#website\"},\"primaryImageOfPage\":{\"@id\":\"https:\\\/\\\/tuguia.combarranquilla.co\\\/Revista\\\/becas-tecnicos-labores-llega-con-nuevos-programas-para-estudiar-en-el-proximo-ano-2025\\\/#primaryimage\"},\"image\":{\"@id\":\"https:\\\/\\\/tuguia.combarranquilla.co\\\/Revista\\\/becas-tecnicos-labores-llega-con-nuevos-programas-para-estudiar-en-el-proximo-ano-2025\\\/#primaryimage\"},\"thumbnailUrl\":\"https:\\\/\\\/tuguia.combarranquilla.co\\\/Revista\\\/wp-content\\\/uploads\\\/2024\\\/12\\\/20171019_155942-scaled.jpg\",\"datePublished\":\"2024-11-05T19:33:16+00:00\",\"dateModified\":\"2024-12-10T16:14:21+00:00\",\"breadcrumb\":{\"@id\":\"https:\\\/\\\/tuguia.combarranquilla.co\\\/Revista\\\/becas-tecnicos-labores-llega-con-nuevos-programas-para-estudiar-en-el-proximo-ano-2025\\\/#breadcrumb\"},\"inLanguage\":\"es-CO\",\"potentialAction\":[{\"@type\":\"ReadAction\",\"target\":[\"https:\\\/\\\/tuguia.combarranquilla.co\\\/Revista\\\/becas-tecnicos-labores-llega-con-nuevos-programas-para-estudiar-en-el-proximo-ano-2025\\\/\"]}]},{\"@type\":\"ImageObject\",\"inLanguage\":\"es-CO\",\"@id\":\"https:\\\/\\\/tuguia.combarranquilla.co\\\/Revista\\\/becas-tecnicos-labores-llega-con-nuevos-programas-para-estudiar-en-el-proximo-ano-2025\\\/#primaryimage\",\"url\":\"https:\\\/\\\/tuguia.combarranquilla.co\\\/Revista\\\/wp-content\\\/uploads\\\/2024\\\/12\\\/20171019_155942-scaled.jpg\",\"contentUrl\":\"https:\\\/\\\/tuguia.combarranquilla.co\\\/Revista\\\/wp-content\\\/uploads\\\/2024\\\/12\\\/20171019_155942-scaled.jpg\",\"width\":2560,\"height\":1920},{\"@type\":\"BreadcrumbList\",\"@id\":\"https:\\\/\\\/tuguia.combarranquilla.co\\\/Revista\\\/becas-tecnicos-labores-llega-con-nuevos-programas-para-estudiar-en-el-proximo-ano-2025\\\/#breadcrumb\",\"itemListElement\":[{\"@type\":\"ListItem\",\"position\":1,\"name\":\"Inicio\",\"item\":\"https:\\\/\\\/tuguia.combarranquilla.co\\\/Revista\\\/\"},{\"@type\":\"ListItem\",\"position\":2,\"name\":\"Becas T\u00e9cnicos Labores llega con nuevos programas para estudiar en el pr\u00f3ximo a\u00f1o 2025\"}]},{\"@type\":\"WebSite\",\"@id\":\"https:\\\/\\\/tuguia.combarranquilla.co\\\/Revista\\\/#website\",\"url\":\"https:\\\/\\\/tuguia.combarranquilla.co\\\/Revista\\\/\",\"name\":\"Tu Gu\u00eda\",\"description\":\"La revista donde lo tienes todo.\",\"publisher\":{\"@id\":\"https:\\\/\\\/tuguia.combarranquilla.co\\\/Revista\\\/#organization\"},\"alternateName\":\"Tu Gu\u00eda Combarranquilla\",\"potentialAction\":[{\"@type\":\"SearchAction\",\"target\":{\"@type\":\"EntryPoint\",\"urlTemplate\":\"https:\\\/\\\/tuguia.combarranquilla.co\\\/Revista\\\/?s={search_term_string}\"},\"query-input\":{\"@type\":\"PropertyValueSpecification\",\"valueRequired\":true,\"valueName\":\"search_term_string\"}}],\"inLanguage\":\"es-CO\"},{\"@type\":\"Organization\",\"@id\":\"https:\\\/\\\/tuguia.combarranquilla.co\\\/Revista\\\/#organization\",\"name\":\"Tu Gu\u00eda Combarranquilla\",\"url\":\"https:\\\/\\\/tuguia.combarranquilla.co\\\/Revista\\\/\",\"logo\":{\"@type\":\"ImageObject\",\"inLanguage\":\"es-CO\",\"@id\":\"https:\\\/\\\/tuguia.combarranquilla.co\\\/Revista\\\/#\\\/schema\\\/logo\\\/image\\\/\",\"url\":\"https:\\\/\\\/tuguia.combarranquilla.co\\\/Revista\\\/wp-content\\\/uploads\\\/2022\\\/02\\\/logo-guia-combarranquilla.svg\",\"contentUrl\":\"https:\\\/\\\/tuguia.combarranquilla.co\\\/Revista\\\/wp-content\\\/uploads\\\/2022\\\/02\\\/logo-guia-combarranquilla.svg\",\"caption\":\"Tu Gu\u00eda Combarranquilla\"},\"image\":{\"@id\":\"https:\\\/\\\/tuguia.combarranquilla.co\\\/Revista\\\/#\\\/schema\\\/logo\\\/image\\\/\"}},{\"@type\":\"Person\",\"@id\":\"https:\\\/\\\/tuguia.combarranquilla.co\\\/Revista\\\/#\\\/schema\\\/person\\\/c2c396a77170bd1d5f8ba73294eb0d10\",\"name\":\"Comunicaciones Combarranquilla\",\"image\":{\"@type\":\"ImageObject\",\"inLanguage\":\"es-CO\",\"@id\":\"https:\\\/\\\/tuguia.combarranquilla.co\\\/Revista\\\/wp-content\\\/uploads\\\/2025\\\/05\\\/ABC-Al-Rojo-Logo-96x96.jpg\",\"url\":\"https:\\\/\\\/tuguia.combarranquilla.co\\\/Revista\\\/wp-content\\\/uploads\\\/2025\\\/05\\\/ABC-Al-Rojo-Logo-96x96.jpg\",\"contentUrl\":\"https:\\\/\\\/tuguia.combarranquilla.co\\\/Revista\\\/wp-content\\\/uploads\\\/2025\\\/05\\\/ABC-Al-Rojo-Logo-96x96.jpg\",\"caption\":\"Comunicaciones Combarranquilla\"},\"sameAs\":[\"https:\\\/\\\/www.combarranquilla.co\"],\"url\":\"https:\\\/\\\/tuguia.combarranquilla.co\\\/Revista\\\/author\\\/comunicaciones\\\/\"}]}<\/script>\n<!-- \/ Yoast SEO plugin. -->","yoast_head_json":{"title":"Becas T\u00e9cnicos Labores llega con nuevos programas para estudiar en el pr\u00f3ximo a\u00f1o 2025 - Tu Gu\u00eda","robots":{"index":"index","follow":"follow","max-snippet":"max-snippet:-1","max-image-preview":"max-image-preview:large","max-video-preview":"max-video-preview:-1"},"canonical":"https:\/\/tuguia.combarranquilla.co\/Revista\/becas-tecnicos-labores-llega-con-nuevos-programas-para-estudiar-en-el-proximo-ano-2025\/","og_locale":"es_ES","og_type":"article","og_title":"Becas T\u00e9cnicos Labores llega con nuevos programas para estudiar en el pr\u00f3ximo a\u00f1o 2025 - Tu Gu\u00eda","og_description":"\u00a1T\u00fa puedes ser el pr\u00f3ximo becado! Por ser afiliado, podr\u00e1s postularte a una beca para estudiar en el Centro de Formaci\u00f3n Combarranquilla y acceder al programa de tu preferencia. La importancia de estudiar y crecer academicamente te ayudar\u00e1 a adquirir y enriquecer aquellas habilidades que te permitir\u00e1n adaptarte al mundo laboral, que hoy en d\u00eda [&hellip;]","og_url":"https:\/\/tuguia.combarranquilla.co\/Revista\/becas-tecnicos-labores-llega-con-nuevos-programas-para-estudiar-en-el-proximo-ano-2025\/","og_site_name":"Tu Gu\u00eda","article_published_time":"2024-11-05T19:33:16+00:00","article_modified_time":"2024-12-10T16:14:21+00:00","og_image":[{"width":2560,"height":1920,"url":"https:\/\/tuguia.combarranquilla.co\/Revista\/wp-content\/uploads\/2024\/12\/20171019_155942-scaled.jpg","type":"image\/jpeg"}],"author":"Comunicaciones Combarranquilla","twitter_card":"summary_large_image","twitter_misc":{"Escrito por":"Comunicaciones Combarranquilla","Tiempo de lectura":"2 minutos"},"schema":{"@context":"https:\/\/schema.org","@graph":[{"@type":"Article","@id":"https:\/\/tuguia.combarranquilla.co\/Revista\/becas-tecnicos-labores-llega-con-nuevos-programas-para-estudiar-en-el-proximo-ano-2025\/#article","isPartOf":{"@id":"https:\/\/tuguia.combarranquilla.co\/Revista\/becas-tecnicos-labores-llega-con-nuevos-programas-para-estudiar-en-el-proximo-ano-2025\/"},"author":{"name":"Comunicaciones Combarranquilla","@id":"https:\/\/tuguia.combarranquilla.co\/Revista\/#\/schema\/person\/c2c396a77170bd1d5f8ba73294eb0d10"},"headline":"Becas T\u00e9cnicos Labores llega con nuevos programas para estudiar en el pr\u00f3ximo a\u00f1o 2025","datePublished":"2024-11-05T19:33:16+00:00","dateModified":"2024-12-10T16:14:21+00:00","mainEntityOfPage":{"@id":"https:\/\/tuguia.combarranquilla.co\/Revista\/becas-tecnicos-labores-llega-con-nuevos-programas-para-estudiar-en-el-proximo-ano-2025\/"},"wordCount":324,"commentCount":0,"publisher":{"@id":"https:\/\/tuguia.combarranquilla.co\/Revista\/#organization"},"image":{"@id":"https:\/\/tuguia.combarranquilla.co\/Revista\/becas-tecnicos-labores-llega-con-nuevos-programas-para-estudiar-en-el-proximo-ano-2025\/#primaryimage"},"thumbnailUrl":"https:\/\/tuguia.combarranquilla.co\/Revista\/wp-content\/uploads\/2024\/12\/20171019_155942-scaled.jpg","articleSection":["SUBSIDIOS"],"inLanguage":"es-CO","potentialAction":[{"@type":"CommentAction","name":"Comment","target":["https:\/\/tuguia.combarranquilla.co\/Revista\/becas-tecnicos-labores-llega-con-nuevos-programas-para-estudiar-en-el-proximo-ano-2025\/#respond"]}]},{"@type":"WebPage","@id":"https:\/\/tuguia.combarranquilla.co\/Revista\/becas-tecnicos-labores-llega-con-nuevos-programas-para-estudiar-en-el-proximo-ano-2025\/","url":"https:\/\/tuguia.combarranquilla.co\/Revista\/becas-tecnicos-labores-llega-con-nuevos-programas-para-estudiar-en-el-proximo-ano-2025\/","name":"Becas T\u00e9cnicos Labores llega con nuevos programas para estudiar en el pr\u00f3ximo a\u00f1o 2025 - Tu Gu\u00eda","isPartOf":{"@id":"https:\/\/tuguia.combarranquilla.co\/Revista\/#website"},"primaryImageOfPage":{"@id":"https:\/\/tuguia.combarranquilla.co\/Revista\/becas-tecnicos-labores-llega-con-nuevos-programas-para-estudiar-en-el-proximo-ano-2025\/#primaryimage"},"image":{"@id":"https:\/\/tuguia.combarranquilla.co\/Revista\/becas-tecnicos-labores-llega-con-nuevos-programas-para-estudiar-en-el-proximo-ano-2025\/#primaryimage"},"thumbnailUrl":"https:\/\/tuguia.combarranquilla.co\/Revista\/wp-content\/uploads\/2024\/12\/20171019_155942-scaled.jpg","datePublished":"2024-11-05T19:33:16+00:00","dateModified":"2024-12-10T16:14:21+00:00","breadcrumb":{"@id":"https:\/\/tuguia.combarranquilla.co\/Revista\/becas-tecnicos-labores-llega-con-nuevos-programas-para-estudiar-en-el-proximo-ano-2025\/#breadcrumb"},"inLanguage":"es-CO","potentialAction":[{"@type":"ReadAction","target":["https:\/\/tuguia.combarranquilla.co\/Revista\/becas-tecnicos-labores-llega-con-nuevos-programas-para-estudiar-en-el-proximo-ano-2025\/"]}]},{"@type":"ImageObject","inLanguage":"es-CO","@id":"https:\/\/tuguia.combarranquilla.co\/Revista\/becas-tecnicos-labores-llega-con-nuevos-programas-para-estudiar-en-el-proximo-ano-2025\/#primaryimage","url":"https:\/\/tuguia.combarranquilla.co\/Revista\/wp-content\/uploads\/2024\/12\/20171019_155942-scaled.jpg","contentUrl":"https:\/\/tuguia.combarranquilla.co\/Revista\/wp-content\/uploads\/2024\/12\/20171019_155942-scaled.jpg","width":2560,"height":1920},{"@type":"BreadcrumbList","@id":"https:\/\/tuguia.combarranquilla.co\/Revista\/becas-tecnicos-labores-llega-con-nuevos-programas-para-estudiar-en-el-proximo-ano-2025\/#breadcrumb","itemListElement":[{"@type":"ListItem","position":1,"name":"Inicio","item":"https:\/\/tuguia.combarranquilla.co\/Revista\/"},{"@type":"ListItem","position":2,"name":"Becas T\u00e9cnicos Labores llega con nuevos programas para estudiar en el pr\u00f3ximo a\u00f1o 2025"}]},{"@type":"WebSite","@id":"https:\/\/tuguia.combarranquilla.co\/Revista\/#website","url":"https:\/\/tuguia.combarranquilla.co\/Revista\/","name":"Tu Gu\u00eda","description":"La revista donde lo tienes todo.","publisher":{"@id":"https:\/\/tuguia.combarranquilla.co\/Revista\/#organization"},"alternateName":"Tu Gu\u00eda Combarranquilla","potentialAction":[{"@type":"SearchAction","target":{"@type":"EntryPoint","urlTemplate":"https:\/\/tuguia.combarranquilla.co\/Revista\/?s={search_term_string}"},"query-input":{"@type":"PropertyValueSpecification","valueRequired":true,"valueName":"search_term_string"}}],"inLanguage":"es-CO"},{"@type":"Organization","@id":"https:\/\/tuguia.combarranquilla.co\/Revista\/#organization","name":"Tu Gu\u00eda Combarranquilla","url":"https:\/\/tuguia.combarranquilla.co\/Revista\/","logo":{"@type":"ImageObject","inLanguage":"es-CO","@id":"https:\/\/tuguia.combarranquilla.co\/Revista\/#\/schema\/logo\/image\/","url":"https:\/\/tuguia.combarranquilla.co\/Revista\/wp-content\/uploads\/2022\/02\/logo-guia-combarranquilla.svg","contentUrl":"https:\/\/tuguia.combarranquilla.co\/Revista\/wp-content\/uploads\/2022\/02\/logo-guia-combarranquilla.svg","caption":"Tu Gu\u00eda Combarranquilla"},"image":{"@id":"https:\/\/tuguia.combarranquilla.co\/Revista\/#\/schema\/logo\/image\/"}},{"@type":"Person","@id":"https:\/\/tuguia.combarranquilla.co\/Revista\/#\/schema\/person\/c2c396a77170bd1d5f8ba73294eb0d10","name":"Comunicaciones Combarranquilla","image":{"@type":"ImageObject","inLanguage":"es-CO","@id":"https:\/\/tuguia.combarranquilla.co\/Revista\/wp-content\/uploads\/2025\/05\/ABC-Al-Rojo-Logo-96x96.jpg","url":"https:\/\/tuguia.combarranquilla.co\/Revista\/wp-content\/uploads\/2025\/05\/ABC-Al-Rojo-Logo-96x96.jpg","contentUrl":"https:\/\/tuguia.combarranquilla.co\/Revista\/wp-content\/uploads\/2025\/05\/ABC-Al-Rojo-Logo-96x96.jpg","caption":"Comunicaciones Combarranquilla"},"sameAs":["https:\/\/www.combarranquilla.co"],"url":"https:\/\/tuguia.combarranquilla.co\/Revista\/author\/comunicaciones\/"}]}},"_links":{"self":[{"href":"https:\/\/tuguia.combarranquilla.co\/Revista\/wp-json\/wp\/v2\/posts\/5340","targetHints":{"allow":["GET"]}}],"collection":[{"href":"https:\/\/tuguia.combarranquilla.co\/Revista\/wp-json\/wp\/v2\/posts"}],"about":[{"href":"https:\/\/tuguia.combarranquilla.co\/Revista\/wp-json\/wp\/v2\/types\/post"}],"author":[{"embeddable":true,"href":"https:\/\/tuguia.combarranquilla.co\/Revista\/wp-json\/wp\/v2\/users\/2"}],"replies":[{"embeddable":true,"href":"https:\/\/tuguia.combarranquilla.co\/Revista\/wp-json\/wp\/v2\/comments?post=5340"}],"version-history":[{"count":12,"href":"https:\/\/tuguia.combarranquilla.co\/Revista\/wp-json\/wp\/v2\/posts\/5340\/revisions"}],"predecessor-version":[{"id":5431,"href":"https:\/\/tuguia.combarranquilla.co\/Revista\/wp-json\/wp\/v2\/posts\/5340\/revisions\/5431"}],"wp:featuredmedia":[{"embeddable":true,"href":"https:\/\/tuguia.combarranquilla.co\/Revista\/wp-json\/wp\/v2\/media\/5375"}],"wp:attachment":[{"href":"https:\/\/tuguia.combarranquilla.co\/Revista\/wp-json\/wp\/v2\/media?parent=5340"}],"wp:term":[{"taxonomy":"category","embeddable":true,"href":"https:\/\/tuguia.combarranquilla.co\/Revista\/wp-json\/wp\/v2\/categories?post=5340"},{"taxonomy":"post_tag","embeddable":true,"href":"https:\/\/tuguia.combarranquilla.co\/Revista\/wp-json\/wp\/v2\/tags?post=5340"}],"curies":[{"name":"wp","href":"https:\/\/api.w.org\/{rel}","templated":true}]}}