{"id":5366,"date":"2024-11-07T14:04:00","date_gmt":"2024-11-07T19:04:00","guid":{"rendered":"https:\/\/tuguia.combarranquilla.co\/Revista\/?p=5366"},"modified":"2024-12-06T10:23:49","modified_gmt":"2024-12-06T15:23:49","slug":"belleza-natural-de-la-costa-caribe-descubre-mendihuaca-una-laguna-encantada","status":"publish","type":"post","link":"https:\/\/tuguia.combarranquilla.co\/Revista\/belleza-natural-de-la-costa-caribe-descubre-mendihuaca-una-laguna-encantada\/","title":{"rendered":"Belleza natural de la Costa Caribe: \u00a1Descubre Mendihuaca, una laguna encantada!"},"content":{"rendered":"\n<p>Noviembre es la antesala del fin de a\u00f1o. En tiempos de vacaciones y fin de clases, Combarranquilla ofrece una nueva experiencia para sus afiliados. El 1 de diciembre, \u00fanete a la excursi\u00f3n de la laguna encantada de Mendihuaca. Esta joya tur\u00edstica se encuentra en el departamento del Magdalena, a tan solo 6 KM de Santa Marta. Aqu\u00ed podr\u00e1s tener un momento de conexi\u00f3n con la naturaleza, relajarte con tus seres queridos y vivir una aventura encantada.<\/p>\n\n\n\n<p>Antes de degustar los bu\u00f1uelos y la natilla, dale la bienvenida a este \u00faltimo mes del a\u00f1o con este \u2018trip\u2019. Este humedal cuenta con una gran biodiversidad de flora y fauna, adem\u00e1s te podr\u00e1s enterar de diferentes mitos y leyendas que son fundamentales para atraer turistas a sus aguas. El precio por persona ser\u00e1 de $285.600 en el caso de los adultos, los ni\u00f1os de 0-3 tendr\u00e1n precio de $43.700, mientras que los que tengan la edad entre 4-8 a\u00f1os, el preci\u00f3 ser\u00e1 de $253.900.<\/p>\n\n\n\n<p>En los precios incluye los transportes de Barranquilla a Mendihuaca y su respectivo regreso a \u2018La Arenosa\u2019. De igual manera, tambi\u00e9n est\u00e1 dentro del paquete el refrigerio saludable, almuerzo t\u00edpico, un gu\u00eda profesional y una tarjeta de asistencia m\u00e9dica. Todo est\u00e1 disponible para que vivas una experiencia distinta en uno de los lugares m\u00e1s hermosos de la Costa Caribe.<\/p>\n\n\n\n<p>En las tarifas no est\u00e1n incluidos los gastos no especificados, adem\u00e1s de esto, las tarifas est\u00e1n sujetas a cambios sin previo aviso. \u00bfEst\u00e1s interesado? Para m\u00e1s informaci\u00f3n, recuerda que puedes comunicarte a nuestra l\u00ednea (605) 3524059 opci\u00f3n 3.<\/p>\n\n\n<div class=\"wp-block-image\">\n<figure class=\"aligncenter size-large is-resized\"><img decoding=\"async\" width=\"819\" height=\"1024\" data-src=\"https:\/\/tuguia.combarranquilla.co\/Revista\/wp-content\/uploads\/2024\/11\/LAGUNA-ENCANTADA-Mesa-de-trabajo-2-819x1024.png\" alt=\"\" class=\"wp-image-5389 lazyload\" style=\"--smush-placeholder-width: 819px; --smush-placeholder-aspect-ratio: 819\/1024;width:600px;height:auto\" data-srcset=\"https:\/\/tuguia.combarranquilla.co\/Revista\/wp-content\/uploads\/2024\/11\/LAGUNA-ENCANTADA-Mesa-de-trabajo-2-819x1024.png 819w, https:\/\/tuguia.combarranquilla.co\/Revista\/wp-content\/uploads\/2024\/11\/LAGUNA-ENCANTADA-Mesa-de-trabajo-2-240x300.png 240w, https:\/\/tuguia.combarranquilla.co\/Revista\/wp-content\/uploads\/2024\/11\/LAGUNA-ENCANTADA-Mesa-de-trabajo-2-768x960.png 768w, https:\/\/tuguia.combarranquilla.co\/Revista\/wp-content\/uploads\/2024\/11\/LAGUNA-ENCANTADA-Mesa-de-trabajo-2.png 1080w\" data-sizes=\"(max-width: 819px) 100vw, 819px\" src=\"data:image\/svg+xml;base64,PHN2ZyB3aWR0aD0iMSIgaGVpZ2h0PSIxIiB4bWxucz0iaHR0cDovL3d3dy53My5vcmcvMjAwMC9zdmciPjwvc3ZnPg==\" \/><\/figure><\/div>","protected":false},"excerpt":{"rendered":"<p>Noviembre es la antesala del fin de a\u00f1o. En tiempos de vacaciones y fin de clases, Combarranquilla ofrece una nueva experiencia para sus afiliados. El 1 de diciembre, \u00fanete a la excursi\u00f3n de la laguna encantada de Mendihuaca. Esta joya tur\u00edstica se encuentra en el departamento del Magdalena, a tan solo 6 KM de Santa [&hellip;]<\/p>\n","protected":false},"author":2,"featured_media":5388,"comment_status":"open","ping_status":"open","sticky":false,"template":"","format":"standard","meta":{"inline_featured_image":false,"footnotes":""},"categories":[1],"tags":[],"class_list":["post-5366","post","type-post","status-publish","format-standard","has-post-thumbnail","hentry","category-entretenimiento"],"yoast_head":"<!-- This site is optimized with the Yoast SEO plugin v27.4 - https:\/\/yoast.com\/product\/yoast-seo-wordpress\/ -->\n<title>Belleza natural de la Costa Caribe: \u00a1Descubre Mendihuaca, una laguna encantada! - Tu Gu\u00eda<\/title>\n<meta name=\"robots\" content=\"index, follow, max-snippet:-1, max-image-preview:large, max-video-preview:-1\" \/>\n<link rel=\"canonical\" href=\"https:\/\/tuguia.combarranquilla.co\/Revista\/belleza-natural-de-la-costa-caribe-descubre-mendihuaca-una-laguna-encantada\/\" \/>\n<meta property=\"og:locale\" content=\"es_ES\" \/>\n<meta property=\"og:type\" content=\"article\" \/>\n<meta property=\"og:title\" content=\"Belleza natural de la Costa Caribe: \u00a1Descubre Mendihuaca, una laguna encantada! - Tu Gu\u00eda\" \/>\n<meta property=\"og:description\" content=\"Noviembre es la antesala del fin de a\u00f1o. En tiempos de vacaciones y fin de clases, Combarranquilla ofrece una nueva experiencia para sus afiliados. El 1 de diciembre, \u00fanete a la excursi\u00f3n de la laguna encantada de Mendihuaca. Esta joya tur\u00edstica se encuentra en el departamento del Magdalena, a tan solo 6 KM de Santa [&hellip;]\" \/>\n<meta property=\"og:url\" content=\"https:\/\/tuguia.combarranquilla.co\/Revista\/belleza-natural-de-la-costa-caribe-descubre-mendihuaca-una-laguna-encantada\/\" \/>\n<meta property=\"og:site_name\" content=\"Tu Gu\u00eda\" \/>\n<meta property=\"article:published_time\" content=\"2024-11-07T19:04:00+00:00\" \/>\n<meta property=\"article:modified_time\" content=\"2024-12-06T15:23:49+00:00\" \/>\n<meta property=\"og:image\" content=\"https:\/\/tuguia.combarranquilla.co\/Revista\/wp-content\/uploads\/2024\/11\/LAGUNA-ENCANTADA-Mesa-de-trabajo-1-819x1024.png\" \/>\n\t<meta property=\"og:image:width\" content=\"819\" \/>\n\t<meta property=\"og:image:height\" content=\"1024\" \/>\n\t<meta property=\"og:image:type\" content=\"image\/png\" \/>\n<meta name=\"author\" content=\"Comunicaciones Combarranquilla\" \/>\n<meta name=\"twitter:card\" content=\"summary_large_image\" \/>\n<meta name=\"twitter:label1\" content=\"Escrito por\" \/>\n\t<meta name=\"twitter:data1\" content=\"Comunicaciones Combarranquilla\" \/>\n\t<meta name=\"twitter:label2\" content=\"Tiempo de lectura\" \/>\n\t<meta name=\"twitter:data2\" content=\"2 minutos\" \/>\n<script type=\"application\/ld+json\" class=\"yoast-schema-graph\">{\"@context\":\"https:\\\/\\\/schema.org\",\"@graph\":[{\"@type\":\"Article\",\"@id\":\"https:\\\/\\\/tuguia.combarranquilla.co\\\/Revista\\\/belleza-natural-de-la-costa-caribe-descubre-mendihuaca-una-laguna-encantada\\\/#article\",\"isPartOf\":{\"@id\":\"https:\\\/\\\/tuguia.combarranquilla.co\\\/Revista\\\/belleza-natural-de-la-costa-caribe-descubre-mendihuaca-una-laguna-encantada\\\/\"},\"author\":{\"name\":\"Comunicaciones Combarranquilla\",\"@id\":\"https:\\\/\\\/tuguia.combarranquilla.co\\\/Revista\\\/#\\\/schema\\\/person\\\/c2c396a77170bd1d5f8ba73294eb0d10\"},\"headline\":\"Belleza natural de la Costa Caribe: \u00a1Descubre Mendihuaca, una laguna encantada!\",\"datePublished\":\"2024-11-07T19:04:00+00:00\",\"dateModified\":\"2024-12-06T15:23:49+00:00\",\"mainEntityOfPage\":{\"@id\":\"https:\\\/\\\/tuguia.combarranquilla.co\\\/Revista\\\/belleza-natural-de-la-costa-caribe-descubre-mendihuaca-una-laguna-encantada\\\/\"},\"wordCount\":286,\"commentCount\":0,\"publisher\":{\"@id\":\"https:\\\/\\\/tuguia.combarranquilla.co\\\/Revista\\\/#organization\"},\"image\":{\"@id\":\"https:\\\/\\\/tuguia.combarranquilla.co\\\/Revista\\\/belleza-natural-de-la-costa-caribe-descubre-mendihuaca-una-laguna-encantada\\\/#primaryimage\"},\"thumbnailUrl\":\"https:\\\/\\\/tuguia.combarranquilla.co\\\/Revista\\\/wp-content\\\/uploads\\\/2024\\\/11\\\/LAGUNA-ENCANTADA-Mesa-de-trabajo-1.png\",\"articleSection\":[\"ENTRETENIMIENTO\"],\"inLanguage\":\"es-CO\",\"potentialAction\":[{\"@type\":\"CommentAction\",\"name\":\"Comment\",\"target\":[\"https:\\\/\\\/tuguia.combarranquilla.co\\\/Revista\\\/belleza-natural-de-la-costa-caribe-descubre-mendihuaca-una-laguna-encantada\\\/#respond\"]}]},{\"@type\":\"WebPage\",\"@id\":\"https:\\\/\\\/tuguia.combarranquilla.co\\\/Revista\\\/belleza-natural-de-la-costa-caribe-descubre-mendihuaca-una-laguna-encantada\\\/\",\"url\":\"https:\\\/\\\/tuguia.combarranquilla.co\\\/Revista\\\/belleza-natural-de-la-costa-caribe-descubre-mendihuaca-una-laguna-encantada\\\/\",\"name\":\"Belleza natural de la Costa Caribe: \u00a1Descubre Mendihuaca, una laguna encantada! - Tu Gu\u00eda\",\"isPartOf\":{\"@id\":\"https:\\\/\\\/tuguia.combarranquilla.co\\\/Revista\\\/#website\"},\"primaryImageOfPage\":{\"@id\":\"https:\\\/\\\/tuguia.combarranquilla.co\\\/Revista\\\/belleza-natural-de-la-costa-caribe-descubre-mendihuaca-una-laguna-encantada\\\/#primaryimage\"},\"image\":{\"@id\":\"https:\\\/\\\/tuguia.combarranquilla.co\\\/Revista\\\/belleza-natural-de-la-costa-caribe-descubre-mendihuaca-una-laguna-encantada\\\/#primaryimage\"},\"thumbnailUrl\":\"https:\\\/\\\/tuguia.combarranquilla.co\\\/Revista\\\/wp-content\\\/uploads\\\/2024\\\/11\\\/LAGUNA-ENCANTADA-Mesa-de-trabajo-1.png\",\"datePublished\":\"2024-11-07T19:04:00+00:00\",\"dateModified\":\"2024-12-06T15:23:49+00:00\",\"breadcrumb\":{\"@id\":\"https:\\\/\\\/tuguia.combarranquilla.co\\\/Revista\\\/belleza-natural-de-la-costa-caribe-descubre-mendihuaca-una-laguna-encantada\\\/#breadcrumb\"},\"inLanguage\":\"es-CO\",\"potentialAction\":[{\"@type\":\"ReadAction\",\"target\":[\"https:\\\/\\\/tuguia.combarranquilla.co\\\/Revista\\\/belleza-natural-de-la-costa-caribe-descubre-mendihuaca-una-laguna-encantada\\\/\"]}]},{\"@type\":\"ImageObject\",\"inLanguage\":\"es-CO\",\"@id\":\"https:\\\/\\\/tuguia.combarranquilla.co\\\/Revista\\\/belleza-natural-de-la-costa-caribe-descubre-mendihuaca-una-laguna-encantada\\\/#primaryimage\",\"url\":\"https:\\\/\\\/tuguia.combarranquilla.co\\\/Revista\\\/wp-content\\\/uploads\\\/2024\\\/11\\\/LAGUNA-ENCANTADA-Mesa-de-trabajo-1.png\",\"contentUrl\":\"https:\\\/\\\/tuguia.combarranquilla.co\\\/Revista\\\/wp-content\\\/uploads\\\/2024\\\/11\\\/LAGUNA-ENCANTADA-Mesa-de-trabajo-1.png\",\"width\":1080,\"height\":1350},{\"@type\":\"BreadcrumbList\",\"@id\":\"https:\\\/\\\/tuguia.combarranquilla.co\\\/Revista\\\/belleza-natural-de-la-costa-caribe-descubre-mendihuaca-una-laguna-encantada\\\/#breadcrumb\",\"itemListElement\":[{\"@type\":\"ListItem\",\"position\":1,\"name\":\"Inicio\",\"item\":\"https:\\\/\\\/tuguia.combarranquilla.co\\\/Revista\\\/\"},{\"@type\":\"ListItem\",\"position\":2,\"name\":\"Belleza natural de la Costa Caribe: \u00a1Descubre Mendihuaca, una laguna encantada!\"}]},{\"@type\":\"WebSite\",\"@id\":\"https:\\\/\\\/tuguia.combarranquilla.co\\\/Revista\\\/#website\",\"url\":\"https:\\\/\\\/tuguia.combarranquilla.co\\\/Revista\\\/\",\"name\":\"Tu Gu\u00eda\",\"description\":\"La revista donde lo tienes todo.\",\"publisher\":{\"@id\":\"https:\\\/\\\/tuguia.combarranquilla.co\\\/Revista\\\/#organization\"},\"alternateName\":\"Tu Gu\u00eda Combarranquilla\",\"potentialAction\":[{\"@type\":\"SearchAction\",\"target\":{\"@type\":\"EntryPoint\",\"urlTemplate\":\"https:\\\/\\\/tuguia.combarranquilla.co\\\/Revista\\\/?s={search_term_string}\"},\"query-input\":{\"@type\":\"PropertyValueSpecification\",\"valueRequired\":true,\"valueName\":\"search_term_string\"}}],\"inLanguage\":\"es-CO\"},{\"@type\":\"Organization\",\"@id\":\"https:\\\/\\\/tuguia.combarranquilla.co\\\/Revista\\\/#organization\",\"name\":\"Tu Gu\u00eda Combarranquilla\",\"url\":\"https:\\\/\\\/tuguia.combarranquilla.co\\\/Revista\\\/\",\"logo\":{\"@type\":\"ImageObject\",\"inLanguage\":\"es-CO\",\"@id\":\"https:\\\/\\\/tuguia.combarranquilla.co\\\/Revista\\\/#\\\/schema\\\/logo\\\/image\\\/\",\"url\":\"https:\\\/\\\/tuguia.combarranquilla.co\\\/Revista\\\/wp-content\\\/uploads\\\/2022\\\/02\\\/logo-guia-combarranquilla.svg\",\"contentUrl\":\"https:\\\/\\\/tuguia.combarranquilla.co\\\/Revista\\\/wp-content\\\/uploads\\\/2022\\\/02\\\/logo-guia-combarranquilla.svg\",\"caption\":\"Tu Gu\u00eda Combarranquilla\"},\"image\":{\"@id\":\"https:\\\/\\\/tuguia.combarranquilla.co\\\/Revista\\\/#\\\/schema\\\/logo\\\/image\\\/\"}},{\"@type\":\"Person\",\"@id\":\"https:\\\/\\\/tuguia.combarranquilla.co\\\/Revista\\\/#\\\/schema\\\/person\\\/c2c396a77170bd1d5f8ba73294eb0d10\",\"name\":\"Comunicaciones Combarranquilla\",\"image\":{\"@type\":\"ImageObject\",\"inLanguage\":\"es-CO\",\"@id\":\"https:\\\/\\\/tuguia.combarranquilla.co\\\/Revista\\\/wp-content\\\/uploads\\\/2025\\\/05\\\/ABC-Al-Rojo-Logo-96x96.jpg\",\"url\":\"https:\\\/\\\/tuguia.combarranquilla.co\\\/Revista\\\/wp-content\\\/uploads\\\/2025\\\/05\\\/ABC-Al-Rojo-Logo-96x96.jpg\",\"contentUrl\":\"https:\\\/\\\/tuguia.combarranquilla.co\\\/Revista\\\/wp-content\\\/uploads\\\/2025\\\/05\\\/ABC-Al-Rojo-Logo-96x96.jpg\",\"caption\":\"Comunicaciones Combarranquilla\"},\"sameAs\":[\"https:\\\/\\\/www.combarranquilla.co\"],\"url\":\"https:\\\/\\\/tuguia.combarranquilla.co\\\/Revista\\\/author\\\/comunicaciones\\\/\"}]}<\/script>\n<!-- \/ Yoast SEO plugin. -->","yoast_head_json":{"title":"Belleza natural de la Costa Caribe: \u00a1Descubre Mendihuaca, una laguna encantada! - Tu Gu\u00eda","robots":{"index":"index","follow":"follow","max-snippet":"max-snippet:-1","max-image-preview":"max-image-preview:large","max-video-preview":"max-video-preview:-1"},"canonical":"https:\/\/tuguia.combarranquilla.co\/Revista\/belleza-natural-de-la-costa-caribe-descubre-mendihuaca-una-laguna-encantada\/","og_locale":"es_ES","og_type":"article","og_title":"Belleza natural de la Costa Caribe: \u00a1Descubre Mendihuaca, una laguna encantada! - Tu Gu\u00eda","og_description":"Noviembre es la antesala del fin de a\u00f1o. En tiempos de vacaciones y fin de clases, Combarranquilla ofrece una nueva experiencia para sus afiliados. El 1 de diciembre, \u00fanete a la excursi\u00f3n de la laguna encantada de Mendihuaca. Esta joya tur\u00edstica se encuentra en el departamento del Magdalena, a tan solo 6 KM de Santa [&hellip;]","og_url":"https:\/\/tuguia.combarranquilla.co\/Revista\/belleza-natural-de-la-costa-caribe-descubre-mendihuaca-una-laguna-encantada\/","og_site_name":"Tu Gu\u00eda","article_published_time":"2024-11-07T19:04:00+00:00","article_modified_time":"2024-12-06T15:23:49+00:00","og_image":[{"width":819,"height":1024,"url":"https:\/\/tuguia.combarranquilla.co\/Revista\/wp-content\/uploads\/2024\/11\/LAGUNA-ENCANTADA-Mesa-de-trabajo-1-819x1024.png","type":"image\/png"}],"author":"Comunicaciones Combarranquilla","twitter_card":"summary_large_image","twitter_misc":{"Escrito por":"Comunicaciones Combarranquilla","Tiempo de lectura":"2 minutos"},"schema":{"@context":"https:\/\/schema.org","@graph":[{"@type":"Article","@id":"https:\/\/tuguia.combarranquilla.co\/Revista\/belleza-natural-de-la-costa-caribe-descubre-mendihuaca-una-laguna-encantada\/#article","isPartOf":{"@id":"https:\/\/tuguia.combarranquilla.co\/Revista\/belleza-natural-de-la-costa-caribe-descubre-mendihuaca-una-laguna-encantada\/"},"author":{"name":"Comunicaciones Combarranquilla","@id":"https:\/\/tuguia.combarranquilla.co\/Revista\/#\/schema\/person\/c2c396a77170bd1d5f8ba73294eb0d10"},"headline":"Belleza natural de la Costa Caribe: \u00a1Descubre Mendihuaca, una laguna encantada!","datePublished":"2024-11-07T19:04:00+00:00","dateModified":"2024-12-06T15:23:49+00:00","mainEntityOfPage":{"@id":"https:\/\/tuguia.combarranquilla.co\/Revista\/belleza-natural-de-la-costa-caribe-descubre-mendihuaca-una-laguna-encantada\/"},"wordCount":286,"commentCount":0,"publisher":{"@id":"https:\/\/tuguia.combarranquilla.co\/Revista\/#organization"},"image":{"@id":"https:\/\/tuguia.combarranquilla.co\/Revista\/belleza-natural-de-la-costa-caribe-descubre-mendihuaca-una-laguna-encantada\/#primaryimage"},"thumbnailUrl":"https:\/\/tuguia.combarranquilla.co\/Revista\/wp-content\/uploads\/2024\/11\/LAGUNA-ENCANTADA-Mesa-de-trabajo-1.png","articleSection":["ENTRETENIMIENTO"],"inLanguage":"es-CO","potentialAction":[{"@type":"CommentAction","name":"Comment","target":["https:\/\/tuguia.combarranquilla.co\/Revista\/belleza-natural-de-la-costa-caribe-descubre-mendihuaca-una-laguna-encantada\/#respond"]}]},{"@type":"WebPage","@id":"https:\/\/tuguia.combarranquilla.co\/Revista\/belleza-natural-de-la-costa-caribe-descubre-mendihuaca-una-laguna-encantada\/","url":"https:\/\/tuguia.combarranquilla.co\/Revista\/belleza-natural-de-la-costa-caribe-descubre-mendihuaca-una-laguna-encantada\/","name":"Belleza natural de la Costa Caribe: \u00a1Descubre Mendihuaca, una laguna encantada! - Tu Gu\u00eda","isPartOf":{"@id":"https:\/\/tuguia.combarranquilla.co\/Revista\/#website"},"primaryImageOfPage":{"@id":"https:\/\/tuguia.combarranquilla.co\/Revista\/belleza-natural-de-la-costa-caribe-descubre-mendihuaca-una-laguna-encantada\/#primaryimage"},"image":{"@id":"https:\/\/tuguia.combarranquilla.co\/Revista\/belleza-natural-de-la-costa-caribe-descubre-mendihuaca-una-laguna-encantada\/#primaryimage"},"thumbnailUrl":"https:\/\/tuguia.combarranquilla.co\/Revista\/wp-content\/uploads\/2024\/11\/LAGUNA-ENCANTADA-Mesa-de-trabajo-1.png","datePublished":"2024-11-07T19:04:00+00:00","dateModified":"2024-12-06T15:23:49+00:00","breadcrumb":{"@id":"https:\/\/tuguia.combarranquilla.co\/Revista\/belleza-natural-de-la-costa-caribe-descubre-mendihuaca-una-laguna-encantada\/#breadcrumb"},"inLanguage":"es-CO","potentialAction":[{"@type":"ReadAction","target":["https:\/\/tuguia.combarranquilla.co\/Revista\/belleza-natural-de-la-costa-caribe-descubre-mendihuaca-una-laguna-encantada\/"]}]},{"@type":"ImageObject","inLanguage":"es-CO","@id":"https:\/\/tuguia.combarranquilla.co\/Revista\/belleza-natural-de-la-costa-caribe-descubre-mendihuaca-una-laguna-encantada\/#primaryimage","url":"https:\/\/tuguia.combarranquilla.co\/Revista\/wp-content\/uploads\/2024\/11\/LAGUNA-ENCANTADA-Mesa-de-trabajo-1.png","contentUrl":"https:\/\/tuguia.combarranquilla.co\/Revista\/wp-content\/uploads\/2024\/11\/LAGUNA-ENCANTADA-Mesa-de-trabajo-1.png","width":1080,"height":1350},{"@type":"BreadcrumbList","@id":"https:\/\/tuguia.combarranquilla.co\/Revista\/belleza-natural-de-la-costa-caribe-descubre-mendihuaca-una-laguna-encantada\/#breadcrumb","itemListElement":[{"@type":"ListItem","position":1,"name":"Inicio","item":"https:\/\/tuguia.combarranquilla.co\/Revista\/"},{"@type":"ListItem","position":2,"name":"Belleza natural de la Costa Caribe: \u00a1Descubre Mendihuaca, una laguna encantada!"}]},{"@type":"WebSite","@id":"https:\/\/tuguia.combarranquilla.co\/Revista\/#website","url":"https:\/\/tuguia.combarranquilla.co\/Revista\/","name":"Tu Gu\u00eda","description":"La revista donde lo tienes todo.","publisher":{"@id":"https:\/\/tuguia.combarranquilla.co\/Revista\/#organization"},"alternateName":"Tu Gu\u00eda Combarranquilla","potentialAction":[{"@type":"SearchAction","target":{"@type":"EntryPoint","urlTemplate":"https:\/\/tuguia.combarranquilla.co\/Revista\/?s={search_term_string}"},"query-input":{"@type":"PropertyValueSpecification","valueRequired":true,"valueName":"search_term_string"}}],"inLanguage":"es-CO"},{"@type":"Organization","@id":"https:\/\/tuguia.combarranquilla.co\/Revista\/#organization","name":"Tu Gu\u00eda Combarranquilla","url":"https:\/\/tuguia.combarranquilla.co\/Revista\/","logo":{"@type":"ImageObject","inLanguage":"es-CO","@id":"https:\/\/tuguia.combarranquilla.co\/Revista\/#\/schema\/logo\/image\/","url":"https:\/\/tuguia.combarranquilla.co\/Revista\/wp-content\/uploads\/2022\/02\/logo-guia-combarranquilla.svg","contentUrl":"https:\/\/tuguia.combarranquilla.co\/Revista\/wp-content\/uploads\/2022\/02\/logo-guia-combarranquilla.svg","caption":"Tu Gu\u00eda Combarranquilla"},"image":{"@id":"https:\/\/tuguia.combarranquilla.co\/Revista\/#\/schema\/logo\/image\/"}},{"@type":"Person","@id":"https:\/\/tuguia.combarranquilla.co\/Revista\/#\/schema\/person\/c2c396a77170bd1d5f8ba73294eb0d10","name":"Comunicaciones Combarranquilla","image":{"@type":"ImageObject","inLanguage":"es-CO","@id":"https:\/\/tuguia.combarranquilla.co\/Revista\/wp-content\/uploads\/2025\/05\/ABC-Al-Rojo-Logo-96x96.jpg","url":"https:\/\/tuguia.combarranquilla.co\/Revista\/wp-content\/uploads\/2025\/05\/ABC-Al-Rojo-Logo-96x96.jpg","contentUrl":"https:\/\/tuguia.combarranquilla.co\/Revista\/wp-content\/uploads\/2025\/05\/ABC-Al-Rojo-Logo-96x96.jpg","caption":"Comunicaciones Combarranquilla"},"sameAs":["https:\/\/www.combarranquilla.co"],"url":"https:\/\/tuguia.combarranquilla.co\/Revista\/author\/comunicaciones\/"}]}},"_links":{"self":[{"href":"https:\/\/tuguia.combarranquilla.co\/Revista\/wp-json\/wp\/v2\/posts\/5366","targetHints":{"allow":["GET"]}}],"collection":[{"href":"https:\/\/tuguia.combarranquilla.co\/Revista\/wp-json\/wp\/v2\/posts"}],"about":[{"href":"https:\/\/tuguia.combarranquilla.co\/Revista\/wp-json\/wp\/v2\/types\/post"}],"author":[{"embeddable":true,"href":"https:\/\/tuguia.combarranquilla.co\/Revista\/wp-json\/wp\/v2\/users\/2"}],"replies":[{"embeddable":true,"href":"https:\/\/tuguia.combarranquilla.co\/Revista\/wp-json\/wp\/v2\/comments?post=5366"}],"version-history":[{"count":3,"href":"https:\/\/tuguia.combarranquilla.co\/Revista\/wp-json\/wp\/v2\/posts\/5366\/revisions"}],"predecessor-version":[{"id":5391,"href":"https:\/\/tuguia.combarranquilla.co\/Revista\/wp-json\/wp\/v2\/posts\/5366\/revisions\/5391"}],"wp:featuredmedia":[{"embeddable":true,"href":"https:\/\/tuguia.combarranquilla.co\/Revista\/wp-json\/wp\/v2\/media\/5388"}],"wp:attachment":[{"href":"https:\/\/tuguia.combarranquilla.co\/Revista\/wp-json\/wp\/v2\/media?parent=5366"}],"wp:term":[{"taxonomy":"category","embeddable":true,"href":"https:\/\/tuguia.combarranquilla.co\/Revista\/wp-json\/wp\/v2\/categories?post=5366"},{"taxonomy":"post_tag","embeddable":true,"href":"https:\/\/tuguia.combarranquilla.co\/Revista\/wp-json\/wp\/v2\/tags?post=5366"}],"curies":[{"name":"wp","href":"https:\/\/api.w.org\/{rel}","templated":true}]}}