{"id":5379,"date":"2024-12-16T13:32:55","date_gmt":"2024-12-16T18:32:55","guid":{"rendered":"https:\/\/tuguia.combarranquilla.co\/Revista\/?p=5379"},"modified":"2024-12-16T13:58:21","modified_gmt":"2024-12-16T18:58:21","slug":"conoce-que-actividades-hacer-en-barranquilla-y-sus-alrededores-en-diciembre","status":"publish","type":"post","link":"https:\/\/tuguia.combarranquilla.co\/Revista\/conoce-que-actividades-hacer-en-barranquilla-y-sus-alrededores-en-diciembre\/","title":{"rendered":"Conoce qu\u00e9 actividades hacer en Barranquilla y sus alrededores en diciembre"},"content":{"rendered":"\n<p class=\"has-medium-font-size\">Durante la \u00e9poca decembrina, Barranquilla y sus alrededores te ofrecen diversidad de actividades para que disfrutes y compartas en familia una temporada llena de mucho amor, paz y alegr\u00eda.<\/p>\n\n\n\n<h2 class=\"wp-block-heading has-large-font-size\"><strong>Lugares imperdibles para disfrutar durante la temporada<\/strong><\/h2>\n\n\n\n<h2 class=\"wp-block-heading has-medium-font-size\"><strong>Recorrido por el alumbrado navide\u00f1o<\/strong><\/h2>\n\n\n\n<p class=\"has-medium-font-size\">Barranquilla cuenta con alumbrado navide\u00f1o en el Malec\u00f3n del barrio Rebolo y en el Gran Malec\u00f3n del R\u00edo. Tiene m\u00e1s de un mill\u00f3n de luces LED alusivas a la temporada.&nbsp;Un plan que no te puedes perder durante esta maravillosa \u00e9poca.<\/p>\n\n\n\n<figure class=\"wp-block-image size-large is-resized\"><img decoding=\"async\" width=\"1024\" height=\"457\" data-src=\"https:\/\/tuguia.combarranquilla.co\/Revista\/wp-content\/uploads\/2024\/12\/674cf1e3f3e69-1024x457.jpeg\" alt=\"\" class=\"wp-image-5404 lazyload\" style=\"--smush-placeholder-width: 1024px; --smush-placeholder-aspect-ratio: 1024\/457;width:840px;height:auto\" data-srcset=\"https:\/\/tuguia.combarranquilla.co\/Revista\/wp-content\/uploads\/2024\/12\/674cf1e3f3e69-1024x457.jpeg 1024w, https:\/\/tuguia.combarranquilla.co\/Revista\/wp-content\/uploads\/2024\/12\/674cf1e3f3e69-300x134.jpeg 300w, https:\/\/tuguia.combarranquilla.co\/Revista\/wp-content\/uploads\/2024\/12\/674cf1e3f3e69-768x342.jpeg 768w, https:\/\/tuguia.combarranquilla.co\/Revista\/wp-content\/uploads\/2024\/12\/674cf1e3f3e69.jpeg 1200w\" data-sizes=\"(max-width: 1024px) 100vw, 1024px\" src=\"data:image\/svg+xml;base64,PHN2ZyB3aWR0aD0iMSIgaGVpZ2h0PSIxIiB4bWxucz0iaHR0cDovL3d3dy53My5vcmcvMjAwMC9zdmciPjwvc3ZnPg==\" \/><figcaption class=\"wp-element-caption\"><em>Tomado de: https:\/\/www.eltiempo.com\/colombia\/barranquilla\/barranquilla-enciende-de-manera-oficial-su-alumbrado-navideno-cuenta-con-mas-de-un-millon-de-luces-led-3404958<\/em><\/figcaption><\/figure>\n\n\n\n<h2 class=\"wp-block-heading has-medium-font-size\"><strong>Monumento Ventana al Mundo<\/strong><\/h2>\n\n\n\n<p class=\"has-medium-font-size\">Monumento que representa el desarrollo y el crecimiento de Barranquilla como ciudad. El lugar ideal para tomarte fotos modernas y guardar lindos recuerdos.<\/p>\n\n\n\n<figure class=\"wp-block-image size-large\"><img decoding=\"async\" width=\"1024\" height=\"575\" data-src=\"https:\/\/tuguia.combarranquilla.co\/Revista\/wp-content\/uploads\/2024\/12\/DJI_0652-1-1024x575.jpg\" alt=\"\" class=\"wp-image-5396 lazyload\" data-srcset=\"https:\/\/tuguia.combarranquilla.co\/Revista\/wp-content\/uploads\/2024\/12\/DJI_0652-1-1024x575.jpg 1024w, https:\/\/tuguia.combarranquilla.co\/Revista\/wp-content\/uploads\/2024\/12\/DJI_0652-1-300x169.jpg 300w, https:\/\/tuguia.combarranquilla.co\/Revista\/wp-content\/uploads\/2024\/12\/DJI_0652-1-768x431.jpg 768w, https:\/\/tuguia.combarranquilla.co\/Revista\/wp-content\/uploads\/2024\/12\/DJI_0652-1-1536x863.jpg 1536w, https:\/\/tuguia.combarranquilla.co\/Revista\/wp-content\/uploads\/2024\/12\/DJI_0652-1-2048x1150.jpg 2048w\" data-sizes=\"(max-width: 1024px) 100vw, 1024px\" src=\"data:image\/svg+xml;base64,PHN2ZyB3aWR0aD0iMSIgaGVpZ2h0PSIxIiB4bWxucz0iaHR0cDovL3d3dy53My5vcmcvMjAwMC9zdmciPjwvc3ZnPg==\" style=\"--smush-placeholder-width: 1024px; --smush-placeholder-aspect-ratio: 1024\/575;\" \/><\/figure>\n\n\n\n<h2 class=\"wp-block-heading has-medium-font-size\"><strong>Monumento Aleta de Tibur\u00f3n<\/strong><\/h2>\n\n\n\n<p class=\"has-medium-font-size\">Monumento en homenaje al equipo de f\u00fatbol representativo de la ciudad: el Junior. Tiene forma de aleta de tibur\u00f3n, cubierto en vidrio y refleja los colores del equipo. Lugar imperdible para visitar y conocer a los jugadores que han hecho parte del equipo.<\/p>\n\n\n\n<figure class=\"wp-block-image size-full\"><img decoding=\"async\" width=\"880\" height=\"495\" data-src=\"https:\/\/tuguia.combarranquilla.co\/Revista\/wp-content\/uploads\/2024\/12\/200311-4.jpg\" alt=\"\" class=\"wp-image-5405 lazyload\" data-srcset=\"https:\/\/tuguia.combarranquilla.co\/Revista\/wp-content\/uploads\/2024\/12\/200311-4.jpg 880w, https:\/\/tuguia.combarranquilla.co\/Revista\/wp-content\/uploads\/2024\/12\/200311-4-300x169.jpg 300w, https:\/\/tuguia.combarranquilla.co\/Revista\/wp-content\/uploads\/2024\/12\/200311-4-768x432.jpg 768w\" data-sizes=\"(max-width: 880px) 100vw, 880px\" src=\"data:image\/svg+xml;base64,PHN2ZyB3aWR0aD0iMSIgaGVpZ2h0PSIxIiB4bWxucz0iaHR0cDovL3d3dy53My5vcmcvMjAwMC9zdmciPjwvc3ZnPg==\" style=\"--smush-placeholder-width: 880px; --smush-placeholder-aspect-ratio: 880\/495;\" \/><figcaption class=\"wp-element-caption\"><em>Tomado de: https:\/\/locationcolombia.com\/locacion\/monumento-aleta-de-tiburon\/<\/em><\/figcaption><\/figure>\n\n\n\n<h2 class=\"wp-block-heading has-medium-font-size\"><strong>Puerto Mocho<\/strong><\/h2>\n\n\n\n<p class=\"has-medium-font-size\">Atractivo ecotur\u00edstico, recuperado por la Alcald\u00eda de Barranquilla, donde podr\u00e1s disfrutar sol, arena, olas y una deliciosa gastronom\u00eda caribe\u00f1a.&nbsp;<\/p>\n\n\n\n<figure class=\"wp-block-image size-large\"><img decoding=\"async\" width=\"1024\" height=\"576\" data-src=\"https:\/\/tuguia.combarranquilla.co\/Revista\/wp-content\/uploads\/2024\/12\/DJI_0961-1024x576.jpg\" alt=\"\" class=\"wp-image-5401 lazyload\" data-srcset=\"https:\/\/tuguia.combarranquilla.co\/Revista\/wp-content\/uploads\/2024\/12\/DJI_0961-1024x576.jpg 1024w, https:\/\/tuguia.combarranquilla.co\/Revista\/wp-content\/uploads\/2024\/12\/DJI_0961-300x169.jpg 300w, https:\/\/tuguia.combarranquilla.co\/Revista\/wp-content\/uploads\/2024\/12\/DJI_0961-768x432.jpg 768w, https:\/\/tuguia.combarranquilla.co\/Revista\/wp-content\/uploads\/2024\/12\/DJI_0961-1536x864.jpg 1536w, https:\/\/tuguia.combarranquilla.co\/Revista\/wp-content\/uploads\/2024\/12\/DJI_0961-2048x1152.jpg 2048w\" data-sizes=\"(max-width: 1024px) 100vw, 1024px\" src=\"data:image\/svg+xml;base64,PHN2ZyB3aWR0aD0iMSIgaGVpZ2h0PSIxIiB4bWxucz0iaHR0cDovL3d3dy53My5vcmcvMjAwMC9zdmciPjwvc3ZnPg==\" style=\"--smush-placeholder-width: 1024px; --smush-placeholder-aspect-ratio: 1024\/576;\" \/><\/figure>\n\n\n\n<h2 class=\"wp-block-heading has-medium-font-size\"><strong>Planetario Combarranquilla<\/strong><\/h2>\n\n\n\n<p class=\"has-medium-font-size\">El \u00fanico de la regi\u00f3n Caribe. Un lugar interesante e interactivo para todas las edades, en el que podr\u00e1s aprender temas acerca del cosmos, la astronom\u00eda y la observaci\u00f3n estelar.<\/p>\n\n\n\n<figure class=\"wp-block-image size-large\"><img decoding=\"async\" width=\"1024\" height=\"683\" data-src=\"https:\/\/tuguia.combarranquilla.co\/Revista\/wp-content\/uploads\/2024\/12\/DSC8230-1024x683.jpg\" alt=\"\" class=\"wp-image-5402 lazyload\" data-srcset=\"https:\/\/tuguia.combarranquilla.co\/Revista\/wp-content\/uploads\/2024\/12\/DSC8230-1024x683.jpg 1024w, https:\/\/tuguia.combarranquilla.co\/Revista\/wp-content\/uploads\/2024\/12\/DSC8230-300x200.jpg 300w, https:\/\/tuguia.combarranquilla.co\/Revista\/wp-content\/uploads\/2024\/12\/DSC8230-768x512.jpg 768w, https:\/\/tuguia.combarranquilla.co\/Revista\/wp-content\/uploads\/2024\/12\/DSC8230-1536x1024.jpg 1536w, https:\/\/tuguia.combarranquilla.co\/Revista\/wp-content\/uploads\/2024\/12\/DSC8230-2048x1365.jpg 2048w\" data-sizes=\"(max-width: 1024px) 100vw, 1024px\" src=\"data:image\/svg+xml;base64,PHN2ZyB3aWR0aD0iMSIgaGVpZ2h0PSIxIiB4bWxucz0iaHR0cDovL3d3dy53My5vcmcvMjAwMC9zdmciPjwvc3ZnPg==\" style=\"--smush-placeholder-width: 1024px; --smush-placeholder-aspect-ratio: 1024\/683;\" \/><\/figure>\n\n\n\n<h2 class=\"wp-block-heading has-medium-font-size\"><strong>Imagenia Centro Interactivo Combarranquilla<\/strong><\/h2>\n\n\n\n<p class=\"has-medium-font-size\">Espacio interactivo que combina la ciencia, el juego y la tecnolog\u00eda, donde t\u00fa y tu familia podr\u00e1n informarse sobre el clima, las tecnolog\u00edas de la informaci\u00f3n y la comunicaci\u00f3n, y los fen\u00f3menos de la naturaleza presentes en nuestra vida diaria.<\/p>\n\n\n\n<figure class=\"wp-block-image size-large\"><img decoding=\"async\" width=\"1024\" height=\"683\" data-src=\"https:\/\/tuguia.combarranquilla.co\/Revista\/wp-content\/uploads\/2024\/12\/Imagenia-3-1024x683.jpg\" alt=\"\" class=\"wp-image-5407 lazyload\" data-srcset=\"https:\/\/tuguia.combarranquilla.co\/Revista\/wp-content\/uploads\/2024\/12\/Imagenia-3-1024x683.jpg 1024w, https:\/\/tuguia.combarranquilla.co\/Revista\/wp-content\/uploads\/2024\/12\/Imagenia-3-300x200.jpg 300w, https:\/\/tuguia.combarranquilla.co\/Revista\/wp-content\/uploads\/2024\/12\/Imagenia-3-768x512.jpg 768w, https:\/\/tuguia.combarranquilla.co\/Revista\/wp-content\/uploads\/2024\/12\/Imagenia-3-1536x1024.jpg 1536w, https:\/\/tuguia.combarranquilla.co\/Revista\/wp-content\/uploads\/2024\/12\/Imagenia-3-2048x1365.jpg 2048w\" data-sizes=\"(max-width: 1024px) 100vw, 1024px\" src=\"data:image\/svg+xml;base64,PHN2ZyB3aWR0aD0iMSIgaGVpZ2h0PSIxIiB4bWxucz0iaHR0cDovL3d3dy53My5vcmcvMjAwMC9zdmciPjwvc3ZnPg==\" style=\"--smush-placeholder-width: 1024px; --smush-placeholder-aspect-ratio: 1024\/683;\" \/><\/figure>\n\n\n\n<h2 class=\"wp-block-heading has-medium-font-size\"><strong>Muelle 1888<\/strong><\/h2>\n\n\n\n<p class=\"has-medium-font-size\">Donde las mil culturas convergen. Inaugurado este a\u00f1o, en el Muelle 1888 podr\u00e1s saciar tu paladar con ofertas gastron\u00f3micas de diferentes pa\u00edses alrededor del mundo. Adem\u00e1s, es un hermoso lugar en el que puedes tomarte fotos frente al mar.<\/p>\n\n\n\n<figure class=\"wp-block-image size-large\"><img decoding=\"async\" width=\"1024\" height=\"576\" data-src=\"https:\/\/tuguia.combarranquilla.co\/Revista\/wp-content\/uploads\/2024\/12\/DJI_0878-1-1024x576.jpg\" alt=\"\" class=\"wp-image-5398 lazyload\" data-srcset=\"https:\/\/tuguia.combarranquilla.co\/Revista\/wp-content\/uploads\/2024\/12\/DJI_0878-1-1024x576.jpg 1024w, https:\/\/tuguia.combarranquilla.co\/Revista\/wp-content\/uploads\/2024\/12\/DJI_0878-1-300x169.jpg 300w, https:\/\/tuguia.combarranquilla.co\/Revista\/wp-content\/uploads\/2024\/12\/DJI_0878-1-768x432.jpg 768w, https:\/\/tuguia.combarranquilla.co\/Revista\/wp-content\/uploads\/2024\/12\/DJI_0878-1-1536x864.jpg 1536w, https:\/\/tuguia.combarranquilla.co\/Revista\/wp-content\/uploads\/2024\/12\/DJI_0878-1-2048x1152.jpg 2048w\" data-sizes=\"(max-width: 1024px) 100vw, 1024px\" src=\"data:image\/svg+xml;base64,PHN2ZyB3aWR0aD0iMSIgaGVpZ2h0PSIxIiB4bWxucz0iaHR0cDovL3d3dy53My5vcmcvMjAwMC9zdmciPjwvc3ZnPg==\" style=\"--smush-placeholder-width: 1024px; --smush-placeholder-aspect-ratio: 1024\/576;\" \/><\/figure>\n\n\n\n<h2 class=\"wp-block-heading has-medium-font-size\"><strong>La Ventana de Sue\u00f1os<\/strong><\/h2>\n\n\n\n<p class=\"has-medium-font-size\">El faro m\u00e1s alto del pa\u00eds est\u00e1 muy cerca de Barranquilla, en el municipio Puerto Colombia. Este atractivo es ideal para las familias que quieren apreciar su estructura y conocer la historia de migraci\u00f3n en las costas del Caribe colombiano.<\/p>\n\n\n\n<figure class=\"wp-block-image size-large\"><img decoding=\"async\" width=\"1024\" height=\"575\" data-src=\"https:\/\/tuguia.combarranquilla.co\/Revista\/wp-content\/uploads\/2024\/12\/DJI_0778-1024x575.jpg\" alt=\"\" class=\"wp-image-5397 lazyload\" data-srcset=\"https:\/\/tuguia.combarranquilla.co\/Revista\/wp-content\/uploads\/2024\/12\/DJI_0778-1024x575.jpg 1024w, https:\/\/tuguia.combarranquilla.co\/Revista\/wp-content\/uploads\/2024\/12\/DJI_0778-300x169.jpg 300w, https:\/\/tuguia.combarranquilla.co\/Revista\/wp-content\/uploads\/2024\/12\/DJI_0778-768x431.jpg 768w, https:\/\/tuguia.combarranquilla.co\/Revista\/wp-content\/uploads\/2024\/12\/DJI_0778-1536x863.jpg 1536w, https:\/\/tuguia.combarranquilla.co\/Revista\/wp-content\/uploads\/2024\/12\/DJI_0778-2048x1151.jpg 2048w\" data-sizes=\"(max-width: 1024px) 100vw, 1024px\" src=\"data:image\/svg+xml;base64,PHN2ZyB3aWR0aD0iMSIgaGVpZ2h0PSIxIiB4bWxucz0iaHR0cDovL3d3dy53My5vcmcvMjAwMC9zdmciPjwvc3ZnPg==\" style=\"--smush-placeholder-width: 1024px; --smush-placeholder-aspect-ratio: 1024\/575;\" \/><\/figure>\n\n\n\n<h2 class=\"wp-block-heading has-medium-font-size\"><strong>Centro Recreacional Solinilla<\/strong><\/h2>\n\n\n\n<p class=\"has-medium-font-size\">Un sitio de integraci\u00f3n y diversi\u00f3n, con acceso a alojamiento, piscinas y restaurante. Es perfecto para pasar tiempo de calidad con allegados, mientras el sol se posa sobre el mar.<\/p>\n\n\n\n<figure class=\"wp-block-image size-large\"><img decoding=\"async\" width=\"1024\" height=\"768\" data-src=\"https:\/\/tuguia.combarranquilla.co\/Revista\/wp-content\/uploads\/2024\/12\/WhatsApp-Image-2024-01-03-at-2.32.26-PM-1024x768.jpeg\" alt=\"\" class=\"wp-image-5406 lazyload\" data-srcset=\"https:\/\/tuguia.combarranquilla.co\/Revista\/wp-content\/uploads\/2024\/12\/WhatsApp-Image-2024-01-03-at-2.32.26-PM-1024x768.jpeg 1024w, https:\/\/tuguia.combarranquilla.co\/Revista\/wp-content\/uploads\/2024\/12\/WhatsApp-Image-2024-01-03-at-2.32.26-PM-300x225.jpeg 300w, https:\/\/tuguia.combarranquilla.co\/Revista\/wp-content\/uploads\/2024\/12\/WhatsApp-Image-2024-01-03-at-2.32.26-PM-768x576.jpeg 768w, https:\/\/tuguia.combarranquilla.co\/Revista\/wp-content\/uploads\/2024\/12\/WhatsApp-Image-2024-01-03-at-2.32.26-PM-1536x1152.jpeg 1536w, https:\/\/tuguia.combarranquilla.co\/Revista\/wp-content\/uploads\/2024\/12\/WhatsApp-Image-2024-01-03-at-2.32.26-PM.jpeg 1600w\" data-sizes=\"(max-width: 1024px) 100vw, 1024px\" src=\"data:image\/svg+xml;base64,PHN2ZyB3aWR0aD0iMSIgaGVpZ2h0PSIxIiB4bWxucz0iaHR0cDovL3d3dy53My5vcmcvMjAwMC9zdmciPjwvc3ZnPg==\" style=\"--smush-placeholder-width: 1024px; --smush-placeholder-aspect-ratio: 1024\/768;\" \/><\/figure>\n\n\n\n<h2 class=\"wp-block-heading has-medium-font-size\"><strong>Gran Malec\u00f3n del R\u00edo<\/strong><\/h2>\n\n\n\n<p class=\"has-medium-font-size\">Un sitio de esparcimiento familiar, que cuenta con zonas verdes y diferentes sectores para disfrutar: sector gastron\u00f3mico, sector recreativo, sector deportivo y sector cultural.<\/p>\n\n\n\n<figure class=\"wp-block-image size-large\"><img decoding=\"async\" width=\"1024\" height=\"576\" data-src=\"https:\/\/tuguia.combarranquilla.co\/Revista\/wp-content\/uploads\/2024\/12\/DJI_0926-1024x576.jpg\" alt=\"\" class=\"wp-image-5399 lazyload\" data-srcset=\"https:\/\/tuguia.combarranquilla.co\/Revista\/wp-content\/uploads\/2024\/12\/DJI_0926-1024x576.jpg 1024w, https:\/\/tuguia.combarranquilla.co\/Revista\/wp-content\/uploads\/2024\/12\/DJI_0926-300x169.jpg 300w, https:\/\/tuguia.combarranquilla.co\/Revista\/wp-content\/uploads\/2024\/12\/DJI_0926-768x432.jpg 768w, https:\/\/tuguia.combarranquilla.co\/Revista\/wp-content\/uploads\/2024\/12\/DJI_0926-1536x864.jpg 1536w, https:\/\/tuguia.combarranquilla.co\/Revista\/wp-content\/uploads\/2024\/12\/DJI_0926-2048x1152.jpg 2048w\" data-sizes=\"(max-width: 1024px) 100vw, 1024px\" src=\"data:image\/svg+xml;base64,PHN2ZyB3aWR0aD0iMSIgaGVpZ2h0PSIxIiB4bWxucz0iaHR0cDovL3d3dy53My5vcmcvMjAwMC9zdmciPjwvc3ZnPg==\" style=\"--smush-placeholder-width: 1024px; --smush-placeholder-aspect-ratio: 1024\/576;\" \/><\/figure>\n\n\n\n<h2 class=\"wp-block-heading has-medium-font-size\"><strong>Ecoparque Ci\u00e9naga de Mallorqu\u00ed<\/strong>n<\/h2>\n\n\n\n<p class=\"has-medium-font-size\">Ecoparque tur\u00edstico donde podr\u00e1s caminar entre inmensos manglares, disfrutar de la naturaleza y la gran variedad de especies que habitan en la ci\u00e9naga.<\/p>\n\n\n\n<figure class=\"wp-block-image size-large\"><img decoding=\"async\" width=\"1024\" height=\"576\" data-src=\"https:\/\/tuguia.combarranquilla.co\/Revista\/wp-content\/uploads\/2024\/12\/DJI_0991-1024x576.jpg\" alt=\"\" class=\"wp-image-5400 lazyload\" data-srcset=\"https:\/\/tuguia.combarranquilla.co\/Revista\/wp-content\/uploads\/2024\/12\/DJI_0991-1024x576.jpg 1024w, https:\/\/tuguia.combarranquilla.co\/Revista\/wp-content\/uploads\/2024\/12\/DJI_0991-300x169.jpg 300w, https:\/\/tuguia.combarranquilla.co\/Revista\/wp-content\/uploads\/2024\/12\/DJI_0991-768x432.jpg 768w, https:\/\/tuguia.combarranquilla.co\/Revista\/wp-content\/uploads\/2024\/12\/DJI_0991-1536x864.jpg 1536w, https:\/\/tuguia.combarranquilla.co\/Revista\/wp-content\/uploads\/2024\/12\/DJI_0991-2048x1152.jpg 2048w\" data-sizes=\"(max-width: 1024px) 100vw, 1024px\" src=\"data:image\/svg+xml;base64,PHN2ZyB3aWR0aD0iMSIgaGVpZ2h0PSIxIiB4bWxucz0iaHR0cDovL3d3dy53My5vcmcvMjAwMC9zdmciPjwvc3ZnPg==\" style=\"--smush-placeholder-width: 1024px; --smush-placeholder-aspect-ratio: 1024\/576;\" \/><\/figure>\n\n\n\n<p class=\"has-medium-font-size\"><strong>Piscinas Unidad Country y Boston<\/strong><\/p>\n\n\n\n<p class=\"has-medium-font-size\">Son el lugar ideal para relajarte y disfrutar de la diversi\u00f3n acu\u00e1tica en familia. Cuentan con zona para ni\u00f1os y adultos, y servicios de cafeter\u00eda por si deseas almorzar o tomar una merienda.<\/p>\n\n\n\n<div class=\"wp-block-columns is-layout-flex wp-container-core-columns-is-layout-9d6595d7 wp-block-columns-is-layout-flex\">\n<div class=\"wp-block-column is-layout-flow wp-block-column-is-layout-flow\">\n<figure class=\"wp-block-image size-large is-resized\"><img decoding=\"async\" width=\"2420\" height=\"1614\" data-src=\"https:\/\/tuguia.combarranquilla.co\/Revista\/wp-content\/uploads\/2024\/12\/processed-FAD94559-018E-49A9-A0DD-95D03F698810-5838B9FC-9F6D-4BEF-91A9-7E63989EAD23-edited.jpeg\" alt=\"\" class=\"wp-image-5449 lazyload\" style=\"--smush-placeholder-width: 2420px; --smush-placeholder-aspect-ratio: 2420\/1614;width:415px;height:auto\" data-srcset=\"https:\/\/tuguia.combarranquilla.co\/Revista\/wp-content\/uploads\/2024\/12\/processed-FAD94559-018E-49A9-A0DD-95D03F698810-5838B9FC-9F6D-4BEF-91A9-7E63989EAD23-edited.jpeg 2420w, https:\/\/tuguia.combarranquilla.co\/Revista\/wp-content\/uploads\/2024\/12\/processed-FAD94559-018E-49A9-A0DD-95D03F698810-5838B9FC-9F6D-4BEF-91A9-7E63989EAD23-edited-300x200.jpeg 300w, https:\/\/tuguia.combarranquilla.co\/Revista\/wp-content\/uploads\/2024\/12\/processed-FAD94559-018E-49A9-A0DD-95D03F698810-5838B9FC-9F6D-4BEF-91A9-7E63989EAD23-edited-1024x683.jpeg 1024w, https:\/\/tuguia.combarranquilla.co\/Revista\/wp-content\/uploads\/2024\/12\/processed-FAD94559-018E-49A9-A0DD-95D03F698810-5838B9FC-9F6D-4BEF-91A9-7E63989EAD23-edited-768x512.jpeg 768w, https:\/\/tuguia.combarranquilla.co\/Revista\/wp-content\/uploads\/2024\/12\/processed-FAD94559-018E-49A9-A0DD-95D03F698810-5838B9FC-9F6D-4BEF-91A9-7E63989EAD23-edited-1536x1024.jpeg 1536w, https:\/\/tuguia.combarranquilla.co\/Revista\/wp-content\/uploads\/2024\/12\/processed-FAD94559-018E-49A9-A0DD-95D03F698810-5838B9FC-9F6D-4BEF-91A9-7E63989EAD23-edited-2048x1366.jpeg 2048w\" data-sizes=\"(max-width: 2420px) 100vw, 2420px\" src=\"data:image\/svg+xml;base64,PHN2ZyB3aWR0aD0iMSIgaGVpZ2h0PSIxIiB4bWxucz0iaHR0cDovL3d3dy53My5vcmcvMjAwMC9zdmciPjwvc3ZnPg==\" \/><figcaption class=\"wp-element-caption\">Unidad Country &#8211; Calle 76 # 57-61<\/figcaption><\/figure>\n<\/div>\n\n\n\n<div class=\"wp-block-column is-layout-flow wp-block-column-is-layout-flow\">\n<figure class=\"wp-block-image size-large\"><img decoding=\"async\" width=\"1024\" height=\"683\" data-src=\"https:\/\/tuguia.combarranquilla.co\/Revista\/wp-content\/uploads\/2024\/12\/processed-4B354812-C7B5-4D1E-A432-ECF0F74349AD-2C8FE9F8-160B-420B-B67A-44F07037DCBF-1024x683.jpeg\" alt=\"\" class=\"wp-image-5446 lazyload\" data-srcset=\"https:\/\/tuguia.combarranquilla.co\/Revista\/wp-content\/uploads\/2024\/12\/processed-4B354812-C7B5-4D1E-A432-ECF0F74349AD-2C8FE9F8-160B-420B-B67A-44F07037DCBF-1024x683.jpeg 1024w, https:\/\/tuguia.combarranquilla.co\/Revista\/wp-content\/uploads\/2024\/12\/processed-4B354812-C7B5-4D1E-A432-ECF0F74349AD-2C8FE9F8-160B-420B-B67A-44F07037DCBF-300x200.jpeg 300w, https:\/\/tuguia.combarranquilla.co\/Revista\/wp-content\/uploads\/2024\/12\/processed-4B354812-C7B5-4D1E-A432-ECF0F74349AD-2C8FE9F8-160B-420B-B67A-44F07037DCBF-768x512.jpeg 768w, https:\/\/tuguia.combarranquilla.co\/Revista\/wp-content\/uploads\/2024\/12\/processed-4B354812-C7B5-4D1E-A432-ECF0F74349AD-2C8FE9F8-160B-420B-B67A-44F07037DCBF-1536x1025.jpeg 1536w, https:\/\/tuguia.combarranquilla.co\/Revista\/wp-content\/uploads\/2024\/12\/processed-4B354812-C7B5-4D1E-A432-ECF0F74349AD-2C8FE9F8-160B-420B-B67A-44F07037DCBF-2048x1367.jpeg 2048w\" data-sizes=\"(max-width: 1024px) 100vw, 1024px\" src=\"data:image\/svg+xml;base64,PHN2ZyB3aWR0aD0iMSIgaGVpZ2h0PSIxIiB4bWxucz0iaHR0cDovL3d3dy53My5vcmcvMjAwMC9zdmciPjwvc3ZnPg==\" style=\"--smush-placeholder-width: 1024px; --smush-placeholder-aspect-ratio: 1024\/683;\" \/><figcaption class=\"wp-element-caption\">Unidad Boston &#8211; Cra. 43 # 63B-107<\/figcaption><\/figure>\n<\/div>\n<\/div>\n\n\n\n<h2 class=\"wp-block-heading has-large-font-size\"><strong>Conoce m\u00e1s sobre los servicios de Combarranquilla<\/strong><\/h2>\n\n\n\n<p class=\"has-medium-font-size\">No te quedes sin la oportunidad de visitarnos durante estas vacaciones en nuestras unidades Country, Boston y en el Centro Recreacional Solinilla.<\/p>\n\n\n\n<h2 class=\"wp-block-heading has-medium-font-size\"><strong>Unidad Boston &#8211; Planetario e Imagenia<\/strong><\/h2>\n\n\n\n<h2 class=\"wp-block-heading has-medium-font-size\"><strong>Horario temporada de vacaciones del 11 de diciembre al 17 de enero<\/strong><\/h2>\n\n\n<div class=\"wp-block-image\">\n<figure class=\"aligncenter size-large is-resized\"><img decoding=\"async\" width=\"819\" height=\"1024\" data-src=\"https:\/\/tuguia.combarranquilla.co\/Revista\/wp-content\/uploads\/2024\/12\/processed-A6D95466-10A8-4CB7-957E-A252E57E32C8-A77F64D1-51B2-4037-B53A-A98D9153C036-819x1024.jpeg\" alt=\"\" class=\"wp-image-5435 lazyload\" style=\"--smush-placeholder-width: 819px; --smush-placeholder-aspect-ratio: 819\/1024;width:529px;height:auto\" data-srcset=\"https:\/\/tuguia.combarranquilla.co\/Revista\/wp-content\/uploads\/2024\/12\/processed-A6D95466-10A8-4CB7-957E-A252E57E32C8-A77F64D1-51B2-4037-B53A-A98D9153C036-819x1024.jpeg 819w, https:\/\/tuguia.combarranquilla.co\/Revista\/wp-content\/uploads\/2024\/12\/processed-A6D95466-10A8-4CB7-957E-A252E57E32C8-A77F64D1-51B2-4037-B53A-A98D9153C036-240x300.jpeg 240w, https:\/\/tuguia.combarranquilla.co\/Revista\/wp-content\/uploads\/2024\/12\/processed-A6D95466-10A8-4CB7-957E-A252E57E32C8-A77F64D1-51B2-4037-B53A-A98D9153C036-768x960.jpeg 768w, https:\/\/tuguia.combarranquilla.co\/Revista\/wp-content\/uploads\/2024\/12\/processed-A6D95466-10A8-4CB7-957E-A252E57E32C8-A77F64D1-51B2-4037-B53A-A98D9153C036-1229x1536.jpeg 1229w, https:\/\/tuguia.combarranquilla.co\/Revista\/wp-content\/uploads\/2024\/12\/processed-A6D95466-10A8-4CB7-957E-A252E57E32C8-A77F64D1-51B2-4037-B53A-A98D9153C036-1638x2048.jpeg 1638w, https:\/\/tuguia.combarranquilla.co\/Revista\/wp-content\/uploads\/2024\/12\/processed-A6D95466-10A8-4CB7-957E-A252E57E32C8-A77F64D1-51B2-4037-B53A-A98D9153C036.jpeg 1870w\" data-sizes=\"(max-width: 819px) 100vw, 819px\" src=\"data:image\/svg+xml;base64,PHN2ZyB3aWR0aD0iMSIgaGVpZ2h0PSIxIiB4bWxucz0iaHR0cDovL3d3dy53My5vcmcvMjAwMC9zdmciPjwvc3ZnPg==\" \/><\/figure><\/div>\n\n\n<figure class=\"wp-block-table is-style-stripes\"><table class=\"has-background has-fixed-layout\" style=\"background-color:#c0d7c0\"><tbody><tr><td><strong>Planetario + Imagenia<\/strong> <strong>(funciones familiares)<\/strong><\/td><td><strong>Tarifas<\/strong><\/td><\/tr><tr><td><strong>Categor\u00eda A (grupo familiar)<\/strong><\/td><td>$4.300<\/td><\/tr><tr><td><strong>Categor\u00eda B (grupo familiar)<\/strong><\/td><td>$6.200<\/td><\/tr><tr><td><strong>Categor\u00eda C (p\/p.)<\/strong><\/td><td>$20.100<\/td><\/tr><tr><td><strong>No afiliado (p\/p).<\/strong><\/td><td>$26.700<\/td><\/tr><\/tbody><\/table><\/figure>\n\n\n\n<p class=\"has-medium-font-size\">En estas vacaciones, el Planetario tambi\u00e9n contar\u00e1 con un curso de Astronom\u00eda Recreativa y una Noche de Estrellas, para que puedas tener acceso a diferentes actividades de esparcimiento durante la \u00e9poca decembrina.<\/p>\n\n\n\n<h2 class=\"wp-block-heading has-medium-font-size\"><strong>Conoce m\u00e1s informaci\u00f3n acerca de estas actividades:<\/strong><\/h2>\n\n\n\n<div class=\"wp-block-columns is-layout-flex wp-container-core-columns-is-layout-9d6595d7 wp-block-columns-is-layout-flex\">\n<div class=\"wp-block-column is-layout-flow wp-block-column-is-layout-flow\">\n<figure class=\"wp-block-image size-large\"><img decoding=\"async\" width=\"819\" height=\"1024\" data-src=\"https:\/\/tuguia.combarranquilla.co\/Revista\/wp-content\/uploads\/2024\/12\/processed-06B813D4-0200-4BE3-B49B-4CF681156ED8-2E6A9059-98C5-443A-A2A4-AF0D88F8367B-819x1024.jpeg\" alt=\"\" class=\"wp-image-5438 lazyload\" data-srcset=\"https:\/\/tuguia.combarranquilla.co\/Revista\/wp-content\/uploads\/2024\/12\/processed-06B813D4-0200-4BE3-B49B-4CF681156ED8-2E6A9059-98C5-443A-A2A4-AF0D88F8367B-819x1024.jpeg 819w, https:\/\/tuguia.combarranquilla.co\/Revista\/wp-content\/uploads\/2024\/12\/processed-06B813D4-0200-4BE3-B49B-4CF681156ED8-2E6A9059-98C5-443A-A2A4-AF0D88F8367B-240x300.jpeg 240w, https:\/\/tuguia.combarranquilla.co\/Revista\/wp-content\/uploads\/2024\/12\/processed-06B813D4-0200-4BE3-B49B-4CF681156ED8-2E6A9059-98C5-443A-A2A4-AF0D88F8367B-768x960.jpeg 768w, https:\/\/tuguia.combarranquilla.co\/Revista\/wp-content\/uploads\/2024\/12\/processed-06B813D4-0200-4BE3-B49B-4CF681156ED8-2E6A9059-98C5-443A-A2A4-AF0D88F8367B-1229x1536.jpeg 1229w, https:\/\/tuguia.combarranquilla.co\/Revista\/wp-content\/uploads\/2024\/12\/processed-06B813D4-0200-4BE3-B49B-4CF681156ED8-2E6A9059-98C5-443A-A2A4-AF0D88F8367B-1638x2048.jpeg 1638w, https:\/\/tuguia.combarranquilla.co\/Revista\/wp-content\/uploads\/2024\/12\/processed-06B813D4-0200-4BE3-B49B-4CF681156ED8-2E6A9059-98C5-443A-A2A4-AF0D88F8367B.jpeg 1870w\" data-sizes=\"(max-width: 819px) 100vw, 819px\" src=\"data:image\/svg+xml;base64,PHN2ZyB3aWR0aD0iMSIgaGVpZ2h0PSIxIiB4bWxucz0iaHR0cDovL3d3dy53My5vcmcvMjAwMC9zdmciPjwvc3ZnPg==\" style=\"--smush-placeholder-width: 819px; --smush-placeholder-aspect-ratio: 819\/1024;\" \/><figcaption class=\"wp-element-caption\"><em>Astronom\u00eda Recreativa<\/em><\/figcaption><\/figure>\n<\/div>\n\n\n\n<div class=\"wp-block-column is-layout-flow wp-block-column-is-layout-flow\">\n<figure class=\"wp-block-image size-large\"><img decoding=\"async\" width=\"819\" height=\"1024\" data-src=\"https:\/\/tuguia.combarranquilla.co\/Revista\/wp-content\/uploads\/2024\/12\/processed-0CA98138-C7F5-4AD5-BD8B-555F33732168-176644CB-309F-4720-AB7A-148B89F2B6C8-1-819x1024.jpeg\" alt=\"\" class=\"wp-image-5440 lazyload\" data-srcset=\"https:\/\/tuguia.combarranquilla.co\/Revista\/wp-content\/uploads\/2024\/12\/processed-0CA98138-C7F5-4AD5-BD8B-555F33732168-176644CB-309F-4720-AB7A-148B89F2B6C8-1-819x1024.jpeg 819w, https:\/\/tuguia.combarranquilla.co\/Revista\/wp-content\/uploads\/2024\/12\/processed-0CA98138-C7F5-4AD5-BD8B-555F33732168-176644CB-309F-4720-AB7A-148B89F2B6C8-1-240x300.jpeg 240w, https:\/\/tuguia.combarranquilla.co\/Revista\/wp-content\/uploads\/2024\/12\/processed-0CA98138-C7F5-4AD5-BD8B-555F33732168-176644CB-309F-4720-AB7A-148B89F2B6C8-1-768x960.jpeg 768w, https:\/\/tuguia.combarranquilla.co\/Revista\/wp-content\/uploads\/2024\/12\/processed-0CA98138-C7F5-4AD5-BD8B-555F33732168-176644CB-309F-4720-AB7A-148B89F2B6C8-1-1229x1536.jpeg 1229w, https:\/\/tuguia.combarranquilla.co\/Revista\/wp-content\/uploads\/2024\/12\/processed-0CA98138-C7F5-4AD5-BD8B-555F33732168-176644CB-309F-4720-AB7A-148B89F2B6C8-1-1638x2048.jpeg 1638w, https:\/\/tuguia.combarranquilla.co\/Revista\/wp-content\/uploads\/2024\/12\/processed-0CA98138-C7F5-4AD5-BD8B-555F33732168-176644CB-309F-4720-AB7A-148B89F2B6C8-1.jpeg 1870w\" data-sizes=\"(max-width: 819px) 100vw, 819px\" src=\"data:image\/svg+xml;base64,PHN2ZyB3aWR0aD0iMSIgaGVpZ2h0PSIxIiB4bWxucz0iaHR0cDovL3d3dy53My5vcmcvMjAwMC9zdmciPjwvc3ZnPg==\" style=\"--smush-placeholder-width: 819px; --smush-placeholder-aspect-ratio: 819\/1024;\" \/><figcaption class=\"wp-element-caption\"><em>Astronom\u00eda Recreativa<\/em><\/figcaption><\/figure>\n<\/div>\n<\/div>\n\n\n<div class=\"wp-block-image\">\n<figure class=\"aligncenter size-large is-resized\"><img decoding=\"async\" width=\"819\" height=\"1024\" data-src=\"https:\/\/tuguia.combarranquilla.co\/Revista\/wp-content\/uploads\/2024\/12\/processed-DDEA8BD9-1ED6-48CB-BAFB-7DD06757A726-7E02AB24-E8F1-4436-8DDE-1D81012E2905-2-819x1024.jpeg\" alt=\"\" class=\"wp-image-5441 lazyload\" style=\"--smush-placeholder-width: 819px; --smush-placeholder-aspect-ratio: 819\/1024;width:392px;height:auto\" data-srcset=\"https:\/\/tuguia.combarranquilla.co\/Revista\/wp-content\/uploads\/2024\/12\/processed-DDEA8BD9-1ED6-48CB-BAFB-7DD06757A726-7E02AB24-E8F1-4436-8DDE-1D81012E2905-2-819x1024.jpeg 819w, https:\/\/tuguia.combarranquilla.co\/Revista\/wp-content\/uploads\/2024\/12\/processed-DDEA8BD9-1ED6-48CB-BAFB-7DD06757A726-7E02AB24-E8F1-4436-8DDE-1D81012E2905-2-240x300.jpeg 240w, https:\/\/tuguia.combarranquilla.co\/Revista\/wp-content\/uploads\/2024\/12\/processed-DDEA8BD9-1ED6-48CB-BAFB-7DD06757A726-7E02AB24-E8F1-4436-8DDE-1D81012E2905-2-768x960.jpeg 768w, https:\/\/tuguia.combarranquilla.co\/Revista\/wp-content\/uploads\/2024\/12\/processed-DDEA8BD9-1ED6-48CB-BAFB-7DD06757A726-7E02AB24-E8F1-4436-8DDE-1D81012E2905-2-1229x1536.jpeg 1229w, https:\/\/tuguia.combarranquilla.co\/Revista\/wp-content\/uploads\/2024\/12\/processed-DDEA8BD9-1ED6-48CB-BAFB-7DD06757A726-7E02AB24-E8F1-4436-8DDE-1D81012E2905-2-1638x2048.jpeg 1638w, https:\/\/tuguia.combarranquilla.co\/Revista\/wp-content\/uploads\/2024\/12\/processed-DDEA8BD9-1ED6-48CB-BAFB-7DD06757A726-7E02AB24-E8F1-4436-8DDE-1D81012E2905-2.jpeg 1870w\" data-sizes=\"(max-width: 819px) 100vw, 819px\" src=\"data:image\/svg+xml;base64,PHN2ZyB3aWR0aD0iMSIgaGVpZ2h0PSIxIiB4bWxucz0iaHR0cDovL3d3dy53My5vcmcvMjAwMC9zdmciPjwvc3ZnPg==\" \/><figcaption class=\"wp-element-caption\"><em>Noche de Estrellas<\/em><\/figcaption><\/figure><\/div>\n\n\n<h2 class=\"wp-block-heading has-medium-font-size\"><strong>Centro Recreacional Solinill<\/strong>a<\/h2>\n\n\n<div class=\"wp-block-image\">\n<figure class=\"aligncenter size-large is-resized\"><img decoding=\"async\" width=\"1024\" height=\"700\" data-src=\"https:\/\/tuguia.combarranquilla.co\/Revista\/wp-content\/uploads\/2024\/12\/original-9B701AFE-213A-40C2-BA20-477A66762AE9-1024x700.jpeg\" alt=\"\" class=\"wp-image-5447 lazyload\" style=\"--smush-placeholder-width: 1024px; --smush-placeholder-aspect-ratio: 1024\/700;width:676px;height:auto\" data-srcset=\"https:\/\/tuguia.combarranquilla.co\/Revista\/wp-content\/uploads\/2024\/12\/original-9B701AFE-213A-40C2-BA20-477A66762AE9-1024x700.jpeg 1024w, https:\/\/tuguia.combarranquilla.co\/Revista\/wp-content\/uploads\/2024\/12\/original-9B701AFE-213A-40C2-BA20-477A66762AE9-300x205.jpeg 300w, https:\/\/tuguia.combarranquilla.co\/Revista\/wp-content\/uploads\/2024\/12\/original-9B701AFE-213A-40C2-BA20-477A66762AE9-768x525.jpeg 768w, https:\/\/tuguia.combarranquilla.co\/Revista\/wp-content\/uploads\/2024\/12\/original-9B701AFE-213A-40C2-BA20-477A66762AE9-1536x1050.jpeg 1536w, https:\/\/tuguia.combarranquilla.co\/Revista\/wp-content\/uploads\/2024\/12\/original-9B701AFE-213A-40C2-BA20-477A66762AE9.jpeg 1600w\" data-sizes=\"(max-width: 1024px) 100vw, 1024px\" src=\"data:image\/svg+xml;base64,PHN2ZyB3aWR0aD0iMSIgaGVpZ2h0PSIxIiB4bWxucz0iaHR0cDovL3d3dy53My5vcmcvMjAwMC9zdmciPjwvc3ZnPg==\" \/><\/figure><\/div>\n\n\n<p class=\"has-medium-font-size\"><strong>Entradas*:<\/strong><\/p>\n\n\n\n<div class=\"wp-block-group is-vertical is-layout-flex wp-container-core-group-is-layout-8cf370e7 wp-block-group-is-layout-flex\">\n<figure class=\"wp-block-table is-style-stripes has-medium-font-size\"><table class=\"has-background has-fixed-layout\" style=\"background-color:#c0d7c0\"><tbody><tr><td class=\"has-text-align-center\" data-align=\"center\"><strong>Categor\u00eda A<\/strong><\/td><td class=\"has-text-align-center\" data-align=\"center\">$2.000<\/td><\/tr><tr><td class=\"has-text-align-center\" data-align=\"center\"><strong>Categor\u00eda B<\/strong><\/td><td class=\"has-text-align-center\" data-align=\"center\">$3.500<\/td><\/tr><tr><td class=\"has-text-align-center\" data-align=\"center\"><strong>Categor\u00eda C<\/strong><\/td><td class=\"has-text-align-center\" data-align=\"center\">$14.100<\/td><\/tr><tr><td class=\"has-text-align-center\" data-align=\"center\"><strong>No afiliado<\/strong><\/td><td class=\"has-text-align-center\" data-align=\"center\">$23.000<\/td><\/tr><\/tbody><\/table><\/figure>\n\n\n\n<p class=\"has-small-font-size\"><em>*Horarios de 9 a.m. a 4 p.m.<\/em>&nbsp;<\/p>\n<\/div>\n\n\n\n<p><\/p>\n\n\n\n<p class=\"has-medium-font-size\"><strong>Recreasol*:<\/strong><\/p>\n\n\n\n<div class=\"wp-block-group is-vertical is-layout-flex wp-container-core-group-is-layout-8cf370e7 wp-block-group-is-layout-flex\">\n<p class=\"has-medium-font-size\">Incluye transporte, entrada y almuerzo (autoservicio).<\/p>\n\n\n\n<p class=\"has-medium-font-size\">Los buses salen desde las unidades Boston y Calle 30 a las 8 a.m. y retornan a las 4 p.m.<\/p>\n<\/div>\n\n\n\n<div class=\"wp-block-group is-vertical is-layout-flex wp-container-core-group-is-layout-8cf370e7 wp-block-group-is-layout-flex\">\n<figure class=\"wp-block-table is-style-stripes\"><table class=\"has-background has-fixed-layout\" style=\"background-color:#c0d7c0\"><tbody><tr><td class=\"has-text-align-center\" data-align=\"center\"><strong>Categor\u00eda A<\/strong>&nbsp;<\/td><td class=\"has-text-align-center\" data-align=\"center\">$17.300&nbsp;<\/td><\/tr><tr><td class=\"has-text-align-center\" data-align=\"center\"><strong>Categor\u00eda B<\/strong>&nbsp;<\/td><td class=\"has-text-align-center\" data-align=\"center\">$19.100&nbsp;<\/td><\/tr><tr><td class=\"has-text-align-center\" data-align=\"center\"><strong>Categor\u00eda C<\/strong>&nbsp;<\/td><td class=\"has-text-align-center\" data-align=\"center\">$39.300&nbsp;<\/td><\/tr><tr><td class=\"has-text-align-center\" data-align=\"center\"><strong>No afiliado<\/strong>&nbsp;<\/td><td class=\"has-text-align-center\" data-align=\"center\">$65.600&nbsp;<\/td><\/tr><\/tbody><\/table><\/figure>\n\n\n\n<p class=\"has-small-font-size\"><em>*Aplica solo s\u00e1bados, domingos y festivos. Venta de boletas en unidades Boston y Calle 30, de lunes a viernes hasta las 4 p.m.<\/em><\/p>\n<\/div>\n\n\n\n<p><\/p>\n\n\n\n<p class=\"has-medium-font-size\"><strong>Piscinas Unidad Country<\/strong><\/p>\n\n\n\n<figure class=\"wp-block-image size-large\"><img decoding=\"async\" width=\"1024\" height=\"683\" data-src=\"https:\/\/tuguia.combarranquilla.co\/Revista\/wp-content\/uploads\/2024\/12\/processed-B35C371C-7CE7-4CDA-A9E2-F76A263F45CB-F748E385-ACFB-42EA-B698-E9BFD180D382-1-1024x683.jpeg\" alt=\"\" class=\"wp-image-5451 lazyload\" data-srcset=\"https:\/\/tuguia.combarranquilla.co\/Revista\/wp-content\/uploads\/2024\/12\/processed-B35C371C-7CE7-4CDA-A9E2-F76A263F45CB-F748E385-ACFB-42EA-B698-E9BFD180D382-1-1024x683.jpeg 1024w, https:\/\/tuguia.combarranquilla.co\/Revista\/wp-content\/uploads\/2024\/12\/processed-B35C371C-7CE7-4CDA-A9E2-F76A263F45CB-F748E385-ACFB-42EA-B698-E9BFD180D382-1-300x200.jpeg 300w, https:\/\/tuguia.combarranquilla.co\/Revista\/wp-content\/uploads\/2024\/12\/processed-B35C371C-7CE7-4CDA-A9E2-F76A263F45CB-F748E385-ACFB-42EA-B698-E9BFD180D382-1-768x512.jpeg 768w, https:\/\/tuguia.combarranquilla.co\/Revista\/wp-content\/uploads\/2024\/12\/processed-B35C371C-7CE7-4CDA-A9E2-F76A263F45CB-F748E385-ACFB-42EA-B698-E9BFD180D382-1-1536x1024.jpeg 1536w, https:\/\/tuguia.combarranquilla.co\/Revista\/wp-content\/uploads\/2024\/12\/processed-B35C371C-7CE7-4CDA-A9E2-F76A263F45CB-F748E385-ACFB-42EA-B698-E9BFD180D382-1-2048x1366.jpeg 2048w\" data-sizes=\"(max-width: 1024px) 100vw, 1024px\" src=\"data:image\/svg+xml;base64,PHN2ZyB3aWR0aD0iMSIgaGVpZ2h0PSIxIiB4bWxucz0iaHR0cDovL3d3dy53My5vcmcvMjAwMC9zdmciPjwvc3ZnPg==\" style=\"--smush-placeholder-width: 1024px; --smush-placeholder-aspect-ratio: 1024\/683;\" \/><\/figure>\n\n\n\n<p class=\"has-medium-font-size\"><strong>Tarifas:<\/strong><\/p>\n\n\n\n<figure class=\"wp-block-table is-style-stripes\"><table class=\"has-background has-fixed-layout\" style=\"background-color:#c0d7c0\"><tbody><tr><td class=\"has-text-align-center\" data-align=\"center\"><strong>Categor\u00eda A<\/strong><\/td><td class=\"has-text-align-center\" data-align=\"center\">$5.800<\/td><\/tr><tr><td class=\"has-text-align-center\" data-align=\"center\"><strong>Categor\u00eda B<\/strong><\/td><td class=\"has-text-align-center\" data-align=\"center\">$7.600<\/td><\/tr><tr><td class=\"has-text-align-center\" data-align=\"center\"><strong>Categor\u00eda C<\/strong><\/td><td class=\"has-text-align-center\" data-align=\"center\">$19.800<\/td><\/tr><tr><td class=\"has-text-align-center\" data-align=\"center\"><strong>No afiliado<\/strong><\/td><td class=\"has-text-align-center\" data-align=\"center\">$21.600<\/td><\/tr><\/tbody><\/table><\/figure>\n\n\n\n<p class=\"has-medium-font-size\"><strong>Piscinas Unidad Boston<\/strong><\/p>\n\n\n\n<figure class=\"wp-block-image size-large\"><img decoding=\"async\" width=\"2560\" height=\"1441\" data-src=\"https:\/\/tuguia.combarranquilla.co\/Revista\/wp-content\/uploads\/2024\/12\/processed-05A4AF1F-47D1-4EDA-9A7E-4AED83F150A1-E6F75B89-E684-4394-89DD-3C9C5ABF57E3-edited-scaled.jpeg\" alt=\"\" class=\"wp-image-5452 lazyload\" data-srcset=\"https:\/\/tuguia.combarranquilla.co\/Revista\/wp-content\/uploads\/2024\/12\/processed-05A4AF1F-47D1-4EDA-9A7E-4AED83F150A1-E6F75B89-E684-4394-89DD-3C9C5ABF57E3-edited-scaled.jpeg 2560w, https:\/\/tuguia.combarranquilla.co\/Revista\/wp-content\/uploads\/2024\/12\/processed-05A4AF1F-47D1-4EDA-9A7E-4AED83F150A1-E6F75B89-E684-4394-89DD-3C9C5ABF57E3-edited-300x169.jpeg 300w, https:\/\/tuguia.combarranquilla.co\/Revista\/wp-content\/uploads\/2024\/12\/processed-05A4AF1F-47D1-4EDA-9A7E-4AED83F150A1-E6F75B89-E684-4394-89DD-3C9C5ABF57E3-edited-1024x576.jpeg 1024w, https:\/\/tuguia.combarranquilla.co\/Revista\/wp-content\/uploads\/2024\/12\/processed-05A4AF1F-47D1-4EDA-9A7E-4AED83F150A1-E6F75B89-E684-4394-89DD-3C9C5ABF57E3-edited-768x432.jpeg 768w, https:\/\/tuguia.combarranquilla.co\/Revista\/wp-content\/uploads\/2024\/12\/processed-05A4AF1F-47D1-4EDA-9A7E-4AED83F150A1-E6F75B89-E684-4394-89DD-3C9C5ABF57E3-edited-1536x864.jpeg 1536w, https:\/\/tuguia.combarranquilla.co\/Revista\/wp-content\/uploads\/2024\/12\/processed-05A4AF1F-47D1-4EDA-9A7E-4AED83F150A1-E6F75B89-E684-4394-89DD-3C9C5ABF57E3-edited-2048x1153.jpeg 2048w\" data-sizes=\"(max-width: 2560px) 100vw, 2560px\" src=\"data:image\/svg+xml;base64,PHN2ZyB3aWR0aD0iMSIgaGVpZ2h0PSIxIiB4bWxucz0iaHR0cDovL3d3dy53My5vcmcvMjAwMC9zdmciPjwvc3ZnPg==\" style=\"--smush-placeholder-width: 2560px; --smush-placeholder-aspect-ratio: 2560\/1441;\" \/><\/figure>\n\n\n\n<figure class=\"wp-block-table is-style-stripes\"><table class=\"has-background has-fixed-layout\" style=\"background-color:#c0d7c0\"><tbody><tr><td class=\"has-text-align-center\" data-align=\"center\"><strong>Categor\u00eda A<\/strong><\/td><td class=\"has-text-align-center\" data-align=\"center\">$4.900<\/td><\/tr><tr><td class=\"has-text-align-center\" data-align=\"center\"><strong>Categor\u00eda B<\/strong><\/td><td class=\"has-text-align-center\" data-align=\"center\">$6.900<\/td><\/tr><tr><td class=\"has-text-align-center\" data-align=\"center\"><strong>Categor\u00eda C<\/strong><\/td><td class=\"has-text-align-center\" data-align=\"center\">$15.600<\/td><\/tr><tr><td class=\"has-text-align-center\" data-align=\"center\"><strong>No afiliado<\/strong><\/td><td class=\"has-text-align-center\" data-align=\"center\">$21.500<\/td><\/tr><\/tbody><\/table><\/figure>\n\n\n\n<p><\/p>\n\n\n\n<figure class=\"wp-block-table is-style-stripes\"><table class=\"has-background has-fixed-layout\" style=\"background-color:#c0d7c0\"><tbody><tr><td><em><strong>Para m\u00e1s informes<br>L\u00ednea Verde:<\/strong> (605) 3225049 &#8211; Opci\u00f3n 3<\/em><\/td><\/tr><\/tbody><\/table><\/figure>\n\n\n\n<div class=\"wp-block-group is-vertical is-layout-flex wp-container-core-group-is-layout-8cf370e7 wp-block-group-is-layout-flex\">\n<p><strong>Referencias:<\/strong><\/p>\n\n\n\n<p>Meluk, G. (21 de mayo de 2020). <em>Junior tiene su &#8216;Aleta de tibur\u00f3n&#8217; en su Barranquilla feliz y moderna. El Tiempo.<\/em> Recuperado el 6 de diciembre de 2024, de <a href=\"https:\/\/www.eltiempo.com\/deportes\/futbol-colombiano\/aleta-de-tiburon-el-monumento-al-junior-en-barranqulla-de-tecnoglass-y-daes-ventana-de-campeones-497900\" target=\"_blank\" rel=\"noreferrer noopener\">https:\/\/www.eltiempo.com\/deportes\/futbol-colombiano\/aleta-de-tiburon-el-monumento-al-junior-en-barranqulla-de-tecnoglass-y-daes-ventana-de-campeones-497900<\/a><\/p>\n\n\n\n<p>(28 de julio de 2024). <em>El Gran Malec\u00f3n. <\/em>Alcald\u00eda de Barranquilla. Recuperado el 6 de diciembre de 2024, de <a href=\"https:\/\/www.barranquilla.gov.co\/descubre\/conoce-a-barranquilla\/sitios-de-interes\/gran-malecon#:~:text=El%20Gran%20Malec%C3%B3n%20se%20extiende,y%20Convenciones%20Puerta%20de%20Oro\" target=\"_blank\" rel=\"noreferrer noopener\">https:\/\/www.barranquilla.gov.co\/descubre\/conoce-a-barranquilla\/sitios-de-interes\/gran-malecon#:~:text=El%20Gran%20Malec%C3%B3n%20se%20extiende,y%20Convenciones%20Puerta%20de%20Oro<\/a><\/p>\n\n\n\n<p>(31 de marzo de 2022). <em>Ventana al mundo Barranquilla, un s\u00edmbolo de una ciudad que te invita a vivirla e invertir en ella.<\/em> Recuperado el 6 de diciembre de 2024, de <a href=\"https:\/\/www.cronista.com\/informacion-gral\/ventana-al-mundo-barranquilla-un-simbolo-de-una-ciudad-que-te-invita-a-vivirla-e-invertir-en-ella\/\" target=\"_blank\" rel=\"noreferrer noopener\">https:\/\/www.cronista.com\/informacion-gral\/ventana-al-mundo-barranquilla-un-simbolo-de-una-ciudad-que-te-invita-a-vivirla-e-invertir-en-ella\/<\/a><\/p>\n<\/div>\n","protected":false},"excerpt":{"rendered":"<p>Durante la \u00e9poca decembrina, Barranquilla y sus alrededores te ofrecen diversidad de actividades para que disfrutes y compartas en familia una temporada llena de mucho amor, paz y alegr\u00eda. Lugares imperdibles para disfrutar durante la temporada Recorrido por el alumbrado navide\u00f1o Barranquilla cuenta con alumbrado navide\u00f1o en el Malec\u00f3n del barrio Rebolo y en el [&hellip;]<\/p>\n","protected":false},"author":2,"featured_media":5395,"comment_status":"open","ping_status":"open","sticky":false,"template":"","format":"standard","meta":{"inline_featured_image":false,"footnotes":""},"categories":[1],"tags":[],"class_list":["post-5379","post","type-post","status-publish","format-standard","has-post-thumbnail","hentry","category-entretenimiento"],"yoast_head":"<!-- This site is optimized with the Yoast SEO plugin v27.4 - https:\/\/yoast.com\/product\/yoast-seo-wordpress\/ -->\n<title>Conoce qu\u00e9 actividades hacer en Barranquilla y sus alrededores en diciembre - Tu Gu\u00eda<\/title>\n<meta name=\"robots\" content=\"index, follow, max-snippet:-1, max-image-preview:large, max-video-preview:-1\" \/>\n<link rel=\"canonical\" href=\"https:\/\/tuguia.combarranquilla.co\/Revista\/conoce-que-actividades-hacer-en-barranquilla-y-sus-alrededores-en-diciembre\/\" \/>\n<meta property=\"og:locale\" content=\"es_ES\" \/>\n<meta property=\"og:type\" content=\"article\" \/>\n<meta property=\"og:title\" content=\"Conoce qu\u00e9 actividades hacer en Barranquilla y sus alrededores en diciembre - Tu Gu\u00eda\" \/>\n<meta property=\"og:description\" content=\"Durante la \u00e9poca decembrina, Barranquilla y sus alrededores te ofrecen diversidad de actividades para que disfrutes y compartas en familia una temporada llena de mucho amor, paz y alegr\u00eda. Lugares imperdibles para disfrutar durante la temporada Recorrido por el alumbrado navide\u00f1o Barranquilla cuenta con alumbrado navide\u00f1o en el Malec\u00f3n del barrio Rebolo y en el [&hellip;]\" \/>\n<meta property=\"og:url\" content=\"https:\/\/tuguia.combarranquilla.co\/Revista\/conoce-que-actividades-hacer-en-barranquilla-y-sus-alrededores-en-diciembre\/\" \/>\n<meta property=\"og:site_name\" content=\"Tu Gu\u00eda\" \/>\n<meta property=\"article:published_time\" content=\"2024-12-16T18:32:55+00:00\" \/>\n<meta property=\"article:modified_time\" content=\"2024-12-16T18:58:21+00:00\" \/>\n<meta property=\"og:image\" content=\"https:\/\/tuguia.combarranquilla.co\/Revista\/wp-content\/uploads\/2024\/12\/DJI_0007-scaled.jpg\" \/>\n\t<meta property=\"og:image:width\" content=\"2560\" \/>\n\t<meta property=\"og:image:height\" content=\"1438\" \/>\n\t<meta property=\"og:image:type\" content=\"image\/jpeg\" \/>\n<meta name=\"author\" content=\"Comunicaciones Combarranquilla\" \/>\n<meta name=\"twitter:card\" content=\"summary_large_image\" \/>\n<meta name=\"twitter:label1\" content=\"Escrito por\" \/>\n\t<meta name=\"twitter:data1\" content=\"Comunicaciones Combarranquilla\" \/>\n\t<meta name=\"twitter:label2\" content=\"Tiempo de lectura\" \/>\n\t<meta name=\"twitter:data2\" content=\"8 minutos\" \/>\n<script type=\"application\/ld+json\" class=\"yoast-schema-graph\">{\"@context\":\"https:\\\/\\\/schema.org\",\"@graph\":[{\"@type\":\"Article\",\"@id\":\"https:\\\/\\\/tuguia.combarranquilla.co\\\/Revista\\\/conoce-que-actividades-hacer-en-barranquilla-y-sus-alrededores-en-diciembre\\\/#article\",\"isPartOf\":{\"@id\":\"https:\\\/\\\/tuguia.combarranquilla.co\\\/Revista\\\/conoce-que-actividades-hacer-en-barranquilla-y-sus-alrededores-en-diciembre\\\/\"},\"author\":{\"name\":\"Comunicaciones Combarranquilla\",\"@id\":\"https:\\\/\\\/tuguia.combarranquilla.co\\\/Revista\\\/#\\\/schema\\\/person\\\/c2c396a77170bd1d5f8ba73294eb0d10\"},\"headline\":\"Conoce qu\u00e9 actividades hacer en Barranquilla y sus alrededores en diciembre\",\"datePublished\":\"2024-12-16T18:32:55+00:00\",\"dateModified\":\"2024-12-16T18:58:21+00:00\",\"mainEntityOfPage\":{\"@id\":\"https:\\\/\\\/tuguia.combarranquilla.co\\\/Revista\\\/conoce-que-actividades-hacer-en-barranquilla-y-sus-alrededores-en-diciembre\\\/\"},\"wordCount\":909,\"commentCount\":0,\"publisher\":{\"@id\":\"https:\\\/\\\/tuguia.combarranquilla.co\\\/Revista\\\/#organization\"},\"image\":{\"@id\":\"https:\\\/\\\/tuguia.combarranquilla.co\\\/Revista\\\/conoce-que-actividades-hacer-en-barranquilla-y-sus-alrededores-en-diciembre\\\/#primaryimage\"},\"thumbnailUrl\":\"https:\\\/\\\/tuguia.combarranquilla.co\\\/Revista\\\/wp-content\\\/uploads\\\/2024\\\/12\\\/DJI_0007-scaled.jpg\",\"articleSection\":[\"ENTRETENIMIENTO\"],\"inLanguage\":\"es-CO\",\"potentialAction\":[{\"@type\":\"CommentAction\",\"name\":\"Comment\",\"target\":[\"https:\\\/\\\/tuguia.combarranquilla.co\\\/Revista\\\/conoce-que-actividades-hacer-en-barranquilla-y-sus-alrededores-en-diciembre\\\/#respond\"]}]},{\"@type\":\"WebPage\",\"@id\":\"https:\\\/\\\/tuguia.combarranquilla.co\\\/Revista\\\/conoce-que-actividades-hacer-en-barranquilla-y-sus-alrededores-en-diciembre\\\/\",\"url\":\"https:\\\/\\\/tuguia.combarranquilla.co\\\/Revista\\\/conoce-que-actividades-hacer-en-barranquilla-y-sus-alrededores-en-diciembre\\\/\",\"name\":\"Conoce qu\u00e9 actividades hacer en Barranquilla y sus alrededores en diciembre - Tu Gu\u00eda\",\"isPartOf\":{\"@id\":\"https:\\\/\\\/tuguia.combarranquilla.co\\\/Revista\\\/#website\"},\"primaryImageOfPage\":{\"@id\":\"https:\\\/\\\/tuguia.combarranquilla.co\\\/Revista\\\/conoce-que-actividades-hacer-en-barranquilla-y-sus-alrededores-en-diciembre\\\/#primaryimage\"},\"image\":{\"@id\":\"https:\\\/\\\/tuguia.combarranquilla.co\\\/Revista\\\/conoce-que-actividades-hacer-en-barranquilla-y-sus-alrededores-en-diciembre\\\/#primaryimage\"},\"thumbnailUrl\":\"https:\\\/\\\/tuguia.combarranquilla.co\\\/Revista\\\/wp-content\\\/uploads\\\/2024\\\/12\\\/DJI_0007-scaled.jpg\",\"datePublished\":\"2024-12-16T18:32:55+00:00\",\"dateModified\":\"2024-12-16T18:58:21+00:00\",\"breadcrumb\":{\"@id\":\"https:\\\/\\\/tuguia.combarranquilla.co\\\/Revista\\\/conoce-que-actividades-hacer-en-barranquilla-y-sus-alrededores-en-diciembre\\\/#breadcrumb\"},\"inLanguage\":\"es-CO\",\"potentialAction\":[{\"@type\":\"ReadAction\",\"target\":[\"https:\\\/\\\/tuguia.combarranquilla.co\\\/Revista\\\/conoce-que-actividades-hacer-en-barranquilla-y-sus-alrededores-en-diciembre\\\/\"]}]},{\"@type\":\"ImageObject\",\"inLanguage\":\"es-CO\",\"@id\":\"https:\\\/\\\/tuguia.combarranquilla.co\\\/Revista\\\/conoce-que-actividades-hacer-en-barranquilla-y-sus-alrededores-en-diciembre\\\/#primaryimage\",\"url\":\"https:\\\/\\\/tuguia.combarranquilla.co\\\/Revista\\\/wp-content\\\/uploads\\\/2024\\\/12\\\/DJI_0007-scaled.jpg\",\"contentUrl\":\"https:\\\/\\\/tuguia.combarranquilla.co\\\/Revista\\\/wp-content\\\/uploads\\\/2024\\\/12\\\/DJI_0007-scaled.jpg\",\"width\":2560,\"height\":1438},{\"@type\":\"BreadcrumbList\",\"@id\":\"https:\\\/\\\/tuguia.combarranquilla.co\\\/Revista\\\/conoce-que-actividades-hacer-en-barranquilla-y-sus-alrededores-en-diciembre\\\/#breadcrumb\",\"itemListElement\":[{\"@type\":\"ListItem\",\"position\":1,\"name\":\"Inicio\",\"item\":\"https:\\\/\\\/tuguia.combarranquilla.co\\\/Revista\\\/\"},{\"@type\":\"ListItem\",\"position\":2,\"name\":\"Conoce qu\u00e9 actividades hacer en Barranquilla y sus alrededores en diciembre\"}]},{\"@type\":\"WebSite\",\"@id\":\"https:\\\/\\\/tuguia.combarranquilla.co\\\/Revista\\\/#website\",\"url\":\"https:\\\/\\\/tuguia.combarranquilla.co\\\/Revista\\\/\",\"name\":\"Tu Gu\u00eda\",\"description\":\"La revista donde lo tienes todo.\",\"publisher\":{\"@id\":\"https:\\\/\\\/tuguia.combarranquilla.co\\\/Revista\\\/#organization\"},\"alternateName\":\"Tu Gu\u00eda Combarranquilla\",\"potentialAction\":[{\"@type\":\"SearchAction\",\"target\":{\"@type\":\"EntryPoint\",\"urlTemplate\":\"https:\\\/\\\/tuguia.combarranquilla.co\\\/Revista\\\/?s={search_term_string}\"},\"query-input\":{\"@type\":\"PropertyValueSpecification\",\"valueRequired\":true,\"valueName\":\"search_term_string\"}}],\"inLanguage\":\"es-CO\"},{\"@type\":\"Organization\",\"@id\":\"https:\\\/\\\/tuguia.combarranquilla.co\\\/Revista\\\/#organization\",\"name\":\"Tu Gu\u00eda Combarranquilla\",\"url\":\"https:\\\/\\\/tuguia.combarranquilla.co\\\/Revista\\\/\",\"logo\":{\"@type\":\"ImageObject\",\"inLanguage\":\"es-CO\",\"@id\":\"https:\\\/\\\/tuguia.combarranquilla.co\\\/Revista\\\/#\\\/schema\\\/logo\\\/image\\\/\",\"url\":\"https:\\\/\\\/tuguia.combarranquilla.co\\\/Revista\\\/wp-content\\\/uploads\\\/2022\\\/02\\\/logo-guia-combarranquilla.svg\",\"contentUrl\":\"https:\\\/\\\/tuguia.combarranquilla.co\\\/Revista\\\/wp-content\\\/uploads\\\/2022\\\/02\\\/logo-guia-combarranquilla.svg\",\"caption\":\"Tu Gu\u00eda Combarranquilla\"},\"image\":{\"@id\":\"https:\\\/\\\/tuguia.combarranquilla.co\\\/Revista\\\/#\\\/schema\\\/logo\\\/image\\\/\"}},{\"@type\":\"Person\",\"@id\":\"https:\\\/\\\/tuguia.combarranquilla.co\\\/Revista\\\/#\\\/schema\\\/person\\\/c2c396a77170bd1d5f8ba73294eb0d10\",\"name\":\"Comunicaciones Combarranquilla\",\"image\":{\"@type\":\"ImageObject\",\"inLanguage\":\"es-CO\",\"@id\":\"https:\\\/\\\/tuguia.combarranquilla.co\\\/Revista\\\/wp-content\\\/uploads\\\/2025\\\/05\\\/ABC-Al-Rojo-Logo-96x96.jpg\",\"url\":\"https:\\\/\\\/tuguia.combarranquilla.co\\\/Revista\\\/wp-content\\\/uploads\\\/2025\\\/05\\\/ABC-Al-Rojo-Logo-96x96.jpg\",\"contentUrl\":\"https:\\\/\\\/tuguia.combarranquilla.co\\\/Revista\\\/wp-content\\\/uploads\\\/2025\\\/05\\\/ABC-Al-Rojo-Logo-96x96.jpg\",\"caption\":\"Comunicaciones Combarranquilla\"},\"sameAs\":[\"https:\\\/\\\/www.combarranquilla.co\"],\"url\":\"https:\\\/\\\/tuguia.combarranquilla.co\\\/Revista\\\/author\\\/comunicaciones\\\/\"}]}<\/script>\n<!-- \/ Yoast SEO plugin. -->","yoast_head_json":{"title":"Conoce qu\u00e9 actividades hacer en Barranquilla y sus alrededores en diciembre - Tu Gu\u00eda","robots":{"index":"index","follow":"follow","max-snippet":"max-snippet:-1","max-image-preview":"max-image-preview:large","max-video-preview":"max-video-preview:-1"},"canonical":"https:\/\/tuguia.combarranquilla.co\/Revista\/conoce-que-actividades-hacer-en-barranquilla-y-sus-alrededores-en-diciembre\/","og_locale":"es_ES","og_type":"article","og_title":"Conoce qu\u00e9 actividades hacer en Barranquilla y sus alrededores en diciembre - Tu Gu\u00eda","og_description":"Durante la \u00e9poca decembrina, Barranquilla y sus alrededores te ofrecen diversidad de actividades para que disfrutes y compartas en familia una temporada llena de mucho amor, paz y alegr\u00eda. Lugares imperdibles para disfrutar durante la temporada Recorrido por el alumbrado navide\u00f1o Barranquilla cuenta con alumbrado navide\u00f1o en el Malec\u00f3n del barrio Rebolo y en el [&hellip;]","og_url":"https:\/\/tuguia.combarranquilla.co\/Revista\/conoce-que-actividades-hacer-en-barranquilla-y-sus-alrededores-en-diciembre\/","og_site_name":"Tu Gu\u00eda","article_published_time":"2024-12-16T18:32:55+00:00","article_modified_time":"2024-12-16T18:58:21+00:00","og_image":[{"width":2560,"height":1438,"url":"https:\/\/tuguia.combarranquilla.co\/Revista\/wp-content\/uploads\/2024\/12\/DJI_0007-scaled.jpg","type":"image\/jpeg"}],"author":"Comunicaciones Combarranquilla","twitter_card":"summary_large_image","twitter_misc":{"Escrito por":"Comunicaciones Combarranquilla","Tiempo de lectura":"8 minutos"},"schema":{"@context":"https:\/\/schema.org","@graph":[{"@type":"Article","@id":"https:\/\/tuguia.combarranquilla.co\/Revista\/conoce-que-actividades-hacer-en-barranquilla-y-sus-alrededores-en-diciembre\/#article","isPartOf":{"@id":"https:\/\/tuguia.combarranquilla.co\/Revista\/conoce-que-actividades-hacer-en-barranquilla-y-sus-alrededores-en-diciembre\/"},"author":{"name":"Comunicaciones Combarranquilla","@id":"https:\/\/tuguia.combarranquilla.co\/Revista\/#\/schema\/person\/c2c396a77170bd1d5f8ba73294eb0d10"},"headline":"Conoce qu\u00e9 actividades hacer en Barranquilla y sus alrededores en diciembre","datePublished":"2024-12-16T18:32:55+00:00","dateModified":"2024-12-16T18:58:21+00:00","mainEntityOfPage":{"@id":"https:\/\/tuguia.combarranquilla.co\/Revista\/conoce-que-actividades-hacer-en-barranquilla-y-sus-alrededores-en-diciembre\/"},"wordCount":909,"commentCount":0,"publisher":{"@id":"https:\/\/tuguia.combarranquilla.co\/Revista\/#organization"},"image":{"@id":"https:\/\/tuguia.combarranquilla.co\/Revista\/conoce-que-actividades-hacer-en-barranquilla-y-sus-alrededores-en-diciembre\/#primaryimage"},"thumbnailUrl":"https:\/\/tuguia.combarranquilla.co\/Revista\/wp-content\/uploads\/2024\/12\/DJI_0007-scaled.jpg","articleSection":["ENTRETENIMIENTO"],"inLanguage":"es-CO","potentialAction":[{"@type":"CommentAction","name":"Comment","target":["https:\/\/tuguia.combarranquilla.co\/Revista\/conoce-que-actividades-hacer-en-barranquilla-y-sus-alrededores-en-diciembre\/#respond"]}]},{"@type":"WebPage","@id":"https:\/\/tuguia.combarranquilla.co\/Revista\/conoce-que-actividades-hacer-en-barranquilla-y-sus-alrededores-en-diciembre\/","url":"https:\/\/tuguia.combarranquilla.co\/Revista\/conoce-que-actividades-hacer-en-barranquilla-y-sus-alrededores-en-diciembre\/","name":"Conoce qu\u00e9 actividades hacer en Barranquilla y sus alrededores en diciembre - Tu Gu\u00eda","isPartOf":{"@id":"https:\/\/tuguia.combarranquilla.co\/Revista\/#website"},"primaryImageOfPage":{"@id":"https:\/\/tuguia.combarranquilla.co\/Revista\/conoce-que-actividades-hacer-en-barranquilla-y-sus-alrededores-en-diciembre\/#primaryimage"},"image":{"@id":"https:\/\/tuguia.combarranquilla.co\/Revista\/conoce-que-actividades-hacer-en-barranquilla-y-sus-alrededores-en-diciembre\/#primaryimage"},"thumbnailUrl":"https:\/\/tuguia.combarranquilla.co\/Revista\/wp-content\/uploads\/2024\/12\/DJI_0007-scaled.jpg","datePublished":"2024-12-16T18:32:55+00:00","dateModified":"2024-12-16T18:58:21+00:00","breadcrumb":{"@id":"https:\/\/tuguia.combarranquilla.co\/Revista\/conoce-que-actividades-hacer-en-barranquilla-y-sus-alrededores-en-diciembre\/#breadcrumb"},"inLanguage":"es-CO","potentialAction":[{"@type":"ReadAction","target":["https:\/\/tuguia.combarranquilla.co\/Revista\/conoce-que-actividades-hacer-en-barranquilla-y-sus-alrededores-en-diciembre\/"]}]},{"@type":"ImageObject","inLanguage":"es-CO","@id":"https:\/\/tuguia.combarranquilla.co\/Revista\/conoce-que-actividades-hacer-en-barranquilla-y-sus-alrededores-en-diciembre\/#primaryimage","url":"https:\/\/tuguia.combarranquilla.co\/Revista\/wp-content\/uploads\/2024\/12\/DJI_0007-scaled.jpg","contentUrl":"https:\/\/tuguia.combarranquilla.co\/Revista\/wp-content\/uploads\/2024\/12\/DJI_0007-scaled.jpg","width":2560,"height":1438},{"@type":"BreadcrumbList","@id":"https:\/\/tuguia.combarranquilla.co\/Revista\/conoce-que-actividades-hacer-en-barranquilla-y-sus-alrededores-en-diciembre\/#breadcrumb","itemListElement":[{"@type":"ListItem","position":1,"name":"Inicio","item":"https:\/\/tuguia.combarranquilla.co\/Revista\/"},{"@type":"ListItem","position":2,"name":"Conoce qu\u00e9 actividades hacer en Barranquilla y sus alrededores en diciembre"}]},{"@type":"WebSite","@id":"https:\/\/tuguia.combarranquilla.co\/Revista\/#website","url":"https:\/\/tuguia.combarranquilla.co\/Revista\/","name":"Tu Gu\u00eda","description":"La revista donde lo tienes todo.","publisher":{"@id":"https:\/\/tuguia.combarranquilla.co\/Revista\/#organization"},"alternateName":"Tu Gu\u00eda Combarranquilla","potentialAction":[{"@type":"SearchAction","target":{"@type":"EntryPoint","urlTemplate":"https:\/\/tuguia.combarranquilla.co\/Revista\/?s={search_term_string}"},"query-input":{"@type":"PropertyValueSpecification","valueRequired":true,"valueName":"search_term_string"}}],"inLanguage":"es-CO"},{"@type":"Organization","@id":"https:\/\/tuguia.combarranquilla.co\/Revista\/#organization","name":"Tu Gu\u00eda Combarranquilla","url":"https:\/\/tuguia.combarranquilla.co\/Revista\/","logo":{"@type":"ImageObject","inLanguage":"es-CO","@id":"https:\/\/tuguia.combarranquilla.co\/Revista\/#\/schema\/logo\/image\/","url":"https:\/\/tuguia.combarranquilla.co\/Revista\/wp-content\/uploads\/2022\/02\/logo-guia-combarranquilla.svg","contentUrl":"https:\/\/tuguia.combarranquilla.co\/Revista\/wp-content\/uploads\/2022\/02\/logo-guia-combarranquilla.svg","caption":"Tu Gu\u00eda Combarranquilla"},"image":{"@id":"https:\/\/tuguia.combarranquilla.co\/Revista\/#\/schema\/logo\/image\/"}},{"@type":"Person","@id":"https:\/\/tuguia.combarranquilla.co\/Revista\/#\/schema\/person\/c2c396a77170bd1d5f8ba73294eb0d10","name":"Comunicaciones Combarranquilla","image":{"@type":"ImageObject","inLanguage":"es-CO","@id":"https:\/\/tuguia.combarranquilla.co\/Revista\/wp-content\/uploads\/2025\/05\/ABC-Al-Rojo-Logo-96x96.jpg","url":"https:\/\/tuguia.combarranquilla.co\/Revista\/wp-content\/uploads\/2025\/05\/ABC-Al-Rojo-Logo-96x96.jpg","contentUrl":"https:\/\/tuguia.combarranquilla.co\/Revista\/wp-content\/uploads\/2025\/05\/ABC-Al-Rojo-Logo-96x96.jpg","caption":"Comunicaciones Combarranquilla"},"sameAs":["https:\/\/www.combarranquilla.co"],"url":"https:\/\/tuguia.combarranquilla.co\/Revista\/author\/comunicaciones\/"}]}},"_links":{"self":[{"href":"https:\/\/tuguia.combarranquilla.co\/Revista\/wp-json\/wp\/v2\/posts\/5379","targetHints":{"allow":["GET"]}}],"collection":[{"href":"https:\/\/tuguia.combarranquilla.co\/Revista\/wp-json\/wp\/v2\/posts"}],"about":[{"href":"https:\/\/tuguia.combarranquilla.co\/Revista\/wp-json\/wp\/v2\/types\/post"}],"author":[{"embeddable":true,"href":"https:\/\/tuguia.combarranquilla.co\/Revista\/wp-json\/wp\/v2\/users\/2"}],"replies":[{"embeddable":true,"href":"https:\/\/tuguia.combarranquilla.co\/Revista\/wp-json\/wp\/v2\/comments?post=5379"}],"version-history":[{"count":15,"href":"https:\/\/tuguia.combarranquilla.co\/Revista\/wp-json\/wp\/v2\/posts\/5379\/revisions"}],"predecessor-version":[{"id":5465,"href":"https:\/\/tuguia.combarranquilla.co\/Revista\/wp-json\/wp\/v2\/posts\/5379\/revisions\/5465"}],"wp:featuredmedia":[{"embeddable":true,"href":"https:\/\/tuguia.combarranquilla.co\/Revista\/wp-json\/wp\/v2\/media\/5395"}],"wp:attachment":[{"href":"https:\/\/tuguia.combarranquilla.co\/Revista\/wp-json\/wp\/v2\/media?parent=5379"}],"wp:term":[{"taxonomy":"category","embeddable":true,"href":"https:\/\/tuguia.combarranquilla.co\/Revista\/wp-json\/wp\/v2\/categories?post=5379"},{"taxonomy":"post_tag","embeddable":true,"href":"https:\/\/tuguia.combarranquilla.co\/Revista\/wp-json\/wp\/v2\/tags?post=5379"}],"curies":[{"name":"wp","href":"https:\/\/api.w.org\/{rel}","templated":true}]}}