{"id":5429,"date":"2024-09-20T08:14:35","date_gmt":"2024-09-20T13:14:35","guid":{"rendered":"https:\/\/tuguia.combarranquilla.co\/Revista\/?p=5429"},"modified":"2024-12-09T08:16:32","modified_gmt":"2024-12-09T13:16:32","slug":"hablando-abiertamente-y-actuando-conjuntamente-prevencion-al-suicidio","status":"publish","type":"post","link":"https:\/\/tuguia.combarranquilla.co\/Revista\/hablando-abiertamente-y-actuando-conjuntamente-prevencion-al-suicidio\/","title":{"rendered":"Hablando abiertamente y actuando conjuntamente: prevenci\u00f3n al suicidio"},"content":{"rendered":"\n<p>En el Centro de Formaci\u00f3n Combarranquilla de la Unidad Boston, se realiz\u00f3 la charla: \u201cHablando abiertamente y actuando conjuntamente\u201d. Su principal objetivo era tratar un tema sensible como el suicidio, el cu\u00e1l ha elevado sus cifras en los \u00faltimos a\u00f1os. La charla ten\u00eda como objetivo comenzar a tratar estas situaciones, las cuales tienen que dejar de ser un tema tab\u00fa. Cada palabra y cada conversaci\u00f3n resulta ser clave para poder prevenir un caso m\u00e1s.<\/p>\n\n\n\n<p>Los participantes de esta charla participaron de diferentes actividades. El principal objetivo era convertirlos en actores de transformaci\u00f3n de sus realidades y de las personas que los rodean. Informarse sobre la situaci\u00f3n y posibles accionares fue un punto clave a lo largo de toda la pl\u00e1tica. Se lleg\u00f3 a la firme convicci\u00f3n que la sensibilizaci\u00f3n a estos temas no solo se deben dar en espacios como el colegio y la universidad, tambi\u00e9n se debe tratar desde el Gobierno Nacional.<\/p>\n\n\n\n<p>Tratar estos tab\u00faes es fundamental: se vuelve importante el hecho de comenzar a reducir estas brechas. En 2022 present\u00f3 2.835 casos de suicidio, mientras que en 2023 el aumento fue significativo, pues los casos incrementaron a 3.145. Entre los 15 y 19 a\u00f1os, esta es la segunda causa de muerte y es que hay varias preguntas sobre cu\u00e1les podr\u00edan ser las causas a que se tomen estas decisiones.<\/p>\n\n\n\n<p>Algunos de los resultados fueron: El mito de la generaci\u00f3n de cristal, exigencias de la juventud, las diferencias generacionales, el machismo, entre otros. Sin embargo, existen otros puntos que tienden a ser posibles soluciones para prevenir las causas de los suicidios. Algunos de estos son: Creaci\u00f3n de una red de apoyo que escuche, pero de este punto desencadena a la pregunta \u201c\u00bfTengo a alguien que me escuche?\u201d.<\/p>\n\n\n\n<p>Otro de las posibles soluciones es aumentar la promoci\u00f3n a la salud mental, hacer monitoreo y seguimiento muy cercano a los j\u00f3venes que tienen antecedentes o que presentan signos de querer tomar decisiones frente a ellos mismos. Finalmente, tener en cuenta el incremento de l\u00edneas de ayuda y lograr vencer la \u201cverg\u00fcenza de nuestros sentimientos\u201d.<\/p>\n\n\n\n<p>La Caja de Compensaci\u00f3n est\u00e1 convencida de lo importante que son este tipo de charlas. Por eso, seguir\u00e1 aportando con charlas a la prevenci\u00f3n de estas situaciones. Est\u00e1s seguir\u00e1n buscando impactar en la vida de los adolescentes y adultos para evitar que las cifras sigan creciendo. Cada charla, cada situaci\u00f3n y cada momento es fundamental para preservar la vida de nuestros j\u00f3venes en el departamento del Atl\u00e1ntico.<\/p>\n\n\n\n<p><\/p>\n","protected":false},"excerpt":{"rendered":"<p>En el Centro de Formaci\u00f3n Combarranquilla de la Unidad Boston, se realiz\u00f3 la charla: \u201cHablando abiertamente y actuando conjuntamente\u201d. Su principal objetivo era tratar un tema sensible como el suicidio, el cu\u00e1l ha elevado sus cifras en los \u00faltimos a\u00f1os. La charla ten\u00eda como objetivo comenzar a tratar estas situaciones, las cuales tienen que dejar [&hellip;]<\/p>\n","protected":false},"author":2,"featured_media":3648,"comment_status":"open","ping_status":"open","sticky":false,"template":"","format":"standard","meta":{"inline_featured_image":false,"footnotes":""},"categories":[8],"tags":[38],"class_list":["post-5429","post","type-post","status-publish","format-standard","has-post-thumbnail","hentry","category-formacion","tag-salud"],"yoast_head":"<!-- This site is optimized with the Yoast SEO plugin v27.4 - https:\/\/yoast.com\/product\/yoast-seo-wordpress\/ -->\n<title>Hablando abiertamente y actuando conjuntamente: prevenci\u00f3n al suicidio - Tu Gu\u00eda<\/title>\n<meta name=\"description\" content=\"Una charla importante se dio en Combarranquilla. Una campa\u00f1a en prevenci\u00f3n del suicidio, un espacio importante para todos.\" \/>\n<meta name=\"robots\" content=\"index, follow, max-snippet:-1, max-image-preview:large, max-video-preview:-1\" \/>\n<link rel=\"canonical\" href=\"https:\/\/tuguia.combarranquilla.co\/Revista\/hablando-abiertamente-y-actuando-conjuntamente-prevencion-al-suicidio\/\" \/>\n<meta property=\"og:locale\" content=\"es_ES\" \/>\n<meta property=\"og:type\" content=\"article\" \/>\n<meta property=\"og:title\" content=\"Hablando abiertamente y actuando conjuntamente: prevenci\u00f3n al suicidio - Tu Gu\u00eda\" \/>\n<meta property=\"og:description\" content=\"Una charla importante se dio en Combarranquilla. Una campa\u00f1a en prevenci\u00f3n del suicidio, un espacio importante para todos.\" \/>\n<meta property=\"og:url\" content=\"https:\/\/tuguia.combarranquilla.co\/Revista\/hablando-abiertamente-y-actuando-conjuntamente-prevencion-al-suicidio\/\" \/>\n<meta property=\"og:site_name\" content=\"Tu Gu\u00eda\" \/>\n<meta property=\"article:published_time\" content=\"2024-09-20T13:14:35+00:00\" \/>\n<meta property=\"article:modified_time\" content=\"2024-12-09T13:16:32+00:00\" \/>\n<meta property=\"og:image\" content=\"https:\/\/tuguia.combarranquilla.co\/Revista\/wp-content\/uploads\/2024\/02\/DSC_0190-scaled.jpg\" \/>\n\t<meta property=\"og:image:width\" content=\"2560\" \/>\n\t<meta property=\"og:image:height\" content=\"1707\" \/>\n\t<meta property=\"og:image:type\" content=\"image\/jpeg\" \/>\n<meta name=\"author\" content=\"Comunicaciones Combarranquilla\" \/>\n<meta name=\"twitter:card\" content=\"summary_large_image\" \/>\n<meta name=\"twitter:label1\" content=\"Escrito por\" \/>\n\t<meta name=\"twitter:data1\" content=\"Comunicaciones Combarranquilla\" \/>\n\t<meta name=\"twitter:label2\" content=\"Tiempo de lectura\" \/>\n\t<meta name=\"twitter:data2\" content=\"3 minutos\" \/>\n<script type=\"application\/ld+json\" class=\"yoast-schema-graph\">{\"@context\":\"https:\\\/\\\/schema.org\",\"@graph\":[{\"@type\":\"Article\",\"@id\":\"https:\\\/\\\/tuguia.combarranquilla.co\\\/Revista\\\/hablando-abiertamente-y-actuando-conjuntamente-prevencion-al-suicidio\\\/#article\",\"isPartOf\":{\"@id\":\"https:\\\/\\\/tuguia.combarranquilla.co\\\/Revista\\\/hablando-abiertamente-y-actuando-conjuntamente-prevencion-al-suicidio\\\/\"},\"author\":{\"name\":\"Comunicaciones Combarranquilla\",\"@id\":\"https:\\\/\\\/tuguia.combarranquilla.co\\\/Revista\\\/#\\\/schema\\\/person\\\/c2c396a77170bd1d5f8ba73294eb0d10\"},\"headline\":\"Hablando abiertamente y actuando conjuntamente: prevenci\u00f3n al suicidio\",\"datePublished\":\"2024-09-20T13:14:35+00:00\",\"dateModified\":\"2024-12-09T13:16:32+00:00\",\"mainEntityOfPage\":{\"@id\":\"https:\\\/\\\/tuguia.combarranquilla.co\\\/Revista\\\/hablando-abiertamente-y-actuando-conjuntamente-prevencion-al-suicidio\\\/\"},\"wordCount\":442,\"commentCount\":0,\"publisher\":{\"@id\":\"https:\\\/\\\/tuguia.combarranquilla.co\\\/Revista\\\/#organization\"},\"image\":{\"@id\":\"https:\\\/\\\/tuguia.combarranquilla.co\\\/Revista\\\/hablando-abiertamente-y-actuando-conjuntamente-prevencion-al-suicidio\\\/#primaryimage\"},\"thumbnailUrl\":\"https:\\\/\\\/tuguia.combarranquilla.co\\\/Revista\\\/wp-content\\\/uploads\\\/2024\\\/02\\\/DSC_0190-scaled.jpg\",\"keywords\":[\"Salud\"],\"articleSection\":[\"FORMACI\u00d3N\"],\"inLanguage\":\"es-CO\",\"potentialAction\":[{\"@type\":\"CommentAction\",\"name\":\"Comment\",\"target\":[\"https:\\\/\\\/tuguia.combarranquilla.co\\\/Revista\\\/hablando-abiertamente-y-actuando-conjuntamente-prevencion-al-suicidio\\\/#respond\"]}]},{\"@type\":\"WebPage\",\"@id\":\"https:\\\/\\\/tuguia.combarranquilla.co\\\/Revista\\\/hablando-abiertamente-y-actuando-conjuntamente-prevencion-al-suicidio\\\/\",\"url\":\"https:\\\/\\\/tuguia.combarranquilla.co\\\/Revista\\\/hablando-abiertamente-y-actuando-conjuntamente-prevencion-al-suicidio\\\/\",\"name\":\"Hablando abiertamente y actuando conjuntamente: prevenci\u00f3n al suicidio - Tu Gu\u00eda\",\"isPartOf\":{\"@id\":\"https:\\\/\\\/tuguia.combarranquilla.co\\\/Revista\\\/#website\"},\"primaryImageOfPage\":{\"@id\":\"https:\\\/\\\/tuguia.combarranquilla.co\\\/Revista\\\/hablando-abiertamente-y-actuando-conjuntamente-prevencion-al-suicidio\\\/#primaryimage\"},\"image\":{\"@id\":\"https:\\\/\\\/tuguia.combarranquilla.co\\\/Revista\\\/hablando-abiertamente-y-actuando-conjuntamente-prevencion-al-suicidio\\\/#primaryimage\"},\"thumbnailUrl\":\"https:\\\/\\\/tuguia.combarranquilla.co\\\/Revista\\\/wp-content\\\/uploads\\\/2024\\\/02\\\/DSC_0190-scaled.jpg\",\"datePublished\":\"2024-09-20T13:14:35+00:00\",\"dateModified\":\"2024-12-09T13:16:32+00:00\",\"description\":\"Una charla importante se dio en Combarranquilla. Una campa\u00f1a en prevenci\u00f3n del suicidio, un espacio importante para todos.\",\"breadcrumb\":{\"@id\":\"https:\\\/\\\/tuguia.combarranquilla.co\\\/Revista\\\/hablando-abiertamente-y-actuando-conjuntamente-prevencion-al-suicidio\\\/#breadcrumb\"},\"inLanguage\":\"es-CO\",\"potentialAction\":[{\"@type\":\"ReadAction\",\"target\":[\"https:\\\/\\\/tuguia.combarranquilla.co\\\/Revista\\\/hablando-abiertamente-y-actuando-conjuntamente-prevencion-al-suicidio\\\/\"]}]},{\"@type\":\"ImageObject\",\"inLanguage\":\"es-CO\",\"@id\":\"https:\\\/\\\/tuguia.combarranquilla.co\\\/Revista\\\/hablando-abiertamente-y-actuando-conjuntamente-prevencion-al-suicidio\\\/#primaryimage\",\"url\":\"https:\\\/\\\/tuguia.combarranquilla.co\\\/Revista\\\/wp-content\\\/uploads\\\/2024\\\/02\\\/DSC_0190-scaled.jpg\",\"contentUrl\":\"https:\\\/\\\/tuguia.combarranquilla.co\\\/Revista\\\/wp-content\\\/uploads\\\/2024\\\/02\\\/DSC_0190-scaled.jpg\",\"width\":2560,\"height\":1707},{\"@type\":\"BreadcrumbList\",\"@id\":\"https:\\\/\\\/tuguia.combarranquilla.co\\\/Revista\\\/hablando-abiertamente-y-actuando-conjuntamente-prevencion-al-suicidio\\\/#breadcrumb\",\"itemListElement\":[{\"@type\":\"ListItem\",\"position\":1,\"name\":\"Inicio\",\"item\":\"https:\\\/\\\/tuguia.combarranquilla.co\\\/Revista\\\/\"},{\"@type\":\"ListItem\",\"position\":2,\"name\":\"Hablando abiertamente y actuando conjuntamente: prevenci\u00f3n al suicidio\"}]},{\"@type\":\"WebSite\",\"@id\":\"https:\\\/\\\/tuguia.combarranquilla.co\\\/Revista\\\/#website\",\"url\":\"https:\\\/\\\/tuguia.combarranquilla.co\\\/Revista\\\/\",\"name\":\"Tu Gu\u00eda\",\"description\":\"La revista donde lo tienes todo.\",\"publisher\":{\"@id\":\"https:\\\/\\\/tuguia.combarranquilla.co\\\/Revista\\\/#organization\"},\"alternateName\":\"Tu Gu\u00eda Combarranquilla\",\"potentialAction\":[{\"@type\":\"SearchAction\",\"target\":{\"@type\":\"EntryPoint\",\"urlTemplate\":\"https:\\\/\\\/tuguia.combarranquilla.co\\\/Revista\\\/?s={search_term_string}\"},\"query-input\":{\"@type\":\"PropertyValueSpecification\",\"valueRequired\":true,\"valueName\":\"search_term_string\"}}],\"inLanguage\":\"es-CO\"},{\"@type\":\"Organization\",\"@id\":\"https:\\\/\\\/tuguia.combarranquilla.co\\\/Revista\\\/#organization\",\"name\":\"Tu Gu\u00eda Combarranquilla\",\"url\":\"https:\\\/\\\/tuguia.combarranquilla.co\\\/Revista\\\/\",\"logo\":{\"@type\":\"ImageObject\",\"inLanguage\":\"es-CO\",\"@id\":\"https:\\\/\\\/tuguia.combarranquilla.co\\\/Revista\\\/#\\\/schema\\\/logo\\\/image\\\/\",\"url\":\"https:\\\/\\\/tuguia.combarranquilla.co\\\/Revista\\\/wp-content\\\/uploads\\\/2022\\\/02\\\/logo-guia-combarranquilla.svg\",\"contentUrl\":\"https:\\\/\\\/tuguia.combarranquilla.co\\\/Revista\\\/wp-content\\\/uploads\\\/2022\\\/02\\\/logo-guia-combarranquilla.svg\",\"caption\":\"Tu Gu\u00eda Combarranquilla\"},\"image\":{\"@id\":\"https:\\\/\\\/tuguia.combarranquilla.co\\\/Revista\\\/#\\\/schema\\\/logo\\\/image\\\/\"}},{\"@type\":\"Person\",\"@id\":\"https:\\\/\\\/tuguia.combarranquilla.co\\\/Revista\\\/#\\\/schema\\\/person\\\/c2c396a77170bd1d5f8ba73294eb0d10\",\"name\":\"Comunicaciones Combarranquilla\",\"image\":{\"@type\":\"ImageObject\",\"inLanguage\":\"es-CO\",\"@id\":\"https:\\\/\\\/tuguia.combarranquilla.co\\\/Revista\\\/wp-content\\\/uploads\\\/2025\\\/05\\\/ABC-Al-Rojo-Logo-96x96.jpg\",\"url\":\"https:\\\/\\\/tuguia.combarranquilla.co\\\/Revista\\\/wp-content\\\/uploads\\\/2025\\\/05\\\/ABC-Al-Rojo-Logo-96x96.jpg\",\"contentUrl\":\"https:\\\/\\\/tuguia.combarranquilla.co\\\/Revista\\\/wp-content\\\/uploads\\\/2025\\\/05\\\/ABC-Al-Rojo-Logo-96x96.jpg\",\"caption\":\"Comunicaciones Combarranquilla\"},\"sameAs\":[\"https:\\\/\\\/www.combarranquilla.co\"],\"url\":\"https:\\\/\\\/tuguia.combarranquilla.co\\\/Revista\\\/author\\\/comunicaciones\\\/\"}]}<\/script>\n<!-- \/ Yoast SEO plugin. -->","yoast_head_json":{"title":"Hablando abiertamente y actuando conjuntamente: prevenci\u00f3n al suicidio - Tu Gu\u00eda","description":"Una charla importante se dio en Combarranquilla. Una campa\u00f1a en prevenci\u00f3n del suicidio, un espacio importante para todos.","robots":{"index":"index","follow":"follow","max-snippet":"max-snippet:-1","max-image-preview":"max-image-preview:large","max-video-preview":"max-video-preview:-1"},"canonical":"https:\/\/tuguia.combarranquilla.co\/Revista\/hablando-abiertamente-y-actuando-conjuntamente-prevencion-al-suicidio\/","og_locale":"es_ES","og_type":"article","og_title":"Hablando abiertamente y actuando conjuntamente: prevenci\u00f3n al suicidio - Tu Gu\u00eda","og_description":"Una charla importante se dio en Combarranquilla. Una campa\u00f1a en prevenci\u00f3n del suicidio, un espacio importante para todos.","og_url":"https:\/\/tuguia.combarranquilla.co\/Revista\/hablando-abiertamente-y-actuando-conjuntamente-prevencion-al-suicidio\/","og_site_name":"Tu Gu\u00eda","article_published_time":"2024-09-20T13:14:35+00:00","article_modified_time":"2024-12-09T13:16:32+00:00","og_image":[{"width":2560,"height":1707,"url":"https:\/\/tuguia.combarranquilla.co\/Revista\/wp-content\/uploads\/2024\/02\/DSC_0190-scaled.jpg","type":"image\/jpeg"}],"author":"Comunicaciones Combarranquilla","twitter_card":"summary_large_image","twitter_misc":{"Escrito por":"Comunicaciones Combarranquilla","Tiempo de lectura":"3 minutos"},"schema":{"@context":"https:\/\/schema.org","@graph":[{"@type":"Article","@id":"https:\/\/tuguia.combarranquilla.co\/Revista\/hablando-abiertamente-y-actuando-conjuntamente-prevencion-al-suicidio\/#article","isPartOf":{"@id":"https:\/\/tuguia.combarranquilla.co\/Revista\/hablando-abiertamente-y-actuando-conjuntamente-prevencion-al-suicidio\/"},"author":{"name":"Comunicaciones Combarranquilla","@id":"https:\/\/tuguia.combarranquilla.co\/Revista\/#\/schema\/person\/c2c396a77170bd1d5f8ba73294eb0d10"},"headline":"Hablando abiertamente y actuando conjuntamente: prevenci\u00f3n al suicidio","datePublished":"2024-09-20T13:14:35+00:00","dateModified":"2024-12-09T13:16:32+00:00","mainEntityOfPage":{"@id":"https:\/\/tuguia.combarranquilla.co\/Revista\/hablando-abiertamente-y-actuando-conjuntamente-prevencion-al-suicidio\/"},"wordCount":442,"commentCount":0,"publisher":{"@id":"https:\/\/tuguia.combarranquilla.co\/Revista\/#organization"},"image":{"@id":"https:\/\/tuguia.combarranquilla.co\/Revista\/hablando-abiertamente-y-actuando-conjuntamente-prevencion-al-suicidio\/#primaryimage"},"thumbnailUrl":"https:\/\/tuguia.combarranquilla.co\/Revista\/wp-content\/uploads\/2024\/02\/DSC_0190-scaled.jpg","keywords":["Salud"],"articleSection":["FORMACI\u00d3N"],"inLanguage":"es-CO","potentialAction":[{"@type":"CommentAction","name":"Comment","target":["https:\/\/tuguia.combarranquilla.co\/Revista\/hablando-abiertamente-y-actuando-conjuntamente-prevencion-al-suicidio\/#respond"]}]},{"@type":"WebPage","@id":"https:\/\/tuguia.combarranquilla.co\/Revista\/hablando-abiertamente-y-actuando-conjuntamente-prevencion-al-suicidio\/","url":"https:\/\/tuguia.combarranquilla.co\/Revista\/hablando-abiertamente-y-actuando-conjuntamente-prevencion-al-suicidio\/","name":"Hablando abiertamente y actuando conjuntamente: prevenci\u00f3n al suicidio - Tu Gu\u00eda","isPartOf":{"@id":"https:\/\/tuguia.combarranquilla.co\/Revista\/#website"},"primaryImageOfPage":{"@id":"https:\/\/tuguia.combarranquilla.co\/Revista\/hablando-abiertamente-y-actuando-conjuntamente-prevencion-al-suicidio\/#primaryimage"},"image":{"@id":"https:\/\/tuguia.combarranquilla.co\/Revista\/hablando-abiertamente-y-actuando-conjuntamente-prevencion-al-suicidio\/#primaryimage"},"thumbnailUrl":"https:\/\/tuguia.combarranquilla.co\/Revista\/wp-content\/uploads\/2024\/02\/DSC_0190-scaled.jpg","datePublished":"2024-09-20T13:14:35+00:00","dateModified":"2024-12-09T13:16:32+00:00","description":"Una charla importante se dio en Combarranquilla. Una campa\u00f1a en prevenci\u00f3n del suicidio, un espacio importante para todos.","breadcrumb":{"@id":"https:\/\/tuguia.combarranquilla.co\/Revista\/hablando-abiertamente-y-actuando-conjuntamente-prevencion-al-suicidio\/#breadcrumb"},"inLanguage":"es-CO","potentialAction":[{"@type":"ReadAction","target":["https:\/\/tuguia.combarranquilla.co\/Revista\/hablando-abiertamente-y-actuando-conjuntamente-prevencion-al-suicidio\/"]}]},{"@type":"ImageObject","inLanguage":"es-CO","@id":"https:\/\/tuguia.combarranquilla.co\/Revista\/hablando-abiertamente-y-actuando-conjuntamente-prevencion-al-suicidio\/#primaryimage","url":"https:\/\/tuguia.combarranquilla.co\/Revista\/wp-content\/uploads\/2024\/02\/DSC_0190-scaled.jpg","contentUrl":"https:\/\/tuguia.combarranquilla.co\/Revista\/wp-content\/uploads\/2024\/02\/DSC_0190-scaled.jpg","width":2560,"height":1707},{"@type":"BreadcrumbList","@id":"https:\/\/tuguia.combarranquilla.co\/Revista\/hablando-abiertamente-y-actuando-conjuntamente-prevencion-al-suicidio\/#breadcrumb","itemListElement":[{"@type":"ListItem","position":1,"name":"Inicio","item":"https:\/\/tuguia.combarranquilla.co\/Revista\/"},{"@type":"ListItem","position":2,"name":"Hablando abiertamente y actuando conjuntamente: prevenci\u00f3n al suicidio"}]},{"@type":"WebSite","@id":"https:\/\/tuguia.combarranquilla.co\/Revista\/#website","url":"https:\/\/tuguia.combarranquilla.co\/Revista\/","name":"Tu Gu\u00eda","description":"La revista donde lo tienes todo.","publisher":{"@id":"https:\/\/tuguia.combarranquilla.co\/Revista\/#organization"},"alternateName":"Tu Gu\u00eda Combarranquilla","potentialAction":[{"@type":"SearchAction","target":{"@type":"EntryPoint","urlTemplate":"https:\/\/tuguia.combarranquilla.co\/Revista\/?s={search_term_string}"},"query-input":{"@type":"PropertyValueSpecification","valueRequired":true,"valueName":"search_term_string"}}],"inLanguage":"es-CO"},{"@type":"Organization","@id":"https:\/\/tuguia.combarranquilla.co\/Revista\/#organization","name":"Tu Gu\u00eda Combarranquilla","url":"https:\/\/tuguia.combarranquilla.co\/Revista\/","logo":{"@type":"ImageObject","inLanguage":"es-CO","@id":"https:\/\/tuguia.combarranquilla.co\/Revista\/#\/schema\/logo\/image\/","url":"https:\/\/tuguia.combarranquilla.co\/Revista\/wp-content\/uploads\/2022\/02\/logo-guia-combarranquilla.svg","contentUrl":"https:\/\/tuguia.combarranquilla.co\/Revista\/wp-content\/uploads\/2022\/02\/logo-guia-combarranquilla.svg","caption":"Tu Gu\u00eda Combarranquilla"},"image":{"@id":"https:\/\/tuguia.combarranquilla.co\/Revista\/#\/schema\/logo\/image\/"}},{"@type":"Person","@id":"https:\/\/tuguia.combarranquilla.co\/Revista\/#\/schema\/person\/c2c396a77170bd1d5f8ba73294eb0d10","name":"Comunicaciones Combarranquilla","image":{"@type":"ImageObject","inLanguage":"es-CO","@id":"https:\/\/tuguia.combarranquilla.co\/Revista\/wp-content\/uploads\/2025\/05\/ABC-Al-Rojo-Logo-96x96.jpg","url":"https:\/\/tuguia.combarranquilla.co\/Revista\/wp-content\/uploads\/2025\/05\/ABC-Al-Rojo-Logo-96x96.jpg","contentUrl":"https:\/\/tuguia.combarranquilla.co\/Revista\/wp-content\/uploads\/2025\/05\/ABC-Al-Rojo-Logo-96x96.jpg","caption":"Comunicaciones Combarranquilla"},"sameAs":["https:\/\/www.combarranquilla.co"],"url":"https:\/\/tuguia.combarranquilla.co\/Revista\/author\/comunicaciones\/"}]}},"_links":{"self":[{"href":"https:\/\/tuguia.combarranquilla.co\/Revista\/wp-json\/wp\/v2\/posts\/5429","targetHints":{"allow":["GET"]}}],"collection":[{"href":"https:\/\/tuguia.combarranquilla.co\/Revista\/wp-json\/wp\/v2\/posts"}],"about":[{"href":"https:\/\/tuguia.combarranquilla.co\/Revista\/wp-json\/wp\/v2\/types\/post"}],"author":[{"embeddable":true,"href":"https:\/\/tuguia.combarranquilla.co\/Revista\/wp-json\/wp\/v2\/users\/2"}],"replies":[{"embeddable":true,"href":"https:\/\/tuguia.combarranquilla.co\/Revista\/wp-json\/wp\/v2\/comments?post=5429"}],"version-history":[{"count":1,"href":"https:\/\/tuguia.combarranquilla.co\/Revista\/wp-json\/wp\/v2\/posts\/5429\/revisions"}],"predecessor-version":[{"id":5430,"href":"https:\/\/tuguia.combarranquilla.co\/Revista\/wp-json\/wp\/v2\/posts\/5429\/revisions\/5430"}],"wp:featuredmedia":[{"embeddable":true,"href":"https:\/\/tuguia.combarranquilla.co\/Revista\/wp-json\/wp\/v2\/media\/3648"}],"wp:attachment":[{"href":"https:\/\/tuguia.combarranquilla.co\/Revista\/wp-json\/wp\/v2\/media?parent=5429"}],"wp:term":[{"taxonomy":"category","embeddable":true,"href":"https:\/\/tuguia.combarranquilla.co\/Revista\/wp-json\/wp\/v2\/categories?post=5429"},{"taxonomy":"post_tag","embeddable":true,"href":"https:\/\/tuguia.combarranquilla.co\/Revista\/wp-json\/wp\/v2\/tags?post=5429"}],"curies":[{"name":"wp","href":"https:\/\/api.w.org\/{rel}","templated":true}]}}