{"id":5473,"date":"2024-12-17T09:07:55","date_gmt":"2024-12-17T14:07:55","guid":{"rendered":"https:\/\/tuguia.combarranquilla.co\/Revista\/?p=5473"},"modified":"2024-12-17T11:22:47","modified_gmt":"2024-12-17T16:22:47","slug":"estos-fueron-los-momentos-mas-importantes-del-servicio-publico-de-empleo-durante-el-2024","status":"publish","type":"post","link":"https:\/\/tuguia.combarranquilla.co\/Revista\/estos-fueron-los-momentos-mas-importantes-del-servicio-publico-de-empleo-durante-el-2024\/","title":{"rendered":"\u00a1Estos fueron los momentos m\u00e1s importantes del Servicio P\u00fablico de Empleo durante el 2024!"},"content":{"rendered":"\n<h2 class=\"wp-block-heading\">La <strong>Agencia de Empleo Combarranquilla<\/strong> sigue consolid\u00e1ndose como el aliado ideal en la b\u00fasqueda de empleo y la consecuci\u00f3n de talento humano en el Atl\u00e1ntico. Este a\u00f1o logramos <strong>vincular a 3.272 personas<\/strong> con empresas del departamento, abriendo las puertas a nuevas oportunidades laborales.<\/h2>\n\n\n\n<p class=\"has-text-align-center has-medium-font-size\"><strong>TransformandoVidas: Impactos destacados del 2024<\/strong><\/p>\n\n\n\n<p class=\"has-medium-font-size\"><strong>Celebraci\u00f3n del D\u00eda de la Mujer \u2013 #OportunidadesParaTodas<\/strong><\/p>\n\n\n\n<p class=\"has-medium-font-size\">En marzo, conmemoramos el D\u00eda de la Mujer con una jornada especial dedicada a empoderarlas en el mercado laboral. Organizamos un taller de empoderamiento femenino que destac\u00f3 las capacidades \u00fanicas de las mujeres y su valioso aporte al \u00e1mbito laboral. Adem\u00e1s, se llevaron a cabo convocatorias y entrevistas laborales exclusivas para ellas.<\/p>\n\n\n\n<figure class=\"wp-block-gallery has-nested-images columns-default is-cropped wp-block-gallery-1 is-layout-flex wp-block-gallery-is-layout-flex\">\n<figure class=\"wp-block-image size-large\"><img decoding=\"async\" width=\"1024\" height=\"768\" data-id=\"5487\" data-src=\"https:\/\/tuguia.combarranquilla.co\/Revista\/wp-content\/uploads\/2024\/12\/WhatsApp-Image-2024-12-16-at-3.40.00-PM-1-1024x768.jpeg\" alt=\"\" class=\"wp-image-5487 lazyload\" data-srcset=\"https:\/\/tuguia.combarranquilla.co\/Revista\/wp-content\/uploads\/2024\/12\/WhatsApp-Image-2024-12-16-at-3.40.00-PM-1-1024x768.jpeg 1024w, https:\/\/tuguia.combarranquilla.co\/Revista\/wp-content\/uploads\/2024\/12\/WhatsApp-Image-2024-12-16-at-3.40.00-PM-1-300x225.jpeg 300w, https:\/\/tuguia.combarranquilla.co\/Revista\/wp-content\/uploads\/2024\/12\/WhatsApp-Image-2024-12-16-at-3.40.00-PM-1-768x576.jpeg 768w, https:\/\/tuguia.combarranquilla.co\/Revista\/wp-content\/uploads\/2024\/12\/WhatsApp-Image-2024-12-16-at-3.40.00-PM-1-1536x1152.jpeg 1536w, https:\/\/tuguia.combarranquilla.co\/Revista\/wp-content\/uploads\/2024\/12\/WhatsApp-Image-2024-12-16-at-3.40.00-PM-1.jpeg 1600w\" data-sizes=\"(max-width: 1024px) 100vw, 1024px\" src=\"data:image\/svg+xml;base64,PHN2ZyB3aWR0aD0iMSIgaGVpZ2h0PSIxIiB4bWxucz0iaHR0cDovL3d3dy53My5vcmcvMjAwMC9zdmciPjwvc3ZnPg==\" style=\"--smush-placeholder-width: 1024px; --smush-placeholder-aspect-ratio: 1024\/768;\" \/><\/figure>\n\n\n\n<figure class=\"wp-block-image size-large\"><img decoding=\"async\" width=\"1024\" height=\"768\" data-id=\"5486\" data-src=\"https:\/\/tuguia.combarranquilla.co\/Revista\/wp-content\/uploads\/2024\/12\/WhatsApp-Image-2024-12-16-at-3.40.00-PM-1024x768.jpeg\" alt=\"\" class=\"wp-image-5486 lazyload\" data-srcset=\"https:\/\/tuguia.combarranquilla.co\/Revista\/wp-content\/uploads\/2024\/12\/WhatsApp-Image-2024-12-16-at-3.40.00-PM-1024x768.jpeg 1024w, https:\/\/tuguia.combarranquilla.co\/Revista\/wp-content\/uploads\/2024\/12\/WhatsApp-Image-2024-12-16-at-3.40.00-PM-300x225.jpeg 300w, https:\/\/tuguia.combarranquilla.co\/Revista\/wp-content\/uploads\/2024\/12\/WhatsApp-Image-2024-12-16-at-3.40.00-PM-768x576.jpeg 768w, https:\/\/tuguia.combarranquilla.co\/Revista\/wp-content\/uploads\/2024\/12\/WhatsApp-Image-2024-12-16-at-3.40.00-PM-1536x1152.jpeg 1536w, https:\/\/tuguia.combarranquilla.co\/Revista\/wp-content\/uploads\/2024\/12\/WhatsApp-Image-2024-12-16-at-3.40.00-PM.jpeg 1600w\" data-sizes=\"(max-width: 1024px) 100vw, 1024px\" src=\"data:image\/svg+xml;base64,PHN2ZyB3aWR0aD0iMSIgaGVpZ2h0PSIxIiB4bWxucz0iaHR0cDovL3d3dy53My5vcmcvMjAwMC9zdmciPjwvc3ZnPg==\" style=\"--smush-placeholder-width: 1024px; --smush-placeholder-aspect-ratio: 1024\/768;\" \/><\/figure>\n<\/figure>\n\n\n\n<p class=\"has-medium-font-size\"><strong>Feria de Empleo masiva \u2013 Unidad Boston<\/strong><\/p>\n\n\n\n<p class=\"has-medium-font-size\">Nuestra feria de empleo en la Unidad Boston fue un \u00e9xito rotundo. M\u00e1s de <strong>800 personas<\/strong> se registraron para aplicar a las vacantes ofrecidas, reafirmando nuestro compromiso de contribuir a la disminuci\u00f3n del desempleo en el departamento.<\/p>\n\n\n\n<figure class=\"wp-block-gallery has-nested-images columns-default is-cropped wp-block-gallery-2 is-layout-flex wp-block-gallery-is-layout-flex\">\n<figure class=\"wp-block-image size-large\"><img decoding=\"async\" width=\"1024\" height=\"768\" data-id=\"5482\" data-src=\"https:\/\/tuguia.combarranquilla.co\/Revista\/wp-content\/uploads\/2024\/12\/WhatsApp-Image-2024-12-16-at-3.39.59-PM-1-1024x768.jpeg\" alt=\"\" class=\"wp-image-5482 lazyload\" data-srcset=\"https:\/\/tuguia.combarranquilla.co\/Revista\/wp-content\/uploads\/2024\/12\/WhatsApp-Image-2024-12-16-at-3.39.59-PM-1-1024x768.jpeg 1024w, https:\/\/tuguia.combarranquilla.co\/Revista\/wp-content\/uploads\/2024\/12\/WhatsApp-Image-2024-12-16-at-3.39.59-PM-1-300x225.jpeg 300w, https:\/\/tuguia.combarranquilla.co\/Revista\/wp-content\/uploads\/2024\/12\/WhatsApp-Image-2024-12-16-at-3.39.59-PM-1-768x576.jpeg 768w, https:\/\/tuguia.combarranquilla.co\/Revista\/wp-content\/uploads\/2024\/12\/WhatsApp-Image-2024-12-16-at-3.39.59-PM-1-1536x1152.jpeg 1536w, https:\/\/tuguia.combarranquilla.co\/Revista\/wp-content\/uploads\/2024\/12\/WhatsApp-Image-2024-12-16-at-3.39.59-PM-1.jpeg 1600w\" data-sizes=\"(max-width: 1024px) 100vw, 1024px\" src=\"data:image\/svg+xml;base64,PHN2ZyB3aWR0aD0iMSIgaGVpZ2h0PSIxIiB4bWxucz0iaHR0cDovL3d3dy53My5vcmcvMjAwMC9zdmciPjwvc3ZnPg==\" style=\"--smush-placeholder-width: 1024px; --smush-placeholder-aspect-ratio: 1024\/768;\" \/><\/figure>\n\n\n\n<figure class=\"wp-block-image size-large\"><img decoding=\"async\" width=\"1024\" height=\"768\" data-id=\"5483\" data-src=\"https:\/\/tuguia.combarranquilla.co\/Revista\/wp-content\/uploads\/2024\/12\/WhatsApp-Image-2024-12-16-at-3.39.59-PM-1024x768.jpeg\" alt=\"\" class=\"wp-image-5483 lazyload\" data-srcset=\"https:\/\/tuguia.combarranquilla.co\/Revista\/wp-content\/uploads\/2024\/12\/WhatsApp-Image-2024-12-16-at-3.39.59-PM-1024x768.jpeg 1024w, https:\/\/tuguia.combarranquilla.co\/Revista\/wp-content\/uploads\/2024\/12\/WhatsApp-Image-2024-12-16-at-3.39.59-PM-300x225.jpeg 300w, https:\/\/tuguia.combarranquilla.co\/Revista\/wp-content\/uploads\/2024\/12\/WhatsApp-Image-2024-12-16-at-3.39.59-PM-768x576.jpeg 768w, https:\/\/tuguia.combarranquilla.co\/Revista\/wp-content\/uploads\/2024\/12\/WhatsApp-Image-2024-12-16-at-3.39.59-PM-1536x1152.jpeg 1536w, https:\/\/tuguia.combarranquilla.co\/Revista\/wp-content\/uploads\/2024\/12\/WhatsApp-Image-2024-12-16-at-3.39.59-PM.jpeg 1600w\" data-sizes=\"(max-width: 1024px) 100vw, 1024px\" src=\"data:image\/svg+xml;base64,PHN2ZyB3aWR0aD0iMSIgaGVpZ2h0PSIxIiB4bWxucz0iaHR0cDovL3d3dy53My5vcmcvMjAwMC9zdmciPjwvc3ZnPg==\" style=\"--smush-placeholder-width: 1024px; --smush-placeholder-aspect-ratio: 1024\/768;\" \/><\/figure>\n<\/figure>\n\n\n\n<p class=\"has-medium-font-size\"><strong>Reconocimiento a colaboradores destacados<\/strong><\/p>\n\n\n\n<p class=\"has-medium-font-size\">Destacamos la dedicaci\u00f3n de <strong>siete colaboradores<\/strong> de la Agencia de Empleo, quienes alcanzaron sus metas con esfuerzo y excelencia durante el 2023. \u00a1Gracias por ser inspiraci\u00f3n y ejemplo para todos!<\/p>\n\n\n\n<figure class=\"wp-block-gallery has-nested-images columns-default is-cropped wp-block-gallery-3 is-layout-flex wp-block-gallery-is-layout-flex\">\n<figure class=\"wp-block-image size-large\"><img decoding=\"async\" width=\"1024\" height=\"768\" data-id=\"5484\" data-src=\"https:\/\/tuguia.combarranquilla.co\/Revista\/wp-content\/uploads\/2024\/12\/WhatsApp-Image-2024-12-16-at-3.40.00-PM-2-1024x768.jpeg\" alt=\"\" class=\"wp-image-5484 lazyload\" data-srcset=\"https:\/\/tuguia.combarranquilla.co\/Revista\/wp-content\/uploads\/2024\/12\/WhatsApp-Image-2024-12-16-at-3.40.00-PM-2-1024x768.jpeg 1024w, https:\/\/tuguia.combarranquilla.co\/Revista\/wp-content\/uploads\/2024\/12\/WhatsApp-Image-2024-12-16-at-3.40.00-PM-2-300x225.jpeg 300w, https:\/\/tuguia.combarranquilla.co\/Revista\/wp-content\/uploads\/2024\/12\/WhatsApp-Image-2024-12-16-at-3.40.00-PM-2-768x576.jpeg 768w, https:\/\/tuguia.combarranquilla.co\/Revista\/wp-content\/uploads\/2024\/12\/WhatsApp-Image-2024-12-16-at-3.40.00-PM-2-1536x1152.jpeg 1536w, https:\/\/tuguia.combarranquilla.co\/Revista\/wp-content\/uploads\/2024\/12\/WhatsApp-Image-2024-12-16-at-3.40.00-PM-2.jpeg 1600w\" data-sizes=\"(max-width: 1024px) 100vw, 1024px\" src=\"data:image\/svg+xml;base64,PHN2ZyB3aWR0aD0iMSIgaGVpZ2h0PSIxIiB4bWxucz0iaHR0cDovL3d3dy53My5vcmcvMjAwMC9zdmciPjwvc3ZnPg==\" style=\"--smush-placeholder-width: 1024px; --smush-placeholder-aspect-ratio: 1024\/768;\" \/><\/figure>\n<\/figure>\n\n\n\n<p class=\"has-medium-font-size\"><strong>Inauguraci\u00f3n de la Unidad Galapa<\/strong><\/p>\n\n\n\n<p class=\"has-medium-font-size\">El <strong>19 de junio<\/strong>, marcamos un sello m\u00e1s en nuestra historia al inaugurar nuestra nueva unidad en el municipio de <strong>Galapa<\/strong>, en colaboraci\u00f3n con Ultracem y la Alcald\u00eda de Barranquilla. Este espacio refuerza nuestro compromiso de acercar m\u00e1s oportunidades laborales a la regi\u00f3n y apoyar a las empresas en la b\u00fasqueda de talento.<\/p>\n\n\n\n<figure class=\"wp-block-gallery has-nested-images columns-default is-cropped wp-block-gallery-4 is-layout-flex wp-block-gallery-is-layout-flex\">\n<figure class=\"wp-block-image size-large\"><img decoding=\"async\" width=\"1024\" height=\"682\" data-id=\"5480\" data-src=\"https:\/\/tuguia.combarranquilla.co\/Revista\/wp-content\/uploads\/2024\/12\/FOTO-GALAPA-2-1-1024x682.jpeg\" alt=\"\" class=\"wp-image-5480 lazyload\" data-srcset=\"https:\/\/tuguia.combarranquilla.co\/Revista\/wp-content\/uploads\/2024\/12\/FOTO-GALAPA-2-1-1024x682.jpeg 1024w, https:\/\/tuguia.combarranquilla.co\/Revista\/wp-content\/uploads\/2024\/12\/FOTO-GALAPA-2-1-300x200.jpeg 300w, https:\/\/tuguia.combarranquilla.co\/Revista\/wp-content\/uploads\/2024\/12\/FOTO-GALAPA-2-1-768x512.jpeg 768w, https:\/\/tuguia.combarranquilla.co\/Revista\/wp-content\/uploads\/2024\/12\/FOTO-GALAPA-2-1-1536x1023.jpeg 1536w, https:\/\/tuguia.combarranquilla.co\/Revista\/wp-content\/uploads\/2024\/12\/FOTO-GALAPA-2-1.jpeg 1600w\" data-sizes=\"(max-width: 1024px) 100vw, 1024px\" src=\"data:image\/svg+xml;base64,PHN2ZyB3aWR0aD0iMSIgaGVpZ2h0PSIxIiB4bWxucz0iaHR0cDovL3d3dy53My5vcmcvMjAwMC9zdmciPjwvc3ZnPg==\" style=\"--smush-placeholder-width: 1024px; --smush-placeholder-aspect-ratio: 1024\/682;\" \/><\/figure>\n\n\n\n<figure class=\"wp-block-image size-large\"><img decoding=\"async\" width=\"1024\" height=\"683\" data-id=\"5479\" data-src=\"https:\/\/tuguia.combarranquilla.co\/Revista\/wp-content\/uploads\/2024\/12\/FOTO-GALAPA-3-1024x683.jpeg\" alt=\"\" class=\"wp-image-5479 lazyload\" data-srcset=\"https:\/\/tuguia.combarranquilla.co\/Revista\/wp-content\/uploads\/2024\/12\/FOTO-GALAPA-3-1024x683.jpeg 1024w, https:\/\/tuguia.combarranquilla.co\/Revista\/wp-content\/uploads\/2024\/12\/FOTO-GALAPA-3-300x200.jpeg 300w, https:\/\/tuguia.combarranquilla.co\/Revista\/wp-content\/uploads\/2024\/12\/FOTO-GALAPA-3-768x512.jpeg 768w, https:\/\/tuguia.combarranquilla.co\/Revista\/wp-content\/uploads\/2024\/12\/FOTO-GALAPA-3.jpeg 1290w\" data-sizes=\"(max-width: 1024px) 100vw, 1024px\" src=\"data:image\/svg+xml;base64,PHN2ZyB3aWR0aD0iMSIgaGVpZ2h0PSIxIiB4bWxucz0iaHR0cDovL3d3dy53My5vcmcvMjAwMC9zdmciPjwvc3ZnPg==\" style=\"--smush-placeholder-width: 1024px; --smush-placeholder-aspect-ratio: 1024\/683;\" \/><\/figure>\n<\/figure>\n\n\n\n<p class=\"has-medium-font-size\"><strong>Auditor\u00eda ICONTEC: Certificaci\u00f3n NTC 6175<\/strong><\/p>\n\n\n\n<p class=\"has-medium-font-size\">El <strong>28 de noviembre<\/strong>, culminamos con \u00e9xito nuestra auditor\u00eda del Icontec, ratificando nuestra <strong>certificaci\u00f3n NTC 6175<\/strong>. Esto valida nuestra misi\u00f3n de transformar vidas mediante la gesti\u00f3n y colocaci\u00f3n de empleo en el Atl\u00e1ntico.<\/p>\n\n\n\n<figure class=\"wp-block-image size-large\"><img decoding=\"async\" width=\"768\" height=\"1024\" data-src=\"https:\/\/tuguia.combarranquilla.co\/Revista\/wp-content\/uploads\/2024\/12\/WhatsApp-Image-2024-12-16-at-3.40.00-PM-3-768x1024.jpeg\" alt=\"\" class=\"wp-image-5485 lazyload\" data-srcset=\"https:\/\/tuguia.combarranquilla.co\/Revista\/wp-content\/uploads\/2024\/12\/WhatsApp-Image-2024-12-16-at-3.40.00-PM-3-768x1024.jpeg 768w, https:\/\/tuguia.combarranquilla.co\/Revista\/wp-content\/uploads\/2024\/12\/WhatsApp-Image-2024-12-16-at-3.40.00-PM-3-225x300.jpeg 225w, https:\/\/tuguia.combarranquilla.co\/Revista\/wp-content\/uploads\/2024\/12\/WhatsApp-Image-2024-12-16-at-3.40.00-PM-3-1152x1536.jpeg 1152w, https:\/\/tuguia.combarranquilla.co\/Revista\/wp-content\/uploads\/2024\/12\/WhatsApp-Image-2024-12-16-at-3.40.00-PM-3.jpeg 1200w\" data-sizes=\"(max-width: 768px) 100vw, 768px\" src=\"data:image\/svg+xml;base64,PHN2ZyB3aWR0aD0iMSIgaGVpZ2h0PSIxIiB4bWxucz0iaHR0cDovL3d3dy53My5vcmcvMjAwMC9zdmciPjwvc3ZnPg==\" style=\"--smush-placeholder-width: 768px; --smush-placeholder-aspect-ratio: 768\/1024;\" \/><\/figure>\n\n\n\n<p class=\"has-medium-font-size\"><strong>Resultados en cifras \u2013 \u00a1Un gran 2024!<\/strong><\/p>\n\n\n\n<ul class=\"wp-block-list\">\n<li class=\"has-medium-font-size\"><strong>Inscritos:<\/strong> 12.153<\/li>\n\n\n\n<li class=\"has-medium-font-size\"><strong>Capacitados en talleres:<\/strong> 11.222<\/li>\n\n\n\n<li class=\"has-medium-font-size\"><strong>Atendidos en cursos:<\/strong> 8.010<\/li>\n\n\n\n<li class=\"has-medium-font-size\"><strong>Empresas inscritas:<\/strong> 830<\/li>\n<\/ul>\n\n\n\n<p class=\"has-medium-font-size\">Estos logros son un reflejo del compromiso de la Agencia de Empleo Combarranquilla por conectar sue\u00f1os con oportunidades reales. Seguiremos trabajando para ser el puente entre el talento y las empresas que buscan crecer.<\/p>\n","protected":false},"excerpt":{"rendered":"<p>La Agencia de Empleo Combarranquilla sigue consolid\u00e1ndose como el aliado ideal en la b\u00fasqueda de empleo y la consecuci\u00f3n de talento humano en el Atl\u00e1ntico. Este a\u00f1o logramos vincular a 3.272 personas con empresas del departamento, abriendo las puertas a nuevas oportunidades laborales. TransformandoVidas: Impactos destacados del 2024 Celebraci\u00f3n del D\u00eda de la Mujer \u2013 [&hellip;]<\/p>\n","protected":false},"author":2,"featured_media":5475,"comment_status":"open","ping_status":"open","sticky":false,"template":"","format":"standard","meta":{"inline_featured_image":false,"footnotes":""},"categories":[6],"tags":[],"class_list":["post-5473","post","type-post","status-publish","format-standard","has-post-thumbnail","hentry","category-empleabilidad"],"yoast_head":"<!-- This site is optimized with the Yoast SEO plugin v27.4 - https:\/\/yoast.com\/product\/yoast-seo-wordpress\/ -->\n<title>\u00a1Estos fueron los momentos m\u00e1s importantes del Servicio P\u00fablico de Empleo durante el 2024! - Tu Gu\u00eda<\/title>\n<meta name=\"robots\" content=\"index, follow, max-snippet:-1, max-image-preview:large, max-video-preview:-1\" \/>\n<link rel=\"canonical\" href=\"https:\/\/tuguia.combarranquilla.co\/Revista\/estos-fueron-los-momentos-mas-importantes-del-servicio-publico-de-empleo-durante-el-2024\/\" \/>\n<meta property=\"og:locale\" content=\"es_ES\" \/>\n<meta property=\"og:type\" content=\"article\" \/>\n<meta property=\"og:title\" content=\"\u00a1Estos fueron los momentos m\u00e1s importantes del Servicio P\u00fablico de Empleo durante el 2024! - Tu Gu\u00eda\" \/>\n<meta property=\"og:description\" content=\"La Agencia de Empleo Combarranquilla sigue consolid\u00e1ndose como el aliado ideal en la b\u00fasqueda de empleo y la consecuci\u00f3n de talento humano en el Atl\u00e1ntico. Este a\u00f1o logramos vincular a 3.272 personas con empresas del departamento, abriendo las puertas a nuevas oportunidades laborales. TransformandoVidas: Impactos destacados del 2024 Celebraci\u00f3n del D\u00eda de la Mujer \u2013 [&hellip;]\" \/>\n<meta property=\"og:url\" content=\"https:\/\/tuguia.combarranquilla.co\/Revista\/estos-fueron-los-momentos-mas-importantes-del-servicio-publico-de-empleo-durante-el-2024\/\" \/>\n<meta property=\"og:site_name\" content=\"Tu Gu\u00eda\" \/>\n<meta property=\"article:published_time\" content=\"2024-12-17T14:07:55+00:00\" \/>\n<meta property=\"article:modified_time\" content=\"2024-12-17T16:22:47+00:00\" \/>\n<meta property=\"og:image\" content=\"https:\/\/tuguia.combarranquilla.co\/Revista\/wp-content\/uploads\/2024\/12\/FOTO-PORTADA.jpeg\" \/>\n\t<meta property=\"og:image:width\" content=\"1600\" \/>\n\t<meta property=\"og:image:height\" content=\"1066\" \/>\n\t<meta property=\"og:image:type\" content=\"image\/jpeg\" \/>\n<meta name=\"author\" content=\"Comunicaciones Combarranquilla\" \/>\n<meta name=\"twitter:card\" content=\"summary_large_image\" \/>\n<meta name=\"twitter:label1\" content=\"Escrito por\" \/>\n\t<meta name=\"twitter:data1\" content=\"Comunicaciones Combarranquilla\" \/>\n\t<meta name=\"twitter:label2\" content=\"Tiempo de lectura\" \/>\n\t<meta name=\"twitter:data2\" content=\"1 minuto\" \/>\n<script type=\"application\/ld+json\" class=\"yoast-schema-graph\">{\"@context\":\"https:\\\/\\\/schema.org\",\"@graph\":[{\"@type\":\"Article\",\"@id\":\"https:\\\/\\\/tuguia.combarranquilla.co\\\/Revista\\\/estos-fueron-los-momentos-mas-importantes-del-servicio-publico-de-empleo-durante-el-2024\\\/#article\",\"isPartOf\":{\"@id\":\"https:\\\/\\\/tuguia.combarranquilla.co\\\/Revista\\\/estos-fueron-los-momentos-mas-importantes-del-servicio-publico-de-empleo-durante-el-2024\\\/\"},\"author\":{\"name\":\"Comunicaciones Combarranquilla\",\"@id\":\"https:\\\/\\\/tuguia.combarranquilla.co\\\/Revista\\\/#\\\/schema\\\/person\\\/c2c396a77170bd1d5f8ba73294eb0d10\"},\"headline\":\"\u00a1Estos fueron los momentos m\u00e1s importantes del Servicio P\u00fablico de Empleo durante el 2024!\",\"datePublished\":\"2024-12-17T14:07:55+00:00\",\"dateModified\":\"2024-12-17T16:22:47+00:00\",\"mainEntityOfPage\":{\"@id\":\"https:\\\/\\\/tuguia.combarranquilla.co\\\/Revista\\\/estos-fueron-los-momentos-mas-importantes-del-servicio-publico-de-empleo-durante-el-2024\\\/\"},\"wordCount\":364,\"commentCount\":0,\"publisher\":{\"@id\":\"https:\\\/\\\/tuguia.combarranquilla.co\\\/Revista\\\/#organization\"},\"image\":{\"@id\":\"https:\\\/\\\/tuguia.combarranquilla.co\\\/Revista\\\/estos-fueron-los-momentos-mas-importantes-del-servicio-publico-de-empleo-durante-el-2024\\\/#primaryimage\"},\"thumbnailUrl\":\"https:\\\/\\\/tuguia.combarranquilla.co\\\/Revista\\\/wp-content\\\/uploads\\\/2024\\\/12\\\/FOTO-PORTADA.jpeg\",\"articleSection\":[\"EMPLEABILIDAD\"],\"inLanguage\":\"es-CO\",\"potentialAction\":[{\"@type\":\"CommentAction\",\"name\":\"Comment\",\"target\":[\"https:\\\/\\\/tuguia.combarranquilla.co\\\/Revista\\\/estos-fueron-los-momentos-mas-importantes-del-servicio-publico-de-empleo-durante-el-2024\\\/#respond\"]}]},{\"@type\":\"WebPage\",\"@id\":\"https:\\\/\\\/tuguia.combarranquilla.co\\\/Revista\\\/estos-fueron-los-momentos-mas-importantes-del-servicio-publico-de-empleo-durante-el-2024\\\/\",\"url\":\"https:\\\/\\\/tuguia.combarranquilla.co\\\/Revista\\\/estos-fueron-los-momentos-mas-importantes-del-servicio-publico-de-empleo-durante-el-2024\\\/\",\"name\":\"\u00a1Estos fueron los momentos m\u00e1s importantes del Servicio P\u00fablico de Empleo durante el 2024! - Tu Gu\u00eda\",\"isPartOf\":{\"@id\":\"https:\\\/\\\/tuguia.combarranquilla.co\\\/Revista\\\/#website\"},\"primaryImageOfPage\":{\"@id\":\"https:\\\/\\\/tuguia.combarranquilla.co\\\/Revista\\\/estos-fueron-los-momentos-mas-importantes-del-servicio-publico-de-empleo-durante-el-2024\\\/#primaryimage\"},\"image\":{\"@id\":\"https:\\\/\\\/tuguia.combarranquilla.co\\\/Revista\\\/estos-fueron-los-momentos-mas-importantes-del-servicio-publico-de-empleo-durante-el-2024\\\/#primaryimage\"},\"thumbnailUrl\":\"https:\\\/\\\/tuguia.combarranquilla.co\\\/Revista\\\/wp-content\\\/uploads\\\/2024\\\/12\\\/FOTO-PORTADA.jpeg\",\"datePublished\":\"2024-12-17T14:07:55+00:00\",\"dateModified\":\"2024-12-17T16:22:47+00:00\",\"breadcrumb\":{\"@id\":\"https:\\\/\\\/tuguia.combarranquilla.co\\\/Revista\\\/estos-fueron-los-momentos-mas-importantes-del-servicio-publico-de-empleo-durante-el-2024\\\/#breadcrumb\"},\"inLanguage\":\"es-CO\",\"potentialAction\":[{\"@type\":\"ReadAction\",\"target\":[\"https:\\\/\\\/tuguia.combarranquilla.co\\\/Revista\\\/estos-fueron-los-momentos-mas-importantes-del-servicio-publico-de-empleo-durante-el-2024\\\/\"]}]},{\"@type\":\"ImageObject\",\"inLanguage\":\"es-CO\",\"@id\":\"https:\\\/\\\/tuguia.combarranquilla.co\\\/Revista\\\/estos-fueron-los-momentos-mas-importantes-del-servicio-publico-de-empleo-durante-el-2024\\\/#primaryimage\",\"url\":\"https:\\\/\\\/tuguia.combarranquilla.co\\\/Revista\\\/wp-content\\\/uploads\\\/2024\\\/12\\\/FOTO-PORTADA.jpeg\",\"contentUrl\":\"https:\\\/\\\/tuguia.combarranquilla.co\\\/Revista\\\/wp-content\\\/uploads\\\/2024\\\/12\\\/FOTO-PORTADA.jpeg\",\"width\":1600,\"height\":1066},{\"@type\":\"BreadcrumbList\",\"@id\":\"https:\\\/\\\/tuguia.combarranquilla.co\\\/Revista\\\/estos-fueron-los-momentos-mas-importantes-del-servicio-publico-de-empleo-durante-el-2024\\\/#breadcrumb\",\"itemListElement\":[{\"@type\":\"ListItem\",\"position\":1,\"name\":\"Inicio\",\"item\":\"https:\\\/\\\/tuguia.combarranquilla.co\\\/Revista\\\/\"},{\"@type\":\"ListItem\",\"position\":2,\"name\":\"\u00a1Estos fueron los momentos m\u00e1s importantes del Servicio P\u00fablico de Empleo durante el 2024!\"}]},{\"@type\":\"WebSite\",\"@id\":\"https:\\\/\\\/tuguia.combarranquilla.co\\\/Revista\\\/#website\",\"url\":\"https:\\\/\\\/tuguia.combarranquilla.co\\\/Revista\\\/\",\"name\":\"Tu Gu\u00eda\",\"description\":\"La revista donde lo tienes todo.\",\"publisher\":{\"@id\":\"https:\\\/\\\/tuguia.combarranquilla.co\\\/Revista\\\/#organization\"},\"alternateName\":\"Tu Gu\u00eda Combarranquilla\",\"potentialAction\":[{\"@type\":\"SearchAction\",\"target\":{\"@type\":\"EntryPoint\",\"urlTemplate\":\"https:\\\/\\\/tuguia.combarranquilla.co\\\/Revista\\\/?s={search_term_string}\"},\"query-input\":{\"@type\":\"PropertyValueSpecification\",\"valueRequired\":true,\"valueName\":\"search_term_string\"}}],\"inLanguage\":\"es-CO\"},{\"@type\":\"Organization\",\"@id\":\"https:\\\/\\\/tuguia.combarranquilla.co\\\/Revista\\\/#organization\",\"name\":\"Tu Gu\u00eda Combarranquilla\",\"url\":\"https:\\\/\\\/tuguia.combarranquilla.co\\\/Revista\\\/\",\"logo\":{\"@type\":\"ImageObject\",\"inLanguage\":\"es-CO\",\"@id\":\"https:\\\/\\\/tuguia.combarranquilla.co\\\/Revista\\\/#\\\/schema\\\/logo\\\/image\\\/\",\"url\":\"https:\\\/\\\/tuguia.combarranquilla.co\\\/Revista\\\/wp-content\\\/uploads\\\/2022\\\/02\\\/logo-guia-combarranquilla.svg\",\"contentUrl\":\"https:\\\/\\\/tuguia.combarranquilla.co\\\/Revista\\\/wp-content\\\/uploads\\\/2022\\\/02\\\/logo-guia-combarranquilla.svg\",\"caption\":\"Tu Gu\u00eda Combarranquilla\"},\"image\":{\"@id\":\"https:\\\/\\\/tuguia.combarranquilla.co\\\/Revista\\\/#\\\/schema\\\/logo\\\/image\\\/\"}},{\"@type\":\"Person\",\"@id\":\"https:\\\/\\\/tuguia.combarranquilla.co\\\/Revista\\\/#\\\/schema\\\/person\\\/c2c396a77170bd1d5f8ba73294eb0d10\",\"name\":\"Comunicaciones Combarranquilla\",\"image\":{\"@type\":\"ImageObject\",\"inLanguage\":\"es-CO\",\"@id\":\"https:\\\/\\\/tuguia.combarranquilla.co\\\/Revista\\\/wp-content\\\/uploads\\\/2025\\\/05\\\/ABC-Al-Rojo-Logo-96x96.jpg\",\"url\":\"https:\\\/\\\/tuguia.combarranquilla.co\\\/Revista\\\/wp-content\\\/uploads\\\/2025\\\/05\\\/ABC-Al-Rojo-Logo-96x96.jpg\",\"contentUrl\":\"https:\\\/\\\/tuguia.combarranquilla.co\\\/Revista\\\/wp-content\\\/uploads\\\/2025\\\/05\\\/ABC-Al-Rojo-Logo-96x96.jpg\",\"caption\":\"Comunicaciones Combarranquilla\"},\"sameAs\":[\"https:\\\/\\\/www.combarranquilla.co\"],\"url\":\"https:\\\/\\\/tuguia.combarranquilla.co\\\/Revista\\\/author\\\/comunicaciones\\\/\"}]}<\/script>\n<!-- \/ Yoast SEO plugin. -->","yoast_head_json":{"title":"\u00a1Estos fueron los momentos m\u00e1s importantes del Servicio P\u00fablico de Empleo durante el 2024! - Tu Gu\u00eda","robots":{"index":"index","follow":"follow","max-snippet":"max-snippet:-1","max-image-preview":"max-image-preview:large","max-video-preview":"max-video-preview:-1"},"canonical":"https:\/\/tuguia.combarranquilla.co\/Revista\/estos-fueron-los-momentos-mas-importantes-del-servicio-publico-de-empleo-durante-el-2024\/","og_locale":"es_ES","og_type":"article","og_title":"\u00a1Estos fueron los momentos m\u00e1s importantes del Servicio P\u00fablico de Empleo durante el 2024! - Tu Gu\u00eda","og_description":"La Agencia de Empleo Combarranquilla sigue consolid\u00e1ndose como el aliado ideal en la b\u00fasqueda de empleo y la consecuci\u00f3n de talento humano en el Atl\u00e1ntico. Este a\u00f1o logramos vincular a 3.272 personas con empresas del departamento, abriendo las puertas a nuevas oportunidades laborales. TransformandoVidas: Impactos destacados del 2024 Celebraci\u00f3n del D\u00eda de la Mujer \u2013 [&hellip;]","og_url":"https:\/\/tuguia.combarranquilla.co\/Revista\/estos-fueron-los-momentos-mas-importantes-del-servicio-publico-de-empleo-durante-el-2024\/","og_site_name":"Tu Gu\u00eda","article_published_time":"2024-12-17T14:07:55+00:00","article_modified_time":"2024-12-17T16:22:47+00:00","og_image":[{"width":1600,"height":1066,"url":"https:\/\/tuguia.combarranquilla.co\/Revista\/wp-content\/uploads\/2024\/12\/FOTO-PORTADA.jpeg","type":"image\/jpeg"}],"author":"Comunicaciones Combarranquilla","twitter_card":"summary_large_image","twitter_misc":{"Escrito por":"Comunicaciones Combarranquilla","Tiempo de lectura":"1 minuto"},"schema":{"@context":"https:\/\/schema.org","@graph":[{"@type":"Article","@id":"https:\/\/tuguia.combarranquilla.co\/Revista\/estos-fueron-los-momentos-mas-importantes-del-servicio-publico-de-empleo-durante-el-2024\/#article","isPartOf":{"@id":"https:\/\/tuguia.combarranquilla.co\/Revista\/estos-fueron-los-momentos-mas-importantes-del-servicio-publico-de-empleo-durante-el-2024\/"},"author":{"name":"Comunicaciones Combarranquilla","@id":"https:\/\/tuguia.combarranquilla.co\/Revista\/#\/schema\/person\/c2c396a77170bd1d5f8ba73294eb0d10"},"headline":"\u00a1Estos fueron los momentos m\u00e1s importantes del Servicio P\u00fablico de Empleo durante el 2024!","datePublished":"2024-12-17T14:07:55+00:00","dateModified":"2024-12-17T16:22:47+00:00","mainEntityOfPage":{"@id":"https:\/\/tuguia.combarranquilla.co\/Revista\/estos-fueron-los-momentos-mas-importantes-del-servicio-publico-de-empleo-durante-el-2024\/"},"wordCount":364,"commentCount":0,"publisher":{"@id":"https:\/\/tuguia.combarranquilla.co\/Revista\/#organization"},"image":{"@id":"https:\/\/tuguia.combarranquilla.co\/Revista\/estos-fueron-los-momentos-mas-importantes-del-servicio-publico-de-empleo-durante-el-2024\/#primaryimage"},"thumbnailUrl":"https:\/\/tuguia.combarranquilla.co\/Revista\/wp-content\/uploads\/2024\/12\/FOTO-PORTADA.jpeg","articleSection":["EMPLEABILIDAD"],"inLanguage":"es-CO","potentialAction":[{"@type":"CommentAction","name":"Comment","target":["https:\/\/tuguia.combarranquilla.co\/Revista\/estos-fueron-los-momentos-mas-importantes-del-servicio-publico-de-empleo-durante-el-2024\/#respond"]}]},{"@type":"WebPage","@id":"https:\/\/tuguia.combarranquilla.co\/Revista\/estos-fueron-los-momentos-mas-importantes-del-servicio-publico-de-empleo-durante-el-2024\/","url":"https:\/\/tuguia.combarranquilla.co\/Revista\/estos-fueron-los-momentos-mas-importantes-del-servicio-publico-de-empleo-durante-el-2024\/","name":"\u00a1Estos fueron los momentos m\u00e1s importantes del Servicio P\u00fablico de Empleo durante el 2024! - Tu Gu\u00eda","isPartOf":{"@id":"https:\/\/tuguia.combarranquilla.co\/Revista\/#website"},"primaryImageOfPage":{"@id":"https:\/\/tuguia.combarranquilla.co\/Revista\/estos-fueron-los-momentos-mas-importantes-del-servicio-publico-de-empleo-durante-el-2024\/#primaryimage"},"image":{"@id":"https:\/\/tuguia.combarranquilla.co\/Revista\/estos-fueron-los-momentos-mas-importantes-del-servicio-publico-de-empleo-durante-el-2024\/#primaryimage"},"thumbnailUrl":"https:\/\/tuguia.combarranquilla.co\/Revista\/wp-content\/uploads\/2024\/12\/FOTO-PORTADA.jpeg","datePublished":"2024-12-17T14:07:55+00:00","dateModified":"2024-12-17T16:22:47+00:00","breadcrumb":{"@id":"https:\/\/tuguia.combarranquilla.co\/Revista\/estos-fueron-los-momentos-mas-importantes-del-servicio-publico-de-empleo-durante-el-2024\/#breadcrumb"},"inLanguage":"es-CO","potentialAction":[{"@type":"ReadAction","target":["https:\/\/tuguia.combarranquilla.co\/Revista\/estos-fueron-los-momentos-mas-importantes-del-servicio-publico-de-empleo-durante-el-2024\/"]}]},{"@type":"ImageObject","inLanguage":"es-CO","@id":"https:\/\/tuguia.combarranquilla.co\/Revista\/estos-fueron-los-momentos-mas-importantes-del-servicio-publico-de-empleo-durante-el-2024\/#primaryimage","url":"https:\/\/tuguia.combarranquilla.co\/Revista\/wp-content\/uploads\/2024\/12\/FOTO-PORTADA.jpeg","contentUrl":"https:\/\/tuguia.combarranquilla.co\/Revista\/wp-content\/uploads\/2024\/12\/FOTO-PORTADA.jpeg","width":1600,"height":1066},{"@type":"BreadcrumbList","@id":"https:\/\/tuguia.combarranquilla.co\/Revista\/estos-fueron-los-momentos-mas-importantes-del-servicio-publico-de-empleo-durante-el-2024\/#breadcrumb","itemListElement":[{"@type":"ListItem","position":1,"name":"Inicio","item":"https:\/\/tuguia.combarranquilla.co\/Revista\/"},{"@type":"ListItem","position":2,"name":"\u00a1Estos fueron los momentos m\u00e1s importantes del Servicio P\u00fablico de Empleo durante el 2024!"}]},{"@type":"WebSite","@id":"https:\/\/tuguia.combarranquilla.co\/Revista\/#website","url":"https:\/\/tuguia.combarranquilla.co\/Revista\/","name":"Tu Gu\u00eda","description":"La revista donde lo tienes todo.","publisher":{"@id":"https:\/\/tuguia.combarranquilla.co\/Revista\/#organization"},"alternateName":"Tu Gu\u00eda Combarranquilla","potentialAction":[{"@type":"SearchAction","target":{"@type":"EntryPoint","urlTemplate":"https:\/\/tuguia.combarranquilla.co\/Revista\/?s={search_term_string}"},"query-input":{"@type":"PropertyValueSpecification","valueRequired":true,"valueName":"search_term_string"}}],"inLanguage":"es-CO"},{"@type":"Organization","@id":"https:\/\/tuguia.combarranquilla.co\/Revista\/#organization","name":"Tu Gu\u00eda Combarranquilla","url":"https:\/\/tuguia.combarranquilla.co\/Revista\/","logo":{"@type":"ImageObject","inLanguage":"es-CO","@id":"https:\/\/tuguia.combarranquilla.co\/Revista\/#\/schema\/logo\/image\/","url":"https:\/\/tuguia.combarranquilla.co\/Revista\/wp-content\/uploads\/2022\/02\/logo-guia-combarranquilla.svg","contentUrl":"https:\/\/tuguia.combarranquilla.co\/Revista\/wp-content\/uploads\/2022\/02\/logo-guia-combarranquilla.svg","caption":"Tu Gu\u00eda Combarranquilla"},"image":{"@id":"https:\/\/tuguia.combarranquilla.co\/Revista\/#\/schema\/logo\/image\/"}},{"@type":"Person","@id":"https:\/\/tuguia.combarranquilla.co\/Revista\/#\/schema\/person\/c2c396a77170bd1d5f8ba73294eb0d10","name":"Comunicaciones Combarranquilla","image":{"@type":"ImageObject","inLanguage":"es-CO","@id":"https:\/\/tuguia.combarranquilla.co\/Revista\/wp-content\/uploads\/2025\/05\/ABC-Al-Rojo-Logo-96x96.jpg","url":"https:\/\/tuguia.combarranquilla.co\/Revista\/wp-content\/uploads\/2025\/05\/ABC-Al-Rojo-Logo-96x96.jpg","contentUrl":"https:\/\/tuguia.combarranquilla.co\/Revista\/wp-content\/uploads\/2025\/05\/ABC-Al-Rojo-Logo-96x96.jpg","caption":"Comunicaciones Combarranquilla"},"sameAs":["https:\/\/www.combarranquilla.co"],"url":"https:\/\/tuguia.combarranquilla.co\/Revista\/author\/comunicaciones\/"}]}},"_links":{"self":[{"href":"https:\/\/tuguia.combarranquilla.co\/Revista\/wp-json\/wp\/v2\/posts\/5473","targetHints":{"allow":["GET"]}}],"collection":[{"href":"https:\/\/tuguia.combarranquilla.co\/Revista\/wp-json\/wp\/v2\/posts"}],"about":[{"href":"https:\/\/tuguia.combarranquilla.co\/Revista\/wp-json\/wp\/v2\/types\/post"}],"author":[{"embeddable":true,"href":"https:\/\/tuguia.combarranquilla.co\/Revista\/wp-json\/wp\/v2\/users\/2"}],"replies":[{"embeddable":true,"href":"https:\/\/tuguia.combarranquilla.co\/Revista\/wp-json\/wp\/v2\/comments?post=5473"}],"version-history":[{"count":4,"href":"https:\/\/tuguia.combarranquilla.co\/Revista\/wp-json\/wp\/v2\/posts\/5473\/revisions"}],"predecessor-version":[{"id":5510,"href":"https:\/\/tuguia.combarranquilla.co\/Revista\/wp-json\/wp\/v2\/posts\/5473\/revisions\/5510"}],"wp:featuredmedia":[{"embeddable":true,"href":"https:\/\/tuguia.combarranquilla.co\/Revista\/wp-json\/wp\/v2\/media\/5475"}],"wp:attachment":[{"href":"https:\/\/tuguia.combarranquilla.co\/Revista\/wp-json\/wp\/v2\/media?parent=5473"}],"wp:term":[{"taxonomy":"category","embeddable":true,"href":"https:\/\/tuguia.combarranquilla.co\/Revista\/wp-json\/wp\/v2\/categories?post=5473"},{"taxonomy":"post_tag","embeddable":true,"href":"https:\/\/tuguia.combarranquilla.co\/Revista\/wp-json\/wp\/v2\/tags?post=5473"}],"curies":[{"name":"wp","href":"https:\/\/api.w.org\/{rel}","templated":true}]}}