{"id":5489,"date":"2024-12-17T10:30:30","date_gmt":"2024-12-17T15:30:30","guid":{"rendered":"https:\/\/tuguia.combarranquilla.co\/Revista\/?p=5489"},"modified":"2024-12-18T08:10:47","modified_gmt":"2024-12-18T13:10:47","slug":"subsidio-familiar-de-vivienda-un-apoyo-para-la-adquisicion-de-una-casa-propia","status":"publish","type":"post","link":"https:\/\/tuguia.combarranquilla.co\/Revista\/subsidio-familiar-de-vivienda-un-apoyo-para-la-adquisicion-de-una-casa-propia\/","title":{"rendered":"Subsidio Familiar de Vivienda: Un apoyo para la adquisici\u00f3n de una casa propia"},"content":{"rendered":"\n<p class=\"has-medium-font-size\">Contar con una vivienda es el sue\u00f1o de muchas familias en el departamento del Atl\u00e1ntico. Es por ello que Combarranquilla le da la oportunidad a sus afiliados de acceder al Subsidio Familiar de Vivienda, el cual representa un apoyo econ\u00f3mico para familias de menores ingresos que aspiran a tener una casa propia.<\/p>\n\n\n\n<p class=\"has-medium-font-size\">Este subsidio es un aporte en dinero que se otorga por una sola vez a un trabajador, para satisfacer una de las necesidades b\u00e1sicas de la familia, como lo es la adquisici\u00f3n de una vivienda propia.<\/p>\n\n\n\n<h2 class=\"wp-block-heading has-medium-font-size\"><strong>\u00bfA qui\u00e9nes est\u00e1 dirigido?<\/strong><\/h2>\n\n\n\n<p class=\"has-medium-font-size\">Este subsidio est\u00e1 dirigido a los hogares que carecen de recursos suficientes para obtener vivienda, cuyos ingresos totales mensuales no sean superiores a 4 salarios m\u00ednimos legales mensuales vigentes.<\/p>\n\n\n\n<p class=\"has-medium-font-size\">Adem\u00e1s, se entiende por hogar a un grupo conformado por al menos dos personas:<\/p>\n\n\n\n<ul class=\"wp-block-list\">\n<li class=\"has-medium-font-size\">C\u00f3nyuges y uniones maritales de hecho.<\/li>\n\n\n\n<li class=\"has-medium-font-size\">Personas unidas por v\u00ednculo de parentesco hasta tercer grado de consanguinidad, segundo de afinidad y primero civil.<\/li>\n\n\n\n<li class=\"has-medium-font-size\">Personas que compartan un espacio habitacional com\u00fan.<\/li>\n<\/ul>\n\n\n\n<figure class=\"wp-block-gallery has-nested-images columns-default is-cropped wp-block-gallery-1 is-layout-flex wp-block-gallery-is-layout-flex\">\n<figure class=\"wp-block-image size-large\"><img decoding=\"async\" width=\"1024\" height=\"683\" data-id=\"5495\" data-src=\"https:\/\/tuguia.combarranquilla.co\/Revista\/wp-content\/uploads\/2024\/12\/pexels-rdne-8293700-1024x683.jpg\" alt=\"\" class=\"wp-image-5495 lazyload\" data-srcset=\"https:\/\/tuguia.combarranquilla.co\/Revista\/wp-content\/uploads\/2024\/12\/pexels-rdne-8293700-1024x683.jpg 1024w, https:\/\/tuguia.combarranquilla.co\/Revista\/wp-content\/uploads\/2024\/12\/pexels-rdne-8293700-300x200.jpg 300w, https:\/\/tuguia.combarranquilla.co\/Revista\/wp-content\/uploads\/2024\/12\/pexels-rdne-8293700-768x512.jpg 768w, https:\/\/tuguia.combarranquilla.co\/Revista\/wp-content\/uploads\/2024\/12\/pexels-rdne-8293700-1536x1024.jpg 1536w, https:\/\/tuguia.combarranquilla.co\/Revista\/wp-content\/uploads\/2024\/12\/pexels-rdne-8293700-2048x1365.jpg 2048w\" data-sizes=\"(max-width: 1024px) 100vw, 1024px\" src=\"data:image\/svg+xml;base64,PHN2ZyB3aWR0aD0iMSIgaGVpZ2h0PSIxIiB4bWxucz0iaHR0cDovL3d3dy53My5vcmcvMjAwMC9zdmciPjwvc3ZnPg==\" style=\"--smush-placeholder-width: 1024px; --smush-placeholder-aspect-ratio: 1024\/683;\" \/><\/figure>\n\n\n\n<figure class=\"wp-block-image size-large\"><img decoding=\"async\" width=\"1024\" height=\"768\" data-id=\"5496\" data-src=\"https:\/\/tuguia.combarranquilla.co\/Revista\/wp-content\/uploads\/2024\/12\/pexels-kindelmedia-7579201-1-1024x768.jpg\" alt=\"\" class=\"wp-image-5496 lazyload\" data-srcset=\"https:\/\/tuguia.combarranquilla.co\/Revista\/wp-content\/uploads\/2024\/12\/pexels-kindelmedia-7579201-1-1024x768.jpg 1024w, https:\/\/tuguia.combarranquilla.co\/Revista\/wp-content\/uploads\/2024\/12\/pexels-kindelmedia-7579201-1-300x225.jpg 300w, https:\/\/tuguia.combarranquilla.co\/Revista\/wp-content\/uploads\/2024\/12\/pexels-kindelmedia-7579201-1-768x576.jpg 768w, https:\/\/tuguia.combarranquilla.co\/Revista\/wp-content\/uploads\/2024\/12\/pexels-kindelmedia-7579201-1-1536x1152.jpg 1536w, https:\/\/tuguia.combarranquilla.co\/Revista\/wp-content\/uploads\/2024\/12\/pexels-kindelmedia-7579201-1-2048x1536.jpg 2048w\" data-sizes=\"(max-width: 1024px) 100vw, 1024px\" src=\"data:image\/svg+xml;base64,PHN2ZyB3aWR0aD0iMSIgaGVpZ2h0PSIxIiB4bWxucz0iaHR0cDovL3d3dy53My5vcmcvMjAwMC9zdmciPjwvc3ZnPg==\" style=\"--smush-placeholder-width: 1024px; --smush-placeholder-aspect-ratio: 1024\/768;\" \/><\/figure>\n<\/figure>\n\n\n\n<p><\/p>\n\n\n\n<h2 class=\"wp-block-heading has-text-align-left has-medium-font-size\"><strong>El papel de Combarranquilla dentro de este subsidio<\/strong><\/h2>\n\n\n\n<p class=\"has-medium-font-size\"><strong>Combarranquilla asigna este subsidio a sus afiliados a trav\u00e9s del programa FOVIS.<\/strong> Este proceso facilita la adquisici\u00f3n de una nueva vivienda. El subsidio no se restituye, es decir, no es un pr\u00e9stamo que el beneficiario deba devolver.<\/p>\n\n\n\n<p class=\"has-medium-font-size\"><strong>Para quienes no tienen afiliaci\u00f3n a una Caja de Compensaci\u00f3n Familiar,<\/strong> el Fondo Nacional de Vivienda es el otorgante del Subsidio de Vivienda.<\/p>\n\n\n\n<p class=\"has-medium-font-size\">Cabe resaltar que el Subsidio Familiar de Vivienda que otorga Combarranquilla no es solo un apoyo econ\u00f3mico, sino una oportunidad para que las familias del departamento del Atl\u00e1ntico transformen sus vidas y tengan un lugar seguro para vivir.<\/p>\n\n\n\n<p><\/p>\n\n\n\n<figure class=\"wp-block-image size-full\"><img decoding=\"async\" width=\"2560\" height=\"1707\" data-src=\"https:\/\/tuguia.combarranquilla.co\/Revista\/wp-content\/uploads\/2024\/12\/DSC_0174-scaled.jpg\" alt=\"\" class=\"wp-image-5500 lazyload\" data-srcset=\"https:\/\/tuguia.combarranquilla.co\/Revista\/wp-content\/uploads\/2024\/12\/DSC_0174-scaled.jpg 2560w, https:\/\/tuguia.combarranquilla.co\/Revista\/wp-content\/uploads\/2024\/12\/DSC_0174-300x200.jpg 300w, https:\/\/tuguia.combarranquilla.co\/Revista\/wp-content\/uploads\/2024\/12\/DSC_0174-1024x683.jpg 1024w, https:\/\/tuguia.combarranquilla.co\/Revista\/wp-content\/uploads\/2024\/12\/DSC_0174-768x512.jpg 768w, https:\/\/tuguia.combarranquilla.co\/Revista\/wp-content\/uploads\/2024\/12\/DSC_0174-1536x1024.jpg 1536w, https:\/\/tuguia.combarranquilla.co\/Revista\/wp-content\/uploads\/2024\/12\/DSC_0174-2048x1365.jpg 2048w\" data-sizes=\"(max-width: 2560px) 100vw, 2560px\" src=\"data:image\/svg+xml;base64,PHN2ZyB3aWR0aD0iMSIgaGVpZ2h0PSIxIiB4bWxucz0iaHR0cDovL3d3dy53My5vcmcvMjAwMC9zdmciPjwvc3ZnPg==\" style=\"--smush-placeholder-width: 2560px; --smush-placeholder-aspect-ratio: 2560\/1707;\" \/><figcaption class=\"wp-element-caption\"><strong> M\u00f3nica S\u00e1nchez, beneficiaria del Subsidio Familiar de Vivienda que otorga Combarranquilla<\/strong><\/figcaption><\/figure>\n\n\n\n<p class=\"has-medium-font-size\">El Subsidio de Vivienda representa una oportunidad invaluable para muchas familias que buscan cumplir el sue\u00f1o de tener casa propia. Sin embargo, el proceso puede ser un reto que requiere persistencia y determinaci\u00f3n. As\u00ed lo cuenta M\u00f3nica S\u00e1nchez, quien despu\u00e9s de intentarlo varias veces logr\u00f3 acceder a este beneficio, transformando su vida y la de su hijo.<\/p>\n\n\n\n<blockquote class=\"wp-block-quote is-layout-flow wp-block-quote-is-layout-flow\">\n<p class=\"has-medium-font-size\">Sent\u00ed mucha alegr\u00eda porque es un dinero que ayuda much\u00edsimo para poder adquirir vivienda y m\u00e1s en mi caso. Inicialmente, hab\u00eda hecho mi negociaci\u00f3n con la constructora con el subsidio de Mi Casa Ya; pero, debido a cambios de las pol\u00edticas y del gobierno, me perjudicaron el beneficio. Es ah\u00ed cuando decid\u00ed postularme a la Caja. Fueron 3 veces las que me postul\u00e9, hasta que lo logr\u00e9. Es un sue\u00f1o que cumpl\u00ed para mi hijo y para m\u00ed. <strong>&#8211;<\/strong> <strong><em>M\u00f3nica S\u00e1nchez<\/em><\/strong><\/p>\n<\/blockquote>\n\n\n\n<p class=\"has-medium-font-size\">Historias como la de M\u00f3nica son un ejemplo del impacto positivo en la vida de las familias atlanticenses que desean postularse al Subsidio de Vivienda. Aunque el camino no siempre es f\u00e1cil y requiere mucha paciencia, programas como este representan una oportunidad para avanzar hacia la estabilidad y el bienestar. Para quienes a\u00fan buscan esa oportunidad, desde nuestro servicio de subsidio estaremos siempre para apoyarlos y guiarlos en su camino.<\/p>\n","protected":false},"excerpt":{"rendered":"<p>Contar con una vivienda es el sue\u00f1o de muchas familias en el departamento del Atl\u00e1ntico. Es por ello que Combarranquilla le da la oportunidad a sus afiliados de acceder al Subsidio Familiar de Vivienda, el cual representa un apoyo econ\u00f3mico para familias de menores ingresos que aspiran a tener una casa propia. Este subsidio es [&hellip;]<\/p>\n","protected":false},"author":2,"featured_media":5491,"comment_status":"open","ping_status":"open","sticky":false,"template":"","format":"standard","meta":{"inline_featured_image":false,"footnotes":""},"categories":[2],"tags":[],"class_list":["post-5489","post","type-post","status-publish","format-standard","has-post-thumbnail","hentry","category-subsidios"],"yoast_head":"<!-- This site is optimized with the Yoast SEO plugin v27.4 - https:\/\/yoast.com\/product\/yoast-seo-wordpress\/ -->\n<title>Subsidio Familiar de Vivienda: Un apoyo para la adquisici\u00f3n de una casa propia - Tu Gu\u00eda<\/title>\n<meta name=\"robots\" content=\"index, follow, max-snippet:-1, max-image-preview:large, max-video-preview:-1\" \/>\n<link rel=\"canonical\" href=\"https:\/\/tuguia.combarranquilla.co\/Revista\/subsidio-familiar-de-vivienda-un-apoyo-para-la-adquisicion-de-una-casa-propia\/\" \/>\n<meta property=\"og:locale\" content=\"es_ES\" \/>\n<meta property=\"og:type\" content=\"article\" \/>\n<meta property=\"og:title\" content=\"Subsidio Familiar de Vivienda: Un apoyo para la adquisici\u00f3n de una casa propia - Tu Gu\u00eda\" \/>\n<meta property=\"og:description\" content=\"Contar con una vivienda es el sue\u00f1o de muchas familias en el departamento del Atl\u00e1ntico. Es por ello que Combarranquilla le da la oportunidad a sus afiliados de acceder al Subsidio Familiar de Vivienda, el cual representa un apoyo econ\u00f3mico para familias de menores ingresos que aspiran a tener una casa propia. Este subsidio es [&hellip;]\" \/>\n<meta property=\"og:url\" content=\"https:\/\/tuguia.combarranquilla.co\/Revista\/subsidio-familiar-de-vivienda-un-apoyo-para-la-adquisicion-de-una-casa-propia\/\" \/>\n<meta property=\"og:site_name\" content=\"Tu Gu\u00eda\" \/>\n<meta property=\"article:published_time\" content=\"2024-12-17T15:30:30+00:00\" \/>\n<meta property=\"article:modified_time\" content=\"2024-12-18T13:10:47+00:00\" \/>\n<meta property=\"og:image\" content=\"https:\/\/tuguia.combarranquilla.co\/Revista\/wp-content\/uploads\/2024\/12\/pexels-asphotograpy-101808-scaled.jpg\" \/>\n\t<meta property=\"og:image:width\" content=\"2560\" \/>\n\t<meta property=\"og:image:height\" content=\"1707\" \/>\n\t<meta property=\"og:image:type\" content=\"image\/jpeg\" \/>\n<meta name=\"author\" content=\"Comunicaciones Combarranquilla\" \/>\n<meta name=\"twitter:card\" content=\"summary_large_image\" \/>\n<meta name=\"twitter:label1\" content=\"Escrito por\" \/>\n\t<meta name=\"twitter:data1\" content=\"Comunicaciones Combarranquilla\" \/>\n\t<meta name=\"twitter:label2\" content=\"Tiempo de lectura\" \/>\n\t<meta name=\"twitter:data2\" content=\"3 minutos\" \/>\n<script type=\"application\/ld+json\" class=\"yoast-schema-graph\">{\"@context\":\"https:\\\/\\\/schema.org\",\"@graph\":[{\"@type\":\"Article\",\"@id\":\"https:\\\/\\\/tuguia.combarranquilla.co\\\/Revista\\\/subsidio-familiar-de-vivienda-un-apoyo-para-la-adquisicion-de-una-casa-propia\\\/#article\",\"isPartOf\":{\"@id\":\"https:\\\/\\\/tuguia.combarranquilla.co\\\/Revista\\\/subsidio-familiar-de-vivienda-un-apoyo-para-la-adquisicion-de-una-casa-propia\\\/\"},\"author\":{\"name\":\"Comunicaciones Combarranquilla\",\"@id\":\"https:\\\/\\\/tuguia.combarranquilla.co\\\/Revista\\\/#\\\/schema\\\/person\\\/c2c396a77170bd1d5f8ba73294eb0d10\"},\"headline\":\"Subsidio Familiar de Vivienda: Un apoyo para la adquisici\u00f3n de una casa propia\",\"datePublished\":\"2024-12-17T15:30:30+00:00\",\"dateModified\":\"2024-12-18T13:10:47+00:00\",\"mainEntityOfPage\":{\"@id\":\"https:\\\/\\\/tuguia.combarranquilla.co\\\/Revista\\\/subsidio-familiar-de-vivienda-un-apoyo-para-la-adquisicion-de-una-casa-propia\\\/\"},\"wordCount\":539,\"commentCount\":0,\"publisher\":{\"@id\":\"https:\\\/\\\/tuguia.combarranquilla.co\\\/Revista\\\/#organization\"},\"image\":{\"@id\":\"https:\\\/\\\/tuguia.combarranquilla.co\\\/Revista\\\/subsidio-familiar-de-vivienda-un-apoyo-para-la-adquisicion-de-una-casa-propia\\\/#primaryimage\"},\"thumbnailUrl\":\"https:\\\/\\\/tuguia.combarranquilla.co\\\/Revista\\\/wp-content\\\/uploads\\\/2024\\\/12\\\/pexels-asphotograpy-101808-scaled.jpg\",\"articleSection\":[\"SUBSIDIOS\"],\"inLanguage\":\"es-CO\",\"potentialAction\":[{\"@type\":\"CommentAction\",\"name\":\"Comment\",\"target\":[\"https:\\\/\\\/tuguia.combarranquilla.co\\\/Revista\\\/subsidio-familiar-de-vivienda-un-apoyo-para-la-adquisicion-de-una-casa-propia\\\/#respond\"]}]},{\"@type\":\"WebPage\",\"@id\":\"https:\\\/\\\/tuguia.combarranquilla.co\\\/Revista\\\/subsidio-familiar-de-vivienda-un-apoyo-para-la-adquisicion-de-una-casa-propia\\\/\",\"url\":\"https:\\\/\\\/tuguia.combarranquilla.co\\\/Revista\\\/subsidio-familiar-de-vivienda-un-apoyo-para-la-adquisicion-de-una-casa-propia\\\/\",\"name\":\"Subsidio Familiar de Vivienda: Un apoyo para la adquisici\u00f3n de una casa propia - Tu Gu\u00eda\",\"isPartOf\":{\"@id\":\"https:\\\/\\\/tuguia.combarranquilla.co\\\/Revista\\\/#website\"},\"primaryImageOfPage\":{\"@id\":\"https:\\\/\\\/tuguia.combarranquilla.co\\\/Revista\\\/subsidio-familiar-de-vivienda-un-apoyo-para-la-adquisicion-de-una-casa-propia\\\/#primaryimage\"},\"image\":{\"@id\":\"https:\\\/\\\/tuguia.combarranquilla.co\\\/Revista\\\/subsidio-familiar-de-vivienda-un-apoyo-para-la-adquisicion-de-una-casa-propia\\\/#primaryimage\"},\"thumbnailUrl\":\"https:\\\/\\\/tuguia.combarranquilla.co\\\/Revista\\\/wp-content\\\/uploads\\\/2024\\\/12\\\/pexels-asphotograpy-101808-scaled.jpg\",\"datePublished\":\"2024-12-17T15:30:30+00:00\",\"dateModified\":\"2024-12-18T13:10:47+00:00\",\"breadcrumb\":{\"@id\":\"https:\\\/\\\/tuguia.combarranquilla.co\\\/Revista\\\/subsidio-familiar-de-vivienda-un-apoyo-para-la-adquisicion-de-una-casa-propia\\\/#breadcrumb\"},\"inLanguage\":\"es-CO\",\"potentialAction\":[{\"@type\":\"ReadAction\",\"target\":[\"https:\\\/\\\/tuguia.combarranquilla.co\\\/Revista\\\/subsidio-familiar-de-vivienda-un-apoyo-para-la-adquisicion-de-una-casa-propia\\\/\"]}]},{\"@type\":\"ImageObject\",\"inLanguage\":\"es-CO\",\"@id\":\"https:\\\/\\\/tuguia.combarranquilla.co\\\/Revista\\\/subsidio-familiar-de-vivienda-un-apoyo-para-la-adquisicion-de-una-casa-propia\\\/#primaryimage\",\"url\":\"https:\\\/\\\/tuguia.combarranquilla.co\\\/Revista\\\/wp-content\\\/uploads\\\/2024\\\/12\\\/pexels-asphotograpy-101808-scaled.jpg\",\"contentUrl\":\"https:\\\/\\\/tuguia.combarranquilla.co\\\/Revista\\\/wp-content\\\/uploads\\\/2024\\\/12\\\/pexels-asphotograpy-101808-scaled.jpg\",\"width\":2560,\"height\":1707},{\"@type\":\"BreadcrumbList\",\"@id\":\"https:\\\/\\\/tuguia.combarranquilla.co\\\/Revista\\\/subsidio-familiar-de-vivienda-un-apoyo-para-la-adquisicion-de-una-casa-propia\\\/#breadcrumb\",\"itemListElement\":[{\"@type\":\"ListItem\",\"position\":1,\"name\":\"Inicio\",\"item\":\"https:\\\/\\\/tuguia.combarranquilla.co\\\/Revista\\\/\"},{\"@type\":\"ListItem\",\"position\":2,\"name\":\"Subsidio Familiar de Vivienda: Un apoyo para la adquisici\u00f3n de una casa propia\"}]},{\"@type\":\"WebSite\",\"@id\":\"https:\\\/\\\/tuguia.combarranquilla.co\\\/Revista\\\/#website\",\"url\":\"https:\\\/\\\/tuguia.combarranquilla.co\\\/Revista\\\/\",\"name\":\"Tu Gu\u00eda\",\"description\":\"La revista donde lo tienes todo.\",\"publisher\":{\"@id\":\"https:\\\/\\\/tuguia.combarranquilla.co\\\/Revista\\\/#organization\"},\"alternateName\":\"Tu Gu\u00eda Combarranquilla\",\"potentialAction\":[{\"@type\":\"SearchAction\",\"target\":{\"@type\":\"EntryPoint\",\"urlTemplate\":\"https:\\\/\\\/tuguia.combarranquilla.co\\\/Revista\\\/?s={search_term_string}\"},\"query-input\":{\"@type\":\"PropertyValueSpecification\",\"valueRequired\":true,\"valueName\":\"search_term_string\"}}],\"inLanguage\":\"es-CO\"},{\"@type\":\"Organization\",\"@id\":\"https:\\\/\\\/tuguia.combarranquilla.co\\\/Revista\\\/#organization\",\"name\":\"Tu Gu\u00eda Combarranquilla\",\"url\":\"https:\\\/\\\/tuguia.combarranquilla.co\\\/Revista\\\/\",\"logo\":{\"@type\":\"ImageObject\",\"inLanguage\":\"es-CO\",\"@id\":\"https:\\\/\\\/tuguia.combarranquilla.co\\\/Revista\\\/#\\\/schema\\\/logo\\\/image\\\/\",\"url\":\"https:\\\/\\\/tuguia.combarranquilla.co\\\/Revista\\\/wp-content\\\/uploads\\\/2022\\\/02\\\/logo-guia-combarranquilla.svg\",\"contentUrl\":\"https:\\\/\\\/tuguia.combarranquilla.co\\\/Revista\\\/wp-content\\\/uploads\\\/2022\\\/02\\\/logo-guia-combarranquilla.svg\",\"caption\":\"Tu Gu\u00eda Combarranquilla\"},\"image\":{\"@id\":\"https:\\\/\\\/tuguia.combarranquilla.co\\\/Revista\\\/#\\\/schema\\\/logo\\\/image\\\/\"}},{\"@type\":\"Person\",\"@id\":\"https:\\\/\\\/tuguia.combarranquilla.co\\\/Revista\\\/#\\\/schema\\\/person\\\/c2c396a77170bd1d5f8ba73294eb0d10\",\"name\":\"Comunicaciones Combarranquilla\",\"image\":{\"@type\":\"ImageObject\",\"inLanguage\":\"es-CO\",\"@id\":\"https:\\\/\\\/tuguia.combarranquilla.co\\\/Revista\\\/wp-content\\\/uploads\\\/2025\\\/05\\\/ABC-Al-Rojo-Logo-96x96.jpg\",\"url\":\"https:\\\/\\\/tuguia.combarranquilla.co\\\/Revista\\\/wp-content\\\/uploads\\\/2025\\\/05\\\/ABC-Al-Rojo-Logo-96x96.jpg\",\"contentUrl\":\"https:\\\/\\\/tuguia.combarranquilla.co\\\/Revista\\\/wp-content\\\/uploads\\\/2025\\\/05\\\/ABC-Al-Rojo-Logo-96x96.jpg\",\"caption\":\"Comunicaciones Combarranquilla\"},\"sameAs\":[\"https:\\\/\\\/www.combarranquilla.co\"],\"url\":\"https:\\\/\\\/tuguia.combarranquilla.co\\\/Revista\\\/author\\\/comunicaciones\\\/\"}]}<\/script>\n<!-- \/ Yoast SEO plugin. -->","yoast_head_json":{"title":"Subsidio Familiar de Vivienda: Un apoyo para la adquisici\u00f3n de una casa propia - Tu Gu\u00eda","robots":{"index":"index","follow":"follow","max-snippet":"max-snippet:-1","max-image-preview":"max-image-preview:large","max-video-preview":"max-video-preview:-1"},"canonical":"https:\/\/tuguia.combarranquilla.co\/Revista\/subsidio-familiar-de-vivienda-un-apoyo-para-la-adquisicion-de-una-casa-propia\/","og_locale":"es_ES","og_type":"article","og_title":"Subsidio Familiar de Vivienda: Un apoyo para la adquisici\u00f3n de una casa propia - Tu Gu\u00eda","og_description":"Contar con una vivienda es el sue\u00f1o de muchas familias en el departamento del Atl\u00e1ntico. Es por ello que Combarranquilla le da la oportunidad a sus afiliados de acceder al Subsidio Familiar de Vivienda, el cual representa un apoyo econ\u00f3mico para familias de menores ingresos que aspiran a tener una casa propia. Este subsidio es [&hellip;]","og_url":"https:\/\/tuguia.combarranquilla.co\/Revista\/subsidio-familiar-de-vivienda-un-apoyo-para-la-adquisicion-de-una-casa-propia\/","og_site_name":"Tu Gu\u00eda","article_published_time":"2024-12-17T15:30:30+00:00","article_modified_time":"2024-12-18T13:10:47+00:00","og_image":[{"width":2560,"height":1707,"url":"https:\/\/tuguia.combarranquilla.co\/Revista\/wp-content\/uploads\/2024\/12\/pexels-asphotograpy-101808-scaled.jpg","type":"image\/jpeg"}],"author":"Comunicaciones Combarranquilla","twitter_card":"summary_large_image","twitter_misc":{"Escrito por":"Comunicaciones Combarranquilla","Tiempo de lectura":"3 minutos"},"schema":{"@context":"https:\/\/schema.org","@graph":[{"@type":"Article","@id":"https:\/\/tuguia.combarranquilla.co\/Revista\/subsidio-familiar-de-vivienda-un-apoyo-para-la-adquisicion-de-una-casa-propia\/#article","isPartOf":{"@id":"https:\/\/tuguia.combarranquilla.co\/Revista\/subsidio-familiar-de-vivienda-un-apoyo-para-la-adquisicion-de-una-casa-propia\/"},"author":{"name":"Comunicaciones Combarranquilla","@id":"https:\/\/tuguia.combarranquilla.co\/Revista\/#\/schema\/person\/c2c396a77170bd1d5f8ba73294eb0d10"},"headline":"Subsidio Familiar de Vivienda: Un apoyo para la adquisici\u00f3n de una casa propia","datePublished":"2024-12-17T15:30:30+00:00","dateModified":"2024-12-18T13:10:47+00:00","mainEntityOfPage":{"@id":"https:\/\/tuguia.combarranquilla.co\/Revista\/subsidio-familiar-de-vivienda-un-apoyo-para-la-adquisicion-de-una-casa-propia\/"},"wordCount":539,"commentCount":0,"publisher":{"@id":"https:\/\/tuguia.combarranquilla.co\/Revista\/#organization"},"image":{"@id":"https:\/\/tuguia.combarranquilla.co\/Revista\/subsidio-familiar-de-vivienda-un-apoyo-para-la-adquisicion-de-una-casa-propia\/#primaryimage"},"thumbnailUrl":"https:\/\/tuguia.combarranquilla.co\/Revista\/wp-content\/uploads\/2024\/12\/pexels-asphotograpy-101808-scaled.jpg","articleSection":["SUBSIDIOS"],"inLanguage":"es-CO","potentialAction":[{"@type":"CommentAction","name":"Comment","target":["https:\/\/tuguia.combarranquilla.co\/Revista\/subsidio-familiar-de-vivienda-un-apoyo-para-la-adquisicion-de-una-casa-propia\/#respond"]}]},{"@type":"WebPage","@id":"https:\/\/tuguia.combarranquilla.co\/Revista\/subsidio-familiar-de-vivienda-un-apoyo-para-la-adquisicion-de-una-casa-propia\/","url":"https:\/\/tuguia.combarranquilla.co\/Revista\/subsidio-familiar-de-vivienda-un-apoyo-para-la-adquisicion-de-una-casa-propia\/","name":"Subsidio Familiar de Vivienda: Un apoyo para la adquisici\u00f3n de una casa propia - Tu Gu\u00eda","isPartOf":{"@id":"https:\/\/tuguia.combarranquilla.co\/Revista\/#website"},"primaryImageOfPage":{"@id":"https:\/\/tuguia.combarranquilla.co\/Revista\/subsidio-familiar-de-vivienda-un-apoyo-para-la-adquisicion-de-una-casa-propia\/#primaryimage"},"image":{"@id":"https:\/\/tuguia.combarranquilla.co\/Revista\/subsidio-familiar-de-vivienda-un-apoyo-para-la-adquisicion-de-una-casa-propia\/#primaryimage"},"thumbnailUrl":"https:\/\/tuguia.combarranquilla.co\/Revista\/wp-content\/uploads\/2024\/12\/pexels-asphotograpy-101808-scaled.jpg","datePublished":"2024-12-17T15:30:30+00:00","dateModified":"2024-12-18T13:10:47+00:00","breadcrumb":{"@id":"https:\/\/tuguia.combarranquilla.co\/Revista\/subsidio-familiar-de-vivienda-un-apoyo-para-la-adquisicion-de-una-casa-propia\/#breadcrumb"},"inLanguage":"es-CO","potentialAction":[{"@type":"ReadAction","target":["https:\/\/tuguia.combarranquilla.co\/Revista\/subsidio-familiar-de-vivienda-un-apoyo-para-la-adquisicion-de-una-casa-propia\/"]}]},{"@type":"ImageObject","inLanguage":"es-CO","@id":"https:\/\/tuguia.combarranquilla.co\/Revista\/subsidio-familiar-de-vivienda-un-apoyo-para-la-adquisicion-de-una-casa-propia\/#primaryimage","url":"https:\/\/tuguia.combarranquilla.co\/Revista\/wp-content\/uploads\/2024\/12\/pexels-asphotograpy-101808-scaled.jpg","contentUrl":"https:\/\/tuguia.combarranquilla.co\/Revista\/wp-content\/uploads\/2024\/12\/pexels-asphotograpy-101808-scaled.jpg","width":2560,"height":1707},{"@type":"BreadcrumbList","@id":"https:\/\/tuguia.combarranquilla.co\/Revista\/subsidio-familiar-de-vivienda-un-apoyo-para-la-adquisicion-de-una-casa-propia\/#breadcrumb","itemListElement":[{"@type":"ListItem","position":1,"name":"Inicio","item":"https:\/\/tuguia.combarranquilla.co\/Revista\/"},{"@type":"ListItem","position":2,"name":"Subsidio Familiar de Vivienda: Un apoyo para la adquisici\u00f3n de una casa propia"}]},{"@type":"WebSite","@id":"https:\/\/tuguia.combarranquilla.co\/Revista\/#website","url":"https:\/\/tuguia.combarranquilla.co\/Revista\/","name":"Tu Gu\u00eda","description":"La revista donde lo tienes todo.","publisher":{"@id":"https:\/\/tuguia.combarranquilla.co\/Revista\/#organization"},"alternateName":"Tu Gu\u00eda Combarranquilla","potentialAction":[{"@type":"SearchAction","target":{"@type":"EntryPoint","urlTemplate":"https:\/\/tuguia.combarranquilla.co\/Revista\/?s={search_term_string}"},"query-input":{"@type":"PropertyValueSpecification","valueRequired":true,"valueName":"search_term_string"}}],"inLanguage":"es-CO"},{"@type":"Organization","@id":"https:\/\/tuguia.combarranquilla.co\/Revista\/#organization","name":"Tu Gu\u00eda Combarranquilla","url":"https:\/\/tuguia.combarranquilla.co\/Revista\/","logo":{"@type":"ImageObject","inLanguage":"es-CO","@id":"https:\/\/tuguia.combarranquilla.co\/Revista\/#\/schema\/logo\/image\/","url":"https:\/\/tuguia.combarranquilla.co\/Revista\/wp-content\/uploads\/2022\/02\/logo-guia-combarranquilla.svg","contentUrl":"https:\/\/tuguia.combarranquilla.co\/Revista\/wp-content\/uploads\/2022\/02\/logo-guia-combarranquilla.svg","caption":"Tu Gu\u00eda Combarranquilla"},"image":{"@id":"https:\/\/tuguia.combarranquilla.co\/Revista\/#\/schema\/logo\/image\/"}},{"@type":"Person","@id":"https:\/\/tuguia.combarranquilla.co\/Revista\/#\/schema\/person\/c2c396a77170bd1d5f8ba73294eb0d10","name":"Comunicaciones Combarranquilla","image":{"@type":"ImageObject","inLanguage":"es-CO","@id":"https:\/\/tuguia.combarranquilla.co\/Revista\/wp-content\/uploads\/2025\/05\/ABC-Al-Rojo-Logo-96x96.jpg","url":"https:\/\/tuguia.combarranquilla.co\/Revista\/wp-content\/uploads\/2025\/05\/ABC-Al-Rojo-Logo-96x96.jpg","contentUrl":"https:\/\/tuguia.combarranquilla.co\/Revista\/wp-content\/uploads\/2025\/05\/ABC-Al-Rojo-Logo-96x96.jpg","caption":"Comunicaciones Combarranquilla"},"sameAs":["https:\/\/www.combarranquilla.co"],"url":"https:\/\/tuguia.combarranquilla.co\/Revista\/author\/comunicaciones\/"}]}},"_links":{"self":[{"href":"https:\/\/tuguia.combarranquilla.co\/Revista\/wp-json\/wp\/v2\/posts\/5489","targetHints":{"allow":["GET"]}}],"collection":[{"href":"https:\/\/tuguia.combarranquilla.co\/Revista\/wp-json\/wp\/v2\/posts"}],"about":[{"href":"https:\/\/tuguia.combarranquilla.co\/Revista\/wp-json\/wp\/v2\/types\/post"}],"author":[{"embeddable":true,"href":"https:\/\/tuguia.combarranquilla.co\/Revista\/wp-json\/wp\/v2\/users\/2"}],"replies":[{"embeddable":true,"href":"https:\/\/tuguia.combarranquilla.co\/Revista\/wp-json\/wp\/v2\/comments?post=5489"}],"version-history":[{"count":15,"href":"https:\/\/tuguia.combarranquilla.co\/Revista\/wp-json\/wp\/v2\/posts\/5489\/revisions"}],"predecessor-version":[{"id":5514,"href":"https:\/\/tuguia.combarranquilla.co\/Revista\/wp-json\/wp\/v2\/posts\/5489\/revisions\/5514"}],"wp:featuredmedia":[{"embeddable":true,"href":"https:\/\/tuguia.combarranquilla.co\/Revista\/wp-json\/wp\/v2\/media\/5491"}],"wp:attachment":[{"href":"https:\/\/tuguia.combarranquilla.co\/Revista\/wp-json\/wp\/v2\/media?parent=5489"}],"wp:term":[{"taxonomy":"category","embeddable":true,"href":"https:\/\/tuguia.combarranquilla.co\/Revista\/wp-json\/wp\/v2\/categories?post=5489"},{"taxonomy":"post_tag","embeddable":true,"href":"https:\/\/tuguia.combarranquilla.co\/Revista\/wp-json\/wp\/v2\/tags?post=5489"}],"curies":[{"name":"wp","href":"https:\/\/api.w.org\/{rel}","templated":true}]}}