{"id":5610,"date":"2025-01-21T15:52:08","date_gmt":"2025-01-21T20:52:08","guid":{"rendered":"https:\/\/tuguia.combarranquilla.co\/Revista\/?p=5610"},"modified":"2025-01-21T15:52:58","modified_gmt":"2025-01-21T20:52:58","slug":"como-la-formacion-tecnica-abre-oportunidades-para-jovenes-y-adultos","status":"publish","type":"post","link":"https:\/\/tuguia.combarranquilla.co\/Revista\/como-la-formacion-tecnica-abre-oportunidades-para-jovenes-y-adultos\/","title":{"rendered":"\u00bfC\u00f3mo la formaci\u00f3n t\u00e9cnica abre oportunidades para j\u00f3venes y adultos?"},"content":{"rendered":"\n<p>Las carreras t\u00e9cnicas han ganado relevancia en los \u00faltimos a\u00f1os gracias a su enfoque en ense\u00f1ar habilidades pr\u00e1cticas para desempe\u00f1arse en \u00e1reas espec\u00edficas del mercado laboral. Estos programas representan una alternativa atractiva para quienes buscan una formaci\u00f3n especializada que permita un ingreso m\u00e1s r\u00e1pido y efectivo al mundo laboral. Su duraci\u00f3n m\u00e1s corta, en comparaci\u00f3n con las carreras universitarias, permite a los estudiantes prepararse de manera precisa y en menor tiempo.<\/p>\n\n\n\n<p>A diferencia del modelo educativo universitario, que ofrece un conocimiento m\u00e1s amplio y general, los programas t\u00e9cnicos priorizan una formaci\u00f3n enfocada en competencias espec\u00edficas seg\u00fan el plan de estudios. Esta caracter\u00edstica facilita a los estudiantes adquirir habilidades directamente aplicables en su campo profesional, incrementando as\u00ed las oportunidades de empleo de manera m\u00e1s \u00e1gil y eficiente.<\/p>\n\n\n\n<p>Las carreras t\u00e9cnicas abarcan diversas disciplinas, como tecnolog\u00eda de la informaci\u00f3n, salud y manufactura, ofreciendo opciones tanto a j\u00f3venes como a adultos que desean fortalecer sus perfiles laborales. Seg\u00fan el Banco Mundial, esta modalidad educativa es una de las bases clave para la recuperaci\u00f3n global tras la crisis ocasionada por la pandemia de Covid-19. En respuesta a la falta de oportunidades laborales, miles de personas optan por estas carreras como un camino para adquirir experiencia y mejorar su empleabilidad.<\/p>\n\n\n\n<p>En la Caja de Compensaci\u00f3n Familiar Combarranquilla, estamos convencidos de que la educaci\u00f3n es un pilar fundamental para el desarrollo del pa\u00eds y la regi\u00f3n del Atl\u00e1ntico. Por ello, continuamos trabajando para incentivar a j\u00f3venes y adultos a adquirir nuevos conocimientos y habilidades que les permitan alcanzar sus metas profesionales. Nuestro compromiso es seguir ofreciendo programas t\u00e9cnicos que abran puertas en el mercado laboral y contribuyan al progreso de nuestros afiliados y la comunidad en general.<\/p>\n\n\n\n<figure class=\"wp-block-image size-large\"><img decoding=\"async\" width=\"1024\" height=\"683\" data-src=\"https:\/\/tuguia.combarranquilla.co\/Revista\/wp-content\/uploads\/2025\/01\/DSC_0235-1024x683.jpg\" alt=\"\" class=\"wp-image-5632 lazyload\" data-srcset=\"https:\/\/tuguia.combarranquilla.co\/Revista\/wp-content\/uploads\/2025\/01\/DSC_0235-1024x683.jpg 1024w, https:\/\/tuguia.combarranquilla.co\/Revista\/wp-content\/uploads\/2025\/01\/DSC_0235-300x200.jpg 300w, https:\/\/tuguia.combarranquilla.co\/Revista\/wp-content\/uploads\/2025\/01\/DSC_0235-768x512.jpg 768w, https:\/\/tuguia.combarranquilla.co\/Revista\/wp-content\/uploads\/2025\/01\/DSC_0235-1536x1024.jpg 1536w, https:\/\/tuguia.combarranquilla.co\/Revista\/wp-content\/uploads\/2025\/01\/DSC_0235-2048x1365.jpg 2048w\" data-sizes=\"(max-width: 1024px) 100vw, 1024px\" src=\"data:image\/svg+xml;base64,PHN2ZyB3aWR0aD0iMSIgaGVpZ2h0PSIxIiB4bWxucz0iaHR0cDovL3d3dy53My5vcmcvMjAwMC9zdmciPjwvc3ZnPg==\" style=\"--smush-placeholder-width: 1024px; --smush-placeholder-aspect-ratio: 1024\/683;\" \/><\/figure>\n\n\n\n<p>Desde la creaci\u00f3n del Centro de Formaci\u00f3n, hemos tenido el orgullo de graduar a m\u00e1s de 2.000 estudiantes. Su esfuerzo, dedicaci\u00f3n y determinaci\u00f3n para construir un mejor futuro son nuestra mayor motivaci\u00f3n para continuar apostando por la educaci\u00f3n como motor del cambio y el desarrollo en el Atl\u00e1ntico.<\/p>\n","protected":false},"excerpt":{"rendered":"<p>Las carreras t\u00e9cnicas han ganado relevancia en los \u00faltimos a\u00f1os gracias a su enfoque en ense\u00f1ar habilidades pr\u00e1cticas para desempe\u00f1arse en \u00e1reas espec\u00edficas del mercado laboral. Estos programas representan una alternativa atractiva para quienes buscan una formaci\u00f3n especializada que permita un ingreso m\u00e1s r\u00e1pido y efectivo al mundo laboral. Su duraci\u00f3n m\u00e1s corta, en comparaci\u00f3n [&hellip;]<\/p>\n","protected":false},"author":2,"featured_media":5629,"comment_status":"open","ping_status":"open","sticky":false,"template":"","format":"standard","meta":{"inline_featured_image":false,"footnotes":""},"categories":[8],"tags":[],"class_list":["post-5610","post","type-post","status-publish","format-standard","has-post-thumbnail","hentry","category-formacion"],"yoast_head":"<!-- This site is optimized with the Yoast SEO plugin v27.4 - https:\/\/yoast.com\/product\/yoast-seo-wordpress\/ -->\n<title>\u00bfC\u00f3mo la formaci\u00f3n t\u00e9cnica abre oportunidades para j\u00f3venes y adultos? - Tu Gu\u00eda<\/title>\n<meta name=\"robots\" content=\"index, follow, max-snippet:-1, max-image-preview:large, max-video-preview:-1\" \/>\n<link rel=\"canonical\" href=\"https:\/\/tuguia.combarranquilla.co\/Revista\/como-la-formacion-tecnica-abre-oportunidades-para-jovenes-y-adultos\/\" \/>\n<meta property=\"og:locale\" content=\"es_ES\" \/>\n<meta property=\"og:type\" content=\"article\" \/>\n<meta property=\"og:title\" content=\"\u00bfC\u00f3mo la formaci\u00f3n t\u00e9cnica abre oportunidades para j\u00f3venes y adultos? - Tu Gu\u00eda\" \/>\n<meta property=\"og:description\" content=\"Las carreras t\u00e9cnicas han ganado relevancia en los \u00faltimos a\u00f1os gracias a su enfoque en ense\u00f1ar habilidades pr\u00e1cticas para desempe\u00f1arse en \u00e1reas espec\u00edficas del mercado laboral. Estos programas representan una alternativa atractiva para quienes buscan una formaci\u00f3n especializada que permita un ingreso m\u00e1s r\u00e1pido y efectivo al mundo laboral. Su duraci\u00f3n m\u00e1s corta, en comparaci\u00f3n [&hellip;]\" \/>\n<meta property=\"og:url\" content=\"https:\/\/tuguia.combarranquilla.co\/Revista\/como-la-formacion-tecnica-abre-oportunidades-para-jovenes-y-adultos\/\" \/>\n<meta property=\"og:site_name\" content=\"Tu Gu\u00eda\" \/>\n<meta property=\"article:published_time\" content=\"2025-01-21T20:52:08+00:00\" \/>\n<meta property=\"article:modified_time\" content=\"2025-01-21T20:52:58+00:00\" \/>\n<meta property=\"og:image\" content=\"https:\/\/tuguia.combarranquilla.co\/Revista\/wp-content\/uploads\/2025\/01\/DSC_1089-scaled.jpg\" \/>\n\t<meta property=\"og:image:width\" content=\"2560\" \/>\n\t<meta property=\"og:image:height\" content=\"1707\" \/>\n\t<meta property=\"og:image:type\" content=\"image\/jpeg\" \/>\n<meta name=\"author\" content=\"Comunicaciones Combarranquilla\" \/>\n<meta name=\"twitter:card\" content=\"summary_large_image\" \/>\n<meta name=\"twitter:label1\" content=\"Escrito por\" \/>\n\t<meta name=\"twitter:data1\" content=\"Comunicaciones Combarranquilla\" \/>\n<script type=\"application\/ld+json\" class=\"yoast-schema-graph\">{\"@context\":\"https:\\\/\\\/schema.org\",\"@graph\":[{\"@type\":\"Article\",\"@id\":\"https:\\\/\\\/tuguia.combarranquilla.co\\\/Revista\\\/como-la-formacion-tecnica-abre-oportunidades-para-jovenes-y-adultos\\\/#article\",\"isPartOf\":{\"@id\":\"https:\\\/\\\/tuguia.combarranquilla.co\\\/Revista\\\/como-la-formacion-tecnica-abre-oportunidades-para-jovenes-y-adultos\\\/\"},\"author\":{\"name\":\"Comunicaciones Combarranquilla\",\"@id\":\"https:\\\/\\\/tuguia.combarranquilla.co\\\/Revista\\\/#\\\/schema\\\/person\\\/c2c396a77170bd1d5f8ba73294eb0d10\"},\"headline\":\"\u00bfC\u00f3mo la formaci\u00f3n t\u00e9cnica abre oportunidades para j\u00f3venes y adultos?\",\"datePublished\":\"2025-01-21T20:52:08+00:00\",\"dateModified\":\"2025-01-21T20:52:58+00:00\",\"mainEntityOfPage\":{\"@id\":\"https:\\\/\\\/tuguia.combarranquilla.co\\\/Revista\\\/como-la-formacion-tecnica-abre-oportunidades-para-jovenes-y-adultos\\\/\"},\"wordCount\":382,\"commentCount\":0,\"publisher\":{\"@id\":\"https:\\\/\\\/tuguia.combarranquilla.co\\\/Revista\\\/#organization\"},\"image\":{\"@id\":\"https:\\\/\\\/tuguia.combarranquilla.co\\\/Revista\\\/como-la-formacion-tecnica-abre-oportunidades-para-jovenes-y-adultos\\\/#primaryimage\"},\"thumbnailUrl\":\"https:\\\/\\\/tuguia.combarranquilla.co\\\/Revista\\\/wp-content\\\/uploads\\\/2025\\\/01\\\/DSC_1089-scaled.jpg\",\"articleSection\":[\"FORMACI\u00d3N\"],\"inLanguage\":\"es-CO\",\"potentialAction\":[{\"@type\":\"CommentAction\",\"name\":\"Comment\",\"target\":[\"https:\\\/\\\/tuguia.combarranquilla.co\\\/Revista\\\/como-la-formacion-tecnica-abre-oportunidades-para-jovenes-y-adultos\\\/#respond\"]}]},{\"@type\":\"WebPage\",\"@id\":\"https:\\\/\\\/tuguia.combarranquilla.co\\\/Revista\\\/como-la-formacion-tecnica-abre-oportunidades-para-jovenes-y-adultos\\\/\",\"url\":\"https:\\\/\\\/tuguia.combarranquilla.co\\\/Revista\\\/como-la-formacion-tecnica-abre-oportunidades-para-jovenes-y-adultos\\\/\",\"name\":\"\u00bfC\u00f3mo la formaci\u00f3n t\u00e9cnica abre oportunidades para j\u00f3venes y adultos? - Tu Gu\u00eda\",\"isPartOf\":{\"@id\":\"https:\\\/\\\/tuguia.combarranquilla.co\\\/Revista\\\/#website\"},\"primaryImageOfPage\":{\"@id\":\"https:\\\/\\\/tuguia.combarranquilla.co\\\/Revista\\\/como-la-formacion-tecnica-abre-oportunidades-para-jovenes-y-adultos\\\/#primaryimage\"},\"image\":{\"@id\":\"https:\\\/\\\/tuguia.combarranquilla.co\\\/Revista\\\/como-la-formacion-tecnica-abre-oportunidades-para-jovenes-y-adultos\\\/#primaryimage\"},\"thumbnailUrl\":\"https:\\\/\\\/tuguia.combarranquilla.co\\\/Revista\\\/wp-content\\\/uploads\\\/2025\\\/01\\\/DSC_1089-scaled.jpg\",\"datePublished\":\"2025-01-21T20:52:08+00:00\",\"dateModified\":\"2025-01-21T20:52:58+00:00\",\"breadcrumb\":{\"@id\":\"https:\\\/\\\/tuguia.combarranquilla.co\\\/Revista\\\/como-la-formacion-tecnica-abre-oportunidades-para-jovenes-y-adultos\\\/#breadcrumb\"},\"inLanguage\":\"es-CO\",\"potentialAction\":[{\"@type\":\"ReadAction\",\"target\":[\"https:\\\/\\\/tuguia.combarranquilla.co\\\/Revista\\\/como-la-formacion-tecnica-abre-oportunidades-para-jovenes-y-adultos\\\/\"]}]},{\"@type\":\"ImageObject\",\"inLanguage\":\"es-CO\",\"@id\":\"https:\\\/\\\/tuguia.combarranquilla.co\\\/Revista\\\/como-la-formacion-tecnica-abre-oportunidades-para-jovenes-y-adultos\\\/#primaryimage\",\"url\":\"https:\\\/\\\/tuguia.combarranquilla.co\\\/Revista\\\/wp-content\\\/uploads\\\/2025\\\/01\\\/DSC_1089-scaled.jpg\",\"contentUrl\":\"https:\\\/\\\/tuguia.combarranquilla.co\\\/Revista\\\/wp-content\\\/uploads\\\/2025\\\/01\\\/DSC_1089-scaled.jpg\",\"width\":2560,\"height\":1707},{\"@type\":\"BreadcrumbList\",\"@id\":\"https:\\\/\\\/tuguia.combarranquilla.co\\\/Revista\\\/como-la-formacion-tecnica-abre-oportunidades-para-jovenes-y-adultos\\\/#breadcrumb\",\"itemListElement\":[{\"@type\":\"ListItem\",\"position\":1,\"name\":\"Inicio\",\"item\":\"https:\\\/\\\/tuguia.combarranquilla.co\\\/Revista\\\/\"},{\"@type\":\"ListItem\",\"position\":2,\"name\":\"\u00bfC\u00f3mo la formaci\u00f3n t\u00e9cnica abre oportunidades para j\u00f3venes y adultos?\"}]},{\"@type\":\"WebSite\",\"@id\":\"https:\\\/\\\/tuguia.combarranquilla.co\\\/Revista\\\/#website\",\"url\":\"https:\\\/\\\/tuguia.combarranquilla.co\\\/Revista\\\/\",\"name\":\"Tu Gu\u00eda\",\"description\":\"La revista donde lo tienes todo.\",\"publisher\":{\"@id\":\"https:\\\/\\\/tuguia.combarranquilla.co\\\/Revista\\\/#organization\"},\"alternateName\":\"Tu Gu\u00eda Combarranquilla\",\"potentialAction\":[{\"@type\":\"SearchAction\",\"target\":{\"@type\":\"EntryPoint\",\"urlTemplate\":\"https:\\\/\\\/tuguia.combarranquilla.co\\\/Revista\\\/?s={search_term_string}\"},\"query-input\":{\"@type\":\"PropertyValueSpecification\",\"valueRequired\":true,\"valueName\":\"search_term_string\"}}],\"inLanguage\":\"es-CO\"},{\"@type\":\"Organization\",\"@id\":\"https:\\\/\\\/tuguia.combarranquilla.co\\\/Revista\\\/#organization\",\"name\":\"Tu Gu\u00eda Combarranquilla\",\"url\":\"https:\\\/\\\/tuguia.combarranquilla.co\\\/Revista\\\/\",\"logo\":{\"@type\":\"ImageObject\",\"inLanguage\":\"es-CO\",\"@id\":\"https:\\\/\\\/tuguia.combarranquilla.co\\\/Revista\\\/#\\\/schema\\\/logo\\\/image\\\/\",\"url\":\"https:\\\/\\\/tuguia.combarranquilla.co\\\/Revista\\\/wp-content\\\/uploads\\\/2022\\\/02\\\/logo-guia-combarranquilla.svg\",\"contentUrl\":\"https:\\\/\\\/tuguia.combarranquilla.co\\\/Revista\\\/wp-content\\\/uploads\\\/2022\\\/02\\\/logo-guia-combarranquilla.svg\",\"caption\":\"Tu Gu\u00eda Combarranquilla\"},\"image\":{\"@id\":\"https:\\\/\\\/tuguia.combarranquilla.co\\\/Revista\\\/#\\\/schema\\\/logo\\\/image\\\/\"}},{\"@type\":\"Person\",\"@id\":\"https:\\\/\\\/tuguia.combarranquilla.co\\\/Revista\\\/#\\\/schema\\\/person\\\/c2c396a77170bd1d5f8ba73294eb0d10\",\"name\":\"Comunicaciones Combarranquilla\",\"image\":{\"@type\":\"ImageObject\",\"inLanguage\":\"es-CO\",\"@id\":\"https:\\\/\\\/tuguia.combarranquilla.co\\\/Revista\\\/wp-content\\\/uploads\\\/2025\\\/05\\\/ABC-Al-Rojo-Logo-96x96.jpg\",\"url\":\"https:\\\/\\\/tuguia.combarranquilla.co\\\/Revista\\\/wp-content\\\/uploads\\\/2025\\\/05\\\/ABC-Al-Rojo-Logo-96x96.jpg\",\"contentUrl\":\"https:\\\/\\\/tuguia.combarranquilla.co\\\/Revista\\\/wp-content\\\/uploads\\\/2025\\\/05\\\/ABC-Al-Rojo-Logo-96x96.jpg\",\"caption\":\"Comunicaciones Combarranquilla\"},\"sameAs\":[\"https:\\\/\\\/www.combarranquilla.co\"],\"url\":\"https:\\\/\\\/tuguia.combarranquilla.co\\\/Revista\\\/author\\\/comunicaciones\\\/\"}]}<\/script>\n<!-- \/ Yoast SEO plugin. -->","yoast_head_json":{"title":"\u00bfC\u00f3mo la formaci\u00f3n t\u00e9cnica abre oportunidades para j\u00f3venes y adultos? - Tu Gu\u00eda","robots":{"index":"index","follow":"follow","max-snippet":"max-snippet:-1","max-image-preview":"max-image-preview:large","max-video-preview":"max-video-preview:-1"},"canonical":"https:\/\/tuguia.combarranquilla.co\/Revista\/como-la-formacion-tecnica-abre-oportunidades-para-jovenes-y-adultos\/","og_locale":"es_ES","og_type":"article","og_title":"\u00bfC\u00f3mo la formaci\u00f3n t\u00e9cnica abre oportunidades para j\u00f3venes y adultos? - Tu Gu\u00eda","og_description":"Las carreras t\u00e9cnicas han ganado relevancia en los \u00faltimos a\u00f1os gracias a su enfoque en ense\u00f1ar habilidades pr\u00e1cticas para desempe\u00f1arse en \u00e1reas espec\u00edficas del mercado laboral. Estos programas representan una alternativa atractiva para quienes buscan una formaci\u00f3n especializada que permita un ingreso m\u00e1s r\u00e1pido y efectivo al mundo laboral. Su duraci\u00f3n m\u00e1s corta, en comparaci\u00f3n [&hellip;]","og_url":"https:\/\/tuguia.combarranquilla.co\/Revista\/como-la-formacion-tecnica-abre-oportunidades-para-jovenes-y-adultos\/","og_site_name":"Tu Gu\u00eda","article_published_time":"2025-01-21T20:52:08+00:00","article_modified_time":"2025-01-21T20:52:58+00:00","og_image":[{"width":2560,"height":1707,"url":"https:\/\/tuguia.combarranquilla.co\/Revista\/wp-content\/uploads\/2025\/01\/DSC_1089-scaled.jpg","type":"image\/jpeg"}],"author":"Comunicaciones Combarranquilla","twitter_card":"summary_large_image","twitter_misc":{"Escrito por":"Comunicaciones Combarranquilla"},"schema":{"@context":"https:\/\/schema.org","@graph":[{"@type":"Article","@id":"https:\/\/tuguia.combarranquilla.co\/Revista\/como-la-formacion-tecnica-abre-oportunidades-para-jovenes-y-adultos\/#article","isPartOf":{"@id":"https:\/\/tuguia.combarranquilla.co\/Revista\/como-la-formacion-tecnica-abre-oportunidades-para-jovenes-y-adultos\/"},"author":{"name":"Comunicaciones Combarranquilla","@id":"https:\/\/tuguia.combarranquilla.co\/Revista\/#\/schema\/person\/c2c396a77170bd1d5f8ba73294eb0d10"},"headline":"\u00bfC\u00f3mo la formaci\u00f3n t\u00e9cnica abre oportunidades para j\u00f3venes y adultos?","datePublished":"2025-01-21T20:52:08+00:00","dateModified":"2025-01-21T20:52:58+00:00","mainEntityOfPage":{"@id":"https:\/\/tuguia.combarranquilla.co\/Revista\/como-la-formacion-tecnica-abre-oportunidades-para-jovenes-y-adultos\/"},"wordCount":382,"commentCount":0,"publisher":{"@id":"https:\/\/tuguia.combarranquilla.co\/Revista\/#organization"},"image":{"@id":"https:\/\/tuguia.combarranquilla.co\/Revista\/como-la-formacion-tecnica-abre-oportunidades-para-jovenes-y-adultos\/#primaryimage"},"thumbnailUrl":"https:\/\/tuguia.combarranquilla.co\/Revista\/wp-content\/uploads\/2025\/01\/DSC_1089-scaled.jpg","articleSection":["FORMACI\u00d3N"],"inLanguage":"es-CO","potentialAction":[{"@type":"CommentAction","name":"Comment","target":["https:\/\/tuguia.combarranquilla.co\/Revista\/como-la-formacion-tecnica-abre-oportunidades-para-jovenes-y-adultos\/#respond"]}]},{"@type":"WebPage","@id":"https:\/\/tuguia.combarranquilla.co\/Revista\/como-la-formacion-tecnica-abre-oportunidades-para-jovenes-y-adultos\/","url":"https:\/\/tuguia.combarranquilla.co\/Revista\/como-la-formacion-tecnica-abre-oportunidades-para-jovenes-y-adultos\/","name":"\u00bfC\u00f3mo la formaci\u00f3n t\u00e9cnica abre oportunidades para j\u00f3venes y adultos? - Tu Gu\u00eda","isPartOf":{"@id":"https:\/\/tuguia.combarranquilla.co\/Revista\/#website"},"primaryImageOfPage":{"@id":"https:\/\/tuguia.combarranquilla.co\/Revista\/como-la-formacion-tecnica-abre-oportunidades-para-jovenes-y-adultos\/#primaryimage"},"image":{"@id":"https:\/\/tuguia.combarranquilla.co\/Revista\/como-la-formacion-tecnica-abre-oportunidades-para-jovenes-y-adultos\/#primaryimage"},"thumbnailUrl":"https:\/\/tuguia.combarranquilla.co\/Revista\/wp-content\/uploads\/2025\/01\/DSC_1089-scaled.jpg","datePublished":"2025-01-21T20:52:08+00:00","dateModified":"2025-01-21T20:52:58+00:00","breadcrumb":{"@id":"https:\/\/tuguia.combarranquilla.co\/Revista\/como-la-formacion-tecnica-abre-oportunidades-para-jovenes-y-adultos\/#breadcrumb"},"inLanguage":"es-CO","potentialAction":[{"@type":"ReadAction","target":["https:\/\/tuguia.combarranquilla.co\/Revista\/como-la-formacion-tecnica-abre-oportunidades-para-jovenes-y-adultos\/"]}]},{"@type":"ImageObject","inLanguage":"es-CO","@id":"https:\/\/tuguia.combarranquilla.co\/Revista\/como-la-formacion-tecnica-abre-oportunidades-para-jovenes-y-adultos\/#primaryimage","url":"https:\/\/tuguia.combarranquilla.co\/Revista\/wp-content\/uploads\/2025\/01\/DSC_1089-scaled.jpg","contentUrl":"https:\/\/tuguia.combarranquilla.co\/Revista\/wp-content\/uploads\/2025\/01\/DSC_1089-scaled.jpg","width":2560,"height":1707},{"@type":"BreadcrumbList","@id":"https:\/\/tuguia.combarranquilla.co\/Revista\/como-la-formacion-tecnica-abre-oportunidades-para-jovenes-y-adultos\/#breadcrumb","itemListElement":[{"@type":"ListItem","position":1,"name":"Inicio","item":"https:\/\/tuguia.combarranquilla.co\/Revista\/"},{"@type":"ListItem","position":2,"name":"\u00bfC\u00f3mo la formaci\u00f3n t\u00e9cnica abre oportunidades para j\u00f3venes y adultos?"}]},{"@type":"WebSite","@id":"https:\/\/tuguia.combarranquilla.co\/Revista\/#website","url":"https:\/\/tuguia.combarranquilla.co\/Revista\/","name":"Tu Gu\u00eda","description":"La revista donde lo tienes todo.","publisher":{"@id":"https:\/\/tuguia.combarranquilla.co\/Revista\/#organization"},"alternateName":"Tu Gu\u00eda Combarranquilla","potentialAction":[{"@type":"SearchAction","target":{"@type":"EntryPoint","urlTemplate":"https:\/\/tuguia.combarranquilla.co\/Revista\/?s={search_term_string}"},"query-input":{"@type":"PropertyValueSpecification","valueRequired":true,"valueName":"search_term_string"}}],"inLanguage":"es-CO"},{"@type":"Organization","@id":"https:\/\/tuguia.combarranquilla.co\/Revista\/#organization","name":"Tu Gu\u00eda Combarranquilla","url":"https:\/\/tuguia.combarranquilla.co\/Revista\/","logo":{"@type":"ImageObject","inLanguage":"es-CO","@id":"https:\/\/tuguia.combarranquilla.co\/Revista\/#\/schema\/logo\/image\/","url":"https:\/\/tuguia.combarranquilla.co\/Revista\/wp-content\/uploads\/2022\/02\/logo-guia-combarranquilla.svg","contentUrl":"https:\/\/tuguia.combarranquilla.co\/Revista\/wp-content\/uploads\/2022\/02\/logo-guia-combarranquilla.svg","caption":"Tu Gu\u00eda Combarranquilla"},"image":{"@id":"https:\/\/tuguia.combarranquilla.co\/Revista\/#\/schema\/logo\/image\/"}},{"@type":"Person","@id":"https:\/\/tuguia.combarranquilla.co\/Revista\/#\/schema\/person\/c2c396a77170bd1d5f8ba73294eb0d10","name":"Comunicaciones Combarranquilla","image":{"@type":"ImageObject","inLanguage":"es-CO","@id":"https:\/\/tuguia.combarranquilla.co\/Revista\/wp-content\/uploads\/2025\/05\/ABC-Al-Rojo-Logo-96x96.jpg","url":"https:\/\/tuguia.combarranquilla.co\/Revista\/wp-content\/uploads\/2025\/05\/ABC-Al-Rojo-Logo-96x96.jpg","contentUrl":"https:\/\/tuguia.combarranquilla.co\/Revista\/wp-content\/uploads\/2025\/05\/ABC-Al-Rojo-Logo-96x96.jpg","caption":"Comunicaciones Combarranquilla"},"sameAs":["https:\/\/www.combarranquilla.co"],"url":"https:\/\/tuguia.combarranquilla.co\/Revista\/author\/comunicaciones\/"}]}},"_links":{"self":[{"href":"https:\/\/tuguia.combarranquilla.co\/Revista\/wp-json\/wp\/v2\/posts\/5610","targetHints":{"allow":["GET"]}}],"collection":[{"href":"https:\/\/tuguia.combarranquilla.co\/Revista\/wp-json\/wp\/v2\/posts"}],"about":[{"href":"https:\/\/tuguia.combarranquilla.co\/Revista\/wp-json\/wp\/v2\/types\/post"}],"author":[{"embeddable":true,"href":"https:\/\/tuguia.combarranquilla.co\/Revista\/wp-json\/wp\/v2\/users\/2"}],"replies":[{"embeddable":true,"href":"https:\/\/tuguia.combarranquilla.co\/Revista\/wp-json\/wp\/v2\/comments?post=5610"}],"version-history":[{"count":5,"href":"https:\/\/tuguia.combarranquilla.co\/Revista\/wp-json\/wp\/v2\/posts\/5610\/revisions"}],"predecessor-version":[{"id":5634,"href":"https:\/\/tuguia.combarranquilla.co\/Revista\/wp-json\/wp\/v2\/posts\/5610\/revisions\/5634"}],"wp:featuredmedia":[{"embeddable":true,"href":"https:\/\/tuguia.combarranquilla.co\/Revista\/wp-json\/wp\/v2\/media\/5629"}],"wp:attachment":[{"href":"https:\/\/tuguia.combarranquilla.co\/Revista\/wp-json\/wp\/v2\/media?parent=5610"}],"wp:term":[{"taxonomy":"category","embeddable":true,"href":"https:\/\/tuguia.combarranquilla.co\/Revista\/wp-json\/wp\/v2\/categories?post=5610"},{"taxonomy":"post_tag","embeddable":true,"href":"https:\/\/tuguia.combarranquilla.co\/Revista\/wp-json\/wp\/v2\/tags?post=5610"}],"curies":[{"name":"wp","href":"https:\/\/api.w.org\/{rel}","templated":true}]}}